{"id":62519,"date":"2025-04-23T12:07:17","date_gmt":"2025-04-23T10:07:17","guid":{"rendered":"https:\/\/www.rassegnastampa-totustuus.it\/cattolica\/?p=62519"},"modified":"2025-04-23T12:07:19","modified_gmt":"2025-04-23T10:07:19","slug":"laltro-25-aprile-che-la-sinistra-non-racconta","status":"publish","type":"post","link":"https:\/\/www.rassegnastampa-totustuus.it\/cattolica\/laltro-25-aprile-che-la-sinistra-non-racconta\/","title":{"rendered":"L&#8217;altro 25 aprile che la sinistra non racconta"},"content":{"rendered":"\n<p class=\"has-text-align-center\"><strong><a href=\"https:\/\/www.liberoquotidiano.it\/\" target=\"_blank\" rel=\"noreferrer noopener\">Libero <\/a><\/strong>marted\u00ec 15 aprile 2025<\/p>\n\n\n\n<h3 class=\"wp-block-heading has-text-align-center\">L&#8217;altro 25 aprile le storie della Liberazione che la sinistra non racconta<\/h3>\n\n\n\n<p><em>La Resistenza non \u00e8 un monolite sotto presidio ferreo di autoproclamati gendarmi della memoria, intangibile e inscalfibile, bens\u00ec un prisma che riflette luci e ombre del periodo 1943-45<\/em><\/p>\n\n\n\n<p class=\"has-text-align-center\">di<strong>Marco Patricelli<\/strong><\/p>\n\n\n<div class=\"wp-block-image\">\n<figure class=\"aligncenter size-full is-resized\"><a href=\"https:\/\/www.rassegnastampa-totustuus.it\/cattolica\/wp-content\/uploads\/2025\/04\/Italiani_prigionieri_II_Guerra.jpg\"><img loading=\"lazy\" decoding=\"async\" width=\"220\" height=\"138\" src=\"https:\/\/www.rassegnastampa-totustuus.it\/cattolica\/wp-content\/uploads\/2025\/04\/Italiani_prigionieri_II_Guerra.jpg\" alt=\"\" class=\"wp-image-62520\" style=\"width:392px;height:auto\"\/><\/a><\/figure><\/div>\n\n\n<!--more-->\n\n\n\n<p><em>C\u2019\u00e8 un altro 25 aprile, ben diverso dalla narrazione della mitizzata Resistenza. Libero ha pertanto scelto di accompagnare i lettori all\u2019appuntamento con la Liberazione raccontando fatti e persone che la sinistra e la vulgata partigiana hanno a lungo sottaciuto per interessi politici.<\/em><\/p>\n\n\n\n<p>La Resistenza non \u00e8 un canto gregoriano e tutti devono per forza intonarsi alla stessa altezza, ma una polifonia in cui le note devono essere consonanti anche in senso verticale. Nell\u2019unisono piatto della vulgata resistenziale ogni nota fuori dalla monodia \u00e8 invece percepita come estranea e dissonante, pur essendo in partitura secondo le inflessibili regole del contrappunto fissate dalla storia, che non vive n\u00e9 prospera sulle omissioni e sulle manipolazioni ideologiche.<\/p>\n\n\n\n<p>Dopo 80 anni di messa cantata, rivedere la narrazione in maniera complementare e completante non suona affatto come un\u2019eresia. La Resistenza non \u00e8 infatti un monolite sotto presidio ferreo di autoproclamati gendarmi della memoria, intangibile e inscalfibile, bens\u00ec un prisma che riflette luci e ombre del periodo 1943-45, il pi\u00f9 lacerante della storia italiana perch\u00e9 insanguinato dalla guerra civile.<\/p>\n\n\n\n<p>La Resistenza non \u00e8 affare di qualcuno n\u00e9 monopolio di nessuno, ma patrimonio di tutti, e occorre ripensare in profondit\u00e0 la scelta compiacente di una certa politica, miope o interessata, di lasciare a certe correnti di pensiero monotematico di scorrere liberamente nel fiume della storia, intorbidandone le acque con aggiustamenti e rimodulazioni. E, soprattutto, postulati indiscutibili e manicheismi rigidi. Non c\u2019\u00e8 stata una sola Resistenza, ma ce ne sono state tante, non sempre sovrapponibili, con forme, energie e finalit\u00e0 diverse.<\/p>\n\n\n\n<h4 class=\"wp-block-heading has-text-align-center\"><strong>LO SFASCIO POST 8 SETTEMBRE<\/strong><\/h4>\n\n\n<div class=\"wp-block-image\">\n<figure class=\"aligncenter size-large is-resized\"><a href=\"https:\/\/www.rassegnastampa-totustuus.it\/cattolica\/wp-content\/uploads\/2019\/06\/8_settembre_43.jpg\"><img loading=\"lazy\" decoding=\"async\" width=\"1024\" height=\"768\" src=\"https:\/\/www.rassegnastampa-totustuus.it\/cattolica\/wp-content\/uploads\/2019\/06\/8_settembre_43-1024x768.jpg\" alt=\"\" class=\"wp-image-43370\" style=\"width:452px;height:auto\" srcset=\"https:\/\/www.rassegnastampa-totustuus.it\/cattolica\/wp-content\/uploads\/2019\/06\/8_settembre_43-1024x768.jpg 1024w, https:\/\/www.rassegnastampa-totustuus.it\/cattolica\/wp-content\/uploads\/2019\/06\/8_settembre_43-300x225.jpg 300w, https:\/\/www.rassegnastampa-totustuus.it\/cattolica\/wp-content\/uploads\/2019\/06\/8_settembre_43-768x576.jpg 768w, https:\/\/www.rassegnastampa-totustuus.it\/cattolica\/wp-content\/uploads\/2019\/06\/8_settembre_43.jpg 1200w\" sizes=\"auto, (max-width: 1024px) 100vw, 1024px\" \/><\/a><\/figure><\/div>\n\n\n<p><em>Libero<\/em> ha scelto pertanto di accompagnare i lettori all\u2019appuntamento del 25 aprile riportando l\u2019attenzione su aspetti della Resistenza sottaciuti, tenuti in ombra o appena sfiorati dalla narrazione della Liberazione. A partire dal fatto che senza lo sfascio del 9 settembre 1943 e l\u2019implosione di uno Stato che aveva firmato la resa incondizionata con due milioni e mezzo di italiani in uniforme, racconteremmo un\u2019altra storia, probabilmente solo quella della resistenza ai tedeschi invasori, per ricacciarli al di l\u00e0 delle Alpi.<\/p>\n\n\n\n<p>La prima forma di reazione, a caldo, fu antitedesca e dunque nazionale, non politica. La frattura con la dittatura si era gi\u00e0 consumata il 25 luglio, in maniera pressoch\u00e9 indolore: i fascisti erano diventati antifascisti allo stesso modo in cui la Polizia aveva sostituito i fascetti al bavero con le stellette e la Milizia si era messa come un sol uomo agli ordini del Maresciallo Pietro Badoglio. A neppure un ex o post fascista era venuto in mente di liberare il Duce, neanche ai teoricamente fedelissimi della Divisione M addestrati e armati dai tedeschi.<\/p>\n\n\n\n<p>Dal fascio allo sfascio, ai fili recisi della catena di comando per la vergognosa fuga di Pescara, che mette a nudo inconsistenza e incapacit\u00e0 della classe dirigente. Un solo generale, Ferrante Vincenzo Gonzaga del Vodice, muore l\u20198 settembre 1943, anche se per via documentale non sappiamo se per suicidio, in combattimento, o assassinato dai tedeschi ai quali si oppose in virt\u00f9 del suo nome e del suo onore militare. Non fu questa resistenza?<\/p>\n\n\n\n<p>E come definire i Granatieri di Sardegna del generale Gioachino Solinas? Ai tedeschi che gli ponevano un ultimatum gliene diede uno lui prima di farli prendere a cannonate dai suoi militari che, adeguatamente guidati, combatterono subito e bene. Ma Solinas, che fece il suo dovere di soldato, non si ricorda; anzi, non si deve proprio ricordare, perch\u00e9 aveva fatto la Marcia su Roma, era sciarpa littoria e poi aderir\u00e0 alla Repubblica di Sal\u00f2. Insomma, era fascista.<\/p>\n\n\n\n<p>Il generale Nicola Bellomo attacc\u00f2 il 9 settembre i tedeschi salvando il porto di Bari: verr\u00e0 fucilato dagli inglesi perch\u00e9 ritenuto colpevole di accuse che gli stessi corrispondenti britannici durante il processo ritennero pretestuose e inconsistenti. Bellomo fu fatto dimettere dall\u2019esercito per poter consentire a Badoglio di lavarsene le mani in quanto non pi\u00f9 militare ma civile. Una vergogna da non divulgare. La riabilitazione arriv\u00f2 postuma perch\u00e9 il generale, con dignit\u00e0, rifiut\u00f2 di firmare la domanda di grazia. Non fu resistenza, questa?<\/p>\n\n\n\n<p>Nell\u2019Egeo la divisione Acqui combatt\u00e9 contro l\u2019ex alleato tedesco, per volont\u00e0 della truppa e di alcuni ufficiali dei quadri intermedi, seppur con l\u2019equivoco del referendum del generale Antonio Gandin: un generale comanda, impartisce gli ordini e ne riceve, non fa il democratico dopo venti annidi dittatura. Era il generale al quale Mussolini aveva pensato di affidare il comando dell\u2019esercito repubblichino e finir\u00e0 fucilato assieme ai suoi ufficiali nella mattanza della vendetta tedesca su ordine diretto di Hitler.<\/p>\n\n\n\n<p>Per decenni questa resistenza con le stellette \u00e8 stata ignorata e taciuta, e non a caso, mentre in Italia e all\u2019estero soldati senza pi\u00f9 la bussola gerarchica e con la sola stella polare dell\u2019onore si arrangiavano per non finire rinchiusi nelle tradotte dirette nei lager nazisti, per riguadagnare la via di casa, e per riscattare l\u2019onore nazionale prendendo la via delle montagne. Non furono tutti resistenti, a partire dai 650.000 internati militari che rifiutarono di rinnegare il giuramento al Re e di sostituirlo con quello a Mussolini e Hitler a prezzo di immani privazioni e sofferenze?<\/p>\n\n\n\n<p>Divennero invece simbolo di sconfitta, non di dignit\u00e0, perch\u00e9 ci voleva molto pi\u00f9 coraggio a rimanere nei lager che tornare in Italia e disertare alla prima occasione. I primi a resistere furono proprio i militari, e non solo perch\u00e9 avevano le armi e le sapevano usare. I Carabinieri ne nascosero altre e restarono a presidio del territorio e a tutela della popolazione in balia di uno spietato occupante e del fascismo redivivo.<\/p>\n\n\n\n<p class=\"has-text-align-center\"><strong>LA PRIMA BATTAGLIA<\/strong><\/p>\n\n\n<div class=\"wp-block-image\">\n<figure class=\"aligncenter size-full\"><a href=\"https:\/\/www.rassegnastampa-totustuus.it\/cattolica\/wp-content\/uploads\/2025\/04\/ettore_bianco_guerra_Italia.jpg\"><img loading=\"lazy\" decoding=\"async\" width=\"361\" height=\"352\" src=\"https:\/\/www.rassegnastampa-totustuus.it\/cattolica\/wp-content\/uploads\/2025\/04\/ettore_bianco_guerra_Italia.jpg\" alt=\"\" class=\"wp-image-62521\"\/><\/a><\/figure><\/div>\n\n\n<p>La prima battaglia campale della Resistenza fu combattuta a Bosco Martese, nella montagna di Teramo, da militari agli ordini del capitano dei Carabinieri Ettore Bianco, il 25 settembre 1943. Vinsero loro, dopo tre ore di scontri con la Wehrmacht. Per far battere bene gli italiani ci voleva una motivazione che il fascismo non sapeva e non poteva dare: un conto \u00e8 la guerra col popolo, un\u2019altra la guerra senza il popolo, e un\u2019altra ancora la guerra contro il popolo.<\/p>\n\n\n\n<p>Ma il popolo non fu protagonista della Resistenza come non lo era stato nel Risorgimento. Non fu fenomeno di massa e Renzo De Felice ricorse con efficacia alla suggestiva immagine della zona grigia, che and\u00f2 a cozzare contro la narrazione ideologia di bianco e di nero e gli fece piovere sul capo critiche feroci e ingiuste.<\/p>\n\n\n\n<p>I partigiani non liberarono l\u2019Italia, perch\u00e9 non ne avevano n\u00e9 la forza, n\u00e9 la consistenza numerica n\u00e9 la possibilit\u00e0. Furono una faccia della medaglia della libert\u00e0 che la vulgata resistenziale pensa di lustrare con la retorica, quando invece ne consuma il volto svilendone il valore.<\/p>\n","protected":false},"excerpt":{"rendered":"<p>Libero marted\u00ec 15 aprile 2025 L&#8217;altro 25 aprile le storie della Liberazione che la sinistra non racconta La Resistenza non \u00e8 un monolite sotto presidio ferreo di autoproclamati gendarmi della memoria, intangibile e inscalfibile, bens\u00ec un prisma che riflette luci e ombre del periodo 1943-45 diMarco Patricelli<\/p><p><a class=\"more-link btn\" href=\"https:\/\/www.rassegnastampa-totustuus.it\/cattolica\/laltro-25-aprile-che-la-sinistra-non-racconta\/\">Continua a leggere<\/a><\/p>\n","protected":false},"author":6,"featured_media":43370,"comment_status":"closed","ping_status":"closed","sticky":false,"template":"","format":"standard","meta":{"footnotes":""},"categories":[100,24,96],"tags":[1233,628,3148],"class_list":["post-62519","post","type-post","status-publish","format-standard","has-post-thumbnail","hentry","category-resistenza","category-storia","category-storia-italiana","tag-25-aprile","tag-8-settembre","tag-soldati-italiani","item-wrap"],"yoast_head":"<!-- This site is optimized with the Yoast SEO plugin v27.5 - https:\/\/yoast.com\/product\/yoast-seo-wordpress\/ -->\n<title>L&#039;altro 25 aprile che la sinistra non racconta - Rassegna Stampa Cattolica<\/title>\n<meta name=\"description\" content=\"L&#039;altro 25 aprile che la sinistra non racconta. La Resistenza \u00e8 un prisma che riflette luci e ombre del periodo 1943-45\" \/>\n<meta name=\"robots\" content=\"index, follow, max-snippet:-1, max-image-preview:large, max-video-preview:-1\" \/>\n<link rel=\"canonical\" href=\"https:\/\/www.rassegnastampa-totustuus.it\/cattolica\/laltro-25-aprile-che-la-sinistra-non-racconta\/\" \/>\n<meta property=\"og:locale\" content=\"it_IT\" \/>\n<meta property=\"og:type\" content=\"article\" \/>\n<meta property=\"og:title\" content=\"L&#039;altro 25 aprile che la sinistra non racconta - Rassegna Stampa Cattolica\" \/>\n<meta property=\"og:description\" content=\"L&#039;altro 25 aprile che la sinistra non racconta. La Resistenza \u00e8 un prisma che riflette luci e ombre del periodo 1943-45\" \/>\n<meta property=\"og:url\" content=\"https:\/\/www.rassegnastampa-totustuus.it\/cattolica\/laltro-25-aprile-che-la-sinistra-non-racconta\/\" \/>\n<meta property=\"og:site_name\" content=\"Rassegna Stampa Cattolica\" \/>\n<meta property=\"article:publisher\" content=\"https:\/\/www.facebook.com\/rassegnastampacattolica\" \/>\n<meta property=\"article:published_time\" content=\"2025-04-23T10:07:17+00:00\" \/>\n<meta property=\"article:modified_time\" content=\"2025-04-23T10:07:19+00:00\" \/>\n<meta property=\"og:image\" content=\"https:\/\/www.rassegnastampa-totustuus.it\/cattolica\/wp-content\/uploads\/2019\/06\/8_settembre_43.jpg\" \/>\n\t<meta property=\"og:image:width\" content=\"1200\" \/>\n\t<meta property=\"og:image:height\" content=\"900\" \/>\n\t<meta property=\"og:image:type\" content=\"image\/jpeg\" \/>\n<meta name=\"author\" content=\"Redazione\" \/>\n<meta name=\"twitter:card\" content=\"summary_large_image\" \/>\n<meta name=\"twitter:creator\" content=\"@rassegnastampa9\" \/>\n<meta name=\"twitter:site\" content=\"@rassegnastampa9\" \/>\n<meta name=\"twitter:label1\" content=\"Scritto da\" \/>\n\t<meta name=\"twitter:data1\" content=\"Redazione\" \/>\n\t<meta name=\"twitter:label2\" content=\"Tempo di lettura stimato\" \/>\n\t<meta name=\"twitter:data2\" content=\"7 minuti\" \/>\n<script type=\"application\/ld+json\" class=\"yoast-schema-graph\">{\"@context\":\"https:\\\/\\\/schema.org\",\"@graph\":[{\"@type\":\"Article\",\"@id\":\"https:\\\/\\\/www.rassegnastampa-totustuus.it\\\/cattolica\\\/laltro-25-aprile-che-la-sinistra-non-racconta\\\/#article\",\"isPartOf\":{\"@id\":\"https:\\\/\\\/www.rassegnastampa-totustuus.it\\\/cattolica\\\/laltro-25-aprile-che-la-sinistra-non-racconta\\\/\"},\"author\":{\"name\":\"Redazione\",\"@id\":\"https:\\\/\\\/www.rassegnastampa-totustuus.it\\\/cattolica\\\/#\\\/schema\\\/person\\\/08f319d2bd1a0904ad9e2bfb7b15e5c3\"},\"headline\":\"L&#8217;altro 25 aprile che la sinistra non racconta\",\"datePublished\":\"2025-04-23T10:07:17+00:00\",\"dateModified\":\"2025-04-23T10:07:19+00:00\",\"mainEntityOfPage\":{\"@id\":\"https:\\\/\\\/www.rassegnastampa-totustuus.it\\\/cattolica\\\/laltro-25-aprile-che-la-sinistra-non-racconta\\\/\"},\"wordCount\":1141,\"publisher\":{\"@id\":\"https:\\\/\\\/www.rassegnastampa-totustuus.it\\\/cattolica\\\/#organization\"},\"image\":{\"@id\":\"https:\\\/\\\/www.rassegnastampa-totustuus.it\\\/cattolica\\\/laltro-25-aprile-che-la-sinistra-non-racconta\\\/#primaryimage\"},\"thumbnailUrl\":\"https:\\\/\\\/www.rassegnastampa-totustuus.it\\\/cattolica\\\/wp-content\\\/uploads\\\/2019\\\/06\\\/8_settembre_43.jpg\",\"keywords\":[\"25 aprile\",\"8 settembre\",\"soldati italiani\"],\"articleSection\":[\"Resistenza\",\"Storia\",\"Storia italiana\"],\"inLanguage\":\"it-IT\"},{\"@type\":\"WebPage\",\"@id\":\"https:\\\/\\\/www.rassegnastampa-totustuus.it\\\/cattolica\\\/laltro-25-aprile-che-la-sinistra-non-racconta\\\/\",\"url\":\"https:\\\/\\\/www.rassegnastampa-totustuus.it\\\/cattolica\\\/laltro-25-aprile-che-la-sinistra-non-racconta\\\/\",\"name\":\"L'altro 25 aprile che la sinistra non racconta - Rassegna Stampa Cattolica\",\"isPartOf\":{\"@id\":\"https:\\\/\\\/www.rassegnastampa-totustuus.it\\\/cattolica\\\/#website\"},\"primaryImageOfPage\":{\"@id\":\"https:\\\/\\\/www.rassegnastampa-totustuus.it\\\/cattolica\\\/laltro-25-aprile-che-la-sinistra-non-racconta\\\/#primaryimage\"},\"image\":{\"@id\":\"https:\\\/\\\/www.rassegnastampa-totustuus.it\\\/cattolica\\\/laltro-25-aprile-che-la-sinistra-non-racconta\\\/#primaryimage\"},\"thumbnailUrl\":\"https:\\\/\\\/www.rassegnastampa-totustuus.it\\\/cattolica\\\/wp-content\\\/uploads\\\/2019\\\/06\\\/8_settembre_43.jpg\",\"datePublished\":\"2025-04-23T10:07:17+00:00\",\"dateModified\":\"2025-04-23T10:07:19+00:00\",\"description\":\"L'altro 25 aprile che la sinistra non racconta. La Resistenza \u00e8 un prisma che riflette luci e ombre del periodo 1943-45\",\"breadcrumb\":{\"@id\":\"https:\\\/\\\/www.rassegnastampa-totustuus.it\\\/cattolica\\\/laltro-25-aprile-che-la-sinistra-non-racconta\\\/#breadcrumb\"},\"inLanguage\":\"it-IT\",\"potentialAction\":[{\"@type\":\"ReadAction\",\"target\":[\"https:\\\/\\\/www.rassegnastampa-totustuus.it\\\/cattolica\\\/laltro-25-aprile-che-la-sinistra-non-racconta\\\/\"]}]},{\"@type\":\"ImageObject\",\"inLanguage\":\"it-IT\",\"@id\":\"https:\\\/\\\/www.rassegnastampa-totustuus.it\\\/cattolica\\\/laltro-25-aprile-che-la-sinistra-non-racconta\\\/#primaryimage\",\"url\":\"https:\\\/\\\/www.rassegnastampa-totustuus.it\\\/cattolica\\\/wp-content\\\/uploads\\\/2019\\\/06\\\/8_settembre_43.jpg\",\"contentUrl\":\"https:\\\/\\\/www.rassegnastampa-totustuus.it\\\/cattolica\\\/wp-content\\\/uploads\\\/2019\\\/06\\\/8_settembre_43.jpg\",\"width\":1200,\"height\":900},{\"@type\":\"BreadcrumbList\",\"@id\":\"https:\\\/\\\/www.rassegnastampa-totustuus.it\\\/cattolica\\\/laltro-25-aprile-che-la-sinistra-non-racconta\\\/#breadcrumb\",\"itemListElement\":[{\"@type\":\"ListItem\",\"position\":1,\"name\":\"Home\",\"item\":\"https:\\\/\\\/www.rassegnastampa-totustuus.it\\\/cattolica\\\/\"},{\"@type\":\"ListItem\",\"position\":2,\"name\":\"L&#8217;altro 25 aprile che la sinistra non racconta\"}]},{\"@type\":\"WebSite\",\"@id\":\"https:\\\/\\\/www.rassegnastampa-totustuus.it\\\/cattolica\\\/#website\",\"url\":\"https:\\\/\\\/www.rassegnastampa-totustuus.it\\\/cattolica\\\/\",\"name\":\"Rassegna Stampa Cattolica\",\"description\":\"Per una cultura che nasce dalla Rivelazione cristiana in conformit\u00e0 alla tradizione e al Magistero della Chiesa in opposizione ad ogni relativismo e totalitarismo\",\"publisher\":{\"@id\":\"https:\\\/\\\/www.rassegnastampa-totustuus.it\\\/cattolica\\\/#organization\"},\"alternateName\":\"Rass. Cattolica\",\"potentialAction\":[{\"@type\":\"SearchAction\",\"target\":{\"@type\":\"EntryPoint\",\"urlTemplate\":\"https:\\\/\\\/www.rassegnastampa-totustuus.it\\\/cattolica\\\/?s={search_term_string}\"},\"query-input\":{\"@type\":\"PropertyValueSpecification\",\"valueRequired\":true,\"valueName\":\"search_term_string\"}}],\"inLanguage\":\"it-IT\"},{\"@type\":\"Organization\",\"@id\":\"https:\\\/\\\/www.rassegnastampa-totustuus.it\\\/cattolica\\\/#organization\",\"name\":\"Rassegna Stampa Cattolica\",\"url\":\"https:\\\/\\\/www.rassegnastampa-totustuus.it\\\/cattolica\\\/\",\"logo\":{\"@type\":\"ImageObject\",\"inLanguage\":\"it-IT\",\"@id\":\"https:\\\/\\\/www.rassegnastampa-totustuus.it\\\/cattolica\\\/#\\\/schema\\\/logo\\\/image\\\/\",\"url\":\"https:\\\/\\\/www.rassegnastampa-totustuus.it\\\/cattolica\\\/wp-content\\\/uploads\\\/2014\\\/04\\\/logo-rassegna1.gif\",\"contentUrl\":\"https:\\\/\\\/www.rassegnastampa-totustuus.it\\\/cattolica\\\/wp-content\\\/uploads\\\/2014\\\/04\\\/logo-rassegna1.gif\",\"width\":600,\"height\":163,\"caption\":\"Rassegna Stampa Cattolica\"},\"image\":{\"@id\":\"https:\\\/\\\/www.rassegnastampa-totustuus.it\\\/cattolica\\\/#\\\/schema\\\/logo\\\/image\\\/\"},\"sameAs\":[\"https:\\\/\\\/www.facebook.com\\\/rassegnastampacattolica\",\"https:\\\/\\\/x.com\\\/rassegnastampa9\"]},{\"@type\":\"Person\",\"@id\":\"https:\\\/\\\/www.rassegnastampa-totustuus.it\\\/cattolica\\\/#\\\/schema\\\/person\\\/08f319d2bd1a0904ad9e2bfb7b15e5c3\",\"name\":\"Redazione\",\"image\":{\"@type\":\"ImageObject\",\"inLanguage\":\"it-IT\",\"@id\":\"https:\\\/\\\/secure.gravatar.com\\\/avatar\\\/2fcdf27c78ea025fbdb44e914cc63c72249ffec9dc8aafd5c82b26240ef3f346?s=96&d=mm&r=g\",\"url\":\"https:\\\/\\\/secure.gravatar.com\\\/avatar\\\/2fcdf27c78ea025fbdb44e914cc63c72249ffec9dc8aafd5c82b26240ef3f346?s=96&d=mm&r=g\",\"contentUrl\":\"https:\\\/\\\/secure.gravatar.com\\\/avatar\\\/2fcdf27c78ea025fbdb44e914cc63c72249ffec9dc8aafd5c82b26240ef3f346?s=96&d=mm&r=g\",\"caption\":\"Redazione\"},\"url\":\"https:\\\/\\\/www.rassegnastampa-totustuus.it\\\/cattolica\\\/author\\\/pietroelle\\\/\"}]}<\/script>\n<!-- \/ Yoast SEO plugin. -->","yoast_head_json":{"title":"L'altro 25 aprile che la sinistra non racconta - Rassegna Stampa Cattolica","description":"L'altro 25 aprile che la sinistra non racconta. La Resistenza \u00e8 un prisma che riflette luci e ombre del periodo 1943-45","robots":{"index":"index","follow":"follow","max-snippet":"max-snippet:-1","max-image-preview":"max-image-preview:large","max-video-preview":"max-video-preview:-1"},"canonical":"https:\/\/www.rassegnastampa-totustuus.it\/cattolica\/laltro-25-aprile-che-la-sinistra-non-racconta\/","og_locale":"it_IT","og_type":"article","og_title":"L'altro 25 aprile che la sinistra non racconta - Rassegna Stampa Cattolica","og_description":"L'altro 25 aprile che la sinistra non racconta. La Resistenza \u00e8 un prisma che riflette luci e ombre del periodo 1943-45","og_url":"https:\/\/www.rassegnastampa-totustuus.it\/cattolica\/laltro-25-aprile-che-la-sinistra-non-racconta\/","og_site_name":"Rassegna Stampa Cattolica","article_publisher":"https:\/\/www.facebook.com\/rassegnastampacattolica","article_published_time":"2025-04-23T10:07:17+00:00","article_modified_time":"2025-04-23T10:07:19+00:00","og_image":[{"width":1200,"height":900,"url":"https:\/\/www.rassegnastampa-totustuus.it\/cattolica\/wp-content\/uploads\/2019\/06\/8_settembre_43.jpg","type":"image\/jpeg"}],"author":"Redazione","twitter_card":"summary_large_image","twitter_creator":"@rassegnastampa9","twitter_site":"@rassegnastampa9","twitter_misc":{"Scritto da":"Redazione","Tempo di lettura stimato":"7 minuti"},"schema":{"@context":"https:\/\/schema.org","@graph":[{"@type":"Article","@id":"https:\/\/www.rassegnastampa-totustuus.it\/cattolica\/laltro-25-aprile-che-la-sinistra-non-racconta\/#article","isPartOf":{"@id":"https:\/\/www.rassegnastampa-totustuus.it\/cattolica\/laltro-25-aprile-che-la-sinistra-non-racconta\/"},"author":{"name":"Redazione","@id":"https:\/\/www.rassegnastampa-totustuus.it\/cattolica\/#\/schema\/person\/08f319d2bd1a0904ad9e2bfb7b15e5c3"},"headline":"L&#8217;altro 25 aprile che la sinistra non racconta","datePublished":"2025-04-23T10:07:17+00:00","dateModified":"2025-04-23T10:07:19+00:00","mainEntityOfPage":{"@id":"https:\/\/www.rassegnastampa-totustuus.it\/cattolica\/laltro-25-aprile-che-la-sinistra-non-racconta\/"},"wordCount":1141,"publisher":{"@id":"https:\/\/www.rassegnastampa-totustuus.it\/cattolica\/#organization"},"image":{"@id":"https:\/\/www.rassegnastampa-totustuus.it\/cattolica\/laltro-25-aprile-che-la-sinistra-non-racconta\/#primaryimage"},"thumbnailUrl":"https:\/\/www.rassegnastampa-totustuus.it\/cattolica\/wp-content\/uploads\/2019\/06\/8_settembre_43.jpg","keywords":["25 aprile","8 settembre","soldati italiani"],"articleSection":["Resistenza","Storia","Storia italiana"],"inLanguage":"it-IT"},{"@type":"WebPage","@id":"https:\/\/www.rassegnastampa-totustuus.it\/cattolica\/laltro-25-aprile-che-la-sinistra-non-racconta\/","url":"https:\/\/www.rassegnastampa-totustuus.it\/cattolica\/laltro-25-aprile-che-la-sinistra-non-racconta\/","name":"L'altro 25 aprile che la sinistra non racconta - Rassegna Stampa Cattolica","isPartOf":{"@id":"https:\/\/www.rassegnastampa-totustuus.it\/cattolica\/#website"},"primaryImageOfPage":{"@id":"https:\/\/www.rassegnastampa-totustuus.it\/cattolica\/laltro-25-aprile-che-la-sinistra-non-racconta\/#primaryimage"},"image":{"@id":"https:\/\/www.rassegnastampa-totustuus.it\/cattolica\/laltro-25-aprile-che-la-sinistra-non-racconta\/#primaryimage"},"thumbnailUrl":"https:\/\/www.rassegnastampa-totustuus.it\/cattolica\/wp-content\/uploads\/2019\/06\/8_settembre_43.jpg","datePublished":"2025-04-23T10:07:17+00:00","dateModified":"2025-04-23T10:07:19+00:00","description":"L'altro 25 aprile che la sinistra non racconta. La Resistenza \u00e8 un prisma che riflette luci e ombre del periodo 1943-45","breadcrumb":{"@id":"https:\/\/www.rassegnastampa-totustuus.it\/cattolica\/laltro-25-aprile-che-la-sinistra-non-racconta\/#breadcrumb"},"inLanguage":"it-IT","potentialAction":[{"@type":"ReadAction","target":["https:\/\/www.rassegnastampa-totustuus.it\/cattolica\/laltro-25-aprile-che-la-sinistra-non-racconta\/"]}]},{"@type":"ImageObject","inLanguage":"it-IT","@id":"https:\/\/www.rassegnastampa-totustuus.it\/cattolica\/laltro-25-aprile-che-la-sinistra-non-racconta\/#primaryimage","url":"https:\/\/www.rassegnastampa-totustuus.it\/cattolica\/wp-content\/uploads\/2019\/06\/8_settembre_43.jpg","contentUrl":"https:\/\/www.rassegnastampa-totustuus.it\/cattolica\/wp-content\/uploads\/2019\/06\/8_settembre_43.jpg","width":1200,"height":900},{"@type":"BreadcrumbList","@id":"https:\/\/www.rassegnastampa-totustuus.it\/cattolica\/laltro-25-aprile-che-la-sinistra-non-racconta\/#breadcrumb","itemListElement":[{"@type":"ListItem","position":1,"name":"Home","item":"https:\/\/www.rassegnastampa-totustuus.it\/cattolica\/"},{"@type":"ListItem","position":2,"name":"L&#8217;altro 25 aprile che la sinistra non racconta"}]},{"@type":"WebSite","@id":"https:\/\/www.rassegnastampa-totustuus.it\/cattolica\/#website","url":"https:\/\/www.rassegnastampa-totustuus.it\/cattolica\/","name":"Rassegna Stampa Cattolica","description":"Per una cultura che nasce dalla Rivelazione cristiana in conformit\u00e0 alla tradizione e al Magistero della Chiesa in opposizione ad ogni relativismo e totalitarismo","publisher":{"@id":"https:\/\/www.rassegnastampa-totustuus.it\/cattolica\/#organization"},"alternateName":"Rass. Cattolica","potentialAction":[{"@type":"SearchAction","target":{"@type":"EntryPoint","urlTemplate":"https:\/\/www.rassegnastampa-totustuus.it\/cattolica\/?s={search_term_string}"},"query-input":{"@type":"PropertyValueSpecification","valueRequired":true,"valueName":"search_term_string"}}],"inLanguage":"it-IT"},{"@type":"Organization","@id":"https:\/\/www.rassegnastampa-totustuus.it\/cattolica\/#organization","name":"Rassegna Stampa Cattolica","url":"https:\/\/www.rassegnastampa-totustuus.it\/cattolica\/","logo":{"@type":"ImageObject","inLanguage":"it-IT","@id":"https:\/\/www.rassegnastampa-totustuus.it\/cattolica\/#\/schema\/logo\/image\/","url":"https:\/\/www.rassegnastampa-totustuus.it\/cattolica\/wp-content\/uploads\/2014\/04\/logo-rassegna1.gif","contentUrl":"https:\/\/www.rassegnastampa-totustuus.it\/cattolica\/wp-content\/uploads\/2014\/04\/logo-rassegna1.gif","width":600,"height":163,"caption":"Rassegna Stampa Cattolica"},"image":{"@id":"https:\/\/www.rassegnastampa-totustuus.it\/cattolica\/#\/schema\/logo\/image\/"},"sameAs":["https:\/\/www.facebook.com\/rassegnastampacattolica","https:\/\/x.com\/rassegnastampa9"]},{"@type":"Person","@id":"https:\/\/www.rassegnastampa-totustuus.it\/cattolica\/#\/schema\/person\/08f319d2bd1a0904ad9e2bfb7b15e5c3","name":"Redazione","image":{"@type":"ImageObject","inLanguage":"it-IT","@id":"https:\/\/secure.gravatar.com\/avatar\/2fcdf27c78ea025fbdb44e914cc63c72249ffec9dc8aafd5c82b26240ef3f346?s=96&d=mm&r=g","url":"https:\/\/secure.gravatar.com\/avatar\/2fcdf27c78ea025fbdb44e914cc63c72249ffec9dc8aafd5c82b26240ef3f346?s=96&d=mm&r=g","contentUrl":"https:\/\/secure.gravatar.com\/avatar\/2fcdf27c78ea025fbdb44e914cc63c72249ffec9dc8aafd5c82b26240ef3f346?s=96&d=mm&r=g","caption":"Redazione"},"url":"https:\/\/www.rassegnastampa-totustuus.it\/cattolica\/author\/pietroelle\/"}]}},"_links":{"self":[{"href":"https:\/\/www.rassegnastampa-totustuus.it\/cattolica\/wp-json\/wp\/v2\/posts\/62519","targetHints":{"allow":["GET"]}}],"collection":[{"href":"https:\/\/www.rassegnastampa-totustuus.it\/cattolica\/wp-json\/wp\/v2\/posts"}],"about":[{"href":"https:\/\/www.rassegnastampa-totustuus.it\/cattolica\/wp-json\/wp\/v2\/types\/post"}],"author":[{"embeddable":true,"href":"https:\/\/www.rassegnastampa-totustuus.it\/cattolica\/wp-json\/wp\/v2\/users\/6"}],"replies":[{"embeddable":true,"href":"https:\/\/www.rassegnastampa-totustuus.it\/cattolica\/wp-json\/wp\/v2\/comments?post=62519"}],"version-history":[{"count":1,"href":"https:\/\/www.rassegnastampa-totustuus.it\/cattolica\/wp-json\/wp\/v2\/posts\/62519\/revisions"}],"predecessor-version":[{"id":62522,"href":"https:\/\/www.rassegnastampa-totustuus.it\/cattolica\/wp-json\/wp\/v2\/posts\/62519\/revisions\/62522"}],"wp:featuredmedia":[{"embeddable":true,"href":"https:\/\/www.rassegnastampa-totustuus.it\/cattolica\/wp-json\/wp\/v2\/media\/43370"}],"wp:attachment":[{"href":"https:\/\/www.rassegnastampa-totustuus.it\/cattolica\/wp-json\/wp\/v2\/media?parent=62519"}],"wp:term":[{"taxonomy":"category","embeddable":true,"href":"https:\/\/www.rassegnastampa-totustuus.it\/cattolica\/wp-json\/wp\/v2\/categories?post=62519"},{"taxonomy":"post_tag","embeddable":true,"href":"https:\/\/www.rassegnastampa-totustuus.it\/cattolica\/wp-json\/wp\/v2\/tags?post=62519"}],"curies":[{"name":"wp","href":"https:\/\/api.w.org\/{rel}","templated":true}]}}