{"id":62476,"date":"2025-04-11T17:09:01","date_gmt":"2025-04-11T15:09:01","guid":{"rendered":"https:\/\/www.rassegnastampa-totustuus.it\/cattolica\/?p=62476"},"modified":"2025-04-11T17:09:03","modified_gmt":"2025-04-11T15:09:03","slug":"cammino-sinodale-quando-la-profezia-diventa-rivoluzione","status":"publish","type":"post","link":"https:\/\/www.rassegnastampa-totustuus.it\/cattolica\/cammino-sinodale-quando-la-profezia-diventa-rivoluzione\/","title":{"rendered":"Cammino sinodale: quando la \u201cprofezia\u201d diventa rivoluzione"},"content":{"rendered":"\n<p class=\"has-text-align-center\"><strong><a href=\"https:\/\/www.youtube.com\/@VistodaRoma\">Visto da Roma<\/a> <\/strong>6 Aprile 2025<\/p>\n\n\n\n<p class=\"has-text-align-center\">di <strong>Julio Loredo<\/strong><\/p>\n\n\n\n<p>L\u2019ultraprogressista Andrea Grillo ha esultato perch\u00e9 \u00ablo stanco, burocratico e spesso vuoto apparato della chiesa sinodale italiana \u00e8 stato disattivato\u00bb. Stava parlando della seconda assemblea sinodale delle chiese in Italia svoltasi la scorsa settimana nell\u2019Aula Palo VI nella Citt\u00e0 del Vaticano, proprio a due passi dal Papa convalescente nel vicino ospizio di Santa Marta.<\/p>\n\n\n<div class=\"wp-block-image\">\n<figure class=\"aligncenter size-full is-resized\"><a href=\"https:\/\/www.rassegnastampa-totustuus.it\/cattolica\/wp-content\/uploads\/2025\/04\/Chiesa_sinodo_logo.webp\"><img loading=\"lazy\" decoding=\"async\" width=\"1042\" height=\"561\" src=\"https:\/\/www.rassegnastampa-totustuus.it\/cattolica\/wp-content\/uploads\/2025\/04\/Chiesa_sinodo_logo.webp\" alt=\"\" class=\"wp-image-62477\" style=\"width:500px;height:auto\"\/><\/a><\/figure><\/div>\n\n\n<!--more-->\n\n\n\n<p>Questa assemblea offre una visione sconvolgente di come stiano funzionando certe cose nella Chiesa in questo pontificato. L\u2019assemblea ha visto la partecipazione di poco pi\u00f9 di mille delegati tra cui 7 cardinali, 168 vescovi e 253 sacerdoti. I laici erano invece la maggioranza: 442, comprese 277 donne. L\u2019assemblea doveva discutere e votare il documento conclusivo del percorso sinodale in Italia dal titolo: <em>Perch\u00e9 la gioia sia piena<\/em>. Doveva semplicemente approvare e consegnare alla Conferenza episcopale, che si riunir\u00e0 a Maggio, questo documento che sarebbe diventato normativo. Invece l\u2019assemblea si \u00e8 trasformata in un campo di battaglia tra le fazioni pi\u00f9 estreme del progressismo e certi vertici della Cei. Tutto \u00e8 saltato in aria e la decisione finale \u00e8 stata rimandata ad Ottobre.<\/p>\n\n\n\n<p>Il documento era stato preparato dal comitato nazionale del cammino sinodale, quello appunto accusato da Grillo di essere un apparato stanco, burocratico e vuoto; era quindi un documento sotto il controllo della Chiesa istituzionale, quella cio\u00e8 ancora governata dai vescovi. Contro il documento si \u00e8 sollevata un\u2019ondata di protesta nell\u2019aula: laici, preti e perfino qualche vescovo hanno fatto discorsi infiammati che tra gli applausi hanno accusato il documento di essere scialbo, troppo vago e privo di incisivit\u00e0. In particolare hanno accusato il documento di essere troppo vago e moderato sui temi pi\u00f9 sensibili, in particolare l\u2019apertura ai temi Lgbt, l\u2019ordinazione delle donne, la partecipazione al laicato nel governo della Chiesa, l\u2019inclusione radicale di tutti e via dicendo.<\/p>\n\n\n\n<p>Secondo Andrea Grillo il documento aveva depurato il dibattito da ogni \u201cprofezia\u201d. Ma cosa vuol dire la parola \u201cprofezia\u201d nella lingua di Grillo?<\/p>\n\n\n\n<p>Profezia nel linguaggio dei progressisti sarebbe l\u2019agenda delle fazioni radicali; pi\u00f9 sei a sinistra, pi\u00f9 sei profetico. Secondo Grillo il processo sinodale in Italia in quattro anni aveva raccolto molte preposizioni \u201cprofetiche\u201d, che per\u00f2 sono state accantonate dall\u2019apparato sinodale, incapace secondo lui di \u00abrestituire pressoch\u00e9 nulla di quello che era stato discusso e partecipato in quattro anni di impegno, di confronto, ascolto, dibattito e nelle molteplici e articolate stesure di assunti, prospettive e proposte\u00bb.<\/p>\n\n\n\n<p>Gli informatori di Grillo hanno verificato una sorta di eruzione vulcanica nell\u2019aula dell\u2019assemblea; cio\u00e8 una fortissima contestazione al documento. Scrive Grillo: \u00abCos\u00ec prima in una sequenza impressionante di interventi in aula e poi in due sedute di gruppi di lavoro \u00e8 emerso che non qualche particolare, ma tutto, proprio tutto, meritasse di essere riscritto, ripensato, rielaborato\u00bb.<\/p>\n\n\n\n<p>Davanti al fatto che alcuni media hanno parlato di ribellione dell\u2019assemblea, Grillo capovolge e dice che la ribellione \u00e8 stata fatta dai redattori del documento, cio\u00e8 dai vertici della Cei, spegnendo la <em>vox populi.<\/em> Non l\u2019hanno voluta sentire cos\u00ec come \u00e8 emersa nei quattro anni di cammino sinodale. Di fatti quasi tutte le cinquanta proposizioni del documento ufficiale sono state bocciate dall\u2019assemblea e tutto \u00e8 stato rimandato a Ottobre e probabilmente anche a Novembre.<\/p>\n\n\n\n<p>Scrive Grillo: \u00abL\u2019apparato aveva cercato di chiudere tutto ci\u00f2 che era aperto, di tacere tutto ci\u00f2 che era problematico, di addomesticare e sedare ogni moto d\u2019animo o di spirito\u00bb. Invece c\u2019\u00e8 stata la ribellione delle fazioni \u201cprofetiche\u201d e quindi Grillo ha esultato. Ma altre fonti informano che non tutti gli interventi in aula hanno avuto questo carattere progressista; anzi, alcuni interventi hanno si criticato il documento ma da una prospettiva opposta: lo consideravano troppo riformista. Meno male. Vedremo se queste informazioni saranno confermate.<\/p>\n\n\n\n<p>Comunque, come ho detto all\u2019inizio, questa seconda assemblea sinodale delle chiese in Italia \u2013 attenzione al plurale \u2013 ci mostra come stiano andando certe cose nella Chiesa dell\u2019attuale pontificato. Si appiattiranno i vescovi sullo <em>Zeitgeist<\/em> &#8211; spirito del tempo [n.d.r.]- del momento, non orientando il gregge con la sana dottrina, ma solo ascoltandolo in modo solo sociologico? D\u2019altronde siamo sicuri che queste voci radicali, \u201cprofetiche\u201d, siano davvero rappresentative del popolo di Dio?<\/p>\n\n\n\n<p>Se ammettiamo che queste minoranze rivoluzionarie rappresentano la <em>vera vox<\/em> populi corriamo il rischio di abbandonare ai lupi la stragrande maggioranza dei fedeli che invece mostra totale disinteresse, quando non ripudio, di tali temi sinodali.<\/p>\n\n\n\n<p><em>Affari italiani<\/em> riporta le seguenti parole di monsignor Elio Castellucci, presidente nazionale del Comitato per il cammino sinodale: \u00abAbbiamo ribadito che la Chiesa non \u00e8 composta da guide che ignorano il sentire del popolo tirando diritto come se avessero sempre ragione, cosa purtroppo molto diffusa oggi nelle tendenze sovraniste e dittatoriali. No, la Chiesa \u00e8 composta da guide chiamate a discernere l\u2019azione e la guida dello Spirito Santo nel popolo di Dio del quale fanno parte\u00bb. Ma non bisogna essere sovranisti n\u00e9 dittatoriali per affermare che il Magistero perenne della Chiesa, basato sulle sacre scritture e sulla tradizione, sostenga verit\u00e0 immutabili, non negoziabili, non condizionate dal voto di nessuna assemblea, per quanto popolare essa sia.<\/p>\n\n\n\n<p>Siamo sicuri che questi \u201cprofeti\u201d rappresentino il futuro? In realt\u00e0 \u00e8 roba del passato.<\/p>\n\n\n\n<p>Nei conturbati anni Sessanta, dopo il Concilio Vaticano II, apparvero in diversi paesi gi\u00e0 allora dei sedicenti gruppi \u201cprofetici\u201d. Anche loro portavano avanti l\u2019agenda ultraprogressista; allora furono denunciati tra i tanti dalla rivista inglese <em>Approaghes <\/em>e dalla spagnola <em>Ecclesia. <\/em>Nel 10960 il noto pensatorecattolico Plinio Correa de Oliveira scrissi un lungo saggio su questi gruppi \u201cprofetici\u201d nel quale affermava: \u00abPer i gruppi \u201cprofetici\u201d occorre democratizzare la Chiesa, disalienarla completamente dalla gerarchia. E\u2019 necessario costituire nella Chiesa un organo rappresentativo di fedeli che esprima ci\u00f2 che i carismi dicono nell\u2019intimo della loro coscienza. Chiaramente un organo elettivo che rappresenti la moltitudine; un organo che faccia gravare eccessivamente la sua volont\u00e0 sui gerarchi della Chiesa, i quali, \u00e8 ugualmente chiaro, da quel momento in poi dovranno essere eletti. A nostro avviso questa riforma della struttura della chiesa sostenuta dai gruppi \u201cprofetici\u201d pu\u00f2 essere vista solo come una tappa per la piena realizzazione dei loro obiettivi: l\u2019abolizione di qualsiasi gerarchia\u00bb.<\/p>\n\n\n\n<p>Questo \u00e8 stato scritto nel 1969, quasi sessant\u2019anni fa. Potete leggere lo studio completo <a href=\"https:\/\/www.atfp.it\/biblioteca\/saggi-di-plinio-correa-de-oliveira\/2071-comunismo-e-progressismo-verso-una-nuova-chiesa-2?highlight=WyJcdTAwYWJncnVwcGkiLCJncnVwcGkiLCJcdTIwMWNncnVwcGkiLCJncnVwcGlcdTIwMWQuIiwiZ3J1cHBpXHUyMDFkLCIsInNvdHRvZ3J1cHBpIiwicHJvZmV0aWNpXHUwMGJiIiwicHJvZmV0aWNpIiwicHJvZmV0aWNpXHUyMDFkLCIsInByb2ZldGljaVx1MjAxZCJd\">QUI<\/a>.<\/p>\n\n\n\n<p>Ci\u00f2 ci fa vedere quanto Grillo e i suoi complici \u201cprofetici\u201d siano in realt\u00e0 roba del passato, autentici indietristi il cui sogno ha forse ora una <em>chance<\/em> per realizzarsi. Sempre pi\u00f9 il cammino sinodale somiglia ad un processo rivoluzionario sinodale che attua un vecchio programma neomodernista teso a cambiare la struttura gerarchico-sacramentale della Chiesa.<\/p>\n\n\n\n<p>Si arriver\u00e0 al compimento di tutto il percorso intravisto dai gruppi \u201cprofetici\u201d? O prima, per intercessione della sua Madre Santissima, Ges\u00f9 Cristo dir\u00e0: basta; operando con la sua grazia divina in difesa dell\u2019unica Chiesa cattolica e apostolica, da lui fondata e strutturata?<\/p>\n","protected":false},"excerpt":{"rendered":"<p>Visto da Roma 6 Aprile 2025 di Julio Loredo L\u2019ultraprogressista Andrea Grillo ha esultato perch\u00e9 \u00ablo stanco, burocratico e spesso vuoto apparato della chiesa sinodale italiana \u00e8 stato disattivato\u00bb. Stava parlando della seconda assemblea sinodale delle chiese in Italia svoltasi la scorsa settimana nell\u2019Aula Palo VI nella Citt\u00e0 del Vaticano, proprio a due passi dal &hellip; <\/p>\n<p><a class=\"more-link btn\" href=\"https:\/\/www.rassegnastampa-totustuus.it\/cattolica\/cammino-sinodale-quando-la-profezia-diventa-rivoluzione\/\">Continua a leggere<\/a><\/p>\n","protected":false},"author":6,"featured_media":62477,"comment_status":"closed","ping_status":"closed","sticky":false,"template":"","format":"standard","meta":{"footnotes":""},"categories":[5,45],"tags":[3087,386,450],"class_list":["post-62476","post","type-post","status-publish","format-standard","has-post-thumbnail","hentry","category-chiesa","category-progressismo-cattolico","tag-indietristi","tag-rivoluzione","tag-sinodo","item-wrap"],"yoast_head":"<!-- This site is optimized with the Yoast SEO plugin v27.5 - https:\/\/yoast.com\/product\/yoast-seo-wordpress\/ -->\n<title>Cammino sinodale: quando la \u201cprofezia\u201d diventa rivoluzione - Rassegna Stampa Cattolica<\/title>\n<meta name=\"description\" content=\"Cammino sinodale: quando la \u201cprofezia\u201d diventa rivoluzione. Bocciato il documento finale del sinodo, perch\u00e8 poco rivoluzionario\" \/>\n<meta name=\"robots\" content=\"index, follow, max-snippet:-1, max-image-preview:large, max-video-preview:-1\" \/>\n<link rel=\"canonical\" href=\"https:\/\/www.rassegnastampa-totustuus.it\/cattolica\/cammino-sinodale-quando-la-profezia-diventa-rivoluzione\/\" \/>\n<meta property=\"og:locale\" content=\"it_IT\" \/>\n<meta property=\"og:type\" content=\"article\" \/>\n<meta property=\"og:title\" content=\"Cammino sinodale: quando la \u201cprofezia\u201d diventa rivoluzione - Rassegna Stampa Cattolica\" \/>\n<meta property=\"og:description\" content=\"Cammino sinodale: quando la \u201cprofezia\u201d diventa rivoluzione. Bocciato il documento finale del sinodo, perch\u00e8 poco rivoluzionario\" \/>\n<meta property=\"og:url\" content=\"https:\/\/www.rassegnastampa-totustuus.it\/cattolica\/cammino-sinodale-quando-la-profezia-diventa-rivoluzione\/\" \/>\n<meta property=\"og:site_name\" content=\"Rassegna Stampa Cattolica\" \/>\n<meta property=\"article:publisher\" content=\"https:\/\/www.facebook.com\/rassegnastampacattolica\" \/>\n<meta property=\"article:published_time\" content=\"2025-04-11T15:09:01+00:00\" \/>\n<meta property=\"article:modified_time\" content=\"2025-04-11T15:09:03+00:00\" \/>\n<meta property=\"og:image\" content=\"https:\/\/www.rassegnastampa-totustuus.it\/cattolica\/wp-content\/uploads\/2025\/04\/Chiesa_sinodo_logo.webp\" \/>\n\t<meta property=\"og:image:width\" content=\"1042\" \/>\n\t<meta property=\"og:image:height\" content=\"561\" \/>\n\t<meta property=\"og:image:type\" content=\"image\/webp\" \/>\n<meta name=\"author\" content=\"Redazione\" \/>\n<meta name=\"twitter:card\" content=\"summary_large_image\" \/>\n<meta name=\"twitter:creator\" content=\"@rassegnastampa9\" \/>\n<meta name=\"twitter:site\" content=\"@rassegnastampa9\" \/>\n<meta name=\"twitter:label1\" content=\"Scritto da\" \/>\n\t<meta name=\"twitter:data1\" content=\"Redazione\" \/>\n\t<meta name=\"twitter:label2\" content=\"Tempo di lettura stimato\" \/>\n\t<meta name=\"twitter:data2\" content=\"7 minuti\" \/>\n<script type=\"application\/ld+json\" class=\"yoast-schema-graph\">{\"@context\":\"https:\\\/\\\/schema.org\",\"@graph\":[{\"@type\":\"Article\",\"@id\":\"https:\\\/\\\/www.rassegnastampa-totustuus.it\\\/cattolica\\\/cammino-sinodale-quando-la-profezia-diventa-rivoluzione\\\/#article\",\"isPartOf\":{\"@id\":\"https:\\\/\\\/www.rassegnastampa-totustuus.it\\\/cattolica\\\/cammino-sinodale-quando-la-profezia-diventa-rivoluzione\\\/\"},\"author\":{\"name\":\"Redazione\",\"@id\":\"https:\\\/\\\/www.rassegnastampa-totustuus.it\\\/cattolica\\\/#\\\/schema\\\/person\\\/08f319d2bd1a0904ad9e2bfb7b15e5c3\"},\"headline\":\"Cammino sinodale: quando la \u201cprofezia\u201d diventa rivoluzione\",\"datePublished\":\"2025-04-11T15:09:01+00:00\",\"dateModified\":\"2025-04-11T15:09:03+00:00\",\"mainEntityOfPage\":{\"@id\":\"https:\\\/\\\/www.rassegnastampa-totustuus.it\\\/cattolica\\\/cammino-sinodale-quando-la-profezia-diventa-rivoluzione\\\/\"},\"wordCount\":1129,\"publisher\":{\"@id\":\"https:\\\/\\\/www.rassegnastampa-totustuus.it\\\/cattolica\\\/#organization\"},\"image\":{\"@id\":\"https:\\\/\\\/www.rassegnastampa-totustuus.it\\\/cattolica\\\/cammino-sinodale-quando-la-profezia-diventa-rivoluzione\\\/#primaryimage\"},\"thumbnailUrl\":\"https:\\\/\\\/www.rassegnastampa-totustuus.it\\\/cattolica\\\/wp-content\\\/uploads\\\/2025\\\/04\\\/Chiesa_sinodo_logo.webp\",\"keywords\":[\"indietristi\",\"Rivoluzione\",\"sinodo\"],\"articleSection\":[\"Chiesa\",\"Progressismo\"],\"inLanguage\":\"it-IT\"},{\"@type\":\"WebPage\",\"@id\":\"https:\\\/\\\/www.rassegnastampa-totustuus.it\\\/cattolica\\\/cammino-sinodale-quando-la-profezia-diventa-rivoluzione\\\/\",\"url\":\"https:\\\/\\\/www.rassegnastampa-totustuus.it\\\/cattolica\\\/cammino-sinodale-quando-la-profezia-diventa-rivoluzione\\\/\",\"name\":\"Cammino sinodale: quando la \u201cprofezia\u201d diventa rivoluzione - Rassegna Stampa Cattolica\",\"isPartOf\":{\"@id\":\"https:\\\/\\\/www.rassegnastampa-totustuus.it\\\/cattolica\\\/#website\"},\"primaryImageOfPage\":{\"@id\":\"https:\\\/\\\/www.rassegnastampa-totustuus.it\\\/cattolica\\\/cammino-sinodale-quando-la-profezia-diventa-rivoluzione\\\/#primaryimage\"},\"image\":{\"@id\":\"https:\\\/\\\/www.rassegnastampa-totustuus.it\\\/cattolica\\\/cammino-sinodale-quando-la-profezia-diventa-rivoluzione\\\/#primaryimage\"},\"thumbnailUrl\":\"https:\\\/\\\/www.rassegnastampa-totustuus.it\\\/cattolica\\\/wp-content\\\/uploads\\\/2025\\\/04\\\/Chiesa_sinodo_logo.webp\",\"datePublished\":\"2025-04-11T15:09:01+00:00\",\"dateModified\":\"2025-04-11T15:09:03+00:00\",\"description\":\"Cammino sinodale: quando la \u201cprofezia\u201d diventa rivoluzione. Bocciato il documento finale del sinodo, perch\u00e8 poco rivoluzionario\",\"breadcrumb\":{\"@id\":\"https:\\\/\\\/www.rassegnastampa-totustuus.it\\\/cattolica\\\/cammino-sinodale-quando-la-profezia-diventa-rivoluzione\\\/#breadcrumb\"},\"inLanguage\":\"it-IT\",\"potentialAction\":[{\"@type\":\"ReadAction\",\"target\":[\"https:\\\/\\\/www.rassegnastampa-totustuus.it\\\/cattolica\\\/cammino-sinodale-quando-la-profezia-diventa-rivoluzione\\\/\"]}]},{\"@type\":\"ImageObject\",\"inLanguage\":\"it-IT\",\"@id\":\"https:\\\/\\\/www.rassegnastampa-totustuus.it\\\/cattolica\\\/cammino-sinodale-quando-la-profezia-diventa-rivoluzione\\\/#primaryimage\",\"url\":\"https:\\\/\\\/www.rassegnastampa-totustuus.it\\\/cattolica\\\/wp-content\\\/uploads\\\/2025\\\/04\\\/Chiesa_sinodo_logo.webp\",\"contentUrl\":\"https:\\\/\\\/www.rassegnastampa-totustuus.it\\\/cattolica\\\/wp-content\\\/uploads\\\/2025\\\/04\\\/Chiesa_sinodo_logo.webp\",\"width\":1042,\"height\":561},{\"@type\":\"BreadcrumbList\",\"@id\":\"https:\\\/\\\/www.rassegnastampa-totustuus.it\\\/cattolica\\\/cammino-sinodale-quando-la-profezia-diventa-rivoluzione\\\/#breadcrumb\",\"itemListElement\":[{\"@type\":\"ListItem\",\"position\":1,\"name\":\"Home\",\"item\":\"https:\\\/\\\/www.rassegnastampa-totustuus.it\\\/cattolica\\\/\"},{\"@type\":\"ListItem\",\"position\":2,\"name\":\"Cammino sinodale: quando la \u201cprofezia\u201d diventa rivoluzione\"}]},{\"@type\":\"WebSite\",\"@id\":\"https:\\\/\\\/www.rassegnastampa-totustuus.it\\\/cattolica\\\/#website\",\"url\":\"https:\\\/\\\/www.rassegnastampa-totustuus.it\\\/cattolica\\\/\",\"name\":\"Rassegna Stampa Cattolica\",\"description\":\"Per una cultura che nasce dalla Rivelazione cristiana in conformit\u00e0 alla tradizione e al Magistero della Chiesa in opposizione ad ogni relativismo e totalitarismo\",\"publisher\":{\"@id\":\"https:\\\/\\\/www.rassegnastampa-totustuus.it\\\/cattolica\\\/#organization\"},\"alternateName\":\"Rass. Cattolica\",\"potentialAction\":[{\"@type\":\"SearchAction\",\"target\":{\"@type\":\"EntryPoint\",\"urlTemplate\":\"https:\\\/\\\/www.rassegnastampa-totustuus.it\\\/cattolica\\\/?s={search_term_string}\"},\"query-input\":{\"@type\":\"PropertyValueSpecification\",\"valueRequired\":true,\"valueName\":\"search_term_string\"}}],\"inLanguage\":\"it-IT\"},{\"@type\":\"Organization\",\"@id\":\"https:\\\/\\\/www.rassegnastampa-totustuus.it\\\/cattolica\\\/#organization\",\"name\":\"Rassegna Stampa Cattolica\",\"url\":\"https:\\\/\\\/www.rassegnastampa-totustuus.it\\\/cattolica\\\/\",\"logo\":{\"@type\":\"ImageObject\",\"inLanguage\":\"it-IT\",\"@id\":\"https:\\\/\\\/www.rassegnastampa-totustuus.it\\\/cattolica\\\/#\\\/schema\\\/logo\\\/image\\\/\",\"url\":\"https:\\\/\\\/www.rassegnastampa-totustuus.it\\\/cattolica\\\/wp-content\\\/uploads\\\/2014\\\/04\\\/logo-rassegna1.gif\",\"contentUrl\":\"https:\\\/\\\/www.rassegnastampa-totustuus.it\\\/cattolica\\\/wp-content\\\/uploads\\\/2014\\\/04\\\/logo-rassegna1.gif\",\"width\":600,\"height\":163,\"caption\":\"Rassegna Stampa Cattolica\"},\"image\":{\"@id\":\"https:\\\/\\\/www.rassegnastampa-totustuus.it\\\/cattolica\\\/#\\\/schema\\\/logo\\\/image\\\/\"},\"sameAs\":[\"https:\\\/\\\/www.facebook.com\\\/rassegnastampacattolica\",\"https:\\\/\\\/x.com\\\/rassegnastampa9\"]},{\"@type\":\"Person\",\"@id\":\"https:\\\/\\\/www.rassegnastampa-totustuus.it\\\/cattolica\\\/#\\\/schema\\\/person\\\/08f319d2bd1a0904ad9e2bfb7b15e5c3\",\"name\":\"Redazione\",\"image\":{\"@type\":\"ImageObject\",\"inLanguage\":\"it-IT\",\"@id\":\"https:\\\/\\\/secure.gravatar.com\\\/avatar\\\/2fcdf27c78ea025fbdb44e914cc63c72249ffec9dc8aafd5c82b26240ef3f346?s=96&d=mm&r=g\",\"url\":\"https:\\\/\\\/secure.gravatar.com\\\/avatar\\\/2fcdf27c78ea025fbdb44e914cc63c72249ffec9dc8aafd5c82b26240ef3f346?s=96&d=mm&r=g\",\"contentUrl\":\"https:\\\/\\\/secure.gravatar.com\\\/avatar\\\/2fcdf27c78ea025fbdb44e914cc63c72249ffec9dc8aafd5c82b26240ef3f346?s=96&d=mm&r=g\",\"caption\":\"Redazione\"},\"url\":\"https:\\\/\\\/www.rassegnastampa-totustuus.it\\\/cattolica\\\/author\\\/pietroelle\\\/\"}]}<\/script>\n<!-- \/ Yoast SEO plugin. -->","yoast_head_json":{"title":"Cammino sinodale: quando la \u201cprofezia\u201d diventa rivoluzione - Rassegna Stampa Cattolica","description":"Cammino sinodale: quando la \u201cprofezia\u201d diventa rivoluzione. Bocciato il documento finale del sinodo, perch\u00e8 poco rivoluzionario","robots":{"index":"index","follow":"follow","max-snippet":"max-snippet:-1","max-image-preview":"max-image-preview:large","max-video-preview":"max-video-preview:-1"},"canonical":"https:\/\/www.rassegnastampa-totustuus.it\/cattolica\/cammino-sinodale-quando-la-profezia-diventa-rivoluzione\/","og_locale":"it_IT","og_type":"article","og_title":"Cammino sinodale: quando la \u201cprofezia\u201d diventa rivoluzione - Rassegna Stampa Cattolica","og_description":"Cammino sinodale: quando la \u201cprofezia\u201d diventa rivoluzione. Bocciato il documento finale del sinodo, perch\u00e8 poco rivoluzionario","og_url":"https:\/\/www.rassegnastampa-totustuus.it\/cattolica\/cammino-sinodale-quando-la-profezia-diventa-rivoluzione\/","og_site_name":"Rassegna Stampa Cattolica","article_publisher":"https:\/\/www.facebook.com\/rassegnastampacattolica","article_published_time":"2025-04-11T15:09:01+00:00","article_modified_time":"2025-04-11T15:09:03+00:00","og_image":[{"width":1042,"height":561,"url":"https:\/\/www.rassegnastampa-totustuus.it\/cattolica\/wp-content\/uploads\/2025\/04\/Chiesa_sinodo_logo.webp","type":"image\/webp"}],"author":"Redazione","twitter_card":"summary_large_image","twitter_creator":"@rassegnastampa9","twitter_site":"@rassegnastampa9","twitter_misc":{"Scritto da":"Redazione","Tempo di lettura stimato":"7 minuti"},"schema":{"@context":"https:\/\/schema.org","@graph":[{"@type":"Article","@id":"https:\/\/www.rassegnastampa-totustuus.it\/cattolica\/cammino-sinodale-quando-la-profezia-diventa-rivoluzione\/#article","isPartOf":{"@id":"https:\/\/www.rassegnastampa-totustuus.it\/cattolica\/cammino-sinodale-quando-la-profezia-diventa-rivoluzione\/"},"author":{"name":"Redazione","@id":"https:\/\/www.rassegnastampa-totustuus.it\/cattolica\/#\/schema\/person\/08f319d2bd1a0904ad9e2bfb7b15e5c3"},"headline":"Cammino sinodale: quando la \u201cprofezia\u201d diventa rivoluzione","datePublished":"2025-04-11T15:09:01+00:00","dateModified":"2025-04-11T15:09:03+00:00","mainEntityOfPage":{"@id":"https:\/\/www.rassegnastampa-totustuus.it\/cattolica\/cammino-sinodale-quando-la-profezia-diventa-rivoluzione\/"},"wordCount":1129,"publisher":{"@id":"https:\/\/www.rassegnastampa-totustuus.it\/cattolica\/#organization"},"image":{"@id":"https:\/\/www.rassegnastampa-totustuus.it\/cattolica\/cammino-sinodale-quando-la-profezia-diventa-rivoluzione\/#primaryimage"},"thumbnailUrl":"https:\/\/www.rassegnastampa-totustuus.it\/cattolica\/wp-content\/uploads\/2025\/04\/Chiesa_sinodo_logo.webp","keywords":["indietristi","Rivoluzione","sinodo"],"articleSection":["Chiesa","Progressismo"],"inLanguage":"it-IT"},{"@type":"WebPage","@id":"https:\/\/www.rassegnastampa-totustuus.it\/cattolica\/cammino-sinodale-quando-la-profezia-diventa-rivoluzione\/","url":"https:\/\/www.rassegnastampa-totustuus.it\/cattolica\/cammino-sinodale-quando-la-profezia-diventa-rivoluzione\/","name":"Cammino sinodale: quando la \u201cprofezia\u201d diventa rivoluzione - Rassegna Stampa Cattolica","isPartOf":{"@id":"https:\/\/www.rassegnastampa-totustuus.it\/cattolica\/#website"},"primaryImageOfPage":{"@id":"https:\/\/www.rassegnastampa-totustuus.it\/cattolica\/cammino-sinodale-quando-la-profezia-diventa-rivoluzione\/#primaryimage"},"image":{"@id":"https:\/\/www.rassegnastampa-totustuus.it\/cattolica\/cammino-sinodale-quando-la-profezia-diventa-rivoluzione\/#primaryimage"},"thumbnailUrl":"https:\/\/www.rassegnastampa-totustuus.it\/cattolica\/wp-content\/uploads\/2025\/04\/Chiesa_sinodo_logo.webp","datePublished":"2025-04-11T15:09:01+00:00","dateModified":"2025-04-11T15:09:03+00:00","description":"Cammino sinodale: quando la \u201cprofezia\u201d diventa rivoluzione. Bocciato il documento finale del sinodo, perch\u00e8 poco rivoluzionario","breadcrumb":{"@id":"https:\/\/www.rassegnastampa-totustuus.it\/cattolica\/cammino-sinodale-quando-la-profezia-diventa-rivoluzione\/#breadcrumb"},"inLanguage":"it-IT","potentialAction":[{"@type":"ReadAction","target":["https:\/\/www.rassegnastampa-totustuus.it\/cattolica\/cammino-sinodale-quando-la-profezia-diventa-rivoluzione\/"]}]},{"@type":"ImageObject","inLanguage":"it-IT","@id":"https:\/\/www.rassegnastampa-totustuus.it\/cattolica\/cammino-sinodale-quando-la-profezia-diventa-rivoluzione\/#primaryimage","url":"https:\/\/www.rassegnastampa-totustuus.it\/cattolica\/wp-content\/uploads\/2025\/04\/Chiesa_sinodo_logo.webp","contentUrl":"https:\/\/www.rassegnastampa-totustuus.it\/cattolica\/wp-content\/uploads\/2025\/04\/Chiesa_sinodo_logo.webp","width":1042,"height":561},{"@type":"BreadcrumbList","@id":"https:\/\/www.rassegnastampa-totustuus.it\/cattolica\/cammino-sinodale-quando-la-profezia-diventa-rivoluzione\/#breadcrumb","itemListElement":[{"@type":"ListItem","position":1,"name":"Home","item":"https:\/\/www.rassegnastampa-totustuus.it\/cattolica\/"},{"@type":"ListItem","position":2,"name":"Cammino sinodale: quando la \u201cprofezia\u201d diventa rivoluzione"}]},{"@type":"WebSite","@id":"https:\/\/www.rassegnastampa-totustuus.it\/cattolica\/#website","url":"https:\/\/www.rassegnastampa-totustuus.it\/cattolica\/","name":"Rassegna Stampa Cattolica","description":"Per una cultura che nasce dalla Rivelazione cristiana in conformit\u00e0 alla tradizione e al Magistero della Chiesa in opposizione ad ogni relativismo e totalitarismo","publisher":{"@id":"https:\/\/www.rassegnastampa-totustuus.it\/cattolica\/#organization"},"alternateName":"Rass. Cattolica","potentialAction":[{"@type":"SearchAction","target":{"@type":"EntryPoint","urlTemplate":"https:\/\/www.rassegnastampa-totustuus.it\/cattolica\/?s={search_term_string}"},"query-input":{"@type":"PropertyValueSpecification","valueRequired":true,"valueName":"search_term_string"}}],"inLanguage":"it-IT"},{"@type":"Organization","@id":"https:\/\/www.rassegnastampa-totustuus.it\/cattolica\/#organization","name":"Rassegna Stampa Cattolica","url":"https:\/\/www.rassegnastampa-totustuus.it\/cattolica\/","logo":{"@type":"ImageObject","inLanguage":"it-IT","@id":"https:\/\/www.rassegnastampa-totustuus.it\/cattolica\/#\/schema\/logo\/image\/","url":"https:\/\/www.rassegnastampa-totustuus.it\/cattolica\/wp-content\/uploads\/2014\/04\/logo-rassegna1.gif","contentUrl":"https:\/\/www.rassegnastampa-totustuus.it\/cattolica\/wp-content\/uploads\/2014\/04\/logo-rassegna1.gif","width":600,"height":163,"caption":"Rassegna Stampa Cattolica"},"image":{"@id":"https:\/\/www.rassegnastampa-totustuus.it\/cattolica\/#\/schema\/logo\/image\/"},"sameAs":["https:\/\/www.facebook.com\/rassegnastampacattolica","https:\/\/x.com\/rassegnastampa9"]},{"@type":"Person","@id":"https:\/\/www.rassegnastampa-totustuus.it\/cattolica\/#\/schema\/person\/08f319d2bd1a0904ad9e2bfb7b15e5c3","name":"Redazione","image":{"@type":"ImageObject","inLanguage":"it-IT","@id":"https:\/\/secure.gravatar.com\/avatar\/2fcdf27c78ea025fbdb44e914cc63c72249ffec9dc8aafd5c82b26240ef3f346?s=96&d=mm&r=g","url":"https:\/\/secure.gravatar.com\/avatar\/2fcdf27c78ea025fbdb44e914cc63c72249ffec9dc8aafd5c82b26240ef3f346?s=96&d=mm&r=g","contentUrl":"https:\/\/secure.gravatar.com\/avatar\/2fcdf27c78ea025fbdb44e914cc63c72249ffec9dc8aafd5c82b26240ef3f346?s=96&d=mm&r=g","caption":"Redazione"},"url":"https:\/\/www.rassegnastampa-totustuus.it\/cattolica\/author\/pietroelle\/"}]}},"_links":{"self":[{"href":"https:\/\/www.rassegnastampa-totustuus.it\/cattolica\/wp-json\/wp\/v2\/posts\/62476","targetHints":{"allow":["GET"]}}],"collection":[{"href":"https:\/\/www.rassegnastampa-totustuus.it\/cattolica\/wp-json\/wp\/v2\/posts"}],"about":[{"href":"https:\/\/www.rassegnastampa-totustuus.it\/cattolica\/wp-json\/wp\/v2\/types\/post"}],"author":[{"embeddable":true,"href":"https:\/\/www.rassegnastampa-totustuus.it\/cattolica\/wp-json\/wp\/v2\/users\/6"}],"replies":[{"embeddable":true,"href":"https:\/\/www.rassegnastampa-totustuus.it\/cattolica\/wp-json\/wp\/v2\/comments?post=62476"}],"version-history":[{"count":1,"href":"https:\/\/www.rassegnastampa-totustuus.it\/cattolica\/wp-json\/wp\/v2\/posts\/62476\/revisions"}],"predecessor-version":[{"id":62478,"href":"https:\/\/www.rassegnastampa-totustuus.it\/cattolica\/wp-json\/wp\/v2\/posts\/62476\/revisions\/62478"}],"wp:featuredmedia":[{"embeddable":true,"href":"https:\/\/www.rassegnastampa-totustuus.it\/cattolica\/wp-json\/wp\/v2\/media\/62477"}],"wp:attachment":[{"href":"https:\/\/www.rassegnastampa-totustuus.it\/cattolica\/wp-json\/wp\/v2\/media?parent=62476"}],"wp:term":[{"taxonomy":"category","embeddable":true,"href":"https:\/\/www.rassegnastampa-totustuus.it\/cattolica\/wp-json\/wp\/v2\/categories?post=62476"},{"taxonomy":"post_tag","embeddable":true,"href":"https:\/\/www.rassegnastampa-totustuus.it\/cattolica\/wp-json\/wp\/v2\/tags?post=62476"}],"curies":[{"name":"wp","href":"https:\/\/api.w.org\/{rel}","templated":true}]}}