{"id":62459,"date":"2025-04-07T10:31:05","date_gmt":"2025-04-07T08:31:05","guid":{"rendered":"https:\/\/www.rassegnastampa-totustuus.it\/cattolica\/?p=62459"},"modified":"2025-04-07T10:31:07","modified_gmt":"2025-04-07T08:31:07","slug":"femminicidi-altro-che-razzismo-numeri-e-fatti-danno-ragione-a-nordio","status":"publish","type":"post","link":"https:\/\/www.rassegnastampa-totustuus.it\/cattolica\/femminicidi-altro-che-razzismo-numeri-e-fatti-danno-ragione-a-nordio\/","title":{"rendered":"Femminicidi, altro che razzismo, ci sono  numeri e fatti"},"content":{"rendered":"\n<p class=\"has-text-align-center\"><strong><a href=\"https:\/\/www.nicolaporro.it\/\" target=\"_blank\" rel=\"noreferrer noopener\">Atlantico<\/a><a href=\"https:\/\/www.nicolaporro.it\/\">,<\/a><\/strong> 7 Aprile 2025<\/p>\n\n\n\n<h3 class=\"wp-block-heading has-text-align-center\">Femminicidi, altro che razzismo: numeri e fatti danno ragione a Nordio<\/h3>\n\n\n\n<p><em>Infondate le accuse al ministro. Le \u201cdiverse sensibilit\u00e0\u201d verso le donne riconosciute e anzi rivendicate dagli esponenti delle societ\u00e0 o religioni che non riconoscono l\u2019esistenza di diritti universali<\/em><\/p>\n\n\n\n<p class=\"has-text-align-center\">di <a href=\"https:\/\/www.nicolaporro.it\/autori\/anna-bono\/\" target=\"_blank\" rel=\"noreferrer noopener\"><strong>Anna Bono<\/strong><\/a><\/p>\n\n\n<div class=\"wp-block-image\">\n<figure class=\"aligncenter size-full is-resized\"><a href=\"https:\/\/www.rassegnastampa-totustuus.it\/cattolica\/wp-content\/uploads\/2025\/04\/femminicidio_femminismo.jpg\"><img loading=\"lazy\" decoding=\"async\" width=\"640\" height=\"480\" src=\"https:\/\/www.rassegnastampa-totustuus.it\/cattolica\/wp-content\/uploads\/2025\/04\/femminicidio_femminismo.jpg\" alt=\"\" class=\"wp-image-62460\" style=\"width:486px;height:auto\"\/><\/a><\/figure><\/div>\n\n\n<!--more-->\n\n\n\n<p>Nel primo trimestre del 2025 gli omicidi sono diminuiti del 29 per cento rispetto all\u2019analogo periodo del 2024. \u00c8 quanto risulta dal rapporto appena pubblicato dal Ministero dell\u2019interno. Da 80 nel 2024 sono scesi a 57. Un calo netto registra <strong>anche il numero delle donne uccise<\/strong>: da 26 a 17 (-35 per cento). Inoltre c\u2019\u00e8 stato un decremento dei delitti commessi in ambito famigliare\/affettivo sia nel numero di casi, da 38 a 25 (-34 per cento) sia nel numero delle vittime di genere femminile che da 23 passano a 14 (-39 per cento).<\/p>\n\n\n\n<h4 class=\"wp-block-heading has-text-align-center\"><strong>Le parole di Nordio<\/strong><\/h4>\n\n\n\n<p>La buona notizia avrebbe dovuto essere rimarcata e commentata con soddisfazione e seppur cauto ottimismo. Invece alcune osservazioni del ministro della giustizia <strong>Carlo Nordio<\/strong> hanno fatto dimenticare dati e tendenze e non si \u00e8 parlato d\u2019altro. Ai giornalisti che gli domandavano se il Ministero avesse allo studio nuovi provvedimenti contro i femminicidi, Nordio ha risposto: <em>In questo momento no, perch\u00e9 abbiamo <strong>veramente fatto l\u2019impossibile<\/strong>, sia come attivit\u00e0 preventiva per incentivare il codice rosso e accelerare i termini, sia nell\u2019aspetto repressivo. Abbiamo addirittura introdotto il reato di femminicidio, cosa che ci \u00e8 costata anche qualche critica. Purtroppo \u00e8 una questione di educazione. C\u2019\u00e8 bisogno di un\u2019attivit\u00e0 a 360 gradi proprio educativa soprattutto nell\u2019ambito delle famiglie dove si forma il software del bambino, che pu\u00f2 essere un inizio per cambiare rotta.<\/em><\/p>\n\n\n\n<p>Per spiegarsi meglio, ha aggiunto: <em>\u00c8 illusorio che l\u2019intervento penale, che gi\u00e0 esiste e deve essere mantenuto per affermare l\u2019autorit\u00e0 dello Stato, possa risolvere la situazione. Purtroppo il legislatore e la magistratura possono arrivare entro certi limiti a reprimere questi fatti, che si radicano probabilmente nell\u2019assoluta mancanza non solo di educazione civica, ma anche di rispetto verso le persone, soprattutto per quanto riguarda giovani e adulti di <strong>etnie che magari non hanno la nostra sensibilit\u00e0 verso le donne.<\/strong><\/em><\/p>\n\n\n<div class=\"wp-block-image\">\n<figure class=\"aligncenter size-full is-resized\"><a href=\"https:\/\/www.rassegnastampa-totustuus.it\/cattolica\/wp-content\/uploads\/2023\/03\/islam_donne_burka_Afghanistan.jpg\"><img loading=\"lazy\" decoding=\"async\" width=\"300\" height=\"168\" src=\"https:\/\/www.rassegnastampa-totustuus.it\/cattolica\/wp-content\/uploads\/2023\/03\/islam_donne_burka_Afghanistan.jpg\" alt=\"\" class=\"wp-image-55796\" style=\"width:478px;height:auto\"\/><\/a><\/figure><\/div>\n\n\n<p>Quest\u2019ultimo commento di Nordio nasce evidentemente dalla constatazione che tante donne immigrate, specie da Paesi asiatici e africani, subiscono discriminazioni, violazioni delle libert\u00e0 personali, violenze, per lo pi\u00f9 in ambito famigliare. Se ne ha notizia nei casi pi\u00f9 gravi, come quello di <strong>Saman Abbas<\/strong>, la ragazza pachistana uccisa dai famigliari perch\u00e9 rifiutava un matrimonio combinato, ma quelli denunciati sono purtroppo la <strong>punta di un iceberg<\/strong>.<\/p>\n\n\n\n<h4 class=\"wp-block-heading has-text-align-center\"><strong>Le accuse delle opposizioni<\/strong><\/h4>\n\n\n\n<p>Eppure le parole Nordio in certi ambienti politici sono state interpretate come espressioni di <strong>razzismo e odio etnico<\/strong> e hanno provocato reazioni furiose. Eccone alcune. \u201cNon si fermano col razzismo i femminicidi \u2013 hanno dichiarato i parlamentari Pd della Commissione bicamerale sui femminicidi \u2013 non si fermano agitando odio etnico, come ci pare faccia irresponsabilmente il ministro Nordio. Celando la questione del maschile tossico dietro a quella etnica. Le donne italiane vengono uccise nella stragrande maggioranza da uomini italiani che non accettano di essere lasciati. Una frase irricevibile e triste, quella del titolare del dicastero della giustizia, per la quale chiediamo una netta, chiara presa di distanza da parte del governo e un impegno urgente sul piano della prevenzione\u201d.<\/p>\n\n\n\n<p>\u201cLe parole di Nordio, secondo il quale alcune etnie hanno sensibilit\u00e0 diverse sulle donne, sono inaccettabili \u2013 ha commentato il capogruppo Pd alla Camera <strong>Chiara Braga<\/strong> \u2013 quello di Nordio \u00e8 un <strong>razzismo strisciante<\/strong> che emerge in tutto il suo fulgore, fuori luogo e fuori tempo: a quando il manifesto della razza?\u201d. \u201cSarebbe gravissimo \u2013 ha aggiunto \u2013 se la premier Meloni non prendesse le distanze da tali affermazioni\u201d.<\/p>\n\n\n\n<p>\u201cSi diceva garantista invece era solo razzista \u2013 ha detto <strong>Riccardo Magi<\/strong>, segretario di <em>+Europa<\/em> \u2013 nel 2024 su 99 donne uccise, 83 \u00e8 stato per mano di un uomo italiano e solo in 16 casi si \u00e8 trattato di cittadini stranieri. Un ministro di un Paese normale si sarebbe gi\u00e0 dimesso. Ma Nordio non \u00e8 un ministro e l\u2019Italia, che ha un ministro come Nordio, non \u00e8 un Paese normale\u201d.<\/p>\n\n\n<div class=\"wp-block-image\">\n<figure class=\"aligncenter size-full is-resized\"><a href=\"https:\/\/www.rassegnastampa-totustuus.it\/cattolica\/wp-content\/uploads\/2019\/03\/Islam_donne_schiave.jpg\"><img loading=\"lazy\" decoding=\"async\" width=\"670\" height=\"492\" src=\"https:\/\/www.rassegnastampa-totustuus.it\/cattolica\/wp-content\/uploads\/2019\/03\/Islam_donne_schiave.jpg\" alt=\"\" class=\"wp-image-42569\" style=\"width:490px;height:auto\" srcset=\"https:\/\/www.rassegnastampa-totustuus.it\/cattolica\/wp-content\/uploads\/2019\/03\/Islam_donne_schiave.jpg 670w, https:\/\/www.rassegnastampa-totustuus.it\/cattolica\/wp-content\/uploads\/2019\/03\/Islam_donne_schiave-300x220.jpg 300w\" sizes=\"auto, (max-width: 670px) 100vw, 670px\" \/><\/a><\/figure><\/div>\n\n\n<h4 class=\"wp-block-heading has-text-align-center\"><strong>I numeri<\/strong><\/h4>\n\n\n\n<p>Pur nella foga di trovare un motivo per accusare il ministro e il governo di cui fa parte, chi lo ha attaccato con tanta durezza avrebbe dovuto rendersi conto che stava sbagliando grossolanamente e che proprio <strong>il principale argomento usato era infondato<\/strong>. Su 99 donne uccise nel 2024, ben 16 infatti sono morte per mano di stranieri, questo nonostante gli immigrati costituiscano solo l\u20198,7 per cento della popolazione.<\/p>\n\n\n\n<h4 class=\"wp-block-heading has-text-align-center\"><strong>Diversit\u00e0 rivendicata<\/strong><\/h4>\n\n\n\n<p>D\u2019altra parte devono per forza avere <strong>\u201csensibilit\u00e0\u201d diverse dalla nostra<\/strong> nei confronti delle donne le persone, le comunit\u00e0, le societ\u00e0 che le sottomettono a istituzioni come il matrimonio combinato e forzato, il matrimonio infantile, il pagamento del \u201cprezzo della sposa\u201d, l\u2019omicidio d\u2019onore, le mutilazioni genitali femminili, il velo islamico, la parziale o totale segregazione chiamata <em>harem<\/em>.<\/p>\n\n\n\n<p>Di questa diversa \u201csensibilit\u00e0\u201d <strong>non fa mistero chi la condivide e piuttosto ne va fiero<\/strong>. Tanto \u00e8 affermata e rivendicata da avere addirittura indotto i rappresentanti di alcuni miliardi di persone ad accettare con riserva la Dichiarazione universale dei diritti dell\u2019uomo che, al suo primo articolo, afferma: <em>\u201ctutti gli esseri umani nascono liberi ed eguali in dignit\u00e0 e diritti\u201d<\/em>.<\/p>\n\n\n\n<p>Lo hanno fatto tra l\u2019altro, e prima di tutto, in relazione alla questione femminile, rispecchiando \u201cdiverse sensibilit\u00e0\u201d verso le donne, gli esponenti delle societ\u00e0 che per tradizione <strong>non riconoscono l\u2019esistenza di diritti universali<\/strong> e fanno invece derivare i diritti dallo status attribuito a ciascuno.<\/p>\n\n\n\n<p>Forse non tutti lo sanno, e probabilmente non lo sanno i politici insorti contro Nordio, ma nel 1981, in alternativa alla Dichiarazione approvata dall\u2019Assemblea generale delle Nazioni Unite nel 1948, l\u2019Organizzazione dell\u2019Unit\u00e0 Africana ha adottato la <strong>Carta africana dei diritti dell\u2019uomo e dei popoli<\/strong>, emendata solo nel 2003 con il Protocollo di Maputo che sancisce anche i diritti delle donne africane.<\/p>\n\n\n\n<p>Quanto all\u2019islam, nel 1990 l\u2019Organizzazione della Conferenza Islamica ha approvato la Dichiarazione del Cairo sui diritti umani nell\u2019Islam che ammette <strong>la religione come unica fonte di legittimazione<\/strong> dei diritti elencati; e nel 1994 il Consiglio della Lega degli Stati Arabi ha adottato la Carta araba dei diritti dell\u2019uomo, basata anch\u2019essa sulle prescrizioni della religione islamica che impone <strong>tre fondamentali divisioni dell\u2019umanit\u00e0<\/strong>, e conseguenti, diverse \u201csensibilit\u00e0\u201d: tra fedeli e infedeli, liberi e schiavi, uomini e donne.<\/p>\n","protected":false},"excerpt":{"rendered":"<p>Atlantico, 7 Aprile 2025 Femminicidi, altro che razzismo: numeri e fatti danno ragione a Nordio Infondate le accuse al ministro. Le \u201cdiverse sensibilit\u00e0\u201d verso le donne riconosciute e anzi rivendicate dagli esponenti delle societ\u00e0 o religioni che non riconoscono l\u2019esistenza di diritti universali di Anna Bono<\/p><p><a class=\"more-link btn\" href=\"https:\/\/www.rassegnastampa-totustuus.it\/cattolica\/femminicidi-altro-che-razzismo-numeri-e-fatti-danno-ragione-a-nordio\/\">Continua a leggere<\/a><\/p>\n","protected":false},"author":6,"featured_media":62460,"comment_status":"closed","ping_status":"closed","sticky":false,"template":"","format":"standard","meta":{"footnotes":""},"categories":[16,35],"tags":[256,1692,340,255],"class_list":["post-62459","post","type-post","status-publish","format-standard","has-post-thumbnail","hentry","category-islam","category-islam-in-italia","tag-donne","tag-donne-islamiche","tag-femminicidio","tag-femminismo","item-wrap"],"yoast_head":"<!-- This site is optimized with the Yoast SEO plugin v27.4 - https:\/\/yoast.com\/product\/yoast-seo-wordpress\/ -->\n<title>Femminicidi, altro che razzismo, ci sono numeri e fatti - Rassegna Stampa Cattolica<\/title>\n<meta name=\"description\" content=\"Femminicidi, altro che razzismo: numeri e fatti danno ragione a Nordio, c&#039;\u00e8 chi non rispetta i diritti universali\" \/>\n<meta name=\"robots\" content=\"index, follow, max-snippet:-1, max-image-preview:large, max-video-preview:-1\" \/>\n<link rel=\"canonical\" href=\"https:\/\/www.rassegnastampa-totustuus.it\/cattolica\/femminicidi-altro-che-razzismo-numeri-e-fatti-danno-ragione-a-nordio\/\" \/>\n<meta property=\"og:locale\" content=\"it_IT\" \/>\n<meta property=\"og:type\" content=\"article\" \/>\n<meta property=\"og:title\" content=\"Femminicidi, altro che razzismo, ci sono numeri e fatti - Rassegna Stampa Cattolica\" \/>\n<meta property=\"og:description\" content=\"Femminicidi, altro che razzismo: numeri e fatti danno ragione a Nordio, c&#039;\u00e8 chi non rispetta i diritti universali\" \/>\n<meta property=\"og:url\" content=\"https:\/\/www.rassegnastampa-totustuus.it\/cattolica\/femminicidi-altro-che-razzismo-numeri-e-fatti-danno-ragione-a-nordio\/\" \/>\n<meta property=\"og:site_name\" content=\"Rassegna Stampa Cattolica\" \/>\n<meta property=\"article:publisher\" content=\"https:\/\/www.facebook.com\/rassegnastampacattolica\" \/>\n<meta property=\"article:published_time\" content=\"2025-04-07T08:31:05+00:00\" \/>\n<meta property=\"article:modified_time\" content=\"2025-04-07T08:31:07+00:00\" \/>\n<meta property=\"og:image\" content=\"https:\/\/www.rassegnastampa-totustuus.it\/cattolica\/wp-content\/uploads\/2025\/04\/femminicidio_femminismo.jpg\" \/>\n\t<meta property=\"og:image:width\" content=\"640\" \/>\n\t<meta property=\"og:image:height\" content=\"480\" \/>\n\t<meta property=\"og:image:type\" content=\"image\/jpeg\" \/>\n<meta name=\"author\" content=\"Redazione\" \/>\n<meta name=\"twitter:card\" content=\"summary_large_image\" \/>\n<meta name=\"twitter:creator\" content=\"@rassegnastampa9\" \/>\n<meta name=\"twitter:site\" content=\"@rassegnastampa9\" \/>\n<meta name=\"twitter:label1\" content=\"Scritto da\" \/>\n\t<meta name=\"twitter:data1\" content=\"Redazione\" \/>\n\t<meta name=\"twitter:label2\" content=\"Tempo di lettura stimato\" \/>\n\t<meta name=\"twitter:data2\" content=\"7 minuti\" \/>\n<script type=\"application\/ld+json\" class=\"yoast-schema-graph\">{\"@context\":\"https:\\\/\\\/schema.org\",\"@graph\":[{\"@type\":\"Article\",\"@id\":\"https:\\\/\\\/www.rassegnastampa-totustuus.it\\\/cattolica\\\/femminicidi-altro-che-razzismo-numeri-e-fatti-danno-ragione-a-nordio\\\/#article\",\"isPartOf\":{\"@id\":\"https:\\\/\\\/www.rassegnastampa-totustuus.it\\\/cattolica\\\/femminicidi-altro-che-razzismo-numeri-e-fatti-danno-ragione-a-nordio\\\/\"},\"author\":{\"name\":\"Redazione\",\"@id\":\"https:\\\/\\\/www.rassegnastampa-totustuus.it\\\/cattolica\\\/#\\\/schema\\\/person\\\/08f319d2bd1a0904ad9e2bfb7b15e5c3\"},\"headline\":\"Femminicidi, altro che razzismo, ci sono numeri e fatti\",\"datePublished\":\"2025-04-07T08:31:05+00:00\",\"dateModified\":\"2025-04-07T08:31:07+00:00\",\"mainEntityOfPage\":{\"@id\":\"https:\\\/\\\/www.rassegnastampa-totustuus.it\\\/cattolica\\\/femminicidi-altro-che-razzismo-numeri-e-fatti-danno-ragione-a-nordio\\\/\"},\"wordCount\":1038,\"publisher\":{\"@id\":\"https:\\\/\\\/www.rassegnastampa-totustuus.it\\\/cattolica\\\/#organization\"},\"image\":{\"@id\":\"https:\\\/\\\/www.rassegnastampa-totustuus.it\\\/cattolica\\\/femminicidi-altro-che-razzismo-numeri-e-fatti-danno-ragione-a-nordio\\\/#primaryimage\"},\"thumbnailUrl\":\"https:\\\/\\\/www.rassegnastampa-totustuus.it\\\/cattolica\\\/wp-content\\\/uploads\\\/2025\\\/04\\\/femminicidio_femminismo.jpg\",\"keywords\":[\"donne\",\"donne islamiche\",\"femminicidio\",\"femminismo\"],\"articleSection\":[\"Islam\",\"Islam in Italia\"],\"inLanguage\":\"it-IT\"},{\"@type\":\"WebPage\",\"@id\":\"https:\\\/\\\/www.rassegnastampa-totustuus.it\\\/cattolica\\\/femminicidi-altro-che-razzismo-numeri-e-fatti-danno-ragione-a-nordio\\\/\",\"url\":\"https:\\\/\\\/www.rassegnastampa-totustuus.it\\\/cattolica\\\/femminicidi-altro-che-razzismo-numeri-e-fatti-danno-ragione-a-nordio\\\/\",\"name\":\"Femminicidi, altro che razzismo, ci sono numeri e fatti - Rassegna Stampa Cattolica\",\"isPartOf\":{\"@id\":\"https:\\\/\\\/www.rassegnastampa-totustuus.it\\\/cattolica\\\/#website\"},\"primaryImageOfPage\":{\"@id\":\"https:\\\/\\\/www.rassegnastampa-totustuus.it\\\/cattolica\\\/femminicidi-altro-che-razzismo-numeri-e-fatti-danno-ragione-a-nordio\\\/#primaryimage\"},\"image\":{\"@id\":\"https:\\\/\\\/www.rassegnastampa-totustuus.it\\\/cattolica\\\/femminicidi-altro-che-razzismo-numeri-e-fatti-danno-ragione-a-nordio\\\/#primaryimage\"},\"thumbnailUrl\":\"https:\\\/\\\/www.rassegnastampa-totustuus.it\\\/cattolica\\\/wp-content\\\/uploads\\\/2025\\\/04\\\/femminicidio_femminismo.jpg\",\"datePublished\":\"2025-04-07T08:31:05+00:00\",\"dateModified\":\"2025-04-07T08:31:07+00:00\",\"description\":\"Femminicidi, altro che razzismo: numeri e fatti danno ragione a Nordio, c'\u00e8 chi non rispetta i diritti universali\",\"breadcrumb\":{\"@id\":\"https:\\\/\\\/www.rassegnastampa-totustuus.it\\\/cattolica\\\/femminicidi-altro-che-razzismo-numeri-e-fatti-danno-ragione-a-nordio\\\/#breadcrumb\"},\"inLanguage\":\"it-IT\",\"potentialAction\":[{\"@type\":\"ReadAction\",\"target\":[\"https:\\\/\\\/www.rassegnastampa-totustuus.it\\\/cattolica\\\/femminicidi-altro-che-razzismo-numeri-e-fatti-danno-ragione-a-nordio\\\/\"]}]},{\"@type\":\"ImageObject\",\"inLanguage\":\"it-IT\",\"@id\":\"https:\\\/\\\/www.rassegnastampa-totustuus.it\\\/cattolica\\\/femminicidi-altro-che-razzismo-numeri-e-fatti-danno-ragione-a-nordio\\\/#primaryimage\",\"url\":\"https:\\\/\\\/www.rassegnastampa-totustuus.it\\\/cattolica\\\/wp-content\\\/uploads\\\/2025\\\/04\\\/femminicidio_femminismo.jpg\",\"contentUrl\":\"https:\\\/\\\/www.rassegnastampa-totustuus.it\\\/cattolica\\\/wp-content\\\/uploads\\\/2025\\\/04\\\/femminicidio_femminismo.jpg\",\"width\":640,\"height\":480},{\"@type\":\"BreadcrumbList\",\"@id\":\"https:\\\/\\\/www.rassegnastampa-totustuus.it\\\/cattolica\\\/femminicidi-altro-che-razzismo-numeri-e-fatti-danno-ragione-a-nordio\\\/#breadcrumb\",\"itemListElement\":[{\"@type\":\"ListItem\",\"position\":1,\"name\":\"Home\",\"item\":\"https:\\\/\\\/www.rassegnastampa-totustuus.it\\\/cattolica\\\/\"},{\"@type\":\"ListItem\",\"position\":2,\"name\":\"Femminicidi, altro che razzismo, ci sono numeri e fatti\"}]},{\"@type\":\"WebSite\",\"@id\":\"https:\\\/\\\/www.rassegnastampa-totustuus.it\\\/cattolica\\\/#website\",\"url\":\"https:\\\/\\\/www.rassegnastampa-totustuus.it\\\/cattolica\\\/\",\"name\":\"Rassegna Stampa Cattolica\",\"description\":\"Per una cultura che nasce dalla Rivelazione cristiana in conformit\u00e0 alla tradizione e al Magistero della Chiesa in opposizione ad ogni relativismo e totalitarismo\",\"publisher\":{\"@id\":\"https:\\\/\\\/www.rassegnastampa-totustuus.it\\\/cattolica\\\/#organization\"},\"alternateName\":\"Rass. Cattolica\",\"potentialAction\":[{\"@type\":\"SearchAction\",\"target\":{\"@type\":\"EntryPoint\",\"urlTemplate\":\"https:\\\/\\\/www.rassegnastampa-totustuus.it\\\/cattolica\\\/?s={search_term_string}\"},\"query-input\":{\"@type\":\"PropertyValueSpecification\",\"valueRequired\":true,\"valueName\":\"search_term_string\"}}],\"inLanguage\":\"it-IT\"},{\"@type\":\"Organization\",\"@id\":\"https:\\\/\\\/www.rassegnastampa-totustuus.it\\\/cattolica\\\/#organization\",\"name\":\"Rassegna Stampa Cattolica\",\"url\":\"https:\\\/\\\/www.rassegnastampa-totustuus.it\\\/cattolica\\\/\",\"logo\":{\"@type\":\"ImageObject\",\"inLanguage\":\"it-IT\",\"@id\":\"https:\\\/\\\/www.rassegnastampa-totustuus.it\\\/cattolica\\\/#\\\/schema\\\/logo\\\/image\\\/\",\"url\":\"https:\\\/\\\/www.rassegnastampa-totustuus.it\\\/cattolica\\\/wp-content\\\/uploads\\\/2014\\\/04\\\/logo-rassegna1.gif\",\"contentUrl\":\"https:\\\/\\\/www.rassegnastampa-totustuus.it\\\/cattolica\\\/wp-content\\\/uploads\\\/2014\\\/04\\\/logo-rassegna1.gif\",\"width\":600,\"height\":163,\"caption\":\"Rassegna Stampa Cattolica\"},\"image\":{\"@id\":\"https:\\\/\\\/www.rassegnastampa-totustuus.it\\\/cattolica\\\/#\\\/schema\\\/logo\\\/image\\\/\"},\"sameAs\":[\"https:\\\/\\\/www.facebook.com\\\/rassegnastampacattolica\",\"https:\\\/\\\/x.com\\\/rassegnastampa9\"]},{\"@type\":\"Person\",\"@id\":\"https:\\\/\\\/www.rassegnastampa-totustuus.it\\\/cattolica\\\/#\\\/schema\\\/person\\\/08f319d2bd1a0904ad9e2bfb7b15e5c3\",\"name\":\"Redazione\",\"image\":{\"@type\":\"ImageObject\",\"inLanguage\":\"it-IT\",\"@id\":\"https:\\\/\\\/secure.gravatar.com\\\/avatar\\\/2fcdf27c78ea025fbdb44e914cc63c72249ffec9dc8aafd5c82b26240ef3f346?s=96&d=mm&r=g\",\"url\":\"https:\\\/\\\/secure.gravatar.com\\\/avatar\\\/2fcdf27c78ea025fbdb44e914cc63c72249ffec9dc8aafd5c82b26240ef3f346?s=96&d=mm&r=g\",\"contentUrl\":\"https:\\\/\\\/secure.gravatar.com\\\/avatar\\\/2fcdf27c78ea025fbdb44e914cc63c72249ffec9dc8aafd5c82b26240ef3f346?s=96&d=mm&r=g\",\"caption\":\"Redazione\"},\"url\":\"https:\\\/\\\/www.rassegnastampa-totustuus.it\\\/cattolica\\\/author\\\/pietroelle\\\/\"}]}<\/script>\n<!-- \/ Yoast SEO plugin. -->","yoast_head_json":{"title":"Femminicidi, altro che razzismo, ci sono numeri e fatti - Rassegna Stampa Cattolica","description":"Femminicidi, altro che razzismo: numeri e fatti danno ragione a Nordio, c'\u00e8 chi non rispetta i diritti universali","robots":{"index":"index","follow":"follow","max-snippet":"max-snippet:-1","max-image-preview":"max-image-preview:large","max-video-preview":"max-video-preview:-1"},"canonical":"https:\/\/www.rassegnastampa-totustuus.it\/cattolica\/femminicidi-altro-che-razzismo-numeri-e-fatti-danno-ragione-a-nordio\/","og_locale":"it_IT","og_type":"article","og_title":"Femminicidi, altro che razzismo, ci sono numeri e fatti - Rassegna Stampa Cattolica","og_description":"Femminicidi, altro che razzismo: numeri e fatti danno ragione a Nordio, c'\u00e8 chi non rispetta i diritti universali","og_url":"https:\/\/www.rassegnastampa-totustuus.it\/cattolica\/femminicidi-altro-che-razzismo-numeri-e-fatti-danno-ragione-a-nordio\/","og_site_name":"Rassegna Stampa Cattolica","article_publisher":"https:\/\/www.facebook.com\/rassegnastampacattolica","article_published_time":"2025-04-07T08:31:05+00:00","article_modified_time":"2025-04-07T08:31:07+00:00","og_image":[{"width":640,"height":480,"url":"https:\/\/www.rassegnastampa-totustuus.it\/cattolica\/wp-content\/uploads\/2025\/04\/femminicidio_femminismo.jpg","type":"image\/jpeg"}],"author":"Redazione","twitter_card":"summary_large_image","twitter_creator":"@rassegnastampa9","twitter_site":"@rassegnastampa9","twitter_misc":{"Scritto da":"Redazione","Tempo di lettura stimato":"7 minuti"},"schema":{"@context":"https:\/\/schema.org","@graph":[{"@type":"Article","@id":"https:\/\/www.rassegnastampa-totustuus.it\/cattolica\/femminicidi-altro-che-razzismo-numeri-e-fatti-danno-ragione-a-nordio\/#article","isPartOf":{"@id":"https:\/\/www.rassegnastampa-totustuus.it\/cattolica\/femminicidi-altro-che-razzismo-numeri-e-fatti-danno-ragione-a-nordio\/"},"author":{"name":"Redazione","@id":"https:\/\/www.rassegnastampa-totustuus.it\/cattolica\/#\/schema\/person\/08f319d2bd1a0904ad9e2bfb7b15e5c3"},"headline":"Femminicidi, altro che razzismo, ci sono numeri e fatti","datePublished":"2025-04-07T08:31:05+00:00","dateModified":"2025-04-07T08:31:07+00:00","mainEntityOfPage":{"@id":"https:\/\/www.rassegnastampa-totustuus.it\/cattolica\/femminicidi-altro-che-razzismo-numeri-e-fatti-danno-ragione-a-nordio\/"},"wordCount":1038,"publisher":{"@id":"https:\/\/www.rassegnastampa-totustuus.it\/cattolica\/#organization"},"image":{"@id":"https:\/\/www.rassegnastampa-totustuus.it\/cattolica\/femminicidi-altro-che-razzismo-numeri-e-fatti-danno-ragione-a-nordio\/#primaryimage"},"thumbnailUrl":"https:\/\/www.rassegnastampa-totustuus.it\/cattolica\/wp-content\/uploads\/2025\/04\/femminicidio_femminismo.jpg","keywords":["donne","donne islamiche","femminicidio","femminismo"],"articleSection":["Islam","Islam in Italia"],"inLanguage":"it-IT"},{"@type":"WebPage","@id":"https:\/\/www.rassegnastampa-totustuus.it\/cattolica\/femminicidi-altro-che-razzismo-numeri-e-fatti-danno-ragione-a-nordio\/","url":"https:\/\/www.rassegnastampa-totustuus.it\/cattolica\/femminicidi-altro-che-razzismo-numeri-e-fatti-danno-ragione-a-nordio\/","name":"Femminicidi, altro che razzismo, ci sono numeri e fatti - Rassegna Stampa Cattolica","isPartOf":{"@id":"https:\/\/www.rassegnastampa-totustuus.it\/cattolica\/#website"},"primaryImageOfPage":{"@id":"https:\/\/www.rassegnastampa-totustuus.it\/cattolica\/femminicidi-altro-che-razzismo-numeri-e-fatti-danno-ragione-a-nordio\/#primaryimage"},"image":{"@id":"https:\/\/www.rassegnastampa-totustuus.it\/cattolica\/femminicidi-altro-che-razzismo-numeri-e-fatti-danno-ragione-a-nordio\/#primaryimage"},"thumbnailUrl":"https:\/\/www.rassegnastampa-totustuus.it\/cattolica\/wp-content\/uploads\/2025\/04\/femminicidio_femminismo.jpg","datePublished":"2025-04-07T08:31:05+00:00","dateModified":"2025-04-07T08:31:07+00:00","description":"Femminicidi, altro che razzismo: numeri e fatti danno ragione a Nordio, c'\u00e8 chi non rispetta i diritti universali","breadcrumb":{"@id":"https:\/\/www.rassegnastampa-totustuus.it\/cattolica\/femminicidi-altro-che-razzismo-numeri-e-fatti-danno-ragione-a-nordio\/#breadcrumb"},"inLanguage":"it-IT","potentialAction":[{"@type":"ReadAction","target":["https:\/\/www.rassegnastampa-totustuus.it\/cattolica\/femminicidi-altro-che-razzismo-numeri-e-fatti-danno-ragione-a-nordio\/"]}]},{"@type":"ImageObject","inLanguage":"it-IT","@id":"https:\/\/www.rassegnastampa-totustuus.it\/cattolica\/femminicidi-altro-che-razzismo-numeri-e-fatti-danno-ragione-a-nordio\/#primaryimage","url":"https:\/\/www.rassegnastampa-totustuus.it\/cattolica\/wp-content\/uploads\/2025\/04\/femminicidio_femminismo.jpg","contentUrl":"https:\/\/www.rassegnastampa-totustuus.it\/cattolica\/wp-content\/uploads\/2025\/04\/femminicidio_femminismo.jpg","width":640,"height":480},{"@type":"BreadcrumbList","@id":"https:\/\/www.rassegnastampa-totustuus.it\/cattolica\/femminicidi-altro-che-razzismo-numeri-e-fatti-danno-ragione-a-nordio\/#breadcrumb","itemListElement":[{"@type":"ListItem","position":1,"name":"Home","item":"https:\/\/www.rassegnastampa-totustuus.it\/cattolica\/"},{"@type":"ListItem","position":2,"name":"Femminicidi, altro che razzismo, ci sono numeri e fatti"}]},{"@type":"WebSite","@id":"https:\/\/www.rassegnastampa-totustuus.it\/cattolica\/#website","url":"https:\/\/www.rassegnastampa-totustuus.it\/cattolica\/","name":"Rassegna Stampa Cattolica","description":"Per una cultura che nasce dalla Rivelazione cristiana in conformit\u00e0 alla tradizione e al Magistero della Chiesa in opposizione ad ogni relativismo e totalitarismo","publisher":{"@id":"https:\/\/www.rassegnastampa-totustuus.it\/cattolica\/#organization"},"alternateName":"Rass. Cattolica","potentialAction":[{"@type":"SearchAction","target":{"@type":"EntryPoint","urlTemplate":"https:\/\/www.rassegnastampa-totustuus.it\/cattolica\/?s={search_term_string}"},"query-input":{"@type":"PropertyValueSpecification","valueRequired":true,"valueName":"search_term_string"}}],"inLanguage":"it-IT"},{"@type":"Organization","@id":"https:\/\/www.rassegnastampa-totustuus.it\/cattolica\/#organization","name":"Rassegna Stampa Cattolica","url":"https:\/\/www.rassegnastampa-totustuus.it\/cattolica\/","logo":{"@type":"ImageObject","inLanguage":"it-IT","@id":"https:\/\/www.rassegnastampa-totustuus.it\/cattolica\/#\/schema\/logo\/image\/","url":"https:\/\/www.rassegnastampa-totustuus.it\/cattolica\/wp-content\/uploads\/2014\/04\/logo-rassegna1.gif","contentUrl":"https:\/\/www.rassegnastampa-totustuus.it\/cattolica\/wp-content\/uploads\/2014\/04\/logo-rassegna1.gif","width":600,"height":163,"caption":"Rassegna Stampa Cattolica"},"image":{"@id":"https:\/\/www.rassegnastampa-totustuus.it\/cattolica\/#\/schema\/logo\/image\/"},"sameAs":["https:\/\/www.facebook.com\/rassegnastampacattolica","https:\/\/x.com\/rassegnastampa9"]},{"@type":"Person","@id":"https:\/\/www.rassegnastampa-totustuus.it\/cattolica\/#\/schema\/person\/08f319d2bd1a0904ad9e2bfb7b15e5c3","name":"Redazione","image":{"@type":"ImageObject","inLanguage":"it-IT","@id":"https:\/\/secure.gravatar.com\/avatar\/2fcdf27c78ea025fbdb44e914cc63c72249ffec9dc8aafd5c82b26240ef3f346?s=96&d=mm&r=g","url":"https:\/\/secure.gravatar.com\/avatar\/2fcdf27c78ea025fbdb44e914cc63c72249ffec9dc8aafd5c82b26240ef3f346?s=96&d=mm&r=g","contentUrl":"https:\/\/secure.gravatar.com\/avatar\/2fcdf27c78ea025fbdb44e914cc63c72249ffec9dc8aafd5c82b26240ef3f346?s=96&d=mm&r=g","caption":"Redazione"},"url":"https:\/\/www.rassegnastampa-totustuus.it\/cattolica\/author\/pietroelle\/"}]}},"_links":{"self":[{"href":"https:\/\/www.rassegnastampa-totustuus.it\/cattolica\/wp-json\/wp\/v2\/posts\/62459","targetHints":{"allow":["GET"]}}],"collection":[{"href":"https:\/\/www.rassegnastampa-totustuus.it\/cattolica\/wp-json\/wp\/v2\/posts"}],"about":[{"href":"https:\/\/www.rassegnastampa-totustuus.it\/cattolica\/wp-json\/wp\/v2\/types\/post"}],"author":[{"embeddable":true,"href":"https:\/\/www.rassegnastampa-totustuus.it\/cattolica\/wp-json\/wp\/v2\/users\/6"}],"replies":[{"embeddable":true,"href":"https:\/\/www.rassegnastampa-totustuus.it\/cattolica\/wp-json\/wp\/v2\/comments?post=62459"}],"version-history":[{"count":1,"href":"https:\/\/www.rassegnastampa-totustuus.it\/cattolica\/wp-json\/wp\/v2\/posts\/62459\/revisions"}],"predecessor-version":[{"id":62461,"href":"https:\/\/www.rassegnastampa-totustuus.it\/cattolica\/wp-json\/wp\/v2\/posts\/62459\/revisions\/62461"}],"wp:featuredmedia":[{"embeddable":true,"href":"https:\/\/www.rassegnastampa-totustuus.it\/cattolica\/wp-json\/wp\/v2\/media\/62460"}],"wp:attachment":[{"href":"https:\/\/www.rassegnastampa-totustuus.it\/cattolica\/wp-json\/wp\/v2\/media?parent=62459"}],"wp:term":[{"taxonomy":"category","embeddable":true,"href":"https:\/\/www.rassegnastampa-totustuus.it\/cattolica\/wp-json\/wp\/v2\/categories?post=62459"},{"taxonomy":"post_tag","embeddable":true,"href":"https:\/\/www.rassegnastampa-totustuus.it\/cattolica\/wp-json\/wp\/v2\/tags?post=62459"}],"curies":[{"name":"wp","href":"https:\/\/api.w.org\/{rel}","templated":true}]}}