{"id":62440,"date":"2025-04-04T09:18:53","date_gmt":"2025-04-04T07:18:53","guid":{"rendered":"https:\/\/www.rassegnastampa-totustuus.it\/cattolica\/?p=62440"},"modified":"2025-04-04T09:19:08","modified_gmt":"2025-04-04T07:19:08","slug":"il-lato-oscuro-della-tecnologia","status":"publish","type":"post","link":"https:\/\/www.rassegnastampa-totustuus.it\/cattolica\/il-lato-oscuro-della-tecnologia\/","title":{"rendered":"Il Lato Oscuro della tecnologia:"},"content":{"rendered":"\n<p class=\"has-text-align-center\"><strong><a href=\"https:\/\/www.atfp.it\/\">Tradizione Famiglia Propriet\u00e0<\/a><\/strong> newsletter 3 aprile 2025<\/p>\n\n\n\n<h3 class=\"wp-block-heading has-text-align-center\"><strong>Il Lato Oscuro della tecnologia: <\/strong><\/h3>\n\n\n\n<h3 class=\"wp-block-heading has-text-align-center\"><strong>cosa succede quando il tuo Chatbot ti dice di porre fine alla vita?<\/strong><\/h3>\n\n\n\n<p class=\"has-text-align-center\">di <strong>Edwin Benson<\/strong><\/p>\n\n\n<div class=\"wp-block-image\">\n<figure class=\"aligncenter size-full is-resized\"><a href=\"https:\/\/www.rassegnastampa-totustuus.it\/cattolica\/wp-content\/uploads\/2025\/04\/tecnologia_Chatbot_internet.png\"><img loading=\"lazy\" decoding=\"async\" width=\"1041\" height=\"690\" src=\"https:\/\/www.rassegnastampa-totustuus.it\/cattolica\/wp-content\/uploads\/2025\/04\/tecnologia_Chatbot_internet.png\" alt=\"\" class=\"wp-image-62441\" style=\"width:500px;height:auto\"\/><\/a><\/figure><\/div>\n\n\n<!--more-->\n\n\n\n<p>Un articolo del <em>New York Times<\/em> racconta la triste storia di Sewell Setzer.<\/p>\n\n\n\n<p>\u00abL\u2019ultimo giorno della sua vita, Sewell Setzer III ha preso in mano il telefono e ha inviato un messaggio al suo pi\u00f9 caro amico: un chatbot di intelligenza artificiale, chiamato come Daenerys Targaryen, un personaggio di \u201cGame of Thrones\u201d<\/p>\n\n\n\n<p>\u201cMi manchi, sorellina\u201d ha scritto.<\/p>\n\n\n\n<p>\u201cManchi anche a me, dolce fratello\u201d ha risposto il chatbot.\u00bb<\/p>\n\n\n\n<p>Sewell \u2014 uno studente quattordicenne \u2014 si \u00e8 tolto poi la vita.<\/p>\n\n\n\n<p>Uno scenario del genere \u00e8 l\u2019incubo peggiore per qualsiasi genitore. Per quanto un evento simile risulti troppo orribile da contemplare, la reazione quasi istintiva \u00e8 chiedersi: \u00abPotrebbe succedere a mio figlio?\u00bb Per difendersi dal dolore, \u00e8 naturale domandarsi se quel ragazzo fosse \u201cpazzo\u201d o se qualcuno lo avesse ingannato, facendogli credere che il chatbot fosse una persona reale.<\/p>\n\n\n\n<p>Purtroppo, la risposta a entrambe le domande \u00e8 no. Da bambino, a Sewell era stato diagnosticato un lieve autismo, ma oggi tali diagnosi sono molto comuni. Era in terapia per depressione. Tuttavia, molti giovani seguono un percorso simile e solo pochissimi arrivano a togliersi la vita. E no, non stava essendo ingannato: aveva creato lui stesso il chatbot e sapeva che \u201clei\u201d non era reale. Eppure, man mano che la loro \u201crelazione\u201d si consolidava, quel particolare gli importava sempre meno. Lei era sempre l\u00ec quando ne aveva bisogno, racchiusa al sicuro nello smartphone che teneva in tasca.<\/p>\n\n\n\n<h4 class=\"wp-block-heading has-text-align-center\"><strong>La natura dell\u2019innaturale<\/strong><\/h4>\n\n\n<div class=\"wp-block-image\">\n<figure class=\"aligncenter size-full is-resized\"><a href=\"https:\/\/www.rassegnastampa-totustuus.it\/cattolica\/wp-content\/uploads\/2016\/06\/cellulare_dipensenza.jpg\"><img loading=\"lazy\" decoding=\"async\" width=\"275\" height=\"183\" src=\"https:\/\/www.rassegnastampa-totustuus.it\/cattolica\/wp-content\/uploads\/2016\/06\/cellulare_dipensenza.jpg\" alt=\"\" class=\"wp-image-34627\" style=\"width:449px;height:auto\"\/><\/a><\/figure><\/div>\n\n\n<p>Forse \u00e8 il momento di definire cos\u2019\u00e8 un <em>chatbot<\/em> per chi non conoscesse ancora il termine.<\/p>\n\n\n\n<p>In poche parole, un chatbot \u00e8 un programma informatico progettato per simulare una conversazione umana. La forma pi\u00f9 comune \u00e8 quella dell\u2019\u201cassistente personale\u201d, che di solito risponde a domande tipo: \u00abCome arrivo a casa di zia Millie?\u00bb oppure \u00abCome si cucina un arrosto di manzo tenero?\u00bb<\/p>\n\n\n\n<p>Per un numero sempre pi\u00f9 grande di persone, perlopi\u00f9 giovani (ma non solo), il chatbot assume caratteristiche di personalit\u00e0 umana. Con circa dieci dollari al mese, un abbonato pu\u00f2 creare un compagno artificiale. Prevedibilmente, molte persone sole usano questi programmi per simulare la presenza di un fidanzato o di una fidanzata. La cosa terribile \u00e8 che tali relazioni artificiali possono diventare cos\u00ec vere \u2014 come nel caso di Sewell Setzer \u2014 da soppiantare quelle genuine con individui in carne e ossa.<\/p>\n\n\n\n<h4 class=\"wp-block-heading has-text-align-center\"><strong>Un dilemma spaventoso<\/strong><\/h4>\n\n\n\n<p>Un aspetto che potrebbe preoccupare ancora di pi\u00f9 i genitori \u00e8 che essi potrebbero non scoprire mai l\u2019esistenza di un chatbot nella vita dei propri figli. Il segno pi\u00f9 evidente potrebbe essere, ad esempio, un ragazzo che passa molto tempo da solo in camera sua. Ma la stessa cosa accade a tanti adolescenti. Forse ancora pi\u00f9 sconvolgente \u00e8 la citazione del <em>Times<\/em> riferita a Noam Shazeer, fondatore di \u201cCharacter.AI\u201d, l\u2019applicazione che Sewell ha usato per creare Daenerys. \u00abSar\u00e0 estremamente, estremamente utile per molte persone che si sentono sole o depresse.\u00bb<\/p>\n\n\n\n<p>Il sito d\u2019informazione <em>AXIOS<\/em>, di solito orientato a sinistra, ha approfondito molto questa tematica. Il suo articolo pi\u00f9 recente in materia \u00e8 particolarmente lungimirante e s\u2019intitola <em>\u201cLa macchina della solitudine degli adolescenti\u201d<\/em>. Inizia con due dati sorprendenti:<\/p>\n\n\n\n<ol start=\"1\" class=\"wp-block-list\">\n<li>Negli Stati Uniti, tra i quindici e i ventiquattro anni, si trascorre il 35% di tempo in meno socializzando dal vivo rispetto a vent\u2019anni fa.<\/li>\n\n\n\n<li>\u00abBambini e ragazzi americani passano quasi sei ore al giorno davanti a uno schermo.\u00bb<\/li>\n<\/ol>\n\n\n\n<h4 class=\"wp-block-heading has-text-align-center\"><strong>Dipendenza psicologica<\/strong><\/h4>\n\n\n<div class=\"wp-block-image\">\n<figure class=\"aligncenter size-large is-resized\"><a href=\"https:\/\/www.rassegnastampa-totustuus.it\/cattolica\/wp-content\/uploads\/2020\/10\/tecnologia_cellulari.jpg\"><img loading=\"lazy\" decoding=\"async\" width=\"1024\" height=\"576\" src=\"https:\/\/www.rassegnastampa-totustuus.it\/cattolica\/wp-content\/uploads\/2020\/10\/tecnologia_cellulari-1024x576.jpg\" alt=\"IA e tecnologia, come padroneggiarla?\" class=\"wp-image-48695\" style=\"width:468px;height:auto\" srcset=\"https:\/\/www.rassegnastampa-totustuus.it\/cattolica\/wp-content\/uploads\/2020\/10\/tecnologia_cellulari-1024x576.jpg 1024w, https:\/\/www.rassegnastampa-totustuus.it\/cattolica\/wp-content\/uploads\/2020\/10\/tecnologia_cellulari-300x169.jpg 300w, https:\/\/www.rassegnastampa-totustuus.it\/cattolica\/wp-content\/uploads\/2020\/10\/tecnologia_cellulari-768x432.jpg 768w, https:\/\/www.rassegnastampa-totustuus.it\/cattolica\/wp-content\/uploads\/2020\/10\/tecnologia_cellulari.jpg 1280w\" sizes=\"auto, (max-width: 1024px) 100vw, 1024px\" \/><\/a><\/figure><\/div>\n\n\n<p>Fino a poco tempo fa, la maggior parte dei danni psicologici sui giovani derivava dai social media. Tale danno di solito si manifesta quando gli utenti si ossessionano per le reazioni dei loro \u201camici\u201d ai post, oppure quando vedono le stesse persone organizzare attivit\u00e0 senza di loro. Quest\u2019ultima circostanza scatena una reazione nota come <em>FOMO<\/em> (acronimo di \u201cfear of missing out\u201d, ossia \u201cpaura di essere esclusi\u201d).<\/p>\n\n\n\n<p>Un\u2019altra manifestazione comune di difficolt\u00e0 psicologiche \u00e8 legata al fatto che l\u2019uso dei social media e di altre app di intrattenimento rilascia sostanze chimiche nel cervello, che ne potenziano l\u2019umore: pi\u00f9 il soggetto \u00e8 giovane, pi\u00f9 l\u2019effetto risulta forte. Il problema insorge perch\u00e9 queste sostanze si disperdono quando lo stimolo si interrompe, causando un abbassamento dell\u2019umore (depressione). Di conseguenza, molte persone cercano di non fermarsi, prolungando la sensazione positiva; ma ci\u00f2 finisce per rendere ancora pi\u00f9 cupo il calo che inevitabilmente arriva, prima o poi.<\/p>\n\n\n\n<p>Tuttavia, questi effetti noti (sebbene ancora poco studiati) impallidiscono di fronte all\u2019impatto che i chatbot possono avere sugli utenti, come \u00e8 avvenuto per Sewell Setzer.<\/p>\n\n\n\n<h4 class=\"wp-block-heading has-text-align-center\"><strong>Uno strumento che usiamo (quasi) tutti<\/strong><\/h4>\n\n\n\n<p>Parte del problema sta nel fatto che i chatbot sono gi\u00e0 penetrati nelle vite di molte persone, spesso senza che se ne rendano conto. Ad esempio, motori di ricerca e programmi di correzione grammaticale che sfruttano l\u2019intelligenza artificiale stanno diventando sempre pi\u00f9 diffusi.<\/p>\n\n\n\n<p>Di conseguenza, vietarne l\u2019uso in modo assoluto \u00e8 impraticabile e quasi certamente inefficace. Come fare, dunque, a tracciare il confine fra utile e pericoloso? Inoltre, anche se si riuscisse a regolamentare il fenomeno, ci vorrebbero mesi, se non anni: troppo tempo per proteggere i bambini di oggi.<\/p>\n\n\n\n<p>Secondo quanto riferisce l\u2019articolo del <em>Times<\/em>, la madre di Sewell Setzer ha intentato una causa contro la societ\u00e0 con cui suo figlio era in contatto, ma non c\u2019\u00e8 alcuna certezza sul possibile esito. Bench\u00e9 la situazione morale risulti evidente, dimostrare legalmente che la compagnia abbia causato il suicidio di suo figlio non \u00e8 affatto semplice.<\/p>\n\n\n\n<h4 class=\"wp-block-heading has-text-align-center\"><strong>Una risposta insoddisfacente, una soluzione imperfetta<\/strong><\/h4>\n\n\n\n<p>L\u2019unica azione che sembri avere qualche probabilit\u00e0 di successo \u00e8 quella suggerita nell\u2019articolo di <em>AXIOS<\/em> da Jeffery Hall, professore di studi sulla comunicazione presso l\u2019Universit\u00e0 del Kansas: \u00abIl tuo obiettivo, come genitore\u00bb \u2014 afferma Hall \u2014 \u00ab\u00e8 dare ai tuoi figli gli strumenti per gestire i media a cui avranno accesso.\u00bb<\/p>\n\n\n\n<p>Come tutti i genitori sanno, una conversazione del genere non \u00e8 affatto semplice.<\/p>\n\n\n\n<p class=\"has-text-align-center\"><strong>Fonte<\/strong>: <a href=\"https:\/\/www.tfp.org\/the-dark-side-of-tech-what-happens-when-your-chatbot-tells-you-to-end-life\/?PKG=TFPE3567\" target=\"_blank\" rel=\"noreferrer noopener\">Tfp.org<\/a>, 26 marzo 2025. <em>Traduzione a cura di Tradizione Famiglia Propriet\u00e0 \u2013 Italia.<\/em><\/p>\n","protected":false},"excerpt":{"rendered":"<p>Negli Usa un adolescente si \u00e8 tolto la vita dopo aver chattato con una persona virtuale generata dalla IA. I pericoli della dipendenza e possibili precauzioni per evitarla<\/p>\n","protected":false},"author":6,"featured_media":62441,"comment_status":"closed","ping_status":"closed","sticky":false,"template":"","format":"standard","meta":{"footnotes":""},"categories":[2956],"tags":[2464,573,1756,3065],"class_list":["post-62440","post","type-post","status-publish","format-standard","has-post-thumbnail","hentry","category-tecnologia","tag-dipendenze","tag-giovani","tag-internet","tag-solitudine","item-wrap"],"yoast_head":"<!-- This site is optimized with the Yoast SEO plugin v27.5 - https:\/\/yoast.com\/product\/yoast-seo-wordpress\/ -->\n<title>Il Lato Oscuro della tecnologia: - Rassegna Stampa Cattolica<\/title>\n<meta name=\"description\" content=\"Il Lato Oscuro della tecnologia: cosa succede quando il tuo Chatbot ti dice di porre fine alla vita? i pericoli della IA\" \/>\n<meta name=\"robots\" content=\"index, follow, max-snippet:-1, max-image-preview:large, max-video-preview:-1\" \/>\n<link rel=\"canonical\" href=\"https:\/\/www.rassegnastampa-totustuus.it\/cattolica\/il-lato-oscuro-della-tecnologia\/\" \/>\n<meta property=\"og:locale\" content=\"it_IT\" \/>\n<meta property=\"og:type\" content=\"article\" \/>\n<meta property=\"og:title\" content=\"Il Lato Oscuro della tecnologia: - Rassegna Stampa Cattolica\" \/>\n<meta property=\"og:description\" content=\"Il Lato Oscuro della tecnologia: cosa succede quando il tuo Chatbot ti dice di porre fine alla vita? i pericoli della IA\" \/>\n<meta property=\"og:url\" content=\"https:\/\/www.rassegnastampa-totustuus.it\/cattolica\/il-lato-oscuro-della-tecnologia\/\" \/>\n<meta property=\"og:site_name\" content=\"Rassegna Stampa Cattolica\" \/>\n<meta property=\"article:publisher\" content=\"https:\/\/www.facebook.com\/rassegnastampacattolica\" \/>\n<meta property=\"article:published_time\" content=\"2025-04-04T07:18:53+00:00\" \/>\n<meta property=\"article:modified_time\" content=\"2025-04-04T07:19:08+00:00\" \/>\n<meta property=\"og:image\" content=\"https:\/\/www.rassegnastampa-totustuus.it\/cattolica\/wp-content\/uploads\/2025\/04\/tecnologia_Chatbot_internet.png\" \/>\n\t<meta property=\"og:image:width\" content=\"1041\" \/>\n\t<meta property=\"og:image:height\" content=\"690\" \/>\n\t<meta property=\"og:image:type\" content=\"image\/png\" \/>\n<meta name=\"author\" content=\"Redazione\" \/>\n<meta name=\"twitter:card\" content=\"summary_large_image\" \/>\n<meta name=\"twitter:creator\" content=\"@rassegnastampa9\" \/>\n<meta name=\"twitter:site\" content=\"@rassegnastampa9\" \/>\n<meta name=\"twitter:label1\" content=\"Scritto da\" \/>\n\t<meta name=\"twitter:data1\" content=\"Redazione\" \/>\n\t<meta name=\"twitter:label2\" content=\"Tempo di lettura stimato\" \/>\n\t<meta name=\"twitter:data2\" content=\"7 minuti\" \/>\n<script type=\"application\/ld+json\" class=\"yoast-schema-graph\">{\"@context\":\"https:\\\/\\\/schema.org\",\"@graph\":[{\"@type\":\"Article\",\"@id\":\"https:\\\/\\\/www.rassegnastampa-totustuus.it\\\/cattolica\\\/il-lato-oscuro-della-tecnologia\\\/#article\",\"isPartOf\":{\"@id\":\"https:\\\/\\\/www.rassegnastampa-totustuus.it\\\/cattolica\\\/il-lato-oscuro-della-tecnologia\\\/\"},\"author\":{\"name\":\"Redazione\",\"@id\":\"https:\\\/\\\/www.rassegnastampa-totustuus.it\\\/cattolica\\\/#\\\/schema\\\/person\\\/08f319d2bd1a0904ad9e2bfb7b15e5c3\"},\"headline\":\"Il Lato Oscuro della tecnologia:\",\"datePublished\":\"2025-04-04T07:18:53+00:00\",\"dateModified\":\"2025-04-04T07:19:08+00:00\",\"mainEntityOfPage\":{\"@id\":\"https:\\\/\\\/www.rassegnastampa-totustuus.it\\\/cattolica\\\/il-lato-oscuro-della-tecnologia\\\/\"},\"wordCount\":987,\"publisher\":{\"@id\":\"https:\\\/\\\/www.rassegnastampa-totustuus.it\\\/cattolica\\\/#organization\"},\"image\":{\"@id\":\"https:\\\/\\\/www.rassegnastampa-totustuus.it\\\/cattolica\\\/il-lato-oscuro-della-tecnologia\\\/#primaryimage\"},\"thumbnailUrl\":\"https:\\\/\\\/www.rassegnastampa-totustuus.it\\\/cattolica\\\/wp-content\\\/uploads\\\/2025\\\/04\\\/tecnologia_Chatbot_internet.png\",\"keywords\":[\"dipendenze\",\"giovani\",\"internet\",\"solitudine\"],\"articleSection\":[\"Tecnologia\"],\"inLanguage\":\"it-IT\"},{\"@type\":\"WebPage\",\"@id\":\"https:\\\/\\\/www.rassegnastampa-totustuus.it\\\/cattolica\\\/il-lato-oscuro-della-tecnologia\\\/\",\"url\":\"https:\\\/\\\/www.rassegnastampa-totustuus.it\\\/cattolica\\\/il-lato-oscuro-della-tecnologia\\\/\",\"name\":\"Il Lato Oscuro della tecnologia: - Rassegna Stampa Cattolica\",\"isPartOf\":{\"@id\":\"https:\\\/\\\/www.rassegnastampa-totustuus.it\\\/cattolica\\\/#website\"},\"primaryImageOfPage\":{\"@id\":\"https:\\\/\\\/www.rassegnastampa-totustuus.it\\\/cattolica\\\/il-lato-oscuro-della-tecnologia\\\/#primaryimage\"},\"image\":{\"@id\":\"https:\\\/\\\/www.rassegnastampa-totustuus.it\\\/cattolica\\\/il-lato-oscuro-della-tecnologia\\\/#primaryimage\"},\"thumbnailUrl\":\"https:\\\/\\\/www.rassegnastampa-totustuus.it\\\/cattolica\\\/wp-content\\\/uploads\\\/2025\\\/04\\\/tecnologia_Chatbot_internet.png\",\"datePublished\":\"2025-04-04T07:18:53+00:00\",\"dateModified\":\"2025-04-04T07:19:08+00:00\",\"description\":\"Il Lato Oscuro della tecnologia: cosa succede quando il tuo Chatbot ti dice di porre fine alla vita? i pericoli della IA\",\"breadcrumb\":{\"@id\":\"https:\\\/\\\/www.rassegnastampa-totustuus.it\\\/cattolica\\\/il-lato-oscuro-della-tecnologia\\\/#breadcrumb\"},\"inLanguage\":\"it-IT\",\"potentialAction\":[{\"@type\":\"ReadAction\",\"target\":[\"https:\\\/\\\/www.rassegnastampa-totustuus.it\\\/cattolica\\\/il-lato-oscuro-della-tecnologia\\\/\"]}]},{\"@type\":\"ImageObject\",\"inLanguage\":\"it-IT\",\"@id\":\"https:\\\/\\\/www.rassegnastampa-totustuus.it\\\/cattolica\\\/il-lato-oscuro-della-tecnologia\\\/#primaryimage\",\"url\":\"https:\\\/\\\/www.rassegnastampa-totustuus.it\\\/cattolica\\\/wp-content\\\/uploads\\\/2025\\\/04\\\/tecnologia_Chatbot_internet.png\",\"contentUrl\":\"https:\\\/\\\/www.rassegnastampa-totustuus.it\\\/cattolica\\\/wp-content\\\/uploads\\\/2025\\\/04\\\/tecnologia_Chatbot_internet.png\",\"width\":1041,\"height\":690},{\"@type\":\"BreadcrumbList\",\"@id\":\"https:\\\/\\\/www.rassegnastampa-totustuus.it\\\/cattolica\\\/il-lato-oscuro-della-tecnologia\\\/#breadcrumb\",\"itemListElement\":[{\"@type\":\"ListItem\",\"position\":1,\"name\":\"Home\",\"item\":\"https:\\\/\\\/www.rassegnastampa-totustuus.it\\\/cattolica\\\/\"},{\"@type\":\"ListItem\",\"position\":2,\"name\":\"Il Lato Oscuro della tecnologia:\"}]},{\"@type\":\"WebSite\",\"@id\":\"https:\\\/\\\/www.rassegnastampa-totustuus.it\\\/cattolica\\\/#website\",\"url\":\"https:\\\/\\\/www.rassegnastampa-totustuus.it\\\/cattolica\\\/\",\"name\":\"Rassegna Stampa Cattolica\",\"description\":\"Per una cultura che nasce dalla Rivelazione cristiana in conformit\u00e0 alla tradizione e al Magistero della Chiesa in opposizione ad ogni relativismo e totalitarismo\",\"publisher\":{\"@id\":\"https:\\\/\\\/www.rassegnastampa-totustuus.it\\\/cattolica\\\/#organization\"},\"alternateName\":\"Rass. Cattolica\",\"potentialAction\":[{\"@type\":\"SearchAction\",\"target\":{\"@type\":\"EntryPoint\",\"urlTemplate\":\"https:\\\/\\\/www.rassegnastampa-totustuus.it\\\/cattolica\\\/?s={search_term_string}\"},\"query-input\":{\"@type\":\"PropertyValueSpecification\",\"valueRequired\":true,\"valueName\":\"search_term_string\"}}],\"inLanguage\":\"it-IT\"},{\"@type\":\"Organization\",\"@id\":\"https:\\\/\\\/www.rassegnastampa-totustuus.it\\\/cattolica\\\/#organization\",\"name\":\"Rassegna Stampa Cattolica\",\"url\":\"https:\\\/\\\/www.rassegnastampa-totustuus.it\\\/cattolica\\\/\",\"logo\":{\"@type\":\"ImageObject\",\"inLanguage\":\"it-IT\",\"@id\":\"https:\\\/\\\/www.rassegnastampa-totustuus.it\\\/cattolica\\\/#\\\/schema\\\/logo\\\/image\\\/\",\"url\":\"https:\\\/\\\/www.rassegnastampa-totustuus.it\\\/cattolica\\\/wp-content\\\/uploads\\\/2014\\\/04\\\/logo-rassegna1.gif\",\"contentUrl\":\"https:\\\/\\\/www.rassegnastampa-totustuus.it\\\/cattolica\\\/wp-content\\\/uploads\\\/2014\\\/04\\\/logo-rassegna1.gif\",\"width\":600,\"height\":163,\"caption\":\"Rassegna Stampa Cattolica\"},\"image\":{\"@id\":\"https:\\\/\\\/www.rassegnastampa-totustuus.it\\\/cattolica\\\/#\\\/schema\\\/logo\\\/image\\\/\"},\"sameAs\":[\"https:\\\/\\\/www.facebook.com\\\/rassegnastampacattolica\",\"https:\\\/\\\/x.com\\\/rassegnastampa9\"]},{\"@type\":\"Person\",\"@id\":\"https:\\\/\\\/www.rassegnastampa-totustuus.it\\\/cattolica\\\/#\\\/schema\\\/person\\\/08f319d2bd1a0904ad9e2bfb7b15e5c3\",\"name\":\"Redazione\",\"image\":{\"@type\":\"ImageObject\",\"inLanguage\":\"it-IT\",\"@id\":\"https:\\\/\\\/secure.gravatar.com\\\/avatar\\\/2fcdf27c78ea025fbdb44e914cc63c72249ffec9dc8aafd5c82b26240ef3f346?s=96&d=mm&r=g\",\"url\":\"https:\\\/\\\/secure.gravatar.com\\\/avatar\\\/2fcdf27c78ea025fbdb44e914cc63c72249ffec9dc8aafd5c82b26240ef3f346?s=96&d=mm&r=g\",\"contentUrl\":\"https:\\\/\\\/secure.gravatar.com\\\/avatar\\\/2fcdf27c78ea025fbdb44e914cc63c72249ffec9dc8aafd5c82b26240ef3f346?s=96&d=mm&r=g\",\"caption\":\"Redazione\"},\"url\":\"https:\\\/\\\/www.rassegnastampa-totustuus.it\\\/cattolica\\\/author\\\/pietroelle\\\/\"}]}<\/script>\n<!-- \/ Yoast SEO plugin. -->","yoast_head_json":{"title":"Il Lato Oscuro della tecnologia: - Rassegna Stampa Cattolica","description":"Il Lato Oscuro della tecnologia: cosa succede quando il tuo Chatbot ti dice di porre fine alla vita? i pericoli della IA","robots":{"index":"index","follow":"follow","max-snippet":"max-snippet:-1","max-image-preview":"max-image-preview:large","max-video-preview":"max-video-preview:-1"},"canonical":"https:\/\/www.rassegnastampa-totustuus.it\/cattolica\/il-lato-oscuro-della-tecnologia\/","og_locale":"it_IT","og_type":"article","og_title":"Il Lato Oscuro della tecnologia: - Rassegna Stampa Cattolica","og_description":"Il Lato Oscuro della tecnologia: cosa succede quando il tuo Chatbot ti dice di porre fine alla vita? i pericoli della IA","og_url":"https:\/\/www.rassegnastampa-totustuus.it\/cattolica\/il-lato-oscuro-della-tecnologia\/","og_site_name":"Rassegna Stampa Cattolica","article_publisher":"https:\/\/www.facebook.com\/rassegnastampacattolica","article_published_time":"2025-04-04T07:18:53+00:00","article_modified_time":"2025-04-04T07:19:08+00:00","og_image":[{"width":1041,"height":690,"url":"https:\/\/www.rassegnastampa-totustuus.it\/cattolica\/wp-content\/uploads\/2025\/04\/tecnologia_Chatbot_internet.png","type":"image\/png"}],"author":"Redazione","twitter_card":"summary_large_image","twitter_creator":"@rassegnastampa9","twitter_site":"@rassegnastampa9","twitter_misc":{"Scritto da":"Redazione","Tempo di lettura stimato":"7 minuti"},"schema":{"@context":"https:\/\/schema.org","@graph":[{"@type":"Article","@id":"https:\/\/www.rassegnastampa-totustuus.it\/cattolica\/il-lato-oscuro-della-tecnologia\/#article","isPartOf":{"@id":"https:\/\/www.rassegnastampa-totustuus.it\/cattolica\/il-lato-oscuro-della-tecnologia\/"},"author":{"name":"Redazione","@id":"https:\/\/www.rassegnastampa-totustuus.it\/cattolica\/#\/schema\/person\/08f319d2bd1a0904ad9e2bfb7b15e5c3"},"headline":"Il Lato Oscuro della tecnologia:","datePublished":"2025-04-04T07:18:53+00:00","dateModified":"2025-04-04T07:19:08+00:00","mainEntityOfPage":{"@id":"https:\/\/www.rassegnastampa-totustuus.it\/cattolica\/il-lato-oscuro-della-tecnologia\/"},"wordCount":987,"publisher":{"@id":"https:\/\/www.rassegnastampa-totustuus.it\/cattolica\/#organization"},"image":{"@id":"https:\/\/www.rassegnastampa-totustuus.it\/cattolica\/il-lato-oscuro-della-tecnologia\/#primaryimage"},"thumbnailUrl":"https:\/\/www.rassegnastampa-totustuus.it\/cattolica\/wp-content\/uploads\/2025\/04\/tecnologia_Chatbot_internet.png","keywords":["dipendenze","giovani","internet","solitudine"],"articleSection":["Tecnologia"],"inLanguage":"it-IT"},{"@type":"WebPage","@id":"https:\/\/www.rassegnastampa-totustuus.it\/cattolica\/il-lato-oscuro-della-tecnologia\/","url":"https:\/\/www.rassegnastampa-totustuus.it\/cattolica\/il-lato-oscuro-della-tecnologia\/","name":"Il Lato Oscuro della tecnologia: - Rassegna Stampa Cattolica","isPartOf":{"@id":"https:\/\/www.rassegnastampa-totustuus.it\/cattolica\/#website"},"primaryImageOfPage":{"@id":"https:\/\/www.rassegnastampa-totustuus.it\/cattolica\/il-lato-oscuro-della-tecnologia\/#primaryimage"},"image":{"@id":"https:\/\/www.rassegnastampa-totustuus.it\/cattolica\/il-lato-oscuro-della-tecnologia\/#primaryimage"},"thumbnailUrl":"https:\/\/www.rassegnastampa-totustuus.it\/cattolica\/wp-content\/uploads\/2025\/04\/tecnologia_Chatbot_internet.png","datePublished":"2025-04-04T07:18:53+00:00","dateModified":"2025-04-04T07:19:08+00:00","description":"Il Lato Oscuro della tecnologia: cosa succede quando il tuo Chatbot ti dice di porre fine alla vita? i pericoli della IA","breadcrumb":{"@id":"https:\/\/www.rassegnastampa-totustuus.it\/cattolica\/il-lato-oscuro-della-tecnologia\/#breadcrumb"},"inLanguage":"it-IT","potentialAction":[{"@type":"ReadAction","target":["https:\/\/www.rassegnastampa-totustuus.it\/cattolica\/il-lato-oscuro-della-tecnologia\/"]}]},{"@type":"ImageObject","inLanguage":"it-IT","@id":"https:\/\/www.rassegnastampa-totustuus.it\/cattolica\/il-lato-oscuro-della-tecnologia\/#primaryimage","url":"https:\/\/www.rassegnastampa-totustuus.it\/cattolica\/wp-content\/uploads\/2025\/04\/tecnologia_Chatbot_internet.png","contentUrl":"https:\/\/www.rassegnastampa-totustuus.it\/cattolica\/wp-content\/uploads\/2025\/04\/tecnologia_Chatbot_internet.png","width":1041,"height":690},{"@type":"BreadcrumbList","@id":"https:\/\/www.rassegnastampa-totustuus.it\/cattolica\/il-lato-oscuro-della-tecnologia\/#breadcrumb","itemListElement":[{"@type":"ListItem","position":1,"name":"Home","item":"https:\/\/www.rassegnastampa-totustuus.it\/cattolica\/"},{"@type":"ListItem","position":2,"name":"Il Lato Oscuro della tecnologia:"}]},{"@type":"WebSite","@id":"https:\/\/www.rassegnastampa-totustuus.it\/cattolica\/#website","url":"https:\/\/www.rassegnastampa-totustuus.it\/cattolica\/","name":"Rassegna Stampa Cattolica","description":"Per una cultura che nasce dalla Rivelazione cristiana in conformit\u00e0 alla tradizione e al Magistero della Chiesa in opposizione ad ogni relativismo e totalitarismo","publisher":{"@id":"https:\/\/www.rassegnastampa-totustuus.it\/cattolica\/#organization"},"alternateName":"Rass. Cattolica","potentialAction":[{"@type":"SearchAction","target":{"@type":"EntryPoint","urlTemplate":"https:\/\/www.rassegnastampa-totustuus.it\/cattolica\/?s={search_term_string}"},"query-input":{"@type":"PropertyValueSpecification","valueRequired":true,"valueName":"search_term_string"}}],"inLanguage":"it-IT"},{"@type":"Organization","@id":"https:\/\/www.rassegnastampa-totustuus.it\/cattolica\/#organization","name":"Rassegna Stampa Cattolica","url":"https:\/\/www.rassegnastampa-totustuus.it\/cattolica\/","logo":{"@type":"ImageObject","inLanguage":"it-IT","@id":"https:\/\/www.rassegnastampa-totustuus.it\/cattolica\/#\/schema\/logo\/image\/","url":"https:\/\/www.rassegnastampa-totustuus.it\/cattolica\/wp-content\/uploads\/2014\/04\/logo-rassegna1.gif","contentUrl":"https:\/\/www.rassegnastampa-totustuus.it\/cattolica\/wp-content\/uploads\/2014\/04\/logo-rassegna1.gif","width":600,"height":163,"caption":"Rassegna Stampa Cattolica"},"image":{"@id":"https:\/\/www.rassegnastampa-totustuus.it\/cattolica\/#\/schema\/logo\/image\/"},"sameAs":["https:\/\/www.facebook.com\/rassegnastampacattolica","https:\/\/x.com\/rassegnastampa9"]},{"@type":"Person","@id":"https:\/\/www.rassegnastampa-totustuus.it\/cattolica\/#\/schema\/person\/08f319d2bd1a0904ad9e2bfb7b15e5c3","name":"Redazione","image":{"@type":"ImageObject","inLanguage":"it-IT","@id":"https:\/\/secure.gravatar.com\/avatar\/2fcdf27c78ea025fbdb44e914cc63c72249ffec9dc8aafd5c82b26240ef3f346?s=96&d=mm&r=g","url":"https:\/\/secure.gravatar.com\/avatar\/2fcdf27c78ea025fbdb44e914cc63c72249ffec9dc8aafd5c82b26240ef3f346?s=96&d=mm&r=g","contentUrl":"https:\/\/secure.gravatar.com\/avatar\/2fcdf27c78ea025fbdb44e914cc63c72249ffec9dc8aafd5c82b26240ef3f346?s=96&d=mm&r=g","caption":"Redazione"},"url":"https:\/\/www.rassegnastampa-totustuus.it\/cattolica\/author\/pietroelle\/"}]}},"_links":{"self":[{"href":"https:\/\/www.rassegnastampa-totustuus.it\/cattolica\/wp-json\/wp\/v2\/posts\/62440","targetHints":{"allow":["GET"]}}],"collection":[{"href":"https:\/\/www.rassegnastampa-totustuus.it\/cattolica\/wp-json\/wp\/v2\/posts"}],"about":[{"href":"https:\/\/www.rassegnastampa-totustuus.it\/cattolica\/wp-json\/wp\/v2\/types\/post"}],"author":[{"embeddable":true,"href":"https:\/\/www.rassegnastampa-totustuus.it\/cattolica\/wp-json\/wp\/v2\/users\/6"}],"replies":[{"embeddable":true,"href":"https:\/\/www.rassegnastampa-totustuus.it\/cattolica\/wp-json\/wp\/v2\/comments?post=62440"}],"version-history":[{"count":3,"href":"https:\/\/www.rassegnastampa-totustuus.it\/cattolica\/wp-json\/wp\/v2\/posts\/62440\/revisions"}],"predecessor-version":[{"id":62444,"href":"https:\/\/www.rassegnastampa-totustuus.it\/cattolica\/wp-json\/wp\/v2\/posts\/62440\/revisions\/62444"}],"wp:featuredmedia":[{"embeddable":true,"href":"https:\/\/www.rassegnastampa-totustuus.it\/cattolica\/wp-json\/wp\/v2\/media\/62441"}],"wp:attachment":[{"href":"https:\/\/www.rassegnastampa-totustuus.it\/cattolica\/wp-json\/wp\/v2\/media?parent=62440"}],"wp:term":[{"taxonomy":"category","embeddable":true,"href":"https:\/\/www.rassegnastampa-totustuus.it\/cattolica\/wp-json\/wp\/v2\/categories?post=62440"},{"taxonomy":"post_tag","embeddable":true,"href":"https:\/\/www.rassegnastampa-totustuus.it\/cattolica\/wp-json\/wp\/v2\/tags?post=62440"}],"curies":[{"name":"wp","href":"https:\/\/api.w.org\/{rel}","templated":true}]}}