{"id":62404,"date":"2025-04-01T10:58:45","date_gmt":"2025-04-01T08:58:45","guid":{"rendered":"https:\/\/www.rassegnastampa-totustuus.it\/cattolica\/?p=62404"},"modified":"2025-04-01T11:00:12","modified_gmt":"2025-04-01T09:00:12","slug":"benvenuti-in-italinistan","status":"publish","type":"post","link":"https:\/\/www.rassegnastampa-totustuus.it\/cattolica\/benvenuti-in-italinistan\/","title":{"rendered":"Benvenuti in Italinistan"},"content":{"rendered":"\n<p class=\"has-text-align-center\"><strong><a href=\"https:\/\/meotti.substack.com\/p\/come-abbonarsi-alla-newsletter\" target=\"_blank\" rel=\"noreferrer noopener\">Newsletter di Giulio Meotti<\/a><\/strong> 24 Marzo 2025<\/p>\n\n\n\n<p><em>Il Ramadan a Milano voluto dal PD e dal Qatar (follow the money) \u00e8 solo la scenografia grottesca di un&#8217;islamizzazione che da un anno sta dilagando in tutto il nostro servile paesello<\/em><\/p>\n\n\n\n<p class=\"has-text-align-center\">di <strong>Giulio Meotti<\/strong><\/p>\n\n\n<div class=\"wp-block-image\">\n<figure class=\"aligncenter size-full is-resized\"><a href=\"https:\/\/www.rassegnastampa-totustuus.it\/cattolica\/wp-content\/uploads\/2025\/04\/islam_donne.jpg\"><img loading=\"lazy\" decoding=\"async\" width=\"409\" height=\"288\" src=\"https:\/\/www.rassegnastampa-totustuus.it\/cattolica\/wp-content\/uploads\/2025\/04\/islam_donne.jpg\" alt=\"\" class=\"wp-image-62405\" style=\"width:445px;height:auto\"\/><\/a><\/figure><\/div>\n\n\n<!--more-->\n\n\n\n<p>Il Comune di Milano, come le altre grandi citt\u00e0 europee in via di sottomissione, celebra il Ramadan. Il 21 marzo in piazza Duca D&#8217;Aosta, davanti alla Stazione Centrale, con il patrocinio del Consolato del Qatar, c\u2019\u00e8 stata la cena di Iftar.<\/p>\n\n\n\n<p>Quali sono i segnali dell\u2019islamizzazione di un paese? Mega moschee costruite con i soldi dei regimi stranieri, spazio pubblico allocato per le feste islamiche, lauti investimenti finanziari arabi, magistratura che cede al multiculturalismo, preghiere islamiche per le strade, simboli nazionali sfregiati dalle bandiere islamiche, scuole che fanno concessioni alla sharia, universit\u00e0 che stringono accordi con le dittature mediorientali, attacchi ai siti cristiani. E l\u2019Italia nell\u2019ultimo anno ha visto tutto questo esplodere con una intensit\u00e0 senza precedenti per il nostro paese, che si beava di essere in ritardo rispetto agli altri in Europa.<\/p>\n\n\n\n<p>Ma i \u201c<a href=\"https:\/\/www.corriere.it\/politica\/10_gennaio_05\/sartori-replica-islam_ddd2dd00-f9c4-11de-ad79-00144f02aabe.shtml?utm_source=substack&amp;utm_medium=email\" target=\"_blank\" rel=\"noreferrer noopener\">pensabenisti sull\u2019Islam<\/a>\u201d, come li chiamava quel grande intellettuale libero che era Giovanni Sartori, non li vogliono vedere.<\/p>\n\n\n\n<p>In questo ultimo anno abbiamo visto di tutto in Italia. Una dolce sottomissione che risale a <a href=\"https:\/\/substack.com\/redirect\/7d4f2e87-9e28-4670-80b0-6d753ee6b697?j=eyJ1IjoiZXpzemQifQ.wj8YGTSnPK-VLrl_O9rjBPh9X9Xl8L61WeYx78n7VSY\" target=\"_blank\" rel=\"noreferrer noopener\">quando fu posata la prima pietra della Grande Moschea di Roma<\/a>.<\/p>\n\n\n<div class=\"wp-block-image\">\n<figure class=\"aligncenter size-large is-resized\"><a href=\"https:\/\/www.rassegnastampa-totustuus.it\/cattolica\/wp-content\/uploads\/2019\/04\/moschea_Roma_islam.jpg\"><img loading=\"lazy\" decoding=\"async\" width=\"1024\" height=\"768\" src=\"https:\/\/www.rassegnastampa-totustuus.it\/cattolica\/wp-content\/uploads\/2019\/04\/moschea_Roma_islam-1024x768.jpg\" alt=\"\" class=\"wp-image-42707\" style=\"width:462px;height:auto\" srcset=\"https:\/\/www.rassegnastampa-totustuus.it\/cattolica\/wp-content\/uploads\/2019\/04\/moschea_Roma_islam-1024x768.jpg 1024w, https:\/\/www.rassegnastampa-totustuus.it\/cattolica\/wp-content\/uploads\/2019\/04\/moschea_Roma_islam-300x225.jpg 300w, https:\/\/www.rassegnastampa-totustuus.it\/cattolica\/wp-content\/uploads\/2019\/04\/moschea_Roma_islam-768x576.jpg 768w, https:\/\/www.rassegnastampa-totustuus.it\/cattolica\/wp-content\/uploads\/2019\/04\/moschea_Roma_islam.jpg 1100w\" sizes=\"auto, (max-width: 1024px) 100vw, 1024px\" \/><\/a><\/figure><\/div>\n\n\n<p>Il vecchio adagio secondo cui la demografia \u00e8 destino sembra guidare certe decisioni della sinistra italiana e sembra essersi avverato nelle elezioni federali tedesche, almeno in una certa misura. Mentre i risultati delle elezioni hanno visto Alternativa per la Germania (AfD) e Cristiano Democratici (CDU) ottenere quasi il 50 percento di tutti i voti, se avessero votato solo i musulmani, questo totale tra i due partiti avrebbe raggiunto solo il 18 percento. I partiti di sinistra, al contrario, avrebbero ricevuto l&#8217;80 percento dei voti.<\/p>\n\n\n\n<p>I <a href=\"https:\/\/substack.com\/redirect\/c95bf02f-bdcf-43a5-8bf9-832f5f7c4a85?j=eyJ1IjoiZXpzemQifQ.wj8YGTSnPK-VLrl_O9rjBPh9X9Xl8L61WeYx78n7VSY\" target=\"_blank\" rel=\"noreferrer noopener\">dati del gruppo di ricerca Wahlen<\/a>, condotti per l&#8217;emittente statale&nbsp;<em>ZDF<\/em>, hanno mostrato che i musulmani hanno sostenuto i partiti di sinistra in numeri incredibilmente alti durante le elezioni. Infatti, il loro partito principale era il Partito di sinistra (la Linke, erede del Partito comunista della DDR), con il 29 percento. I socialdemocratici (SPD) hanno ricevuto il 28 percento.<\/p>\n\n\n\n<p>La loro aperta simpatia per i palestinesi, la zelante promozione dell&#8217;islamizzazione del paese attraverso l&#8217;illuminazione del Ramadan, l&#8217;approvazione dei richiami dei muezzin, sempre pi\u00f9 moschee, il corteggiamento delle associazioni musulmane, la criminalizzazione di qualsiasi critica all&#8217;Islam, la ridenominazione delle festivit\u00e0 cristiane nelle scuole e l&#8217;occultamento dell&#8217;enorme quota musulmana della crescente criminalit\u00e0 migratoria: tutto ci\u00f2 ottiene l&#8217;effetto desiderato alle urne.<\/p>\n\n\n\n<p>Anche uno dei principali politici francesi si inchina al potere di sfruttare il voto musulmano. Il mese scorso, <a href=\"https:\/\/substack.com\/redirect\/4c3b7d58-724a-4f33-9b5c-056a978b69b8?j=eyJ1IjoiZXpzemQifQ.wj8YGTSnPK-VLrl_O9rjBPh9X9Xl8L61WeYx78n7VSY\" target=\"_blank\" rel=\"noreferrer noopener\">Jean-Luc M\u00e9lenchon<\/a> ha affermato: \u201cNel nostro paese, una persona su quattro ha un nonno straniero. Il 40 per cento della popolazione parla almeno due lingue. Siamo destinati a essere una nazione creola e tanto meglio! La giovane generazione sar\u00e0 la grande sostituzione della vecchia generazione\u201d.<\/p>\n\n\n\n<p>Cosa ci riserva il futuro?<\/p>\n\n\n\n<p>Secondo Pew Research, la popolazione musulmana in Germania potrebbe salire a 17,4 milioni entro il 2050, rappresentando il 19,7 percento della popolazione. In uno scenario del genere, un blocco di voto musulmano eserciterebbe un potere enorme per plasmare la politica nazionale. I nuovi arrivati hanno un forte incentivo a votare per i partiti che ritengono porteranno le loro famiglie in Occidente e i loro connazionali. A loro volta, questi partiti hanno un forte incentivo a portare pi\u00f9 immigrati. Se fosse stato per i musulmani, la sinistra avrebbe vinto il <a href=\"https:\/\/substack.com\/redirect\/4ee8ee73-081e-4979-ba8b-8c192c453e72?j=eyJ1IjoiZXpzemQifQ.wj8YGTSnPK-VLrl_O9rjBPh9X9Xl8L61WeYx78n7VSY\" target=\"_blank\" rel=\"noreferrer noopener\">70 per cento<\/a> dei voti in Germania. Mera ipotesi di scuola al momento. Ma cosa succeder\u00e0 quando in una generazione l\u2019Islam sar\u00e0 il <a href=\"https:\/\/substack.com\/redirect\/2d66de78-6fbf-472f-bef9-3b046a7a182a?j=eyJ1IjoiZXpzemQifQ.wj8YGTSnPK-VLrl_O9rjBPh9X9Xl8L61WeYx78n7VSY\" target=\"_blank\" rel=\"noreferrer noopener\">20 per cento<\/a> della Germania?<\/p>\n\n\n\n<p>Il PD sta facendo i conti.<\/p>\n\n\n<div class=\"wp-block-image\">\n<figure class=\"aligncenter size-full is-resized\"><a href=\"https:\/\/www.rassegnastampa-totustuus.it\/cattolica\/wp-content\/uploads\/2025\/04\/moschea_Milano.jpg\"><img loading=\"lazy\" decoding=\"async\" width=\"613\" height=\"345\" src=\"https:\/\/www.rassegnastampa-totustuus.it\/cattolica\/wp-content\/uploads\/2025\/04\/moschea_Milano.jpg\" alt=\"\" class=\"wp-image-62406\" style=\"width:499px;height:auto\"\/><\/a><\/figure><\/div>\n\n\n<p><a href=\"https:\/\/substack.com\/redirect\/6077f5d4-dba6-4e9c-80c5-30c000b430f6?j=eyJ1IjoiZXpzemQifQ.wj8YGTSnPK-VLrl_O9rjBPh9X9Xl8L61WeYx78n7VSY\" target=\"_blank\" rel=\"noreferrer noopener\">Una moschea bianca con quattro cupole azzurre \u00e8 ora in costruzione a Milano<\/a>. Sorger\u00e0 a via Esterle, potr\u00e0 ospitare 3.500 musulmani ogni venerd\u00ec di preghiera, divisi su tre turni, in un\u2019area coperta di 750 metri quadrati.<\/p>\n\n\n\n<p>Intanto a <a href=\"https:\/\/substack.com\/redirect\/aafed893-215b-42f7-8550-17af64755f1c?j=eyJ1IjoiZXpzemQifQ.wj8YGTSnPK-VLrl_O9rjBPh9X9Xl8L61WeYx78n7VSY\" target=\"_blank\" rel=\"noreferrer noopener\">Torino<\/a> svetter\u00e0 la torre dei muezzin alta una ventina di metri sulle ex officine Nebiolo. La nuova moschea sar\u00e0 comprensiva di studentato, biblioteca e uno spazio mostre. Concessione per 99 anni dal Comune e un progetto da 17 milioni di euro per met\u00e0 pagato dal re del Marocco (<a href=\"https:\/\/substack.com\/redirect\/e8687a96-421c-4cac-b89d-8859c6f79477?j=eyJ1IjoiZXpzemQifQ.wj8YGTSnPK-VLrl_O9rjBPh9X9Xl8L61WeYx78n7VSY\" target=\"_blank\" rel=\"noreferrer noopener\">attivissimo anche in Francia<\/a> con i suoi milioni alle moschee).<\/p>\n\n\n\n<p><a href=\"https:\/\/substack.com\/redirect\/b0a196bc-3939-4fd3-b13a-27fb8eab018f?j=eyJ1IjoiZXpzemQifQ.wj8YGTSnPK-VLrl_O9rjBPh9X9Xl8L61WeYx78n7VSY\" target=\"_blank\" rel=\"noreferrer noopener\">Di Torino avevo appena parlato come \u201ccitt\u00e0 islamica\u201d<\/a>, dopo che il comune, primo in Italia, ha deciso di aprire uno sportello per denunciare l\u2019\u201cislamofobia\u201d in citt\u00e0. Sono 25 le moschee a Torino e nel 2018 erano 17.<\/p>\n\n\n\n<p><a href=\"https:\/\/meotti.substack.com\/p\/sottomissione-a-venezia?utm_source=publication-search&amp;utm_medium=email\">Venezia<\/a> ha appena intascato 50 milioni dal Qatar per aprire un proprio padiglione nei giardini della Biennale. <a href=\"https:\/\/substack.com\/redirect\/814d79ae-d569-484d-a4d5-1bea86451343?j=eyJ1IjoiZXpzemQifQ.wj8YGTSnPK-VLrl_O9rjBPh9X9Xl8L61WeYx78n7VSY\" target=\"_blank\" rel=\"noreferrer noopener\">L\u2019esordio a maggio<\/a> e sar\u00e0 permanente.<\/p>\n\n\n\n<p>In Italia sono qatariote gran parte delle nuove moschee. A <a href=\"https:\/\/substack.com\/redirect\/4a08d22e-59e6-40e9-b6d4-ccad0915a3ed?j=eyJ1IjoiZXpzemQifQ.wj8YGTSnPK-VLrl_O9rjBPh9X9Xl8L61WeYx78n7VSY\" target=\"_blank\" rel=\"noreferrer noopener\">Ragusa<\/a> lo sono un quarto di tutte le moschee. Come la nuova moschea di <a href=\"https:\/\/substack.com\/redirect\/57e704a3-218f-4e88-b9b8-f969c2a7a7c3?j=eyJ1IjoiZXpzemQifQ.wj8YGTSnPK-VLrl_O9rjBPh9X9Xl8L61WeYx78n7VSY\" target=\"_blank\" rel=\"noreferrer noopener\">Catania<\/a> (la pi\u00f9 grande del sud Italia), la moschea di <a href=\"https:\/\/substack.com\/redirect\/db238109-7302-4f71-873d-93d1260e4d74?j=eyJ1IjoiZXpzemQifQ.wj8YGTSnPK-VLrl_O9rjBPh9X9Xl8L61WeYx78n7VSY\" target=\"_blank\" rel=\"noreferrer noopener\">Pavia<\/a>, la moschea di Albenga (la pi\u00f9 grande della Liguria).<\/p>\n\n\n\n<p><a href=\"https:\/\/substack.com\/redirect\/8a4aa9eb-3d56-4a19-9342-2486f4d64bee?j=eyJ1IjoiZXpzemQifQ.wj8YGTSnPK-VLrl_O9rjBPh9X9Xl8L61WeYx78n7VSY\" target=\"_blank\" rel=\"noreferrer noopener\">Milano detiene il record assoluto del valore di una singola operazione<\/a>, grazie allo storico deal con cui il fondo sovrano del Qatar ha acquisito Porta Nuova, pagando per il 60 per cento della quota (il 40 era gi\u00e0 di sua propriet\u00e0) due miliardi di euro. Si sigla cos\u00ec il controllo dei palazzi simbolo della Milano dei Duemila (i grattacieli, il &#8220;Bosco Verticale&#8221;, la &#8220;Torre Unicredit&#8221;). Al passaggio di propriet\u00e0 lavorer\u00e0 anche lo&nbsp;<a href=\"https:\/\/substack.com\/redirect\/b8433729-cacf-46cf-acc2-ee588f1c9fae?j=eyJ1IjoiZXpzemQifQ.wj8YGTSnPK-VLrl_O9rjBPh9X9Xl8L61WeYx78n7VSY\" target=\"_blank\" rel=\"noreferrer noopener\">Studio Tremonti<\/a>&nbsp;dell&#8217;ex ministro dell&#8217;Economia. Poi&nbsp;<a href=\"https:\/\/substack.com\/redirect\/970a4f1e-bcf1-4485-8e8f-b8d84111a991?j=eyJ1IjoiZXpzemQifQ.wj8YGTSnPK-VLrl_O9rjBPh9X9Xl8L61WeYx78n7VSY\" target=\"_blank\" rel=\"noreferrer noopener\">Valentino<\/a>&nbsp;passa al Qatar. Il 25 ottobre 2013, sei mesi dopo l\u2019inizio dell\u2019operazione Porta Nuova, si arriva all\u2019inaugurazione, con tanto di minareto, della tanto attesa moschea El Radwan di Colle Val d&#8217;Elsa, gestita dalla comunit\u00e0 islamica di Siena in collaborazione con un comitato garanzia composto da otto membri, quattro nominati dal Comune a guida PD. Il Qatar ci ha messo i soldi. Quella di Colle Val d&#8217;Elsa era la moschea che ossessionava Oriana Fallaci, che quando seppe che la stavano costruendo disse al <em><a href=\"https:\/\/substack.com\/redirect\/d0752188-5cf4-4493-903d-9778c4abaa86?j=eyJ1IjoiZXpzemQifQ.wj8YGTSnPK-VLrl_O9rjBPh9X9Xl8L61WeYx78n7VSY\" target=\"_blank\" rel=\"noreferrer noopener\">New Yorker<\/a><\/em>: &#8220;Non voglio vedere questa moschea vicina alla mia casa in Toscana (a Greve in Chianti) non voglio vedere un minareto di 24 metri nel paesaggio di Giotto quando io non posso neppure indossare una croce o portare una Bibbia nel loro Paese!\u201d.<\/p>\n\n\n\n<p>La magistratura italiana si sta adeguando ai dettami multiculturali. Un <a href=\"https:\/\/substack.com\/redirect\/a04c8109-ec9e-4deb-8b42-7422e2b0d8f8?j=eyJ1IjoiZXpzemQifQ.wj8YGTSnPK-VLrl_O9rjBPh9X9Xl8L61WeYx78n7VSY\" target=\"_blank\" rel=\"noreferrer noopener\">giudice di Brescia<\/a> ha deciso che un imputato del Bangladesh va assolto per i maltrattamenti della moglie frutto di un \u201cfatto culturale\u201d.<\/p>\n\n\n\n<p>Le preghiere in strada sono sempre pi\u00f9 diffuse. Questa \u00e8 Napoli, stazione centrale.<\/p>\n\n\n<div class=\"wp-block-image\">\n<figure class=\"aligncenter size-full is-resized\"><a href=\"https:\/\/www.rassegnastampa-totustuus.it\/cattolica\/wp-content\/uploads\/2025\/04\/islamici_preghiera_Napoli.png\"><img loading=\"lazy\" decoding=\"async\" width=\"1100\" height=\"1100\" src=\"https:\/\/www.rassegnastampa-totustuus.it\/cattolica\/wp-content\/uploads\/2025\/04\/islamici_preghiera_Napoli.png\" alt=\"\" class=\"wp-image-62407\" style=\"width:372px;height:auto\"\/><\/a><\/figure><\/div>\n\n\n<p>Alcuni cardinali ci avevano avvisati, dal cardinale <a href=\"https:\/\/substack.com\/redirect\/5792df5c-a641-41a2-bbd2-40dcb781d5a4?j=eyJ1IjoiZXpzemQifQ.wj8YGTSnPK-VLrl_O9rjBPh9X9Xl8L61WeYx78n7VSY\" target=\"_blank\" rel=\"noreferrer noopener\">Carlo Caffarra<\/a>, arcivescovo di Bologna (\u201cc\u2019\u00e8 un&#8217;azione pilotata che ha come obiettivo islamizzare l\u2019Europa\u201d) al missionario <a href=\"https:\/\/substack.com\/redirect\/9b19eb54-0ba3-401a-a0e9-5c52b975ce74?j=eyJ1IjoiZXpzemQifQ.wj8YGTSnPK-VLrl_O9rjBPh9X9Xl8L61WeYx78n7VSY\" target=\"_blank\" rel=\"noreferrer noopener\">Piero Gheddo<\/a> (\u201cl\u2019Islam conquister\u00e0 prima o poi la maggioranza in Europa\u201d). Oggi non si muove una mosca in Vaticano.<\/p>\n\n\n\n<p>Le universit\u00e0 sono sempre pi\u00f9 nel mirino. L\u2019<a href=\"https:\/\/substack.com\/redirect\/dfad04ec-a5fe-4e7b-af57-9996c1c279a5?j=eyJ1IjoiZXpzemQifQ.wj8YGTSnPK-VLrl_O9rjBPh9X9Xl8L61WeYx78n7VSY\" target=\"_blank\" rel=\"noreferrer noopener\">Universit\u00e0 di Siena<\/a> \u00e8 la prima al mondo a mandare studenti all\u2019Universit\u00e0 Islamica di Gaza. Una <a href=\"https:\/\/substack.com\/redirect\/48202132-320a-496a-8707-b6e2cfdc42a6?j=eyJ1IjoiZXpzemQifQ.wj8YGTSnPK-VLrl_O9rjBPh9X9Xl8L61WeYx78n7VSY\" target=\"_blank\" rel=\"noreferrer noopener\">delegazione senese<\/a> ha fatto anche visita all\u2019Universit\u00e0 di Gaza e realizzato un <a href=\"https:\/\/substack.com\/redirect\/c54a8bef-5a7f-4820-b60e-ffdfda946222?j=eyJ1IjoiZXpzemQifQ.wj8YGTSnPK-VLrl_O9rjBPh9X9Xl8L61WeYx78n7VSY\" target=\"_blank\" rel=\"noreferrer noopener\">documentario propagandistico<\/a>. Se non fosse che l\u2019Universit\u00e0 di Gaza non \u00e8 come tutte le altre. Voluta dal fondatore di Hamas, lo sceicco Yassin, <a href=\"https:\/\/substack.com\/redirect\/9859e7bb-8f78-4660-b9b5-1f4d0ff5dff5?j=eyJ1IjoiZXpzemQifQ.wj8YGTSnPK-VLrl_O9rjBPh9X9Xl8L61WeYx78n7VSY\" target=\"_blank\" rel=\"noreferrer noopener\">l\u2019universit\u00e0 \u00e8 parte della macchina da guerra di Hamas<\/a>. All\u2019<a href=\"https:\/\/substack.com\/redirect\/720fb41c-519c-43fc-a6b7-387c6c583752?j=eyJ1IjoiZXpzemQifQ.wj8YGTSnPK-VLrl_O9rjBPh9X9Xl8L61WeYx78n7VSY\" target=\"_blank\" rel=\"noreferrer noopener\">Universit\u00e0 di Roma Due<\/a>, Tor Vergata, hanno un accordo con il Qatar. Il vice premier del Qatar, <a href=\"https:\/\/substack.com\/redirect\/1ae64daa-4d05-47ca-8058-01ff45ae8901?j=eyJ1IjoiZXpzemQifQ.wj8YGTSnPK-VLrl_O9rjBPh9X9Xl8L61WeYx78n7VSY\" target=\"_blank\" rel=\"noreferrer noopener\">Hamad Bin Abdulaziz al Kawari<\/a>, ha anche ricevuto una laurea honoris causa da Giuseppe Novelli, il magnifico rettore. Anche l\u2019<a href=\"https:\/\/substack.com\/redirect\/44ebb538-7b5f-42a7-a7f8-ed10003a6534?j=eyJ1IjoiZXpzemQifQ.wj8YGTSnPK-VLrl_O9rjBPh9X9Xl8L61WeYx78n7VSY\" target=\"_blank\" rel=\"noreferrer noopener\">Orientale di Napoli<\/a> ha un accordo con il Qatar.<\/p>\n\n\n\n<p>Qualche mese fa \u00e8 stata issata sul Duomo di Milano la bandiera di una nazione nella quale un\u2019organizzazione terroristica nazislamica, Hamas, ha vinto le elezioni, governa come l\u2019Isis la Striscia affacciata sul Mediterraneo e ha compiuto il pi\u00f9 grande massacro di ebrei dal 1945. Il gesto della bandiera palestinese sul Duomo di Milano \u00e8 stato compiuto da un <a href=\"https:\/\/substack.com\/redirect\/ef4a2f15-d0a0-487c-a3d0-b1174a8ecf27?j=eyJ1IjoiZXpzemQifQ.wj8YGTSnPK-VLrl_O9rjBPh9X9Xl8L61WeYx78n7VSY\" target=\"_blank\" rel=\"noreferrer noopener\">candidato alle elezioni europee di Alleanza Verdi-Sinistra, Stefano Apuzzo<\/a>, aiutato dalla comunit\u00e0 palestinese in Italia.<\/p>\n\n\n\n<p>L\u2019islamizzazione \u201cspicciola\u201d, intanto, procede spedita.<\/p>\n\n\n\n<p>Al Don Milani di Calenzano, vicino a Firenze, i genitori hanno ottenuto dalla preside l\u2019esonero dalla mensa durante il Ramadan. Digiuno da acqua e cibo a dieci anni (tranquilli, l\u2019imam di Firenze ha <a href=\"https:\/\/substack.com\/redirect\/107a617f-53c5-4985-b1d4-ca3eef3a53ca?j=eyJ1IjoiZXpzemQifQ.wj8YGTSnPK-VLrl_O9rjBPh9X9Xl8L61WeYx78n7VSY\" target=\"_blank\" rel=\"noreferrer noopener\">detto<\/a> che \u201csono i bambini spesso a voler digiunare\u201d).<\/p>\n\n\n\n<p>A <a href=\"https:\/\/substack.com\/redirect\/49b1359d-550e-4317-87da-7ece4dfc0dba?j=eyJ1IjoiZXpzemQifQ.wj8YGTSnPK-VLrl_O9rjBPh9X9Xl8L61WeYx78n7VSY\" target=\"_blank\" rel=\"noreferrer noopener\">Trento<\/a>, via da scuola gli studenti che &#8211; in occasione del Ramadan &#8211; digiunando sono \u201ccostretti a restare a guardare i compagni a mangiare\u201d. Segnatevi le mie parole: presto leggeremo di scuole italiane,<a href=\"https:\/\/substack.com\/redirect\/75e05fac-9e89-44b8-86f2-d5c2049a01a6?j=eyJ1IjoiZXpzemQifQ.wj8YGTSnPK-VLrl_O9rjBPh9X9Xl8L61WeYx78n7VSY\" target=\"_blank\" rel=\"noreferrer noopener\"> come a Berlino<\/a>, dove si costringono tutti gli studenti a partecipare alla cena che spezza il digiuno islamico.<\/p>\n\n\n\n<p>A <a href=\"https:\/\/substack.com\/redirect\/5bdd5f8d-fe3d-4a99-bb0f-6db2eeeed4c8?j=eyJ1IjoiZXpzemQifQ.wj8YGTSnPK-VLrl_O9rjBPh9X9Xl8L61WeYx78n7VSY\" target=\"_blank\" rel=\"noreferrer noopener\">Monfalcone<\/a>, esenzione per le studentesse con il niqab, il velo integrale: baster\u00e0 un rapido riconoscimento prima di entrare in classe (<a href=\"https:\/\/substack.com\/redirect\/51a49507-1b9f-4bd1-b77c-753340256a05?j=eyJ1IjoiZXpzemQifQ.wj8YGTSnPK-VLrl_O9rjBPh9X9Xl8L61WeYx78n7VSY\" target=\"_blank\" rel=\"noreferrer noopener\">esenzione di Dante<\/a>, perch\u00e9 Maometto brucia all\u2019Inferno). A <a href=\"https:\/\/substack.com\/redirect\/1376c04f-39ec-4e9a-92a4-15b1102be2fa?j=eyJ1IjoiZXpzemQifQ.wj8YGTSnPK-VLrl_O9rjBPh9X9Xl8L61WeYx78n7VSY\" target=\"_blank\" rel=\"noreferrer noopener\">Figline Valdarno<\/a> la piscina comunale dedica un corso alle musulmane in burkini. <a href=\"https:\/\/substack.com\/redirect\/95b54e6e-ba79-4cc0-8933-486a060d9333?j=eyJ1IjoiZXpzemQifQ.wj8YGTSnPK-VLrl_O9rjBPh9X9Xl8L61WeYx78n7VSY\" target=\"_blank\" rel=\"noreferrer noopener\">Le scuole italiane sono travolte dall\u2019islamizzazione<\/a>, caso su caso, di cui si perde il conto.<\/p>\n\n\n\n<p>Quando alcune scuole inglesi decisero di evitare di insegnare la Shoah, il presidente della comunit\u00e0 ebraica di Roma, <a href=\"https:\/\/substack.com\/redirect\/95e2b43b-0feb-4fa7-8aaa-b7dd6996bae8?j=eyJ1IjoiZXpzemQifQ.wj8YGTSnPK-VLrl_O9rjBPh9X9Xl8L61WeYx78n7VSY\" target=\"_blank\" rel=\"noreferrer noopener\">Leone Paserman<\/a>, disse: \u201cSi \u00e8 assunto un atteggiamento di acquiescenza verso la cultura musulmana. Si crede che in questo modo si possa comprare la non belligeranza dei fondamentalisti islamici\u201d.<\/p>\n\n\n\n<p>Questo \u00e8 quello che sta cercando di fare l\u2019Italia.<\/p>\n\n\n\n<p>A <a href=\"https:\/\/substack.com\/redirect\/3b24de3e-f866-4a8e-a7e6-7515e1a2b05e?j=eyJ1IjoiZXpzemQifQ.wj8YGTSnPK-VLrl_O9rjBPh9X9Xl8L61WeYx78n7VSY\" target=\"_blank\" rel=\"noreferrer noopener\">Brescia<\/a>, che <em><a href=\"https:\/\/substack.com\/redirect\/9ba1fc2d-2e9b-41e6-9977-239d1858eb85?j=eyJ1IjoiZXpzemQifQ.wj8YGTSnPK-VLrl_O9rjBPh9X9Xl8L61WeYx78n7VSY\" target=\"_blank\" rel=\"noreferrer noopener\">Limes<\/a><\/em> ha definito \u201ccapitale islamica d\u2019Italia\u201d, (anche il vescovo e il sindaco presenti) migliaia di fedeli musulmani hanno celebrato al Brixia Forum la fine del Ramadan.<\/p>\n\n\n\n<p>Appena un anno fa, un\u2019accademica della Sorbona diceva alla mia newsletter: \u201c<a href=\"https:\/\/substack.com\/redirect\/ae241f57-6e0f-4844-88e0-cea9acbc2892?j=eyJ1IjoiZXpzemQifQ.wj8YGTSnPK-VLrl_O9rjBPh9X9Xl8L61WeYx78n7VSY\" target=\"_blank\" rel=\"noreferrer noopener\">L\u2019Italia ha poco tempo per evitare l&#8217;islamizzazione gi\u00e0 in corso in diverse paesi<\/a>\u201d. I segnali sono tutti davanti ai nostri occhi, prima che ci mettano il velo, come alla statua del generale greco Epaminonda avvolta in un lenzuolo rosso per risparmiare la \u201csensibilit\u00e0\u201d dei musulmani in un <a href=\"https:\/\/substack.com\/redirect\/72dd9adb-f530-4300-9882-2e437ca16538?j=eyJ1IjoiZXpzemQifQ.wj8YGTSnPK-VLrl_O9rjBPh9X9Xl8L61WeYx78n7VSY\" target=\"_blank\" rel=\"noreferrer noopener\">teatro in Liguria<\/a>.<\/p>\n\n\n\n<p>Abbiamo visto la censura di <em><a href=\"https:\/\/substack.com\/redirect\/104f55cc-3894-499b-a100-6dd80ff47132?j=eyJ1IjoiZXpzemQifQ.wj8YGTSnPK-VLrl_O9rjBPh9X9Xl8L61WeYx78n7VSY\" target=\"_blank\" rel=\"noreferrer noopener\">Napolislam<\/a><\/em>, il documentario-film di Ernesto Pagano sugli italiani convertiti all\u2019Islam.<\/p>\n\n\n\n<p>Qui siamo nella piazza centrale del popolare quartiere romano di Centocelle: maschi islamici pregano liberamente inginocchiati e le donne sono dentro a un recinto, chiuso da teli che impediscono di guardarle in preghiera.<\/p>\n\n\n<div class=\"wp-block-image\">\n<figure class=\"aligncenter size-full is-resized\"><a href=\"https:\/\/www.rassegnastampa-totustuus.it\/cattolica\/wp-content\/uploads\/2025\/04\/islamici_preghiera_Roma.jpg\"><img loading=\"lazy\" decoding=\"async\" width=\"900\" height=\"507\" src=\"https:\/\/www.rassegnastampa-totustuus.it\/cattolica\/wp-content\/uploads\/2025\/04\/islamici_preghiera_Roma.jpg\" alt=\"\" class=\"wp-image-62408\" style=\"width:495px;height:auto\"\/><\/a><\/figure><\/div>\n\n\n<p>Un think tank italiano, la Fondazione Fare Futuro, ha&nbsp;<a href=\"https:\/\/substack.com\/redirect\/309c7878-c310-4f81-a423-b9353e8bfc6b?j=eyJ1IjoiZXpzemQifQ.wj8YGTSnPK-VLrl_O9rjBPh9X9Xl8L61WeYx78n7VSY\" target=\"_blank\" rel=\"noreferrer noopener\">previsto<\/a>&nbsp;che a causa delle migrazioni di massa e dei diversi tassi di natalit\u00e0 fra italiani e immigrati, entro la fine del secolo met\u00e0 della popolazione italiana potrebbe essere islamica.<\/p>\n\n\n\n<p>Oltre alle prime <a href=\"https:\/\/substack.com\/redirect\/0617738a-0c5b-448c-b32e-9aad968626d8?j=eyJ1IjoiZXpzemQifQ.wj8YGTSnPK-VLrl_O9rjBPh9X9Xl8L61WeYx78n7VSY\" target=\"_blank\" rel=\"noreferrer noopener\">chiese convertite in moschee<\/a>, aumentano intanto i casi in cui si <a href=\"https:\/\/substack.com\/redirect\/cd533db1-5a0f-4b70-a21a-4962c8ce7529?j=eyJ1IjoiZXpzemQifQ.wj8YGTSnPK-VLrl_O9rjBPh9X9Xl8L61WeYx78n7VSY\" target=\"_blank\" rel=\"noreferrer noopener\">bruciano le chiese<\/a> nell\u2019indifferenza pi\u00f9 totale che, come spiega <a href=\"https:\/\/substack.com\/redirect\/87c2bd63-18b5-4f86-bae4-61dc5249b2e7?j=eyJ1IjoiZXpzemQifQ.wj8YGTSnPK-VLrl_O9rjBPh9X9Xl8L61WeYx78n7VSY\" target=\"_blank\" rel=\"noreferrer noopener\">Ayaan Hirsi Ali<\/a>, \u00e8 uno dei segnali che \u00e8 in corso l\u2019islamizzazione di un paese.<\/p>\n\n\n\n<p>Oriana Fallaci, che temeva un minareto nella terra di Giotto, ha previsto molte cose. Ma non aveva ancora visto niente. E neanche lei, che mi scrisse chiedendomi un articolo sull\u2019islamizzazione dell\u2019Olanda, avrebbe immaginato la moschea fiorentina costruita sui terreni della <a href=\"https:\/\/substack.com\/redirect\/a5e8fe84-0008-42d5-9de1-a6b21a3761f1?j=eyJ1IjoiZXpzemQifQ.wj8YGTSnPK-VLrl_O9rjBPh9X9Xl8L61WeYx78n7VSY\" target=\"_blank\" rel=\"noreferrer noopener\">diocesi cattolica<\/a>.<\/p>\n\n\n\n<p class=\"has-text-align-center\"><strong><a href=\"https:\/\/meotti.substack.com\/subscribe?&amp;gift=true\" target=\"_blank\" rel=\"noreferrer noopener\">Abbonati alla newsletter<\/a><\/strong><\/p>\n","protected":false},"excerpt":{"rendered":"<p>Newsletter di Giulio Meotti 24 Marzo 2025 Il Ramadan a Milano voluto dal PD e dal Qatar (follow the money) \u00e8 solo la scenografia grottesca di un&#8217;islamizzazione che da un anno sta dilagando in tutto il nostro servile paesello di Giulio Meotti<\/p><p><a class=\"more-link btn\" href=\"https:\/\/www.rassegnastampa-totustuus.it\/cattolica\/benvenuti-in-italinistan\/\">Continua a leggere<\/a><\/p>\n","protected":false},"author":6,"featured_media":62405,"comment_status":"closed","ping_status":"closed","sticky":false,"template":"","format":"standard","meta":{"footnotes":""},"categories":[111,35],"tags":[3114,1251,3143,3142],"class_list":["post-62404","post","type-post","status-publish","format-standard","has-post-thumbnail","hentry","category-islam-in-europa","category-islam-in-italia","tag-islamizzazione","tag-italia","tag-moschee","tag-ramadan","item-wrap"],"yoast_head":"<!-- This site is optimized with the Yoast SEO plugin v27.5 - https:\/\/yoast.com\/product\/yoast-seo-wordpress\/ -->\n<title>Benvenuti in Italinistan - Rassegna Stampa Cattolica<\/title>\n<meta name=\"description\" content=\"Benvenuti in Italinistan. Il Ramadan a Milano voluto dal PD e dal Qatar \u00e8 la scenografia grottesca di un&#039;islamizzazione dilagante\" \/>\n<meta name=\"robots\" content=\"index, follow, max-snippet:-1, max-image-preview:large, max-video-preview:-1\" \/>\n<link rel=\"canonical\" href=\"https:\/\/www.rassegnastampa-totustuus.it\/cattolica\/benvenuti-in-italinistan\/\" \/>\n<meta property=\"og:locale\" content=\"it_IT\" \/>\n<meta property=\"og:type\" content=\"article\" \/>\n<meta property=\"og:title\" content=\"Benvenuti in Italinistan - Rassegna Stampa Cattolica\" \/>\n<meta property=\"og:description\" content=\"Benvenuti in Italinistan. Il Ramadan a Milano voluto dal PD e dal Qatar \u00e8 la scenografia grottesca di un&#039;islamizzazione dilagante\" \/>\n<meta property=\"og:url\" content=\"https:\/\/www.rassegnastampa-totustuus.it\/cattolica\/benvenuti-in-italinistan\/\" \/>\n<meta property=\"og:site_name\" content=\"Rassegna Stampa Cattolica\" \/>\n<meta property=\"article:publisher\" content=\"https:\/\/www.facebook.com\/rassegnastampacattolica\" \/>\n<meta property=\"article:published_time\" content=\"2025-04-01T08:58:45+00:00\" \/>\n<meta property=\"article:modified_time\" content=\"2025-04-01T09:00:12+00:00\" \/>\n<meta property=\"og:image\" content=\"https:\/\/www.rassegnastampa-totustuus.it\/cattolica\/wp-content\/uploads\/2025\/04\/islam_donne.jpg\" \/>\n\t<meta property=\"og:image:width\" content=\"409\" \/>\n\t<meta property=\"og:image:height\" content=\"288\" \/>\n\t<meta property=\"og:image:type\" content=\"image\/jpeg\" \/>\n<meta name=\"author\" content=\"Redazione\" \/>\n<meta name=\"twitter:card\" content=\"summary_large_image\" \/>\n<meta name=\"twitter:creator\" content=\"@rassegnastampa9\" \/>\n<meta name=\"twitter:site\" content=\"@rassegnastampa9\" \/>\n<meta name=\"twitter:label1\" content=\"Scritto da\" \/>\n\t<meta name=\"twitter:data1\" content=\"Redazione\" \/>\n\t<meta name=\"twitter:label2\" content=\"Tempo di lettura stimato\" \/>\n\t<meta name=\"twitter:data2\" content=\"11 minuti\" \/>\n<script type=\"application\/ld+json\" class=\"yoast-schema-graph\">{\"@context\":\"https:\\\/\\\/schema.org\",\"@graph\":[{\"@type\":\"Article\",\"@id\":\"https:\\\/\\\/www.rassegnastampa-totustuus.it\\\/cattolica\\\/benvenuti-in-italinistan\\\/#article\",\"isPartOf\":{\"@id\":\"https:\\\/\\\/www.rassegnastampa-totustuus.it\\\/cattolica\\\/benvenuti-in-italinistan\\\/\"},\"author\":{\"name\":\"Redazione\",\"@id\":\"https:\\\/\\\/www.rassegnastampa-totustuus.it\\\/cattolica\\\/#\\\/schema\\\/person\\\/08f319d2bd1a0904ad9e2bfb7b15e5c3\"},\"headline\":\"Benvenuti in Italinistan\",\"datePublished\":\"2025-04-01T08:58:45+00:00\",\"dateModified\":\"2025-04-01T09:00:12+00:00\",\"mainEntityOfPage\":{\"@id\":\"https:\\\/\\\/www.rassegnastampa-totustuus.it\\\/cattolica\\\/benvenuti-in-italinistan\\\/\"},\"wordCount\":1786,\"publisher\":{\"@id\":\"https:\\\/\\\/www.rassegnastampa-totustuus.it\\\/cattolica\\\/#organization\"},\"image\":{\"@id\":\"https:\\\/\\\/www.rassegnastampa-totustuus.it\\\/cattolica\\\/benvenuti-in-italinistan\\\/#primaryimage\"},\"thumbnailUrl\":\"https:\\\/\\\/www.rassegnastampa-totustuus.it\\\/cattolica\\\/wp-content\\\/uploads\\\/2025\\\/04\\\/islam_donne.jpg\",\"keywords\":[\"islamizzazione\",\"Italia\",\"moschee\",\"Ramadan\"],\"articleSection\":[\"Islam in Europa\",\"Islam in Italia\"],\"inLanguage\":\"it-IT\"},{\"@type\":\"WebPage\",\"@id\":\"https:\\\/\\\/www.rassegnastampa-totustuus.it\\\/cattolica\\\/benvenuti-in-italinistan\\\/\",\"url\":\"https:\\\/\\\/www.rassegnastampa-totustuus.it\\\/cattolica\\\/benvenuti-in-italinistan\\\/\",\"name\":\"Benvenuti in Italinistan - Rassegna Stampa Cattolica\",\"isPartOf\":{\"@id\":\"https:\\\/\\\/www.rassegnastampa-totustuus.it\\\/cattolica\\\/#website\"},\"primaryImageOfPage\":{\"@id\":\"https:\\\/\\\/www.rassegnastampa-totustuus.it\\\/cattolica\\\/benvenuti-in-italinistan\\\/#primaryimage\"},\"image\":{\"@id\":\"https:\\\/\\\/www.rassegnastampa-totustuus.it\\\/cattolica\\\/benvenuti-in-italinistan\\\/#primaryimage\"},\"thumbnailUrl\":\"https:\\\/\\\/www.rassegnastampa-totustuus.it\\\/cattolica\\\/wp-content\\\/uploads\\\/2025\\\/04\\\/islam_donne.jpg\",\"datePublished\":\"2025-04-01T08:58:45+00:00\",\"dateModified\":\"2025-04-01T09:00:12+00:00\",\"description\":\"Benvenuti in Italinistan. Il Ramadan a Milano voluto dal PD e dal Qatar \u00e8 la scenografia grottesca di un'islamizzazione dilagante\",\"breadcrumb\":{\"@id\":\"https:\\\/\\\/www.rassegnastampa-totustuus.it\\\/cattolica\\\/benvenuti-in-italinistan\\\/#breadcrumb\"},\"inLanguage\":\"it-IT\",\"potentialAction\":[{\"@type\":\"ReadAction\",\"target\":[\"https:\\\/\\\/www.rassegnastampa-totustuus.it\\\/cattolica\\\/benvenuti-in-italinistan\\\/\"]}]},{\"@type\":\"ImageObject\",\"inLanguage\":\"it-IT\",\"@id\":\"https:\\\/\\\/www.rassegnastampa-totustuus.it\\\/cattolica\\\/benvenuti-in-italinistan\\\/#primaryimage\",\"url\":\"https:\\\/\\\/www.rassegnastampa-totustuus.it\\\/cattolica\\\/wp-content\\\/uploads\\\/2025\\\/04\\\/islam_donne.jpg\",\"contentUrl\":\"https:\\\/\\\/www.rassegnastampa-totustuus.it\\\/cattolica\\\/wp-content\\\/uploads\\\/2025\\\/04\\\/islam_donne.jpg\",\"width\":409,\"height\":288},{\"@type\":\"BreadcrumbList\",\"@id\":\"https:\\\/\\\/www.rassegnastampa-totustuus.it\\\/cattolica\\\/benvenuti-in-italinistan\\\/#breadcrumb\",\"itemListElement\":[{\"@type\":\"ListItem\",\"position\":1,\"name\":\"Home\",\"item\":\"https:\\\/\\\/www.rassegnastampa-totustuus.it\\\/cattolica\\\/\"},{\"@type\":\"ListItem\",\"position\":2,\"name\":\"Benvenuti in Italinistan\"}]},{\"@type\":\"WebSite\",\"@id\":\"https:\\\/\\\/www.rassegnastampa-totustuus.it\\\/cattolica\\\/#website\",\"url\":\"https:\\\/\\\/www.rassegnastampa-totustuus.it\\\/cattolica\\\/\",\"name\":\"Rassegna Stampa Cattolica\",\"description\":\"Per una cultura che nasce dalla Rivelazione cristiana in conformit\u00e0 alla tradizione e al Magistero della Chiesa in opposizione ad ogni relativismo e totalitarismo\",\"publisher\":{\"@id\":\"https:\\\/\\\/www.rassegnastampa-totustuus.it\\\/cattolica\\\/#organization\"},\"alternateName\":\"Rass. Cattolica\",\"potentialAction\":[{\"@type\":\"SearchAction\",\"target\":{\"@type\":\"EntryPoint\",\"urlTemplate\":\"https:\\\/\\\/www.rassegnastampa-totustuus.it\\\/cattolica\\\/?s={search_term_string}\"},\"query-input\":{\"@type\":\"PropertyValueSpecification\",\"valueRequired\":true,\"valueName\":\"search_term_string\"}}],\"inLanguage\":\"it-IT\"},{\"@type\":\"Organization\",\"@id\":\"https:\\\/\\\/www.rassegnastampa-totustuus.it\\\/cattolica\\\/#organization\",\"name\":\"Rassegna Stampa Cattolica\",\"url\":\"https:\\\/\\\/www.rassegnastampa-totustuus.it\\\/cattolica\\\/\",\"logo\":{\"@type\":\"ImageObject\",\"inLanguage\":\"it-IT\",\"@id\":\"https:\\\/\\\/www.rassegnastampa-totustuus.it\\\/cattolica\\\/#\\\/schema\\\/logo\\\/image\\\/\",\"url\":\"https:\\\/\\\/www.rassegnastampa-totustuus.it\\\/cattolica\\\/wp-content\\\/uploads\\\/2014\\\/04\\\/logo-rassegna1.gif\",\"contentUrl\":\"https:\\\/\\\/www.rassegnastampa-totustuus.it\\\/cattolica\\\/wp-content\\\/uploads\\\/2014\\\/04\\\/logo-rassegna1.gif\",\"width\":600,\"height\":163,\"caption\":\"Rassegna Stampa Cattolica\"},\"image\":{\"@id\":\"https:\\\/\\\/www.rassegnastampa-totustuus.it\\\/cattolica\\\/#\\\/schema\\\/logo\\\/image\\\/\"},\"sameAs\":[\"https:\\\/\\\/www.facebook.com\\\/rassegnastampacattolica\",\"https:\\\/\\\/x.com\\\/rassegnastampa9\"]},{\"@type\":\"Person\",\"@id\":\"https:\\\/\\\/www.rassegnastampa-totustuus.it\\\/cattolica\\\/#\\\/schema\\\/person\\\/08f319d2bd1a0904ad9e2bfb7b15e5c3\",\"name\":\"Redazione\",\"image\":{\"@type\":\"ImageObject\",\"inLanguage\":\"it-IT\",\"@id\":\"https:\\\/\\\/secure.gravatar.com\\\/avatar\\\/2fcdf27c78ea025fbdb44e914cc63c72249ffec9dc8aafd5c82b26240ef3f346?s=96&d=mm&r=g\",\"url\":\"https:\\\/\\\/secure.gravatar.com\\\/avatar\\\/2fcdf27c78ea025fbdb44e914cc63c72249ffec9dc8aafd5c82b26240ef3f346?s=96&d=mm&r=g\",\"contentUrl\":\"https:\\\/\\\/secure.gravatar.com\\\/avatar\\\/2fcdf27c78ea025fbdb44e914cc63c72249ffec9dc8aafd5c82b26240ef3f346?s=96&d=mm&r=g\",\"caption\":\"Redazione\"},\"url\":\"https:\\\/\\\/www.rassegnastampa-totustuus.it\\\/cattolica\\\/author\\\/pietroelle\\\/\"}]}<\/script>\n<!-- \/ Yoast SEO plugin. -->","yoast_head_json":{"title":"Benvenuti in Italinistan - Rassegna Stampa Cattolica","description":"Benvenuti in Italinistan. Il Ramadan a Milano voluto dal PD e dal Qatar \u00e8 la scenografia grottesca di un'islamizzazione dilagante","robots":{"index":"index","follow":"follow","max-snippet":"max-snippet:-1","max-image-preview":"max-image-preview:large","max-video-preview":"max-video-preview:-1"},"canonical":"https:\/\/www.rassegnastampa-totustuus.it\/cattolica\/benvenuti-in-italinistan\/","og_locale":"it_IT","og_type":"article","og_title":"Benvenuti in Italinistan - Rassegna Stampa Cattolica","og_description":"Benvenuti in Italinistan. Il Ramadan a Milano voluto dal PD e dal Qatar \u00e8 la scenografia grottesca di un'islamizzazione dilagante","og_url":"https:\/\/www.rassegnastampa-totustuus.it\/cattolica\/benvenuti-in-italinistan\/","og_site_name":"Rassegna Stampa Cattolica","article_publisher":"https:\/\/www.facebook.com\/rassegnastampacattolica","article_published_time":"2025-04-01T08:58:45+00:00","article_modified_time":"2025-04-01T09:00:12+00:00","og_image":[{"width":409,"height":288,"url":"https:\/\/www.rassegnastampa-totustuus.it\/cattolica\/wp-content\/uploads\/2025\/04\/islam_donne.jpg","type":"image\/jpeg"}],"author":"Redazione","twitter_card":"summary_large_image","twitter_creator":"@rassegnastampa9","twitter_site":"@rassegnastampa9","twitter_misc":{"Scritto da":"Redazione","Tempo di lettura stimato":"11 minuti"},"schema":{"@context":"https:\/\/schema.org","@graph":[{"@type":"Article","@id":"https:\/\/www.rassegnastampa-totustuus.it\/cattolica\/benvenuti-in-italinistan\/#article","isPartOf":{"@id":"https:\/\/www.rassegnastampa-totustuus.it\/cattolica\/benvenuti-in-italinistan\/"},"author":{"name":"Redazione","@id":"https:\/\/www.rassegnastampa-totustuus.it\/cattolica\/#\/schema\/person\/08f319d2bd1a0904ad9e2bfb7b15e5c3"},"headline":"Benvenuti in Italinistan","datePublished":"2025-04-01T08:58:45+00:00","dateModified":"2025-04-01T09:00:12+00:00","mainEntityOfPage":{"@id":"https:\/\/www.rassegnastampa-totustuus.it\/cattolica\/benvenuti-in-italinistan\/"},"wordCount":1786,"publisher":{"@id":"https:\/\/www.rassegnastampa-totustuus.it\/cattolica\/#organization"},"image":{"@id":"https:\/\/www.rassegnastampa-totustuus.it\/cattolica\/benvenuti-in-italinistan\/#primaryimage"},"thumbnailUrl":"https:\/\/www.rassegnastampa-totustuus.it\/cattolica\/wp-content\/uploads\/2025\/04\/islam_donne.jpg","keywords":["islamizzazione","Italia","moschee","Ramadan"],"articleSection":["Islam in Europa","Islam in Italia"],"inLanguage":"it-IT"},{"@type":"WebPage","@id":"https:\/\/www.rassegnastampa-totustuus.it\/cattolica\/benvenuti-in-italinistan\/","url":"https:\/\/www.rassegnastampa-totustuus.it\/cattolica\/benvenuti-in-italinistan\/","name":"Benvenuti in Italinistan - Rassegna Stampa Cattolica","isPartOf":{"@id":"https:\/\/www.rassegnastampa-totustuus.it\/cattolica\/#website"},"primaryImageOfPage":{"@id":"https:\/\/www.rassegnastampa-totustuus.it\/cattolica\/benvenuti-in-italinistan\/#primaryimage"},"image":{"@id":"https:\/\/www.rassegnastampa-totustuus.it\/cattolica\/benvenuti-in-italinistan\/#primaryimage"},"thumbnailUrl":"https:\/\/www.rassegnastampa-totustuus.it\/cattolica\/wp-content\/uploads\/2025\/04\/islam_donne.jpg","datePublished":"2025-04-01T08:58:45+00:00","dateModified":"2025-04-01T09:00:12+00:00","description":"Benvenuti in Italinistan. Il Ramadan a Milano voluto dal PD e dal Qatar \u00e8 la scenografia grottesca di un'islamizzazione dilagante","breadcrumb":{"@id":"https:\/\/www.rassegnastampa-totustuus.it\/cattolica\/benvenuti-in-italinistan\/#breadcrumb"},"inLanguage":"it-IT","potentialAction":[{"@type":"ReadAction","target":["https:\/\/www.rassegnastampa-totustuus.it\/cattolica\/benvenuti-in-italinistan\/"]}]},{"@type":"ImageObject","inLanguage":"it-IT","@id":"https:\/\/www.rassegnastampa-totustuus.it\/cattolica\/benvenuti-in-italinistan\/#primaryimage","url":"https:\/\/www.rassegnastampa-totustuus.it\/cattolica\/wp-content\/uploads\/2025\/04\/islam_donne.jpg","contentUrl":"https:\/\/www.rassegnastampa-totustuus.it\/cattolica\/wp-content\/uploads\/2025\/04\/islam_donne.jpg","width":409,"height":288},{"@type":"BreadcrumbList","@id":"https:\/\/www.rassegnastampa-totustuus.it\/cattolica\/benvenuti-in-italinistan\/#breadcrumb","itemListElement":[{"@type":"ListItem","position":1,"name":"Home","item":"https:\/\/www.rassegnastampa-totustuus.it\/cattolica\/"},{"@type":"ListItem","position":2,"name":"Benvenuti in Italinistan"}]},{"@type":"WebSite","@id":"https:\/\/www.rassegnastampa-totustuus.it\/cattolica\/#website","url":"https:\/\/www.rassegnastampa-totustuus.it\/cattolica\/","name":"Rassegna Stampa Cattolica","description":"Per una cultura che nasce dalla Rivelazione cristiana in conformit\u00e0 alla tradizione e al Magistero della Chiesa in opposizione ad ogni relativismo e totalitarismo","publisher":{"@id":"https:\/\/www.rassegnastampa-totustuus.it\/cattolica\/#organization"},"alternateName":"Rass. Cattolica","potentialAction":[{"@type":"SearchAction","target":{"@type":"EntryPoint","urlTemplate":"https:\/\/www.rassegnastampa-totustuus.it\/cattolica\/?s={search_term_string}"},"query-input":{"@type":"PropertyValueSpecification","valueRequired":true,"valueName":"search_term_string"}}],"inLanguage":"it-IT"},{"@type":"Organization","@id":"https:\/\/www.rassegnastampa-totustuus.it\/cattolica\/#organization","name":"Rassegna Stampa Cattolica","url":"https:\/\/www.rassegnastampa-totustuus.it\/cattolica\/","logo":{"@type":"ImageObject","inLanguage":"it-IT","@id":"https:\/\/www.rassegnastampa-totustuus.it\/cattolica\/#\/schema\/logo\/image\/","url":"https:\/\/www.rassegnastampa-totustuus.it\/cattolica\/wp-content\/uploads\/2014\/04\/logo-rassegna1.gif","contentUrl":"https:\/\/www.rassegnastampa-totustuus.it\/cattolica\/wp-content\/uploads\/2014\/04\/logo-rassegna1.gif","width":600,"height":163,"caption":"Rassegna Stampa Cattolica"},"image":{"@id":"https:\/\/www.rassegnastampa-totustuus.it\/cattolica\/#\/schema\/logo\/image\/"},"sameAs":["https:\/\/www.facebook.com\/rassegnastampacattolica","https:\/\/x.com\/rassegnastampa9"]},{"@type":"Person","@id":"https:\/\/www.rassegnastampa-totustuus.it\/cattolica\/#\/schema\/person\/08f319d2bd1a0904ad9e2bfb7b15e5c3","name":"Redazione","image":{"@type":"ImageObject","inLanguage":"it-IT","@id":"https:\/\/secure.gravatar.com\/avatar\/2fcdf27c78ea025fbdb44e914cc63c72249ffec9dc8aafd5c82b26240ef3f346?s=96&d=mm&r=g","url":"https:\/\/secure.gravatar.com\/avatar\/2fcdf27c78ea025fbdb44e914cc63c72249ffec9dc8aafd5c82b26240ef3f346?s=96&d=mm&r=g","contentUrl":"https:\/\/secure.gravatar.com\/avatar\/2fcdf27c78ea025fbdb44e914cc63c72249ffec9dc8aafd5c82b26240ef3f346?s=96&d=mm&r=g","caption":"Redazione"},"url":"https:\/\/www.rassegnastampa-totustuus.it\/cattolica\/author\/pietroelle\/"}]}},"_links":{"self":[{"href":"https:\/\/www.rassegnastampa-totustuus.it\/cattolica\/wp-json\/wp\/v2\/posts\/62404","targetHints":{"allow":["GET"]}}],"collection":[{"href":"https:\/\/www.rassegnastampa-totustuus.it\/cattolica\/wp-json\/wp\/v2\/posts"}],"about":[{"href":"https:\/\/www.rassegnastampa-totustuus.it\/cattolica\/wp-json\/wp\/v2\/types\/post"}],"author":[{"embeddable":true,"href":"https:\/\/www.rassegnastampa-totustuus.it\/cattolica\/wp-json\/wp\/v2\/users\/6"}],"replies":[{"embeddable":true,"href":"https:\/\/www.rassegnastampa-totustuus.it\/cattolica\/wp-json\/wp\/v2\/comments?post=62404"}],"version-history":[{"count":2,"href":"https:\/\/www.rassegnastampa-totustuus.it\/cattolica\/wp-json\/wp\/v2\/posts\/62404\/revisions"}],"predecessor-version":[{"id":62411,"href":"https:\/\/www.rassegnastampa-totustuus.it\/cattolica\/wp-json\/wp\/v2\/posts\/62404\/revisions\/62411"}],"wp:featuredmedia":[{"embeddable":true,"href":"https:\/\/www.rassegnastampa-totustuus.it\/cattolica\/wp-json\/wp\/v2\/media\/62405"}],"wp:attachment":[{"href":"https:\/\/www.rassegnastampa-totustuus.it\/cattolica\/wp-json\/wp\/v2\/media?parent=62404"}],"wp:term":[{"taxonomy":"category","embeddable":true,"href":"https:\/\/www.rassegnastampa-totustuus.it\/cattolica\/wp-json\/wp\/v2\/categories?post=62404"},{"taxonomy":"post_tag","embeddable":true,"href":"https:\/\/www.rassegnastampa-totustuus.it\/cattolica\/wp-json\/wp\/v2\/tags?post=62404"}],"curies":[{"name":"wp","href":"https:\/\/api.w.org\/{rel}","templated":true}]}}