{"id":62401,"date":"2025-04-01T09:48:39","date_gmt":"2025-04-01T07:48:39","guid":{"rendered":"https:\/\/www.rassegnastampa-totustuus.it\/cattolica\/?p=62401"},"modified":"2025-04-01T09:48:40","modified_gmt":"2025-04-01T07:48:40","slug":"evangelium-vitae-30-anni-dopo-non-ce-nulla-da-festeggiare","status":"publish","type":"post","link":"https:\/\/www.rassegnastampa-totustuus.it\/cattolica\/evangelium-vitae-30-anni-dopo-non-ce-nulla-da-festeggiare\/","title":{"rendered":"Evangelium vitae, 30 anni dopo non c&#8217;\u00e8 nulla da festeggiare"},"content":{"rendered":"\n<p class=\"has-text-align-center\"><strong><a href=\"https:\/\/lanuovabq.it\/it\/\" target=\"_blank\" rel=\"noreferrer noopener\">La Nuova Bussola quotidiana<\/a> <\/strong>25 Marzo 2025<\/p>\n\n\n\n<p><em>Il 25 marzo di trent\u2019anni fa usciva l\u2019enciclica Evangelium vitae di Giovanni Paolo II \u201csul valore e l\u2019inviolabilit\u00e0 della vita umana\u201d. Oggi non c&#8217;\u00e8 nulla da festeggiare:&nbsp;la morale \u00e8 soggetta a compromessi e dialogo, del &#8220;popolo della vita&#8221; resta poco.<\/em><\/p>\n\n\n\n<p class=\"has-text-align-center\">di <strong>Stefano Fontana<\/strong><\/p>\n\n\n<div class=\"wp-block-image\">\n<figure class=\"aligncenter size-full is-resized\"><a href=\"https:\/\/www.rassegnastampa-totustuus.it\/cattolica\/wp-content\/uploads\/2005\/07\/Evangelium_vitae.jpg\"><img loading=\"lazy\" decoding=\"async\" width=\"225\" height=\"224\" src=\"https:\/\/www.rassegnastampa-totustuus.it\/cattolica\/wp-content\/uploads\/2005\/07\/Evangelium_vitae.jpg\" alt=\"\" class=\"wp-image-34523\" style=\"width:295px;height:auto\" srcset=\"https:\/\/www.rassegnastampa-totustuus.it\/cattolica\/wp-content\/uploads\/2005\/07\/Evangelium_vitae.jpg 225w, https:\/\/www.rassegnastampa-totustuus.it\/cattolica\/wp-content\/uploads\/2005\/07\/Evangelium_vitae-150x150.jpg 150w\" sizes=\"auto, (max-width: 225px) 100vw, 225px\" \/><\/a><\/figure><\/div>\n\n\n<!--more-->\n\n\n\n<p>Il 25 marzo di trent\u2019anni fa usciva l\u2019enciclica <em>Evangelium vitae<\/em> di Giovanni Paolo II \u201csul valore e l\u2019inviolabilit\u00e0 della vita umana\u201d. Il tema era quello della legalizzazione dell\u2019aborto, l\u2019enciclica per\u00f2 non trattava solo di bioetica, ma estendeva il proprio insegnamento alla morale, al diritto, alla politica per fare un quadro completo di una \u201ccultura della vita\u201d che avrebbe dovuto animare una \u201cpolitica per la vita\u201d. La <em>Evangelium vitae<\/em> era strettamente connessa con la <em>Veritatis splendor<\/em> sulla morale e la <em>Fides et ratio<\/em> sui rapporti tra fede e ragione. Insieme queste tre encicliche di Giovanni Paolo II costituivano come una summa dottrinale e orientativa della prassi dei cattolici e di tutti gli uomini di buona volont\u00e0 in politica. Il magistero pontificio, cos\u00ec, brillava per chiarezza, profondit\u00e0 e coerenza; non inseguiva i fenomeni esistenziali del momento, non si faceva dettare le cose da dire da altri, non aveva paura che le verit\u00e0 insegnate potessero essere divisive. Era solo preoccupato di dire la verit\u00e0 che rende liberi.<\/p>\n\n\n\n<p><strong>Il rapporto con le altre due encicliche \u00e8 fondamentale.<\/strong> Se non esiste, come diceva la <em>Veritatis splendor<\/em>, un bene morale conoscibile dalla ragione e insegnato dalla rivelazione, e se non ci sono azioni sempre cattive indipendentemente dalle intenzioni e dalle circostanze, come \u00e8 appunto il caso dell\u2019aborto, l\u2019arbitrio della coscienza diventa insindacabile. Se, come sostiene la&nbsp;<em>Fides et ratio<\/em>, la ragione non fosse in grado di conoscere l\u2019ordine naturale e finalistico dell\u2019essere che poi la fede nella rivelazione considera creato da un Dio provvidente e suo Fine ultimo, allora la libert\u00e0 sarebbe una facolt\u00e0 inutile e dannosa. Non si pu\u00f2 recuperare oggi l\u2019insegnamento della <em>Evangelium vitae<\/em> senza ripescare l\u2019intera triade di queste encicliche. Eventuali ferite inferte alle altre sono cause di trascuratezza di quella sulla vita.<\/p>\n\n\n\n<p><strong>Il paragrafo 20 \u00e8 il cuore della&nbsp;<em>Evangelium vitae<\/em><\/strong>, Basterebbe rileggere solo questo per averne gi\u00e0 il quadro completo. La societ\u00e0 \u2013 vi si dice \u2013 non \u00e8 un insieme di individui posti l\u2019uno accanto all\u2019altro, ma una comunit\u00e0 ordinata e unificata dal perseguimento delle sue finalit\u00e0 naturali. Nella societ\u00e0 vista come somma di individui tutto \u00e8 <em>convenzionale<\/em> e <em>negoziabile<\/em>, nella societ\u00e0 vista come comunit\u00e0 ordinata ai propri fini naturali e soprannaturali, invece, i legami fondativi sono indisponibili ai cittadini e i fini non si scelgono ma ci sono dati dalla nostra stessa natura. Nel primo caso la&nbsp;<em>morale&nbsp;<\/em>si ritiene soddisfatta dal compromesso, viene meno il <em>diritto<\/em> che pu\u00f2 essere negato da un voto parlamentare, la&nbsp;<em>democrazia<\/em>, \u00abad onta delle sue regole, cammina sulla strada di un sostanziale totalitarismo\u00bb, mentre lo Stato si trasforma in tiranno. Come si vede, il quadro \u00e8 organico: dall\u2019ordine naturale si passa alla morale, quindi al diritto e infine alla politica.<\/p>\n\n\n\n<p><strong>L\u2019insegnamento della <em>Evangelium vitae<\/em> sui fondamenti <\/strong>di una cultura della vita non si ferma a questo piano naturale, ma si approfondisce nella critica del <em>secolarismo<\/em>, che comporta l\u2019eclissi di Dio. Non c\u2019\u00e8 spazio per un umanesimo senza Dio perch\u00e9 \u00abquando viene meno il senso di Dio, anche il senso dell\u2019uomo viene minacciato e inquinato\u00bb. Il processo \u00e8 circolare. Smarrendo il senso del Dio vero ed unico, si offusca anche la visione della legge morale naturale, che non ha la capacit\u00e0 di stare in piedi da sola, e, a sua volta, la violazione sistematica di quest\u2019ultima tramite la lotta alla dignit\u00e0 della sua vita nascente, comporta lo smarrimento del senso di Dio. La questione della vita di fronte ai potenti attacchi di leggi disumane, spinti da poteri mondani molto attrezzati a questo scopo, richiede un <em>popolo<\/em> che annuncia la vita annunciando il Vangelo. Non si potr\u00e0, allora, mai tradire la verit\u00e0 sulla vita umana esponendo idee contrarie al Vangelo e cooperando con azioni personali e politiche.<\/p>\n\n\n\n<p><strong>Dopo trent\u2019anni ci si chiede cosa ne sia di questo \u201cpopolo della vita\u201d<\/strong> e quanto degli insegnamenti della <em>Evangelium vitae<\/em> esso conservi ancora nella propria coscienza. In questo momento il nesso che lega tra loro le tre encicliche suddette sembra essersi allentato. Pi\u00f9 che parlare di una societ\u00e0 unificata dai propri fini naturali si preferisce rifarsi ad una situazione esistenziale di incontro su una stessa barca che ci renderebbe tutti fratelli. Cos\u00ec scompaiono i conflitti sulla vita, sostituiti dal dialogo e dall\u2019accompagnamento reciproco. In morale le norme assolutamente negative vengono sostituite da processi di discernimento che, per propria natura, escludono le condanne senza appello dei comportamenti. Anche i piani delle leggi e della politica sembrano non richiedere pi\u00f9 una coerenza rispetto alla legge morale naturale e divina, ritenendo che simili atteggiamenti siano contrari alla carit\u00e0, intesa come accoglienza di ogni diverso in quanto diverso. Nel complesso il quadro si \u00e8 frammentato nel caso per caso e ha perso di profondit\u00e0, mentre al dramma dell\u2019aborto, nel frattempo per niente diminuito, altri drammi relativi alla vita si sono aggiunti. In particolare, sembra essersi di molto indebolito il rapporto tra l\u2019impegno sociale e politico a favore della vita e l\u2019evangelizzazione.<\/p>\n\n\n\n<p><strong>Questo trentennale<\/strong> non \u00e8 molto festoso.<\/p>\n\n\n\n<p>_________________________<\/p>\n\n\n\n<p><strong>Leggi anche:<\/strong><\/p>\n\n\n\n<p><a href=\"https:\/\/www.rassegnastampa-totustuus.it\/cattolica\/la-evangelium-vitae-e-il-passaggio-dal-paradigma-metafisico-al-paradigma-ermeneutico\/\" target=\"_blank\" rel=\"noreferrer noopener\">La Evangelium vitae e il passaggio dal paradigma metafisico al paradigma ermeneutico<\/a><strong>.<\/strong><\/p>\n\n\n\n<p><a href=\"https:\/\/www.rassegnastampa-totustuus.it\/cattolica\/la-democrazia-nellenciclica-sociale-evangelium-vitae\/\" target=\"_blank\" rel=\"noreferrer noopener\">La democrazia nell\u2019enciclica \u2018sociale\u2019 \u2018Evangelium vitae\u2019<\/a><\/p>\n\n\n\n<p><a href=\"https:\/\/www.rassegnastampa-totustuus.it\/cattolica\/fides-et-ratio-il-progetto-di-liberazione-ignorato\/\" target=\"_blank\" rel=\"noreferrer noopener\">\u201dFides et ratio\u201d: il progetto di liberazione ignorato<\/a><\/p>\n\n\n\n<p><\/p>\n","protected":false},"excerpt":{"rendered":"<p>La Nuova Bussola quotidiana 25 Marzo 2025 Il 25 marzo di trent\u2019anni fa usciva l\u2019enciclica Evangelium vitae di Giovanni Paolo II \u201csul valore e l\u2019inviolabilit\u00e0 della vita umana\u201d. Oggi non c&#8217;\u00e8 nulla da festeggiare:&nbsp;la morale \u00e8 soggetta a compromessi e dialogo, del &#8220;popolo della vita&#8221; resta poco. di Stefano Fontana<\/p><p><a class=\"more-link btn\" href=\"https:\/\/www.rassegnastampa-totustuus.it\/cattolica\/evangelium-vitae-30-anni-dopo-non-ce-nulla-da-festeggiare\/\">Continua a leggere<\/a><\/p>\n","protected":false},"author":6,"featured_media":34523,"comment_status":"closed","ping_status":"closed","sticky":false,"template":"","format":"standard","meta":{"footnotes":""},"categories":[5],"tags":[209,2284,336,3141],"class_list":["post-62401","post","type-post","status-publish","format-standard","has-post-thumbnail","hentry","category-chiesa","tag-encicliche","tag-evangelium-vitae","tag-giovanni-paolo-ii","tag-vita-umana","item-wrap"],"yoast_head":"<!-- This site is optimized with the Yoast SEO plugin v27.4 - https:\/\/yoast.com\/product\/yoast-seo-wordpress\/ -->\n<title>Evangelium vitae, 30 anni dopo non c&#039;\u00e8 nulla da festeggiare - Rassegna Stampa Cattolica<\/title>\n<meta name=\"description\" content=\"Evangelium vitae, 30 anni dopo non c&#039;\u00e8 nulla da festeggiare. 30 anni fa l&#039;enciclica oggi disattesa a causa di compromessi e dialogo\" \/>\n<meta name=\"robots\" content=\"index, follow, max-snippet:-1, max-image-preview:large, max-video-preview:-1\" \/>\n<link rel=\"canonical\" href=\"https:\/\/www.rassegnastampa-totustuus.it\/cattolica\/evangelium-vitae-30-anni-dopo-non-ce-nulla-da-festeggiare\/\" \/>\n<meta property=\"og:locale\" content=\"it_IT\" \/>\n<meta property=\"og:type\" content=\"article\" \/>\n<meta property=\"og:title\" content=\"Evangelium vitae, 30 anni dopo non c&#039;\u00e8 nulla da festeggiare - Rassegna Stampa Cattolica\" \/>\n<meta property=\"og:description\" content=\"Evangelium vitae, 30 anni dopo non c&#039;\u00e8 nulla da festeggiare. 30 anni fa l&#039;enciclica oggi disattesa a causa di compromessi e dialogo\" \/>\n<meta property=\"og:url\" content=\"https:\/\/www.rassegnastampa-totustuus.it\/cattolica\/evangelium-vitae-30-anni-dopo-non-ce-nulla-da-festeggiare\/\" \/>\n<meta property=\"og:site_name\" content=\"Rassegna Stampa Cattolica\" \/>\n<meta property=\"article:publisher\" content=\"https:\/\/www.facebook.com\/rassegnastampacattolica\" \/>\n<meta property=\"article:published_time\" content=\"2025-04-01T07:48:39+00:00\" \/>\n<meta property=\"article:modified_time\" content=\"2025-04-01T07:48:40+00:00\" \/>\n<meta property=\"og:image\" content=\"https:\/\/www.rassegnastampa-totustuus.it\/cattolica\/wp-content\/uploads\/2005\/07\/Evangelium_vitae.jpg\" \/>\n\t<meta property=\"og:image:width\" content=\"225\" \/>\n\t<meta property=\"og:image:height\" content=\"224\" \/>\n\t<meta property=\"og:image:type\" content=\"image\/jpeg\" \/>\n<meta name=\"author\" content=\"Redazione\" \/>\n<meta name=\"twitter:card\" content=\"summary_large_image\" \/>\n<meta name=\"twitter:creator\" content=\"@rassegnastampa9\" \/>\n<meta name=\"twitter:site\" content=\"@rassegnastampa9\" \/>\n<meta name=\"twitter:label1\" content=\"Scritto da\" \/>\n\t<meta name=\"twitter:data1\" content=\"Redazione\" \/>\n\t<meta name=\"twitter:label2\" content=\"Tempo di lettura stimato\" \/>\n\t<meta name=\"twitter:data2\" content=\"6 minuti\" \/>\n<script type=\"application\/ld+json\" class=\"yoast-schema-graph\">{\"@context\":\"https:\\\/\\\/schema.org\",\"@graph\":[{\"@type\":\"Article\",\"@id\":\"https:\\\/\\\/www.rassegnastampa-totustuus.it\\\/cattolica\\\/evangelium-vitae-30-anni-dopo-non-ce-nulla-da-festeggiare\\\/#article\",\"isPartOf\":{\"@id\":\"https:\\\/\\\/www.rassegnastampa-totustuus.it\\\/cattolica\\\/evangelium-vitae-30-anni-dopo-non-ce-nulla-da-festeggiare\\\/\"},\"author\":{\"name\":\"Redazione\",\"@id\":\"https:\\\/\\\/www.rassegnastampa-totustuus.it\\\/cattolica\\\/#\\\/schema\\\/person\\\/08f319d2bd1a0904ad9e2bfb7b15e5c3\"},\"headline\":\"Evangelium vitae, 30 anni dopo non c&#8217;\u00e8 nulla da festeggiare\",\"datePublished\":\"2025-04-01T07:48:39+00:00\",\"dateModified\":\"2025-04-01T07:48:40+00:00\",\"mainEntityOfPage\":{\"@id\":\"https:\\\/\\\/www.rassegnastampa-totustuus.it\\\/cattolica\\\/evangelium-vitae-30-anni-dopo-non-ce-nulla-da-festeggiare\\\/\"},\"wordCount\":919,\"publisher\":{\"@id\":\"https:\\\/\\\/www.rassegnastampa-totustuus.it\\\/cattolica\\\/#organization\"},\"image\":{\"@id\":\"https:\\\/\\\/www.rassegnastampa-totustuus.it\\\/cattolica\\\/evangelium-vitae-30-anni-dopo-non-ce-nulla-da-festeggiare\\\/#primaryimage\"},\"thumbnailUrl\":\"https:\\\/\\\/www.rassegnastampa-totustuus.it\\\/cattolica\\\/wp-content\\\/uploads\\\/2005\\\/07\\\/Evangelium_vitae.jpg\",\"keywords\":[\"encicliche\",\"Evangelium vitae\",\"Giovanni Paolo II\",\"vita umana\"],\"articleSection\":[\"Chiesa\"],\"inLanguage\":\"it-IT\"},{\"@type\":\"WebPage\",\"@id\":\"https:\\\/\\\/www.rassegnastampa-totustuus.it\\\/cattolica\\\/evangelium-vitae-30-anni-dopo-non-ce-nulla-da-festeggiare\\\/\",\"url\":\"https:\\\/\\\/www.rassegnastampa-totustuus.it\\\/cattolica\\\/evangelium-vitae-30-anni-dopo-non-ce-nulla-da-festeggiare\\\/\",\"name\":\"Evangelium vitae, 30 anni dopo non c'\u00e8 nulla da festeggiare - Rassegna Stampa Cattolica\",\"isPartOf\":{\"@id\":\"https:\\\/\\\/www.rassegnastampa-totustuus.it\\\/cattolica\\\/#website\"},\"primaryImageOfPage\":{\"@id\":\"https:\\\/\\\/www.rassegnastampa-totustuus.it\\\/cattolica\\\/evangelium-vitae-30-anni-dopo-non-ce-nulla-da-festeggiare\\\/#primaryimage\"},\"image\":{\"@id\":\"https:\\\/\\\/www.rassegnastampa-totustuus.it\\\/cattolica\\\/evangelium-vitae-30-anni-dopo-non-ce-nulla-da-festeggiare\\\/#primaryimage\"},\"thumbnailUrl\":\"https:\\\/\\\/www.rassegnastampa-totustuus.it\\\/cattolica\\\/wp-content\\\/uploads\\\/2005\\\/07\\\/Evangelium_vitae.jpg\",\"datePublished\":\"2025-04-01T07:48:39+00:00\",\"dateModified\":\"2025-04-01T07:48:40+00:00\",\"description\":\"Evangelium vitae, 30 anni dopo non c'\u00e8 nulla da festeggiare. 30 anni fa l'enciclica oggi disattesa a causa di compromessi e dialogo\",\"breadcrumb\":{\"@id\":\"https:\\\/\\\/www.rassegnastampa-totustuus.it\\\/cattolica\\\/evangelium-vitae-30-anni-dopo-non-ce-nulla-da-festeggiare\\\/#breadcrumb\"},\"inLanguage\":\"it-IT\",\"potentialAction\":[{\"@type\":\"ReadAction\",\"target\":[\"https:\\\/\\\/www.rassegnastampa-totustuus.it\\\/cattolica\\\/evangelium-vitae-30-anni-dopo-non-ce-nulla-da-festeggiare\\\/\"]}]},{\"@type\":\"ImageObject\",\"inLanguage\":\"it-IT\",\"@id\":\"https:\\\/\\\/www.rassegnastampa-totustuus.it\\\/cattolica\\\/evangelium-vitae-30-anni-dopo-non-ce-nulla-da-festeggiare\\\/#primaryimage\",\"url\":\"https:\\\/\\\/www.rassegnastampa-totustuus.it\\\/cattolica\\\/wp-content\\\/uploads\\\/2005\\\/07\\\/Evangelium_vitae.jpg\",\"contentUrl\":\"https:\\\/\\\/www.rassegnastampa-totustuus.it\\\/cattolica\\\/wp-content\\\/uploads\\\/2005\\\/07\\\/Evangelium_vitae.jpg\",\"width\":225,\"height\":224},{\"@type\":\"BreadcrumbList\",\"@id\":\"https:\\\/\\\/www.rassegnastampa-totustuus.it\\\/cattolica\\\/evangelium-vitae-30-anni-dopo-non-ce-nulla-da-festeggiare\\\/#breadcrumb\",\"itemListElement\":[{\"@type\":\"ListItem\",\"position\":1,\"name\":\"Home\",\"item\":\"https:\\\/\\\/www.rassegnastampa-totustuus.it\\\/cattolica\\\/\"},{\"@type\":\"ListItem\",\"position\":2,\"name\":\"Evangelium vitae, 30 anni dopo non c&#8217;\u00e8 nulla da festeggiare\"}]},{\"@type\":\"WebSite\",\"@id\":\"https:\\\/\\\/www.rassegnastampa-totustuus.it\\\/cattolica\\\/#website\",\"url\":\"https:\\\/\\\/www.rassegnastampa-totustuus.it\\\/cattolica\\\/\",\"name\":\"Rassegna Stampa Cattolica\",\"description\":\"Per una cultura che nasce dalla Rivelazione cristiana in conformit\u00e0 alla tradizione e al Magistero della Chiesa in opposizione ad ogni relativismo e totalitarismo\",\"publisher\":{\"@id\":\"https:\\\/\\\/www.rassegnastampa-totustuus.it\\\/cattolica\\\/#organization\"},\"alternateName\":\"Rass. Cattolica\",\"potentialAction\":[{\"@type\":\"SearchAction\",\"target\":{\"@type\":\"EntryPoint\",\"urlTemplate\":\"https:\\\/\\\/www.rassegnastampa-totustuus.it\\\/cattolica\\\/?s={search_term_string}\"},\"query-input\":{\"@type\":\"PropertyValueSpecification\",\"valueRequired\":true,\"valueName\":\"search_term_string\"}}],\"inLanguage\":\"it-IT\"},{\"@type\":\"Organization\",\"@id\":\"https:\\\/\\\/www.rassegnastampa-totustuus.it\\\/cattolica\\\/#organization\",\"name\":\"Rassegna Stampa Cattolica\",\"url\":\"https:\\\/\\\/www.rassegnastampa-totustuus.it\\\/cattolica\\\/\",\"logo\":{\"@type\":\"ImageObject\",\"inLanguage\":\"it-IT\",\"@id\":\"https:\\\/\\\/www.rassegnastampa-totustuus.it\\\/cattolica\\\/#\\\/schema\\\/logo\\\/image\\\/\",\"url\":\"https:\\\/\\\/www.rassegnastampa-totustuus.it\\\/cattolica\\\/wp-content\\\/uploads\\\/2014\\\/04\\\/logo-rassegna1.gif\",\"contentUrl\":\"https:\\\/\\\/www.rassegnastampa-totustuus.it\\\/cattolica\\\/wp-content\\\/uploads\\\/2014\\\/04\\\/logo-rassegna1.gif\",\"width\":600,\"height\":163,\"caption\":\"Rassegna Stampa Cattolica\"},\"image\":{\"@id\":\"https:\\\/\\\/www.rassegnastampa-totustuus.it\\\/cattolica\\\/#\\\/schema\\\/logo\\\/image\\\/\"},\"sameAs\":[\"https:\\\/\\\/www.facebook.com\\\/rassegnastampacattolica\",\"https:\\\/\\\/x.com\\\/rassegnastampa9\"]},{\"@type\":\"Person\",\"@id\":\"https:\\\/\\\/www.rassegnastampa-totustuus.it\\\/cattolica\\\/#\\\/schema\\\/person\\\/08f319d2bd1a0904ad9e2bfb7b15e5c3\",\"name\":\"Redazione\",\"image\":{\"@type\":\"ImageObject\",\"inLanguage\":\"it-IT\",\"@id\":\"https:\\\/\\\/secure.gravatar.com\\\/avatar\\\/2fcdf27c78ea025fbdb44e914cc63c72249ffec9dc8aafd5c82b26240ef3f346?s=96&d=mm&r=g\",\"url\":\"https:\\\/\\\/secure.gravatar.com\\\/avatar\\\/2fcdf27c78ea025fbdb44e914cc63c72249ffec9dc8aafd5c82b26240ef3f346?s=96&d=mm&r=g\",\"contentUrl\":\"https:\\\/\\\/secure.gravatar.com\\\/avatar\\\/2fcdf27c78ea025fbdb44e914cc63c72249ffec9dc8aafd5c82b26240ef3f346?s=96&d=mm&r=g\",\"caption\":\"Redazione\"},\"url\":\"https:\\\/\\\/www.rassegnastampa-totustuus.it\\\/cattolica\\\/author\\\/pietroelle\\\/\"}]}<\/script>\n<!-- \/ Yoast SEO plugin. -->","yoast_head_json":{"title":"Evangelium vitae, 30 anni dopo non c'\u00e8 nulla da festeggiare - Rassegna Stampa Cattolica","description":"Evangelium vitae, 30 anni dopo non c'\u00e8 nulla da festeggiare. 30 anni fa l'enciclica oggi disattesa a causa di compromessi e dialogo","robots":{"index":"index","follow":"follow","max-snippet":"max-snippet:-1","max-image-preview":"max-image-preview:large","max-video-preview":"max-video-preview:-1"},"canonical":"https:\/\/www.rassegnastampa-totustuus.it\/cattolica\/evangelium-vitae-30-anni-dopo-non-ce-nulla-da-festeggiare\/","og_locale":"it_IT","og_type":"article","og_title":"Evangelium vitae, 30 anni dopo non c'\u00e8 nulla da festeggiare - Rassegna Stampa Cattolica","og_description":"Evangelium vitae, 30 anni dopo non c'\u00e8 nulla da festeggiare. 30 anni fa l'enciclica oggi disattesa a causa di compromessi e dialogo","og_url":"https:\/\/www.rassegnastampa-totustuus.it\/cattolica\/evangelium-vitae-30-anni-dopo-non-ce-nulla-da-festeggiare\/","og_site_name":"Rassegna Stampa Cattolica","article_publisher":"https:\/\/www.facebook.com\/rassegnastampacattolica","article_published_time":"2025-04-01T07:48:39+00:00","article_modified_time":"2025-04-01T07:48:40+00:00","og_image":[{"width":225,"height":224,"url":"https:\/\/www.rassegnastampa-totustuus.it\/cattolica\/wp-content\/uploads\/2005\/07\/Evangelium_vitae.jpg","type":"image\/jpeg"}],"author":"Redazione","twitter_card":"summary_large_image","twitter_creator":"@rassegnastampa9","twitter_site":"@rassegnastampa9","twitter_misc":{"Scritto da":"Redazione","Tempo di lettura stimato":"6 minuti"},"schema":{"@context":"https:\/\/schema.org","@graph":[{"@type":"Article","@id":"https:\/\/www.rassegnastampa-totustuus.it\/cattolica\/evangelium-vitae-30-anni-dopo-non-ce-nulla-da-festeggiare\/#article","isPartOf":{"@id":"https:\/\/www.rassegnastampa-totustuus.it\/cattolica\/evangelium-vitae-30-anni-dopo-non-ce-nulla-da-festeggiare\/"},"author":{"name":"Redazione","@id":"https:\/\/www.rassegnastampa-totustuus.it\/cattolica\/#\/schema\/person\/08f319d2bd1a0904ad9e2bfb7b15e5c3"},"headline":"Evangelium vitae, 30 anni dopo non c&#8217;\u00e8 nulla da festeggiare","datePublished":"2025-04-01T07:48:39+00:00","dateModified":"2025-04-01T07:48:40+00:00","mainEntityOfPage":{"@id":"https:\/\/www.rassegnastampa-totustuus.it\/cattolica\/evangelium-vitae-30-anni-dopo-non-ce-nulla-da-festeggiare\/"},"wordCount":919,"publisher":{"@id":"https:\/\/www.rassegnastampa-totustuus.it\/cattolica\/#organization"},"image":{"@id":"https:\/\/www.rassegnastampa-totustuus.it\/cattolica\/evangelium-vitae-30-anni-dopo-non-ce-nulla-da-festeggiare\/#primaryimage"},"thumbnailUrl":"https:\/\/www.rassegnastampa-totustuus.it\/cattolica\/wp-content\/uploads\/2005\/07\/Evangelium_vitae.jpg","keywords":["encicliche","Evangelium vitae","Giovanni Paolo II","vita umana"],"articleSection":["Chiesa"],"inLanguage":"it-IT"},{"@type":"WebPage","@id":"https:\/\/www.rassegnastampa-totustuus.it\/cattolica\/evangelium-vitae-30-anni-dopo-non-ce-nulla-da-festeggiare\/","url":"https:\/\/www.rassegnastampa-totustuus.it\/cattolica\/evangelium-vitae-30-anni-dopo-non-ce-nulla-da-festeggiare\/","name":"Evangelium vitae, 30 anni dopo non c'\u00e8 nulla da festeggiare - Rassegna Stampa Cattolica","isPartOf":{"@id":"https:\/\/www.rassegnastampa-totustuus.it\/cattolica\/#website"},"primaryImageOfPage":{"@id":"https:\/\/www.rassegnastampa-totustuus.it\/cattolica\/evangelium-vitae-30-anni-dopo-non-ce-nulla-da-festeggiare\/#primaryimage"},"image":{"@id":"https:\/\/www.rassegnastampa-totustuus.it\/cattolica\/evangelium-vitae-30-anni-dopo-non-ce-nulla-da-festeggiare\/#primaryimage"},"thumbnailUrl":"https:\/\/www.rassegnastampa-totustuus.it\/cattolica\/wp-content\/uploads\/2005\/07\/Evangelium_vitae.jpg","datePublished":"2025-04-01T07:48:39+00:00","dateModified":"2025-04-01T07:48:40+00:00","description":"Evangelium vitae, 30 anni dopo non c'\u00e8 nulla da festeggiare. 30 anni fa l'enciclica oggi disattesa a causa di compromessi e dialogo","breadcrumb":{"@id":"https:\/\/www.rassegnastampa-totustuus.it\/cattolica\/evangelium-vitae-30-anni-dopo-non-ce-nulla-da-festeggiare\/#breadcrumb"},"inLanguage":"it-IT","potentialAction":[{"@type":"ReadAction","target":["https:\/\/www.rassegnastampa-totustuus.it\/cattolica\/evangelium-vitae-30-anni-dopo-non-ce-nulla-da-festeggiare\/"]}]},{"@type":"ImageObject","inLanguage":"it-IT","@id":"https:\/\/www.rassegnastampa-totustuus.it\/cattolica\/evangelium-vitae-30-anni-dopo-non-ce-nulla-da-festeggiare\/#primaryimage","url":"https:\/\/www.rassegnastampa-totustuus.it\/cattolica\/wp-content\/uploads\/2005\/07\/Evangelium_vitae.jpg","contentUrl":"https:\/\/www.rassegnastampa-totustuus.it\/cattolica\/wp-content\/uploads\/2005\/07\/Evangelium_vitae.jpg","width":225,"height":224},{"@type":"BreadcrumbList","@id":"https:\/\/www.rassegnastampa-totustuus.it\/cattolica\/evangelium-vitae-30-anni-dopo-non-ce-nulla-da-festeggiare\/#breadcrumb","itemListElement":[{"@type":"ListItem","position":1,"name":"Home","item":"https:\/\/www.rassegnastampa-totustuus.it\/cattolica\/"},{"@type":"ListItem","position":2,"name":"Evangelium vitae, 30 anni dopo non c&#8217;\u00e8 nulla da festeggiare"}]},{"@type":"WebSite","@id":"https:\/\/www.rassegnastampa-totustuus.it\/cattolica\/#website","url":"https:\/\/www.rassegnastampa-totustuus.it\/cattolica\/","name":"Rassegna Stampa Cattolica","description":"Per una cultura che nasce dalla Rivelazione cristiana in conformit\u00e0 alla tradizione e al Magistero della Chiesa in opposizione ad ogni relativismo e totalitarismo","publisher":{"@id":"https:\/\/www.rassegnastampa-totustuus.it\/cattolica\/#organization"},"alternateName":"Rass. Cattolica","potentialAction":[{"@type":"SearchAction","target":{"@type":"EntryPoint","urlTemplate":"https:\/\/www.rassegnastampa-totustuus.it\/cattolica\/?s={search_term_string}"},"query-input":{"@type":"PropertyValueSpecification","valueRequired":true,"valueName":"search_term_string"}}],"inLanguage":"it-IT"},{"@type":"Organization","@id":"https:\/\/www.rassegnastampa-totustuus.it\/cattolica\/#organization","name":"Rassegna Stampa Cattolica","url":"https:\/\/www.rassegnastampa-totustuus.it\/cattolica\/","logo":{"@type":"ImageObject","inLanguage":"it-IT","@id":"https:\/\/www.rassegnastampa-totustuus.it\/cattolica\/#\/schema\/logo\/image\/","url":"https:\/\/www.rassegnastampa-totustuus.it\/cattolica\/wp-content\/uploads\/2014\/04\/logo-rassegna1.gif","contentUrl":"https:\/\/www.rassegnastampa-totustuus.it\/cattolica\/wp-content\/uploads\/2014\/04\/logo-rassegna1.gif","width":600,"height":163,"caption":"Rassegna Stampa Cattolica"},"image":{"@id":"https:\/\/www.rassegnastampa-totustuus.it\/cattolica\/#\/schema\/logo\/image\/"},"sameAs":["https:\/\/www.facebook.com\/rassegnastampacattolica","https:\/\/x.com\/rassegnastampa9"]},{"@type":"Person","@id":"https:\/\/www.rassegnastampa-totustuus.it\/cattolica\/#\/schema\/person\/08f319d2bd1a0904ad9e2bfb7b15e5c3","name":"Redazione","image":{"@type":"ImageObject","inLanguage":"it-IT","@id":"https:\/\/secure.gravatar.com\/avatar\/2fcdf27c78ea025fbdb44e914cc63c72249ffec9dc8aafd5c82b26240ef3f346?s=96&d=mm&r=g","url":"https:\/\/secure.gravatar.com\/avatar\/2fcdf27c78ea025fbdb44e914cc63c72249ffec9dc8aafd5c82b26240ef3f346?s=96&d=mm&r=g","contentUrl":"https:\/\/secure.gravatar.com\/avatar\/2fcdf27c78ea025fbdb44e914cc63c72249ffec9dc8aafd5c82b26240ef3f346?s=96&d=mm&r=g","caption":"Redazione"},"url":"https:\/\/www.rassegnastampa-totustuus.it\/cattolica\/author\/pietroelle\/"}]}},"_links":{"self":[{"href":"https:\/\/www.rassegnastampa-totustuus.it\/cattolica\/wp-json\/wp\/v2\/posts\/62401","targetHints":{"allow":["GET"]}}],"collection":[{"href":"https:\/\/www.rassegnastampa-totustuus.it\/cattolica\/wp-json\/wp\/v2\/posts"}],"about":[{"href":"https:\/\/www.rassegnastampa-totustuus.it\/cattolica\/wp-json\/wp\/v2\/types\/post"}],"author":[{"embeddable":true,"href":"https:\/\/www.rassegnastampa-totustuus.it\/cattolica\/wp-json\/wp\/v2\/users\/6"}],"replies":[{"embeddable":true,"href":"https:\/\/www.rassegnastampa-totustuus.it\/cattolica\/wp-json\/wp\/v2\/comments?post=62401"}],"version-history":[{"count":1,"href":"https:\/\/www.rassegnastampa-totustuus.it\/cattolica\/wp-json\/wp\/v2\/posts\/62401\/revisions"}],"predecessor-version":[{"id":62402,"href":"https:\/\/www.rassegnastampa-totustuus.it\/cattolica\/wp-json\/wp\/v2\/posts\/62401\/revisions\/62402"}],"wp:featuredmedia":[{"embeddable":true,"href":"https:\/\/www.rassegnastampa-totustuus.it\/cattolica\/wp-json\/wp\/v2\/media\/34523"}],"wp:attachment":[{"href":"https:\/\/www.rassegnastampa-totustuus.it\/cattolica\/wp-json\/wp\/v2\/media?parent=62401"}],"wp:term":[{"taxonomy":"category","embeddable":true,"href":"https:\/\/www.rassegnastampa-totustuus.it\/cattolica\/wp-json\/wp\/v2\/categories?post=62401"},{"taxonomy":"post_tag","embeddable":true,"href":"https:\/\/www.rassegnastampa-totustuus.it\/cattolica\/wp-json\/wp\/v2\/tags?post=62401"}],"curies":[{"name":"wp","href":"https:\/\/api.w.org\/{rel}","templated":true}]}}