{"id":62397,"date":"2025-03-31T11:12:08","date_gmt":"2025-03-31T09:12:08","guid":{"rendered":"https:\/\/www.rassegnastampa-totustuus.it\/cattolica\/?p=62397"},"modified":"2025-03-31T11:12:10","modified_gmt":"2025-03-31T09:12:10","slug":"la-sinistra-critica-i-nuovi-limiti-dellagenzia-per-la-protezione-dellambiente-epa","status":"publish","type":"post","link":"https:\/\/www.rassegnastampa-totustuus.it\/cattolica\/la-sinistra-critica-i-nuovi-limiti-dellagenzia-per-la-protezione-dellambiente-epa\/","title":{"rendered":"La sinistra critica i limiti dell&#8217;Agenzia per la protezione dell&#8217;ambiente"},"content":{"rendered":"\n<p class=\"has-text-align-center\"><strong><a href=\"https:\/\/www.atfp.it\/\" target=\"_blank\" rel=\"noreferrer noopener\">Tradizione famiglia Propriet\u00e0 <\/a>newsletter <\/strong>29 Marzo 2025<\/p>\n\n\n\n<h3 class=\"wp-block-heading has-text-align-center\">La sinistra critica i nuovi limiti dell&#8217;Agenzia per la protezione dell&#8217;ambiente (EPA)*<\/h3>\n\n\n\n<p class=\"has-text-align-center\">di<strong> Edwin Benson<\/strong><\/p>\n\n\n\n<p>Ogni venditore degno di nota sa che il suo pi\u00f9 grande alleato \u00e8 l&#8217;urgenza. Se i clienti hanno bisogno di qualcosa adesso, spesso sono disposti a pagare di pi\u00f9 o ad acquistare subito.<\/p>\n\n\n\n<p>In assenza di una necessit\u00e0 impellente, ci sono molte strategie per creare un senso di urgenza, come dire che le scorte sono limitate oppure offrire un prezzo speciale per chi acquista oggi.<\/p>\n\n\n<div class=\"wp-block-image\">\n<figure class=\"aligncenter size-full is-resized\"><a href=\"https:\/\/www.rassegnastampa-totustuus.it\/cattolica\/wp-content\/uploads\/2025\/03\/ambiente_Epa_usa.png\"><img loading=\"lazy\" decoding=\"async\" width=\"1600\" height=\"491\" src=\"https:\/\/www.rassegnastampa-totustuus.it\/cattolica\/wp-content\/uploads\/2025\/03\/ambiente_Epa_usa.png\" alt=\"\" class=\"wp-image-62398\" style=\"width:415px;height:auto\"\/><\/a><\/figure><\/div>\n\n\n<!--more-->\n\n\n\n<p>In una situazione del genere, \u00e8 fondamentale controllare il flusso d\u2019informazioni attraverso il volume, l&#8217;intimidazione o altri mezzi. Tuttavia, sebbene la tattica dell&#8217;urgenza sia utile, deve pur sempre essere usata con parsimonia. Non appena il potenziale acquirente si rende conto che un&#8217;azione immediata non \u00e8 necessaria, svanisce l\u2019efficacia della vendita.<\/p>\n\n\n\n<h4 class=\"wp-block-heading has-text-align-center\"><strong>Come sgonfiare l&#8217;EPA \u2013 l\u2019Agenzia per la Protezione dell&#8217;Ambiente<\/strong><\/h4>\n\n\n\n<p>Come il venditore, i burocrati dell&#8217;Agenzia per la Protezione dell&#8217;Ambiente (EPA) sanno bene che il senso di urgenza \u00e8 fondamentale per il loro funzionamento. Questo \u00e8 particolarmente vero nel campo del mitico &#8220;cambiamento climatico globale&#8221;.<\/p>\n\n\n\n<p>Tuttavia, \u00e8 possibile che il movimento per il cambiamento climatico stia soffrendo di sovraesposizione. Una delle tante azioni intraprese dal Presidente Trump nelle ore successive al suo insediamento, avvenuto il 20 gennaio 2025, \u00e8 stata la firma di un&nbsp;<em>Ordine Esecutivo<\/em>&nbsp;intitolato<em>&nbsp;Liberare l\u2019energia americana<\/em>&nbsp;. In esso ha ordinato all&#8217;amministratore dell&#8217;EPA di formulare raccomandazioni per allineare le pratiche dell&#8217;Agenzia agli obiettivi dichiarati dall&#8217;amministrazione.<\/p>\n\n\n\n<p>L&#8217;ex deputato Lee Zeldin ha assunto la carica di amministratore il 29 gennaio. Secondo un articolo apparso sul numero del 26 febbraio di<em>&nbsp;The Washington Post<\/em>&nbsp;, il signor Zeldin &#8220;ha sollecitato privatamente la Casa Bianca a cancellare una scoperta scientifica alla base di gran parte della spinta del governo federale a combattere il cambiamento climatico&#8221;. All&#8217;interno dell&#8217;EPA, il documento che ha sancito la politica che Zeldin vuole revocare \u00e8 noto come &#8220;endangerment finding&#8221;&nbsp;<em>(ndt,&nbsp;<\/em>rilevamento del pericolo<em>).<\/em><\/p>\n\n\n\n<p>Per spiegare l&#8217;importanza di questo documento \u00e8 necessaria una premessa, giacch\u00e9 al di fuori dell&#8217;Agenzia \u00e8 praticamente sconosciuto.<\/p>\n\n\n\n<h4 class=\"wp-block-heading has-text-align-center\"><strong>C\u2019\u00e8 un pericolo reale?<\/strong><\/h4>\n\n\n<div class=\"wp-block-image\">\n<figure class=\"aligncenter size-full is-resized\"><a href=\"https:\/\/www.rassegnastampa-totustuus.it\/cattolica\/wp-content\/uploads\/2025\/03\/inverno_clima_paesaggio_ambiente.jpg\"><img loading=\"lazy\" decoding=\"async\" width=\"640\" height=\"449\" src=\"https:\/\/www.rassegnastampa-totustuus.it\/cattolica\/wp-content\/uploads\/2025\/03\/inverno_clima_paesaggio_ambiente.jpg\" alt=\"\" class=\"wp-image-62399\" style=\"width:486px;height:auto\"\/><\/a><\/figure><\/div>\n\n\n<p>Negli anni Settanta il cambiamento climatico globale aveva un nome diverso: \u201c<em>raffreddamento globale\u201d<\/em>. I catastrofisti gridavano che lo strato di ozono si stava assottigliando a causa delle bombole di aerosol che rilasciavano clorofluorocarburi. Senza una quantit\u00e0 sufficiente di ozono nell&#8217;alta atmosfera, gran parte del calore terrestre sarebbe sfuggito nello spazio. Il pianeta stesso si sarebbe raffreddato sempre di pi\u00f9 e alla fine l&#8217;umanit\u00e0 non sarebbe stata in grado di sopportare il freddo incessante.<\/p>\n\n\n\n<p>&nbsp;I cosiddetti esperti hanno assicurato al pubblico che, in assenza d\u2019interventi immediati, ci\u00f2 sarebbe avvenuto entro il 2000. Tuttavia, il problema \u00e8 stato che il raffreddamento globale non si \u00e8 verificato. Anzi, molti notarono che gli inverni stavano diventando leggermente meno rigidi. Cos\u00ec, intorno al 1985, gli esperti hanno ribattezzato la minaccia e il movimento ha generato la nuova espressione&nbsp;<em>&#8220;riscaldamento globale&#8221;<\/em>.<\/p>\n\n\n\n<p>Questa volta, gli ambientalisti lamentavano che i &#8220;gas serra&#8221; (GHG), come l&#8217;anidride carbonica e il metano, rendevano l&#8217;atmosfera superiore troppo densa. Pertanto, la Terra si sarebbe riscaldata costantemente. Tuttavia, il calore di per s\u00e9 non era sufficiente a scatenare il panico. Dopotutto, ogni inverno milioni di persone del nord si recano a sud in cerca di temperature pi\u00f9 calde. Cos\u00ec, gli esperti hanno abbellito la storia sostenendo che un aumento di solo un paio di gradi avrebbe causato lo scioglimento delle calotte glaciali globali. Questo, a sua volta, provocherebbe l&#8217;innalzamento degli oceani, facendo diminuire o addirittura scomparire le aree costiere.<\/p>\n\n\n\n<p>Nemmeno quella calamit\u00e0 per\u00f2 si \u00e8 verificata. Dopo vent&#8217;anni di previsioni funeste, l&#8217;innalzamento degli oceani non ha inghiottito Manhattan, Miami o New Orleans. Cos\u00ec, con l&#8217;arrivo del nuovo millennio, il pericolo climatico ha assunto un altro nome:&nbsp;<em>\u201ccambiamento climatico globale\u201d.<\/em>&nbsp;Questa volta gli esperti non hanno fornito una descrizione generale. Si limitarono a indicare ogni evento meteorologico estremo come prova che il clima si stava ribellando all&#8217;umanit\u00e0.<\/p>\n\n\n\n<h4 class=\"wp-block-heading has-text-align-center\"><strong>Eccessivo potere esecutivo dell\u2019EPA<\/strong><\/h4>\n\n\n<div class=\"wp-block-image\">\n<figure class=\"aligncenter size-large is-resized\"><a href=\"https:\/\/www.rassegnastampa-totustuus.it\/cattolica\/wp-content\/uploads\/2020\/11\/ambientalismo_protesta.jpg\"><img loading=\"lazy\" decoding=\"async\" width=\"1024\" height=\"512\" src=\"https:\/\/www.rassegnastampa-totustuus.it\/cattolica\/wp-content\/uploads\/2020\/11\/ambientalismo_protesta-1024x512.jpg\" alt=\"\" class=\"wp-image-49106\" style=\"width:541px;height:auto\" srcset=\"https:\/\/www.rassegnastampa-totustuus.it\/cattolica\/wp-content\/uploads\/2020\/11\/ambientalismo_protesta-1024x512.jpg 1024w, https:\/\/www.rassegnastampa-totustuus.it\/cattolica\/wp-content\/uploads\/2020\/11\/ambientalismo_protesta-300x150.jpg 300w, https:\/\/www.rassegnastampa-totustuus.it\/cattolica\/wp-content\/uploads\/2020\/11\/ambientalismo_protesta-768x384.jpg 768w, https:\/\/www.rassegnastampa-totustuus.it\/cattolica\/wp-content\/uploads\/2020\/11\/ambientalismo_protesta.jpg 1600w\" sizes=\"auto, (max-width: 1024px) 100vw, 1024px\" \/><\/a><\/figure><\/div>\n\n\n<p>Tuttavia, dopo quasi quarant&#8217;anni di previsioni di disastri, l&#8217;EPA cominci\u00f2 ad assomigliare al &#8220;Ragazzo che gridava al lupo&#8221; di Esopo. Un numero sempre maggiore di cittadini ha ignorato i suoi dettami.<\/p>\n\n\n\n<p>Cos\u00ec, all&#8217;approssimarsi del primo anniversario del suo insediamento, il Presidente Barack Obama ha deciso di mettere un po&#8217; di pepe al movimento. Il 7 dicembre 2009 l&#8217;EPA, con l&#8217;approvazione del Presidente, ha pubblicato la conclusione che &#8220;i gas serra presenti nell&#8217;atmosfera mettono in pericolo la salute pubblica e l&#8217;ambiente per le generazioni attuali e future&#8221;.<\/p>\n\n\n\n<p>Armata di questo <em>&#8220;endangerment finding&#8221;<\/em> o rilevamento del pericolo, l&#8217;EPA ha goduto del permesso ufficiale di dare alla sua lotta contro il cambiamento climatico il potere della legge. In questo modo, per quindici anni, l&#8217;Agenzia ha allegramente regolamentato tutto ci\u00f2 che riteneva essere un &#8220;gas serra&#8221;. Una volta che \u00e8 stato inserito nel&nbsp;<em>Federal Record&nbsp;<\/em>(ndt., la Gazzetta Ufficiale), le sue opinioni sono state raramente contestate e quasi mai ribaltate.<\/p>\n\n\n\n<h4 class=\"wp-block-heading has-text-align-center\"><strong>La sinistra grida il proprio dolore<\/strong><\/h4>\n\n\n\n<p>Dopo le azioni del Presidente Trump, la sinistra si lamenta della perdita di un altro pezzo del potere che detiene sul resto della nazione. L&#8217;articolo del&nbsp;<em>Washington Post&nbsp;<\/em>gi\u00e0 citato avvertiva: &#8220;Abrogando il rilevamento di pericolo, l&#8217;amministrazione Trump compirebbe uno dei passi pi\u00f9 importanti per far fallire gli sforzi federali sul clima&#8221;.<\/p>\n\n\n\n<p>Il&nbsp;<em>forum&nbsp;<\/em>di un&#8217;organizzazione chiamata <em>American Action<\/em> avverte che &#8220;l&#8217;abrogazione dell&#8217;<em>endangerment<\/em> <em>finding<\/em> creerebbe probabilmente il caos nella politica climatica degli Stati Uniti, in quanto renderebbe molto pi\u00f9 facile l&#8217;abrogazione delle attuali normative sui gas serra dell&#8217;EPA, sottoporrebbe l&#8217;EPA a sfide legali e produrrebbe una crescente incertezza politica per le imprese&#8221;.<\/p>\n\n\n\n<p>Uno studio legale &#8220;orientato al futuro&#8221; chiamato Akin prevede mari agitati in caso di revoca delle conclusioni. Qualsiasi decisione contraria alle conclusioni sarebbe immediatamente impugnata in tribunale&#8221;. Nel corso degli anni, le conclusioni sono state sostenute da varie sfide legali, con la Corte Suprema che ha rifiutato di ascoltare le sfide in merito fino all&#8217;11 dicembre 2023&#8243;.<\/p>\n\n\n\n<p>La <em>National Wildlife Federation<\/em> (NWF) \u00e8 un solido sostenitore dei risultati. L&#8217;associazione avverte che &#8220;la raccomandazione riferita di rovesciare una normativa del 2009 che stabilisce che i gas a effetto serra mettono in pericolo la salute e il benessere umano, se realizzata, dannegger\u00e0 le comunit\u00e0, la salute pubblica e la fauna selvatica in tutto il Paese&#8221;. Pi\u00f9 specificamente, il NWF avverte che &#8220;i gas serra danneggiano direttamente la salute pubblica e l&#8217;ambiente alimentando una serie di impatti associati al cambiamento climatico, come l&#8217;aumento della formazione di ozono che induce l&#8217;asma, l&#8217;insorgenza di malattie, la morbilit\u00e0 e la mortalit\u00e0 legate al caldo, gli eventi meteorologici estremi e altro ancora&#8221;.<\/p>\n\n\n\n<p>Secondo il Consiglio per la Difesa delle Risorse Naturali &nbsp;(NRDC), le azioni del Presidente Trump potrebbero causare problemi politici futuri. Basandosi su un sondaggio decennale della Quinnipiac University e sul Programma sulla Comunicazione Climatica dell&#8217;Universit\u00e0 di Yale, si prevede un disastro se il Presidente dovesse continuare su questa strada.<\/p>\n\n\n\n<p>&#8220;I sondaggi hanno ripetutamente dimostrato che la maggior parte degli americani pensa che il cambiamento climatico sia in atto e lo considera un problema serio. La maggioranza degli americani pensa che gli Stati Uniti debbano ridurre le proprie emissioni di gas serra e che il nostro governo debba fare di pi\u00f9 per affrontare il cambiamento climatico. Recenti sondaggi mostrano che la maggioranza degli elettori di Trump sono favorevoli a tassare e\/o regolamentare l&#8217;inquinamento climatico, a mantenere o rafforzare le attuali politiche sul cambiamento climatico o a richiedere alle aziende statunitensi di ridurre l&#8217;inquinamento da carbonio&#8221;.<\/p>\n\n\n\n<h4 class=\"wp-block-heading has-text-align-center\"><strong>Nascondere la verit\u00e0<\/strong><\/h4>\n\n\n<div class=\"wp-block-image\">\n<figure class=\"aligncenter size-large is-resized\"><a href=\"https:\/\/www.rassegnastampa-totustuus.it\/cattolica\/wp-content\/uploads\/2021\/09\/ambientalismo_clima.jpg\"><img loading=\"lazy\" decoding=\"async\" width=\"1024\" height=\"576\" src=\"https:\/\/www.rassegnastampa-totustuus.it\/cattolica\/wp-content\/uploads\/2021\/09\/ambientalismo_clima-1024x576.jpg\" alt=\"\" class=\"wp-image-52449\" style=\"width:506px;height:auto\" srcset=\"https:\/\/www.rassegnastampa-totustuus.it\/cattolica\/wp-content\/uploads\/2021\/09\/ambientalismo_clima-1024x576.jpg 1024w, https:\/\/www.rassegnastampa-totustuus.it\/cattolica\/wp-content\/uploads\/2021\/09\/ambientalismo_clima-300x169.jpg 300w, https:\/\/www.rassegnastampa-totustuus.it\/cattolica\/wp-content\/uploads\/2021\/09\/ambientalismo_clima-768x432.jpg 768w, https:\/\/www.rassegnastampa-totustuus.it\/cattolica\/wp-content\/uploads\/2021\/09\/ambientalismo_clima.jpg 1960w\" sizes=\"auto, (max-width: 1024px) 100vw, 1024px\" \/><\/a><\/figure><\/div>\n\n\n<p>Un aspetto spiacevole dell&#8217;intero processo \u00e8 che gli americani senza una formazione scientifica non sanno a chi credere. Durante i decenni della loro ascesa, le organizzazioni di attivisti ambientali hanno controllato strettamente il dibattito. Le voci contrarie, anche quelle provenienti da altri scienziati, sono state messe a tacere dalla grande stampa inclinata a sinistra. I pochi che riuscivano a farsi ascoltare venivano sommariamente e pubblicamente bollati come pazzi o ciarlatani. Il prezzo per far carriera scientifica era l&#8217;acquiescenza.<\/p>\n\n\n\n<p>Ci\u00f2 nonostante, man mano che il movimento per il cambiamento climatico accumulava volumi e volumi di ricerche che avvaloravano i suoi punti principali, perdeva gradualmente credibilit\u00e0.<\/p>\n\n\n\n<p>Tuttavia, nessuno pu\u00f2 mantenere una finta facciata all&#8217;infinito. Prima o poi l&#8217;esperienza trionfer\u00e0 sulla teoria. Ma \u00e8 vero anche che, senza l&#8217;energico dibattito necessario per un vero progresso scientifico, nessuno potr\u00e0 distinguere tra verit\u00e0 e falsit\u00e0 finch\u00e9 la realt\u00e0 non impartir\u00e0 la sua dura lezione.<\/p>\n\n\n\n<p><em><sup>*<\/sup><\/em><em>EPA = Environmental Protection Agency<\/em><\/p>\n\n\n\n<p class=\"has-text-align-center\"><strong>Fonte<\/strong>: <a href=\"https:\/\/www.tfp.org\/leftists-decry-new-limits-on-the-environmental-protection-agency\/?PKG=TFPE3563\" target=\"_blank\" rel=\"noreferrer noopener\">Tfp.org<\/a>, 18 marzo 2025.&nbsp;<em>Traduzione a cura di Tradizione Famiglia Propriet\u00e0 \u2013 Italia.<\/em><\/p>\n","protected":false},"excerpt":{"rendered":"<p>Tradizione famiglia Propriet\u00e0 newsletter 29 Marzo 2025 La sinistra critica i nuovi limiti dell&#8217;Agenzia per la protezione dell&#8217;ambiente (EPA)* di Edwin Benson Ogni venditore degno di nota sa che il suo pi\u00f9 grande alleato \u00e8 l&#8217;urgenza. Se i clienti hanno bisogno di qualcosa adesso, spesso sono disposti a pagare di pi\u00f9 o ad acquistare subito. &hellip; <\/p>\n<p><a class=\"more-link btn\" href=\"https:\/\/www.rassegnastampa-totustuus.it\/cattolica\/la-sinistra-critica-i-nuovi-limiti-dellagenzia-per-la-protezione-dellambiente-epa\/\">Continua a leggere<\/a><\/p>\n","protected":false},"author":6,"featured_media":62398,"comment_status":"closed","ping_status":"closed","sticky":false,"template":"","format":"standard","meta":{"footnotes":""},"categories":[3],"tags":[1383,498],"class_list":["post-62397","post","type-post","status-publish","format-standard","has-post-thumbnail","hentry","category-ambientalismo","tag-ambiente","tag-global-warming","item-wrap"],"yoast_head":"<!-- This site is optimized with the Yoast SEO plugin v27.5 - https:\/\/yoast.com\/product\/yoast-seo-wordpress\/ -->\n<title>La sinistra critica i limiti dell&#039;Agenzia per la protezione dell&#039;ambiente - Rassegna Stampa Cattolica<\/title>\n<meta name=\"description\" content=\"La sinistra critica i nuovi limiti dell&#039;Agenzia per la protezione dell&#039;ambiente (EPA) imposti dall&#039;amministrazione Trump\" \/>\n<meta name=\"robots\" content=\"index, follow, max-snippet:-1, max-image-preview:large, max-video-preview:-1\" \/>\n<link rel=\"canonical\" href=\"https:\/\/www.rassegnastampa-totustuus.it\/cattolica\/la-sinistra-critica-i-nuovi-limiti-dellagenzia-per-la-protezione-dellambiente-epa\/\" \/>\n<meta property=\"og:locale\" content=\"it_IT\" \/>\n<meta property=\"og:type\" content=\"article\" \/>\n<meta property=\"og:title\" content=\"La sinistra critica i limiti dell&#039;Agenzia per la protezione dell&#039;ambiente - Rassegna Stampa Cattolica\" \/>\n<meta property=\"og:description\" content=\"La sinistra critica i nuovi limiti dell&#039;Agenzia per la protezione dell&#039;ambiente (EPA) imposti dall&#039;amministrazione Trump\" \/>\n<meta property=\"og:url\" content=\"https:\/\/www.rassegnastampa-totustuus.it\/cattolica\/la-sinistra-critica-i-nuovi-limiti-dellagenzia-per-la-protezione-dellambiente-epa\/\" \/>\n<meta property=\"og:site_name\" content=\"Rassegna Stampa Cattolica\" \/>\n<meta property=\"article:publisher\" content=\"https:\/\/www.facebook.com\/rassegnastampacattolica\" \/>\n<meta property=\"article:published_time\" content=\"2025-03-31T09:12:08+00:00\" \/>\n<meta property=\"article:modified_time\" content=\"2025-03-31T09:12:10+00:00\" \/>\n<meta property=\"og:image\" content=\"https:\/\/www.rassegnastampa-totustuus.it\/cattolica\/wp-content\/uploads\/2025\/03\/ambiente_Epa_usa.png\" \/>\n\t<meta property=\"og:image:width\" content=\"1600\" \/>\n\t<meta property=\"og:image:height\" content=\"491\" \/>\n\t<meta property=\"og:image:type\" content=\"image\/png\" \/>\n<meta name=\"author\" content=\"Redazione\" \/>\n<meta name=\"twitter:card\" content=\"summary_large_image\" \/>\n<meta name=\"twitter:creator\" content=\"@rassegnastampa9\" \/>\n<meta name=\"twitter:site\" content=\"@rassegnastampa9\" \/>\n<meta name=\"twitter:label1\" content=\"Scritto da\" \/>\n\t<meta name=\"twitter:data1\" content=\"Redazione\" \/>\n\t<meta name=\"twitter:label2\" content=\"Tempo di lettura stimato\" \/>\n\t<meta name=\"twitter:data2\" content=\"9 minuti\" \/>\n<script type=\"application\/ld+json\" class=\"yoast-schema-graph\">{\"@context\":\"https:\\\/\\\/schema.org\",\"@graph\":[{\"@type\":\"Article\",\"@id\":\"https:\\\/\\\/www.rassegnastampa-totustuus.it\\\/cattolica\\\/la-sinistra-critica-i-nuovi-limiti-dellagenzia-per-la-protezione-dellambiente-epa\\\/#article\",\"isPartOf\":{\"@id\":\"https:\\\/\\\/www.rassegnastampa-totustuus.it\\\/cattolica\\\/la-sinistra-critica-i-nuovi-limiti-dellagenzia-per-la-protezione-dellambiente-epa\\\/\"},\"author\":{\"name\":\"Redazione\",\"@id\":\"https:\\\/\\\/www.rassegnastampa-totustuus.it\\\/cattolica\\\/#\\\/schema\\\/person\\\/08f319d2bd1a0904ad9e2bfb7b15e5c3\"},\"headline\":\"La sinistra critica i limiti dell&#8217;Agenzia per la protezione dell&#8217;ambiente\",\"datePublished\":\"2025-03-31T09:12:08+00:00\",\"dateModified\":\"2025-03-31T09:12:10+00:00\",\"mainEntityOfPage\":{\"@id\":\"https:\\\/\\\/www.rassegnastampa-totustuus.it\\\/cattolica\\\/la-sinistra-critica-i-nuovi-limiti-dellagenzia-per-la-protezione-dellambiente-epa\\\/\"},\"wordCount\":1457,\"publisher\":{\"@id\":\"https:\\\/\\\/www.rassegnastampa-totustuus.it\\\/cattolica\\\/#organization\"},\"image\":{\"@id\":\"https:\\\/\\\/www.rassegnastampa-totustuus.it\\\/cattolica\\\/la-sinistra-critica-i-nuovi-limiti-dellagenzia-per-la-protezione-dellambiente-epa\\\/#primaryimage\"},\"thumbnailUrl\":\"https:\\\/\\\/www.rassegnastampa-totustuus.it\\\/cattolica\\\/wp-content\\\/uploads\\\/2025\\\/03\\\/ambiente_Epa_usa.png\",\"keywords\":[\"ambiente\",\"global warming\"],\"articleSection\":[\"Ambientalismo\"],\"inLanguage\":\"it-IT\"},{\"@type\":\"WebPage\",\"@id\":\"https:\\\/\\\/www.rassegnastampa-totustuus.it\\\/cattolica\\\/la-sinistra-critica-i-nuovi-limiti-dellagenzia-per-la-protezione-dellambiente-epa\\\/\",\"url\":\"https:\\\/\\\/www.rassegnastampa-totustuus.it\\\/cattolica\\\/la-sinistra-critica-i-nuovi-limiti-dellagenzia-per-la-protezione-dellambiente-epa\\\/\",\"name\":\"La sinistra critica i limiti dell'Agenzia per la protezione dell'ambiente - Rassegna Stampa Cattolica\",\"isPartOf\":{\"@id\":\"https:\\\/\\\/www.rassegnastampa-totustuus.it\\\/cattolica\\\/#website\"},\"primaryImageOfPage\":{\"@id\":\"https:\\\/\\\/www.rassegnastampa-totustuus.it\\\/cattolica\\\/la-sinistra-critica-i-nuovi-limiti-dellagenzia-per-la-protezione-dellambiente-epa\\\/#primaryimage\"},\"image\":{\"@id\":\"https:\\\/\\\/www.rassegnastampa-totustuus.it\\\/cattolica\\\/la-sinistra-critica-i-nuovi-limiti-dellagenzia-per-la-protezione-dellambiente-epa\\\/#primaryimage\"},\"thumbnailUrl\":\"https:\\\/\\\/www.rassegnastampa-totustuus.it\\\/cattolica\\\/wp-content\\\/uploads\\\/2025\\\/03\\\/ambiente_Epa_usa.png\",\"datePublished\":\"2025-03-31T09:12:08+00:00\",\"dateModified\":\"2025-03-31T09:12:10+00:00\",\"description\":\"La sinistra critica i nuovi limiti dell'Agenzia per la protezione dell'ambiente (EPA) imposti dall'amministrazione Trump\",\"breadcrumb\":{\"@id\":\"https:\\\/\\\/www.rassegnastampa-totustuus.it\\\/cattolica\\\/la-sinistra-critica-i-nuovi-limiti-dellagenzia-per-la-protezione-dellambiente-epa\\\/#breadcrumb\"},\"inLanguage\":\"it-IT\",\"potentialAction\":[{\"@type\":\"ReadAction\",\"target\":[\"https:\\\/\\\/www.rassegnastampa-totustuus.it\\\/cattolica\\\/la-sinistra-critica-i-nuovi-limiti-dellagenzia-per-la-protezione-dellambiente-epa\\\/\"]}]},{\"@type\":\"ImageObject\",\"inLanguage\":\"it-IT\",\"@id\":\"https:\\\/\\\/www.rassegnastampa-totustuus.it\\\/cattolica\\\/la-sinistra-critica-i-nuovi-limiti-dellagenzia-per-la-protezione-dellambiente-epa\\\/#primaryimage\",\"url\":\"https:\\\/\\\/www.rassegnastampa-totustuus.it\\\/cattolica\\\/wp-content\\\/uploads\\\/2025\\\/03\\\/ambiente_Epa_usa.png\",\"contentUrl\":\"https:\\\/\\\/www.rassegnastampa-totustuus.it\\\/cattolica\\\/wp-content\\\/uploads\\\/2025\\\/03\\\/ambiente_Epa_usa.png\",\"width\":1600,\"height\":491},{\"@type\":\"BreadcrumbList\",\"@id\":\"https:\\\/\\\/www.rassegnastampa-totustuus.it\\\/cattolica\\\/la-sinistra-critica-i-nuovi-limiti-dellagenzia-per-la-protezione-dellambiente-epa\\\/#breadcrumb\",\"itemListElement\":[{\"@type\":\"ListItem\",\"position\":1,\"name\":\"Home\",\"item\":\"https:\\\/\\\/www.rassegnastampa-totustuus.it\\\/cattolica\\\/\"},{\"@type\":\"ListItem\",\"position\":2,\"name\":\"La sinistra critica i limiti dell&#8217;Agenzia per la protezione dell&#8217;ambiente\"}]},{\"@type\":\"WebSite\",\"@id\":\"https:\\\/\\\/www.rassegnastampa-totustuus.it\\\/cattolica\\\/#website\",\"url\":\"https:\\\/\\\/www.rassegnastampa-totustuus.it\\\/cattolica\\\/\",\"name\":\"Rassegna Stampa Cattolica\",\"description\":\"Per una cultura che nasce dalla Rivelazione cristiana in conformit\u00e0 alla tradizione e al Magistero della Chiesa in opposizione ad ogni relativismo e totalitarismo\",\"publisher\":{\"@id\":\"https:\\\/\\\/www.rassegnastampa-totustuus.it\\\/cattolica\\\/#organization\"},\"alternateName\":\"Rass. Cattolica\",\"potentialAction\":[{\"@type\":\"SearchAction\",\"target\":{\"@type\":\"EntryPoint\",\"urlTemplate\":\"https:\\\/\\\/www.rassegnastampa-totustuus.it\\\/cattolica\\\/?s={search_term_string}\"},\"query-input\":{\"@type\":\"PropertyValueSpecification\",\"valueRequired\":true,\"valueName\":\"search_term_string\"}}],\"inLanguage\":\"it-IT\"},{\"@type\":\"Organization\",\"@id\":\"https:\\\/\\\/www.rassegnastampa-totustuus.it\\\/cattolica\\\/#organization\",\"name\":\"Rassegna Stampa Cattolica\",\"url\":\"https:\\\/\\\/www.rassegnastampa-totustuus.it\\\/cattolica\\\/\",\"logo\":{\"@type\":\"ImageObject\",\"inLanguage\":\"it-IT\",\"@id\":\"https:\\\/\\\/www.rassegnastampa-totustuus.it\\\/cattolica\\\/#\\\/schema\\\/logo\\\/image\\\/\",\"url\":\"https:\\\/\\\/www.rassegnastampa-totustuus.it\\\/cattolica\\\/wp-content\\\/uploads\\\/2014\\\/04\\\/logo-rassegna1.gif\",\"contentUrl\":\"https:\\\/\\\/www.rassegnastampa-totustuus.it\\\/cattolica\\\/wp-content\\\/uploads\\\/2014\\\/04\\\/logo-rassegna1.gif\",\"width\":600,\"height\":163,\"caption\":\"Rassegna Stampa Cattolica\"},\"image\":{\"@id\":\"https:\\\/\\\/www.rassegnastampa-totustuus.it\\\/cattolica\\\/#\\\/schema\\\/logo\\\/image\\\/\"},\"sameAs\":[\"https:\\\/\\\/www.facebook.com\\\/rassegnastampacattolica\",\"https:\\\/\\\/x.com\\\/rassegnastampa9\"]},{\"@type\":\"Person\",\"@id\":\"https:\\\/\\\/www.rassegnastampa-totustuus.it\\\/cattolica\\\/#\\\/schema\\\/person\\\/08f319d2bd1a0904ad9e2bfb7b15e5c3\",\"name\":\"Redazione\",\"image\":{\"@type\":\"ImageObject\",\"inLanguage\":\"it-IT\",\"@id\":\"https:\\\/\\\/secure.gravatar.com\\\/avatar\\\/2fcdf27c78ea025fbdb44e914cc63c72249ffec9dc8aafd5c82b26240ef3f346?s=96&d=mm&r=g\",\"url\":\"https:\\\/\\\/secure.gravatar.com\\\/avatar\\\/2fcdf27c78ea025fbdb44e914cc63c72249ffec9dc8aafd5c82b26240ef3f346?s=96&d=mm&r=g\",\"contentUrl\":\"https:\\\/\\\/secure.gravatar.com\\\/avatar\\\/2fcdf27c78ea025fbdb44e914cc63c72249ffec9dc8aafd5c82b26240ef3f346?s=96&d=mm&r=g\",\"caption\":\"Redazione\"},\"url\":\"https:\\\/\\\/www.rassegnastampa-totustuus.it\\\/cattolica\\\/author\\\/pietroelle\\\/\"}]}<\/script>\n<!-- \/ Yoast SEO plugin. -->","yoast_head_json":{"title":"La sinistra critica i limiti dell'Agenzia per la protezione dell'ambiente - Rassegna Stampa Cattolica","description":"La sinistra critica i nuovi limiti dell'Agenzia per la protezione dell'ambiente (EPA) imposti dall'amministrazione Trump","robots":{"index":"index","follow":"follow","max-snippet":"max-snippet:-1","max-image-preview":"max-image-preview:large","max-video-preview":"max-video-preview:-1"},"canonical":"https:\/\/www.rassegnastampa-totustuus.it\/cattolica\/la-sinistra-critica-i-nuovi-limiti-dellagenzia-per-la-protezione-dellambiente-epa\/","og_locale":"it_IT","og_type":"article","og_title":"La sinistra critica i limiti dell'Agenzia per la protezione dell'ambiente - Rassegna Stampa Cattolica","og_description":"La sinistra critica i nuovi limiti dell'Agenzia per la protezione dell'ambiente (EPA) imposti dall'amministrazione Trump","og_url":"https:\/\/www.rassegnastampa-totustuus.it\/cattolica\/la-sinistra-critica-i-nuovi-limiti-dellagenzia-per-la-protezione-dellambiente-epa\/","og_site_name":"Rassegna Stampa Cattolica","article_publisher":"https:\/\/www.facebook.com\/rassegnastampacattolica","article_published_time":"2025-03-31T09:12:08+00:00","article_modified_time":"2025-03-31T09:12:10+00:00","og_image":[{"width":1600,"height":491,"url":"https:\/\/www.rassegnastampa-totustuus.it\/cattolica\/wp-content\/uploads\/2025\/03\/ambiente_Epa_usa.png","type":"image\/png"}],"author":"Redazione","twitter_card":"summary_large_image","twitter_creator":"@rassegnastampa9","twitter_site":"@rassegnastampa9","twitter_misc":{"Scritto da":"Redazione","Tempo di lettura stimato":"9 minuti"},"schema":{"@context":"https:\/\/schema.org","@graph":[{"@type":"Article","@id":"https:\/\/www.rassegnastampa-totustuus.it\/cattolica\/la-sinistra-critica-i-nuovi-limiti-dellagenzia-per-la-protezione-dellambiente-epa\/#article","isPartOf":{"@id":"https:\/\/www.rassegnastampa-totustuus.it\/cattolica\/la-sinistra-critica-i-nuovi-limiti-dellagenzia-per-la-protezione-dellambiente-epa\/"},"author":{"name":"Redazione","@id":"https:\/\/www.rassegnastampa-totustuus.it\/cattolica\/#\/schema\/person\/08f319d2bd1a0904ad9e2bfb7b15e5c3"},"headline":"La sinistra critica i limiti dell&#8217;Agenzia per la protezione dell&#8217;ambiente","datePublished":"2025-03-31T09:12:08+00:00","dateModified":"2025-03-31T09:12:10+00:00","mainEntityOfPage":{"@id":"https:\/\/www.rassegnastampa-totustuus.it\/cattolica\/la-sinistra-critica-i-nuovi-limiti-dellagenzia-per-la-protezione-dellambiente-epa\/"},"wordCount":1457,"publisher":{"@id":"https:\/\/www.rassegnastampa-totustuus.it\/cattolica\/#organization"},"image":{"@id":"https:\/\/www.rassegnastampa-totustuus.it\/cattolica\/la-sinistra-critica-i-nuovi-limiti-dellagenzia-per-la-protezione-dellambiente-epa\/#primaryimage"},"thumbnailUrl":"https:\/\/www.rassegnastampa-totustuus.it\/cattolica\/wp-content\/uploads\/2025\/03\/ambiente_Epa_usa.png","keywords":["ambiente","global warming"],"articleSection":["Ambientalismo"],"inLanguage":"it-IT"},{"@type":"WebPage","@id":"https:\/\/www.rassegnastampa-totustuus.it\/cattolica\/la-sinistra-critica-i-nuovi-limiti-dellagenzia-per-la-protezione-dellambiente-epa\/","url":"https:\/\/www.rassegnastampa-totustuus.it\/cattolica\/la-sinistra-critica-i-nuovi-limiti-dellagenzia-per-la-protezione-dellambiente-epa\/","name":"La sinistra critica i limiti dell'Agenzia per la protezione dell'ambiente - Rassegna Stampa Cattolica","isPartOf":{"@id":"https:\/\/www.rassegnastampa-totustuus.it\/cattolica\/#website"},"primaryImageOfPage":{"@id":"https:\/\/www.rassegnastampa-totustuus.it\/cattolica\/la-sinistra-critica-i-nuovi-limiti-dellagenzia-per-la-protezione-dellambiente-epa\/#primaryimage"},"image":{"@id":"https:\/\/www.rassegnastampa-totustuus.it\/cattolica\/la-sinistra-critica-i-nuovi-limiti-dellagenzia-per-la-protezione-dellambiente-epa\/#primaryimage"},"thumbnailUrl":"https:\/\/www.rassegnastampa-totustuus.it\/cattolica\/wp-content\/uploads\/2025\/03\/ambiente_Epa_usa.png","datePublished":"2025-03-31T09:12:08+00:00","dateModified":"2025-03-31T09:12:10+00:00","description":"La sinistra critica i nuovi limiti dell'Agenzia per la protezione dell'ambiente (EPA) imposti dall'amministrazione Trump","breadcrumb":{"@id":"https:\/\/www.rassegnastampa-totustuus.it\/cattolica\/la-sinistra-critica-i-nuovi-limiti-dellagenzia-per-la-protezione-dellambiente-epa\/#breadcrumb"},"inLanguage":"it-IT","potentialAction":[{"@type":"ReadAction","target":["https:\/\/www.rassegnastampa-totustuus.it\/cattolica\/la-sinistra-critica-i-nuovi-limiti-dellagenzia-per-la-protezione-dellambiente-epa\/"]}]},{"@type":"ImageObject","inLanguage":"it-IT","@id":"https:\/\/www.rassegnastampa-totustuus.it\/cattolica\/la-sinistra-critica-i-nuovi-limiti-dellagenzia-per-la-protezione-dellambiente-epa\/#primaryimage","url":"https:\/\/www.rassegnastampa-totustuus.it\/cattolica\/wp-content\/uploads\/2025\/03\/ambiente_Epa_usa.png","contentUrl":"https:\/\/www.rassegnastampa-totustuus.it\/cattolica\/wp-content\/uploads\/2025\/03\/ambiente_Epa_usa.png","width":1600,"height":491},{"@type":"BreadcrumbList","@id":"https:\/\/www.rassegnastampa-totustuus.it\/cattolica\/la-sinistra-critica-i-nuovi-limiti-dellagenzia-per-la-protezione-dellambiente-epa\/#breadcrumb","itemListElement":[{"@type":"ListItem","position":1,"name":"Home","item":"https:\/\/www.rassegnastampa-totustuus.it\/cattolica\/"},{"@type":"ListItem","position":2,"name":"La sinistra critica i limiti dell&#8217;Agenzia per la protezione dell&#8217;ambiente"}]},{"@type":"WebSite","@id":"https:\/\/www.rassegnastampa-totustuus.it\/cattolica\/#website","url":"https:\/\/www.rassegnastampa-totustuus.it\/cattolica\/","name":"Rassegna Stampa Cattolica","description":"Per una cultura che nasce dalla Rivelazione cristiana in conformit\u00e0 alla tradizione e al Magistero della Chiesa in opposizione ad ogni relativismo e totalitarismo","publisher":{"@id":"https:\/\/www.rassegnastampa-totustuus.it\/cattolica\/#organization"},"alternateName":"Rass. Cattolica","potentialAction":[{"@type":"SearchAction","target":{"@type":"EntryPoint","urlTemplate":"https:\/\/www.rassegnastampa-totustuus.it\/cattolica\/?s={search_term_string}"},"query-input":{"@type":"PropertyValueSpecification","valueRequired":true,"valueName":"search_term_string"}}],"inLanguage":"it-IT"},{"@type":"Organization","@id":"https:\/\/www.rassegnastampa-totustuus.it\/cattolica\/#organization","name":"Rassegna Stampa Cattolica","url":"https:\/\/www.rassegnastampa-totustuus.it\/cattolica\/","logo":{"@type":"ImageObject","inLanguage":"it-IT","@id":"https:\/\/www.rassegnastampa-totustuus.it\/cattolica\/#\/schema\/logo\/image\/","url":"https:\/\/www.rassegnastampa-totustuus.it\/cattolica\/wp-content\/uploads\/2014\/04\/logo-rassegna1.gif","contentUrl":"https:\/\/www.rassegnastampa-totustuus.it\/cattolica\/wp-content\/uploads\/2014\/04\/logo-rassegna1.gif","width":600,"height":163,"caption":"Rassegna Stampa Cattolica"},"image":{"@id":"https:\/\/www.rassegnastampa-totustuus.it\/cattolica\/#\/schema\/logo\/image\/"},"sameAs":["https:\/\/www.facebook.com\/rassegnastampacattolica","https:\/\/x.com\/rassegnastampa9"]},{"@type":"Person","@id":"https:\/\/www.rassegnastampa-totustuus.it\/cattolica\/#\/schema\/person\/08f319d2bd1a0904ad9e2bfb7b15e5c3","name":"Redazione","image":{"@type":"ImageObject","inLanguage":"it-IT","@id":"https:\/\/secure.gravatar.com\/avatar\/2fcdf27c78ea025fbdb44e914cc63c72249ffec9dc8aafd5c82b26240ef3f346?s=96&d=mm&r=g","url":"https:\/\/secure.gravatar.com\/avatar\/2fcdf27c78ea025fbdb44e914cc63c72249ffec9dc8aafd5c82b26240ef3f346?s=96&d=mm&r=g","contentUrl":"https:\/\/secure.gravatar.com\/avatar\/2fcdf27c78ea025fbdb44e914cc63c72249ffec9dc8aafd5c82b26240ef3f346?s=96&d=mm&r=g","caption":"Redazione"},"url":"https:\/\/www.rassegnastampa-totustuus.it\/cattolica\/author\/pietroelle\/"}]}},"_links":{"self":[{"href":"https:\/\/www.rassegnastampa-totustuus.it\/cattolica\/wp-json\/wp\/v2\/posts\/62397","targetHints":{"allow":["GET"]}}],"collection":[{"href":"https:\/\/www.rassegnastampa-totustuus.it\/cattolica\/wp-json\/wp\/v2\/posts"}],"about":[{"href":"https:\/\/www.rassegnastampa-totustuus.it\/cattolica\/wp-json\/wp\/v2\/types\/post"}],"author":[{"embeddable":true,"href":"https:\/\/www.rassegnastampa-totustuus.it\/cattolica\/wp-json\/wp\/v2\/users\/6"}],"replies":[{"embeddable":true,"href":"https:\/\/www.rassegnastampa-totustuus.it\/cattolica\/wp-json\/wp\/v2\/comments?post=62397"}],"version-history":[{"count":1,"href":"https:\/\/www.rassegnastampa-totustuus.it\/cattolica\/wp-json\/wp\/v2\/posts\/62397\/revisions"}],"predecessor-version":[{"id":62400,"href":"https:\/\/www.rassegnastampa-totustuus.it\/cattolica\/wp-json\/wp\/v2\/posts\/62397\/revisions\/62400"}],"wp:featuredmedia":[{"embeddable":true,"href":"https:\/\/www.rassegnastampa-totustuus.it\/cattolica\/wp-json\/wp\/v2\/media\/62398"}],"wp:attachment":[{"href":"https:\/\/www.rassegnastampa-totustuus.it\/cattolica\/wp-json\/wp\/v2\/media?parent=62397"}],"wp:term":[{"taxonomy":"category","embeddable":true,"href":"https:\/\/www.rassegnastampa-totustuus.it\/cattolica\/wp-json\/wp\/v2\/categories?post=62397"},{"taxonomy":"post_tag","embeddable":true,"href":"https:\/\/www.rassegnastampa-totustuus.it\/cattolica\/wp-json\/wp\/v2\/tags?post=62397"}],"curies":[{"name":"wp","href":"https:\/\/api.w.org\/{rel}","templated":true}]}}