{"id":62389,"date":"2025-03-25T12:26:33","date_gmt":"2025-03-25T11:26:33","guid":{"rendered":"https:\/\/www.rassegnastampa-totustuus.it\/cattolica\/?p=62389"},"modified":"2025-03-25T12:27:00","modified_gmt":"2025-03-25T11:27:00","slug":"vogliamo-essere-liberi-e-forti-oppure-essere-lasciati-in-pace","status":"publish","type":"post","link":"https:\/\/www.rassegnastampa-totustuus.it\/cattolica\/vogliamo-essere-liberi-e-forti-oppure-essere-lasciati-in-pace\/","title":{"rendered":"Vogliamo essere liberi e forti oppure essere lasciati in pace?"},"content":{"rendered":"\n<p class=\"has-text-align-center\"><strong><a href=\"https:\/\/www.italiaoggi.it\/\" target=\"_blank\" rel=\"noreferrer noopener\">Italia Oggi<\/a> <\/strong>21 Marzo 2025<\/p>\n\n\n\n<p class=\"has-text-align-center\"><em>Slalom fra le parole per evitare i trabocchetti<\/em><\/p>\n\n\n\n<p class=\"has-text-align-center\">di <a href=\"https:\/\/www.italiaoggi.it\/author\/luigi-chiarello-bjuhnxyf\" target=\"_blank\" rel=\"noreferrer noopener\"><strong>Luigi Chiarello<\/strong><\/a><\/p>\n\n\n<div class=\"wp-block-image\">\n<figure class=\"aligncenter size-full is-resized\"><a href=\"https:\/\/www.rassegnastampa-totustuus.it\/cattolica\/wp-content\/uploads\/2025\/03\/guerra_blindati.jpg\"><img loading=\"lazy\" decoding=\"async\" width=\"640\" height=\"420\" src=\"https:\/\/www.rassegnastampa-totustuus.it\/cattolica\/wp-content\/uploads\/2025\/03\/guerra_blindati.jpg\" alt=\"\" class=\"wp-image-62390\" style=\"width:476px;height:auto\"\/><\/a><\/figure><\/div>\n\n\n<!--more-->\n\n\n\n<p>Parafrasando una frase attribuita a <strong>Winston Churchill<\/strong>, \u00abgli italiani trattano le partite di calcio come fossero guerre e le guerre come partite di calcio\u00bb, si capisce la postura dei principali partiti italiani verso Mosca. L\u2019aforisma \u00e8 azzeccato. Usano la parola pace per non dire: \u00abLasciateci in pace\u00bb. Persino un detto romano (cio\u00e8 nostro), <em>Si vis pacem para bellum<\/em>, se vuoi la pace preparati alla guerra (nel senso di dissuadere chi vorrebbe fartela), ripreso da <strong>Ursula von der Leyen<\/strong> viene letto come \u201cbellicista\u201d. Allora, \u00e8 il caso di restituire ai termini il loro significato. C\u2019\u00e8 chi crepa sotto le bombe e non merita ipocrisie. \u00abLe parole sono importanti\u00bb, diceva <strong>Nanni Moretti <\/strong>in <em>Palombella rossa<\/em> (1989); <strong>Papa Francesco<\/strong> chiede di disarmarle. Tocca rimettere i puntini sulle \u201ci\u201d.<\/p>\n\n\n\n<p><strong>Bellicista.<\/strong> \u00abPersona o entit\u00e0 che promuove l&#8217;uso della guerra come mezzo per risolvere le controversie internazionali\u00bb, recita la Treccani. Chi agisce cos\u00ec, \u00e8 fuori dalla Costituzione. Eppure, spesso si sente bollare come \u201cbellicista\u201d chi sta con Kiev. Idem, chi vuole la difesa europea. Ma quindi, anche l\u2019Onu, la Nato e la Ue propugnano la guerra? Se la risposta fosse s\u00ec, l\u2019Italia non potrebbe aderirvi perch\u00e9 incostituzionale (art.11). La realt\u00e0, invece, \u00e8 che i tre sodalizi sono il prodotto dei conflitti mondiali, nel senso che il loro target \u00e8 di evitarli. Col negoziato, i compromessi, la deterrenza. In altri termini, Onu, Nato e Ue sono intrinsecamente \u201cpacifiste\u201d, perch\u00e9&nbsp;servono a garantire la pace.<\/p>\n\n\n\n<p><strong>Invasione. <\/strong>La guerra in Ucraina \u00e8 frutto della rottura dell\u2019ordine mondiale da parte di <strong>Putin<\/strong>. Dopo l\u2019annessione della Crimea, le sue truppe sono tornate in Ucraina per riportarla sotto il tacco di Mosca. Se cos\u00ec non fosse, i tank russi non avrebbero puntato Kiev con la Z sulla carena. Le democrazie, per\u00f2, poggiano sulla libert\u00e0 dei popoli di autodeterminarsi. Morale: chi difende le ragioni del Cremlino non usa le lenti della libert\u00e0. N\u00e9 quelle della democrazia.<\/p>\n\n\n\n<p><strong>Pace. <\/strong>Un\u2019ovviet\u00e0: si fa col nemico. Ma i cannoni tuonano quando la diplomazia non ha voce. E a silenziarla non \u00e8 mai l\u2019aggredito, piuttosto il bellicista quello vero. Dallo scoppio del conflitto, abbiamo visto molti governanti in processione a Mosca. Non hanno cavato un ragno dal buco. Putin dice pace, pensa sottomissione.<\/p>\n\n\n\n<p><strong>ReArm.<\/strong> Qui occorre intendersi. In Italia \u201criarmarsi\u201d sa di \u201cbellicista\u201d perch\u00e9 si fa, ma non si dice. In Germania, dove un\u2019armata vera non c\u2019\u00e8, riarmarsi vuol dire \u201carmarsi\u201d. Se poi ReArm lo dici a Helsinki, Danzica, Praga, paesi baltici o persino a Budapest, significa: \u201cOcchio! Arrivano i cingolati russi\u201d.<\/p>\n\n\n\n<p><strong>Yalta.<\/strong> Il trattato che spart\u00ec il mondo in due. <strong>Trump<\/strong> e Putin vogliono restaurarlo con una logica imperiale che esclude l\u2019Ue. Perch\u00e9 l\u2019Ue \u00e8 il frutto della fine degli imperi. Ed \u00e8 qui che cade la nostra scelta: vogliamo essere uniti, liberi e forti? O essere lasciati in pace?<\/p>\n","protected":false},"excerpt":{"rendered":"<p>Italia Oggi 21 Marzo 2025 Slalom fra le parole per evitare i trabocchetti di Luigi Chiarello<\/p><p><a class=\"more-link btn\" href=\"https:\/\/www.rassegnastampa-totustuus.it\/cattolica\/vogliamo-essere-liberi-e-forti-oppure-essere-lasciati-in-pace\/\">Continua a leggere<\/a><\/p>\n","protected":false},"author":6,"featured_media":62390,"comment_status":"closed","ping_status":"closed","sticky":false,"template":"","format":"standard","meta":{"footnotes":""},"categories":[49,19],"tags":[],"class_list":["post-62389","post","type-post","status-publish","format-standard","has-post-thumbnail","hentry","category-pacifismo","category-politica-internazionale","item-wrap"],"yoast_head":"<!-- This site is optimized with the Yoast SEO plugin v27.5 - https:\/\/yoast.com\/product\/yoast-seo-wordpress\/ -->\n<title>Vogliamo essere liberi e forti oppure essere lasciati in pace? - Rassegna Stampa Cattolica<\/title>\n<meta name=\"description\" content=\"Vogliamo essere liberi e forti oppure essere lasciati in pace? Slalom fra le parole per evitare i trabocchetti\" \/>\n<meta name=\"robots\" content=\"index, follow, max-snippet:-1, max-image-preview:large, max-video-preview:-1\" \/>\n<link rel=\"canonical\" href=\"https:\/\/www.rassegnastampa-totustuus.it\/cattolica\/vogliamo-essere-liberi-e-forti-oppure-essere-lasciati-in-pace\/\" \/>\n<meta property=\"og:locale\" content=\"it_IT\" \/>\n<meta property=\"og:type\" content=\"article\" \/>\n<meta property=\"og:title\" content=\"Vogliamo essere liberi e forti oppure essere lasciati in pace? - Rassegna Stampa Cattolica\" \/>\n<meta property=\"og:description\" content=\"Vogliamo essere liberi e forti oppure essere lasciati in pace? Slalom fra le parole per evitare i trabocchetti\" \/>\n<meta property=\"og:url\" content=\"https:\/\/www.rassegnastampa-totustuus.it\/cattolica\/vogliamo-essere-liberi-e-forti-oppure-essere-lasciati-in-pace\/\" \/>\n<meta property=\"og:site_name\" content=\"Rassegna Stampa Cattolica\" \/>\n<meta property=\"article:publisher\" content=\"https:\/\/www.facebook.com\/rassegnastampacattolica\" \/>\n<meta property=\"article:published_time\" content=\"2025-03-25T11:26:33+00:00\" \/>\n<meta property=\"article:modified_time\" content=\"2025-03-25T11:27:00+00:00\" \/>\n<meta property=\"og:image\" content=\"https:\/\/www.rassegnastampa-totustuus.it\/cattolica\/wp-content\/uploads\/2025\/03\/guerra_blindati.jpg\" \/>\n\t<meta property=\"og:image:width\" content=\"640\" \/>\n\t<meta property=\"og:image:height\" content=\"420\" \/>\n\t<meta property=\"og:image:type\" content=\"image\/jpeg\" \/>\n<meta name=\"author\" content=\"Redazione\" \/>\n<meta name=\"twitter:card\" content=\"summary_large_image\" \/>\n<meta name=\"twitter:creator\" content=\"@rassegnastampa9\" \/>\n<meta name=\"twitter:site\" content=\"@rassegnastampa9\" \/>\n<meta name=\"twitter:label1\" content=\"Scritto da\" \/>\n\t<meta name=\"twitter:data1\" content=\"Redazione\" \/>\n\t<meta name=\"twitter:label2\" content=\"Tempo di lettura stimato\" \/>\n\t<meta name=\"twitter:data2\" content=\"3 minuti\" \/>\n<script type=\"application\/ld+json\" class=\"yoast-schema-graph\">{\"@context\":\"https:\\\/\\\/schema.org\",\"@graph\":[{\"@type\":\"Article\",\"@id\":\"https:\\\/\\\/www.rassegnastampa-totustuus.it\\\/cattolica\\\/vogliamo-essere-liberi-e-forti-oppure-essere-lasciati-in-pace\\\/#article\",\"isPartOf\":{\"@id\":\"https:\\\/\\\/www.rassegnastampa-totustuus.it\\\/cattolica\\\/vogliamo-essere-liberi-e-forti-oppure-essere-lasciati-in-pace\\\/\"},\"author\":{\"name\":\"Redazione\",\"@id\":\"https:\\\/\\\/www.rassegnastampa-totustuus.it\\\/cattolica\\\/#\\\/schema\\\/person\\\/08f319d2bd1a0904ad9e2bfb7b15e5c3\"},\"headline\":\"Vogliamo essere liberi e forti oppure essere lasciati in pace?\",\"datePublished\":\"2025-03-25T11:26:33+00:00\",\"dateModified\":\"2025-03-25T11:27:00+00:00\",\"mainEntityOfPage\":{\"@id\":\"https:\\\/\\\/www.rassegnastampa-totustuus.it\\\/cattolica\\\/vogliamo-essere-liberi-e-forti-oppure-essere-lasciati-in-pace\\\/\"},\"wordCount\":489,\"publisher\":{\"@id\":\"https:\\\/\\\/www.rassegnastampa-totustuus.it\\\/cattolica\\\/#organization\"},\"image\":{\"@id\":\"https:\\\/\\\/www.rassegnastampa-totustuus.it\\\/cattolica\\\/vogliamo-essere-liberi-e-forti-oppure-essere-lasciati-in-pace\\\/#primaryimage\"},\"thumbnailUrl\":\"https:\\\/\\\/www.rassegnastampa-totustuus.it\\\/cattolica\\\/wp-content\\\/uploads\\\/2025\\\/03\\\/guerra_blindati.jpg\",\"articleSection\":[\"Pacifismo\",\"Politica internazionale\"],\"inLanguage\":\"it-IT\"},{\"@type\":\"WebPage\",\"@id\":\"https:\\\/\\\/www.rassegnastampa-totustuus.it\\\/cattolica\\\/vogliamo-essere-liberi-e-forti-oppure-essere-lasciati-in-pace\\\/\",\"url\":\"https:\\\/\\\/www.rassegnastampa-totustuus.it\\\/cattolica\\\/vogliamo-essere-liberi-e-forti-oppure-essere-lasciati-in-pace\\\/\",\"name\":\"Vogliamo essere liberi e forti oppure essere lasciati in pace? - Rassegna Stampa Cattolica\",\"isPartOf\":{\"@id\":\"https:\\\/\\\/www.rassegnastampa-totustuus.it\\\/cattolica\\\/#website\"},\"primaryImageOfPage\":{\"@id\":\"https:\\\/\\\/www.rassegnastampa-totustuus.it\\\/cattolica\\\/vogliamo-essere-liberi-e-forti-oppure-essere-lasciati-in-pace\\\/#primaryimage\"},\"image\":{\"@id\":\"https:\\\/\\\/www.rassegnastampa-totustuus.it\\\/cattolica\\\/vogliamo-essere-liberi-e-forti-oppure-essere-lasciati-in-pace\\\/#primaryimage\"},\"thumbnailUrl\":\"https:\\\/\\\/www.rassegnastampa-totustuus.it\\\/cattolica\\\/wp-content\\\/uploads\\\/2025\\\/03\\\/guerra_blindati.jpg\",\"datePublished\":\"2025-03-25T11:26:33+00:00\",\"dateModified\":\"2025-03-25T11:27:00+00:00\",\"description\":\"Vogliamo essere liberi e forti oppure essere lasciati in pace? Slalom fra le parole per evitare i trabocchetti\",\"breadcrumb\":{\"@id\":\"https:\\\/\\\/www.rassegnastampa-totustuus.it\\\/cattolica\\\/vogliamo-essere-liberi-e-forti-oppure-essere-lasciati-in-pace\\\/#breadcrumb\"},\"inLanguage\":\"it-IT\",\"potentialAction\":[{\"@type\":\"ReadAction\",\"target\":[\"https:\\\/\\\/www.rassegnastampa-totustuus.it\\\/cattolica\\\/vogliamo-essere-liberi-e-forti-oppure-essere-lasciati-in-pace\\\/\"]}]},{\"@type\":\"ImageObject\",\"inLanguage\":\"it-IT\",\"@id\":\"https:\\\/\\\/www.rassegnastampa-totustuus.it\\\/cattolica\\\/vogliamo-essere-liberi-e-forti-oppure-essere-lasciati-in-pace\\\/#primaryimage\",\"url\":\"https:\\\/\\\/www.rassegnastampa-totustuus.it\\\/cattolica\\\/wp-content\\\/uploads\\\/2025\\\/03\\\/guerra_blindati.jpg\",\"contentUrl\":\"https:\\\/\\\/www.rassegnastampa-totustuus.it\\\/cattolica\\\/wp-content\\\/uploads\\\/2025\\\/03\\\/guerra_blindati.jpg\",\"width\":640,\"height\":420},{\"@type\":\"BreadcrumbList\",\"@id\":\"https:\\\/\\\/www.rassegnastampa-totustuus.it\\\/cattolica\\\/vogliamo-essere-liberi-e-forti-oppure-essere-lasciati-in-pace\\\/#breadcrumb\",\"itemListElement\":[{\"@type\":\"ListItem\",\"position\":1,\"name\":\"Home\",\"item\":\"https:\\\/\\\/www.rassegnastampa-totustuus.it\\\/cattolica\\\/\"},{\"@type\":\"ListItem\",\"position\":2,\"name\":\"Vogliamo essere liberi e forti oppure essere lasciati in pace?\"}]},{\"@type\":\"WebSite\",\"@id\":\"https:\\\/\\\/www.rassegnastampa-totustuus.it\\\/cattolica\\\/#website\",\"url\":\"https:\\\/\\\/www.rassegnastampa-totustuus.it\\\/cattolica\\\/\",\"name\":\"Rassegna Stampa Cattolica\",\"description\":\"Per una cultura che nasce dalla Rivelazione cristiana in conformit\u00e0 alla tradizione e al Magistero della Chiesa in opposizione ad ogni relativismo e totalitarismo\",\"publisher\":{\"@id\":\"https:\\\/\\\/www.rassegnastampa-totustuus.it\\\/cattolica\\\/#organization\"},\"alternateName\":\"Rass. Cattolica\",\"potentialAction\":[{\"@type\":\"SearchAction\",\"target\":{\"@type\":\"EntryPoint\",\"urlTemplate\":\"https:\\\/\\\/www.rassegnastampa-totustuus.it\\\/cattolica\\\/?s={search_term_string}\"},\"query-input\":{\"@type\":\"PropertyValueSpecification\",\"valueRequired\":true,\"valueName\":\"search_term_string\"}}],\"inLanguage\":\"it-IT\"},{\"@type\":\"Organization\",\"@id\":\"https:\\\/\\\/www.rassegnastampa-totustuus.it\\\/cattolica\\\/#organization\",\"name\":\"Rassegna Stampa Cattolica\",\"url\":\"https:\\\/\\\/www.rassegnastampa-totustuus.it\\\/cattolica\\\/\",\"logo\":{\"@type\":\"ImageObject\",\"inLanguage\":\"it-IT\",\"@id\":\"https:\\\/\\\/www.rassegnastampa-totustuus.it\\\/cattolica\\\/#\\\/schema\\\/logo\\\/image\\\/\",\"url\":\"https:\\\/\\\/www.rassegnastampa-totustuus.it\\\/cattolica\\\/wp-content\\\/uploads\\\/2014\\\/04\\\/logo-rassegna1.gif\",\"contentUrl\":\"https:\\\/\\\/www.rassegnastampa-totustuus.it\\\/cattolica\\\/wp-content\\\/uploads\\\/2014\\\/04\\\/logo-rassegna1.gif\",\"width\":600,\"height\":163,\"caption\":\"Rassegna Stampa Cattolica\"},\"image\":{\"@id\":\"https:\\\/\\\/www.rassegnastampa-totustuus.it\\\/cattolica\\\/#\\\/schema\\\/logo\\\/image\\\/\"},\"sameAs\":[\"https:\\\/\\\/www.facebook.com\\\/rassegnastampacattolica\",\"https:\\\/\\\/x.com\\\/rassegnastampa9\"]},{\"@type\":\"Person\",\"@id\":\"https:\\\/\\\/www.rassegnastampa-totustuus.it\\\/cattolica\\\/#\\\/schema\\\/person\\\/08f319d2bd1a0904ad9e2bfb7b15e5c3\",\"name\":\"Redazione\",\"image\":{\"@type\":\"ImageObject\",\"inLanguage\":\"it-IT\",\"@id\":\"https:\\\/\\\/secure.gravatar.com\\\/avatar\\\/2fcdf27c78ea025fbdb44e914cc63c72249ffec9dc8aafd5c82b26240ef3f346?s=96&d=mm&r=g\",\"url\":\"https:\\\/\\\/secure.gravatar.com\\\/avatar\\\/2fcdf27c78ea025fbdb44e914cc63c72249ffec9dc8aafd5c82b26240ef3f346?s=96&d=mm&r=g\",\"contentUrl\":\"https:\\\/\\\/secure.gravatar.com\\\/avatar\\\/2fcdf27c78ea025fbdb44e914cc63c72249ffec9dc8aafd5c82b26240ef3f346?s=96&d=mm&r=g\",\"caption\":\"Redazione\"},\"url\":\"https:\\\/\\\/www.rassegnastampa-totustuus.it\\\/cattolica\\\/author\\\/pietroelle\\\/\"}]}<\/script>\n<!-- \/ Yoast SEO plugin. -->","yoast_head_json":{"title":"Vogliamo essere liberi e forti oppure essere lasciati in pace? - Rassegna Stampa Cattolica","description":"Vogliamo essere liberi e forti oppure essere lasciati in pace? Slalom fra le parole per evitare i trabocchetti","robots":{"index":"index","follow":"follow","max-snippet":"max-snippet:-1","max-image-preview":"max-image-preview:large","max-video-preview":"max-video-preview:-1"},"canonical":"https:\/\/www.rassegnastampa-totustuus.it\/cattolica\/vogliamo-essere-liberi-e-forti-oppure-essere-lasciati-in-pace\/","og_locale":"it_IT","og_type":"article","og_title":"Vogliamo essere liberi e forti oppure essere lasciati in pace? - Rassegna Stampa Cattolica","og_description":"Vogliamo essere liberi e forti oppure essere lasciati in pace? Slalom fra le parole per evitare i trabocchetti","og_url":"https:\/\/www.rassegnastampa-totustuus.it\/cattolica\/vogliamo-essere-liberi-e-forti-oppure-essere-lasciati-in-pace\/","og_site_name":"Rassegna Stampa Cattolica","article_publisher":"https:\/\/www.facebook.com\/rassegnastampacattolica","article_published_time":"2025-03-25T11:26:33+00:00","article_modified_time":"2025-03-25T11:27:00+00:00","og_image":[{"width":640,"height":420,"url":"https:\/\/www.rassegnastampa-totustuus.it\/cattolica\/wp-content\/uploads\/2025\/03\/guerra_blindati.jpg","type":"image\/jpeg"}],"author":"Redazione","twitter_card":"summary_large_image","twitter_creator":"@rassegnastampa9","twitter_site":"@rassegnastampa9","twitter_misc":{"Scritto da":"Redazione","Tempo di lettura stimato":"3 minuti"},"schema":{"@context":"https:\/\/schema.org","@graph":[{"@type":"Article","@id":"https:\/\/www.rassegnastampa-totustuus.it\/cattolica\/vogliamo-essere-liberi-e-forti-oppure-essere-lasciati-in-pace\/#article","isPartOf":{"@id":"https:\/\/www.rassegnastampa-totustuus.it\/cattolica\/vogliamo-essere-liberi-e-forti-oppure-essere-lasciati-in-pace\/"},"author":{"name":"Redazione","@id":"https:\/\/www.rassegnastampa-totustuus.it\/cattolica\/#\/schema\/person\/08f319d2bd1a0904ad9e2bfb7b15e5c3"},"headline":"Vogliamo essere liberi e forti oppure essere lasciati in pace?","datePublished":"2025-03-25T11:26:33+00:00","dateModified":"2025-03-25T11:27:00+00:00","mainEntityOfPage":{"@id":"https:\/\/www.rassegnastampa-totustuus.it\/cattolica\/vogliamo-essere-liberi-e-forti-oppure-essere-lasciati-in-pace\/"},"wordCount":489,"publisher":{"@id":"https:\/\/www.rassegnastampa-totustuus.it\/cattolica\/#organization"},"image":{"@id":"https:\/\/www.rassegnastampa-totustuus.it\/cattolica\/vogliamo-essere-liberi-e-forti-oppure-essere-lasciati-in-pace\/#primaryimage"},"thumbnailUrl":"https:\/\/www.rassegnastampa-totustuus.it\/cattolica\/wp-content\/uploads\/2025\/03\/guerra_blindati.jpg","articleSection":["Pacifismo","Politica internazionale"],"inLanguage":"it-IT"},{"@type":"WebPage","@id":"https:\/\/www.rassegnastampa-totustuus.it\/cattolica\/vogliamo-essere-liberi-e-forti-oppure-essere-lasciati-in-pace\/","url":"https:\/\/www.rassegnastampa-totustuus.it\/cattolica\/vogliamo-essere-liberi-e-forti-oppure-essere-lasciati-in-pace\/","name":"Vogliamo essere liberi e forti oppure essere lasciati in pace? - Rassegna Stampa Cattolica","isPartOf":{"@id":"https:\/\/www.rassegnastampa-totustuus.it\/cattolica\/#website"},"primaryImageOfPage":{"@id":"https:\/\/www.rassegnastampa-totustuus.it\/cattolica\/vogliamo-essere-liberi-e-forti-oppure-essere-lasciati-in-pace\/#primaryimage"},"image":{"@id":"https:\/\/www.rassegnastampa-totustuus.it\/cattolica\/vogliamo-essere-liberi-e-forti-oppure-essere-lasciati-in-pace\/#primaryimage"},"thumbnailUrl":"https:\/\/www.rassegnastampa-totustuus.it\/cattolica\/wp-content\/uploads\/2025\/03\/guerra_blindati.jpg","datePublished":"2025-03-25T11:26:33+00:00","dateModified":"2025-03-25T11:27:00+00:00","description":"Vogliamo essere liberi e forti oppure essere lasciati in pace? Slalom fra le parole per evitare i trabocchetti","breadcrumb":{"@id":"https:\/\/www.rassegnastampa-totustuus.it\/cattolica\/vogliamo-essere-liberi-e-forti-oppure-essere-lasciati-in-pace\/#breadcrumb"},"inLanguage":"it-IT","potentialAction":[{"@type":"ReadAction","target":["https:\/\/www.rassegnastampa-totustuus.it\/cattolica\/vogliamo-essere-liberi-e-forti-oppure-essere-lasciati-in-pace\/"]}]},{"@type":"ImageObject","inLanguage":"it-IT","@id":"https:\/\/www.rassegnastampa-totustuus.it\/cattolica\/vogliamo-essere-liberi-e-forti-oppure-essere-lasciati-in-pace\/#primaryimage","url":"https:\/\/www.rassegnastampa-totustuus.it\/cattolica\/wp-content\/uploads\/2025\/03\/guerra_blindati.jpg","contentUrl":"https:\/\/www.rassegnastampa-totustuus.it\/cattolica\/wp-content\/uploads\/2025\/03\/guerra_blindati.jpg","width":640,"height":420},{"@type":"BreadcrumbList","@id":"https:\/\/www.rassegnastampa-totustuus.it\/cattolica\/vogliamo-essere-liberi-e-forti-oppure-essere-lasciati-in-pace\/#breadcrumb","itemListElement":[{"@type":"ListItem","position":1,"name":"Home","item":"https:\/\/www.rassegnastampa-totustuus.it\/cattolica\/"},{"@type":"ListItem","position":2,"name":"Vogliamo essere liberi e forti oppure essere lasciati in pace?"}]},{"@type":"WebSite","@id":"https:\/\/www.rassegnastampa-totustuus.it\/cattolica\/#website","url":"https:\/\/www.rassegnastampa-totustuus.it\/cattolica\/","name":"Rassegna Stampa Cattolica","description":"Per una cultura che nasce dalla Rivelazione cristiana in conformit\u00e0 alla tradizione e al Magistero della Chiesa in opposizione ad ogni relativismo e totalitarismo","publisher":{"@id":"https:\/\/www.rassegnastampa-totustuus.it\/cattolica\/#organization"},"alternateName":"Rass. Cattolica","potentialAction":[{"@type":"SearchAction","target":{"@type":"EntryPoint","urlTemplate":"https:\/\/www.rassegnastampa-totustuus.it\/cattolica\/?s={search_term_string}"},"query-input":{"@type":"PropertyValueSpecification","valueRequired":true,"valueName":"search_term_string"}}],"inLanguage":"it-IT"},{"@type":"Organization","@id":"https:\/\/www.rassegnastampa-totustuus.it\/cattolica\/#organization","name":"Rassegna Stampa Cattolica","url":"https:\/\/www.rassegnastampa-totustuus.it\/cattolica\/","logo":{"@type":"ImageObject","inLanguage":"it-IT","@id":"https:\/\/www.rassegnastampa-totustuus.it\/cattolica\/#\/schema\/logo\/image\/","url":"https:\/\/www.rassegnastampa-totustuus.it\/cattolica\/wp-content\/uploads\/2014\/04\/logo-rassegna1.gif","contentUrl":"https:\/\/www.rassegnastampa-totustuus.it\/cattolica\/wp-content\/uploads\/2014\/04\/logo-rassegna1.gif","width":600,"height":163,"caption":"Rassegna Stampa Cattolica"},"image":{"@id":"https:\/\/www.rassegnastampa-totustuus.it\/cattolica\/#\/schema\/logo\/image\/"},"sameAs":["https:\/\/www.facebook.com\/rassegnastampacattolica","https:\/\/x.com\/rassegnastampa9"]},{"@type":"Person","@id":"https:\/\/www.rassegnastampa-totustuus.it\/cattolica\/#\/schema\/person\/08f319d2bd1a0904ad9e2bfb7b15e5c3","name":"Redazione","image":{"@type":"ImageObject","inLanguage":"it-IT","@id":"https:\/\/secure.gravatar.com\/avatar\/2fcdf27c78ea025fbdb44e914cc63c72249ffec9dc8aafd5c82b26240ef3f346?s=96&d=mm&r=g","url":"https:\/\/secure.gravatar.com\/avatar\/2fcdf27c78ea025fbdb44e914cc63c72249ffec9dc8aafd5c82b26240ef3f346?s=96&d=mm&r=g","contentUrl":"https:\/\/secure.gravatar.com\/avatar\/2fcdf27c78ea025fbdb44e914cc63c72249ffec9dc8aafd5c82b26240ef3f346?s=96&d=mm&r=g","caption":"Redazione"},"url":"https:\/\/www.rassegnastampa-totustuus.it\/cattolica\/author\/pietroelle\/"}]}},"_links":{"self":[{"href":"https:\/\/www.rassegnastampa-totustuus.it\/cattolica\/wp-json\/wp\/v2\/posts\/62389","targetHints":{"allow":["GET"]}}],"collection":[{"href":"https:\/\/www.rassegnastampa-totustuus.it\/cattolica\/wp-json\/wp\/v2\/posts"}],"about":[{"href":"https:\/\/www.rassegnastampa-totustuus.it\/cattolica\/wp-json\/wp\/v2\/types\/post"}],"author":[{"embeddable":true,"href":"https:\/\/www.rassegnastampa-totustuus.it\/cattolica\/wp-json\/wp\/v2\/users\/6"}],"replies":[{"embeddable":true,"href":"https:\/\/www.rassegnastampa-totustuus.it\/cattolica\/wp-json\/wp\/v2\/comments?post=62389"}],"version-history":[{"count":1,"href":"https:\/\/www.rassegnastampa-totustuus.it\/cattolica\/wp-json\/wp\/v2\/posts\/62389\/revisions"}],"predecessor-version":[{"id":62391,"href":"https:\/\/www.rassegnastampa-totustuus.it\/cattolica\/wp-json\/wp\/v2\/posts\/62389\/revisions\/62391"}],"wp:featuredmedia":[{"embeddable":true,"href":"https:\/\/www.rassegnastampa-totustuus.it\/cattolica\/wp-json\/wp\/v2\/media\/62390"}],"wp:attachment":[{"href":"https:\/\/www.rassegnastampa-totustuus.it\/cattolica\/wp-json\/wp\/v2\/media?parent=62389"}],"wp:term":[{"taxonomy":"category","embeddable":true,"href":"https:\/\/www.rassegnastampa-totustuus.it\/cattolica\/wp-json\/wp\/v2\/categories?post=62389"},{"taxonomy":"post_tag","embeddable":true,"href":"https:\/\/www.rassegnastampa-totustuus.it\/cattolica\/wp-json\/wp\/v2\/tags?post=62389"}],"curies":[{"name":"wp","href":"https:\/\/api.w.org\/{rel}","templated":true}]}}