{"id":62353,"date":"2025-03-15T12:53:09","date_gmt":"2025-03-15T11:53:09","guid":{"rendered":"https:\/\/www.rassegnastampa-totustuus.it\/cattolica\/?p=62353"},"modified":"2025-03-16T17:12:39","modified_gmt":"2025-03-16T16:12:39","slug":"si-spegne-il-paradiso-cubano","status":"publish","type":"post","link":"https:\/\/www.rassegnastampa-totustuus.it\/cattolica\/si-spegne-il-paradiso-cubano\/","title":{"rendered":"Si spegne il \u201cparadiso\u201d cubano"},"content":{"rendered":"\n<p class=\"has-text-align-center\"><strong><a href=\"https:\/\/atfp.it\/rivista-tfp\" target=\"_blank\" rel=\"noreferrer noopener\">Tradizione Famiglia Propriet\u00e0 <\/a><\/strong>N.106 Marzo 2025<\/p>\n\n\n\n<p>Dal Febbraio 2024, Cuba sta subendo in modo sempre pi\u00f9 frequente interruzioni di corrente che ormai lasciano pi\u00f9 della met\u00e0 dell&#8217;isola al buio. L\u2019ente energetico nazionale ammette un \u201cdeficit cronico\u201d di almeno 750 MW. In altre parole, Cuba non riesce pi\u00f9 a produrre l&#8217;energia elettrica di cui ha bisogno. L\u00e0zaro Guerra, direttore di elettricit\u00e0 del ministero di energia e mine, dichiara che \u201cil sistema \u00e8 al collasso\u201d e, ovviamente, punta il dito contro il sempiterno \u201cembargo\u201d americano.<\/p>\n\n\n<div class=\"wp-block-image\">\n<figure class=\"aligncenter size-full is-resized\"><a href=\"https:\/\/www.rassegnastampa-totustuus.it\/cattolica\/wp-content\/uploads\/2014\/11\/Cuba_misera.jpg\"><img loading=\"lazy\" decoding=\"async\" width=\"400\" height=\"301\" src=\"https:\/\/www.rassegnastampa-totustuus.it\/cattolica\/wp-content\/uploads\/2014\/11\/Cuba_misera.jpg\" alt=\"\" class=\"wp-image-12966\" style=\"width:420px;height:auto\" srcset=\"https:\/\/www.rassegnastampa-totustuus.it\/cattolica\/wp-content\/uploads\/2014\/11\/Cuba_misera.jpg 400w, https:\/\/www.rassegnastampa-totustuus.it\/cattolica\/wp-content\/uploads\/2014\/11\/Cuba_misera-300x225.jpg 300w\" sizes=\"auto, (max-width: 400px) 100vw, 400px\" \/><\/a><\/figure><\/div>\n\n\n<!--more-->\n\n\n\n<p>Il fatto \u00e8 che la povert\u00e0 estrema a Cuba ha raggiunto l\u201989% della popolazione. \u201c<em>Sette persone su dieci hanno dovuto rinunciare a un pasto al giorno<\/em>\u201d, leggiamo in un Rapporto dell&#8217;Observervatorio Cubano de Derechos umanos (1). Continua il Rapporto: \u201c<em>La povert\u00e0 estrema colpisce l&#8217;89% della popolazione cubana. La crisi alimentare \u00e8 il principale problema sociale con il 72%, seguita dai blackout con il 55% e dall&#8217;inflazione o costo della vita con il 50%. Poi ci sono gli stipendi, la salute o sanit\u00e0 pubblica e la corruzione\u201d<\/em><\/p>\n\n\n\n<p>La crisi si fa sentire anche nei dettagli. Di recente il Governo si \u00e8 visto costretto a ridurre la quantit\u00e0 di pane quotidiano permesso a ogni cittadino da 80 grammi a 60 grammi, autorizzando pure l&#8217;aggiunta di piccole quantit\u00e0 di gesso alla farina per aumentarne il volume.<\/p>\n\n\n\n<p>Senza nemmeno arrossire, il Governo continua a diffondere la frase propagandistica: \u00abCuba a indici di sviluppo che competono con quelli dei paesi sviluppati\u00bb.<\/p>\n\n\n\n<p>\u201c<em>Ormai viviamo alla giornata, abbiamo una economia di guerra<\/em>\u201d, ha dichiarato all&#8217;assemblea nazionale il presidente Miguel Diaz-Canel (2). Il 2024 non \u00e8 stato un buon anno per Cuba. Ci\u00f2 \u00e8 riconosciuto dal Governo e si riflette praticamente in tutte le statistiche macroeconomiche del Paese, che \u00e8 immerso in una profonda crisi e che attende un 2025 incerto. E ci\u00f2 nonostante il \u201cpacchetto anti-crisi\u201d varato nel 2023.<\/p>\n\n\n\n<p>La domanda \u00e8: di fronte al clamoroso fallimento del socialismo cubano, che incide maggiormente sulla popolazione pi\u00f9 svantaggiata, come mai ci sono persone &#8211; in campo politico come in quello ecclesiastico &#8211; che continuano a cantare le sue lodi?<\/p>\n\n\n\n<p><strong>(1)<\/strong> La pobreza extrema creci\u00f2 al 89%en Cuba\u201dSiete de cada diez personas tuvieron que dejar de desayunar, almozar o cenar\u201d <em>Infobae<\/em>, 16 luglio 2024<\/p>\n\n\n\n<p><strong>(2)<\/strong> Cuba proyecta un reservadopanorama economico en 2025 tras el annus horribilis de 2024. <em>Swiss.info,<\/em> 22 dicenbre 2024<\/p>\n","protected":false},"excerpt":{"rendered":"<p>Tradizione Famiglia Propriet\u00e0 N.106 Marzo 2025 Dal Febbraio 2024, Cuba sta subendo in modo sempre pi\u00f9 frequente interruzioni di corrente che ormai lasciano pi\u00f9 della met\u00e0 dell&#8217;isola al buio. L\u2019ente energetico nazionale ammette un \u201cdeficit cronico\u201d di almeno 750 MW. In altre parole, Cuba non riesce pi\u00f9 a produrre l&#8217;energia elettrica di cui ha bisogno. &hellip; <\/p>\n<p><a class=\"more-link btn\" href=\"https:\/\/www.rassegnastampa-totustuus.it\/cattolica\/si-spegne-il-paradiso-cubano\/\">Continua a leggere<\/a><\/p>\n","protected":false},"author":6,"featured_media":12966,"comment_status":"closed","ping_status":"closed","sticky":false,"template":"","format":"standard","meta":{"footnotes":""},"categories":[32,72],"tags":[1562,3136],"class_list":["post-62353","post","type-post","status-publish","format-standard","has-post-thumbnail","hentry","category-filosofia-del-comunismo","category-cuba","tag-poverta","tag-socialismo-cubano","item-wrap"],"yoast_head":"<!-- This site is optimized with the Yoast SEO plugin v27.5 - https:\/\/yoast.com\/product\/yoast-seo-wordpress\/ -->\n<title>Si spegne il \u201cparadiso\u201d cubano - Rassegna Stampa Cattolica<\/title>\n<meta name=\"description\" content=\"Si spegne il \u201cparadiso\u201d cubano: sempre pi\u00f9 frequenti le interruzioni di energia mentre l&#039;89% della popolazione \u00e8 in miseri\" \/>\n<meta name=\"robots\" content=\"index, follow, max-snippet:-1, max-image-preview:large, max-video-preview:-1\" \/>\n<link rel=\"canonical\" href=\"https:\/\/www.rassegnastampa-totustuus.it\/cattolica\/si-spegne-il-paradiso-cubano\/\" \/>\n<meta property=\"og:locale\" content=\"it_IT\" \/>\n<meta property=\"og:type\" content=\"article\" \/>\n<meta property=\"og:title\" content=\"Si spegne il \u201cparadiso\u201d cubano - Rassegna Stampa Cattolica\" \/>\n<meta property=\"og:description\" content=\"Si spegne il \u201cparadiso\u201d cubano: sempre pi\u00f9 frequenti le interruzioni di energia mentre l&#039;89% della popolazione \u00e8 in miseri\" \/>\n<meta property=\"og:url\" content=\"https:\/\/www.rassegnastampa-totustuus.it\/cattolica\/si-spegne-il-paradiso-cubano\/\" \/>\n<meta property=\"og:site_name\" content=\"Rassegna Stampa Cattolica\" \/>\n<meta property=\"article:publisher\" content=\"https:\/\/www.facebook.com\/rassegnastampacattolica\" \/>\n<meta property=\"article:published_time\" content=\"2025-03-15T11:53:09+00:00\" \/>\n<meta property=\"article:modified_time\" content=\"2025-03-16T16:12:39+00:00\" \/>\n<meta property=\"og:image\" content=\"https:\/\/www.rassegnastampa-totustuus.it\/cattolica\/wp-content\/uploads\/2014\/11\/Cuba_misera.jpg\" \/>\n\t<meta property=\"og:image:width\" content=\"400\" \/>\n\t<meta property=\"og:image:height\" content=\"301\" \/>\n\t<meta property=\"og:image:type\" content=\"image\/jpeg\" \/>\n<meta name=\"author\" content=\"Redazione\" \/>\n<meta name=\"twitter:card\" content=\"summary_large_image\" \/>\n<meta name=\"twitter:creator\" content=\"@rassegnastampa9\" \/>\n<meta name=\"twitter:site\" content=\"@rassegnastampa9\" \/>\n<meta name=\"twitter:label1\" content=\"Scritto da\" \/>\n\t<meta name=\"twitter:data1\" content=\"Redazione\" \/>\n\t<meta name=\"twitter:label2\" content=\"Tempo di lettura stimato\" \/>\n\t<meta name=\"twitter:data2\" content=\"3 minuti\" \/>\n<script type=\"application\/ld+json\" class=\"yoast-schema-graph\">{\"@context\":\"https:\\\/\\\/schema.org\",\"@graph\":[{\"@type\":\"Article\",\"@id\":\"https:\\\/\\\/www.rassegnastampa-totustuus.it\\\/cattolica\\\/si-spegne-il-paradiso-cubano\\\/#article\",\"isPartOf\":{\"@id\":\"https:\\\/\\\/www.rassegnastampa-totustuus.it\\\/cattolica\\\/si-spegne-il-paradiso-cubano\\\/\"},\"author\":{\"name\":\"Redazione\",\"@id\":\"https:\\\/\\\/www.rassegnastampa-totustuus.it\\\/cattolica\\\/#\\\/schema\\\/person\\\/08f319d2bd1a0904ad9e2bfb7b15e5c3\"},\"headline\":\"Si spegne il \u201cparadiso\u201d cubano\",\"datePublished\":\"2025-03-15T11:53:09+00:00\",\"dateModified\":\"2025-03-16T16:12:39+00:00\",\"mainEntityOfPage\":{\"@id\":\"https:\\\/\\\/www.rassegnastampa-totustuus.it\\\/cattolica\\\/si-spegne-il-paradiso-cubano\\\/\"},\"wordCount\":372,\"publisher\":{\"@id\":\"https:\\\/\\\/www.rassegnastampa-totustuus.it\\\/cattolica\\\/#organization\"},\"image\":{\"@id\":\"https:\\\/\\\/www.rassegnastampa-totustuus.it\\\/cattolica\\\/si-spegne-il-paradiso-cubano\\\/#primaryimage\"},\"thumbnailUrl\":\"https:\\\/\\\/www.rassegnastampa-totustuus.it\\\/cattolica\\\/wp-content\\\/uploads\\\/2014\\\/11\\\/Cuba_misera.jpg\",\"keywords\":[\"povert\u00e0\",\"socialismo cubano\"],\"articleSection\":[\"Comunismo\",\"Cuba\"],\"inLanguage\":\"it-IT\"},{\"@type\":\"WebPage\",\"@id\":\"https:\\\/\\\/www.rassegnastampa-totustuus.it\\\/cattolica\\\/si-spegne-il-paradiso-cubano\\\/\",\"url\":\"https:\\\/\\\/www.rassegnastampa-totustuus.it\\\/cattolica\\\/si-spegne-il-paradiso-cubano\\\/\",\"name\":\"Si spegne il \u201cparadiso\u201d cubano - Rassegna Stampa Cattolica\",\"isPartOf\":{\"@id\":\"https:\\\/\\\/www.rassegnastampa-totustuus.it\\\/cattolica\\\/#website\"},\"primaryImageOfPage\":{\"@id\":\"https:\\\/\\\/www.rassegnastampa-totustuus.it\\\/cattolica\\\/si-spegne-il-paradiso-cubano\\\/#primaryimage\"},\"image\":{\"@id\":\"https:\\\/\\\/www.rassegnastampa-totustuus.it\\\/cattolica\\\/si-spegne-il-paradiso-cubano\\\/#primaryimage\"},\"thumbnailUrl\":\"https:\\\/\\\/www.rassegnastampa-totustuus.it\\\/cattolica\\\/wp-content\\\/uploads\\\/2014\\\/11\\\/Cuba_misera.jpg\",\"datePublished\":\"2025-03-15T11:53:09+00:00\",\"dateModified\":\"2025-03-16T16:12:39+00:00\",\"description\":\"Si spegne il \u201cparadiso\u201d cubano: sempre pi\u00f9 frequenti le interruzioni di energia mentre l'89% della popolazione \u00e8 in miseri\",\"breadcrumb\":{\"@id\":\"https:\\\/\\\/www.rassegnastampa-totustuus.it\\\/cattolica\\\/si-spegne-il-paradiso-cubano\\\/#breadcrumb\"},\"inLanguage\":\"it-IT\",\"potentialAction\":[{\"@type\":\"ReadAction\",\"target\":[\"https:\\\/\\\/www.rassegnastampa-totustuus.it\\\/cattolica\\\/si-spegne-il-paradiso-cubano\\\/\"]}]},{\"@type\":\"ImageObject\",\"inLanguage\":\"it-IT\",\"@id\":\"https:\\\/\\\/www.rassegnastampa-totustuus.it\\\/cattolica\\\/si-spegne-il-paradiso-cubano\\\/#primaryimage\",\"url\":\"https:\\\/\\\/www.rassegnastampa-totustuus.it\\\/cattolica\\\/wp-content\\\/uploads\\\/2014\\\/11\\\/Cuba_misera.jpg\",\"contentUrl\":\"https:\\\/\\\/www.rassegnastampa-totustuus.it\\\/cattolica\\\/wp-content\\\/uploads\\\/2014\\\/11\\\/Cuba_misera.jpg\",\"width\":400,\"height\":301},{\"@type\":\"BreadcrumbList\",\"@id\":\"https:\\\/\\\/www.rassegnastampa-totustuus.it\\\/cattolica\\\/si-spegne-il-paradiso-cubano\\\/#breadcrumb\",\"itemListElement\":[{\"@type\":\"ListItem\",\"position\":1,\"name\":\"Home\",\"item\":\"https:\\\/\\\/www.rassegnastampa-totustuus.it\\\/cattolica\\\/\"},{\"@type\":\"ListItem\",\"position\":2,\"name\":\"Si spegne il \u201cparadiso\u201d cubano\"}]},{\"@type\":\"WebSite\",\"@id\":\"https:\\\/\\\/www.rassegnastampa-totustuus.it\\\/cattolica\\\/#website\",\"url\":\"https:\\\/\\\/www.rassegnastampa-totustuus.it\\\/cattolica\\\/\",\"name\":\"Rassegna Stampa Cattolica\",\"description\":\"Per una cultura che nasce dalla Rivelazione cristiana in conformit\u00e0 alla tradizione e al Magistero della Chiesa in opposizione ad ogni relativismo e totalitarismo\",\"publisher\":{\"@id\":\"https:\\\/\\\/www.rassegnastampa-totustuus.it\\\/cattolica\\\/#organization\"},\"alternateName\":\"Rass. Cattolica\",\"potentialAction\":[{\"@type\":\"SearchAction\",\"target\":{\"@type\":\"EntryPoint\",\"urlTemplate\":\"https:\\\/\\\/www.rassegnastampa-totustuus.it\\\/cattolica\\\/?s={search_term_string}\"},\"query-input\":{\"@type\":\"PropertyValueSpecification\",\"valueRequired\":true,\"valueName\":\"search_term_string\"}}],\"inLanguage\":\"it-IT\"},{\"@type\":\"Organization\",\"@id\":\"https:\\\/\\\/www.rassegnastampa-totustuus.it\\\/cattolica\\\/#organization\",\"name\":\"Rassegna Stampa Cattolica\",\"url\":\"https:\\\/\\\/www.rassegnastampa-totustuus.it\\\/cattolica\\\/\",\"logo\":{\"@type\":\"ImageObject\",\"inLanguage\":\"it-IT\",\"@id\":\"https:\\\/\\\/www.rassegnastampa-totustuus.it\\\/cattolica\\\/#\\\/schema\\\/logo\\\/image\\\/\",\"url\":\"https:\\\/\\\/www.rassegnastampa-totustuus.it\\\/cattolica\\\/wp-content\\\/uploads\\\/2014\\\/04\\\/logo-rassegna1.gif\",\"contentUrl\":\"https:\\\/\\\/www.rassegnastampa-totustuus.it\\\/cattolica\\\/wp-content\\\/uploads\\\/2014\\\/04\\\/logo-rassegna1.gif\",\"width\":600,\"height\":163,\"caption\":\"Rassegna Stampa Cattolica\"},\"image\":{\"@id\":\"https:\\\/\\\/www.rassegnastampa-totustuus.it\\\/cattolica\\\/#\\\/schema\\\/logo\\\/image\\\/\"},\"sameAs\":[\"https:\\\/\\\/www.facebook.com\\\/rassegnastampacattolica\",\"https:\\\/\\\/x.com\\\/rassegnastampa9\"]},{\"@type\":\"Person\",\"@id\":\"https:\\\/\\\/www.rassegnastampa-totustuus.it\\\/cattolica\\\/#\\\/schema\\\/person\\\/08f319d2bd1a0904ad9e2bfb7b15e5c3\",\"name\":\"Redazione\",\"image\":{\"@type\":\"ImageObject\",\"inLanguage\":\"it-IT\",\"@id\":\"https:\\\/\\\/secure.gravatar.com\\\/avatar\\\/2fcdf27c78ea025fbdb44e914cc63c72249ffec9dc8aafd5c82b26240ef3f346?s=96&d=mm&r=g\",\"url\":\"https:\\\/\\\/secure.gravatar.com\\\/avatar\\\/2fcdf27c78ea025fbdb44e914cc63c72249ffec9dc8aafd5c82b26240ef3f346?s=96&d=mm&r=g\",\"contentUrl\":\"https:\\\/\\\/secure.gravatar.com\\\/avatar\\\/2fcdf27c78ea025fbdb44e914cc63c72249ffec9dc8aafd5c82b26240ef3f346?s=96&d=mm&r=g\",\"caption\":\"Redazione\"},\"url\":\"https:\\\/\\\/www.rassegnastampa-totustuus.it\\\/cattolica\\\/author\\\/pietroelle\\\/\"}]}<\/script>\n<!-- \/ Yoast SEO plugin. -->","yoast_head_json":{"title":"Si spegne il \u201cparadiso\u201d cubano - Rassegna Stampa Cattolica","description":"Si spegne il \u201cparadiso\u201d cubano: sempre pi\u00f9 frequenti le interruzioni di energia mentre l'89% della popolazione \u00e8 in miseri","robots":{"index":"index","follow":"follow","max-snippet":"max-snippet:-1","max-image-preview":"max-image-preview:large","max-video-preview":"max-video-preview:-1"},"canonical":"https:\/\/www.rassegnastampa-totustuus.it\/cattolica\/si-spegne-il-paradiso-cubano\/","og_locale":"it_IT","og_type":"article","og_title":"Si spegne il \u201cparadiso\u201d cubano - Rassegna Stampa Cattolica","og_description":"Si spegne il \u201cparadiso\u201d cubano: sempre pi\u00f9 frequenti le interruzioni di energia mentre l'89% della popolazione \u00e8 in miseri","og_url":"https:\/\/www.rassegnastampa-totustuus.it\/cattolica\/si-spegne-il-paradiso-cubano\/","og_site_name":"Rassegna Stampa Cattolica","article_publisher":"https:\/\/www.facebook.com\/rassegnastampacattolica","article_published_time":"2025-03-15T11:53:09+00:00","article_modified_time":"2025-03-16T16:12:39+00:00","og_image":[{"width":400,"height":301,"url":"https:\/\/www.rassegnastampa-totustuus.it\/cattolica\/wp-content\/uploads\/2014\/11\/Cuba_misera.jpg","type":"image\/jpeg"}],"author":"Redazione","twitter_card":"summary_large_image","twitter_creator":"@rassegnastampa9","twitter_site":"@rassegnastampa9","twitter_misc":{"Scritto da":"Redazione","Tempo di lettura stimato":"3 minuti"},"schema":{"@context":"https:\/\/schema.org","@graph":[{"@type":"Article","@id":"https:\/\/www.rassegnastampa-totustuus.it\/cattolica\/si-spegne-il-paradiso-cubano\/#article","isPartOf":{"@id":"https:\/\/www.rassegnastampa-totustuus.it\/cattolica\/si-spegne-il-paradiso-cubano\/"},"author":{"name":"Redazione","@id":"https:\/\/www.rassegnastampa-totustuus.it\/cattolica\/#\/schema\/person\/08f319d2bd1a0904ad9e2bfb7b15e5c3"},"headline":"Si spegne il \u201cparadiso\u201d cubano","datePublished":"2025-03-15T11:53:09+00:00","dateModified":"2025-03-16T16:12:39+00:00","mainEntityOfPage":{"@id":"https:\/\/www.rassegnastampa-totustuus.it\/cattolica\/si-spegne-il-paradiso-cubano\/"},"wordCount":372,"publisher":{"@id":"https:\/\/www.rassegnastampa-totustuus.it\/cattolica\/#organization"},"image":{"@id":"https:\/\/www.rassegnastampa-totustuus.it\/cattolica\/si-spegne-il-paradiso-cubano\/#primaryimage"},"thumbnailUrl":"https:\/\/www.rassegnastampa-totustuus.it\/cattolica\/wp-content\/uploads\/2014\/11\/Cuba_misera.jpg","keywords":["povert\u00e0","socialismo cubano"],"articleSection":["Comunismo","Cuba"],"inLanguage":"it-IT"},{"@type":"WebPage","@id":"https:\/\/www.rassegnastampa-totustuus.it\/cattolica\/si-spegne-il-paradiso-cubano\/","url":"https:\/\/www.rassegnastampa-totustuus.it\/cattolica\/si-spegne-il-paradiso-cubano\/","name":"Si spegne il \u201cparadiso\u201d cubano - Rassegna Stampa Cattolica","isPartOf":{"@id":"https:\/\/www.rassegnastampa-totustuus.it\/cattolica\/#website"},"primaryImageOfPage":{"@id":"https:\/\/www.rassegnastampa-totustuus.it\/cattolica\/si-spegne-il-paradiso-cubano\/#primaryimage"},"image":{"@id":"https:\/\/www.rassegnastampa-totustuus.it\/cattolica\/si-spegne-il-paradiso-cubano\/#primaryimage"},"thumbnailUrl":"https:\/\/www.rassegnastampa-totustuus.it\/cattolica\/wp-content\/uploads\/2014\/11\/Cuba_misera.jpg","datePublished":"2025-03-15T11:53:09+00:00","dateModified":"2025-03-16T16:12:39+00:00","description":"Si spegne il \u201cparadiso\u201d cubano: sempre pi\u00f9 frequenti le interruzioni di energia mentre l'89% della popolazione \u00e8 in miseri","breadcrumb":{"@id":"https:\/\/www.rassegnastampa-totustuus.it\/cattolica\/si-spegne-il-paradiso-cubano\/#breadcrumb"},"inLanguage":"it-IT","potentialAction":[{"@type":"ReadAction","target":["https:\/\/www.rassegnastampa-totustuus.it\/cattolica\/si-spegne-il-paradiso-cubano\/"]}]},{"@type":"ImageObject","inLanguage":"it-IT","@id":"https:\/\/www.rassegnastampa-totustuus.it\/cattolica\/si-spegne-il-paradiso-cubano\/#primaryimage","url":"https:\/\/www.rassegnastampa-totustuus.it\/cattolica\/wp-content\/uploads\/2014\/11\/Cuba_misera.jpg","contentUrl":"https:\/\/www.rassegnastampa-totustuus.it\/cattolica\/wp-content\/uploads\/2014\/11\/Cuba_misera.jpg","width":400,"height":301},{"@type":"BreadcrumbList","@id":"https:\/\/www.rassegnastampa-totustuus.it\/cattolica\/si-spegne-il-paradiso-cubano\/#breadcrumb","itemListElement":[{"@type":"ListItem","position":1,"name":"Home","item":"https:\/\/www.rassegnastampa-totustuus.it\/cattolica\/"},{"@type":"ListItem","position":2,"name":"Si spegne il \u201cparadiso\u201d cubano"}]},{"@type":"WebSite","@id":"https:\/\/www.rassegnastampa-totustuus.it\/cattolica\/#website","url":"https:\/\/www.rassegnastampa-totustuus.it\/cattolica\/","name":"Rassegna Stampa Cattolica","description":"Per una cultura che nasce dalla Rivelazione cristiana in conformit\u00e0 alla tradizione e al Magistero della Chiesa in opposizione ad ogni relativismo e totalitarismo","publisher":{"@id":"https:\/\/www.rassegnastampa-totustuus.it\/cattolica\/#organization"},"alternateName":"Rass. Cattolica","potentialAction":[{"@type":"SearchAction","target":{"@type":"EntryPoint","urlTemplate":"https:\/\/www.rassegnastampa-totustuus.it\/cattolica\/?s={search_term_string}"},"query-input":{"@type":"PropertyValueSpecification","valueRequired":true,"valueName":"search_term_string"}}],"inLanguage":"it-IT"},{"@type":"Organization","@id":"https:\/\/www.rassegnastampa-totustuus.it\/cattolica\/#organization","name":"Rassegna Stampa Cattolica","url":"https:\/\/www.rassegnastampa-totustuus.it\/cattolica\/","logo":{"@type":"ImageObject","inLanguage":"it-IT","@id":"https:\/\/www.rassegnastampa-totustuus.it\/cattolica\/#\/schema\/logo\/image\/","url":"https:\/\/www.rassegnastampa-totustuus.it\/cattolica\/wp-content\/uploads\/2014\/04\/logo-rassegna1.gif","contentUrl":"https:\/\/www.rassegnastampa-totustuus.it\/cattolica\/wp-content\/uploads\/2014\/04\/logo-rassegna1.gif","width":600,"height":163,"caption":"Rassegna Stampa Cattolica"},"image":{"@id":"https:\/\/www.rassegnastampa-totustuus.it\/cattolica\/#\/schema\/logo\/image\/"},"sameAs":["https:\/\/www.facebook.com\/rassegnastampacattolica","https:\/\/x.com\/rassegnastampa9"]},{"@type":"Person","@id":"https:\/\/www.rassegnastampa-totustuus.it\/cattolica\/#\/schema\/person\/08f319d2bd1a0904ad9e2bfb7b15e5c3","name":"Redazione","image":{"@type":"ImageObject","inLanguage":"it-IT","@id":"https:\/\/secure.gravatar.com\/avatar\/2fcdf27c78ea025fbdb44e914cc63c72249ffec9dc8aafd5c82b26240ef3f346?s=96&d=mm&r=g","url":"https:\/\/secure.gravatar.com\/avatar\/2fcdf27c78ea025fbdb44e914cc63c72249ffec9dc8aafd5c82b26240ef3f346?s=96&d=mm&r=g","contentUrl":"https:\/\/secure.gravatar.com\/avatar\/2fcdf27c78ea025fbdb44e914cc63c72249ffec9dc8aafd5c82b26240ef3f346?s=96&d=mm&r=g","caption":"Redazione"},"url":"https:\/\/www.rassegnastampa-totustuus.it\/cattolica\/author\/pietroelle\/"}]}},"_links":{"self":[{"href":"https:\/\/www.rassegnastampa-totustuus.it\/cattolica\/wp-json\/wp\/v2\/posts\/62353","targetHints":{"allow":["GET"]}}],"collection":[{"href":"https:\/\/www.rassegnastampa-totustuus.it\/cattolica\/wp-json\/wp\/v2\/posts"}],"about":[{"href":"https:\/\/www.rassegnastampa-totustuus.it\/cattolica\/wp-json\/wp\/v2\/types\/post"}],"author":[{"embeddable":true,"href":"https:\/\/www.rassegnastampa-totustuus.it\/cattolica\/wp-json\/wp\/v2\/users\/6"}],"replies":[{"embeddable":true,"href":"https:\/\/www.rassegnastampa-totustuus.it\/cattolica\/wp-json\/wp\/v2\/comments?post=62353"}],"version-history":[{"count":2,"href":"https:\/\/www.rassegnastampa-totustuus.it\/cattolica\/wp-json\/wp\/v2\/posts\/62353\/revisions"}],"predecessor-version":[{"id":62356,"href":"https:\/\/www.rassegnastampa-totustuus.it\/cattolica\/wp-json\/wp\/v2\/posts\/62353\/revisions\/62356"}],"wp:featuredmedia":[{"embeddable":true,"href":"https:\/\/www.rassegnastampa-totustuus.it\/cattolica\/wp-json\/wp\/v2\/media\/12966"}],"wp:attachment":[{"href":"https:\/\/www.rassegnastampa-totustuus.it\/cattolica\/wp-json\/wp\/v2\/media?parent=62353"}],"wp:term":[{"taxonomy":"category","embeddable":true,"href":"https:\/\/www.rassegnastampa-totustuus.it\/cattolica\/wp-json\/wp\/v2\/categories?post=62353"},{"taxonomy":"post_tag","embeddable":true,"href":"https:\/\/www.rassegnastampa-totustuus.it\/cattolica\/wp-json\/wp\/v2\/tags?post=62353"}],"curies":[{"name":"wp","href":"https:\/\/api.w.org\/{rel}","templated":true}]}}