{"id":62343,"date":"2025-03-13T17:59:39","date_gmt":"2025-03-13T16:59:39","guid":{"rendered":"https:\/\/www.rassegnastampa-totustuus.it\/cattolica\/?p=62343"},"modified":"2025-03-13T17:59:41","modified_gmt":"2025-03-13T16:59:41","slug":"perche-bach-ci-puo-salvare-storia-della-pianista-internata-da-mao","status":"publish","type":"post","link":"https:\/\/www.rassegnastampa-totustuus.it\/cattolica\/perche-bach-ci-puo-salvare-storia-della-pianista-internata-da-mao\/","title":{"rendered":"Perch\u00e9 Bach ci pu\u00f2 salvare. Storia della pianista internata da Mao"},"content":{"rendered":"\n<p class=\"has-text-align-center\"><strong><a href=\"https:\/\/www.corriere.it\/\" target=\"_blank\" rel=\"noreferrer noopener\">Corriere della Sera<\/a><\/strong> 5 Novembre 2018<\/p>\n\n\n\n<p class=\"has-text-align-center\">di <strong>Susanna Tamaro<\/strong><\/p>\n\n\n\n<p>Qualche settimana fa, facendo ordine nella libreria, mi \u00e8 capitato in mano il famoso <em>Libretto rosso<\/em> di Mao Zedong. Era la versione in cinese di mio padre, sinologo dilettante. Non ero in grado di leggere neppure un ideogramma, ma improvvisamente mi sono tornati in mente i tanti slogan che rimbombavano nelle orecchie degli adolescenti e dei ragazzi della mia generazione. La rivoluzione non \u00e8 un pranzo di gala. Colpirne uno, per educarne cento. L\u2019imperialismo \u00e8 una tigre di carta. Pochi giorni dopo ho iniziato a leggere un libro che mi ha profondamente colpito, <a href=\"https:\/\/www.bollatiboringhieri.it\/libri\/zhu-xiao-mei-il-pianoforte-segreto-9788833929064\/\"><em>Il pianoforte segreto<\/em><\/a>, l\u2019autobiografia di Zhu Xiao-Mei (Bollati Boringhieri, 2018), pianista cinese, famosa le sue interpretazioni delle <em>Variazioni Goldberg<\/em> di Bach.<\/p>\n\n\n<div class=\"wp-block-image\">\n<figure class=\"aligncenter size-full is-resized\"><a href=\"https:\/\/www.rassegnastampa-totustuus.it\/cattolica\/wp-content\/uploads\/2025\/03\/Cina_comunismo_rivoluzione_culturale.jpg\"><img loading=\"lazy\" decoding=\"async\" width=\"743\" height=\"600\" src=\"https:\/\/www.rassegnastampa-totustuus.it\/cattolica\/wp-content\/uploads\/2025\/03\/Cina_comunismo_rivoluzione_culturale.jpg\" alt=\"\" class=\"wp-image-62344\" style=\"width:489px;height:auto\"\/><\/a><\/figure><\/div>\n\n\n<!--more-->\n\n\n\n<p>Nata nel 1949 da una famiglia \u00abdi cattive origini\u00bb borghesi, Zhu Xiao-Mei ha iniziato a suonare il piano a sei anni ed \u00e8 entrata in conservatorio a dieci, carica di luminose attese, non sapendo che solo dopo un anno si sarebbe abbattuta sulla Cina una devastante carestia, conseguenza delle folli scelte economiche e agricole del \u00abgrande balzo in avanti\u00bb voluto da Mao per incrementare la produzione di acciaio. Scelte che alterarono l\u2019equilibrio naturale dell\u2019ambiente, provocando la morte di decine di milioni di persone, oltre allo sterminio di quasi tutti gli uccelli, rei di essere dei parassiti borghesi.<\/p>\n\n\n\n<p>Un disastro epocale che spinse Mao, messo da parte dalle leve del potere dallo stesso suo partito, a rivolgersi direttamente alle masse invitandole a portare avanti una Rivoluzione culturale dal basso: una chiamata alle armi diretta soprattutto ai giovani e giovanissimi destinata a far cambiare per sempre la mentalit\u00e0 al popolo cinese, estirpando alla radice, distruggendo e nullificando tutte le tradizioni che lo avevano guidato fino ad allora con lo scopo finale di instaurare finalmente la giustizia e la felicit\u00e0 in Cina e nel mondo.<\/p>\n\n\n\n<p>La stessa Zhu Xiao-Mei viene travolta da questa ondata rivoluzionaria che, passando da Mozart a Mao, trasforma il Conservatorio di Pechino in un luogo di delazioni e di vendette, di terrore e di umiliazioni. Dopo essere caduta in disgrazia per una battuta scherzosa, la giovane promessa del piano sar\u00e0 costretta a fare autocritica, diventando poi una convinta sostenitrice di Mao, pronta a calpestare, in nome della rivoluzione, gli affetti pi\u00f9 importanti e a denunciare i suoi stessi maestri.<\/p>\n\n\n<div class=\"wp-block-image\">\n<figure class=\"aligncenter size-full is-resized\"><a href=\"https:\/\/www.rassegnastampa-totustuus.it\/cattolica\/wp-content\/uploads\/2025\/03\/Mao_Zedong_Cina.jpg\"><img loading=\"lazy\" decoding=\"async\" width=\"799\" height=\"600\" src=\"https:\/\/www.rassegnastampa-totustuus.it\/cattolica\/wp-content\/uploads\/2025\/03\/Mao_Zedong_Cina.jpg\" alt=\"\" class=\"wp-image-62345\" style=\"width:497px;height:auto\"\/><\/a><\/figure><\/div>\n\n\n<p>Zhu Xiao-Mei ha voluto scrivere questa spietata e dolorosa confessione soprattutto per fare ammenda del dolore causato, per non essere riuscita a salvarsi dal plagio collettivo. \u00abLa Rivoluzione culturale mi ha sporcata \u2014 scrive \u2014, mi ha reso complice. A un certo punto ha persino ucciso in me ogni senso morale\u00bb.<\/p>\n\n\n\n<p>Assistiamo, pagina dopo pagina, al divampare della follia collettiva: dal rogo compiuto di tutti gli Lp e gli spartiti borghesi, alle violenze e alle uccisioni dei docenti, fino alla chiusura dello stesso conservatorio. La seguiamo passo dopo passo nella disumanit\u00e0 e nell\u2019abbrutimento dei cinque lunghi anni in diversi campi di lavoro, in cui Xiao-Mei sfiora la disperazione totale, fino al giorno in cui, rischiando il tutto per tutto, riesce a farsi spedire dalla madre il vecchio pianoforte camuffato da credenza, privo di molte corde ma comunque capace di far rinascere nel suo cuore l\u2019amore per la bellezza e l\u2019armonia.<\/p>\n\n\n\n<p>Ai guardiani dice che le serve per suonare gli Yan Bang Xi, i motivi scritti appositamente per la rivoluzione cinese invece, fidando nelle loro ignoranza, si immerge nelle eterne note di Bach e di Chopin. Solo nel 1980 riuscir\u00e0 a lasciare la Cina per Hong Kong e poi per gli Stati Uniti, dove, prima di riprendere gli studi di pianoforte, sopravviver\u00e0 per parecchio tempo facendo la colf. Ora vive a Parigi ed \u00e8 considerata una delle pi\u00f9 grandi interpreti di Bach. Suona con gli occhi chiusi, le piccole mani che sfiorano i tasti con il distacco e l\u2019intensit\u00e0 delle pi\u00f9 alte forme di meditazione.<\/p>\n\n\n\n<p>Quando ho terminato il libro, la prima cosa che ho pensato \u00e8 che andrebbe letto nelle scuole; la seconda \u00e8 che, pur parlando della Cina della rivoluzione maoista, in realt\u00e0 \u00e8 un libro che parla anche del grande rischio dei nostri tempi. Quando all\u2019orizzonte ricompare l\u2019idea della giovinezza come valore in s\u00e9, quando troppo spesso nel discorso pubblico ritornano le parole \u00abgiustizia\u00bb, \u00abpopolo\u00bb \u00abfelicit\u00e0\u00bb come valori assoluti, quando questa battaglia porta con s\u00e9 il mito della \u00absincerit\u00e0\u00bb come virt\u00f9 edificante, dell\u2019aggressivit\u00e0 diffusa come arma di dissuasione, quando viene preso come paradigma assoluto la vita concreta, pratica, ignorando tutto ci\u00f2 che costituisce la complessit\u00e0 e la ricchezza dell\u2019essere umano, si entra in un tunnel in cui dall\u2019altra parte non c\u2019\u00e8 il paradiso in terra ma un mondo di desolazione e di appiattimento.<\/p>\n\n\n\n<p>Relegando l\u2019uomo alla sola dimensione materiale, ridicolizzando tutto ci\u00f2 che non appartiene al mondo degli istinti primari, deridendo ogni forma di pensiero complesso e di espressione artistica, considerati appannaggio di un\u2019\u00e9lite di privilegiati, emerge l\u2019animalit\u00e0, e l\u2019animalit\u00e0 prospera sotto una legge molto semplice, quella della sopravvivenza del pi\u00f9 forte.<\/p>\n\n\n<div class=\"wp-block-image\">\n<figure class=\"aligncenter size-full is-resized\"><a href=\"https:\/\/www.rassegnastampa-totustuus.it\/cattolica\/wp-content\/uploads\/2018\/08\/uomo-massa.jpg\"><img loading=\"lazy\" decoding=\"async\" width=\"334\" height=\"151\" src=\"https:\/\/www.rassegnastampa-totustuus.it\/cattolica\/wp-content\/uploads\/2018\/08\/uomo-massa.jpg\" alt=\"\" class=\"wp-image-40846\" style=\"width:500px;height:auto\" srcset=\"https:\/\/www.rassegnastampa-totustuus.it\/cattolica\/wp-content\/uploads\/2018\/08\/uomo-massa.jpg 334w, https:\/\/www.rassegnastampa-totustuus.it\/cattolica\/wp-content\/uploads\/2018\/08\/uomo-massa-300x136.jpg 300w\" sizes=\"auto, (max-width: 334px) 100vw, 334px\" \/><\/a><\/figure><\/div>\n\n\n<p>L\u2019irruzione della tecnologia nella nostra vita ha portato innumerevoli benefici e altri probabilmente continuer\u00e0 a portarci, ha per\u00f2 reso i pensieri di tutti pi\u00f9 epidermici, privi di profondit\u00e0, ha ridotto i sentimenti per lo pi\u00f9 a un\u2019esagitazione viscerale, senza pi\u00f9 il controllo della mente. L\u2019assenza di silenzio e solitudine fa il resto. Cos\u00ec si finisce sempre per accontentarci della prima risposta e si \u00e8 grati a chi ce ne fornisce una dietro alla quale correre senza esitazione.<\/p>\n\n\n\n<p>Per chi crede ancora che nell\u2019umano ci sia qualcosa che non sar\u00e0 mai assimilabile alla pura tecnologia, questi tempi di slogan assertivi fanno davvero paura. Pensando proprio al libro di Zhu Xiao-Mei possiamo trovare il coraggio di dire che l\u2019assenza di cultura \u00e8 una delle pi\u00f9 grandi forme di povert\u00e0. Essere poveri di parole, di pensieri e di sentimenti vuol dire essere poveri nelle proprie relazioni e nella comprensione della realt\u00e0. La storia della pianista cinese dimostra con esemplare chiarezza che la storia ci pu\u00f2 privare di tutto, della nostra cultura, della libert\u00e0, della dignit\u00e0, spingendoci a vivere al limite dell\u2019umano, ma non pu\u00f2 spegnere l\u2019anelito alla bellezza che \u00e8 nascosto in ogni persona che abbia la forza d\u2019animo di seguire la voce della propria coscienza. Primo Levi \u00e8 sopravvissuto ad Auschwitz grazie anche alle poesie imparate a memoria, Zhu Xiao-Mei non si \u00e8 fatta sopraffare dalla bestialit\u00e0 dei campi di lavoro grazie alla musica di Chopin e a Bach che continuava a risuonare dentro di lei. Nell\u2019opacit\u00e0 di questi tempi forse \u00e8 bene ricordare che solo l\u2019arte e il riverbero della bellezza riescono a illuminare i momenti pi\u00f9 bui della stori<\/p>\n","protected":false},"excerpt":{"rendered":"<p>Corriere della Sera 5 Novembre 2018 di Susanna Tamaro Qualche settimana fa, facendo ordine nella libreria, mi \u00e8 capitato in mano il famoso Libretto rosso di Mao Zedong. Era la versione in cinese di mio padre, sinologo dilettante. Non ero in grado di leggere neppure un ideogramma, ma improvvisamente mi sono tornati in mente i &hellip; <\/p>\n<p><a class=\"more-link btn\" href=\"https:\/\/www.rassegnastampa-totustuus.it\/cattolica\/perche-bach-ci-puo-salvare-storia-della-pianista-internata-da-mao\/\">Continua a leggere<\/a><\/p>\n","protected":false},"author":6,"featured_media":0,"comment_status":"closed","ping_status":"closed","sticky":false,"template":"","format":"standard","meta":{"footnotes":""},"categories":[56,32],"tags":[767,1682,1341,2817],"class_list":["post-62343","post","type-post","status-publish","format-standard","hentry","category-cina","category-filosofia-del-comunismo","tag-liberta","tag-materialismo","tag-rivoluzione-culturale","tag-tecnologia","item-wrap"],"yoast_head":"<!-- This site is optimized with the Yoast SEO plugin v27.5 - https:\/\/yoast.com\/product\/yoast-seo-wordpress\/ -->\n<title>Perch\u00e9 Bach ci pu\u00f2 salvare. Storia della pianista internata da Mao - Rassegna Stampa Cattolica<\/title>\n<meta name=\"description\" content=\"Perch\u00e9 Bach ci pu\u00f2 salvare. Storia della pianista internata da Mao. La bellezza salva l&#039;umano che \u00e8 in ciascuno di noi\" \/>\n<meta name=\"robots\" content=\"index, follow, max-snippet:-1, max-image-preview:large, max-video-preview:-1\" \/>\n<link rel=\"canonical\" href=\"https:\/\/www.rassegnastampa-totustuus.it\/cattolica\/perche-bach-ci-puo-salvare-storia-della-pianista-internata-da-mao\/\" \/>\n<meta property=\"og:locale\" content=\"it_IT\" \/>\n<meta property=\"og:type\" content=\"article\" \/>\n<meta property=\"og:title\" content=\"Perch\u00e9 Bach ci pu\u00f2 salvare. Storia della pianista internata da Mao - Rassegna Stampa Cattolica\" \/>\n<meta property=\"og:description\" content=\"Perch\u00e9 Bach ci pu\u00f2 salvare. Storia della pianista internata da Mao. La bellezza salva l&#039;umano che \u00e8 in ciascuno di noi\" \/>\n<meta property=\"og:url\" content=\"https:\/\/www.rassegnastampa-totustuus.it\/cattolica\/perche-bach-ci-puo-salvare-storia-della-pianista-internata-da-mao\/\" \/>\n<meta property=\"og:site_name\" content=\"Rassegna Stampa Cattolica\" \/>\n<meta property=\"article:publisher\" content=\"https:\/\/www.facebook.com\/rassegnastampacattolica\" \/>\n<meta property=\"article:published_time\" content=\"2025-03-13T16:59:39+00:00\" \/>\n<meta property=\"article:modified_time\" content=\"2025-03-13T16:59:41+00:00\" \/>\n<meta property=\"og:image\" content=\"https:\/\/www.rassegnastampa-totustuus.it\/cattolica\/wp-content\/uploads\/2025\/03\/Cina_comunismo_rivoluzione_culturale.jpg\" \/>\n\t<meta property=\"og:image:width\" content=\"743\" \/>\n\t<meta property=\"og:image:height\" content=\"600\" \/>\n\t<meta property=\"og:image:type\" content=\"image\/jpeg\" \/>\n<meta name=\"author\" content=\"Redazione\" \/>\n<meta name=\"twitter:card\" content=\"summary_large_image\" \/>\n<meta name=\"twitter:creator\" content=\"@rassegnastampa9\" \/>\n<meta name=\"twitter:site\" content=\"@rassegnastampa9\" \/>\n<meta name=\"twitter:label1\" content=\"Scritto da\" \/>\n\t<meta name=\"twitter:data1\" content=\"Redazione\" \/>\n\t<meta name=\"twitter:label2\" content=\"Tempo di lettura stimato\" \/>\n\t<meta name=\"twitter:data2\" content=\"7 minuti\" \/>\n<script type=\"application\/ld+json\" class=\"yoast-schema-graph\">{\"@context\":\"https:\\\/\\\/schema.org\",\"@graph\":[{\"@type\":\"Article\",\"@id\":\"https:\\\/\\\/www.rassegnastampa-totustuus.it\\\/cattolica\\\/perche-bach-ci-puo-salvare-storia-della-pianista-internata-da-mao\\\/#article\",\"isPartOf\":{\"@id\":\"https:\\\/\\\/www.rassegnastampa-totustuus.it\\\/cattolica\\\/perche-bach-ci-puo-salvare-storia-della-pianista-internata-da-mao\\\/\"},\"author\":{\"name\":\"Redazione\",\"@id\":\"https:\\\/\\\/www.rassegnastampa-totustuus.it\\\/cattolica\\\/#\\\/schema\\\/person\\\/08f319d2bd1a0904ad9e2bfb7b15e5c3\"},\"headline\":\"Perch\u00e9 Bach ci pu\u00f2 salvare. Storia della pianista internata da Mao\",\"datePublished\":\"2025-03-13T16:59:39+00:00\",\"dateModified\":\"2025-03-13T16:59:41+00:00\",\"mainEntityOfPage\":{\"@id\":\"https:\\\/\\\/www.rassegnastampa-totustuus.it\\\/cattolica\\\/perche-bach-ci-puo-salvare-storia-della-pianista-internata-da-mao\\\/\"},\"wordCount\":1103,\"publisher\":{\"@id\":\"https:\\\/\\\/www.rassegnastampa-totustuus.it\\\/cattolica\\\/#organization\"},\"image\":{\"@id\":\"https:\\\/\\\/www.rassegnastampa-totustuus.it\\\/cattolica\\\/perche-bach-ci-puo-salvare-storia-della-pianista-internata-da-mao\\\/#primaryimage\"},\"thumbnailUrl\":\"https:\\\/\\\/www.rassegnastampa-totustuus.it\\\/cattolica\\\/wp-content\\\/uploads\\\/2025\\\/03\\\/Cina_comunismo_rivoluzione_culturale.jpg\",\"keywords\":[\"libert\u00e0\",\"materialismo\",\"rivoluzione culturale\",\"tecnologia\"],\"articleSection\":[\"Cina\",\"Comunismo\"],\"inLanguage\":\"it-IT\"},{\"@type\":\"WebPage\",\"@id\":\"https:\\\/\\\/www.rassegnastampa-totustuus.it\\\/cattolica\\\/perche-bach-ci-puo-salvare-storia-della-pianista-internata-da-mao\\\/\",\"url\":\"https:\\\/\\\/www.rassegnastampa-totustuus.it\\\/cattolica\\\/perche-bach-ci-puo-salvare-storia-della-pianista-internata-da-mao\\\/\",\"name\":\"Perch\u00e9 Bach ci pu\u00f2 salvare. Storia della pianista internata da Mao - Rassegna Stampa Cattolica\",\"isPartOf\":{\"@id\":\"https:\\\/\\\/www.rassegnastampa-totustuus.it\\\/cattolica\\\/#website\"},\"primaryImageOfPage\":{\"@id\":\"https:\\\/\\\/www.rassegnastampa-totustuus.it\\\/cattolica\\\/perche-bach-ci-puo-salvare-storia-della-pianista-internata-da-mao\\\/#primaryimage\"},\"image\":{\"@id\":\"https:\\\/\\\/www.rassegnastampa-totustuus.it\\\/cattolica\\\/perche-bach-ci-puo-salvare-storia-della-pianista-internata-da-mao\\\/#primaryimage\"},\"thumbnailUrl\":\"https:\\\/\\\/www.rassegnastampa-totustuus.it\\\/cattolica\\\/wp-content\\\/uploads\\\/2025\\\/03\\\/Cina_comunismo_rivoluzione_culturale.jpg\",\"datePublished\":\"2025-03-13T16:59:39+00:00\",\"dateModified\":\"2025-03-13T16:59:41+00:00\",\"description\":\"Perch\u00e9 Bach ci pu\u00f2 salvare. Storia della pianista internata da Mao. La bellezza salva l'umano che \u00e8 in ciascuno di noi\",\"breadcrumb\":{\"@id\":\"https:\\\/\\\/www.rassegnastampa-totustuus.it\\\/cattolica\\\/perche-bach-ci-puo-salvare-storia-della-pianista-internata-da-mao\\\/#breadcrumb\"},\"inLanguage\":\"it-IT\",\"potentialAction\":[{\"@type\":\"ReadAction\",\"target\":[\"https:\\\/\\\/www.rassegnastampa-totustuus.it\\\/cattolica\\\/perche-bach-ci-puo-salvare-storia-della-pianista-internata-da-mao\\\/\"]}]},{\"@type\":\"ImageObject\",\"inLanguage\":\"it-IT\",\"@id\":\"https:\\\/\\\/www.rassegnastampa-totustuus.it\\\/cattolica\\\/perche-bach-ci-puo-salvare-storia-della-pianista-internata-da-mao\\\/#primaryimage\",\"url\":\"https:\\\/\\\/www.rassegnastampa-totustuus.it\\\/cattolica\\\/wp-content\\\/uploads\\\/2025\\\/03\\\/Cina_comunismo_rivoluzione_culturale.jpg\",\"contentUrl\":\"https:\\\/\\\/www.rassegnastampa-totustuus.it\\\/cattolica\\\/wp-content\\\/uploads\\\/2025\\\/03\\\/Cina_comunismo_rivoluzione_culturale.jpg\"},{\"@type\":\"BreadcrumbList\",\"@id\":\"https:\\\/\\\/www.rassegnastampa-totustuus.it\\\/cattolica\\\/perche-bach-ci-puo-salvare-storia-della-pianista-internata-da-mao\\\/#breadcrumb\",\"itemListElement\":[{\"@type\":\"ListItem\",\"position\":1,\"name\":\"Home\",\"item\":\"https:\\\/\\\/www.rassegnastampa-totustuus.it\\\/cattolica\\\/\"},{\"@type\":\"ListItem\",\"position\":2,\"name\":\"Perch\u00e9 Bach ci pu\u00f2 salvare. Storia della pianista internata da Mao\"}]},{\"@type\":\"WebSite\",\"@id\":\"https:\\\/\\\/www.rassegnastampa-totustuus.it\\\/cattolica\\\/#website\",\"url\":\"https:\\\/\\\/www.rassegnastampa-totustuus.it\\\/cattolica\\\/\",\"name\":\"Rassegna Stampa Cattolica\",\"description\":\"Per una cultura che nasce dalla Rivelazione cristiana in conformit\u00e0 alla tradizione e al Magistero della Chiesa in opposizione ad ogni relativismo e totalitarismo\",\"publisher\":{\"@id\":\"https:\\\/\\\/www.rassegnastampa-totustuus.it\\\/cattolica\\\/#organization\"},\"alternateName\":\"Rass. Cattolica\",\"potentialAction\":[{\"@type\":\"SearchAction\",\"target\":{\"@type\":\"EntryPoint\",\"urlTemplate\":\"https:\\\/\\\/www.rassegnastampa-totustuus.it\\\/cattolica\\\/?s={search_term_string}\"},\"query-input\":{\"@type\":\"PropertyValueSpecification\",\"valueRequired\":true,\"valueName\":\"search_term_string\"}}],\"inLanguage\":\"it-IT\"},{\"@type\":\"Organization\",\"@id\":\"https:\\\/\\\/www.rassegnastampa-totustuus.it\\\/cattolica\\\/#organization\",\"name\":\"Rassegna Stampa Cattolica\",\"url\":\"https:\\\/\\\/www.rassegnastampa-totustuus.it\\\/cattolica\\\/\",\"logo\":{\"@type\":\"ImageObject\",\"inLanguage\":\"it-IT\",\"@id\":\"https:\\\/\\\/www.rassegnastampa-totustuus.it\\\/cattolica\\\/#\\\/schema\\\/logo\\\/image\\\/\",\"url\":\"https:\\\/\\\/www.rassegnastampa-totustuus.it\\\/cattolica\\\/wp-content\\\/uploads\\\/2014\\\/04\\\/logo-rassegna1.gif\",\"contentUrl\":\"https:\\\/\\\/www.rassegnastampa-totustuus.it\\\/cattolica\\\/wp-content\\\/uploads\\\/2014\\\/04\\\/logo-rassegna1.gif\",\"width\":600,\"height\":163,\"caption\":\"Rassegna Stampa Cattolica\"},\"image\":{\"@id\":\"https:\\\/\\\/www.rassegnastampa-totustuus.it\\\/cattolica\\\/#\\\/schema\\\/logo\\\/image\\\/\"},\"sameAs\":[\"https:\\\/\\\/www.facebook.com\\\/rassegnastampacattolica\",\"https:\\\/\\\/x.com\\\/rassegnastampa9\"]},{\"@type\":\"Person\",\"@id\":\"https:\\\/\\\/www.rassegnastampa-totustuus.it\\\/cattolica\\\/#\\\/schema\\\/person\\\/08f319d2bd1a0904ad9e2bfb7b15e5c3\",\"name\":\"Redazione\",\"image\":{\"@type\":\"ImageObject\",\"inLanguage\":\"it-IT\",\"@id\":\"https:\\\/\\\/secure.gravatar.com\\\/avatar\\\/2fcdf27c78ea025fbdb44e914cc63c72249ffec9dc8aafd5c82b26240ef3f346?s=96&d=mm&r=g\",\"url\":\"https:\\\/\\\/secure.gravatar.com\\\/avatar\\\/2fcdf27c78ea025fbdb44e914cc63c72249ffec9dc8aafd5c82b26240ef3f346?s=96&d=mm&r=g\",\"contentUrl\":\"https:\\\/\\\/secure.gravatar.com\\\/avatar\\\/2fcdf27c78ea025fbdb44e914cc63c72249ffec9dc8aafd5c82b26240ef3f346?s=96&d=mm&r=g\",\"caption\":\"Redazione\"},\"url\":\"https:\\\/\\\/www.rassegnastampa-totustuus.it\\\/cattolica\\\/author\\\/pietroelle\\\/\"}]}<\/script>\n<!-- \/ Yoast SEO plugin. -->","yoast_head_json":{"title":"Perch\u00e9 Bach ci pu\u00f2 salvare. Storia della pianista internata da Mao - Rassegna Stampa Cattolica","description":"Perch\u00e9 Bach ci pu\u00f2 salvare. Storia della pianista internata da Mao. La bellezza salva l'umano che \u00e8 in ciascuno di noi","robots":{"index":"index","follow":"follow","max-snippet":"max-snippet:-1","max-image-preview":"max-image-preview:large","max-video-preview":"max-video-preview:-1"},"canonical":"https:\/\/www.rassegnastampa-totustuus.it\/cattolica\/perche-bach-ci-puo-salvare-storia-della-pianista-internata-da-mao\/","og_locale":"it_IT","og_type":"article","og_title":"Perch\u00e9 Bach ci pu\u00f2 salvare. Storia della pianista internata da Mao - Rassegna Stampa Cattolica","og_description":"Perch\u00e9 Bach ci pu\u00f2 salvare. Storia della pianista internata da Mao. La bellezza salva l'umano che \u00e8 in ciascuno di noi","og_url":"https:\/\/www.rassegnastampa-totustuus.it\/cattolica\/perche-bach-ci-puo-salvare-storia-della-pianista-internata-da-mao\/","og_site_name":"Rassegna Stampa Cattolica","article_publisher":"https:\/\/www.facebook.com\/rassegnastampacattolica","article_published_time":"2025-03-13T16:59:39+00:00","article_modified_time":"2025-03-13T16:59:41+00:00","og_image":[{"width":743,"height":600,"url":"https:\/\/www.rassegnastampa-totustuus.it\/cattolica\/wp-content\/uploads\/2025\/03\/Cina_comunismo_rivoluzione_culturale.jpg","type":"image\/jpeg"}],"author":"Redazione","twitter_card":"summary_large_image","twitter_creator":"@rassegnastampa9","twitter_site":"@rassegnastampa9","twitter_misc":{"Scritto da":"Redazione","Tempo di lettura stimato":"7 minuti"},"schema":{"@context":"https:\/\/schema.org","@graph":[{"@type":"Article","@id":"https:\/\/www.rassegnastampa-totustuus.it\/cattolica\/perche-bach-ci-puo-salvare-storia-della-pianista-internata-da-mao\/#article","isPartOf":{"@id":"https:\/\/www.rassegnastampa-totustuus.it\/cattolica\/perche-bach-ci-puo-salvare-storia-della-pianista-internata-da-mao\/"},"author":{"name":"Redazione","@id":"https:\/\/www.rassegnastampa-totustuus.it\/cattolica\/#\/schema\/person\/08f319d2bd1a0904ad9e2bfb7b15e5c3"},"headline":"Perch\u00e9 Bach ci pu\u00f2 salvare. Storia della pianista internata da Mao","datePublished":"2025-03-13T16:59:39+00:00","dateModified":"2025-03-13T16:59:41+00:00","mainEntityOfPage":{"@id":"https:\/\/www.rassegnastampa-totustuus.it\/cattolica\/perche-bach-ci-puo-salvare-storia-della-pianista-internata-da-mao\/"},"wordCount":1103,"publisher":{"@id":"https:\/\/www.rassegnastampa-totustuus.it\/cattolica\/#organization"},"image":{"@id":"https:\/\/www.rassegnastampa-totustuus.it\/cattolica\/perche-bach-ci-puo-salvare-storia-della-pianista-internata-da-mao\/#primaryimage"},"thumbnailUrl":"https:\/\/www.rassegnastampa-totustuus.it\/cattolica\/wp-content\/uploads\/2025\/03\/Cina_comunismo_rivoluzione_culturale.jpg","keywords":["libert\u00e0","materialismo","rivoluzione culturale","tecnologia"],"articleSection":["Cina","Comunismo"],"inLanguage":"it-IT"},{"@type":"WebPage","@id":"https:\/\/www.rassegnastampa-totustuus.it\/cattolica\/perche-bach-ci-puo-salvare-storia-della-pianista-internata-da-mao\/","url":"https:\/\/www.rassegnastampa-totustuus.it\/cattolica\/perche-bach-ci-puo-salvare-storia-della-pianista-internata-da-mao\/","name":"Perch\u00e9 Bach ci pu\u00f2 salvare. Storia della pianista internata da Mao - Rassegna Stampa Cattolica","isPartOf":{"@id":"https:\/\/www.rassegnastampa-totustuus.it\/cattolica\/#website"},"primaryImageOfPage":{"@id":"https:\/\/www.rassegnastampa-totustuus.it\/cattolica\/perche-bach-ci-puo-salvare-storia-della-pianista-internata-da-mao\/#primaryimage"},"image":{"@id":"https:\/\/www.rassegnastampa-totustuus.it\/cattolica\/perche-bach-ci-puo-salvare-storia-della-pianista-internata-da-mao\/#primaryimage"},"thumbnailUrl":"https:\/\/www.rassegnastampa-totustuus.it\/cattolica\/wp-content\/uploads\/2025\/03\/Cina_comunismo_rivoluzione_culturale.jpg","datePublished":"2025-03-13T16:59:39+00:00","dateModified":"2025-03-13T16:59:41+00:00","description":"Perch\u00e9 Bach ci pu\u00f2 salvare. Storia della pianista internata da Mao. La bellezza salva l'umano che \u00e8 in ciascuno di noi","breadcrumb":{"@id":"https:\/\/www.rassegnastampa-totustuus.it\/cattolica\/perche-bach-ci-puo-salvare-storia-della-pianista-internata-da-mao\/#breadcrumb"},"inLanguage":"it-IT","potentialAction":[{"@type":"ReadAction","target":["https:\/\/www.rassegnastampa-totustuus.it\/cattolica\/perche-bach-ci-puo-salvare-storia-della-pianista-internata-da-mao\/"]}]},{"@type":"ImageObject","inLanguage":"it-IT","@id":"https:\/\/www.rassegnastampa-totustuus.it\/cattolica\/perche-bach-ci-puo-salvare-storia-della-pianista-internata-da-mao\/#primaryimage","url":"https:\/\/www.rassegnastampa-totustuus.it\/cattolica\/wp-content\/uploads\/2025\/03\/Cina_comunismo_rivoluzione_culturale.jpg","contentUrl":"https:\/\/www.rassegnastampa-totustuus.it\/cattolica\/wp-content\/uploads\/2025\/03\/Cina_comunismo_rivoluzione_culturale.jpg"},{"@type":"BreadcrumbList","@id":"https:\/\/www.rassegnastampa-totustuus.it\/cattolica\/perche-bach-ci-puo-salvare-storia-della-pianista-internata-da-mao\/#breadcrumb","itemListElement":[{"@type":"ListItem","position":1,"name":"Home","item":"https:\/\/www.rassegnastampa-totustuus.it\/cattolica\/"},{"@type":"ListItem","position":2,"name":"Perch\u00e9 Bach ci pu\u00f2 salvare. Storia della pianista internata da Mao"}]},{"@type":"WebSite","@id":"https:\/\/www.rassegnastampa-totustuus.it\/cattolica\/#website","url":"https:\/\/www.rassegnastampa-totustuus.it\/cattolica\/","name":"Rassegna Stampa Cattolica","description":"Per una cultura che nasce dalla Rivelazione cristiana in conformit\u00e0 alla tradizione e al Magistero della Chiesa in opposizione ad ogni relativismo e totalitarismo","publisher":{"@id":"https:\/\/www.rassegnastampa-totustuus.it\/cattolica\/#organization"},"alternateName":"Rass. Cattolica","potentialAction":[{"@type":"SearchAction","target":{"@type":"EntryPoint","urlTemplate":"https:\/\/www.rassegnastampa-totustuus.it\/cattolica\/?s={search_term_string}"},"query-input":{"@type":"PropertyValueSpecification","valueRequired":true,"valueName":"search_term_string"}}],"inLanguage":"it-IT"},{"@type":"Organization","@id":"https:\/\/www.rassegnastampa-totustuus.it\/cattolica\/#organization","name":"Rassegna Stampa Cattolica","url":"https:\/\/www.rassegnastampa-totustuus.it\/cattolica\/","logo":{"@type":"ImageObject","inLanguage":"it-IT","@id":"https:\/\/www.rassegnastampa-totustuus.it\/cattolica\/#\/schema\/logo\/image\/","url":"https:\/\/www.rassegnastampa-totustuus.it\/cattolica\/wp-content\/uploads\/2014\/04\/logo-rassegna1.gif","contentUrl":"https:\/\/www.rassegnastampa-totustuus.it\/cattolica\/wp-content\/uploads\/2014\/04\/logo-rassegna1.gif","width":600,"height":163,"caption":"Rassegna Stampa Cattolica"},"image":{"@id":"https:\/\/www.rassegnastampa-totustuus.it\/cattolica\/#\/schema\/logo\/image\/"},"sameAs":["https:\/\/www.facebook.com\/rassegnastampacattolica","https:\/\/x.com\/rassegnastampa9"]},{"@type":"Person","@id":"https:\/\/www.rassegnastampa-totustuus.it\/cattolica\/#\/schema\/person\/08f319d2bd1a0904ad9e2bfb7b15e5c3","name":"Redazione","image":{"@type":"ImageObject","inLanguage":"it-IT","@id":"https:\/\/secure.gravatar.com\/avatar\/2fcdf27c78ea025fbdb44e914cc63c72249ffec9dc8aafd5c82b26240ef3f346?s=96&d=mm&r=g","url":"https:\/\/secure.gravatar.com\/avatar\/2fcdf27c78ea025fbdb44e914cc63c72249ffec9dc8aafd5c82b26240ef3f346?s=96&d=mm&r=g","contentUrl":"https:\/\/secure.gravatar.com\/avatar\/2fcdf27c78ea025fbdb44e914cc63c72249ffec9dc8aafd5c82b26240ef3f346?s=96&d=mm&r=g","caption":"Redazione"},"url":"https:\/\/www.rassegnastampa-totustuus.it\/cattolica\/author\/pietroelle\/"}]}},"_links":{"self":[{"href":"https:\/\/www.rassegnastampa-totustuus.it\/cattolica\/wp-json\/wp\/v2\/posts\/62343","targetHints":{"allow":["GET"]}}],"collection":[{"href":"https:\/\/www.rassegnastampa-totustuus.it\/cattolica\/wp-json\/wp\/v2\/posts"}],"about":[{"href":"https:\/\/www.rassegnastampa-totustuus.it\/cattolica\/wp-json\/wp\/v2\/types\/post"}],"author":[{"embeddable":true,"href":"https:\/\/www.rassegnastampa-totustuus.it\/cattolica\/wp-json\/wp\/v2\/users\/6"}],"replies":[{"embeddable":true,"href":"https:\/\/www.rassegnastampa-totustuus.it\/cattolica\/wp-json\/wp\/v2\/comments?post=62343"}],"version-history":[{"count":1,"href":"https:\/\/www.rassegnastampa-totustuus.it\/cattolica\/wp-json\/wp\/v2\/posts\/62343\/revisions"}],"predecessor-version":[{"id":62346,"href":"https:\/\/www.rassegnastampa-totustuus.it\/cattolica\/wp-json\/wp\/v2\/posts\/62343\/revisions\/62346"}],"wp:attachment":[{"href":"https:\/\/www.rassegnastampa-totustuus.it\/cattolica\/wp-json\/wp\/v2\/media?parent=62343"}],"wp:term":[{"taxonomy":"category","embeddable":true,"href":"https:\/\/www.rassegnastampa-totustuus.it\/cattolica\/wp-json\/wp\/v2\/categories?post=62343"},{"taxonomy":"post_tag","embeddable":true,"href":"https:\/\/www.rassegnastampa-totustuus.it\/cattolica\/wp-json\/wp\/v2\/tags?post=62343"}],"curies":[{"name":"wp","href":"https:\/\/api.w.org\/{rel}","templated":true}]}}