{"id":62323,"date":"2025-03-12T09:21:37","date_gmt":"2025-03-12T08:21:37","guid":{"rendered":"https:\/\/www.rassegnastampa-totustuus.it\/cattolica\/?p=62323"},"modified":"2025-03-12T09:22:18","modified_gmt":"2025-03-12T08:22:18","slug":"lhomo-diplomaticus-e-il-superamento-della-guerra","status":"publish","type":"post","link":"https:\/\/www.rassegnastampa-totustuus.it\/cattolica\/lhomo-diplomaticus-e-il-superamento-della-guerra\/","title":{"rendered":"L\u2019Homo Diplomaticus e il superamento della guerra"},"content":{"rendered":"\n<p class=\"has-text-align-center\"><strong><a href=\"https:\/\/lisandermag.substack.com\/\" target=\"_blank\" rel=\"noreferrer noopener\">Lisander<\/a> <\/strong>27 Febbraio, 2025<\/p>\n\n\n\n<p class=\"has-text-align-center\">di <strong>Robi Ronza<\/strong> (Giornalista)<\/p>\n\n\n\n<p>Se non da prima, almeno dall\u2019inizio della civilt\u00e0 urbana <strong>due grandi mali hanno accompagnato l\u2019uomo nel suo cammino: la schiavit\u00f9 e la guerra<\/strong>. Eppure in Occidente la schiavit\u00f9 si estinse nel Medioevo, riprese all\u2019inizio dell\u2019Et\u00e0 Moderna ma con delle limitazioni, e quindi venne bandita nella seconda met\u00e0 del secolo XIX.<\/p>\n\n\n<div class=\"wp-block-image\">\n<figure class=\"aligncenter size-full is-resized\"><a href=\"https:\/\/www.rassegnastampa-totustuus.it\/cattolica\/wp-content\/uploads\/2025\/03\/guerra_ucraina-1.jpg\"><img loading=\"lazy\" decoding=\"async\" width=\"640\" height=\"346\" src=\"https:\/\/www.rassegnastampa-totustuus.it\/cattolica\/wp-content\/uploads\/2025\/03\/guerra_ucraina-1.jpg\" alt=\"\" class=\"wp-image-62326\" style=\"width:440px;height:auto\"\/><\/a><\/figure><\/div>\n\n\n<!--more-->\n\n\n\n<p>Persino Aristotele aveva giustificato la schiavit\u00f9 e la riteneva inevitabile, n\u00e9 al suo tempo e per molti secoli ancora si riuscir\u00e0 a immaginare un\u2019economia e una societ\u00e0 senza schiavi. Eppure, sotto la spinta dell\u2019intreccio positivo di sviluppi tecnici e di una crescita di quella che <a href=\"https:\/\/lisandermag.substack.com\/p\/se-scompare-lhomo-diplomaticus-lera\">Paolo Soave<\/a> chiama \u00abla soglia etica su cui si regola la convivenza umana\u00bb, <strong>a un certo punto la schiavit\u00f9 venne superata<\/strong>. Beninteso, ne restano tuttora dei residui, ma non \u00e8 pi\u00f9 centrale in alcuna parte del mondo, per discosta e isolata che sia.<\/p>\n\n\n\n<p><strong>E la guerra? Da oltre un secolo essa non smette di diventare sempre pi\u00f9 disastrosa per tutte le parti in causa<\/strong>. Nell\u2019economia interdipendente e oggi globalizzata in cui viviamo i vincitori ne escono non meno sconfitti dei vinti. L\u2019invenzione delle armi automatiche e dei proiettili esplodenti, e la nascita dell\u2019arma aerea hanno reso l\u2019entit\u00e0 delle perdite umane e dei danni alle infrastrutture e all\u2019ambiente provocati dalle guerre moderne enormemente superiore al vantaggio che qualcuno ne pu\u00f2 ricavare. E alla fine di ogni guerra i vincitori sono costretti ad assumersi in tutto o in almeno in gran parte l\u2019onere dell\u2019immediata ricostruzione dei vinti, pena in caso contrario i gravi danni, se non un collasso della loro propria economia.<\/p>\n\n\n<div class=\"wp-block-image\">\n<figure class=\"aligncenter size-full is-resized\"><a href=\"https:\/\/www.rassegnastampa-totustuus.it\/cattolica\/wp-content\/uploads\/2020\/02\/grande_guerra_armi.jpg\"><img loading=\"lazy\" decoding=\"async\" width=\"288\" height=\"175\" src=\"https:\/\/www.rassegnastampa-totustuus.it\/cattolica\/wp-content\/uploads\/2020\/02\/grande_guerra_armi.jpg\" alt=\"\" class=\"wp-image-46101\" style=\"width:476px;height:auto\"\/><\/a><\/figure><\/div>\n\n\n<p>Tale stato di cose spalanca obiettivamente le porte a una nuova stagione storica in cui la guerra non sia pi\u00f9 una continuazione della politica fatta con altri mezzi e la diplomazia prenda stabilmente il posto della guerra. Pu\u00f2 sembrare ingenuo il sostenerlo nel nostro tempo in cui le guerre si moltiplicano, ma l\u2019analisi di questi conflitti e dei loro sviluppi ne d\u00e0 piena conferma.<\/p>\n\n\n\n<p>Questa situazione, certamente nuova rispetto a tutte le epoche precedenti, cominci\u00f2 a essere percepibile all\u2019inizio del secolo XX. <strong>Risale al 1910 la pubblicazione a Londra in proposito di un libro magistrale di Norman Angell<\/strong>, <em>The Great Illusion: a Study of the Relation of Military Power in Nations to the Economic and Social Advantage<\/em>, del quale nel 2023 Emma Giammattei ed Amedeo Lepore curarono per Rubbettino la riedizione in lingua italiana con il titolo <strong><em>La Grande Illusione: studio sulla potenza militare in rapporto alla prosperit\u00e0 delle nazioni<\/em><\/strong>. Colpisce il fatto che il grande successo di questo libro \u2013 negli anni seguenti alla sua prima pubblicazione tradotto in venti lingue e tirato in due milioni di copie \u2013 non abbia minimamente inciso sulla mentalit\u00e0 comune delle \u00e9lites che precipitarono l\u2019Europa nella Prima guerra mondiale. E tanto pi\u00f9 sorprende il fatto che quelle \u00e9lites \u2013 che avevano fatto sulla loro pelle l\u2019esperienza delle armi automatiche, dei proiettili esplosivi e dei primi bombardamenti aerei \u2013 si siano precipitate nel baratro della seconda guerra mondiale.<\/p>\n\n\n\n<p><strong>Dai primi anni del Novecento a oggi riguardo alla guerra si registra un clamoroso sfasamento tra la realt\u00e0 delle cose da un lato, e dall\u2019altro l\u2019opinione pubblica e il&nbsp;<em>modus operandi<\/em>&nbsp;dei governi<\/strong>. Un fenomeno su cui l\u2019industria degli armamenti ha di certo un peso determinante ancora pienamente da investigare, ma su cui prima di tutto incide ci\u00f2 che noi cristiani chiamiamo peccato originale, ossia quel cieco inclinare alla prepotenza e alla sopraffazione e in genere quella fragilit\u00e0 di fronte al male, evidentemente non connaturate ma sopravvenute, che ledono la naturale tendenza dell\u2019uomo al bene.&nbsp;<strong>Senza essere ben consapevoli del peccato originale \u00e8 senza dubbio molto arduo comprendere non solo le tortuosit\u00e0 delle relazioni interpersonali e sociali ma anche quelle delle relazioni internazionali<\/strong>.<\/p>\n\n\n<div class=\"wp-block-image\">\n<figure class=\"aligncenter size-full is-resized\"><a href=\"https:\/\/www.rassegnastampa-totustuus.it\/cattolica\/wp-content\/uploads\/2025\/03\/Guerra_IIGM_inglesi-1.jpg\"><img loading=\"lazy\" decoding=\"async\" width=\"640\" height=\"438\" src=\"https:\/\/www.rassegnastampa-totustuus.it\/cattolica\/wp-content\/uploads\/2025\/03\/Guerra_IIGM_inglesi-1.jpg\" alt=\"\" class=\"wp-image-62327\" style=\"width:491px;height:auto\"\/><\/a><\/figure><\/div>\n\n\n<p>Sin dal Novecento i Papi colsero molto tempestivamente il fatto che lo sviluppo tecnico aveva fatto venir meno l\u2019eventualit\u00e0, un tempo immaginabile, della guerra giusta.&nbsp;<strong>Il no alla guerra che da un secolo i Papi stanno ribadendo<\/strong>&nbsp;\u2014 unici in questo tra i grandi della terra \u2014&nbsp;<strong>non \u00e8 un nobile ma astratto richiamo morale, ma una realistica proposta politica<\/strong>, fondata non solo su valori ma anche verificata sulla base della catastrofe assoluta che la guerra \u00e8 divenuta appunto da almeno un secolo a questa parte.<\/p>\n\n\n\n<p>Nell\u2019esortazione <em>Dum Europa, <\/em>pubblicata alla vigilia dello scoppio della Prima guerra mondiale pochi giorni prima dalla sua morte, Pio X denunci\u00f2 la capacit\u00e0 distruttiva della guerra moderna. Il suo successore, Benedetto XV, ribad\u00ec tale denuncia nel novembre del 1914 nella sua prima enciclica <em>Ad Beatissimi Apostolorun principis<\/em>. Nell\u2019agosto 1917 tent\u00f2 poi di fermare il conflitto in corso proponendo ai belligeranti di sospendere l\u2019 \u00abinutile strage\u00bb e di risolvere il conflitto con negoziati, proposta purtroppo accolta solo dall\u2019imperatore d\u2019Austria, Carlo d\u2019Asburgo.<\/p>\n\n\n\n<p>Nel ventennio susseguente sopravvenne <strong>lo sviluppo dell\u2019arma aerea, che rese la guerra ancor pi\u00f9 ingiustificata, distruttiva e controproducente<\/strong>. Quella del bombardamento indiscriminato di popolazioni civili come mezzo primario per conseguire la vittoria in guerra \u00e8 purtroppo un\u2019invenzione italiana; e fu l\u2019Italia la prima ad effettuare bombardamenti del genere durante la guerra di Libia (1911-1912). Se ne deve al generale Giulio Douhet (1869-1930) la prima teorizzazione ne <em>Il dominio dell\u2019aria<\/em>, un libro pubblicato nel 1921 che venne accolto con scetticismo dagli ambienti militari italiani e che invece, tradotto in inglese nel 1927 col titolo <em>The Command of The Air,<\/em> fu letto con grande attenzione negli ambienti degli stati maggiori delle grandi potenze, e in particolare negli Stati Uniti. E del carattere decisivo del bombardamento aereo il Pentagono resta convinto fino ad oggi, nonostante che lo abbiano smentito tutte le guerre avvenute nel frattempo (fino alla guerra di Israele contro Hamas trincerato a Gaza).<\/p>\n\n\n<div class=\"wp-block-image\">\n<figure class=\"aligncenter size-full is-resized\"><a href=\"https:\/\/www.rassegnastampa-totustuus.it\/cattolica\/wp-content\/uploads\/2006\/07\/Israele_esercito.jpg\"><img loading=\"lazy\" decoding=\"async\" width=\"274\" height=\"184\" src=\"https:\/\/www.rassegnastampa-totustuus.it\/cattolica\/wp-content\/uploads\/2006\/07\/Israele_esercito.jpg\" alt=\"\" class=\"wp-image-32840\" style=\"width:500px;height:auto\"\/><\/a><\/figure><\/div>\n\n\n<p>Nell\u2019imminenza della Seconda guerra mondiale <strong>Pio XII<\/strong> cerc\u00f2 poi fino all\u2019ultimo di fermarla. Memorabile il suo radiomessaggio del 24 agosto 1939 in cui disse tra l\u2019altro la famosa frase: <strong>\u00abNulla \u00e8 perduto con la pace. Tutto pu\u00f2 essere perduto con la guerra\u00bb<\/strong>. Il successore di Pacelli, papa Giovanni XXIII, nella sua enciclica <em>Pacem in terris<\/em>, del 1963, indica la pace come criterio fondamentale dei rapporti tra gli uomini.<\/p>\n\n\n\n<p>E come non ricordare l\u2019impegno di <strong>Giovanni Paolo II<\/strong> per evitare lo scoppio della guerra del Golfo, le profetiche parole con cui ne preannunci\u00f2 le disastrose conseguenze, la <strong>sua definizione della guerra come \u00abavventura senza ritorno (..) spirale di lutti e di violenza\u00bb<\/strong>. Pi\u00f9 tardi, nel 1990, alla vigilia dell\u2019inizio dell\u2019operazione <em>Desert storm<\/em>, Wojtyla invi\u00f2 un messaggio sia a Saddam Hussein che a George Bush Sr., supplicandoli di soprassedere al conflitto e di avviare negoziati.<\/p>\n\n\n\n<p>Beninteso, <strong>non si pretende che di per s\u00e9 l\u2019assenza di guerra sia la pace<\/strong>. Come <strong>Francesco<\/strong> ebbe occasione di sottolineare: \u00ab<strong>La pace non \u00e8 soltanto assenza di guerra, ma una condizione generale nella quale la persona umana \u00e8 in armonia con se stessa, in armonia con la natura e in armonia con gli altri<\/strong>. Tuttavia, far tacere le armi e spegnere i focolai di guerra rimane la condizione inevitabile per dare inizio ad un cammino che porta al raggiungimento della pace nei suoi differenti aspetti\u00bb (<em>Angelus<\/em>, 4 gennaio 2015). <em>In Fratelli tutti<\/em>&nbsp;Francesco argomenta poi dettagliatamente la maturit\u00e0 storica del superamento della guerra.<\/p>\n\n\n<div class=\"wp-block-image\">\n<figure class=\"aligncenter size-full is-resized\"><a href=\"https:\/\/www.rassegnastampa-totustuus.it\/cattolica\/wp-content\/uploads\/2025\/03\/aereo_guerra.jpg\"><img loading=\"lazy\" decoding=\"async\" width=\"640\" height=\"329\" src=\"https:\/\/www.rassegnastampa-totustuus.it\/cattolica\/wp-content\/uploads\/2025\/03\/aereo_guerra.jpg\" alt=\"\" class=\"wp-image-62328\" style=\"width:530px;height:auto\"\/><\/a><\/figure><\/div>\n\n\n<p><strong>\u00c8 sorprendente ma anche desolante vedere come questa realistica denuncia della situazione non sia mai stata presa in serio conto n\u00e9 dalla scienza politica, n\u00e9 dall\u2019opinione pubblica internazionale, n\u00e9 dagli Stati<\/strong>. E questo bench\u00e9 dal 1910, quando Angell scrisse <em>La grande illusione,<\/em> fino a oggi, la natura catastrofica della guerra moderna non abbia mai smesso di trovare ulteriori e pi\u00f9 ampie conferme.<\/p>\n\n\n\n<p>Da un secolo i Papi si oppongono alla guerra come strumento di soluzione delle controversie internazionali. Tutte le volte che ci penso mi torna in mente ci\u00f2 che nel 1982 a Beirut, nel Libano allora sconvolto dalla guerra civile, mi disse un leader musulmano: \u00abSolo il Papa potrebbe tirarci fuori da questa situazione\u00bb. E a me che gli domandavo sorpreso come mai egli, musulmano, auspicasse l\u2019intervento del Papa mi rispose: \u00abPerch\u00e9, tra i grandi della Terra, il Papa \u00e8 l\u2019unico che non ha armi da vendere e petrolio da comprare\u00bb.<\/p>\n\n\n\n<p><strong>L\u2019enorme progresso che negli ultimi decenni ha avuto luogo in ogni campo, ma specialmente in quelli della telematica e della cibernetica, si \u00e8 pienamente riversato sugli armamenti<\/strong>. Quello stesso enorme progresso ci mette nelle mani oggi ordigni con una potenza distruttiva smisurata e nel medesimo tempo precisamente regolabile che perci\u00f2 stesso rendono ormai obsoleta la stessa arma nucleare (che provoca una persistente e vasta area contaminata impercorribile per tutti).<\/p>\n\n\n<div class=\"wp-block-image\">\n<figure class=\"aligncenter size-full is-resized\"><a href=\"https:\/\/www.rassegnastampa-totustuus.it\/cattolica\/wp-content\/uploads\/2025\/03\/atomica_guerra.jpg\"><img loading=\"lazy\" decoding=\"async\" width=\"640\" height=\"334\" src=\"https:\/\/www.rassegnastampa-totustuus.it\/cattolica\/wp-content\/uploads\/2025\/03\/atomica_guerra.jpg\" alt=\"\" class=\"wp-image-62329\" style=\"width:548px;height:auto\"\/><\/a><\/figure><\/div>\n\n\n<p>Oggi perci\u00f2, nel quadro di quella \u00absoglia etica su cui si regola la convivenza umana, sia nelle nostre societ\u00e0 che nel pi\u00f9 ampio contesto internazionale\u00bb, la quale, come osserva Soave, \u00abnon \u00e8 mai stata cos\u00ec alta\u00bb, <strong>si apre potenzialmente per la diplomazia una grande prospettiva: quella non pi\u00f9 semplicemente di precedere e di seguire la guerra, ma di prenderne totalmente il posto in quanto strumento di soluzione delle controversie internazionali<\/strong>. In tale quadro di individuare le occasioni di tendenziale attrito prima ancora che emergano, e che divengano un focolaio di energie negative sempre pi\u00f9 stabile, vasto e intricato per l\u2019intrecciarsi di torti e di rancori a ogni livello, dal generale al particolare, dal politico al personale, dall\u2019economico al sociale. Ci\u00f2 perch\u00e9 sia possibile disinnescarle tempestivamente, ossia prima che giungano al punto in cui diventano irrefrenabili, e non resta poi che sanarle in qualche modo&nbsp;<em>a posteriori<\/em>, a guerra finita, a distruzioni avvenute, a lacrime e sangue gi\u00e0 sparsi.<\/p>\n\n\n\n<p>Per meglio spiegarmi faccio un esempio. Gli ebrei sionisti avevano dei loro buoni motivi per emigrare in Palestina nei decenni tra la fine del secolo XIX e l\u2019inizio del XX. Tuttavia era prevedibile che l\u2019afflusso in quel territorio di immigrati pi\u00f9 ricchi e tecnicamente pi\u00f9 preparati degli abitanti autoctoni avrebbe obiettivamente costituito una causa di sconquasso dell\u2019economia e della societ\u00e0 locali. Se sin da allora \u2013 e dunque molto prima del 1920 quando iniziarono gli scontri armati tra ebrei sionisti e arabi palestinesi \u2013 la diplomazia avesse proposto e poi gestito programmi di contrasto alle cause obiettive dell\u2019emarginazione dei palestinesi non sarebbero stati posti i semi di un\u2019inimicizia tra i due popoli, poi precipitata in scontri armati e guerre con quella loro inevitabile scia di lutti, incomprensioni e rancori reciproci che oggi \u00e8 divenuto cos\u00ec difficile estinguere.<\/p>\n\n\n\n<p><strong>Prevenire gli attriti pi\u00f9 che \u201cgestirli\u201d quando esplodono<\/strong>: questo \u00e8 a mio avviso il grande compito della diplomazia nell\u2019epoca post-clausewitziana in cui oggi possiamo e dobbiamo entrare. Ci\u00f2 implica per\u00f2 non soltanto una grande presa di coscienza, una grande mobilitazione morale e una grande rielaborazione culturale, ma anche un progetto preciso di reimpiego dei capitali, delle competenze tecniche e del personale dell\u2019industria degli armamenti nonch\u00e9 degli apparati militari. Tutto ci\u00f2 che viene oggi speso in armamenti potrebbe essere investito nello sviluppo dei Paesi meno sviluppati dell\u2019emisfero Sud e dell\u2019Asia centrale: un programma certamente di lungo periodo perch\u00e9 nel nostro tempo la trasformazione delle spade in vomeri e delle lance in falci, annunciata in Isaia (2, 4), non pu\u00f2 che essere un\u2019operazione finanziariamente e tecnicamente molto complessa.<\/p>\n","protected":false},"excerpt":{"rendered":"<p>Lisander 27 Febbraio, 2025 di Robi Ronza (Giornalista) Se non da prima, almeno dall\u2019inizio della civilt\u00e0 urbana due grandi mali hanno accompagnato l\u2019uomo nel suo cammino: la schiavit\u00f9 e la guerra. Eppure in Occidente la schiavit\u00f9 si estinse nel Medioevo, riprese all\u2019inizio dell\u2019Et\u00e0 Moderna ma con delle limitazioni, e quindi venne bandita nella seconda met\u00e0 &hellip; <\/p>\n<p><a class=\"more-link btn\" href=\"https:\/\/www.rassegnastampa-totustuus.it\/cattolica\/lhomo-diplomaticus-e-il-superamento-della-guerra\/\">Continua a leggere<\/a><\/p>\n","protected":false},"author":6,"featured_media":62325,"comment_status":"closed","ping_status":"closed","sticky":false,"template":"","format":"standard","meta":{"footnotes":""},"categories":[5,49,19],"tags":[3135,505,3069],"class_list":["post-62323","post","type-post","status-publish","format-standard","has-post-thumbnail","hentry","category-chiesa","category-pacifismo","category-politica-internazionale","tag-diplomazia","tag-guerra","tag-papi","item-wrap"],"yoast_head":"<!-- This site is optimized with the Yoast SEO plugin v27.5 - https:\/\/yoast.com\/product\/yoast-seo-wordpress\/ -->\n<title>L\u2019Homo Diplomaticus e il superamento della guerra - Rassegna Stampa Cattolica<\/title>\n<meta name=\"description\" content=\"L\u2019Homo Diplomaticus e il superamento della guerra, sempre pi\u00f9 devastante e per questo motivo ancora pi\u00f9 insensata\" \/>\n<meta name=\"robots\" content=\"index, follow, max-snippet:-1, max-image-preview:large, max-video-preview:-1\" \/>\n<link rel=\"canonical\" href=\"https:\/\/www.rassegnastampa-totustuus.it\/cattolica\/lhomo-diplomaticus-e-il-superamento-della-guerra\/\" \/>\n<meta property=\"og:locale\" content=\"it_IT\" \/>\n<meta property=\"og:type\" content=\"article\" \/>\n<meta property=\"og:title\" content=\"L\u2019Homo Diplomaticus e il superamento della guerra - Rassegna Stampa Cattolica\" \/>\n<meta property=\"og:description\" content=\"L\u2019Homo Diplomaticus e il superamento della guerra, sempre pi\u00f9 devastante e per questo motivo ancora pi\u00f9 insensata\" \/>\n<meta property=\"og:url\" content=\"https:\/\/www.rassegnastampa-totustuus.it\/cattolica\/lhomo-diplomaticus-e-il-superamento-della-guerra\/\" \/>\n<meta property=\"og:site_name\" content=\"Rassegna Stampa Cattolica\" \/>\n<meta property=\"article:publisher\" content=\"https:\/\/www.facebook.com\/rassegnastampacattolica\" \/>\n<meta property=\"article:published_time\" content=\"2025-03-12T08:21:37+00:00\" \/>\n<meta property=\"article:modified_time\" content=\"2025-03-12T08:22:18+00:00\" \/>\n<meta property=\"og:image\" content=\"https:\/\/www.rassegnastampa-totustuus.it\/cattolica\/wp-content\/uploads\/2025\/03\/guerra_ucraina.jpg\" \/>\n\t<meta property=\"og:image:width\" content=\"640\" \/>\n\t<meta property=\"og:image:height\" content=\"346\" \/>\n\t<meta property=\"og:image:type\" content=\"image\/jpeg\" \/>\n<meta name=\"author\" content=\"Redazione\" \/>\n<meta name=\"twitter:card\" content=\"summary_large_image\" \/>\n<meta name=\"twitter:creator\" content=\"@rassegnastampa9\" \/>\n<meta name=\"twitter:site\" content=\"@rassegnastampa9\" \/>\n<meta name=\"twitter:label1\" content=\"Scritto da\" \/>\n\t<meta name=\"twitter:data1\" content=\"Redazione\" \/>\n\t<meta name=\"twitter:label2\" content=\"Tempo di lettura stimato\" \/>\n\t<meta name=\"twitter:data2\" content=\"12 minuti\" \/>\n<script type=\"application\/ld+json\" class=\"yoast-schema-graph\">{\"@context\":\"https:\\\/\\\/schema.org\",\"@graph\":[{\"@type\":\"Article\",\"@id\":\"https:\\\/\\\/www.rassegnastampa-totustuus.it\\\/cattolica\\\/lhomo-diplomaticus-e-il-superamento-della-guerra\\\/#article\",\"isPartOf\":{\"@id\":\"https:\\\/\\\/www.rassegnastampa-totustuus.it\\\/cattolica\\\/lhomo-diplomaticus-e-il-superamento-della-guerra\\\/\"},\"author\":{\"name\":\"Redazione\",\"@id\":\"https:\\\/\\\/www.rassegnastampa-totustuus.it\\\/cattolica\\\/#\\\/schema\\\/person\\\/08f319d2bd1a0904ad9e2bfb7b15e5c3\"},\"headline\":\"L\u2019Homo Diplomaticus e il superamento della guerra\",\"datePublished\":\"2025-03-12T08:21:37+00:00\",\"dateModified\":\"2025-03-12T08:22:18+00:00\",\"mainEntityOfPage\":{\"@id\":\"https:\\\/\\\/www.rassegnastampa-totustuus.it\\\/cattolica\\\/lhomo-diplomaticus-e-il-superamento-della-guerra\\\/\"},\"wordCount\":1854,\"publisher\":{\"@id\":\"https:\\\/\\\/www.rassegnastampa-totustuus.it\\\/cattolica\\\/#organization\"},\"image\":{\"@id\":\"https:\\\/\\\/www.rassegnastampa-totustuus.it\\\/cattolica\\\/lhomo-diplomaticus-e-il-superamento-della-guerra\\\/#primaryimage\"},\"thumbnailUrl\":\"https:\\\/\\\/www.rassegnastampa-totustuus.it\\\/cattolica\\\/wp-content\\\/uploads\\\/2025\\\/03\\\/guerra_ucraina.jpg\",\"keywords\":[\"diplomazia\",\"guerra\",\"papi\"],\"articleSection\":[\"Chiesa\",\"Pacifismo\",\"Politica internazionale\"],\"inLanguage\":\"it-IT\"},{\"@type\":\"WebPage\",\"@id\":\"https:\\\/\\\/www.rassegnastampa-totustuus.it\\\/cattolica\\\/lhomo-diplomaticus-e-il-superamento-della-guerra\\\/\",\"url\":\"https:\\\/\\\/www.rassegnastampa-totustuus.it\\\/cattolica\\\/lhomo-diplomaticus-e-il-superamento-della-guerra\\\/\",\"name\":\"L\u2019Homo Diplomaticus e il superamento della guerra - Rassegna Stampa Cattolica\",\"isPartOf\":{\"@id\":\"https:\\\/\\\/www.rassegnastampa-totustuus.it\\\/cattolica\\\/#website\"},\"primaryImageOfPage\":{\"@id\":\"https:\\\/\\\/www.rassegnastampa-totustuus.it\\\/cattolica\\\/lhomo-diplomaticus-e-il-superamento-della-guerra\\\/#primaryimage\"},\"image\":{\"@id\":\"https:\\\/\\\/www.rassegnastampa-totustuus.it\\\/cattolica\\\/lhomo-diplomaticus-e-il-superamento-della-guerra\\\/#primaryimage\"},\"thumbnailUrl\":\"https:\\\/\\\/www.rassegnastampa-totustuus.it\\\/cattolica\\\/wp-content\\\/uploads\\\/2025\\\/03\\\/guerra_ucraina.jpg\",\"datePublished\":\"2025-03-12T08:21:37+00:00\",\"dateModified\":\"2025-03-12T08:22:18+00:00\",\"description\":\"L\u2019Homo Diplomaticus e il superamento della guerra, sempre pi\u00f9 devastante e per questo motivo ancora pi\u00f9 insensata\",\"breadcrumb\":{\"@id\":\"https:\\\/\\\/www.rassegnastampa-totustuus.it\\\/cattolica\\\/lhomo-diplomaticus-e-il-superamento-della-guerra\\\/#breadcrumb\"},\"inLanguage\":\"it-IT\",\"potentialAction\":[{\"@type\":\"ReadAction\",\"target\":[\"https:\\\/\\\/www.rassegnastampa-totustuus.it\\\/cattolica\\\/lhomo-diplomaticus-e-il-superamento-della-guerra\\\/\"]}]},{\"@type\":\"ImageObject\",\"inLanguage\":\"it-IT\",\"@id\":\"https:\\\/\\\/www.rassegnastampa-totustuus.it\\\/cattolica\\\/lhomo-diplomaticus-e-il-superamento-della-guerra\\\/#primaryimage\",\"url\":\"https:\\\/\\\/www.rassegnastampa-totustuus.it\\\/cattolica\\\/wp-content\\\/uploads\\\/2025\\\/03\\\/guerra_ucraina.jpg\",\"contentUrl\":\"https:\\\/\\\/www.rassegnastampa-totustuus.it\\\/cattolica\\\/wp-content\\\/uploads\\\/2025\\\/03\\\/guerra_ucraina.jpg\",\"width\":640,\"height\":346},{\"@type\":\"BreadcrumbList\",\"@id\":\"https:\\\/\\\/www.rassegnastampa-totustuus.it\\\/cattolica\\\/lhomo-diplomaticus-e-il-superamento-della-guerra\\\/#breadcrumb\",\"itemListElement\":[{\"@type\":\"ListItem\",\"position\":1,\"name\":\"Home\",\"item\":\"https:\\\/\\\/www.rassegnastampa-totustuus.it\\\/cattolica\\\/\"},{\"@type\":\"ListItem\",\"position\":2,\"name\":\"L\u2019Homo Diplomaticus e il superamento della guerra\"}]},{\"@type\":\"WebSite\",\"@id\":\"https:\\\/\\\/www.rassegnastampa-totustuus.it\\\/cattolica\\\/#website\",\"url\":\"https:\\\/\\\/www.rassegnastampa-totustuus.it\\\/cattolica\\\/\",\"name\":\"Rassegna Stampa Cattolica\",\"description\":\"Per una cultura che nasce dalla Rivelazione cristiana in conformit\u00e0 alla tradizione e al Magistero della Chiesa in opposizione ad ogni relativismo e totalitarismo\",\"publisher\":{\"@id\":\"https:\\\/\\\/www.rassegnastampa-totustuus.it\\\/cattolica\\\/#organization\"},\"alternateName\":\"Rass. Cattolica\",\"potentialAction\":[{\"@type\":\"SearchAction\",\"target\":{\"@type\":\"EntryPoint\",\"urlTemplate\":\"https:\\\/\\\/www.rassegnastampa-totustuus.it\\\/cattolica\\\/?s={search_term_string}\"},\"query-input\":{\"@type\":\"PropertyValueSpecification\",\"valueRequired\":true,\"valueName\":\"search_term_string\"}}],\"inLanguage\":\"it-IT\"},{\"@type\":\"Organization\",\"@id\":\"https:\\\/\\\/www.rassegnastampa-totustuus.it\\\/cattolica\\\/#organization\",\"name\":\"Rassegna Stampa Cattolica\",\"url\":\"https:\\\/\\\/www.rassegnastampa-totustuus.it\\\/cattolica\\\/\",\"logo\":{\"@type\":\"ImageObject\",\"inLanguage\":\"it-IT\",\"@id\":\"https:\\\/\\\/www.rassegnastampa-totustuus.it\\\/cattolica\\\/#\\\/schema\\\/logo\\\/image\\\/\",\"url\":\"https:\\\/\\\/www.rassegnastampa-totustuus.it\\\/cattolica\\\/wp-content\\\/uploads\\\/2014\\\/04\\\/logo-rassegna1.gif\",\"contentUrl\":\"https:\\\/\\\/www.rassegnastampa-totustuus.it\\\/cattolica\\\/wp-content\\\/uploads\\\/2014\\\/04\\\/logo-rassegna1.gif\",\"width\":600,\"height\":163,\"caption\":\"Rassegna Stampa Cattolica\"},\"image\":{\"@id\":\"https:\\\/\\\/www.rassegnastampa-totustuus.it\\\/cattolica\\\/#\\\/schema\\\/logo\\\/image\\\/\"},\"sameAs\":[\"https:\\\/\\\/www.facebook.com\\\/rassegnastampacattolica\",\"https:\\\/\\\/x.com\\\/rassegnastampa9\"]},{\"@type\":\"Person\",\"@id\":\"https:\\\/\\\/www.rassegnastampa-totustuus.it\\\/cattolica\\\/#\\\/schema\\\/person\\\/08f319d2bd1a0904ad9e2bfb7b15e5c3\",\"name\":\"Redazione\",\"image\":{\"@type\":\"ImageObject\",\"inLanguage\":\"it-IT\",\"@id\":\"https:\\\/\\\/secure.gravatar.com\\\/avatar\\\/2fcdf27c78ea025fbdb44e914cc63c72249ffec9dc8aafd5c82b26240ef3f346?s=96&d=mm&r=g\",\"url\":\"https:\\\/\\\/secure.gravatar.com\\\/avatar\\\/2fcdf27c78ea025fbdb44e914cc63c72249ffec9dc8aafd5c82b26240ef3f346?s=96&d=mm&r=g\",\"contentUrl\":\"https:\\\/\\\/secure.gravatar.com\\\/avatar\\\/2fcdf27c78ea025fbdb44e914cc63c72249ffec9dc8aafd5c82b26240ef3f346?s=96&d=mm&r=g\",\"caption\":\"Redazione\"},\"url\":\"https:\\\/\\\/www.rassegnastampa-totustuus.it\\\/cattolica\\\/author\\\/pietroelle\\\/\"}]}<\/script>\n<!-- \/ Yoast SEO plugin. -->","yoast_head_json":{"title":"L\u2019Homo Diplomaticus e il superamento della guerra - Rassegna Stampa Cattolica","description":"L\u2019Homo Diplomaticus e il superamento della guerra, sempre pi\u00f9 devastante e per questo motivo ancora pi\u00f9 insensata","robots":{"index":"index","follow":"follow","max-snippet":"max-snippet:-1","max-image-preview":"max-image-preview:large","max-video-preview":"max-video-preview:-1"},"canonical":"https:\/\/www.rassegnastampa-totustuus.it\/cattolica\/lhomo-diplomaticus-e-il-superamento-della-guerra\/","og_locale":"it_IT","og_type":"article","og_title":"L\u2019Homo Diplomaticus e il superamento della guerra - Rassegna Stampa Cattolica","og_description":"L\u2019Homo Diplomaticus e il superamento della guerra, sempre pi\u00f9 devastante e per questo motivo ancora pi\u00f9 insensata","og_url":"https:\/\/www.rassegnastampa-totustuus.it\/cattolica\/lhomo-diplomaticus-e-il-superamento-della-guerra\/","og_site_name":"Rassegna Stampa Cattolica","article_publisher":"https:\/\/www.facebook.com\/rassegnastampacattolica","article_published_time":"2025-03-12T08:21:37+00:00","article_modified_time":"2025-03-12T08:22:18+00:00","og_image":[{"width":640,"height":346,"url":"https:\/\/www.rassegnastampa-totustuus.it\/cattolica\/wp-content\/uploads\/2025\/03\/guerra_ucraina.jpg","type":"image\/jpeg"}],"author":"Redazione","twitter_card":"summary_large_image","twitter_creator":"@rassegnastampa9","twitter_site":"@rassegnastampa9","twitter_misc":{"Scritto da":"Redazione","Tempo di lettura stimato":"12 minuti"},"schema":{"@context":"https:\/\/schema.org","@graph":[{"@type":"Article","@id":"https:\/\/www.rassegnastampa-totustuus.it\/cattolica\/lhomo-diplomaticus-e-il-superamento-della-guerra\/#article","isPartOf":{"@id":"https:\/\/www.rassegnastampa-totustuus.it\/cattolica\/lhomo-diplomaticus-e-il-superamento-della-guerra\/"},"author":{"name":"Redazione","@id":"https:\/\/www.rassegnastampa-totustuus.it\/cattolica\/#\/schema\/person\/08f319d2bd1a0904ad9e2bfb7b15e5c3"},"headline":"L\u2019Homo Diplomaticus e il superamento della guerra","datePublished":"2025-03-12T08:21:37+00:00","dateModified":"2025-03-12T08:22:18+00:00","mainEntityOfPage":{"@id":"https:\/\/www.rassegnastampa-totustuus.it\/cattolica\/lhomo-diplomaticus-e-il-superamento-della-guerra\/"},"wordCount":1854,"publisher":{"@id":"https:\/\/www.rassegnastampa-totustuus.it\/cattolica\/#organization"},"image":{"@id":"https:\/\/www.rassegnastampa-totustuus.it\/cattolica\/lhomo-diplomaticus-e-il-superamento-della-guerra\/#primaryimage"},"thumbnailUrl":"https:\/\/www.rassegnastampa-totustuus.it\/cattolica\/wp-content\/uploads\/2025\/03\/guerra_ucraina.jpg","keywords":["diplomazia","guerra","papi"],"articleSection":["Chiesa","Pacifismo","Politica internazionale"],"inLanguage":"it-IT"},{"@type":"WebPage","@id":"https:\/\/www.rassegnastampa-totustuus.it\/cattolica\/lhomo-diplomaticus-e-il-superamento-della-guerra\/","url":"https:\/\/www.rassegnastampa-totustuus.it\/cattolica\/lhomo-diplomaticus-e-il-superamento-della-guerra\/","name":"L\u2019Homo Diplomaticus e il superamento della guerra - Rassegna Stampa Cattolica","isPartOf":{"@id":"https:\/\/www.rassegnastampa-totustuus.it\/cattolica\/#website"},"primaryImageOfPage":{"@id":"https:\/\/www.rassegnastampa-totustuus.it\/cattolica\/lhomo-diplomaticus-e-il-superamento-della-guerra\/#primaryimage"},"image":{"@id":"https:\/\/www.rassegnastampa-totustuus.it\/cattolica\/lhomo-diplomaticus-e-il-superamento-della-guerra\/#primaryimage"},"thumbnailUrl":"https:\/\/www.rassegnastampa-totustuus.it\/cattolica\/wp-content\/uploads\/2025\/03\/guerra_ucraina.jpg","datePublished":"2025-03-12T08:21:37+00:00","dateModified":"2025-03-12T08:22:18+00:00","description":"L\u2019Homo Diplomaticus e il superamento della guerra, sempre pi\u00f9 devastante e per questo motivo ancora pi\u00f9 insensata","breadcrumb":{"@id":"https:\/\/www.rassegnastampa-totustuus.it\/cattolica\/lhomo-diplomaticus-e-il-superamento-della-guerra\/#breadcrumb"},"inLanguage":"it-IT","potentialAction":[{"@type":"ReadAction","target":["https:\/\/www.rassegnastampa-totustuus.it\/cattolica\/lhomo-diplomaticus-e-il-superamento-della-guerra\/"]}]},{"@type":"ImageObject","inLanguage":"it-IT","@id":"https:\/\/www.rassegnastampa-totustuus.it\/cattolica\/lhomo-diplomaticus-e-il-superamento-della-guerra\/#primaryimage","url":"https:\/\/www.rassegnastampa-totustuus.it\/cattolica\/wp-content\/uploads\/2025\/03\/guerra_ucraina.jpg","contentUrl":"https:\/\/www.rassegnastampa-totustuus.it\/cattolica\/wp-content\/uploads\/2025\/03\/guerra_ucraina.jpg","width":640,"height":346},{"@type":"BreadcrumbList","@id":"https:\/\/www.rassegnastampa-totustuus.it\/cattolica\/lhomo-diplomaticus-e-il-superamento-della-guerra\/#breadcrumb","itemListElement":[{"@type":"ListItem","position":1,"name":"Home","item":"https:\/\/www.rassegnastampa-totustuus.it\/cattolica\/"},{"@type":"ListItem","position":2,"name":"L\u2019Homo Diplomaticus e il superamento della guerra"}]},{"@type":"WebSite","@id":"https:\/\/www.rassegnastampa-totustuus.it\/cattolica\/#website","url":"https:\/\/www.rassegnastampa-totustuus.it\/cattolica\/","name":"Rassegna Stampa Cattolica","description":"Per una cultura che nasce dalla Rivelazione cristiana in conformit\u00e0 alla tradizione e al Magistero della Chiesa in opposizione ad ogni relativismo e totalitarismo","publisher":{"@id":"https:\/\/www.rassegnastampa-totustuus.it\/cattolica\/#organization"},"alternateName":"Rass. Cattolica","potentialAction":[{"@type":"SearchAction","target":{"@type":"EntryPoint","urlTemplate":"https:\/\/www.rassegnastampa-totustuus.it\/cattolica\/?s={search_term_string}"},"query-input":{"@type":"PropertyValueSpecification","valueRequired":true,"valueName":"search_term_string"}}],"inLanguage":"it-IT"},{"@type":"Organization","@id":"https:\/\/www.rassegnastampa-totustuus.it\/cattolica\/#organization","name":"Rassegna Stampa Cattolica","url":"https:\/\/www.rassegnastampa-totustuus.it\/cattolica\/","logo":{"@type":"ImageObject","inLanguage":"it-IT","@id":"https:\/\/www.rassegnastampa-totustuus.it\/cattolica\/#\/schema\/logo\/image\/","url":"https:\/\/www.rassegnastampa-totustuus.it\/cattolica\/wp-content\/uploads\/2014\/04\/logo-rassegna1.gif","contentUrl":"https:\/\/www.rassegnastampa-totustuus.it\/cattolica\/wp-content\/uploads\/2014\/04\/logo-rassegna1.gif","width":600,"height":163,"caption":"Rassegna Stampa Cattolica"},"image":{"@id":"https:\/\/www.rassegnastampa-totustuus.it\/cattolica\/#\/schema\/logo\/image\/"},"sameAs":["https:\/\/www.facebook.com\/rassegnastampacattolica","https:\/\/x.com\/rassegnastampa9"]},{"@type":"Person","@id":"https:\/\/www.rassegnastampa-totustuus.it\/cattolica\/#\/schema\/person\/08f319d2bd1a0904ad9e2bfb7b15e5c3","name":"Redazione","image":{"@type":"ImageObject","inLanguage":"it-IT","@id":"https:\/\/secure.gravatar.com\/avatar\/2fcdf27c78ea025fbdb44e914cc63c72249ffec9dc8aafd5c82b26240ef3f346?s=96&d=mm&r=g","url":"https:\/\/secure.gravatar.com\/avatar\/2fcdf27c78ea025fbdb44e914cc63c72249ffec9dc8aafd5c82b26240ef3f346?s=96&d=mm&r=g","contentUrl":"https:\/\/secure.gravatar.com\/avatar\/2fcdf27c78ea025fbdb44e914cc63c72249ffec9dc8aafd5c82b26240ef3f346?s=96&d=mm&r=g","caption":"Redazione"},"url":"https:\/\/www.rassegnastampa-totustuus.it\/cattolica\/author\/pietroelle\/"}]}},"_links":{"self":[{"href":"https:\/\/www.rassegnastampa-totustuus.it\/cattolica\/wp-json\/wp\/v2\/posts\/62323","targetHints":{"allow":["GET"]}}],"collection":[{"href":"https:\/\/www.rassegnastampa-totustuus.it\/cattolica\/wp-json\/wp\/v2\/posts"}],"about":[{"href":"https:\/\/www.rassegnastampa-totustuus.it\/cattolica\/wp-json\/wp\/v2\/types\/post"}],"author":[{"embeddable":true,"href":"https:\/\/www.rassegnastampa-totustuus.it\/cattolica\/wp-json\/wp\/v2\/users\/6"}],"replies":[{"embeddable":true,"href":"https:\/\/www.rassegnastampa-totustuus.it\/cattolica\/wp-json\/wp\/v2\/comments?post=62323"}],"version-history":[{"count":2,"href":"https:\/\/www.rassegnastampa-totustuus.it\/cattolica\/wp-json\/wp\/v2\/posts\/62323\/revisions"}],"predecessor-version":[{"id":62331,"href":"https:\/\/www.rassegnastampa-totustuus.it\/cattolica\/wp-json\/wp\/v2\/posts\/62323\/revisions\/62331"}],"wp:featuredmedia":[{"embeddable":true,"href":"https:\/\/www.rassegnastampa-totustuus.it\/cattolica\/wp-json\/wp\/v2\/media\/62325"}],"wp:attachment":[{"href":"https:\/\/www.rassegnastampa-totustuus.it\/cattolica\/wp-json\/wp\/v2\/media?parent=62323"}],"wp:term":[{"taxonomy":"category","embeddable":true,"href":"https:\/\/www.rassegnastampa-totustuus.it\/cattolica\/wp-json\/wp\/v2\/categories?post=62323"},{"taxonomy":"post_tag","embeddable":true,"href":"https:\/\/www.rassegnastampa-totustuus.it\/cattolica\/wp-json\/wp\/v2\/tags?post=62323"}],"curies":[{"name":"wp","href":"https:\/\/api.w.org\/{rel}","templated":true}]}}