{"id":62273,"date":"2025-03-05T18:29:56","date_gmt":"2025-03-05T17:29:56","guid":{"rendered":"https:\/\/www.rassegnastampa-totustuus.it\/cattolica\/?p=62273"},"modified":"2025-03-05T18:29:58","modified_gmt":"2025-03-05T17:29:58","slug":"famiglia-dink-e-quellegocentrismo-che-ci-minaccia-tutti","status":"publish","type":"post","link":"https:\/\/www.rassegnastampa-totustuus.it\/cattolica\/famiglia-dink-e-quellegocentrismo-che-ci-minaccia-tutti\/","title":{"rendered":"Famiglia dink e quell\u2019egocentrismo che ci minaccia tutti"},"content":{"rendered":"\n<p class=\"has-text-align-center\"><strong><a href=\"https:\/\/www.ricognizioni.it\/\" target=\"_blank\" rel=\"noreferrer noopener\">Ricognizioni <\/a><\/strong>\u00a030 Gennaio 2025<\/p>\n\n\n\n<p class=\"has-text-align-center\">di<strong> Chiara Gnocchi<\/strong><\/p>\n\n\n\n<p>L\u2019Italia non fa pi\u00f9 figli, leggo sul web. Ma v\u00e0? Non ce ne eravamo accorti, gli ospizi straripano e gli asili languono, le aree per cani si attrezzano con fontanelle di acqua potabile e nei parchi giochi si fa a zigzag tra siringhe e spinelli.<\/p>\n\n\n<div class=\"wp-block-image\">\n<figure class=\"aligncenter size-full is-resized\"><a href=\"https:\/\/www.rassegnastampa-totustuus.it\/cattolica\/wp-content\/uploads\/2025\/03\/coppia.jpg\"><img loading=\"lazy\" decoding=\"async\" width=\"750\" height=\"375\" src=\"https:\/\/www.rassegnastampa-totustuus.it\/cattolica\/wp-content\/uploads\/2025\/03\/coppia.jpg\" alt=\"\" class=\"wp-image-62274\" style=\"width:426px;height:auto\"\/><\/a><\/figure><\/div>\n\n\n<!--more-->\n\n\n\n<p>Leggo l\u2019articolo, pare siano in aumento le famiglie dink \u201cdual income, no kids\u201d ovvero \u201czero figli, due stipendi, al primo posto gli interessi personali\u201d. Finalmente sdoganiamo questa cosa, tiro un sospiro di sollievo. Pare che questa sindrome di Peter Pan quanto meno sia coerente: alla non voglia di diventare adulto si associa l\u2019incapacit\u00e0 alla bugia. Ora non ci proviamo nemmeno pi\u00f9 a dare la colpa agli stipendi bassi, all\u2019inflazione, ai fascisti, al patriarcato, al cambiamento climatico, alla plastica negli oceani. Ora il treenne dentro di noi ammette candidamente che non ha ancora concluso la sua fase egocentrica, egocentrata, che solitamente dovrebbe finire in concomitanza allo spannolinamento. Eccolo l\u00ec, l\u2019io prepotente mai messo a tacere che non riesce a staccarsi dallo specchio. Del resto, pensandoci, nessuno glielo chiede.&nbsp;<\/p>\n\n\n\n<p>Non fraintendete, non ho interesse a dare giudizi morali. Fare figli non \u00e8 merito n\u00e9 vanto, per la maggior parte del tempo, diciamoci la verit\u00e0, \u00e8 una fatica bestiale che nessuno si aspetta quando decide che \u00e8 arrivato il momento di procreare.&nbsp;<\/p>\n\n\n\n<p>La mia stizza non nasce dalla questione figli, ma&nbsp; dagli \u201cinteressi personali\u201d, perch\u00e9 proprio qui, tra queste due parole casca l\u2019asino. Veramente questa nostra societ\u00e0 in fin di vita pu\u00f2 farci associare i nostri interessi alla libert\u00e0? Ebbene, siamo convinti che calcetto, yoga e aperitivo con gli amici siano ossigeno per l\u2019anima senza accorgerci che in realt\u00e0 sono il nostro panem et circenses. Ci hanno fatto credere che stiamo meglio quando abbiamo spazio da riempire con una marea di aria fritta, per non farcelo riempire con le cose che contano, che non per forza si riassumono nella famiglia del mulino bianco, ma un qualsiasi sforzo per uscire da noi stessi.&nbsp;<\/p>\n\n\n\n<p>\u201cInteressi personali\u201d: due parole, un brivido che corre lungo la schiena.&nbsp;Rifletto meglio sulla questione e mi stizzisco ancora di pi\u00f9. Il problema non sono nemmeno gli \u201cinteressi personali\u201d, che assicuro si possono coltivare anche in famiglia e magari condividere con chi si ama, ma quel \u201cal primo posto\u201d.&nbsp;<\/p>\n\n\n<div class=\"wp-block-image\">\n<figure class=\"aligncenter size-full is-resized\"><a href=\"https:\/\/www.rassegnastampa-totustuus.it\/cattolica\/wp-content\/uploads\/2009\/03\/culle-vuote.jpg\"><img loading=\"lazy\" decoding=\"async\" width=\"350\" height=\"234\" src=\"https:\/\/www.rassegnastampa-totustuus.it\/cattolica\/wp-content\/uploads\/2009\/03\/culle-vuote.jpg\" alt=\"\" class=\"wp-image-18062\" style=\"width:460px;height:auto\" srcset=\"https:\/\/www.rassegnastampa-totustuus.it\/cattolica\/wp-content\/uploads\/2009\/03\/culle-vuote.jpg 350w, https:\/\/www.rassegnastampa-totustuus.it\/cattolica\/wp-content\/uploads\/2009\/03\/culle-vuote-300x200.jpg 300w\" sizes=\"auto, (max-width: 350px) 100vw, 350px\" \/><\/a><\/figure><\/div>\n\n\n<p>\u00c8 la bugia, l\u2019elefante nella stanza di cui nessuno si accorge: che la felicit\u00e0 sia dentro di noi, che su di noi si arrotoli, che da noi si proietti e che a noi ritorni. E invece noi con la felicit\u00e0 e con la libert\u00e0 non centriamo niente, niente in senso letterale, perch\u00e9 la nostra beatitudine inizia quando noi finiamo, quando ci mettiamo da parte. A volte inizia, pensa un po\u2019, quando ci trascuriamo, quando non ci perdiamo in considerazione perch\u00e9 c\u2019\u00e8 altro. Altro che merita di essere accudito, di essere ascoltato, di essere visto. E quando rientriamo in noi stessi, ci accorgiamo che ci serve meno posto per di quel che pensavamo, che di tutto quell\u2019io che occupiamo non sappiamo cosa farcene, ci avanza. \u00c8 in effetti come accorgersi che abbiamo troppi vestiti nell\u2019armadio e iniziamo a disfarcene, a fare delcuttering, come si dice ora in gergo minimalista. Il fatto \u00e8 che al minimalismo tanto in voga andrebbe spiegato che avere meno \u00e8 meglio solo quando a essere meno ingombranti siamo noi, perch\u00e9 se la casa vuota serve per far rimbombare meglio le urla del nostro ego, allora sarebbe meglio riempirla per seppellircelo dentro.&nbsp;<\/p>\n\n\n\n<p>Io, io, io, alla fine: con tanto con poco, con il calcetto o senza, con i figli o senza. Perch\u00e9 anche quando avere la prole significa proiettare se stessi nel corpo di un bambino il problema non solo permane, ma centuplica e purtroppo non si tratta solo di un difetto psicologico da correggere, ma anche di una mancanza spirituale da colmare. Parafrasando Tolstoj in <em>Guerra e Pace<\/em>, alle volte con i figli, soprattutto i primi, si ha la pretesa di fare un lavoro straordinario. E cos\u00ec eccoci di nuovo, noi con i nostri figli straordinari perch\u00e9 straordinario \u00e8 il nostro metodo educativo ovvero noi stessi. Eccoli qui i delfini di Francia che non mangiano zuccheri, non guardano i cartoni e alle volte non vanno nemmeno a scuola perch\u00e9 noi genitori sappiamo fare tutto meglio, anche spiegare la matematica. Noi possiamo fare qualsiasi cosa, essere qualsiasi cosa per i nostri figli e la nostra famiglia: insegnanti, animatori, censori, ma anche psicologi. Tutto. Perch\u00e9 il resto del mondo non \u00e8 come noi, diciamocelo, il resto del mondo puzza di mediocrit\u00e0 e pecca di poca purezza.&nbsp;<\/p>\n\n\n\n<p>E convinti della nostra fantasticit\u00e0 tiriamo su questa bella famigliola disfunzionale e, bisogna che qualcuno lo dica, matriarcale, perch\u00e9 pare che le donne questa cosa del sacrificarsi, ma solo per riporiettarsi in altro, la amino proprio visceralmente.&nbsp;<\/p>\n\n\n<div class=\"wp-block-image\">\n<figure class=\"aligncenter size-full is-resized\"><a href=\"https:\/\/www.rassegnastampa-totustuus.it\/cattolica\/wp-content\/uploads\/2013\/08\/coppia_amore_fidanzati.jpg\"><img loading=\"lazy\" decoding=\"async\" width=\"275\" height=\"183\" src=\"https:\/\/www.rassegnastampa-totustuus.it\/cattolica\/wp-content\/uploads\/2013\/08\/coppia_amore_fidanzati.jpg\" alt=\"\" class=\"wp-image-48003\" style=\"width:437px;height:auto\"\/><\/a><\/figure><\/div>\n\n\n<p>Ecco quindi che l\u2019io si nasconde ovunque, che c\u2019\u00e8 dappertutto, e chiunque abbia la presunzione di essere esente da questi discorsi sbaglia. Vedete, il problema non \u00e8 la famiglia dink, non sono gli interessi personali, il numero dei figli o quanti aperitivi ci si concede al mese. Il problema \u00e8 che dentro di noi abbiamo una mela marcissima alimentata dalla societ\u00e0 del s\u00e8, che si vince solo con la fatica di sparire ogni giorno di pi\u00f9 per ritrovarsi ogni sera un po\u2019 pi\u00f9 sprezzanti. Che a volte vuol dire essere mediocri e meno performanti, altre volte vuol dire invece fare pi\u00f9 fatica pi\u00f9 in silenzio, altre volte ancora vuol dire lasciare che le cose vadano senza doverle controllare. Perch\u00e9 in fondo alla nostra anima c\u2019\u00e8 un piccolo dio che \u00e8 nemico del Padreterno e che si vince con l\u2019abbandono e con la pazienza, che rendono lo sguardo pi\u00f9 limpido e ci fanno accorgere che attorno a noi ci sono tante altre persone e sopra di noi c\u2019\u00e8 un bel cielo azzurro che non chiede altro di essere amato.<\/p>\n","protected":false},"excerpt":{"rendered":"<p>Ricognizioni \u00a030 Gennaio 2025 di Chiara Gnocchi L\u2019Italia non fa pi\u00f9 figli, leggo sul web. Ma v\u00e0? Non ce ne eravamo accorti, gli ospizi straripano e gli asili languono, le aree per cani si attrezzano con fontanelle di acqua potabile e nei parchi giochi si fa a zigzag tra siringhe e spinelli.<\/p><p><a class=\"more-link btn\" href=\"https:\/\/www.rassegnastampa-totustuus.it\/cattolica\/famiglia-dink-e-quellegocentrismo-che-ci-minaccia-tutti\/\">Continua a leggere<\/a><\/p>\n","protected":false},"author":6,"featured_media":62274,"comment_status":"closed","ping_status":"closed","sticky":false,"template":"","format":"standard","meta":{"footnotes":""},"categories":[9,15],"tags":[3130,1261,1075,2703],"class_list":["post-62273","post","type-post","status-publish","format-standard","has-post-thumbnail","hentry","category-demografia","category-famiglia","tag-coppia","tag-denatalita","tag-figli","tag-vita-di-coppia","item-wrap"],"yoast_head":"<!-- This site is optimized with the Yoast SEO plugin v27.5 - https:\/\/yoast.com\/product\/yoast-seo-wordpress\/ -->\n<title>Famiglia dink e quell\u2019egocentrismo che ci minaccia tutti - Rassegna Stampa Cattolica<\/title>\n<meta name=\"description\" content=\"Famiglia dink e quell\u2019egocentrismo che ci minaccia tutti. crescono le famiglie \u201czero figli, due stipendi, e interessi personali\u201d.\" \/>\n<meta name=\"robots\" content=\"index, follow, max-snippet:-1, max-image-preview:large, max-video-preview:-1\" \/>\n<link rel=\"canonical\" href=\"https:\/\/www.rassegnastampa-totustuus.it\/cattolica\/famiglia-dink-e-quellegocentrismo-che-ci-minaccia-tutti\/\" \/>\n<meta property=\"og:locale\" content=\"it_IT\" \/>\n<meta property=\"og:type\" content=\"article\" \/>\n<meta property=\"og:title\" content=\"Famiglia dink e quell\u2019egocentrismo che ci minaccia tutti - Rassegna Stampa Cattolica\" \/>\n<meta property=\"og:description\" content=\"Famiglia dink e quell\u2019egocentrismo che ci minaccia tutti. crescono le famiglie \u201czero figli, due stipendi, e interessi personali\u201d.\" \/>\n<meta property=\"og:url\" content=\"https:\/\/www.rassegnastampa-totustuus.it\/cattolica\/famiglia-dink-e-quellegocentrismo-che-ci-minaccia-tutti\/\" \/>\n<meta property=\"og:site_name\" content=\"Rassegna Stampa Cattolica\" \/>\n<meta property=\"article:publisher\" content=\"https:\/\/www.facebook.com\/rassegnastampacattolica\" \/>\n<meta property=\"article:published_time\" content=\"2025-03-05T17:29:56+00:00\" \/>\n<meta property=\"article:modified_time\" content=\"2025-03-05T17:29:58+00:00\" \/>\n<meta property=\"og:image\" content=\"https:\/\/www.rassegnastampa-totustuus.it\/cattolica\/wp-content\/uploads\/2025\/03\/coppia.jpg\" \/>\n\t<meta property=\"og:image:width\" content=\"750\" \/>\n\t<meta property=\"og:image:height\" content=\"375\" \/>\n\t<meta property=\"og:image:type\" content=\"image\/jpeg\" \/>\n<meta name=\"author\" content=\"Redazione\" \/>\n<meta name=\"twitter:card\" content=\"summary_large_image\" \/>\n<meta name=\"twitter:creator\" content=\"@rassegnastampa9\" \/>\n<meta name=\"twitter:site\" content=\"@rassegnastampa9\" \/>\n<meta name=\"twitter:label1\" content=\"Scritto da\" \/>\n\t<meta name=\"twitter:data1\" content=\"Redazione\" \/>\n\t<meta name=\"twitter:label2\" content=\"Tempo di lettura stimato\" \/>\n\t<meta name=\"twitter:data2\" content=\"6 minuti\" \/>\n<script type=\"application\/ld+json\" class=\"yoast-schema-graph\">{\"@context\":\"https:\\\/\\\/schema.org\",\"@graph\":[{\"@type\":\"Article\",\"@id\":\"https:\\\/\\\/www.rassegnastampa-totustuus.it\\\/cattolica\\\/famiglia-dink-e-quellegocentrismo-che-ci-minaccia-tutti\\\/#article\",\"isPartOf\":{\"@id\":\"https:\\\/\\\/www.rassegnastampa-totustuus.it\\\/cattolica\\\/famiglia-dink-e-quellegocentrismo-che-ci-minaccia-tutti\\\/\"},\"author\":{\"name\":\"Redazione\",\"@id\":\"https:\\\/\\\/www.rassegnastampa-totustuus.it\\\/cattolica\\\/#\\\/schema\\\/person\\\/08f319d2bd1a0904ad9e2bfb7b15e5c3\"},\"headline\":\"Famiglia dink e quell\u2019egocentrismo che ci minaccia tutti\",\"datePublished\":\"2025-03-05T17:29:56+00:00\",\"dateModified\":\"2025-03-05T17:29:58+00:00\",\"mainEntityOfPage\":{\"@id\":\"https:\\\/\\\/www.rassegnastampa-totustuus.it\\\/cattolica\\\/famiglia-dink-e-quellegocentrismo-che-ci-minaccia-tutti\\\/\"},\"wordCount\":988,\"publisher\":{\"@id\":\"https:\\\/\\\/www.rassegnastampa-totustuus.it\\\/cattolica\\\/#organization\"},\"image\":{\"@id\":\"https:\\\/\\\/www.rassegnastampa-totustuus.it\\\/cattolica\\\/famiglia-dink-e-quellegocentrismo-che-ci-minaccia-tutti\\\/#primaryimage\"},\"thumbnailUrl\":\"https:\\\/\\\/www.rassegnastampa-totustuus.it\\\/cattolica\\\/wp-content\\\/uploads\\\/2025\\\/03\\\/coppia.jpg\",\"keywords\":[\"coppia\",\"denatalit\u00e0\",\"figli\",\"vita di coppia\"],\"articleSection\":[\"Demografia\",\"Famiglia\"],\"inLanguage\":\"it-IT\"},{\"@type\":\"WebPage\",\"@id\":\"https:\\\/\\\/www.rassegnastampa-totustuus.it\\\/cattolica\\\/famiglia-dink-e-quellegocentrismo-che-ci-minaccia-tutti\\\/\",\"url\":\"https:\\\/\\\/www.rassegnastampa-totustuus.it\\\/cattolica\\\/famiglia-dink-e-quellegocentrismo-che-ci-minaccia-tutti\\\/\",\"name\":\"Famiglia dink e quell\u2019egocentrismo che ci minaccia tutti - Rassegna Stampa Cattolica\",\"isPartOf\":{\"@id\":\"https:\\\/\\\/www.rassegnastampa-totustuus.it\\\/cattolica\\\/#website\"},\"primaryImageOfPage\":{\"@id\":\"https:\\\/\\\/www.rassegnastampa-totustuus.it\\\/cattolica\\\/famiglia-dink-e-quellegocentrismo-che-ci-minaccia-tutti\\\/#primaryimage\"},\"image\":{\"@id\":\"https:\\\/\\\/www.rassegnastampa-totustuus.it\\\/cattolica\\\/famiglia-dink-e-quellegocentrismo-che-ci-minaccia-tutti\\\/#primaryimage\"},\"thumbnailUrl\":\"https:\\\/\\\/www.rassegnastampa-totustuus.it\\\/cattolica\\\/wp-content\\\/uploads\\\/2025\\\/03\\\/coppia.jpg\",\"datePublished\":\"2025-03-05T17:29:56+00:00\",\"dateModified\":\"2025-03-05T17:29:58+00:00\",\"description\":\"Famiglia dink e quell\u2019egocentrismo che ci minaccia tutti. crescono le famiglie \u201czero figli, due stipendi, e interessi personali\u201d.\",\"breadcrumb\":{\"@id\":\"https:\\\/\\\/www.rassegnastampa-totustuus.it\\\/cattolica\\\/famiglia-dink-e-quellegocentrismo-che-ci-minaccia-tutti\\\/#breadcrumb\"},\"inLanguage\":\"it-IT\",\"potentialAction\":[{\"@type\":\"ReadAction\",\"target\":[\"https:\\\/\\\/www.rassegnastampa-totustuus.it\\\/cattolica\\\/famiglia-dink-e-quellegocentrismo-che-ci-minaccia-tutti\\\/\"]}]},{\"@type\":\"ImageObject\",\"inLanguage\":\"it-IT\",\"@id\":\"https:\\\/\\\/www.rassegnastampa-totustuus.it\\\/cattolica\\\/famiglia-dink-e-quellegocentrismo-che-ci-minaccia-tutti\\\/#primaryimage\",\"url\":\"https:\\\/\\\/www.rassegnastampa-totustuus.it\\\/cattolica\\\/wp-content\\\/uploads\\\/2025\\\/03\\\/coppia.jpg\",\"contentUrl\":\"https:\\\/\\\/www.rassegnastampa-totustuus.it\\\/cattolica\\\/wp-content\\\/uploads\\\/2025\\\/03\\\/coppia.jpg\",\"width\":750,\"height\":375},{\"@type\":\"BreadcrumbList\",\"@id\":\"https:\\\/\\\/www.rassegnastampa-totustuus.it\\\/cattolica\\\/famiglia-dink-e-quellegocentrismo-che-ci-minaccia-tutti\\\/#breadcrumb\",\"itemListElement\":[{\"@type\":\"ListItem\",\"position\":1,\"name\":\"Home\",\"item\":\"https:\\\/\\\/www.rassegnastampa-totustuus.it\\\/cattolica\\\/\"},{\"@type\":\"ListItem\",\"position\":2,\"name\":\"Famiglia dink e quell\u2019egocentrismo che ci minaccia tutti\"}]},{\"@type\":\"WebSite\",\"@id\":\"https:\\\/\\\/www.rassegnastampa-totustuus.it\\\/cattolica\\\/#website\",\"url\":\"https:\\\/\\\/www.rassegnastampa-totustuus.it\\\/cattolica\\\/\",\"name\":\"Rassegna Stampa Cattolica\",\"description\":\"Per una cultura che nasce dalla Rivelazione cristiana in conformit\u00e0 alla tradizione e al Magistero della Chiesa in opposizione ad ogni relativismo e totalitarismo\",\"publisher\":{\"@id\":\"https:\\\/\\\/www.rassegnastampa-totustuus.it\\\/cattolica\\\/#organization\"},\"alternateName\":\"Rass. Cattolica\",\"potentialAction\":[{\"@type\":\"SearchAction\",\"target\":{\"@type\":\"EntryPoint\",\"urlTemplate\":\"https:\\\/\\\/www.rassegnastampa-totustuus.it\\\/cattolica\\\/?s={search_term_string}\"},\"query-input\":{\"@type\":\"PropertyValueSpecification\",\"valueRequired\":true,\"valueName\":\"search_term_string\"}}],\"inLanguage\":\"it-IT\"},{\"@type\":\"Organization\",\"@id\":\"https:\\\/\\\/www.rassegnastampa-totustuus.it\\\/cattolica\\\/#organization\",\"name\":\"Rassegna Stampa Cattolica\",\"url\":\"https:\\\/\\\/www.rassegnastampa-totustuus.it\\\/cattolica\\\/\",\"logo\":{\"@type\":\"ImageObject\",\"inLanguage\":\"it-IT\",\"@id\":\"https:\\\/\\\/www.rassegnastampa-totustuus.it\\\/cattolica\\\/#\\\/schema\\\/logo\\\/image\\\/\",\"url\":\"https:\\\/\\\/www.rassegnastampa-totustuus.it\\\/cattolica\\\/wp-content\\\/uploads\\\/2014\\\/04\\\/logo-rassegna1.gif\",\"contentUrl\":\"https:\\\/\\\/www.rassegnastampa-totustuus.it\\\/cattolica\\\/wp-content\\\/uploads\\\/2014\\\/04\\\/logo-rassegna1.gif\",\"width\":600,\"height\":163,\"caption\":\"Rassegna Stampa Cattolica\"},\"image\":{\"@id\":\"https:\\\/\\\/www.rassegnastampa-totustuus.it\\\/cattolica\\\/#\\\/schema\\\/logo\\\/image\\\/\"},\"sameAs\":[\"https:\\\/\\\/www.facebook.com\\\/rassegnastampacattolica\",\"https:\\\/\\\/x.com\\\/rassegnastampa9\"]},{\"@type\":\"Person\",\"@id\":\"https:\\\/\\\/www.rassegnastampa-totustuus.it\\\/cattolica\\\/#\\\/schema\\\/person\\\/08f319d2bd1a0904ad9e2bfb7b15e5c3\",\"name\":\"Redazione\",\"image\":{\"@type\":\"ImageObject\",\"inLanguage\":\"it-IT\",\"@id\":\"https:\\\/\\\/secure.gravatar.com\\\/avatar\\\/2fcdf27c78ea025fbdb44e914cc63c72249ffec9dc8aafd5c82b26240ef3f346?s=96&d=mm&r=g\",\"url\":\"https:\\\/\\\/secure.gravatar.com\\\/avatar\\\/2fcdf27c78ea025fbdb44e914cc63c72249ffec9dc8aafd5c82b26240ef3f346?s=96&d=mm&r=g\",\"contentUrl\":\"https:\\\/\\\/secure.gravatar.com\\\/avatar\\\/2fcdf27c78ea025fbdb44e914cc63c72249ffec9dc8aafd5c82b26240ef3f346?s=96&d=mm&r=g\",\"caption\":\"Redazione\"},\"url\":\"https:\\\/\\\/www.rassegnastampa-totustuus.it\\\/cattolica\\\/author\\\/pietroelle\\\/\"}]}<\/script>\n<!-- \/ Yoast SEO plugin. -->","yoast_head_json":{"title":"Famiglia dink e quell\u2019egocentrismo che ci minaccia tutti - Rassegna Stampa Cattolica","description":"Famiglia dink e quell\u2019egocentrismo che ci minaccia tutti. crescono le famiglie \u201czero figli, due stipendi, e interessi personali\u201d.","robots":{"index":"index","follow":"follow","max-snippet":"max-snippet:-1","max-image-preview":"max-image-preview:large","max-video-preview":"max-video-preview:-1"},"canonical":"https:\/\/www.rassegnastampa-totustuus.it\/cattolica\/famiglia-dink-e-quellegocentrismo-che-ci-minaccia-tutti\/","og_locale":"it_IT","og_type":"article","og_title":"Famiglia dink e quell\u2019egocentrismo che ci minaccia tutti - Rassegna Stampa Cattolica","og_description":"Famiglia dink e quell\u2019egocentrismo che ci minaccia tutti. crescono le famiglie \u201czero figli, due stipendi, e interessi personali\u201d.","og_url":"https:\/\/www.rassegnastampa-totustuus.it\/cattolica\/famiglia-dink-e-quellegocentrismo-che-ci-minaccia-tutti\/","og_site_name":"Rassegna Stampa Cattolica","article_publisher":"https:\/\/www.facebook.com\/rassegnastampacattolica","article_published_time":"2025-03-05T17:29:56+00:00","article_modified_time":"2025-03-05T17:29:58+00:00","og_image":[{"width":750,"height":375,"url":"https:\/\/www.rassegnastampa-totustuus.it\/cattolica\/wp-content\/uploads\/2025\/03\/coppia.jpg","type":"image\/jpeg"}],"author":"Redazione","twitter_card":"summary_large_image","twitter_creator":"@rassegnastampa9","twitter_site":"@rassegnastampa9","twitter_misc":{"Scritto da":"Redazione","Tempo di lettura stimato":"6 minuti"},"schema":{"@context":"https:\/\/schema.org","@graph":[{"@type":"Article","@id":"https:\/\/www.rassegnastampa-totustuus.it\/cattolica\/famiglia-dink-e-quellegocentrismo-che-ci-minaccia-tutti\/#article","isPartOf":{"@id":"https:\/\/www.rassegnastampa-totustuus.it\/cattolica\/famiglia-dink-e-quellegocentrismo-che-ci-minaccia-tutti\/"},"author":{"name":"Redazione","@id":"https:\/\/www.rassegnastampa-totustuus.it\/cattolica\/#\/schema\/person\/08f319d2bd1a0904ad9e2bfb7b15e5c3"},"headline":"Famiglia dink e quell\u2019egocentrismo che ci minaccia tutti","datePublished":"2025-03-05T17:29:56+00:00","dateModified":"2025-03-05T17:29:58+00:00","mainEntityOfPage":{"@id":"https:\/\/www.rassegnastampa-totustuus.it\/cattolica\/famiglia-dink-e-quellegocentrismo-che-ci-minaccia-tutti\/"},"wordCount":988,"publisher":{"@id":"https:\/\/www.rassegnastampa-totustuus.it\/cattolica\/#organization"},"image":{"@id":"https:\/\/www.rassegnastampa-totustuus.it\/cattolica\/famiglia-dink-e-quellegocentrismo-che-ci-minaccia-tutti\/#primaryimage"},"thumbnailUrl":"https:\/\/www.rassegnastampa-totustuus.it\/cattolica\/wp-content\/uploads\/2025\/03\/coppia.jpg","keywords":["coppia","denatalit\u00e0","figli","vita di coppia"],"articleSection":["Demografia","Famiglia"],"inLanguage":"it-IT"},{"@type":"WebPage","@id":"https:\/\/www.rassegnastampa-totustuus.it\/cattolica\/famiglia-dink-e-quellegocentrismo-che-ci-minaccia-tutti\/","url":"https:\/\/www.rassegnastampa-totustuus.it\/cattolica\/famiglia-dink-e-quellegocentrismo-che-ci-minaccia-tutti\/","name":"Famiglia dink e quell\u2019egocentrismo che ci minaccia tutti - Rassegna Stampa Cattolica","isPartOf":{"@id":"https:\/\/www.rassegnastampa-totustuus.it\/cattolica\/#website"},"primaryImageOfPage":{"@id":"https:\/\/www.rassegnastampa-totustuus.it\/cattolica\/famiglia-dink-e-quellegocentrismo-che-ci-minaccia-tutti\/#primaryimage"},"image":{"@id":"https:\/\/www.rassegnastampa-totustuus.it\/cattolica\/famiglia-dink-e-quellegocentrismo-che-ci-minaccia-tutti\/#primaryimage"},"thumbnailUrl":"https:\/\/www.rassegnastampa-totustuus.it\/cattolica\/wp-content\/uploads\/2025\/03\/coppia.jpg","datePublished":"2025-03-05T17:29:56+00:00","dateModified":"2025-03-05T17:29:58+00:00","description":"Famiglia dink e quell\u2019egocentrismo che ci minaccia tutti. crescono le famiglie \u201czero figli, due stipendi, e interessi personali\u201d.","breadcrumb":{"@id":"https:\/\/www.rassegnastampa-totustuus.it\/cattolica\/famiglia-dink-e-quellegocentrismo-che-ci-minaccia-tutti\/#breadcrumb"},"inLanguage":"it-IT","potentialAction":[{"@type":"ReadAction","target":["https:\/\/www.rassegnastampa-totustuus.it\/cattolica\/famiglia-dink-e-quellegocentrismo-che-ci-minaccia-tutti\/"]}]},{"@type":"ImageObject","inLanguage":"it-IT","@id":"https:\/\/www.rassegnastampa-totustuus.it\/cattolica\/famiglia-dink-e-quellegocentrismo-che-ci-minaccia-tutti\/#primaryimage","url":"https:\/\/www.rassegnastampa-totustuus.it\/cattolica\/wp-content\/uploads\/2025\/03\/coppia.jpg","contentUrl":"https:\/\/www.rassegnastampa-totustuus.it\/cattolica\/wp-content\/uploads\/2025\/03\/coppia.jpg","width":750,"height":375},{"@type":"BreadcrumbList","@id":"https:\/\/www.rassegnastampa-totustuus.it\/cattolica\/famiglia-dink-e-quellegocentrismo-che-ci-minaccia-tutti\/#breadcrumb","itemListElement":[{"@type":"ListItem","position":1,"name":"Home","item":"https:\/\/www.rassegnastampa-totustuus.it\/cattolica\/"},{"@type":"ListItem","position":2,"name":"Famiglia dink e quell\u2019egocentrismo che ci minaccia tutti"}]},{"@type":"WebSite","@id":"https:\/\/www.rassegnastampa-totustuus.it\/cattolica\/#website","url":"https:\/\/www.rassegnastampa-totustuus.it\/cattolica\/","name":"Rassegna Stampa Cattolica","description":"Per una cultura che nasce dalla Rivelazione cristiana in conformit\u00e0 alla tradizione e al Magistero della Chiesa in opposizione ad ogni relativismo e totalitarismo","publisher":{"@id":"https:\/\/www.rassegnastampa-totustuus.it\/cattolica\/#organization"},"alternateName":"Rass. Cattolica","potentialAction":[{"@type":"SearchAction","target":{"@type":"EntryPoint","urlTemplate":"https:\/\/www.rassegnastampa-totustuus.it\/cattolica\/?s={search_term_string}"},"query-input":{"@type":"PropertyValueSpecification","valueRequired":true,"valueName":"search_term_string"}}],"inLanguage":"it-IT"},{"@type":"Organization","@id":"https:\/\/www.rassegnastampa-totustuus.it\/cattolica\/#organization","name":"Rassegna Stampa Cattolica","url":"https:\/\/www.rassegnastampa-totustuus.it\/cattolica\/","logo":{"@type":"ImageObject","inLanguage":"it-IT","@id":"https:\/\/www.rassegnastampa-totustuus.it\/cattolica\/#\/schema\/logo\/image\/","url":"https:\/\/www.rassegnastampa-totustuus.it\/cattolica\/wp-content\/uploads\/2014\/04\/logo-rassegna1.gif","contentUrl":"https:\/\/www.rassegnastampa-totustuus.it\/cattolica\/wp-content\/uploads\/2014\/04\/logo-rassegna1.gif","width":600,"height":163,"caption":"Rassegna Stampa Cattolica"},"image":{"@id":"https:\/\/www.rassegnastampa-totustuus.it\/cattolica\/#\/schema\/logo\/image\/"},"sameAs":["https:\/\/www.facebook.com\/rassegnastampacattolica","https:\/\/x.com\/rassegnastampa9"]},{"@type":"Person","@id":"https:\/\/www.rassegnastampa-totustuus.it\/cattolica\/#\/schema\/person\/08f319d2bd1a0904ad9e2bfb7b15e5c3","name":"Redazione","image":{"@type":"ImageObject","inLanguage":"it-IT","@id":"https:\/\/secure.gravatar.com\/avatar\/2fcdf27c78ea025fbdb44e914cc63c72249ffec9dc8aafd5c82b26240ef3f346?s=96&d=mm&r=g","url":"https:\/\/secure.gravatar.com\/avatar\/2fcdf27c78ea025fbdb44e914cc63c72249ffec9dc8aafd5c82b26240ef3f346?s=96&d=mm&r=g","contentUrl":"https:\/\/secure.gravatar.com\/avatar\/2fcdf27c78ea025fbdb44e914cc63c72249ffec9dc8aafd5c82b26240ef3f346?s=96&d=mm&r=g","caption":"Redazione"},"url":"https:\/\/www.rassegnastampa-totustuus.it\/cattolica\/author\/pietroelle\/"}]}},"_links":{"self":[{"href":"https:\/\/www.rassegnastampa-totustuus.it\/cattolica\/wp-json\/wp\/v2\/posts\/62273","targetHints":{"allow":["GET"]}}],"collection":[{"href":"https:\/\/www.rassegnastampa-totustuus.it\/cattolica\/wp-json\/wp\/v2\/posts"}],"about":[{"href":"https:\/\/www.rassegnastampa-totustuus.it\/cattolica\/wp-json\/wp\/v2\/types\/post"}],"author":[{"embeddable":true,"href":"https:\/\/www.rassegnastampa-totustuus.it\/cattolica\/wp-json\/wp\/v2\/users\/6"}],"replies":[{"embeddable":true,"href":"https:\/\/www.rassegnastampa-totustuus.it\/cattolica\/wp-json\/wp\/v2\/comments?post=62273"}],"version-history":[{"count":1,"href":"https:\/\/www.rassegnastampa-totustuus.it\/cattolica\/wp-json\/wp\/v2\/posts\/62273\/revisions"}],"predecessor-version":[{"id":62275,"href":"https:\/\/www.rassegnastampa-totustuus.it\/cattolica\/wp-json\/wp\/v2\/posts\/62273\/revisions\/62275"}],"wp:featuredmedia":[{"embeddable":true,"href":"https:\/\/www.rassegnastampa-totustuus.it\/cattolica\/wp-json\/wp\/v2\/media\/62274"}],"wp:attachment":[{"href":"https:\/\/www.rassegnastampa-totustuus.it\/cattolica\/wp-json\/wp\/v2\/media?parent=62273"}],"wp:term":[{"taxonomy":"category","embeddable":true,"href":"https:\/\/www.rassegnastampa-totustuus.it\/cattolica\/wp-json\/wp\/v2\/categories?post=62273"},{"taxonomy":"post_tag","embeddable":true,"href":"https:\/\/www.rassegnastampa-totustuus.it\/cattolica\/wp-json\/wp\/v2\/tags?post=62273"}],"curies":[{"name":"wp","href":"https:\/\/api.w.org\/{rel}","templated":true}]}}