{"id":62236,"date":"2025-02-21T11:08:59","date_gmt":"2025-02-21T10:08:59","guid":{"rendered":"https:\/\/www.rassegnastampa-totustuus.it\/cattolica\/?p=62236"},"modified":"2025-02-21T11:09:00","modified_gmt":"2025-02-21T10:09:00","slug":"il-buon-samaritano-e-limmigrazione-illegale","status":"publish","type":"post","link":"https:\/\/www.rassegnastampa-totustuus.it\/cattolica\/il-buon-samaritano-e-limmigrazione-illegale\/","title":{"rendered":"Il Buon Samaritano e l&#8217;immigrazione illegale"},"content":{"rendered":"\n<p class=\"has-text-align-center\">Dal canale Youtube <strong><a href=\"https:\/\/www.youtube.com\/@VistodaRoma\">Visto da Roma<\/a> <\/strong>Febbraio 2025<\/p>\n\n\n\n<p class=\"has-text-align-center\">di <strong>Julio Loredo<\/strong><\/p>\n\n\n\n<p>Di recente perfino governi di centrosinistra in Europa si sono accorti che \u00e8 impossibile ricevere tutti i migranti e hanno cominciato ad applicare norme pi\u00f9 severe, non escludendo le espulsioni. Il problema \u00e8 reale e ormai neppure per i media sinistrorsi si tratta pi\u00f9 di una \u201cossessione di sovranisti\u201d o di \u201cpopulisti\u201d, come tante volte avevano asserito in passato. Ci sono delle difficolt\u00e0 oggettive: dalla crisi occupazionale all\u2019aumento della delinquenza, che costringono gli stati a politiche pi\u00f9 restrittive sull\u2019immigrazione.<\/p>\n\n\n<div class=\"wp-block-image\">\n<figure class=\"aligncenter size-full is-resized\"><a href=\"https:\/\/www.rassegnastampa-totustuus.it\/cattolica\/wp-content\/uploads\/2024\/08\/Muro_Messico_usa_immigrazione.jpg\"><img loading=\"lazy\" decoding=\"async\" width=\"600\" height=\"400\" src=\"https:\/\/www.rassegnastampa-totustuus.it\/cattolica\/wp-content\/uploads\/2024\/08\/Muro_Messico_usa_immigrazione.jpg\" alt=\"\" class=\"wp-image-61059\" style=\"width:472px;height:auto\"\/><\/a><\/figure><\/div>\n\n\n<!--more-->\n\n\n\n<p>Noi avevamo previsto che su questo argomento si poteva verificare un braccio di ferro \u2013 questa \u00e8 l\u2019espressione usata \u2013 tra il nuovo governo americano e la visione di papa Francesco sull\u2019immigrazione. Detto, fatto.<\/p>\n\n\n\n<p>Il libro <em><a href=\"https:\/\/www.amazon.it\/s?k=il+cambio+di+paradigma+di+papa+francesco&amp;adgrpid=1230353830832037&amp;hvadid=76897279186718&amp;hvbmt=be&amp;hvdev=c&amp;hvlocphy=1888&amp;hvnetw=o&amp;hvqmt=e&amp;hvtargid=kwd-76897356913964%3Aloc-93&amp;hydadcr=19012_1854185&amp;msclkid=1d611e262e7e16b3bac9799e152adbb2&amp;tag=amamitsp-21&amp;ref=pd_sl_2vu2a3u5vp_e\">Il cambio di paradigma di papa Francesco<\/a>, <\/em>di Jos\u00e9 &nbsp;Antonio Ureta, che analizzava i primi cinque anni dell\u2019attuale pontificato dimostrava allora come questo tema dell\u2019immigrazione era al top delle priorit\u00e0 di papa Francesco. Lo studio aggiungeva che l\u2019accoglienza ad ogni flusso migratorio diventava di fatto un nuovo principio non negoziabile, in sostituzione di quelli enunciati da Benedetto XVI, come la difesa del matrimonio, della vita umana innocente, ecc.<\/p>\n\n\n\n<p>Il presidente Donald Trump, gi\u00e0 criticato nel primo mandato dal Papa proprio per questo motivo, ha ribadito di recente la sua promessa di applicare rigorosamente la politica di espulsione dei migranti entrati illegalmente negli Stati Uniti soprattutto nel periodo delle frontiere aperte di Joe Biden, che permise l\u2019ingresso illegale a milioni di persone, tra i quali pericolosi delinquenti.<\/p>\n\n\n<div class=\"wp-block-image\">\n<figure class=\"aligncenter size-large is-resized\"><a href=\"https:\/\/www.rassegnastampa-totustuus.it\/cattolica\/wp-content\/uploads\/2020\/10\/chiesa_bioetica_samaritano.jpg\"><img loading=\"lazy\" decoding=\"async\" width=\"1024\" height=\"452\" src=\"https:\/\/www.rassegnastampa-totustuus.it\/cattolica\/wp-content\/uploads\/2020\/10\/chiesa_bioetica_samaritano-1024x452.jpg\" alt=\"\" class=\"wp-image-48560\" style=\"width:490px;height:auto\" srcset=\"https:\/\/www.rassegnastampa-totustuus.it\/cattolica\/wp-content\/uploads\/2020\/10\/chiesa_bioetica_samaritano-1024x452.jpg 1024w, https:\/\/www.rassegnastampa-totustuus.it\/cattolica\/wp-content\/uploads\/2020\/10\/chiesa_bioetica_samaritano-300x132.jpg 300w, https:\/\/www.rassegnastampa-totustuus.it\/cattolica\/wp-content\/uploads\/2020\/10\/chiesa_bioetica_samaritano-768x339.jpg 768w\" sizes=\"auto, (max-width: 1024px) 100vw, 1024px\" \/><\/a><\/figure><\/div>\n\n\n<p>In risposta alla politica di Trump il papa si \u00e8 rivolto con una lettera del 10 Febbraio 2025 ai vescovi statunitensi in cui afferma che: \u00abSeguo da vicino la grave crisi che si sta verificando con l\u2019avvio di un programma di deportazione di massa\u00bb. Nella lettera il Papa riconosce il diritto di una nazione a \u00abdifendersi e a mantenere le comunit\u00e0 al sicuro da coloro che hanno commesso crimini violenti o gravi durante la permanenza nel paese o prima del loro arrivo\u00bb. Tuttavia Francesco non sembra riconoscere il diritto che una nazione ha di negare la permanenza a chi infrange le regole immigrando illegalmente o il diritto a chiudere le frontiere a chi vorrebbe farlo in tale modo; anche quando non si tratta di persone che hanno commesso crimini gravi o in modo violento. Per papa Francesco basterebbero motivi come la povert\u00e0 dei paesi di provenienza per avere una sorta di diritto assoluto a stabilirsi in un altro paese. Ci\u00f2 rischia di togliere moralmente ai governi qualsiasi margine di decisione, diversamente \u2013 commento io \u2013 da quanto insegnato finora dalla Dottrina sociale della Chiesa, e cio\u00e8 che la decisione finale spetta alla prudenza del potere temporale. Ovviamente si presuppone che qualsiasi misura prenda uno Stato, anche la pi\u00f9 legittima, va attuata nel pi\u00f9 totale rispetto della dignit\u00e0 umana.<\/p>\n\n\n\n<p>Ma c\u2019\u00e8 poi un altro punto della lettera del papa ai vescovi americani che \u00e8 di particolare importanza per la dottrina cattolica e su questo mi soffermo un po\u2019 pi\u00f9 a lungo. Esso si riferisce alla rapida allusione in una recente intervista a <em>Fox News<\/em> fatta dal vicepresidente J.D. Vance al concetto di <em>ordo amoris<\/em>, cio\u00e8: l\u2019ordine dell\u2019amore, invocato a giustificazione della politica americana chiamata America First.<\/p>\n\n\n<div class=\"wp-block-image\">\n<figure class=\"aligncenter size-full is-resized\"><a href=\"https:\/\/www.rassegnastampa-totustuus.it\/cattolica\/wp-content\/uploads\/2025\/02\/JD_Vance_america_Usa.jpg\"><img loading=\"lazy\" decoding=\"async\" width=\"310\" height=\"163\" src=\"https:\/\/www.rassegnastampa-totustuus.it\/cattolica\/wp-content\/uploads\/2025\/02\/JD_Vance_america_Usa.jpg\" alt=\"\" class=\"wp-image-62237\" style=\"width:472px;height:auto\"\/><\/a><\/figure><\/div>\n\n\n<p>Nelle sue poche battute su questo concetto il cattolico Vance sostiene che l\u2019amore al prossimo, dovuto a tutte le persone, deve seguire una gerarchia. Il comandamento dell\u2019amore cio\u00e8 comincia con l\u2019amore a s\u00e9 stesso, passando in seguito ai pi\u00f9 prossimi, ai familiari immediati e poi a quelli meno immediati, alle comunit\u00e0 di appartenenza e, via via, fino al raggiungimento di tutte le altre persone del genere umano.<\/p>\n\n\n\n<p>Rispondendo indirettamente al vicepresidente Vance, Francesco afferma nella sua lettera ai vescovi americani: \u00abIl vero <em>ordo amoris<\/em> che occorre promuovere \u00e8 quello che scopriamo meditando costantemente la parola del buon samaritano; ovvero meditando sull\u2019amore che costruisce una fratellanza aperta a tutti, senza eccezione\u00bb.<\/p>\n\n\n\n<p>Proprio il 10 Febbraio, forse sapendo gi\u00e0 della lettera del Papa ai vescovi americani, il teologo domenicano padre Peter Totleben ha puntualizzato la questione in un brillante articolo sul <em><a href=\"https:\/\/www.catholicworldreport.com\/2025\/02\/10\/vice-president-vance-the-good-samaritan-and-the-order-of-love\/\">Catholic World Report<\/a> <\/em>intitolato <em>Vance l\u2019ordo amoris e il buon samaritano. <\/em>L\u2019articolo \u00e8 densamente dottrinale e tratta in modo esauriente come l\u2019ordine dell\u2019Universo creato e voluto da Dio \u00e8 gerarchico, dimostrando poi che l\u2019<em>ordo amoris <\/em>non \u00e8 che una sua conseguenza. Questa \u00e8 la dottrina della Chiesa da sempre.<\/p>\n\n\n\n<p>Nonostante l\u2019articolo sia dottrinale \u00e8 anche molto accessibile per gli esempi che d\u00e0. Ad esempio: in una fila di tre sedie sull\u2019aereo cadono le maschere dio ossigeno, tu sei in mezzo tra tua moglie e uno sconosciuto. Secondo le istruzioni impartite prima indossi tu la tua maschera, poi istintivamente aiuti tua moglie e infine fai lo stesso col passeggero sconosciuto; senza renderti conto hai seguito una gerarchia della carit\u00e0 che \u00e8 insita nell\u2019ordine delle cose.<\/p>\n\n\n\n<p>Ma si potrebbe obiettare: il samaritano ha soccorso uno sconosciuto, aggredito e ferito, caduto sul ciglio della strada. Padre Totleben spiega in modo chiarissimo che l\u2019amore per il prossimo deriva dall\u2019amore per Dio; ogni persona \u00e8 un riflesso della bont\u00e0 di Dio e in quanto tale dobbiamo volerle bene e farle del bene. Questo \u00e8 il vero senso della parabola del buon samaritano: Tuttavia, dice padre Totleben, \u00e8 impossibile amare bene tutti se non si segue un certo ordine; <em>l\u2019ordo amoris<\/em> appunto. E ci\u00f2 \u00e8 indipendente dalla prudenza del presente governo americano o da qualsiasi altra associazione, ente o persona nell\u2019applicarlo alla realt\u00e0 concreta.<\/p>\n\n\n\n<p>Padre Totleben approfondisce quali sono le ragioni che hanno portato alcuni a giudicare le poche parole del vicepresidente Vance contraddittorie con l\u2019insegnamento evangelico; e questo punto \u00e8 interessantissimo.<\/p>\n\n\n\n<p>Padre Totleben spiega che esiste \u00abun impulso egualitario di amare tutte le persone allo stesso modo, una tentazione di sostituire l\u2019amore per le persone reali con la filantropia per l\u2019umanit\u00e0. Se amo tutti allo stesso modo, non amo nessuno in particolare. Una astrazione che \u00e8 una tentazione tipicamente moderna\u00bb.<\/p>\n\n\n\n<p>L\u2019<em>ordo amoris <\/em>stabilisce invece che l\u2019amore si manifesta in relazioni interpersonali gerarchizzate, le quali ci insegnano che la carit\u00e0 comincia in casa e poi in circoli concentrici raggiunge tutte le altre persone.<\/p>\n\n\n\n<p>Conclude il teologo domenicano: \u00abE\u2019 la moderna affinit\u00e0 per l\u2019egualitarismo che solleva sospetti sull\u2019<em>ordo amoris<\/em>. Noi moderni pensiamo che l\u2019equit\u00e0 implichi l\u2019egualitarismo, che deve quindi caratterizzare l\u2019azione divina. Da qui il presupposto che l\u2019<em>ordo amoris<\/em> debba essere incompatibile con l\u2019insegnamento di Ges\u00f9; ma tradizionalmente il cristianesimo non ha condiviso questo presupposto; piuttosto il contrario: la gerarchia caratterizza l\u2019azione divina, perch\u00e9 la gerarchia indica l\u2019ordine e l\u2019ordine \u00e8 il segno del saggio\u00bb.<\/p>\n","protected":false},"excerpt":{"rendered":"<p>Dal canale Youtube Visto da Roma Febbraio 2025 di Julio Loredo Di recente perfino governi di centrosinistra in Europa si sono accorti che \u00e8 impossibile ricevere tutti i migranti e hanno cominciato ad applicare norme pi\u00f9 severe, non escludendo le espulsioni. Il problema \u00e8 reale e ormai neppure per i media sinistrorsi si tratta pi\u00f9 &hellip; <\/p>\n<p><a class=\"more-link btn\" href=\"https:\/\/www.rassegnastampa-totustuus.it\/cattolica\/il-buon-samaritano-e-limmigrazione-illegale\/\">Continua a leggere<\/a><\/p>\n","protected":false},"author":6,"featured_media":62237,"comment_status":"closed","ping_status":"closed","sticky":false,"template":"","format":"standard","meta":{"footnotes":""},"categories":[38,76],"tags":[3125,3126,291,150],"class_list":["post-62236","post","type-post","status-publish","format-standard","has-post-thumbnail","hentry","category-immigrazione","category-stati-uniti","tag-j-d-vance","tag-ordo-amoris","tag-papa-francesco","tag-usa","item-wrap"],"yoast_head":"<!-- This site is optimized with the Yoast SEO plugin v27.5 - https:\/\/yoast.com\/product\/yoast-seo-wordpress\/ -->\n<title>Il Buon Samaritano e l&#039;immigrazione illegale - Rassegna Stampa Cattolica<\/title>\n<meta name=\"description\" content=\"Il Buon Samaritano e l&#039;immigrazione illegale. Un teologo benedettino in risposta al Papa spiega cos&#039;\u00e8 il vero ordo amoris.\" \/>\n<meta name=\"robots\" content=\"index, follow, max-snippet:-1, max-image-preview:large, max-video-preview:-1\" \/>\n<link rel=\"canonical\" href=\"https:\/\/www.rassegnastampa-totustuus.it\/cattolica\/il-buon-samaritano-e-limmigrazione-illegale\/\" \/>\n<meta property=\"og:locale\" content=\"it_IT\" \/>\n<meta property=\"og:type\" content=\"article\" \/>\n<meta property=\"og:title\" content=\"Il Buon Samaritano e l&#039;immigrazione illegale - Rassegna Stampa Cattolica\" \/>\n<meta property=\"og:description\" content=\"Il Buon Samaritano e l&#039;immigrazione illegale. Un teologo benedettino in risposta al Papa spiega cos&#039;\u00e8 il vero ordo amoris.\" \/>\n<meta property=\"og:url\" content=\"https:\/\/www.rassegnastampa-totustuus.it\/cattolica\/il-buon-samaritano-e-limmigrazione-illegale\/\" \/>\n<meta property=\"og:site_name\" content=\"Rassegna Stampa Cattolica\" \/>\n<meta property=\"article:publisher\" content=\"https:\/\/www.facebook.com\/rassegnastampacattolica\" \/>\n<meta property=\"article:published_time\" content=\"2025-02-21T10:08:59+00:00\" \/>\n<meta property=\"article:modified_time\" content=\"2025-02-21T10:09:00+00:00\" \/>\n<meta property=\"og:image\" content=\"https:\/\/www.rassegnastampa-totustuus.it\/cattolica\/wp-content\/uploads\/2025\/02\/JD_Vance_america_Usa.jpg\" \/>\n\t<meta property=\"og:image:width\" content=\"310\" \/>\n\t<meta property=\"og:image:height\" content=\"163\" \/>\n\t<meta property=\"og:image:type\" content=\"image\/jpeg\" \/>\n<meta name=\"author\" content=\"Redazione\" \/>\n<meta name=\"twitter:card\" content=\"summary_large_image\" \/>\n<meta name=\"twitter:creator\" content=\"@rassegnastampa9\" \/>\n<meta name=\"twitter:site\" content=\"@rassegnastampa9\" \/>\n<meta name=\"twitter:label1\" content=\"Scritto da\" \/>\n\t<meta name=\"twitter:data1\" content=\"Redazione\" \/>\n\t<meta name=\"twitter:label2\" content=\"Tempo di lettura stimato\" \/>\n\t<meta name=\"twitter:data2\" content=\"7 minuti\" \/>\n<script type=\"application\/ld+json\" class=\"yoast-schema-graph\">{\"@context\":\"https:\\\/\\\/schema.org\",\"@graph\":[{\"@type\":\"Article\",\"@id\":\"https:\\\/\\\/www.rassegnastampa-totustuus.it\\\/cattolica\\\/il-buon-samaritano-e-limmigrazione-illegale\\\/#article\",\"isPartOf\":{\"@id\":\"https:\\\/\\\/www.rassegnastampa-totustuus.it\\\/cattolica\\\/il-buon-samaritano-e-limmigrazione-illegale\\\/\"},\"author\":{\"name\":\"Redazione\",\"@id\":\"https:\\\/\\\/www.rassegnastampa-totustuus.it\\\/cattolica\\\/#\\\/schema\\\/person\\\/08f319d2bd1a0904ad9e2bfb7b15e5c3\"},\"headline\":\"Il Buon Samaritano e l&#8217;immigrazione illegale\",\"datePublished\":\"2025-02-21T10:08:59+00:00\",\"dateModified\":\"2025-02-21T10:09:00+00:00\",\"mainEntityOfPage\":{\"@id\":\"https:\\\/\\\/www.rassegnastampa-totustuus.it\\\/cattolica\\\/il-buon-samaritano-e-limmigrazione-illegale\\\/\"},\"wordCount\":1108,\"publisher\":{\"@id\":\"https:\\\/\\\/www.rassegnastampa-totustuus.it\\\/cattolica\\\/#organization\"},\"image\":{\"@id\":\"https:\\\/\\\/www.rassegnastampa-totustuus.it\\\/cattolica\\\/il-buon-samaritano-e-limmigrazione-illegale\\\/#primaryimage\"},\"thumbnailUrl\":\"https:\\\/\\\/www.rassegnastampa-totustuus.it\\\/cattolica\\\/wp-content\\\/uploads\\\/2025\\\/02\\\/JD_Vance_america_Usa.jpg\",\"keywords\":[\"J.D. Vance\",\"ordo amoris\",\"Papa Francesco\",\"Usa\"],\"articleSection\":[\"Immigrazione\",\"Stati Uniti\"],\"inLanguage\":\"it-IT\"},{\"@type\":\"WebPage\",\"@id\":\"https:\\\/\\\/www.rassegnastampa-totustuus.it\\\/cattolica\\\/il-buon-samaritano-e-limmigrazione-illegale\\\/\",\"url\":\"https:\\\/\\\/www.rassegnastampa-totustuus.it\\\/cattolica\\\/il-buon-samaritano-e-limmigrazione-illegale\\\/\",\"name\":\"Il Buon Samaritano e l'immigrazione illegale - Rassegna Stampa Cattolica\",\"isPartOf\":{\"@id\":\"https:\\\/\\\/www.rassegnastampa-totustuus.it\\\/cattolica\\\/#website\"},\"primaryImageOfPage\":{\"@id\":\"https:\\\/\\\/www.rassegnastampa-totustuus.it\\\/cattolica\\\/il-buon-samaritano-e-limmigrazione-illegale\\\/#primaryimage\"},\"image\":{\"@id\":\"https:\\\/\\\/www.rassegnastampa-totustuus.it\\\/cattolica\\\/il-buon-samaritano-e-limmigrazione-illegale\\\/#primaryimage\"},\"thumbnailUrl\":\"https:\\\/\\\/www.rassegnastampa-totustuus.it\\\/cattolica\\\/wp-content\\\/uploads\\\/2025\\\/02\\\/JD_Vance_america_Usa.jpg\",\"datePublished\":\"2025-02-21T10:08:59+00:00\",\"dateModified\":\"2025-02-21T10:09:00+00:00\",\"description\":\"Il Buon Samaritano e l'immigrazione illegale. Un teologo benedettino in risposta al Papa spiega cos'\u00e8 il vero ordo amoris.\",\"breadcrumb\":{\"@id\":\"https:\\\/\\\/www.rassegnastampa-totustuus.it\\\/cattolica\\\/il-buon-samaritano-e-limmigrazione-illegale\\\/#breadcrumb\"},\"inLanguage\":\"it-IT\",\"potentialAction\":[{\"@type\":\"ReadAction\",\"target\":[\"https:\\\/\\\/www.rassegnastampa-totustuus.it\\\/cattolica\\\/il-buon-samaritano-e-limmigrazione-illegale\\\/\"]}]},{\"@type\":\"ImageObject\",\"inLanguage\":\"it-IT\",\"@id\":\"https:\\\/\\\/www.rassegnastampa-totustuus.it\\\/cattolica\\\/il-buon-samaritano-e-limmigrazione-illegale\\\/#primaryimage\",\"url\":\"https:\\\/\\\/www.rassegnastampa-totustuus.it\\\/cattolica\\\/wp-content\\\/uploads\\\/2025\\\/02\\\/JD_Vance_america_Usa.jpg\",\"contentUrl\":\"https:\\\/\\\/www.rassegnastampa-totustuus.it\\\/cattolica\\\/wp-content\\\/uploads\\\/2025\\\/02\\\/JD_Vance_america_Usa.jpg\",\"width\":310,\"height\":163},{\"@type\":\"BreadcrumbList\",\"@id\":\"https:\\\/\\\/www.rassegnastampa-totustuus.it\\\/cattolica\\\/il-buon-samaritano-e-limmigrazione-illegale\\\/#breadcrumb\",\"itemListElement\":[{\"@type\":\"ListItem\",\"position\":1,\"name\":\"Home\",\"item\":\"https:\\\/\\\/www.rassegnastampa-totustuus.it\\\/cattolica\\\/\"},{\"@type\":\"ListItem\",\"position\":2,\"name\":\"Il Buon Samaritano e l&#8217;immigrazione illegale\"}]},{\"@type\":\"WebSite\",\"@id\":\"https:\\\/\\\/www.rassegnastampa-totustuus.it\\\/cattolica\\\/#website\",\"url\":\"https:\\\/\\\/www.rassegnastampa-totustuus.it\\\/cattolica\\\/\",\"name\":\"Rassegna Stampa Cattolica\",\"description\":\"Per una cultura che nasce dalla Rivelazione cristiana in conformit\u00e0 alla tradizione e al Magistero della Chiesa in opposizione ad ogni relativismo e totalitarismo\",\"publisher\":{\"@id\":\"https:\\\/\\\/www.rassegnastampa-totustuus.it\\\/cattolica\\\/#organization\"},\"alternateName\":\"Rass. Cattolica\",\"potentialAction\":[{\"@type\":\"SearchAction\",\"target\":{\"@type\":\"EntryPoint\",\"urlTemplate\":\"https:\\\/\\\/www.rassegnastampa-totustuus.it\\\/cattolica\\\/?s={search_term_string}\"},\"query-input\":{\"@type\":\"PropertyValueSpecification\",\"valueRequired\":true,\"valueName\":\"search_term_string\"}}],\"inLanguage\":\"it-IT\"},{\"@type\":\"Organization\",\"@id\":\"https:\\\/\\\/www.rassegnastampa-totustuus.it\\\/cattolica\\\/#organization\",\"name\":\"Rassegna Stampa Cattolica\",\"url\":\"https:\\\/\\\/www.rassegnastampa-totustuus.it\\\/cattolica\\\/\",\"logo\":{\"@type\":\"ImageObject\",\"inLanguage\":\"it-IT\",\"@id\":\"https:\\\/\\\/www.rassegnastampa-totustuus.it\\\/cattolica\\\/#\\\/schema\\\/logo\\\/image\\\/\",\"url\":\"https:\\\/\\\/www.rassegnastampa-totustuus.it\\\/cattolica\\\/wp-content\\\/uploads\\\/2014\\\/04\\\/logo-rassegna1.gif\",\"contentUrl\":\"https:\\\/\\\/www.rassegnastampa-totustuus.it\\\/cattolica\\\/wp-content\\\/uploads\\\/2014\\\/04\\\/logo-rassegna1.gif\",\"width\":600,\"height\":163,\"caption\":\"Rassegna Stampa Cattolica\"},\"image\":{\"@id\":\"https:\\\/\\\/www.rassegnastampa-totustuus.it\\\/cattolica\\\/#\\\/schema\\\/logo\\\/image\\\/\"},\"sameAs\":[\"https:\\\/\\\/www.facebook.com\\\/rassegnastampacattolica\",\"https:\\\/\\\/x.com\\\/rassegnastampa9\"]},{\"@type\":\"Person\",\"@id\":\"https:\\\/\\\/www.rassegnastampa-totustuus.it\\\/cattolica\\\/#\\\/schema\\\/person\\\/08f319d2bd1a0904ad9e2bfb7b15e5c3\",\"name\":\"Redazione\",\"image\":{\"@type\":\"ImageObject\",\"inLanguage\":\"it-IT\",\"@id\":\"https:\\\/\\\/secure.gravatar.com\\\/avatar\\\/2fcdf27c78ea025fbdb44e914cc63c72249ffec9dc8aafd5c82b26240ef3f346?s=96&d=mm&r=g\",\"url\":\"https:\\\/\\\/secure.gravatar.com\\\/avatar\\\/2fcdf27c78ea025fbdb44e914cc63c72249ffec9dc8aafd5c82b26240ef3f346?s=96&d=mm&r=g\",\"contentUrl\":\"https:\\\/\\\/secure.gravatar.com\\\/avatar\\\/2fcdf27c78ea025fbdb44e914cc63c72249ffec9dc8aafd5c82b26240ef3f346?s=96&d=mm&r=g\",\"caption\":\"Redazione\"},\"url\":\"https:\\\/\\\/www.rassegnastampa-totustuus.it\\\/cattolica\\\/author\\\/pietroelle\\\/\"}]}<\/script>\n<!-- \/ Yoast SEO plugin. -->","yoast_head_json":{"title":"Il Buon Samaritano e l'immigrazione illegale - Rassegna Stampa Cattolica","description":"Il Buon Samaritano e l'immigrazione illegale. Un teologo benedettino in risposta al Papa spiega cos'\u00e8 il vero ordo amoris.","robots":{"index":"index","follow":"follow","max-snippet":"max-snippet:-1","max-image-preview":"max-image-preview:large","max-video-preview":"max-video-preview:-1"},"canonical":"https:\/\/www.rassegnastampa-totustuus.it\/cattolica\/il-buon-samaritano-e-limmigrazione-illegale\/","og_locale":"it_IT","og_type":"article","og_title":"Il Buon Samaritano e l'immigrazione illegale - Rassegna Stampa Cattolica","og_description":"Il Buon Samaritano e l'immigrazione illegale. Un teologo benedettino in risposta al Papa spiega cos'\u00e8 il vero ordo amoris.","og_url":"https:\/\/www.rassegnastampa-totustuus.it\/cattolica\/il-buon-samaritano-e-limmigrazione-illegale\/","og_site_name":"Rassegna Stampa Cattolica","article_publisher":"https:\/\/www.facebook.com\/rassegnastampacattolica","article_published_time":"2025-02-21T10:08:59+00:00","article_modified_time":"2025-02-21T10:09:00+00:00","og_image":[{"width":310,"height":163,"url":"https:\/\/www.rassegnastampa-totustuus.it\/cattolica\/wp-content\/uploads\/2025\/02\/JD_Vance_america_Usa.jpg","type":"image\/jpeg"}],"author":"Redazione","twitter_card":"summary_large_image","twitter_creator":"@rassegnastampa9","twitter_site":"@rassegnastampa9","twitter_misc":{"Scritto da":"Redazione","Tempo di lettura stimato":"7 minuti"},"schema":{"@context":"https:\/\/schema.org","@graph":[{"@type":"Article","@id":"https:\/\/www.rassegnastampa-totustuus.it\/cattolica\/il-buon-samaritano-e-limmigrazione-illegale\/#article","isPartOf":{"@id":"https:\/\/www.rassegnastampa-totustuus.it\/cattolica\/il-buon-samaritano-e-limmigrazione-illegale\/"},"author":{"name":"Redazione","@id":"https:\/\/www.rassegnastampa-totustuus.it\/cattolica\/#\/schema\/person\/08f319d2bd1a0904ad9e2bfb7b15e5c3"},"headline":"Il Buon Samaritano e l&#8217;immigrazione illegale","datePublished":"2025-02-21T10:08:59+00:00","dateModified":"2025-02-21T10:09:00+00:00","mainEntityOfPage":{"@id":"https:\/\/www.rassegnastampa-totustuus.it\/cattolica\/il-buon-samaritano-e-limmigrazione-illegale\/"},"wordCount":1108,"publisher":{"@id":"https:\/\/www.rassegnastampa-totustuus.it\/cattolica\/#organization"},"image":{"@id":"https:\/\/www.rassegnastampa-totustuus.it\/cattolica\/il-buon-samaritano-e-limmigrazione-illegale\/#primaryimage"},"thumbnailUrl":"https:\/\/www.rassegnastampa-totustuus.it\/cattolica\/wp-content\/uploads\/2025\/02\/JD_Vance_america_Usa.jpg","keywords":["J.D. Vance","ordo amoris","Papa Francesco","Usa"],"articleSection":["Immigrazione","Stati Uniti"],"inLanguage":"it-IT"},{"@type":"WebPage","@id":"https:\/\/www.rassegnastampa-totustuus.it\/cattolica\/il-buon-samaritano-e-limmigrazione-illegale\/","url":"https:\/\/www.rassegnastampa-totustuus.it\/cattolica\/il-buon-samaritano-e-limmigrazione-illegale\/","name":"Il Buon Samaritano e l'immigrazione illegale - Rassegna Stampa Cattolica","isPartOf":{"@id":"https:\/\/www.rassegnastampa-totustuus.it\/cattolica\/#website"},"primaryImageOfPage":{"@id":"https:\/\/www.rassegnastampa-totustuus.it\/cattolica\/il-buon-samaritano-e-limmigrazione-illegale\/#primaryimage"},"image":{"@id":"https:\/\/www.rassegnastampa-totustuus.it\/cattolica\/il-buon-samaritano-e-limmigrazione-illegale\/#primaryimage"},"thumbnailUrl":"https:\/\/www.rassegnastampa-totustuus.it\/cattolica\/wp-content\/uploads\/2025\/02\/JD_Vance_america_Usa.jpg","datePublished":"2025-02-21T10:08:59+00:00","dateModified":"2025-02-21T10:09:00+00:00","description":"Il Buon Samaritano e l'immigrazione illegale. Un teologo benedettino in risposta al Papa spiega cos'\u00e8 il vero ordo amoris.","breadcrumb":{"@id":"https:\/\/www.rassegnastampa-totustuus.it\/cattolica\/il-buon-samaritano-e-limmigrazione-illegale\/#breadcrumb"},"inLanguage":"it-IT","potentialAction":[{"@type":"ReadAction","target":["https:\/\/www.rassegnastampa-totustuus.it\/cattolica\/il-buon-samaritano-e-limmigrazione-illegale\/"]}]},{"@type":"ImageObject","inLanguage":"it-IT","@id":"https:\/\/www.rassegnastampa-totustuus.it\/cattolica\/il-buon-samaritano-e-limmigrazione-illegale\/#primaryimage","url":"https:\/\/www.rassegnastampa-totustuus.it\/cattolica\/wp-content\/uploads\/2025\/02\/JD_Vance_america_Usa.jpg","contentUrl":"https:\/\/www.rassegnastampa-totustuus.it\/cattolica\/wp-content\/uploads\/2025\/02\/JD_Vance_america_Usa.jpg","width":310,"height":163},{"@type":"BreadcrumbList","@id":"https:\/\/www.rassegnastampa-totustuus.it\/cattolica\/il-buon-samaritano-e-limmigrazione-illegale\/#breadcrumb","itemListElement":[{"@type":"ListItem","position":1,"name":"Home","item":"https:\/\/www.rassegnastampa-totustuus.it\/cattolica\/"},{"@type":"ListItem","position":2,"name":"Il Buon Samaritano e l&#8217;immigrazione illegale"}]},{"@type":"WebSite","@id":"https:\/\/www.rassegnastampa-totustuus.it\/cattolica\/#website","url":"https:\/\/www.rassegnastampa-totustuus.it\/cattolica\/","name":"Rassegna Stampa Cattolica","description":"Per una cultura che nasce dalla Rivelazione cristiana in conformit\u00e0 alla tradizione e al Magistero della Chiesa in opposizione ad ogni relativismo e totalitarismo","publisher":{"@id":"https:\/\/www.rassegnastampa-totustuus.it\/cattolica\/#organization"},"alternateName":"Rass. Cattolica","potentialAction":[{"@type":"SearchAction","target":{"@type":"EntryPoint","urlTemplate":"https:\/\/www.rassegnastampa-totustuus.it\/cattolica\/?s={search_term_string}"},"query-input":{"@type":"PropertyValueSpecification","valueRequired":true,"valueName":"search_term_string"}}],"inLanguage":"it-IT"},{"@type":"Organization","@id":"https:\/\/www.rassegnastampa-totustuus.it\/cattolica\/#organization","name":"Rassegna Stampa Cattolica","url":"https:\/\/www.rassegnastampa-totustuus.it\/cattolica\/","logo":{"@type":"ImageObject","inLanguage":"it-IT","@id":"https:\/\/www.rassegnastampa-totustuus.it\/cattolica\/#\/schema\/logo\/image\/","url":"https:\/\/www.rassegnastampa-totustuus.it\/cattolica\/wp-content\/uploads\/2014\/04\/logo-rassegna1.gif","contentUrl":"https:\/\/www.rassegnastampa-totustuus.it\/cattolica\/wp-content\/uploads\/2014\/04\/logo-rassegna1.gif","width":600,"height":163,"caption":"Rassegna Stampa Cattolica"},"image":{"@id":"https:\/\/www.rassegnastampa-totustuus.it\/cattolica\/#\/schema\/logo\/image\/"},"sameAs":["https:\/\/www.facebook.com\/rassegnastampacattolica","https:\/\/x.com\/rassegnastampa9"]},{"@type":"Person","@id":"https:\/\/www.rassegnastampa-totustuus.it\/cattolica\/#\/schema\/person\/08f319d2bd1a0904ad9e2bfb7b15e5c3","name":"Redazione","image":{"@type":"ImageObject","inLanguage":"it-IT","@id":"https:\/\/secure.gravatar.com\/avatar\/2fcdf27c78ea025fbdb44e914cc63c72249ffec9dc8aafd5c82b26240ef3f346?s=96&d=mm&r=g","url":"https:\/\/secure.gravatar.com\/avatar\/2fcdf27c78ea025fbdb44e914cc63c72249ffec9dc8aafd5c82b26240ef3f346?s=96&d=mm&r=g","contentUrl":"https:\/\/secure.gravatar.com\/avatar\/2fcdf27c78ea025fbdb44e914cc63c72249ffec9dc8aafd5c82b26240ef3f346?s=96&d=mm&r=g","caption":"Redazione"},"url":"https:\/\/www.rassegnastampa-totustuus.it\/cattolica\/author\/pietroelle\/"}]}},"_links":{"self":[{"href":"https:\/\/www.rassegnastampa-totustuus.it\/cattolica\/wp-json\/wp\/v2\/posts\/62236","targetHints":{"allow":["GET"]}}],"collection":[{"href":"https:\/\/www.rassegnastampa-totustuus.it\/cattolica\/wp-json\/wp\/v2\/posts"}],"about":[{"href":"https:\/\/www.rassegnastampa-totustuus.it\/cattolica\/wp-json\/wp\/v2\/types\/post"}],"author":[{"embeddable":true,"href":"https:\/\/www.rassegnastampa-totustuus.it\/cattolica\/wp-json\/wp\/v2\/users\/6"}],"replies":[{"embeddable":true,"href":"https:\/\/www.rassegnastampa-totustuus.it\/cattolica\/wp-json\/wp\/v2\/comments?post=62236"}],"version-history":[{"count":1,"href":"https:\/\/www.rassegnastampa-totustuus.it\/cattolica\/wp-json\/wp\/v2\/posts\/62236\/revisions"}],"predecessor-version":[{"id":62238,"href":"https:\/\/www.rassegnastampa-totustuus.it\/cattolica\/wp-json\/wp\/v2\/posts\/62236\/revisions\/62238"}],"wp:featuredmedia":[{"embeddable":true,"href":"https:\/\/www.rassegnastampa-totustuus.it\/cattolica\/wp-json\/wp\/v2\/media\/62237"}],"wp:attachment":[{"href":"https:\/\/www.rassegnastampa-totustuus.it\/cattolica\/wp-json\/wp\/v2\/media?parent=62236"}],"wp:term":[{"taxonomy":"category","embeddable":true,"href":"https:\/\/www.rassegnastampa-totustuus.it\/cattolica\/wp-json\/wp\/v2\/categories?post=62236"},{"taxonomy":"post_tag","embeddable":true,"href":"https:\/\/www.rassegnastampa-totustuus.it\/cattolica\/wp-json\/wp\/v2\/tags?post=62236"}],"curies":[{"name":"wp","href":"https:\/\/api.w.org\/{rel}","templated":true}]}}