{"id":62151,"date":"2025-02-19T10:02:51","date_gmt":"2025-02-19T09:02:51","guid":{"rendered":"https:\/\/www.rassegnastampa-totustuus.it\/cattolica\/?p=62151"},"modified":"2025-02-19T10:02:53","modified_gmt":"2025-02-19T09:02:53","slug":"sul-fine-vita-serve-una-legge-dello-stato","status":"publish","type":"post","link":"https:\/\/www.rassegnastampa-totustuus.it\/cattolica\/sul-fine-vita-serve-una-legge-dello-stato\/","title":{"rendered":"Sul \u201cfine vita\u201d serve una legge dello Stato"},"content":{"rendered":"\n<p class=\"has-text-align-center\"><strong><a href=\"https:\/\/www.larno.it\/2\" target=\"_blank\" rel=\"noreferrer noopener\">L\u2019Arno.it<\/a><\/strong> 18 Febbraio 2025<\/p>\n\n\n\n<p class=\"has-text-align-center\"><strong>Andrea Bartelloni<\/strong><\/p>\n\n\n\n<p>La Toscana \u00e8 la prima regione italiana a dotarsi di una legge per regolamentare il suicidio assistito, la pratica con cui, in presenza di determinate condizioni, ci si pu\u00f2 autosomministrare un farmaco per morire. Una sentenza della Corte costituzionale nel 2019 dichiar\u00f2 illegittimo il divieto fino ad allora in vigore, ma nonostante i ripetuti inviti della Consulta il Parlamento non ha ancora approvato una legge ad hoc. Ne abbiamo parlato con l\u2019avvocato <strong>Aldo Ciappi<\/strong>, referente dell\u2019Associazione Family Day\u2013Toscana.<\/p>\n\n\n<div class=\"wp-block-image\">\n<figure class=\"aligncenter size-full\"><a href=\"https:\/\/www.rassegnastampa-totustuus.it\/cattolica\/wp-content\/uploads\/2025\/02\/Aldo_Ciappi.jpg\"><img loading=\"lazy\" decoding=\"async\" width=\"265\" height=\"267\" src=\"https:\/\/www.rassegnastampa-totustuus.it\/cattolica\/wp-content\/uploads\/2025\/02\/Aldo_Ciappi.jpg\" alt=\"\" class=\"wp-image-62152\"\/><\/a><figcaption class=\"wp-element-caption\">L&#8217;avvocato Aldo Ciappi<\/figcaption><\/figure><\/div>\n\n\n<!--more-->\n\n\n\n<h4 class=\"wp-block-heading\"><strong>La legge toscana non sembra cambiare molto le cose: in Italia non c\u2019\u00e8 gi\u00e0 il suicidio assistito?<\/strong><\/h4>\n\n\n\n<p>\u201cLa Corte costituzionale, con la sentenza citata, ha individuato un\u2019area di non punibilit\u00e0 nei confronti di chi aiuta una persona a suicidarsi in presenza di tutte e quattro codeste condizioni che devono essere tassativamente accertate da una struttura del S.S.N. tramite un comitato etico a ci\u00f2 deputato. Pertanto, quanto mi chiede \u00e8 gi\u00e0 possibile ed il primo caso, come \u00e8 noto, si \u00e8 avuto nella regione Marche nel giugno 2022. Tuttavia, la Corte, con la stessa sentenza, ha anche detto che non esiste nel nostro ordinamento alcun diritto soggettivo al suicidio e, per questo, ha ritenuto pienamente legittima la norma dell\u2019art. 580 del codice penale che punisce l\u2019istigazione e l\u2019aiuto suicidio a tutela delle persone pi\u00f9 fragili fisicamente e\/o psichicamente\u201d.<\/p>\n\n\n\n<h4 class=\"wp-block-heading\">Cosa cambia ora in Toscana?<\/h4>\n\n\n\n<p>\u201cCon le legge regionale approvata l\u201911 febbraio scorso (Giornata Mondiale del Malato) la Toscana si \u00e8 dotata di uno strumento burocratico per stabilire rigide modalit\u00e0 e tempi di tale procedura che dovr\u00e0 esaurirsi entro 47 giorni dalla presentazione della domanda con l\u2019iniezione letale del paziente all\u2019interno delle strutture sanitaria della nostra regione. Lo scopo di questa legge \u00e8 essenzialmente politico, ossia quello di pressare il Parlamento per far approvare \u2013 come auspicato dalla stessa Corte costituzionale \u2013 una legge nazionale in una materia sulla quale, tuttavia, per la sua particolare delicatezza, prima di un intervento legislativo, \u00e8 assolutamente opportuno un ampio e meditato dibattito nelle sedi istituzionali\u201d.<\/p>\n\n\n<div class=\"wp-block-image\">\n<figure class=\"aligncenter size-large is-resized\"><a href=\"https:\/\/www.rassegnastampa-totustuus.it\/cattolica\/wp-content\/uploads\/2020\/02\/malato_anziani_eutanasia.jpg\"><img loading=\"lazy\" decoding=\"async\" width=\"1024\" height=\"576\" src=\"https:\/\/www.rassegnastampa-totustuus.it\/cattolica\/wp-content\/uploads\/2020\/02\/malato_anziani_eutanasia-1024x576.jpg\" alt=\"\" class=\"wp-image-46495\" style=\"width:437px;height:auto\" srcset=\"https:\/\/www.rassegnastampa-totustuus.it\/cattolica\/wp-content\/uploads\/2020\/02\/malato_anziani_eutanasia-1024x576.jpg 1024w, https:\/\/www.rassegnastampa-totustuus.it\/cattolica\/wp-content\/uploads\/2020\/02\/malato_anziani_eutanasia-300x169.jpg 300w, https:\/\/www.rassegnastampa-totustuus.it\/cattolica\/wp-content\/uploads\/2020\/02\/malato_anziani_eutanasia-768x432.jpg 768w, https:\/\/www.rassegnastampa-totustuus.it\/cattolica\/wp-content\/uploads\/2020\/02\/malato_anziani_eutanasia.jpg 1920w\" sizes=\"auto, (max-width: 1024px) 100vw, 1024px\" \/><\/a><\/figure><\/div>\n\n\n<h4 class=\"wp-block-heading\"><strong>Dov\u2019\u00e8 il rischio?<\/strong><\/h4>\n\n\n\n<p>\u201cUna grandissima confusione e una disparit\u00e0 di trattamento tra regione e regione. Solo una legge dello Stato pu\u00f2 regolamentare una materia come quella del fine-vita, che eccede l\u2019ambito della \u201csanit\u00e0\u201d in senso stretto (in cui vi \u00e8 una competenza concorrente dello Stato e delle Regioni) non potendosi ammettere una normativa differenziata e a macchia di leopardo nel nostro paese riguardo alle modalit\u00e0 con cui vengano (o non vengano) recepite le indicazioni della Corte costituzionale\u201d.<\/p>\n\n\n\n<h4 class=\"wp-block-heading\"><strong>Le cure palliative possono ridurre questa richiesta?<\/strong><\/h4>\n\n\n\n<p>\u201cL\u2019accesso alle cure palliative \u00e8 un diritto soggettivo stabilito dalla L. n. 38\/2010 rimasta pressoch\u00e9 disapplicata in mancanza di risorse finanziarie ad esse devolute. Laddove esistono strutture (gli \u201chospice\u201d) e servizi adeguati (si stima all\u2019incirca un 15-20% del dell\u2019intero fabbisogno sul territorio) la domanda di suicidio assistito \u00e8 statisticamente irrilevante; le persone gravemente disabili o malate pi\u00f9 che il suicidio chiedono, in realt\u00e0, assistenza e cura; chiedono di avere qualcuno accanto che si occupi di loro e faccia sentire loro vicinanza ed affetto. Domande a cui siamo drammaticamente impreparati\u201d.<\/p>\n\n\n<div class=\"wp-block-image\">\n<figure class=\"aligncenter size-full is-resized\"><a href=\"https:\/\/www.rassegnastampa-totustuus.it\/cattolica\/wp-content\/uploads\/2024\/07\/cure_palliative_sanita_eutanasia.jpeg\"><img loading=\"lazy\" decoding=\"async\" width=\"249\" height=\"180\" src=\"https:\/\/www.rassegnastampa-totustuus.it\/cattolica\/wp-content\/uploads\/2024\/07\/cure_palliative_sanita_eutanasia.jpeg\" alt=\"\" class=\"wp-image-60816\" style=\"width:373px;height:auto\"\/><\/a><\/figure><\/div>\n\n\n<h4 class=\"wp-block-heading\"><strong>E l\u2019esperienza dei paesi che hanno adottato leggi che agevolano il suicidio assistito<br>o l\u2019eutanasia?<\/strong><\/h4>\n\n\n\n<p>\u201cCome dicevo, \u00e8 necessaria una profonda riflessione a tutti i livelli (politico, sociale e culturale) prima di mettere mano ad una legge \u201cpurchessia\u201d, essendovi il serissimo rischio di aprire a derive eutanasiche che vanno ben oltre il circoscritto raggio di azione individuato dalla suddetta sentenza. L\u2019esperienza di altri paesi che da anni hanno aperto la strada in quella direzione (si veda, per esempio, Belgio, Canada, Olanda, in cui anche i bambini posso venire \u201csuicidati\u201d) ce lo dimostra ampiamente. &nbsp;Si assiste ad un progressivo fenomeno di slittamento della coscienza sociale (definito dai sociologi \u201cslippery slope\u201d \u2013 china scivolosa) gi\u00e0 ampiamente sperimentato quando viene preso, come riferimento culturale e poi giuridico di discernimento, il criterio di \u201cvita non degna\u201d o \u201cnon pi\u00f9 degna di essere vissuta\u201d per decidere di conseguenza. Un criterio, questo, che \u2013 \u00e8 bene ricordarlo \u2013 non \u00e8 appannaggio esclusivo del nazional-socialismo\u2026\u201d.<\/p>\n","protected":false},"excerpt":{"rendered":"<p>l&#8217;avvocato Aldo Ciappi, referente dell\u2019Associazione Family Day\u2013Toscana, sul fine vita <\/p>\n","protected":false},"author":6,"featured_media":43202,"comment_status":"closed","ping_status":"closed","sticky":false,"template":"","format":"standard","meta":{"footnotes":""},"categories":[4,10,55],"tags":[2792,1581,606,3099],"class_list":["post-62151","post","type-post","status-publish","format-standard","has-post-thumbnail","hentry","category-bioetica","category-diritto","category-eutanasia","tag-cure-palliative","tag-fine-vita","tag-suicidio","tag-toscana","item-wrap"],"yoast_head":"<!-- This site is optimized with the Yoast SEO plugin v27.5 - https:\/\/yoast.com\/product\/yoast-seo-wordpress\/ -->\n<title>Sul \u201cfine vita\u201d serve una legge dello Stato - Rassegna Stampa Cattolica<\/title>\n<meta name=\"description\" content=\"Sul \u201cfine vita\u201d serve una legge dello Stato, le Regioni non possono decidere autonomamente . Intervista all&#039;avvocato Ciappi\" \/>\n<meta name=\"robots\" content=\"index, follow, max-snippet:-1, max-image-preview:large, max-video-preview:-1\" \/>\n<link rel=\"canonical\" href=\"https:\/\/www.rassegnastampa-totustuus.it\/cattolica\/sul-fine-vita-serve-una-legge-dello-stato\/\" \/>\n<meta property=\"og:locale\" content=\"it_IT\" \/>\n<meta property=\"og:type\" content=\"article\" \/>\n<meta property=\"og:title\" content=\"Sul \u201cfine vita\u201d serve una legge dello Stato - Rassegna Stampa Cattolica\" \/>\n<meta property=\"og:description\" content=\"Sul \u201cfine vita\u201d serve una legge dello Stato, le Regioni non possono decidere autonomamente . Intervista all&#039;avvocato Ciappi\" \/>\n<meta property=\"og:url\" content=\"https:\/\/www.rassegnastampa-totustuus.it\/cattolica\/sul-fine-vita-serve-una-legge-dello-stato\/\" \/>\n<meta property=\"og:site_name\" content=\"Rassegna Stampa Cattolica\" \/>\n<meta property=\"article:publisher\" content=\"https:\/\/www.facebook.com\/rassegnastampacattolica\" \/>\n<meta property=\"article:published_time\" content=\"2025-02-19T09:02:51+00:00\" \/>\n<meta property=\"article:modified_time\" content=\"2025-02-19T09:02:53+00:00\" \/>\n<meta property=\"og:image\" content=\"https:\/\/www.rassegnastampa-totustuus.it\/cattolica\/wp-content\/uploads\/2019\/06\/eutanasia.jpg\" \/>\n\t<meta property=\"og:image:width\" content=\"303\" \/>\n\t<meta property=\"og:image:height\" content=\"166\" \/>\n\t<meta property=\"og:image:type\" content=\"image\/jpeg\" \/>\n<meta name=\"author\" content=\"Redazione\" \/>\n<meta name=\"twitter:card\" content=\"summary_large_image\" \/>\n<meta name=\"twitter:creator\" content=\"@rassegnastampa9\" \/>\n<meta name=\"twitter:site\" content=\"@rassegnastampa9\" \/>\n<meta name=\"twitter:label1\" content=\"Scritto da\" \/>\n\t<meta name=\"twitter:data1\" content=\"Redazione\" \/>\n\t<meta name=\"twitter:label2\" content=\"Tempo di lettura stimato\" \/>\n\t<meta name=\"twitter:data2\" content=\"5 minuti\" \/>\n<script type=\"application\/ld+json\" class=\"yoast-schema-graph\">{\"@context\":\"https:\\\/\\\/schema.org\",\"@graph\":[{\"@type\":\"Article\",\"@id\":\"https:\\\/\\\/www.rassegnastampa-totustuus.it\\\/cattolica\\\/sul-fine-vita-serve-una-legge-dello-stato\\\/#article\",\"isPartOf\":{\"@id\":\"https:\\\/\\\/www.rassegnastampa-totustuus.it\\\/cattolica\\\/sul-fine-vita-serve-una-legge-dello-stato\\\/\"},\"author\":{\"name\":\"Redazione\",\"@id\":\"https:\\\/\\\/www.rassegnastampa-totustuus.it\\\/cattolica\\\/#\\\/schema\\\/person\\\/08f319d2bd1a0904ad9e2bfb7b15e5c3\"},\"headline\":\"Sul \u201cfine vita\u201d serve una legge dello Stato\",\"datePublished\":\"2025-02-19T09:02:51+00:00\",\"dateModified\":\"2025-02-19T09:02:53+00:00\",\"mainEntityOfPage\":{\"@id\":\"https:\\\/\\\/www.rassegnastampa-totustuus.it\\\/cattolica\\\/sul-fine-vita-serve-una-legge-dello-stato\\\/\"},\"wordCount\":672,\"publisher\":{\"@id\":\"https:\\\/\\\/www.rassegnastampa-totustuus.it\\\/cattolica\\\/#organization\"},\"image\":{\"@id\":\"https:\\\/\\\/www.rassegnastampa-totustuus.it\\\/cattolica\\\/sul-fine-vita-serve-una-legge-dello-stato\\\/#primaryimage\"},\"thumbnailUrl\":\"https:\\\/\\\/www.rassegnastampa-totustuus.it\\\/cattolica\\\/wp-content\\\/uploads\\\/2019\\\/06\\\/eutanasia.jpg\",\"keywords\":[\"cure palliative\",\"fine vita\",\"suicidio\",\"toscana\"],\"articleSection\":[\"Bioetica\",\"Diritto\",\"Eutanasia\"],\"inLanguage\":\"it-IT\"},{\"@type\":\"WebPage\",\"@id\":\"https:\\\/\\\/www.rassegnastampa-totustuus.it\\\/cattolica\\\/sul-fine-vita-serve-una-legge-dello-stato\\\/\",\"url\":\"https:\\\/\\\/www.rassegnastampa-totustuus.it\\\/cattolica\\\/sul-fine-vita-serve-una-legge-dello-stato\\\/\",\"name\":\"Sul \u201cfine vita\u201d serve una legge dello Stato - Rassegna Stampa Cattolica\",\"isPartOf\":{\"@id\":\"https:\\\/\\\/www.rassegnastampa-totustuus.it\\\/cattolica\\\/#website\"},\"primaryImageOfPage\":{\"@id\":\"https:\\\/\\\/www.rassegnastampa-totustuus.it\\\/cattolica\\\/sul-fine-vita-serve-una-legge-dello-stato\\\/#primaryimage\"},\"image\":{\"@id\":\"https:\\\/\\\/www.rassegnastampa-totustuus.it\\\/cattolica\\\/sul-fine-vita-serve-una-legge-dello-stato\\\/#primaryimage\"},\"thumbnailUrl\":\"https:\\\/\\\/www.rassegnastampa-totustuus.it\\\/cattolica\\\/wp-content\\\/uploads\\\/2019\\\/06\\\/eutanasia.jpg\",\"datePublished\":\"2025-02-19T09:02:51+00:00\",\"dateModified\":\"2025-02-19T09:02:53+00:00\",\"description\":\"Sul \u201cfine vita\u201d serve una legge dello Stato, le Regioni non possono decidere autonomamente . Intervista all'avvocato Ciappi\",\"breadcrumb\":{\"@id\":\"https:\\\/\\\/www.rassegnastampa-totustuus.it\\\/cattolica\\\/sul-fine-vita-serve-una-legge-dello-stato\\\/#breadcrumb\"},\"inLanguage\":\"it-IT\",\"potentialAction\":[{\"@type\":\"ReadAction\",\"target\":[\"https:\\\/\\\/www.rassegnastampa-totustuus.it\\\/cattolica\\\/sul-fine-vita-serve-una-legge-dello-stato\\\/\"]}]},{\"@type\":\"ImageObject\",\"inLanguage\":\"it-IT\",\"@id\":\"https:\\\/\\\/www.rassegnastampa-totustuus.it\\\/cattolica\\\/sul-fine-vita-serve-una-legge-dello-stato\\\/#primaryimage\",\"url\":\"https:\\\/\\\/www.rassegnastampa-totustuus.it\\\/cattolica\\\/wp-content\\\/uploads\\\/2019\\\/06\\\/eutanasia.jpg\",\"contentUrl\":\"https:\\\/\\\/www.rassegnastampa-totustuus.it\\\/cattolica\\\/wp-content\\\/uploads\\\/2019\\\/06\\\/eutanasia.jpg\",\"width\":303,\"height\":166},{\"@type\":\"BreadcrumbList\",\"@id\":\"https:\\\/\\\/www.rassegnastampa-totustuus.it\\\/cattolica\\\/sul-fine-vita-serve-una-legge-dello-stato\\\/#breadcrumb\",\"itemListElement\":[{\"@type\":\"ListItem\",\"position\":1,\"name\":\"Home\",\"item\":\"https:\\\/\\\/www.rassegnastampa-totustuus.it\\\/cattolica\\\/\"},{\"@type\":\"ListItem\",\"position\":2,\"name\":\"Sul \u201cfine vita\u201d serve una legge dello Stato\"}]},{\"@type\":\"WebSite\",\"@id\":\"https:\\\/\\\/www.rassegnastampa-totustuus.it\\\/cattolica\\\/#website\",\"url\":\"https:\\\/\\\/www.rassegnastampa-totustuus.it\\\/cattolica\\\/\",\"name\":\"Rassegna Stampa Cattolica\",\"description\":\"Per una cultura che nasce dalla Rivelazione cristiana in conformit\u00e0 alla tradizione e al Magistero della Chiesa in opposizione ad ogni relativismo e totalitarismo\",\"publisher\":{\"@id\":\"https:\\\/\\\/www.rassegnastampa-totustuus.it\\\/cattolica\\\/#organization\"},\"alternateName\":\"Rass. Cattolica\",\"potentialAction\":[{\"@type\":\"SearchAction\",\"target\":{\"@type\":\"EntryPoint\",\"urlTemplate\":\"https:\\\/\\\/www.rassegnastampa-totustuus.it\\\/cattolica\\\/?s={search_term_string}\"},\"query-input\":{\"@type\":\"PropertyValueSpecification\",\"valueRequired\":true,\"valueName\":\"search_term_string\"}}],\"inLanguage\":\"it-IT\"},{\"@type\":\"Organization\",\"@id\":\"https:\\\/\\\/www.rassegnastampa-totustuus.it\\\/cattolica\\\/#organization\",\"name\":\"Rassegna Stampa Cattolica\",\"url\":\"https:\\\/\\\/www.rassegnastampa-totustuus.it\\\/cattolica\\\/\",\"logo\":{\"@type\":\"ImageObject\",\"inLanguage\":\"it-IT\",\"@id\":\"https:\\\/\\\/www.rassegnastampa-totustuus.it\\\/cattolica\\\/#\\\/schema\\\/logo\\\/image\\\/\",\"url\":\"https:\\\/\\\/www.rassegnastampa-totustuus.it\\\/cattolica\\\/wp-content\\\/uploads\\\/2014\\\/04\\\/logo-rassegna1.gif\",\"contentUrl\":\"https:\\\/\\\/www.rassegnastampa-totustuus.it\\\/cattolica\\\/wp-content\\\/uploads\\\/2014\\\/04\\\/logo-rassegna1.gif\",\"width\":600,\"height\":163,\"caption\":\"Rassegna Stampa Cattolica\"},\"image\":{\"@id\":\"https:\\\/\\\/www.rassegnastampa-totustuus.it\\\/cattolica\\\/#\\\/schema\\\/logo\\\/image\\\/\"},\"sameAs\":[\"https:\\\/\\\/www.facebook.com\\\/rassegnastampacattolica\",\"https:\\\/\\\/x.com\\\/rassegnastampa9\"]},{\"@type\":\"Person\",\"@id\":\"https:\\\/\\\/www.rassegnastampa-totustuus.it\\\/cattolica\\\/#\\\/schema\\\/person\\\/08f319d2bd1a0904ad9e2bfb7b15e5c3\",\"name\":\"Redazione\",\"image\":{\"@type\":\"ImageObject\",\"inLanguage\":\"it-IT\",\"@id\":\"https:\\\/\\\/secure.gravatar.com\\\/avatar\\\/2fcdf27c78ea025fbdb44e914cc63c72249ffec9dc8aafd5c82b26240ef3f346?s=96&d=mm&r=g\",\"url\":\"https:\\\/\\\/secure.gravatar.com\\\/avatar\\\/2fcdf27c78ea025fbdb44e914cc63c72249ffec9dc8aafd5c82b26240ef3f346?s=96&d=mm&r=g\",\"contentUrl\":\"https:\\\/\\\/secure.gravatar.com\\\/avatar\\\/2fcdf27c78ea025fbdb44e914cc63c72249ffec9dc8aafd5c82b26240ef3f346?s=96&d=mm&r=g\",\"caption\":\"Redazione\"},\"url\":\"https:\\\/\\\/www.rassegnastampa-totustuus.it\\\/cattolica\\\/author\\\/pietroelle\\\/\"}]}<\/script>\n<!-- \/ Yoast SEO plugin. -->","yoast_head_json":{"title":"Sul \u201cfine vita\u201d serve una legge dello Stato - Rassegna Stampa Cattolica","description":"Sul \u201cfine vita\u201d serve una legge dello Stato, le Regioni non possono decidere autonomamente . Intervista all'avvocato Ciappi","robots":{"index":"index","follow":"follow","max-snippet":"max-snippet:-1","max-image-preview":"max-image-preview:large","max-video-preview":"max-video-preview:-1"},"canonical":"https:\/\/www.rassegnastampa-totustuus.it\/cattolica\/sul-fine-vita-serve-una-legge-dello-stato\/","og_locale":"it_IT","og_type":"article","og_title":"Sul \u201cfine vita\u201d serve una legge dello Stato - Rassegna Stampa Cattolica","og_description":"Sul \u201cfine vita\u201d serve una legge dello Stato, le Regioni non possono decidere autonomamente . Intervista all'avvocato Ciappi","og_url":"https:\/\/www.rassegnastampa-totustuus.it\/cattolica\/sul-fine-vita-serve-una-legge-dello-stato\/","og_site_name":"Rassegna Stampa Cattolica","article_publisher":"https:\/\/www.facebook.com\/rassegnastampacattolica","article_published_time":"2025-02-19T09:02:51+00:00","article_modified_time":"2025-02-19T09:02:53+00:00","og_image":[{"width":303,"height":166,"url":"https:\/\/www.rassegnastampa-totustuus.it\/cattolica\/wp-content\/uploads\/2019\/06\/eutanasia.jpg","type":"image\/jpeg"}],"author":"Redazione","twitter_card":"summary_large_image","twitter_creator":"@rassegnastampa9","twitter_site":"@rassegnastampa9","twitter_misc":{"Scritto da":"Redazione","Tempo di lettura stimato":"5 minuti"},"schema":{"@context":"https:\/\/schema.org","@graph":[{"@type":"Article","@id":"https:\/\/www.rassegnastampa-totustuus.it\/cattolica\/sul-fine-vita-serve-una-legge-dello-stato\/#article","isPartOf":{"@id":"https:\/\/www.rassegnastampa-totustuus.it\/cattolica\/sul-fine-vita-serve-una-legge-dello-stato\/"},"author":{"name":"Redazione","@id":"https:\/\/www.rassegnastampa-totustuus.it\/cattolica\/#\/schema\/person\/08f319d2bd1a0904ad9e2bfb7b15e5c3"},"headline":"Sul \u201cfine vita\u201d serve una legge dello Stato","datePublished":"2025-02-19T09:02:51+00:00","dateModified":"2025-02-19T09:02:53+00:00","mainEntityOfPage":{"@id":"https:\/\/www.rassegnastampa-totustuus.it\/cattolica\/sul-fine-vita-serve-una-legge-dello-stato\/"},"wordCount":672,"publisher":{"@id":"https:\/\/www.rassegnastampa-totustuus.it\/cattolica\/#organization"},"image":{"@id":"https:\/\/www.rassegnastampa-totustuus.it\/cattolica\/sul-fine-vita-serve-una-legge-dello-stato\/#primaryimage"},"thumbnailUrl":"https:\/\/www.rassegnastampa-totustuus.it\/cattolica\/wp-content\/uploads\/2019\/06\/eutanasia.jpg","keywords":["cure palliative","fine vita","suicidio","toscana"],"articleSection":["Bioetica","Diritto","Eutanasia"],"inLanguage":"it-IT"},{"@type":"WebPage","@id":"https:\/\/www.rassegnastampa-totustuus.it\/cattolica\/sul-fine-vita-serve-una-legge-dello-stato\/","url":"https:\/\/www.rassegnastampa-totustuus.it\/cattolica\/sul-fine-vita-serve-una-legge-dello-stato\/","name":"Sul \u201cfine vita\u201d serve una legge dello Stato - Rassegna Stampa Cattolica","isPartOf":{"@id":"https:\/\/www.rassegnastampa-totustuus.it\/cattolica\/#website"},"primaryImageOfPage":{"@id":"https:\/\/www.rassegnastampa-totustuus.it\/cattolica\/sul-fine-vita-serve-una-legge-dello-stato\/#primaryimage"},"image":{"@id":"https:\/\/www.rassegnastampa-totustuus.it\/cattolica\/sul-fine-vita-serve-una-legge-dello-stato\/#primaryimage"},"thumbnailUrl":"https:\/\/www.rassegnastampa-totustuus.it\/cattolica\/wp-content\/uploads\/2019\/06\/eutanasia.jpg","datePublished":"2025-02-19T09:02:51+00:00","dateModified":"2025-02-19T09:02:53+00:00","description":"Sul \u201cfine vita\u201d serve una legge dello Stato, le Regioni non possono decidere autonomamente . Intervista all'avvocato Ciappi","breadcrumb":{"@id":"https:\/\/www.rassegnastampa-totustuus.it\/cattolica\/sul-fine-vita-serve-una-legge-dello-stato\/#breadcrumb"},"inLanguage":"it-IT","potentialAction":[{"@type":"ReadAction","target":["https:\/\/www.rassegnastampa-totustuus.it\/cattolica\/sul-fine-vita-serve-una-legge-dello-stato\/"]}]},{"@type":"ImageObject","inLanguage":"it-IT","@id":"https:\/\/www.rassegnastampa-totustuus.it\/cattolica\/sul-fine-vita-serve-una-legge-dello-stato\/#primaryimage","url":"https:\/\/www.rassegnastampa-totustuus.it\/cattolica\/wp-content\/uploads\/2019\/06\/eutanasia.jpg","contentUrl":"https:\/\/www.rassegnastampa-totustuus.it\/cattolica\/wp-content\/uploads\/2019\/06\/eutanasia.jpg","width":303,"height":166},{"@type":"BreadcrumbList","@id":"https:\/\/www.rassegnastampa-totustuus.it\/cattolica\/sul-fine-vita-serve-una-legge-dello-stato\/#breadcrumb","itemListElement":[{"@type":"ListItem","position":1,"name":"Home","item":"https:\/\/www.rassegnastampa-totustuus.it\/cattolica\/"},{"@type":"ListItem","position":2,"name":"Sul \u201cfine vita\u201d serve una legge dello Stato"}]},{"@type":"WebSite","@id":"https:\/\/www.rassegnastampa-totustuus.it\/cattolica\/#website","url":"https:\/\/www.rassegnastampa-totustuus.it\/cattolica\/","name":"Rassegna Stampa Cattolica","description":"Per una cultura che nasce dalla Rivelazione cristiana in conformit\u00e0 alla tradizione e al Magistero della Chiesa in opposizione ad ogni relativismo e totalitarismo","publisher":{"@id":"https:\/\/www.rassegnastampa-totustuus.it\/cattolica\/#organization"},"alternateName":"Rass. Cattolica","potentialAction":[{"@type":"SearchAction","target":{"@type":"EntryPoint","urlTemplate":"https:\/\/www.rassegnastampa-totustuus.it\/cattolica\/?s={search_term_string}"},"query-input":{"@type":"PropertyValueSpecification","valueRequired":true,"valueName":"search_term_string"}}],"inLanguage":"it-IT"},{"@type":"Organization","@id":"https:\/\/www.rassegnastampa-totustuus.it\/cattolica\/#organization","name":"Rassegna Stampa Cattolica","url":"https:\/\/www.rassegnastampa-totustuus.it\/cattolica\/","logo":{"@type":"ImageObject","inLanguage":"it-IT","@id":"https:\/\/www.rassegnastampa-totustuus.it\/cattolica\/#\/schema\/logo\/image\/","url":"https:\/\/www.rassegnastampa-totustuus.it\/cattolica\/wp-content\/uploads\/2014\/04\/logo-rassegna1.gif","contentUrl":"https:\/\/www.rassegnastampa-totustuus.it\/cattolica\/wp-content\/uploads\/2014\/04\/logo-rassegna1.gif","width":600,"height":163,"caption":"Rassegna Stampa Cattolica"},"image":{"@id":"https:\/\/www.rassegnastampa-totustuus.it\/cattolica\/#\/schema\/logo\/image\/"},"sameAs":["https:\/\/www.facebook.com\/rassegnastampacattolica","https:\/\/x.com\/rassegnastampa9"]},{"@type":"Person","@id":"https:\/\/www.rassegnastampa-totustuus.it\/cattolica\/#\/schema\/person\/08f319d2bd1a0904ad9e2bfb7b15e5c3","name":"Redazione","image":{"@type":"ImageObject","inLanguage":"it-IT","@id":"https:\/\/secure.gravatar.com\/avatar\/2fcdf27c78ea025fbdb44e914cc63c72249ffec9dc8aafd5c82b26240ef3f346?s=96&d=mm&r=g","url":"https:\/\/secure.gravatar.com\/avatar\/2fcdf27c78ea025fbdb44e914cc63c72249ffec9dc8aafd5c82b26240ef3f346?s=96&d=mm&r=g","contentUrl":"https:\/\/secure.gravatar.com\/avatar\/2fcdf27c78ea025fbdb44e914cc63c72249ffec9dc8aafd5c82b26240ef3f346?s=96&d=mm&r=g","caption":"Redazione"},"url":"https:\/\/www.rassegnastampa-totustuus.it\/cattolica\/author\/pietroelle\/"}]}},"_links":{"self":[{"href":"https:\/\/www.rassegnastampa-totustuus.it\/cattolica\/wp-json\/wp\/v2\/posts\/62151","targetHints":{"allow":["GET"]}}],"collection":[{"href":"https:\/\/www.rassegnastampa-totustuus.it\/cattolica\/wp-json\/wp\/v2\/posts"}],"about":[{"href":"https:\/\/www.rassegnastampa-totustuus.it\/cattolica\/wp-json\/wp\/v2\/types\/post"}],"author":[{"embeddable":true,"href":"https:\/\/www.rassegnastampa-totustuus.it\/cattolica\/wp-json\/wp\/v2\/users\/6"}],"replies":[{"embeddable":true,"href":"https:\/\/www.rassegnastampa-totustuus.it\/cattolica\/wp-json\/wp\/v2\/comments?post=62151"}],"version-history":[{"count":1,"href":"https:\/\/www.rassegnastampa-totustuus.it\/cattolica\/wp-json\/wp\/v2\/posts\/62151\/revisions"}],"predecessor-version":[{"id":62153,"href":"https:\/\/www.rassegnastampa-totustuus.it\/cattolica\/wp-json\/wp\/v2\/posts\/62151\/revisions\/62153"}],"wp:featuredmedia":[{"embeddable":true,"href":"https:\/\/www.rassegnastampa-totustuus.it\/cattolica\/wp-json\/wp\/v2\/media\/43202"}],"wp:attachment":[{"href":"https:\/\/www.rassegnastampa-totustuus.it\/cattolica\/wp-json\/wp\/v2\/media?parent=62151"}],"wp:term":[{"taxonomy":"category","embeddable":true,"href":"https:\/\/www.rassegnastampa-totustuus.it\/cattolica\/wp-json\/wp\/v2\/categories?post=62151"},{"taxonomy":"post_tag","embeddable":true,"href":"https:\/\/www.rassegnastampa-totustuus.it\/cattolica\/wp-json\/wp\/v2\/tags?post=62151"}],"curies":[{"name":"wp","href":"https:\/\/api.w.org\/{rel}","templated":true}]}}