{"id":62148,"date":"2025-02-19T09:32:43","date_gmt":"2025-02-19T08:32:43","guid":{"rendered":"https:\/\/www.rassegnastampa-totustuus.it\/cattolica\/?p=62148"},"modified":"2025-02-19T09:32:45","modified_gmt":"2025-02-19T08:32:45","slug":"sapete-chi-e-franceschiello","status":"publish","type":"post","link":"https:\/\/www.rassegnastampa-totustuus.it\/cattolica\/sapete-chi-e-franceschiello\/","title":{"rendered":"Sapete chi \u00e8 \u201cFranceschiello\u201d?"},"content":{"rendered":"\n<p class=\"has-text-align-center\"><strong><a href=\"https:\/\/www.informazionecattolica.it\/\" target=\"_blank\" rel=\"noreferrer noopener\">InFormazione cattolica<\/a> <\/strong>19 febbraio 2025<\/p>\n\n\n\n<p class=\"has-text-align-center\"><em>Franceschiello, servo di Dio, l\u2019ultimo Re delle Due Sicilie<\/em><\/p>\n\n\n\n<p class=\"has-text-align-center\">di <strong><a href=\"https:\/\/www.informazionecattolica.it\/tag\/francesco-bellanti\/\" target=\"_blank\" rel=\"noreferrer noopener\">Francesco Bellanti<\/a><\/strong><\/p>\n\n\n\n<p>Anche le storie tristi aprono squarci di speranza e di fede. In questo articolo vogliamo proporvi la storia breve di Francesco II Borbone detto Franceschiello \u2013 deposto il 13 febbraio 1861 \u2013 e di sua moglie Maria Sofia di Baviera, due vittime della storia.<\/p>\n\n\n<div class=\"wp-block-image\">\n<figure class=\"aligncenter size-full is-resized\"><a href=\"https:\/\/www.rassegnastampa-totustuus.it\/cattolica\/wp-content\/uploads\/2025\/02\/Francesco_II_Due-Sicilie_Risorgimento.jpg\"><img loading=\"lazy\" decoding=\"async\" width=\"323\" height=\"456\" src=\"https:\/\/www.rassegnastampa-totustuus.it\/cattolica\/wp-content\/uploads\/2025\/02\/Francesco_II_Due-Sicilie_Risorgimento.jpg\" alt=\"\" class=\"wp-image-62149\" style=\"width:251px;height:auto\"\/><\/a><\/figure><\/div>\n\n\n<!--more-->\n\n\n\n<p>Il 16 gennaio del 1836 nasceva, a Napoli, Francesco II Borbone, (nome completo Francesco d\u2019Assisi Maria Leopoldo di Borbone-Due Sicilie) soprannominato \u201cIl Re Lasagna\u201d per la sua golosit\u00e0 e \u201cFranceschiello\u201d per deridere una figura di sovrano che aveva regnato meno di un anno e che aveva perduto il Regno a opera del cugino traditore Vittorio Emanuele II. Era figlio di Ferdinando II Re delle Due Sicilie, e della sua prima moglie, la principessa Maria Cristina di Savoia, figlia del re di Sardegna Vittorio Emanuele I, sarebbe morto il 27 dicembre 1894 ad Arco, Trento, allora sotto il dominio dell\u2019Impero di Austria-Ungheria, dove si recava spesso per sottoporsi a cure termali.<\/p>\n\n\n\n<p>Spos\u00f2 nel 1859 la duchessa Maria Sofia di Baviera (Castello di Possenhofen, 4 ottobre 1841 \u2013 Monaco di Baviera, 19 gennaio 1925), sorella dell\u2019imperatrice Elisabetta d\u2019Austria e moglie di Francesco Giuseppe d\u2019Austria, la famosa Sissi, cugina del re Ludovico II di Baviera. Maria Sofia di Baviera era pi\u00f9 giovane di lui di cinque anni, e un temperamento opposto al suo. Francesco II, che soffriva di fimosi, ed era di natura schiva e riservata, ritard\u00f2 la consumazione del matrimonio per ben nove anni, fin quando non ricorse a un intervento chirurgico per rimediare all\u2019incresciosa situazione.<\/p>\n\n\n<div class=\"wp-block-image\">\n<figure class=\"aligncenter size-large is-resized\"><a href=\"https:\/\/www.rassegnastampa-totustuus.it\/cattolica\/wp-content\/uploads\/2020\/07\/Italia_borboni_risorgimento.png\"><img loading=\"lazy\" decoding=\"async\" width=\"1024\" height=\"683\" src=\"https:\/\/www.rassegnastampa-totustuus.it\/cattolica\/wp-content\/uploads\/2020\/07\/Italia_borboni_risorgimento-1024x683.png\" alt=\"\" class=\"wp-image-47935\" style=\"width:398px;height:auto\" srcset=\"https:\/\/www.rassegnastampa-totustuus.it\/cattolica\/wp-content\/uploads\/2020\/07\/Italia_borboni_risorgimento-1024x683.png 1024w, https:\/\/www.rassegnastampa-totustuus.it\/cattolica\/wp-content\/uploads\/2020\/07\/Italia_borboni_risorgimento-300x200.png 300w, https:\/\/www.rassegnastampa-totustuus.it\/cattolica\/wp-content\/uploads\/2020\/07\/Italia_borboni_risorgimento-768x512.png 768w, https:\/\/www.rassegnastampa-totustuus.it\/cattolica\/wp-content\/uploads\/2020\/07\/Italia_borboni_risorgimento.png 1200w\" sizes=\"auto, (max-width: 1024px) 100vw, 1024px\" \/><\/a><\/figure><\/div>\n\n\n<p>In quel tragico tempo dell\u2019esilio a Roma, la moglie non poteva stare sempre con le mani in mano, e s\u2019innamor\u00f2 di uno zuavo pontificio parigino, parente di Jules Verne, e rimase incinta e, per nascondere la gravidanza, si rec\u00f2 dai genitori a Possenhofen, dove, su consiglio della sua famiglia, partor\u00ec in segreto una bambina, Daisy, per evitare lo scandalo. Si pent\u00ec e rivel\u00f2, su consiglio dei genitori, la relazione al marito, e in seguito il loro rapporto miglior\u00f2.&nbsp;Ebbero, Francesco II e Maria Sofia, una sola figlia, Maria Cristina Pia di Borbone-Due Sicilie, che purtroppo mor\u00ec a soli tre mesi d\u2019et\u00e0.<\/p>\n\n\n\n<p>Maria Sofia di Baviera, tuttavia, non pass\u00f2 alla storia solo per questo (comprensibile) tradimento, ma soprattutto perch\u00e9, gi\u00e0 eroina durante l\u2019assedio della piazzaforte di Gaeta, nell\u2019esilio di Parigi e anche dopo la morte del marito, non cess\u00f2 di lottare per la riconquista del suo Regno, di cui fu regina per nemmeno due anni, e pare che si sia avvicinata ai socialisti e agli anarchici per destabilizzare, anche con attentati, il Regno d\u2019Italia. Durante la sua vita, Maria Sofia ebbe l\u2019ammirazione anche dai suoi accaniti nemici politici. Gabriele D\u2019Annunzio la soprannomin\u00f2, infatti, <em>Aquiletta Bavara<\/em> e Marcel Proust disse di lei che fu <em>regina soldato sui bastioni di Gaeta<\/em>.<\/p>\n\n\n\n<p>Non la amarono, ovviamente, i Piemontesi, che nel febbraio 1862, con quello che pass\u00f2 alla storia come il primo sporco fotomontaggio, fecero circolare di lei alcune foto che la ritraevano senza veli e che furono diffuse in tutte le corti d\u2019Europa. Le foto, infatti, in seguito a indagini accurate della polizia pontificia, si rivelarono essere abili manipolazioni nelle quali il capo della regina era stato montato su un corpo di una giovane prostituta romana, ritratta in pose sessuali lascive. Non facciamo i nomi della prostituta e del fotografo per non dare loro pubblicit\u00e0. Anche questo obbrobrio seppero compiere i liberali piemontesi. Maria Sofia di Baviera, anche lei una vittima della storia.<\/p>\n\n\n<div class=\"wp-block-image\">\n<figure class=\"aligncenter size-full is-resized\"><a href=\"https:\/\/www.rassegnastampa-totustuus.it\/cattolica\/wp-content\/uploads\/2019\/11\/Francesco-_II_Borbone_Risorgimento.jpg\"><img loading=\"lazy\" decoding=\"async\" width=\"252\" height=\"200\" src=\"https:\/\/www.rassegnastampa-totustuus.it\/cattolica\/wp-content\/uploads\/2019\/11\/Francesco-_II_Borbone_Risorgimento.jpg\" alt=\"\" class=\"wp-image-45173\" style=\"width:294px;height:auto\"\/><\/a><\/figure><\/div>\n\n\n<p>Ma torniamo all\u2019ultimo Re delle Due Sicilie. Francesco II sal\u00ec sul trono il 22 maggio 1859 e fu deposto il 13 febbraio 1861, dopo l\u2019annessione del suo Regno al Regno d\u2019Italia, e and\u00f2 in esilio con la moglie prima a Roma e poi a Parigi, in difficolt\u00e0 economiche, perch\u00e9 non rinunci\u00f2 mai ai suoi diritti sul trono delle Due Sicilie e dunque non gli furono restituiti i suoi beni (non aveva nemmeno ritirato i suoi soldi dalle banche, quando si rifugi\u00f2 nella fortezza di Gaeta, in seguito all\u2019avanzata dell\u2019esercito mercenario di Garibaldi).<\/p>\n\n\n\n<p>Affascinato sempre dalla sorte dei vinti pi\u00f9 che da quella dei vincitori, mi ha sempre colpito la vicenda di un uomo che io ritengo una vittima della storia. Uomo di grande e vera religiosit\u00e0, che vedeva nel Papa un faro di civilt\u00e0, mor\u00ec in odore di santit\u00e0, a tal punto che \u00e8 divenuto Servo di Dio il 16 dicembre 2020 dopo l\u2019apertura della causa di canonizzazione annunciata dal Cardinale Crescenzo Pepe. Disse di s\u00e9: \u2018Io sono Napolitano; nato tra voi, non ho respirato altr\u2019aria, non ho veduti altri Paesi, non conosco altro suolo, che il suolo natio. Tutte le mie affezioni sono dentro il Regno: i vostri costumi sono i miei costumi, la vostra lingua la mia lingua, le vostre ambizioni mie ambizioni\u2019.<\/p>\n\n\n\n<p>Fu una vittima della storia perch\u00e9 pag\u00f2 le colpe di suo padre Ferdinando II, che si era inimicato i nobili e gli aristocratici siciliani, ma anche il popolo di Sicilia, tradito pi\u00f9 volte, e che isol\u00f2 il suo Regno sul piano internazionale, e soprattutto si lasci\u00f2 sfuggire l\u2019occasione di mettersi a capo del processo risorgimentale e di proiettare il suo Regno in una dimensione europea.<\/p>\n\n\n\n<p>Ferdinando II, questa la sua colpa maggiore, si lasci\u00f2 travolgere da politici intelligentissimi e cinici come Cavour e da avventurieri senza scrupoli come Giuseppe Garibaldi, che con un esercito di mercenari europei, con torbidi e tradimenti degli alti ufficiali borbonici, con l\u2019aiuto dell\u2019Inghilterra e della massoneria europea, con il beneplacito delle Cancellerie europee per quella che in realt\u00e0 fu una vera e propria aggressione internazionale contro uno Stato sovrano e pacifico, consegn\u00f2 il Regno delle Due Sicilie al quasi fallito Regno di Sardegna dei piemontesi.<\/p>\n\n\n<div class=\"wp-block-image\">\n<figure class=\"aligncenter size-full is-resized\"><a href=\"https:\/\/www.rassegnastampa-totustuus.it\/cattolica\/wp-content\/uploads\/2005\/09\/Regno_sud.jpg\"><img loading=\"lazy\" decoding=\"async\" width=\"215\" height=\"188\" src=\"https:\/\/www.rassegnastampa-totustuus.it\/cattolica\/wp-content\/uploads\/2005\/09\/Regno_sud.jpg\" alt=\"\" class=\"wp-image-28067\" style=\"width:299px;height:auto\"\/><\/a><\/figure><\/div>\n\n\n<p>Voglio ricordare questo Re buono, timido, educato con rigida educazione religiosa e morale dai Padri Scolopi come vittima di una storia pi\u00f9 grande di lui, di un processo di cui fu responsabile, come dicevo, suo padre Ferdinando II, perch\u00e9 Francesco II, per quel poco che pot\u00e9 fare nel brevissimo periodo in cui fu Re, govern\u00f2 bene, realizzando riforme amministrative, commerciali e agricole a favore dei contadini, e progetti ferroviari e stradali.<\/p>\n\n\n\n<p>Ma ormai la storia andava in un\u2019altra direzione, quella che suo padre non seppe cogliere, e fu cos\u00ec che lo Stato pi\u00f9 popoloso, moderno e ricco d\u2019Italia, con i suoi dieci milioni di abitanti, con uno degli eserciti pi\u00f9 potenti d\u2019Europa, a causa dei tradimenti di generali e di complotti internazionali, fu annesso da un Regno di Sardegna fortemente indebitato che risolse cos\u00ec i suoi problemi a danno del Sud con conseguenze nefaste che si avvertono ancora oggi.<\/p>\n\n\n\n<p>Uomo onesto e probo, che rifiut\u00f2 di espandere i propri domini con la spartizione (insieme con il Piemonte) dello Stato Pontificio, \u201cChella \u00e8 robba d\u2019 \u2018o Papa!\u201d, pare abbia detto al nefando cugino Vittorio Emanuele II, che gli aveva proposto di spartirsi lo Stato Pontificio.<\/p>\n\n\n\n<p>Francesco II Borbone denunci\u00f2 agli Stati d\u2019Europa l\u2019ingiustizia di un atto di pirateria ordito dal Piemonte e dall\u2019Inghilterra contro un Regno che era in pace con tutti, profetizzando che l\u00ec cominciava il declino dell\u2019Italia e dell\u2019Europa. Non ebbe tutti i torti, ma in fondo egli ebbe solo una colpa, quella di chi perde, di chi non pu\u00f2 far nulla per non lasciarsi travolgere dagli eventi. Divenuto, come dicevamo, Servo di Dio il 16 dicembre 2020, ebbe per la sua fede \u2013 e continuer\u00e0 ad avere \u2013 in Cielo manzonianamente quello che non pot\u00e9 avere sulla terra. Dove ebbe in sorte solo quella di trovarsi dalla parte sbagliata della storia.<\/p>\n","protected":false},"excerpt":{"rendered":"<p>un inedito ritratto di Francesco II Borbone e la regina Maria Sofia<\/p>\n","protected":false},"author":6,"featured_media":0,"comment_status":"closed","ping_status":"closed","sticky":false,"template":"","format":"standard","meta":{"footnotes":""},"categories":[18,101,96],"tags":[3104,3105,1029,3106,3107],"class_list":["post-62148","post","type-post","status-publish","format-standard","hentry","category-personaggi","category-risorgimento","category-storia-italiana","tag-francesco-ii-borbone","tag-maria-sofia-di-baviera","tag-regno-delle-due-sicilie","tag-regno-di-sardegna","tag-vittorio-emanuele-ii","item-wrap"],"yoast_head":"<!-- This site is optimized with the Yoast SEO plugin v27.5 - https:\/\/yoast.com\/product\/yoast-seo-wordpress\/ -->\n<title>Sapete chi \u00e8 \u201cFranceschiello\u201d? - Rassegna Stampa Cattolica<\/title>\n<meta name=\"description\" content=\"Sapete chi \u00e8 \u201cFranceschiello\u201d? proclamato servo di Dio nel 2020 fu un re &quot;buono&quot; che si fece travolgere da politici cinici come Cavour\" \/>\n<meta name=\"robots\" content=\"index, follow, max-snippet:-1, max-image-preview:large, max-video-preview:-1\" \/>\n<link rel=\"canonical\" href=\"https:\/\/www.rassegnastampa-totustuus.it\/cattolica\/sapete-chi-e-franceschiello\/\" \/>\n<meta property=\"og:locale\" content=\"it_IT\" \/>\n<meta property=\"og:type\" content=\"article\" \/>\n<meta property=\"og:title\" content=\"Sapete chi \u00e8 \u201cFranceschiello\u201d? - Rassegna Stampa Cattolica\" \/>\n<meta property=\"og:description\" content=\"Sapete chi \u00e8 \u201cFranceschiello\u201d? proclamato servo di Dio nel 2020 fu un re &quot;buono&quot; che si fece travolgere da politici cinici come Cavour\" \/>\n<meta property=\"og:url\" content=\"https:\/\/www.rassegnastampa-totustuus.it\/cattolica\/sapete-chi-e-franceschiello\/\" \/>\n<meta property=\"og:site_name\" content=\"Rassegna Stampa Cattolica\" \/>\n<meta property=\"article:publisher\" content=\"https:\/\/www.facebook.com\/rassegnastampacattolica\" \/>\n<meta property=\"article:published_time\" content=\"2025-02-19T08:32:43+00:00\" \/>\n<meta property=\"article:modified_time\" content=\"2025-02-19T08:32:45+00:00\" \/>\n<meta property=\"og:image\" content=\"https:\/\/www.rassegnastampa-totustuus.it\/cattolica\/wp-content\/uploads\/2025\/02\/Francesco_II_Due-Sicilie_Risorgimento.jpg\" \/>\n\t<meta property=\"og:image:width\" content=\"323\" \/>\n\t<meta property=\"og:image:height\" content=\"456\" \/>\n\t<meta property=\"og:image:type\" content=\"image\/jpeg\" \/>\n<meta name=\"author\" content=\"Redazione\" \/>\n<meta name=\"twitter:card\" content=\"summary_large_image\" \/>\n<meta name=\"twitter:creator\" content=\"@rassegnastampa9\" \/>\n<meta name=\"twitter:site\" content=\"@rassegnastampa9\" \/>\n<meta name=\"twitter:label1\" content=\"Scritto da\" \/>\n\t<meta name=\"twitter:data1\" content=\"Redazione\" \/>\n\t<meta name=\"twitter:label2\" content=\"Tempo di lettura stimato\" \/>\n\t<meta name=\"twitter:data2\" content=\"8 minuti\" \/>\n<script type=\"application\/ld+json\" class=\"yoast-schema-graph\">{\"@context\":\"https:\\\/\\\/schema.org\",\"@graph\":[{\"@type\":\"Article\",\"@id\":\"https:\\\/\\\/www.rassegnastampa-totustuus.it\\\/cattolica\\\/sapete-chi-e-franceschiello\\\/#article\",\"isPartOf\":{\"@id\":\"https:\\\/\\\/www.rassegnastampa-totustuus.it\\\/cattolica\\\/sapete-chi-e-franceschiello\\\/\"},\"author\":{\"name\":\"Redazione\",\"@id\":\"https:\\\/\\\/www.rassegnastampa-totustuus.it\\\/cattolica\\\/#\\\/schema\\\/person\\\/08f319d2bd1a0904ad9e2bfb7b15e5c3\"},\"headline\":\"Sapete chi \u00e8 \u201cFranceschiello\u201d?\",\"datePublished\":\"2025-02-19T08:32:43+00:00\",\"dateModified\":\"2025-02-19T08:32:45+00:00\",\"mainEntityOfPage\":{\"@id\":\"https:\\\/\\\/www.rassegnastampa-totustuus.it\\\/cattolica\\\/sapete-chi-e-franceschiello\\\/\"},\"wordCount\":1261,\"publisher\":{\"@id\":\"https:\\\/\\\/www.rassegnastampa-totustuus.it\\\/cattolica\\\/#organization\"},\"image\":{\"@id\":\"https:\\\/\\\/www.rassegnastampa-totustuus.it\\\/cattolica\\\/sapete-chi-e-franceschiello\\\/#primaryimage\"},\"thumbnailUrl\":\"https:\\\/\\\/www.rassegnastampa-totustuus.it\\\/cattolica\\\/wp-content\\\/uploads\\\/2025\\\/02\\\/Francesco_II_Due-Sicilie_Risorgimento.jpg\",\"keywords\":[\"Francesco II Borbone\",\"Maria Sofia di baviera\",\"Regno delle Due Sicilie\",\"Regno di Sardegna\",\"Vittorio Emanuele II\"],\"articleSection\":[\"Personaggi\",\"Risorgimento\",\"Storia italiana\"],\"inLanguage\":\"it-IT\"},{\"@type\":\"WebPage\",\"@id\":\"https:\\\/\\\/www.rassegnastampa-totustuus.it\\\/cattolica\\\/sapete-chi-e-franceschiello\\\/\",\"url\":\"https:\\\/\\\/www.rassegnastampa-totustuus.it\\\/cattolica\\\/sapete-chi-e-franceschiello\\\/\",\"name\":\"Sapete chi \u00e8 \u201cFranceschiello\u201d? - Rassegna Stampa Cattolica\",\"isPartOf\":{\"@id\":\"https:\\\/\\\/www.rassegnastampa-totustuus.it\\\/cattolica\\\/#website\"},\"primaryImageOfPage\":{\"@id\":\"https:\\\/\\\/www.rassegnastampa-totustuus.it\\\/cattolica\\\/sapete-chi-e-franceschiello\\\/#primaryimage\"},\"image\":{\"@id\":\"https:\\\/\\\/www.rassegnastampa-totustuus.it\\\/cattolica\\\/sapete-chi-e-franceschiello\\\/#primaryimage\"},\"thumbnailUrl\":\"https:\\\/\\\/www.rassegnastampa-totustuus.it\\\/cattolica\\\/wp-content\\\/uploads\\\/2025\\\/02\\\/Francesco_II_Due-Sicilie_Risorgimento.jpg\",\"datePublished\":\"2025-02-19T08:32:43+00:00\",\"dateModified\":\"2025-02-19T08:32:45+00:00\",\"description\":\"Sapete chi \u00e8 \u201cFranceschiello\u201d? proclamato servo di Dio nel 2020 fu un re \\\"buono\\\" che si fece travolgere da politici cinici come Cavour\",\"breadcrumb\":{\"@id\":\"https:\\\/\\\/www.rassegnastampa-totustuus.it\\\/cattolica\\\/sapete-chi-e-franceschiello\\\/#breadcrumb\"},\"inLanguage\":\"it-IT\",\"potentialAction\":[{\"@type\":\"ReadAction\",\"target\":[\"https:\\\/\\\/www.rassegnastampa-totustuus.it\\\/cattolica\\\/sapete-chi-e-franceschiello\\\/\"]}]},{\"@type\":\"ImageObject\",\"inLanguage\":\"it-IT\",\"@id\":\"https:\\\/\\\/www.rassegnastampa-totustuus.it\\\/cattolica\\\/sapete-chi-e-franceschiello\\\/#primaryimage\",\"url\":\"https:\\\/\\\/www.rassegnastampa-totustuus.it\\\/cattolica\\\/wp-content\\\/uploads\\\/2025\\\/02\\\/Francesco_II_Due-Sicilie_Risorgimento.jpg\",\"contentUrl\":\"https:\\\/\\\/www.rassegnastampa-totustuus.it\\\/cattolica\\\/wp-content\\\/uploads\\\/2025\\\/02\\\/Francesco_II_Due-Sicilie_Risorgimento.jpg\"},{\"@type\":\"BreadcrumbList\",\"@id\":\"https:\\\/\\\/www.rassegnastampa-totustuus.it\\\/cattolica\\\/sapete-chi-e-franceschiello\\\/#breadcrumb\",\"itemListElement\":[{\"@type\":\"ListItem\",\"position\":1,\"name\":\"Home\",\"item\":\"https:\\\/\\\/www.rassegnastampa-totustuus.it\\\/cattolica\\\/\"},{\"@type\":\"ListItem\",\"position\":2,\"name\":\"Sapete chi \u00e8 \u201cFranceschiello\u201d?\"}]},{\"@type\":\"WebSite\",\"@id\":\"https:\\\/\\\/www.rassegnastampa-totustuus.it\\\/cattolica\\\/#website\",\"url\":\"https:\\\/\\\/www.rassegnastampa-totustuus.it\\\/cattolica\\\/\",\"name\":\"Rassegna Stampa Cattolica\",\"description\":\"Per una cultura che nasce dalla Rivelazione cristiana in conformit\u00e0 alla tradizione e al Magistero della Chiesa in opposizione ad ogni relativismo e totalitarismo\",\"publisher\":{\"@id\":\"https:\\\/\\\/www.rassegnastampa-totustuus.it\\\/cattolica\\\/#organization\"},\"alternateName\":\"Rass. Cattolica\",\"potentialAction\":[{\"@type\":\"SearchAction\",\"target\":{\"@type\":\"EntryPoint\",\"urlTemplate\":\"https:\\\/\\\/www.rassegnastampa-totustuus.it\\\/cattolica\\\/?s={search_term_string}\"},\"query-input\":{\"@type\":\"PropertyValueSpecification\",\"valueRequired\":true,\"valueName\":\"search_term_string\"}}],\"inLanguage\":\"it-IT\"},{\"@type\":\"Organization\",\"@id\":\"https:\\\/\\\/www.rassegnastampa-totustuus.it\\\/cattolica\\\/#organization\",\"name\":\"Rassegna Stampa Cattolica\",\"url\":\"https:\\\/\\\/www.rassegnastampa-totustuus.it\\\/cattolica\\\/\",\"logo\":{\"@type\":\"ImageObject\",\"inLanguage\":\"it-IT\",\"@id\":\"https:\\\/\\\/www.rassegnastampa-totustuus.it\\\/cattolica\\\/#\\\/schema\\\/logo\\\/image\\\/\",\"url\":\"https:\\\/\\\/www.rassegnastampa-totustuus.it\\\/cattolica\\\/wp-content\\\/uploads\\\/2014\\\/04\\\/logo-rassegna1.gif\",\"contentUrl\":\"https:\\\/\\\/www.rassegnastampa-totustuus.it\\\/cattolica\\\/wp-content\\\/uploads\\\/2014\\\/04\\\/logo-rassegna1.gif\",\"width\":600,\"height\":163,\"caption\":\"Rassegna Stampa Cattolica\"},\"image\":{\"@id\":\"https:\\\/\\\/www.rassegnastampa-totustuus.it\\\/cattolica\\\/#\\\/schema\\\/logo\\\/image\\\/\"},\"sameAs\":[\"https:\\\/\\\/www.facebook.com\\\/rassegnastampacattolica\",\"https:\\\/\\\/x.com\\\/rassegnastampa9\"]},{\"@type\":\"Person\",\"@id\":\"https:\\\/\\\/www.rassegnastampa-totustuus.it\\\/cattolica\\\/#\\\/schema\\\/person\\\/08f319d2bd1a0904ad9e2bfb7b15e5c3\",\"name\":\"Redazione\",\"image\":{\"@type\":\"ImageObject\",\"inLanguage\":\"it-IT\",\"@id\":\"https:\\\/\\\/secure.gravatar.com\\\/avatar\\\/2fcdf27c78ea025fbdb44e914cc63c72249ffec9dc8aafd5c82b26240ef3f346?s=96&d=mm&r=g\",\"url\":\"https:\\\/\\\/secure.gravatar.com\\\/avatar\\\/2fcdf27c78ea025fbdb44e914cc63c72249ffec9dc8aafd5c82b26240ef3f346?s=96&d=mm&r=g\",\"contentUrl\":\"https:\\\/\\\/secure.gravatar.com\\\/avatar\\\/2fcdf27c78ea025fbdb44e914cc63c72249ffec9dc8aafd5c82b26240ef3f346?s=96&d=mm&r=g\",\"caption\":\"Redazione\"},\"url\":\"https:\\\/\\\/www.rassegnastampa-totustuus.it\\\/cattolica\\\/author\\\/pietroelle\\\/\"}]}<\/script>\n<!-- \/ Yoast SEO plugin. -->","yoast_head_json":{"title":"Sapete chi \u00e8 \u201cFranceschiello\u201d? - Rassegna Stampa Cattolica","description":"Sapete chi \u00e8 \u201cFranceschiello\u201d? proclamato servo di Dio nel 2020 fu un re \"buono\" che si fece travolgere da politici cinici come Cavour","robots":{"index":"index","follow":"follow","max-snippet":"max-snippet:-1","max-image-preview":"max-image-preview:large","max-video-preview":"max-video-preview:-1"},"canonical":"https:\/\/www.rassegnastampa-totustuus.it\/cattolica\/sapete-chi-e-franceschiello\/","og_locale":"it_IT","og_type":"article","og_title":"Sapete chi \u00e8 \u201cFranceschiello\u201d? - Rassegna Stampa Cattolica","og_description":"Sapete chi \u00e8 \u201cFranceschiello\u201d? proclamato servo di Dio nel 2020 fu un re \"buono\" che si fece travolgere da politici cinici come Cavour","og_url":"https:\/\/www.rassegnastampa-totustuus.it\/cattolica\/sapete-chi-e-franceschiello\/","og_site_name":"Rassegna Stampa Cattolica","article_publisher":"https:\/\/www.facebook.com\/rassegnastampacattolica","article_published_time":"2025-02-19T08:32:43+00:00","article_modified_time":"2025-02-19T08:32:45+00:00","og_image":[{"width":323,"height":456,"url":"https:\/\/www.rassegnastampa-totustuus.it\/cattolica\/wp-content\/uploads\/2025\/02\/Francesco_II_Due-Sicilie_Risorgimento.jpg","type":"image\/jpeg"}],"author":"Redazione","twitter_card":"summary_large_image","twitter_creator":"@rassegnastampa9","twitter_site":"@rassegnastampa9","twitter_misc":{"Scritto da":"Redazione","Tempo di lettura stimato":"8 minuti"},"schema":{"@context":"https:\/\/schema.org","@graph":[{"@type":"Article","@id":"https:\/\/www.rassegnastampa-totustuus.it\/cattolica\/sapete-chi-e-franceschiello\/#article","isPartOf":{"@id":"https:\/\/www.rassegnastampa-totustuus.it\/cattolica\/sapete-chi-e-franceschiello\/"},"author":{"name":"Redazione","@id":"https:\/\/www.rassegnastampa-totustuus.it\/cattolica\/#\/schema\/person\/08f319d2bd1a0904ad9e2bfb7b15e5c3"},"headline":"Sapete chi \u00e8 \u201cFranceschiello\u201d?","datePublished":"2025-02-19T08:32:43+00:00","dateModified":"2025-02-19T08:32:45+00:00","mainEntityOfPage":{"@id":"https:\/\/www.rassegnastampa-totustuus.it\/cattolica\/sapete-chi-e-franceschiello\/"},"wordCount":1261,"publisher":{"@id":"https:\/\/www.rassegnastampa-totustuus.it\/cattolica\/#organization"},"image":{"@id":"https:\/\/www.rassegnastampa-totustuus.it\/cattolica\/sapete-chi-e-franceschiello\/#primaryimage"},"thumbnailUrl":"https:\/\/www.rassegnastampa-totustuus.it\/cattolica\/wp-content\/uploads\/2025\/02\/Francesco_II_Due-Sicilie_Risorgimento.jpg","keywords":["Francesco II Borbone","Maria Sofia di baviera","Regno delle Due Sicilie","Regno di Sardegna","Vittorio Emanuele II"],"articleSection":["Personaggi","Risorgimento","Storia italiana"],"inLanguage":"it-IT"},{"@type":"WebPage","@id":"https:\/\/www.rassegnastampa-totustuus.it\/cattolica\/sapete-chi-e-franceschiello\/","url":"https:\/\/www.rassegnastampa-totustuus.it\/cattolica\/sapete-chi-e-franceschiello\/","name":"Sapete chi \u00e8 \u201cFranceschiello\u201d? - Rassegna Stampa Cattolica","isPartOf":{"@id":"https:\/\/www.rassegnastampa-totustuus.it\/cattolica\/#website"},"primaryImageOfPage":{"@id":"https:\/\/www.rassegnastampa-totustuus.it\/cattolica\/sapete-chi-e-franceschiello\/#primaryimage"},"image":{"@id":"https:\/\/www.rassegnastampa-totustuus.it\/cattolica\/sapete-chi-e-franceschiello\/#primaryimage"},"thumbnailUrl":"https:\/\/www.rassegnastampa-totustuus.it\/cattolica\/wp-content\/uploads\/2025\/02\/Francesco_II_Due-Sicilie_Risorgimento.jpg","datePublished":"2025-02-19T08:32:43+00:00","dateModified":"2025-02-19T08:32:45+00:00","description":"Sapete chi \u00e8 \u201cFranceschiello\u201d? proclamato servo di Dio nel 2020 fu un re \"buono\" che si fece travolgere da politici cinici come Cavour","breadcrumb":{"@id":"https:\/\/www.rassegnastampa-totustuus.it\/cattolica\/sapete-chi-e-franceschiello\/#breadcrumb"},"inLanguage":"it-IT","potentialAction":[{"@type":"ReadAction","target":["https:\/\/www.rassegnastampa-totustuus.it\/cattolica\/sapete-chi-e-franceschiello\/"]}]},{"@type":"ImageObject","inLanguage":"it-IT","@id":"https:\/\/www.rassegnastampa-totustuus.it\/cattolica\/sapete-chi-e-franceschiello\/#primaryimage","url":"https:\/\/www.rassegnastampa-totustuus.it\/cattolica\/wp-content\/uploads\/2025\/02\/Francesco_II_Due-Sicilie_Risorgimento.jpg","contentUrl":"https:\/\/www.rassegnastampa-totustuus.it\/cattolica\/wp-content\/uploads\/2025\/02\/Francesco_II_Due-Sicilie_Risorgimento.jpg"},{"@type":"BreadcrumbList","@id":"https:\/\/www.rassegnastampa-totustuus.it\/cattolica\/sapete-chi-e-franceschiello\/#breadcrumb","itemListElement":[{"@type":"ListItem","position":1,"name":"Home","item":"https:\/\/www.rassegnastampa-totustuus.it\/cattolica\/"},{"@type":"ListItem","position":2,"name":"Sapete chi \u00e8 \u201cFranceschiello\u201d?"}]},{"@type":"WebSite","@id":"https:\/\/www.rassegnastampa-totustuus.it\/cattolica\/#website","url":"https:\/\/www.rassegnastampa-totustuus.it\/cattolica\/","name":"Rassegna Stampa Cattolica","description":"Per una cultura che nasce dalla Rivelazione cristiana in conformit\u00e0 alla tradizione e al Magistero della Chiesa in opposizione ad ogni relativismo e totalitarismo","publisher":{"@id":"https:\/\/www.rassegnastampa-totustuus.it\/cattolica\/#organization"},"alternateName":"Rass. Cattolica","potentialAction":[{"@type":"SearchAction","target":{"@type":"EntryPoint","urlTemplate":"https:\/\/www.rassegnastampa-totustuus.it\/cattolica\/?s={search_term_string}"},"query-input":{"@type":"PropertyValueSpecification","valueRequired":true,"valueName":"search_term_string"}}],"inLanguage":"it-IT"},{"@type":"Organization","@id":"https:\/\/www.rassegnastampa-totustuus.it\/cattolica\/#organization","name":"Rassegna Stampa Cattolica","url":"https:\/\/www.rassegnastampa-totustuus.it\/cattolica\/","logo":{"@type":"ImageObject","inLanguage":"it-IT","@id":"https:\/\/www.rassegnastampa-totustuus.it\/cattolica\/#\/schema\/logo\/image\/","url":"https:\/\/www.rassegnastampa-totustuus.it\/cattolica\/wp-content\/uploads\/2014\/04\/logo-rassegna1.gif","contentUrl":"https:\/\/www.rassegnastampa-totustuus.it\/cattolica\/wp-content\/uploads\/2014\/04\/logo-rassegna1.gif","width":600,"height":163,"caption":"Rassegna Stampa Cattolica"},"image":{"@id":"https:\/\/www.rassegnastampa-totustuus.it\/cattolica\/#\/schema\/logo\/image\/"},"sameAs":["https:\/\/www.facebook.com\/rassegnastampacattolica","https:\/\/x.com\/rassegnastampa9"]},{"@type":"Person","@id":"https:\/\/www.rassegnastampa-totustuus.it\/cattolica\/#\/schema\/person\/08f319d2bd1a0904ad9e2bfb7b15e5c3","name":"Redazione","image":{"@type":"ImageObject","inLanguage":"it-IT","@id":"https:\/\/secure.gravatar.com\/avatar\/2fcdf27c78ea025fbdb44e914cc63c72249ffec9dc8aafd5c82b26240ef3f346?s=96&d=mm&r=g","url":"https:\/\/secure.gravatar.com\/avatar\/2fcdf27c78ea025fbdb44e914cc63c72249ffec9dc8aafd5c82b26240ef3f346?s=96&d=mm&r=g","contentUrl":"https:\/\/secure.gravatar.com\/avatar\/2fcdf27c78ea025fbdb44e914cc63c72249ffec9dc8aafd5c82b26240ef3f346?s=96&d=mm&r=g","caption":"Redazione"},"url":"https:\/\/www.rassegnastampa-totustuus.it\/cattolica\/author\/pietroelle\/"}]}},"_links":{"self":[{"href":"https:\/\/www.rassegnastampa-totustuus.it\/cattolica\/wp-json\/wp\/v2\/posts\/62148","targetHints":{"allow":["GET"]}}],"collection":[{"href":"https:\/\/www.rassegnastampa-totustuus.it\/cattolica\/wp-json\/wp\/v2\/posts"}],"about":[{"href":"https:\/\/www.rassegnastampa-totustuus.it\/cattolica\/wp-json\/wp\/v2\/types\/post"}],"author":[{"embeddable":true,"href":"https:\/\/www.rassegnastampa-totustuus.it\/cattolica\/wp-json\/wp\/v2\/users\/6"}],"replies":[{"embeddable":true,"href":"https:\/\/www.rassegnastampa-totustuus.it\/cattolica\/wp-json\/wp\/v2\/comments?post=62148"}],"version-history":[{"count":1,"href":"https:\/\/www.rassegnastampa-totustuus.it\/cattolica\/wp-json\/wp\/v2\/posts\/62148\/revisions"}],"predecessor-version":[{"id":62150,"href":"https:\/\/www.rassegnastampa-totustuus.it\/cattolica\/wp-json\/wp\/v2\/posts\/62148\/revisions\/62150"}],"wp:attachment":[{"href":"https:\/\/www.rassegnastampa-totustuus.it\/cattolica\/wp-json\/wp\/v2\/media?parent=62148"}],"wp:term":[{"taxonomy":"category","embeddable":true,"href":"https:\/\/www.rassegnastampa-totustuus.it\/cattolica\/wp-json\/wp\/v2\/categories?post=62148"},{"taxonomy":"post_tag","embeddable":true,"href":"https:\/\/www.rassegnastampa-totustuus.it\/cattolica\/wp-json\/wp\/v2\/tags?post=62148"}],"curies":[{"name":"wp","href":"https:\/\/api.w.org\/{rel}","templated":true}]}}