{"id":62141,"date":"2025-02-13T10:30:10","date_gmt":"2025-02-13T09:30:10","guid":{"rendered":"https:\/\/www.rassegnastampa-totustuus.it\/cattolica\/?p=62141"},"modified":"2025-02-13T12:25:43","modified_gmt":"2025-02-13T11:25:43","slug":"la-sinistra-non-e-mai-stata-cosi-impopolare-e-la-destra-cosi-indefinita","status":"publish","type":"post","link":"https:\/\/www.rassegnastampa-totustuus.it\/cattolica\/la-sinistra-non-e-mai-stata-cosi-impopolare-e-la-destra-cosi-indefinita\/","title":{"rendered":"La sinistra \u00e8 impopolare ma la destra \u00e8 indefinita"},"content":{"rendered":"\n<p class=\"has-text-align-center\"><strong><a href=\"https:\/\/www.atfp.it\/\" target=\"_blank\" rel=\"noreferrer noopener\">Tradizione Famiglia Propriet\u00e0<\/a><\/strong> newsletter 12 Febbraio 2025<\/p>\n\n\n\n<h3 class=\"wp-block-heading has-text-align-center\">La sinistra non \u00e8 mai stata cos\u00ec impopolare e la destra cos\u00ec indefinita<\/h3>\n\n\n\n<p class=\"has-text-align-center\">di <strong>John Horvat<\/strong><\/p>\n\n\n\n<p>Viviamo nello strano crepuscolo del dopoguerra. Le grandi narrazioni moderne si stanno sbriciolando. Abbondano i paradossi dove un tempo regnavano convinzioni sicure.<\/p>\n\n\n\n<p>I <em>liberal<\/em> hanno spesso affermato, ad esempio, che la storia scorre sempre e inesorabilmente verso sinistra. Oggi, la sinistra \u00e8 in declino in tutto il mondo e si trova di fronte a un futuro molto incerto. D\u2019altra parte, erano in molti quelli che asserivano che i modi e le certezze tradizionali erano destinati a scomparire. Tuttavia, il conservatorismo \u00e8 in ascesa, quelle idee che si supponevano in declino ora sono sempre pi\u00f9 popolari.<\/p>\n\n\n<div class=\"wp-block-image\">\n<figure class=\"aligncenter size-large is-resized\"><a href=\"https:\/\/www.rassegnastampa-totustuus.it\/cattolica\/wp-content\/uploads\/2020\/01\/destra_sinistra.jpg\"><img loading=\"lazy\" decoding=\"async\" width=\"1024\" height=\"506\" src=\"https:\/\/www.rassegnastampa-totustuus.it\/cattolica\/wp-content\/uploads\/2020\/01\/destra_sinistra-1024x506.jpg\" alt=\"conservatori contro progressisti?\" class=\"wp-image-46022\" style=\"width:440px;height:auto\" srcset=\"https:\/\/www.rassegnastampa-totustuus.it\/cattolica\/wp-content\/uploads\/2020\/01\/destra_sinistra-1024x506.jpg 1024w, https:\/\/www.rassegnastampa-totustuus.it\/cattolica\/wp-content\/uploads\/2020\/01\/destra_sinistra-300x148.jpg 300w, https:\/\/www.rassegnastampa-totustuus.it\/cattolica\/wp-content\/uploads\/2020\/01\/destra_sinistra-768x380.jpg 768w, https:\/\/www.rassegnastampa-totustuus.it\/cattolica\/wp-content\/uploads\/2020\/01\/destra_sinistra.jpg 1989w\" sizes=\"auto, (max-width: 1024px) 100vw, 1024px\" \/><\/a><\/figure><\/div>\n\n\n<!--more-->\n\n\n\n<p>Abbiamo raggiunto uno stato di cose sorprendente in cui i poli politici sono invertiti. I gruppi di destra stanno diventando partiti operai conservatori, mentre la sinistra coccola le pseudo-\u00e9lite ricche e gli accademici.<\/p>\n\n\n\n<h4 class=\"wp-block-heading has-text-align-center\"><strong>Come siamo arrivati qui<\/strong><\/h4>\n\n\n\n<p>Forse ancora pi\u00f9 misterioso \u00e8 come siamo arrivati a questo punto. Ogni parte ha seguito una strategia diversa.<\/p>\n\n\n\n<p>La sinistra si trova in uno stato desolante perch\u00e9 i suoi attivisti hanno commesso l&#8217;errore di puntare al raddoppio dei loro programmi impopolari e <em>woke<\/em>, sconvolgendo gli elettori. Cio\u00e8, la sinistra ha perso trazione perch\u00e9 insiste nell&#8217;essere fedele a s\u00e9 stessa.<\/p>\n\n\n\n<p>La destra \u00e8 avanzata attaccando con grande efficacia gli assurdi programmi della sinistra. Tuttavia, ha commesso l&#8217;errore di abbandonare molti dei suoi principi fondamentali. L&#8217;etichetta di conservatore pu\u00f2 ora significare molte cose diverse. La destra si mette a rischio insistendo nel non essere fedele a s\u00e9 stessa.<\/p>\n\n\n\n<p>Il risultato \u00e8 una curiosa lotta, tipica della nostra postmodernit\u00e0, che l&#8217;ex presidente ceco V\u00e1clav Havel definiva come una situazione in cui &#8220;tutto \u00e8 possibile e niente \u00e8 certo&#8221;.<\/p>\n\n\n\n<h4 class=\"wp-block-heading has-text-align-center\"><strong>La sinistra \u00e8 in crisi<\/strong><\/h4>\n\n\n<div class=\"wp-block-image\">\n<figure class=\"aligncenter size-large is-resized\"><a href=\"https:\/\/www.rassegnastampa-totustuus.it\/cattolica\/wp-content\/uploads\/2021\/01\/rivoluzione_sinistra.jpg\"><img loading=\"lazy\" decoding=\"async\" width=\"1024\" height=\"537\" src=\"https:\/\/www.rassegnastampa-totustuus.it\/cattolica\/wp-content\/uploads\/2021\/01\/rivoluzione_sinistra-1024x537.jpg\" alt=\"\" class=\"wp-image-49754\" style=\"width:432px;height:auto\" srcset=\"https:\/\/www.rassegnastampa-totustuus.it\/cattolica\/wp-content\/uploads\/2021\/01\/rivoluzione_sinistra-1024x537.jpg 1024w, https:\/\/www.rassegnastampa-totustuus.it\/cattolica\/wp-content\/uploads\/2021\/01\/rivoluzione_sinistra-300x157.jpg 300w, https:\/\/www.rassegnastampa-totustuus.it\/cattolica\/wp-content\/uploads\/2021\/01\/rivoluzione_sinistra-768x403.jpg 768w, https:\/\/www.rassegnastampa-totustuus.it\/cattolica\/wp-content\/uploads\/2021\/01\/rivoluzione_sinistra.jpg 2048w\" sizes=\"auto, (max-width: 1024px) 100vw, 1024px\" \/><\/a><\/figure><\/div>\n\n\n<p>In effetti, nel 2024 \u00e8 accaduto l&#8217;apparentemente impossibile. Tutto si \u00e8 spostato verso destra, ovunque, in ogni continente, nella maggior parte dei principali Paesi. I partiti di sinistra hanno perso pesantemente un\u2019elezione dopo l\u2019altra.<\/p>\n\n\n\n<p>Le nuove tendenze infrangono i modelli di voto della sinistra di lunga data ovunque. Un ampio articolo del quotidiano inglese&nbsp;<em>The Telegraph&nbsp;<\/em>analizza i risultati delle votazioni in tutto il mondo, concludendo che i partiti di sinistra sono &#8220;pi\u00f9 impopolari ora che in qualsiasi altro momento dalla fine della Guerra Fredda&#8221;. Nel complesso, le destre sono uscite vincitrici, assicurandosi una media record del 54,6% dei voti in 73 Paesi democratici nel 2024.<\/p>\n\n\n\n<h4 class=\"wp-block-heading has-text-align-center\"><strong>Una panoramica della crisi<\/strong><\/h4>\n\n\n\n<p>Questa tendenza \u00e8 particolarmente dominante negli Stati Uniti, nell&#8217;Unione Europea e nell&#8217;Europa orientale. La recente rielezione del presidente Donald Trump ha coronato la marea montante dei trionfi conservatori. Nel corso del 2024, molte nazioni hanno riaffermato la tendenza dominante negli Stati Uniti, rifiutando i mandati sull\u2019inclusione, l&#8217;ecologia e il <em>wokismo, <\/em>imposti loro dalle zelanti sinistre.<\/p>\n\n\n\n<p><em>Il Telegraph <\/em>riporta che anche l&#8217;America Latina sta andando verso destra con vittorie come quella di Javier Milei in Argentina. Sebbene la sinistra sia ancora in testa nel totale dei voti, il suo margine di vittoria in America Latina \u00e8 stato il pi\u00f9 basso in pi\u00f9 di trent&#8217;anni. Tendenze simili si sono manifestate in Sudafrica, dove l&#8217;African National Congress (ANC) ha perso la maggioranza parlamentare per la prima volta dal 1994.<\/p>\n\n\n\n<h4 class=\"wp-block-heading has-text-align-center\"><strong>Un&#8217;ideologia esausta<\/strong><\/h4>\n\n\n<div class=\"wp-block-image\">\n<figure class=\"aligncenter size-full is-resized\"><a href=\"https:\/\/www.rassegnastampa-totustuus.it\/cattolica\/wp-content\/uploads\/2024\/04\/woke_Usa.jpeg\"><img loading=\"lazy\" decoding=\"async\" width=\"277\" height=\"180\" src=\"https:\/\/www.rassegnastampa-totustuus.it\/cattolica\/wp-content\/uploads\/2024\/04\/woke_Usa.jpeg\" alt=\"\" class=\"wp-image-60042\" style=\"width:441px;height:auto\"\/><\/a><\/figure><\/div>\n\n\n<p>Il rapporto del <em>Telegraph <\/em>illustra come la sinistra non sia pi\u00f9 in grado di ispirare o unire i gruppi elettorali, come quella classe operaia che ha sempre ritenuto essere un suo feudo. I suoi attivisti sono uniti attorno a un&#8217;ideologia esausta, priva di leadership e dinamismo.<\/p>\n\n\n\n<p>La sinistra impegnata affronta gli elettori sconvolti dall&#8217;ultima serie di cambiamenti rivoluzionari che si sono spinti troppo in l\u00e0 e troppo in fretta. Il <em>wokismo<\/em>, l&#8217;attivismo transgender e la follia ambientalista hanno spinto gli elettori a ribellarsi.<\/p>\n\n\n\n<p>Pertanto, \u00e8 facile interpretare la parabola discendente della sinistra. Tuttavia, la situazione a destra non \u00e8 altrettanto definita. In effetti, il fallimento della sinistra \u00e8 molto pi\u00f9 chiaro delle vittorie della destra. Possiamo dire che mai la sinistra \u00e8 stata cos\u00ec impopolare e la destra cos\u00ec indefinita.<\/p>\n\n\n\n<h4 class=\"wp-block-heading has-text-align-center\"><strong>Opportunit\u00e0 perse per la destra<\/strong><\/h4>\n\n\n\n<p>La destra ha sfruttato le vulnerabilit\u00e0 della sinistra. Tuttavia, non ha presentato un programma unitario per difendere le questioni che un tempo la definivano. Il messaggio della destra \u00e8 confuso in un&#8217;accozzaglia di modelli populisti, nazionalisti e di altro tipo che tendono a promuovere modelli economici e a evitare le questioni morali pi\u00f9 scottanti.<\/p>\n\n\n\n<p>L&#8217;attuale momento di vittoria sarebbe l&#8217;occasione ideale per ricollegarsi alle profonde radici cristiane del conservatorismo che attraggono le masse spiritualmente affamate. Sarebbe il momento di riaffermare le questioni morali che rimangono popolari tra coloro che sono stati derubati dai programmi corrotti della sinistra. Invece, una parte della destra presenta in modo non molto autentico certe apparenze superficiali di simboli e retorica cristiana, ma poca sostanza.<\/p>\n\n\n\n<h4 class=\"wp-block-heading has-text-align-center\"><strong>Una crociata senza Dio<\/strong><\/h4>\n\n\n<div class=\"wp-block-image\">\n<figure class=\"aligncenter size-full is-resized\"><a href=\"https:\/\/www.rassegnastampa-totustuus.it\/cattolica\/wp-content\/uploads\/2004\/10\/ecologia_cristianesimo.jpg\"><img loading=\"lazy\" decoding=\"async\" width=\"296\" height=\"188\" src=\"https:\/\/www.rassegnastampa-totustuus.it\/cattolica\/wp-content\/uploads\/2004\/10\/ecologia_cristianesimo.jpg\" alt=\"\" class=\"wp-image-57799\" style=\"width:480px;height:auto\"\/><\/a><\/figure><\/div>\n\n\n<p>Nel suo libro <em>La crociata senza Dio: Religione, Populismo e Politiche Identitarie di Destra in Occidente<\/em>, Tobias Cremer conclude che questi nuovi modelli politici favoriscono una &#8220;idea secolarizzata di &#8216;cristianit\u00e0'&#8221; che vede il cristianesimo come un &#8220;marcatore di identit\u00e0 culturale&#8221; piuttosto che una professione di fede o la pratica di un codice morale.<\/p>\n\n\n\n<p>L&#8217;aspetto sconcertante di questo sviluppo \u00e8 che, all&#8217;interno degli orpelli cristiani di questa &#8220;crociata&#8221;, troviamo coloro che affermano di rappresentare la causa cristiana ma adottano idee pagane, atteggiamenti atei e strane filosofie. Molti esponenti populisti sono irreligiosi, sessualmente&nbsp;<em>liberal<\/em>&nbsp;e contrari a un codice morale cristiano.<\/p>\n\n\n\n<h4 class=\"wp-block-heading has-text-align-center\"><strong>I pericoli di una morbida &#8220;destra dura&#8221;<\/strong><\/h4>\n\n\n\n<p>La sinistra reagisce lamentando a gran voce che questi nuovi partiti e candidati &#8220;di destra&#8221; stanno imponendo la loro crociata cristiana alla societ\u00e0. Tuttavia, questa cosiddetta crociata cristiana \u00e8 priva di Cristo e della sua croce.<\/p>\n\n\n\n<p>Tra questi partiti &#8220;cristiani di estrema destra&#8221; c&#8217;\u00e8 il&nbsp;<em>Rassemblement National<\/em>&nbsp;di Marine le Pen, che ha recentemente contribuito a inserire l&#8217;aborto nella Costituzione francese. Allo stesso modo, la co-presidente del partito tedesco di &#8220;estrema destra&#8221; Alternativa per la Germania (AfD), la lesbica Alice Weidel (lei e la sua compagna, Sarah Bossard, hanno un&#8217;unione civile e hanno due bambini adottati). Essi rappresentano un esempio scioccamente opposto alla morale cristiana tradizionale. Alcuni conservatori di ora rivendicano come propri &#8220;cristiani culturali&#8221; esponenti come Elon Musk o persino l&#8217;ateo Richard Dawkins che sarebbero rappresentanti di vaghi valori cristiani.<\/p>\n\n\n\n<p>Molti si illudono che sia sufficiente aggrapparsi all&#8217;esteriorit\u00e0 cristiana senza abbracciare in modo autentico la morale cristiana. Tuttavia, quest\u2019approccio di \u201ccristianesimo-depotenziato\u201d non potr\u00e0 produrre le profonde trasformazioni necessarie per cambiare la societ\u00e0.<\/p>\n\n\n\n<h4 class=\"wp-block-heading has-text-align-center\"><strong>Il percorso da seguire<\/strong><\/h4>\n\n\n\n<p>In questo crepuscolo del dopoguerra, ci\u00f2 di cui la gente ha bisogno \u00e8 la chiarezza. La sinistra ha rivelato chiaramente il suo programma impopolare e ne ha pagato le conseguenze.<\/p>\n\n\n\n<p>La destra deve continuare a opporsi a quest\u2019agenda e presentare un programma unificato e popolare costruito sui principi conservatori tradizionali e sull&#8217;ordine cristiano. La destra \u00e8 in vantaggio perch\u00e9 ha un modello attraente. Deve essere autentica e proporre con coraggio i suoi principi, non solo un\u2019incoerente facciata esterna. Non deve mescolare il suo messaggio con elementi estranei che intorbidiscano le acque.<\/p>\n\n\n\n<p>Se la destra si allontana da questo percorso di chiarezza, non se la caver\u00e0 meglio della sinistra impopolare quando arriver\u00e0 il giorno della resa dei conti.<\/p>\n\n\n\n<p class=\"has-text-align-center\"><strong>Fonte<\/strong>: <a href=\"https:\/\/www.tfp.org\/never-has-the-left-been-so-unpopular-or-the-right-so-undefined\/?PKG=TFPE3533\" target=\"_blank\" rel=\"noreferrer noopener\">Tfp.org<\/a>, 5 Febbraio 2025.&nbsp;<em>Traduzione a cura di Tradizione Famiglia Propriet\u00e0 \u2013 Italia<\/em><\/p>\n\n\n\n<p><\/p>\n","protected":false},"excerpt":{"rendered":"<p>Tradizione Famiglia Propriet\u00e0 newsletter 12 Febbraio 2025 La sinistra non \u00e8 mai stata cos\u00ec impopolare e la destra cos\u00ec indefinita di John Horvat Viviamo nello strano crepuscolo del dopoguerra. Le grandi narrazioni moderne si stanno sbriciolando. Abbondano i paradossi dove un tempo regnavano convinzioni sicure. I liberal hanno spesso affermato, ad esempio, che la storia &hellip; <\/p>\n<p><a class=\"more-link btn\" href=\"https:\/\/www.rassegnastampa-totustuus.it\/cattolica\/la-sinistra-non-e-mai-stata-cosi-impopolare-e-la-destra-cosi-indefinita\/\">Continua a leggere<\/a><\/p>\n","protected":false},"author":6,"featured_media":46022,"comment_status":"closed","ping_status":"closed","sticky":false,"template":"","format":"standard","meta":{"footnotes":""},"categories":[53,54],"tags":[726,750,1223,279],"class_list":["post-62141","post","type-post","status-publish","format-standard","has-post-thumbnail","hentry","category-politica","category-rivoluzione-e-controrivoluzione","tag-cristianesimo","tag-destra","tag-sinistra","tag-valori","item-wrap"],"yoast_head":"<!-- This site is optimized with the Yoast SEO plugin v27.5 - https:\/\/yoast.com\/product\/yoast-seo-wordpress\/ -->\n<title>La sinistra \u00e8 impopolare ma la destra \u00e8 indefinita - Rassegna Stampa Cattolica<\/title>\n<meta name=\"description\" content=\"La sinistra non \u00e8 mai stata cos\u00ec impopolare e la destra cos\u00ec indefinita e se non fa chiarezza rischia la stessa deriva\" \/>\n<meta name=\"robots\" content=\"index, follow, max-snippet:-1, max-image-preview:large, max-video-preview:-1\" \/>\n<link rel=\"canonical\" href=\"https:\/\/www.rassegnastampa-totustuus.it\/cattolica\/la-sinistra-non-e-mai-stata-cosi-impopolare-e-la-destra-cosi-indefinita\/\" \/>\n<meta property=\"og:locale\" content=\"it_IT\" \/>\n<meta property=\"og:type\" content=\"article\" \/>\n<meta property=\"og:title\" content=\"La sinistra \u00e8 impopolare ma la destra \u00e8 indefinita - Rassegna Stampa Cattolica\" \/>\n<meta property=\"og:description\" content=\"La sinistra non \u00e8 mai stata cos\u00ec impopolare e la destra cos\u00ec indefinita e se non fa chiarezza rischia la stessa deriva\" \/>\n<meta property=\"og:url\" content=\"https:\/\/www.rassegnastampa-totustuus.it\/cattolica\/la-sinistra-non-e-mai-stata-cosi-impopolare-e-la-destra-cosi-indefinita\/\" \/>\n<meta property=\"og:site_name\" content=\"Rassegna Stampa Cattolica\" \/>\n<meta property=\"article:publisher\" content=\"https:\/\/www.facebook.com\/rassegnastampacattolica\" \/>\n<meta property=\"article:published_time\" content=\"2025-02-13T09:30:10+00:00\" \/>\n<meta property=\"article:modified_time\" content=\"2025-02-13T11:25:43+00:00\" \/>\n<meta property=\"og:image\" content=\"https:\/\/www.rassegnastampa-totustuus.it\/cattolica\/wp-content\/uploads\/2020\/01\/destra_sinistra.jpg\" \/>\n\t<meta property=\"og:image:width\" content=\"1989\" \/>\n\t<meta property=\"og:image:height\" content=\"983\" \/>\n\t<meta property=\"og:image:type\" content=\"image\/jpeg\" \/>\n<meta name=\"author\" content=\"Redazione\" \/>\n<meta name=\"twitter:card\" content=\"summary_large_image\" \/>\n<meta name=\"twitter:creator\" content=\"@rassegnastampa9\" \/>\n<meta name=\"twitter:site\" content=\"@rassegnastampa9\" \/>\n<meta name=\"twitter:label1\" content=\"Scritto da\" \/>\n\t<meta name=\"twitter:data1\" content=\"Redazione\" \/>\n\t<meta name=\"twitter:label2\" content=\"Tempo di lettura stimato\" \/>\n\t<meta name=\"twitter:data2\" content=\"8 minuti\" \/>\n<script type=\"application\/ld+json\" class=\"yoast-schema-graph\">{\"@context\":\"https:\\\/\\\/schema.org\",\"@graph\":[{\"@type\":\"Article\",\"@id\":\"https:\\\/\\\/www.rassegnastampa-totustuus.it\\\/cattolica\\\/la-sinistra-non-e-mai-stata-cosi-impopolare-e-la-destra-cosi-indefinita\\\/#article\",\"isPartOf\":{\"@id\":\"https:\\\/\\\/www.rassegnastampa-totustuus.it\\\/cattolica\\\/la-sinistra-non-e-mai-stata-cosi-impopolare-e-la-destra-cosi-indefinita\\\/\"},\"author\":{\"name\":\"Redazione\",\"@id\":\"https:\\\/\\\/www.rassegnastampa-totustuus.it\\\/cattolica\\\/#\\\/schema\\\/person\\\/08f319d2bd1a0904ad9e2bfb7b15e5c3\"},\"headline\":\"La sinistra \u00e8 impopolare ma la destra \u00e8 indefinita\",\"datePublished\":\"2025-02-13T09:30:10+00:00\",\"dateModified\":\"2025-02-13T11:25:43+00:00\",\"mainEntityOfPage\":{\"@id\":\"https:\\\/\\\/www.rassegnastampa-totustuus.it\\\/cattolica\\\/la-sinistra-non-e-mai-stata-cosi-impopolare-e-la-destra-cosi-indefinita\\\/\"},\"wordCount\":1212,\"publisher\":{\"@id\":\"https:\\\/\\\/www.rassegnastampa-totustuus.it\\\/cattolica\\\/#organization\"},\"image\":{\"@id\":\"https:\\\/\\\/www.rassegnastampa-totustuus.it\\\/cattolica\\\/la-sinistra-non-e-mai-stata-cosi-impopolare-e-la-destra-cosi-indefinita\\\/#primaryimage\"},\"thumbnailUrl\":\"https:\\\/\\\/www.rassegnastampa-totustuus.it\\\/cattolica\\\/wp-content\\\/uploads\\\/2020\\\/01\\\/destra_sinistra.jpg\",\"keywords\":[\"cristianesimo\",\"destra\",\"sinistra\",\"valori\"],\"articleSection\":[\"Politica\",\"Rivoluzione e controrivoluzione\"],\"inLanguage\":\"it-IT\"},{\"@type\":\"WebPage\",\"@id\":\"https:\\\/\\\/www.rassegnastampa-totustuus.it\\\/cattolica\\\/la-sinistra-non-e-mai-stata-cosi-impopolare-e-la-destra-cosi-indefinita\\\/\",\"url\":\"https:\\\/\\\/www.rassegnastampa-totustuus.it\\\/cattolica\\\/la-sinistra-non-e-mai-stata-cosi-impopolare-e-la-destra-cosi-indefinita\\\/\",\"name\":\"La sinistra \u00e8 impopolare ma la destra \u00e8 indefinita - Rassegna Stampa Cattolica\",\"isPartOf\":{\"@id\":\"https:\\\/\\\/www.rassegnastampa-totustuus.it\\\/cattolica\\\/#website\"},\"primaryImageOfPage\":{\"@id\":\"https:\\\/\\\/www.rassegnastampa-totustuus.it\\\/cattolica\\\/la-sinistra-non-e-mai-stata-cosi-impopolare-e-la-destra-cosi-indefinita\\\/#primaryimage\"},\"image\":{\"@id\":\"https:\\\/\\\/www.rassegnastampa-totustuus.it\\\/cattolica\\\/la-sinistra-non-e-mai-stata-cosi-impopolare-e-la-destra-cosi-indefinita\\\/#primaryimage\"},\"thumbnailUrl\":\"https:\\\/\\\/www.rassegnastampa-totustuus.it\\\/cattolica\\\/wp-content\\\/uploads\\\/2020\\\/01\\\/destra_sinistra.jpg\",\"datePublished\":\"2025-02-13T09:30:10+00:00\",\"dateModified\":\"2025-02-13T11:25:43+00:00\",\"description\":\"La sinistra non \u00e8 mai stata cos\u00ec impopolare e la destra cos\u00ec indefinita e se non fa chiarezza rischia la stessa deriva\",\"breadcrumb\":{\"@id\":\"https:\\\/\\\/www.rassegnastampa-totustuus.it\\\/cattolica\\\/la-sinistra-non-e-mai-stata-cosi-impopolare-e-la-destra-cosi-indefinita\\\/#breadcrumb\"},\"inLanguage\":\"it-IT\",\"potentialAction\":[{\"@type\":\"ReadAction\",\"target\":[\"https:\\\/\\\/www.rassegnastampa-totustuus.it\\\/cattolica\\\/la-sinistra-non-e-mai-stata-cosi-impopolare-e-la-destra-cosi-indefinita\\\/\"]}]},{\"@type\":\"ImageObject\",\"inLanguage\":\"it-IT\",\"@id\":\"https:\\\/\\\/www.rassegnastampa-totustuus.it\\\/cattolica\\\/la-sinistra-non-e-mai-stata-cosi-impopolare-e-la-destra-cosi-indefinita\\\/#primaryimage\",\"url\":\"https:\\\/\\\/www.rassegnastampa-totustuus.it\\\/cattolica\\\/wp-content\\\/uploads\\\/2020\\\/01\\\/destra_sinistra.jpg\",\"contentUrl\":\"https:\\\/\\\/www.rassegnastampa-totustuus.it\\\/cattolica\\\/wp-content\\\/uploads\\\/2020\\\/01\\\/destra_sinistra.jpg\",\"width\":1989,\"height\":983,\"caption\":\"conservatori contro progressisti?\"},{\"@type\":\"BreadcrumbList\",\"@id\":\"https:\\\/\\\/www.rassegnastampa-totustuus.it\\\/cattolica\\\/la-sinistra-non-e-mai-stata-cosi-impopolare-e-la-destra-cosi-indefinita\\\/#breadcrumb\",\"itemListElement\":[{\"@type\":\"ListItem\",\"position\":1,\"name\":\"Home\",\"item\":\"https:\\\/\\\/www.rassegnastampa-totustuus.it\\\/cattolica\\\/\"},{\"@type\":\"ListItem\",\"position\":2,\"name\":\"La sinistra \u00e8 impopolare ma la destra \u00e8 indefinita\"}]},{\"@type\":\"WebSite\",\"@id\":\"https:\\\/\\\/www.rassegnastampa-totustuus.it\\\/cattolica\\\/#website\",\"url\":\"https:\\\/\\\/www.rassegnastampa-totustuus.it\\\/cattolica\\\/\",\"name\":\"Rassegna Stampa Cattolica\",\"description\":\"Per una cultura che nasce dalla Rivelazione cristiana in conformit\u00e0 alla tradizione e al Magistero della Chiesa in opposizione ad ogni relativismo e totalitarismo\",\"publisher\":{\"@id\":\"https:\\\/\\\/www.rassegnastampa-totustuus.it\\\/cattolica\\\/#organization\"},\"alternateName\":\"Rass. Cattolica\",\"potentialAction\":[{\"@type\":\"SearchAction\",\"target\":{\"@type\":\"EntryPoint\",\"urlTemplate\":\"https:\\\/\\\/www.rassegnastampa-totustuus.it\\\/cattolica\\\/?s={search_term_string}\"},\"query-input\":{\"@type\":\"PropertyValueSpecification\",\"valueRequired\":true,\"valueName\":\"search_term_string\"}}],\"inLanguage\":\"it-IT\"},{\"@type\":\"Organization\",\"@id\":\"https:\\\/\\\/www.rassegnastampa-totustuus.it\\\/cattolica\\\/#organization\",\"name\":\"Rassegna Stampa Cattolica\",\"url\":\"https:\\\/\\\/www.rassegnastampa-totustuus.it\\\/cattolica\\\/\",\"logo\":{\"@type\":\"ImageObject\",\"inLanguage\":\"it-IT\",\"@id\":\"https:\\\/\\\/www.rassegnastampa-totustuus.it\\\/cattolica\\\/#\\\/schema\\\/logo\\\/image\\\/\",\"url\":\"https:\\\/\\\/www.rassegnastampa-totustuus.it\\\/cattolica\\\/wp-content\\\/uploads\\\/2014\\\/04\\\/logo-rassegna1.gif\",\"contentUrl\":\"https:\\\/\\\/www.rassegnastampa-totustuus.it\\\/cattolica\\\/wp-content\\\/uploads\\\/2014\\\/04\\\/logo-rassegna1.gif\",\"width\":600,\"height\":163,\"caption\":\"Rassegna Stampa Cattolica\"},\"image\":{\"@id\":\"https:\\\/\\\/www.rassegnastampa-totustuus.it\\\/cattolica\\\/#\\\/schema\\\/logo\\\/image\\\/\"},\"sameAs\":[\"https:\\\/\\\/www.facebook.com\\\/rassegnastampacattolica\",\"https:\\\/\\\/x.com\\\/rassegnastampa9\"]},{\"@type\":\"Person\",\"@id\":\"https:\\\/\\\/www.rassegnastampa-totustuus.it\\\/cattolica\\\/#\\\/schema\\\/person\\\/08f319d2bd1a0904ad9e2bfb7b15e5c3\",\"name\":\"Redazione\",\"image\":{\"@type\":\"ImageObject\",\"inLanguage\":\"it-IT\",\"@id\":\"https:\\\/\\\/secure.gravatar.com\\\/avatar\\\/2fcdf27c78ea025fbdb44e914cc63c72249ffec9dc8aafd5c82b26240ef3f346?s=96&d=mm&r=g\",\"url\":\"https:\\\/\\\/secure.gravatar.com\\\/avatar\\\/2fcdf27c78ea025fbdb44e914cc63c72249ffec9dc8aafd5c82b26240ef3f346?s=96&d=mm&r=g\",\"contentUrl\":\"https:\\\/\\\/secure.gravatar.com\\\/avatar\\\/2fcdf27c78ea025fbdb44e914cc63c72249ffec9dc8aafd5c82b26240ef3f346?s=96&d=mm&r=g\",\"caption\":\"Redazione\"},\"url\":\"https:\\\/\\\/www.rassegnastampa-totustuus.it\\\/cattolica\\\/author\\\/pietroelle\\\/\"}]}<\/script>\n<!-- \/ Yoast SEO plugin. -->","yoast_head_json":{"title":"La sinistra \u00e8 impopolare ma la destra \u00e8 indefinita - Rassegna Stampa Cattolica","description":"La sinistra non \u00e8 mai stata cos\u00ec impopolare e la destra cos\u00ec indefinita e se non fa chiarezza rischia la stessa deriva","robots":{"index":"index","follow":"follow","max-snippet":"max-snippet:-1","max-image-preview":"max-image-preview:large","max-video-preview":"max-video-preview:-1"},"canonical":"https:\/\/www.rassegnastampa-totustuus.it\/cattolica\/la-sinistra-non-e-mai-stata-cosi-impopolare-e-la-destra-cosi-indefinita\/","og_locale":"it_IT","og_type":"article","og_title":"La sinistra \u00e8 impopolare ma la destra \u00e8 indefinita - Rassegna Stampa Cattolica","og_description":"La sinistra non \u00e8 mai stata cos\u00ec impopolare e la destra cos\u00ec indefinita e se non fa chiarezza rischia la stessa deriva","og_url":"https:\/\/www.rassegnastampa-totustuus.it\/cattolica\/la-sinistra-non-e-mai-stata-cosi-impopolare-e-la-destra-cosi-indefinita\/","og_site_name":"Rassegna Stampa Cattolica","article_publisher":"https:\/\/www.facebook.com\/rassegnastampacattolica","article_published_time":"2025-02-13T09:30:10+00:00","article_modified_time":"2025-02-13T11:25:43+00:00","og_image":[{"width":1989,"height":983,"url":"https:\/\/www.rassegnastampa-totustuus.it\/cattolica\/wp-content\/uploads\/2020\/01\/destra_sinistra.jpg","type":"image\/jpeg"}],"author":"Redazione","twitter_card":"summary_large_image","twitter_creator":"@rassegnastampa9","twitter_site":"@rassegnastampa9","twitter_misc":{"Scritto da":"Redazione","Tempo di lettura stimato":"8 minuti"},"schema":{"@context":"https:\/\/schema.org","@graph":[{"@type":"Article","@id":"https:\/\/www.rassegnastampa-totustuus.it\/cattolica\/la-sinistra-non-e-mai-stata-cosi-impopolare-e-la-destra-cosi-indefinita\/#article","isPartOf":{"@id":"https:\/\/www.rassegnastampa-totustuus.it\/cattolica\/la-sinistra-non-e-mai-stata-cosi-impopolare-e-la-destra-cosi-indefinita\/"},"author":{"name":"Redazione","@id":"https:\/\/www.rassegnastampa-totustuus.it\/cattolica\/#\/schema\/person\/08f319d2bd1a0904ad9e2bfb7b15e5c3"},"headline":"La sinistra \u00e8 impopolare ma la destra \u00e8 indefinita","datePublished":"2025-02-13T09:30:10+00:00","dateModified":"2025-02-13T11:25:43+00:00","mainEntityOfPage":{"@id":"https:\/\/www.rassegnastampa-totustuus.it\/cattolica\/la-sinistra-non-e-mai-stata-cosi-impopolare-e-la-destra-cosi-indefinita\/"},"wordCount":1212,"publisher":{"@id":"https:\/\/www.rassegnastampa-totustuus.it\/cattolica\/#organization"},"image":{"@id":"https:\/\/www.rassegnastampa-totustuus.it\/cattolica\/la-sinistra-non-e-mai-stata-cosi-impopolare-e-la-destra-cosi-indefinita\/#primaryimage"},"thumbnailUrl":"https:\/\/www.rassegnastampa-totustuus.it\/cattolica\/wp-content\/uploads\/2020\/01\/destra_sinistra.jpg","keywords":["cristianesimo","destra","sinistra","valori"],"articleSection":["Politica","Rivoluzione e controrivoluzione"],"inLanguage":"it-IT"},{"@type":"WebPage","@id":"https:\/\/www.rassegnastampa-totustuus.it\/cattolica\/la-sinistra-non-e-mai-stata-cosi-impopolare-e-la-destra-cosi-indefinita\/","url":"https:\/\/www.rassegnastampa-totustuus.it\/cattolica\/la-sinistra-non-e-mai-stata-cosi-impopolare-e-la-destra-cosi-indefinita\/","name":"La sinistra \u00e8 impopolare ma la destra \u00e8 indefinita - Rassegna Stampa Cattolica","isPartOf":{"@id":"https:\/\/www.rassegnastampa-totustuus.it\/cattolica\/#website"},"primaryImageOfPage":{"@id":"https:\/\/www.rassegnastampa-totustuus.it\/cattolica\/la-sinistra-non-e-mai-stata-cosi-impopolare-e-la-destra-cosi-indefinita\/#primaryimage"},"image":{"@id":"https:\/\/www.rassegnastampa-totustuus.it\/cattolica\/la-sinistra-non-e-mai-stata-cosi-impopolare-e-la-destra-cosi-indefinita\/#primaryimage"},"thumbnailUrl":"https:\/\/www.rassegnastampa-totustuus.it\/cattolica\/wp-content\/uploads\/2020\/01\/destra_sinistra.jpg","datePublished":"2025-02-13T09:30:10+00:00","dateModified":"2025-02-13T11:25:43+00:00","description":"La sinistra non \u00e8 mai stata cos\u00ec impopolare e la destra cos\u00ec indefinita e se non fa chiarezza rischia la stessa deriva","breadcrumb":{"@id":"https:\/\/www.rassegnastampa-totustuus.it\/cattolica\/la-sinistra-non-e-mai-stata-cosi-impopolare-e-la-destra-cosi-indefinita\/#breadcrumb"},"inLanguage":"it-IT","potentialAction":[{"@type":"ReadAction","target":["https:\/\/www.rassegnastampa-totustuus.it\/cattolica\/la-sinistra-non-e-mai-stata-cosi-impopolare-e-la-destra-cosi-indefinita\/"]}]},{"@type":"ImageObject","inLanguage":"it-IT","@id":"https:\/\/www.rassegnastampa-totustuus.it\/cattolica\/la-sinistra-non-e-mai-stata-cosi-impopolare-e-la-destra-cosi-indefinita\/#primaryimage","url":"https:\/\/www.rassegnastampa-totustuus.it\/cattolica\/wp-content\/uploads\/2020\/01\/destra_sinistra.jpg","contentUrl":"https:\/\/www.rassegnastampa-totustuus.it\/cattolica\/wp-content\/uploads\/2020\/01\/destra_sinistra.jpg","width":1989,"height":983,"caption":"conservatori contro progressisti?"},{"@type":"BreadcrumbList","@id":"https:\/\/www.rassegnastampa-totustuus.it\/cattolica\/la-sinistra-non-e-mai-stata-cosi-impopolare-e-la-destra-cosi-indefinita\/#breadcrumb","itemListElement":[{"@type":"ListItem","position":1,"name":"Home","item":"https:\/\/www.rassegnastampa-totustuus.it\/cattolica\/"},{"@type":"ListItem","position":2,"name":"La sinistra \u00e8 impopolare ma la destra \u00e8 indefinita"}]},{"@type":"WebSite","@id":"https:\/\/www.rassegnastampa-totustuus.it\/cattolica\/#website","url":"https:\/\/www.rassegnastampa-totustuus.it\/cattolica\/","name":"Rassegna Stampa Cattolica","description":"Per una cultura che nasce dalla Rivelazione cristiana in conformit\u00e0 alla tradizione e al Magistero della Chiesa in opposizione ad ogni relativismo e totalitarismo","publisher":{"@id":"https:\/\/www.rassegnastampa-totustuus.it\/cattolica\/#organization"},"alternateName":"Rass. Cattolica","potentialAction":[{"@type":"SearchAction","target":{"@type":"EntryPoint","urlTemplate":"https:\/\/www.rassegnastampa-totustuus.it\/cattolica\/?s={search_term_string}"},"query-input":{"@type":"PropertyValueSpecification","valueRequired":true,"valueName":"search_term_string"}}],"inLanguage":"it-IT"},{"@type":"Organization","@id":"https:\/\/www.rassegnastampa-totustuus.it\/cattolica\/#organization","name":"Rassegna Stampa Cattolica","url":"https:\/\/www.rassegnastampa-totustuus.it\/cattolica\/","logo":{"@type":"ImageObject","inLanguage":"it-IT","@id":"https:\/\/www.rassegnastampa-totustuus.it\/cattolica\/#\/schema\/logo\/image\/","url":"https:\/\/www.rassegnastampa-totustuus.it\/cattolica\/wp-content\/uploads\/2014\/04\/logo-rassegna1.gif","contentUrl":"https:\/\/www.rassegnastampa-totustuus.it\/cattolica\/wp-content\/uploads\/2014\/04\/logo-rassegna1.gif","width":600,"height":163,"caption":"Rassegna Stampa Cattolica"},"image":{"@id":"https:\/\/www.rassegnastampa-totustuus.it\/cattolica\/#\/schema\/logo\/image\/"},"sameAs":["https:\/\/www.facebook.com\/rassegnastampacattolica","https:\/\/x.com\/rassegnastampa9"]},{"@type":"Person","@id":"https:\/\/www.rassegnastampa-totustuus.it\/cattolica\/#\/schema\/person\/08f319d2bd1a0904ad9e2bfb7b15e5c3","name":"Redazione","image":{"@type":"ImageObject","inLanguage":"it-IT","@id":"https:\/\/secure.gravatar.com\/avatar\/2fcdf27c78ea025fbdb44e914cc63c72249ffec9dc8aafd5c82b26240ef3f346?s=96&d=mm&r=g","url":"https:\/\/secure.gravatar.com\/avatar\/2fcdf27c78ea025fbdb44e914cc63c72249ffec9dc8aafd5c82b26240ef3f346?s=96&d=mm&r=g","contentUrl":"https:\/\/secure.gravatar.com\/avatar\/2fcdf27c78ea025fbdb44e914cc63c72249ffec9dc8aafd5c82b26240ef3f346?s=96&d=mm&r=g","caption":"Redazione"},"url":"https:\/\/www.rassegnastampa-totustuus.it\/cattolica\/author\/pietroelle\/"}]}},"_links":{"self":[{"href":"https:\/\/www.rassegnastampa-totustuus.it\/cattolica\/wp-json\/wp\/v2\/posts\/62141","targetHints":{"allow":["GET"]}}],"collection":[{"href":"https:\/\/www.rassegnastampa-totustuus.it\/cattolica\/wp-json\/wp\/v2\/posts"}],"about":[{"href":"https:\/\/www.rassegnastampa-totustuus.it\/cattolica\/wp-json\/wp\/v2\/types\/post"}],"author":[{"embeddable":true,"href":"https:\/\/www.rassegnastampa-totustuus.it\/cattolica\/wp-json\/wp\/v2\/users\/6"}],"replies":[{"embeddable":true,"href":"https:\/\/www.rassegnastampa-totustuus.it\/cattolica\/wp-json\/wp\/v2\/comments?post=62141"}],"version-history":[{"count":2,"href":"https:\/\/www.rassegnastampa-totustuus.it\/cattolica\/wp-json\/wp\/v2\/posts\/62141\/revisions"}],"predecessor-version":[{"id":62143,"href":"https:\/\/www.rassegnastampa-totustuus.it\/cattolica\/wp-json\/wp\/v2\/posts\/62141\/revisions\/62143"}],"wp:featuredmedia":[{"embeddable":true,"href":"https:\/\/www.rassegnastampa-totustuus.it\/cattolica\/wp-json\/wp\/v2\/media\/46022"}],"wp:attachment":[{"href":"https:\/\/www.rassegnastampa-totustuus.it\/cattolica\/wp-json\/wp\/v2\/media?parent=62141"}],"wp:term":[{"taxonomy":"category","embeddable":true,"href":"https:\/\/www.rassegnastampa-totustuus.it\/cattolica\/wp-json\/wp\/v2\/categories?post=62141"},{"taxonomy":"post_tag","embeddable":true,"href":"https:\/\/www.rassegnastampa-totustuus.it\/cattolica\/wp-json\/wp\/v2\/tags?post=62141"}],"curies":[{"name":"wp","href":"https:\/\/api.w.org\/{rel}","templated":true}]}}