{"id":62136,"date":"2025-02-12T16:57:18","date_gmt":"2025-02-12T15:57:18","guid":{"rendered":"https:\/\/www.rassegnastampa-totustuus.it\/cattolica\/?p=62136"},"modified":"2025-02-12T16:57:18","modified_gmt":"2025-02-12T15:57:18","slug":"al-jolani-si-traveste-da-assad","status":"publish","type":"post","link":"https:\/\/www.rassegnastampa-totustuus.it\/cattolica\/al-jolani-si-traveste-da-assad\/","title":{"rendered":"Al-Jolani si traveste da Assad"},"content":{"rendered":"\n<p class=\"has-text-align-center\"><a href=\"http:\/\/www.tempi.it\" target=\"_blank\" rel=\"noreferrer noopener\"><strong>Tempi<\/strong> <\/a>1 Febbraio 2025<\/p>\n\n\n\n<h3 class=\"wp-block-heading has-text-align-center\">Al-Jolani si traveste da Assad e si autoproclama \u201cpresidente\u201d della Siria<\/h3>\n\n\n\n<p><em>Sciogliendo Costituzione, Parlamento ed esercito, il leader jihadista \u00e8 diventato a tutti gli effetti un dittatore. E l\u2019opposizione inizia a temere una \u00abnuova tirannia\u00bb<\/em><\/p>\n\n\n\n<p class=\"has-text-align-center\">di <strong>Leone Grotti<\/strong><\/p>\n\n\n<div class=\"wp-block-image\">\n<figure class=\"aligncenter size-full is-resized\"><a href=\"https:\/\/www.rassegnastampa-totustuus.it\/cattolica\/wp-content\/uploads\/2025\/02\/Siria_Al-Jolani.jpg\"><img loading=\"lazy\" decoding=\"async\" width=\"252\" height=\"180\" src=\"https:\/\/www.rassegnastampa-totustuus.it\/cattolica\/wp-content\/uploads\/2025\/02\/Siria_Al-Jolani.jpg\" alt=\"\" class=\"wp-image-62137\" style=\"width:422px;height:auto\"\/><\/a><\/figure><\/div>\n\n\n<!--more-->\n\n\n\n<p>Si dice presidente, ma si legge dittatore. La direzione che sta prendendo la Siria di Abu Muhammad al-Jolani, che da quando ha svestito i panni jihadisti e indossato la cravatta verde d\u2019ordinanza preferisce essere chiamato Ahmed al-Sharaa, \u00e8 allarmante e pericolosa. A quasi due mesi dalla presa del potere e dalla cacciata del dittatore Bashar al-Assad, il leader ex Isis, ex Al-Qaeda, un tempo ricercato in tutto il mondo per terrorismo e oggi presunto politico dalle idee \u201cdemocratiche\u201d si \u00e8 finalmente degnato di parlare al popolo siriano. E ne ha approfittato per informarli che si \u00e8 autoproclamato \u201cpresidente ad interim\u201d della nuova Siria, che assomiglia sempre di pi\u00f9 a quella vecchia.<\/p>\n\n\n\n<h4 class=\"wp-block-heading has-text-align-center\"><strong>Al-Jolani si autoproclama \u201cpresidente\u201d<\/strong><\/h4>\n\n\n\n<p>Alcuni giornali si sono spinti fino a scrivere che \u00e8 stato \u201cnominato\u201d presidente. Ma le parole sono importanti e non bisogna lasciarsi ingannare. Non \u00e8 il popolo siriano ad aver scelto Al-Jolani come presidente, perch\u00e9 le prime elezioni sono state posticipate genericamente \u00abtra quattro anni\u00bb.<\/p>\n\n\n\n<p>Non \u00e8 il Parlamento ad avergli assegnato la carica, perch\u00e9 \u00e8 stato sciolto dal leader jihadista. Non \u00e8 nel nome della Costituzione del 2012 ad avere preso il potere, Al-Jolani, perch\u00e9 \u00e8 stata cestinata, mentre ogni altra istituzione o centro di potere (come esercito, agenzie di sicurezza o il partito Baath) sono stati cancellati e messi al bando. Chi ha proclamato dunque presidente della Siria l\u2019uomo che ha approfittato militarmente dell\u2019evaporazione del regime di Assad? Nessuno, si \u00e8 autoproclamato.<\/p>\n\n\n\n<h4 class=\"wp-block-heading has-text-align-center\"><strong>Drusi e curdi esclusi in Siria<\/strong><\/h4>\n\n\n<div class=\"wp-block-image\">\n<figure class=\"aligncenter size-full is-resized\"><a href=\"https:\/\/www.rassegnastampa-totustuus.it\/cattolica\/wp-content\/uploads\/2024\/12\/siria_ribelli.jpg\"><img loading=\"lazy\" decoding=\"async\" width=\"185\" height=\"132\" src=\"https:\/\/www.rassegnastampa-totustuus.it\/cattolica\/wp-content\/uploads\/2024\/12\/siria_ribelli.jpg\" alt=\"\" class=\"wp-image-61797\" style=\"width:399px;height:auto\"\/><\/a><\/figure><\/div>\n\n\n<p>O meglio, \u00e8 la \u201cConferenza per l\u2019annuncio della vittoria della rivoluzione siriana\u201d ad averlo fatto. Questa conferenza, di cui nessuno conosceva l\u2019esistenza, formata dai membri del governo ad interim nominati dallo stesso Al-Jolani e tutti provenienti da Idlib (alcuni dalla stessa famiglia di Al-Sharaa) e da altri gruppi, si \u00e8 riunita in gran segreto gioved\u00ec e ha stabilito che per un tempo imprecisato Al-Jolani sar\u00e0 appunto il nuovo \u201cpresidente\u201d della Siria.&nbsp; &nbsp;Alla riunione non hanno partecipato n\u00e9 gli organismi politici dell\u2019opposizione siriana all\u2019estero, n\u00e9 i rappresentanti dei drusi che controllano parte del sud del paese, n\u00e9 quelli dei curdi che governano il nord-est. Chi rappresenta dunque Al-Jolani? Per ora, solamente se stesso. E come \u00e8 stata presa la decisione, all\u2019unanimit\u00e0 o i gruppi armati si sono divisi in faide? Nessuno lo sa.<\/p>\n\n\n\n<h4 class=\"wp-block-heading has-text-align-center\"><strong>Tante promesse, zero fatti<\/strong><\/h4>\n\n\n\n<p>Negli ultimi due mesi, nonostante non rappresentasse formalmente niente e nessuno, Al-Jolani ha incontrato ministri e capi di Stato stranieri, parlando a nome della Siria. Si dir\u00e0 che \u00e8 comprensibile, perch\u00e9 neanche lui si aspettava di prendere il potere cos\u00ec in fretta, perch\u00e9 \u00e8 stato colto impreparato, perch\u00e9 non bisogna badare a sottigliezze formali. Ma in questo caso la forma \u00e8 sostanza.<\/p>\n\n\n\n<p>Il leader jihadista aveva promesso un processo di transizione politica, un nuovo censimento, una conferenza di dialogo nazionale, un\u2019assemblea costituente, un consiglio legislativo temporaneo, un governo rappresentativo di tutto il paese e infine elezioni libere. Non solo non \u00e8 stato fatto niente di tutto ci\u00f2, ma non \u00e8 stata neanche offerta alcuna spiegazione n\u00e9 alcuna tempistica.<\/p>\n\n\n\n<p>Da questo momento, e per chiss\u00e0 quanti anni, Al-Jolani sar\u00e0 dunque il leader assoluto della Siria, forte di un potere senza limiti come quello di Assad, se non superiore.<\/p>\n\n\n\n<h4 class=\"wp-block-heading has-text-align-center\"><strong>Un esercito di jihadisti in Siria<\/strong><\/h4>\n\n\n<div class=\"wp-block-image\">\n<figure class=\"aligncenter size-full is-resized\"><a href=\"https:\/\/www.rassegnastampa-totustuus.it\/cattolica\/wp-content\/uploads\/2025\/02\/islam_integralisti_Jihad.jpg\"><img loading=\"lazy\" decoding=\"async\" width=\"240\" height=\"135\" src=\"https:\/\/www.rassegnastampa-totustuus.it\/cattolica\/wp-content\/uploads\/2025\/02\/islam_integralisti_Jihad.jpg\" alt=\"\" class=\"wp-image-62138\" style=\"width:416px;height:auto\"\/><\/a><\/figure><\/div>\n\n\n<p>Tra i tanti clamorosi annunci di gioved\u00ec, c\u2019\u00e8 anche quello dello scioglimento di tutte le milizie che hanno contribuito a conquistare il potere in vista del loro ingresso in un unico esercito nazionale. Questo \u00e8 forse il passaggio pi\u00f9 pericoloso e delicato.<\/p>\n\n\n\n<p>Al-Jolani \u00e8 il leader di Hayat Tahrir al-Sham (Hts), ma ha conquistato la Siria mettendosi alla guida di una coalizione composita di decine di sigle e gruppi jihadisti, che al momento si sono rifiutati di deporre le armi in mancanza di indicazioni chiare sul loro futuro (e magari di un\u2019amnistia che cancelli i crimini commessi). Come verranno convinti? Scoppier\u00e0 una nuova guerra civile? E, nel caso accettino di formare un esercito regolare, come faranno i siriani a fidarsi di militari che fino a poche settimane fa <strong>perseguitavano parte della popolazione, come i cristiani<\/strong>, riconoscendo come unica autorit\u00e0 il Corano? Domande senza risposta.<\/p>\n\n\n\n<h4 class=\"wp-block-heading has-text-align-center\"><strong>Una \u00abnuova tirannia\u00bb per la Siria?<\/strong><\/h4>\n\n\n\n<p>Alise Mofrej, membro della Syrian Negotiation Commission, organizzazione che riunisce vari gruppi dell\u2019opposizione siriana, parlando al <strong><em><a href=\"https:\/\/www.nytimes.com\/2025\/01\/30\/world\/asia\/ahmed-al-shara-syria-president.html\" target=\"_blank\" rel=\"noreferrer noopener\">New York Times<\/a><\/em><\/strong> ha detto di temere \u00abuna nuova tirannia\u00bb. Bassam Al-Kuwatli, presidente del piccolo Partito liberale siriano, <strong><a href=\"https:\/\/www.reuters.com\/world\/middle-east\/no-date-yet-landmark-syrian-national-dialogue-sources-say-2025-01-03\/\" target=\"_blank\" rel=\"noreferrer noopener\">ha aggiunto a <em>Reuters<\/em><\/a><\/strong> che \u00abla nuova amministrazione \u00e8 ancora un gruppo militare che ha conquistato il potere e non sente la necessit\u00e0 di condividerlo\u00bb.<\/p>\n\n\n\n<p>La conferenza di dialogo nazionale, che dovrebbe essere formata da 1.200 delegati rappresentativi di tutte le anime politiche, religiose, etniche e geografiche della Siria, doveva essere inaugurata a inizio gennaio. \u00c8 passato un mese e nessun membro dell\u2019opposizione ha ricevuto l\u2019invito a farne parte. La conferenza doveva sciogliere il Parlamento e presentare un piano per cambiare la Costituzione, ma questi due passaggi sono stati fatti in autonomia dallo stesso Al-Jolani.<\/p>\n\n\n<div class=\"wp-block-image\">\n<figure class=\"aligncenter size-full is-resized\"><a href=\"https:\/\/www.rassegnastampa-totustuus.it\/cattolica\/wp-content\/uploads\/2025\/02\/Assad_Siria.jpg\"><img loading=\"lazy\" decoding=\"async\" width=\"282\" height=\"180\" src=\"https:\/\/www.rassegnastampa-totustuus.it\/cattolica\/wp-content\/uploads\/2025\/02\/Assad_Siria.jpg\" alt=\"\" class=\"wp-image-62139\" style=\"width:482px;height:auto\"\/><\/a><\/figure><\/div>\n\n\n<p>Che il leader jihadista diventasse presidente ad interim della Siria era ampiamente previsto, ma il modo con cui ha agito fino ad ora dimostra che il paese \u00e8 semplicemente passato da un dittatore all\u2019altro, per di pi\u00f9 appoggiato da fazioni jihadiste internazionali difficili da controllare e imbevuto di una pericolosa ideologia islamista.<\/p>\n\n\n\n<p>Le uniche due note positive per il popolo siriano al momento sono la decisione dell\u2019Occidente di rimuovere, almeno in parte, le sanzioni che nell\u2019ultimo decennio hanno affamato la popolazione innocente e la fine della leva obbligatoria (conseguente per ora allo scioglimento dell\u2019esercito), che aveva spinto tanti giovani siriani a scappare dal paese guidato ad Assad. Per il resto, la nuova Siria di Al-Jolani assomiglia tanto, troppo, alla vecchia.<\/p>\n","protected":false},"excerpt":{"rendered":"<p>Al-Jolani si autoproclama \u201cpresidente\u201d della Siria. Un altro Assad?<\/p>\n","protected":false},"author":6,"featured_media":62137,"comment_status":"closed","ping_status":"closed","sticky":false,"template":"","format":"standard","meta":{"footnotes":""},"categories":[108],"tags":[3101,2037,2637,3102,527,440],"class_list":["post-62136","post","type-post","status-publish","format-standard","has-post-thumbnail","hentry","category-paesi-e-continenti","tag-al-jolani","tag-cristiani","tag-curdi","tag-drusi","tag-jihad","tag-siria","item-wrap"],"yoast_head":"<!-- This site is optimized with the Yoast SEO plugin v27.5 - https:\/\/yoast.com\/product\/yoast-seo-wordpress\/ -->\n<title>Al-Jolani si traveste da Assad - Rassegna Stampa Cattolica<\/title>\n<meta name=\"description\" content=\"Al-Jolani si traveste da Assad e si autoproclama \u201cpresidente\u201d della Siria sciogliendo Costituzione, parlamento ed esercito\" \/>\n<meta name=\"robots\" content=\"index, follow, max-snippet:-1, max-image-preview:large, max-video-preview:-1\" \/>\n<link rel=\"canonical\" href=\"https:\/\/www.rassegnastampa-totustuus.it\/cattolica\/al-jolani-si-traveste-da-assad\/\" \/>\n<meta property=\"og:locale\" content=\"it_IT\" \/>\n<meta property=\"og:type\" content=\"article\" \/>\n<meta property=\"og:title\" content=\"Al-Jolani si traveste da Assad - Rassegna Stampa Cattolica\" \/>\n<meta property=\"og:description\" content=\"Al-Jolani si traveste da Assad e si autoproclama \u201cpresidente\u201d della Siria sciogliendo Costituzione, parlamento ed esercito\" \/>\n<meta property=\"og:url\" content=\"https:\/\/www.rassegnastampa-totustuus.it\/cattolica\/al-jolani-si-traveste-da-assad\/\" \/>\n<meta property=\"og:site_name\" content=\"Rassegna Stampa Cattolica\" \/>\n<meta property=\"article:publisher\" content=\"https:\/\/www.facebook.com\/rassegnastampacattolica\" \/>\n<meta property=\"article:published_time\" content=\"2025-02-12T15:57:18+00:00\" \/>\n<meta property=\"og:image\" content=\"https:\/\/www.rassegnastampa-totustuus.it\/cattolica\/wp-content\/uploads\/2025\/02\/Siria_Al-Jolani.jpg\" \/>\n\t<meta property=\"og:image:width\" content=\"252\" \/>\n\t<meta property=\"og:image:height\" content=\"180\" \/>\n\t<meta property=\"og:image:type\" content=\"image\/jpeg\" \/>\n<meta name=\"author\" content=\"Redazione\" \/>\n<meta name=\"twitter:card\" content=\"summary_large_image\" \/>\n<meta name=\"twitter:creator\" content=\"@rassegnastampa9\" \/>\n<meta name=\"twitter:site\" content=\"@rassegnastampa9\" \/>\n<meta name=\"twitter:label1\" content=\"Scritto da\" \/>\n\t<meta name=\"twitter:data1\" content=\"Redazione\" \/>\n\t<meta name=\"twitter:label2\" content=\"Tempo di lettura stimato\" \/>\n\t<meta name=\"twitter:data2\" content=\"7 minuti\" \/>\n<script type=\"application\/ld+json\" class=\"yoast-schema-graph\">{\"@context\":\"https:\\\/\\\/schema.org\",\"@graph\":[{\"@type\":\"Article\",\"@id\":\"https:\\\/\\\/www.rassegnastampa-totustuus.it\\\/cattolica\\\/al-jolani-si-traveste-da-assad\\\/#article\",\"isPartOf\":{\"@id\":\"https:\\\/\\\/www.rassegnastampa-totustuus.it\\\/cattolica\\\/al-jolani-si-traveste-da-assad\\\/\"},\"author\":{\"name\":\"Redazione\",\"@id\":\"https:\\\/\\\/www.rassegnastampa-totustuus.it\\\/cattolica\\\/#\\\/schema\\\/person\\\/08f319d2bd1a0904ad9e2bfb7b15e5c3\"},\"headline\":\"Al-Jolani si traveste da Assad\",\"datePublished\":\"2025-02-12T15:57:18+00:00\",\"mainEntityOfPage\":{\"@id\":\"https:\\\/\\\/www.rassegnastampa-totustuus.it\\\/cattolica\\\/al-jolani-si-traveste-da-assad\\\/\"},\"wordCount\":972,\"publisher\":{\"@id\":\"https:\\\/\\\/www.rassegnastampa-totustuus.it\\\/cattolica\\\/#organization\"},\"image\":{\"@id\":\"https:\\\/\\\/www.rassegnastampa-totustuus.it\\\/cattolica\\\/al-jolani-si-traveste-da-assad\\\/#primaryimage\"},\"thumbnailUrl\":\"https:\\\/\\\/www.rassegnastampa-totustuus.it\\\/cattolica\\\/wp-content\\\/uploads\\\/2025\\\/02\\\/Siria_Al-Jolani.jpg\",\"keywords\":[\"Al-Jolani\",\"cristiani\",\"curdi\",\"drusi\",\"Jihad\",\"Siria\"],\"articleSection\":[\"Paesi e continenti\"],\"inLanguage\":\"it-IT\"},{\"@type\":\"WebPage\",\"@id\":\"https:\\\/\\\/www.rassegnastampa-totustuus.it\\\/cattolica\\\/al-jolani-si-traveste-da-assad\\\/\",\"url\":\"https:\\\/\\\/www.rassegnastampa-totustuus.it\\\/cattolica\\\/al-jolani-si-traveste-da-assad\\\/\",\"name\":\"Al-Jolani si traveste da Assad - Rassegna Stampa Cattolica\",\"isPartOf\":{\"@id\":\"https:\\\/\\\/www.rassegnastampa-totustuus.it\\\/cattolica\\\/#website\"},\"primaryImageOfPage\":{\"@id\":\"https:\\\/\\\/www.rassegnastampa-totustuus.it\\\/cattolica\\\/al-jolani-si-traveste-da-assad\\\/#primaryimage\"},\"image\":{\"@id\":\"https:\\\/\\\/www.rassegnastampa-totustuus.it\\\/cattolica\\\/al-jolani-si-traveste-da-assad\\\/#primaryimage\"},\"thumbnailUrl\":\"https:\\\/\\\/www.rassegnastampa-totustuus.it\\\/cattolica\\\/wp-content\\\/uploads\\\/2025\\\/02\\\/Siria_Al-Jolani.jpg\",\"datePublished\":\"2025-02-12T15:57:18+00:00\",\"description\":\"Al-Jolani si traveste da Assad e si autoproclama \u201cpresidente\u201d della Siria sciogliendo Costituzione, parlamento ed esercito\",\"breadcrumb\":{\"@id\":\"https:\\\/\\\/www.rassegnastampa-totustuus.it\\\/cattolica\\\/al-jolani-si-traveste-da-assad\\\/#breadcrumb\"},\"inLanguage\":\"it-IT\",\"potentialAction\":[{\"@type\":\"ReadAction\",\"target\":[\"https:\\\/\\\/www.rassegnastampa-totustuus.it\\\/cattolica\\\/al-jolani-si-traveste-da-assad\\\/\"]}]},{\"@type\":\"ImageObject\",\"inLanguage\":\"it-IT\",\"@id\":\"https:\\\/\\\/www.rassegnastampa-totustuus.it\\\/cattolica\\\/al-jolani-si-traveste-da-assad\\\/#primaryimage\",\"url\":\"https:\\\/\\\/www.rassegnastampa-totustuus.it\\\/cattolica\\\/wp-content\\\/uploads\\\/2025\\\/02\\\/Siria_Al-Jolani.jpg\",\"contentUrl\":\"https:\\\/\\\/www.rassegnastampa-totustuus.it\\\/cattolica\\\/wp-content\\\/uploads\\\/2025\\\/02\\\/Siria_Al-Jolani.jpg\",\"width\":252,\"height\":180},{\"@type\":\"BreadcrumbList\",\"@id\":\"https:\\\/\\\/www.rassegnastampa-totustuus.it\\\/cattolica\\\/al-jolani-si-traveste-da-assad\\\/#breadcrumb\",\"itemListElement\":[{\"@type\":\"ListItem\",\"position\":1,\"name\":\"Home\",\"item\":\"https:\\\/\\\/www.rassegnastampa-totustuus.it\\\/cattolica\\\/\"},{\"@type\":\"ListItem\",\"position\":2,\"name\":\"Al-Jolani si traveste da Assad\"}]},{\"@type\":\"WebSite\",\"@id\":\"https:\\\/\\\/www.rassegnastampa-totustuus.it\\\/cattolica\\\/#website\",\"url\":\"https:\\\/\\\/www.rassegnastampa-totustuus.it\\\/cattolica\\\/\",\"name\":\"Rassegna Stampa Cattolica\",\"description\":\"Per una cultura che nasce dalla Rivelazione cristiana in conformit\u00e0 alla tradizione e al Magistero della Chiesa in opposizione ad ogni relativismo e totalitarismo\",\"publisher\":{\"@id\":\"https:\\\/\\\/www.rassegnastampa-totustuus.it\\\/cattolica\\\/#organization\"},\"alternateName\":\"Rass. Cattolica\",\"potentialAction\":[{\"@type\":\"SearchAction\",\"target\":{\"@type\":\"EntryPoint\",\"urlTemplate\":\"https:\\\/\\\/www.rassegnastampa-totustuus.it\\\/cattolica\\\/?s={search_term_string}\"},\"query-input\":{\"@type\":\"PropertyValueSpecification\",\"valueRequired\":true,\"valueName\":\"search_term_string\"}}],\"inLanguage\":\"it-IT\"},{\"@type\":\"Organization\",\"@id\":\"https:\\\/\\\/www.rassegnastampa-totustuus.it\\\/cattolica\\\/#organization\",\"name\":\"Rassegna Stampa Cattolica\",\"url\":\"https:\\\/\\\/www.rassegnastampa-totustuus.it\\\/cattolica\\\/\",\"logo\":{\"@type\":\"ImageObject\",\"inLanguage\":\"it-IT\",\"@id\":\"https:\\\/\\\/www.rassegnastampa-totustuus.it\\\/cattolica\\\/#\\\/schema\\\/logo\\\/image\\\/\",\"url\":\"https:\\\/\\\/www.rassegnastampa-totustuus.it\\\/cattolica\\\/wp-content\\\/uploads\\\/2014\\\/04\\\/logo-rassegna1.gif\",\"contentUrl\":\"https:\\\/\\\/www.rassegnastampa-totustuus.it\\\/cattolica\\\/wp-content\\\/uploads\\\/2014\\\/04\\\/logo-rassegna1.gif\",\"width\":600,\"height\":163,\"caption\":\"Rassegna Stampa Cattolica\"},\"image\":{\"@id\":\"https:\\\/\\\/www.rassegnastampa-totustuus.it\\\/cattolica\\\/#\\\/schema\\\/logo\\\/image\\\/\"},\"sameAs\":[\"https:\\\/\\\/www.facebook.com\\\/rassegnastampacattolica\",\"https:\\\/\\\/x.com\\\/rassegnastampa9\"]},{\"@type\":\"Person\",\"@id\":\"https:\\\/\\\/www.rassegnastampa-totustuus.it\\\/cattolica\\\/#\\\/schema\\\/person\\\/08f319d2bd1a0904ad9e2bfb7b15e5c3\",\"name\":\"Redazione\",\"image\":{\"@type\":\"ImageObject\",\"inLanguage\":\"it-IT\",\"@id\":\"https:\\\/\\\/secure.gravatar.com\\\/avatar\\\/2fcdf27c78ea025fbdb44e914cc63c72249ffec9dc8aafd5c82b26240ef3f346?s=96&d=mm&r=g\",\"url\":\"https:\\\/\\\/secure.gravatar.com\\\/avatar\\\/2fcdf27c78ea025fbdb44e914cc63c72249ffec9dc8aafd5c82b26240ef3f346?s=96&d=mm&r=g\",\"contentUrl\":\"https:\\\/\\\/secure.gravatar.com\\\/avatar\\\/2fcdf27c78ea025fbdb44e914cc63c72249ffec9dc8aafd5c82b26240ef3f346?s=96&d=mm&r=g\",\"caption\":\"Redazione\"},\"url\":\"https:\\\/\\\/www.rassegnastampa-totustuus.it\\\/cattolica\\\/author\\\/pietroelle\\\/\"}]}<\/script>\n<!-- \/ Yoast SEO plugin. -->","yoast_head_json":{"title":"Al-Jolani si traveste da Assad - Rassegna Stampa Cattolica","description":"Al-Jolani si traveste da Assad e si autoproclama \u201cpresidente\u201d della Siria sciogliendo Costituzione, parlamento ed esercito","robots":{"index":"index","follow":"follow","max-snippet":"max-snippet:-1","max-image-preview":"max-image-preview:large","max-video-preview":"max-video-preview:-1"},"canonical":"https:\/\/www.rassegnastampa-totustuus.it\/cattolica\/al-jolani-si-traveste-da-assad\/","og_locale":"it_IT","og_type":"article","og_title":"Al-Jolani si traveste da Assad - Rassegna Stampa Cattolica","og_description":"Al-Jolani si traveste da Assad e si autoproclama \u201cpresidente\u201d della Siria sciogliendo Costituzione, parlamento ed esercito","og_url":"https:\/\/www.rassegnastampa-totustuus.it\/cattolica\/al-jolani-si-traveste-da-assad\/","og_site_name":"Rassegna Stampa Cattolica","article_publisher":"https:\/\/www.facebook.com\/rassegnastampacattolica","article_published_time":"2025-02-12T15:57:18+00:00","og_image":[{"width":252,"height":180,"url":"https:\/\/www.rassegnastampa-totustuus.it\/cattolica\/wp-content\/uploads\/2025\/02\/Siria_Al-Jolani.jpg","type":"image\/jpeg"}],"author":"Redazione","twitter_card":"summary_large_image","twitter_creator":"@rassegnastampa9","twitter_site":"@rassegnastampa9","twitter_misc":{"Scritto da":"Redazione","Tempo di lettura stimato":"7 minuti"},"schema":{"@context":"https:\/\/schema.org","@graph":[{"@type":"Article","@id":"https:\/\/www.rassegnastampa-totustuus.it\/cattolica\/al-jolani-si-traveste-da-assad\/#article","isPartOf":{"@id":"https:\/\/www.rassegnastampa-totustuus.it\/cattolica\/al-jolani-si-traveste-da-assad\/"},"author":{"name":"Redazione","@id":"https:\/\/www.rassegnastampa-totustuus.it\/cattolica\/#\/schema\/person\/08f319d2bd1a0904ad9e2bfb7b15e5c3"},"headline":"Al-Jolani si traveste da Assad","datePublished":"2025-02-12T15:57:18+00:00","mainEntityOfPage":{"@id":"https:\/\/www.rassegnastampa-totustuus.it\/cattolica\/al-jolani-si-traveste-da-assad\/"},"wordCount":972,"publisher":{"@id":"https:\/\/www.rassegnastampa-totustuus.it\/cattolica\/#organization"},"image":{"@id":"https:\/\/www.rassegnastampa-totustuus.it\/cattolica\/al-jolani-si-traveste-da-assad\/#primaryimage"},"thumbnailUrl":"https:\/\/www.rassegnastampa-totustuus.it\/cattolica\/wp-content\/uploads\/2025\/02\/Siria_Al-Jolani.jpg","keywords":["Al-Jolani","cristiani","curdi","drusi","Jihad","Siria"],"articleSection":["Paesi e continenti"],"inLanguage":"it-IT"},{"@type":"WebPage","@id":"https:\/\/www.rassegnastampa-totustuus.it\/cattolica\/al-jolani-si-traveste-da-assad\/","url":"https:\/\/www.rassegnastampa-totustuus.it\/cattolica\/al-jolani-si-traveste-da-assad\/","name":"Al-Jolani si traveste da Assad - Rassegna Stampa Cattolica","isPartOf":{"@id":"https:\/\/www.rassegnastampa-totustuus.it\/cattolica\/#website"},"primaryImageOfPage":{"@id":"https:\/\/www.rassegnastampa-totustuus.it\/cattolica\/al-jolani-si-traveste-da-assad\/#primaryimage"},"image":{"@id":"https:\/\/www.rassegnastampa-totustuus.it\/cattolica\/al-jolani-si-traveste-da-assad\/#primaryimage"},"thumbnailUrl":"https:\/\/www.rassegnastampa-totustuus.it\/cattolica\/wp-content\/uploads\/2025\/02\/Siria_Al-Jolani.jpg","datePublished":"2025-02-12T15:57:18+00:00","description":"Al-Jolani si traveste da Assad e si autoproclama \u201cpresidente\u201d della Siria sciogliendo Costituzione, parlamento ed esercito","breadcrumb":{"@id":"https:\/\/www.rassegnastampa-totustuus.it\/cattolica\/al-jolani-si-traveste-da-assad\/#breadcrumb"},"inLanguage":"it-IT","potentialAction":[{"@type":"ReadAction","target":["https:\/\/www.rassegnastampa-totustuus.it\/cattolica\/al-jolani-si-traveste-da-assad\/"]}]},{"@type":"ImageObject","inLanguage":"it-IT","@id":"https:\/\/www.rassegnastampa-totustuus.it\/cattolica\/al-jolani-si-traveste-da-assad\/#primaryimage","url":"https:\/\/www.rassegnastampa-totustuus.it\/cattolica\/wp-content\/uploads\/2025\/02\/Siria_Al-Jolani.jpg","contentUrl":"https:\/\/www.rassegnastampa-totustuus.it\/cattolica\/wp-content\/uploads\/2025\/02\/Siria_Al-Jolani.jpg","width":252,"height":180},{"@type":"BreadcrumbList","@id":"https:\/\/www.rassegnastampa-totustuus.it\/cattolica\/al-jolani-si-traveste-da-assad\/#breadcrumb","itemListElement":[{"@type":"ListItem","position":1,"name":"Home","item":"https:\/\/www.rassegnastampa-totustuus.it\/cattolica\/"},{"@type":"ListItem","position":2,"name":"Al-Jolani si traveste da Assad"}]},{"@type":"WebSite","@id":"https:\/\/www.rassegnastampa-totustuus.it\/cattolica\/#website","url":"https:\/\/www.rassegnastampa-totustuus.it\/cattolica\/","name":"Rassegna Stampa Cattolica","description":"Per una cultura che nasce dalla Rivelazione cristiana in conformit\u00e0 alla tradizione e al Magistero della Chiesa in opposizione ad ogni relativismo e totalitarismo","publisher":{"@id":"https:\/\/www.rassegnastampa-totustuus.it\/cattolica\/#organization"},"alternateName":"Rass. Cattolica","potentialAction":[{"@type":"SearchAction","target":{"@type":"EntryPoint","urlTemplate":"https:\/\/www.rassegnastampa-totustuus.it\/cattolica\/?s={search_term_string}"},"query-input":{"@type":"PropertyValueSpecification","valueRequired":true,"valueName":"search_term_string"}}],"inLanguage":"it-IT"},{"@type":"Organization","@id":"https:\/\/www.rassegnastampa-totustuus.it\/cattolica\/#organization","name":"Rassegna Stampa Cattolica","url":"https:\/\/www.rassegnastampa-totustuus.it\/cattolica\/","logo":{"@type":"ImageObject","inLanguage":"it-IT","@id":"https:\/\/www.rassegnastampa-totustuus.it\/cattolica\/#\/schema\/logo\/image\/","url":"https:\/\/www.rassegnastampa-totustuus.it\/cattolica\/wp-content\/uploads\/2014\/04\/logo-rassegna1.gif","contentUrl":"https:\/\/www.rassegnastampa-totustuus.it\/cattolica\/wp-content\/uploads\/2014\/04\/logo-rassegna1.gif","width":600,"height":163,"caption":"Rassegna Stampa Cattolica"},"image":{"@id":"https:\/\/www.rassegnastampa-totustuus.it\/cattolica\/#\/schema\/logo\/image\/"},"sameAs":["https:\/\/www.facebook.com\/rassegnastampacattolica","https:\/\/x.com\/rassegnastampa9"]},{"@type":"Person","@id":"https:\/\/www.rassegnastampa-totustuus.it\/cattolica\/#\/schema\/person\/08f319d2bd1a0904ad9e2bfb7b15e5c3","name":"Redazione","image":{"@type":"ImageObject","inLanguage":"it-IT","@id":"https:\/\/secure.gravatar.com\/avatar\/2fcdf27c78ea025fbdb44e914cc63c72249ffec9dc8aafd5c82b26240ef3f346?s=96&d=mm&r=g","url":"https:\/\/secure.gravatar.com\/avatar\/2fcdf27c78ea025fbdb44e914cc63c72249ffec9dc8aafd5c82b26240ef3f346?s=96&d=mm&r=g","contentUrl":"https:\/\/secure.gravatar.com\/avatar\/2fcdf27c78ea025fbdb44e914cc63c72249ffec9dc8aafd5c82b26240ef3f346?s=96&d=mm&r=g","caption":"Redazione"},"url":"https:\/\/www.rassegnastampa-totustuus.it\/cattolica\/author\/pietroelle\/"}]}},"_links":{"self":[{"href":"https:\/\/www.rassegnastampa-totustuus.it\/cattolica\/wp-json\/wp\/v2\/posts\/62136","targetHints":{"allow":["GET"]}}],"collection":[{"href":"https:\/\/www.rassegnastampa-totustuus.it\/cattolica\/wp-json\/wp\/v2\/posts"}],"about":[{"href":"https:\/\/www.rassegnastampa-totustuus.it\/cattolica\/wp-json\/wp\/v2\/types\/post"}],"author":[{"embeddable":true,"href":"https:\/\/www.rassegnastampa-totustuus.it\/cattolica\/wp-json\/wp\/v2\/users\/6"}],"replies":[{"embeddable":true,"href":"https:\/\/www.rassegnastampa-totustuus.it\/cattolica\/wp-json\/wp\/v2\/comments?post=62136"}],"version-history":[{"count":1,"href":"https:\/\/www.rassegnastampa-totustuus.it\/cattolica\/wp-json\/wp\/v2\/posts\/62136\/revisions"}],"predecessor-version":[{"id":62140,"href":"https:\/\/www.rassegnastampa-totustuus.it\/cattolica\/wp-json\/wp\/v2\/posts\/62136\/revisions\/62140"}],"wp:featuredmedia":[{"embeddable":true,"href":"https:\/\/www.rassegnastampa-totustuus.it\/cattolica\/wp-json\/wp\/v2\/media\/62137"}],"wp:attachment":[{"href":"https:\/\/www.rassegnastampa-totustuus.it\/cattolica\/wp-json\/wp\/v2\/media?parent=62136"}],"wp:term":[{"taxonomy":"category","embeddable":true,"href":"https:\/\/www.rassegnastampa-totustuus.it\/cattolica\/wp-json\/wp\/v2\/categories?post=62136"},{"taxonomy":"post_tag","embeddable":true,"href":"https:\/\/www.rassegnastampa-totustuus.it\/cattolica\/wp-json\/wp\/v2\/tags?post=62136"}],"curies":[{"name":"wp","href":"https:\/\/api.w.org\/{rel}","templated":true}]}}