{"id":62119,"date":"2025-02-10T10:52:29","date_gmt":"2025-02-10T09:52:29","guid":{"rendered":"https:\/\/www.rassegnastampa-totustuus.it\/cattolica\/?p=62119"},"modified":"2025-02-10T10:52:31","modified_gmt":"2025-02-10T09:52:31","slug":"i-falsi-miti-di-oggi-sullimmigrazione","status":"publish","type":"post","link":"https:\/\/www.rassegnastampa-totustuus.it\/cattolica\/i-falsi-miti-di-oggi-sullimmigrazione\/","title":{"rendered":"I falsi miti (di oggi) sull\u2019immigrazione"},"content":{"rendered":"\n<p class=\"has-text-align-center\">Per <strong>Rassegna Stampa<\/strong> 10 Febbraio 2025<\/p>\n\n\n\n<p class=\"has-text-align-center\">Testo della conferenza tenuta a Roma il 7 febbraio 2025 per l\u2019<em><a href=\"https:\/\/www.arssroma.org\/\">Associazione Romana Studi e Solidariet\u00e0<\/a> <\/em>(ARSS- Roma)<\/p>\n\n\n\n<p class=\"has-text-align-center\"><strong>Giuseppe Brienza<\/strong><strong><\/strong><\/p>\n\n\n<div class=\"wp-block-image\">\n<figure class=\"aligncenter size-full is-resized\"><a href=\"https:\/\/www.rassegnastampa-totustuus.it\/cattolica\/wp-content\/uploads\/2023\/06\/scafisti_immigrazione.jpg\"><img loading=\"lazy\" decoding=\"async\" width=\"350\" height=\"163\" src=\"https:\/\/www.rassegnastampa-totustuus.it\/cattolica\/wp-content\/uploads\/2023\/06\/scafisti_immigrazione.jpg\" alt=\"\" class=\"wp-image-56571\" style=\"width:490px;height:auto\"\/><\/a><\/figure><\/div>\n\n\n<!--more-->\n\n\n\n<h4 class=\"wp-block-heading has-text-align-center\"><strong>1. \u201cL\u2019operazione Albania \u00e8 una deportazione\u201d<\/strong><\/h4>\n\n\n\n<p>In realt\u00e0<strong>, <\/strong>il <em>modello Meloni<\/em>, previsto dal protocollo Italia-Albania in materia migratoria (legge di ratifica pubblicata sulla G.U. del febbraio 2024), in quasi tutta Europa viene ormai considerato un esperimento interessante ed estendibile ad altri Paesi. Se una certa parte politicizzata (e minoritaria) della magistratura nazionale lo consentisse, permetterebbe all\u2019Italia di gestire parte del flusso migratorio sul terreno albanese. Dopo un primo <em>screening<\/em> a bordo delle navi italiane (vengono scelti i maschi, adulti, senza vulnerabilit\u00e0, in buona salute e provenienti da \u201cPaesi sicuri\u201d), i migranti sarebbero sistematicamente trasferiti nei centri di accoglienza albanesi di Shengjin (procedure di identificazione) e successivamente a Gjader (dove attendono l\u2019esito delle domande di asilo).<\/p>\n\n\n\n<p>\u00c8 vero che gli stranieri sono imbarcati a bordo di navi della Marina Militare italiana per essere condotti nei centri in territorio albanese, ma tale scelta almeno per un primo tempo appare inevitabile per motivi di sicurezza ma non solo. Ricordiamo che dopo le procedure di accoglienza, dopo un trattenimento non lungo, i migranti irregolari sono destinati al necessario rimpatrio.<\/p>\n\n\n<div class=\"wp-block-image\">\n<figure class=\"aligncenter size-full is-resized\"><a href=\"https:\/\/www.rassegnastampa-totustuus.it\/cattolica\/wp-content\/uploads\/2024\/10\/navi_immigrati.jpeg\"><img loading=\"lazy\" decoding=\"async\" width=\"300\" height=\"168\" src=\"https:\/\/www.rassegnastampa-totustuus.it\/cattolica\/wp-content\/uploads\/2024\/10\/navi_immigrati.jpeg\" alt=\"\" class=\"wp-image-61521\" style=\"width:510px;height:auto\"\/><\/a><\/figure><\/div>\n\n\n<p>Finora sono state, come noto, solo tre le navi di migranti oggetto di tale procedura accelerata di verifica delle posizioni individuali (ottobre e novembre 2024, gennaio 2025). Nel primo trasferimento i richiedenti asilo sono stati subito liberati perch\u00e9 il tribunale di Roma non ha convalidato i trattenimenti per l\u2019impossibilit\u00e0 di riconoscere come \u201cPaesi sicuri\u201d gli Stati di provenienza delle persone trattenute. Nel secondo e terzo caso \u00e8 intervenuta una nuova norma voluta dal Governo Meloni che ha previsto che il trattenimento disposto dal questore debba essere convalidato dai giudici della Corte d\u2019appello e non pi\u00f9 dai magistrati della sezione immigrazione che, fin dall\u2019inizio, hanno intrapreso una quasi \u201cbattaglia\u201d contro il provvedimento dell\u2019esecutivo, i cui esiti sono ancora \u201cin via di definizione\u201d\u2026 Di fatto, il conflitto fra poteri ha di fatto paralizzato il trasferimento dei migranti in Albania che, in primo luogo, era destinato a concretizzare una indispensabile deterrenza per i flussi irregolari. Si trattava, quindi, di un inizio della tanto auspicata <em>guerra ai trafficanti <\/em>artefici della tratta di persone nel Mediterraneo, non certo \u201cdeportazione\u201d!<\/p>\n\n\n\n<p>Un\u2019esponente politica non certo di parte come la commissaria europea per il Mediterraneo Dubravka \u0160uica, che appartiene ad un partito non di destra come l\u2019<em>Unione Democratica Croata<\/em> (HDZ), ha esplicitamente dichiarato in tal senso che l\u2019accordo Italia-Albania \u00ab<em>\u00e8 una delle idee innovative che avrebbe potuto aiutare non solo l\u2019Italia, ma anche altri Paesi. Io la sostengo<\/em>\u00bb (1).<\/p>\n\n\n\n<p><strong>2. \u201cDiminuiscono gli stranieri in carcere\u201d<\/strong><\/p>\n\n\n\n<p>Affermazione ripetuta da certi media <em>mainstream<\/em> che, pur con dati alternanti, non pu\u00f2 comunque essere accettata n\u00e9 diminuire la portata dirompente di una situazione consolidata di fondo. Quella per cui la percentuale dei detenuti stranieri presenti nelle carceri italiane per adulti \u00e8 pari a circa il 33% del totale della popolazione ristretta. Anche stando alla pi\u00f9 recente statistica ufficiale, fornita dal <em>Dipartimento dell&#8217;amministrazione penitenziaria<\/em>, al 31 gennaio 2025 i detenuti stranieri presenti nelle carceri sono infatti 19.622 (2).<\/p>\n\n\n<div class=\"wp-block-image\">\n<figure class=\"aligncenter size-full is-resized\"><a href=\"https:\/\/www.rassegnastampa-totustuus.it\/cattolica\/wp-content\/uploads\/2024\/06\/carcere_Albania_comunismo.jpeg\"><img loading=\"lazy\" decoding=\"async\" width=\"350\" height=\"155\" src=\"https:\/\/www.rassegnastampa-totustuus.it\/cattolica\/wp-content\/uploads\/2024\/06\/carcere_Albania_comunismo.jpeg\" alt=\"\" class=\"wp-image-60641\" style=\"width:548px;height:auto\"\/><\/a><\/figure><\/div>\n\n\n<p>Negli anni 2008-2013 gli stranieri detenuti non sono mai scesi al di sotto delle 20 mila unit\u00e0 e, quindi, come si pu\u00f2 affermare che \u201cpagano le nostre pensioni\u201d se non lavorano?<\/p>\n\n\n\n<p>Il tasso di detenzione degli stranieri in carcere, vale a dire la percentuale degli stranieri detenuti rispetto al totale degli stranieri presenti in Italia, \u00e8 un dato poco significativo, in quanto esiste un numero oscuro dovuto agli stranieri presenti sul territorio in maniera irregolare e che di conseguenza non sono censiti. Con questo limite significativo, comunque, la percentuale di tale tasso \u00e8 attestata intorno al 10%, rispetto al totale delle presenze regolari.<\/p>\n\n\n\n<p>I reati a causa dei quali gli stranieri sono in carcere vanno dall\u2019associazione a delinquere di stampo mafioso ai delitti contro l\u2019ordine pubblico, dai delitti contro il patrimonio alla violazione della normativa sulle droghe, con la maggiore percentuale (il 31,01%) per commissione di delitti contro la persona (3).<\/p>\n\n\n\n<p><strong>2. \u201cPer combattere l&#8217;immigrazione clandestina serve migliorare la gestione delle frontiere\u201d<\/strong><\/p>\n\n\n\n<p>Non si tratta di \u201cgestire\u201d le frontiere, i flussi migratori illegali devono essere semplicemente fermati. Si tratta, infatti, di un fenomeno dagli effetti sociali ed economici insostenibili. Continuare a tollerare di fatto l\u2019emigrazione illegale \u00e8 inaccettabile, ne dovremmo convenire prendendo atto di che fine fanno la maggior parte delle persone che entrano illegalmente nel nostro Paese e quali ulteriori problemi porranno a chi \u00e8 costretto a conviverci.<\/p>\n\n\n\n<p>Che i flussi migratori ci siano sempre stati e sarebbero quindi \u201cinevitabili\u201d \u00e8 una affermazione non propriamente vera utilizzata negli ultimi decenni per giustificare non solo le partenze e gli arrivi di massa, ma anche una visione del mondo utopistica, di Stati senza frontiere (<em>No Borders<\/em>) e, in definitiva, senza identit\u00e0 culturale e n\u00e9 tradizioni. Chi contesta questa \u201clettura\u201d politico-ideologica del fenomeno dell\u2019immigrazione, sta facendo giustamente presente come essa &#8211; pi\u00f9 che spontanea &#8211; sia piuttosto \u201cpianificata\u201d o, comunque \u201cincoraggiata\u201d con chiare finalit\u00e0 di pressione o ricatto politico. A formulare questa tesi, secondo cui i flussi migratori possono essere addirittura \u00ab<em>armi<\/em>\u00bb \u00e8 stata fra l\u2019altro la studiosa statunitense Kelly M. Greenhill che l\u2019ha presentata nel suo libro del 2010 <em>Weapons of mass migration<\/em> (<em>Armi di migrazione di massa<\/em>). Pi\u00f9 precisamente, l\u2019accademica, che insegna alla Tuft University ed \u00e8 ricercatrice presso l\u2019<em>Harvard Kennedy School<\/em>, ha denunciato l\u2019esistenza di \u00ab<em>migrazioni pianificate strategicamente<\/em>\u00bb, cio\u00e8 \u00ab<em>deliberatamente create, manipolate o semplicemente minacciate al servizio di obiettivi politici, economici o militari nazionali e\/o internazionali<\/em>\u00bb (4).<\/p>\n\n\n<div class=\"wp-block-image\">\n<figure class=\"aligncenter size-full\"><a href=\"https:\/\/www.rassegnastampa-totustuus.it\/cattolica\/wp-content\/uploads\/2025\/02\/dogana_frontiera_immigrazione.jpg\"><img loading=\"lazy\" decoding=\"async\" width=\"352\" height=\"284\" src=\"https:\/\/www.rassegnastampa-totustuus.it\/cattolica\/wp-content\/uploads\/2025\/02\/dogana_frontiera_immigrazione.jpg\" alt=\"\" class=\"wp-image-62120\"\/><\/a><\/figure><\/div>\n\n\n<p>Solo dal 1951 al 2010 la Geenhill ha individuato 56 casi di queste migrazioni, progettate per lo pi\u00f9 da Stati, ma anche da Ong, da Cuba al Kosovo, da Haiti alla Corea. Ad eccezione di un numero ristretto di agenti nefasti, che potrebbero inserirsi negli spostamenti di popolazioni, i profughi &#8211; siano essi rifugiati o migranti &#8211; non sono una minaccia di per s\u00e9. Anzi, a dire il vero spesso quelli che fuggono per salvare le proprie vite, sono i pi\u00f9 vulnerabili e meritevoli di aiuto. Tuttavia, se le popolazioni degli Stati di destinazione vedono i profughi come una minaccia economica, politica e\/o sociale allora dei movimenti di persone attraverso i confini, effettivi o semplicemente minacciati, possono fungere da effettivi strumenti di coercizione, nel senso che in tali circostanze i responsabili politici possono sentirsi obbligati a cedere alle richieste dei coercitori per far scomparire la minaccia. Il recente caso del generale libico Almasri, a detta di esponenti sia del centrosinistra sia del centrodestra, \u00e8 solo l\u2019ultima di queste dinamiche di uso politico delle migrazioni di massa. Il criminale internazionale, accusato nel gennaio 2025 dalla Corte dell&#8217;Aia di crimini di guerra e contro l&#8217;umanit\u00e0, dopo esser stato arrestato a Torino, citt\u00e0 nella quale era arrivato il giorno prima dalla Germania e dopo aver attraversato indisturbato altri Paesi europei, poche ore dopo la detenzione \u00e8 stato liberato e rimpatriato dal Governo di fatto sotto minaccia ritorsiva di non ostacolare i flussi provenienti dalla Libia.<\/p>\n\n\n\n<p><strong>3. \u201cOccorre una politica europea in grado di valorizzare il nesso migrazioni-sviluppo\u201d<\/strong><\/p>\n\n\n\n<p>A 12 anni dal varo del regolamento di Dublino (formalmente denominato \u201cRegolamento UE n. 604\/2013\u201d oppure <em>Regolamento di Dublino III<\/em>), \u00e8 vero piuttosto che la gestione delle Commissioni europee che si sono succedute nelle tre scorse legislature va chiamata con il suo nome: fallimento. Si tratta di politiche e misure volute da popolari, socialisti e liberali che, implicitamente, avrebbero voluto trasformare di fatto l\u2019Italia in \u00ab<em>centro di raccolta dei migranti UE<\/em>\u00bb, come da ultimo denunciato dal ministro dell\u2019Interno Matteo Piantedosi. Ricordiamo che la costa italiana ha una lunghezza, su Mediterraneo occidentale e orientale, di circa 8.300 chilometri!<\/p>\n\n\n<div class=\"wp-block-image\">\n<figure class=\"aligncenter size-full is-resized\"><a href=\"https:\/\/www.rassegnastampa-totustuus.it\/cattolica\/wp-content\/uploads\/2014\/05\/europarlamento.jpg\"><img loading=\"lazy\" decoding=\"async\" width=\"259\" height=\"194\" src=\"https:\/\/www.rassegnastampa-totustuus.it\/cattolica\/wp-content\/uploads\/2014\/05\/europarlamento.jpg\" alt=\"\" class=\"wp-image-7461\" style=\"width:363px;height:auto\"\/><\/a><\/figure><\/div>\n\n\n<p>Sulla base di una proiezione socio-demografica del <em>Vienna Institute for International Economic Studies<\/em>, elaborata su dati registrati nel periodo 1995-2020, secondo questo Istituto di ricerca economica apartitico e senza scopo con sede a Vienna, entro il 2030 assisteremo al seguente scenario: arriveranno nel <em>Vecchio Continente<\/em> da 2,9 a 4,7 milioni di stranieri (3,4 nell\u2019ipotesi moderata). Considerando tale prospettiva alla luce delle sopraggiunte guerre in corso, \u00e8 ipotizzabile come pi\u00f9 realistica la stima pi\u00f9 drammatica delle previsioni viennesi, con la probabilit\u00e0 che davvero entro il 2030 si possano raggiungere, in Europa, i 5 milioni di arrivi.<\/p>\n\n\n\n<p>Ecco perch\u00e9 abbiamo parlato di <em>fallimento<\/em> dell\u2019UE. Secondo quanto emerso da un\u2019indagine della Corte dei conti europea (<em>European Court of Auditors<\/em>) sul <em>Fondo fiduciario di emergenza <\/em>per l\u2019Africa, pubblicata il 25 settembre 2024, con oltre 5 miliardi di euro spesi, non solo l\u2019Unione europea non \u00e8 riuscita a rallentare l\u2019immigrazione dall\u2019Africa e i migranti sono ancora numerosi alle porte dei Paesi occidentali, ma alcuni di questi sussidi sono stati dirottati da trafficanti e gruppi criminali legati all\u2019immigrazione irregolare. In breve, secondo l\u2019organo di controllo il dirottato utilizzo dei fondi della Commissione europea avrebbe consentito violazioni dei diritti umani in Africa, non evitando allo stesso tempo l\u2019<em>invasione<\/em> dell\u2019Occidente\u2026<\/p>\n\n\n\n<p>Ma come sottolineato da diversi osservatori, anche l\u2019agenzia europea di sorveglianza delle frontiere <em>Frontex<\/em> \u00e8 orami poco efficace contro l\u2019immigrazione di massa. In concreto, l\u2019UE ha finanziato 248 progetti per l\u2019ultimo decennio, molti dei quali hanno permesso il rimpatrio volontario di 73.215 migranti (solo per fare un esempio utile a rendersi conto dell\u2019irrilevanza di tale numero si pu\u00f2 ricordare che l\u2019immigrazione nel Regno Unito nel 2023 \u00e8 stata in totale di 1,2 milioni di ingressi).<\/p>\n\n\n\n<p>Nel 2023 secondo dati <em>Frontex<\/em> l\u2019ingresso irregolare nell\u2019Unione europea \u00e8 aumentato del 17% rispetto al 2022. Del resto, come ammesso dal principale responsabile dell\u2019indagine, la danese Bettina Jakobsen: \u00ab<em>La Commissione non \u00e8 ancora in grado di identificare e segnalare gli approcci pi\u00f9 efficaci ed efficienti per ridurre l\u2019immigrazione irregolare<\/em>\u00bb.<\/p>\n\n\n\n<p><strong>4. \u201cCi sono le mafie dietro le rivolte delle<em> banlieues<\/em> in Francia\u201d<\/strong><\/p>\n\n\n\n<p><em>Banlieu<\/em> \u00e8 il risultato dell\u2019unione dei termini: \u201cban\u201d, cio\u00e8 mettere al bando, e \u201clieu\u201d, che significa <em>luogo<\/em>. Le <em>banlieues<\/em>, dunque, sono etimologicamente \u201c<em>luoghi messi al bando<\/em>\u201d, comunque separati dalla metropoli francese, e attualmente si collocano in circa 1.500 aree con una popolazione di 5,5 milioni d&#8217;abitanti (circa). Il tasso di povert\u00e0 vi supera spesso il 40%, con una forte dimensione religiosa islamica, sebbene divisa nelle sue varie correnti (<em>Sunnita<\/em>, <em>Sciita<\/em>, <em>Sufi<\/em> etc.).<\/p>\n\n\n<div class=\"wp-block-image\">\n<figure class=\"aligncenter size-full\"><a href=\"https:\/\/www.rassegnastampa-totustuus.it\/cattolica\/wp-content\/uploads\/2025\/02\/mafie_malavita.jpg\"><img loading=\"lazy\" decoding=\"async\" width=\"401\" height=\"288\" src=\"https:\/\/www.rassegnastampa-totustuus.it\/cattolica\/wp-content\/uploads\/2025\/02\/mafie_malavita.jpg\" alt=\"\" class=\"wp-image-62121\"\/><\/a><\/figure><\/div>\n\n\n<p>Per alzare cortine fumogene sul fallimento del multiculturalismo in Francia, dalle politiche di accoglienza e quelle dell\u2019integrazione di gran parte degli immigrati, compresi quelli di 2<sup>a<\/sup> e 3<sup>a<\/sup> generazione, si attribuisce non di rado alla criminalit\u00e0 organizzata la promozione delle rivolte periodicamente in atto nelle <em>banlieues<\/em>. Secondo i sostenitori di tale tesi, quindi, il fallimento del multiculturalismo e dell\u2019integrazione islamica in Francia non avrebbero a che fare con questi disastri. In realt\u00e0, se non cambieranno le diagnosi e le conseguenti situazioni socio-economiche, presto il caos francese potr\u00e0 arrivare anche in Italia.<\/p>\n\n\n\n<p>Un solo esempio della natura di \u201cenclave\u201d di nuovo tipo di queste aree: in Francia non sanno pi\u00f9 dove reclutare poliziotti perch\u00e9 l\u2019emorragia per dimissioni di chi opera nelle <em>banlieues<\/em> \u00e8 inarrestabile. A Parigi hanno fatto credere di importare stranieri da immettere nel mercato del lavoro, invece sono arrivati nordafricani musulmani il cui livello culturale \u00e8 molto basso, incline pi\u00f9 al consumismo che all\u2019etica del lavoro negli immigrati di 2<sup>a<\/sup> e 3<sup>a<\/sup> generazione. Lo si constata esaminando le dinamiche delle ultime rivolte delle <em>banlieues<\/em> francesi (ma anche svedesi e olandesi e di altri Paesi d\u2019Europa): i negozi pi\u00f9 saccheggiati sono quelli della <em>Nike<\/em>, \u00e8 tutto dire!<\/p>\n\n\n\n<p><strong>5. \u201cIl terrorismo \u00e8 un fenomeno criminale che non ha niente a che fare con l\u2019islam\u201d<\/strong><\/p>\n\n\n\n<p>Dopo l\u2019attacco di <em>Hamas<\/em> ad Israele del 7 ottobre 2023 \u00e8 venuto allo scoperto in Occidente un relativismo radicale che giustifica il terrorismo islamico o lo minimizza fino a banalizzarlo, facendo credere che sia l\u2019arma a disposizione dei pi\u00f9 deboli. <em>L\u2019Occidente combatte con le portaerei <\/em>&#8211; dicono -, <em>perch\u00e9 lo<\/em> Stato Islamico <em>e affini non possono ricorrere al terrorismo?<\/em> In questa domanda c\u2019\u00e8 una rottura spirituale e antropologica che rivela molto pi\u00f9 di uno stato d\u2019animo nei confronti della guerra, piuttosto \u00e8 una spaventosa soglia morale oltre la quale l\u2019Occidente ha deciso di andare. La responsabilit\u00e0, come denunciato da un ex Ministro di un Paese, la Polonia, mai caduto in questi ultimi decenni nel declino morale e culturale del <em>Vecchio Continente<\/em>, \u00e8 anzitutto delle \u00ab<em>sue \u00e9lite scristianizzate e de-ellenizzate che abbracciano la graduale islamizzazione dell\u2019Europa<\/em>\u00bb (6).<\/p>\n\n\n<div class=\"wp-block-image\">\n<figure class=\"aligncenter size-full is-resized\"><a href=\"https:\/\/www.rassegnastampa-totustuus.it\/cattolica\/wp-content\/uploads\/2019\/05\/islam_terrorismo.jpg\"><img loading=\"lazy\" decoding=\"async\" width=\"300\" height=\"168\" src=\"https:\/\/www.rassegnastampa-totustuus.it\/cattolica\/wp-content\/uploads\/2019\/05\/islam_terrorismo.jpg\" alt=\"\" class=\"wp-image-43023\" style=\"width:538px;height:auto\"\/><\/a><\/figure><\/div>\n\n\n<p>Uno dei tanti esempi del <em>suicidio dell\u2019Occidente<\/em>? Dopo il 7 ottobre 2023 con le strade e piazze inglesi letteralmente \u201csequestrate\u201d da masse di musulmani in protesta, la polizia di \u201cSua Maest\u00e0\u201d ha arrestato donne cattoliche che, per strada, pregavano contro l\u2019aborto (l\u2019ultimo esempio \u00e8 stato l\u2019arresto per ben due volte di una signora di mezza et\u00e0 &#8211; poi liberata e risarcita -, Isabel Vaughan-Spruce). E tutto questo accade quando la popolazione musulmana del Regno Unito sta aumentando dieci volte pi\u00f9 velocemente della popolazione generale. Continuando cos\u00ec, gli agglomerati dall\u2019Est End londinese alle periferie dell\u2019Inghilterra, raggiungeranno nei prossimi anni, al massimo venti, lo status di citt\u00e0 auto-gestite a maggioranza musulmana.<\/p>\n\n\n\n<p>Una civilt\u00e0 pu\u00f2 sopravvivere solo se c\u2019\u00e8 il rinnovo delle sue generazioni e la trasmissione dei suoi valori. Gli islamisti vogliono appunto innestarsi nel processo <em>endogeno<\/em> di interruzione (o distruzione che \u00e8 lo stesso) di questa trasmissione. Come tutti i movimenti totalitari, i gruppi<em> jihadisti<\/em> vogliono cancellare il passato, la storia, la cultura, perch\u00e9 storia e cultura sono le basi delle nostre libert\u00e0 e quindi del nostro futuro.<\/p>\n\n\n\n<p><strong>6. \u201cLe Nazioni Unite perseguono politiche migratorie a tutela della democrazia e dei diritti umani\u201d<\/strong><\/p>\n\n\n\n<p>Si tratta di una pura declamazione di principio che, purtroppo, non si rinviene nella realt\u00e0 dei suoi 80 anni di storia. Concentrandoci sull\u2019argomento di questo saggio, l\u2019immigrazione, veniamo a riportare alcuni dati che dimostrano oggi l\u2019infondatezza del <em>falso mito<\/em> dell\u2019ONU-apportatrice di democrazia e diritti umani.<\/p>\n\n\n\n<p>Il primo dato riguarda il bilancio dell\u2019<em>Alto Commissariato Onu per i rifugiati<\/em> (UNHCR) che, da solo, supera oggi i dieci miliardi di dollari all\u2019anno. Sembra una cifra irrilevante se, come ci si ripete da almeno mezzo secolo, siamo davanti ad un fenomeno epocale. Facciamo un paragone con gli Stati Uniti? Tale Paese, per la sola Africa, ha previsto infatti in bilancio contributi per otto miliardi di dollari nel 2024.<\/p>\n\n\n<div class=\"wp-block-image\">\n<figure class=\"aligncenter size-large is-resized\"><a href=\"https:\/\/www.rassegnastampa-totustuus.it\/cattolica\/wp-content\/uploads\/2020\/04\/Onu_unhcr_rifugiati.jpg\"><img loading=\"lazy\" decoding=\"async\" width=\"1024\" height=\"439\" src=\"https:\/\/www.rassegnastampa-totustuus.it\/cattolica\/wp-content\/uploads\/2020\/04\/Onu_unhcr_rifugiati-1024x439.jpg\" alt=\"\" class=\"wp-image-46793\" style=\"width:552px;height:auto\" srcset=\"https:\/\/www.rassegnastampa-totustuus.it\/cattolica\/wp-content\/uploads\/2020\/04\/Onu_unhcr_rifugiati-1024x439.jpg 1024w, https:\/\/www.rassegnastampa-totustuus.it\/cattolica\/wp-content\/uploads\/2020\/04\/Onu_unhcr_rifugiati-300x129.jpg 300w, https:\/\/www.rassegnastampa-totustuus.it\/cattolica\/wp-content\/uploads\/2020\/04\/Onu_unhcr_rifugiati-768x329.jpg 768w\" sizes=\"auto, (max-width: 1024px) 100vw, 1024px\" \/><\/a><\/figure><\/div>\n\n\n<p>Un secondo dato riguarda una vicenda che, fra le tante, dimostra come i fini dell\u2019ONU sono stati, come minimo, negati dall\u2019azione concreta suoi territori d\u2019intervento. Un dipendente dell\u2019<em>Agenzia per il soccorso e l\u2019occupazione dei profughi palestinesi<\/em> (UNRWA) \u00e8 stato ripreso, infatti, in un video del 7 ottobre 2023 mentre caricava il cadavere di un israeliano su un furgone. Per quale motivo? Per proporne lo scambio in nome e per conto di <em>Hamas<\/em> con le decine di terroristi catturati dall\u2019Esercito israeliano dopo l\u2019attacco frontale subito. \u00c8 purtroppo solo un esempio perch\u00e9, come riportano fonti ufficiali, non si tratta del solo stipendiato ONU che ha partecipato ad atti di <em>fiancheggiamento<\/em> del terrorismo. Sono stati recentemente ritrovati dei cadaveri di tre cittadini israeliani addirittura all\u2019interno di un tunnel scavato sotto un edificio dell\u2019UNRWA e, tale organizzazione, non sembra che possa schermarsi nel \u201cnon sapere\u201d. Come ipotizzare che i propri dipendenti non abbiano sentito il rumore degli scavi? Come ignorare che il tunnel era illuminato e ventilato usando l\u2019energia elettrica presa con allacci proprio sui contatori delle Nazioni Unite? Come accampare queste scuse se la stessa dirigenza dell\u2019ONU ha ammesso lo scandalo dei 9 membri dell\u2019UNRWA coinvolti nel massacro del 7 ottobre 2023?<\/p>\n\n\n\n<p>Secondo, infine, la testimonianza di tre cittadine israeliane liberate nel gennaio scorso dopo aver trascorso 471 giorni come ostaggi di <em>Hamas<\/em>, i luoghi in cui sono state tenute prigioniere nella Striscia di Gaza dal giorno del loro rapimento fino alla liberazione sono stati rifugi delle Nazioni Unite e campi delle \u201czone umanitarie\u201d destinati alla popolazione civile istituiti dall\u2019ONU durante la guerra. Possibile che i dirigenti fossero completamente all\u2019oscuro di ci\u00f2 che accadeva all\u2019interno delle strutture che all\u2019esterno avevano le scritte e le bandiere delle Nazioni Unite?<\/p>\n\n\n\n<p>Si tratta di episodi, si potrebbe obiettare, inevitabili per una grande organizzazione con decine di migliaia di dipendenti ed un arco geografico e temporale di azione esteso come poche altre. Fino a un certo punto, perch\u00e9 tali episodi sono da leggere assieme a prese di posizioni che, sempre per rimanere al tema dell\u2019immigrazione, si presentano come molto discutibili e, in alcuni casi, finalizzate a precisi fini politici. Per motivi di sintesi, accenneremo solo alla nozione di \u201cmigrazione sostitutiva\u201d recentemente coniato dalle Agenzie specializzate delle Nazioni Unite. Questa nozione appare ideologica e fuorviante in quanto i migranti non potranno mai \u201csostituire\u201d gli europei, semplicemente perch\u00e9 non sono europei! Nella migliore delle ipotesi, possono contribuire all\u2019economia e alla cultura come individui, ma non come gruppo. Questo per non parlare dei costi astronomici dell\u2019immigrazione per le economie dei Paesi del <em>Vecchio Continente<\/em>. Per fare un esempio, sebbene costituiscano meno del 20% della popolazione dell\u2019Europa, agli immigrati va circa il 60% dei benefici del <em>welfare <\/em>continentale&#8230;<\/p>\n\n\n\n<p><strong>7. \u201cI decreti Salvini hanno abolito la protezione umanitaria\u201d<\/strong><\/p>\n\n\n\n<p>Personalmente ritengo che l\u2019approccio \u201crealista\u201d e basato sui fatti sia quello pi\u00f9 indicato per affrontare anche il merito del demonizzato decreto approvato all\u2019unanimit\u00e0 (!) nel settembre 2018 dal Consiglio dei ministri, il cosiddetto decreto Salvini su immigrazione e sicurezza.<\/p>\n\n\n\n<p>Nell\u2019affrontare il complesso tema sia dell\u2019immigrazione di massa sia della sicurezza pubblica, credo che l\u2019allora ministro dell\u2019interno e il suo <em>staff<\/em> si siano ispirati a considerazioni di realt\u00e0.<\/p>\n\n\n<div class=\"wp-block-image\">\n<figure class=\"aligncenter size-large is-resized\"><a href=\"https:\/\/www.rassegnastampa-totustuus.it\/cattolica\/wp-content\/uploads\/2018\/11\/Salvini_lega.jpg\"><img loading=\"lazy\" decoding=\"async\" width=\"1024\" height=\"732\" src=\"https:\/\/www.rassegnastampa-totustuus.it\/cattolica\/wp-content\/uploads\/2018\/11\/Salvini_lega-1024x732.jpg\" alt=\"\" class=\"wp-image-42608\" style=\"width:420px;height:auto\" srcset=\"https:\/\/www.rassegnastampa-totustuus.it\/cattolica\/wp-content\/uploads\/2018\/11\/Salvini_lega-1024x732.jpg 1024w, https:\/\/www.rassegnastampa-totustuus.it\/cattolica\/wp-content\/uploads\/2018\/11\/Salvini_lega-300x215.jpg 300w, https:\/\/www.rassegnastampa-totustuus.it\/cattolica\/wp-content\/uploads\/2018\/11\/Salvini_lega-768x549.jpg 768w, https:\/\/www.rassegnastampa-totustuus.it\/cattolica\/wp-content\/uploads\/2018\/11\/Salvini_lega.jpg 2000w\" sizes=\"auto, (max-width: 1024px) 100vw, 1024px\" \/><\/a><\/figure><\/div>\n\n\n<p>Sostengo ci\u00f2 anzitutto perch\u00e9, gi\u00e0 nell\u2019approccio contenutistico, il decreto in questione abbraccia non solo il tema immigrazione ma, componendosi di tre titoli, si occupa di riforma del diritto d\u2019asilo e della cittadinanza, di sicurezza pubblica, prevenzione e contrasto della criminalit\u00e0 organizzata e, infine, di amministrazione e gestione dei beni sequestrati e confiscati alla mafia. Si tratta di tre politiche strettamente correlate che, se applicate con continuit\u00e0 e risorse adeguate, sono suscettibili di conseguire risultati importanti. E invece nel novembre 2019, come noto, Matteo Salvini viene indagato dalla Procura di Agrigento per sequestro di persona e omissione d\u2019atti d\u2019ufficio, reati che sarebbero stati commessi nell\u2019esercizio delle sue funzioni di ministro dell\u2019interno nel Governo <em>Conte 1<\/em> (2018-2019). Sappiamo che 5 anni dopo (!), nel dicembre 2024, una sentenza di primo grado ha assolto Salvini per non aver commesso il fatto ma, nel frattempo, il \u201cdecreto sicurezza\u201d \u00e8 stato <em>neutralizzato<\/em>\u2026<\/p>\n\n\n\n<p>Abbiamo assistito in questo senso ad episodi degni di un regime totalitario. Senza volerci soffermare sulle semplificazioni e accuse ripetute dal <em>Commentatore Unico<\/em> del nostro sistema mediatico, riportiamo una piccola-grande cronaca esemplare del clima di demonizzazione. In uno dei testi scolastici utilizzati fino a pochi mesi fa dal liceo \u201cManfredo Fanti\u201d di Carpi, infatti, sono state rinvenute e rese pubbliche delle critiche politiche dell\u2019operato del ministro dell\u2019interno Salvini fra il 2018 e il 2019. Il testo in questione, edito dalla casa editrice <em>Clitt <\/em>attiva nell\u2019editoria scolastica dal 1970 (gruppo<em> Zanichelli<\/em>), trattando alcune tematiche di attualit\u00e0 ha incluso un articolo di opposizione ai \u201cdecreti anti-asilo\u201d introdotti durante il mandato di Salvini, citando come fonte un sito della Ong <em>Human Rights Watch<\/em>!<\/p>\n\n\n\n<p>\u00ab<em>Il Consiglio dei ministri<\/em> &#8211; si legge nell\u2019articolo, che riporta in termini entusiastici le norme adottate dal ministro dell\u2019interno Lamorgese nel 2020 &#8211; <em>ha adottato un decreto che ha revocato molte delle peggiori politiche imposte dal precedente ministro dell\u2019Interno e attuale leader del partito anti immigrati della Lega, Matteo Salvini. Il decreto non \u00e8 perfetto, ma \u00e8 un passo nella giusta direzione. Il decreto, in sostanza, reimmette nella legislazione italiana il <\/em>permesso di soggiorno per motivi umanitari<em> che Salvini cancell\u00f2 nel 2019, ora chiamato \u201cprotezione speciale<\/em>\u201d\u00bb. Come si vede, siamo di fronte all\u2019uso di materiali didattici utilizzati per scopi chiaramente politici! Tale episodio ha cos\u00ec motivato un intervento del Ministro dell\u2019Istruzione Giuseppe Valditara, il quale ha avviato un\u2019indagine per esaminare il contenuto del libro attraverso l\u2019Ufficio scolastico regionale dell\u2019Emilia-Romagna, ribadendo la necessit\u00e0 di mantenere la scuola un ambiente libero da ogni forma di indottrinamento politico. Appurato l\u2019\u201cerrore\u201d, la Casa Editrice ha rivolto le sue scuse al Ministero e all\u2019Associazione editori e si \u00e8 impegnata a provvedere all\u2019immediato ritiro di tutte le copie disponibili <em>online<\/em>, assicurando che verr\u00e0 pubblicata una nuova edizione con una versione corretta\u2026 Chiss\u00e0 per\u00f2 quanti di casi simili a questo sono passati finora inosservati e inquinano la formazione dei nostri ragazzi!<\/p>\n\n\n\n<p><strong>8. \u201cL\u2019Amministrazione Trump 2 vuole stravolgere il sistema migratorio statunitense\u201d<\/strong><\/p>\n\n\n\n<p>Prima di affrontare questo ultimo <em>falso mito<\/em>, penso vada ricordato che, se fosse vero, questo comportamento dell\u2019Amministrazione Trump 2 sarebbe solo da elogiare! Infatti, come sostenuto da non pochi esponenti del <em>Partito Democratico <\/em>statunitense, la lotta all\u2019immigrazione clandestina \u00e8 stata un vero e proprio fallimento della presidenza di Joe Biden! Negli ultimi cinque anni, infatti, i dati ufficiali documentano un numero di nuovi migranti risiedenti negli Stati Uniti aumentato del 167%. Il sistema di accoglienza, soprattutto in grandi citt\u00e0 come New York, \u00e8 allo stremo, tanto da aver indotto il sindaco <em>Dem<\/em> Eric Adams a dichiarare, nel settembre 2023, che la crisi dei migranti avrebbe presto \u00ab<em>distrutto la citt\u00e0<\/em>\u00bb.<\/p>\n\n\n<div class=\"wp-block-image\">\n<figure class=\"aligncenter size-full is-resized\"><a href=\"https:\/\/www.rassegnastampa-totustuus.it\/cattolica\/wp-content\/uploads\/2025\/02\/Trump_usa_america.jpg\"><img loading=\"lazy\" decoding=\"async\" width=\"470\" height=\"313\" src=\"https:\/\/www.rassegnastampa-totustuus.it\/cattolica\/wp-content\/uploads\/2025\/02\/Trump_usa_america.jpg\" alt=\"\" class=\"wp-image-62122\" style=\"width:436px;height:auto\"\/><\/a><\/figure><\/div>\n\n\n<p>Venendo ora ad uno dei primi <em>Ordini esecutivi<\/em> di Donald Trump (gennaio 2025) che ha fatto maggiormente discutere in tema d\u2019immigrazione, va detto che l\u2019abrogazione della \u201c<em>birthrigth citizenship<\/em>\u201d, la cittadinanza per diritto di nascita, versione statunitense dello <em>ius soli<\/em>, \u00e8 l\u2019unico in completa antitesi rispetto alla linea seguita dal sistema migratorio nazionale. Del resto, si tratta di un provvedimento promesso in campagna elettorale dal <em>Tycoon<\/em>, con il quale si \u00e8 guadagnato, come noto, il successo schiacciante alle elezioni del 6 novembre 2024. L\u2019<em>Ordine esecutivo<\/em> di Trump \u00e8 finito immediatamente nel mirino di ventidue Stati federati che l\u2019hanno impugnato perch\u00e9 in contrasto con il quattordicesimo emendamento della Costituzione. E dal giudice di Seattle \u00e8 arrivato subito lo <em>stop<\/em> al titolare della Casa Bianca: blocco giudiziario temporaneo dell\u2019entrata in vigore dell\u2019<em>Ordine esecutivo<\/em> che nega ai figli di immigrati senza documenti la cittadinanza per nascita. Causa magistratura, quindi, il carattere di <em>falso mito <\/em>dell\u2019affermazione in titolo \u00e8 &#8211; almeno attualmente (7) &#8211; assicurato al 100%!<\/p>\n\n\n\n<p>Con gli altri provvedimenti trumpiani di contrasto all\u2019immigrazione clandestina, invece, non viene affatto \u201cstravolto\u201d il sistema migratorio statunitense, semmai lo fa funzionare nei suoi aspetti essenziali e consolidati. Cominciando dalla cosiddetta \u201cdeportazione\u201d, come erroneamente tradotta da alcuni nostri media l\u2019\u201cespulsione\u201d (o rimpatrio) di massa degli irregolari decisa dopo la regolare proclamazione dello stato di emergenza nazionale al confine meridionale. Si tratta di una misura assunta dalle presidenze (anche <em>Dem<\/em>) precedenti a Trump, anche considerando che ora (come allora) si inizia il rimpatrio forzato dai migranti irregolari con precedenti penali. La blindatura delle frontiere al confine con il Messico, poi, non contraddicono l\u2019operato di Biden che, non appena insediato nel 2021 aveva s\u00ec congelato la costruzione del muro, salvo per\u00f2 poi cambiare idea nell\u2019ottobre 2023.<\/p>\n\n\n\n<p>Ritornando cos\u00ec alla traduzione impropria del termine <em>deportation<\/em>, la televisione pubblica britannica (<em>Bbc<\/em>) ha per esempio ricordato che l\u2019Agenzia per l\u2019immigrazione degli Stati Uniti \u00ab<em>deports illegal migrants<\/em>\u00bb regolarmente. Lo ha fatto tanto la vicepresidente di Biden con delega sull\u2019immigrazione Kamala Harris (totale immigrati espulsi: 545.252) quanto il Premio Nobel per la pace 2009 Barack Obama che, nel suo primo mandato, ha \u201cdeportato\u201d pi\u00f9 immigrati illegali di quanti ne \u00e8 riuscito ad espellere Trump durante la sua prima presidenza. Fra il 2016 e il 2020, infatti, gli irregolari espulsi dal <em>Tycoon<\/em> sono stati 935.346, mentre quelli rimpatriati dall\u2019Amministrazione Obama sono stati 1.589.451 (8). La maggior parte dei cittadini statunitensi, del resto, nel 55% dei casi secondo i pi\u00f9 recenti sondaggi, sostiene una politica di fermezza in materia d\u2019immigrazione irregolare.<\/p>\n\n\n\n<p>Un ulteriore scandalo montato sui grandi <em>media<\/em> sull\u2019inizio della seconda presidenza Trump \u00e8 stato sollevato riguardo all\u2019incremento degli immigrati clandestini da rinchiudere a Guantanamo e sul contestuale annuncio dell\u2019ampliamento di questo campo detentivo aperto a Cuba, comunque, ben 34 anni fa (1991). Anche in questo caso, quindi, non si tratta certo di una \u201ctrovata\u201d del <em>Tycoon<\/em>, perch\u00e9 i migranti autori di reati sono stati gi\u00e0 spediti in gran numero in tale sito gi\u00e0 durante la presidenza Obama e, in misura minore ma mai pari a zero, da tutte le amministrazioni <em>Dem <\/em>(e Repubblicane) degli ultimi tre decenni.<\/p>\n\n\n\n<p>______________________<\/p>\n\n\n\n<p><strong>(1)<\/strong> Cit. in <a href=\"https:\/\/www.ansa.it\/europa\/notizie\/rubriche\/altrenews\/2025\/01\/24\/suica-laccordo-italia-albania-e-una-buona-idea-per-la-direttiva-rimpatri_164df414-19cc-4046-895e-06f4582c4fe7.html\"><em>Suica: &#8220;L&#8217;accordo Italia-Albania \u00e8 una buona idea per la direttiva rimpatri&#8221;<\/em><\/a>, <a href=\"https:\/\/www.ansa.it\">Ansa<\/a>, 24 gennaio 2025.<\/p>\n\n\n\n<p><strong>(2)<\/strong> Cfr. Ministero della giustizia, <a href=\"https:\/\/www.giustizia.it\/giustizia\/it\/mg_1_14_1.page?contentId=SST1442001\"><em>Detenuti presenti &#8211; aggiornamento al 31 gennaio 2025<\/em><\/a>.<\/p>\n\n\n\n<p><strong>(3)<\/strong> Cfr. Associazione Antigone, <a href=\"https:\/\/www.rapportoantigone.it\/ventesimo-rapporto-sulle-condizioni-di-detenzione\/\"><em>XX Rapporto sulle condizioni di detenzione<\/em><\/a>, presentato a Roma il 22 aprile 2024.<\/p>\n\n\n\n<p><strong>(4)<\/strong> Kelly M. Greenhill, <a href=\"https:\/\/www.leg.it\/index.php?route=product\/product&amp;product_id=410\"><em>Armi di migrazione di massa. Deportazione, coercizione e politica estera<\/em><\/a>, <a href=\"https:\/\/www.leg.it\/\">LEG Edizioni<\/a>, Gorizia 2017.<\/p>\n\n\n\n<p><strong>(5)<\/strong> Cit. in European Court of Auditors, <a href=\"https:\/\/www.eca.europa.eu\/ECAPublications\/SR-2024-17\/SR-2024-17_IT.pdf\"><em>Fondo fiduciario dell\u2019UE per l\u2019Africa. Nonostante i nuovi approcci, il sostegno resta non sufficientemente mirato<\/em><\/a>, Relazione speciale, Luxembourg 2024.<\/p>\n\n\n\n<p><strong>(6)<\/strong> Ryszard Legutko, <em>Prefazione<\/em>, in Giulio Meotti, <a href=\"https:\/\/www.lindau.it\/Libri\/Il-suicidio-della-cultura-occidentale\"><em>Il suicidio della cultura occidentale. Cos\u00ec l&#8217;islam radicale sta vincendo<\/em><\/a>, <a href=\"https:\/\/www.lindau.it\">Edizioni Lindau<\/a>, Torino 2018, p. 10.<\/p>\n\n\n\n<p><strong>(7)<\/strong> Il presidente ha avanzato infatti appello contro il blocco del suo provvedimento imposto dal giudice federale John C. Coughenour. Quest\u2019ultimo, come da invalsa prassi politico-giudiziaria, non ha mancato di assumere un ruolo presenzialista sui grandi <em>media<\/em> in funzione complessiva anti-Trump (cfr., ad es., le dichiarazioni riportate il 6 febbraio 2025 dal quotidiano <a href=\"https:\/\/www.washingtonpost.com\/\"><em>The Washington Post<\/em><\/a>: <a href=\"https:\/\/www.washingtonpost.com\/immigration\/2025\/02\/06\/trump-birthright-citizenship\/\"><em>Federal judge: Trump ignoring rule of law for \u2018<\/em>political or personal gain<em>\u2019<\/em><\/a>).<\/p>\n\n\n\n<p><strong>(8)<\/strong> Secondo l\u2019<em>Agenzia del controllo dell\u2019immigrazione e delle dogane degli Stati Uniti<\/em> anche il numero degli immigrati espulsi durante la presidenza Obama 2 \u00e8 stato notevole: 1.178.255.<\/p>\n","protected":false},"excerpt":{"rendered":"<p>Le giustificazioni per favorire l&#8217;immigrazione incontrollata non reggono<\/p>\n","protected":false},"author":6,"featured_media":56571,"comment_status":"closed","ping_status":"closed","sticky":false,"template":"","format":"standard","meta":{"footnotes":""},"categories":[38],"tags":[1134,1655,3096,567,240,161,656],"class_list":["post-62119","post","type-post","status-publish","format-standard","has-post-thumbnail","hentry","category-immigrazione","tag-albania","tag-clandestini","tag-delinquenza","tag-europa-eu","tag-immigrati","tag-islam-2","tag-terrorismo","item-wrap"],"yoast_head":"<!-- This site is optimized with the Yoast SEO plugin v27.5 - https:\/\/yoast.com\/product\/yoast-seo-wordpress\/ -->\n<title>I falsi miti (di oggi) sull\u2019immigrazione - Rassegna Stampa Cattolica<\/title>\n<meta name=\"description\" content=\"I falsi miti (di oggi) sull\u2019immigrazione non reggono e sono tutti smentiti dai fatti. Gli 8 luoghi comuni pi\u00f9 diffusi\" \/>\n<meta name=\"robots\" content=\"index, follow, max-snippet:-1, max-image-preview:large, max-video-preview:-1\" \/>\n<link rel=\"canonical\" href=\"https:\/\/www.rassegnastampa-totustuus.it\/cattolica\/i-falsi-miti-di-oggi-sullimmigrazione\/\" \/>\n<meta property=\"og:locale\" content=\"it_IT\" \/>\n<meta property=\"og:type\" content=\"article\" \/>\n<meta property=\"og:title\" content=\"I falsi miti (di oggi) sull\u2019immigrazione - Rassegna Stampa Cattolica\" \/>\n<meta property=\"og:description\" content=\"I falsi miti (di oggi) sull\u2019immigrazione non reggono e sono tutti smentiti dai fatti. Gli 8 luoghi comuni pi\u00f9 diffusi\" \/>\n<meta property=\"og:url\" content=\"https:\/\/www.rassegnastampa-totustuus.it\/cattolica\/i-falsi-miti-di-oggi-sullimmigrazione\/\" \/>\n<meta property=\"og:site_name\" content=\"Rassegna Stampa Cattolica\" \/>\n<meta property=\"article:publisher\" content=\"https:\/\/www.facebook.com\/rassegnastampacattolica\" \/>\n<meta property=\"article:published_time\" content=\"2025-02-10T09:52:29+00:00\" \/>\n<meta property=\"article:modified_time\" content=\"2025-02-10T09:52:31+00:00\" \/>\n<meta property=\"og:image\" content=\"https:\/\/www.rassegnastampa-totustuus.it\/cattolica\/wp-content\/uploads\/2023\/06\/scafisti_immigrazione.jpg\" \/>\n\t<meta property=\"og:image:width\" content=\"350\" \/>\n\t<meta property=\"og:image:height\" content=\"163\" \/>\n\t<meta property=\"og:image:type\" content=\"image\/jpeg\" \/>\n<meta name=\"author\" content=\"Redazione\" \/>\n<meta name=\"twitter:card\" content=\"summary_large_image\" \/>\n<meta name=\"twitter:creator\" content=\"@rassegnastampa9\" \/>\n<meta name=\"twitter:site\" content=\"@rassegnastampa9\" \/>\n<meta name=\"twitter:label1\" content=\"Scritto da\" \/>\n\t<meta name=\"twitter:data1\" content=\"Redazione\" \/>\n\t<meta name=\"twitter:label2\" content=\"Tempo di lettura stimato\" \/>\n\t<meta name=\"twitter:data2\" content=\"25 minuti\" \/>\n<script type=\"application\/ld+json\" class=\"yoast-schema-graph\">{\"@context\":\"https:\\\/\\\/schema.org\",\"@graph\":[{\"@type\":\"Article\",\"@id\":\"https:\\\/\\\/www.rassegnastampa-totustuus.it\\\/cattolica\\\/i-falsi-miti-di-oggi-sullimmigrazione\\\/#article\",\"isPartOf\":{\"@id\":\"https:\\\/\\\/www.rassegnastampa-totustuus.it\\\/cattolica\\\/i-falsi-miti-di-oggi-sullimmigrazione\\\/\"},\"author\":{\"name\":\"Redazione\",\"@id\":\"https:\\\/\\\/www.rassegnastampa-totustuus.it\\\/cattolica\\\/#\\\/schema\\\/person\\\/08f319d2bd1a0904ad9e2bfb7b15e5c3\"},\"headline\":\"I falsi miti (di oggi) sull\u2019immigrazione\",\"datePublished\":\"2025-02-10T09:52:29+00:00\",\"dateModified\":\"2025-02-10T09:52:31+00:00\",\"mainEntityOfPage\":{\"@id\":\"https:\\\/\\\/www.rassegnastampa-totustuus.it\\\/cattolica\\\/i-falsi-miti-di-oggi-sullimmigrazione\\\/\"},\"wordCount\":4153,\"publisher\":{\"@id\":\"https:\\\/\\\/www.rassegnastampa-totustuus.it\\\/cattolica\\\/#organization\"},\"image\":{\"@id\":\"https:\\\/\\\/www.rassegnastampa-totustuus.it\\\/cattolica\\\/i-falsi-miti-di-oggi-sullimmigrazione\\\/#primaryimage\"},\"thumbnailUrl\":\"https:\\\/\\\/www.rassegnastampa-totustuus.it\\\/cattolica\\\/wp-content\\\/uploads\\\/2023\\\/06\\\/scafisti_immigrazione.jpg\",\"keywords\":[\"Albania\",\"clandestini\",\"delinquenza\",\"Europa EU\",\"immigrati\",\"islam\",\"terrorismo\"],\"articleSection\":[\"Immigrazione\"],\"inLanguage\":\"it-IT\"},{\"@type\":\"WebPage\",\"@id\":\"https:\\\/\\\/www.rassegnastampa-totustuus.it\\\/cattolica\\\/i-falsi-miti-di-oggi-sullimmigrazione\\\/\",\"url\":\"https:\\\/\\\/www.rassegnastampa-totustuus.it\\\/cattolica\\\/i-falsi-miti-di-oggi-sullimmigrazione\\\/\",\"name\":\"I falsi miti (di oggi) sull\u2019immigrazione - Rassegna Stampa Cattolica\",\"isPartOf\":{\"@id\":\"https:\\\/\\\/www.rassegnastampa-totustuus.it\\\/cattolica\\\/#website\"},\"primaryImageOfPage\":{\"@id\":\"https:\\\/\\\/www.rassegnastampa-totustuus.it\\\/cattolica\\\/i-falsi-miti-di-oggi-sullimmigrazione\\\/#primaryimage\"},\"image\":{\"@id\":\"https:\\\/\\\/www.rassegnastampa-totustuus.it\\\/cattolica\\\/i-falsi-miti-di-oggi-sullimmigrazione\\\/#primaryimage\"},\"thumbnailUrl\":\"https:\\\/\\\/www.rassegnastampa-totustuus.it\\\/cattolica\\\/wp-content\\\/uploads\\\/2023\\\/06\\\/scafisti_immigrazione.jpg\",\"datePublished\":\"2025-02-10T09:52:29+00:00\",\"dateModified\":\"2025-02-10T09:52:31+00:00\",\"description\":\"I falsi miti (di oggi) sull\u2019immigrazione non reggono e sono tutti smentiti dai fatti. Gli 8 luoghi comuni pi\u00f9 diffusi\",\"breadcrumb\":{\"@id\":\"https:\\\/\\\/www.rassegnastampa-totustuus.it\\\/cattolica\\\/i-falsi-miti-di-oggi-sullimmigrazione\\\/#breadcrumb\"},\"inLanguage\":\"it-IT\",\"potentialAction\":[{\"@type\":\"ReadAction\",\"target\":[\"https:\\\/\\\/www.rassegnastampa-totustuus.it\\\/cattolica\\\/i-falsi-miti-di-oggi-sullimmigrazione\\\/\"]}]},{\"@type\":\"ImageObject\",\"inLanguage\":\"it-IT\",\"@id\":\"https:\\\/\\\/www.rassegnastampa-totustuus.it\\\/cattolica\\\/i-falsi-miti-di-oggi-sullimmigrazione\\\/#primaryimage\",\"url\":\"https:\\\/\\\/www.rassegnastampa-totustuus.it\\\/cattolica\\\/wp-content\\\/uploads\\\/2023\\\/06\\\/scafisti_immigrazione.jpg\",\"contentUrl\":\"https:\\\/\\\/www.rassegnastampa-totustuus.it\\\/cattolica\\\/wp-content\\\/uploads\\\/2023\\\/06\\\/scafisti_immigrazione.jpg\",\"width\":350,\"height\":163},{\"@type\":\"BreadcrumbList\",\"@id\":\"https:\\\/\\\/www.rassegnastampa-totustuus.it\\\/cattolica\\\/i-falsi-miti-di-oggi-sullimmigrazione\\\/#breadcrumb\",\"itemListElement\":[{\"@type\":\"ListItem\",\"position\":1,\"name\":\"Home\",\"item\":\"https:\\\/\\\/www.rassegnastampa-totustuus.it\\\/cattolica\\\/\"},{\"@type\":\"ListItem\",\"position\":2,\"name\":\"I falsi miti (di oggi) sull\u2019immigrazione\"}]},{\"@type\":\"WebSite\",\"@id\":\"https:\\\/\\\/www.rassegnastampa-totustuus.it\\\/cattolica\\\/#website\",\"url\":\"https:\\\/\\\/www.rassegnastampa-totustuus.it\\\/cattolica\\\/\",\"name\":\"Rassegna Stampa Cattolica\",\"description\":\"Per una cultura che nasce dalla Rivelazione cristiana in conformit\u00e0 alla tradizione e al Magistero della Chiesa in opposizione ad ogni relativismo e totalitarismo\",\"publisher\":{\"@id\":\"https:\\\/\\\/www.rassegnastampa-totustuus.it\\\/cattolica\\\/#organization\"},\"alternateName\":\"Rass. Cattolica\",\"potentialAction\":[{\"@type\":\"SearchAction\",\"target\":{\"@type\":\"EntryPoint\",\"urlTemplate\":\"https:\\\/\\\/www.rassegnastampa-totustuus.it\\\/cattolica\\\/?s={search_term_string}\"},\"query-input\":{\"@type\":\"PropertyValueSpecification\",\"valueRequired\":true,\"valueName\":\"search_term_string\"}}],\"inLanguage\":\"it-IT\"},{\"@type\":\"Organization\",\"@id\":\"https:\\\/\\\/www.rassegnastampa-totustuus.it\\\/cattolica\\\/#organization\",\"name\":\"Rassegna Stampa Cattolica\",\"url\":\"https:\\\/\\\/www.rassegnastampa-totustuus.it\\\/cattolica\\\/\",\"logo\":{\"@type\":\"ImageObject\",\"inLanguage\":\"it-IT\",\"@id\":\"https:\\\/\\\/www.rassegnastampa-totustuus.it\\\/cattolica\\\/#\\\/schema\\\/logo\\\/image\\\/\",\"url\":\"https:\\\/\\\/www.rassegnastampa-totustuus.it\\\/cattolica\\\/wp-content\\\/uploads\\\/2014\\\/04\\\/logo-rassegna1.gif\",\"contentUrl\":\"https:\\\/\\\/www.rassegnastampa-totustuus.it\\\/cattolica\\\/wp-content\\\/uploads\\\/2014\\\/04\\\/logo-rassegna1.gif\",\"width\":600,\"height\":163,\"caption\":\"Rassegna Stampa Cattolica\"},\"image\":{\"@id\":\"https:\\\/\\\/www.rassegnastampa-totustuus.it\\\/cattolica\\\/#\\\/schema\\\/logo\\\/image\\\/\"},\"sameAs\":[\"https:\\\/\\\/www.facebook.com\\\/rassegnastampacattolica\",\"https:\\\/\\\/x.com\\\/rassegnastampa9\"]},{\"@type\":\"Person\",\"@id\":\"https:\\\/\\\/www.rassegnastampa-totustuus.it\\\/cattolica\\\/#\\\/schema\\\/person\\\/08f319d2bd1a0904ad9e2bfb7b15e5c3\",\"name\":\"Redazione\",\"image\":{\"@type\":\"ImageObject\",\"inLanguage\":\"it-IT\",\"@id\":\"https:\\\/\\\/secure.gravatar.com\\\/avatar\\\/2fcdf27c78ea025fbdb44e914cc63c72249ffec9dc8aafd5c82b26240ef3f346?s=96&d=mm&r=g\",\"url\":\"https:\\\/\\\/secure.gravatar.com\\\/avatar\\\/2fcdf27c78ea025fbdb44e914cc63c72249ffec9dc8aafd5c82b26240ef3f346?s=96&d=mm&r=g\",\"contentUrl\":\"https:\\\/\\\/secure.gravatar.com\\\/avatar\\\/2fcdf27c78ea025fbdb44e914cc63c72249ffec9dc8aafd5c82b26240ef3f346?s=96&d=mm&r=g\",\"caption\":\"Redazione\"},\"url\":\"https:\\\/\\\/www.rassegnastampa-totustuus.it\\\/cattolica\\\/author\\\/pietroelle\\\/\"}]}<\/script>\n<!-- \/ Yoast SEO plugin. -->","yoast_head_json":{"title":"I falsi miti (di oggi) sull\u2019immigrazione - Rassegna Stampa Cattolica","description":"I falsi miti (di oggi) sull\u2019immigrazione non reggono e sono tutti smentiti dai fatti. Gli 8 luoghi comuni pi\u00f9 diffusi","robots":{"index":"index","follow":"follow","max-snippet":"max-snippet:-1","max-image-preview":"max-image-preview:large","max-video-preview":"max-video-preview:-1"},"canonical":"https:\/\/www.rassegnastampa-totustuus.it\/cattolica\/i-falsi-miti-di-oggi-sullimmigrazione\/","og_locale":"it_IT","og_type":"article","og_title":"I falsi miti (di oggi) sull\u2019immigrazione - Rassegna Stampa Cattolica","og_description":"I falsi miti (di oggi) sull\u2019immigrazione non reggono e sono tutti smentiti dai fatti. Gli 8 luoghi comuni pi\u00f9 diffusi","og_url":"https:\/\/www.rassegnastampa-totustuus.it\/cattolica\/i-falsi-miti-di-oggi-sullimmigrazione\/","og_site_name":"Rassegna Stampa Cattolica","article_publisher":"https:\/\/www.facebook.com\/rassegnastampacattolica","article_published_time":"2025-02-10T09:52:29+00:00","article_modified_time":"2025-02-10T09:52:31+00:00","og_image":[{"width":350,"height":163,"url":"https:\/\/www.rassegnastampa-totustuus.it\/cattolica\/wp-content\/uploads\/2023\/06\/scafisti_immigrazione.jpg","type":"image\/jpeg"}],"author":"Redazione","twitter_card":"summary_large_image","twitter_creator":"@rassegnastampa9","twitter_site":"@rassegnastampa9","twitter_misc":{"Scritto da":"Redazione","Tempo di lettura stimato":"25 minuti"},"schema":{"@context":"https:\/\/schema.org","@graph":[{"@type":"Article","@id":"https:\/\/www.rassegnastampa-totustuus.it\/cattolica\/i-falsi-miti-di-oggi-sullimmigrazione\/#article","isPartOf":{"@id":"https:\/\/www.rassegnastampa-totustuus.it\/cattolica\/i-falsi-miti-di-oggi-sullimmigrazione\/"},"author":{"name":"Redazione","@id":"https:\/\/www.rassegnastampa-totustuus.it\/cattolica\/#\/schema\/person\/08f319d2bd1a0904ad9e2bfb7b15e5c3"},"headline":"I falsi miti (di oggi) sull\u2019immigrazione","datePublished":"2025-02-10T09:52:29+00:00","dateModified":"2025-02-10T09:52:31+00:00","mainEntityOfPage":{"@id":"https:\/\/www.rassegnastampa-totustuus.it\/cattolica\/i-falsi-miti-di-oggi-sullimmigrazione\/"},"wordCount":4153,"publisher":{"@id":"https:\/\/www.rassegnastampa-totustuus.it\/cattolica\/#organization"},"image":{"@id":"https:\/\/www.rassegnastampa-totustuus.it\/cattolica\/i-falsi-miti-di-oggi-sullimmigrazione\/#primaryimage"},"thumbnailUrl":"https:\/\/www.rassegnastampa-totustuus.it\/cattolica\/wp-content\/uploads\/2023\/06\/scafisti_immigrazione.jpg","keywords":["Albania","clandestini","delinquenza","Europa EU","immigrati","islam","terrorismo"],"articleSection":["Immigrazione"],"inLanguage":"it-IT"},{"@type":"WebPage","@id":"https:\/\/www.rassegnastampa-totustuus.it\/cattolica\/i-falsi-miti-di-oggi-sullimmigrazione\/","url":"https:\/\/www.rassegnastampa-totustuus.it\/cattolica\/i-falsi-miti-di-oggi-sullimmigrazione\/","name":"I falsi miti (di oggi) sull\u2019immigrazione - Rassegna Stampa Cattolica","isPartOf":{"@id":"https:\/\/www.rassegnastampa-totustuus.it\/cattolica\/#website"},"primaryImageOfPage":{"@id":"https:\/\/www.rassegnastampa-totustuus.it\/cattolica\/i-falsi-miti-di-oggi-sullimmigrazione\/#primaryimage"},"image":{"@id":"https:\/\/www.rassegnastampa-totustuus.it\/cattolica\/i-falsi-miti-di-oggi-sullimmigrazione\/#primaryimage"},"thumbnailUrl":"https:\/\/www.rassegnastampa-totustuus.it\/cattolica\/wp-content\/uploads\/2023\/06\/scafisti_immigrazione.jpg","datePublished":"2025-02-10T09:52:29+00:00","dateModified":"2025-02-10T09:52:31+00:00","description":"I falsi miti (di oggi) sull\u2019immigrazione non reggono e sono tutti smentiti dai fatti. Gli 8 luoghi comuni pi\u00f9 diffusi","breadcrumb":{"@id":"https:\/\/www.rassegnastampa-totustuus.it\/cattolica\/i-falsi-miti-di-oggi-sullimmigrazione\/#breadcrumb"},"inLanguage":"it-IT","potentialAction":[{"@type":"ReadAction","target":["https:\/\/www.rassegnastampa-totustuus.it\/cattolica\/i-falsi-miti-di-oggi-sullimmigrazione\/"]}]},{"@type":"ImageObject","inLanguage":"it-IT","@id":"https:\/\/www.rassegnastampa-totustuus.it\/cattolica\/i-falsi-miti-di-oggi-sullimmigrazione\/#primaryimage","url":"https:\/\/www.rassegnastampa-totustuus.it\/cattolica\/wp-content\/uploads\/2023\/06\/scafisti_immigrazione.jpg","contentUrl":"https:\/\/www.rassegnastampa-totustuus.it\/cattolica\/wp-content\/uploads\/2023\/06\/scafisti_immigrazione.jpg","width":350,"height":163},{"@type":"BreadcrumbList","@id":"https:\/\/www.rassegnastampa-totustuus.it\/cattolica\/i-falsi-miti-di-oggi-sullimmigrazione\/#breadcrumb","itemListElement":[{"@type":"ListItem","position":1,"name":"Home","item":"https:\/\/www.rassegnastampa-totustuus.it\/cattolica\/"},{"@type":"ListItem","position":2,"name":"I falsi miti (di oggi) sull\u2019immigrazione"}]},{"@type":"WebSite","@id":"https:\/\/www.rassegnastampa-totustuus.it\/cattolica\/#website","url":"https:\/\/www.rassegnastampa-totustuus.it\/cattolica\/","name":"Rassegna Stampa Cattolica","description":"Per una cultura che nasce dalla Rivelazione cristiana in conformit\u00e0 alla tradizione e al Magistero della Chiesa in opposizione ad ogni relativismo e totalitarismo","publisher":{"@id":"https:\/\/www.rassegnastampa-totustuus.it\/cattolica\/#organization"},"alternateName":"Rass. Cattolica","potentialAction":[{"@type":"SearchAction","target":{"@type":"EntryPoint","urlTemplate":"https:\/\/www.rassegnastampa-totustuus.it\/cattolica\/?s={search_term_string}"},"query-input":{"@type":"PropertyValueSpecification","valueRequired":true,"valueName":"search_term_string"}}],"inLanguage":"it-IT"},{"@type":"Organization","@id":"https:\/\/www.rassegnastampa-totustuus.it\/cattolica\/#organization","name":"Rassegna Stampa Cattolica","url":"https:\/\/www.rassegnastampa-totustuus.it\/cattolica\/","logo":{"@type":"ImageObject","inLanguage":"it-IT","@id":"https:\/\/www.rassegnastampa-totustuus.it\/cattolica\/#\/schema\/logo\/image\/","url":"https:\/\/www.rassegnastampa-totustuus.it\/cattolica\/wp-content\/uploads\/2014\/04\/logo-rassegna1.gif","contentUrl":"https:\/\/www.rassegnastampa-totustuus.it\/cattolica\/wp-content\/uploads\/2014\/04\/logo-rassegna1.gif","width":600,"height":163,"caption":"Rassegna Stampa Cattolica"},"image":{"@id":"https:\/\/www.rassegnastampa-totustuus.it\/cattolica\/#\/schema\/logo\/image\/"},"sameAs":["https:\/\/www.facebook.com\/rassegnastampacattolica","https:\/\/x.com\/rassegnastampa9"]},{"@type":"Person","@id":"https:\/\/www.rassegnastampa-totustuus.it\/cattolica\/#\/schema\/person\/08f319d2bd1a0904ad9e2bfb7b15e5c3","name":"Redazione","image":{"@type":"ImageObject","inLanguage":"it-IT","@id":"https:\/\/secure.gravatar.com\/avatar\/2fcdf27c78ea025fbdb44e914cc63c72249ffec9dc8aafd5c82b26240ef3f346?s=96&d=mm&r=g","url":"https:\/\/secure.gravatar.com\/avatar\/2fcdf27c78ea025fbdb44e914cc63c72249ffec9dc8aafd5c82b26240ef3f346?s=96&d=mm&r=g","contentUrl":"https:\/\/secure.gravatar.com\/avatar\/2fcdf27c78ea025fbdb44e914cc63c72249ffec9dc8aafd5c82b26240ef3f346?s=96&d=mm&r=g","caption":"Redazione"},"url":"https:\/\/www.rassegnastampa-totustuus.it\/cattolica\/author\/pietroelle\/"}]}},"_links":{"self":[{"href":"https:\/\/www.rassegnastampa-totustuus.it\/cattolica\/wp-json\/wp\/v2\/posts\/62119","targetHints":{"allow":["GET"]}}],"collection":[{"href":"https:\/\/www.rassegnastampa-totustuus.it\/cattolica\/wp-json\/wp\/v2\/posts"}],"about":[{"href":"https:\/\/www.rassegnastampa-totustuus.it\/cattolica\/wp-json\/wp\/v2\/types\/post"}],"author":[{"embeddable":true,"href":"https:\/\/www.rassegnastampa-totustuus.it\/cattolica\/wp-json\/wp\/v2\/users\/6"}],"replies":[{"embeddable":true,"href":"https:\/\/www.rassegnastampa-totustuus.it\/cattolica\/wp-json\/wp\/v2\/comments?post=62119"}],"version-history":[{"count":1,"href":"https:\/\/www.rassegnastampa-totustuus.it\/cattolica\/wp-json\/wp\/v2\/posts\/62119\/revisions"}],"predecessor-version":[{"id":62123,"href":"https:\/\/www.rassegnastampa-totustuus.it\/cattolica\/wp-json\/wp\/v2\/posts\/62119\/revisions\/62123"}],"wp:featuredmedia":[{"embeddable":true,"href":"https:\/\/www.rassegnastampa-totustuus.it\/cattolica\/wp-json\/wp\/v2\/media\/56571"}],"wp:attachment":[{"href":"https:\/\/www.rassegnastampa-totustuus.it\/cattolica\/wp-json\/wp\/v2\/media?parent=62119"}],"wp:term":[{"taxonomy":"category","embeddable":true,"href":"https:\/\/www.rassegnastampa-totustuus.it\/cattolica\/wp-json\/wp\/v2\/categories?post=62119"},{"taxonomy":"post_tag","embeddable":true,"href":"https:\/\/www.rassegnastampa-totustuus.it\/cattolica\/wp-json\/wp\/v2\/tags?post=62119"}],"curies":[{"name":"wp","href":"https:\/\/api.w.org\/{rel}","templated":true}]}}