{"id":62088,"date":"2025-02-03T09:52:55","date_gmt":"2025-02-03T08:52:55","guid":{"rendered":"https:\/\/www.rassegnastampa-totustuus.it\/cattolica\/?p=62088"},"modified":"2025-02-03T09:52:57","modified_gmt":"2025-02-03T08:52:57","slug":"mortalita-zero-quella-verita-nei-numeri-scontati-ma-nascosti","status":"publish","type":"post","link":"https:\/\/www.rassegnastampa-totustuus.it\/cattolica\/mortalita-zero-quella-verita-nei-numeri-scontati-ma-nascosti\/","title":{"rendered":"Mortalit\u00e0 zero, quella verit\u00e0 nei numeri scontati ma nascosti"},"content":{"rendered":"\n<p class=\"has-text-align-center\"><strong><a href=\"https:\/\/lanuovabq.it\/it\/\" target=\"_blank\" rel=\"noreferrer noopener\">La Nuova Bussola quotidiana <\/a><\/strong>1 febbraio 2025<\/p>\n\n\n\n<p><em>Commissione Covid, l&#8217;Iss ha difeso il suo operato respingendo le accuse di aver addomesticato i dati. E ha mostrato i numeri da cui si evince che sotto i 50 anni la percentuale di letalit\u00e0 era zero. Un dato sempre raccolto, ma mai comunicato capillarmente e che, se diffuso, avrebbe stravolto la narrazione pandemista.<\/em><\/p>\n\n\n\n<p class=\"has-text-align-center\"><strong>Andrea Zambrano<\/strong><\/p>\n\n\n<div class=\"wp-block-image\">\n<figure class=\"aligncenter size-full is-resized\"><a href=\"https:\/\/www.rassegnastampa-totustuus.it\/cattolica\/wp-content\/uploads\/2021\/11\/Pfizer-covod-virus-vaccino.jpg\"><img loading=\"lazy\" decoding=\"async\" width=\"300\" height=\"168\" src=\"https:\/\/www.rassegnastampa-totustuus.it\/cattolica\/wp-content\/uploads\/2021\/11\/Pfizer-covod-virus-vaccino.jpg\" alt=\"effetti avversi da vaccino, uno studio scientifico\" class=\"wp-image-52841\" style=\"width:494px;height:auto\"\/><\/a><\/figure><\/div>\n\n\n<!--more-->\n\n\n\n<p>Che la partita del Covid sia stata giocata interamente su una guerra di numeri era parso chiaro fin da quando nei giorni caldi della prima ondata, l\u2019allora ministro della Salute Speranza si presentava in conferenza stampa ogni giorno sciorinando dati e grafici per illustrare la situazione dei contagi e dei morti giorno per giorno. E che quei numeri, amplificati poi da una grancassa mediatica asfissiante, che giustamente \u00e8 stata ribattezzata infodemia, diventassero la scusa e l\u2019appiglio per chiudere tutto prima e successivamente&nbsp;costringere la popolazione a sottoporsi alla campagna vaccinale di massa sperimentale, \u00e8 ormai stato compreso da tutti.<\/p>\n\n\n\n<p><strong>I numeri, dunque, i dati forniti dalla scienza erano il verbo per poter instillare la paura<\/strong>, l\u2019appiglio a cui la politica si aggrappava per giustificare le sue scelte folli, tra cui la chiusura delle scuole, le cui ricadute negative sui ragazzi, prima psicologiche e poi sociali si sono viste negli anni a seguire.<\/p>\n\n\n\n<p><strong>A quei numeri, pochi intrepidi col rischio della gogna provavano ad opporre altri numeri<\/strong>, o per lo meno una lettura diversa di quei numeri per dimostrare invece che l\u2019allarme sui contagi e sui decessi andasse governato razionalmente e non emotivamente o peggio ancora politicamente come invece \u00e8 accaduto sotto i governi Conte II e Draghi.<\/p>\n\n\n<div class=\"wp-block-image\">\n<figure class=\"aligncenter size-full is-resized\"><a href=\"https:\/\/www.rassegnastampa-totustuus.it\/cattolica\/wp-content\/uploads\/2023\/02\/virus_covid_sanit\u00e0.jpg\"><img loading=\"lazy\" decoding=\"async\" width=\"960\" height=\"641\" src=\"https:\/\/www.rassegnastampa-totustuus.it\/cattolica\/wp-content\/uploads\/2023\/02\/virus_covid_sanit\u00e0.jpg\" alt=\"\" class=\"wp-image-55658\" style=\"width:551px;height:auto\" srcset=\"https:\/\/www.rassegnastampa-totustuus.it\/cattolica\/wp-content\/uploads\/2023\/02\/virus_covid_sanit\u00e0.jpg 960w, https:\/\/www.rassegnastampa-totustuus.it\/cattolica\/wp-content\/uploads\/2023\/02\/virus_covid_sanit\u00e0-300x200.jpg 300w, https:\/\/www.rassegnastampa-totustuus.it\/cattolica\/wp-content\/uploads\/2023\/02\/virus_covid_sanit\u00e0-768x513.jpg 768w\" sizes=\"auto, (max-width: 960px) 100vw, 960px\" \/><\/a><\/figure><\/div>\n\n\n<p><strong>La \u201cnumeromachia\u201d alla quale abbiamo assistito<\/strong> ha prodotto certezze vane e verit\u00e0 impalpabili, ma \u00e8 stata una guerra giocata interamente non per mostrare i dati, ma per scegliere quelli funzionali ad una certa narrazione e interpretarli politicamente in senso restrittivo.<\/p>\n\n\n\n<p><strong>Ora che le acque della pandemia si sono relativamente calmate<\/strong> ecco per\u00f2 che quei numeri prima sbandierati, acquistano un senso nuovo o per lo meno possono venire mostrati e letti con maggiore razionalit\u00e0. L\u2019occasione ce l\u2019ha data l\u2019audizione di gioved\u00ec in Commissione Covid dove sono stati auditi due dirigenti dell\u2019Istituto Superiore di Sanit\u00e0, organo che durante la pandemia con il suo ormai ex presidente Silvio Brusaferro \u00e8 stato in prima linea assieme a Speranza nell\u2019alimentare l\u2019infodemiamediatica.<\/p>\n\n\n\n<p><strong>E nel corso dell\u2019audizione della dottoressa Anna Teresa Palamara<\/strong>, direttore del Dipartimento di malattie infettive dell&#8217;ISS e del dottor Patrizio Pezzotti, direttore del Reparto epidemiologia, biostatistica e modelli matematici del Dipartimento malattie infettive dell&#8217;ISS, il nocciolo della questione \u00e8 stato quello di difendere il proprio operato dall\u2019accusa di aver addomesticato i dati in favor di politica.<\/p>\n\n\n<div class=\"wp-block-image\">\n<figure class=\"aligncenter size-full is-resized\"><a href=\"https:\/\/www.rassegnastampa-totustuus.it\/cattolica\/wp-content\/uploads\/2025\/02\/covid_inchiesta_decessi.jpg\"><img loading=\"lazy\" decoding=\"async\" width=\"330\" height=\"235\" src=\"https:\/\/www.rassegnastampa-totustuus.it\/cattolica\/wp-content\/uploads\/2025\/02\/covid_inchiesta_decessi.jpg\" alt=\"\" class=\"wp-image-62090\" style=\"width:522px;height:auto\"\/><\/a><\/figure><\/div>\n\n\n<p><strong>Accusa che i due tecnici hanno respinto sdegnati<\/strong>, pur con qualche siparietto comico, come quando il senatore della Lega Claudio Borghi ha chiesto a Pezzotti come facesse ad essere cos\u00ec \u00abapodittico\u00bb sui numeri, ricevendo la sua sdegnata risposta, manco fosse la peggiore delle offese.<\/p>\n\n\n\n<p><strong>Ma l\u2019Iss ha fatto sostanzialmente il suo dovere<\/strong>, che \u00e8 quello di fornire grafici e dati sull\u2019andamento della pandemia, per provare a giustificare le scelte politiche drastiche poi effettuate. Ma nel farlo, essendo i numeri interpretabili, ma anche sinceri e \u201cpuri\u201d a loro volta, hanno anche mostrato ci\u00f2 che durante le conferenze stampa di Speranza e Brusaferro non veniva mostrato.<\/p>\n\n\n\n<p><strong>Come, ad esempio, il dato della percentuale di letalit\u00e0 di tutti i contagi<\/strong> suddivisa per fasce d\u2019et\u00e0. E qui, l\u2019ingranaggio si \u00e8 inceppato e il re, per una volta, si \u00e8 mostrato nudo. L\u2019ultima colonna del grafico mostrava senza ombra di interpretazioni malevole che la percentuale di letalit\u00e0 sotto i 50 anni \u00e8 stata zero. Troppo pochi, infatti, i casi di morti \u201cper\u201d o \u201cdi\u201d Covid (la questione non \u00e8 stata sciolta convintamente nemmeno da loro durante l\u2019audizione) in quella fascia d\u2019et\u00e0, e tutti ad una verifica successiva per gravi comorbilit\u00e0 pregresse, per poter giustificare l\u2019allarme pandemico indiscriminato su tutta la popolazione, da zero a 90 anni e oltre.<\/p>\n\n\n\n<p><strong>Anche la fascia d\u2019et\u00e0 40-49 anni<\/strong>, a fronte di 4.285.000 contagi totali, ha visto \u201csolo\u201d 1829 decessi. Certo, quel \u201csolo\u201d non \u00e8 per sminuire una morte, ma \u00e8 riferito alla percentuale successiva, che appunto era prossima allo zero per la statistica. E cos\u00ec anche la fascia d\u2019et\u00e0 precedente, quella dai 30 ai 39 anni: appena 500 decessi, che davano comunque nel calcolo una percentuale di zero perch\u00e9 troppo irrisorio statisticamente.<\/p>\n\n\n<div class=\"wp-block-image\">\n<figure class=\"aligncenter size-full is-resized\"><a href=\"https:\/\/www.rassegnastampa-totustuus.it\/cattolica\/wp-content\/uploads\/2025\/02\/covid_commissione_Italia.png\"><img loading=\"lazy\" decoding=\"async\" width=\"690\" height=\"504\" src=\"https:\/\/www.rassegnastampa-totustuus.it\/cattolica\/wp-content\/uploads\/2025\/02\/covid_commissione_Italia.png\" alt=\"\" class=\"wp-image-62089\" style=\"width:594px;height:auto\"\/><\/a><\/figure><\/div>\n\n\n<p><strong>Per la verit\u00e0, questi dati l\u2019Iss li ha sempre registrati<\/strong>, tanto che chi provava a obiettare un approccio diverso rispetto alla pandemia, si avvaleva proprio di questa percentuale per giustificare un approccio diverso, che tenesse conto di fattori di rischio o di et\u00e0 e che non trattasse la popolazione intera come tutta e nello stesso modo a rischio morte. Ma il decisore politico, che evidentemente era interessato a trasmettere altri messaggi, quel dato non l\u2019ha mai diffuso, pur essendo facilmente reperibile nelle banche dati dell\u2019Iss. Era pi\u00f9 interessato a guardare dentro quei pochi numeri di decessi e mostrare il caso particolare per poter estendere la paura a tutti. E cos\u00ec si \u00e8 andati avanti con proiezioni e grafici di \u201comini\u201d e \u201comoni\u201d per colpire anche l\u2019occhio del cittadino, che prontamente veniva poi \u201ceducato\u201d alla paura dai media che recepivano non i dati veri, ma la loro interpretazione.<\/p>\n\n\n\n<p><strong>Eppure, a ben guardare, se si fosse diffuso capillarmente<\/strong> nella narrazione dominante il concetto che il Covid non faceva vittime sotto una certa et\u00e0 e che era pertanto curabile e guaribile, molto non ci sarebbe stato. Il lockdown, ad esempio, cos\u00ec come il green pass. E nemmeno la campagna vaccinale si sarebbe dovuta estendere coattivamente a tutta la popolazione come invece \u00e8 stato.<\/p>\n\n\n\n<p><strong>Mentre quei \u201cpochi\u201d morti per effetti avversi da vaccino<\/strong> (pochi fino ad un certo punto), a differenza di chi per il Covid \u00e8 morto in giovane et\u00e0 a causa di situazioni pregresse gravi e debilitanti, erano sani in partenza e non suscettibili di alcun rischio a fronte di un beneficio che non ebbero mai. Eppure, oggi hanno avuto la vita rovinata a causa di una paura irrazionale mentre i danneggiati, un esercito a cinque anni dall\u2019inizio della pandemia ancora sotterraneo, stanno ancora facendo i conti con quella sciagura. &nbsp;<\/p>\n","protected":false},"excerpt":{"rendered":"<p>I numeri diffusi dall&#8217;Istituto superiore della sanit\u00e0 smentiscono la narrazione allarmistica pandemica, con cui si \u00e8 voluto spingere la popolazione a vaccinarsi <\/p>\n","protected":false},"author":6,"featured_media":52841,"comment_status":"closed","ping_status":"closed","sticky":false,"template":"","format":"standard","meta":{"footnotes":""},"categories":[20,22],"tags":[2862,3089,3090,3088],"class_list":["post-62088","post","type-post","status-publish","format-standard","has-post-thumbnail","hentry","category-politica-nazionale","category-scienza","tag-covid-19","tag-inchiesta","tag-mortalita-covid","tag-pandemia","item-wrap"],"yoast_head":"<!-- This site is optimized with the Yoast SEO plugin v27.5 - https:\/\/yoast.com\/product\/yoast-seo-wordpress\/ -->\n<title>Mortalit\u00e0 zero, quella verit\u00e0 nei numeri scontati ma nascosti - Rassegna Stampa Cattolica<\/title>\n<meta name=\"description\" content=\"Mortalit\u00e0 zero, quella verit\u00e0 nei numeri scontati ma nascosti. sotto i 50 anni la percentuale di letalit\u00e0 era zero.\" \/>\n<meta name=\"robots\" content=\"index, follow, max-snippet:-1, max-image-preview:large, max-video-preview:-1\" \/>\n<link rel=\"canonical\" href=\"https:\/\/www.rassegnastampa-totustuus.it\/cattolica\/mortalita-zero-quella-verita-nei-numeri-scontati-ma-nascosti\/\" \/>\n<meta property=\"og:locale\" content=\"it_IT\" \/>\n<meta property=\"og:type\" content=\"article\" \/>\n<meta property=\"og:title\" content=\"Mortalit\u00e0 zero, quella verit\u00e0 nei numeri scontati ma nascosti - Rassegna Stampa Cattolica\" \/>\n<meta property=\"og:description\" content=\"Mortalit\u00e0 zero, quella verit\u00e0 nei numeri scontati ma nascosti. sotto i 50 anni la percentuale di letalit\u00e0 era zero.\" \/>\n<meta property=\"og:url\" content=\"https:\/\/www.rassegnastampa-totustuus.it\/cattolica\/mortalita-zero-quella-verita-nei-numeri-scontati-ma-nascosti\/\" \/>\n<meta property=\"og:site_name\" content=\"Rassegna Stampa Cattolica\" \/>\n<meta property=\"article:publisher\" content=\"https:\/\/www.facebook.com\/rassegnastampacattolica\" \/>\n<meta property=\"article:published_time\" content=\"2025-02-03T08:52:55+00:00\" \/>\n<meta property=\"article:modified_time\" content=\"2025-02-03T08:52:57+00:00\" \/>\n<meta property=\"og:image\" content=\"https:\/\/www.rassegnastampa-totustuus.it\/cattolica\/wp-content\/uploads\/2021\/11\/Pfizer-covod-virus-vaccino.jpg\" \/>\n\t<meta property=\"og:image:width\" content=\"300\" \/>\n\t<meta property=\"og:image:height\" content=\"168\" \/>\n\t<meta property=\"og:image:type\" content=\"image\/jpeg\" \/>\n<meta name=\"author\" content=\"Redazione\" \/>\n<meta name=\"twitter:card\" content=\"summary_large_image\" \/>\n<meta name=\"twitter:creator\" content=\"@rassegnastampa9\" \/>\n<meta name=\"twitter:site\" content=\"@rassegnastampa9\" \/>\n<meta name=\"twitter:label1\" content=\"Scritto da\" \/>\n\t<meta name=\"twitter:data1\" content=\"Redazione\" \/>\n\t<meta name=\"twitter:label2\" content=\"Tempo di lettura stimato\" \/>\n\t<meta name=\"twitter:data2\" content=\"7 minuti\" \/>\n<script type=\"application\/ld+json\" class=\"yoast-schema-graph\">{\"@context\":\"https:\\\/\\\/schema.org\",\"@graph\":[{\"@type\":\"Article\",\"@id\":\"https:\\\/\\\/www.rassegnastampa-totustuus.it\\\/cattolica\\\/mortalita-zero-quella-verita-nei-numeri-scontati-ma-nascosti\\\/#article\",\"isPartOf\":{\"@id\":\"https:\\\/\\\/www.rassegnastampa-totustuus.it\\\/cattolica\\\/mortalita-zero-quella-verita-nei-numeri-scontati-ma-nascosti\\\/\"},\"author\":{\"name\":\"Redazione\",\"@id\":\"https:\\\/\\\/www.rassegnastampa-totustuus.it\\\/cattolica\\\/#\\\/schema\\\/person\\\/08f319d2bd1a0904ad9e2bfb7b15e5c3\"},\"headline\":\"Mortalit\u00e0 zero, quella verit\u00e0 nei numeri scontati ma nascosti\",\"datePublished\":\"2025-02-03T08:52:55+00:00\",\"dateModified\":\"2025-02-03T08:52:57+00:00\",\"mainEntityOfPage\":{\"@id\":\"https:\\\/\\\/www.rassegnastampa-totustuus.it\\\/cattolica\\\/mortalita-zero-quella-verita-nei-numeri-scontati-ma-nascosti\\\/\"},\"wordCount\":1037,\"publisher\":{\"@id\":\"https:\\\/\\\/www.rassegnastampa-totustuus.it\\\/cattolica\\\/#organization\"},\"image\":{\"@id\":\"https:\\\/\\\/www.rassegnastampa-totustuus.it\\\/cattolica\\\/mortalita-zero-quella-verita-nei-numeri-scontati-ma-nascosti\\\/#primaryimage\"},\"thumbnailUrl\":\"https:\\\/\\\/www.rassegnastampa-totustuus.it\\\/cattolica\\\/wp-content\\\/uploads\\\/2021\\\/11\\\/Pfizer-covod-virus-vaccino.jpg\",\"keywords\":[\"Covid-19\",\"inchiesta\",\"mortalit\u00e0 Covid\",\"pandemia\"],\"articleSection\":[\"Politica nazionale\",\"Scienza\"],\"inLanguage\":\"it-IT\"},{\"@type\":\"WebPage\",\"@id\":\"https:\\\/\\\/www.rassegnastampa-totustuus.it\\\/cattolica\\\/mortalita-zero-quella-verita-nei-numeri-scontati-ma-nascosti\\\/\",\"url\":\"https:\\\/\\\/www.rassegnastampa-totustuus.it\\\/cattolica\\\/mortalita-zero-quella-verita-nei-numeri-scontati-ma-nascosti\\\/\",\"name\":\"Mortalit\u00e0 zero, quella verit\u00e0 nei numeri scontati ma nascosti - Rassegna Stampa Cattolica\",\"isPartOf\":{\"@id\":\"https:\\\/\\\/www.rassegnastampa-totustuus.it\\\/cattolica\\\/#website\"},\"primaryImageOfPage\":{\"@id\":\"https:\\\/\\\/www.rassegnastampa-totustuus.it\\\/cattolica\\\/mortalita-zero-quella-verita-nei-numeri-scontati-ma-nascosti\\\/#primaryimage\"},\"image\":{\"@id\":\"https:\\\/\\\/www.rassegnastampa-totustuus.it\\\/cattolica\\\/mortalita-zero-quella-verita-nei-numeri-scontati-ma-nascosti\\\/#primaryimage\"},\"thumbnailUrl\":\"https:\\\/\\\/www.rassegnastampa-totustuus.it\\\/cattolica\\\/wp-content\\\/uploads\\\/2021\\\/11\\\/Pfizer-covod-virus-vaccino.jpg\",\"datePublished\":\"2025-02-03T08:52:55+00:00\",\"dateModified\":\"2025-02-03T08:52:57+00:00\",\"description\":\"Mortalit\u00e0 zero, quella verit\u00e0 nei numeri scontati ma nascosti. sotto i 50 anni la percentuale di letalit\u00e0 era zero.\",\"breadcrumb\":{\"@id\":\"https:\\\/\\\/www.rassegnastampa-totustuus.it\\\/cattolica\\\/mortalita-zero-quella-verita-nei-numeri-scontati-ma-nascosti\\\/#breadcrumb\"},\"inLanguage\":\"it-IT\",\"potentialAction\":[{\"@type\":\"ReadAction\",\"target\":[\"https:\\\/\\\/www.rassegnastampa-totustuus.it\\\/cattolica\\\/mortalita-zero-quella-verita-nei-numeri-scontati-ma-nascosti\\\/\"]}]},{\"@type\":\"ImageObject\",\"inLanguage\":\"it-IT\",\"@id\":\"https:\\\/\\\/www.rassegnastampa-totustuus.it\\\/cattolica\\\/mortalita-zero-quella-verita-nei-numeri-scontati-ma-nascosti\\\/#primaryimage\",\"url\":\"https:\\\/\\\/www.rassegnastampa-totustuus.it\\\/cattolica\\\/wp-content\\\/uploads\\\/2021\\\/11\\\/Pfizer-covod-virus-vaccino.jpg\",\"contentUrl\":\"https:\\\/\\\/www.rassegnastampa-totustuus.it\\\/cattolica\\\/wp-content\\\/uploads\\\/2021\\\/11\\\/Pfizer-covod-virus-vaccino.jpg\",\"width\":300,\"height\":168,\"caption\":\"effetti avversi da vaccino, uno studio scientifico\"},{\"@type\":\"BreadcrumbList\",\"@id\":\"https:\\\/\\\/www.rassegnastampa-totustuus.it\\\/cattolica\\\/mortalita-zero-quella-verita-nei-numeri-scontati-ma-nascosti\\\/#breadcrumb\",\"itemListElement\":[{\"@type\":\"ListItem\",\"position\":1,\"name\":\"Home\",\"item\":\"https:\\\/\\\/www.rassegnastampa-totustuus.it\\\/cattolica\\\/\"},{\"@type\":\"ListItem\",\"position\":2,\"name\":\"Mortalit\u00e0 zero, quella verit\u00e0 nei numeri scontati ma nascosti\"}]},{\"@type\":\"WebSite\",\"@id\":\"https:\\\/\\\/www.rassegnastampa-totustuus.it\\\/cattolica\\\/#website\",\"url\":\"https:\\\/\\\/www.rassegnastampa-totustuus.it\\\/cattolica\\\/\",\"name\":\"Rassegna Stampa Cattolica\",\"description\":\"Per una cultura che nasce dalla Rivelazione cristiana in conformit\u00e0 alla tradizione e al Magistero della Chiesa in opposizione ad ogni relativismo e totalitarismo\",\"publisher\":{\"@id\":\"https:\\\/\\\/www.rassegnastampa-totustuus.it\\\/cattolica\\\/#organization\"},\"alternateName\":\"Rass. Cattolica\",\"potentialAction\":[{\"@type\":\"SearchAction\",\"target\":{\"@type\":\"EntryPoint\",\"urlTemplate\":\"https:\\\/\\\/www.rassegnastampa-totustuus.it\\\/cattolica\\\/?s={search_term_string}\"},\"query-input\":{\"@type\":\"PropertyValueSpecification\",\"valueRequired\":true,\"valueName\":\"search_term_string\"}}],\"inLanguage\":\"it-IT\"},{\"@type\":\"Organization\",\"@id\":\"https:\\\/\\\/www.rassegnastampa-totustuus.it\\\/cattolica\\\/#organization\",\"name\":\"Rassegna Stampa Cattolica\",\"url\":\"https:\\\/\\\/www.rassegnastampa-totustuus.it\\\/cattolica\\\/\",\"logo\":{\"@type\":\"ImageObject\",\"inLanguage\":\"it-IT\",\"@id\":\"https:\\\/\\\/www.rassegnastampa-totustuus.it\\\/cattolica\\\/#\\\/schema\\\/logo\\\/image\\\/\",\"url\":\"https:\\\/\\\/www.rassegnastampa-totustuus.it\\\/cattolica\\\/wp-content\\\/uploads\\\/2014\\\/04\\\/logo-rassegna1.gif\",\"contentUrl\":\"https:\\\/\\\/www.rassegnastampa-totustuus.it\\\/cattolica\\\/wp-content\\\/uploads\\\/2014\\\/04\\\/logo-rassegna1.gif\",\"width\":600,\"height\":163,\"caption\":\"Rassegna Stampa Cattolica\"},\"image\":{\"@id\":\"https:\\\/\\\/www.rassegnastampa-totustuus.it\\\/cattolica\\\/#\\\/schema\\\/logo\\\/image\\\/\"},\"sameAs\":[\"https:\\\/\\\/www.facebook.com\\\/rassegnastampacattolica\",\"https:\\\/\\\/x.com\\\/rassegnastampa9\"]},{\"@type\":\"Person\",\"@id\":\"https:\\\/\\\/www.rassegnastampa-totustuus.it\\\/cattolica\\\/#\\\/schema\\\/person\\\/08f319d2bd1a0904ad9e2bfb7b15e5c3\",\"name\":\"Redazione\",\"image\":{\"@type\":\"ImageObject\",\"inLanguage\":\"it-IT\",\"@id\":\"https:\\\/\\\/secure.gravatar.com\\\/avatar\\\/2fcdf27c78ea025fbdb44e914cc63c72249ffec9dc8aafd5c82b26240ef3f346?s=96&d=mm&r=g\",\"url\":\"https:\\\/\\\/secure.gravatar.com\\\/avatar\\\/2fcdf27c78ea025fbdb44e914cc63c72249ffec9dc8aafd5c82b26240ef3f346?s=96&d=mm&r=g\",\"contentUrl\":\"https:\\\/\\\/secure.gravatar.com\\\/avatar\\\/2fcdf27c78ea025fbdb44e914cc63c72249ffec9dc8aafd5c82b26240ef3f346?s=96&d=mm&r=g\",\"caption\":\"Redazione\"},\"url\":\"https:\\\/\\\/www.rassegnastampa-totustuus.it\\\/cattolica\\\/author\\\/pietroelle\\\/\"}]}<\/script>\n<!-- \/ Yoast SEO plugin. -->","yoast_head_json":{"title":"Mortalit\u00e0 zero, quella verit\u00e0 nei numeri scontati ma nascosti - Rassegna Stampa Cattolica","description":"Mortalit\u00e0 zero, quella verit\u00e0 nei numeri scontati ma nascosti. sotto i 50 anni la percentuale di letalit\u00e0 era zero.","robots":{"index":"index","follow":"follow","max-snippet":"max-snippet:-1","max-image-preview":"max-image-preview:large","max-video-preview":"max-video-preview:-1"},"canonical":"https:\/\/www.rassegnastampa-totustuus.it\/cattolica\/mortalita-zero-quella-verita-nei-numeri-scontati-ma-nascosti\/","og_locale":"it_IT","og_type":"article","og_title":"Mortalit\u00e0 zero, quella verit\u00e0 nei numeri scontati ma nascosti - Rassegna Stampa Cattolica","og_description":"Mortalit\u00e0 zero, quella verit\u00e0 nei numeri scontati ma nascosti. sotto i 50 anni la percentuale di letalit\u00e0 era zero.","og_url":"https:\/\/www.rassegnastampa-totustuus.it\/cattolica\/mortalita-zero-quella-verita-nei-numeri-scontati-ma-nascosti\/","og_site_name":"Rassegna Stampa Cattolica","article_publisher":"https:\/\/www.facebook.com\/rassegnastampacattolica","article_published_time":"2025-02-03T08:52:55+00:00","article_modified_time":"2025-02-03T08:52:57+00:00","og_image":[{"width":300,"height":168,"url":"https:\/\/www.rassegnastampa-totustuus.it\/cattolica\/wp-content\/uploads\/2021\/11\/Pfizer-covod-virus-vaccino.jpg","type":"image\/jpeg"}],"author":"Redazione","twitter_card":"summary_large_image","twitter_creator":"@rassegnastampa9","twitter_site":"@rassegnastampa9","twitter_misc":{"Scritto da":"Redazione","Tempo di lettura stimato":"7 minuti"},"schema":{"@context":"https:\/\/schema.org","@graph":[{"@type":"Article","@id":"https:\/\/www.rassegnastampa-totustuus.it\/cattolica\/mortalita-zero-quella-verita-nei-numeri-scontati-ma-nascosti\/#article","isPartOf":{"@id":"https:\/\/www.rassegnastampa-totustuus.it\/cattolica\/mortalita-zero-quella-verita-nei-numeri-scontati-ma-nascosti\/"},"author":{"name":"Redazione","@id":"https:\/\/www.rassegnastampa-totustuus.it\/cattolica\/#\/schema\/person\/08f319d2bd1a0904ad9e2bfb7b15e5c3"},"headline":"Mortalit\u00e0 zero, quella verit\u00e0 nei numeri scontati ma nascosti","datePublished":"2025-02-03T08:52:55+00:00","dateModified":"2025-02-03T08:52:57+00:00","mainEntityOfPage":{"@id":"https:\/\/www.rassegnastampa-totustuus.it\/cattolica\/mortalita-zero-quella-verita-nei-numeri-scontati-ma-nascosti\/"},"wordCount":1037,"publisher":{"@id":"https:\/\/www.rassegnastampa-totustuus.it\/cattolica\/#organization"},"image":{"@id":"https:\/\/www.rassegnastampa-totustuus.it\/cattolica\/mortalita-zero-quella-verita-nei-numeri-scontati-ma-nascosti\/#primaryimage"},"thumbnailUrl":"https:\/\/www.rassegnastampa-totustuus.it\/cattolica\/wp-content\/uploads\/2021\/11\/Pfizer-covod-virus-vaccino.jpg","keywords":["Covid-19","inchiesta","mortalit\u00e0 Covid","pandemia"],"articleSection":["Politica nazionale","Scienza"],"inLanguage":"it-IT"},{"@type":"WebPage","@id":"https:\/\/www.rassegnastampa-totustuus.it\/cattolica\/mortalita-zero-quella-verita-nei-numeri-scontati-ma-nascosti\/","url":"https:\/\/www.rassegnastampa-totustuus.it\/cattolica\/mortalita-zero-quella-verita-nei-numeri-scontati-ma-nascosti\/","name":"Mortalit\u00e0 zero, quella verit\u00e0 nei numeri scontati ma nascosti - Rassegna Stampa Cattolica","isPartOf":{"@id":"https:\/\/www.rassegnastampa-totustuus.it\/cattolica\/#website"},"primaryImageOfPage":{"@id":"https:\/\/www.rassegnastampa-totustuus.it\/cattolica\/mortalita-zero-quella-verita-nei-numeri-scontati-ma-nascosti\/#primaryimage"},"image":{"@id":"https:\/\/www.rassegnastampa-totustuus.it\/cattolica\/mortalita-zero-quella-verita-nei-numeri-scontati-ma-nascosti\/#primaryimage"},"thumbnailUrl":"https:\/\/www.rassegnastampa-totustuus.it\/cattolica\/wp-content\/uploads\/2021\/11\/Pfizer-covod-virus-vaccino.jpg","datePublished":"2025-02-03T08:52:55+00:00","dateModified":"2025-02-03T08:52:57+00:00","description":"Mortalit\u00e0 zero, quella verit\u00e0 nei numeri scontati ma nascosti. sotto i 50 anni la percentuale di letalit\u00e0 era zero.","breadcrumb":{"@id":"https:\/\/www.rassegnastampa-totustuus.it\/cattolica\/mortalita-zero-quella-verita-nei-numeri-scontati-ma-nascosti\/#breadcrumb"},"inLanguage":"it-IT","potentialAction":[{"@type":"ReadAction","target":["https:\/\/www.rassegnastampa-totustuus.it\/cattolica\/mortalita-zero-quella-verita-nei-numeri-scontati-ma-nascosti\/"]}]},{"@type":"ImageObject","inLanguage":"it-IT","@id":"https:\/\/www.rassegnastampa-totustuus.it\/cattolica\/mortalita-zero-quella-verita-nei-numeri-scontati-ma-nascosti\/#primaryimage","url":"https:\/\/www.rassegnastampa-totustuus.it\/cattolica\/wp-content\/uploads\/2021\/11\/Pfizer-covod-virus-vaccino.jpg","contentUrl":"https:\/\/www.rassegnastampa-totustuus.it\/cattolica\/wp-content\/uploads\/2021\/11\/Pfizer-covod-virus-vaccino.jpg","width":300,"height":168,"caption":"effetti avversi da vaccino, uno studio scientifico"},{"@type":"BreadcrumbList","@id":"https:\/\/www.rassegnastampa-totustuus.it\/cattolica\/mortalita-zero-quella-verita-nei-numeri-scontati-ma-nascosti\/#breadcrumb","itemListElement":[{"@type":"ListItem","position":1,"name":"Home","item":"https:\/\/www.rassegnastampa-totustuus.it\/cattolica\/"},{"@type":"ListItem","position":2,"name":"Mortalit\u00e0 zero, quella verit\u00e0 nei numeri scontati ma nascosti"}]},{"@type":"WebSite","@id":"https:\/\/www.rassegnastampa-totustuus.it\/cattolica\/#website","url":"https:\/\/www.rassegnastampa-totustuus.it\/cattolica\/","name":"Rassegna Stampa Cattolica","description":"Per una cultura che nasce dalla Rivelazione cristiana in conformit\u00e0 alla tradizione e al Magistero della Chiesa in opposizione ad ogni relativismo e totalitarismo","publisher":{"@id":"https:\/\/www.rassegnastampa-totustuus.it\/cattolica\/#organization"},"alternateName":"Rass. Cattolica","potentialAction":[{"@type":"SearchAction","target":{"@type":"EntryPoint","urlTemplate":"https:\/\/www.rassegnastampa-totustuus.it\/cattolica\/?s={search_term_string}"},"query-input":{"@type":"PropertyValueSpecification","valueRequired":true,"valueName":"search_term_string"}}],"inLanguage":"it-IT"},{"@type":"Organization","@id":"https:\/\/www.rassegnastampa-totustuus.it\/cattolica\/#organization","name":"Rassegna Stampa Cattolica","url":"https:\/\/www.rassegnastampa-totustuus.it\/cattolica\/","logo":{"@type":"ImageObject","inLanguage":"it-IT","@id":"https:\/\/www.rassegnastampa-totustuus.it\/cattolica\/#\/schema\/logo\/image\/","url":"https:\/\/www.rassegnastampa-totustuus.it\/cattolica\/wp-content\/uploads\/2014\/04\/logo-rassegna1.gif","contentUrl":"https:\/\/www.rassegnastampa-totustuus.it\/cattolica\/wp-content\/uploads\/2014\/04\/logo-rassegna1.gif","width":600,"height":163,"caption":"Rassegna Stampa Cattolica"},"image":{"@id":"https:\/\/www.rassegnastampa-totustuus.it\/cattolica\/#\/schema\/logo\/image\/"},"sameAs":["https:\/\/www.facebook.com\/rassegnastampacattolica","https:\/\/x.com\/rassegnastampa9"]},{"@type":"Person","@id":"https:\/\/www.rassegnastampa-totustuus.it\/cattolica\/#\/schema\/person\/08f319d2bd1a0904ad9e2bfb7b15e5c3","name":"Redazione","image":{"@type":"ImageObject","inLanguage":"it-IT","@id":"https:\/\/secure.gravatar.com\/avatar\/2fcdf27c78ea025fbdb44e914cc63c72249ffec9dc8aafd5c82b26240ef3f346?s=96&d=mm&r=g","url":"https:\/\/secure.gravatar.com\/avatar\/2fcdf27c78ea025fbdb44e914cc63c72249ffec9dc8aafd5c82b26240ef3f346?s=96&d=mm&r=g","contentUrl":"https:\/\/secure.gravatar.com\/avatar\/2fcdf27c78ea025fbdb44e914cc63c72249ffec9dc8aafd5c82b26240ef3f346?s=96&d=mm&r=g","caption":"Redazione"},"url":"https:\/\/www.rassegnastampa-totustuus.it\/cattolica\/author\/pietroelle\/"}]}},"_links":{"self":[{"href":"https:\/\/www.rassegnastampa-totustuus.it\/cattolica\/wp-json\/wp\/v2\/posts\/62088","targetHints":{"allow":["GET"]}}],"collection":[{"href":"https:\/\/www.rassegnastampa-totustuus.it\/cattolica\/wp-json\/wp\/v2\/posts"}],"about":[{"href":"https:\/\/www.rassegnastampa-totustuus.it\/cattolica\/wp-json\/wp\/v2\/types\/post"}],"author":[{"embeddable":true,"href":"https:\/\/www.rassegnastampa-totustuus.it\/cattolica\/wp-json\/wp\/v2\/users\/6"}],"replies":[{"embeddable":true,"href":"https:\/\/www.rassegnastampa-totustuus.it\/cattolica\/wp-json\/wp\/v2\/comments?post=62088"}],"version-history":[{"count":1,"href":"https:\/\/www.rassegnastampa-totustuus.it\/cattolica\/wp-json\/wp\/v2\/posts\/62088\/revisions"}],"predecessor-version":[{"id":62091,"href":"https:\/\/www.rassegnastampa-totustuus.it\/cattolica\/wp-json\/wp\/v2\/posts\/62088\/revisions\/62091"}],"wp:featuredmedia":[{"embeddable":true,"href":"https:\/\/www.rassegnastampa-totustuus.it\/cattolica\/wp-json\/wp\/v2\/media\/52841"}],"wp:attachment":[{"href":"https:\/\/www.rassegnastampa-totustuus.it\/cattolica\/wp-json\/wp\/v2\/media?parent=62088"}],"wp:term":[{"taxonomy":"category","embeddable":true,"href":"https:\/\/www.rassegnastampa-totustuus.it\/cattolica\/wp-json\/wp\/v2\/categories?post=62088"},{"taxonomy":"post_tag","embeddable":true,"href":"https:\/\/www.rassegnastampa-totustuus.it\/cattolica\/wp-json\/wp\/v2\/tags?post=62088"}],"curies":[{"name":"wp","href":"https:\/\/api.w.org\/{rel}","templated":true}]}}