{"id":62083,"date":"2025-02-01T19:27:25","date_gmt":"2025-02-01T18:27:25","guid":{"rendered":"https:\/\/www.rassegnastampa-totustuus.it\/cattolica\/?p=62083"},"modified":"2025-02-01T19:29:37","modified_gmt":"2025-02-01T18:29:37","slug":"chi-sono-i-veri-indietristi","status":"publish","type":"post","link":"https:\/\/www.rassegnastampa-totustuus.it\/cattolica\/chi-sono-i-veri-indietristi\/","title":{"rendered":"Chi sono i veri \u201cindietristi\u201d?"},"content":{"rendered":"\n<p class=\"has-text-align-center\"><a href=\"https:\/\/www.youtube.com\/watch?v=2tqAuLU6GHU\">Visto da Roma<\/a> newsletter 27 Febbraio 2025<\/p>\n\n\n\n<p class=\"has-text-align-center\">di <strong>Julio Loredo<\/strong><\/p>\n\n\n\n<p>Esistono gli \u201cindietristi\u201d, di cui spesso parla papa Francesco? Dovremmo rispondere: esistono, eccome! Ma non sono quelli che biasima il Papa. I veri indietristi ormai sono gli ex giovani che hanno nostalgia degli anni Sessanta e di tutto quell\u2019entusiasmo rivoluzionario sessantottino e post-conciliare.<\/p>\n\n\n<div class=\"wp-block-image\">\n<figure class=\"aligncenter size-full is-resized\"><a href=\"https:\/\/www.rassegnastampa-totustuus.it\/cattolica\/wp-content\/uploads\/2025\/02\/chiesa_suore_preghiera.jpeg\"><img loading=\"lazy\" decoding=\"async\" width=\"212\" height=\"141\" src=\"https:\/\/www.rassegnastampa-totustuus.it\/cattolica\/wp-content\/uploads\/2025\/02\/chiesa_suore_preghiera.jpeg\" alt=\"\" class=\"wp-image-62084\" style=\"width:438px;height:auto\"\/><\/a><\/figure><\/div>\n\n\n<!--more-->\n\n\n\n<p>Rimpiangono quelle contestazione generalizzata sia in campo civile che ecclesiastico; quando potevano allegramente travolgere tutto. Non si rendono conto che cinquant\u2019anni di rivoluzione civile ed ecclesiastica hanno finito per stancare le persone provocando una reazione che oggi tede a crescere.<\/p>\n\n\n\n<p>Mentre sempre pi\u00f9 elettori in campo civile, politico, sociale, votano a destra come abbiamo visto con la recente rielezione di Donald Trump, i fedeli disertano in massa le chiese e molti di loro, specialmente i giovani, vanno ad ingrossare le fila del tradizionalismo.<\/p>\n\n\n\n<p>Abbiamo gi\u00e0 parlato di questo fenomeno ma vorrei sottolineare come il progressismo sociale e quello ecclesiastico hanno viaggiato per sessant\u2019anni su binari paralleli; sono le due facce della stessa medaglia, due modi di fare la stessa rivoluzione e oggi si trovano entrambi ad affrontare il proprio fallimento.<\/p>\n\n\n<div class=\"wp-block-image\">\n<figure class=\"aligncenter size-large is-resized\"><a href=\"https:\/\/www.rassegnastampa-totustuus.it\/cattolica\/wp-content\/uploads\/2022\/02\/Chiesa_progressismo.png\"><img loading=\"lazy\" decoding=\"async\" width=\"1024\" height=\"576\" src=\"https:\/\/www.rassegnastampa-totustuus.it\/cattolica\/wp-content\/uploads\/2022\/02\/Chiesa_progressismo-1024x576.png\" alt=\"\" class=\"wp-image-53463\" style=\"width:451px;height:auto\" srcset=\"https:\/\/www.rassegnastampa-totustuus.it\/cattolica\/wp-content\/uploads\/2022\/02\/Chiesa_progressismo-1024x576.png 1024w, https:\/\/www.rassegnastampa-totustuus.it\/cattolica\/wp-content\/uploads\/2022\/02\/Chiesa_progressismo-300x169.png 300w, https:\/\/www.rassegnastampa-totustuus.it\/cattolica\/wp-content\/uploads\/2022\/02\/Chiesa_progressismo-768x432.png 768w, https:\/\/www.rassegnastampa-totustuus.it\/cattolica\/wp-content\/uploads\/2022\/02\/Chiesa_progressismo.png 1366w\" sizes=\"auto, (max-width: 1024px) 100vw, 1024px\" \/><\/a><\/figure><\/div>\n\n\n<p>Eppure molti di loro non solo si ostinano a non riconoscere il proprio fallimento, ma anzi vogliono raddoppiare la scommessa. Non capiscono che lo spirito dei tempi, che invocavano con tanto entusiasmo rivoluzionario si \u00e8 rivoltato contro di loro e la rivincita del senso comune sulla tracotanza di chi voleva, euforico, la rottura di ogni legame con le generazioni anteriori.<\/p>\n\n\n\n<p>Recentemente si \u00e8 tenuto a Trieste un convegno dei cosiddetti \u201ccattolici democratici\u201d, ossia gli esponenti della famosa, o famigerata, sinistra cattolica, molti di loro venerabili reliquie degli anni Sessanta.<\/p>\n\n\n\n<p>Scrive di loro il professor Stefano Fontana su la Nuova Bussola quotidiana: \u00abQuesti personaggi faticano a capire che molta parte del mondo cattolico \u00e8 cambiata in modo sotterraneo e in silenzio per non essere collocata nel mirino dei progressisti; ma \u00e8 cambiata in senso opposto a quello che interessa alla comunit\u00e0 democratica, cio\u00e8 in un senso opposto alla sinistra\u00bb.<\/p>\n\n\n\n<p>\u00abL\u2019era Covid\u00bb, continua il professor Fontana, \u00abha dato il giro di boa. Ma il cambiamento viene da maggiore profondit\u00e0 e consiste in un recupero di un\u2019identit\u00e0 dottrinale cattolica non di rottura con la tradizione e chiede una coerenza politica sconosciuta ai cattolici democratici. C\u2019\u00e8 un nuovo nel mondo cattolico che il passatismo progressista non sembra cogliere\u00bb.<\/p>\n\n\n\n<p>Molto interessante: \u201cC\u2019\u00e8 un nuovo nel mondo cattolico che il passatismo progressista non sembra cogliere\u201d.<\/p>\n\n\n<div class=\"wp-block-image\">\n<figure class=\"aligncenter size-large is-resized\"><a href=\"https:\/\/www.rassegnastampa-totustuus.it\/cattolica\/wp-content\/uploads\/2021\/09\/Messa_Tridentina_Chiesa.jpg\"><img loading=\"lazy\" decoding=\"async\" width=\"1024\" height=\"630\" src=\"https:\/\/www.rassegnastampa-totustuus.it\/cattolica\/wp-content\/uploads\/2021\/09\/Messa_Tridentina_Chiesa-1024x630.jpg\" alt=\"\" class=\"wp-image-52409\" style=\"width:434px;height:auto\" srcset=\"https:\/\/www.rassegnastampa-totustuus.it\/cattolica\/wp-content\/uploads\/2021\/09\/Messa_Tridentina_Chiesa-1024x630.jpg 1024w, https:\/\/www.rassegnastampa-totustuus.it\/cattolica\/wp-content\/uploads\/2021\/09\/Messa_Tridentina_Chiesa-300x185.jpg 300w, https:\/\/www.rassegnastampa-totustuus.it\/cattolica\/wp-content\/uploads\/2021\/09\/Messa_Tridentina_Chiesa-768x472.jpg 768w, https:\/\/www.rassegnastampa-totustuus.it\/cattolica\/wp-content\/uploads\/2021\/09\/Messa_Tridentina_Chiesa.jpg 1234w\" sizes=\"auto, (max-width: 1024px) 100vw, 1024px\" \/><\/a><\/figure><\/div>\n\n\n<p>Questo fenomeno nuovo che sembra cogliere il professor Fontana e che chiama: recupero dottrinale cattolico non in rottura con la tradizione, \u00e8 molto reale e verificabile, anche ad esempio con l\u2019analisi sociologica, come abbiamo gi\u00e0 documentato in puntate precedenti di questo canale. Tuttavia \u00e8 sempre sfuggito a coloro che un tempo si vantavano di essere la voce profetica che anticipava i tempi.<\/p>\n\n\n\n<p>Purtroppo, costata Stefano Fontana su <em>La Nuova Bussola quotidiana<\/em>, non poche figure di spicco dell\u2019episcopato italiano aderiscono all\u2019agenda politica di sinistra dei cattolici democratici. Una agenda che mette in secondo piano le grandi questioni morali, ad esempio l\u2019aborto, per occuparsi in modo preferenziale del cambiamento climatico o della immigrazione. Del resto \u2013 commento io \u2013 \u00e8 esattamente quello che vediamo negli episcopati di praticamente tutto il mondo con onorevoli eccezioni.<\/p>\n\n\n\n<p>Come mai questo scollegamento dalla realt\u00e0 da parte dei presuli italiani e dei politici navigati, direi, proprio quando ora arrivano segno cos\u00ec chiari e forti da parte degli elettori dell\u2019America, dell\u2019Europa e da parte del laicato cattolico? Non \u00e8 questo segno dell\u2019offuscamento del famoso discernimento profetico che tanto vantavano negli anni Sessanta?<\/p>\n\n\n\n<p>Un interessante indizio tra i molti che si potrebbero citare dello scollamento dell\u2019establishment ecclesiastico e civile dalla realt\u00e0 \u00e8 la crescita in America dei lettori della Bibbia. Il Wall Street Journal, cio\u00e8 il giornale dell\u2019alta finanza, d\u00e0 notizia che nel 2024 le Bibbie vendute negli Stati Uniti sono aumentate del 24% nei confronti dell\u2019aumento di appena 1% delle vendite degli altri libri.<\/p>\n\n\n<div class=\"wp-block-image\">\n<figure class=\"aligncenter size-full is-resized\"><a href=\"https:\/\/www.rassegnastampa-totustuus.it\/cattolica\/wp-content\/uploads\/2025\/02\/bibbia.jpeg\"><img loading=\"lazy\" decoding=\"async\" width=\"238\" height=\"180\" src=\"https:\/\/www.rassegnastampa-totustuus.it\/cattolica\/wp-content\/uploads\/2025\/02\/bibbia.jpeg\" alt=\"\" class=\"wp-image-62085\" style=\"width:432px;height:auto\"\/><\/a><\/figure><\/div>\n\n\n<p>Diversi analisti danno spiegazioni di questo fenomeno. Ad esempio Brandon Vogt, direttore generale del World on Fire, associazione cattolica fondata da monsignor Robert Barron, vescovo di Rochester, afferma che i tre anni hanno venduto oltre mezzo milione di Bibbie e questa settimana ha fatto interessanti dichiarazioni a riguardo alla <em>Catholic News Agency: <\/em>\u00abla gente \u00e8 stanca del paradigma \u201cla mia verit\u00e0, la tua verit\u00e0\u201d ed \u00e8 affamata della verit\u00e0 ed \u00e8 questo il motivo per cui molti si rivolgono di nuovo a questo antico testo che afferma di essere la parola di Dio e non una parola fra tante\u00bb.<\/p>\n\n\n\n<p>Vale a dire: la gente \u00e8 stanca della dittatura del relativismo ed \u00e8 stanca del pensiero debole e cerca quelle affermazioni forti che sempre di meno si sentono dai pulpiti ma che ancora risuonano con chiarezza nelle sacre scritture.<\/p>\n\n\n\n<p>L\u2019anima umana ha bisogno di certezze che per troppo tempo le sono state negate dall\u2019imperativo relativista ed ecco che assistiamo oggi a quello che chiamerei una vera e propria ribellione della stessa natura umana che, come diceva Tertulliano, \u00e8 <em>naturaliter<\/em> cristiana.<\/p>\n\n\n\n<p>Secondo Edwin Benson, editorialista del blog cattolico <em>Retourn to Order<\/em>, un\u2019altra ragione \u00e8 la crescente preoccupazione dei genitori di immunizzare i loro figli dalle depravazioni che ormai si insegnano in modo torrenziale non solo nelle scuole pubbliche ma, ahim\u00e8, anche in tante, tantissime scuole cattoliche.<\/p>\n\n\n\n<p>Per questo pubblico, afferma Benson, c\u2019\u00e8 un eccellente mercato di Bibbie illustrate e corredate da commenti molto didattici che vengono a sostituire con efficacia le ormai quasi inesistenti ore di religione a scuola. Spesso, aggiunge Benson, questi genitori sentono un lodevole desiderio di fornire ai loro figli la formazione che loro stessi non hanno ricevuto, essendo cresciuti proprio fra gli anni Sessanta, Settanta, Ottanta. Per loro l\u2019acquisto e lo studio di una buona Bibbia \u00e8 un punto di partenza ragionevole per rafforzare la fede.<\/p>\n\n\n<div class=\"wp-block-image\">\n<figure class=\"aligncenter size-full is-resized\"><a href=\"https:\/\/www.rassegnastampa-totustuus.it\/cattolica\/wp-content\/uploads\/2005\/11\/tradizione.jpg\"><img loading=\"lazy\" decoding=\"async\" width=\"268\" height=\"188\" src=\"https:\/\/www.rassegnastampa-totustuus.it\/cattolica\/wp-content\/uploads\/2005\/11\/tradizione.jpg\" alt=\"\" class=\"wp-image-27420\" style=\"width:478px;height:auto\"\/><\/a><\/figure><\/div>\n\n\n<p>Spiega Edwin Benson: \u00abil boom di vendite della Bibbia si spiega con l\u2019inquietudine spirituale degli americani. C\u2019\u00e8 una sete di qualcosa che vada oltre la societ\u00e0 secolare e materialista e che indica l\u2019operato della grazia nelle anime. L\u2019aumento della vendita delle Bibbie \u00e8 solo un sintomo di qualcosa di molto pi\u00f9 profondo e questa tendenza potrebbe portare ad altre che a loro volta potrebbero favorire conversioni e cambiamenti nella societ\u00e0\u00bb<\/p>\n\n\n\n<p>E\u2019 in questo fenomeno spirituale, commento io, prima che civile che dobbiamo trovare le radici dei venti odierni, sia nella societ\u00e0 sia nella Chiesa. Voglia Dio che questo fenomeno faccia tutta la sua corsa portando queste persone verso la completa conversione alla santa fede cattolica, apostolica e romana e quindi a una sete di civilt\u00e0 cristiana.<\/p>\n\n\n\n<p>E noi ci domandiamo: sar\u00e0 che a Roma se non per spirito soprannaturale, almeno per buon senso sapranno leggere questi segni dei tempi o tuoneranno ancora con duri sermoni non contro le nefaste invenzioni dei rivoluzionari sessantottini, bens\u00ec contro chi non ne pu\u00f2 pi\u00f9 dello tsunami distruttivo che ancora riversa frutti marci sulla societ\u00e0 odierna?<\/p>\n\n\n\n<p>O a Roma si arriver\u00e0 addirittura a sospettare che gli squilibrati mentali, come recentemente li ha chiamati papa Francesco, siano proprio quelli che vogliono tornare alla casa paterna?<\/p>\n\n\n\n<p><\/p>\n","protected":false},"excerpt":{"rendered":"<p>A Roma si arriver\u00e0 addirittura a sospettare che gli squilibrati mentali, come recentemente li ha chiamati papa Francesco, siano proprio quelli che vogliono tornare alla casa paterna?<\/p>\n","protected":false},"author":6,"featured_media":62084,"comment_status":"closed","ping_status":"closed","sticky":false,"template":"","format":"standard","meta":{"footnotes":""},"categories":[5],"tags":[3087,291,789,1117],"class_list":["post-62083","post","type-post","status-publish","format-standard","has-post-thumbnail","hentry","category-chiesa","tag-indietristi","tag-papa-francesco","tag-progressismo-cattolico-2","tag-tradizione","item-wrap"],"yoast_head":"<!-- This site is optimized with the Yoast SEO plugin v27.5 - https:\/\/yoast.com\/product\/yoast-seo-wordpress\/ -->\n<title>Chi sono i veri \u201cindietristi\u201d? - Rassegna Stampa Cattolica<\/title>\n<meta name=\"description\" content=\"Chi sono i veri indietristi? Gli ex giovani che hanno ancora nostalgia dell&#039;entusiasmo rivoluzionario post-conciliare\" \/>\n<meta name=\"robots\" content=\"index, follow, max-snippet:-1, max-image-preview:large, max-video-preview:-1\" \/>\n<link rel=\"canonical\" href=\"https:\/\/www.rassegnastampa-totustuus.it\/cattolica\/chi-sono-i-veri-indietristi\/\" \/>\n<meta property=\"og:locale\" content=\"it_IT\" \/>\n<meta property=\"og:type\" content=\"article\" \/>\n<meta property=\"og:title\" content=\"Chi sono i veri \u201cindietristi\u201d? - Rassegna Stampa Cattolica\" \/>\n<meta property=\"og:description\" content=\"Chi sono i veri indietristi? Gli ex giovani che hanno ancora nostalgia dell&#039;entusiasmo rivoluzionario post-conciliare\" \/>\n<meta property=\"og:url\" content=\"https:\/\/www.rassegnastampa-totustuus.it\/cattolica\/chi-sono-i-veri-indietristi\/\" \/>\n<meta property=\"og:site_name\" content=\"Rassegna Stampa Cattolica\" \/>\n<meta property=\"article:publisher\" content=\"https:\/\/www.facebook.com\/rassegnastampacattolica\" \/>\n<meta property=\"article:published_time\" content=\"2025-02-01T18:27:25+00:00\" \/>\n<meta property=\"article:modified_time\" content=\"2025-02-01T18:29:37+00:00\" \/>\n<meta property=\"og:image\" content=\"https:\/\/www.rassegnastampa-totustuus.it\/cattolica\/wp-content\/uploads\/2025\/02\/chiesa_suore_preghiera.jpeg\" \/>\n\t<meta property=\"og:image:width\" content=\"212\" \/>\n\t<meta property=\"og:image:height\" content=\"141\" \/>\n\t<meta property=\"og:image:type\" content=\"image\/jpeg\" \/>\n<meta name=\"author\" content=\"Redazione\" \/>\n<meta name=\"twitter:card\" content=\"summary_large_image\" \/>\n<meta name=\"twitter:creator\" content=\"@rassegnastampa9\" \/>\n<meta name=\"twitter:site\" content=\"@rassegnastampa9\" \/>\n<meta name=\"twitter:label1\" content=\"Scritto da\" \/>\n\t<meta name=\"twitter:data1\" content=\"Redazione\" \/>\n\t<meta name=\"twitter:label2\" content=\"Tempo di lettura stimato\" \/>\n\t<meta name=\"twitter:data2\" content=\"8 minuti\" \/>\n<script type=\"application\/ld+json\" class=\"yoast-schema-graph\">{\"@context\":\"https:\\\/\\\/schema.org\",\"@graph\":[{\"@type\":\"Article\",\"@id\":\"https:\\\/\\\/www.rassegnastampa-totustuus.it\\\/cattolica\\\/chi-sono-i-veri-indietristi\\\/#article\",\"isPartOf\":{\"@id\":\"https:\\\/\\\/www.rassegnastampa-totustuus.it\\\/cattolica\\\/chi-sono-i-veri-indietristi\\\/\"},\"author\":{\"name\":\"Redazione\",\"@id\":\"https:\\\/\\\/www.rassegnastampa-totustuus.it\\\/cattolica\\\/#\\\/schema\\\/person\\\/08f319d2bd1a0904ad9e2bfb7b15e5c3\"},\"headline\":\"Chi sono i veri \u201cindietristi\u201d?\",\"datePublished\":\"2025-02-01T18:27:25+00:00\",\"dateModified\":\"2025-02-01T18:29:37+00:00\",\"mainEntityOfPage\":{\"@id\":\"https:\\\/\\\/www.rassegnastampa-totustuus.it\\\/cattolica\\\/chi-sono-i-veri-indietristi\\\/\"},\"wordCount\":1167,\"publisher\":{\"@id\":\"https:\\\/\\\/www.rassegnastampa-totustuus.it\\\/cattolica\\\/#organization\"},\"image\":{\"@id\":\"https:\\\/\\\/www.rassegnastampa-totustuus.it\\\/cattolica\\\/chi-sono-i-veri-indietristi\\\/#primaryimage\"},\"thumbnailUrl\":\"https:\\\/\\\/www.rassegnastampa-totustuus.it\\\/cattolica\\\/wp-content\\\/uploads\\\/2025\\\/02\\\/chiesa_suore_preghiera.jpeg\",\"keywords\":[\"indietristi\",\"Papa Francesco\",\"progressismo cattolico\",\"tradizione\"],\"articleSection\":[\"Chiesa\"],\"inLanguage\":\"it-IT\"},{\"@type\":\"WebPage\",\"@id\":\"https:\\\/\\\/www.rassegnastampa-totustuus.it\\\/cattolica\\\/chi-sono-i-veri-indietristi\\\/\",\"url\":\"https:\\\/\\\/www.rassegnastampa-totustuus.it\\\/cattolica\\\/chi-sono-i-veri-indietristi\\\/\",\"name\":\"Chi sono i veri \u201cindietristi\u201d? - Rassegna Stampa Cattolica\",\"isPartOf\":{\"@id\":\"https:\\\/\\\/www.rassegnastampa-totustuus.it\\\/cattolica\\\/#website\"},\"primaryImageOfPage\":{\"@id\":\"https:\\\/\\\/www.rassegnastampa-totustuus.it\\\/cattolica\\\/chi-sono-i-veri-indietristi\\\/#primaryimage\"},\"image\":{\"@id\":\"https:\\\/\\\/www.rassegnastampa-totustuus.it\\\/cattolica\\\/chi-sono-i-veri-indietristi\\\/#primaryimage\"},\"thumbnailUrl\":\"https:\\\/\\\/www.rassegnastampa-totustuus.it\\\/cattolica\\\/wp-content\\\/uploads\\\/2025\\\/02\\\/chiesa_suore_preghiera.jpeg\",\"datePublished\":\"2025-02-01T18:27:25+00:00\",\"dateModified\":\"2025-02-01T18:29:37+00:00\",\"description\":\"Chi sono i veri indietristi? Gli ex giovani che hanno ancora nostalgia dell'entusiasmo rivoluzionario post-conciliare\",\"breadcrumb\":{\"@id\":\"https:\\\/\\\/www.rassegnastampa-totustuus.it\\\/cattolica\\\/chi-sono-i-veri-indietristi\\\/#breadcrumb\"},\"inLanguage\":\"it-IT\",\"potentialAction\":[{\"@type\":\"ReadAction\",\"target\":[\"https:\\\/\\\/www.rassegnastampa-totustuus.it\\\/cattolica\\\/chi-sono-i-veri-indietristi\\\/\"]}]},{\"@type\":\"ImageObject\",\"inLanguage\":\"it-IT\",\"@id\":\"https:\\\/\\\/www.rassegnastampa-totustuus.it\\\/cattolica\\\/chi-sono-i-veri-indietristi\\\/#primaryimage\",\"url\":\"https:\\\/\\\/www.rassegnastampa-totustuus.it\\\/cattolica\\\/wp-content\\\/uploads\\\/2025\\\/02\\\/chiesa_suore_preghiera.jpeg\",\"contentUrl\":\"https:\\\/\\\/www.rassegnastampa-totustuus.it\\\/cattolica\\\/wp-content\\\/uploads\\\/2025\\\/02\\\/chiesa_suore_preghiera.jpeg\",\"width\":212,\"height\":141},{\"@type\":\"BreadcrumbList\",\"@id\":\"https:\\\/\\\/www.rassegnastampa-totustuus.it\\\/cattolica\\\/chi-sono-i-veri-indietristi\\\/#breadcrumb\",\"itemListElement\":[{\"@type\":\"ListItem\",\"position\":1,\"name\":\"Home\",\"item\":\"https:\\\/\\\/www.rassegnastampa-totustuus.it\\\/cattolica\\\/\"},{\"@type\":\"ListItem\",\"position\":2,\"name\":\"Chi sono i veri \u201cindietristi\u201d?\"}]},{\"@type\":\"WebSite\",\"@id\":\"https:\\\/\\\/www.rassegnastampa-totustuus.it\\\/cattolica\\\/#website\",\"url\":\"https:\\\/\\\/www.rassegnastampa-totustuus.it\\\/cattolica\\\/\",\"name\":\"Rassegna Stampa Cattolica\",\"description\":\"Per una cultura che nasce dalla Rivelazione cristiana in conformit\u00e0 alla tradizione e al Magistero della Chiesa in opposizione ad ogni relativismo e totalitarismo\",\"publisher\":{\"@id\":\"https:\\\/\\\/www.rassegnastampa-totustuus.it\\\/cattolica\\\/#organization\"},\"alternateName\":\"Rass. Cattolica\",\"potentialAction\":[{\"@type\":\"SearchAction\",\"target\":{\"@type\":\"EntryPoint\",\"urlTemplate\":\"https:\\\/\\\/www.rassegnastampa-totustuus.it\\\/cattolica\\\/?s={search_term_string}\"},\"query-input\":{\"@type\":\"PropertyValueSpecification\",\"valueRequired\":true,\"valueName\":\"search_term_string\"}}],\"inLanguage\":\"it-IT\"},{\"@type\":\"Organization\",\"@id\":\"https:\\\/\\\/www.rassegnastampa-totustuus.it\\\/cattolica\\\/#organization\",\"name\":\"Rassegna Stampa Cattolica\",\"url\":\"https:\\\/\\\/www.rassegnastampa-totustuus.it\\\/cattolica\\\/\",\"logo\":{\"@type\":\"ImageObject\",\"inLanguage\":\"it-IT\",\"@id\":\"https:\\\/\\\/www.rassegnastampa-totustuus.it\\\/cattolica\\\/#\\\/schema\\\/logo\\\/image\\\/\",\"url\":\"https:\\\/\\\/www.rassegnastampa-totustuus.it\\\/cattolica\\\/wp-content\\\/uploads\\\/2014\\\/04\\\/logo-rassegna1.gif\",\"contentUrl\":\"https:\\\/\\\/www.rassegnastampa-totustuus.it\\\/cattolica\\\/wp-content\\\/uploads\\\/2014\\\/04\\\/logo-rassegna1.gif\",\"width\":600,\"height\":163,\"caption\":\"Rassegna Stampa Cattolica\"},\"image\":{\"@id\":\"https:\\\/\\\/www.rassegnastampa-totustuus.it\\\/cattolica\\\/#\\\/schema\\\/logo\\\/image\\\/\"},\"sameAs\":[\"https:\\\/\\\/www.facebook.com\\\/rassegnastampacattolica\",\"https:\\\/\\\/x.com\\\/rassegnastampa9\"]},{\"@type\":\"Person\",\"@id\":\"https:\\\/\\\/www.rassegnastampa-totustuus.it\\\/cattolica\\\/#\\\/schema\\\/person\\\/08f319d2bd1a0904ad9e2bfb7b15e5c3\",\"name\":\"Redazione\",\"image\":{\"@type\":\"ImageObject\",\"inLanguage\":\"it-IT\",\"@id\":\"https:\\\/\\\/secure.gravatar.com\\\/avatar\\\/2fcdf27c78ea025fbdb44e914cc63c72249ffec9dc8aafd5c82b26240ef3f346?s=96&d=mm&r=g\",\"url\":\"https:\\\/\\\/secure.gravatar.com\\\/avatar\\\/2fcdf27c78ea025fbdb44e914cc63c72249ffec9dc8aafd5c82b26240ef3f346?s=96&d=mm&r=g\",\"contentUrl\":\"https:\\\/\\\/secure.gravatar.com\\\/avatar\\\/2fcdf27c78ea025fbdb44e914cc63c72249ffec9dc8aafd5c82b26240ef3f346?s=96&d=mm&r=g\",\"caption\":\"Redazione\"},\"url\":\"https:\\\/\\\/www.rassegnastampa-totustuus.it\\\/cattolica\\\/author\\\/pietroelle\\\/\"}]}<\/script>\n<!-- \/ Yoast SEO plugin. -->","yoast_head_json":{"title":"Chi sono i veri \u201cindietristi\u201d? - Rassegna Stampa Cattolica","description":"Chi sono i veri indietristi? Gli ex giovani che hanno ancora nostalgia dell'entusiasmo rivoluzionario post-conciliare","robots":{"index":"index","follow":"follow","max-snippet":"max-snippet:-1","max-image-preview":"max-image-preview:large","max-video-preview":"max-video-preview:-1"},"canonical":"https:\/\/www.rassegnastampa-totustuus.it\/cattolica\/chi-sono-i-veri-indietristi\/","og_locale":"it_IT","og_type":"article","og_title":"Chi sono i veri \u201cindietristi\u201d? - Rassegna Stampa Cattolica","og_description":"Chi sono i veri indietristi? Gli ex giovani che hanno ancora nostalgia dell'entusiasmo rivoluzionario post-conciliare","og_url":"https:\/\/www.rassegnastampa-totustuus.it\/cattolica\/chi-sono-i-veri-indietristi\/","og_site_name":"Rassegna Stampa Cattolica","article_publisher":"https:\/\/www.facebook.com\/rassegnastampacattolica","article_published_time":"2025-02-01T18:27:25+00:00","article_modified_time":"2025-02-01T18:29:37+00:00","og_image":[{"width":212,"height":141,"url":"https:\/\/www.rassegnastampa-totustuus.it\/cattolica\/wp-content\/uploads\/2025\/02\/chiesa_suore_preghiera.jpeg","type":"image\/jpeg"}],"author":"Redazione","twitter_card":"summary_large_image","twitter_creator":"@rassegnastampa9","twitter_site":"@rassegnastampa9","twitter_misc":{"Scritto da":"Redazione","Tempo di lettura stimato":"8 minuti"},"schema":{"@context":"https:\/\/schema.org","@graph":[{"@type":"Article","@id":"https:\/\/www.rassegnastampa-totustuus.it\/cattolica\/chi-sono-i-veri-indietristi\/#article","isPartOf":{"@id":"https:\/\/www.rassegnastampa-totustuus.it\/cattolica\/chi-sono-i-veri-indietristi\/"},"author":{"name":"Redazione","@id":"https:\/\/www.rassegnastampa-totustuus.it\/cattolica\/#\/schema\/person\/08f319d2bd1a0904ad9e2bfb7b15e5c3"},"headline":"Chi sono i veri \u201cindietristi\u201d?","datePublished":"2025-02-01T18:27:25+00:00","dateModified":"2025-02-01T18:29:37+00:00","mainEntityOfPage":{"@id":"https:\/\/www.rassegnastampa-totustuus.it\/cattolica\/chi-sono-i-veri-indietristi\/"},"wordCount":1167,"publisher":{"@id":"https:\/\/www.rassegnastampa-totustuus.it\/cattolica\/#organization"},"image":{"@id":"https:\/\/www.rassegnastampa-totustuus.it\/cattolica\/chi-sono-i-veri-indietristi\/#primaryimage"},"thumbnailUrl":"https:\/\/www.rassegnastampa-totustuus.it\/cattolica\/wp-content\/uploads\/2025\/02\/chiesa_suore_preghiera.jpeg","keywords":["indietristi","Papa Francesco","progressismo cattolico","tradizione"],"articleSection":["Chiesa"],"inLanguage":"it-IT"},{"@type":"WebPage","@id":"https:\/\/www.rassegnastampa-totustuus.it\/cattolica\/chi-sono-i-veri-indietristi\/","url":"https:\/\/www.rassegnastampa-totustuus.it\/cattolica\/chi-sono-i-veri-indietristi\/","name":"Chi sono i veri \u201cindietristi\u201d? - Rassegna Stampa Cattolica","isPartOf":{"@id":"https:\/\/www.rassegnastampa-totustuus.it\/cattolica\/#website"},"primaryImageOfPage":{"@id":"https:\/\/www.rassegnastampa-totustuus.it\/cattolica\/chi-sono-i-veri-indietristi\/#primaryimage"},"image":{"@id":"https:\/\/www.rassegnastampa-totustuus.it\/cattolica\/chi-sono-i-veri-indietristi\/#primaryimage"},"thumbnailUrl":"https:\/\/www.rassegnastampa-totustuus.it\/cattolica\/wp-content\/uploads\/2025\/02\/chiesa_suore_preghiera.jpeg","datePublished":"2025-02-01T18:27:25+00:00","dateModified":"2025-02-01T18:29:37+00:00","description":"Chi sono i veri indietristi? Gli ex giovani che hanno ancora nostalgia dell'entusiasmo rivoluzionario post-conciliare","breadcrumb":{"@id":"https:\/\/www.rassegnastampa-totustuus.it\/cattolica\/chi-sono-i-veri-indietristi\/#breadcrumb"},"inLanguage":"it-IT","potentialAction":[{"@type":"ReadAction","target":["https:\/\/www.rassegnastampa-totustuus.it\/cattolica\/chi-sono-i-veri-indietristi\/"]}]},{"@type":"ImageObject","inLanguage":"it-IT","@id":"https:\/\/www.rassegnastampa-totustuus.it\/cattolica\/chi-sono-i-veri-indietristi\/#primaryimage","url":"https:\/\/www.rassegnastampa-totustuus.it\/cattolica\/wp-content\/uploads\/2025\/02\/chiesa_suore_preghiera.jpeg","contentUrl":"https:\/\/www.rassegnastampa-totustuus.it\/cattolica\/wp-content\/uploads\/2025\/02\/chiesa_suore_preghiera.jpeg","width":212,"height":141},{"@type":"BreadcrumbList","@id":"https:\/\/www.rassegnastampa-totustuus.it\/cattolica\/chi-sono-i-veri-indietristi\/#breadcrumb","itemListElement":[{"@type":"ListItem","position":1,"name":"Home","item":"https:\/\/www.rassegnastampa-totustuus.it\/cattolica\/"},{"@type":"ListItem","position":2,"name":"Chi sono i veri \u201cindietristi\u201d?"}]},{"@type":"WebSite","@id":"https:\/\/www.rassegnastampa-totustuus.it\/cattolica\/#website","url":"https:\/\/www.rassegnastampa-totustuus.it\/cattolica\/","name":"Rassegna Stampa Cattolica","description":"Per una cultura che nasce dalla Rivelazione cristiana in conformit\u00e0 alla tradizione e al Magistero della Chiesa in opposizione ad ogni relativismo e totalitarismo","publisher":{"@id":"https:\/\/www.rassegnastampa-totustuus.it\/cattolica\/#organization"},"alternateName":"Rass. Cattolica","potentialAction":[{"@type":"SearchAction","target":{"@type":"EntryPoint","urlTemplate":"https:\/\/www.rassegnastampa-totustuus.it\/cattolica\/?s={search_term_string}"},"query-input":{"@type":"PropertyValueSpecification","valueRequired":true,"valueName":"search_term_string"}}],"inLanguage":"it-IT"},{"@type":"Organization","@id":"https:\/\/www.rassegnastampa-totustuus.it\/cattolica\/#organization","name":"Rassegna Stampa Cattolica","url":"https:\/\/www.rassegnastampa-totustuus.it\/cattolica\/","logo":{"@type":"ImageObject","inLanguage":"it-IT","@id":"https:\/\/www.rassegnastampa-totustuus.it\/cattolica\/#\/schema\/logo\/image\/","url":"https:\/\/www.rassegnastampa-totustuus.it\/cattolica\/wp-content\/uploads\/2014\/04\/logo-rassegna1.gif","contentUrl":"https:\/\/www.rassegnastampa-totustuus.it\/cattolica\/wp-content\/uploads\/2014\/04\/logo-rassegna1.gif","width":600,"height":163,"caption":"Rassegna Stampa Cattolica"},"image":{"@id":"https:\/\/www.rassegnastampa-totustuus.it\/cattolica\/#\/schema\/logo\/image\/"},"sameAs":["https:\/\/www.facebook.com\/rassegnastampacattolica","https:\/\/x.com\/rassegnastampa9"]},{"@type":"Person","@id":"https:\/\/www.rassegnastampa-totustuus.it\/cattolica\/#\/schema\/person\/08f319d2bd1a0904ad9e2bfb7b15e5c3","name":"Redazione","image":{"@type":"ImageObject","inLanguage":"it-IT","@id":"https:\/\/secure.gravatar.com\/avatar\/2fcdf27c78ea025fbdb44e914cc63c72249ffec9dc8aafd5c82b26240ef3f346?s=96&d=mm&r=g","url":"https:\/\/secure.gravatar.com\/avatar\/2fcdf27c78ea025fbdb44e914cc63c72249ffec9dc8aafd5c82b26240ef3f346?s=96&d=mm&r=g","contentUrl":"https:\/\/secure.gravatar.com\/avatar\/2fcdf27c78ea025fbdb44e914cc63c72249ffec9dc8aafd5c82b26240ef3f346?s=96&d=mm&r=g","caption":"Redazione"},"url":"https:\/\/www.rassegnastampa-totustuus.it\/cattolica\/author\/pietroelle\/"}]}},"_links":{"self":[{"href":"https:\/\/www.rassegnastampa-totustuus.it\/cattolica\/wp-json\/wp\/v2\/posts\/62083","targetHints":{"allow":["GET"]}}],"collection":[{"href":"https:\/\/www.rassegnastampa-totustuus.it\/cattolica\/wp-json\/wp\/v2\/posts"}],"about":[{"href":"https:\/\/www.rassegnastampa-totustuus.it\/cattolica\/wp-json\/wp\/v2\/types\/post"}],"author":[{"embeddable":true,"href":"https:\/\/www.rassegnastampa-totustuus.it\/cattolica\/wp-json\/wp\/v2\/users\/6"}],"replies":[{"embeddable":true,"href":"https:\/\/www.rassegnastampa-totustuus.it\/cattolica\/wp-json\/wp\/v2\/comments?post=62083"}],"version-history":[{"count":2,"href":"https:\/\/www.rassegnastampa-totustuus.it\/cattolica\/wp-json\/wp\/v2\/posts\/62083\/revisions"}],"predecessor-version":[{"id":62087,"href":"https:\/\/www.rassegnastampa-totustuus.it\/cattolica\/wp-json\/wp\/v2\/posts\/62083\/revisions\/62087"}],"wp:featuredmedia":[{"embeddable":true,"href":"https:\/\/www.rassegnastampa-totustuus.it\/cattolica\/wp-json\/wp\/v2\/media\/62084"}],"wp:attachment":[{"href":"https:\/\/www.rassegnastampa-totustuus.it\/cattolica\/wp-json\/wp\/v2\/media?parent=62083"}],"wp:term":[{"taxonomy":"category","embeddable":true,"href":"https:\/\/www.rassegnastampa-totustuus.it\/cattolica\/wp-json\/wp\/v2\/categories?post=62083"},{"taxonomy":"post_tag","embeddable":true,"href":"https:\/\/www.rassegnastampa-totustuus.it\/cattolica\/wp-json\/wp\/v2\/tags?post=62083"}],"curies":[{"name":"wp","href":"https:\/\/api.w.org\/{rel}","templated":true}]}}