{"id":62021,"date":"2025-01-28T14:42:59","date_gmt":"2025-01-28T13:42:59","guid":{"rendered":"https:\/\/www.rassegnastampa-totustuus.it\/cattolica\/?p=62021"},"modified":"2025-07-19T16:51:45","modified_gmt":"2025-07-19T14:51:45","slug":"antisemitismo-in-fondo-a-sinistra","status":"publish","type":"post","link":"https:\/\/www.rassegnastampa-totustuus.it\/cattolica\/antisemitismo-in-fondo-a-sinistra\/","title":{"rendered":"Antisemitismo? In fondo a sinistra"},"content":{"rendered":"\n<p class=\"has-text-align-center\"><strong><a href=\"https:\/\/www.informazionecattolica.it\/\" target=\"_blank\" rel=\"noreferrer noopener\">InFormazione cattolica<\/a><\/strong> 27 gennaio 2025<\/p>\n\n\n\n<p class=\"has-text-align-center\"><em>Una riflessione sull\u2019antisemitismo nella sinistra italiana<\/em><\/p>\n\n\n\n<p class=\"has-text-align-center\">di<strong><a href=\"https:\/\/www.informazionecattolica.it\/tag\/Andrea-Rossi\/\">Andrea Rossi<\/a><\/strong><\/p>\n\n\n<div class=\"wp-block-image\">\n<figure class=\"aligncenter size-full is-resized\"><a href=\"https:\/\/www.rassegnastampa-totustuus.it\/cattolica\/wp-content\/uploads\/2025\/01\/Comunisti_sinistra_ebrei_sionismo.jpg\"><img loading=\"lazy\" decoding=\"async\" width=\"463\" height=\"372\" src=\"https:\/\/www.rassegnastampa-totustuus.it\/cattolica\/wp-content\/uploads\/2025\/01\/Comunisti_sinistra_ebrei_sionismo.jpg\" alt=\"\" class=\"wp-image-62022\" style=\"width:276px;height:auto\"\/><\/a><\/figure><\/div>\n\n\n<!--more-->\n\n\n\n<p>In tempi non sospetti, nel 1967, al termine della guerra fra Egitto e Israele, Pierpaolo Pasolini alz\u00f2 (solitario) la sua voce su una tendenza che vedeva consolidarsi nel PCI: l\u2019antisionismo, definizione edulcorata di un sentimento antiebraico che nella sinistra italiana era vivo e presente almeno dal 1948, ossia dalla nascita dello stato di Israele.<\/p>\n\n\n\n<p>Queste le parole dello scrittore, come sempre profetiche: \u201cForse perch\u00e9 Israele \u00e8 uno Stato nato male? Ma quale Stato ora libero e sovrano non \u00e8 nato male? E chi di noi, inoltre potrebbe garantire agli Ebrei che in Occidente non ci sar\u00e0 pi\u00f9 nessun Hitler? O che gli Ebrei potranno continuare a vivere in pace nei Paesi arabi? Forse possono garantire questo il direttore dell\u2019Unit\u00e0 o qualsiasi altro intellettuale comunista?\u201d.<\/p>\n\n\n<div class=\"wp-block-image\">\n<figure class=\"aligncenter size-large is-resized\"><a href=\"https:\/\/www.rassegnastampa-totustuus.it\/cattolica\/wp-content\/uploads\/2021\/01\/auschwitz_ebrei_nazismo.jpg\"><img loading=\"lazy\" decoding=\"async\" width=\"1024\" height=\"576\" src=\"https:\/\/www.rassegnastampa-totustuus.it\/cattolica\/wp-content\/uploads\/2021\/01\/auschwitz_ebrei_nazismo-1024x576.jpg\" alt=\"\" class=\"wp-image-49891\" style=\"width:384px;height:auto\" srcset=\"https:\/\/www.rassegnastampa-totustuus.it\/cattolica\/wp-content\/uploads\/2021\/01\/auschwitz_ebrei_nazismo-1024x576.jpg 1024w, https:\/\/www.rassegnastampa-totustuus.it\/cattolica\/wp-content\/uploads\/2021\/01\/auschwitz_ebrei_nazismo-300x169.jpg 300w, https:\/\/www.rassegnastampa-totustuus.it\/cattolica\/wp-content\/uploads\/2021\/01\/auschwitz_ebrei_nazismo-768x432.jpg 768w, https:\/\/www.rassegnastampa-totustuus.it\/cattolica\/wp-content\/uploads\/2021\/01\/auschwitz_ebrei_nazismo.jpg 1920w\" sizes=\"auto, (max-width: 1024px) 100vw, 1024px\" \/><\/a><\/figure><\/div>\n\n\n<p>Il problema \u00e8 di scottante attualit\u00e0 specialmente il 27 gennaio, nel giorno dedicato ogni anno alla memoria della Shoah, quando si moltiplicano ovunque atti antisemiti: lettere minacciose, insulti razzisti, idiozie di amministratori di seconda o terza schiera\u2026<\/p>\n\n\n\n<p>La propaganda dei partiti di sinistra utilizza questo fenomeno deprecabile a fini politici, per scaricare sulla destra le responsabilit\u00e0 di questo clima. In realt\u00e0 per osservare quanta ipocrisia esiste su questo grave fenomeno di intolleranza \u00e8 sufficiente leggere cosa pensano di Israele diversi esponenti di PD, 5Stelle e di altri partiti di Sinistra.<\/p>\n\n\n\n<p>Accanto a silenzi imbarazzati, e distinguo incomprensibili, alcune vicende sono apparse, anche in tempi recenti, inequivocabili. Solo alcuni casi: nel 2018 la giunta comunale di Bologna faceva approvare a maggioranza una mozione per l\u2019embargo contro Israele; sempre la richiesta di censure a Israele sono arrivate, nel 2020, da settanta deputati del PD e del Movimento 5 Stelle; la commemorazione del 25 aprile, ormai da anni, vede a Roma cortei divisi, con la comunit\u00e0 ebraica che decide di ricordare la liberazione per conto proprio, mentre a Milano prosegue indisturbato l\u2019obbrobrio dei fischi allo striscione della brigata Palmach, composta da ebrei che combatterono assieme alle forze armate britanniche contro i nazisti in Italia.<\/p>\n\n\n<div class=\"wp-block-image\">\n<figure class=\"aligncenter size-large is-resized\"><a href=\"https:\/\/www.rassegnastampa-totustuus.it\/cattolica\/wp-content\/uploads\/2021\/06\/Israele_Palestina.jpeg\"><img loading=\"lazy\" decoding=\"async\" width=\"1024\" height=\"576\" src=\"https:\/\/www.rassegnastampa-totustuus.it\/cattolica\/wp-content\/uploads\/2021\/06\/Israele_Palestina-1024x576.jpeg\" alt=\"\" class=\"wp-image-51699\" style=\"width:373px;height:auto\" srcset=\"https:\/\/www.rassegnastampa-totustuus.it\/cattolica\/wp-content\/uploads\/2021\/06\/Israele_Palestina-1024x576.jpeg 1024w, https:\/\/www.rassegnastampa-totustuus.it\/cattolica\/wp-content\/uploads\/2021\/06\/Israele_Palestina-300x169.jpeg 300w, https:\/\/www.rassegnastampa-totustuus.it\/cattolica\/wp-content\/uploads\/2021\/06\/Israele_Palestina-768x432.jpeg 768w, https:\/\/www.rassegnastampa-totustuus.it\/cattolica\/wp-content\/uploads\/2021\/06\/Israele_Palestina.jpeg 1280w\" sizes=\"auto, (max-width: 1024px) 100vw, 1024px\" \/><\/a><\/figure><\/div>\n\n\n<p>Frattanto il rapporto della sinistra con l\u2019Islam italiano appare condizionare in modo sempre pi\u00f9 pesante gli orientamenti dei postcomunisti del nostro paese: ovunque, da nord a sud, esponenti musulmani radicali sono stati reclutati senza alcun discernimento (e spesso eletti) dalle forze della sinistra, salvo poi creare imbarazzi nel partito di Elly Schlein.<\/p>\n\n\n\n<p>Non pi\u00f9 tardi del 2017 Sumaya Abdel Qader, influente consigliera comunale milanese in quota PD, commentando il fatto che il 60% dei musulmani italiani considerava gli ebrei (non gli israeliani, si badi bene!) la causa di ogni male, spiegava che gli intervistati forse confondevano antisemitismo e antisionismo (sic), e che comunque percentuali simili si potevano trovare anche fra gli italiani, immediatamente smentita dagli autori della ricerca.<\/p>\n\n\n\n<p>Questa la sinistra che usa la Shoah come argomento politico puntando il dito contro i \u201crigurgiti razzisti\u201d e \u201cle destre xenofobe\u201d, uno schieramento che in realt\u00e0, ancora nei giorni in cui si ricorda lo sterminio degli ebrei europei, \u00e8 incapace di fare i conti con s\u00e9 stesso e con le proprie irrisolte contraddizioni.<\/p>\n\n\n\n<p>_________________________________________<\/p>\n\n\n\n<p><strong>Leggi anche:<\/strong><\/p>\n\n\n\n<p><strong><a href=\"https:\/\/www.rassegnastampa-totustuus.it\/cattolica\/islamismo-e-sinistra-la-minaccia-alleata\/\" target=\"_blank\" rel=\"noreferrer noopener\">Islamismo e sinistra: minaccia alleata<\/a><\/strong><\/p>\n\n\n\n<p><\/p>\n","protected":false},"excerpt":{"rendered":"<p>InFormazione cattolica 27 gennaio 2025 Una riflessione sull\u2019antisemitismo nella sinistra italiana diAndrea Rossi<\/p><p><a class=\"more-link btn\" href=\"https:\/\/www.rassegnastampa-totustuus.it\/cattolica\/antisemitismo-in-fondo-a-sinistra\/\">Continua a leggere<\/a><\/p>\n","protected":false},"author":6,"featured_media":62022,"comment_status":"closed","ping_status":"closed","sticky":false,"template":"","format":"standard","meta":{"footnotes":""},"categories":[75,2943],"tags":[922,1120,1183,1311,2979],"class_list":["post-62021","post","type-post","status-publish","format-standard","has-post-thumbnail","hentry","category-israele","category-sinistre","tag-ebrei","tag-islam-e-sinistre","tag-pd","tag-pier-paolo-pasolini","tag-sionismo","item-wrap"],"yoast_head":"<!-- This site is optimized with the Yoast SEO plugin v27.5 - https:\/\/yoast.com\/product\/yoast-seo-wordpress\/ -->\n<title>Antisemitismo? In fondo a sinistra - Rassegna Stampa Cattolica<\/title>\n<meta name=\"description\" content=\"Antisemitismo? In fondo a sinistra. Una riflessione sull\u2019antisemitismo nella sinistra italiana incapace di risolvere le contraddizioni\" \/>\n<meta name=\"robots\" content=\"index, follow, max-snippet:-1, max-image-preview:large, max-video-preview:-1\" \/>\n<link rel=\"canonical\" href=\"https:\/\/www.rassegnastampa-totustuus.it\/cattolica\/antisemitismo-in-fondo-a-sinistra\/\" \/>\n<meta property=\"og:locale\" content=\"it_IT\" \/>\n<meta property=\"og:type\" content=\"article\" \/>\n<meta property=\"og:title\" content=\"Antisemitismo? In fondo a sinistra - Rassegna Stampa Cattolica\" \/>\n<meta property=\"og:description\" content=\"Antisemitismo? In fondo a sinistra. Una riflessione sull\u2019antisemitismo nella sinistra italiana incapace di risolvere le contraddizioni\" \/>\n<meta property=\"og:url\" content=\"https:\/\/www.rassegnastampa-totustuus.it\/cattolica\/antisemitismo-in-fondo-a-sinistra\/\" \/>\n<meta property=\"og:site_name\" content=\"Rassegna Stampa Cattolica\" \/>\n<meta property=\"article:publisher\" content=\"https:\/\/www.facebook.com\/rassegnastampacattolica\" \/>\n<meta property=\"article:published_time\" content=\"2025-01-28T13:42:59+00:00\" \/>\n<meta property=\"article:modified_time\" content=\"2025-07-19T14:51:45+00:00\" \/>\n<meta property=\"og:image\" content=\"https:\/\/www.rassegnastampa-totustuus.it\/cattolica\/wp-content\/uploads\/2025\/01\/Comunisti_sinistra_ebrei_sionismo.jpg\" \/>\n\t<meta property=\"og:image:width\" content=\"463\" \/>\n\t<meta property=\"og:image:height\" content=\"372\" \/>\n\t<meta property=\"og:image:type\" content=\"image\/jpeg\" \/>\n<meta name=\"author\" content=\"Redazione\" \/>\n<meta name=\"twitter:card\" content=\"summary_large_image\" \/>\n<meta name=\"twitter:creator\" content=\"@rassegnastampa9\" \/>\n<meta name=\"twitter:site\" content=\"@rassegnastampa9\" \/>\n<meta name=\"twitter:label1\" content=\"Scritto da\" \/>\n\t<meta name=\"twitter:data1\" content=\"Redazione\" \/>\n\t<meta name=\"twitter:label2\" content=\"Tempo di lettura stimato\" \/>\n\t<meta name=\"twitter:data2\" content=\"4 minuti\" \/>\n<script type=\"application\/ld+json\" class=\"yoast-schema-graph\">{\"@context\":\"https:\\\/\\\/schema.org\",\"@graph\":[{\"@type\":\"Article\",\"@id\":\"https:\\\/\\\/www.rassegnastampa-totustuus.it\\\/cattolica\\\/antisemitismo-in-fondo-a-sinistra\\\/#article\",\"isPartOf\":{\"@id\":\"https:\\\/\\\/www.rassegnastampa-totustuus.it\\\/cattolica\\\/antisemitismo-in-fondo-a-sinistra\\\/\"},\"author\":{\"name\":\"Redazione\",\"@id\":\"https:\\\/\\\/www.rassegnastampa-totustuus.it\\\/cattolica\\\/#\\\/schema\\\/person\\\/08f319d2bd1a0904ad9e2bfb7b15e5c3\"},\"headline\":\"Antisemitismo? In fondo a sinistra\",\"datePublished\":\"2025-01-28T13:42:59+00:00\",\"dateModified\":\"2025-07-19T14:51:45+00:00\",\"mainEntityOfPage\":{\"@id\":\"https:\\\/\\\/www.rassegnastampa-totustuus.it\\\/cattolica\\\/antisemitismo-in-fondo-a-sinistra\\\/\"},\"wordCount\":512,\"publisher\":{\"@id\":\"https:\\\/\\\/www.rassegnastampa-totustuus.it\\\/cattolica\\\/#organization\"},\"image\":{\"@id\":\"https:\\\/\\\/www.rassegnastampa-totustuus.it\\\/cattolica\\\/antisemitismo-in-fondo-a-sinistra\\\/#primaryimage\"},\"thumbnailUrl\":\"https:\\\/\\\/www.rassegnastampa-totustuus.it\\\/cattolica\\\/wp-content\\\/uploads\\\/2025\\\/01\\\/Comunisti_sinistra_ebrei_sionismo.jpg\",\"keywords\":[\"ebrei\",\"islam e sinistre\",\"PD\",\"Pier Paolo Pasolini\",\"sionismo\"],\"articleSection\":[\"Israele\",\"sinistre\"],\"inLanguage\":\"it-IT\"},{\"@type\":\"WebPage\",\"@id\":\"https:\\\/\\\/www.rassegnastampa-totustuus.it\\\/cattolica\\\/antisemitismo-in-fondo-a-sinistra\\\/\",\"url\":\"https:\\\/\\\/www.rassegnastampa-totustuus.it\\\/cattolica\\\/antisemitismo-in-fondo-a-sinistra\\\/\",\"name\":\"Antisemitismo? In fondo a sinistra - Rassegna Stampa Cattolica\",\"isPartOf\":{\"@id\":\"https:\\\/\\\/www.rassegnastampa-totustuus.it\\\/cattolica\\\/#website\"},\"primaryImageOfPage\":{\"@id\":\"https:\\\/\\\/www.rassegnastampa-totustuus.it\\\/cattolica\\\/antisemitismo-in-fondo-a-sinistra\\\/#primaryimage\"},\"image\":{\"@id\":\"https:\\\/\\\/www.rassegnastampa-totustuus.it\\\/cattolica\\\/antisemitismo-in-fondo-a-sinistra\\\/#primaryimage\"},\"thumbnailUrl\":\"https:\\\/\\\/www.rassegnastampa-totustuus.it\\\/cattolica\\\/wp-content\\\/uploads\\\/2025\\\/01\\\/Comunisti_sinistra_ebrei_sionismo.jpg\",\"datePublished\":\"2025-01-28T13:42:59+00:00\",\"dateModified\":\"2025-07-19T14:51:45+00:00\",\"description\":\"Antisemitismo? In fondo a sinistra. Una riflessione sull\u2019antisemitismo nella sinistra italiana incapace di risolvere le contraddizioni\",\"breadcrumb\":{\"@id\":\"https:\\\/\\\/www.rassegnastampa-totustuus.it\\\/cattolica\\\/antisemitismo-in-fondo-a-sinistra\\\/#breadcrumb\"},\"inLanguage\":\"it-IT\",\"potentialAction\":[{\"@type\":\"ReadAction\",\"target\":[\"https:\\\/\\\/www.rassegnastampa-totustuus.it\\\/cattolica\\\/antisemitismo-in-fondo-a-sinistra\\\/\"]}]},{\"@type\":\"ImageObject\",\"inLanguage\":\"it-IT\",\"@id\":\"https:\\\/\\\/www.rassegnastampa-totustuus.it\\\/cattolica\\\/antisemitismo-in-fondo-a-sinistra\\\/#primaryimage\",\"url\":\"https:\\\/\\\/www.rassegnastampa-totustuus.it\\\/cattolica\\\/wp-content\\\/uploads\\\/2025\\\/01\\\/Comunisti_sinistra_ebrei_sionismo.jpg\",\"contentUrl\":\"https:\\\/\\\/www.rassegnastampa-totustuus.it\\\/cattolica\\\/wp-content\\\/uploads\\\/2025\\\/01\\\/Comunisti_sinistra_ebrei_sionismo.jpg\",\"width\":463,\"height\":372},{\"@type\":\"BreadcrumbList\",\"@id\":\"https:\\\/\\\/www.rassegnastampa-totustuus.it\\\/cattolica\\\/antisemitismo-in-fondo-a-sinistra\\\/#breadcrumb\",\"itemListElement\":[{\"@type\":\"ListItem\",\"position\":1,\"name\":\"Home\",\"item\":\"https:\\\/\\\/www.rassegnastampa-totustuus.it\\\/cattolica\\\/\"},{\"@type\":\"ListItem\",\"position\":2,\"name\":\"Antisemitismo? In fondo a sinistra\"}]},{\"@type\":\"WebSite\",\"@id\":\"https:\\\/\\\/www.rassegnastampa-totustuus.it\\\/cattolica\\\/#website\",\"url\":\"https:\\\/\\\/www.rassegnastampa-totustuus.it\\\/cattolica\\\/\",\"name\":\"Rassegna Stampa Cattolica\",\"description\":\"Per una cultura che nasce dalla Rivelazione cristiana in conformit\u00e0 alla tradizione e al Magistero della Chiesa in opposizione ad ogni relativismo e totalitarismo\",\"publisher\":{\"@id\":\"https:\\\/\\\/www.rassegnastampa-totustuus.it\\\/cattolica\\\/#organization\"},\"alternateName\":\"Rass. Cattolica\",\"potentialAction\":[{\"@type\":\"SearchAction\",\"target\":{\"@type\":\"EntryPoint\",\"urlTemplate\":\"https:\\\/\\\/www.rassegnastampa-totustuus.it\\\/cattolica\\\/?s={search_term_string}\"},\"query-input\":{\"@type\":\"PropertyValueSpecification\",\"valueRequired\":true,\"valueName\":\"search_term_string\"}}],\"inLanguage\":\"it-IT\"},{\"@type\":\"Organization\",\"@id\":\"https:\\\/\\\/www.rassegnastampa-totustuus.it\\\/cattolica\\\/#organization\",\"name\":\"Rassegna Stampa Cattolica\",\"url\":\"https:\\\/\\\/www.rassegnastampa-totustuus.it\\\/cattolica\\\/\",\"logo\":{\"@type\":\"ImageObject\",\"inLanguage\":\"it-IT\",\"@id\":\"https:\\\/\\\/www.rassegnastampa-totustuus.it\\\/cattolica\\\/#\\\/schema\\\/logo\\\/image\\\/\",\"url\":\"https:\\\/\\\/www.rassegnastampa-totustuus.it\\\/cattolica\\\/wp-content\\\/uploads\\\/2014\\\/04\\\/logo-rassegna1.gif\",\"contentUrl\":\"https:\\\/\\\/www.rassegnastampa-totustuus.it\\\/cattolica\\\/wp-content\\\/uploads\\\/2014\\\/04\\\/logo-rassegna1.gif\",\"width\":600,\"height\":163,\"caption\":\"Rassegna Stampa Cattolica\"},\"image\":{\"@id\":\"https:\\\/\\\/www.rassegnastampa-totustuus.it\\\/cattolica\\\/#\\\/schema\\\/logo\\\/image\\\/\"},\"sameAs\":[\"https:\\\/\\\/www.facebook.com\\\/rassegnastampacattolica\",\"https:\\\/\\\/x.com\\\/rassegnastampa9\"]},{\"@type\":\"Person\",\"@id\":\"https:\\\/\\\/www.rassegnastampa-totustuus.it\\\/cattolica\\\/#\\\/schema\\\/person\\\/08f319d2bd1a0904ad9e2bfb7b15e5c3\",\"name\":\"Redazione\",\"image\":{\"@type\":\"ImageObject\",\"inLanguage\":\"it-IT\",\"@id\":\"https:\\\/\\\/secure.gravatar.com\\\/avatar\\\/2fcdf27c78ea025fbdb44e914cc63c72249ffec9dc8aafd5c82b26240ef3f346?s=96&d=mm&r=g\",\"url\":\"https:\\\/\\\/secure.gravatar.com\\\/avatar\\\/2fcdf27c78ea025fbdb44e914cc63c72249ffec9dc8aafd5c82b26240ef3f346?s=96&d=mm&r=g\",\"contentUrl\":\"https:\\\/\\\/secure.gravatar.com\\\/avatar\\\/2fcdf27c78ea025fbdb44e914cc63c72249ffec9dc8aafd5c82b26240ef3f346?s=96&d=mm&r=g\",\"caption\":\"Redazione\"},\"url\":\"https:\\\/\\\/www.rassegnastampa-totustuus.it\\\/cattolica\\\/author\\\/pietroelle\\\/\"}]}<\/script>\n<!-- \/ Yoast SEO plugin. -->","yoast_head_json":{"title":"Antisemitismo? In fondo a sinistra - Rassegna Stampa Cattolica","description":"Antisemitismo? In fondo a sinistra. Una riflessione sull\u2019antisemitismo nella sinistra italiana incapace di risolvere le contraddizioni","robots":{"index":"index","follow":"follow","max-snippet":"max-snippet:-1","max-image-preview":"max-image-preview:large","max-video-preview":"max-video-preview:-1"},"canonical":"https:\/\/www.rassegnastampa-totustuus.it\/cattolica\/antisemitismo-in-fondo-a-sinistra\/","og_locale":"it_IT","og_type":"article","og_title":"Antisemitismo? In fondo a sinistra - Rassegna Stampa Cattolica","og_description":"Antisemitismo? In fondo a sinistra. Una riflessione sull\u2019antisemitismo nella sinistra italiana incapace di risolvere le contraddizioni","og_url":"https:\/\/www.rassegnastampa-totustuus.it\/cattolica\/antisemitismo-in-fondo-a-sinistra\/","og_site_name":"Rassegna Stampa Cattolica","article_publisher":"https:\/\/www.facebook.com\/rassegnastampacattolica","article_published_time":"2025-01-28T13:42:59+00:00","article_modified_time":"2025-07-19T14:51:45+00:00","og_image":[{"width":463,"height":372,"url":"https:\/\/www.rassegnastampa-totustuus.it\/cattolica\/wp-content\/uploads\/2025\/01\/Comunisti_sinistra_ebrei_sionismo.jpg","type":"image\/jpeg"}],"author":"Redazione","twitter_card":"summary_large_image","twitter_creator":"@rassegnastampa9","twitter_site":"@rassegnastampa9","twitter_misc":{"Scritto da":"Redazione","Tempo di lettura stimato":"4 minuti"},"schema":{"@context":"https:\/\/schema.org","@graph":[{"@type":"Article","@id":"https:\/\/www.rassegnastampa-totustuus.it\/cattolica\/antisemitismo-in-fondo-a-sinistra\/#article","isPartOf":{"@id":"https:\/\/www.rassegnastampa-totustuus.it\/cattolica\/antisemitismo-in-fondo-a-sinistra\/"},"author":{"name":"Redazione","@id":"https:\/\/www.rassegnastampa-totustuus.it\/cattolica\/#\/schema\/person\/08f319d2bd1a0904ad9e2bfb7b15e5c3"},"headline":"Antisemitismo? In fondo a sinistra","datePublished":"2025-01-28T13:42:59+00:00","dateModified":"2025-07-19T14:51:45+00:00","mainEntityOfPage":{"@id":"https:\/\/www.rassegnastampa-totustuus.it\/cattolica\/antisemitismo-in-fondo-a-sinistra\/"},"wordCount":512,"publisher":{"@id":"https:\/\/www.rassegnastampa-totustuus.it\/cattolica\/#organization"},"image":{"@id":"https:\/\/www.rassegnastampa-totustuus.it\/cattolica\/antisemitismo-in-fondo-a-sinistra\/#primaryimage"},"thumbnailUrl":"https:\/\/www.rassegnastampa-totustuus.it\/cattolica\/wp-content\/uploads\/2025\/01\/Comunisti_sinistra_ebrei_sionismo.jpg","keywords":["ebrei","islam e sinistre","PD","Pier Paolo Pasolini","sionismo"],"articleSection":["Israele","sinistre"],"inLanguage":"it-IT"},{"@type":"WebPage","@id":"https:\/\/www.rassegnastampa-totustuus.it\/cattolica\/antisemitismo-in-fondo-a-sinistra\/","url":"https:\/\/www.rassegnastampa-totustuus.it\/cattolica\/antisemitismo-in-fondo-a-sinistra\/","name":"Antisemitismo? In fondo a sinistra - Rassegna Stampa Cattolica","isPartOf":{"@id":"https:\/\/www.rassegnastampa-totustuus.it\/cattolica\/#website"},"primaryImageOfPage":{"@id":"https:\/\/www.rassegnastampa-totustuus.it\/cattolica\/antisemitismo-in-fondo-a-sinistra\/#primaryimage"},"image":{"@id":"https:\/\/www.rassegnastampa-totustuus.it\/cattolica\/antisemitismo-in-fondo-a-sinistra\/#primaryimage"},"thumbnailUrl":"https:\/\/www.rassegnastampa-totustuus.it\/cattolica\/wp-content\/uploads\/2025\/01\/Comunisti_sinistra_ebrei_sionismo.jpg","datePublished":"2025-01-28T13:42:59+00:00","dateModified":"2025-07-19T14:51:45+00:00","description":"Antisemitismo? In fondo a sinistra. Una riflessione sull\u2019antisemitismo nella sinistra italiana incapace di risolvere le contraddizioni","breadcrumb":{"@id":"https:\/\/www.rassegnastampa-totustuus.it\/cattolica\/antisemitismo-in-fondo-a-sinistra\/#breadcrumb"},"inLanguage":"it-IT","potentialAction":[{"@type":"ReadAction","target":["https:\/\/www.rassegnastampa-totustuus.it\/cattolica\/antisemitismo-in-fondo-a-sinistra\/"]}]},{"@type":"ImageObject","inLanguage":"it-IT","@id":"https:\/\/www.rassegnastampa-totustuus.it\/cattolica\/antisemitismo-in-fondo-a-sinistra\/#primaryimage","url":"https:\/\/www.rassegnastampa-totustuus.it\/cattolica\/wp-content\/uploads\/2025\/01\/Comunisti_sinistra_ebrei_sionismo.jpg","contentUrl":"https:\/\/www.rassegnastampa-totustuus.it\/cattolica\/wp-content\/uploads\/2025\/01\/Comunisti_sinistra_ebrei_sionismo.jpg","width":463,"height":372},{"@type":"BreadcrumbList","@id":"https:\/\/www.rassegnastampa-totustuus.it\/cattolica\/antisemitismo-in-fondo-a-sinistra\/#breadcrumb","itemListElement":[{"@type":"ListItem","position":1,"name":"Home","item":"https:\/\/www.rassegnastampa-totustuus.it\/cattolica\/"},{"@type":"ListItem","position":2,"name":"Antisemitismo? In fondo a sinistra"}]},{"@type":"WebSite","@id":"https:\/\/www.rassegnastampa-totustuus.it\/cattolica\/#website","url":"https:\/\/www.rassegnastampa-totustuus.it\/cattolica\/","name":"Rassegna Stampa Cattolica","description":"Per una cultura che nasce dalla Rivelazione cristiana in conformit\u00e0 alla tradizione e al Magistero della Chiesa in opposizione ad ogni relativismo e totalitarismo","publisher":{"@id":"https:\/\/www.rassegnastampa-totustuus.it\/cattolica\/#organization"},"alternateName":"Rass. Cattolica","potentialAction":[{"@type":"SearchAction","target":{"@type":"EntryPoint","urlTemplate":"https:\/\/www.rassegnastampa-totustuus.it\/cattolica\/?s={search_term_string}"},"query-input":{"@type":"PropertyValueSpecification","valueRequired":true,"valueName":"search_term_string"}}],"inLanguage":"it-IT"},{"@type":"Organization","@id":"https:\/\/www.rassegnastampa-totustuus.it\/cattolica\/#organization","name":"Rassegna Stampa Cattolica","url":"https:\/\/www.rassegnastampa-totustuus.it\/cattolica\/","logo":{"@type":"ImageObject","inLanguage":"it-IT","@id":"https:\/\/www.rassegnastampa-totustuus.it\/cattolica\/#\/schema\/logo\/image\/","url":"https:\/\/www.rassegnastampa-totustuus.it\/cattolica\/wp-content\/uploads\/2014\/04\/logo-rassegna1.gif","contentUrl":"https:\/\/www.rassegnastampa-totustuus.it\/cattolica\/wp-content\/uploads\/2014\/04\/logo-rassegna1.gif","width":600,"height":163,"caption":"Rassegna Stampa Cattolica"},"image":{"@id":"https:\/\/www.rassegnastampa-totustuus.it\/cattolica\/#\/schema\/logo\/image\/"},"sameAs":["https:\/\/www.facebook.com\/rassegnastampacattolica","https:\/\/x.com\/rassegnastampa9"]},{"@type":"Person","@id":"https:\/\/www.rassegnastampa-totustuus.it\/cattolica\/#\/schema\/person\/08f319d2bd1a0904ad9e2bfb7b15e5c3","name":"Redazione","image":{"@type":"ImageObject","inLanguage":"it-IT","@id":"https:\/\/secure.gravatar.com\/avatar\/2fcdf27c78ea025fbdb44e914cc63c72249ffec9dc8aafd5c82b26240ef3f346?s=96&d=mm&r=g","url":"https:\/\/secure.gravatar.com\/avatar\/2fcdf27c78ea025fbdb44e914cc63c72249ffec9dc8aafd5c82b26240ef3f346?s=96&d=mm&r=g","contentUrl":"https:\/\/secure.gravatar.com\/avatar\/2fcdf27c78ea025fbdb44e914cc63c72249ffec9dc8aafd5c82b26240ef3f346?s=96&d=mm&r=g","caption":"Redazione"},"url":"https:\/\/www.rassegnastampa-totustuus.it\/cattolica\/author\/pietroelle\/"}]}},"_links":{"self":[{"href":"https:\/\/www.rassegnastampa-totustuus.it\/cattolica\/wp-json\/wp\/v2\/posts\/62021","targetHints":{"allow":["GET"]}}],"collection":[{"href":"https:\/\/www.rassegnastampa-totustuus.it\/cattolica\/wp-json\/wp\/v2\/posts"}],"about":[{"href":"https:\/\/www.rassegnastampa-totustuus.it\/cattolica\/wp-json\/wp\/v2\/types\/post"}],"author":[{"embeddable":true,"href":"https:\/\/www.rassegnastampa-totustuus.it\/cattolica\/wp-json\/wp\/v2\/users\/6"}],"replies":[{"embeddable":true,"href":"https:\/\/www.rassegnastampa-totustuus.it\/cattolica\/wp-json\/wp\/v2\/comments?post=62021"}],"version-history":[{"count":1,"href":"https:\/\/www.rassegnastampa-totustuus.it\/cattolica\/wp-json\/wp\/v2\/posts\/62021\/revisions"}],"predecessor-version":[{"id":62023,"href":"https:\/\/www.rassegnastampa-totustuus.it\/cattolica\/wp-json\/wp\/v2\/posts\/62021\/revisions\/62023"}],"wp:featuredmedia":[{"embeddable":true,"href":"https:\/\/www.rassegnastampa-totustuus.it\/cattolica\/wp-json\/wp\/v2\/media\/62022"}],"wp:attachment":[{"href":"https:\/\/www.rassegnastampa-totustuus.it\/cattolica\/wp-json\/wp\/v2\/media?parent=62021"}],"wp:term":[{"taxonomy":"category","embeddable":true,"href":"https:\/\/www.rassegnastampa-totustuus.it\/cattolica\/wp-json\/wp\/v2\/categories?post=62021"},{"taxonomy":"post_tag","embeddable":true,"href":"https:\/\/www.rassegnastampa-totustuus.it\/cattolica\/wp-json\/wp\/v2\/tags?post=62021"}],"curies":[{"name":"wp","href":"https:\/\/api.w.org\/{rel}","templated":true}]}}