{"id":62017,"date":"2025-01-27T19:33:58","date_gmt":"2025-01-27T18:33:58","guid":{"rendered":"https:\/\/www.rassegnastampa-totustuus.it\/cattolica\/?p=62017"},"modified":"2025-01-27T19:37:43","modified_gmt":"2025-01-27T18:37:43","slug":"limpulso-suicida-delleuropa","status":"publish","type":"post","link":"https:\/\/www.rassegnastampa-totustuus.it\/cattolica\/limpulso-suicida-delleuropa\/","title":{"rendered":"L\u2019impulso suicida dell\u2019Europa"},"content":{"rendered":"\n<p class=\"has-text-align-center\"><strong><a href=\"https:\/\/vanthuanobservatory.com\/\" target=\"_blank\" rel=\"noreferrer noopener\">Osservatorio Internazionale Cardinale Van Thu\u00e2n<\/a><\/strong> 10 Gennaio 2025<\/p>\n\n\n\n<h2 class=\"wp-block-heading has-text-align-center\">L\u2019impulso suicida dell\u2019Europa e la guerra in Ucraina. La sconfitta dell\u2019Occidente di Emmanuel Todd<\/h2>\n\n\n\n<p class=\"has-text-align-center\">di <strong>Stefano Fontana<\/strong><\/p>\n\n\n<div class=\"wp-block-image\">\n<figure class=\"aligncenter size-full is-resized\"><a href=\"https:\/\/www.rassegnastampa-totustuus.it\/cattolica\/wp-content\/uploads\/2025\/01\/Europa_crisi_suicidio.jpg\"><img loading=\"lazy\" decoding=\"async\" width=\"500\" height=\"262\" src=\"https:\/\/www.rassegnastampa-totustuus.it\/cattolica\/wp-content\/uploads\/2025\/01\/Europa_crisi_suicidio.jpg\" alt=\"\" class=\"wp-image-62018\" style=\"width:550px;height:auto\"\/><\/a><\/figure><\/div>\n\n\n<p>Ci siamo gi\u00e0 occupati [vedi <a href=\"https:\/\/vanthuanobservatory.com\/2024\/11\/29\/emmanuel-todd-la-religione-e-la-sconfitta-delloccidente\/\" target=\"_blank\" rel=\"noreferrer noopener\">QUI<\/a>] del libro di Emmanuel Todd <em>La sconfitta dell\u2019Occidente<\/em> (Fazi Editore, Roma 2024), ora presentiamo qualche altro aspetto interessante del volume. Approfitto, qui all\u2019inizio della recensione, per ricordare che sull\u2019argomento della guerra in Ucraina da cui Todd prende le mosse per questo suo libro, abbiamo pubblicato diversi autorevoli interventi: <a href=\"https:\/\/vanthuanobservatory.com\/2022\/04\/29\/la-guerra-sistemica-in-ucraina-intervista-a-gianfranco-battisti\/\" target=\"_blank\" rel=\"noreferrer noopener\">QUI<\/a> (Gianfranco battisti), <a href=\"https:\/\/vanthuanobservatory.com\/2022\/05\/04\/russia-ucraina-e-guerra-giusta-una-nota-di-d-castellano\/\" target=\"_blank\" rel=\"noreferrer noopener\">QUI<\/a> (Danilo Castellano), <a href=\"https:\/\/vanthuanobservatory.com\/2022\/04\/20\/sul-significato-di-occidente-prendendo-spunto-dalla-crisi-ucraina\/\" target=\"_blank\" rel=\"noreferrer noopener\">QUI<\/a> (una Nota dell\u2019Osservatorio), <a href=\"https:\/\/vanthuanobservatory.com\/2022\/02\/28\/di-giovanni-lazzaretti-collegio-degli-autori-dellosservatorio-di-giovanni-lazzaretti\/\" target=\"_blank\" rel=\"noreferrer noopener\">QUI<\/a> (Giovanni Lazzaretti), <a href=\"https:\/\/vanthuanobservatory.com\/2024\/09\/10\/nella-russia-in-guerra-si-invoca-laiuto-di-dio\/\" target=\"_blank\" rel=\"noreferrer noopener\">QUI<\/a> (Gianfranco Battisti), <a href=\"https:\/\/vanthuanobservatory.com\/2024\/10\/10\/guerra-giusta-un-primo-approccio-al-tema\/\" target=\"_blank\" rel=\"noreferrer noopener\">QUI<\/a> (Giovanni Lazzaretti), <a href=\"https:\/\/vanthuanobservatory.com\/2022\/03\/18\/cosa-intendiamo-per-occidente\/\">QU<\/a><a href=\"https:\/\/vanthuanobservatory.com\/2022\/03\/18\/cosa-intendiamo-per-occidente\/\" target=\"_blank\" rel=\"noreferrer noopener\">I<\/a> (Stefano Fontana).<\/p>\n\n\n\n<!--more-->\n\n\n\n<p>Per capire la guerra in Ucraina l\u2019autore illustra dapprima la sorpresa costituita dalla stabilit\u00e0 russa. Si era pensato di risolvere il problema russo escludendo quella nazione dal sistema SWIFT, ma Mosca ha dimostrato di avere una stabilit\u00e0 interna molto solida. Mentre gli USA sono al 27mo posto nella graduatoria mondiale sulla corruzione, la Russia \u00e8 al 136mo e con un tasso di mortalit\u00e0 infantile inferiore a quello degli Stati Uniti. <\/p>\n\n\n\n<p>La Russia \u00e8 il primo esportatore mondiale di centrali nucleari, ha pi\u00f9 ingegneri degli Stati Uniti, ha una societ\u00e0 stabilizzata e un\u2019economia che funziona. Le sanzioni sono state trasformate in una opportunit\u00e0, investendo per produrre in proprio i beni sanzionati. <\/p>\n\n\n\n<p>Mentre l\u2019Occidente dipinge Puntin come uno Zar o come Stalin, la Russia \u00e8 una \u201cdemocrazia autoritaria\u201d, certamente non liberale ma con alcuni elementi interessanti come l\u2019attaccamento all\u2019economia di mercato e il rispetto pieno della libert\u00e0 di movimento, compresa la libert\u00e0 di uscire dal Paese mantenuta anche durante la guerra.<\/p>\n\n\n<div class=\"wp-block-image\">\n<figure class=\"aligncenter size-full is-resized\"><a href=\"https:\/\/www.rassegnastampa-totustuus.it\/cattolica\/wp-content\/uploads\/2022\/03\/ucraina_europa.jpg\"><img loading=\"lazy\" decoding=\"async\" width=\"306\" height=\"188\" src=\"https:\/\/www.rassegnastampa-totustuus.it\/cattolica\/wp-content\/uploads\/2022\/03\/ucraina_europa.jpg\" alt=\"\" class=\"wp-image-53631\" style=\"width:433px;height:auto\" srcset=\"https:\/\/www.rassegnastampa-totustuus.it\/cattolica\/wp-content\/uploads\/2022\/03\/ucraina_europa.jpg 306w, https:\/\/www.rassegnastampa-totustuus.it\/cattolica\/wp-content\/uploads\/2022\/03\/ucraina_europa-300x184.jpg 300w\" sizes=\"auto, (max-width: 306px) 100vw, 306px\" \/><\/a><\/figure><\/div>\n\n\n<p>La visione della Russia come una autocrazia e dell\u2019Occidente come la democrazia non regge. Qui da noi, secondo Todd, siamo in una situazione di \u201cpost-democrazia\u201d e la nostra democrazia liberale \u00e8 in fase terminale. L\u2019idea di uguaglianza \u00e8 finita ed emergono l\u2019elitismo e il populismo. Il primo accusa la deriva dei popoli verso le destre xenofobe, il secondo accusa le \u00e9lite di voler sprofondare in un globalismo totale. <\/p>\n\n\n\n<p>In questo conflitto sparisce la classe media, che \u00e8 centrale per la democrazia liberale. Se quella russa \u00e8 una \u201cdemocrazia autoritaria\u201d, quella occidentale \u00e8 una \u201coligarchia liberale\u201d per cui non si pu\u00f2 dire che la guerra in Ucraina sia tra la democrazia occidentale e l\u2019autocrazia russa. Formalmente i Paesi occidentali sono democratici, ma \u00e8 venuto a mancare il costume democratico con il fenomeno della atomizzazione sociale.<\/p>\n\n\n\n<p>Come abbiamo gi\u00e0 osservato nella precedente Nota sopra ricordata, Todd adopera la religione come criterio di valutazione dell\u2019Occidente, distinguendo tra una religione attiva, una religione zombi e una religione zero. Nella prima condizione la religione svolge un ruolo attivo nella societ\u00e0; nella seconda la religione si \u00e8 molto secolarizzata e indebolita ma i genitori battezzano ancor ai figli, ci si sposa e si tumulano i defunti. <\/p>\n\n\n\n<p>I segni che si \u00e8 arrivati alla religione zero sono questi ma al contrario: basta battesimi, accettazione del matrimonio omosessuale, cremazione generalizzata dei defunti. In occidente siamo al \u201cvuoto religioso assoluto\u201d (p. 161) e anche le \u201ccredenze sostitutive\u201d sono state abbandonate. La conseguenza \u00e8 che questo stato zero della religione ha \u201cspazzato via il sentimento nazionale, l\u2019etica del lavoro, il concetto di una morale sociale vincolante, la capacit\u00e0 di sacrificarsi per la comunit\u00e0\u201d, il che secondo Todd rende fragile l\u2019Occidente in guerra. Il nichilismo \u00e8 onnipresente in Occidente e noi viviamo come \u201cuna moltitudine di nani mimetici\u201d (p. 165).<\/p>\n\n\n\n<p>Diversi capitoli del libro sono dedicati al \u201csuicidio dell\u2019Europa\u201d. La guerra in Ucraina \u00e8 stato un potente segno di questo suicidio: \u201c\u2026 sappiamo ormai che la Russia non verr\u00e0 sconfitta. Perch\u00e9 allora accanirsi in una guerra infinita?\u201d; \u201cper quale motivo, in assenza di qualsiasi minaccia militare, gli europei, e in particolare il gruppo dei sei paesi originari, si sono impegnati in un conflitto cos\u00ec contrario ai loro interessi e il cui intento ufficiale \u00e8 moralmente dubbio?\u201d (p. 172). <\/p>\n\n\n\n<p>Si sapeva che la guerra avrebbe aumentato i tassi di inflazione, l\u2019interruzione delle relazioni economiche con la Russia, un gravissimo aumento della dipendenza energetica. Secondo Todd la colpa non \u00e8 tutta degli Stati Uniti ma della morte del progetto europeo del senso di vuoto che colpisce le nostre \u00e9lite e classi medie. L\u2019Unione \u00e8 \u201cun sistema pesante e complesso, ingestibile e letteralmente irreparabile\u201d (p. 174), \u00e8 una \u201cmacchina disfunzionale\u201d. <\/p>\n\n\n\n<p>L\u2019abdicazione al potere del gigante tedesco e la rinuncia alla libert\u00e0 da parte delle \u00e9lite europee nel loro complesso stanno a dimostrare \u2013 secondo Todd\u00a0 \u2013 da dove \u00e8 partito l\u2019\u201dimpulso suicida\u201d.<\/p>\n\n\n<div class=\"wp-block-image\">\n<figure class=\"aligncenter size-full is-resized\"><a href=\"https:\/\/www.rassegnastampa-totustuus.it\/cattolica\/wp-content\/uploads\/2020\/04\/Europa.jpeg\"><img loading=\"lazy\" decoding=\"async\" width=\"303\" height=\"166\" src=\"https:\/\/www.rassegnastampa-totustuus.it\/cattolica\/wp-content\/uploads\/2020\/04\/Europa.jpeg\" alt=\"\" class=\"wp-image-46823\" style=\"width:475px;height:auto\" srcset=\"https:\/\/www.rassegnastampa-totustuus.it\/cattolica\/wp-content\/uploads\/2020\/04\/Europa.jpeg 303w, https:\/\/www.rassegnastampa-totustuus.it\/cattolica\/wp-content\/uploads\/2020\/04\/Europa-300x164.jpeg 300w\" sizes=\"auto, (max-width: 303px) 100vw, 303px\" \/><\/a><\/figure><\/div>\n\n\n<p>Con ci\u00f2 Todd non intende minimizzare la dipendenza europea dagli Stati Uniti, infatti \u201cresta da comprendere per quale motivo, all\u2019inizio della guerra in Ucraina, tutti i leader europei, ad eccezione di Viktor Orban, abbiano obbedito a Washington\u201d (p. 186). <\/p>\n\n\n\n<p>La risposta \u00e8 che a seguito dell\u2019azzeramento religioso ed ideologico nessuno possedeva pi\u00f9 un\u2019autonomia di pensiero o di azione. Interessanti le osservazioni sui meccanismi di controllo finanziario ma non solo in mano al governo americano. La NSA sa tutto su ognuno di noi europei, essa \u00e8 pi\u00f9 interessata a spirare gli amici che non i nemici. Todd non usa mezzi termini: \u201cL\u2019Europa occidentale \u00e8 una seconda America latina\u201d (p. 194). <\/p>\n\n\n\n<p>Questa dipendenza \u00e8 mantenuta in vita nonostante l\u2019indebolimento degli USA, ed \u00e8 espressione della disintegrazione economica ma anche religiosa e sociale di Inghilterra, Germania e Scandinavia. Interessanti le analisi di Norvegia (autrice del boicottaggio all\u2019oleodotto del Baltico), Danimarca, che Todd definisce \u201cpedina dell\u2019America\u201d, e Svezia.<\/p>\n\n\n\n<p>Il libro si conclude con un breve capitolo dal titolo \u201cCome gli Stati Uniti sono caduti nella trappola ucraina (1990-2022)\u201d. Interessanti in particolare le pagine sul primo mandato Trump e poi sull\u2019accelerazione degli eventi con Biden. Poich\u00e9 a breve Trump sar\u00e0 operativo come presidente degli USA, sar\u00e0 interessante verificare se la sua linea di allora anche riguardo all\u2019Ucraina e che Todd definisce \u201cincoerente\u201d verr\u00e0 ripresa o rivoluzionata.<\/p>\n","protected":false},"excerpt":{"rendered":"<p>La guerra in Ucraina ha mostrato tutta la debolezza dell&#8217;Europa e dello stesso Occidente <\/p>\n","protected":false},"author":6,"featured_media":62018,"comment_status":"closed","ping_status":"closed","sticky":false,"template":"","format":"standard","meta":{"footnotes":""},"categories":[17,19],"tags":[2837,166,2409,147],"class_list":["post-62017","post","type-post","status-publish","format-standard","has-post-thumbnail","hentry","category-libri","category-politica-internazionale","tag-crisi-delloccidente","tag-europa","tag-russia","tag-ucraina","item-wrap"],"yoast_head":"<!-- This site is optimized with the Yoast SEO plugin v27.5 - https:\/\/yoast.com\/product\/yoast-seo-wordpress\/ -->\n<title>L\u2019impulso suicida dell\u2019Europa - Rassegna Stampa Cattolica<\/title>\n<meta name=\"description\" content=\"L\u2019impulso suicida dell\u2019Europa la crisi dell&#039;Occidente e degli Stati Uniti analizzati nel libro di Emmanuel Todd\" \/>\n<meta name=\"robots\" content=\"index, follow, max-snippet:-1, max-image-preview:large, max-video-preview:-1\" \/>\n<link rel=\"canonical\" href=\"https:\/\/www.rassegnastampa-totustuus.it\/cattolica\/limpulso-suicida-delleuropa\/\" \/>\n<meta property=\"og:locale\" content=\"it_IT\" \/>\n<meta property=\"og:type\" content=\"article\" \/>\n<meta property=\"og:title\" content=\"L\u2019impulso suicida dell\u2019Europa - Rassegna Stampa Cattolica\" \/>\n<meta property=\"og:description\" content=\"L\u2019impulso suicida dell\u2019Europa la crisi dell&#039;Occidente e degli Stati Uniti analizzati nel libro di Emmanuel Todd\" \/>\n<meta property=\"og:url\" content=\"https:\/\/www.rassegnastampa-totustuus.it\/cattolica\/limpulso-suicida-delleuropa\/\" \/>\n<meta property=\"og:site_name\" content=\"Rassegna Stampa Cattolica\" \/>\n<meta property=\"article:publisher\" content=\"https:\/\/www.facebook.com\/rassegnastampacattolica\" \/>\n<meta property=\"article:published_time\" content=\"2025-01-27T18:33:58+00:00\" \/>\n<meta property=\"article:modified_time\" content=\"2025-01-27T18:37:43+00:00\" \/>\n<meta property=\"og:image\" content=\"https:\/\/www.rassegnastampa-totustuus.it\/cattolica\/wp-content\/uploads\/2025\/01\/Europa_crisi_suicidio.jpg\" \/>\n\t<meta property=\"og:image:width\" content=\"500\" \/>\n\t<meta property=\"og:image:height\" content=\"262\" \/>\n\t<meta property=\"og:image:type\" content=\"image\/jpeg\" \/>\n<meta name=\"author\" content=\"Redazione\" \/>\n<meta name=\"twitter:card\" content=\"summary_large_image\" \/>\n<meta name=\"twitter:creator\" content=\"@rassegnastampa9\" \/>\n<meta name=\"twitter:site\" content=\"@rassegnastampa9\" \/>\n<meta name=\"twitter:label1\" content=\"Scritto da\" \/>\n\t<meta name=\"twitter:data1\" content=\"Redazione\" \/>\n\t<meta name=\"twitter:label2\" content=\"Tempo di lettura stimato\" \/>\n\t<meta name=\"twitter:data2\" content=\"6 minuti\" \/>\n<script type=\"application\/ld+json\" class=\"yoast-schema-graph\">{\"@context\":\"https:\\\/\\\/schema.org\",\"@graph\":[{\"@type\":\"Article\",\"@id\":\"https:\\\/\\\/www.rassegnastampa-totustuus.it\\\/cattolica\\\/limpulso-suicida-delleuropa\\\/#article\",\"isPartOf\":{\"@id\":\"https:\\\/\\\/www.rassegnastampa-totustuus.it\\\/cattolica\\\/limpulso-suicida-delleuropa\\\/\"},\"author\":{\"name\":\"Redazione\",\"@id\":\"https:\\\/\\\/www.rassegnastampa-totustuus.it\\\/cattolica\\\/#\\\/schema\\\/person\\\/08f319d2bd1a0904ad9e2bfb7b15e5c3\"},\"headline\":\"L\u2019impulso suicida dell\u2019Europa\",\"datePublished\":\"2025-01-27T18:33:58+00:00\",\"dateModified\":\"2025-01-27T18:37:43+00:00\",\"mainEntityOfPage\":{\"@id\":\"https:\\\/\\\/www.rassegnastampa-totustuus.it\\\/cattolica\\\/limpulso-suicida-delleuropa\\\/\"},\"wordCount\":963,\"publisher\":{\"@id\":\"https:\\\/\\\/www.rassegnastampa-totustuus.it\\\/cattolica\\\/#organization\"},\"image\":{\"@id\":\"https:\\\/\\\/www.rassegnastampa-totustuus.it\\\/cattolica\\\/limpulso-suicida-delleuropa\\\/#primaryimage\"},\"thumbnailUrl\":\"https:\\\/\\\/www.rassegnastampa-totustuus.it\\\/cattolica\\\/wp-content\\\/uploads\\\/2025\\\/01\\\/Europa_crisi_suicidio.jpg\",\"keywords\":[\"crisi dell&#039;Occidente\",\"Europa\",\"Russia\",\"Ucraina\"],\"articleSection\":[\"Libri\",\"Politica internazionale\"],\"inLanguage\":\"it-IT\"},{\"@type\":\"WebPage\",\"@id\":\"https:\\\/\\\/www.rassegnastampa-totustuus.it\\\/cattolica\\\/limpulso-suicida-delleuropa\\\/\",\"url\":\"https:\\\/\\\/www.rassegnastampa-totustuus.it\\\/cattolica\\\/limpulso-suicida-delleuropa\\\/\",\"name\":\"L\u2019impulso suicida dell\u2019Europa - Rassegna Stampa Cattolica\",\"isPartOf\":{\"@id\":\"https:\\\/\\\/www.rassegnastampa-totustuus.it\\\/cattolica\\\/#website\"},\"primaryImageOfPage\":{\"@id\":\"https:\\\/\\\/www.rassegnastampa-totustuus.it\\\/cattolica\\\/limpulso-suicida-delleuropa\\\/#primaryimage\"},\"image\":{\"@id\":\"https:\\\/\\\/www.rassegnastampa-totustuus.it\\\/cattolica\\\/limpulso-suicida-delleuropa\\\/#primaryimage\"},\"thumbnailUrl\":\"https:\\\/\\\/www.rassegnastampa-totustuus.it\\\/cattolica\\\/wp-content\\\/uploads\\\/2025\\\/01\\\/Europa_crisi_suicidio.jpg\",\"datePublished\":\"2025-01-27T18:33:58+00:00\",\"dateModified\":\"2025-01-27T18:37:43+00:00\",\"description\":\"L\u2019impulso suicida dell\u2019Europa la crisi dell'Occidente e degli Stati Uniti analizzati nel libro di Emmanuel Todd\",\"breadcrumb\":{\"@id\":\"https:\\\/\\\/www.rassegnastampa-totustuus.it\\\/cattolica\\\/limpulso-suicida-delleuropa\\\/#breadcrumb\"},\"inLanguage\":\"it-IT\",\"potentialAction\":[{\"@type\":\"ReadAction\",\"target\":[\"https:\\\/\\\/www.rassegnastampa-totustuus.it\\\/cattolica\\\/limpulso-suicida-delleuropa\\\/\"]}]},{\"@type\":\"ImageObject\",\"inLanguage\":\"it-IT\",\"@id\":\"https:\\\/\\\/www.rassegnastampa-totustuus.it\\\/cattolica\\\/limpulso-suicida-delleuropa\\\/#primaryimage\",\"url\":\"https:\\\/\\\/www.rassegnastampa-totustuus.it\\\/cattolica\\\/wp-content\\\/uploads\\\/2025\\\/01\\\/Europa_crisi_suicidio.jpg\",\"contentUrl\":\"https:\\\/\\\/www.rassegnastampa-totustuus.it\\\/cattolica\\\/wp-content\\\/uploads\\\/2025\\\/01\\\/Europa_crisi_suicidio.jpg\",\"width\":500,\"height\":262},{\"@type\":\"BreadcrumbList\",\"@id\":\"https:\\\/\\\/www.rassegnastampa-totustuus.it\\\/cattolica\\\/limpulso-suicida-delleuropa\\\/#breadcrumb\",\"itemListElement\":[{\"@type\":\"ListItem\",\"position\":1,\"name\":\"Home\",\"item\":\"https:\\\/\\\/www.rassegnastampa-totustuus.it\\\/cattolica\\\/\"},{\"@type\":\"ListItem\",\"position\":2,\"name\":\"L\u2019impulso suicida dell\u2019Europa\"}]},{\"@type\":\"WebSite\",\"@id\":\"https:\\\/\\\/www.rassegnastampa-totustuus.it\\\/cattolica\\\/#website\",\"url\":\"https:\\\/\\\/www.rassegnastampa-totustuus.it\\\/cattolica\\\/\",\"name\":\"Rassegna Stampa Cattolica\",\"description\":\"Per una cultura che nasce dalla Rivelazione cristiana in conformit\u00e0 alla tradizione e al Magistero della Chiesa in opposizione ad ogni relativismo e totalitarismo\",\"publisher\":{\"@id\":\"https:\\\/\\\/www.rassegnastampa-totustuus.it\\\/cattolica\\\/#organization\"},\"alternateName\":\"Rass. Cattolica\",\"potentialAction\":[{\"@type\":\"SearchAction\",\"target\":{\"@type\":\"EntryPoint\",\"urlTemplate\":\"https:\\\/\\\/www.rassegnastampa-totustuus.it\\\/cattolica\\\/?s={search_term_string}\"},\"query-input\":{\"@type\":\"PropertyValueSpecification\",\"valueRequired\":true,\"valueName\":\"search_term_string\"}}],\"inLanguage\":\"it-IT\"},{\"@type\":\"Organization\",\"@id\":\"https:\\\/\\\/www.rassegnastampa-totustuus.it\\\/cattolica\\\/#organization\",\"name\":\"Rassegna Stampa Cattolica\",\"url\":\"https:\\\/\\\/www.rassegnastampa-totustuus.it\\\/cattolica\\\/\",\"logo\":{\"@type\":\"ImageObject\",\"inLanguage\":\"it-IT\",\"@id\":\"https:\\\/\\\/www.rassegnastampa-totustuus.it\\\/cattolica\\\/#\\\/schema\\\/logo\\\/image\\\/\",\"url\":\"https:\\\/\\\/www.rassegnastampa-totustuus.it\\\/cattolica\\\/wp-content\\\/uploads\\\/2014\\\/04\\\/logo-rassegna1.gif\",\"contentUrl\":\"https:\\\/\\\/www.rassegnastampa-totustuus.it\\\/cattolica\\\/wp-content\\\/uploads\\\/2014\\\/04\\\/logo-rassegna1.gif\",\"width\":600,\"height\":163,\"caption\":\"Rassegna Stampa Cattolica\"},\"image\":{\"@id\":\"https:\\\/\\\/www.rassegnastampa-totustuus.it\\\/cattolica\\\/#\\\/schema\\\/logo\\\/image\\\/\"},\"sameAs\":[\"https:\\\/\\\/www.facebook.com\\\/rassegnastampacattolica\",\"https:\\\/\\\/x.com\\\/rassegnastampa9\"]},{\"@type\":\"Person\",\"@id\":\"https:\\\/\\\/www.rassegnastampa-totustuus.it\\\/cattolica\\\/#\\\/schema\\\/person\\\/08f319d2bd1a0904ad9e2bfb7b15e5c3\",\"name\":\"Redazione\",\"image\":{\"@type\":\"ImageObject\",\"inLanguage\":\"it-IT\",\"@id\":\"https:\\\/\\\/secure.gravatar.com\\\/avatar\\\/2fcdf27c78ea025fbdb44e914cc63c72249ffec9dc8aafd5c82b26240ef3f346?s=96&d=mm&r=g\",\"url\":\"https:\\\/\\\/secure.gravatar.com\\\/avatar\\\/2fcdf27c78ea025fbdb44e914cc63c72249ffec9dc8aafd5c82b26240ef3f346?s=96&d=mm&r=g\",\"contentUrl\":\"https:\\\/\\\/secure.gravatar.com\\\/avatar\\\/2fcdf27c78ea025fbdb44e914cc63c72249ffec9dc8aafd5c82b26240ef3f346?s=96&d=mm&r=g\",\"caption\":\"Redazione\"},\"url\":\"https:\\\/\\\/www.rassegnastampa-totustuus.it\\\/cattolica\\\/author\\\/pietroelle\\\/\"}]}<\/script>\n<!-- \/ Yoast SEO plugin. -->","yoast_head_json":{"title":"L\u2019impulso suicida dell\u2019Europa - Rassegna Stampa Cattolica","description":"L\u2019impulso suicida dell\u2019Europa la crisi dell'Occidente e degli Stati Uniti analizzati nel libro di Emmanuel Todd","robots":{"index":"index","follow":"follow","max-snippet":"max-snippet:-1","max-image-preview":"max-image-preview:large","max-video-preview":"max-video-preview:-1"},"canonical":"https:\/\/www.rassegnastampa-totustuus.it\/cattolica\/limpulso-suicida-delleuropa\/","og_locale":"it_IT","og_type":"article","og_title":"L\u2019impulso suicida dell\u2019Europa - Rassegna Stampa Cattolica","og_description":"L\u2019impulso suicida dell\u2019Europa la crisi dell'Occidente e degli Stati Uniti analizzati nel libro di Emmanuel Todd","og_url":"https:\/\/www.rassegnastampa-totustuus.it\/cattolica\/limpulso-suicida-delleuropa\/","og_site_name":"Rassegna Stampa Cattolica","article_publisher":"https:\/\/www.facebook.com\/rassegnastampacattolica","article_published_time":"2025-01-27T18:33:58+00:00","article_modified_time":"2025-01-27T18:37:43+00:00","og_image":[{"width":500,"height":262,"url":"https:\/\/www.rassegnastampa-totustuus.it\/cattolica\/wp-content\/uploads\/2025\/01\/Europa_crisi_suicidio.jpg","type":"image\/jpeg"}],"author":"Redazione","twitter_card":"summary_large_image","twitter_creator":"@rassegnastampa9","twitter_site":"@rassegnastampa9","twitter_misc":{"Scritto da":"Redazione","Tempo di lettura stimato":"6 minuti"},"schema":{"@context":"https:\/\/schema.org","@graph":[{"@type":"Article","@id":"https:\/\/www.rassegnastampa-totustuus.it\/cattolica\/limpulso-suicida-delleuropa\/#article","isPartOf":{"@id":"https:\/\/www.rassegnastampa-totustuus.it\/cattolica\/limpulso-suicida-delleuropa\/"},"author":{"name":"Redazione","@id":"https:\/\/www.rassegnastampa-totustuus.it\/cattolica\/#\/schema\/person\/08f319d2bd1a0904ad9e2bfb7b15e5c3"},"headline":"L\u2019impulso suicida dell\u2019Europa","datePublished":"2025-01-27T18:33:58+00:00","dateModified":"2025-01-27T18:37:43+00:00","mainEntityOfPage":{"@id":"https:\/\/www.rassegnastampa-totustuus.it\/cattolica\/limpulso-suicida-delleuropa\/"},"wordCount":963,"publisher":{"@id":"https:\/\/www.rassegnastampa-totustuus.it\/cattolica\/#organization"},"image":{"@id":"https:\/\/www.rassegnastampa-totustuus.it\/cattolica\/limpulso-suicida-delleuropa\/#primaryimage"},"thumbnailUrl":"https:\/\/www.rassegnastampa-totustuus.it\/cattolica\/wp-content\/uploads\/2025\/01\/Europa_crisi_suicidio.jpg","keywords":["crisi dell&#039;Occidente","Europa","Russia","Ucraina"],"articleSection":["Libri","Politica internazionale"],"inLanguage":"it-IT"},{"@type":"WebPage","@id":"https:\/\/www.rassegnastampa-totustuus.it\/cattolica\/limpulso-suicida-delleuropa\/","url":"https:\/\/www.rassegnastampa-totustuus.it\/cattolica\/limpulso-suicida-delleuropa\/","name":"L\u2019impulso suicida dell\u2019Europa - Rassegna Stampa Cattolica","isPartOf":{"@id":"https:\/\/www.rassegnastampa-totustuus.it\/cattolica\/#website"},"primaryImageOfPage":{"@id":"https:\/\/www.rassegnastampa-totustuus.it\/cattolica\/limpulso-suicida-delleuropa\/#primaryimage"},"image":{"@id":"https:\/\/www.rassegnastampa-totustuus.it\/cattolica\/limpulso-suicida-delleuropa\/#primaryimage"},"thumbnailUrl":"https:\/\/www.rassegnastampa-totustuus.it\/cattolica\/wp-content\/uploads\/2025\/01\/Europa_crisi_suicidio.jpg","datePublished":"2025-01-27T18:33:58+00:00","dateModified":"2025-01-27T18:37:43+00:00","description":"L\u2019impulso suicida dell\u2019Europa la crisi dell'Occidente e degli Stati Uniti analizzati nel libro di Emmanuel Todd","breadcrumb":{"@id":"https:\/\/www.rassegnastampa-totustuus.it\/cattolica\/limpulso-suicida-delleuropa\/#breadcrumb"},"inLanguage":"it-IT","potentialAction":[{"@type":"ReadAction","target":["https:\/\/www.rassegnastampa-totustuus.it\/cattolica\/limpulso-suicida-delleuropa\/"]}]},{"@type":"ImageObject","inLanguage":"it-IT","@id":"https:\/\/www.rassegnastampa-totustuus.it\/cattolica\/limpulso-suicida-delleuropa\/#primaryimage","url":"https:\/\/www.rassegnastampa-totustuus.it\/cattolica\/wp-content\/uploads\/2025\/01\/Europa_crisi_suicidio.jpg","contentUrl":"https:\/\/www.rassegnastampa-totustuus.it\/cattolica\/wp-content\/uploads\/2025\/01\/Europa_crisi_suicidio.jpg","width":500,"height":262},{"@type":"BreadcrumbList","@id":"https:\/\/www.rassegnastampa-totustuus.it\/cattolica\/limpulso-suicida-delleuropa\/#breadcrumb","itemListElement":[{"@type":"ListItem","position":1,"name":"Home","item":"https:\/\/www.rassegnastampa-totustuus.it\/cattolica\/"},{"@type":"ListItem","position":2,"name":"L\u2019impulso suicida dell\u2019Europa"}]},{"@type":"WebSite","@id":"https:\/\/www.rassegnastampa-totustuus.it\/cattolica\/#website","url":"https:\/\/www.rassegnastampa-totustuus.it\/cattolica\/","name":"Rassegna Stampa Cattolica","description":"Per una cultura che nasce dalla Rivelazione cristiana in conformit\u00e0 alla tradizione e al Magistero della Chiesa in opposizione ad ogni relativismo e totalitarismo","publisher":{"@id":"https:\/\/www.rassegnastampa-totustuus.it\/cattolica\/#organization"},"alternateName":"Rass. Cattolica","potentialAction":[{"@type":"SearchAction","target":{"@type":"EntryPoint","urlTemplate":"https:\/\/www.rassegnastampa-totustuus.it\/cattolica\/?s={search_term_string}"},"query-input":{"@type":"PropertyValueSpecification","valueRequired":true,"valueName":"search_term_string"}}],"inLanguage":"it-IT"},{"@type":"Organization","@id":"https:\/\/www.rassegnastampa-totustuus.it\/cattolica\/#organization","name":"Rassegna Stampa Cattolica","url":"https:\/\/www.rassegnastampa-totustuus.it\/cattolica\/","logo":{"@type":"ImageObject","inLanguage":"it-IT","@id":"https:\/\/www.rassegnastampa-totustuus.it\/cattolica\/#\/schema\/logo\/image\/","url":"https:\/\/www.rassegnastampa-totustuus.it\/cattolica\/wp-content\/uploads\/2014\/04\/logo-rassegna1.gif","contentUrl":"https:\/\/www.rassegnastampa-totustuus.it\/cattolica\/wp-content\/uploads\/2014\/04\/logo-rassegna1.gif","width":600,"height":163,"caption":"Rassegna Stampa Cattolica"},"image":{"@id":"https:\/\/www.rassegnastampa-totustuus.it\/cattolica\/#\/schema\/logo\/image\/"},"sameAs":["https:\/\/www.facebook.com\/rassegnastampacattolica","https:\/\/x.com\/rassegnastampa9"]},{"@type":"Person","@id":"https:\/\/www.rassegnastampa-totustuus.it\/cattolica\/#\/schema\/person\/08f319d2bd1a0904ad9e2bfb7b15e5c3","name":"Redazione","image":{"@type":"ImageObject","inLanguage":"it-IT","@id":"https:\/\/secure.gravatar.com\/avatar\/2fcdf27c78ea025fbdb44e914cc63c72249ffec9dc8aafd5c82b26240ef3f346?s=96&d=mm&r=g","url":"https:\/\/secure.gravatar.com\/avatar\/2fcdf27c78ea025fbdb44e914cc63c72249ffec9dc8aafd5c82b26240ef3f346?s=96&d=mm&r=g","contentUrl":"https:\/\/secure.gravatar.com\/avatar\/2fcdf27c78ea025fbdb44e914cc63c72249ffec9dc8aafd5c82b26240ef3f346?s=96&d=mm&r=g","caption":"Redazione"},"url":"https:\/\/www.rassegnastampa-totustuus.it\/cattolica\/author\/pietroelle\/"}]}},"_links":{"self":[{"href":"https:\/\/www.rassegnastampa-totustuus.it\/cattolica\/wp-json\/wp\/v2\/posts\/62017","targetHints":{"allow":["GET"]}}],"collection":[{"href":"https:\/\/www.rassegnastampa-totustuus.it\/cattolica\/wp-json\/wp\/v2\/posts"}],"about":[{"href":"https:\/\/www.rassegnastampa-totustuus.it\/cattolica\/wp-json\/wp\/v2\/types\/post"}],"author":[{"embeddable":true,"href":"https:\/\/www.rassegnastampa-totustuus.it\/cattolica\/wp-json\/wp\/v2\/users\/6"}],"replies":[{"embeddable":true,"href":"https:\/\/www.rassegnastampa-totustuus.it\/cattolica\/wp-json\/wp\/v2\/comments?post=62017"}],"version-history":[{"count":1,"href":"https:\/\/www.rassegnastampa-totustuus.it\/cattolica\/wp-json\/wp\/v2\/posts\/62017\/revisions"}],"predecessor-version":[{"id":62019,"href":"https:\/\/www.rassegnastampa-totustuus.it\/cattolica\/wp-json\/wp\/v2\/posts\/62017\/revisions\/62019"}],"wp:featuredmedia":[{"embeddable":true,"href":"https:\/\/www.rassegnastampa-totustuus.it\/cattolica\/wp-json\/wp\/v2\/media\/62018"}],"wp:attachment":[{"href":"https:\/\/www.rassegnastampa-totustuus.it\/cattolica\/wp-json\/wp\/v2\/media?parent=62017"}],"wp:term":[{"taxonomy":"category","embeddable":true,"href":"https:\/\/www.rassegnastampa-totustuus.it\/cattolica\/wp-json\/wp\/v2\/categories?post=62017"},{"taxonomy":"post_tag","embeddable":true,"href":"https:\/\/www.rassegnastampa-totustuus.it\/cattolica\/wp-json\/wp\/v2\/tags?post=62017"}],"curies":[{"name":"wp","href":"https:\/\/api.w.org\/{rel}","templated":true}]}}