{"id":62014,"date":"2025-01-27T13:21:49","date_gmt":"2025-01-27T12:21:49","guid":{"rendered":"https:\/\/www.rassegnastampa-totustuus.it\/cattolica\/?p=62014"},"modified":"2025-01-27T13:21:51","modified_gmt":"2025-01-27T12:21:51","slug":"hitler-era-un-comunista","status":"publish","type":"post","link":"https:\/\/www.rassegnastampa-totustuus.it\/cattolica\/hitler-era-un-comunista\/","title":{"rendered":"Hitler era un comunista?"},"content":{"rendered":"\n<p class=\"has-text-align-center\"><strong><a href=\"https:\/\/www.atfp.it\/\">Tradizione Famiglia Propriet\u00e0<\/a><\/strong> newsletter 15 gennaio 2025<\/p>\n\n\n\n<p class=\"has-text-align-center\">di <strong>Julio Loredo<\/strong><\/p>\n\n\n<div class=\"wp-block-image\">\n<figure class=\"aligncenter size-full is-resized\"><a href=\"https:\/\/www.rassegnastampa-totustuus.it\/cattolica\/wp-content\/uploads\/2022\/07\/Hitler_Stalin.jpg\"><img loading=\"lazy\" decoding=\"async\" width=\"502\" height=\"283\" src=\"https:\/\/www.rassegnastampa-totustuus.it\/cattolica\/wp-content\/uploads\/2022\/07\/Hitler_Stalin.jpg\" alt=\"\" class=\"wp-image-54397\" style=\"width:413px;height:auto\" srcset=\"https:\/\/www.rassegnastampa-totustuus.it\/cattolica\/wp-content\/uploads\/2022\/07\/Hitler_Stalin.jpg 502w, https:\/\/www.rassegnastampa-totustuus.it\/cattolica\/wp-content\/uploads\/2022\/07\/Hitler_Stalin-300x169.jpg 300w\" sizes=\"auto, (max-width: 502px) 100vw, 502px\" \/><\/a><\/figure><\/div>\n\n\n<p>La scorsa settimana, in un podcast su X con Elon Musk, la leader di <em>Alternative f\u00fcr Deutschland<\/em> Alice Weidel ha fatto una dichiarazione che ha suscitato non poco stupore, soprattutto a sinistra. Interpellata su cosa pensasse di Hitler (viste le accuse rivolte ad AfD di essere nazista), la Weidel ha affermato: \u201cHitler era un nazional-socialista; solo dopo la guerra gli hanno affibbiato la falsa etichetta di uomo di destra, di conservatore. (\u2026) Hitler era un comunista, si vedeva come un socialista\u201d.<\/p>\n\n\n\n<!--more-->\n\n\n\n<p>Apriti cielo! I servizi del <em>Corriere della Sera<\/em> hanno parlato di un \u201crovesciamento della prospettiva\u201d, di un \u201cribaltamento della storia\u201d e di una \u201cconfusione dei piani e dei significati\u201d (1).<\/p>\n\n\n\n<p>In realt\u00e0, l\u2019unica cosa che la leader tedesca ha ribaltato \u00e8 la propaganda sinistrorsa. Un\u2019analisi obiettiva \u2013 cio\u00e8 non propagandistica \u2013 rivela profonde affinit\u00e0 tra i due movimenti, a cominciare dal nome del partito del dittatore bavarese:<em> Nationalsozialistische Deutsche Arbeiterpartei<\/em> (NSDAP), ossia <em>Partito Nazional-Socialista Tedesco dei Lavoratori<\/em>. Oggi questa affinit\u00e0 dottrinale \u00e8 un dato ampiamente acquisito.<\/p>\n\n\n<div class=\"wp-block-image\">\n<figure class=\"aligncenter size-large is-resized\"><a href=\"https:\/\/www.rassegnastampa-totustuus.it\/cattolica\/wp-content\/uploads\/2020\/11\/nazismo_comunismo.png\"><img loading=\"lazy\" decoding=\"async\" width=\"1024\" height=\"484\" src=\"https:\/\/www.rassegnastampa-totustuus.it\/cattolica\/wp-content\/uploads\/2020\/11\/nazismo_comunismo-1024x484.png\" alt=\"\" class=\"wp-image-49028\" style=\"width:474px;height:auto\" srcset=\"https:\/\/www.rassegnastampa-totustuus.it\/cattolica\/wp-content\/uploads\/2020\/11\/nazismo_comunismo-1024x484.png 1024w, https:\/\/www.rassegnastampa-totustuus.it\/cattolica\/wp-content\/uploads\/2020\/11\/nazismo_comunismo-300x142.png 300w, https:\/\/www.rassegnastampa-totustuus.it\/cattolica\/wp-content\/uploads\/2020\/11\/nazismo_comunismo-768x363.png 768w, https:\/\/www.rassegnastampa-totustuus.it\/cattolica\/wp-content\/uploads\/2020\/11\/nazismo_comunismo.png 2000w\" sizes=\"auto, (max-width: 1024px) 100vw, 1024px\" \/><\/a><\/figure><\/div>\n\n\n<p>Il tentativo del nazismo di conciliare l\u2019ideologia nazionalista con una dottrina socialista radicale faceva di esso un movimento profondamente rivoluzionario, lontano anni luce da ci\u00f2 che sarebbe stata una sana reazione tradizionalista o contro-rivoluzionaria, e piuttosto affine alle altre tendenze che cercavano di scardinare il vecchio Ordine, come l\u2019internazionalismo socialista, ovvero il comunismo.<\/p>\n\n\n\n<p>\u201cBolscevismo e fascismo \u2013 spiega lo storico Roberto de Mattei \u2013 entrarono quasi contemporaneamente sulla scena\u201d. E cita Fran\u00e7ois Furet: \u201cQuel che rende inevitabile un\u2019analisi comparata di fascismo e comunismo non \u00e8 solo la data di nascita e l\u2019apparizione simultanea, oltrech\u00e9 meteoritica sul piano storico, ma la loro reciproca dipendenza\u201d (2).<\/p>\n\n\n\n<p>Fra coloro che, gi\u00e0 all\u2019epoca, percepirono questa affinit\u00e0, vi era Plinio Corr\u00eaa de Oliveira, allora giovane leader del Movimento cattolico in Brasile. Continua de Mattei: \u201cQuesto intimo rapporto di dipendenza, che oggi si avvia a diventare un dato storiografico acquisito, fu intuito da Plinio Corr\u00eaa de Oliveira, che, in assoluta fedelt\u00e0 al modello cristiano della societ\u00e0, rifiut\u00f2 di schierarsi con l\u2019uno o l\u2019altro dei contendenti che occupavano il proscenio. Nel comunismo egli vide una concezione diametralmente opposta a quella cattolica, ma consider\u00f2 il nazismo una falsa alternativa altrettanto pericolosa\u201d.<\/p>\n\n\n<div class=\"wp-block-image\">\n<figure class=\"aligncenter size-full is-resized\"><a href=\"https:\/\/www.rassegnastampa-totustuus.it\/cattolica\/wp-content\/uploads\/2005\/08\/nazismo-comunismo.jpg\"><img loading=\"lazy\" decoding=\"async\" width=\"284\" height=\"177\" src=\"https:\/\/www.rassegnastampa-totustuus.it\/cattolica\/wp-content\/uploads\/2005\/08\/nazismo-comunismo.jpg\" alt=\"\" class=\"wp-image-27937\" style=\"width:375px;height:auto\"\/><\/a><\/figure><\/div>\n\n\n<p>Bolscevismo e nazismo irruppero cos\u00ec quasi contemporaneamente sulla scena, nel ruolo di acerrimi nemici reciproci. La loro simultanea apparizione, la dipendenza l\u2019uno dall\u2019altro e, soprattutto, la loro comune matrice neo-pagana, avrebbero dovuto insospettire pi\u00f9 di qualcuno sull\u2019autenticit\u00e0 del loro antagonismo. Purtroppo, la vulgata politicamente corretta dell\u2019epoca li considerava avversari, e qualunque tentativo di accostarli veniva immediatamente rigettato.<\/p>\n\n\n\n<p>In evidente contrasto con la suddetta vulgata, Plinio Corr\u00eaa de Oliveira percep\u00ec subito l\u2019intimo rapporto di dipendenza che legava comunismo e nazismo, tanto da dedicare a questo tema ben 447 articoli. Nel denunciare le profonde affinit\u00e0 che univano i due movimenti, a prescindere dalla loro lotta fratricida per l\u2019egemonia mondiale, Plinio Corr\u00eaa de Oliveira li considerava come i bracci di una stessa mostruosa tenaglia, la Rivoluzione, rigettandone ugualmente gli errori in nome della fede cattolica: \u201cI cattolici devono essere anticomunisti, antinazisti, antiliberali, antisocialisti, antimassoni&#8230; appunto perch\u00e9 cattolici\u201d (3).<\/p>\n\n\n\n<p>\u201c\u00c8 incontestabile che il comunismo sia l\u2019antitesi del cattolicesimo \u2013 scriveva il pensatore cattolico brasiliano \u2013 ma il nazismo, da parte sua, costituisce un\u2019altra antitesi della dottrina cattolica, che lo rende vicino al comunismo. (\u2026) Forse, un giorno, la storia dir\u00e0 in quali antri tenebrosi fu forgiato. Ma il fatto \u00e8 che, per corrispondere ai desideri di innumerevoli persone assetate dei valori della Civilt\u00e0 Cristiana, apparve in Germania un partito che fu imitato altrove e che si proponeva l\u2019insediamento di un nuovo mondo cristiano. A prima vista, nulla di pi\u00f9 simpatico.<\/p>\n\n\n<div class=\"wp-block-image\">\n<figure class=\"aligncenter size-large is-resized\"><a href=\"https:\/\/www.rassegnastampa-totustuus.it\/cattolica\/wp-content\/uploads\/2020\/06\/Pio_XII_Hitler_nazismo.jpg\"><img loading=\"lazy\" decoding=\"async\" width=\"1024\" height=\"576\" src=\"https:\/\/www.rassegnastampa-totustuus.it\/cattolica\/wp-content\/uploads\/2020\/06\/Pio_XII_Hitler_nazismo-1024x576.jpg\" alt=\"\" class=\"wp-image-47451\" style=\"width:375px;height:auto\" srcset=\"https:\/\/www.rassegnastampa-totustuus.it\/cattolica\/wp-content\/uploads\/2020\/06\/Pio_XII_Hitler_nazismo-1024x576.jpg 1024w, https:\/\/www.rassegnastampa-totustuus.it\/cattolica\/wp-content\/uploads\/2020\/06\/Pio_XII_Hitler_nazismo-300x169.jpg 300w, https:\/\/www.rassegnastampa-totustuus.it\/cattolica\/wp-content\/uploads\/2020\/06\/Pio_XII_Hitler_nazismo-768x432.jpg 768w\" sizes=\"auto, (max-width: 1024px) 100vw, 1024px\" \/><\/a><\/figure><\/div>\n\n\n<p>\u201cTuttavia, riflettendo attentamente sul lato concreto di questa ideologia \u2013 un lato che la machiavellica propaganda rivelava solo a piccoli passi agli iniziati \u2013 che terribile delusione si sarebbe subita! Un\u2019ideologia confusa, impregnata di evoluzionismo e materialismo storico, satura di influenze filosofiche e ideologiche pagane; un programma politico ed economico radicale e tipicamente socialista, intollerabili pregiudizi razzisti. Insomma, dietro ai proclami anticomunisti del nazismo, era proprio il comunismo che si voleva instaurare. Un comunismo insidioso, mascherato da cristiano. Un comunismo mille volte peggiore, perch\u00e9 mobilitava contro la Chiesa le armi sataniche dell\u2019astuzia invece delle deboli e impotenti armi della forza bruta.<\/p>\n\n\n\n<p>\u201cCominciava con l\u2019esaltare gli animi per mezzo di alcune verit\u00e0, quindi li metteva in delirio con il pretesto dell\u2019entusiasmo per tali verit\u00e0 e, infine, li attirava verso i pi\u00f9 terribili errori. Dunque, un comunismo che non significava la neutralizzazione dei cattivi, bens\u00ec dei buoni; la pi\u00f9 terribile macchina di perdizione e falsificazione che il demonio abbia generato nel corso della storia\u201d (4).<\/p>\n\n\n\n<p>Il 14 marzo 1937 apparve l\u2019Enciclica <em>Mit brennender Sorge<\/em>, con la quale Pio XI condann\u00f2 gli errori del nazionalsocialismo. La mossa mand\u00f2 Hitler su tutte le furie, ma apr\u00ec gli occhi dell\u2019opinione pubblica mondiale. L\u2019enciclica, come avrebbe ricordato Pio XII, \u201csvel\u00f2 agli sguardi del mondo quel che il nazionalsocialismo era in realt\u00e0: l\u2019apostasia orgogliosa da Ges\u00f9 Cristo, la negazione della sua dottrina e della sua opera redentrice, il culto della forza; l\u2019idolatria della razza e del sangue, l\u2019oppressione della libert\u00e0 e della dignit\u00e0 umana\u201d (5).<\/p>\n\n\n\n<p>Appena cinque giorni dopo, proprio per sottolineare l\u2019intima connessione fra i due movimenti, Pio XI pubblic\u00f2 l\u2019enciclica <em>Divini Redemptoris<\/em>, con la quale condann\u00f2 l\u2019altra faccia della medaglia: il comunismo.<\/p>\n\n\n\n<p>Nazismo e comunismo condividevano ancora un altro tratto: la persecuzione della Chiesa cattolica. Nella persecuzione antireligiosa del nazismo, il dottor Plinio non vide un aspetto accidentale ed estrinseco della politica del Terzo Reich, ma la logica conseguenza di una visione del mondo antitetica a quella cattolica.<\/p>\n\n\n<div class=\"wp-block-image\">\n<figure class=\"aligncenter size-full\"><a href=\"https:\/\/www.rassegnastampa-totustuus.it\/cattolica\/wp-content\/uploads\/2005\/11\/hitler.jpg\"><img loading=\"lazy\" decoding=\"async\" width=\"183\" height=\"275\" src=\"https:\/\/www.rassegnastampa-totustuus.it\/cattolica\/wp-content\/uploads\/2005\/11\/hitler.jpg\" alt=\"\" class=\"wp-image-14449\"\/><\/a><\/figure><\/div>\n\n\n<p>\u201cLa realt\u00e0 \u00e8 che la politica antireligiosa del Terzo Reich ne \u00e8 un carattere essenziale, un tratto fondamentale del suo contenuto ideologico o, meglio ancora, il significato profondo e la stessa ragion d\u2019essere del nazismo\u201d (6).<\/p>\n\n\n\n<p>E ancora: \u201cIl nazismo \u00e8 il risultato di un processo profondo; la sua politica antireligiosa \u00e8 parte integrante del suo pensiero; questo pensiero \u00e8 cos\u00ec visceralmente antireligioso che, se il partito nazista si trasformasse in baluardo del cattolicesimo nell\u2019Europa orientale, resterei non meno sconcertato che se la massoneria si convertisse in una pia confraternita\u201d (7).<\/p>\n\n\n\n<p>Solo dopo la guerra la sinistra, propagandisticamente vittoriosa e bisognosa di costruirsi uno spauracchio da biasimare e calpestare, foment\u00f2 il mito del nazismo come movimento di destra. Calpestare un cadavere morto da quasi ottant\u2019anni \u00e8 comodo. Il problema era affrontare il mostro quando esso marciava al passo d\u2019oca sotto le finestre. Proprio come fece Plinio Corr\u00eaa de Oliveira.<\/p>\n\n\n\n<p><strong>Note<\/strong><\/p>\n\n\n\n<p><strong>(1) <\/strong>Mara Gergolet, \u201cHitler? Era un comunista. Lo show tra Weidel e Musk\u201d, <em>Corriere della Sera<\/em>, 10 gennaio 2025; id. \u201cRemigrazione, Dexit e quello slogan che ricorda i nazisti: le parole di Alice\u201d, id., 11 gennaio 2025.<\/p>\n\n\n\n<p><strong>(2)<\/strong> Roberto de Mattei, <em>Il crociato del secolo XX. Plinio Corr\u00eaa de Oliveira<\/em>, Piemme, 1997, p. 75.<\/p>\n\n\n\n<p><strong>(3)<\/strong> Plinio Corr\u00eaa de Oliveira, \u201cPela grandeza e liberdade da A\u00e7\u00e3o Cat\u00f3lica\u201d, <em>O Legion\u00e1rio,<\/em> 13 gennaio 1939.<\/p>\n\n\n\n<p><strong>(4)<\/strong> \u201cA margem da crisi\u201d, Ibid., 25 settembre 1938.<\/p>\n\n\n\n<p><strong>(5)<\/strong> Pio XII, discorso 2 giugno 1945.<\/p>\n\n\n\n<p><strong>(6)<\/strong> Plinio Corr\u00eaa de Oliveira, \u201cFalsifica\u00e7\u00e3o\u201d, <em>O Legion\u00e1rio<\/em>, 21 aprile 1940.<\/p>\n\n\n\n<p><strong>(7)<\/strong> \u201cGenealogia de monstros\u201d, <em>O Legion\u00e1rio<\/em>, 29 giugno 1938<\/p>\n\n\n\n<p><\/p>\n","protected":false},"excerpt":{"rendered":"<p>le analogie tra nazionalsocialismo e comunismo sono ormai note in quanto entrambe le ideologie sono profondamente rivoluzionarie <\/p>\n","protected":false},"author":6,"featured_media":54397,"comment_status":"closed","ping_status":"closed","sticky":false,"template":"","format":"standard","meta":{"footnotes":""},"categories":[94,27],"tags":[139,507,652],"class_list":["post-62014","post","type-post","status-publish","format-standard","has-post-thumbnail","hentry","category-nazionalsocialismo","category-socialismo-e-comunismo","tag-comunismo","tag-hitler","tag-socialismo","item-wrap"],"yoast_head":"<!-- This site is optimized with the Yoast SEO plugin v27.5 - https:\/\/yoast.com\/product\/yoast-seo-wordpress\/ -->\n<title>Hitler era un comunista? - Rassegna Stampa Cattolica<\/title>\n<meta name=\"description\" content=\"Hitler era un comunista? le analogie tra le due ideologie sono ormai note come mise in luce gi\u00e0 Papa Pio XI con le sue encicliche\" \/>\n<meta name=\"robots\" content=\"index, follow, max-snippet:-1, max-image-preview:large, max-video-preview:-1\" \/>\n<link rel=\"canonical\" href=\"https:\/\/www.rassegnastampa-totustuus.it\/cattolica\/hitler-era-un-comunista\/\" \/>\n<meta property=\"og:locale\" content=\"it_IT\" \/>\n<meta property=\"og:type\" content=\"article\" \/>\n<meta property=\"og:title\" content=\"Hitler era un comunista? - Rassegna Stampa Cattolica\" \/>\n<meta property=\"og:description\" content=\"Hitler era un comunista? le analogie tra le due ideologie sono ormai note come mise in luce gi\u00e0 Papa Pio XI con le sue encicliche\" \/>\n<meta property=\"og:url\" content=\"https:\/\/www.rassegnastampa-totustuus.it\/cattolica\/hitler-era-un-comunista\/\" \/>\n<meta property=\"og:site_name\" content=\"Rassegna Stampa Cattolica\" \/>\n<meta property=\"article:publisher\" content=\"https:\/\/www.facebook.com\/rassegnastampacattolica\" \/>\n<meta property=\"article:published_time\" content=\"2025-01-27T12:21:49+00:00\" \/>\n<meta property=\"article:modified_time\" content=\"2025-01-27T12:21:51+00:00\" \/>\n<meta property=\"og:image\" content=\"https:\/\/www.rassegnastampa-totustuus.it\/cattolica\/wp-content\/uploads\/2022\/07\/Hitler_Stalin.jpg\" \/>\n\t<meta property=\"og:image:width\" content=\"502\" \/>\n\t<meta property=\"og:image:height\" content=\"283\" \/>\n\t<meta property=\"og:image:type\" content=\"image\/jpeg\" \/>\n<meta name=\"author\" content=\"Redazione\" \/>\n<meta name=\"twitter:card\" content=\"summary_large_image\" \/>\n<meta name=\"twitter:creator\" content=\"@rassegnastampa9\" \/>\n<meta name=\"twitter:site\" content=\"@rassegnastampa9\" \/>\n<meta name=\"twitter:label1\" content=\"Scritto da\" \/>\n\t<meta name=\"twitter:data1\" content=\"Redazione\" \/>\n\t<meta name=\"twitter:label2\" content=\"Tempo di lettura stimato\" \/>\n\t<meta name=\"twitter:data2\" content=\"8 minuti\" \/>\n<script type=\"application\/ld+json\" class=\"yoast-schema-graph\">{\"@context\":\"https:\\\/\\\/schema.org\",\"@graph\":[{\"@type\":\"Article\",\"@id\":\"https:\\\/\\\/www.rassegnastampa-totustuus.it\\\/cattolica\\\/hitler-era-un-comunista\\\/#article\",\"isPartOf\":{\"@id\":\"https:\\\/\\\/www.rassegnastampa-totustuus.it\\\/cattolica\\\/hitler-era-un-comunista\\\/\"},\"author\":{\"name\":\"Redazione\",\"@id\":\"https:\\\/\\\/www.rassegnastampa-totustuus.it\\\/cattolica\\\/#\\\/schema\\\/person\\\/08f319d2bd1a0904ad9e2bfb7b15e5c3\"},\"headline\":\"Hitler era un comunista?\",\"datePublished\":\"2025-01-27T12:21:49+00:00\",\"dateModified\":\"2025-01-27T12:21:51+00:00\",\"mainEntityOfPage\":{\"@id\":\"https:\\\/\\\/www.rassegnastampa-totustuus.it\\\/cattolica\\\/hitler-era-un-comunista\\\/\"},\"wordCount\":1185,\"publisher\":{\"@id\":\"https:\\\/\\\/www.rassegnastampa-totustuus.it\\\/cattolica\\\/#organization\"},\"image\":{\"@id\":\"https:\\\/\\\/www.rassegnastampa-totustuus.it\\\/cattolica\\\/hitler-era-un-comunista\\\/#primaryimage\"},\"thumbnailUrl\":\"https:\\\/\\\/www.rassegnastampa-totustuus.it\\\/cattolica\\\/wp-content\\\/uploads\\\/2022\\\/07\\\/Hitler_Stalin.jpg\",\"keywords\":[\"comunismo\",\"Hitler\",\"socialismo\"],\"articleSection\":[\"Nazionalsocialismo\",\"Socialcomunismo\"],\"inLanguage\":\"it-IT\"},{\"@type\":\"WebPage\",\"@id\":\"https:\\\/\\\/www.rassegnastampa-totustuus.it\\\/cattolica\\\/hitler-era-un-comunista\\\/\",\"url\":\"https:\\\/\\\/www.rassegnastampa-totustuus.it\\\/cattolica\\\/hitler-era-un-comunista\\\/\",\"name\":\"Hitler era un comunista? - Rassegna Stampa Cattolica\",\"isPartOf\":{\"@id\":\"https:\\\/\\\/www.rassegnastampa-totustuus.it\\\/cattolica\\\/#website\"},\"primaryImageOfPage\":{\"@id\":\"https:\\\/\\\/www.rassegnastampa-totustuus.it\\\/cattolica\\\/hitler-era-un-comunista\\\/#primaryimage\"},\"image\":{\"@id\":\"https:\\\/\\\/www.rassegnastampa-totustuus.it\\\/cattolica\\\/hitler-era-un-comunista\\\/#primaryimage\"},\"thumbnailUrl\":\"https:\\\/\\\/www.rassegnastampa-totustuus.it\\\/cattolica\\\/wp-content\\\/uploads\\\/2022\\\/07\\\/Hitler_Stalin.jpg\",\"datePublished\":\"2025-01-27T12:21:49+00:00\",\"dateModified\":\"2025-01-27T12:21:51+00:00\",\"description\":\"Hitler era un comunista? le analogie tra le due ideologie sono ormai note come mise in luce gi\u00e0 Papa Pio XI con le sue encicliche\",\"breadcrumb\":{\"@id\":\"https:\\\/\\\/www.rassegnastampa-totustuus.it\\\/cattolica\\\/hitler-era-un-comunista\\\/#breadcrumb\"},\"inLanguage\":\"it-IT\",\"potentialAction\":[{\"@type\":\"ReadAction\",\"target\":[\"https:\\\/\\\/www.rassegnastampa-totustuus.it\\\/cattolica\\\/hitler-era-un-comunista\\\/\"]}]},{\"@type\":\"ImageObject\",\"inLanguage\":\"it-IT\",\"@id\":\"https:\\\/\\\/www.rassegnastampa-totustuus.it\\\/cattolica\\\/hitler-era-un-comunista\\\/#primaryimage\",\"url\":\"https:\\\/\\\/www.rassegnastampa-totustuus.it\\\/cattolica\\\/wp-content\\\/uploads\\\/2022\\\/07\\\/Hitler_Stalin.jpg\",\"contentUrl\":\"https:\\\/\\\/www.rassegnastampa-totustuus.it\\\/cattolica\\\/wp-content\\\/uploads\\\/2022\\\/07\\\/Hitler_Stalin.jpg\",\"width\":502,\"height\":283},{\"@type\":\"BreadcrumbList\",\"@id\":\"https:\\\/\\\/www.rassegnastampa-totustuus.it\\\/cattolica\\\/hitler-era-un-comunista\\\/#breadcrumb\",\"itemListElement\":[{\"@type\":\"ListItem\",\"position\":1,\"name\":\"Home\",\"item\":\"https:\\\/\\\/www.rassegnastampa-totustuus.it\\\/cattolica\\\/\"},{\"@type\":\"ListItem\",\"position\":2,\"name\":\"Hitler era un comunista?\"}]},{\"@type\":\"WebSite\",\"@id\":\"https:\\\/\\\/www.rassegnastampa-totustuus.it\\\/cattolica\\\/#website\",\"url\":\"https:\\\/\\\/www.rassegnastampa-totustuus.it\\\/cattolica\\\/\",\"name\":\"Rassegna Stampa Cattolica\",\"description\":\"Per una cultura che nasce dalla Rivelazione cristiana in conformit\u00e0 alla tradizione e al Magistero della Chiesa in opposizione ad ogni relativismo e totalitarismo\",\"publisher\":{\"@id\":\"https:\\\/\\\/www.rassegnastampa-totustuus.it\\\/cattolica\\\/#organization\"},\"alternateName\":\"Rass. Cattolica\",\"potentialAction\":[{\"@type\":\"SearchAction\",\"target\":{\"@type\":\"EntryPoint\",\"urlTemplate\":\"https:\\\/\\\/www.rassegnastampa-totustuus.it\\\/cattolica\\\/?s={search_term_string}\"},\"query-input\":{\"@type\":\"PropertyValueSpecification\",\"valueRequired\":true,\"valueName\":\"search_term_string\"}}],\"inLanguage\":\"it-IT\"},{\"@type\":\"Organization\",\"@id\":\"https:\\\/\\\/www.rassegnastampa-totustuus.it\\\/cattolica\\\/#organization\",\"name\":\"Rassegna Stampa Cattolica\",\"url\":\"https:\\\/\\\/www.rassegnastampa-totustuus.it\\\/cattolica\\\/\",\"logo\":{\"@type\":\"ImageObject\",\"inLanguage\":\"it-IT\",\"@id\":\"https:\\\/\\\/www.rassegnastampa-totustuus.it\\\/cattolica\\\/#\\\/schema\\\/logo\\\/image\\\/\",\"url\":\"https:\\\/\\\/www.rassegnastampa-totustuus.it\\\/cattolica\\\/wp-content\\\/uploads\\\/2014\\\/04\\\/logo-rassegna1.gif\",\"contentUrl\":\"https:\\\/\\\/www.rassegnastampa-totustuus.it\\\/cattolica\\\/wp-content\\\/uploads\\\/2014\\\/04\\\/logo-rassegna1.gif\",\"width\":600,\"height\":163,\"caption\":\"Rassegna Stampa Cattolica\"},\"image\":{\"@id\":\"https:\\\/\\\/www.rassegnastampa-totustuus.it\\\/cattolica\\\/#\\\/schema\\\/logo\\\/image\\\/\"},\"sameAs\":[\"https:\\\/\\\/www.facebook.com\\\/rassegnastampacattolica\",\"https:\\\/\\\/x.com\\\/rassegnastampa9\"]},{\"@type\":\"Person\",\"@id\":\"https:\\\/\\\/www.rassegnastampa-totustuus.it\\\/cattolica\\\/#\\\/schema\\\/person\\\/08f319d2bd1a0904ad9e2bfb7b15e5c3\",\"name\":\"Redazione\",\"image\":{\"@type\":\"ImageObject\",\"inLanguage\":\"it-IT\",\"@id\":\"https:\\\/\\\/secure.gravatar.com\\\/avatar\\\/2fcdf27c78ea025fbdb44e914cc63c72249ffec9dc8aafd5c82b26240ef3f346?s=96&d=mm&r=g\",\"url\":\"https:\\\/\\\/secure.gravatar.com\\\/avatar\\\/2fcdf27c78ea025fbdb44e914cc63c72249ffec9dc8aafd5c82b26240ef3f346?s=96&d=mm&r=g\",\"contentUrl\":\"https:\\\/\\\/secure.gravatar.com\\\/avatar\\\/2fcdf27c78ea025fbdb44e914cc63c72249ffec9dc8aafd5c82b26240ef3f346?s=96&d=mm&r=g\",\"caption\":\"Redazione\"},\"url\":\"https:\\\/\\\/www.rassegnastampa-totustuus.it\\\/cattolica\\\/author\\\/pietroelle\\\/\"}]}<\/script>\n<!-- \/ Yoast SEO plugin. -->","yoast_head_json":{"title":"Hitler era un comunista? - Rassegna Stampa Cattolica","description":"Hitler era un comunista? le analogie tra le due ideologie sono ormai note come mise in luce gi\u00e0 Papa Pio XI con le sue encicliche","robots":{"index":"index","follow":"follow","max-snippet":"max-snippet:-1","max-image-preview":"max-image-preview:large","max-video-preview":"max-video-preview:-1"},"canonical":"https:\/\/www.rassegnastampa-totustuus.it\/cattolica\/hitler-era-un-comunista\/","og_locale":"it_IT","og_type":"article","og_title":"Hitler era un comunista? - Rassegna Stampa Cattolica","og_description":"Hitler era un comunista? le analogie tra le due ideologie sono ormai note come mise in luce gi\u00e0 Papa Pio XI con le sue encicliche","og_url":"https:\/\/www.rassegnastampa-totustuus.it\/cattolica\/hitler-era-un-comunista\/","og_site_name":"Rassegna Stampa Cattolica","article_publisher":"https:\/\/www.facebook.com\/rassegnastampacattolica","article_published_time":"2025-01-27T12:21:49+00:00","article_modified_time":"2025-01-27T12:21:51+00:00","og_image":[{"width":502,"height":283,"url":"https:\/\/www.rassegnastampa-totustuus.it\/cattolica\/wp-content\/uploads\/2022\/07\/Hitler_Stalin.jpg","type":"image\/jpeg"}],"author":"Redazione","twitter_card":"summary_large_image","twitter_creator":"@rassegnastampa9","twitter_site":"@rassegnastampa9","twitter_misc":{"Scritto da":"Redazione","Tempo di lettura stimato":"8 minuti"},"schema":{"@context":"https:\/\/schema.org","@graph":[{"@type":"Article","@id":"https:\/\/www.rassegnastampa-totustuus.it\/cattolica\/hitler-era-un-comunista\/#article","isPartOf":{"@id":"https:\/\/www.rassegnastampa-totustuus.it\/cattolica\/hitler-era-un-comunista\/"},"author":{"name":"Redazione","@id":"https:\/\/www.rassegnastampa-totustuus.it\/cattolica\/#\/schema\/person\/08f319d2bd1a0904ad9e2bfb7b15e5c3"},"headline":"Hitler era un comunista?","datePublished":"2025-01-27T12:21:49+00:00","dateModified":"2025-01-27T12:21:51+00:00","mainEntityOfPage":{"@id":"https:\/\/www.rassegnastampa-totustuus.it\/cattolica\/hitler-era-un-comunista\/"},"wordCount":1185,"publisher":{"@id":"https:\/\/www.rassegnastampa-totustuus.it\/cattolica\/#organization"},"image":{"@id":"https:\/\/www.rassegnastampa-totustuus.it\/cattolica\/hitler-era-un-comunista\/#primaryimage"},"thumbnailUrl":"https:\/\/www.rassegnastampa-totustuus.it\/cattolica\/wp-content\/uploads\/2022\/07\/Hitler_Stalin.jpg","keywords":["comunismo","Hitler","socialismo"],"articleSection":["Nazionalsocialismo","Socialcomunismo"],"inLanguage":"it-IT"},{"@type":"WebPage","@id":"https:\/\/www.rassegnastampa-totustuus.it\/cattolica\/hitler-era-un-comunista\/","url":"https:\/\/www.rassegnastampa-totustuus.it\/cattolica\/hitler-era-un-comunista\/","name":"Hitler era un comunista? - Rassegna Stampa Cattolica","isPartOf":{"@id":"https:\/\/www.rassegnastampa-totustuus.it\/cattolica\/#website"},"primaryImageOfPage":{"@id":"https:\/\/www.rassegnastampa-totustuus.it\/cattolica\/hitler-era-un-comunista\/#primaryimage"},"image":{"@id":"https:\/\/www.rassegnastampa-totustuus.it\/cattolica\/hitler-era-un-comunista\/#primaryimage"},"thumbnailUrl":"https:\/\/www.rassegnastampa-totustuus.it\/cattolica\/wp-content\/uploads\/2022\/07\/Hitler_Stalin.jpg","datePublished":"2025-01-27T12:21:49+00:00","dateModified":"2025-01-27T12:21:51+00:00","description":"Hitler era un comunista? le analogie tra le due ideologie sono ormai note come mise in luce gi\u00e0 Papa Pio XI con le sue encicliche","breadcrumb":{"@id":"https:\/\/www.rassegnastampa-totustuus.it\/cattolica\/hitler-era-un-comunista\/#breadcrumb"},"inLanguage":"it-IT","potentialAction":[{"@type":"ReadAction","target":["https:\/\/www.rassegnastampa-totustuus.it\/cattolica\/hitler-era-un-comunista\/"]}]},{"@type":"ImageObject","inLanguage":"it-IT","@id":"https:\/\/www.rassegnastampa-totustuus.it\/cattolica\/hitler-era-un-comunista\/#primaryimage","url":"https:\/\/www.rassegnastampa-totustuus.it\/cattolica\/wp-content\/uploads\/2022\/07\/Hitler_Stalin.jpg","contentUrl":"https:\/\/www.rassegnastampa-totustuus.it\/cattolica\/wp-content\/uploads\/2022\/07\/Hitler_Stalin.jpg","width":502,"height":283},{"@type":"BreadcrumbList","@id":"https:\/\/www.rassegnastampa-totustuus.it\/cattolica\/hitler-era-un-comunista\/#breadcrumb","itemListElement":[{"@type":"ListItem","position":1,"name":"Home","item":"https:\/\/www.rassegnastampa-totustuus.it\/cattolica\/"},{"@type":"ListItem","position":2,"name":"Hitler era un comunista?"}]},{"@type":"WebSite","@id":"https:\/\/www.rassegnastampa-totustuus.it\/cattolica\/#website","url":"https:\/\/www.rassegnastampa-totustuus.it\/cattolica\/","name":"Rassegna Stampa Cattolica","description":"Per una cultura che nasce dalla Rivelazione cristiana in conformit\u00e0 alla tradizione e al Magistero della Chiesa in opposizione ad ogni relativismo e totalitarismo","publisher":{"@id":"https:\/\/www.rassegnastampa-totustuus.it\/cattolica\/#organization"},"alternateName":"Rass. Cattolica","potentialAction":[{"@type":"SearchAction","target":{"@type":"EntryPoint","urlTemplate":"https:\/\/www.rassegnastampa-totustuus.it\/cattolica\/?s={search_term_string}"},"query-input":{"@type":"PropertyValueSpecification","valueRequired":true,"valueName":"search_term_string"}}],"inLanguage":"it-IT"},{"@type":"Organization","@id":"https:\/\/www.rassegnastampa-totustuus.it\/cattolica\/#organization","name":"Rassegna Stampa Cattolica","url":"https:\/\/www.rassegnastampa-totustuus.it\/cattolica\/","logo":{"@type":"ImageObject","inLanguage":"it-IT","@id":"https:\/\/www.rassegnastampa-totustuus.it\/cattolica\/#\/schema\/logo\/image\/","url":"https:\/\/www.rassegnastampa-totustuus.it\/cattolica\/wp-content\/uploads\/2014\/04\/logo-rassegna1.gif","contentUrl":"https:\/\/www.rassegnastampa-totustuus.it\/cattolica\/wp-content\/uploads\/2014\/04\/logo-rassegna1.gif","width":600,"height":163,"caption":"Rassegna Stampa Cattolica"},"image":{"@id":"https:\/\/www.rassegnastampa-totustuus.it\/cattolica\/#\/schema\/logo\/image\/"},"sameAs":["https:\/\/www.facebook.com\/rassegnastampacattolica","https:\/\/x.com\/rassegnastampa9"]},{"@type":"Person","@id":"https:\/\/www.rassegnastampa-totustuus.it\/cattolica\/#\/schema\/person\/08f319d2bd1a0904ad9e2bfb7b15e5c3","name":"Redazione","image":{"@type":"ImageObject","inLanguage":"it-IT","@id":"https:\/\/secure.gravatar.com\/avatar\/2fcdf27c78ea025fbdb44e914cc63c72249ffec9dc8aafd5c82b26240ef3f346?s=96&d=mm&r=g","url":"https:\/\/secure.gravatar.com\/avatar\/2fcdf27c78ea025fbdb44e914cc63c72249ffec9dc8aafd5c82b26240ef3f346?s=96&d=mm&r=g","contentUrl":"https:\/\/secure.gravatar.com\/avatar\/2fcdf27c78ea025fbdb44e914cc63c72249ffec9dc8aafd5c82b26240ef3f346?s=96&d=mm&r=g","caption":"Redazione"},"url":"https:\/\/www.rassegnastampa-totustuus.it\/cattolica\/author\/pietroelle\/"}]}},"_links":{"self":[{"href":"https:\/\/www.rassegnastampa-totustuus.it\/cattolica\/wp-json\/wp\/v2\/posts\/62014","targetHints":{"allow":["GET"]}}],"collection":[{"href":"https:\/\/www.rassegnastampa-totustuus.it\/cattolica\/wp-json\/wp\/v2\/posts"}],"about":[{"href":"https:\/\/www.rassegnastampa-totustuus.it\/cattolica\/wp-json\/wp\/v2\/types\/post"}],"author":[{"embeddable":true,"href":"https:\/\/www.rassegnastampa-totustuus.it\/cattolica\/wp-json\/wp\/v2\/users\/6"}],"replies":[{"embeddable":true,"href":"https:\/\/www.rassegnastampa-totustuus.it\/cattolica\/wp-json\/wp\/v2\/comments?post=62014"}],"version-history":[{"count":1,"href":"https:\/\/www.rassegnastampa-totustuus.it\/cattolica\/wp-json\/wp\/v2\/posts\/62014\/revisions"}],"predecessor-version":[{"id":62015,"href":"https:\/\/www.rassegnastampa-totustuus.it\/cattolica\/wp-json\/wp\/v2\/posts\/62014\/revisions\/62015"}],"wp:featuredmedia":[{"embeddable":true,"href":"https:\/\/www.rassegnastampa-totustuus.it\/cattolica\/wp-json\/wp\/v2\/media\/54397"}],"wp:attachment":[{"href":"https:\/\/www.rassegnastampa-totustuus.it\/cattolica\/wp-json\/wp\/v2\/media?parent=62014"}],"wp:term":[{"taxonomy":"category","embeddable":true,"href":"https:\/\/www.rassegnastampa-totustuus.it\/cattolica\/wp-json\/wp\/v2\/categories?post=62014"},{"taxonomy":"post_tag","embeddable":true,"href":"https:\/\/www.rassegnastampa-totustuus.it\/cattolica\/wp-json\/wp\/v2\/tags?post=62014"}],"curies":[{"name":"wp","href":"https:\/\/api.w.org\/{rel}","templated":true}]}}