{"id":620,"date":"2005-05-30T12:59:29","date_gmt":"2005-05-30T10:59:29","guid":{"rendered":""},"modified":"2016-03-31T10:47:14","modified_gmt":"2016-03-31T08:47:14","slug":"piccolo-glossario-filosofico-teologico","status":"publish","type":"post","link":"https:\/\/www.rassegnastampa-totustuus.it\/cattolica\/piccolo-glossario-filosofico-teologico\/","title":{"rendered":"Piccolo glossario filosofico teologico"},"content":{"rendered":"<p><strong><img loading=\"lazy\" decoding=\"async\" class=\"alignright wp-image-32413\" src=\"https:\/\/www.rassegnastampa-totustuus.it\/cattolica\/wp-content\/uploads\/2005\/05\/filosofi-1.jpg\" alt=\"filosofi\" width=\"225\" height=\"150\" \/>Accidenti<\/strong><\/p>\n<p style=\"text-align: justify;\">Nella metafisica classica sono quegli enti, quelle caratteristiche che possono esiste solo appoggiandosi ad altro, cio\u00e8 alla sostanza.<\/p>\n<p style=\"text-align: justify;\"><strong>Angelo<\/strong><\/p>\n<p style=\"text-align: justify;\">In senso generico ogni creatura puramente spirituale (e perci\u00f2 di perfezione ontologica superiore all&#8217;uomo). Di angeli parlano sia la Rivelazione ebraico-cristiana sia l&#8217;Islam. Ma il concetto di angelo come creatura intermedia tra Dio e l&#8217;uomo non \u00e8 filosoficamente confutabile, e appare anzi come possibile e probabile. Nulla vieta infatti di pensare che Dio abbia completato l&#8217;ideale piramide che ha come base la materia inerte, come gradini successivamente ascendenti i vegetali, gli animali, e l&#8217;uomo, e come vertice Lui stesso, con un livello creaturale puramente spirituale. In senso specifico quella creatura spirituale che ha liberamente scelto (in modo definitivo e irreversibile [si veda il concetto di eviternit\u00e0]), a differenza del diavolo, di obbedire a Dio Creatore.<\/p>\n<p><!--more--><\/p>\n<p style=\"text-align: justify;\"><strong>Astrazione<\/strong><\/p>\n<p style=\"text-align: justify;\">Secondo Aristotele e Tommaso d&#8217;Aquino \u00e8 l&#8217;attivit\u00e0 con cui l&#8217;uomo, mediante l&#8217;intelletto agente coglie degli aspetti intelligibili universali presenti nel <a>dato<\/a> sensi<a>b<\/a>ile, che vengono espressi in concetti.<\/p>\n<p style=\"text-align: justify;\"><strong>Atto<\/strong><\/p>\n<p style=\"text-align: justify;\">Nel senso pi\u00f9 ampio, nella metafisica classica \u00e8 il correlativo di potenza: \u00e8 ci\u00f2 che effettivamente esiste, mentre potenza \u00e8 ci\u00f2 che semplicemente potrebbe esistere.\u00a0In un senso pi\u00f9 specifico \u00e8 l&#8217;estrinsecarsi concreto della facolt\u00e0 (o potenza) di un ente vivente (ed esempio l&#8217;atto di vedere, l&#8217;atto di pensare o di volere).<\/p>\n<p style=\"text-align: justify;\"><strong>Concetto<\/strong><\/p>\n<p style=\"text-align: justify;\">Unit\u00e0 discreta minima del pensiero. Esempi di concetto: rosso, ape, mare, sinfonia, parola.<\/p>\n<p style=\"text-align: justify;\"><strong>Cosa<\/strong><\/p>\n<p style=\"text-align: justify;\">Unit\u00e0 minima in cui si pu\u00f2, metafisicamente parlando, scomporre la realt\u00e0. Equivale (grosso modo) a ente.<\/p>\n<p style=\"text-align: justify;\"><strong>Dato\u00a0<\/strong>[Si oppone a costruito, o elaborato]<\/p>\n<p style=\"text-align: justify;\">Ci\u00f2 che precede l&#8217;intervento attivo del soggetto, elaborante e volente. Dato sensibile \u00e8 l&#8217;oggetto della sensazione, dato intelligibile \u00e8 l&#8217;oggetto dell&#8217;intellezione (\/dell&#8217;attivit\u00e0 intellettiva), dato di fede (vedasi dogma, rivelazione) \u00e8 l&#8217;oggetto della fede: in tutti i casi il dato si impone al soggetto (senziente, intelligente o credente) come qualcosa che ne precede ogni possibile manipolazione attiva.<\/p>\n<p style=\"text-align: justify;\"><strong>Diavolo\u00a0<\/strong>[Per il Cristianesimo e l&#8217;Islam]<\/p>\n<p style=\"text-align: justify;\">Creatura puramente spirituale [vedi angelo], che ha operato una scelta definitiva e irreversibile [vedi eviternit\u00e0]di ribellione a Dio Creatore, e si trova pertanto &#8220;fissato&#8221; per l&#8217;eternit\u00e0 nel male, e dunque nella sofferenza. Tale irreversibile, interminabile sofferenza spinge il diavolo a trascinare in una condizione analoga alla sua quanti pi\u00f9 esseri umani possibile.<\/p>\n<p style=\"text-align: justify;\">[Plausibilit\u00e0 della sua esistenza]<\/p>\n<p style=\"text-align: justify;\">Il tipo di crudelt\u00e0 di cui l&#8217;uomo \u00e8 stato artefice nella storia \u00e8 un argomento imponente a favore dell&#8217;esistenza del diavolo, come colui che (&#8220;omicida fin dal principio&#8221;) lo &#8220;tenta&#8221;, istigandolo al male. In questo senso ammettere l&#8217;esistenza di un Tentatore, che usa della sua superiore capacit\u00e0 conoscitiva e operativa, per rovinare l&#8217;uomo, devastando l&#8217;opera di Dio, che egli odia, e trascinando l&#8217;uomo nella sua eterna infelicit\u00e0, aiuta a vedere con pi\u00f9 misericordia l&#8217;uomo stesso. Su questo argomento consigliamo vivamente l&#8217;opera di C.S.Lewis, <em>Le lettere di Berlicche<\/em>, ed. Mondadori.<\/p>\n<p style=\"text-align: justify;\"><strong>Dio<\/strong><\/p>\n<p style=\"text-align: justify;\">Dio \u00e8 il Tutto, \u00e8 Tutto. \u00c8 la pienezza del Bene (Colui che \u00e8 sommamente buono, infinitamente buono), la pienezza della verit\u00e0 e dell&#8217;intelligenza (Colui che sa tutto, in modo infinitamente perfetto) la pienezza della potenza (Colui che pu\u00f2 tutto, in modo infinitamente perfetto).<\/p>\n<p style=\"text-align: justify;\"><strong style=\"font-size: 12px;\">1.<\/strong><span style=\"font-size: 12px;\"> Di fatto si parla di Dio solo con la Rivelazione: la filosofia greca e romana parla di divino, di dei, talvolta anche di Dio (del Dio), ma in senso ben diverso da quello ebraico e cristiano. Quello di cui parla la filosofia greca \u00e8 quanto meno un dio finito, cio\u00e8 limitato (come il Demiurgo di Platone, che non crea), che quindi anche quando vuole il bene dell&#8217;uomo non pu\u00f2 attuarlo che in modo imperfetto; ma in diversi filosofi greci dio non solo non pu\u00f2 il bene dell&#8217;uomo, ma nemmeno lo vuole: cos\u00ec il Motore Immobile di Aristotele non si interessa della vicenda umana, cos\u00ec gli dei di Epicuro.<\/span><\/p>\n<p style=\"text-align: justify;\"><strong style=\"font-size: 12px;\">2.<\/strong><span style=\"font-size: 12px;\"> Eppure dopo che il Cristianesimo si diffuse molti filosofi hanno cercato di dimostrare l&#8217;esistenza di Dio cos\u00ec come la Rivelazione lo presenta, ossia come il Mistero infinito e onnipotente che ha creato tutte le cose per un disegno buono. Hanno elaborato cio\u00e8 prove dell&#8217;esistenza di Dio. E anche hanno cercato anche di capire il pi\u00f9 possibile con la ragione come Dio sia, come debba essere pensato, cio\u00e8 appunto come pienezza infinita ed eterna di conoscenza, di amore, di potenza, hanno cio\u00e8 cercato di elaborare gli attributi di Dio.<\/span><\/p>\n<p style=\"text-align: justify;\"><strong style=\"font-size: 12px;\">3.<\/strong><span style=\"font-size: 12px;\"> Qualcuno ha preteso di dimostrare che Dio non esiste? Una tale dimostrazione \u00e8 strutturalmente impossibile, e infatti nessuno l&#8217;ha mai tentata. I filosofi atei hanno piuttosto cercato di spiegare perch\u00e9 l&#8217;uomo pu\u00f2 fare a meno di Dio, o perch\u00e9 deve farne a meno (come Nietzsche, per il quale Dio non deve esistere affinch\u00e9 il superuomo sia). Molti hanno ritenuto che la stessa domanda su Dio, il senso religioso, sia da negarsi alla radice: non bisogna pi\u00f9 pensarci, lo stesso porre tale questione \u00e8 gi\u00e0 negativo (cos\u00ec, pur in modi diversi, Comte e Marx).<\/span><\/p>\n<p style=\"text-align: justify;\"><strong style=\"font-size: 12px;\">4.<\/strong><span style=\"font-size: 12px;\"> Il secolo XX ha dimostrato a suo modo l&#8217;esistenza di Dio, rendendo evidente a quali tragedie giunga l&#8217;uomo quando pretende di negare radicalmente Dio: come gi\u00e0 aveva profeticamente visto Dostojevskj, senza Dio tutto \u00e8 permesso (si veda anche il Caligola di Camus).<\/span><\/p>\n<p style=\"text-align: justify;\"><strong>Dramma<\/strong><\/p>\n<p style=\"text-align: justify;\">Lo \u00e8 la vita, piaccia o non piaccia. Il dramma non \u00e8 n\u00e9 tragedia n\u00e9 commedia. Impegna la libert\u00e0 ad ogni istante. Implica la continua possibilit\u00e0 di sbagliare, ma anche la continua possibilit\u00e0 di vincere (con la grazia) il male che \u00e8 in noi.<\/p>\n<p style=\"text-align: justify;\"><strong>Ente<\/strong><\/p>\n<p style=\"text-align: justify;\">Ci\u00f2 che \u00e8 (\/la cosa). Secondo la metafisica Scolastica si compone di due principi: l&#8217;essenza e l&#8217;esistenza (\/essere).<\/p>\n<p style=\"text-align: justify;\"><strong>Essenza<\/strong><\/p>\n<p style=\"text-align: justify;\">Ci\u00f2 per cui una cosa \u00e8 cos\u00ec.<\/p>\n<p style=\"text-align: justify;\"><strong>Essere<\/strong><\/p>\n<p style=\"text-align: justify;\">Termine fondamentale in filosofia, originario (trascendentale) e polisenso. Pu\u00f2 designare<\/p>\n<p style=\"text-align: justify;\">1.\u00a0ci\u00f2 che esiste (sinonimo di realt\u00e0)<\/p>\n<p>\u00a0 2.\u00a0ci\u00f2 per cui ci\u00f2, che esiste, esiste (sinonimo di esistenza, in termini scolastici di actus essendi, polarmente correlato, nell&#8217;ente, a essenza) 3. il fatto (\/l&#8217;atto) di esistere <strong>Eviternit\u00e0<\/strong><\/p>\n<p style=\"text-align: justify;\">Condizione delle creature puramente spirituali (vedi angelo e diavolo), intermedia il tempo, proprio della condizione dell&#8217;uomo, creatura corporeo-spirituale, e l&#8217;eternit\u00e0, propria di Dio. L&#8217;eviternit\u00e0 non conosce successione di istanti, come accade per il tempo, che si dispiega in una molteplicit\u00e0, ma si avvicina in qualche modo all&#8217;unit\u00e0 del presente eterno. In particolare l&#8217;eviternit\u00e0 delle creature spirituali, di cui pure si pu\u00f2 dire che abbiano &#8220;cominciato a esistere&#8221;, ne spiega l&#8217;irreversibilit\u00e0 di scelta loro caratteristica.<\/p>\n<p style=\"text-align: justify;\"><strong>Facolt\u00e0\u00a0<\/strong>[Ovvero potenza]<\/p>\n<p style=\"text-align: justify;\">Funzione attraverso cui l&#8217;anima (\/l&#8217;uomo) compie atti di tipo non [esclusivamente] materiale (\/non transitivo], come sentire, ricordare, immaginare, pensare, volere, amare.<\/p>\n<p>schematizzando:<\/p>\n<table border=\"1\" cellspacing=\"0\" cellpadding=\"0\">\n<tbody>\n<tr>\n<td valign=\"top\" width=\"326\">\u00a0<strong>ATTO<\/strong><\/td>\n<td valign=\"top\" width=\"326\">\u00a0<strong>FACOLTA&#8217; CHE LO COMPIE<\/strong><\/td>\n<\/tr>\n<tr>\n<td valign=\"top\" width=\"300\">\u00a0sentire<\/td>\n<td valign=\"top\" width=\"300\">\u00a0sensi<\/td>\n<\/tr>\n<tr>\n<td valign=\"top\" width=\"300\">\u00a0ricordare<\/td>\n<td valign=\"top\" width=\"300\">\u00a0memoria<\/td>\n<\/tr>\n<tr>\n<td valign=\"top\" width=\"326\">\u00a0immaginare<\/td>\n<td valign=\"top\" width=\"326\">\u00a0immaginazione<\/td>\n<\/tr>\n<tr>\n<td valign=\"top\" width=\"326\">\u00a0pensare (capire\/ragionare\/giudicare)<\/td>\n<td valign=\"top\" width=\"326\">\u00a0intelligenza (intelletto\/mente\/pensiero\/ragione)<\/td>\n<\/tr>\n<tr>\n<td valign=\"top\" width=\"326\">\u00a0volere, amare<\/td>\n<td valign=\"top\" width=\"326\">\u00a0volont\u00e0<\/td>\n<\/tr>\n<\/tbody>\n<\/table>\n<div align=\"justify\"><\/div>\n<div style=\"text-align: justify;\">In qualche modo quindi le facolt\u00e0 stanno all&#8217;anima come gli organi (polmoni, cuore, stomaco, etc.) stanno al corpo (considerato come tutto, come organismo).<\/div>\n<p style=\"text-align: justify;\"><strong>Forma<\/strong><\/p>\n<p style=\"text-align: justify;\">Principio ontologico che fornisce a una sostanza la sua determinatezza. In ogni sostanza quindi la materia \u00e8 il fattore di determinabilit\u00e0, e la forma quello di determinazione.<\/p>\n<p style=\"text-align: justify;\"><strong>Giudizio<\/strong><\/p>\n<p style=\"text-align: justify;\">Secondo la Scolastica \u00e8 la &#8220;seconda operazione&#8221; dell&#8217;intelletto (la prima \u00e8 l&#8217;astrazione), consistente nell&#8217;unire pi\u00f9 concetti. Esempio: quell&#8217;automobile \u00e8 molto veloce. Il g. \u00e8 fondamentale per Agostino e Blondel, mentre \u00e8 semplice conseguenza del concetto per il tomismo.<\/p>\n<p style=\"text-align: justify;\">In senso esistenziale, un giudizio \u00e8 dato quando il soggetto stabilisce in modo certo e nitido una verit\u00e0, su cui pu\u00f2 impostare una azione sicura (\/sicuramente convergente all&#8217;unitario destino, al fine ultimo, dell&#8217;esistenza). Di fatto tutta la conoscenza intellettiva concreta si suddivide in opinioni e giudizi.<\/p>\n<p>schematizzando quindi:<\/p>\n<table border=\"1\" width=\"541\" cellspacing=\"0\" cellpadding=\"0\">\n<tbody>\n<tr>\n<td valign=\"top\" width=\"326\"><\/td>\n<td valign=\"top\" width=\"326\">\u00a0giudizio in senso stretto (esistenziale)<\/td>\n<td valign=\"top\" width=\"300\">\u00a0certezza<\/td>\n<td valign=\"top\" width=\"300\">\u00a0pace<\/td>\n<\/tr>\n<tr>\n<td valign=\"top\" width=\"300\">\u00a0giudizio in senso lato<\/td>\n<td valign=\"top\" width=\"300\"><\/td>\n<td valign=\"top\" width=\"300\"><\/td>\n<td valign=\"top\" width=\"300\"><\/td>\n<\/tr>\n<tr>\n<td valign=\"top\" width=\"300\"><\/td>\n<td valign=\"top\" width=\"300\">\u00a0opinione<\/td>\n<td valign=\"top\" width=\"300\">\u00a0incertezza<\/td>\n<td valign=\"top\" width=\"300\">\u00a0inquietudine<\/td>\n<\/tr>\n<\/tbody>\n<\/table>\n<div><\/div>\n<p style=\"text-align: justify;\"><strong>Grazia<\/strong><\/p>\n<p style=\"text-align: justify;\">Per il cristianesimo \u00e8 l\u2019energia soprannaturale che assimila l\u2019uomo a Cristo, Uomo \u2013 Dio, rendendolo capace di un giudizio, di una libert\u00e0 e di un amore gratuito altrimenti impossibili<\/p>\n<p style=\"text-align: justify;\"><strong>Illuminazione<\/strong><\/p>\n<p style=\"text-align: justify;\">Per Agostino \u00e8 il fenomeno che accompagna ogni giudizio umano retto e certo. Essa \u00e8 operata nell&#8217;interiorit\u00e0 dello spirito umano da Dio stesso, o meglio dal maestro Interiore, Cristo. Infatti solo Colui che \u00e8 assolutamente immutabile pu\u00f2 consentire all&#8217;intelligenza dell&#8217;uomo un giudizio immutabile, stabile e vero, mentre non lo possono n\u00e9 gli oggetti dei sensi, intrinsecamente mutevoli, n\u00e9 la stessa anima umana, essa pure soggetta a fluttuazioni.<\/p>\n<p style=\"text-align: justify;\"><strong>Intellezione<\/strong><\/p>\n<p style=\"text-align: justify;\">Attivit\u00e0 con cui l&#8217;intelligenza (\/intelletto, \/ragione, \/mente, \/pensiero) coglie il suo oggetto, in qualche modo afferrandolo e comprendendolo. Per Aristotele e Tommaso d&#8217;Aquino essa \u00e8 resa possibile dall&#8217;astrazione, per Agostino piuttosto per una illuminazione, operata dal Maestro interiore.<\/p>\n<p style=\"text-align: justify;\"><strong>Libert\u00e0<\/strong><\/p>\n<p style=\"text-align: justify;\">si possono distinguerne tre tipi:<\/p>\n<p style=\"text-align: justify;\"><strong style=\"font-size: 12px;\"><span style=\"text-decoration: underline;\">esteriore<\/span><\/strong><span style=\"font-size: 12px;\"> (sono libero se gli altri [\/circostanze esterne]mi lasciano libero) qui si radica la questione politica della libert\u00e0 (vedi liberalismo\/liberismo\/diritti)\u00a0<\/span><\/p>\n<p style=\"text-align: justify;\"><sup>\u00a0<\/sup><strong><span style=\"text-decoration: underline;\">interiore<\/span><\/strong> (a sua volta suddivisibile in)<\/p>\n<p style=\"text-align: justify;\"><sup>\u00a0<\/sup>&#8220;minor&#8221;, o libert\u00e0 di scelta, o libero arbitrio (=in ogni istante sono libero tra pi\u00f9 alternative: anche se fossi privo della libert\u00e0 esteriore, murato vivo senza poter muovere un dito, potrei scegliere che cosa pensare e che cosa volere, desiderare, amare) [tutti gli esseri intelligenti hanno questa libert\u00e0, sempre e comunque]<\/p>\n<p style=\"text-align: justify;\"><sup>\u00a0<\/sup>&#8220;maior&#8221;, o libert\u00e0 di autonomia (= libert\u00e0 di essere ci\u00f2 che sono, di attuare la mia vera [\/interiore\/profonda] essenza \/natura; = possibilit\u00e0 di autenticit\u00e0; = soddisfazione del desiderio [fondamentalmente di essere s\u00e8 stesso\/ci\u00f2 che veramente si \u00e8]) [non tutti gli esseri intelligenti hanno questa libert\u00e0 = va conquistata, e la si possiede, di fatto, sempre &#8220;pi\u00f9 o meno&#8221;, pu\u00f2 crescere o diminuire<sup>]<\/sup><\/p>\n<p style=\"text-align: justify;\"><strong style=\"font-size: 12px;\">Male<\/strong><\/p>\n<p style=\"text-align: justify;\">Assenza (\/mancanza, \/privazione) di bene, cio\u00e8 di essere (\/non essere). Classica \u00e8 la distinzione agostininana tra tre tipi di male<\/p>\n<p style=\"text-align: justify;\">m. <strong>metafisico<\/strong> = assenza di essere nella propria realt\u00e0 strutturale, nel punto di partenza. Ogni creatura ne \u00e8 affetta, in quanto non \u00e8 la Pienezza dell&#8217;Essere, non \u00e8 Dio.<\/p>\n<p style=\"text-align: justify;\">m. <strong>morale<\/strong> = assenza di essere nella azione intrapresa, in un segmento di cammino percorso: l&#8217;azione non \u00e8 come dovrebbe (e potrebbe). Manca, difetta. Difetta di qualcosa che dovrebbe avere; \u00e9 impoverita, carente, zoppicante. Ma lo zoppicare non \u00e8 relativo ad una fine di poco conto, o a un livello &#8220;tecnico&#8221;, \u00e8 relativo al destino ultimo, perci\u00f2 \u00e8 una ferita seria, profonda, che produce il male fisico o sofferenza, \u00e8, in termini teologici il peccato.<\/p>\n<p style=\"text-align: justify;\">m. <strong>fisico<\/strong> = assenza di essere nel risultato dell&#8217;azione intrapresa, nella meta (provvisoria [relativa a un segmento]o definitiva [vedi morte, inferno]): se l&#8217;azione compiuta \u00e8 carente di essere il risultato che ne consegue \u00e8 carente di essere; e la carenza di essere a livello di risonanza emotiva \u00e8 la sofferenza.<\/p>\n<p style=\"text-align: justify;\">Il male fisico \u00e8 conseguenza del male morale, ma non nel senso che nella vita presente vi sia esatta corrispondenza tra l&#8217;uno e l&#8217;altro (si veda il tema della sofferenza del giusto e della [apparente] felicit\u00e0 del malvagio). Tale corrispondenza vi sar\u00e0, nella prospettiva cristiana (ma in genere monoteistica) solo nella vita futura e definitiva.<\/p>\n<p style=\"text-align: justify;\"><strong>Materia<\/strong><\/p>\n<p style=\"text-align: justify;\">In senso specifico, per la filosofia classica, \u00e8 il correlativo di forma: \u00e8 il principio ontologico di determinabilit\u00e0 che si compone con la forma in ogni sostanza corporea. In altri termini la materia \u00e8 un sostrato indeterminato, e in quanto tale \u00e8 recettivo di qualsivoglia forma.<\/p>\n<p style=\"text-align: justify;\">Le diverse filosofie hanno comunque diversamente interpretato il concetto di materia: Aristotele e i suoi seguaci (come Tommaso d&#8217;Aquino) riducono decisamente la materia a pura potenzialit\u00e0, totalmente indeterminata; Platone e l&#8217;indirizzo filosofico agostiniano e francescano attribuiscono alla materia una qualche sorta di seppur germinale determinatezza e attualit\u00e0.<\/p>\n<p style=\"text-align: justify;\"><strong>Memoria<\/strong><\/p>\n<p style=\"text-align: justify;\"><span style=\"text-decoration: underline;\">Gnoseologicamente<\/span> = una facolt\u00e0 conoscitiva atta a trattenere i ricordi.<\/p>\n<p style=\"text-align: justify;\">secondo Aristotele e Tommaso d&#8217;Aquino \u00e8 uno dei sensi interni (dunque \u00e8 nettamente meno importante di intelletto e volont\u00e0, che sono facolt\u00e0 dell&#8217;anima razionale, sono insomma a livello superiore)<\/p>\n<p style=\"text-align: justify;\">secondo la tradizione agostiniana e francescana \u00e8 facolt\u00e0 dell&#8217;anima razionale, di pari livello quindi dell&#8217;intelletto e della volont\u00e0.<\/p>\n<p style=\"text-align: justify;\"><span style=\"text-decoration: underline;\">Esistenzialemente<\/span><span style=\"font-size: 12px;\"> = stato (\/atteggiamento) dell&#8217;animo per cui il presente viene vissuto sulla scorta di un passato visto non come gravosa palla al piede, ma come ricchezza esistenziale, prezioso punto di partenza per non essere alienati dal potere.<\/span><\/p>\n<p style=\"text-align: justify;\"><strong>Metafisica<\/strong><\/p>\n<p style=\"text-align: justify;\">Parte della filosofia che considera la realt\u00e0 nei suoi aspetti pi\u00f9 universali (\/sintetici), ovvero come totalit\u00e0 (\/intero). Coltivata da quasi tutti i filosofi antichi e medioevali, \u00e8 di fatto stata accantonata (in favore della gnoseologia) da buona parte della filosofia moderna, e rigettata (a partire da Hume e da Kant) da una parte importante della filosofia contemporanea. Per il pensiero di matrice cristiana essa resta un momento irrinunciabile della riflessione filosofica, col compito essenziale di chiarire come la stessa ragione possa riconoscere l&#8217;esistenza di Dio.<\/p>\n<p style=\"text-align: justify;\"><strong>Modernit\u00e0<\/strong><\/p>\n<p style=\"text-align: justify;\">La ratio essendi della civilt\u00e0 seguita a quella medioevale, ossia il ci\u00f2 per cui l&#8217;epoca post medioevale \u00e8 un quid in qualche modo unitario e sviluppa una parabola almeno per certi aspetti intelligibile e coerente.<\/p>\n<p style=\"text-align: justify;\">Un primo problema in proposito \u00e8 appunto determinare se esista una modernit\u00e0, o non ci si debba limitare a parlare di epoca moderna e contemporanea, come un insieme di vicende e strutture (materiali e spirituali) di cui \u00e8 impossibile cogliere un logos unitario.<\/p>\n<p style=\"text-align: justify;\">In secondo luogo si tratta di determinare se vi siano pi\u00f9 modernit\u00e0 ed eventualmente quali. A questo proposito studiosi del &#8216;900 hanno evidenziato l&#8217;esistenza, accanto ad una m. &#8220;laica&#8221; e antropocentrica, di una m. teocentrica e cristiana<\/p>\n<p style=\"text-align: justify;\"><strong>Natura<\/strong><\/p>\n<p style=\"text-align: justify;\">Termine polisenso:<\/p>\n<p style=\"text-align: justify;\"><strong style=\"font-size: 12px;\">metafisicamente<\/strong><span style=\"font-size: 12px;\"> significa essenza,<\/span><\/p>\n<p style=\"text-align: justify;\"><strong style=\"font-size: 12px;\">cosmologicamente<\/strong><span style=\"font-size: 12px;\"> (ed \u00e8 questo il significato pi\u00f9 corrente) equivale a mondo (\/cosmo, = insieme di tutte le cose [materiali, o pi\u00f9 precisamente sensibili]),<\/span><\/p>\n<p style=\"text-align: justify;\"><strong style=\"font-size: 12px;\">teologicamente<\/strong><span style=\"font-size: 12px;\"> designa l&#8217;insieme e ognuna delle realt\u00e0 create, in quanto distinte dal Creatore e dal soprannaturale.<\/span><\/p>\n<p style=\"text-align: justify;\"><strong>Ontologia<\/strong><\/p>\n<p style=\"text-align: justify;\">Sapere riferito all&#8217;essere. Vedi m<a>e<\/a>tafisica.<\/p>\n<p style=\"text-align: justify;\"><strong>Peccato originale<\/strong><\/p>\n<p style=\"text-align: justify;\">Secondo la concezione cristiana \u00e8 il fatto che, all&#8217;origine della storia umana, ha segnato una ribellione al Disegno di Dio da parte dei progenitori di tutto il genere umano. Tale ribellione, comunque lo si immagini (assumendo pi\u00f9 o meno letteralmente l&#8217;episodio del Genesi), \u00e8 consistita essenzialmente in un peccato di superbia (voler &#8220;essere come Dio&#8221;, mettersi al posto del Creatore, usurpandone il posto e non accettando il limite della propria creaturalit\u00e0) e ha prodotto nell&#8217;intero genere umano, che dai progenitori \u00e8 disceso, una debilitante alterazione del proprio stato: la natura umana si \u00e8 trovata cio\u00e8 in uno stato di non-integrit\u00e0, ovvero di malattia, per cui conoscere integramente e rettamente il vero e volere il bene sono diventati, in tutti gli esseri umani, qualcosa di difficoltoso e di non attingibile adeguatamente senza un aiuto da parte di Dio (vedasi grazia, redenzione).<\/p>\n<p style=\"text-align: justify;\">Argomento correlato: il monogenismo (\/poligenismo). Un&#8217;unica coppia ha dato origine a tutto il genere umano? Per la fede cattolica la risposta \u00e8 affermativa, pena il non fondare due dati irrinunciabili: la fratellanza universale e l&#8217;universalit\u00e0 degli effetti del peccato originale (quindi l&#8217;universale bisogno di redenzione: diversamente Cristo sarebbe venuto solo per alcuni, per i discendenti cio\u00e8 dell&#8217;unica coppia responsabile. A meno che pi\u00f9 coppie umane originarie (da cui deriverebbero pi\u00f9 ceppi razziali, la cui unit\u00e0 a quel punto deriverebbe solo da un interventio provvidenziale speciale e non da un dato anzitutto naturale) abbiano commesso (pi\u00f9 o meno contemporaneamente, a quel punto sarebbe indifferente) lo stesso peccato.<\/p>\n<p style=\"text-align: justify;\"><strong>Potenza<\/strong><\/p>\n<p style=\"text-align: justify;\">Vedi at<a>t<\/a>o.<\/p>\n<p style=\"text-align: justify;\"><strong>Principio<\/strong><\/p>\n<p style=\"text-align: justify;\">Metafisicamente \u00e8, in un ente, un fattore <em>distinguibile<\/em> da altri, ma <em>non separabile<\/em>, e che concorre a costuire l&#8217;ente stesso. Con termine inelegante la scolstica lo definisce &#8220;ens ut quibus&#8221;, opponendolo a &#8220;ens ut quae&#8221;: non \u00e8 una cosa, ma la componente di una cosa. Non essendo separabile non si pu\u00f2 ad esempio dire che un principio sta alla cosa (principiata) come una particella elementare sta all&#8217;atomo (che essa concorre a comporre).<\/p>\n<p style=\"text-align: justify;\"><strong>Ragione<\/strong><\/p>\n<p style=\"text-align: justify;\">\u00c8 la capacit\u00e0 di rendersi conto di ci\u00f2 che esiste (\/della realt\u00e0) ricercandone un significato adeguato (\/cercando di capirne il senso).<\/p>\n<p style=\"text-align: justify;\"><strong>Significato<\/strong><\/p>\n<p style=\"text-align: justify;\">Ci\u00f2 a cui rimanda un segno come suo senso in qualche modo esauriente. Il significato di una parola \u00e8 ci\u00f2 che quella parola significa (ci\u00f2 di cui quella parola \u00e8 segno), il significato della realt\u00e0 \u00e8 ci\u00f2 che la realt\u00e0 significa (ci\u00f2 di cui la realt\u00e0 \u00e8 segno). Il significato della realt\u00e0 \u00e8 solo nella totalit\u00e0: <span style=\"text-decoration: underline;\">per capire qualcosa devo vederne il nesso con altro, ultimamente con la totalit\u00e0<\/span>.<\/p>\n<p style=\"text-align: justify;\"><strong>Sos<\/strong><a><strong>t<\/strong><\/a><a><strong>a<\/strong><\/a><strong>nza<\/strong><\/p>\n<p style=\"text-align: justify;\">Nella metafisica classica tipo di ente dotato di una certa autosufficienza, contrariamente agli accidenti, che possono esistere solo inerendo (appoggiandosi) ad essa. Secondo Aristotele l&#8217;autosufficienza della sostanza \u00e8 solo relativa, per Cartesio essa \u00e8 pi\u00f9 accentuata (res quae nulla alia re indiget ad existendum), per Spinoza essa \u00e8 assoluta (tant&#8217;\u00e8 che esiste una sola sostanza).<\/p>\n<p style=\"text-align: justify;\"><strong>Soprannaturale<\/strong><\/p>\n<p style=\"text-align: justify;\">Teologicamente \u00e8 il correlativo di natura: designa Dio, nalla Sua intima Vita (\/in S\u00e8 stesso) e la partecipazione che Dio f\u00e0 di S\u00e8 alla Sua creatura spirituale (uomo e angelo). In quest&#8217;ultimo senso soprannaturale \u00e8, in larga misura, coestensivo a grazia.<\/p>\n<p style=\"text-align: justify;\"><strong>Teologia<\/strong><\/p>\n<p style=\"text-align: justify;\">\u00b0razionale = parte della metafisica che concerne Dio (sua esistenza, caratteri essenziali razionalmente conoscibili, e rapporto col mondo creato)<\/p>\n<p style=\"text-align: justify;\">\u00b0cristiana = discorso che l&#8217;intelligenza credente sviluppa a partire dalla fede e dentro la fede su Dio, in quanto Lui stesso si \u00e8 comunicato all&#8217;uomo, in Cristo<\/p>\n<p style=\"text-align: justify;\"><strong>Tolleranza<\/strong><\/p>\n<p style=\"text-align: justify;\">Nella versione illuministica (illuminata!) = sop-portazione (tollo, -is, sustuli, <em>sub-latum<\/em>) che si ferma agli aspetti epidermici (ci\u00f2 che l&#8217;altro pensa di essere, ci\u00f2 che l&#8217;altro appare). <em>Corollario<\/em> (\/atteggiamenti implicati): ti odio (\/ti disprezzo) ma faccio finta di rispettarti, vorrei tanto che tu non ci fossi ma\u2026<\/p>\n<p style=\"text-align: justify;\">Nella versione cristiana: considero non aspetti epidermici, ma la verit\u00e0 di te, perci\u00f2 amo la tua verit\u00e0 (=la verit\u00e0 di te), disponibile ad essere sincero sugli aspetti in cui tu tradisci la tua verit\u00e0, ma per amore a ci\u00f2 che davvero tu sei.<\/p>\n<p style=\"text-align: justify;\"><strong>Tomismo<\/strong><\/p>\n<p style=\"text-align: justify;\">Sistema filosofico e teologico ispirato al pensiero di Tommaso d&#8217;Aquino. \u00c8 stato per secoli (falla fine del Medioevo all&#8217;800) punto di riferimento privilegiato della Chiesa cattolica. Integrando Aristotele dentro una sintesi cristiana, conferisce alla natura una autonomia molto maggiore di quella riconosciutale da Agostino (e dai suoi discepoli).<\/p>\n<p style=\"text-align: justify;\"><strong>Trascendentali<\/strong><\/p>\n<p style=\"text-align: justify;\">Gli aspetti estesi a <span style=\"text-decoration: underline;\">tutto<\/span> ci\u00f2 che esiste (per Kant: a tutto ci\u00f2 che \u00e8 conoscibile): l&#8217;essere (tutto ci\u00f2 che esiste \u00e8, \u00e8 dell&#8217;essere), l&#8217;unit\u00e0 (tutto ci\u00f2 che esiste \u00e8 uno: se ne possiamo parlare \u00e8 perch\u00e9 \u00e8 uno; anche un mucchio di sassi \u00e8 un mucchio, uno sciame di api \u00e8 uno sciame), il bene e il vero (tutto ci\u00f2 che esiste \u00e8 buono ed \u00e8 vero). Questi ultimi due sono di fatto riconosciuti come trascendentali solo da chi ammette Dio: solo se Lui ha creato tutto si pu\u00f2 sapere in partenza che tutto \u00e8 buono (perch\u00e9 Dio lo vuole) e vero (perch\u00e9 Dio lo conosce).<\/p>\n<p style=\"text-align: justify;\"><strong>Uomo<\/strong><\/p>\n<p style=\"text-align: justify;\">Problemi filosofici e teologici riguardo all&#8217;u. :<\/p>\n<p style=\"text-align: justify;\">&#8211; esiste una natura u<a>m<\/a>ana?<\/p>\n<p style=\"text-align: justify;\">&#8211; come va concepita tale natura, nel contesto della totalit\u00e0 cosmica (vedi umanesimo\/naturalismo &#8211; animalismo-ecologismo)<\/p>\n<p style=\"text-align: justify;\">&#8211; l&#8217;uomo \u00e8 essenzialmente spirito, o unit\u00e0 di spirito e corpo, o soltanto corpo?<\/p>\n<p style=\"text-align: justify;\">&#8211; esiste una libert\u00e0 di scelta?<\/p>\n<p style=\"text-align: justify;\">&#8211; l&#8217;uomo \u00e8 destinato a un fine ultimo trascendente e infinito? Come ci\u00f2 si riverbera sulla sua sua esistenza attuale (vedi desiderio, felicit\u00e0)?<\/p>\n<p style=\"text-align: justify;\"><strong style=\"font-size: 12px;\">1.\u00a0\u00a0\u00a0\u00a0 <\/strong><strong style=\"font-size: 12px;\">natura umana<\/strong><\/p>\n<p style=\"text-align: justify;\">Non esiste per pensatori come Sartre, per il quale l&#8217;uomo \u00e8 assoluto Per S\u00e9, libert\u00e0 capace di totale autocreazione. In un certo senso gi\u00e0 altri pensatori avevano anticipato questo esito, ad esempio Fichte, per il quale l&#8217;Io si autopone come assoluta attivit\u00e0. In generale molta modernit\u00e0 \u00e8 pervasa dal desiderio di svincolarsi dall&#8217;oggettivit\u00e0 in cui rientra in qualche modo la stessa natura umana, in quanto da<a>t<\/a>o.<\/p>\n<p style=\"text-align: justify;\">Esiste per la tradizione ellenica e cristiano-medioevale, come pure per parte della filosofia moderna (incluso P<a>i<\/a>co della Mirandola) e contemporanea. Il problema principale allora non \u00e8 inventare qualcosa che non c&#8217;\u00e8, ma accettare quello che c&#8217;\u00e8, quello che siamo: accettare noi stessi, come il primo dono che il Creatore ci ha fatto.<\/p>\n<p style=\"text-align: justify;\"><strong style=\"font-size: 12px;\">2.\u00a0\u00a0\u00a0\u00a0 <\/strong><strong style=\"font-size: 12px;\">Rapporto anima\/corpo<\/strong><\/p>\n<p style=\"text-align: justify;\">Gi\u00e0 la filosofia greca parlava di anima per definire il livello pi\u00f9 specifico dell&#8217;uomo, quello che lo distingue dagli animali. L&#8217;anima \u00e8 in effetti quella dimensione (ontologica) che rende l&#8217;uomo<\/p>\n<p style=\"text-align: justify;\">a)\u00a0superiore al resto del cosmo naturale e<\/p>\n<p style=\"text-align: justify;\">b)\u00a0simile a Dio (biblicamente &#8220;immagine e somioglianza di Dio&#8221;).<\/p>\n<p style=\"text-align: justify;\">Riconoscono che esiste un&#8217;anima, superiore al corpo (tra gli altri): Socrate, Platone, Aristotele, gli stoici, Plotino, S.Agostino, S.Tommaso, S.Bonaventura, Duns Scoto, Marsilio Ficino, Cartesio, Leinbniz, Spinoza, Kant (come postulato), Fichte, Schelling, Hegel, Kierkegaard.<\/p>\n<p style=\"text-align: justify;\">Negano che esista un&#8217;anima (qualitativamente superiore al corpo), tra gli altri: Leucippo e Democrito, Epicuro, Comte, Marx, Nietzsche.<\/p>\n<p style=\"text-align: justify;\">L&#8217;esistenza dell&#8217;anima \u00e8 affermabile filosoficamente a partire dalla constatata esistenza di fenomeni che implicano un livello non materiale: tale il pensiero, tale la libert\u00e0, tale il pudore, tale la capacit\u00e0 di gratuit\u00e0.<\/p>\n","protected":false},"excerpt":{"rendered":"<p>Accidenti Nella metafisica classica sono quegli enti, quelle caratteristiche che possono esiste solo appoggiandosi ad altro, cio\u00e8 alla sostanza. Angelo In senso generico ogni creatura puramente spirituale (e perci\u00f2 di perfezione ontologica superiore all&#8217;uomo). Di angeli parlano sia la Rivelazione ebraico-cristiana sia l&#8217;Islam. Ma il concetto di angelo come creatura intermedia tra Dio e l&#8217;uomo &hellip; <\/p>\n<p><a class=\"more-link btn\" href=\"https:\/\/www.rassegnastampa-totustuus.it\/cattolica\/piccolo-glossario-filosofico-teologico\/\">Continua a leggere<\/a><\/p>\n","protected":false},"author":6,"featured_media":32413,"comment_status":"closed","ping_status":"open","sticky":false,"template":"","format":"standard","meta":{"footnotes":""},"categories":[57],"tags":[170],"class_list":["post-620","post","type-post","status-publish","format-standard","has-post-thumbnail","hentry","category-filosofia","tag-filosofia-2","item-wrap"],"yoast_head":"<!-- This site is optimized with the Yoast SEO plugin v27.5 - https:\/\/yoast.com\/product\/yoast-seo-wordpress\/ -->\n<title>Piccolo glossario filosofico teologico - Rassegna Stampa Cattolica<\/title>\n<meta name=\"description\" content=\"Rassegna Stampa Cattolica - Per una cultura che nasce dalla Rivelazione cristiana in conformit\u00e0 alla tradizione e al Magistero della Chiesa in opposizione ad ogni relativismo e totalitarismo\" \/>\n<meta name=\"robots\" content=\"index, follow, max-snippet:-1, max-image-preview:large, max-video-preview:-1\" \/>\n<link rel=\"canonical\" href=\"https:\/\/www.rassegnastampa-totustuus.it\/cattolica\/piccolo-glossario-filosofico-teologico\/\" \/>\n<meta property=\"og:locale\" content=\"it_IT\" \/>\n<meta property=\"og:type\" content=\"article\" \/>\n<meta property=\"og:title\" content=\"Piccolo glossario filosofico teologico - Rassegna Stampa Cattolica\" \/>\n<meta property=\"og:description\" content=\"Rassegna Stampa Cattolica - Per una cultura che nasce dalla Rivelazione cristiana in conformit\u00e0 alla tradizione e al Magistero della Chiesa in opposizione ad ogni relativismo e totalitarismo\" \/>\n<meta property=\"og:url\" content=\"https:\/\/www.rassegnastampa-totustuus.it\/cattolica\/piccolo-glossario-filosofico-teologico\/\" \/>\n<meta property=\"og:site_name\" content=\"Rassegna Stampa Cattolica\" \/>\n<meta property=\"article:publisher\" content=\"https:\/\/www.facebook.com\/rassegnastampacattolica\" \/>\n<meta property=\"article:published_time\" content=\"2005-05-30T10:59:29+00:00\" \/>\n<meta property=\"article:modified_time\" content=\"2016-03-31T08:47:14+00:00\" \/>\n<meta property=\"og:image\" content=\"https:\/\/www.rassegnastampa-totustuus.it\/cattolica\/wp-content\/uploads\/2005\/05\/filosofi-1.jpg\" \/>\n\t<meta property=\"og:image:width\" content=\"192\" \/>\n\t<meta property=\"og:image:height\" content=\"128\" \/>\n\t<meta property=\"og:image:type\" content=\"image\/jpeg\" \/>\n<meta name=\"author\" content=\"Redazione\" \/>\n<meta name=\"twitter:card\" content=\"summary_large_image\" \/>\n<meta name=\"twitter:creator\" content=\"@rassegnastampa9\" \/>\n<meta name=\"twitter:site\" content=\"@rassegnastampa9\" \/>\n<meta name=\"twitter:label1\" content=\"Scritto da\" \/>\n\t<meta name=\"twitter:data1\" content=\"Redazione\" \/>\n\t<meta name=\"twitter:label2\" content=\"Tempo di lettura stimato\" \/>\n\t<meta name=\"twitter:data2\" content=\"16 minuti\" \/>\n<script type=\"application\/ld+json\" class=\"yoast-schema-graph\">{\"@context\":\"https:\\\/\\\/schema.org\",\"@graph\":[{\"@type\":\"Article\",\"@id\":\"https:\\\/\\\/www.rassegnastampa-totustuus.it\\\/cattolica\\\/piccolo-glossario-filosofico-teologico\\\/#article\",\"isPartOf\":{\"@id\":\"https:\\\/\\\/www.rassegnastampa-totustuus.it\\\/cattolica\\\/piccolo-glossario-filosofico-teologico\\\/\"},\"author\":{\"name\":\"Redazione\",\"@id\":\"https:\\\/\\\/www.rassegnastampa-totustuus.it\\\/cattolica\\\/#\\\/schema\\\/person\\\/08f319d2bd1a0904ad9e2bfb7b15e5c3\"},\"headline\":\"Piccolo glossario filosofico teologico\",\"datePublished\":\"2005-05-30T10:59:29+00:00\",\"dateModified\":\"2016-03-31T08:47:14+00:00\",\"mainEntityOfPage\":{\"@id\":\"https:\\\/\\\/www.rassegnastampa-totustuus.it\\\/cattolica\\\/piccolo-glossario-filosofico-teologico\\\/\"},\"wordCount\":3331,\"publisher\":{\"@id\":\"https:\\\/\\\/www.rassegnastampa-totustuus.it\\\/cattolica\\\/#organization\"},\"image\":{\"@id\":\"https:\\\/\\\/www.rassegnastampa-totustuus.it\\\/cattolica\\\/piccolo-glossario-filosofico-teologico\\\/#primaryimage\"},\"thumbnailUrl\":\"https:\\\/\\\/www.rassegnastampa-totustuus.it\\\/cattolica\\\/wp-content\\\/uploads\\\/2005\\\/05\\\/filosofi-1.jpg\",\"keywords\":[\"filosofia\"],\"articleSection\":[\"Filosofia\"],\"inLanguage\":\"it-IT\"},{\"@type\":\"WebPage\",\"@id\":\"https:\\\/\\\/www.rassegnastampa-totustuus.it\\\/cattolica\\\/piccolo-glossario-filosofico-teologico\\\/\",\"url\":\"https:\\\/\\\/www.rassegnastampa-totustuus.it\\\/cattolica\\\/piccolo-glossario-filosofico-teologico\\\/\",\"name\":\"Piccolo glossario filosofico teologico - Rassegna Stampa Cattolica\",\"isPartOf\":{\"@id\":\"https:\\\/\\\/www.rassegnastampa-totustuus.it\\\/cattolica\\\/#website\"},\"primaryImageOfPage\":{\"@id\":\"https:\\\/\\\/www.rassegnastampa-totustuus.it\\\/cattolica\\\/piccolo-glossario-filosofico-teologico\\\/#primaryimage\"},\"image\":{\"@id\":\"https:\\\/\\\/www.rassegnastampa-totustuus.it\\\/cattolica\\\/piccolo-glossario-filosofico-teologico\\\/#primaryimage\"},\"thumbnailUrl\":\"https:\\\/\\\/www.rassegnastampa-totustuus.it\\\/cattolica\\\/wp-content\\\/uploads\\\/2005\\\/05\\\/filosofi-1.jpg\",\"datePublished\":\"2005-05-30T10:59:29+00:00\",\"dateModified\":\"2016-03-31T08:47:14+00:00\",\"description\":\"Rassegna Stampa Cattolica - Per una cultura che nasce dalla Rivelazione cristiana in conformit\u00e0 alla tradizione e al Magistero della Chiesa in opposizione ad ogni relativismo e totalitarismo\",\"breadcrumb\":{\"@id\":\"https:\\\/\\\/www.rassegnastampa-totustuus.it\\\/cattolica\\\/piccolo-glossario-filosofico-teologico\\\/#breadcrumb\"},\"inLanguage\":\"it-IT\",\"potentialAction\":[{\"@type\":\"ReadAction\",\"target\":[\"https:\\\/\\\/www.rassegnastampa-totustuus.it\\\/cattolica\\\/piccolo-glossario-filosofico-teologico\\\/\"]}]},{\"@type\":\"ImageObject\",\"inLanguage\":\"it-IT\",\"@id\":\"https:\\\/\\\/www.rassegnastampa-totustuus.it\\\/cattolica\\\/piccolo-glossario-filosofico-teologico\\\/#primaryimage\",\"url\":\"https:\\\/\\\/www.rassegnastampa-totustuus.it\\\/cattolica\\\/wp-content\\\/uploads\\\/2005\\\/05\\\/filosofi-1.jpg\",\"contentUrl\":\"https:\\\/\\\/www.rassegnastampa-totustuus.it\\\/cattolica\\\/wp-content\\\/uploads\\\/2005\\\/05\\\/filosofi-1.jpg\",\"width\":192,\"height\":128},{\"@type\":\"BreadcrumbList\",\"@id\":\"https:\\\/\\\/www.rassegnastampa-totustuus.it\\\/cattolica\\\/piccolo-glossario-filosofico-teologico\\\/#breadcrumb\",\"itemListElement\":[{\"@type\":\"ListItem\",\"position\":1,\"name\":\"Home\",\"item\":\"https:\\\/\\\/www.rassegnastampa-totustuus.it\\\/cattolica\\\/\"},{\"@type\":\"ListItem\",\"position\":2,\"name\":\"Piccolo glossario filosofico teologico\"}]},{\"@type\":\"WebSite\",\"@id\":\"https:\\\/\\\/www.rassegnastampa-totustuus.it\\\/cattolica\\\/#website\",\"url\":\"https:\\\/\\\/www.rassegnastampa-totustuus.it\\\/cattolica\\\/\",\"name\":\"Rassegna Stampa Cattolica\",\"description\":\"Per una cultura che nasce dalla Rivelazione cristiana in conformit\u00e0 alla tradizione e al Magistero della Chiesa in opposizione ad ogni relativismo e totalitarismo\",\"publisher\":{\"@id\":\"https:\\\/\\\/www.rassegnastampa-totustuus.it\\\/cattolica\\\/#organization\"},\"alternateName\":\"Rass. Cattolica\",\"potentialAction\":[{\"@type\":\"SearchAction\",\"target\":{\"@type\":\"EntryPoint\",\"urlTemplate\":\"https:\\\/\\\/www.rassegnastampa-totustuus.it\\\/cattolica\\\/?s={search_term_string}\"},\"query-input\":{\"@type\":\"PropertyValueSpecification\",\"valueRequired\":true,\"valueName\":\"search_term_string\"}}],\"inLanguage\":\"it-IT\"},{\"@type\":\"Organization\",\"@id\":\"https:\\\/\\\/www.rassegnastampa-totustuus.it\\\/cattolica\\\/#organization\",\"name\":\"Rassegna Stampa Cattolica\",\"url\":\"https:\\\/\\\/www.rassegnastampa-totustuus.it\\\/cattolica\\\/\",\"logo\":{\"@type\":\"ImageObject\",\"inLanguage\":\"it-IT\",\"@id\":\"https:\\\/\\\/www.rassegnastampa-totustuus.it\\\/cattolica\\\/#\\\/schema\\\/logo\\\/image\\\/\",\"url\":\"https:\\\/\\\/www.rassegnastampa-totustuus.it\\\/cattolica\\\/wp-content\\\/uploads\\\/2014\\\/04\\\/logo-rassegna1.gif\",\"contentUrl\":\"https:\\\/\\\/www.rassegnastampa-totustuus.it\\\/cattolica\\\/wp-content\\\/uploads\\\/2014\\\/04\\\/logo-rassegna1.gif\",\"width\":600,\"height\":163,\"caption\":\"Rassegna Stampa Cattolica\"},\"image\":{\"@id\":\"https:\\\/\\\/www.rassegnastampa-totustuus.it\\\/cattolica\\\/#\\\/schema\\\/logo\\\/image\\\/\"},\"sameAs\":[\"https:\\\/\\\/www.facebook.com\\\/rassegnastampacattolica\",\"https:\\\/\\\/x.com\\\/rassegnastampa9\"]},{\"@type\":\"Person\",\"@id\":\"https:\\\/\\\/www.rassegnastampa-totustuus.it\\\/cattolica\\\/#\\\/schema\\\/person\\\/08f319d2bd1a0904ad9e2bfb7b15e5c3\",\"name\":\"Redazione\",\"image\":{\"@type\":\"ImageObject\",\"inLanguage\":\"it-IT\",\"@id\":\"https:\\\/\\\/secure.gravatar.com\\\/avatar\\\/2fcdf27c78ea025fbdb44e914cc63c72249ffec9dc8aafd5c82b26240ef3f346?s=96&d=mm&r=g\",\"url\":\"https:\\\/\\\/secure.gravatar.com\\\/avatar\\\/2fcdf27c78ea025fbdb44e914cc63c72249ffec9dc8aafd5c82b26240ef3f346?s=96&d=mm&r=g\",\"contentUrl\":\"https:\\\/\\\/secure.gravatar.com\\\/avatar\\\/2fcdf27c78ea025fbdb44e914cc63c72249ffec9dc8aafd5c82b26240ef3f346?s=96&d=mm&r=g\",\"caption\":\"Redazione\"},\"url\":\"https:\\\/\\\/www.rassegnastampa-totustuus.it\\\/cattolica\\\/author\\\/pietroelle\\\/\"}]}<\/script>\n<!-- \/ Yoast SEO plugin. -->","yoast_head_json":{"title":"Piccolo glossario filosofico teologico - Rassegna Stampa Cattolica","description":"Rassegna Stampa Cattolica - Per una cultura che nasce dalla Rivelazione cristiana in conformit\u00e0 alla tradizione e al Magistero della Chiesa in opposizione ad ogni relativismo e totalitarismo","robots":{"index":"index","follow":"follow","max-snippet":"max-snippet:-1","max-image-preview":"max-image-preview:large","max-video-preview":"max-video-preview:-1"},"canonical":"https:\/\/www.rassegnastampa-totustuus.it\/cattolica\/piccolo-glossario-filosofico-teologico\/","og_locale":"it_IT","og_type":"article","og_title":"Piccolo glossario filosofico teologico - Rassegna Stampa Cattolica","og_description":"Rassegna Stampa Cattolica - Per una cultura che nasce dalla Rivelazione cristiana in conformit\u00e0 alla tradizione e al Magistero della Chiesa in opposizione ad ogni relativismo e totalitarismo","og_url":"https:\/\/www.rassegnastampa-totustuus.it\/cattolica\/piccolo-glossario-filosofico-teologico\/","og_site_name":"Rassegna Stampa Cattolica","article_publisher":"https:\/\/www.facebook.com\/rassegnastampacattolica","article_published_time":"2005-05-30T10:59:29+00:00","article_modified_time":"2016-03-31T08:47:14+00:00","og_image":[{"width":192,"height":128,"url":"https:\/\/www.rassegnastampa-totustuus.it\/cattolica\/wp-content\/uploads\/2005\/05\/filosofi-1.jpg","type":"image\/jpeg"}],"author":"Redazione","twitter_card":"summary_large_image","twitter_creator":"@rassegnastampa9","twitter_site":"@rassegnastampa9","twitter_misc":{"Scritto da":"Redazione","Tempo di lettura stimato":"16 minuti"},"schema":{"@context":"https:\/\/schema.org","@graph":[{"@type":"Article","@id":"https:\/\/www.rassegnastampa-totustuus.it\/cattolica\/piccolo-glossario-filosofico-teologico\/#article","isPartOf":{"@id":"https:\/\/www.rassegnastampa-totustuus.it\/cattolica\/piccolo-glossario-filosofico-teologico\/"},"author":{"name":"Redazione","@id":"https:\/\/www.rassegnastampa-totustuus.it\/cattolica\/#\/schema\/person\/08f319d2bd1a0904ad9e2bfb7b15e5c3"},"headline":"Piccolo glossario filosofico teologico","datePublished":"2005-05-30T10:59:29+00:00","dateModified":"2016-03-31T08:47:14+00:00","mainEntityOfPage":{"@id":"https:\/\/www.rassegnastampa-totustuus.it\/cattolica\/piccolo-glossario-filosofico-teologico\/"},"wordCount":3331,"publisher":{"@id":"https:\/\/www.rassegnastampa-totustuus.it\/cattolica\/#organization"},"image":{"@id":"https:\/\/www.rassegnastampa-totustuus.it\/cattolica\/piccolo-glossario-filosofico-teologico\/#primaryimage"},"thumbnailUrl":"https:\/\/www.rassegnastampa-totustuus.it\/cattolica\/wp-content\/uploads\/2005\/05\/filosofi-1.jpg","keywords":["filosofia"],"articleSection":["Filosofia"],"inLanguage":"it-IT"},{"@type":"WebPage","@id":"https:\/\/www.rassegnastampa-totustuus.it\/cattolica\/piccolo-glossario-filosofico-teologico\/","url":"https:\/\/www.rassegnastampa-totustuus.it\/cattolica\/piccolo-glossario-filosofico-teologico\/","name":"Piccolo glossario filosofico teologico - Rassegna Stampa Cattolica","isPartOf":{"@id":"https:\/\/www.rassegnastampa-totustuus.it\/cattolica\/#website"},"primaryImageOfPage":{"@id":"https:\/\/www.rassegnastampa-totustuus.it\/cattolica\/piccolo-glossario-filosofico-teologico\/#primaryimage"},"image":{"@id":"https:\/\/www.rassegnastampa-totustuus.it\/cattolica\/piccolo-glossario-filosofico-teologico\/#primaryimage"},"thumbnailUrl":"https:\/\/www.rassegnastampa-totustuus.it\/cattolica\/wp-content\/uploads\/2005\/05\/filosofi-1.jpg","datePublished":"2005-05-30T10:59:29+00:00","dateModified":"2016-03-31T08:47:14+00:00","description":"Rassegna Stampa Cattolica - Per una cultura che nasce dalla Rivelazione cristiana in conformit\u00e0 alla tradizione e al Magistero della Chiesa in opposizione ad ogni relativismo e totalitarismo","breadcrumb":{"@id":"https:\/\/www.rassegnastampa-totustuus.it\/cattolica\/piccolo-glossario-filosofico-teologico\/#breadcrumb"},"inLanguage":"it-IT","potentialAction":[{"@type":"ReadAction","target":["https:\/\/www.rassegnastampa-totustuus.it\/cattolica\/piccolo-glossario-filosofico-teologico\/"]}]},{"@type":"ImageObject","inLanguage":"it-IT","@id":"https:\/\/www.rassegnastampa-totustuus.it\/cattolica\/piccolo-glossario-filosofico-teologico\/#primaryimage","url":"https:\/\/www.rassegnastampa-totustuus.it\/cattolica\/wp-content\/uploads\/2005\/05\/filosofi-1.jpg","contentUrl":"https:\/\/www.rassegnastampa-totustuus.it\/cattolica\/wp-content\/uploads\/2005\/05\/filosofi-1.jpg","width":192,"height":128},{"@type":"BreadcrumbList","@id":"https:\/\/www.rassegnastampa-totustuus.it\/cattolica\/piccolo-glossario-filosofico-teologico\/#breadcrumb","itemListElement":[{"@type":"ListItem","position":1,"name":"Home","item":"https:\/\/www.rassegnastampa-totustuus.it\/cattolica\/"},{"@type":"ListItem","position":2,"name":"Piccolo glossario filosofico teologico"}]},{"@type":"WebSite","@id":"https:\/\/www.rassegnastampa-totustuus.it\/cattolica\/#website","url":"https:\/\/www.rassegnastampa-totustuus.it\/cattolica\/","name":"Rassegna Stampa Cattolica","description":"Per una cultura che nasce dalla Rivelazione cristiana in conformit\u00e0 alla tradizione e al Magistero della Chiesa in opposizione ad ogni relativismo e totalitarismo","publisher":{"@id":"https:\/\/www.rassegnastampa-totustuus.it\/cattolica\/#organization"},"alternateName":"Rass. Cattolica","potentialAction":[{"@type":"SearchAction","target":{"@type":"EntryPoint","urlTemplate":"https:\/\/www.rassegnastampa-totustuus.it\/cattolica\/?s={search_term_string}"},"query-input":{"@type":"PropertyValueSpecification","valueRequired":true,"valueName":"search_term_string"}}],"inLanguage":"it-IT"},{"@type":"Organization","@id":"https:\/\/www.rassegnastampa-totustuus.it\/cattolica\/#organization","name":"Rassegna Stampa Cattolica","url":"https:\/\/www.rassegnastampa-totustuus.it\/cattolica\/","logo":{"@type":"ImageObject","inLanguage":"it-IT","@id":"https:\/\/www.rassegnastampa-totustuus.it\/cattolica\/#\/schema\/logo\/image\/","url":"https:\/\/www.rassegnastampa-totustuus.it\/cattolica\/wp-content\/uploads\/2014\/04\/logo-rassegna1.gif","contentUrl":"https:\/\/www.rassegnastampa-totustuus.it\/cattolica\/wp-content\/uploads\/2014\/04\/logo-rassegna1.gif","width":600,"height":163,"caption":"Rassegna Stampa Cattolica"},"image":{"@id":"https:\/\/www.rassegnastampa-totustuus.it\/cattolica\/#\/schema\/logo\/image\/"},"sameAs":["https:\/\/www.facebook.com\/rassegnastampacattolica","https:\/\/x.com\/rassegnastampa9"]},{"@type":"Person","@id":"https:\/\/www.rassegnastampa-totustuus.it\/cattolica\/#\/schema\/person\/08f319d2bd1a0904ad9e2bfb7b15e5c3","name":"Redazione","image":{"@type":"ImageObject","inLanguage":"it-IT","@id":"https:\/\/secure.gravatar.com\/avatar\/2fcdf27c78ea025fbdb44e914cc63c72249ffec9dc8aafd5c82b26240ef3f346?s=96&d=mm&r=g","url":"https:\/\/secure.gravatar.com\/avatar\/2fcdf27c78ea025fbdb44e914cc63c72249ffec9dc8aafd5c82b26240ef3f346?s=96&d=mm&r=g","contentUrl":"https:\/\/secure.gravatar.com\/avatar\/2fcdf27c78ea025fbdb44e914cc63c72249ffec9dc8aafd5c82b26240ef3f346?s=96&d=mm&r=g","caption":"Redazione"},"url":"https:\/\/www.rassegnastampa-totustuus.it\/cattolica\/author\/pietroelle\/"}]}},"_links":{"self":[{"href":"https:\/\/www.rassegnastampa-totustuus.it\/cattolica\/wp-json\/wp\/v2\/posts\/620","targetHints":{"allow":["GET"]}}],"collection":[{"href":"https:\/\/www.rassegnastampa-totustuus.it\/cattolica\/wp-json\/wp\/v2\/posts"}],"about":[{"href":"https:\/\/www.rassegnastampa-totustuus.it\/cattolica\/wp-json\/wp\/v2\/types\/post"}],"author":[{"embeddable":true,"href":"https:\/\/www.rassegnastampa-totustuus.it\/cattolica\/wp-json\/wp\/v2\/users\/6"}],"replies":[{"embeddable":true,"href":"https:\/\/www.rassegnastampa-totustuus.it\/cattolica\/wp-json\/wp\/v2\/comments?post=620"}],"version-history":[{"count":7,"href":"https:\/\/www.rassegnastampa-totustuus.it\/cattolica\/wp-json\/wp\/v2\/posts\/620\/revisions"}],"predecessor-version":[{"id":32414,"href":"https:\/\/www.rassegnastampa-totustuus.it\/cattolica\/wp-json\/wp\/v2\/posts\/620\/revisions\/32414"}],"wp:featuredmedia":[{"embeddable":true,"href":"https:\/\/www.rassegnastampa-totustuus.it\/cattolica\/wp-json\/wp\/v2\/media\/32413"}],"wp:attachment":[{"href":"https:\/\/www.rassegnastampa-totustuus.it\/cattolica\/wp-json\/wp\/v2\/media?parent=620"}],"wp:term":[{"taxonomy":"category","embeddable":true,"href":"https:\/\/www.rassegnastampa-totustuus.it\/cattolica\/wp-json\/wp\/v2\/categories?post=620"},{"taxonomy":"post_tag","embeddable":true,"href":"https:\/\/www.rassegnastampa-totustuus.it\/cattolica\/wp-json\/wp\/v2\/tags?post=620"}],"curies":[{"name":"wp","href":"https:\/\/api.w.org\/{rel}","templated":true}]}}