{"id":61996,"date":"2025-01-21T01:00:00","date_gmt":"2025-01-21T00:00:00","guid":{"rendered":"https:\/\/www.rassegnastampa-totustuus.it\/cattolica\/?p=61996"},"modified":"2025-01-21T16:03:11","modified_gmt":"2025-01-21T15:03:11","slug":"e-quindi-uscimmo-a-riveder-le-stelle","status":"publish","type":"post","link":"https:\/\/www.rassegnastampa-totustuus.it\/cattolica\/e-quindi-uscimmo-a-riveder-le-stelle\/","title":{"rendered":"\u201cE quindi uscimmo a riveder le stelle\u201d"},"content":{"rendered":"\n<p class=\"has-text-align-center\"><a href=\"https:\/\/www.antoniosocci.com\/\" target=\"_blank\" rel=\"noreferrer noopener\"><strong>Lo Straniero<\/strong> <\/a>17 gennaio 2025<\/p>\n\n\n\n<p class=\"has-text-align-center\"><strong>Antonio Socci<\/strong><\/p>\n\n\n<div class=\"wp-block-image\">\n<figure class=\"aligncenter size-full\"><a href=\"https:\/\/www.rassegnastampa-totustuus.it\/cattolica\/wp-content\/uploads\/2025\/01\/cielo_stelle-1.jpg\"><img loading=\"lazy\" decoding=\"async\" width=\"396\" height=\"288\" src=\"https:\/\/www.rassegnastampa-totustuus.it\/cattolica\/wp-content\/uploads\/2025\/01\/cielo_stelle-1.jpg\" alt=\"\" class=\"wp-image-61998\"\/><\/a><\/figure><\/div>\n\n\n<p>Una delle chiavi per il Duemila? Risposta: \u201c<strong>imparare delle poesie a memoria,&nbsp;molte poesie<\/strong>: da bambini, da giovani, anche da vecchi. Perch\u00e9 fanno compagnia: uno se le ripete mentalmente. Inoltre, lo sviluppo della memoria \u00e8 molto importante\u201d.<\/p>\n\n\n\n<!--more-->\n\n\n\n<p>A chi appartiene questa frase? Al ministro dell\u2019Istruzione <strong>Valditara<\/strong> che \u00e8 sotto attacco da sinistra proprio perch\u00e9 vuole tornare a insegnare a scuola le poesie a memoria? <strong>No. Sono parole di Italo Calvino<\/strong> che non \u00e8 stato solo un <strong>importante scrittore <\/strong>italiano, ma anche <strong>uno dei maggiori intellettuali di sinistra del dopoguerra<\/strong>.<\/p>\n\n\n\n<p>Fra l\u2019altro \u00e8 sempre pi\u00f9 importante abituare la mente a <strong>\u201ctrattenere\u201d ed elaborare parole e concetti oggi che<\/strong>, con la rete e i cellulari, <strong>\u00e8 sottoposta a un vero bombardamento di stimoli e notizie che passano senza lasciar traccia<\/strong>. Oltretutto le parole della poesia creano pensiero.<\/p>\n\n\n\n<p>Calvino \u00e8 simbolo di una sinistra colta, profonda. Oggi \u00e8 rappresentata da <strong>Elly Schlein<\/strong> secondo cui \u201cquella di Valditara \u00e8&nbsp;<strong>un\u2019idea nostalgica<\/strong>\u201d e dall\u2019<strong>on. Piccolotti<\/strong>, di Avs, secondo cui \u201cnon serve discutere con superficialit\u00e0 di poesie a memoria\u201d.<\/p>\n\n\n<div class=\"wp-block-image\">\n<figure class=\"aligncenter size-full\"><a href=\"https:\/\/www.rassegnastampa-totustuus.it\/cattolica\/wp-content\/uploads\/2025\/01\/Italo_Calvino.jpg\"><img loading=\"lazy\" decoding=\"async\" width=\"440\" height=\"276\" src=\"https:\/\/www.rassegnastampa-totustuus.it\/cattolica\/wp-content\/uploads\/2025\/01\/Italo_Calvino.jpg\" alt=\"\" class=\"wp-image-61999\"\/><\/a><\/figure><\/div>\n\n\n<p>Avevano appena cominciato ad attaccare la cosiddetta tecno-destra e l\u2019incubo fantascientifico di Musk e subito <strong>hanno capovolto tutto<\/strong>&nbsp;parlando di governo nostalgico e reazionario.<\/p>\n\n\n\n<p>Eppure anche le altre proposte del ministro (suggerite da intellettuali come lo storico <strong>Ernesto Galli della Loggia<\/strong>, il presidente emerito della Crusca, <strong>Claudio Marazzini<\/strong> o il grande violinista <strong>Uto Ughi<\/strong>) si trovano in sintonia con il meglio della vecchia cultura della sinistra.<\/p>\n\n\n\n<p>A proposito dei&nbsp;<strong>ritorno dei classici<\/strong> (voluto da Valditara) si potrebbero citare autori marxisti come Gramsci che rivendicano <strong>il diritto delle classi lavoratrici di accedere all\u2019alta cultura e alla grande letteratura<\/strong>.<\/p>\n\n\n\n<p>O ancora <strong>Calvino<\/strong> che, nel suo libro <em>Perch\u00e9 leggere i classici<\/em>, scrive: <strong>\u201cUn classico \u00e8 un libro che non ha mai finito di dire quel che ha da dire\u2026<\/strong> <strong>non si leggono i classici per dovere o per rispetto, ma solo per amore. Tranne che a scuola: la scuola deve farti conoscere bene o male un certo numero di classici tra i quali (o in riferimento ai quali) tu potrai in seguito riconoscere i \u2018tuoi\u2019 classici. La scuola \u00e8 tenuta a darti degli strumenti per esercitare una scelta\u201d<\/strong>.<\/p>\n\n\n\n<p>Fra Omero, Virgilio, Dante, Shakespeare e gli altri classici il ministro ha citato pure <strong>la Bibbia<\/strong>. Non l\u2019avesse mai fatto. Tutti (a sinistra) a stracciarsi le vesti. Come se proprio la Bibbia non fosse <strong>il pilastro fondamentale<\/strong> su cui \u00e8 costruita la nostra cultura, italiana e occidentale.<\/p>\n\n\n\n<p>Bisogna ascoltare, su questo, <strong>don Lorenzo Milani<\/strong>, che sapeva di scuola ed educazione assai pi\u00f9 di Schlein e che viene sempre evocato dalla sinistra come un suo ispiratore.<\/p>\n\n\n<div class=\"wp-block-image\">\n<figure class=\"aligncenter size-full\"><a href=\"https:\/\/www.rassegnastampa-totustuus.it\/cattolica\/wp-content\/uploads\/2023\/05\/don_milani-1.jpg\"><img loading=\"lazy\" decoding=\"async\" width=\"349\" height=\"174\" src=\"https:\/\/www.rassegnastampa-totustuus.it\/cattolica\/wp-content\/uploads\/2023\/05\/don_milani-1.jpg\" alt=\"\" class=\"wp-image-56431\"\/><\/a><\/figure><\/div>\n\n\n<p>Nel libro da lui scritto con i ragazzi di Barbiana <em>Lettera a una professoressa<\/em> \u2013 da sempre considerato <strong>il manifesto della contestazione studentesca del \u201968<\/strong> \u2013 si scaglia contro i programmi scolastici di quegli anni: <strong>\u201cNeanche un minuto sul Vangelo. Non dite che il Vangelo tocca ai preti. Anche levando il problema religioso, restava il libro da studiare in ogni scuola e in ogni classe. A letteratura il capitolo pi\u00f9 lungo toccava al libro che pi\u00f9 ha lasciato il segno, quello che ha varcato le frontiere. A geografia il capitolo pi\u00f9 particolareggiato doveva essere la Palestina. A storia i fatti che hanno preceduto accompagnato e seguito la vita del Signore. In pi\u00f9 occorreva una materia apposta: scorsa sull\u2019Antico Testamento, lettura del Vangelo su una sinossi, critica del testo, questioni linguistiche e archeologiche\u201d.<\/strong><\/p>\n\n\n\n<p><strong>Chiedeva: \u201cCome mai non ci avete pensato? Forse chi v\u2019ha costruito la scuola Ges\u00f9 l\u2019aveva un po\u2019 in sospetto\u2026 Da gente che dimentica il Vangelo c\u2019\u00e8 da aspettarsi qualunque cosa. Vien fatto di dubitare di tutto quello che insegnate\u201d.<\/strong><\/p>\n\n\n\n<p>Non si tratta solo della cultura europea. <strong>Senza la Bibbia \u2013 per fare un esempio moderno ed extraeuropeo \u2013 non si capisce nemmeno il movimento dei diritti civili degli afroamericani del reverendo Martin Luther King e tanta musica d\u2019oltreoceano<\/strong>.<\/p>\n\n\n\n<p>Eppure oggi il coordinatore dell\u2019Unione degli studenti <strong>Tommaso Martelli<\/strong> tuona: \u201cl\u2019introduzione dello studio della Bibbia nel programma \u00e8 una chiara scelta politica in linea con <strong>le idee reazionarie e conservatrici del governo<\/strong>\u201d.<\/p>\n\n\n\n<p>Fra l\u2019altro, nella citata intervista, Italo Calvino, in vista del Duemila, consigliava di acquisire questa consapevolezza: <strong>\u201cSapere che tutto quello che abbiamo ci pu\u00f2 essere tolto da un momento all\u2019altro\u2026. tutto quello che abbiamo pu\u00f2 sparire in una nuvola di fumo\u201d<\/strong>. \u00c8 ci\u00f2 che <strong>la Bibbia, nel Qohelet<\/strong>, insegna da millenni. Questa coscienza <strong>ha permeato la nostra grande letteratura (basti ricordare Leopardi)<\/strong>. \u00c8 anch\u2019essa reazionaria?<\/p>\n\n\n<div class=\"wp-block-image\">\n<figure class=\"aligncenter size-full\"><a href=\"https:\/\/www.rassegnastampa-totustuus.it\/cattolica\/wp-content\/uploads\/2019\/09\/Bibbia.jpg\"><img loading=\"lazy\" decoding=\"async\" width=\"227\" height=\"222\" src=\"https:\/\/www.rassegnastampa-totustuus.it\/cattolica\/wp-content\/uploads\/2019\/09\/Bibbia.jpg\" alt=\"\" class=\"wp-image-44365\"\/><\/a><\/figure><\/div>\n\n\n<p>C\u2019\u00e8 infine <strong>la musica<\/strong> fra le proposte del ministero e ci si chiede come abbiamo potuto ignorarla finora, con tutto quello che l\u2019Italia e l\u2019Europa hanno dato all\u2019umanit\u00e0 in questa arte sublime. <strong>Pure la musica \u00e8 ritenuta troppo \u201cidentitaria\u201d dalla sinistra?<\/strong> Ma chiss\u00e0 perch\u00e9 anche in Giappone e in Cina studiano Mozart e Bach e vanno matti per Verdi e Puccini, per Vivaldi e Monteverdi\u2026<\/p>\n\n\n\n<p>Un autore scettico e laico come <strong>Cioran<\/strong> ha scritto: <strong>\u201cl\u2019estasi musicale raggiunge l\u2019estasi mistica. La musica \u00e8 il linguaggio della trascendenza e questo spiega la complicit\u00e0 che essa sa creare tra gli esseri\u201d<\/strong>. Va dimenticata?<\/p>\n\n\n\n<p>Ci fu un momento, alla fine degli anni Novanta, in cui l<strong>a sinistra, con il ministro Luigi Berlinguer, volle plasmare la sua scuola progressista<\/strong>. Di quel tempo restano soprattutto le polemiche suscitate peraltro da intellettuali di sinistra.<\/p>\n\n\n<div class=\"wp-block-image\">\n<figure class=\"aligncenter size-full\"><a href=\"https:\/\/www.rassegnastampa-totustuus.it\/cattolica\/wp-content\/uploads\/2021\/01\/Divina_commedia_Dante-1.jpg\"><img loading=\"lazy\" decoding=\"async\" width=\"254\" height=\"199\" src=\"https:\/\/www.rassegnastampa-totustuus.it\/cattolica\/wp-content\/uploads\/2021\/01\/Divina_commedia_Dante-1.jpg\" alt=\"\" class=\"wp-image-49628\"\/><\/a><\/figure><\/div>\n\n\n<p>Per esempio, <strong>Giulio Ferroni<\/strong>, nel libro <em>La scuola sospesa<\/em> (Einaudi), riport\u00f2, come emblematica, \u201c<strong>l\u2019ineffabile dichiarazione di Roberto Maragliano, pedagogista \u2018democratico\u2019<\/strong> che tra l\u2019altro \u00e8 <strong>una delle \u2018menti\u2019 del progetto di riforma\u201d di Berlinguer: \u2018Il videogioco \u00e8 la pi\u00f9 grande rivoluzione epistemologica di questo secolo\u2019<\/strong>(\u2026). Dato che il Maragliano \u00e8 stato nominato coordinatore di una commissione ministeriale per la discussione di quel progetto di riforma, di cui non fa parte nessun <em>italianista<\/em>\u201d aggiungeva Ferroni \u201cpu\u00f2 essere interessante citare anche <strong>la battuta successiva, con cui egli stesso si rivolge a chi lo intervista: \u2018Lei preferisce che un pilota d\u2019aereo abbia fatto videogiochi o che abbia letto la&nbsp;<em>Divina Commedia<\/em>?\u2019<\/strong>; al che\u201d concludeva Ferroni \u201c<em>tout se tient<\/em>\u201d.<\/p>\n\n\n\n<p>Del resto gi\u00e0 prima (e poi dopo) abbiamo avuto&nbsp;<strong>la scuola-luna park e politicamente corretta<\/strong>, dov\u2019\u00e8&nbsp;<strong>sfiorita pure la padronanza della lingua italiana e della grammatica<\/strong>. Tornare oggi alla scuola vera \u00e8 una rivoluzione.<\/p>\n\n\n\n<p>____________________________________<\/p>\n\n\n\n<p><strong>Leggi anche:<\/strong><\/p>\n\n\n\n<p><a href=\"https:\/\/www.rassegnastampa-totustuus.it\/cattolica\/la-poesia-che-non-teme-una-normalissima-quotidianit\/\">La poesia che non teme una normalissima quotidianit<\/a><a href=\"https:\/\/www.rassegnastampa-totustuus.it\/cattolica\/la-poesia-che-non-teme-una-normalissima-quotidianit\/\" target=\"_blank\" rel=\"noreferrer noopener\">\u00e0<\/a><\/p>\n\n\n\n<p><\/p>\n","protected":false},"excerpt":{"rendered":"<p>Lo Straniero 17 gennaio 2025 Antonio Socci Una delle chiavi per il Duemila? Risposta: \u201cimparare delle poesie a memoria,&nbsp;molte poesie: da bambini, da giovani, anche da vecchi. Perch\u00e9 fanno compagnia: uno se le ripete mentalmente. Inoltre, lo sviluppo della memoria \u00e8 molto importante\u201d.<\/p><p><a class=\"more-link btn\" href=\"https:\/\/www.rassegnastampa-totustuus.it\/cattolica\/e-quindi-uscimmo-a-riveder-le-stelle\/\">Continua a leggere<\/a><\/p>\n","protected":false},"author":6,"featured_media":61998,"comment_status":"closed","ping_status":"closed","sticky":false,"template":"","format":"standard","meta":{"footnotes":""},"categories":[23],"tags":[563,1811,233],"class_list":["post-61996","post","type-post","status-publish","format-standard","has-post-thumbnail","hentry","category-scuola-ed-educazione","tag-cultura","tag-poesia","tag-scuola","item-wrap"],"yoast_head":"<!-- This site is optimized with the Yoast SEO plugin v27.5 - https:\/\/yoast.com\/product\/yoast-seo-wordpress\/ -->\n<title>\u201cE quindi uscimmo a riveder le stelle\u201d - Rassegna Stampa Cattolica<\/title>\n<meta name=\"description\" content=\"Rassegna Stampa Cattolica - Per una cultura che nasce dalla Rivelazione cristiana in conformit\u00e0 alla tradizione e al Magistero della Chiesa in opposizione ad ogni relativismo e totalitarismo\" \/>\n<meta name=\"robots\" content=\"index, follow, max-snippet:-1, max-image-preview:large, max-video-preview:-1\" \/>\n<link rel=\"canonical\" href=\"https:\/\/www.rassegnastampa-totustuus.it\/cattolica\/e-quindi-uscimmo-a-riveder-le-stelle\/\" \/>\n<meta property=\"og:locale\" content=\"it_IT\" \/>\n<meta property=\"og:type\" content=\"article\" \/>\n<meta property=\"og:title\" content=\"\u201cE quindi uscimmo a riveder le stelle\u201d - Rassegna Stampa Cattolica\" \/>\n<meta property=\"og:description\" content=\"Rassegna Stampa Cattolica - Per una cultura che nasce dalla Rivelazione cristiana in conformit\u00e0 alla tradizione e al Magistero della Chiesa in opposizione ad ogni relativismo e totalitarismo\" \/>\n<meta property=\"og:url\" content=\"https:\/\/www.rassegnastampa-totustuus.it\/cattolica\/e-quindi-uscimmo-a-riveder-le-stelle\/\" \/>\n<meta property=\"og:site_name\" content=\"Rassegna Stampa Cattolica\" \/>\n<meta property=\"article:publisher\" content=\"https:\/\/www.facebook.com\/rassegnastampacattolica\" \/>\n<meta property=\"article:published_time\" content=\"2025-01-21T00:00:00+00:00\" \/>\n<meta property=\"article:modified_time\" content=\"2025-01-21T15:03:11+00:00\" \/>\n<meta property=\"og:image\" content=\"https:\/\/www.rassegnastampa-totustuus.it\/cattolica\/wp-content\/uploads\/2025\/01\/cielo_stelle-1.jpg\" \/>\n\t<meta property=\"og:image:width\" content=\"396\" \/>\n\t<meta property=\"og:image:height\" content=\"288\" \/>\n\t<meta property=\"og:image:type\" content=\"image\/jpeg\" \/>\n<meta name=\"author\" content=\"Redazione\" \/>\n<meta name=\"twitter:card\" content=\"summary_large_image\" \/>\n<meta name=\"twitter:creator\" content=\"@rassegnastampa9\" \/>\n<meta name=\"twitter:site\" content=\"@rassegnastampa9\" \/>\n<meta name=\"twitter:label1\" content=\"Scritto da\" \/>\n\t<meta name=\"twitter:data1\" content=\"Redazione\" \/>\n\t<meta name=\"twitter:label2\" content=\"Tempo di lettura stimato\" \/>\n\t<meta name=\"twitter:data2\" content=\"5 minuti\" \/>\n<script type=\"application\/ld+json\" class=\"yoast-schema-graph\">{\"@context\":\"https:\\\/\\\/schema.org\",\"@graph\":[{\"@type\":\"Article\",\"@id\":\"https:\\\/\\\/www.rassegnastampa-totustuus.it\\\/cattolica\\\/e-quindi-uscimmo-a-riveder-le-stelle\\\/#article\",\"isPartOf\":{\"@id\":\"https:\\\/\\\/www.rassegnastampa-totustuus.it\\\/cattolica\\\/e-quindi-uscimmo-a-riveder-le-stelle\\\/\"},\"author\":{\"name\":\"Redazione\",\"@id\":\"https:\\\/\\\/www.rassegnastampa-totustuus.it\\\/cattolica\\\/#\\\/schema\\\/person\\\/08f319d2bd1a0904ad9e2bfb7b15e5c3\"},\"headline\":\"\u201cE quindi uscimmo a riveder le stelle\u201d\",\"datePublished\":\"2025-01-21T00:00:00+00:00\",\"dateModified\":\"2025-01-21T15:03:11+00:00\",\"mainEntityOfPage\":{\"@id\":\"https:\\\/\\\/www.rassegnastampa-totustuus.it\\\/cattolica\\\/e-quindi-uscimmo-a-riveder-le-stelle\\\/\"},\"wordCount\":1053,\"publisher\":{\"@id\":\"https:\\\/\\\/www.rassegnastampa-totustuus.it\\\/cattolica\\\/#organization\"},\"image\":{\"@id\":\"https:\\\/\\\/www.rassegnastampa-totustuus.it\\\/cattolica\\\/e-quindi-uscimmo-a-riveder-le-stelle\\\/#primaryimage\"},\"thumbnailUrl\":\"https:\\\/\\\/www.rassegnastampa-totustuus.it\\\/cattolica\\\/wp-content\\\/uploads\\\/2025\\\/01\\\/cielo_stelle-1.jpg\",\"keywords\":[\"cultura\",\"poesia\",\"scuola\"],\"articleSection\":[\"Scuola ed educazione\"],\"inLanguage\":\"it-IT\"},{\"@type\":\"WebPage\",\"@id\":\"https:\\\/\\\/www.rassegnastampa-totustuus.it\\\/cattolica\\\/e-quindi-uscimmo-a-riveder-le-stelle\\\/\",\"url\":\"https:\\\/\\\/www.rassegnastampa-totustuus.it\\\/cattolica\\\/e-quindi-uscimmo-a-riveder-le-stelle\\\/\",\"name\":\"\u201cE quindi uscimmo a riveder le stelle\u201d - Rassegna Stampa Cattolica\",\"isPartOf\":{\"@id\":\"https:\\\/\\\/www.rassegnastampa-totustuus.it\\\/cattolica\\\/#website\"},\"primaryImageOfPage\":{\"@id\":\"https:\\\/\\\/www.rassegnastampa-totustuus.it\\\/cattolica\\\/e-quindi-uscimmo-a-riveder-le-stelle\\\/#primaryimage\"},\"image\":{\"@id\":\"https:\\\/\\\/www.rassegnastampa-totustuus.it\\\/cattolica\\\/e-quindi-uscimmo-a-riveder-le-stelle\\\/#primaryimage\"},\"thumbnailUrl\":\"https:\\\/\\\/www.rassegnastampa-totustuus.it\\\/cattolica\\\/wp-content\\\/uploads\\\/2025\\\/01\\\/cielo_stelle-1.jpg\",\"datePublished\":\"2025-01-21T00:00:00+00:00\",\"dateModified\":\"2025-01-21T15:03:11+00:00\",\"description\":\"Rassegna Stampa Cattolica - Per una cultura che nasce dalla Rivelazione cristiana in conformit\u00e0 alla tradizione e al Magistero della Chiesa in opposizione ad ogni relativismo e totalitarismo\",\"breadcrumb\":{\"@id\":\"https:\\\/\\\/www.rassegnastampa-totustuus.it\\\/cattolica\\\/e-quindi-uscimmo-a-riveder-le-stelle\\\/#breadcrumb\"},\"inLanguage\":\"it-IT\",\"potentialAction\":[{\"@type\":\"ReadAction\",\"target\":[\"https:\\\/\\\/www.rassegnastampa-totustuus.it\\\/cattolica\\\/e-quindi-uscimmo-a-riveder-le-stelle\\\/\"]}]},{\"@type\":\"ImageObject\",\"inLanguage\":\"it-IT\",\"@id\":\"https:\\\/\\\/www.rassegnastampa-totustuus.it\\\/cattolica\\\/e-quindi-uscimmo-a-riveder-le-stelle\\\/#primaryimage\",\"url\":\"https:\\\/\\\/www.rassegnastampa-totustuus.it\\\/cattolica\\\/wp-content\\\/uploads\\\/2025\\\/01\\\/cielo_stelle-1.jpg\",\"contentUrl\":\"https:\\\/\\\/www.rassegnastampa-totustuus.it\\\/cattolica\\\/wp-content\\\/uploads\\\/2025\\\/01\\\/cielo_stelle-1.jpg\",\"width\":396,\"height\":288},{\"@type\":\"BreadcrumbList\",\"@id\":\"https:\\\/\\\/www.rassegnastampa-totustuus.it\\\/cattolica\\\/e-quindi-uscimmo-a-riveder-le-stelle\\\/#breadcrumb\",\"itemListElement\":[{\"@type\":\"ListItem\",\"position\":1,\"name\":\"Home\",\"item\":\"https:\\\/\\\/www.rassegnastampa-totustuus.it\\\/cattolica\\\/\"},{\"@type\":\"ListItem\",\"position\":2,\"name\":\"\u201cE quindi uscimmo a riveder le stelle\u201d\"}]},{\"@type\":\"WebSite\",\"@id\":\"https:\\\/\\\/www.rassegnastampa-totustuus.it\\\/cattolica\\\/#website\",\"url\":\"https:\\\/\\\/www.rassegnastampa-totustuus.it\\\/cattolica\\\/\",\"name\":\"Rassegna Stampa Cattolica\",\"description\":\"Per una cultura che nasce dalla Rivelazione cristiana in conformit\u00e0 alla tradizione e al Magistero della Chiesa in opposizione ad ogni relativismo e totalitarismo\",\"publisher\":{\"@id\":\"https:\\\/\\\/www.rassegnastampa-totustuus.it\\\/cattolica\\\/#organization\"},\"alternateName\":\"Rass. Cattolica\",\"potentialAction\":[{\"@type\":\"SearchAction\",\"target\":{\"@type\":\"EntryPoint\",\"urlTemplate\":\"https:\\\/\\\/www.rassegnastampa-totustuus.it\\\/cattolica\\\/?s={search_term_string}\"},\"query-input\":{\"@type\":\"PropertyValueSpecification\",\"valueRequired\":true,\"valueName\":\"search_term_string\"}}],\"inLanguage\":\"it-IT\"},{\"@type\":\"Organization\",\"@id\":\"https:\\\/\\\/www.rassegnastampa-totustuus.it\\\/cattolica\\\/#organization\",\"name\":\"Rassegna Stampa Cattolica\",\"url\":\"https:\\\/\\\/www.rassegnastampa-totustuus.it\\\/cattolica\\\/\",\"logo\":{\"@type\":\"ImageObject\",\"inLanguage\":\"it-IT\",\"@id\":\"https:\\\/\\\/www.rassegnastampa-totustuus.it\\\/cattolica\\\/#\\\/schema\\\/logo\\\/image\\\/\",\"url\":\"https:\\\/\\\/www.rassegnastampa-totustuus.it\\\/cattolica\\\/wp-content\\\/uploads\\\/2014\\\/04\\\/logo-rassegna1.gif\",\"contentUrl\":\"https:\\\/\\\/www.rassegnastampa-totustuus.it\\\/cattolica\\\/wp-content\\\/uploads\\\/2014\\\/04\\\/logo-rassegna1.gif\",\"width\":600,\"height\":163,\"caption\":\"Rassegna Stampa Cattolica\"},\"image\":{\"@id\":\"https:\\\/\\\/www.rassegnastampa-totustuus.it\\\/cattolica\\\/#\\\/schema\\\/logo\\\/image\\\/\"},\"sameAs\":[\"https:\\\/\\\/www.facebook.com\\\/rassegnastampacattolica\",\"https:\\\/\\\/x.com\\\/rassegnastampa9\"]},{\"@type\":\"Person\",\"@id\":\"https:\\\/\\\/www.rassegnastampa-totustuus.it\\\/cattolica\\\/#\\\/schema\\\/person\\\/08f319d2bd1a0904ad9e2bfb7b15e5c3\",\"name\":\"Redazione\",\"image\":{\"@type\":\"ImageObject\",\"inLanguage\":\"it-IT\",\"@id\":\"https:\\\/\\\/secure.gravatar.com\\\/avatar\\\/2fcdf27c78ea025fbdb44e914cc63c72249ffec9dc8aafd5c82b26240ef3f346?s=96&d=mm&r=g\",\"url\":\"https:\\\/\\\/secure.gravatar.com\\\/avatar\\\/2fcdf27c78ea025fbdb44e914cc63c72249ffec9dc8aafd5c82b26240ef3f346?s=96&d=mm&r=g\",\"contentUrl\":\"https:\\\/\\\/secure.gravatar.com\\\/avatar\\\/2fcdf27c78ea025fbdb44e914cc63c72249ffec9dc8aafd5c82b26240ef3f346?s=96&d=mm&r=g\",\"caption\":\"Redazione\"},\"url\":\"https:\\\/\\\/www.rassegnastampa-totustuus.it\\\/cattolica\\\/author\\\/pietroelle\\\/\"}]}<\/script>\n<!-- \/ Yoast SEO plugin. -->","yoast_head_json":{"title":"\u201cE quindi uscimmo a riveder le stelle\u201d - Rassegna Stampa Cattolica","description":"Rassegna Stampa Cattolica - Per una cultura che nasce dalla Rivelazione cristiana in conformit\u00e0 alla tradizione e al Magistero della Chiesa in opposizione ad ogni relativismo e totalitarismo","robots":{"index":"index","follow":"follow","max-snippet":"max-snippet:-1","max-image-preview":"max-image-preview:large","max-video-preview":"max-video-preview:-1"},"canonical":"https:\/\/www.rassegnastampa-totustuus.it\/cattolica\/e-quindi-uscimmo-a-riveder-le-stelle\/","og_locale":"it_IT","og_type":"article","og_title":"\u201cE quindi uscimmo a riveder le stelle\u201d - Rassegna Stampa Cattolica","og_description":"Rassegna Stampa Cattolica - Per una cultura che nasce dalla Rivelazione cristiana in conformit\u00e0 alla tradizione e al Magistero della Chiesa in opposizione ad ogni relativismo e totalitarismo","og_url":"https:\/\/www.rassegnastampa-totustuus.it\/cattolica\/e-quindi-uscimmo-a-riveder-le-stelle\/","og_site_name":"Rassegna Stampa Cattolica","article_publisher":"https:\/\/www.facebook.com\/rassegnastampacattolica","article_published_time":"2025-01-21T00:00:00+00:00","article_modified_time":"2025-01-21T15:03:11+00:00","og_image":[{"width":396,"height":288,"url":"https:\/\/www.rassegnastampa-totustuus.it\/cattolica\/wp-content\/uploads\/2025\/01\/cielo_stelle-1.jpg","type":"image\/jpeg"}],"author":"Redazione","twitter_card":"summary_large_image","twitter_creator":"@rassegnastampa9","twitter_site":"@rassegnastampa9","twitter_misc":{"Scritto da":"Redazione","Tempo di lettura stimato":"5 minuti"},"schema":{"@context":"https:\/\/schema.org","@graph":[{"@type":"Article","@id":"https:\/\/www.rassegnastampa-totustuus.it\/cattolica\/e-quindi-uscimmo-a-riveder-le-stelle\/#article","isPartOf":{"@id":"https:\/\/www.rassegnastampa-totustuus.it\/cattolica\/e-quindi-uscimmo-a-riveder-le-stelle\/"},"author":{"name":"Redazione","@id":"https:\/\/www.rassegnastampa-totustuus.it\/cattolica\/#\/schema\/person\/08f319d2bd1a0904ad9e2bfb7b15e5c3"},"headline":"\u201cE quindi uscimmo a riveder le stelle\u201d","datePublished":"2025-01-21T00:00:00+00:00","dateModified":"2025-01-21T15:03:11+00:00","mainEntityOfPage":{"@id":"https:\/\/www.rassegnastampa-totustuus.it\/cattolica\/e-quindi-uscimmo-a-riveder-le-stelle\/"},"wordCount":1053,"publisher":{"@id":"https:\/\/www.rassegnastampa-totustuus.it\/cattolica\/#organization"},"image":{"@id":"https:\/\/www.rassegnastampa-totustuus.it\/cattolica\/e-quindi-uscimmo-a-riveder-le-stelle\/#primaryimage"},"thumbnailUrl":"https:\/\/www.rassegnastampa-totustuus.it\/cattolica\/wp-content\/uploads\/2025\/01\/cielo_stelle-1.jpg","keywords":["cultura","poesia","scuola"],"articleSection":["Scuola ed educazione"],"inLanguage":"it-IT"},{"@type":"WebPage","@id":"https:\/\/www.rassegnastampa-totustuus.it\/cattolica\/e-quindi-uscimmo-a-riveder-le-stelle\/","url":"https:\/\/www.rassegnastampa-totustuus.it\/cattolica\/e-quindi-uscimmo-a-riveder-le-stelle\/","name":"\u201cE quindi uscimmo a riveder le stelle\u201d - Rassegna Stampa Cattolica","isPartOf":{"@id":"https:\/\/www.rassegnastampa-totustuus.it\/cattolica\/#website"},"primaryImageOfPage":{"@id":"https:\/\/www.rassegnastampa-totustuus.it\/cattolica\/e-quindi-uscimmo-a-riveder-le-stelle\/#primaryimage"},"image":{"@id":"https:\/\/www.rassegnastampa-totustuus.it\/cattolica\/e-quindi-uscimmo-a-riveder-le-stelle\/#primaryimage"},"thumbnailUrl":"https:\/\/www.rassegnastampa-totustuus.it\/cattolica\/wp-content\/uploads\/2025\/01\/cielo_stelle-1.jpg","datePublished":"2025-01-21T00:00:00+00:00","dateModified":"2025-01-21T15:03:11+00:00","description":"Rassegna Stampa Cattolica - Per una cultura che nasce dalla Rivelazione cristiana in conformit\u00e0 alla tradizione e al Magistero della Chiesa in opposizione ad ogni relativismo e totalitarismo","breadcrumb":{"@id":"https:\/\/www.rassegnastampa-totustuus.it\/cattolica\/e-quindi-uscimmo-a-riveder-le-stelle\/#breadcrumb"},"inLanguage":"it-IT","potentialAction":[{"@type":"ReadAction","target":["https:\/\/www.rassegnastampa-totustuus.it\/cattolica\/e-quindi-uscimmo-a-riveder-le-stelle\/"]}]},{"@type":"ImageObject","inLanguage":"it-IT","@id":"https:\/\/www.rassegnastampa-totustuus.it\/cattolica\/e-quindi-uscimmo-a-riveder-le-stelle\/#primaryimage","url":"https:\/\/www.rassegnastampa-totustuus.it\/cattolica\/wp-content\/uploads\/2025\/01\/cielo_stelle-1.jpg","contentUrl":"https:\/\/www.rassegnastampa-totustuus.it\/cattolica\/wp-content\/uploads\/2025\/01\/cielo_stelle-1.jpg","width":396,"height":288},{"@type":"BreadcrumbList","@id":"https:\/\/www.rassegnastampa-totustuus.it\/cattolica\/e-quindi-uscimmo-a-riveder-le-stelle\/#breadcrumb","itemListElement":[{"@type":"ListItem","position":1,"name":"Home","item":"https:\/\/www.rassegnastampa-totustuus.it\/cattolica\/"},{"@type":"ListItem","position":2,"name":"\u201cE quindi uscimmo a riveder le stelle\u201d"}]},{"@type":"WebSite","@id":"https:\/\/www.rassegnastampa-totustuus.it\/cattolica\/#website","url":"https:\/\/www.rassegnastampa-totustuus.it\/cattolica\/","name":"Rassegna Stampa Cattolica","description":"Per una cultura che nasce dalla Rivelazione cristiana in conformit\u00e0 alla tradizione e al Magistero della Chiesa in opposizione ad ogni relativismo e totalitarismo","publisher":{"@id":"https:\/\/www.rassegnastampa-totustuus.it\/cattolica\/#organization"},"alternateName":"Rass. Cattolica","potentialAction":[{"@type":"SearchAction","target":{"@type":"EntryPoint","urlTemplate":"https:\/\/www.rassegnastampa-totustuus.it\/cattolica\/?s={search_term_string}"},"query-input":{"@type":"PropertyValueSpecification","valueRequired":true,"valueName":"search_term_string"}}],"inLanguage":"it-IT"},{"@type":"Organization","@id":"https:\/\/www.rassegnastampa-totustuus.it\/cattolica\/#organization","name":"Rassegna Stampa Cattolica","url":"https:\/\/www.rassegnastampa-totustuus.it\/cattolica\/","logo":{"@type":"ImageObject","inLanguage":"it-IT","@id":"https:\/\/www.rassegnastampa-totustuus.it\/cattolica\/#\/schema\/logo\/image\/","url":"https:\/\/www.rassegnastampa-totustuus.it\/cattolica\/wp-content\/uploads\/2014\/04\/logo-rassegna1.gif","contentUrl":"https:\/\/www.rassegnastampa-totustuus.it\/cattolica\/wp-content\/uploads\/2014\/04\/logo-rassegna1.gif","width":600,"height":163,"caption":"Rassegna Stampa Cattolica"},"image":{"@id":"https:\/\/www.rassegnastampa-totustuus.it\/cattolica\/#\/schema\/logo\/image\/"},"sameAs":["https:\/\/www.facebook.com\/rassegnastampacattolica","https:\/\/x.com\/rassegnastampa9"]},{"@type":"Person","@id":"https:\/\/www.rassegnastampa-totustuus.it\/cattolica\/#\/schema\/person\/08f319d2bd1a0904ad9e2bfb7b15e5c3","name":"Redazione","image":{"@type":"ImageObject","inLanguage":"it-IT","@id":"https:\/\/secure.gravatar.com\/avatar\/2fcdf27c78ea025fbdb44e914cc63c72249ffec9dc8aafd5c82b26240ef3f346?s=96&d=mm&r=g","url":"https:\/\/secure.gravatar.com\/avatar\/2fcdf27c78ea025fbdb44e914cc63c72249ffec9dc8aafd5c82b26240ef3f346?s=96&d=mm&r=g","contentUrl":"https:\/\/secure.gravatar.com\/avatar\/2fcdf27c78ea025fbdb44e914cc63c72249ffec9dc8aafd5c82b26240ef3f346?s=96&d=mm&r=g","caption":"Redazione"},"url":"https:\/\/www.rassegnastampa-totustuus.it\/cattolica\/author\/pietroelle\/"}]}},"_links":{"self":[{"href":"https:\/\/www.rassegnastampa-totustuus.it\/cattolica\/wp-json\/wp\/v2\/posts\/61996","targetHints":{"allow":["GET"]}}],"collection":[{"href":"https:\/\/www.rassegnastampa-totustuus.it\/cattolica\/wp-json\/wp\/v2\/posts"}],"about":[{"href":"https:\/\/www.rassegnastampa-totustuus.it\/cattolica\/wp-json\/wp\/v2\/types\/post"}],"author":[{"embeddable":true,"href":"https:\/\/www.rassegnastampa-totustuus.it\/cattolica\/wp-json\/wp\/v2\/users\/6"}],"replies":[{"embeddable":true,"href":"https:\/\/www.rassegnastampa-totustuus.it\/cattolica\/wp-json\/wp\/v2\/comments?post=61996"}],"version-history":[{"count":1,"href":"https:\/\/www.rassegnastampa-totustuus.it\/cattolica\/wp-json\/wp\/v2\/posts\/61996\/revisions"}],"predecessor-version":[{"id":62000,"href":"https:\/\/www.rassegnastampa-totustuus.it\/cattolica\/wp-json\/wp\/v2\/posts\/61996\/revisions\/62000"}],"wp:featuredmedia":[{"embeddable":true,"href":"https:\/\/www.rassegnastampa-totustuus.it\/cattolica\/wp-json\/wp\/v2\/media\/61998"}],"wp:attachment":[{"href":"https:\/\/www.rassegnastampa-totustuus.it\/cattolica\/wp-json\/wp\/v2\/media?parent=61996"}],"wp:term":[{"taxonomy":"category","embeddable":true,"href":"https:\/\/www.rassegnastampa-totustuus.it\/cattolica\/wp-json\/wp\/v2\/categories?post=61996"},{"taxonomy":"post_tag","embeddable":true,"href":"https:\/\/www.rassegnastampa-totustuus.it\/cattolica\/wp-json\/wp\/v2\/tags?post=61996"}],"curies":[{"name":"wp","href":"https:\/\/api.w.org\/{rel}","templated":true}]}}