{"id":61990,"date":"2025-01-21T15:20:25","date_gmt":"2025-01-21T14:20:25","guid":{"rendered":"https:\/\/www.rassegnastampa-totustuus.it\/cattolica\/?p=61990"},"modified":"2025-01-21T15:25:40","modified_gmt":"2025-01-21T14:25:40","slug":"trump-e-larte-del-doppio-ingraziamento-intervista-a-daniel-pipes","status":"publish","type":"post","link":"https:\/\/www.rassegnastampa-totustuus.it\/cattolica\/trump-e-larte-del-doppio-ingraziamento-intervista-a-daniel-pipes\/","title":{"rendered":"Trump e l\u2019arte del doppio ingraziamento: Intervista a Daniel Pipes"},"content":{"rendered":"\n<p class=\"has-text-align-center\"><strong><a href=\"https:\/\/www.linformale.eu\/\">L\u2019informale<\/a><\/strong> 20 Gennaio 2025<\/p>\n\n\n\n<p class=\"has-text-align-center\">di <strong>Niram Ferretti<\/strong><\/p>\n\n\n<div class=\"wp-block-image\">\n<figure class=\"aligncenter size-full\"><a href=\"https:\/\/www.rassegnastampa-totustuus.it\/cattolica\/wp-content\/uploads\/2025\/01\/Danoel_Pipes.jpg\"><img loading=\"lazy\" decoding=\"async\" width=\"300\" height=\"168\" src=\"https:\/\/www.rassegnastampa-totustuus.it\/cattolica\/wp-content\/uploads\/2025\/01\/Danoel_Pipes.jpg\" alt=\"\" class=\"wp-image-61991\"\/><\/a><\/figure><\/div>\n\n\n<p>Ospite abituale de&nbsp;<em>L\u2019Informale<\/em>, Daniel Pipes, uno dei pi\u00f9 autorevoli analisti del Medio Oriente e presidente del <em>Middle<\/em> <em>East<\/em> <em>Forum<\/em>, ha risposto alle nostre domande sul recente accordo tra Israele e Hamas.<\/p>\n\n\n\n<!--more-->\n\n\n\n<h4 class=\"wp-block-heading\"><strong>L\u2019accordo tra Hamas e Israele del 15 gennaio ti ha colto di sorpresa?<\/strong><\/h4>\n\n\n\n<p>Molto. In primo luogo, le ripetute affermazioni di vittoria del Primo Ministro Benjamin Netanyahu hanno chiarito la sua intenzione di distruggere Hamas, non di negoziare. In secondo luogo, la minaccia del Presidente eletto Donald Trump che \u201csi scatener\u00e0 l\u2019inferno in Medio Oriente\u201d se gli ostaggi israeliani non saranno restituiti entro il 20 gennaio, sembrava essere rivolta solo ad Hamas. Con mia sorpresa, includeva anche Israele.<\/p>\n\n\n\n<h4 class=\"wp-block-heading\"><strong>Hai ha definito l\u2019accordo \u201corribile\u201d, perch\u00e9?<\/strong><\/h4>\n\n\n\n<p>Perch\u00e9 premia la cattura di ostaggi. Centinaia di assassini saranno liberati e i gruppi jihadisti avranno nuovi incentivi a rapire altri ostaggi. Pi\u00f9 in generale, rivela la debolezza occidentale e sostiene le ambizioni islamiste.<\/p>\n\n\n<div class=\"wp-block-image\">\n<figure class=\"aligncenter size-full\"><a href=\"https:\/\/www.rassegnastampa-totustuus.it\/cattolica\/wp-content\/uploads\/2024\/10\/Israele_palestina_pace_medioriente.jpg\"><img loading=\"lazy\" decoding=\"async\" width=\"415\" height=\"266\" src=\"https:\/\/www.rassegnastampa-totustuus.it\/cattolica\/wp-content\/uploads\/2024\/10\/Israele_palestina_pace_medioriente.jpg\" alt=\"\" class=\"wp-image-61412\"\/><\/a><\/figure><\/div>\n\n\n<h4 class=\"wp-block-heading\"><strong>Hai anche scritto che Netanyahu \u201cteme Donald Trump\u201d e hai ipotizzato che questo spiega la sua riluttante accettazione dell\u2019accordo. Perch\u00e9 Netanyahu dovrebbe temere Trump?<\/strong><\/h4>\n\n\n\n<p>Netanyahu ha sperimentato sia il sostegno di Trump (si pensi agli Accordi di Abramo) sia la sua rabbia (per essersi congratulato con Joe Biden nel 2020 per la sua vittoria elettorale). Conoscendo la volatilit\u00e0 e l\u2019incostanza di Trump, Netanyahu non deve irritare il presidente di ritorno. Nessun altro leader straniero ha su di s\u00e8 una pressione paragonabile.<\/p>\n\n\n\n<h4 class=\"wp-block-heading\"><strong>A settembre, Trump ha dichiarato che l\u2019emiro del Qatar \u201cvuole fortemente la pace in Medio Oriente\u201d. A novembre, il&nbsp;<em>Jewish<\/em>&nbsp;<em>Insider<\/em>&nbsp;ha esposto gli stretti legami con il Qatar di Steven Witkoff, la scelta di Trump per l\u2019inviato in Medio Oriente. Cosa ne pensi?<\/strong><\/h4>\n\n\n\n<p>Il piccolo ma favolosamente ricco regime del Qatar ha perseguito brillantemente per trent\u2019anni il vantaggio per se stesso e per la causa radicale islamica attraverso finanziamenti, diplomazia e pubbliche relazioni. Basta pensare ai programmi universitari degli Stati Uniti, al suo status di importante alleato non NATO e alla Coppa del Mondo del 2022. Ha anche lavorato duramente per raggiungere la cerchia ristretta di Trump, tra cui Steven Witkoff. Il trattamento rozzo e insolente di Witkoff nei confronti di Netanyahu, come riportato da&nbsp;<em>Ha\u2019aretz<\/em>&nbsp;e dal&nbsp;<em>Wall<\/em>&nbsp;<em>Street<\/em>&nbsp;<em>Journal<\/em>, \u201csembra avere salvato Hamas\u201d, scrive Daniel Greenfield. Aggiungo: consentendogli cos\u00ec di preparare un altro massacro.<\/p>\n\n\n<div class=\"wp-block-image\">\n<figure class=\"aligncenter size-full\"><a href=\"https:\/\/www.rassegnastampa-totustuus.it\/cattolica\/wp-content\/uploads\/2025\/01\/Donald_Trump_Usa_America.jpg\"><img loading=\"lazy\" decoding=\"async\" width=\"300\" height=\"168\" src=\"https:\/\/www.rassegnastampa-totustuus.it\/cattolica\/wp-content\/uploads\/2025\/01\/Donald_Trump_Usa_America.jpg\" alt=\"\" class=\"wp-image-61992\"\/><\/a><\/figure><\/div>\n\n\n<h4 class=\"wp-block-heading\"><strong>Sulla base del record della sua prima amministrazione, molti sostenitori di Israele hanno accolto con favore la rielezione di Donald Trump. Si tratta di un sollievo fuori luogo?<\/strong><\/h4>\n\n\n\n<p>Difficile dirlo. Trump \u00e8 impegnato in una doppia piaggeria, dando sia ai suoi elettori filo-israeliani che a quelli islamisti ci\u00f2 che pi\u00f9 desiderano. L\u2019ex governatore del New Jersey Chris Christie ha inventato questo trucco, ma finora in pochi hanno osato seguirlo. Sembra che Trump triangolarer\u00e0 per ottenere il massimo possibile dei riconoscimenti da entrambe le parti della questione israeliana, cosa che non ha tentato di fare durante il suo primo mandato, indipendentemente dalle conseguenze. Non sono in grado di prevedere se i sostenitori di Israele saranno contenti tra quattro anni.<\/p>\n\n\n\n<h4 class=\"wp-block-heading\"><strong>A proposito del primo accordo Hamas-Israele del novembre 2023, hai detto a&nbsp;<em>Informale<\/em>&nbsp;che l\u2019esito della guerra sarebbe stato probabilmente un \u201cmezzo fallimento\u201d per Israele&nbsp;<\/strong><a href=\"https:\/\/www.linformale.eu\/un-probabile-mezzo-fallimento-intervista-con-daniel-pipes\/\"><strong>https:\/\/www.linformale.eu\/un-probabile-mezzo-fallimento-intervista-con-daniel-pipes\/<\/strong><\/a><strong>Sei ancora di questa opinione?<\/strong><\/h4>\n\n\n\n<p>S\u00ec, questa si rivela una buona descrizione. Dal lato positivo, Israele ha avuto successo contro Hezbollah e l\u2019Iran, portando al crollo del regime di Assad in Siria. Dal lato negativo, Hamas rimane in piedi, gli Houthi continuano ad attaccare e l\u2019opinione pubblica mondiale \u00e8 diventata nettamente negativa nei confronti di Israele e degli ebrei in generale.<\/p>\n\n\n<div class=\"wp-block-image\">\n<figure class=\"aligncenter size-full\"><a href=\"https:\/\/www.rassegnastampa-totustuus.it\/cattolica\/wp-content\/uploads\/2025\/01\/Netanyahu_israele.jpg\"><img loading=\"lazy\" decoding=\"async\" width=\"300\" height=\"168\" src=\"https:\/\/www.rassegnastampa-totustuus.it\/cattolica\/wp-content\/uploads\/2025\/01\/Netanyahu_israele.jpg\" alt=\"\" class=\"wp-image-61993\"\/><\/a><\/figure><\/div>\n\n\n<h4 class=\"wp-block-heading\"><strong>Netanyahu insiste sul fatto che i colpi inferti da Israele ad Hamas, Hezbollah e Iran, seguiti dalla caduta del regime di Assad, hanno cambiato il volto del Medio Oriente. \u00c8 una millanteria?<\/strong><\/h4>\n\n\n\n<p>Questi risultati sono reali. Ma, come ho appena sottolineato, lo sviluppo negativo li bilancia, portando al mezzo fallimento.<\/p>\n\n\n\n<h4 class=\"wp-block-heading\"><strong>La vittoria in guerra significa che il nemico \u00e8 sconfitto e rinuncia ai suoi obiettivi. Ma Hamas rimane a Gaza, Hezbollah in Libano, gli Houthi nello Yemen e la Repubblica Islamica in Iran. Data la superiorit\u00e0 militare di Israele, \u00e8 incapace o non \u00e8 disposto a dare un colpo mortale ai suoi nemici?<\/strong><\/h4>\n\n\n\n<p>Non \u00e8 necessario che Israele sconfigga Hezbollah, Houthi e Iran; una deterrenza robusta \u00e8 sufficiente. Hamas \u00e8 una questione diversa. Israele pu\u00f2 sconfiggerlo, ma non ha la cognizione. Perch\u00e9? Nel mio libro del 2024,&nbsp;<em>Israel<\/em>&nbsp;<em>Victory<\/em>:&nbsp;<em>How<\/em>&nbsp;<em>Zionists<\/em>&nbsp;<em>Win<\/em>&nbsp;<em>Acceptance<\/em>&nbsp;<em>and<\/em>&nbsp;<em>Palestinians<\/em>&nbsp;<em>Get Liberated<\/em>, sostengo che si tratta di un modello di conciliazione che risale alle origini stesse del sionismo negli anni \u201980 dell\u2019Ottocento e rimane notevolmente invariato nonostante le profonde differenze nelle circostanze.<\/p>\n","protected":false},"excerpt":{"rendered":"<p>L\u2019informale 20 Gennaio 2025 di Niram Ferretti Ospite abituale de&nbsp;L\u2019Informale, Daniel Pipes, uno dei pi\u00f9 autorevoli analisti del Medio Oriente e presidente del Middle East Forum, ha risposto alle nostre domande sul recente accordo tra Israele e Hamas.<\/p><p><a class=\"more-link btn\" href=\"https:\/\/www.rassegnastampa-totustuus.it\/cattolica\/trump-e-larte-del-doppio-ingraziamento-intervista-a-daniel-pipes\/\">Continua a leggere<\/a><\/p>\n","protected":false},"author":6,"featured_media":61991,"comment_status":"closed","ping_status":"closed","sticky":false,"template":"","format":"standard","meta":{"footnotes":""},"categories":[19],"tags":[3084,2523,732,2400,346],"class_list":["post-61990","post","type-post","status-publish","format-standard","has-post-thumbnail","hentry","category-politica-internazionale","tag-benjamin-netanyhau","tag-donald-trump","tag-hamas","tag-israele","tag-medio-oriente","item-wrap"],"yoast_head":"<!-- This site is optimized with the Yoast SEO plugin v27.5 - https:\/\/yoast.com\/product\/yoast-seo-wordpress\/ -->\n<title>Trump e l\u2019arte del doppio ingraziamento: Intervista a Daniel Pipes - Rassegna Stampa Cattolica<\/title>\n<meta name=\"description\" content=\"Trump e l\u2019arte del doppio ingraziamento: Intervista a Daniel Pipes, uno dei pi\u00f9 autorevoli analisti del Medio Oriente\" \/>\n<meta name=\"robots\" content=\"index, follow, max-snippet:-1, max-image-preview:large, max-video-preview:-1\" \/>\n<link rel=\"canonical\" href=\"https:\/\/www.rassegnastampa-totustuus.it\/cattolica\/trump-e-larte-del-doppio-ingraziamento-intervista-a-daniel-pipes\/\" \/>\n<meta property=\"og:locale\" content=\"it_IT\" \/>\n<meta property=\"og:type\" content=\"article\" \/>\n<meta property=\"og:title\" content=\"Trump e l\u2019arte del doppio ingraziamento: Intervista a Daniel Pipes - Rassegna Stampa Cattolica\" \/>\n<meta property=\"og:description\" content=\"Trump e l\u2019arte del doppio ingraziamento: Intervista a Daniel Pipes, uno dei pi\u00f9 autorevoli analisti del Medio Oriente\" \/>\n<meta property=\"og:url\" content=\"https:\/\/www.rassegnastampa-totustuus.it\/cattolica\/trump-e-larte-del-doppio-ingraziamento-intervista-a-daniel-pipes\/\" \/>\n<meta property=\"og:site_name\" content=\"Rassegna Stampa Cattolica\" \/>\n<meta property=\"article:publisher\" content=\"https:\/\/www.facebook.com\/rassegnastampacattolica\" \/>\n<meta property=\"article:published_time\" content=\"2025-01-21T14:20:25+00:00\" \/>\n<meta property=\"article:modified_time\" content=\"2025-01-21T14:25:40+00:00\" \/>\n<meta property=\"og:image\" content=\"https:\/\/www.rassegnastampa-totustuus.it\/cattolica\/wp-content\/uploads\/2025\/01\/Danoel_Pipes.jpg\" \/>\n\t<meta property=\"og:image:width\" content=\"300\" \/>\n\t<meta property=\"og:image:height\" content=\"168\" \/>\n\t<meta property=\"og:image:type\" content=\"image\/jpeg\" \/>\n<meta name=\"author\" content=\"Redazione\" \/>\n<meta name=\"twitter:card\" content=\"summary_large_image\" \/>\n<meta name=\"twitter:creator\" content=\"@rassegnastampa9\" \/>\n<meta name=\"twitter:site\" content=\"@rassegnastampa9\" \/>\n<meta name=\"twitter:label1\" content=\"Scritto da\" \/>\n\t<meta name=\"twitter:data1\" content=\"Redazione\" \/>\n\t<meta name=\"twitter:label2\" content=\"Tempo di lettura stimato\" \/>\n\t<meta name=\"twitter:data2\" content=\"6 minuti\" \/>\n<script type=\"application\/ld+json\" class=\"yoast-schema-graph\">{\"@context\":\"https:\\\/\\\/schema.org\",\"@graph\":[{\"@type\":\"Article\",\"@id\":\"https:\\\/\\\/www.rassegnastampa-totustuus.it\\\/cattolica\\\/trump-e-larte-del-doppio-ingraziamento-intervista-a-daniel-pipes\\\/#article\",\"isPartOf\":{\"@id\":\"https:\\\/\\\/www.rassegnastampa-totustuus.it\\\/cattolica\\\/trump-e-larte-del-doppio-ingraziamento-intervista-a-daniel-pipes\\\/\"},\"author\":{\"name\":\"Redazione\",\"@id\":\"https:\\\/\\\/www.rassegnastampa-totustuus.it\\\/cattolica\\\/#\\\/schema\\\/person\\\/08f319d2bd1a0904ad9e2bfb7b15e5c3\"},\"headline\":\"Trump e l\u2019arte del doppio ingraziamento: Intervista a Daniel Pipes\",\"datePublished\":\"2025-01-21T14:20:25+00:00\",\"dateModified\":\"2025-01-21T14:25:40+00:00\",\"mainEntityOfPage\":{\"@id\":\"https:\\\/\\\/www.rassegnastampa-totustuus.it\\\/cattolica\\\/trump-e-larte-del-doppio-ingraziamento-intervista-a-daniel-pipes\\\/\"},\"wordCount\":801,\"publisher\":{\"@id\":\"https:\\\/\\\/www.rassegnastampa-totustuus.it\\\/cattolica\\\/#organization\"},\"image\":{\"@id\":\"https:\\\/\\\/www.rassegnastampa-totustuus.it\\\/cattolica\\\/trump-e-larte-del-doppio-ingraziamento-intervista-a-daniel-pipes\\\/#primaryimage\"},\"thumbnailUrl\":\"https:\\\/\\\/www.rassegnastampa-totustuus.it\\\/cattolica\\\/wp-content\\\/uploads\\\/2025\\\/01\\\/Danoel_Pipes.jpg\",\"keywords\":[\"Benjamin Netanyhau\",\"Donald Trump\",\"hamas\",\"Israele\",\"medio oriente\"],\"articleSection\":[\"Politica internazionale\"],\"inLanguage\":\"it-IT\"},{\"@type\":\"WebPage\",\"@id\":\"https:\\\/\\\/www.rassegnastampa-totustuus.it\\\/cattolica\\\/trump-e-larte-del-doppio-ingraziamento-intervista-a-daniel-pipes\\\/\",\"url\":\"https:\\\/\\\/www.rassegnastampa-totustuus.it\\\/cattolica\\\/trump-e-larte-del-doppio-ingraziamento-intervista-a-daniel-pipes\\\/\",\"name\":\"Trump e l\u2019arte del doppio ingraziamento: Intervista a Daniel Pipes - Rassegna Stampa Cattolica\",\"isPartOf\":{\"@id\":\"https:\\\/\\\/www.rassegnastampa-totustuus.it\\\/cattolica\\\/#website\"},\"primaryImageOfPage\":{\"@id\":\"https:\\\/\\\/www.rassegnastampa-totustuus.it\\\/cattolica\\\/trump-e-larte-del-doppio-ingraziamento-intervista-a-daniel-pipes\\\/#primaryimage\"},\"image\":{\"@id\":\"https:\\\/\\\/www.rassegnastampa-totustuus.it\\\/cattolica\\\/trump-e-larte-del-doppio-ingraziamento-intervista-a-daniel-pipes\\\/#primaryimage\"},\"thumbnailUrl\":\"https:\\\/\\\/www.rassegnastampa-totustuus.it\\\/cattolica\\\/wp-content\\\/uploads\\\/2025\\\/01\\\/Danoel_Pipes.jpg\",\"datePublished\":\"2025-01-21T14:20:25+00:00\",\"dateModified\":\"2025-01-21T14:25:40+00:00\",\"description\":\"Trump e l\u2019arte del doppio ingraziamento: Intervista a Daniel Pipes, uno dei pi\u00f9 autorevoli analisti del Medio Oriente\",\"breadcrumb\":{\"@id\":\"https:\\\/\\\/www.rassegnastampa-totustuus.it\\\/cattolica\\\/trump-e-larte-del-doppio-ingraziamento-intervista-a-daniel-pipes\\\/#breadcrumb\"},\"inLanguage\":\"it-IT\",\"potentialAction\":[{\"@type\":\"ReadAction\",\"target\":[\"https:\\\/\\\/www.rassegnastampa-totustuus.it\\\/cattolica\\\/trump-e-larte-del-doppio-ingraziamento-intervista-a-daniel-pipes\\\/\"]}]},{\"@type\":\"ImageObject\",\"inLanguage\":\"it-IT\",\"@id\":\"https:\\\/\\\/www.rassegnastampa-totustuus.it\\\/cattolica\\\/trump-e-larte-del-doppio-ingraziamento-intervista-a-daniel-pipes\\\/#primaryimage\",\"url\":\"https:\\\/\\\/www.rassegnastampa-totustuus.it\\\/cattolica\\\/wp-content\\\/uploads\\\/2025\\\/01\\\/Danoel_Pipes.jpg\",\"contentUrl\":\"https:\\\/\\\/www.rassegnastampa-totustuus.it\\\/cattolica\\\/wp-content\\\/uploads\\\/2025\\\/01\\\/Danoel_Pipes.jpg\",\"width\":300,\"height\":168},{\"@type\":\"BreadcrumbList\",\"@id\":\"https:\\\/\\\/www.rassegnastampa-totustuus.it\\\/cattolica\\\/trump-e-larte-del-doppio-ingraziamento-intervista-a-daniel-pipes\\\/#breadcrumb\",\"itemListElement\":[{\"@type\":\"ListItem\",\"position\":1,\"name\":\"Home\",\"item\":\"https:\\\/\\\/www.rassegnastampa-totustuus.it\\\/cattolica\\\/\"},{\"@type\":\"ListItem\",\"position\":2,\"name\":\"Trump e l\u2019arte del doppio ingraziamento: Intervista a Daniel Pipes\"}]},{\"@type\":\"WebSite\",\"@id\":\"https:\\\/\\\/www.rassegnastampa-totustuus.it\\\/cattolica\\\/#website\",\"url\":\"https:\\\/\\\/www.rassegnastampa-totustuus.it\\\/cattolica\\\/\",\"name\":\"Rassegna Stampa Cattolica\",\"description\":\"Per una cultura che nasce dalla Rivelazione cristiana in conformit\u00e0 alla tradizione e al Magistero della Chiesa in opposizione ad ogni relativismo e totalitarismo\",\"publisher\":{\"@id\":\"https:\\\/\\\/www.rassegnastampa-totustuus.it\\\/cattolica\\\/#organization\"},\"alternateName\":\"Rass. Cattolica\",\"potentialAction\":[{\"@type\":\"SearchAction\",\"target\":{\"@type\":\"EntryPoint\",\"urlTemplate\":\"https:\\\/\\\/www.rassegnastampa-totustuus.it\\\/cattolica\\\/?s={search_term_string}\"},\"query-input\":{\"@type\":\"PropertyValueSpecification\",\"valueRequired\":true,\"valueName\":\"search_term_string\"}}],\"inLanguage\":\"it-IT\"},{\"@type\":\"Organization\",\"@id\":\"https:\\\/\\\/www.rassegnastampa-totustuus.it\\\/cattolica\\\/#organization\",\"name\":\"Rassegna Stampa Cattolica\",\"url\":\"https:\\\/\\\/www.rassegnastampa-totustuus.it\\\/cattolica\\\/\",\"logo\":{\"@type\":\"ImageObject\",\"inLanguage\":\"it-IT\",\"@id\":\"https:\\\/\\\/www.rassegnastampa-totustuus.it\\\/cattolica\\\/#\\\/schema\\\/logo\\\/image\\\/\",\"url\":\"https:\\\/\\\/www.rassegnastampa-totustuus.it\\\/cattolica\\\/wp-content\\\/uploads\\\/2014\\\/04\\\/logo-rassegna1.gif\",\"contentUrl\":\"https:\\\/\\\/www.rassegnastampa-totustuus.it\\\/cattolica\\\/wp-content\\\/uploads\\\/2014\\\/04\\\/logo-rassegna1.gif\",\"width\":600,\"height\":163,\"caption\":\"Rassegna Stampa Cattolica\"},\"image\":{\"@id\":\"https:\\\/\\\/www.rassegnastampa-totustuus.it\\\/cattolica\\\/#\\\/schema\\\/logo\\\/image\\\/\"},\"sameAs\":[\"https:\\\/\\\/www.facebook.com\\\/rassegnastampacattolica\",\"https:\\\/\\\/x.com\\\/rassegnastampa9\"]},{\"@type\":\"Person\",\"@id\":\"https:\\\/\\\/www.rassegnastampa-totustuus.it\\\/cattolica\\\/#\\\/schema\\\/person\\\/08f319d2bd1a0904ad9e2bfb7b15e5c3\",\"name\":\"Redazione\",\"image\":{\"@type\":\"ImageObject\",\"inLanguage\":\"it-IT\",\"@id\":\"https:\\\/\\\/secure.gravatar.com\\\/avatar\\\/2fcdf27c78ea025fbdb44e914cc63c72249ffec9dc8aafd5c82b26240ef3f346?s=96&d=mm&r=g\",\"url\":\"https:\\\/\\\/secure.gravatar.com\\\/avatar\\\/2fcdf27c78ea025fbdb44e914cc63c72249ffec9dc8aafd5c82b26240ef3f346?s=96&d=mm&r=g\",\"contentUrl\":\"https:\\\/\\\/secure.gravatar.com\\\/avatar\\\/2fcdf27c78ea025fbdb44e914cc63c72249ffec9dc8aafd5c82b26240ef3f346?s=96&d=mm&r=g\",\"caption\":\"Redazione\"},\"url\":\"https:\\\/\\\/www.rassegnastampa-totustuus.it\\\/cattolica\\\/author\\\/pietroelle\\\/\"}]}<\/script>\n<!-- \/ Yoast SEO plugin. -->","yoast_head_json":{"title":"Trump e l\u2019arte del doppio ingraziamento: Intervista a Daniel Pipes - Rassegna Stampa Cattolica","description":"Trump e l\u2019arte del doppio ingraziamento: Intervista a Daniel Pipes, uno dei pi\u00f9 autorevoli analisti del Medio Oriente","robots":{"index":"index","follow":"follow","max-snippet":"max-snippet:-1","max-image-preview":"max-image-preview:large","max-video-preview":"max-video-preview:-1"},"canonical":"https:\/\/www.rassegnastampa-totustuus.it\/cattolica\/trump-e-larte-del-doppio-ingraziamento-intervista-a-daniel-pipes\/","og_locale":"it_IT","og_type":"article","og_title":"Trump e l\u2019arte del doppio ingraziamento: Intervista a Daniel Pipes - Rassegna Stampa Cattolica","og_description":"Trump e l\u2019arte del doppio ingraziamento: Intervista a Daniel Pipes, uno dei pi\u00f9 autorevoli analisti del Medio Oriente","og_url":"https:\/\/www.rassegnastampa-totustuus.it\/cattolica\/trump-e-larte-del-doppio-ingraziamento-intervista-a-daniel-pipes\/","og_site_name":"Rassegna Stampa Cattolica","article_publisher":"https:\/\/www.facebook.com\/rassegnastampacattolica","article_published_time":"2025-01-21T14:20:25+00:00","article_modified_time":"2025-01-21T14:25:40+00:00","og_image":[{"width":300,"height":168,"url":"https:\/\/www.rassegnastampa-totustuus.it\/cattolica\/wp-content\/uploads\/2025\/01\/Danoel_Pipes.jpg","type":"image\/jpeg"}],"author":"Redazione","twitter_card":"summary_large_image","twitter_creator":"@rassegnastampa9","twitter_site":"@rassegnastampa9","twitter_misc":{"Scritto da":"Redazione","Tempo di lettura stimato":"6 minuti"},"schema":{"@context":"https:\/\/schema.org","@graph":[{"@type":"Article","@id":"https:\/\/www.rassegnastampa-totustuus.it\/cattolica\/trump-e-larte-del-doppio-ingraziamento-intervista-a-daniel-pipes\/#article","isPartOf":{"@id":"https:\/\/www.rassegnastampa-totustuus.it\/cattolica\/trump-e-larte-del-doppio-ingraziamento-intervista-a-daniel-pipes\/"},"author":{"name":"Redazione","@id":"https:\/\/www.rassegnastampa-totustuus.it\/cattolica\/#\/schema\/person\/08f319d2bd1a0904ad9e2bfb7b15e5c3"},"headline":"Trump e l\u2019arte del doppio ingraziamento: Intervista a Daniel Pipes","datePublished":"2025-01-21T14:20:25+00:00","dateModified":"2025-01-21T14:25:40+00:00","mainEntityOfPage":{"@id":"https:\/\/www.rassegnastampa-totustuus.it\/cattolica\/trump-e-larte-del-doppio-ingraziamento-intervista-a-daniel-pipes\/"},"wordCount":801,"publisher":{"@id":"https:\/\/www.rassegnastampa-totustuus.it\/cattolica\/#organization"},"image":{"@id":"https:\/\/www.rassegnastampa-totustuus.it\/cattolica\/trump-e-larte-del-doppio-ingraziamento-intervista-a-daniel-pipes\/#primaryimage"},"thumbnailUrl":"https:\/\/www.rassegnastampa-totustuus.it\/cattolica\/wp-content\/uploads\/2025\/01\/Danoel_Pipes.jpg","keywords":["Benjamin Netanyhau","Donald Trump","hamas","Israele","medio oriente"],"articleSection":["Politica internazionale"],"inLanguage":"it-IT"},{"@type":"WebPage","@id":"https:\/\/www.rassegnastampa-totustuus.it\/cattolica\/trump-e-larte-del-doppio-ingraziamento-intervista-a-daniel-pipes\/","url":"https:\/\/www.rassegnastampa-totustuus.it\/cattolica\/trump-e-larte-del-doppio-ingraziamento-intervista-a-daniel-pipes\/","name":"Trump e l\u2019arte del doppio ingraziamento: Intervista a Daniel Pipes - Rassegna Stampa Cattolica","isPartOf":{"@id":"https:\/\/www.rassegnastampa-totustuus.it\/cattolica\/#website"},"primaryImageOfPage":{"@id":"https:\/\/www.rassegnastampa-totustuus.it\/cattolica\/trump-e-larte-del-doppio-ingraziamento-intervista-a-daniel-pipes\/#primaryimage"},"image":{"@id":"https:\/\/www.rassegnastampa-totustuus.it\/cattolica\/trump-e-larte-del-doppio-ingraziamento-intervista-a-daniel-pipes\/#primaryimage"},"thumbnailUrl":"https:\/\/www.rassegnastampa-totustuus.it\/cattolica\/wp-content\/uploads\/2025\/01\/Danoel_Pipes.jpg","datePublished":"2025-01-21T14:20:25+00:00","dateModified":"2025-01-21T14:25:40+00:00","description":"Trump e l\u2019arte del doppio ingraziamento: Intervista a Daniel Pipes, uno dei pi\u00f9 autorevoli analisti del Medio Oriente","breadcrumb":{"@id":"https:\/\/www.rassegnastampa-totustuus.it\/cattolica\/trump-e-larte-del-doppio-ingraziamento-intervista-a-daniel-pipes\/#breadcrumb"},"inLanguage":"it-IT","potentialAction":[{"@type":"ReadAction","target":["https:\/\/www.rassegnastampa-totustuus.it\/cattolica\/trump-e-larte-del-doppio-ingraziamento-intervista-a-daniel-pipes\/"]}]},{"@type":"ImageObject","inLanguage":"it-IT","@id":"https:\/\/www.rassegnastampa-totustuus.it\/cattolica\/trump-e-larte-del-doppio-ingraziamento-intervista-a-daniel-pipes\/#primaryimage","url":"https:\/\/www.rassegnastampa-totustuus.it\/cattolica\/wp-content\/uploads\/2025\/01\/Danoel_Pipes.jpg","contentUrl":"https:\/\/www.rassegnastampa-totustuus.it\/cattolica\/wp-content\/uploads\/2025\/01\/Danoel_Pipes.jpg","width":300,"height":168},{"@type":"BreadcrumbList","@id":"https:\/\/www.rassegnastampa-totustuus.it\/cattolica\/trump-e-larte-del-doppio-ingraziamento-intervista-a-daniel-pipes\/#breadcrumb","itemListElement":[{"@type":"ListItem","position":1,"name":"Home","item":"https:\/\/www.rassegnastampa-totustuus.it\/cattolica\/"},{"@type":"ListItem","position":2,"name":"Trump e l\u2019arte del doppio ingraziamento: Intervista a Daniel Pipes"}]},{"@type":"WebSite","@id":"https:\/\/www.rassegnastampa-totustuus.it\/cattolica\/#website","url":"https:\/\/www.rassegnastampa-totustuus.it\/cattolica\/","name":"Rassegna Stampa Cattolica","description":"Per una cultura che nasce dalla Rivelazione cristiana in conformit\u00e0 alla tradizione e al Magistero della Chiesa in opposizione ad ogni relativismo e totalitarismo","publisher":{"@id":"https:\/\/www.rassegnastampa-totustuus.it\/cattolica\/#organization"},"alternateName":"Rass. Cattolica","potentialAction":[{"@type":"SearchAction","target":{"@type":"EntryPoint","urlTemplate":"https:\/\/www.rassegnastampa-totustuus.it\/cattolica\/?s={search_term_string}"},"query-input":{"@type":"PropertyValueSpecification","valueRequired":true,"valueName":"search_term_string"}}],"inLanguage":"it-IT"},{"@type":"Organization","@id":"https:\/\/www.rassegnastampa-totustuus.it\/cattolica\/#organization","name":"Rassegna Stampa Cattolica","url":"https:\/\/www.rassegnastampa-totustuus.it\/cattolica\/","logo":{"@type":"ImageObject","inLanguage":"it-IT","@id":"https:\/\/www.rassegnastampa-totustuus.it\/cattolica\/#\/schema\/logo\/image\/","url":"https:\/\/www.rassegnastampa-totustuus.it\/cattolica\/wp-content\/uploads\/2014\/04\/logo-rassegna1.gif","contentUrl":"https:\/\/www.rassegnastampa-totustuus.it\/cattolica\/wp-content\/uploads\/2014\/04\/logo-rassegna1.gif","width":600,"height":163,"caption":"Rassegna Stampa Cattolica"},"image":{"@id":"https:\/\/www.rassegnastampa-totustuus.it\/cattolica\/#\/schema\/logo\/image\/"},"sameAs":["https:\/\/www.facebook.com\/rassegnastampacattolica","https:\/\/x.com\/rassegnastampa9"]},{"@type":"Person","@id":"https:\/\/www.rassegnastampa-totustuus.it\/cattolica\/#\/schema\/person\/08f319d2bd1a0904ad9e2bfb7b15e5c3","name":"Redazione","image":{"@type":"ImageObject","inLanguage":"it-IT","@id":"https:\/\/secure.gravatar.com\/avatar\/2fcdf27c78ea025fbdb44e914cc63c72249ffec9dc8aafd5c82b26240ef3f346?s=96&d=mm&r=g","url":"https:\/\/secure.gravatar.com\/avatar\/2fcdf27c78ea025fbdb44e914cc63c72249ffec9dc8aafd5c82b26240ef3f346?s=96&d=mm&r=g","contentUrl":"https:\/\/secure.gravatar.com\/avatar\/2fcdf27c78ea025fbdb44e914cc63c72249ffec9dc8aafd5c82b26240ef3f346?s=96&d=mm&r=g","caption":"Redazione"},"url":"https:\/\/www.rassegnastampa-totustuus.it\/cattolica\/author\/pietroelle\/"}]}},"_links":{"self":[{"href":"https:\/\/www.rassegnastampa-totustuus.it\/cattolica\/wp-json\/wp\/v2\/posts\/61990","targetHints":{"allow":["GET"]}}],"collection":[{"href":"https:\/\/www.rassegnastampa-totustuus.it\/cattolica\/wp-json\/wp\/v2\/posts"}],"about":[{"href":"https:\/\/www.rassegnastampa-totustuus.it\/cattolica\/wp-json\/wp\/v2\/types\/post"}],"author":[{"embeddable":true,"href":"https:\/\/www.rassegnastampa-totustuus.it\/cattolica\/wp-json\/wp\/v2\/users\/6"}],"replies":[{"embeddable":true,"href":"https:\/\/www.rassegnastampa-totustuus.it\/cattolica\/wp-json\/wp\/v2\/comments?post=61990"}],"version-history":[{"count":2,"href":"https:\/\/www.rassegnastampa-totustuus.it\/cattolica\/wp-json\/wp\/v2\/posts\/61990\/revisions"}],"predecessor-version":[{"id":61995,"href":"https:\/\/www.rassegnastampa-totustuus.it\/cattolica\/wp-json\/wp\/v2\/posts\/61990\/revisions\/61995"}],"wp:featuredmedia":[{"embeddable":true,"href":"https:\/\/www.rassegnastampa-totustuus.it\/cattolica\/wp-json\/wp\/v2\/media\/61991"}],"wp:attachment":[{"href":"https:\/\/www.rassegnastampa-totustuus.it\/cattolica\/wp-json\/wp\/v2\/media?parent=61990"}],"wp:term":[{"taxonomy":"category","embeddable":true,"href":"https:\/\/www.rassegnastampa-totustuus.it\/cattolica\/wp-json\/wp\/v2\/categories?post=61990"},{"taxonomy":"post_tag","embeddable":true,"href":"https:\/\/www.rassegnastampa-totustuus.it\/cattolica\/wp-json\/wp\/v2\/tags?post=61990"}],"curies":[{"name":"wp","href":"https:\/\/api.w.org\/{rel}","templated":true}]}}