{"id":61922,"date":"2025-01-21T09:12:49","date_gmt":"2025-01-21T08:12:49","guid":{"rendered":"https:\/\/www.rassegnastampa-totustuus.it\/cattolica\/?p=61922"},"modified":"2025-01-21T12:37:29","modified_gmt":"2025-01-21T11:37:29","slug":"cristiani-sempre-piu-perseguitati-fattore-islam-e-regimi-comunisti","status":"publish","type":"post","link":"https:\/\/www.rassegnastampa-totustuus.it\/cattolica\/cristiani-sempre-piu-perseguitati-fattore-islam-e-regimi-comunisti\/","title":{"rendered":"Cristiani sempre pi\u00f9 perseguitati: fattore islam e regimi comunisti"},"content":{"rendered":"\n<p class=\"has-text-align-center\"><strong><a href=\"http:\/\/www.atlanticoquotidiano.it\/\" target=\"_blank\" rel=\"noreferrer noopener\">Atlantico<\/a> <\/strong>18 Gennaio 2025<\/p>\n\n\n\n<p class=\"has-text-align-center\">di <strong>Anna Bono<\/strong><\/p>\n\n\n\n<p class=\"has-text-align-left\">380 milioni di cristiani ogni giorno <strong>corrono il rischio di essere perseguitati<\/strong> per la loro fede: uno ogni sette, globalmente, uno ogni cinque in Africa, due ogni cinque in Asia e uno ogni 16 in America Latina. \u00c8 quanto emerge dalla <em>World Watch List<\/em> (WWL), un rapporto sulla condizione dei cristiani nel mondo pubblicato ogni anno nel mese di gennaio da <em>Open Doors<\/em>, l\u2019associazione internazionale impegnata dal 1955 a sostenere con preghiere e aiuti materiali i cristiani in difficolt\u00e0. L\u2019edizione 2025 della WWL riguarda il 2024, per la precisione il periodo che va dal 1 ottobre 2023 al 30 settembre 2024.<\/p>\n\n\n<div class=\"wp-block-image\">\n<figure class=\"aligncenter size-full\"><a href=\"https:\/\/www.rassegnastampa-totustuus.it\/cattolica\/wp-content\/uploads\/2024\/04\/Africa_Ruanda_persecuzioni.jpg\"><img loading=\"lazy\" decoding=\"async\" width=\"275\" height=\"183\" src=\"https:\/\/www.rassegnastampa-totustuus.it\/cattolica\/wp-content\/uploads\/2024\/04\/Africa_Ruanda_persecuzioni.jpg\" alt=\"\" class=\"wp-image-60150\"\/><\/a><\/figure><\/div>\n\n\n<!--more-->\n\n\n\n<h4 class=\"wp-block-heading has-text-align-center\">I numeri della persecuzione<\/h4>\n\n\n\n<p class=\"has-text-align-left\">Nei 100 paesi monitorati in quei 12 mesi 4.476 cristiani sono stati <strong>uccisi in odio alla fede<\/strong>, 4.744 sono stati arrestati e detenuti arbitrariamente, 28.368 abitazioni e attivit\u00e0 economiche di propriet\u00e0 di cristiani sono state danneggiate o distrutte, 7.679 chiese e strutture religiose sono state attaccate, hanno subito danni in certi casi irreparabili oppure sono state costrette a chiudere per ordine delle autorit\u00e0 governative o per gravi problemi di sicurezza.<\/p>\n\n\n\n<p class=\"has-text-align-left\">Inoltre, spiega <em>Open Doors<\/em>, la <strong>persecuzione assume anche altre forme<\/strong> che riguardano quotidianamente le varie sfere della vita: privata, famigliare, comunitaria, ecclesiale e pubblica. Sono violenze verbali, vessazioni, soprusi, discriminazioni, intimidazioni, vari gradi di emarginazione sociale, economica e politica, limitazioni, fino alla negazione, della libert\u00e0 di culto e ogni altra manifestazione di ostilit\u00e0 e intolleranza motivate dal fatto di essere cristiani.<\/p>\n\n\n<div class=\"wp-block-image\">\n<figure class=\"aligncenter size-large\"><a href=\"https:\/\/www.rassegnastampa-totustuus.it\/cattolica\/wp-content\/uploads\/2020\/06\/cristiani_persecuzioni_chiesa.jpeg\"><img loading=\"lazy\" decoding=\"async\" width=\"1024\" height=\"576\" src=\"https:\/\/www.rassegnastampa-totustuus.it\/cattolica\/wp-content\/uploads\/2020\/06\/cristiani_persecuzioni_chiesa-1024x576.jpeg\" alt=\"\" class=\"wp-image-47402\" srcset=\"https:\/\/www.rassegnastampa-totustuus.it\/cattolica\/wp-content\/uploads\/2020\/06\/cristiani_persecuzioni_chiesa-1024x576.jpeg 1024w, https:\/\/www.rassegnastampa-totustuus.it\/cattolica\/wp-content\/uploads\/2020\/06\/cristiani_persecuzioni_chiesa-300x169.jpeg 300w, https:\/\/www.rassegnastampa-totustuus.it\/cattolica\/wp-content\/uploads\/2020\/06\/cristiani_persecuzioni_chiesa-768x432.jpeg 768w, https:\/\/www.rassegnastampa-totustuus.it\/cattolica\/wp-content\/uploads\/2020\/06\/cristiani_persecuzioni_chiesa.jpeg 1500w\" sizes=\"auto, (max-width: 1024px) 100vw, 1024px\" \/><\/a><\/figure><\/div>\n\n\n<p class=\"has-text-align-left\">Oltre una certa soglia queste forme di persecuzione diventano insostenibili. Allora, ed \u00e8 un fenomeno in crescita, individui e famiglie disperati <strong>diventano profughi<\/strong> \u2013 sfollati e rifugiati \u2013 indotti dall\u2019insicurezza e dalla precariet\u00e0 delle condizioni di vita. In aumento \u00e8 anche il numero de cristiani \u201cinvisibili\u201d, che cio\u00e8 <strong>nascondono la loro scelta di fede<\/strong>. A farlo sono soprattutto i convertiti da altre religioni che spesso, se scoperti, vengono isolati e ripudiati dai loro stessi famigliari.<\/p>\n\n\n\n<h4 class=\"wp-block-heading has-text-align-center\">Persecuzione &#8220;estrema&#8221;<\/h4>\n\n\n\n<p class=\"has-text-align-left\">Il rapporto di <em>Open Doors<\/em> comprende ogni anno l\u2019elenco, in ordine decrescente, dei 50 paesi in cui la vita dei cristiani \u2013 circa 310 milioni \u2013 \u00e8 pi\u00f9 difficile. Di ognuno vengono descritti nel dettaglio le forme di persecuzione subite, i livelli di persecuzione \u2013 estremo, molto elevato, elevato \u2013 e chi ne \u00e8 responsabile. Quest\u2019anno sono <strong>13 i paesi in cui il livello di persecuzione \u00e8 stato classificato come estremo<\/strong> (erano 11 nella WWL 2024). Negli altri 37 il livello \u00e8 classificato come molto elevato. <a href=\"https:\/\/www.porteaperteitalia.org\/world-watch-list\/2025\/\" target=\"_blank\" rel=\"noreferrer noopener\">Qui il link<\/a> per accedere alla versione italiana della WWL 2025.<\/p>\n\n\n\n<h4 class=\"wp-block-heading has-text-align-center\"><strong>Il fattore islam<\/strong><\/h4>\n\n\n\n<p class=\"has-text-align-left\">Scorrendo l\u2019elenco, il fatto che salta agli occhi \u00e8 il <strong>ruolo svolto dall\u2019islam<\/strong>, le sue enormi responsabilit\u00e0. Sono musulmani otto \u2013 Somalia, Yemen, Libia, Sudan, Pakistan, Iran, Afghanistan, Arabia Saudita \u2013 dei 13 paesi in cui la persecuzione \u00e8 estrema e anche in un altro, la Nigeria, dove la popolazione \u00e8 per circa la met\u00e0 musulmana, la minaccia ai cristiani \u00e8 rappresentata dalla presenza nel nord est di due tra i pi\u00f9 feroci gruppi jihadisti \u2013 <em>Boko Haram<\/em>, affiliato ad <em>al Qaeda<\/em>, e <em>Iswap<\/em>, affiliato all\u2019<em>Isis<\/em> \u2013 e nelle regioni centrali dall\u2019etnia Fulani, islamica.<\/p>\n\n\n\n<p class=\"has-text-align-left\">La <strong>Nigeria<\/strong>, che \u00e8 al 7\u00b0 posto, dopo l\u2019Eritrea e prima del Pakistan, si conferma il <strong>paese in cui vengono uccisi pi\u00f9 cristiani<\/strong>: 3.100 quest\u2019anno, sul totale di 4.476. Anche in 28 dei 37 stati nei quali il livello di persecuzione \u00e8 molto elevato <strong>l\u2019islam \u00e8 il fattore principale<\/strong> o uno dei fattori determinanti che alimentano odio e intolleranza.<\/p>\n\n\n<div class=\"wp-block-image\">\n<figure class=\"aligncenter size-full\"><a href=\"https:\/\/www.rassegnastampa-totustuus.it\/cattolica\/wp-content\/uploads\/2019\/08\/cristiani_Africa-1.jpg\"><img loading=\"lazy\" decoding=\"async\" width=\"268\" height=\"188\" src=\"https:\/\/www.rassegnastampa-totustuus.it\/cattolica\/wp-content\/uploads\/2019\/08\/cristiani_Africa-1.jpg\" alt=\"\" class=\"wp-image-44000\"\/><\/a><\/figure><\/div>\n\n\n<p class=\"has-text-align-left\">\u00c8 il caso, ad esempio, della Repubblica democratica del Congo dove il 93 per cento della popolazione \u00e8 cristiana e tuttavia, soprattutto da alcuni anni, i cristiani sono vittime delle Forze democratiche alleate (Adf), un gruppo jihadista originario dell\u2019Uganda e affiliato all\u2019Isis, che li <strong>rapisce e uccide<\/strong> e attacca chiese e strutture religiose. Il Congo rispetto alla WWL 2024 \u00e8 risalito di sei posti e occupa il 35\u00b0.<\/p>\n\n\n\n<p class=\"has-text-align-left\">Fattori da evidenziare in generale sono <strong>il ruolo e la responsabilit\u00e0 dei governi<\/strong> nel determinare il livello di persecuzione. I governi di Giordania, Pakistan, Egitto e di altri stati a maggioranza islamica danno segnali e compiono atti concreti in favore dei cristiani cercando di contrastare i gruppi jihadisti e l\u2019intolleranza diffusa nella popolazione. Qualche risultato lo ottengono, sebbene con difficolt\u00e0, e almeno offrono ai cristiani il conforto di non sentirsi del tutto abbandonati e indifesi.<\/p>\n\n\n\n<h4 class=\"wp-block-heading has-text-align-center\"><strong>Cina e India<\/strong><\/h4>\n\n\n\n<p class=\"has-text-align-left\">Tutti i <strong>residui regimi comunisti<\/strong> vedono nella religione una minaccia e, se pure ammettono la presenza di fedeli, li sottopongono a controlli e a limitazioni nella pratica religiosa. \u00c8 quel che succede in <strong>Cina<\/strong>, specie dopo l\u2019adozione del piano di sinicizzazione della religione cristiana avviato nel 2018.<\/p>\n\n\n\n<p class=\"has-text-align-left\">L\u2019<strong>India<\/strong> \u00e8 l\u2019altro grande paese in cui i cristiani scontano la presenza di un <strong>governo che non li tutela<\/strong>. Dal 2014 \u00e8 guidata dal primo ministro <strong>Narendra Modi<\/strong> e dal suo partito nazionalista ind\u00f9, il <em>Bjp<\/em>, e da allora i fondamentalisti ind\u00f9 hanno intensificato violenze e vessazioni nei confronti dei cristiani e le campagne di diffamazione volte a rendere la popolazione ostile e diffidente nei loro confronti. La Cina \u00e8 salita dal 19\u00b0 all\u201911\u00b0 posto nella WWL 2025. L\u2019India \u00e8 stabilmente all\u201911\u00b0.<\/p>\n\n\n\n<h4 class=\"wp-block-heading has-text-align-center\">Corea del Nord<\/h4>\n\n\n\n<p class=\"has-text-align-left\">Ma \u00e8 il regime totalitario della <strong>Corea del Nord<\/strong> a esercitare <strong>il livello pi\u00f9 estremo di persecuzione<\/strong> nei confronti dei cristiani, e di qualsiasi religione. Persino pregare in privato, a casa propria e possedere libri religiosi \u00e8 proibito. I trasgressori vengono puniti con la deportazione nei durissimi campi di lavoro forzato, una pena alla quale pochi sopravvivono.<\/p>\n\n\n<div class=\"wp-block-image\">\n<figure class=\"aligncenter size-full\"><a href=\"https:\/\/www.rassegnastampa-totustuus.it\/cattolica\/wp-content\/uploads\/2005\/07\/corea_gulag.jpg\"><img loading=\"lazy\" decoding=\"async\" width=\"259\" height=\"194\" src=\"https:\/\/www.rassegnastampa-totustuus.it\/cattolica\/wp-content\/uploads\/2005\/07\/corea_gulag.jpg\" alt=\"\" class=\"wp-image-27526\"\/><\/a><\/figure><\/div>\n\n\n<p class=\"has-text-align-left\">Anche i famigliari, bench\u00e9 innocenti, <strong>rischiano l\u2019arresto e i lavori forzati<\/strong> e questo a volte li induce alla delazione, nella speranza di essere risparmiati. La Corea del Nord ha sempre occupato la prima posizione nelle WWL, ad eccezione della WWL 2022 nella quale \u00e8 stata superata dall\u2019Afghanistan.<\/p>\n\n\n\n<p>_________________________________________<\/p>\n\n\n\n<p><strong>Leggi anche:<\/strong><\/p>\n\n\n\n<p><a href=\"https:\/\/www.rassegnastampa-totustuus.it\/cattolica\/cristiani-perseguitati-perche-il-mondo-tace\/\">Cristiani perseguitati. Perch\u00e8 il mondo tace<\/a><a href=\"https:\/\/www.rassegnastampa-totustuus.it\/cattolica\/cristiani-perseguitati-perche-il-mondo-tace\/\" target=\"_blank\" rel=\"noreferrer noopener\">?<\/a><\/p>\n\n\n\n<p><\/p>\n","protected":false},"excerpt":{"rendered":"<p>380 milioni i cristiani che ogni giorno corrono il rischio di essere perseguitati per la loro fede. Livello di persecuzione classificato come estremo in 13 paesi dal rapporto Open Doors<\/p>\n","protected":false},"author":6,"featured_media":57009,"comment_status":"closed","ping_status":"closed","sticky":false,"template":"","format":"standard","meta":{"footnotes":""},"categories":[5,32,33,44],"tags":[157,139,380,470,161],"class_list":["post-61922","post","type-post","status-publish","format-standard","has-post-thumbnail","hentry","category-chiesa","category-filosofia-del-comunismo","category-cristiani-nell-islam","category-cristiani-perseguitati","tag-chiesa-2","tag-comunismo","tag-cristiani-nellislam","tag-cristiani-perseguitati-2","tag-islam-2","item-wrap"],"yoast_head":"<!-- This site is optimized with the Yoast SEO plugin v27.5 - https:\/\/yoast.com\/product\/yoast-seo-wordpress\/ -->\n<title>Cristiani sempre pi\u00f9 perseguitati: fattore islam e regimi comunisti - Rassegna Stampa Cattolica<\/title>\n<meta name=\"description\" content=\"Cristiani sempre pi\u00f9 perseguitati: fattore islam e regimi comunisti. Oggi 380 milioni di cristiani sono a rischio\" \/>\n<meta name=\"robots\" content=\"index, follow, max-snippet:-1, max-image-preview:large, max-video-preview:-1\" \/>\n<link rel=\"canonical\" href=\"https:\/\/www.rassegnastampa-totustuus.it\/cattolica\/cristiani-sempre-piu-perseguitati-fattore-islam-e-regimi-comunisti\/\" \/>\n<meta property=\"og:locale\" content=\"it_IT\" \/>\n<meta property=\"og:type\" content=\"article\" \/>\n<meta property=\"og:title\" content=\"Cristiani sempre pi\u00f9 perseguitati: fattore islam e regimi comunisti - Rassegna Stampa Cattolica\" \/>\n<meta property=\"og:description\" content=\"Cristiani sempre pi\u00f9 perseguitati: fattore islam e regimi comunisti. Oggi 380 milioni di cristiani sono a rischio\" \/>\n<meta property=\"og:url\" content=\"https:\/\/www.rassegnastampa-totustuus.it\/cattolica\/cristiani-sempre-piu-perseguitati-fattore-islam-e-regimi-comunisti\/\" \/>\n<meta property=\"og:site_name\" content=\"Rassegna Stampa Cattolica\" \/>\n<meta property=\"article:publisher\" content=\"https:\/\/www.facebook.com\/rassegnastampacattolica\" \/>\n<meta property=\"article:published_time\" content=\"2025-01-21T08:12:49+00:00\" \/>\n<meta property=\"article:modified_time\" content=\"2025-01-21T11:37:29+00:00\" \/>\n<meta property=\"og:image\" content=\"https:\/\/www.rassegnastampa-totustuus.it\/cattolica\/wp-content\/uploads\/2023\/10\/persecuzioni_cristiani_croce.jpg\" \/>\n\t<meta property=\"og:image:width\" content=\"475\" \/>\n\t<meta property=\"og:image:height\" content=\"296\" \/>\n\t<meta property=\"og:image:type\" content=\"image\/jpeg\" \/>\n<meta name=\"author\" content=\"Redazione\" \/>\n<meta name=\"twitter:card\" content=\"summary_large_image\" \/>\n<meta name=\"twitter:creator\" content=\"@rassegnastampa9\" \/>\n<meta name=\"twitter:site\" content=\"@rassegnastampa9\" \/>\n<meta name=\"twitter:label1\" content=\"Scritto da\" \/>\n\t<meta name=\"twitter:data1\" content=\"Redazione\" \/>\n\t<meta name=\"twitter:label2\" content=\"Tempo di lettura stimato\" \/>\n\t<meta name=\"twitter:data2\" content=\"7 minuti\" \/>\n<script type=\"application\/ld+json\" class=\"yoast-schema-graph\">{\"@context\":\"https:\\\/\\\/schema.org\",\"@graph\":[{\"@type\":\"Article\",\"@id\":\"https:\\\/\\\/www.rassegnastampa-totustuus.it\\\/cattolica\\\/cristiani-sempre-piu-perseguitati-fattore-islam-e-regimi-comunisti\\\/#article\",\"isPartOf\":{\"@id\":\"https:\\\/\\\/www.rassegnastampa-totustuus.it\\\/cattolica\\\/cristiani-sempre-piu-perseguitati-fattore-islam-e-regimi-comunisti\\\/\"},\"author\":{\"name\":\"Redazione\",\"@id\":\"https:\\\/\\\/www.rassegnastampa-totustuus.it\\\/cattolica\\\/#\\\/schema\\\/person\\\/08f319d2bd1a0904ad9e2bfb7b15e5c3\"},\"headline\":\"Cristiani sempre pi\u00f9 perseguitati: fattore islam e regimi comunisti\",\"datePublished\":\"2025-01-21T08:12:49+00:00\",\"dateModified\":\"2025-01-21T11:37:29+00:00\",\"mainEntityOfPage\":{\"@id\":\"https:\\\/\\\/www.rassegnastampa-totustuus.it\\\/cattolica\\\/cristiani-sempre-piu-perseguitati-fattore-islam-e-regimi-comunisti\\\/\"},\"wordCount\":920,\"publisher\":{\"@id\":\"https:\\\/\\\/www.rassegnastampa-totustuus.it\\\/cattolica\\\/#organization\"},\"image\":{\"@id\":\"https:\\\/\\\/www.rassegnastampa-totustuus.it\\\/cattolica\\\/cristiani-sempre-piu-perseguitati-fattore-islam-e-regimi-comunisti\\\/#primaryimage\"},\"thumbnailUrl\":\"https:\\\/\\\/www.rassegnastampa-totustuus.it\\\/cattolica\\\/wp-content\\\/uploads\\\/2023\\\/10\\\/persecuzioni_cristiani_croce.jpg\",\"keywords\":[\"chiesa\",\"comunismo\",\"cristiani nell'Islam\",\"cristiani perseguitati\",\"islam\"],\"articleSection\":[\"Chiesa\",\"Comunismo\",\"Cristiani nell'islam\",\"Cristiani perseguitati\"],\"inLanguage\":\"it-IT\"},{\"@type\":\"WebPage\",\"@id\":\"https:\\\/\\\/www.rassegnastampa-totustuus.it\\\/cattolica\\\/cristiani-sempre-piu-perseguitati-fattore-islam-e-regimi-comunisti\\\/\",\"url\":\"https:\\\/\\\/www.rassegnastampa-totustuus.it\\\/cattolica\\\/cristiani-sempre-piu-perseguitati-fattore-islam-e-regimi-comunisti\\\/\",\"name\":\"Cristiani sempre pi\u00f9 perseguitati: fattore islam e regimi comunisti - Rassegna Stampa Cattolica\",\"isPartOf\":{\"@id\":\"https:\\\/\\\/www.rassegnastampa-totustuus.it\\\/cattolica\\\/#website\"},\"primaryImageOfPage\":{\"@id\":\"https:\\\/\\\/www.rassegnastampa-totustuus.it\\\/cattolica\\\/cristiani-sempre-piu-perseguitati-fattore-islam-e-regimi-comunisti\\\/#primaryimage\"},\"image\":{\"@id\":\"https:\\\/\\\/www.rassegnastampa-totustuus.it\\\/cattolica\\\/cristiani-sempre-piu-perseguitati-fattore-islam-e-regimi-comunisti\\\/#primaryimage\"},\"thumbnailUrl\":\"https:\\\/\\\/www.rassegnastampa-totustuus.it\\\/cattolica\\\/wp-content\\\/uploads\\\/2023\\\/10\\\/persecuzioni_cristiani_croce.jpg\",\"datePublished\":\"2025-01-21T08:12:49+00:00\",\"dateModified\":\"2025-01-21T11:37:29+00:00\",\"description\":\"Cristiani sempre pi\u00f9 perseguitati: fattore islam e regimi comunisti. Oggi 380 milioni di cristiani sono a rischio\",\"breadcrumb\":{\"@id\":\"https:\\\/\\\/www.rassegnastampa-totustuus.it\\\/cattolica\\\/cristiani-sempre-piu-perseguitati-fattore-islam-e-regimi-comunisti\\\/#breadcrumb\"},\"inLanguage\":\"it-IT\",\"potentialAction\":[{\"@type\":\"ReadAction\",\"target\":[\"https:\\\/\\\/www.rassegnastampa-totustuus.it\\\/cattolica\\\/cristiani-sempre-piu-perseguitati-fattore-islam-e-regimi-comunisti\\\/\"]}]},{\"@type\":\"ImageObject\",\"inLanguage\":\"it-IT\",\"@id\":\"https:\\\/\\\/www.rassegnastampa-totustuus.it\\\/cattolica\\\/cristiani-sempre-piu-perseguitati-fattore-islam-e-regimi-comunisti\\\/#primaryimage\",\"url\":\"https:\\\/\\\/www.rassegnastampa-totustuus.it\\\/cattolica\\\/wp-content\\\/uploads\\\/2023\\\/10\\\/persecuzioni_cristiani_croce.jpg\",\"contentUrl\":\"https:\\\/\\\/www.rassegnastampa-totustuus.it\\\/cattolica\\\/wp-content\\\/uploads\\\/2023\\\/10\\\/persecuzioni_cristiani_croce.jpg\",\"width\":475,\"height\":296},{\"@type\":\"BreadcrumbList\",\"@id\":\"https:\\\/\\\/www.rassegnastampa-totustuus.it\\\/cattolica\\\/cristiani-sempre-piu-perseguitati-fattore-islam-e-regimi-comunisti\\\/#breadcrumb\",\"itemListElement\":[{\"@type\":\"ListItem\",\"position\":1,\"name\":\"Home\",\"item\":\"https:\\\/\\\/www.rassegnastampa-totustuus.it\\\/cattolica\\\/\"},{\"@type\":\"ListItem\",\"position\":2,\"name\":\"Cristiani sempre pi\u00f9 perseguitati: fattore islam e regimi comunisti\"}]},{\"@type\":\"WebSite\",\"@id\":\"https:\\\/\\\/www.rassegnastampa-totustuus.it\\\/cattolica\\\/#website\",\"url\":\"https:\\\/\\\/www.rassegnastampa-totustuus.it\\\/cattolica\\\/\",\"name\":\"Rassegna Stampa Cattolica\",\"description\":\"Per una cultura che nasce dalla Rivelazione cristiana in conformit\u00e0 alla tradizione e al Magistero della Chiesa in opposizione ad ogni relativismo e totalitarismo\",\"publisher\":{\"@id\":\"https:\\\/\\\/www.rassegnastampa-totustuus.it\\\/cattolica\\\/#organization\"},\"alternateName\":\"Rass. Cattolica\",\"potentialAction\":[{\"@type\":\"SearchAction\",\"target\":{\"@type\":\"EntryPoint\",\"urlTemplate\":\"https:\\\/\\\/www.rassegnastampa-totustuus.it\\\/cattolica\\\/?s={search_term_string}\"},\"query-input\":{\"@type\":\"PropertyValueSpecification\",\"valueRequired\":true,\"valueName\":\"search_term_string\"}}],\"inLanguage\":\"it-IT\"},{\"@type\":\"Organization\",\"@id\":\"https:\\\/\\\/www.rassegnastampa-totustuus.it\\\/cattolica\\\/#organization\",\"name\":\"Rassegna Stampa Cattolica\",\"url\":\"https:\\\/\\\/www.rassegnastampa-totustuus.it\\\/cattolica\\\/\",\"logo\":{\"@type\":\"ImageObject\",\"inLanguage\":\"it-IT\",\"@id\":\"https:\\\/\\\/www.rassegnastampa-totustuus.it\\\/cattolica\\\/#\\\/schema\\\/logo\\\/image\\\/\",\"url\":\"https:\\\/\\\/www.rassegnastampa-totustuus.it\\\/cattolica\\\/wp-content\\\/uploads\\\/2014\\\/04\\\/logo-rassegna1.gif\",\"contentUrl\":\"https:\\\/\\\/www.rassegnastampa-totustuus.it\\\/cattolica\\\/wp-content\\\/uploads\\\/2014\\\/04\\\/logo-rassegna1.gif\",\"width\":600,\"height\":163,\"caption\":\"Rassegna Stampa Cattolica\"},\"image\":{\"@id\":\"https:\\\/\\\/www.rassegnastampa-totustuus.it\\\/cattolica\\\/#\\\/schema\\\/logo\\\/image\\\/\"},\"sameAs\":[\"https:\\\/\\\/www.facebook.com\\\/rassegnastampacattolica\",\"https:\\\/\\\/x.com\\\/rassegnastampa9\"]},{\"@type\":\"Person\",\"@id\":\"https:\\\/\\\/www.rassegnastampa-totustuus.it\\\/cattolica\\\/#\\\/schema\\\/person\\\/08f319d2bd1a0904ad9e2bfb7b15e5c3\",\"name\":\"Redazione\",\"image\":{\"@type\":\"ImageObject\",\"inLanguage\":\"it-IT\",\"@id\":\"https:\\\/\\\/secure.gravatar.com\\\/avatar\\\/2fcdf27c78ea025fbdb44e914cc63c72249ffec9dc8aafd5c82b26240ef3f346?s=96&d=mm&r=g\",\"url\":\"https:\\\/\\\/secure.gravatar.com\\\/avatar\\\/2fcdf27c78ea025fbdb44e914cc63c72249ffec9dc8aafd5c82b26240ef3f346?s=96&d=mm&r=g\",\"contentUrl\":\"https:\\\/\\\/secure.gravatar.com\\\/avatar\\\/2fcdf27c78ea025fbdb44e914cc63c72249ffec9dc8aafd5c82b26240ef3f346?s=96&d=mm&r=g\",\"caption\":\"Redazione\"},\"url\":\"https:\\\/\\\/www.rassegnastampa-totustuus.it\\\/cattolica\\\/author\\\/pietroelle\\\/\"}]}<\/script>\n<!-- \/ Yoast SEO plugin. -->","yoast_head_json":{"title":"Cristiani sempre pi\u00f9 perseguitati: fattore islam e regimi comunisti - Rassegna Stampa Cattolica","description":"Cristiani sempre pi\u00f9 perseguitati: fattore islam e regimi comunisti. Oggi 380 milioni di cristiani sono a rischio","robots":{"index":"index","follow":"follow","max-snippet":"max-snippet:-1","max-image-preview":"max-image-preview:large","max-video-preview":"max-video-preview:-1"},"canonical":"https:\/\/www.rassegnastampa-totustuus.it\/cattolica\/cristiani-sempre-piu-perseguitati-fattore-islam-e-regimi-comunisti\/","og_locale":"it_IT","og_type":"article","og_title":"Cristiani sempre pi\u00f9 perseguitati: fattore islam e regimi comunisti - Rassegna Stampa Cattolica","og_description":"Cristiani sempre pi\u00f9 perseguitati: fattore islam e regimi comunisti. Oggi 380 milioni di cristiani sono a rischio","og_url":"https:\/\/www.rassegnastampa-totustuus.it\/cattolica\/cristiani-sempre-piu-perseguitati-fattore-islam-e-regimi-comunisti\/","og_site_name":"Rassegna Stampa Cattolica","article_publisher":"https:\/\/www.facebook.com\/rassegnastampacattolica","article_published_time":"2025-01-21T08:12:49+00:00","article_modified_time":"2025-01-21T11:37:29+00:00","og_image":[{"width":475,"height":296,"url":"https:\/\/www.rassegnastampa-totustuus.it\/cattolica\/wp-content\/uploads\/2023\/10\/persecuzioni_cristiani_croce.jpg","type":"image\/jpeg"}],"author":"Redazione","twitter_card":"summary_large_image","twitter_creator":"@rassegnastampa9","twitter_site":"@rassegnastampa9","twitter_misc":{"Scritto da":"Redazione","Tempo di lettura stimato":"7 minuti"},"schema":{"@context":"https:\/\/schema.org","@graph":[{"@type":"Article","@id":"https:\/\/www.rassegnastampa-totustuus.it\/cattolica\/cristiani-sempre-piu-perseguitati-fattore-islam-e-regimi-comunisti\/#article","isPartOf":{"@id":"https:\/\/www.rassegnastampa-totustuus.it\/cattolica\/cristiani-sempre-piu-perseguitati-fattore-islam-e-regimi-comunisti\/"},"author":{"name":"Redazione","@id":"https:\/\/www.rassegnastampa-totustuus.it\/cattolica\/#\/schema\/person\/08f319d2bd1a0904ad9e2bfb7b15e5c3"},"headline":"Cristiani sempre pi\u00f9 perseguitati: fattore islam e regimi comunisti","datePublished":"2025-01-21T08:12:49+00:00","dateModified":"2025-01-21T11:37:29+00:00","mainEntityOfPage":{"@id":"https:\/\/www.rassegnastampa-totustuus.it\/cattolica\/cristiani-sempre-piu-perseguitati-fattore-islam-e-regimi-comunisti\/"},"wordCount":920,"publisher":{"@id":"https:\/\/www.rassegnastampa-totustuus.it\/cattolica\/#organization"},"image":{"@id":"https:\/\/www.rassegnastampa-totustuus.it\/cattolica\/cristiani-sempre-piu-perseguitati-fattore-islam-e-regimi-comunisti\/#primaryimage"},"thumbnailUrl":"https:\/\/www.rassegnastampa-totustuus.it\/cattolica\/wp-content\/uploads\/2023\/10\/persecuzioni_cristiani_croce.jpg","keywords":["chiesa","comunismo","cristiani nell'Islam","cristiani perseguitati","islam"],"articleSection":["Chiesa","Comunismo","Cristiani nell'islam","Cristiani perseguitati"],"inLanguage":"it-IT"},{"@type":"WebPage","@id":"https:\/\/www.rassegnastampa-totustuus.it\/cattolica\/cristiani-sempre-piu-perseguitati-fattore-islam-e-regimi-comunisti\/","url":"https:\/\/www.rassegnastampa-totustuus.it\/cattolica\/cristiani-sempre-piu-perseguitati-fattore-islam-e-regimi-comunisti\/","name":"Cristiani sempre pi\u00f9 perseguitati: fattore islam e regimi comunisti - Rassegna Stampa Cattolica","isPartOf":{"@id":"https:\/\/www.rassegnastampa-totustuus.it\/cattolica\/#website"},"primaryImageOfPage":{"@id":"https:\/\/www.rassegnastampa-totustuus.it\/cattolica\/cristiani-sempre-piu-perseguitati-fattore-islam-e-regimi-comunisti\/#primaryimage"},"image":{"@id":"https:\/\/www.rassegnastampa-totustuus.it\/cattolica\/cristiani-sempre-piu-perseguitati-fattore-islam-e-regimi-comunisti\/#primaryimage"},"thumbnailUrl":"https:\/\/www.rassegnastampa-totustuus.it\/cattolica\/wp-content\/uploads\/2023\/10\/persecuzioni_cristiani_croce.jpg","datePublished":"2025-01-21T08:12:49+00:00","dateModified":"2025-01-21T11:37:29+00:00","description":"Cristiani sempre pi\u00f9 perseguitati: fattore islam e regimi comunisti. Oggi 380 milioni di cristiani sono a rischio","breadcrumb":{"@id":"https:\/\/www.rassegnastampa-totustuus.it\/cattolica\/cristiani-sempre-piu-perseguitati-fattore-islam-e-regimi-comunisti\/#breadcrumb"},"inLanguage":"it-IT","potentialAction":[{"@type":"ReadAction","target":["https:\/\/www.rassegnastampa-totustuus.it\/cattolica\/cristiani-sempre-piu-perseguitati-fattore-islam-e-regimi-comunisti\/"]}]},{"@type":"ImageObject","inLanguage":"it-IT","@id":"https:\/\/www.rassegnastampa-totustuus.it\/cattolica\/cristiani-sempre-piu-perseguitati-fattore-islam-e-regimi-comunisti\/#primaryimage","url":"https:\/\/www.rassegnastampa-totustuus.it\/cattolica\/wp-content\/uploads\/2023\/10\/persecuzioni_cristiani_croce.jpg","contentUrl":"https:\/\/www.rassegnastampa-totustuus.it\/cattolica\/wp-content\/uploads\/2023\/10\/persecuzioni_cristiani_croce.jpg","width":475,"height":296},{"@type":"BreadcrumbList","@id":"https:\/\/www.rassegnastampa-totustuus.it\/cattolica\/cristiani-sempre-piu-perseguitati-fattore-islam-e-regimi-comunisti\/#breadcrumb","itemListElement":[{"@type":"ListItem","position":1,"name":"Home","item":"https:\/\/www.rassegnastampa-totustuus.it\/cattolica\/"},{"@type":"ListItem","position":2,"name":"Cristiani sempre pi\u00f9 perseguitati: fattore islam e regimi comunisti"}]},{"@type":"WebSite","@id":"https:\/\/www.rassegnastampa-totustuus.it\/cattolica\/#website","url":"https:\/\/www.rassegnastampa-totustuus.it\/cattolica\/","name":"Rassegna Stampa Cattolica","description":"Per una cultura che nasce dalla Rivelazione cristiana in conformit\u00e0 alla tradizione e al Magistero della Chiesa in opposizione ad ogni relativismo e totalitarismo","publisher":{"@id":"https:\/\/www.rassegnastampa-totustuus.it\/cattolica\/#organization"},"alternateName":"Rass. Cattolica","potentialAction":[{"@type":"SearchAction","target":{"@type":"EntryPoint","urlTemplate":"https:\/\/www.rassegnastampa-totustuus.it\/cattolica\/?s={search_term_string}"},"query-input":{"@type":"PropertyValueSpecification","valueRequired":true,"valueName":"search_term_string"}}],"inLanguage":"it-IT"},{"@type":"Organization","@id":"https:\/\/www.rassegnastampa-totustuus.it\/cattolica\/#organization","name":"Rassegna Stampa Cattolica","url":"https:\/\/www.rassegnastampa-totustuus.it\/cattolica\/","logo":{"@type":"ImageObject","inLanguage":"it-IT","@id":"https:\/\/www.rassegnastampa-totustuus.it\/cattolica\/#\/schema\/logo\/image\/","url":"https:\/\/www.rassegnastampa-totustuus.it\/cattolica\/wp-content\/uploads\/2014\/04\/logo-rassegna1.gif","contentUrl":"https:\/\/www.rassegnastampa-totustuus.it\/cattolica\/wp-content\/uploads\/2014\/04\/logo-rassegna1.gif","width":600,"height":163,"caption":"Rassegna Stampa Cattolica"},"image":{"@id":"https:\/\/www.rassegnastampa-totustuus.it\/cattolica\/#\/schema\/logo\/image\/"},"sameAs":["https:\/\/www.facebook.com\/rassegnastampacattolica","https:\/\/x.com\/rassegnastampa9"]},{"@type":"Person","@id":"https:\/\/www.rassegnastampa-totustuus.it\/cattolica\/#\/schema\/person\/08f319d2bd1a0904ad9e2bfb7b15e5c3","name":"Redazione","image":{"@type":"ImageObject","inLanguage":"it-IT","@id":"https:\/\/secure.gravatar.com\/avatar\/2fcdf27c78ea025fbdb44e914cc63c72249ffec9dc8aafd5c82b26240ef3f346?s=96&d=mm&r=g","url":"https:\/\/secure.gravatar.com\/avatar\/2fcdf27c78ea025fbdb44e914cc63c72249ffec9dc8aafd5c82b26240ef3f346?s=96&d=mm&r=g","contentUrl":"https:\/\/secure.gravatar.com\/avatar\/2fcdf27c78ea025fbdb44e914cc63c72249ffec9dc8aafd5c82b26240ef3f346?s=96&d=mm&r=g","caption":"Redazione"},"url":"https:\/\/www.rassegnastampa-totustuus.it\/cattolica\/author\/pietroelle\/"}]}},"_links":{"self":[{"href":"https:\/\/www.rassegnastampa-totustuus.it\/cattolica\/wp-json\/wp\/v2\/posts\/61922","targetHints":{"allow":["GET"]}}],"collection":[{"href":"https:\/\/www.rassegnastampa-totustuus.it\/cattolica\/wp-json\/wp\/v2\/posts"}],"about":[{"href":"https:\/\/www.rassegnastampa-totustuus.it\/cattolica\/wp-json\/wp\/v2\/types\/post"}],"author":[{"embeddable":true,"href":"https:\/\/www.rassegnastampa-totustuus.it\/cattolica\/wp-json\/wp\/v2\/users\/6"}],"replies":[{"embeddable":true,"href":"https:\/\/www.rassegnastampa-totustuus.it\/cattolica\/wp-json\/wp\/v2\/comments?post=61922"}],"version-history":[{"count":6,"href":"https:\/\/www.rassegnastampa-totustuus.it\/cattolica\/wp-json\/wp\/v2\/posts\/61922\/revisions"}],"predecessor-version":[{"id":61979,"href":"https:\/\/www.rassegnastampa-totustuus.it\/cattolica\/wp-json\/wp\/v2\/posts\/61922\/revisions\/61979"}],"wp:featuredmedia":[{"embeddable":true,"href":"https:\/\/www.rassegnastampa-totustuus.it\/cattolica\/wp-json\/wp\/v2\/media\/57009"}],"wp:attachment":[{"href":"https:\/\/www.rassegnastampa-totustuus.it\/cattolica\/wp-json\/wp\/v2\/media?parent=61922"}],"wp:term":[{"taxonomy":"category","embeddable":true,"href":"https:\/\/www.rassegnastampa-totustuus.it\/cattolica\/wp-json\/wp\/v2\/categories?post=61922"},{"taxonomy":"post_tag","embeddable":true,"href":"https:\/\/www.rassegnastampa-totustuus.it\/cattolica\/wp-json\/wp\/v2\/tags?post=61922"}],"curies":[{"name":"wp","href":"https:\/\/api.w.org\/{rel}","templated":true}]}}