{"id":61887,"date":"2025-01-11T21:34:13","date_gmt":"2025-01-11T20:34:13","guid":{"rendered":"https:\/\/www.rassegnastampa-totustuus.it\/cattolica\/?p=61887"},"modified":"2025-01-21T10:42:52","modified_gmt":"2025-01-21T09:42:52","slug":"lo-svilimento-del-matrimonio-nella-dottrina-di-lutero","status":"publish","type":"post","link":"https:\/\/www.rassegnastampa-totustuus.it\/cattolica\/lo-svilimento-del-matrimonio-nella-dottrina-di-lutero\/","title":{"rendered":"Lo svilimento del matrimonio nella dottrina di Lutero"},"content":{"rendered":"<div class=\"wp-block-image\">\n<figure class=\"alignleft\"><img loading=\"lazy\" decoding=\"async\" width=\"278\" height=\"181\" src=\"https:\/\/www.rassegnastampa-totustuus.it\/cattolica\/wp-content\/uploads\/2018\/11\/matrimonio.jpg\" alt=\"\" class=\"wp-image-41647\"\/><\/figure><\/div>\n\n\n<p class=\"has-text-align-center\"><span style=\"color: #000000;\"><a href=\"https:\/\/lanuovabq.it\/it\/\" target=\"_blank\" rel=\"noopener\"><span style=\"color: #0000ff;\"><strong>La Nuova Bussola quotidiana<\/strong><\/span><\/a> 5 Gennaio 2025 <\/span><\/p>\n\n\n\n<p><span style=\"color: #000000;\">&nbsp;<em>Lutero riteneva che il matrimonio fosse l\u2019unica forma di vita voluta da Dio e che non fosse un sacramento. In particolare negava che esso sia segno dell\u2019unione indissolubile Cristo-Chiesa. Il suo pensiero in breve impoverisce la vocazione matrimoniale.<\/em> <\/span><\/p>\n\n\n\n<p class=\"has-text-align-center\"><span style=\"color: #000000;\">di <strong>Luisella Scrosati<\/strong><\/span><\/p>\n\n\n\n<!--more-->\n\n\n\n<p><span style=\"color: #000000;\">Nel contesto di un ecumenismo segnato da un incomprensibile senso di colpa dei cattolici su tutti i fronti, che spinge sempre di pi\u00f9 al disprezzo autolesionistico di ci\u00f2 che \u00e8 proprio e al pressoch\u00e9 acritico apprezzamento di quanto caratterizza le altre confessioni cristiane, abbiamo <a style=\"color: #000000;\" href=\"https:\/\/www.avvenire.it\/famiglia\/pagine\/amoris-laetita-e-lutero-quegli-incroci-sorprendenti\">di recente assistito<\/a> all\u2019entusiasta elogio della prospettiva di Martin Lutero sul matrimonio. In sostanza, il teologo di Wittenberg avrebbe il grande merito di aver difeso l\u2019indissolubilit\u00e0 dell\u2019amore di per s\u00e9, a prescindere dalla dimensione sacramentale, che, com\u2019\u00e8 noto, Lutero non attribuiva al matrimonio cristiano. Grandiosa enfasi che permetterebbe di constatare come, relativamente al matrimonio, sia pi\u00f9 quello che unisce luterani e cattolici, che non quello che li divide. <em>Leitmotiv<\/em>, quest\u2019ultimo, incautamente riproposto da certo ecumenismo, che non tiene conto per\u00f2 del punto di partenza.<\/span><\/p>\n\n\n<div class=\"wp-block-image\">\n<figure class=\"aligncenter size-full\"><a href=\"https:\/\/www.rassegnastampa-totustuus.it\/cattolica\/wp-content\/uploads\/2014\/08\/Lutero.jpg\"><img loading=\"lazy\" decoding=\"async\" width=\"203\" height=\"248\" src=\"https:\/\/www.rassegnastampa-totustuus.it\/cattolica\/wp-content\/uploads\/2014\/08\/Lutero.jpg\" alt=\"\" class=\"wp-image-9395\"\/><\/a><\/figure><\/div>\n\n\n<p><span style=\"color: #000000;\"><strong>Spieghiamo<\/strong>: se confrontiamo la concezione luterana dell\u2019amore tra un uomo e una donna e quella del Don Giovanni di turno, di certo l\u2019insegnamento cattolico risulta pi\u00f9 prossimo alla prima che non alla seconda. Ma \u2013 e questo \u00e8 il punto \u2013 non si pu\u00f2 dimenticare che Lutero fu monaco e teologo cattolico; la sua dottrina venne costruita pertanto sulla base di una esplicita e ostinata rimozione degli elementi propri dell\u2019insegnamento della Chiesa. E, sotto questo punto di vista, il <em>viveur<\/em> abituale non \u00e8 poi cos\u00ec in svantaggio rispetto all\u2019ex monaco agostiniano.<\/span><\/p>\n\n\n\n<p><span style=\"color: #000000;\"><strong>Se si pone mente a come Lutero abbia maturato la propria dottrina sul matrimonio<\/strong>, non si pu\u00f2 fare a meno di rilevare le due coordinate fondamentali del suo pensiero, sorte sul terreno della sua vita personale: primo, il matrimonio \u00e8 l\u2019unica forma di vita voluta da Dio, in diretta e dichiarata opposizione alla vita monastica e verginale; secondo, il matrimonio non \u00e8 un sacramento. Per completare il quadro, occorre tenere presente che, nella prospettiva luterana di una natura irrimediabilmente corrotta, anche l\u2019atto coniugale non \u00e8 mai esente dal peccato; peccato che per\u00f2 Dio non imputa all\u2019uomo, dal momento che \u00e8 necessario per la societ\u00e0 umana.<\/span><\/p>\n\n\n\n<p><span style=\"color: #000000;\"><strong>La notte di Pasqua del 1523<\/strong>, un gruppo di dodici monache era fuggito dal proprio convento di Nimbschen in direzione del monastero di Wittenberg, ormai vuoto di monaci e dimora di Lutero, per decisione del Principe di Sassonia. Una di queste ex monache non lascer\u00e0 mai pi\u00f9 la residenza, perch\u00e9 si unir\u00e0 in matrimonio con Lutero. A dire il vero, a Katharina von Bora (1499-1552) erano stati proposti altri pretendenti, che ella aveva per\u00f2 rifiutato. Alla fine divenne la promessa sposa del <em>leader<\/em> della rivoluzione protestante, di lei pi\u00f9 vecchio di 16 anni. Non \u00e8 ancora chiaro quale ragione decisiva abbia spinto Lutero al matrimonio.<\/span><\/p>\n\n\n<div class=\"wp-block-image\">\n<figure class=\"aligncenter size-full\"><a href=\"https:\/\/www.rassegnastampa-totustuus.it\/cattolica\/wp-content\/uploads\/2025\/01\/Lutero_von-Bora.jpeg\"><img loading=\"lazy\" decoding=\"async\" width=\"275\" height=\"206\" src=\"https:\/\/www.rassegnastampa-totustuus.it\/cattolica\/wp-content\/uploads\/2025\/01\/Lutero_von-Bora.jpeg\" alt=\"\" class=\"wp-image-61888\"\/><\/a><\/figure><\/div>\n\n\n<p><span style=\"color: #000000;\">Secondo alcuni, egli avrebbe ceduto alle continue sollecitazioni che gli provenivano dalla cerchia degli amici, i quali gli rimproveravano di predicare a favore del matrimonio del clero, ma di non dare il buon esempio; altri ritengono decisiva la pesante e snervante lotta che Lutero avvertiva per cercare di vivere la continenza; infine, non \u00e8 da sottovalutare la convinzione, in lui sempre pi\u00f9 presente, che Dio abbia destinato tutti gli uomini al matrimonio. In effetti, in una lettera del marzo 1525, circa tre mesi prima della sua unione con Katharina von Bora, Lutero poteva scrivere: \u00ab\u00c8 terribile giungere al momento della morte, senza aver avuto una donna. Se almeno si avesse la seria intenzione di sposarsi! Cosa rispondere a Dio quando ci dir\u00e0: \u201cHo fatto di te un uomo; non dovevi restare solo ma prendere una donna. Dov\u2019\u00e8 tua moglie?\u201d\u00bb (cit. in <em>Dictionnaire de Th\u00e9ologie Catholique<\/em>, IX\/1, Luther, col. 1165).<\/span><\/p>\n\n\n\n<p><span style=\"color: #000000;\"><strong>Quale che sia stata \u201cl\u2019ispirazione\u201d che lo ha portato alle nozze<\/strong>, Lutero attese comunque il momento propizio della morte del suo protettore, Federico di Sassonia, che non era mai stato particolarmente favorevole al matrimonio del clero. Il 5 maggio 1525 Federico mor\u00ec, e gi\u00e0 il 13 giugno Martin e Katharina convolavano a nozze. Quest\u2019idea secondo cui Dio destinerebbe tutti gli uomini al matrimonio si costruiva in parallelo all\u2019attacco alla vita monastica e in particolare ai voti religiosi che, secondo Lutero, non solo non trovavano sostegno nella parola di Dio, ma le erano persino opposti. Il comando divino \u00abcrescete e moltiplicatevi\u00bb era da lui considerato \u00abun\u2019opera divina che non \u00e8 in nostro potere rifiutare o accettare; quest\u2019opera mi \u00e8 cos\u00ec necessaria come l\u2019essere uomo [\u2026]. Quest\u2019opera \u00e8 la nostra stessa natura, un istinto cos\u00ec profondamente radicato quanto le membra che abbiamo a questo scopo\u00bb (cit., col. 1279).<\/span><\/p>\n\n\n\n<p><span style=\"color: #000000;\"><strong>Ancora pi\u00f9 evidente \u00e8 la negazione da parte di Lutero che il matrimonio sia sacramento<\/strong>. Valutare questa sua posizione come un\u2019enfasi posta sull\u2019aspetto naturale del coniugio significa ignorare il pensiero di Lutero. Anzitutto, come si \u00e8 gi\u00e0 accennato, per lui l\u2019unione coniugale \u00e8 necessaria alla natura, ma non per questo la salva dall\u2019essere ormai irrimediabilmente contrassegnata dal peccato; non dalle conseguenze del peccato originale, ma dal peccato stesso. Ma quello che risalta maggiormente (e negativamente) \u00e8 la sua negazione che il matrimonio sia segno dell\u2019unione definitiva e indissolubile tra Cristo e la Chiesa.<\/span><\/p>\n\n\n<div class=\"wp-block-image\">\n<figure class=\"aligncenter size-full\"><a href=\"https:\/\/www.rassegnastampa-totustuus.it\/cattolica\/wp-content\/uploads\/2014\/12\/matrimonio.jpg\"><img loading=\"lazy\" decoding=\"async\" width=\"200\" height=\"124\" src=\"https:\/\/www.rassegnastampa-totustuus.it\/cattolica\/wp-content\/uploads\/2014\/12\/matrimonio.jpg\" alt=\"\" class=\"wp-image-15586\"\/><\/a><\/figure><\/div>\n\n\n<p><span style=\"color: #000000;\">La sacramentalit\u00e0 del matrimonio tra cristiani non pu\u00f2 essere ridotta al fatto che Dio benedica i coniugi; essa significa invece che, in virt\u00f9 del loro battesimo che li ha incorporati in Cristo come membra della Chiesa, essi non sono pi\u00f9 solamente due individui che si uniscono per far crescere la stirpe umana, ma incarnazione espressa di quel vincolo che Cristo ha contratto con la sua Chiesa.<\/span><\/p>\n\n\n\n<p><span style=\"color: #000000;\">Si avverte qui l\u2019insufficienza della dottrina luterana sulla rigenerazione battesimale e sulla giustificazione. Chi viene battezzato, infatti, \u00e8 realmente nuova creatura innestata in Cristo, che non vive pi\u00f9 per s\u00e9 stessa ma per Lui; il matrimonio del battezzato, perci\u00f2, non ha pi\u00f9 semplicemente una connotazione di realizzazione individuale, di rimedio alla concupiscenza, di compimento di una vocazione naturale a pro della societ\u00e0 umana, ma \u00e8 realt\u00e0 nuova, espressione dell\u2019amore con cui Cristo ha dato S\u00e9 stesso per la Chiesa e della fedelt\u00e0 della Chiesa a Lui.<\/span><\/p>\n\n\n\n<p><span style=\"color: #000000;\"><strong>Quella di Lutero non \u00e8 affatto l\u2019esaltazione del matrimonio naturale<\/strong>, ma la sua menomazione: la natura non \u00e8 pi\u00f9 elevata e trasfigurata dalla grazia, ma irrimediabilmente ripiegata su s\u00e9 stessa e impoverita. In Lutero la grazia n\u00e9 risana n\u00e9 eleva; e neppure configura a Cristo; l\u2019amore umano nella sua forma coniugale non trova pertanto alcuna vocazione e significazione pi\u00f9 alta. Ed \u00e8 per questa ragione che egli ammette ragioni di solubilit\u00e0 del matrimonio rato e consumato, cosa del tutto inammissibile nella prospettiva del matrimonio come sacramento dell\u2019unione tra Cristo e la Chiesa.<\/span><\/p>\n\n\n\n<p><span style=\"color: #000000;\"><strong>Rimane insoluto il dubbio<\/strong> se quei cattolici che tanto magnificano il matrimonio secondo Lutero lo abbiano realmente compreso o, forse pi\u00f9 realisticamente, non abbiano mai capito l\u2019insegnamento cattolico.<\/span><\/p>\n\n\n\n<p>________________________________________<\/p>\n\n\n\n<p><strong><span style=\"color: #000000;\">Leggi anche:<\/span><\/strong><\/p>\n\n\n\n<p><span style=\"color: #0000ff;\"><a style=\"color: #0000ff;\" href=\"https:\/\/www.rassegnastampa-totustuus.it\/cattolica\/leone-xiii-e-il-matrimonio\/\" target=\"_blank\" rel=\"noopener\">Leone XIII e il matrimonio<\/a><\/span><\/p>\n\n\n\n<p><\/p>\n","protected":false},"excerpt":{"rendered":"<p>La Nuova Bussola quotidiana 5 Gennaio 2025 &nbsp;Lutero riteneva che il matrimonio fosse l\u2019unica forma di vita voluta da Dio e che non fosse un sacramento. In particolare negava che esso sia segno dell\u2019unione indissolubile Cristo-Chiesa. Il suo pensiero in breve impoverisce la vocazione matrimoniale. di Luisella Scrosati<\/p><p><a class=\"more-link btn\" href=\"https:\/\/www.rassegnastampa-totustuus.it\/cattolica\/lo-svilimento-del-matrimonio-nella-dottrina-di-lutero\/\">Continua a leggere<\/a><\/p>\n","protected":false},"author":6,"featured_media":41647,"comment_status":"closed","ping_status":"closed","sticky":false,"template":"","format":"standard","meta":{"footnotes":""},"categories":[42,15,95],"tags":[458,156,862,2405],"class_list":["post-61887","post","type-post","status-publish","format-standard","has-post-thumbnail","hentry","category-dottrina-e-morale","category-famiglia","category-riforma","tag-dottrina-e-morale-2","tag-famiglia-2","tag-lutero","tag-riforma","item-wrap"],"yoast_head":"<!-- This site is optimized with the Yoast SEO plugin v27.5 - https:\/\/yoast.com\/product\/yoast-seo-wordpress\/ -->\n<title>Lo svilimento del matrimonio nella dottrina di Lutero - Rassegna Stampa Cattolica<\/title>\n<meta name=\"description\" content=\"Lo svilimento del matrimonio nella dottrina di Lutero, che negava l&#039;indissolubilit\u00e0 impoverendo la vocazione matrimoniale\" \/>\n<meta name=\"robots\" content=\"index, follow, max-snippet:-1, max-image-preview:large, max-video-preview:-1\" \/>\n<link rel=\"canonical\" href=\"https:\/\/www.rassegnastampa-totustuus.it\/cattolica\/lo-svilimento-del-matrimonio-nella-dottrina-di-lutero\/\" \/>\n<meta property=\"og:locale\" content=\"it_IT\" \/>\n<meta property=\"og:type\" content=\"article\" \/>\n<meta property=\"og:title\" content=\"Lo svilimento del matrimonio nella dottrina di Lutero - Rassegna Stampa Cattolica\" \/>\n<meta property=\"og:description\" content=\"Lo svilimento del matrimonio nella dottrina di Lutero, che negava l&#039;indissolubilit\u00e0 impoverendo la vocazione matrimoniale\" \/>\n<meta property=\"og:url\" content=\"https:\/\/www.rassegnastampa-totustuus.it\/cattolica\/lo-svilimento-del-matrimonio-nella-dottrina-di-lutero\/\" \/>\n<meta property=\"og:site_name\" content=\"Rassegna Stampa Cattolica\" \/>\n<meta property=\"article:publisher\" content=\"https:\/\/www.facebook.com\/rassegnastampacattolica\" \/>\n<meta property=\"article:published_time\" content=\"2025-01-11T20:34:13+00:00\" \/>\n<meta property=\"article:modified_time\" content=\"2025-01-21T09:42:52+00:00\" \/>\n<meta property=\"og:image\" content=\"https:\/\/www.rassegnastampa-totustuus.it\/cattolica\/wp-content\/uploads\/2018\/11\/matrimonio.jpg\" \/>\n\t<meta property=\"og:image:width\" content=\"278\" \/>\n\t<meta property=\"og:image:height\" content=\"181\" \/>\n\t<meta property=\"og:image:type\" content=\"image\/jpeg\" \/>\n<meta name=\"author\" content=\"Redazione\" \/>\n<meta name=\"twitter:card\" content=\"summary_large_image\" \/>\n<meta name=\"twitter:creator\" content=\"@rassegnastampa9\" \/>\n<meta name=\"twitter:site\" content=\"@rassegnastampa9\" \/>\n<meta name=\"twitter:label1\" content=\"Scritto da\" \/>\n\t<meta name=\"twitter:data1\" content=\"Redazione\" \/>\n\t<meta name=\"twitter:label2\" content=\"Tempo di lettura stimato\" \/>\n\t<meta name=\"twitter:data2\" content=\"8 minuti\" \/>\n<script type=\"application\/ld+json\" class=\"yoast-schema-graph\">{\"@context\":\"https:\\\/\\\/schema.org\",\"@graph\":[{\"@type\":\"Article\",\"@id\":\"https:\\\/\\\/www.rassegnastampa-totustuus.it\\\/cattolica\\\/lo-svilimento-del-matrimonio-nella-dottrina-di-lutero\\\/#article\",\"isPartOf\":{\"@id\":\"https:\\\/\\\/www.rassegnastampa-totustuus.it\\\/cattolica\\\/lo-svilimento-del-matrimonio-nella-dottrina-di-lutero\\\/\"},\"author\":{\"name\":\"Redazione\",\"@id\":\"https:\\\/\\\/www.rassegnastampa-totustuus.it\\\/cattolica\\\/#\\\/schema\\\/person\\\/08f319d2bd1a0904ad9e2bfb7b15e5c3\"},\"headline\":\"Lo svilimento del matrimonio nella dottrina di Lutero\",\"datePublished\":\"2025-01-11T20:34:13+00:00\",\"dateModified\":\"2025-01-21T09:42:52+00:00\",\"mainEntityOfPage\":{\"@id\":\"https:\\\/\\\/www.rassegnastampa-totustuus.it\\\/cattolica\\\/lo-svilimento-del-matrimonio-nella-dottrina-di-lutero\\\/\"},\"wordCount\":1150,\"publisher\":{\"@id\":\"https:\\\/\\\/www.rassegnastampa-totustuus.it\\\/cattolica\\\/#organization\"},\"image\":{\"@id\":\"https:\\\/\\\/www.rassegnastampa-totustuus.it\\\/cattolica\\\/lo-svilimento-del-matrimonio-nella-dottrina-di-lutero\\\/#primaryimage\"},\"thumbnailUrl\":\"https:\\\/\\\/www.rassegnastampa-totustuus.it\\\/cattolica\\\/wp-content\\\/uploads\\\/2018\\\/11\\\/matrimonio.jpg\",\"keywords\":[\"dottrina e morale\",\"famiglia\",\"Lutero\",\"Riforma\"],\"articleSection\":[\"Dottrina e morale\",\"Famiglia\",\"Riforma\"],\"inLanguage\":\"it-IT\"},{\"@type\":\"WebPage\",\"@id\":\"https:\\\/\\\/www.rassegnastampa-totustuus.it\\\/cattolica\\\/lo-svilimento-del-matrimonio-nella-dottrina-di-lutero\\\/\",\"url\":\"https:\\\/\\\/www.rassegnastampa-totustuus.it\\\/cattolica\\\/lo-svilimento-del-matrimonio-nella-dottrina-di-lutero\\\/\",\"name\":\"Lo svilimento del matrimonio nella dottrina di Lutero - Rassegna Stampa Cattolica\",\"isPartOf\":{\"@id\":\"https:\\\/\\\/www.rassegnastampa-totustuus.it\\\/cattolica\\\/#website\"},\"primaryImageOfPage\":{\"@id\":\"https:\\\/\\\/www.rassegnastampa-totustuus.it\\\/cattolica\\\/lo-svilimento-del-matrimonio-nella-dottrina-di-lutero\\\/#primaryimage\"},\"image\":{\"@id\":\"https:\\\/\\\/www.rassegnastampa-totustuus.it\\\/cattolica\\\/lo-svilimento-del-matrimonio-nella-dottrina-di-lutero\\\/#primaryimage\"},\"thumbnailUrl\":\"https:\\\/\\\/www.rassegnastampa-totustuus.it\\\/cattolica\\\/wp-content\\\/uploads\\\/2018\\\/11\\\/matrimonio.jpg\",\"datePublished\":\"2025-01-11T20:34:13+00:00\",\"dateModified\":\"2025-01-21T09:42:52+00:00\",\"description\":\"Lo svilimento del matrimonio nella dottrina di Lutero, che negava l'indissolubilit\u00e0 impoverendo la vocazione matrimoniale\",\"breadcrumb\":{\"@id\":\"https:\\\/\\\/www.rassegnastampa-totustuus.it\\\/cattolica\\\/lo-svilimento-del-matrimonio-nella-dottrina-di-lutero\\\/#breadcrumb\"},\"inLanguage\":\"it-IT\",\"potentialAction\":[{\"@type\":\"ReadAction\",\"target\":[\"https:\\\/\\\/www.rassegnastampa-totustuus.it\\\/cattolica\\\/lo-svilimento-del-matrimonio-nella-dottrina-di-lutero\\\/\"]}]},{\"@type\":\"ImageObject\",\"inLanguage\":\"it-IT\",\"@id\":\"https:\\\/\\\/www.rassegnastampa-totustuus.it\\\/cattolica\\\/lo-svilimento-del-matrimonio-nella-dottrina-di-lutero\\\/#primaryimage\",\"url\":\"https:\\\/\\\/www.rassegnastampa-totustuus.it\\\/cattolica\\\/wp-content\\\/uploads\\\/2018\\\/11\\\/matrimonio.jpg\",\"contentUrl\":\"https:\\\/\\\/www.rassegnastampa-totustuus.it\\\/cattolica\\\/wp-content\\\/uploads\\\/2018\\\/11\\\/matrimonio.jpg\",\"width\":278,\"height\":181},{\"@type\":\"BreadcrumbList\",\"@id\":\"https:\\\/\\\/www.rassegnastampa-totustuus.it\\\/cattolica\\\/lo-svilimento-del-matrimonio-nella-dottrina-di-lutero\\\/#breadcrumb\",\"itemListElement\":[{\"@type\":\"ListItem\",\"position\":1,\"name\":\"Home\",\"item\":\"https:\\\/\\\/www.rassegnastampa-totustuus.it\\\/cattolica\\\/\"},{\"@type\":\"ListItem\",\"position\":2,\"name\":\"Lo svilimento del matrimonio nella dottrina di Lutero\"}]},{\"@type\":\"WebSite\",\"@id\":\"https:\\\/\\\/www.rassegnastampa-totustuus.it\\\/cattolica\\\/#website\",\"url\":\"https:\\\/\\\/www.rassegnastampa-totustuus.it\\\/cattolica\\\/\",\"name\":\"Rassegna Stampa Cattolica\",\"description\":\"Per una cultura che nasce dalla Rivelazione cristiana in conformit\u00e0 alla tradizione e al Magistero della Chiesa in opposizione ad ogni relativismo e totalitarismo\",\"publisher\":{\"@id\":\"https:\\\/\\\/www.rassegnastampa-totustuus.it\\\/cattolica\\\/#organization\"},\"alternateName\":\"Rass. Cattolica\",\"potentialAction\":[{\"@type\":\"SearchAction\",\"target\":{\"@type\":\"EntryPoint\",\"urlTemplate\":\"https:\\\/\\\/www.rassegnastampa-totustuus.it\\\/cattolica\\\/?s={search_term_string}\"},\"query-input\":{\"@type\":\"PropertyValueSpecification\",\"valueRequired\":true,\"valueName\":\"search_term_string\"}}],\"inLanguage\":\"it-IT\"},{\"@type\":\"Organization\",\"@id\":\"https:\\\/\\\/www.rassegnastampa-totustuus.it\\\/cattolica\\\/#organization\",\"name\":\"Rassegna Stampa Cattolica\",\"url\":\"https:\\\/\\\/www.rassegnastampa-totustuus.it\\\/cattolica\\\/\",\"logo\":{\"@type\":\"ImageObject\",\"inLanguage\":\"it-IT\",\"@id\":\"https:\\\/\\\/www.rassegnastampa-totustuus.it\\\/cattolica\\\/#\\\/schema\\\/logo\\\/image\\\/\",\"url\":\"https:\\\/\\\/www.rassegnastampa-totustuus.it\\\/cattolica\\\/wp-content\\\/uploads\\\/2014\\\/04\\\/logo-rassegna1.gif\",\"contentUrl\":\"https:\\\/\\\/www.rassegnastampa-totustuus.it\\\/cattolica\\\/wp-content\\\/uploads\\\/2014\\\/04\\\/logo-rassegna1.gif\",\"width\":600,\"height\":163,\"caption\":\"Rassegna Stampa Cattolica\"},\"image\":{\"@id\":\"https:\\\/\\\/www.rassegnastampa-totustuus.it\\\/cattolica\\\/#\\\/schema\\\/logo\\\/image\\\/\"},\"sameAs\":[\"https:\\\/\\\/www.facebook.com\\\/rassegnastampacattolica\",\"https:\\\/\\\/x.com\\\/rassegnastampa9\"]},{\"@type\":\"Person\",\"@id\":\"https:\\\/\\\/www.rassegnastampa-totustuus.it\\\/cattolica\\\/#\\\/schema\\\/person\\\/08f319d2bd1a0904ad9e2bfb7b15e5c3\",\"name\":\"Redazione\",\"image\":{\"@type\":\"ImageObject\",\"inLanguage\":\"it-IT\",\"@id\":\"https:\\\/\\\/secure.gravatar.com\\\/avatar\\\/2fcdf27c78ea025fbdb44e914cc63c72249ffec9dc8aafd5c82b26240ef3f346?s=96&d=mm&r=g\",\"url\":\"https:\\\/\\\/secure.gravatar.com\\\/avatar\\\/2fcdf27c78ea025fbdb44e914cc63c72249ffec9dc8aafd5c82b26240ef3f346?s=96&d=mm&r=g\",\"contentUrl\":\"https:\\\/\\\/secure.gravatar.com\\\/avatar\\\/2fcdf27c78ea025fbdb44e914cc63c72249ffec9dc8aafd5c82b26240ef3f346?s=96&d=mm&r=g\",\"caption\":\"Redazione\"},\"url\":\"https:\\\/\\\/www.rassegnastampa-totustuus.it\\\/cattolica\\\/author\\\/pietroelle\\\/\"}]}<\/script>\n<!-- \/ Yoast SEO plugin. -->","yoast_head_json":{"title":"Lo svilimento del matrimonio nella dottrina di Lutero - Rassegna Stampa Cattolica","description":"Lo svilimento del matrimonio nella dottrina di Lutero, che negava l'indissolubilit\u00e0 impoverendo la vocazione matrimoniale","robots":{"index":"index","follow":"follow","max-snippet":"max-snippet:-1","max-image-preview":"max-image-preview:large","max-video-preview":"max-video-preview:-1"},"canonical":"https:\/\/www.rassegnastampa-totustuus.it\/cattolica\/lo-svilimento-del-matrimonio-nella-dottrina-di-lutero\/","og_locale":"it_IT","og_type":"article","og_title":"Lo svilimento del matrimonio nella dottrina di Lutero - Rassegna Stampa Cattolica","og_description":"Lo svilimento del matrimonio nella dottrina di Lutero, che negava l'indissolubilit\u00e0 impoverendo la vocazione matrimoniale","og_url":"https:\/\/www.rassegnastampa-totustuus.it\/cattolica\/lo-svilimento-del-matrimonio-nella-dottrina-di-lutero\/","og_site_name":"Rassegna Stampa Cattolica","article_publisher":"https:\/\/www.facebook.com\/rassegnastampacattolica","article_published_time":"2025-01-11T20:34:13+00:00","article_modified_time":"2025-01-21T09:42:52+00:00","og_image":[{"width":278,"height":181,"url":"https:\/\/www.rassegnastampa-totustuus.it\/cattolica\/wp-content\/uploads\/2018\/11\/matrimonio.jpg","type":"image\/jpeg"}],"author":"Redazione","twitter_card":"summary_large_image","twitter_creator":"@rassegnastampa9","twitter_site":"@rassegnastampa9","twitter_misc":{"Scritto da":"Redazione","Tempo di lettura stimato":"8 minuti"},"schema":{"@context":"https:\/\/schema.org","@graph":[{"@type":"Article","@id":"https:\/\/www.rassegnastampa-totustuus.it\/cattolica\/lo-svilimento-del-matrimonio-nella-dottrina-di-lutero\/#article","isPartOf":{"@id":"https:\/\/www.rassegnastampa-totustuus.it\/cattolica\/lo-svilimento-del-matrimonio-nella-dottrina-di-lutero\/"},"author":{"name":"Redazione","@id":"https:\/\/www.rassegnastampa-totustuus.it\/cattolica\/#\/schema\/person\/08f319d2bd1a0904ad9e2bfb7b15e5c3"},"headline":"Lo svilimento del matrimonio nella dottrina di Lutero","datePublished":"2025-01-11T20:34:13+00:00","dateModified":"2025-01-21T09:42:52+00:00","mainEntityOfPage":{"@id":"https:\/\/www.rassegnastampa-totustuus.it\/cattolica\/lo-svilimento-del-matrimonio-nella-dottrina-di-lutero\/"},"wordCount":1150,"publisher":{"@id":"https:\/\/www.rassegnastampa-totustuus.it\/cattolica\/#organization"},"image":{"@id":"https:\/\/www.rassegnastampa-totustuus.it\/cattolica\/lo-svilimento-del-matrimonio-nella-dottrina-di-lutero\/#primaryimage"},"thumbnailUrl":"https:\/\/www.rassegnastampa-totustuus.it\/cattolica\/wp-content\/uploads\/2018\/11\/matrimonio.jpg","keywords":["dottrina e morale","famiglia","Lutero","Riforma"],"articleSection":["Dottrina e morale","Famiglia","Riforma"],"inLanguage":"it-IT"},{"@type":"WebPage","@id":"https:\/\/www.rassegnastampa-totustuus.it\/cattolica\/lo-svilimento-del-matrimonio-nella-dottrina-di-lutero\/","url":"https:\/\/www.rassegnastampa-totustuus.it\/cattolica\/lo-svilimento-del-matrimonio-nella-dottrina-di-lutero\/","name":"Lo svilimento del matrimonio nella dottrina di Lutero - Rassegna Stampa Cattolica","isPartOf":{"@id":"https:\/\/www.rassegnastampa-totustuus.it\/cattolica\/#website"},"primaryImageOfPage":{"@id":"https:\/\/www.rassegnastampa-totustuus.it\/cattolica\/lo-svilimento-del-matrimonio-nella-dottrina-di-lutero\/#primaryimage"},"image":{"@id":"https:\/\/www.rassegnastampa-totustuus.it\/cattolica\/lo-svilimento-del-matrimonio-nella-dottrina-di-lutero\/#primaryimage"},"thumbnailUrl":"https:\/\/www.rassegnastampa-totustuus.it\/cattolica\/wp-content\/uploads\/2018\/11\/matrimonio.jpg","datePublished":"2025-01-11T20:34:13+00:00","dateModified":"2025-01-21T09:42:52+00:00","description":"Lo svilimento del matrimonio nella dottrina di Lutero, che negava l'indissolubilit\u00e0 impoverendo la vocazione matrimoniale","breadcrumb":{"@id":"https:\/\/www.rassegnastampa-totustuus.it\/cattolica\/lo-svilimento-del-matrimonio-nella-dottrina-di-lutero\/#breadcrumb"},"inLanguage":"it-IT","potentialAction":[{"@type":"ReadAction","target":["https:\/\/www.rassegnastampa-totustuus.it\/cattolica\/lo-svilimento-del-matrimonio-nella-dottrina-di-lutero\/"]}]},{"@type":"ImageObject","inLanguage":"it-IT","@id":"https:\/\/www.rassegnastampa-totustuus.it\/cattolica\/lo-svilimento-del-matrimonio-nella-dottrina-di-lutero\/#primaryimage","url":"https:\/\/www.rassegnastampa-totustuus.it\/cattolica\/wp-content\/uploads\/2018\/11\/matrimonio.jpg","contentUrl":"https:\/\/www.rassegnastampa-totustuus.it\/cattolica\/wp-content\/uploads\/2018\/11\/matrimonio.jpg","width":278,"height":181},{"@type":"BreadcrumbList","@id":"https:\/\/www.rassegnastampa-totustuus.it\/cattolica\/lo-svilimento-del-matrimonio-nella-dottrina-di-lutero\/#breadcrumb","itemListElement":[{"@type":"ListItem","position":1,"name":"Home","item":"https:\/\/www.rassegnastampa-totustuus.it\/cattolica\/"},{"@type":"ListItem","position":2,"name":"Lo svilimento del matrimonio nella dottrina di Lutero"}]},{"@type":"WebSite","@id":"https:\/\/www.rassegnastampa-totustuus.it\/cattolica\/#website","url":"https:\/\/www.rassegnastampa-totustuus.it\/cattolica\/","name":"Rassegna Stampa Cattolica","description":"Per una cultura che nasce dalla Rivelazione cristiana in conformit\u00e0 alla tradizione e al Magistero della Chiesa in opposizione ad ogni relativismo e totalitarismo","publisher":{"@id":"https:\/\/www.rassegnastampa-totustuus.it\/cattolica\/#organization"},"alternateName":"Rass. Cattolica","potentialAction":[{"@type":"SearchAction","target":{"@type":"EntryPoint","urlTemplate":"https:\/\/www.rassegnastampa-totustuus.it\/cattolica\/?s={search_term_string}"},"query-input":{"@type":"PropertyValueSpecification","valueRequired":true,"valueName":"search_term_string"}}],"inLanguage":"it-IT"},{"@type":"Organization","@id":"https:\/\/www.rassegnastampa-totustuus.it\/cattolica\/#organization","name":"Rassegna Stampa Cattolica","url":"https:\/\/www.rassegnastampa-totustuus.it\/cattolica\/","logo":{"@type":"ImageObject","inLanguage":"it-IT","@id":"https:\/\/www.rassegnastampa-totustuus.it\/cattolica\/#\/schema\/logo\/image\/","url":"https:\/\/www.rassegnastampa-totustuus.it\/cattolica\/wp-content\/uploads\/2014\/04\/logo-rassegna1.gif","contentUrl":"https:\/\/www.rassegnastampa-totustuus.it\/cattolica\/wp-content\/uploads\/2014\/04\/logo-rassegna1.gif","width":600,"height":163,"caption":"Rassegna Stampa Cattolica"},"image":{"@id":"https:\/\/www.rassegnastampa-totustuus.it\/cattolica\/#\/schema\/logo\/image\/"},"sameAs":["https:\/\/www.facebook.com\/rassegnastampacattolica","https:\/\/x.com\/rassegnastampa9"]},{"@type":"Person","@id":"https:\/\/www.rassegnastampa-totustuus.it\/cattolica\/#\/schema\/person\/08f319d2bd1a0904ad9e2bfb7b15e5c3","name":"Redazione","image":{"@type":"ImageObject","inLanguage":"it-IT","@id":"https:\/\/secure.gravatar.com\/avatar\/2fcdf27c78ea025fbdb44e914cc63c72249ffec9dc8aafd5c82b26240ef3f346?s=96&d=mm&r=g","url":"https:\/\/secure.gravatar.com\/avatar\/2fcdf27c78ea025fbdb44e914cc63c72249ffec9dc8aafd5c82b26240ef3f346?s=96&d=mm&r=g","contentUrl":"https:\/\/secure.gravatar.com\/avatar\/2fcdf27c78ea025fbdb44e914cc63c72249ffec9dc8aafd5c82b26240ef3f346?s=96&d=mm&r=g","caption":"Redazione"},"url":"https:\/\/www.rassegnastampa-totustuus.it\/cattolica\/author\/pietroelle\/"}]}},"_links":{"self":[{"href":"https:\/\/www.rassegnastampa-totustuus.it\/cattolica\/wp-json\/wp\/v2\/posts\/61887","targetHints":{"allow":["GET"]}}],"collection":[{"href":"https:\/\/www.rassegnastampa-totustuus.it\/cattolica\/wp-json\/wp\/v2\/posts"}],"about":[{"href":"https:\/\/www.rassegnastampa-totustuus.it\/cattolica\/wp-json\/wp\/v2\/types\/post"}],"author":[{"embeddable":true,"href":"https:\/\/www.rassegnastampa-totustuus.it\/cattolica\/wp-json\/wp\/v2\/users\/6"}],"replies":[{"embeddable":true,"href":"https:\/\/www.rassegnastampa-totustuus.it\/cattolica\/wp-json\/wp\/v2\/comments?post=61887"}],"version-history":[{"count":4,"href":"https:\/\/www.rassegnastampa-totustuus.it\/cattolica\/wp-json\/wp\/v2\/posts\/61887\/revisions"}],"predecessor-version":[{"id":62005,"href":"https:\/\/www.rassegnastampa-totustuus.it\/cattolica\/wp-json\/wp\/v2\/posts\/61887\/revisions\/62005"}],"wp:featuredmedia":[{"embeddable":true,"href":"https:\/\/www.rassegnastampa-totustuus.it\/cattolica\/wp-json\/wp\/v2\/media\/41647"}],"wp:attachment":[{"href":"https:\/\/www.rassegnastampa-totustuus.it\/cattolica\/wp-json\/wp\/v2\/media?parent=61887"}],"wp:term":[{"taxonomy":"category","embeddable":true,"href":"https:\/\/www.rassegnastampa-totustuus.it\/cattolica\/wp-json\/wp\/v2\/categories?post=61887"},{"taxonomy":"post_tag","embeddable":true,"href":"https:\/\/www.rassegnastampa-totustuus.it\/cattolica\/wp-json\/wp\/v2\/tags?post=61887"}],"curies":[{"name":"wp","href":"https:\/\/api.w.org\/{rel}","templated":true}]}}