{"id":61879,"date":"2025-01-11T13:13:46","date_gmt":"2025-01-11T12:13:46","guid":{"rendered":"https:\/\/www.rassegnastampa-totustuus.it\/cattolica\/?p=61879"},"modified":"2025-01-21T10:51:14","modified_gmt":"2025-01-21T09:51:14","slug":"gunter-bechly-che-con-dio-parlava-di-insetti","status":"publish","type":"post","link":"https:\/\/www.rassegnastampa-totustuus.it\/cattolica\/gunter-bechly-che-con-dio-parlava-di-insetti\/","title":{"rendered":"G\u00fcnter Bechly, che con Dio parlava di insetti"},"content":{"rendered":"<div class=\"wp-block-image\">\n<figure class=\"alignleft\"><img loading=\"lazy\" decoding=\"async\" width=\"400\" height=\"250\" src=\"https:\/\/www.rassegnastampa-totustuus.it\/cattolica\/wp-content\/uploads\/2025\/01\/Gunter_Bechly_evoluzionismo.jpg\" alt=\"\" class=\"wp-image-61880\"\/><\/figure><\/div>\n\n\n<p class=\"has-text-align-center\"><strong><a href=\"https:\/\/alleanzacattolica.org\/\" target=\"_blank\" rel=\"noopener\"><span style=\"color: #0000ff;\">Alleanza Cattolica<\/span><\/a><\/strong> <span style=\"color: #000000;\">Venerd\u00ec, 10 gennaio 2025 <\/span><\/p>\n\n\n\n<p><span style=\"color: #000000;\"><em>Scompare prematuramente uno scienziato di fama mondiale che con lo studio e la ricerca guadagn\u00f2 due mete importanti: la plausibilit\u00e0 di un \u00abprogetto intelligente\u00bb sulla natura e la fede cattolica<\/em>&nbsp;<\/span><\/p>\n\n\n\n<p class=\"has-text-align-center\"><span style=\"color: #000000;\">di <strong>Marco Respinti<\/strong><\/span><\/p>\n\n\n\n<!--more-->\n\n\n\n<p><span style=\"color: #000000;\">Si fa sempre fatica, una gran fatica ad accettare che una persona con cui avevi un legame, che magari avevi pure recentemente sentito, possa andarsene improvvisamente. Hai la sensazione che tutto ti sfugga dalle dita, che il Nulla de <em>La storia infinita<\/em> abbia vinto, che le cose siano irreali, che quel che ti univa a quel lui o a quella lei sia stato solamente illusione. E non ti sembra mai vero che possa essere accaduto sul serio.<\/span><\/p>\n\n\n\n<figure class=\"wp-block-image size-large\"><a href=\"https:\/\/www.rassegnastampa-totustuus.it\/cattolica\/wp-content\/uploads\/2020\/03\/evoluzionismo_darwin.jpg\"><img loading=\"lazy\" decoding=\"async\" width=\"1024\" height=\"576\" src=\"https:\/\/www.rassegnastampa-totustuus.it\/cattolica\/wp-content\/uploads\/2020\/03\/evoluzionismo_darwin-1024x576.jpg\" alt=\"\" class=\"wp-image-46720\" srcset=\"https:\/\/www.rassegnastampa-totustuus.it\/cattolica\/wp-content\/uploads\/2020\/03\/evoluzionismo_darwin-1024x576.jpg 1024w, https:\/\/www.rassegnastampa-totustuus.it\/cattolica\/wp-content\/uploads\/2020\/03\/evoluzionismo_darwin-300x169.jpg 300w, https:\/\/www.rassegnastampa-totustuus.it\/cattolica\/wp-content\/uploads\/2020\/03\/evoluzionismo_darwin-768x432.jpg 768w, https:\/\/www.rassegnastampa-totustuus.it\/cattolica\/wp-content\/uploads\/2020\/03\/evoluzionismo_darwin.jpg 1600w\" sizes=\"auto, (max-width: 1024px) 100vw, 1024px\" \/><\/a><\/figure>\n\n\n\n<p><span style=\"color: #000000;\">G\u00fcnter Bechly, paleontologo ed entomologo di scienza e fama, se n\u2019\u00e8 andato a 61 anni il giorno dell\u2019Epifania in un tragico incidente automobilistico. La sua specialit\u00e0 erano gli insetti fossili del Giurassico superiore, in specie quelli legati agli ambienti acquatici appartenenti all\u2019ordine degli <em>Odonata<\/em>. Bechly ne ha descritte 167 nuove specie, stabilendo cos\u00ec nuove unit\u00e0 tassonomiche che lo legheranno per sempre alla ricerca pi\u00f9 minuziosa, addirittura alla conoscenza della storia della vita sulla Terra. Quando nel 2011 stabil\u00ec e descrisse l\u2019ordine estinto dei <em>Coxoplectoptera<\/em>, contribuendo come pochi altri allo studio di questi esseri piccolissimi, divent\u00f2 una vera <em>rock star<\/em> delle scienze naturali.<\/span><\/p>\n\n\n\n<p><span style=\"color: #000000;\">Tedesco di Sindelfingen, nel Baden-W\u00fcrttemberg, sposato dal 2005 con Maria Louise, austriaca, nata nel 1979, da cui ha avuto due figli, Lukas nato nel 2013 e Niklas Erik nato nel 2015, dal 1991 al 1994 Bechly ha studiato Biologia nell\u2019Universit\u00e0 di Hohenheim, a Stoccarda, e dal 1987 al 1991 Zoologia, Parassitologia e Paleontologia nell\u2019Universit\u00e0 di Tubinga. Nel 1994 si \u00e8 laureato con una tesi sulla morfologia delle ali delle libellule e nel 1999 ha conseguito il dottorato di ricerca <em>summa cum laude <\/em>discutendo la filogenesi sempre delle libellule. Forte di un anno di tirocinio scientifico, nel 1999 ha assunto la curatela scientifica della sezione dedicata agli insetti del Museo statale di storia naturale di Stoccarda. Lavorava come \u201cSenior Scientist\u201d nel Biologic Institute a Redmond, nello Stato di Washington, e come \u201cSenior Fellow\u201d nella sua casa madre, il Center for Science and Culture del Discovery Institute di Seattle.<\/span><\/p>\n\n\n\n<p><span style=\"color: #000000;\">Famosa \u00e8 la mostra che realizz\u00f2 nel 2009 con il titolo <em>Der Fluss des Lebens. 150 Jahre Evolutionstheorie<\/em>, \u00abIl fiume della vita. 150 anni di teoria evolutiva\u00bb, nel Castello di Rosenstein a Stoccarda. Autore di 160 pubblicazioni scientifiche, consulente per tre documentari realizzati dalla BBC, studioso acribico, negli anni Bechly ha maturato critiche sempre pi\u00f9 serrate alla spiegazione darwinistica della nascita e dello sviluppo della vita, rendendo pubblici i risultati delle proprie analisi nel 2015.<\/span><\/p>\n\n\n\n<p><span style=\"color: #000000;\">Gradualmente ha quindi abbracciato l\u2019ipotesi del \u00abprogetto intelligente\u00bb, ovvero l\u2019idea che la complessit\u00e0 irriducibile del reale porti a concludere in favore dell\u2019esistenza di un disegno causale e non casuale sulla vita. Per dare veste a tutto questo ha quindi fondato l\u2019associazione accademica <a style=\"color: #000000;\" href=\"https:\/\/www.biocomplexity.at\"><em>Zentrum f\u00fcr BioKomplexit\u00e4t &amp; NaturTeleologie<\/em><\/a> e ha avviato la collaborazione con il Discovery Institute, che del \u00abprogetto intelligente\u00bb \u00e8 il fiore all\u2019occhiello. E qui siamo al fulcro.<\/span><\/p>\n\n\n\n<p><span style=\"color: #000000;\">L\u2019ipotesi del \u00abprogetto intelligente\u00bb \u00e8 infatti la bestia nera del consenso darwinista che impera nell\u2019accademia mondiale.&nbsp; A dire il vero sono diversi, e in numero crescente, gli studiosi che, empiricamente, si rendono conto dell\u2019insufficienza del paradigma evoluzionistico, ma questo non si pu\u00f2 dire. Non si pu\u00f2 dire nel mondo universitario, pena l\u2019ostracismo. Non si pu\u00f2 dire sui <em>media<\/em>, pena l\u2019essere guardati dall\u2019alto in basso come dei terrapiattisti da chi, pur non avendo mai approfondito il tema, ripete fideisticamente una ipotesi, quella evoluzionistica, le cui falle logiche e scientifiche sono numerose. E non si pu\u00f2 dire neanche al bar, perch\u00e9 si passa per fanatici religiosi con il dente avvelenato.<\/span><\/p>\n\n\n<div class=\"wp-block-image\">\n<figure class=\"aligncenter size-full\"><a href=\"https:\/\/www.rassegnastampa-totustuus.it\/cattolica\/wp-content\/uploads\/2025\/01\/insetti_ambiente_evoluzione.jpeg\"><img loading=\"lazy\" decoding=\"async\" width=\"238\" height=\"180\" src=\"https:\/\/www.rassegnastampa-totustuus.it\/cattolica\/wp-content\/uploads\/2025\/01\/insetti_ambiente_evoluzione.jpeg\" alt=\"\" class=\"wp-image-61881\"\/><\/a><\/figure><\/div>\n\n\n<p><span style=\"color: #000000;\">In realt\u00e0 esistono diversi sostenitori del \u00abprogetto intelligente\u00bb che restano agnostici, ma chi non vuole ascoltare non ascolta mai. L\u2019ipotesi del \u00abprogetto intelligente\u00bb, infatti, \u00e8 la proposta di una spiegazione plausibile e possibile della nascita e dello sviluppo della vita a partire dai dati di fatto che la ricerca scientifica comunica e non certo il portato acritico di una visione religiosa.<\/span><\/p>\n\n\n\n<p><span style=\"color: #000000;\">La storia anche personale di molti studiosi, infatti, dice che \u00e8 quell\u2019evoluzionismo indimostrato colmo di crepe insanabili a finire per mettere in crisi il paradigma materialistico-ateista e non l\u2019inverso. E fra costoro vi \u00e8 stato certamente anche Bechly.<\/span><\/p>\n\n\n<div class=\"wp-block-image\">\n<figure class=\"aligncenter size-full\"><a href=\"https:\/\/www.rassegnastampa-totustuus.it\/cattolica\/wp-content\/uploads\/2005\/05\/intelligent_design.jpg\"><img loading=\"lazy\" decoding=\"async\" width=\"300\" height=\"168\" src=\"https:\/\/www.rassegnastampa-totustuus.it\/cattolica\/wp-content\/uploads\/2005\/05\/intelligent_design.jpg\" alt=\"\" class=\"wp-image-32343\"\/><\/a><\/figure><\/div>\n\n\n<p><span style=\"color: #000000;\">Lo studioso tedesco esplor\u00f2 il neopaganesimo nordico che si accordava con le proprie inclinazioni nietzscheane, il neodruidismo e la neostregoneria della Wicca in un\u2019ansia continua che non lo colm\u00f2 fino a che non incontr\u00f2 il cristianesimo. Divenne cos\u00ec cattolico senza mai smettere di \u201clottare\u201d con Dio.<\/span><\/p>\n\n\n\n<p><span style=\"color: #000000;\">Fu del resto la sua famosa mostra del 2009 sul darwinismo a innescare il circolo virtuoso. Da buon teutonico, metodico e puntiglioso, si disse che, volendo mettere alla berlina le critiche proposte dall\u2019ipotesi del \u00abprogetto intelligente\u00bb, occorreva anzitutto studiare a fondo quell\u2019ipotesi. Cos\u00ec fece e man mano si accorse che quell\u2019ipotesi si mostrava sempre pi\u00f9 in accordo con i dati scientifici che la sua ricerca, in specie sulle libellule, presentava all\u2019evidenza e che altrimenti con l\u2019evoluzionismo sarebbero restati muti.<\/span><\/p>\n\n\n\n<p><span style=\"color: #000000;\">G\u00fcnter ha messo per iscritto il racconto della propria<\/span> <span style=\"color: #0000ff;\"><a style=\"color: #0000ff;\" href=\"https:\/\/salvomag.com\/article\/salvo62\/a-long-surrender\" target=\"_blank\" rel=\"noopener\">conversione sulle pagine del bel periodico statunitense <em>Salvo<\/em><\/a>,<\/span> <span style=\"color: #000000;\">ed \u00e8 un racconto tutto da leggere. Gi\u00e0 il titolo \u00e8 un programma: una lunga resa, una resa a lungo attesa. Sa di bello, sa di C.S. Lewis, sa di vero: una estenuante, agonica, insopprimibile resa a Dio che lentamente lavora sorprendendoti dai lati pi\u00f9 impensabili, che non ti molla, che non ti abbandona, che non si stufa, che si prende un tuo schiaffo, due, tre, e che non li restituisce se non in esplosioni sconcertanti di pienezza e verit\u00e0.<\/span><\/p>\n\n\n<div class=\"wp-block-image\">\n<figure class=\"aligncenter size-full\"><a href=\"https:\/\/www.rassegnastampa-totustuus.it\/cattolica\/wp-content\/uploads\/2006\/07\/evoluzionismo.jpg\"><img loading=\"lazy\" decoding=\"async\" width=\"269\" height=\"187\" src=\"https:\/\/www.rassegnastampa-totustuus.it\/cattolica\/wp-content\/uploads\/2006\/07\/evoluzionismo.jpg\" alt=\"\" class=\"wp-image-34391\"\/><\/a><\/figure><\/div>\n\n\n<p><span style=\"color: #000000;\">Il piatto forte di Bechly era l\u2019impossibilit\u00e0 di accettare l\u2019ipotesi evoluzionista per\u2026 mancanza di tempo. Se infatti si segue correttamente la logica evoluzionistica corrente, spiegava, le mutazioni postulate dal darwinismo per rendere conto dello sviluppo della vita impiegherebbero tempi di lunghezza tale che al confronto le ere geologiche sono inezie.<\/span><\/p>\n\n\n\n<p><span style=\"color: #000000;\">Di questo e di altro Bechly ha parlato anche in Italia, dove il merito di averlo scoperto e invitato al confronto scientifico spetta al<\/span><span style=\"color: #0000ff;\"> <a style=\"color: #0000ff;\" href=\"https:\/\/www.ciid.science\/\" target=\"_blank\" rel=\"noopener\">Centro Italiano per l\u2019Intelligent Design, diretto dal 2019 a Bergamo da Carlo Alberto Cossano<\/a><\/span>, <span style=\"color: #000000;\">che ha avuto l\u2019entomologo tedesco ospite per convegni pubblici ma che<\/span> <a href=\"https:\/\/www.ciid.science\/blog\/2025\/01\/08\/ciao-gunter\/\" target=\"_blank\" rel=\"noopener\"><span style=\"color: #0000ff;\">anzitutto lo ha annoverato come amico<\/span><\/a>. <span style=\"color: #000000;\">Ne \u00e8 testimonianza, fra l\u2019altro, la<\/span> <span style=\"color: #0000ff;\"><a style=\"color: #0000ff;\" href=\"https:\/\/www.youtube.com\/watch?v=jZwXzWAA6pI&amp;list=PLZBn_wKlrqfYCEyCr2e7ufq96kpuZEY9o&amp;index=2\" target=\"_blank\" rel=\"noopener\">video-intervista che ho avuto l\u2019onore di realizzare con G\u00fcnter solo qualche anno fa<\/a>.<\/span><\/p>\n\n\n\n<p><span style=\"color: #000000;\">Rigoroso e assieme gioviale, aveva un sorriso contagioso, un personale quasi d\u2019altri tempi grazie a quella sua calvizie totale che lo faceva personaggio e due occhi buoni. S\u00ec, \u00e8 difficile pensare che G\u00fcnter se ne sia andato improvvisamente senza averci dato il tempo di salutarlo, che Dio se lo sia preso cos\u00ec, repentinamente, senza chiederci il permesso, senza sentire se fossimo d\u2019accordo, senza sentire il nostro parere, senza lasciarci finire quel gran lavoro che peraltro si sta tutti facendo per lui. Ma Dio non \u00e8 un ingrato. Noi vaghiamo a tentoni ma non al buio. Perch\u00e9 anche se ora non ne vediamo la trama, Lui ha disegnato un piano intelligente anche per la morte di G\u00fcnter.<\/span><\/p>\n\n\n\n<p>_________________________________________________<\/p>\n\n\n\n<p><strong><span style=\"color: #000000;\">Leggi anche:<\/span><\/strong><\/p>\n\n\n\n<p><a href=\"https:\/\/www.rassegnastampa-totustuus.it\/cattolica\/evoluzionismo-no-intelligent-design\/\" target=\"_blank\" rel=\"noopener\"><span style=\"color: #0000ff;\">Evoluzionismo? No, Intelligent Design<\/span><\/a><\/p>\n","protected":false},"excerpt":{"rendered":"<p>Scompare prematuramente uno scienziato di fama mondiale che con lo studio e la ricerca guadagn\u00f2 due mete importanti: la plausibilit\u00e0 di un \u00abprogetto intelligente\u00bb sulla natura e la fede cattolica\u00a0<\/p>\n","protected":false},"author":6,"featured_media":0,"comment_status":"closed","ping_status":"closed","sticky":false,"template":"","format":"standard","meta":{"footnotes":""},"categories":[51,18,22],"tags":[751,3074,2931],"class_list":["post-61879","post","type-post","status-publish","format-standard","hentry","category-evoluzionismo","category-personaggi","category-scienza","tag-darwinismo","tag-gunter-bechly","tag-intelligent-design","item-wrap"],"yoast_head":"<!-- This site is optimized with the Yoast SEO plugin v27.5 - https:\/\/yoast.com\/product\/yoast-seo-wordpress\/ -->\n<title>G\u00fcnter Bechly, che con Dio parlava di insetti - Rassegna Stampa Cattolica<\/title>\n<meta name=\"description\" content=\"G\u00fcnter Bechly, che con Dio parlava di insetti. Scompare lo scienziato di fama mondiale che avallava il &quot;progetto intelligente&quot;\" \/>\n<meta name=\"robots\" content=\"index, follow, max-snippet:-1, max-image-preview:large, max-video-preview:-1\" \/>\n<link rel=\"canonical\" href=\"https:\/\/www.rassegnastampa-totustuus.it\/cattolica\/gunter-bechly-che-con-dio-parlava-di-insetti\/\" \/>\n<meta property=\"og:locale\" content=\"it_IT\" \/>\n<meta property=\"og:type\" content=\"article\" \/>\n<meta property=\"og:title\" content=\"G\u00fcnter Bechly, che con Dio parlava di insetti - Rassegna Stampa Cattolica\" \/>\n<meta property=\"og:description\" content=\"G\u00fcnter Bechly, che con Dio parlava di insetti. Scompare lo scienziato di fama mondiale che avallava il &quot;progetto intelligente&quot;\" \/>\n<meta property=\"og:url\" content=\"https:\/\/www.rassegnastampa-totustuus.it\/cattolica\/gunter-bechly-che-con-dio-parlava-di-insetti\/\" \/>\n<meta property=\"og:site_name\" content=\"Rassegna Stampa Cattolica\" \/>\n<meta property=\"article:publisher\" content=\"https:\/\/www.facebook.com\/rassegnastampacattolica\" \/>\n<meta property=\"article:published_time\" content=\"2025-01-11T12:13:46+00:00\" \/>\n<meta property=\"article:modified_time\" content=\"2025-01-21T09:51:14+00:00\" \/>\n<meta property=\"og:image\" content=\"https:\/\/www.rassegnastampa-totustuus.it\/cattolica\/wp-content\/uploads\/2025\/01\/Gunter_Bechly_evoluzionismo.jpg\" \/>\n\t<meta property=\"og:image:width\" content=\"400\" \/>\n\t<meta property=\"og:image:height\" content=\"250\" \/>\n\t<meta property=\"og:image:type\" content=\"image\/jpeg\" \/>\n<meta name=\"author\" content=\"Redazione\" \/>\n<meta name=\"twitter:card\" content=\"summary_large_image\" \/>\n<meta name=\"twitter:creator\" content=\"@rassegnastampa9\" \/>\n<meta name=\"twitter:site\" content=\"@rassegnastampa9\" \/>\n<meta name=\"twitter:label1\" content=\"Scritto da\" \/>\n\t<meta name=\"twitter:data1\" content=\"Redazione\" \/>\n\t<meta name=\"twitter:label2\" content=\"Tempo di lettura stimato\" \/>\n\t<meta name=\"twitter:data2\" content=\"8 minuti\" \/>\n<script type=\"application\/ld+json\" class=\"yoast-schema-graph\">{\"@context\":\"https:\\\/\\\/schema.org\",\"@graph\":[{\"@type\":\"Article\",\"@id\":\"https:\\\/\\\/www.rassegnastampa-totustuus.it\\\/cattolica\\\/gunter-bechly-che-con-dio-parlava-di-insetti\\\/#article\",\"isPartOf\":{\"@id\":\"https:\\\/\\\/www.rassegnastampa-totustuus.it\\\/cattolica\\\/gunter-bechly-che-con-dio-parlava-di-insetti\\\/\"},\"author\":{\"name\":\"Redazione\",\"@id\":\"https:\\\/\\\/www.rassegnastampa-totustuus.it\\\/cattolica\\\/#\\\/schema\\\/person\\\/08f319d2bd1a0904ad9e2bfb7b15e5c3\"},\"headline\":\"G\u00fcnter Bechly, che con Dio parlava di insetti\",\"datePublished\":\"2025-01-11T12:13:46+00:00\",\"dateModified\":\"2025-01-21T09:51:14+00:00\",\"mainEntityOfPage\":{\"@id\":\"https:\\\/\\\/www.rassegnastampa-totustuus.it\\\/cattolica\\\/gunter-bechly-che-con-dio-parlava-di-insetti\\\/\"},\"wordCount\":1202,\"publisher\":{\"@id\":\"https:\\\/\\\/www.rassegnastampa-totustuus.it\\\/cattolica\\\/#organization\"},\"image\":{\"@id\":\"https:\\\/\\\/www.rassegnastampa-totustuus.it\\\/cattolica\\\/gunter-bechly-che-con-dio-parlava-di-insetti\\\/#primaryimage\"},\"thumbnailUrl\":\"https:\\\/\\\/www.rassegnastampa-totustuus.it\\\/cattolica\\\/wp-content\\\/uploads\\\/2025\\\/01\\\/Gunter_Bechly_evoluzionismo.jpg\",\"keywords\":[\"darwinismo\",\"G\u00fcnter Bechly\",\"intelligent design\"],\"articleSection\":[\"Evoluzionismo\",\"Personaggi\",\"Scienza\"],\"inLanguage\":\"it-IT\"},{\"@type\":\"WebPage\",\"@id\":\"https:\\\/\\\/www.rassegnastampa-totustuus.it\\\/cattolica\\\/gunter-bechly-che-con-dio-parlava-di-insetti\\\/\",\"url\":\"https:\\\/\\\/www.rassegnastampa-totustuus.it\\\/cattolica\\\/gunter-bechly-che-con-dio-parlava-di-insetti\\\/\",\"name\":\"G\u00fcnter Bechly, che con Dio parlava di insetti - Rassegna Stampa Cattolica\",\"isPartOf\":{\"@id\":\"https:\\\/\\\/www.rassegnastampa-totustuus.it\\\/cattolica\\\/#website\"},\"primaryImageOfPage\":{\"@id\":\"https:\\\/\\\/www.rassegnastampa-totustuus.it\\\/cattolica\\\/gunter-bechly-che-con-dio-parlava-di-insetti\\\/#primaryimage\"},\"image\":{\"@id\":\"https:\\\/\\\/www.rassegnastampa-totustuus.it\\\/cattolica\\\/gunter-bechly-che-con-dio-parlava-di-insetti\\\/#primaryimage\"},\"thumbnailUrl\":\"https:\\\/\\\/www.rassegnastampa-totustuus.it\\\/cattolica\\\/wp-content\\\/uploads\\\/2025\\\/01\\\/Gunter_Bechly_evoluzionismo.jpg\",\"datePublished\":\"2025-01-11T12:13:46+00:00\",\"dateModified\":\"2025-01-21T09:51:14+00:00\",\"description\":\"G\u00fcnter Bechly, che con Dio parlava di insetti. Scompare lo scienziato di fama mondiale che avallava il \\\"progetto intelligente\\\"\",\"breadcrumb\":{\"@id\":\"https:\\\/\\\/www.rassegnastampa-totustuus.it\\\/cattolica\\\/gunter-bechly-che-con-dio-parlava-di-insetti\\\/#breadcrumb\"},\"inLanguage\":\"it-IT\",\"potentialAction\":[{\"@type\":\"ReadAction\",\"target\":[\"https:\\\/\\\/www.rassegnastampa-totustuus.it\\\/cattolica\\\/gunter-bechly-che-con-dio-parlava-di-insetti\\\/\"]}]},{\"@type\":\"ImageObject\",\"inLanguage\":\"it-IT\",\"@id\":\"https:\\\/\\\/www.rassegnastampa-totustuus.it\\\/cattolica\\\/gunter-bechly-che-con-dio-parlava-di-insetti\\\/#primaryimage\",\"url\":\"https:\\\/\\\/www.rassegnastampa-totustuus.it\\\/cattolica\\\/wp-content\\\/uploads\\\/2025\\\/01\\\/Gunter_Bechly_evoluzionismo.jpg\",\"contentUrl\":\"https:\\\/\\\/www.rassegnastampa-totustuus.it\\\/cattolica\\\/wp-content\\\/uploads\\\/2025\\\/01\\\/Gunter_Bechly_evoluzionismo.jpg\",\"width\":400,\"height\":250},{\"@type\":\"BreadcrumbList\",\"@id\":\"https:\\\/\\\/www.rassegnastampa-totustuus.it\\\/cattolica\\\/gunter-bechly-che-con-dio-parlava-di-insetti\\\/#breadcrumb\",\"itemListElement\":[{\"@type\":\"ListItem\",\"position\":1,\"name\":\"Home\",\"item\":\"https:\\\/\\\/www.rassegnastampa-totustuus.it\\\/cattolica\\\/\"},{\"@type\":\"ListItem\",\"position\":2,\"name\":\"G\u00fcnter Bechly, che con Dio parlava di insetti\"}]},{\"@type\":\"WebSite\",\"@id\":\"https:\\\/\\\/www.rassegnastampa-totustuus.it\\\/cattolica\\\/#website\",\"url\":\"https:\\\/\\\/www.rassegnastampa-totustuus.it\\\/cattolica\\\/\",\"name\":\"Rassegna Stampa Cattolica\",\"description\":\"Per una cultura che nasce dalla Rivelazione cristiana in conformit\u00e0 alla tradizione e al Magistero della Chiesa in opposizione ad ogni relativismo e totalitarismo\",\"publisher\":{\"@id\":\"https:\\\/\\\/www.rassegnastampa-totustuus.it\\\/cattolica\\\/#organization\"},\"alternateName\":\"Rass. Cattolica\",\"potentialAction\":[{\"@type\":\"SearchAction\",\"target\":{\"@type\":\"EntryPoint\",\"urlTemplate\":\"https:\\\/\\\/www.rassegnastampa-totustuus.it\\\/cattolica\\\/?s={search_term_string}\"},\"query-input\":{\"@type\":\"PropertyValueSpecification\",\"valueRequired\":true,\"valueName\":\"search_term_string\"}}],\"inLanguage\":\"it-IT\"},{\"@type\":\"Organization\",\"@id\":\"https:\\\/\\\/www.rassegnastampa-totustuus.it\\\/cattolica\\\/#organization\",\"name\":\"Rassegna Stampa Cattolica\",\"url\":\"https:\\\/\\\/www.rassegnastampa-totustuus.it\\\/cattolica\\\/\",\"logo\":{\"@type\":\"ImageObject\",\"inLanguage\":\"it-IT\",\"@id\":\"https:\\\/\\\/www.rassegnastampa-totustuus.it\\\/cattolica\\\/#\\\/schema\\\/logo\\\/image\\\/\",\"url\":\"https:\\\/\\\/www.rassegnastampa-totustuus.it\\\/cattolica\\\/wp-content\\\/uploads\\\/2014\\\/04\\\/logo-rassegna1.gif\",\"contentUrl\":\"https:\\\/\\\/www.rassegnastampa-totustuus.it\\\/cattolica\\\/wp-content\\\/uploads\\\/2014\\\/04\\\/logo-rassegna1.gif\",\"width\":600,\"height\":163,\"caption\":\"Rassegna Stampa Cattolica\"},\"image\":{\"@id\":\"https:\\\/\\\/www.rassegnastampa-totustuus.it\\\/cattolica\\\/#\\\/schema\\\/logo\\\/image\\\/\"},\"sameAs\":[\"https:\\\/\\\/www.facebook.com\\\/rassegnastampacattolica\",\"https:\\\/\\\/x.com\\\/rassegnastampa9\"]},{\"@type\":\"Person\",\"@id\":\"https:\\\/\\\/www.rassegnastampa-totustuus.it\\\/cattolica\\\/#\\\/schema\\\/person\\\/08f319d2bd1a0904ad9e2bfb7b15e5c3\",\"name\":\"Redazione\",\"image\":{\"@type\":\"ImageObject\",\"inLanguage\":\"it-IT\",\"@id\":\"https:\\\/\\\/secure.gravatar.com\\\/avatar\\\/2fcdf27c78ea025fbdb44e914cc63c72249ffec9dc8aafd5c82b26240ef3f346?s=96&d=mm&r=g\",\"url\":\"https:\\\/\\\/secure.gravatar.com\\\/avatar\\\/2fcdf27c78ea025fbdb44e914cc63c72249ffec9dc8aafd5c82b26240ef3f346?s=96&d=mm&r=g\",\"contentUrl\":\"https:\\\/\\\/secure.gravatar.com\\\/avatar\\\/2fcdf27c78ea025fbdb44e914cc63c72249ffec9dc8aafd5c82b26240ef3f346?s=96&d=mm&r=g\",\"caption\":\"Redazione\"},\"url\":\"https:\\\/\\\/www.rassegnastampa-totustuus.it\\\/cattolica\\\/author\\\/pietroelle\\\/\"}]}<\/script>\n<!-- \/ Yoast SEO plugin. -->","yoast_head_json":{"title":"G\u00fcnter Bechly, che con Dio parlava di insetti - Rassegna Stampa Cattolica","description":"G\u00fcnter Bechly, che con Dio parlava di insetti. Scompare lo scienziato di fama mondiale che avallava il \"progetto intelligente\"","robots":{"index":"index","follow":"follow","max-snippet":"max-snippet:-1","max-image-preview":"max-image-preview:large","max-video-preview":"max-video-preview:-1"},"canonical":"https:\/\/www.rassegnastampa-totustuus.it\/cattolica\/gunter-bechly-che-con-dio-parlava-di-insetti\/","og_locale":"it_IT","og_type":"article","og_title":"G\u00fcnter Bechly, che con Dio parlava di insetti - Rassegna Stampa Cattolica","og_description":"G\u00fcnter Bechly, che con Dio parlava di insetti. Scompare lo scienziato di fama mondiale che avallava il \"progetto intelligente\"","og_url":"https:\/\/www.rassegnastampa-totustuus.it\/cattolica\/gunter-bechly-che-con-dio-parlava-di-insetti\/","og_site_name":"Rassegna Stampa Cattolica","article_publisher":"https:\/\/www.facebook.com\/rassegnastampacattolica","article_published_time":"2025-01-11T12:13:46+00:00","article_modified_time":"2025-01-21T09:51:14+00:00","og_image":[{"width":400,"height":250,"url":"https:\/\/www.rassegnastampa-totustuus.it\/cattolica\/wp-content\/uploads\/2025\/01\/Gunter_Bechly_evoluzionismo.jpg","type":"image\/jpeg"}],"author":"Redazione","twitter_card":"summary_large_image","twitter_creator":"@rassegnastampa9","twitter_site":"@rassegnastampa9","twitter_misc":{"Scritto da":"Redazione","Tempo di lettura stimato":"8 minuti"},"schema":{"@context":"https:\/\/schema.org","@graph":[{"@type":"Article","@id":"https:\/\/www.rassegnastampa-totustuus.it\/cattolica\/gunter-bechly-che-con-dio-parlava-di-insetti\/#article","isPartOf":{"@id":"https:\/\/www.rassegnastampa-totustuus.it\/cattolica\/gunter-bechly-che-con-dio-parlava-di-insetti\/"},"author":{"name":"Redazione","@id":"https:\/\/www.rassegnastampa-totustuus.it\/cattolica\/#\/schema\/person\/08f319d2bd1a0904ad9e2bfb7b15e5c3"},"headline":"G\u00fcnter Bechly, che con Dio parlava di insetti","datePublished":"2025-01-11T12:13:46+00:00","dateModified":"2025-01-21T09:51:14+00:00","mainEntityOfPage":{"@id":"https:\/\/www.rassegnastampa-totustuus.it\/cattolica\/gunter-bechly-che-con-dio-parlava-di-insetti\/"},"wordCount":1202,"publisher":{"@id":"https:\/\/www.rassegnastampa-totustuus.it\/cattolica\/#organization"},"image":{"@id":"https:\/\/www.rassegnastampa-totustuus.it\/cattolica\/gunter-bechly-che-con-dio-parlava-di-insetti\/#primaryimage"},"thumbnailUrl":"https:\/\/www.rassegnastampa-totustuus.it\/cattolica\/wp-content\/uploads\/2025\/01\/Gunter_Bechly_evoluzionismo.jpg","keywords":["darwinismo","G\u00fcnter Bechly","intelligent design"],"articleSection":["Evoluzionismo","Personaggi","Scienza"],"inLanguage":"it-IT"},{"@type":"WebPage","@id":"https:\/\/www.rassegnastampa-totustuus.it\/cattolica\/gunter-bechly-che-con-dio-parlava-di-insetti\/","url":"https:\/\/www.rassegnastampa-totustuus.it\/cattolica\/gunter-bechly-che-con-dio-parlava-di-insetti\/","name":"G\u00fcnter Bechly, che con Dio parlava di insetti - Rassegna Stampa Cattolica","isPartOf":{"@id":"https:\/\/www.rassegnastampa-totustuus.it\/cattolica\/#website"},"primaryImageOfPage":{"@id":"https:\/\/www.rassegnastampa-totustuus.it\/cattolica\/gunter-bechly-che-con-dio-parlava-di-insetti\/#primaryimage"},"image":{"@id":"https:\/\/www.rassegnastampa-totustuus.it\/cattolica\/gunter-bechly-che-con-dio-parlava-di-insetti\/#primaryimage"},"thumbnailUrl":"https:\/\/www.rassegnastampa-totustuus.it\/cattolica\/wp-content\/uploads\/2025\/01\/Gunter_Bechly_evoluzionismo.jpg","datePublished":"2025-01-11T12:13:46+00:00","dateModified":"2025-01-21T09:51:14+00:00","description":"G\u00fcnter Bechly, che con Dio parlava di insetti. Scompare lo scienziato di fama mondiale che avallava il \"progetto intelligente\"","breadcrumb":{"@id":"https:\/\/www.rassegnastampa-totustuus.it\/cattolica\/gunter-bechly-che-con-dio-parlava-di-insetti\/#breadcrumb"},"inLanguage":"it-IT","potentialAction":[{"@type":"ReadAction","target":["https:\/\/www.rassegnastampa-totustuus.it\/cattolica\/gunter-bechly-che-con-dio-parlava-di-insetti\/"]}]},{"@type":"ImageObject","inLanguage":"it-IT","@id":"https:\/\/www.rassegnastampa-totustuus.it\/cattolica\/gunter-bechly-che-con-dio-parlava-di-insetti\/#primaryimage","url":"https:\/\/www.rassegnastampa-totustuus.it\/cattolica\/wp-content\/uploads\/2025\/01\/Gunter_Bechly_evoluzionismo.jpg","contentUrl":"https:\/\/www.rassegnastampa-totustuus.it\/cattolica\/wp-content\/uploads\/2025\/01\/Gunter_Bechly_evoluzionismo.jpg","width":400,"height":250},{"@type":"BreadcrumbList","@id":"https:\/\/www.rassegnastampa-totustuus.it\/cattolica\/gunter-bechly-che-con-dio-parlava-di-insetti\/#breadcrumb","itemListElement":[{"@type":"ListItem","position":1,"name":"Home","item":"https:\/\/www.rassegnastampa-totustuus.it\/cattolica\/"},{"@type":"ListItem","position":2,"name":"G\u00fcnter Bechly, che con Dio parlava di insetti"}]},{"@type":"WebSite","@id":"https:\/\/www.rassegnastampa-totustuus.it\/cattolica\/#website","url":"https:\/\/www.rassegnastampa-totustuus.it\/cattolica\/","name":"Rassegna Stampa Cattolica","description":"Per una cultura che nasce dalla Rivelazione cristiana in conformit\u00e0 alla tradizione e al Magistero della Chiesa in opposizione ad ogni relativismo e totalitarismo","publisher":{"@id":"https:\/\/www.rassegnastampa-totustuus.it\/cattolica\/#organization"},"alternateName":"Rass. Cattolica","potentialAction":[{"@type":"SearchAction","target":{"@type":"EntryPoint","urlTemplate":"https:\/\/www.rassegnastampa-totustuus.it\/cattolica\/?s={search_term_string}"},"query-input":{"@type":"PropertyValueSpecification","valueRequired":true,"valueName":"search_term_string"}}],"inLanguage":"it-IT"},{"@type":"Organization","@id":"https:\/\/www.rassegnastampa-totustuus.it\/cattolica\/#organization","name":"Rassegna Stampa Cattolica","url":"https:\/\/www.rassegnastampa-totustuus.it\/cattolica\/","logo":{"@type":"ImageObject","inLanguage":"it-IT","@id":"https:\/\/www.rassegnastampa-totustuus.it\/cattolica\/#\/schema\/logo\/image\/","url":"https:\/\/www.rassegnastampa-totustuus.it\/cattolica\/wp-content\/uploads\/2014\/04\/logo-rassegna1.gif","contentUrl":"https:\/\/www.rassegnastampa-totustuus.it\/cattolica\/wp-content\/uploads\/2014\/04\/logo-rassegna1.gif","width":600,"height":163,"caption":"Rassegna Stampa Cattolica"},"image":{"@id":"https:\/\/www.rassegnastampa-totustuus.it\/cattolica\/#\/schema\/logo\/image\/"},"sameAs":["https:\/\/www.facebook.com\/rassegnastampacattolica","https:\/\/x.com\/rassegnastampa9"]},{"@type":"Person","@id":"https:\/\/www.rassegnastampa-totustuus.it\/cattolica\/#\/schema\/person\/08f319d2bd1a0904ad9e2bfb7b15e5c3","name":"Redazione","image":{"@type":"ImageObject","inLanguage":"it-IT","@id":"https:\/\/secure.gravatar.com\/avatar\/2fcdf27c78ea025fbdb44e914cc63c72249ffec9dc8aafd5c82b26240ef3f346?s=96&d=mm&r=g","url":"https:\/\/secure.gravatar.com\/avatar\/2fcdf27c78ea025fbdb44e914cc63c72249ffec9dc8aafd5c82b26240ef3f346?s=96&d=mm&r=g","contentUrl":"https:\/\/secure.gravatar.com\/avatar\/2fcdf27c78ea025fbdb44e914cc63c72249ffec9dc8aafd5c82b26240ef3f346?s=96&d=mm&r=g","caption":"Redazione"},"url":"https:\/\/www.rassegnastampa-totustuus.it\/cattolica\/author\/pietroelle\/"}]}},"_links":{"self":[{"href":"https:\/\/www.rassegnastampa-totustuus.it\/cattolica\/wp-json\/wp\/v2\/posts\/61879","targetHints":{"allow":["GET"]}}],"collection":[{"href":"https:\/\/www.rassegnastampa-totustuus.it\/cattolica\/wp-json\/wp\/v2\/posts"}],"about":[{"href":"https:\/\/www.rassegnastampa-totustuus.it\/cattolica\/wp-json\/wp\/v2\/types\/post"}],"author":[{"embeddable":true,"href":"https:\/\/www.rassegnastampa-totustuus.it\/cattolica\/wp-json\/wp\/v2\/users\/6"}],"replies":[{"embeddable":true,"href":"https:\/\/www.rassegnastampa-totustuus.it\/cattolica\/wp-json\/wp\/v2\/comments?post=61879"}],"version-history":[{"count":3,"href":"https:\/\/www.rassegnastampa-totustuus.it\/cattolica\/wp-json\/wp\/v2\/posts\/61879\/revisions"}],"predecessor-version":[{"id":61955,"href":"https:\/\/www.rassegnastampa-totustuus.it\/cattolica\/wp-json\/wp\/v2\/posts\/61879\/revisions\/61955"}],"wp:attachment":[{"href":"https:\/\/www.rassegnastampa-totustuus.it\/cattolica\/wp-json\/wp\/v2\/media?parent=61879"}],"wp:term":[{"taxonomy":"category","embeddable":true,"href":"https:\/\/www.rassegnastampa-totustuus.it\/cattolica\/wp-json\/wp\/v2\/categories?post=61879"},{"taxonomy":"post_tag","embeddable":true,"href":"https:\/\/www.rassegnastampa-totustuus.it\/cattolica\/wp-json\/wp\/v2\/tags?post=61879"}],"curies":[{"name":"wp","href":"https:\/\/api.w.org\/{rel}","templated":true}]}}