{"id":61871,"date":"2025-01-03T12:07:55","date_gmt":"2025-01-03T11:07:55","guid":{"rendered":"https:\/\/www.rassegnastampa-totustuus.it\/cattolica\/?p=61871"},"modified":"2025-01-21T11:01:55","modified_gmt":"2025-01-21T10:01:55","slug":"privatizzazioni-si-privatizzazioni-noche-giudizio-avere","status":"publish","type":"post","link":"https:\/\/www.rassegnastampa-totustuus.it\/cattolica\/privatizzazioni-si-privatizzazioni-noche-giudizio-avere\/","title":{"rendered":"Privatizzazioni s\u00ec, privatizzazioni no\u2026che giudizio avere?"},"content":{"rendered":"<div class=\"wp-block-image\">\n<figure class=\"alignleft\"><img loading=\"lazy\" decoding=\"async\" width=\"212\" height=\"238\" src=\"https:\/\/www.rassegnastampa-totustuus.it\/cattolica\/wp-content\/uploads\/2014\/11\/Fiat_logo.jpg\" alt=\"\" class=\"wp-image-13671\"\/><\/figure><\/div>\n\n\n<p class=\"has-text-align-center\"><span style=\"color: #0000ff;\"><strong><a style=\"color: #0000ff;\" href=\"http:\/\/itresentieri.it\/\" target=\"_blank\" rel=\"noopener\">Il Cammino dei Tre Sentieri<\/a><\/strong><\/span> <span style=\"color: #000000;\">3 Gennaio 2025<\/span><\/p>\n\n\n\n<p><span style=\"color: #000000;\"><strong>Vi \u00e8 indubbiamente un principio nella <em>dottrina sociale cattolica<\/em>&nbsp;che \u00e8 quello cosiddetto di \u201csussidiariet\u00e0\u201d<\/strong>, ovvero che lo Stato non deve <em>gestire<\/em> ma <em>garantire<\/em> i diritti di tutte quelle realt\u00e0 che logicamente e cronologicamente lo precedono. La libera impresa non deve essere soppressa dalla Stato, anzi promossa e garantita. Questo \u00e8 un principio imprescindibile e su tale principio non si deve transigere. <\/span><\/p>\n\n\n\n<!--more-->\n\n\n\n<p><span style=\"color: #000000;\"><strong>Il problema per\u00f2 \u00e8 capire cosa \u00e8 davvero un\u2019<em>impresa. <\/em><\/strong>L\u2019<em>impresa<\/em> per essere davvero tale deve avere due caratteristiche fondamentali. La prima \u00e8 la <em>capacit\u00e0 di azione,<\/em>&nbsp;la seconda il&nbsp;<em>campo d\u2019interesse.<\/em><\/span><\/p>\n\n\n\n<p><span style=\"color: #000000;\"><strong>La\u00a0<em>capacit\u00e0 di azione dell\u2019impresa. <\/em><\/strong>L\u2019impresa va salvaguardata, a patto per\u00f2 che a sua volta essa sappia salvaguardare altre imprese. Ci spieghiamo meglio. L\u2019impresa va salvaguardata perch\u00e9 \u00e8 il segno della giusta e naturale articolazione sociale e perch\u00e9 limita l\u2019invadenza dello Stato che finirebbe con il cadere verso una deriva totalitaria occupandosi di cose di cui non si deve occupare. Ora -per\u00f2- se l\u2019impresa finisce con lo snaturarsi e divenire <em>trust <\/em>industriale\u00a0accaparrando tutto l\u2019accaparrabile e facendo della sua libert\u00e0 l\u2019arma per uccidere la libert\u00e0 di altre imprese, allora l\u2019impresa non \u00e8 pi\u00f9 se stessa, bens\u00ec diviene un\u2019altra cosa. E\u2019 ci\u00f2 che \u00e8 successo con il <em>mercatismo<\/em>\u00a0dei nostri tempi, dove nel supermercato sotto casa vediamo ancora tante etichette alimentari, poi andiamo a verificare e ci accorgiamo che la <em>Perugina<\/em> non \u00e8 pi\u00f9 la <em>Perugina<\/em>, la <em>Buitoni<\/em> non \u00e8 pi\u00f9 la <em>Buitoni<\/em>, la <em>Bauli<\/em> non \u00e8 pi\u00f9 la <em>Bauli<\/em>, ecc\u2026ma che queste etichette fanno solo\u2026<em>etichetta<\/em>, nel <\/span> <span style=\"color: #000000;\">senso che sono solo varie espressioni di un\u2019unica multinazionale.<\/span><\/p>\n\n\n<div class=\"wp-block-image\">\n<figure class=\"aligncenter size-full\"><a href=\"https:\/\/www.rassegnastampa-totustuus.it\/cattolica\/wp-content\/uploads\/2016\/02\/supermarket.jpg\"><img loading=\"lazy\" decoding=\"async\" width=\"255\" height=\"198\" src=\"https:\/\/www.rassegnastampa-totustuus.it\/cattolica\/wp-content\/uploads\/2016\/02\/supermarket.jpg\" alt=\"\" class=\"wp-image-30826\"\/><\/a><\/figure><\/div>\n\n\n<p><span style=\"color: #000000;\"><strong>Il campo d\u2019interesse dell\u2019impresa.<\/strong> La seconda caratteristica dell\u2019impresa \u00e8 il suo <em>campo d\u2019interesse<\/em>. Quando ancora non esisteva lo Stato moderno (sulle cui caratteristiche siamo abbastanza critici, ma esiste e non si pu\u00f2 prescindere da esso)\u2026dicevamo: quando ancora non esisteva lo Stato moderno certi campi di interesse generale erano gestiti non da un\u2019impresa ma dalla Chiesa, vedi istruzione, assistenza sanitaria e quant\u2019altro. Dopo la Rivoluzione francese, con la nascita dello Stato moderno e conseguenzialmente con la sua progressiva laicizzazione, questi campi non sono stati pi\u00f9 ad appannaggio della Chiesa. Inizialmente subentr\u00f2 lo Stato, ma poi questo, nelle economie <em>iperliberali<\/em>, \u00e8 stato sostituito da <em>lobbies<\/em> che beneficiano del potere finanziario.<\/span><\/p>\n\n\n<div class=\"wp-block-image\">\n<figure class=\"aligncenter size-full\"><a href=\"https:\/\/www.rassegnastampa-totustuus.it\/cattolica\/wp-content\/uploads\/2024\/02\/Barilla.jpg\"><img loading=\"lazy\" decoding=\"async\" width=\"302\" height=\"288\" src=\"https:\/\/www.rassegnastampa-totustuus.it\/cattolica\/wp-content\/uploads\/2024\/02\/Barilla.jpg\" alt=\"\" class=\"wp-image-59603\"\/><\/a><\/figure><\/div>\n\n\n<p><span style=\"color: #000000;\"><strong>Detto questo, ci troviamo dinanzi ad una situazione in cui ci\u00f2 che \u00e8 di interesse generale \u00e8 nelle mani di imprese che non sono pi\u00f9 vere imprese<\/strong>, ma grandi potentati economici e industriali dove il profitto \u00e8 giocoforza l\u2019unico interesse da perseguire.<\/span><\/p>\n\n\n\n<p><span style=\"color: #000000;\"><strong>Si badi, lungi da noi, demonizzare il profitto in s\u00e9.<\/strong> E\u2019 vero che non siamo proprio<em> tatcheriani<\/em>, ma siamo d\u2019accordo con quella famosa espressione della <em>Lady di ferro<\/em> secondo cui il buon samaritano era riuscito ad aiutare il povero viandante perch\u00e9 aveva i soldi per farlo e cos\u00ec pagare il locandiere che lo avrebbe assistito. E\u2019 evidente che la ricchezza, prima di essere redistribuita, vada prodotta. Le fette di torta non possono essere offerte a tutti se prima non si posseggono gli ingredienti per impastarla.<\/span><\/p>\n\n\n\n<p><span style=\"color: #000000;\"><strong>Ma un conto \u00e8 non demonizzare il profitto, altro \u00e8 fare del profitto l\u2019unico criterio dell\u2019attivit\u00e0 economica.<\/strong> Una volta che si \u00e8 scelta questa strada, il gioco al ribasso della qualit\u00e0 di ci\u00f2 che si produce \u00e8 inevitabile, perch\u00e9 \u00e8 inevitabile la salvaguardia del risparmio a seconda delle varie fluttuazioni dei parametri economici. Oggi tutto si gioca su come va la Borsa. Tutto: le scelte politiche, le eventuali delocalizzazioni del lavoro, il licenziare, ecc\u2026<\/span><\/p>\n\n\n\n<p><span style=\"color: #000000;\"><strong>Qualcuno potrebbe obiettare: anche lo Stato pu\u00f2 frodare e cercare di pensare agli interessi di pochi suoi <em>boiardi<\/em>!<\/strong> Certamente. E chi lo nega? Il problema \u00e8 che mentre nel caso dei potentati industriali multinazionali il principio secondo cui il profitto \u00e8 l\u2019unico criterio \u00e8 nella loro stessa essenza e quindi \u00e8 inevitabile, nel caso dello Stato -sempre che si rispetti il primato della <em>politica<\/em> su quello della <em>tecnica<\/em>\u2013 tale deriva dovrebbe essere scongiurata\u2026almeno a livello di principio. Insomma, \u00e8 come dire: anche il cagnolino pu\u00f2 azzannare, ma questo non significa che un mastino non sia di per s\u00e9 pi\u00f9 pericoloso e pi\u00f9 portato a farlo.<\/span><\/p>\n\n\n\n<p class=\"has-text-align-center\"><span style=\"color: #000000;\"><strong><em>Dio \u00e8 Verit\u00e0, Bont\u00e0 e Bellezza<\/em><\/strong><\/span><\/p>\n\n\n\n<p class=\"has-text-align-center\"><span style=\"color: #000000;\"><strong><em>Il Cammino dei Tre Sentieri<\/em><\/strong><\/span><\/p>\n\n\n\n<p><span style=\"color: #000000;\">_________________________________________________________<\/span><\/p>\n\n\n\n<p><strong><span style=\"color: #000000;\">leggi anche:<\/span><\/strong><\/p>\n\n\n\n<p><a href=\"https:\/\/www.rassegnastampa-totustuus.it\/cattolica\/una-repubblica-svenduta-sul-britannia\/\" target=\"_blank\" rel=\"noopener\"><span style=\"color: #0000ff;\">Una Repubblica svenduta sul Britannia<\/span><\/a><\/p>\n\n\n\n<p><\/p>\n","protected":false},"excerpt":{"rendered":"<p> La libera impresa non deve essere soppressa dalla Stato, anzi promossa e garantita. Questo \u00e8 un principio imprescindibile e su tale principio non si deve transigere. <\/p>\n","protected":false},"author":6,"featured_media":13671,"comment_status":"closed","ping_status":"closed","sticky":false,"template":"","format":"standard","meta":{"footnotes":""},"categories":[42,11,13],"tags":[231,2047,2007,589],"class_list":["post-61871","post","type-post","status-publish","format-standard","has-post-thumbnail","hentry","category-dottrina-e-morale","category-dottrina-sociale","category-economia","tag-impresa","tag-privatizzazioni","tag-profitto","tag-sussidiarieta","item-wrap"],"yoast_head":"<!-- This site is optimized with the Yoast SEO plugin v27.5 - https:\/\/yoast.com\/product\/yoast-seo-wordpress\/ -->\n<title>Privatizzazioni s\u00ec, privatizzazioni no\u2026che giudizio avere? - Rassegna Stampa Cattolica<\/title>\n<meta name=\"description\" content=\"Privatizzazioni s\u00ec, privatizzazioni no\u2026che giudizio avere alla luce della dottriana cattolica. I principi imprescindibili\" \/>\n<meta name=\"robots\" content=\"index, follow, max-snippet:-1, max-image-preview:large, max-video-preview:-1\" \/>\n<link rel=\"canonical\" href=\"https:\/\/www.rassegnastampa-totustuus.it\/cattolica\/privatizzazioni-si-privatizzazioni-noche-giudizio-avere\/\" \/>\n<meta property=\"og:locale\" content=\"it_IT\" \/>\n<meta property=\"og:type\" content=\"article\" \/>\n<meta property=\"og:title\" content=\"Privatizzazioni s\u00ec, privatizzazioni no\u2026che giudizio avere? - Rassegna Stampa Cattolica\" \/>\n<meta property=\"og:description\" content=\"Privatizzazioni s\u00ec, privatizzazioni no\u2026che giudizio avere alla luce della dottriana cattolica. I principi imprescindibili\" \/>\n<meta property=\"og:url\" content=\"https:\/\/www.rassegnastampa-totustuus.it\/cattolica\/privatizzazioni-si-privatizzazioni-noche-giudizio-avere\/\" \/>\n<meta property=\"og:site_name\" content=\"Rassegna Stampa Cattolica\" \/>\n<meta property=\"article:publisher\" content=\"https:\/\/www.facebook.com\/rassegnastampacattolica\" \/>\n<meta property=\"article:published_time\" content=\"2025-01-03T11:07:55+00:00\" \/>\n<meta property=\"article:modified_time\" content=\"2025-01-21T10:01:55+00:00\" \/>\n<meta property=\"og:image\" content=\"https:\/\/www.rassegnastampa-totustuus.it\/cattolica\/wp-content\/uploads\/2014\/11\/Fiat_logo.jpg\" \/>\n\t<meta property=\"og:image:width\" content=\"212\" \/>\n\t<meta property=\"og:image:height\" content=\"238\" \/>\n\t<meta property=\"og:image:type\" content=\"image\/jpeg\" \/>\n<meta name=\"author\" content=\"Redazione\" \/>\n<meta name=\"twitter:card\" content=\"summary_large_image\" \/>\n<meta name=\"twitter:creator\" content=\"@rassegnastampa9\" \/>\n<meta name=\"twitter:site\" content=\"@rassegnastampa9\" \/>\n<meta name=\"twitter:label1\" content=\"Scritto da\" \/>\n\t<meta name=\"twitter:data1\" content=\"Redazione\" \/>\n\t<meta name=\"twitter:label2\" content=\"Tempo di lettura stimato\" \/>\n\t<meta name=\"twitter:data2\" content=\"5 minuti\" \/>\n<script type=\"application\/ld+json\" class=\"yoast-schema-graph\">{\"@context\":\"https:\\\/\\\/schema.org\",\"@graph\":[{\"@type\":\"Article\",\"@id\":\"https:\\\/\\\/www.rassegnastampa-totustuus.it\\\/cattolica\\\/privatizzazioni-si-privatizzazioni-noche-giudizio-avere\\\/#article\",\"isPartOf\":{\"@id\":\"https:\\\/\\\/www.rassegnastampa-totustuus.it\\\/cattolica\\\/privatizzazioni-si-privatizzazioni-noche-giudizio-avere\\\/\"},\"author\":{\"name\":\"Redazione\",\"@id\":\"https:\\\/\\\/www.rassegnastampa-totustuus.it\\\/cattolica\\\/#\\\/schema\\\/person\\\/08f319d2bd1a0904ad9e2bfb7b15e5c3\"},\"headline\":\"Privatizzazioni s\u00ec, privatizzazioni no\u2026che giudizio avere?\",\"datePublished\":\"2025-01-03T11:07:55+00:00\",\"dateModified\":\"2025-01-21T10:01:55+00:00\",\"mainEntityOfPage\":{\"@id\":\"https:\\\/\\\/www.rassegnastampa-totustuus.it\\\/cattolica\\\/privatizzazioni-si-privatizzazioni-noche-giudizio-avere\\\/\"},\"wordCount\":707,\"publisher\":{\"@id\":\"https:\\\/\\\/www.rassegnastampa-totustuus.it\\\/cattolica\\\/#organization\"},\"image\":{\"@id\":\"https:\\\/\\\/www.rassegnastampa-totustuus.it\\\/cattolica\\\/privatizzazioni-si-privatizzazioni-noche-giudizio-avere\\\/#primaryimage\"},\"thumbnailUrl\":\"https:\\\/\\\/www.rassegnastampa-totustuus.it\\\/cattolica\\\/wp-content\\\/uploads\\\/2014\\\/11\\\/Fiat_logo.jpg\",\"keywords\":[\"impresa\",\"privatizzazioni\",\"profitto\",\"sussidiariet\u00e0\"],\"articleSection\":[\"Dottrina e morale\",\"Dottrina sociale\",\"Economia\"],\"inLanguage\":\"it-IT\"},{\"@type\":\"WebPage\",\"@id\":\"https:\\\/\\\/www.rassegnastampa-totustuus.it\\\/cattolica\\\/privatizzazioni-si-privatizzazioni-noche-giudizio-avere\\\/\",\"url\":\"https:\\\/\\\/www.rassegnastampa-totustuus.it\\\/cattolica\\\/privatizzazioni-si-privatizzazioni-noche-giudizio-avere\\\/\",\"name\":\"Privatizzazioni s\u00ec, privatizzazioni no\u2026che giudizio avere? - Rassegna Stampa Cattolica\",\"isPartOf\":{\"@id\":\"https:\\\/\\\/www.rassegnastampa-totustuus.it\\\/cattolica\\\/#website\"},\"primaryImageOfPage\":{\"@id\":\"https:\\\/\\\/www.rassegnastampa-totustuus.it\\\/cattolica\\\/privatizzazioni-si-privatizzazioni-noche-giudizio-avere\\\/#primaryimage\"},\"image\":{\"@id\":\"https:\\\/\\\/www.rassegnastampa-totustuus.it\\\/cattolica\\\/privatizzazioni-si-privatizzazioni-noche-giudizio-avere\\\/#primaryimage\"},\"thumbnailUrl\":\"https:\\\/\\\/www.rassegnastampa-totustuus.it\\\/cattolica\\\/wp-content\\\/uploads\\\/2014\\\/11\\\/Fiat_logo.jpg\",\"datePublished\":\"2025-01-03T11:07:55+00:00\",\"dateModified\":\"2025-01-21T10:01:55+00:00\",\"description\":\"Privatizzazioni s\u00ec, privatizzazioni no\u2026che giudizio avere alla luce della dottriana cattolica. I principi imprescindibili\",\"breadcrumb\":{\"@id\":\"https:\\\/\\\/www.rassegnastampa-totustuus.it\\\/cattolica\\\/privatizzazioni-si-privatizzazioni-noche-giudizio-avere\\\/#breadcrumb\"},\"inLanguage\":\"it-IT\",\"potentialAction\":[{\"@type\":\"ReadAction\",\"target\":[\"https:\\\/\\\/www.rassegnastampa-totustuus.it\\\/cattolica\\\/privatizzazioni-si-privatizzazioni-noche-giudizio-avere\\\/\"]}]},{\"@type\":\"ImageObject\",\"inLanguage\":\"it-IT\",\"@id\":\"https:\\\/\\\/www.rassegnastampa-totustuus.it\\\/cattolica\\\/privatizzazioni-si-privatizzazioni-noche-giudizio-avere\\\/#primaryimage\",\"url\":\"https:\\\/\\\/www.rassegnastampa-totustuus.it\\\/cattolica\\\/wp-content\\\/uploads\\\/2014\\\/11\\\/Fiat_logo.jpg\",\"contentUrl\":\"https:\\\/\\\/www.rassegnastampa-totustuus.it\\\/cattolica\\\/wp-content\\\/uploads\\\/2014\\\/11\\\/Fiat_logo.jpg\",\"width\":212,\"height\":238},{\"@type\":\"BreadcrumbList\",\"@id\":\"https:\\\/\\\/www.rassegnastampa-totustuus.it\\\/cattolica\\\/privatizzazioni-si-privatizzazioni-noche-giudizio-avere\\\/#breadcrumb\",\"itemListElement\":[{\"@type\":\"ListItem\",\"position\":1,\"name\":\"Home\",\"item\":\"https:\\\/\\\/www.rassegnastampa-totustuus.it\\\/cattolica\\\/\"},{\"@type\":\"ListItem\",\"position\":2,\"name\":\"Privatizzazioni s\u00ec, privatizzazioni no\u2026che giudizio avere?\"}]},{\"@type\":\"WebSite\",\"@id\":\"https:\\\/\\\/www.rassegnastampa-totustuus.it\\\/cattolica\\\/#website\",\"url\":\"https:\\\/\\\/www.rassegnastampa-totustuus.it\\\/cattolica\\\/\",\"name\":\"Rassegna Stampa Cattolica\",\"description\":\"Per una cultura che nasce dalla Rivelazione cristiana in conformit\u00e0 alla tradizione e al Magistero della Chiesa in opposizione ad ogni relativismo e totalitarismo\",\"publisher\":{\"@id\":\"https:\\\/\\\/www.rassegnastampa-totustuus.it\\\/cattolica\\\/#organization\"},\"alternateName\":\"Rass. Cattolica\",\"potentialAction\":[{\"@type\":\"SearchAction\",\"target\":{\"@type\":\"EntryPoint\",\"urlTemplate\":\"https:\\\/\\\/www.rassegnastampa-totustuus.it\\\/cattolica\\\/?s={search_term_string}\"},\"query-input\":{\"@type\":\"PropertyValueSpecification\",\"valueRequired\":true,\"valueName\":\"search_term_string\"}}],\"inLanguage\":\"it-IT\"},{\"@type\":\"Organization\",\"@id\":\"https:\\\/\\\/www.rassegnastampa-totustuus.it\\\/cattolica\\\/#organization\",\"name\":\"Rassegna Stampa Cattolica\",\"url\":\"https:\\\/\\\/www.rassegnastampa-totustuus.it\\\/cattolica\\\/\",\"logo\":{\"@type\":\"ImageObject\",\"inLanguage\":\"it-IT\",\"@id\":\"https:\\\/\\\/www.rassegnastampa-totustuus.it\\\/cattolica\\\/#\\\/schema\\\/logo\\\/image\\\/\",\"url\":\"https:\\\/\\\/www.rassegnastampa-totustuus.it\\\/cattolica\\\/wp-content\\\/uploads\\\/2014\\\/04\\\/logo-rassegna1.gif\",\"contentUrl\":\"https:\\\/\\\/www.rassegnastampa-totustuus.it\\\/cattolica\\\/wp-content\\\/uploads\\\/2014\\\/04\\\/logo-rassegna1.gif\",\"width\":600,\"height\":163,\"caption\":\"Rassegna Stampa Cattolica\"},\"image\":{\"@id\":\"https:\\\/\\\/www.rassegnastampa-totustuus.it\\\/cattolica\\\/#\\\/schema\\\/logo\\\/image\\\/\"},\"sameAs\":[\"https:\\\/\\\/www.facebook.com\\\/rassegnastampacattolica\",\"https:\\\/\\\/x.com\\\/rassegnastampa9\"]},{\"@type\":\"Person\",\"@id\":\"https:\\\/\\\/www.rassegnastampa-totustuus.it\\\/cattolica\\\/#\\\/schema\\\/person\\\/08f319d2bd1a0904ad9e2bfb7b15e5c3\",\"name\":\"Redazione\",\"image\":{\"@type\":\"ImageObject\",\"inLanguage\":\"it-IT\",\"@id\":\"https:\\\/\\\/secure.gravatar.com\\\/avatar\\\/2fcdf27c78ea025fbdb44e914cc63c72249ffec9dc8aafd5c82b26240ef3f346?s=96&d=mm&r=g\",\"url\":\"https:\\\/\\\/secure.gravatar.com\\\/avatar\\\/2fcdf27c78ea025fbdb44e914cc63c72249ffec9dc8aafd5c82b26240ef3f346?s=96&d=mm&r=g\",\"contentUrl\":\"https:\\\/\\\/secure.gravatar.com\\\/avatar\\\/2fcdf27c78ea025fbdb44e914cc63c72249ffec9dc8aafd5c82b26240ef3f346?s=96&d=mm&r=g\",\"caption\":\"Redazione\"},\"url\":\"https:\\\/\\\/www.rassegnastampa-totustuus.it\\\/cattolica\\\/author\\\/pietroelle\\\/\"}]}<\/script>\n<!-- \/ Yoast SEO plugin. -->","yoast_head_json":{"title":"Privatizzazioni s\u00ec, privatizzazioni no\u2026che giudizio avere? - Rassegna Stampa Cattolica","description":"Privatizzazioni s\u00ec, privatizzazioni no\u2026che giudizio avere alla luce della dottriana cattolica. I principi imprescindibili","robots":{"index":"index","follow":"follow","max-snippet":"max-snippet:-1","max-image-preview":"max-image-preview:large","max-video-preview":"max-video-preview:-1"},"canonical":"https:\/\/www.rassegnastampa-totustuus.it\/cattolica\/privatizzazioni-si-privatizzazioni-noche-giudizio-avere\/","og_locale":"it_IT","og_type":"article","og_title":"Privatizzazioni s\u00ec, privatizzazioni no\u2026che giudizio avere? - Rassegna Stampa Cattolica","og_description":"Privatizzazioni s\u00ec, privatizzazioni no\u2026che giudizio avere alla luce della dottriana cattolica. I principi imprescindibili","og_url":"https:\/\/www.rassegnastampa-totustuus.it\/cattolica\/privatizzazioni-si-privatizzazioni-noche-giudizio-avere\/","og_site_name":"Rassegna Stampa Cattolica","article_publisher":"https:\/\/www.facebook.com\/rassegnastampacattolica","article_published_time":"2025-01-03T11:07:55+00:00","article_modified_time":"2025-01-21T10:01:55+00:00","og_image":[{"width":212,"height":238,"url":"https:\/\/www.rassegnastampa-totustuus.it\/cattolica\/wp-content\/uploads\/2014\/11\/Fiat_logo.jpg","type":"image\/jpeg"}],"author":"Redazione","twitter_card":"summary_large_image","twitter_creator":"@rassegnastampa9","twitter_site":"@rassegnastampa9","twitter_misc":{"Scritto da":"Redazione","Tempo di lettura stimato":"5 minuti"},"schema":{"@context":"https:\/\/schema.org","@graph":[{"@type":"Article","@id":"https:\/\/www.rassegnastampa-totustuus.it\/cattolica\/privatizzazioni-si-privatizzazioni-noche-giudizio-avere\/#article","isPartOf":{"@id":"https:\/\/www.rassegnastampa-totustuus.it\/cattolica\/privatizzazioni-si-privatizzazioni-noche-giudizio-avere\/"},"author":{"name":"Redazione","@id":"https:\/\/www.rassegnastampa-totustuus.it\/cattolica\/#\/schema\/person\/08f319d2bd1a0904ad9e2bfb7b15e5c3"},"headline":"Privatizzazioni s\u00ec, privatizzazioni no\u2026che giudizio avere?","datePublished":"2025-01-03T11:07:55+00:00","dateModified":"2025-01-21T10:01:55+00:00","mainEntityOfPage":{"@id":"https:\/\/www.rassegnastampa-totustuus.it\/cattolica\/privatizzazioni-si-privatizzazioni-noche-giudizio-avere\/"},"wordCount":707,"publisher":{"@id":"https:\/\/www.rassegnastampa-totustuus.it\/cattolica\/#organization"},"image":{"@id":"https:\/\/www.rassegnastampa-totustuus.it\/cattolica\/privatizzazioni-si-privatizzazioni-noche-giudizio-avere\/#primaryimage"},"thumbnailUrl":"https:\/\/www.rassegnastampa-totustuus.it\/cattolica\/wp-content\/uploads\/2014\/11\/Fiat_logo.jpg","keywords":["impresa","privatizzazioni","profitto","sussidiariet\u00e0"],"articleSection":["Dottrina e morale","Dottrina sociale","Economia"],"inLanguage":"it-IT"},{"@type":"WebPage","@id":"https:\/\/www.rassegnastampa-totustuus.it\/cattolica\/privatizzazioni-si-privatizzazioni-noche-giudizio-avere\/","url":"https:\/\/www.rassegnastampa-totustuus.it\/cattolica\/privatizzazioni-si-privatizzazioni-noche-giudizio-avere\/","name":"Privatizzazioni s\u00ec, privatizzazioni no\u2026che giudizio avere? - Rassegna Stampa Cattolica","isPartOf":{"@id":"https:\/\/www.rassegnastampa-totustuus.it\/cattolica\/#website"},"primaryImageOfPage":{"@id":"https:\/\/www.rassegnastampa-totustuus.it\/cattolica\/privatizzazioni-si-privatizzazioni-noche-giudizio-avere\/#primaryimage"},"image":{"@id":"https:\/\/www.rassegnastampa-totustuus.it\/cattolica\/privatizzazioni-si-privatizzazioni-noche-giudizio-avere\/#primaryimage"},"thumbnailUrl":"https:\/\/www.rassegnastampa-totustuus.it\/cattolica\/wp-content\/uploads\/2014\/11\/Fiat_logo.jpg","datePublished":"2025-01-03T11:07:55+00:00","dateModified":"2025-01-21T10:01:55+00:00","description":"Privatizzazioni s\u00ec, privatizzazioni no\u2026che giudizio avere alla luce della dottriana cattolica. I principi imprescindibili","breadcrumb":{"@id":"https:\/\/www.rassegnastampa-totustuus.it\/cattolica\/privatizzazioni-si-privatizzazioni-noche-giudizio-avere\/#breadcrumb"},"inLanguage":"it-IT","potentialAction":[{"@type":"ReadAction","target":["https:\/\/www.rassegnastampa-totustuus.it\/cattolica\/privatizzazioni-si-privatizzazioni-noche-giudizio-avere\/"]}]},{"@type":"ImageObject","inLanguage":"it-IT","@id":"https:\/\/www.rassegnastampa-totustuus.it\/cattolica\/privatizzazioni-si-privatizzazioni-noche-giudizio-avere\/#primaryimage","url":"https:\/\/www.rassegnastampa-totustuus.it\/cattolica\/wp-content\/uploads\/2014\/11\/Fiat_logo.jpg","contentUrl":"https:\/\/www.rassegnastampa-totustuus.it\/cattolica\/wp-content\/uploads\/2014\/11\/Fiat_logo.jpg","width":212,"height":238},{"@type":"BreadcrumbList","@id":"https:\/\/www.rassegnastampa-totustuus.it\/cattolica\/privatizzazioni-si-privatizzazioni-noche-giudizio-avere\/#breadcrumb","itemListElement":[{"@type":"ListItem","position":1,"name":"Home","item":"https:\/\/www.rassegnastampa-totustuus.it\/cattolica\/"},{"@type":"ListItem","position":2,"name":"Privatizzazioni s\u00ec, privatizzazioni no\u2026che giudizio avere?"}]},{"@type":"WebSite","@id":"https:\/\/www.rassegnastampa-totustuus.it\/cattolica\/#website","url":"https:\/\/www.rassegnastampa-totustuus.it\/cattolica\/","name":"Rassegna Stampa Cattolica","description":"Per una cultura che nasce dalla Rivelazione cristiana in conformit\u00e0 alla tradizione e al Magistero della Chiesa in opposizione ad ogni relativismo e totalitarismo","publisher":{"@id":"https:\/\/www.rassegnastampa-totustuus.it\/cattolica\/#organization"},"alternateName":"Rass. Cattolica","potentialAction":[{"@type":"SearchAction","target":{"@type":"EntryPoint","urlTemplate":"https:\/\/www.rassegnastampa-totustuus.it\/cattolica\/?s={search_term_string}"},"query-input":{"@type":"PropertyValueSpecification","valueRequired":true,"valueName":"search_term_string"}}],"inLanguage":"it-IT"},{"@type":"Organization","@id":"https:\/\/www.rassegnastampa-totustuus.it\/cattolica\/#organization","name":"Rassegna Stampa Cattolica","url":"https:\/\/www.rassegnastampa-totustuus.it\/cattolica\/","logo":{"@type":"ImageObject","inLanguage":"it-IT","@id":"https:\/\/www.rassegnastampa-totustuus.it\/cattolica\/#\/schema\/logo\/image\/","url":"https:\/\/www.rassegnastampa-totustuus.it\/cattolica\/wp-content\/uploads\/2014\/04\/logo-rassegna1.gif","contentUrl":"https:\/\/www.rassegnastampa-totustuus.it\/cattolica\/wp-content\/uploads\/2014\/04\/logo-rassegna1.gif","width":600,"height":163,"caption":"Rassegna Stampa Cattolica"},"image":{"@id":"https:\/\/www.rassegnastampa-totustuus.it\/cattolica\/#\/schema\/logo\/image\/"},"sameAs":["https:\/\/www.facebook.com\/rassegnastampacattolica","https:\/\/x.com\/rassegnastampa9"]},{"@type":"Person","@id":"https:\/\/www.rassegnastampa-totustuus.it\/cattolica\/#\/schema\/person\/08f319d2bd1a0904ad9e2bfb7b15e5c3","name":"Redazione","image":{"@type":"ImageObject","inLanguage":"it-IT","@id":"https:\/\/secure.gravatar.com\/avatar\/2fcdf27c78ea025fbdb44e914cc63c72249ffec9dc8aafd5c82b26240ef3f346?s=96&d=mm&r=g","url":"https:\/\/secure.gravatar.com\/avatar\/2fcdf27c78ea025fbdb44e914cc63c72249ffec9dc8aafd5c82b26240ef3f346?s=96&d=mm&r=g","contentUrl":"https:\/\/secure.gravatar.com\/avatar\/2fcdf27c78ea025fbdb44e914cc63c72249ffec9dc8aafd5c82b26240ef3f346?s=96&d=mm&r=g","caption":"Redazione"},"url":"https:\/\/www.rassegnastampa-totustuus.it\/cattolica\/author\/pietroelle\/"}]}},"_links":{"self":[{"href":"https:\/\/www.rassegnastampa-totustuus.it\/cattolica\/wp-json\/wp\/v2\/posts\/61871","targetHints":{"allow":["GET"]}}],"collection":[{"href":"https:\/\/www.rassegnastampa-totustuus.it\/cattolica\/wp-json\/wp\/v2\/posts"}],"about":[{"href":"https:\/\/www.rassegnastampa-totustuus.it\/cattolica\/wp-json\/wp\/v2\/types\/post"}],"author":[{"embeddable":true,"href":"https:\/\/www.rassegnastampa-totustuus.it\/cattolica\/wp-json\/wp\/v2\/users\/6"}],"replies":[{"embeddable":true,"href":"https:\/\/www.rassegnastampa-totustuus.it\/cattolica\/wp-json\/wp\/v2\/comments?post=61871"}],"version-history":[{"count":3,"href":"https:\/\/www.rassegnastampa-totustuus.it\/cattolica\/wp-json\/wp\/v2\/posts\/61871\/revisions"}],"predecessor-version":[{"id":61959,"href":"https:\/\/www.rassegnastampa-totustuus.it\/cattolica\/wp-json\/wp\/v2\/posts\/61871\/revisions\/61959"}],"wp:featuredmedia":[{"embeddable":true,"href":"https:\/\/www.rassegnastampa-totustuus.it\/cattolica\/wp-json\/wp\/v2\/media\/13671"}],"wp:attachment":[{"href":"https:\/\/www.rassegnastampa-totustuus.it\/cattolica\/wp-json\/wp\/v2\/media?parent=61871"}],"wp:term":[{"taxonomy":"category","embeddable":true,"href":"https:\/\/www.rassegnastampa-totustuus.it\/cattolica\/wp-json\/wp\/v2\/categories?post=61871"},{"taxonomy":"post_tag","embeddable":true,"href":"https:\/\/www.rassegnastampa-totustuus.it\/cattolica\/wp-json\/wp\/v2\/tags?post=61871"}],"curies":[{"name":"wp","href":"https:\/\/api.w.org\/{rel}","templated":true}]}}