{"id":6185,"date":"2014-03-08T22:47:26","date_gmt":"2014-03-08T21:47:26","guid":{"rendered":"http:\/\/www.rassegnastampa-totustuus.it\/cattolica\/?p=6185"},"modified":"2015-06-11T16:28:10","modified_gmt":"2015-06-11T14:28:10","slug":"le-madri-in-affitto-mercanzia-indiana","status":"publish","type":"post","link":"https:\/\/www.rassegnastampa-totustuus.it\/cattolica\/le-madri-in-affitto-mercanzia-indiana\/","title":{"rendered":"Le madri in affitto, mercanzia indiana"},"content":{"rendered":"<p style=\"text-align: center;\"><strong>Avvenire<\/strong> 29 gennaio 2014<a href=\"https:\/\/www.rassegnastampa-totustuus.it\/cattolica\/wp-content\/uploads\/2014\/03\/uterindia.jpg\"><img loading=\"lazy\" decoding=\"async\" class=\"alignright wp-image-6811\" src=\"https:\/\/www.rassegnastampa-totustuus.it\/cattolica\/wp-content\/uploads\/2014\/03\/uterindia.jpg\" alt=\"uterindia\" width=\"250\" height=\"164\" \/><\/a><\/p>\n<p style=\"text-align: center;\"><strong>Lorenzo Schoepflin<\/strong><\/p>\n<p style=\"text-align: justify;\">E&#8217; passato oltre un anno dall\u2019emanazione delle prime linee guida con le quali le autorit\u00e0 indiane volevano imprimere un giro di vite alla pratica della maternit\u00e0 surrogata, da tempo sfuggita loro di mano sotto la fortissima pressione di una domanda mondiale in cerca di un mercato di mamme in affitto che fosse allo stesso tempo a buon mercato e senza troppi controlli. Furono in particolare single e omosessuali \u2013 evidentemente clienti abituali del mercato indiano degli uteri in affitto \u2013 a finire sotto la lente di ingrandimento del Ministero degli Interni, che impose i due anni di matrimonio alle spalle come requisito essenziale per affittare il ventre di una donna per la gravidanza del proprio figlio.<\/p>\n<p style=\"text-align: justify;\"><!--more--><\/p>\n<p style=\"text-align: justify;\">\u00c8 stato per\u00f2 necessario arrivare al novembre dello scorso anno per l\u2019entrata in vigore di quei provvedimenti. Le restrizioni hanno puntato sulla necessit\u00e0 da parte di chi intende usare madri surrogate indiane di munirsi di un visto rilasciato a fini medici e non pi\u00f9 semplicemente turistici. Una decisione che, nelle intenzioni del governo indiano, doveva creare una sorta di muraglia per arginare un fenomeno ormai fuori controllo. Da subito la regolamentazione \u00e8 per\u00f2 stata oggetto di contrasti interni.<\/p>\n<p style=\"text-align: justify;\">Due mesi fa il Ministero degli Interni e quello della Sanit\u00e0 hanno infatti espresso pareri discordanti in merito al ricorso alla maternit\u00e0 surrogata da parte di un single. Spunto per il dissenso \u00e8 stato il caso di un cittadino sudanese che aveva presentato appello \u2013 gi\u00e0 prima della loro entrata in vigore \u2013 contro le nuove linee guida. La clinica cui si era rivolto aveva opposto rifiuto alla richiesta di trovare una madre surrogata, adducendo il rispetto delle nuove regole, inducendo il diretto interessato a rivolgersi alla Corte del Punjab e Haryana.<\/p>\n<p style=\"text-align: justify;\">Davanti a questa vicenda il Ministero degli Interni ha ribadito le restrizioni per i single, mentre il Ministero della Sanit\u00e0, rappresentato dall\u2019Indian Council of Medical Research (il Consiglio indiano di ricerca medica), ha proposto un progetto di legge sulla fecondazione assistita che contempla la possibilit\u00e0 per le persone sole di ricorrere alla maternit\u00e0 surrogata. Il caso, registrato al numero 15490\/2013, \u00e8 ancora aperto \u2013 la prossima udienza \u00e8 fissata per il 10 febbraio \u2013 e non fa che aumentare l\u2019incertezza in un ambito gi\u00e0 cos\u00ec nebuloso come quello della maternit\u00e0 surrogata.<\/p>\n<p style=\"text-align: justify;\">Nel frattempo gli ingranaggi di quello che \u00e8 un vero e proprio business, con decine di cliniche ufficiali e clandestine all\u2019opera, continuano a muoversi a tutta velocit\u00e0, e con colpi di scena pressoch\u00e9 continui. L\u2019ultimo dei quali assai eloquente rispetto all\u2019orientamento delle autorit\u00e0 indiane. Nei giorni scorsi infatti il governo ha dato il via libera all\u2019importazione di embrioni congelati da Paesi esteri.<\/p>\n<p style=\"text-align: justify;\">Com\u2019\u00e8 facile intuire, il provvedimento costituisce un impulso notevole per tutte quelle attivit\u00e0 incentrate sul turismo riproduttivo, come appunto la maternit\u00e0 surrogata. Cittadini stranieri potranno varcare i confini indiani con embrioni pronti per essere impiantati in uteri in affitto una volta ricevuto il nulla osta dal Consiglio indiano di ricerca medica, incaricato di procedere al controllo di qualit\u00e0 della &#8220;merce&#8221; importata.<\/p>\n<p style=\"text-align: justify;\">Quest\u2019ultima scelta non suona certo come uno scoraggiamento del mercato delle mamme a noleggio, che accettano per poche centinaia di euro di farsi impiantare un embrione creato in provetta (e magari importato dagli aspiranti genitori) e affrontare nove mesi di gravidanza per poi consegnare il bambino. Gli effetti sono raccontati dai giornali indiani.<\/p>\n<p style=\"text-align: justify;\">Risale al 22 dicembre la notizia di una clinica di Hyderabad ha festeggiato il duecentesimo bambino nato grazie all\u2019offerta di pacchetti comprendenti fecondazione artificiale e maternit\u00e0 surrogata dedicati a cittadini americani. Il traguardo \u00e8 stato raggiunto in cinque anni di attivit\u00e0 dal Kiran Infertility Centre, che rivolge la sua offerta anche a cittadini di Regno Unito, Australia, Argentina e Singapore.<\/p>\n<p style=\"text-align: justify;\">Sul sito della clinica l\u2019evento \u00e8 stato celebrato congratulandosi con il signor Marcio Clerici di New York per la nascita del figlio maschio. Nessun riferimento alla moglie, sempre che una moglie ci sia. Il 7 gennaio, invece, ben tre coppie hanno avuto il loro figlio su commissione: gli indiani Sabarish e Swati, i britannici Gary e Tracy e gli spagnoli Ramon e Sonia. I primati sono persino un vanto per l\u2019industria indiana degli uteri in affitto.<\/p>\n<p style=\"text-align: justify;\">Un recente reportage della Bbc documenta una nuova tendenza che si sta diffondendo in India: quella di coppie che si rivolgono a pi\u00f9 madri surrogate contemporaneamente. La storia raccontata riguarda una coppia di cittadini inglesi che in marzo avr\u00e0 quattro figli da due donne diverse. I due, 35 anni lui, 36 lei, avevano fornito i loro gameti alla Corion Clinic di Mumbai. In laboratorio erano stati creati sei embrioni, suddivisi equamente in due uteri in affitto, un servizio che la clinica offre per aumentare le probabilit\u00e0 di portarsi a casa un figlio.<\/p>\n<p style=\"text-align: justify;\">A distanza di un mese l\u2019annuncio dei medici alla coppia: entrambe le madri surrogate portavano in grembo due gemelli. Il personale della clinica, secondo quanto riferisce la Bbc, \u00e8 stato preso dal panico perch\u00e9 mai prima era accaduta una cosa del genere: \u00ab\u00c8 quello che volete? \u2013 avrebbero chiesto ai due \u2013. Altrimenti faremo ci\u00f2 che \u00e8 necessario&#8230;\u00bb. Una vera e propria catena di montaggio, pronta a eliminare i prodotti in sovrappi\u00f9 attraverso l\u2019aborto, opzione scartata per\u00f2 in questo caso dai genitori pronti almeno ad accogliere i quattro figli.<\/p>\n<p style=\"text-align: justify;\">Che quello dell\u2019affitto di uteri sia un vero e proprio mercato, allergico anche a una sia pur minima regolamentazione, \u00e8 stato reso evidente, tra gli altri, anche da un\u2019inchiesta apparsa su Time. Il giro di affari legato alla maternit\u00e0 surrogata veniva stimato in circa 2,5 miliardi di dollari, e cliniche come l\u2019International Fertility Centre di Nuova Delhi prevedevano una flessione del 5-7% a causa delle restrizioni normative.<\/p>\n<p style=\"text-align: justify;\">Rita Bakshi, che dirige il centro, lamentava che una coppia dovesse essere regolarmente sposata per avere un figlio da madre surrogata, mentre Doron Mamet, titolare di un\u2019agenzia con sede in Israele ma sguardo rivolto all\u2019India, dove aveva inviato oltre 100 coppie omosessuali alla ricerca di un figlio, ha parlato di norme \u00abomofobe\u00bb che minerebbero la reputazione dell\u2019India come societ\u00e0 aperta.<\/p>\n<p style=\"text-align: justify;\">___________________<\/p>\n<p style=\"text-align: justify;\"><strong>Leggi anche:<\/strong><\/p>\n<p style=\"text-align: justify;\"><a href=\"https:\/\/www.rassegnastampa-totustuus.it\/cattolica\/?p=5127\" target=\"_blank\">Cresce il numero degli uteri in affitto anche a causa \u00abdelle adozioni dei gay\u00bb<\/a><\/p>\n<p style=\"text-align: justify;\"><a href=\"https:\/\/www.rassegnastampa-totustuus.it\/cattolica\/?p=5386\" target=\"_blank\">Donne indiane sacrificate per dare figli a coppie gay<\/a><\/p>\n","protected":false},"excerpt":{"rendered":"<p>Avvenire 29 gennaio 2014 Lorenzo Schoepflin E&#8217; passato oltre un anno dall\u2019emanazione delle prime linee guida con le quali le autorit\u00e0 indiane volevano imprimere un giro di vite alla pratica della maternit\u00e0 surrogata, da tempo sfuggita loro di mano sotto la fortissima pressione di una domanda mondiale in cerca di un mercato di mamme in &hellip; <\/p>\n<p><a class=\"more-link btn\" href=\"https:\/\/www.rassegnastampa-totustuus.it\/cattolica\/le-madri-in-affitto-mercanzia-indiana\/\">Continua a leggere<\/a><\/p>\n","protected":false},"author":6,"featured_media":6811,"comment_status":"closed","ping_status":"open","sticky":false,"template":"","format":"standard","meta":{"footnotes":""},"categories":[4],"tags":[211,212,2398,143],"class_list":["post-6185","post","type-post","status-publish","format-standard","has-post-thumbnail","hentry","category-bioetica","tag-fiv","tag-fivet","tag-india","tag-uteri-in-affitto","item-wrap"],"yoast_head":"<!-- This site is optimized with the Yoast SEO plugin v27.4 - https:\/\/yoast.com\/product\/yoast-seo-wordpress\/ -->\n<title>Le madri in affitto, mercanzia indiana - Rassegna Stampa Cattolica<\/title>\n<meta name=\"description\" content=\"Rassegna Stampa Cattolica - Per una cultura che nasce dalla Rivelazione cristiana in conformit\u00e0 alla tradizione e al Magistero della Chiesa in opposizione ad ogni relativismo e totalitarismo\" \/>\n<meta name=\"robots\" content=\"index, follow, max-snippet:-1, max-image-preview:large, max-video-preview:-1\" \/>\n<link rel=\"canonical\" href=\"https:\/\/www.rassegnastampa-totustuus.it\/cattolica\/le-madri-in-affitto-mercanzia-indiana\/\" \/>\n<meta property=\"og:locale\" content=\"it_IT\" \/>\n<meta property=\"og:type\" content=\"article\" \/>\n<meta property=\"og:title\" content=\"Le madri in affitto, mercanzia indiana - Rassegna Stampa Cattolica\" \/>\n<meta property=\"og:description\" content=\"Rassegna Stampa Cattolica - Per una cultura che nasce dalla Rivelazione cristiana in conformit\u00e0 alla tradizione e al Magistero della Chiesa in opposizione ad ogni relativismo e totalitarismo\" \/>\n<meta property=\"og:url\" content=\"https:\/\/www.rassegnastampa-totustuus.it\/cattolica\/le-madri-in-affitto-mercanzia-indiana\/\" \/>\n<meta property=\"og:site_name\" content=\"Rassegna Stampa Cattolica\" \/>\n<meta property=\"article:publisher\" content=\"https:\/\/www.facebook.com\/rassegnastampacattolica\" \/>\n<meta property=\"article:published_time\" content=\"2014-03-08T21:47:26+00:00\" \/>\n<meta property=\"article:modified_time\" content=\"2015-06-11T14:28:10+00:00\" \/>\n<meta property=\"og:image\" content=\"https:\/\/www.rassegnastampa-totustuus.it\/cattolica\/wp-content\/uploads\/2014\/03\/uterindia.jpg\" \/>\n\t<meta property=\"og:image:width\" content=\"277\" \/>\n\t<meta property=\"og:image:height\" content=\"182\" \/>\n\t<meta property=\"og:image:type\" content=\"image\/jpeg\" \/>\n<meta name=\"author\" content=\"Redazione\" \/>\n<meta name=\"twitter:card\" content=\"summary_large_image\" \/>\n<meta name=\"twitter:creator\" content=\"@rassegnastampa9\" \/>\n<meta name=\"twitter:site\" content=\"@rassegnastampa9\" \/>\n<meta name=\"twitter:label1\" content=\"Scritto da\" \/>\n\t<meta name=\"twitter:data1\" content=\"Redazione\" \/>\n\t<meta name=\"twitter:label2\" content=\"Tempo di lettura stimato\" \/>\n\t<meta name=\"twitter:data2\" content=\"5 minuti\" \/>\n<script type=\"application\/ld+json\" class=\"yoast-schema-graph\">{\"@context\":\"https:\\\/\\\/schema.org\",\"@graph\":[{\"@type\":\"Article\",\"@id\":\"https:\\\/\\\/www.rassegnastampa-totustuus.it\\\/cattolica\\\/le-madri-in-affitto-mercanzia-indiana\\\/#article\",\"isPartOf\":{\"@id\":\"https:\\\/\\\/www.rassegnastampa-totustuus.it\\\/cattolica\\\/le-madri-in-affitto-mercanzia-indiana\\\/\"},\"author\":{\"name\":\"Redazione\",\"@id\":\"https:\\\/\\\/www.rassegnastampa-totustuus.it\\\/cattolica\\\/#\\\/schema\\\/person\\\/08f319d2bd1a0904ad9e2bfb7b15e5c3\"},\"headline\":\"Le madri in affitto, mercanzia indiana\",\"datePublished\":\"2014-03-08T21:47:26+00:00\",\"dateModified\":\"2015-06-11T14:28:10+00:00\",\"mainEntityOfPage\":{\"@id\":\"https:\\\/\\\/www.rassegnastampa-totustuus.it\\\/cattolica\\\/le-madri-in-affitto-mercanzia-indiana\\\/\"},\"wordCount\":1024,\"publisher\":{\"@id\":\"https:\\\/\\\/www.rassegnastampa-totustuus.it\\\/cattolica\\\/#organization\"},\"image\":{\"@id\":\"https:\\\/\\\/www.rassegnastampa-totustuus.it\\\/cattolica\\\/le-madri-in-affitto-mercanzia-indiana\\\/#primaryimage\"},\"thumbnailUrl\":\"https:\\\/\\\/www.rassegnastampa-totustuus.it\\\/cattolica\\\/wp-content\\\/uploads\\\/2014\\\/03\\\/uterindia.jpg\",\"keywords\":[\"fiv\",\"fivet\",\"India\",\"Uteri in affitto\"],\"articleSection\":[\"Bioetica\"],\"inLanguage\":\"it-IT\"},{\"@type\":\"WebPage\",\"@id\":\"https:\\\/\\\/www.rassegnastampa-totustuus.it\\\/cattolica\\\/le-madri-in-affitto-mercanzia-indiana\\\/\",\"url\":\"https:\\\/\\\/www.rassegnastampa-totustuus.it\\\/cattolica\\\/le-madri-in-affitto-mercanzia-indiana\\\/\",\"name\":\"Le madri in affitto, mercanzia indiana - Rassegna Stampa Cattolica\",\"isPartOf\":{\"@id\":\"https:\\\/\\\/www.rassegnastampa-totustuus.it\\\/cattolica\\\/#website\"},\"primaryImageOfPage\":{\"@id\":\"https:\\\/\\\/www.rassegnastampa-totustuus.it\\\/cattolica\\\/le-madri-in-affitto-mercanzia-indiana\\\/#primaryimage\"},\"image\":{\"@id\":\"https:\\\/\\\/www.rassegnastampa-totustuus.it\\\/cattolica\\\/le-madri-in-affitto-mercanzia-indiana\\\/#primaryimage\"},\"thumbnailUrl\":\"https:\\\/\\\/www.rassegnastampa-totustuus.it\\\/cattolica\\\/wp-content\\\/uploads\\\/2014\\\/03\\\/uterindia.jpg\",\"datePublished\":\"2014-03-08T21:47:26+00:00\",\"dateModified\":\"2015-06-11T14:28:10+00:00\",\"description\":\"Rassegna Stampa Cattolica - Per una cultura che nasce dalla Rivelazione cristiana in conformit\u00e0 alla tradizione e al Magistero della Chiesa in opposizione ad ogni relativismo e totalitarismo\",\"breadcrumb\":{\"@id\":\"https:\\\/\\\/www.rassegnastampa-totustuus.it\\\/cattolica\\\/le-madri-in-affitto-mercanzia-indiana\\\/#breadcrumb\"},\"inLanguage\":\"it-IT\",\"potentialAction\":[{\"@type\":\"ReadAction\",\"target\":[\"https:\\\/\\\/www.rassegnastampa-totustuus.it\\\/cattolica\\\/le-madri-in-affitto-mercanzia-indiana\\\/\"]}]},{\"@type\":\"ImageObject\",\"inLanguage\":\"it-IT\",\"@id\":\"https:\\\/\\\/www.rassegnastampa-totustuus.it\\\/cattolica\\\/le-madri-in-affitto-mercanzia-indiana\\\/#primaryimage\",\"url\":\"https:\\\/\\\/www.rassegnastampa-totustuus.it\\\/cattolica\\\/wp-content\\\/uploads\\\/2014\\\/03\\\/uterindia.jpg\",\"contentUrl\":\"https:\\\/\\\/www.rassegnastampa-totustuus.it\\\/cattolica\\\/wp-content\\\/uploads\\\/2014\\\/03\\\/uterindia.jpg\",\"width\":277,\"height\":182},{\"@type\":\"BreadcrumbList\",\"@id\":\"https:\\\/\\\/www.rassegnastampa-totustuus.it\\\/cattolica\\\/le-madri-in-affitto-mercanzia-indiana\\\/#breadcrumb\",\"itemListElement\":[{\"@type\":\"ListItem\",\"position\":1,\"name\":\"Home\",\"item\":\"https:\\\/\\\/www.rassegnastampa-totustuus.it\\\/cattolica\\\/\"},{\"@type\":\"ListItem\",\"position\":2,\"name\":\"Le madri in affitto, mercanzia indiana\"}]},{\"@type\":\"WebSite\",\"@id\":\"https:\\\/\\\/www.rassegnastampa-totustuus.it\\\/cattolica\\\/#website\",\"url\":\"https:\\\/\\\/www.rassegnastampa-totustuus.it\\\/cattolica\\\/\",\"name\":\"Rassegna Stampa Cattolica\",\"description\":\"Per una cultura che nasce dalla Rivelazione cristiana in conformit\u00e0 alla tradizione e al Magistero della Chiesa in opposizione ad ogni relativismo e totalitarismo\",\"publisher\":{\"@id\":\"https:\\\/\\\/www.rassegnastampa-totustuus.it\\\/cattolica\\\/#organization\"},\"alternateName\":\"Rass. Cattolica\",\"potentialAction\":[{\"@type\":\"SearchAction\",\"target\":{\"@type\":\"EntryPoint\",\"urlTemplate\":\"https:\\\/\\\/www.rassegnastampa-totustuus.it\\\/cattolica\\\/?s={search_term_string}\"},\"query-input\":{\"@type\":\"PropertyValueSpecification\",\"valueRequired\":true,\"valueName\":\"search_term_string\"}}],\"inLanguage\":\"it-IT\"},{\"@type\":\"Organization\",\"@id\":\"https:\\\/\\\/www.rassegnastampa-totustuus.it\\\/cattolica\\\/#organization\",\"name\":\"Rassegna Stampa Cattolica\",\"url\":\"https:\\\/\\\/www.rassegnastampa-totustuus.it\\\/cattolica\\\/\",\"logo\":{\"@type\":\"ImageObject\",\"inLanguage\":\"it-IT\",\"@id\":\"https:\\\/\\\/www.rassegnastampa-totustuus.it\\\/cattolica\\\/#\\\/schema\\\/logo\\\/image\\\/\",\"url\":\"https:\\\/\\\/www.rassegnastampa-totustuus.it\\\/cattolica\\\/wp-content\\\/uploads\\\/2014\\\/04\\\/logo-rassegna1.gif\",\"contentUrl\":\"https:\\\/\\\/www.rassegnastampa-totustuus.it\\\/cattolica\\\/wp-content\\\/uploads\\\/2014\\\/04\\\/logo-rassegna1.gif\",\"width\":600,\"height\":163,\"caption\":\"Rassegna Stampa Cattolica\"},\"image\":{\"@id\":\"https:\\\/\\\/www.rassegnastampa-totustuus.it\\\/cattolica\\\/#\\\/schema\\\/logo\\\/image\\\/\"},\"sameAs\":[\"https:\\\/\\\/www.facebook.com\\\/rassegnastampacattolica\",\"https:\\\/\\\/x.com\\\/rassegnastampa9\"]},{\"@type\":\"Person\",\"@id\":\"https:\\\/\\\/www.rassegnastampa-totustuus.it\\\/cattolica\\\/#\\\/schema\\\/person\\\/08f319d2bd1a0904ad9e2bfb7b15e5c3\",\"name\":\"Redazione\",\"image\":{\"@type\":\"ImageObject\",\"inLanguage\":\"it-IT\",\"@id\":\"https:\\\/\\\/secure.gravatar.com\\\/avatar\\\/2fcdf27c78ea025fbdb44e914cc63c72249ffec9dc8aafd5c82b26240ef3f346?s=96&d=mm&r=g\",\"url\":\"https:\\\/\\\/secure.gravatar.com\\\/avatar\\\/2fcdf27c78ea025fbdb44e914cc63c72249ffec9dc8aafd5c82b26240ef3f346?s=96&d=mm&r=g\",\"contentUrl\":\"https:\\\/\\\/secure.gravatar.com\\\/avatar\\\/2fcdf27c78ea025fbdb44e914cc63c72249ffec9dc8aafd5c82b26240ef3f346?s=96&d=mm&r=g\",\"caption\":\"Redazione\"},\"url\":\"https:\\\/\\\/www.rassegnastampa-totustuus.it\\\/cattolica\\\/author\\\/pietroelle\\\/\"}]}<\/script>\n<!-- \/ Yoast SEO plugin. -->","yoast_head_json":{"title":"Le madri in affitto, mercanzia indiana - Rassegna Stampa Cattolica","description":"Rassegna Stampa Cattolica - Per una cultura che nasce dalla Rivelazione cristiana in conformit\u00e0 alla tradizione e al Magistero della Chiesa in opposizione ad ogni relativismo e totalitarismo","robots":{"index":"index","follow":"follow","max-snippet":"max-snippet:-1","max-image-preview":"max-image-preview:large","max-video-preview":"max-video-preview:-1"},"canonical":"https:\/\/www.rassegnastampa-totustuus.it\/cattolica\/le-madri-in-affitto-mercanzia-indiana\/","og_locale":"it_IT","og_type":"article","og_title":"Le madri in affitto, mercanzia indiana - Rassegna Stampa Cattolica","og_description":"Rassegna Stampa Cattolica - Per una cultura che nasce dalla Rivelazione cristiana in conformit\u00e0 alla tradizione e al Magistero della Chiesa in opposizione ad ogni relativismo e totalitarismo","og_url":"https:\/\/www.rassegnastampa-totustuus.it\/cattolica\/le-madri-in-affitto-mercanzia-indiana\/","og_site_name":"Rassegna Stampa Cattolica","article_publisher":"https:\/\/www.facebook.com\/rassegnastampacattolica","article_published_time":"2014-03-08T21:47:26+00:00","article_modified_time":"2015-06-11T14:28:10+00:00","og_image":[{"width":277,"height":182,"url":"https:\/\/www.rassegnastampa-totustuus.it\/cattolica\/wp-content\/uploads\/2014\/03\/uterindia.jpg","type":"image\/jpeg"}],"author":"Redazione","twitter_card":"summary_large_image","twitter_creator":"@rassegnastampa9","twitter_site":"@rassegnastampa9","twitter_misc":{"Scritto da":"Redazione","Tempo di lettura stimato":"5 minuti"},"schema":{"@context":"https:\/\/schema.org","@graph":[{"@type":"Article","@id":"https:\/\/www.rassegnastampa-totustuus.it\/cattolica\/le-madri-in-affitto-mercanzia-indiana\/#article","isPartOf":{"@id":"https:\/\/www.rassegnastampa-totustuus.it\/cattolica\/le-madri-in-affitto-mercanzia-indiana\/"},"author":{"name":"Redazione","@id":"https:\/\/www.rassegnastampa-totustuus.it\/cattolica\/#\/schema\/person\/08f319d2bd1a0904ad9e2bfb7b15e5c3"},"headline":"Le madri in affitto, mercanzia indiana","datePublished":"2014-03-08T21:47:26+00:00","dateModified":"2015-06-11T14:28:10+00:00","mainEntityOfPage":{"@id":"https:\/\/www.rassegnastampa-totustuus.it\/cattolica\/le-madri-in-affitto-mercanzia-indiana\/"},"wordCount":1024,"publisher":{"@id":"https:\/\/www.rassegnastampa-totustuus.it\/cattolica\/#organization"},"image":{"@id":"https:\/\/www.rassegnastampa-totustuus.it\/cattolica\/le-madri-in-affitto-mercanzia-indiana\/#primaryimage"},"thumbnailUrl":"https:\/\/www.rassegnastampa-totustuus.it\/cattolica\/wp-content\/uploads\/2014\/03\/uterindia.jpg","keywords":["fiv","fivet","India","Uteri in affitto"],"articleSection":["Bioetica"],"inLanguage":"it-IT"},{"@type":"WebPage","@id":"https:\/\/www.rassegnastampa-totustuus.it\/cattolica\/le-madri-in-affitto-mercanzia-indiana\/","url":"https:\/\/www.rassegnastampa-totustuus.it\/cattolica\/le-madri-in-affitto-mercanzia-indiana\/","name":"Le madri in affitto, mercanzia indiana - Rassegna Stampa Cattolica","isPartOf":{"@id":"https:\/\/www.rassegnastampa-totustuus.it\/cattolica\/#website"},"primaryImageOfPage":{"@id":"https:\/\/www.rassegnastampa-totustuus.it\/cattolica\/le-madri-in-affitto-mercanzia-indiana\/#primaryimage"},"image":{"@id":"https:\/\/www.rassegnastampa-totustuus.it\/cattolica\/le-madri-in-affitto-mercanzia-indiana\/#primaryimage"},"thumbnailUrl":"https:\/\/www.rassegnastampa-totustuus.it\/cattolica\/wp-content\/uploads\/2014\/03\/uterindia.jpg","datePublished":"2014-03-08T21:47:26+00:00","dateModified":"2015-06-11T14:28:10+00:00","description":"Rassegna Stampa Cattolica - Per una cultura che nasce dalla Rivelazione cristiana in conformit\u00e0 alla tradizione e al Magistero della Chiesa in opposizione ad ogni relativismo e totalitarismo","breadcrumb":{"@id":"https:\/\/www.rassegnastampa-totustuus.it\/cattolica\/le-madri-in-affitto-mercanzia-indiana\/#breadcrumb"},"inLanguage":"it-IT","potentialAction":[{"@type":"ReadAction","target":["https:\/\/www.rassegnastampa-totustuus.it\/cattolica\/le-madri-in-affitto-mercanzia-indiana\/"]}]},{"@type":"ImageObject","inLanguage":"it-IT","@id":"https:\/\/www.rassegnastampa-totustuus.it\/cattolica\/le-madri-in-affitto-mercanzia-indiana\/#primaryimage","url":"https:\/\/www.rassegnastampa-totustuus.it\/cattolica\/wp-content\/uploads\/2014\/03\/uterindia.jpg","contentUrl":"https:\/\/www.rassegnastampa-totustuus.it\/cattolica\/wp-content\/uploads\/2014\/03\/uterindia.jpg","width":277,"height":182},{"@type":"BreadcrumbList","@id":"https:\/\/www.rassegnastampa-totustuus.it\/cattolica\/le-madri-in-affitto-mercanzia-indiana\/#breadcrumb","itemListElement":[{"@type":"ListItem","position":1,"name":"Home","item":"https:\/\/www.rassegnastampa-totustuus.it\/cattolica\/"},{"@type":"ListItem","position":2,"name":"Le madri in affitto, mercanzia indiana"}]},{"@type":"WebSite","@id":"https:\/\/www.rassegnastampa-totustuus.it\/cattolica\/#website","url":"https:\/\/www.rassegnastampa-totustuus.it\/cattolica\/","name":"Rassegna Stampa Cattolica","description":"Per una cultura che nasce dalla Rivelazione cristiana in conformit\u00e0 alla tradizione e al Magistero della Chiesa in opposizione ad ogni relativismo e totalitarismo","publisher":{"@id":"https:\/\/www.rassegnastampa-totustuus.it\/cattolica\/#organization"},"alternateName":"Rass. Cattolica","potentialAction":[{"@type":"SearchAction","target":{"@type":"EntryPoint","urlTemplate":"https:\/\/www.rassegnastampa-totustuus.it\/cattolica\/?s={search_term_string}"},"query-input":{"@type":"PropertyValueSpecification","valueRequired":true,"valueName":"search_term_string"}}],"inLanguage":"it-IT"},{"@type":"Organization","@id":"https:\/\/www.rassegnastampa-totustuus.it\/cattolica\/#organization","name":"Rassegna Stampa Cattolica","url":"https:\/\/www.rassegnastampa-totustuus.it\/cattolica\/","logo":{"@type":"ImageObject","inLanguage":"it-IT","@id":"https:\/\/www.rassegnastampa-totustuus.it\/cattolica\/#\/schema\/logo\/image\/","url":"https:\/\/www.rassegnastampa-totustuus.it\/cattolica\/wp-content\/uploads\/2014\/04\/logo-rassegna1.gif","contentUrl":"https:\/\/www.rassegnastampa-totustuus.it\/cattolica\/wp-content\/uploads\/2014\/04\/logo-rassegna1.gif","width":600,"height":163,"caption":"Rassegna Stampa Cattolica"},"image":{"@id":"https:\/\/www.rassegnastampa-totustuus.it\/cattolica\/#\/schema\/logo\/image\/"},"sameAs":["https:\/\/www.facebook.com\/rassegnastampacattolica","https:\/\/x.com\/rassegnastampa9"]},{"@type":"Person","@id":"https:\/\/www.rassegnastampa-totustuus.it\/cattolica\/#\/schema\/person\/08f319d2bd1a0904ad9e2bfb7b15e5c3","name":"Redazione","image":{"@type":"ImageObject","inLanguage":"it-IT","@id":"https:\/\/secure.gravatar.com\/avatar\/2fcdf27c78ea025fbdb44e914cc63c72249ffec9dc8aafd5c82b26240ef3f346?s=96&d=mm&r=g","url":"https:\/\/secure.gravatar.com\/avatar\/2fcdf27c78ea025fbdb44e914cc63c72249ffec9dc8aafd5c82b26240ef3f346?s=96&d=mm&r=g","contentUrl":"https:\/\/secure.gravatar.com\/avatar\/2fcdf27c78ea025fbdb44e914cc63c72249ffec9dc8aafd5c82b26240ef3f346?s=96&d=mm&r=g","caption":"Redazione"},"url":"https:\/\/www.rassegnastampa-totustuus.it\/cattolica\/author\/pietroelle\/"}]}},"_links":{"self":[{"href":"https:\/\/www.rassegnastampa-totustuus.it\/cattolica\/wp-json\/wp\/v2\/posts\/6185","targetHints":{"allow":["GET"]}}],"collection":[{"href":"https:\/\/www.rassegnastampa-totustuus.it\/cattolica\/wp-json\/wp\/v2\/posts"}],"about":[{"href":"https:\/\/www.rassegnastampa-totustuus.it\/cattolica\/wp-json\/wp\/v2\/types\/post"}],"author":[{"embeddable":true,"href":"https:\/\/www.rassegnastampa-totustuus.it\/cattolica\/wp-json\/wp\/v2\/users\/6"}],"replies":[{"embeddable":true,"href":"https:\/\/www.rassegnastampa-totustuus.it\/cattolica\/wp-json\/wp\/v2\/comments?post=6185"}],"version-history":[{"count":4,"href":"https:\/\/www.rassegnastampa-totustuus.it\/cattolica\/wp-json\/wp\/v2\/posts\/6185\/revisions"}],"predecessor-version":[{"id":26133,"href":"https:\/\/www.rassegnastampa-totustuus.it\/cattolica\/wp-json\/wp\/v2\/posts\/6185\/revisions\/26133"}],"wp:featuredmedia":[{"embeddable":true,"href":"https:\/\/www.rassegnastampa-totustuus.it\/cattolica\/wp-json\/wp\/v2\/media\/6811"}],"wp:attachment":[{"href":"https:\/\/www.rassegnastampa-totustuus.it\/cattolica\/wp-json\/wp\/v2\/media?parent=6185"}],"wp:term":[{"taxonomy":"category","embeddable":true,"href":"https:\/\/www.rassegnastampa-totustuus.it\/cattolica\/wp-json\/wp\/v2\/categories?post=6185"},{"taxonomy":"post_tag","embeddable":true,"href":"https:\/\/www.rassegnastampa-totustuus.it\/cattolica\/wp-json\/wp\/v2\/tags?post=6185"}],"curies":[{"name":"wp","href":"https:\/\/api.w.org\/{rel}","templated":true}]}}