{"id":61841,"date":"2024-12-27T11:58:23","date_gmt":"2024-12-27T10:58:23","guid":{"rendered":"https:\/\/www.rassegnastampa-totustuus.it\/cattolica\/?p=61841"},"modified":"2026-03-31T08:51:16","modified_gmt":"2026-03-31T06:51:16","slug":"lalbero-di-natale-non-e-pagano-lorigine-e-medievale","status":"publish","type":"post","link":"https:\/\/www.rassegnastampa-totustuus.it\/cattolica\/lalbero-di-natale-non-e-pagano-lorigine-e-medievale\/","title":{"rendered":"L\u2019albero di Natale non \u00e8 pagano: l\u2019origine \u00e8 medievale!"},"content":{"rendered":"\n<p class=\"has-text-align-center\"><span style=\"color: #0000ff;\"><\/span><span style=\"color: #000000;\"><span style=\"color: #0000ff;\"><a style=\"color: #0000ff;\" data-wplink-edit=\"true\" href=\"https:\/\/www.uccronline.it\/\" target=\"_blank\" rel=\"noopener\"><strong>Unione Cristiani Cattolici Razionali<\/strong> <\/a><\/span>(UCCR) 23 Dicembre 2024<\/span><\/p>\n\n\n\n<p><span style=\"color: #000000;\"><em>La storia dell\u2019<strong>albero di Natale<\/strong>, un simbolo pagano? E\u2019 una <strong>leggenda<\/strong>. In questa breve ricostruzione storica mostriamo che le prime fonti storiche sull\u2019usanza di addobbare l\u2019albero di Natale non sono pagane ma risalgono al <strong>Medioevo cristiano<\/strong>.<\/em> <\/span><\/p>\n\n\n\n<p class=\"has-text-align-center\"><span style=\"color: #000000;\">La <strong>redazione<\/strong><\/span><\/p>\n\n\n<div class=\"wp-block-image\">\n<figure class=\"aligncenter size-full is-resized\"><a href=\"https:\/\/www.rassegnastampa-totustuus.it\/cattolica\/wp-content\/uploads\/2024\/12\/albero_Natale.jpg\"><img loading=\"lazy\" decoding=\"async\" width=\"275\" height=\"183\" src=\"https:\/\/www.rassegnastampa-totustuus.it\/cattolica\/wp-content\/uploads\/2024\/12\/albero_Natale.jpg\" alt=\"\" class=\"wp-image-62032\" style=\"width:383px;height:auto\"\/><\/a><\/figure><\/div>\n\n\n<!--more-->\n\n\n\n<p><span style=\"color: #000000;\">Cosa c\u2019entra mettere un <strong>albero addobbato<\/strong> in casa con la <strong>nascita di Cristo<\/strong>?<\/span><\/p>\n\n\n\n<p><span style=\"color: #000000;\">Assolutamente nulla, perci\u00f2 \u00e8 sicuramente <strong>un\u2019usanza pagana<\/strong>! Probabilmente celtica, o forse germanica o rientra magari nei <em>Saturnali<\/em> romani.<\/span><\/p>\n\n\n\n<p><span style=\"color: #000000;\">Ma ne siamo cos\u00ec sicuri?<\/span><\/p>\n\n\n<div class=\"wp-block-image\">\n<figure class=\"aligncenter size-full is-resized\"><a href=\"https:\/\/www.rassegnastampa-totustuus.it\/cattolica\/wp-content\/uploads\/2024\/12\/albero_natale.webp\"><img loading=\"lazy\" decoding=\"async\" width=\"768\" height=\"496\" src=\"https:\/\/www.rassegnastampa-totustuus.it\/cattolica\/wp-content\/uploads\/2024\/12\/albero_natale.webp\" alt=\"\" class=\"wp-image-61842\" style=\"width:382px;height:auto\"\/><\/a><\/figure><\/div>\n\n\n<p><span style=\"color: #000000;\">Il periodo di natale, si sa, scatena puntualmente <strong>miticisti e comparativisti religiosi<\/strong> che amano ridurre la tradizione cristiana a una scopiazzatura delle usanze pagana, lavorando molto di fantasia e citando praticamente <strong>mai fonti storiche autorevoli<\/strong>.<\/span><\/p>\n\n\n\n<p><span style=\"color: #000000;\">Il primo su tutti a essere ridotto a mito pagano \u00e8 <strong>Ges\u00f9 di Nazareth<\/strong> e la sua data di nascita, di questo ci siamo approfonditamente occupati<\/span> <span style=\"color: #0000ff;\"><strong><em><a style=\"color: #0000ff;\" href=\"https:\/\/www.uccronline.it\/2012\/12\/23\/il-natale-non-e-una-festa-pagana-ecco-la-verita-storica\/\" target=\"_blank\" rel=\"noopener\">nel nostro dossier<\/a><\/em><\/strong><\/span>.<\/p>\n\n\n\n<p><span style=\"color: #000000;\">Se nessuno ha ancora osato toccare il <strong>Presepe<\/strong>, <strong>l\u2019albero di Natale come simbolo pagano<\/strong> \u00e8 uno dei tanti miti di questo periodo.<\/span><\/p>\n\n\n\n<h4 class=\"wp-block-heading\"><span style=\"color: #000000;\"><strong>L\u2019Albero di Natale pagano, le tesi cristiane<\/strong><\/span><\/h4>\n\n\n\n<p><span style=\"color: #000000;\">Anche molti <strong>cristiani<\/strong> optano per dedicarsi soltanto al Presepe temendo che l\u2019albero di Natale abbia origini pagane.<\/span><\/p>\n\n\n\n<p><span style=\"color: #000000;\">Ogni tanto qualche <strong>fonte cristiana<\/strong> sostiene che gli alberi di Natale sarebbero addirittura condannati dalla <strong>Bibbia<\/strong>, facendo riferimento a un passo del <strong>Libro di Geremia<\/strong>: <em>\u00abCos\u00ec dice il Signore [\u2026], ci\u00f2 che provoca la paura dei popoli \u00e8 un nulla, non \u00e8 che <strong>un legno tagliato nel bosco<\/strong>, opera delle mani di un intagliatore. Li abbelliscono di argento e di oro, li fissano con chiodi e con martelli, perch\u00e9 non traballino. <strong>Gli idoli<\/strong> sono come uno spauracchio\u00bb<\/em> (10, 2-5)<\/span><\/p>\n\n\n\n<p><span style=\"color: #000000;\">Ma basta leggere il brano per capire che <strong>non si riferisce affatto<\/strong> all\u2019allestimento natalizio dell\u2019albero, il testo \u00e8 una <strong>condanna degli idoli<\/strong> e al prendere del legname per modellare un idolo di legno e decorarlo con argento e oro per adorarlo.<\/span><\/p>\n\n\n<div class=\"wp-block-image\">\n<figure class=\"aligncenter size-full is-resized\"><a href=\"https:\/\/www.rassegnastampa-totustuus.it\/cattolica\/wp-content\/uploads\/2024\/12\/albero_Natale.jpeg\"><img loading=\"lazy\" decoding=\"async\" width=\"132\" height=\"180\" src=\"https:\/\/www.rassegnastampa-totustuus.it\/cattolica\/wp-content\/uploads\/2024\/12\/albero_Natale.jpeg\" alt=\"\" class=\"wp-image-61843\" style=\"width:198px;height:auto\"\/><\/a><\/figure><\/div>\n\n\n<p><span style=\"color: #000000;\">Un\u2019altra storia comunemente ripetuta sull\u2019origine dell\u2019albero di Natale ha per protagonista <strong>San Bonifacio<\/strong> (672 \u2013 754 d.C.).<\/span><\/p>\n\n\n\n<p><span style=\"color: #000000;\">Racconta che il santo missionario avrebbe <strong>abbattuto una quercia<\/strong> dedicata ad Odino (divinit\u00e0 dell\u2019antica religione nordica), un simbolo del suo potere sugli antichi dei. Si sarebbe poi accorto della presenza di un albero sempreverde cresciuto miracolosamente al suo posto.<\/span><\/p>\n\n\n\n<p><span style=\"color: #000000;\">Secondo la storia, <strong>San Bonifacio<\/strong> avrebbe quindi esclamato: <em>\u00abQuesto piccolo albero, un giovane figlio della foresta, sar\u00e0 il tuo albero sacro stasera. \u00c8 il legno della pace. \u00c8 il segno di una vita senza fine, perch\u00e9 le sue foglie sono sempre verdi. Guarda come punta verso l\u2019alto, verso il cielo\u00bb<\/em><\/span><\/p>\n\n\n\n<p><span style=\"color: #000000;\">San Bonifacio avrebbe quindi <strong>\u201crubato\u201d l\u2019usanza dell\u2019albero di Natale<\/strong> ai pagani che aveva convertito. Ma \u00e8 falso.<\/span><\/p>\n\n\n\n<p><span style=\"color: #000000;\">Lo studioso <strong>Roger Pearse<\/strong><\/span> <strong><em><a href=\"https:\/\/www.roger-pearse.com\/weblog\/2021\/12\/06\/a-modern-myth-st-boniface-and-the-christmas-tree\/\" target=\"_blank\" rel=\"noopener\"><span style=\"color: #0000ff;\">ha rintracciato<\/span><\/a><\/em><\/strong> <span style=\"color: #000000;\">l\u2019origine della leggenda in un racconto poetico dello scrittore <strong>Henry van Dyke<\/strong> intitolato <em>\u201cThe Oak of Geismar\u201d<\/em> (1891). Una fiaba di successo, tanto che ripubblicata nel 1897.<\/span><\/p>\n\n\n\n<p><span style=\"color: #000000;\">In ogni caso, il presunto albero abbattuto da Bonifacio era una <strong>quercia<\/strong> (non un abete) e <strong>in alcun modo<\/strong> legato al solstizio d\u2019inverno o al periodo natalizio.<\/span><\/p>\n\n\n\n<h4 class=\"wp-block-heading has-text-align-center\"><span style=\"color: #000000;\"><strong>L\u2019Albero di Natale pagano, le tesi anticristiane<\/strong><\/span><\/h4>\n\n\n<div class=\"wp-block-image\">\n<figure class=\"aligncenter is-resized\"><img loading=\"lazy\" decoding=\"async\" width=\"700\" height=\"700\" src=\"https:\/\/www.rassegnastampa-totustuus.it\/cattolica\/wp-content\/uploads\/2024\/12\/albero_natale.jpg\" alt=\"\" class=\"wp-image-61844\" style=\"width:255px;height:auto\"\/><\/figure><\/div>\n\n\n<p><span style=\"color: #000000;\">I <strong>miticisti anticristiani<\/strong>, per Natale decorano soltanto l\u2019albero sicuri di non infettare le abitazioni con pericolosi simboli cristiani. Non si preoccupano minimamente di fare riferimento a delle fonti che la attestino come usanza pagana.<\/span><\/p>\n\n\n\n<p><span style=\"color: #000000;\">Semplicemente informano che sarebbero stati i pagani ad <strong>addobbare gli alberi<\/strong> a met\u00e0 inverno, nonostante il fatto <strong>nessuna fonte pagana<\/strong> faccia mai alcun riferimento a qualcosa del genere. \u00c8 un\u2019affermazione che ha preso forza per pura costante ripetizione. L\u2019onere della prova spetta a chi sostiene il contrario.<\/span><\/p>\n\n\n\n<p><span style=\"color: #000000;\">Una delle tesi pi\u00f9 sostenute \u00e8 quella di <strong>un albero di pino decorato<\/strong> e portato al <strong>Tempio della Magna Mater<\/strong>, peccato che avveniva all\u2019interno della cerimonia chiamata <em>\u201cArbor intrat\u201d<\/em> il <strong>22 marzo<\/strong>. Nessun collegamento con dicembre o con la festivit\u00e0 natalizia.<\/span><\/p>\n\n\n\n<h4 class=\"wp-block-heading has-text-align-center\"><span style=\"color: #000000;\"><strong>La storia dell\u2019albero di Natale, le fonti storiche<\/strong><\/span><\/h4>\n\n\n<div class=\"wp-block-image\">\n<figure class=\"aligncenter size-full is-resized\"><a href=\"https:\/\/www.rassegnastampa-totustuus.it\/cattolica\/wp-content\/uploads\/2024\/12\/albero_natale-1.jpg\"><img loading=\"lazy\" decoding=\"async\" width=\"444\" height=\"514\" src=\"https:\/\/www.rassegnastampa-totustuus.it\/cattolica\/wp-content\/uploads\/2024\/12\/albero_natale-1.jpg\" alt=\"\" class=\"wp-image-61845\" style=\"width:247px;height:auto\"\/><\/a><\/figure><\/div>\n\n\n<p><span style=\"color: #000000;\">Un interessante studio sull\u2019origine dell\u2019albero di Natale \u00e8 stato realizzato da <strong>David Bertaina<\/strong>, specializzato nello sviluppo storico del Natale e docente di Storia religiosa del Medio Oriente tardoantico e medievale all\u2019University of Illinois.<\/span><\/p>\n\n\n\n<p><span style=\"color: #000000;\">L\u2019opera si chiama <\/span><strong><em><span style=\"color: #000000;\">\u201c<\/span><a href=\"https:\/\/academic.oup.com\/edited-volume\/34256\/chapter-abstract\/290413416?redirectedFrom=fulltext\">Trees and Decorations<\/a><span style=\"color: #000000;\">\u201d <\/span><\/em><\/strong><span style=\"color: #000000;\">(1). E\u2019 <strong>un\u2019indagine storica<\/strong> seria realizzata da un professionista della materia, non un miticista qualunque.<\/span><\/p>\n\n\n\n<p><span style=\"color: #000000;\">Come riporta Bertaina, <strong>le fonti pi\u00f9 antiche<\/strong> che si riferiscono all\u2019albero di Natale risalgono ai <strong>regolamenti forestali<\/strong> delle citt\u00e0 renane di Sundhoffen e Bergheim, attorno al <strong>1300.<\/strong><\/span><\/p>\n\n\n\n<p><span style=\"color: #000000;\">Questi regolamenti limitavano l\u2019abbattimento di abeti o la raccolta di rami nel periodo natalizio (2). Le stesse leggi vennero emanate nel <strong>1400<\/strong> anche per la regione <strong>dell\u2019alto Reno<\/strong> e alcune di queste fanno riferimento specificamente all\u2019utilizzo degli <strong>alberi natalizi<\/strong> come pali decorati.<\/span><\/p>\n\n\n\n<p><span style=\"color: #000000;\">Nel <strong>XVI secolo<\/strong> vi sono invece descrizioni di alberi (o pali) addobbati eretti nelle <strong>piazze pubbliche di alcune citt\u00e0<\/strong> o all\u2019interno delle sale comunali. In Germania, ad esempio, nella citt\u00e0 di <strong>Gengenbach<\/strong>, una busta paga del <strong>1576<\/strong> menziona che il guardaboschi cittadino port\u00f2 un <em>\u00abalbero di Natale nelle sale del consiglio\u00bb<\/em>.<\/span><\/p>\n\n\n\n<p><span style=\"color: #000000;\">Nel <strong>1605<\/strong> si riferisce di alberi decorati con cavalli di cartone, mele, ostie, fiocchi di metallo sagomati e zucchero nella citt\u00e0 di <strong>Strasburgo<\/strong> mentre nel <strong>1611<\/strong> sembra essere stata la duchessa <strong>Dorothea Sibylle di Slesia<\/strong> la prima a decorare l\u2019albero di Natale con delle <strong>candele<\/strong>.<\/span><\/p>\n\n\n\n<p><span style=\"color: #000000;\">Dalla met\u00e0 del 1600 la pratica di addobbare gli alberi a Natale <strong>entr\u00f2 nelle abitazioni private<\/strong>, tanto da spingere il predicatore protestante di Francoforte, <strong>Johann Konrad Dannhauer<\/strong> a criticare, non senza ragione, quest\u2019usanza come \u201csciocchezza\u201d, descrivendoli come <em>\u00abdecorati con bambole e zucchero\u00bb<\/em>.<\/span><\/p>\n\n\n\n<p><span style=\"color: #000000;\">Gli alberi di Natale divennero onnipresenti a livello internazionale <strong>dopo il 1800<\/strong>, quando la <strong>regina Vittoria<\/strong> port\u00f2 questa usanza cristiana tedesca e nordeuropea in tutto il mondo anglosassone.<\/span><\/p>\n\n\n\n<h4 class=\"wp-block-heading has-text-align-center\"><span style=\"color: #000000;\"><strong>Addobbare l\u2019albero, usanza nata nel Medioevo<\/strong><\/span><\/h4>\n\n\n<div class=\"wp-block-image\">\n<figure class=\"aligncenter size-full is-resized\"><a href=\"https:\/\/www.rassegnastampa-totustuus.it\/cattolica\/wp-content\/uploads\/2024\/12\/albero_Natale-1.jpg\"><img loading=\"lazy\" decoding=\"async\" width=\"300\" height=\"168\" src=\"https:\/\/www.rassegnastampa-totustuus.it\/cattolica\/wp-content\/uploads\/2024\/12\/albero_Natale-1.jpg\" alt=\"\" class=\"wp-image-62033\" style=\"width:399px;height:auto\"\/><\/a><\/figure><\/div>\n\n\n<p><span style=\"color: #000000;\">Quelle appena sintetizzate sono <strong>le pi\u00f9 antiche fonti storiche<\/strong> sull\u2019albero di Natale.<\/span><\/p>\n\n\n\n<p><span style=\"color: #000000;\">Se esse indicano la nascita in epoca medievale, nessuna di esse spiega <strong>come nacque<\/strong> esattamente l\u2019usanza di addobbare un abete durante il periodo natalizio.<\/span><\/p>\n\n\n\n<p><span style=\"color: #000000;\">Un\u2019ipotesi tra le pi\u00f9 valide, secondo lo specialista e storico Bertaina, vede l\u2019origine nel <strong>dramma liturgico medievale<\/strong> eseguito alla vigilia di Natale e intitolato <strong><em>Le jeu d\u2019Adam<\/em><\/strong>, in cui compare un \u201calbero del paradiso\u201d come elemento centrale della scena, solitamente <strong>un abete decorato con mele<\/strong>.<\/span><\/p>\n\n\n\n<p><span style=\"color: #000000;\">E\u2019 un\u2019ipotesi credibile che <strong>coincide<\/strong> con le fonti storiche, le quali indicano i primi chiari riferimenti <strong>all\u2019inizio dell\u2019epoca moderna<\/strong>.<\/span><\/p>\n\n\n\n<h4 class=\"wp-block-heading has-text-align-center\"><strong><span style=\"color: #000000;\">L\u2019albero di Natale, simbologia cristiana<\/span><\/strong><\/h4>\n\n\n\n<p><span style=\"color: #000000;\">Tutto questo dimostra che <strong>l\u2019albero di Natale<\/strong> non \u00e8 un <strong>simbolo pagano<\/strong>.<\/span><\/p>\n\n\n\n<p><span style=\"color: #000000;\">D\u2019altra parte tutte le affermazioni di antiche origini precristiane sono <strong>fantasiose<\/strong> e <strong>prive di documentazione<\/strong>.<\/span><\/p>\n\n\n\n<p><span style=\"color: #000000;\">Il fatto che addobbare l\u2019albero sia oggi cos\u00ec <strong>scontato<\/strong> fa presumere che si tratti di una <strong>tradizione antichissima<\/strong> e quindi debba avere radici \u201cpagane\u201d. Ma semplicemente non ci sono prove che sia davvero cos\u00ec. Anzi, le prove indicano altro.<\/span><\/p>\n\n\n<div class=\"wp-block-image\">\n<figure class=\"aligncenter size-full is-resized\"><a href=\"https:\/\/www.rassegnastampa-totustuus.it\/cattolica\/wp-content\/uploads\/2024\/12\/albero_Natale-2.jpg\"><img loading=\"lazy\" decoding=\"async\" width=\"275\" height=\"183\" src=\"https:\/\/www.rassegnastampa-totustuus.it\/cattolica\/wp-content\/uploads\/2024\/12\/albero_Natale-2.jpg\" alt=\"\" class=\"wp-image-62034\" style=\"width:380px;height:auto\"\/><\/a><\/figure><\/div>\n\n\n<p><span style=\"color: #000000;\">Recentemente sull\u2019albero di Natale \u00e8 intervenuto anche <strong>Michele Cassese<\/strong>, docente di Storia moderna all\u2019Universit\u00e0 di Trieste.<\/span><\/p>\n\n\n\n<p><span style=\"color: #000000;\">Nel suo<\/span> <strong><em><a href=\"https:\/\/www.avvenire.it\/agora\/pagine\/albero-o-presepe-meglio-tutti-e-due\" target=\"_blank\" rel=\"noopener\"><span style=\"color: #0000ff;\">articolo<\/span><\/a><\/em><\/strong> <span style=\"color: #000000;\">lo storico italiano ha spiegato a sua volta che <strong>l\u2019albero di Natale non \u00e8 pagano<\/strong>, ma \u00e8 <em>\u00abpresente fin dai primi secoli del cristianesimo\u00bb<\/em> e, come abbiamo anche noi documentato, fu valorizzato soprattutto dal <strong>Nord Europa<\/strong> e dalla <strong>tradizione cristiana protestante<\/strong>.<\/span><\/p>\n\n\n\n<p><span style=\"color: #000000;\">L\u2019albero decorato pu\u00f2 essere visto, secondo Cassese, come <em>\u00ab<strong>simbolo di Cristo<\/strong> Luce del mondo\u00bb<\/em>.<\/span><\/p>\n\n\n\n<p><span style=\"color: #000000;\">Secondo le fonti storiche, <strong>l\u2019albero di Natale non \u00e8 pagano<\/strong>, non \u00e8 un simbolo pagano ma deriva da un\u2019usanza cristiana medievale.<\/span><\/p>\n\n\n\n<p><span style=\"color: #000000;\">La sua presenza nelle case e nei luoghi cristiani <strong>\u00e8 coerente<\/strong> con la sua storia e <strong>la sua origine cristiana<\/strong>.<\/span><\/p>\n\n\n\n<p><span style=\"color: #000000;\">Si presti per\u00f2 attenzione al fatto che non sostituisca il <strong>Presepe<\/strong>, simbolo di una testimonianza pi\u00f9 diretta del senso vero della festivit\u00e0 natalizia.<\/span><\/p>\n\n\n\n<p><span style=\"color: #000000;\"><strong>Note<\/strong><\/span><\/p>\n\n\n\n<p><span style=\"color: #000000;\"><strong>1)<\/strong> in<strong> T. Larsen, <\/strong>The Oxford Handbook of Christmas 2020 pp. 265-276<\/span><\/p>\n\n\n\n<p><span style=\"color: #000000;\"><strong>2) L. Lukacs, <\/strong><em>Der Christbaum in den oberrheinischen St\u00e4dten des<\/em>, Acta Ethnographica Hungarica 2014, pp. 337-349<\/span><\/p>\n\n\n\n<p>_____________________________________________________<\/p>\n\n\n\n<p><span style=\"color: #000000;\"><strong>Leggi anche:<\/strong><\/span><\/p>\n\n\n\n<p><a href=\"https:\/\/www.rassegnastampa-totustuus.it\/cattolica\/chi-vuole-cancellare-il-natale\/\" target=\"_blank\" rel=\"noopener\"><span style=\"color: #0000ff;\">Chi vuole cancellare il Natale?<\/span><\/a><\/p>\n\n\n\n<p><\/p>\n","protected":false},"excerpt":{"rendered":"<p>Unione Cristiani Cattolici Razionali (UCCR) 23 Dicembre 2024 La storia dell\u2019albero di Natale, un simbolo pagano? E\u2019 una leggenda. In questa breve ricostruzione storica mostriamo che le prime fonti storiche sull\u2019usanza di addobbare l\u2019albero di Natale non sono pagane ma risalgono al Medioevo cristiano. La redazione<\/p><p><a class=\"more-link btn\" href=\"https:\/\/www.rassegnastampa-totustuus.it\/cattolica\/lalbero-di-natale-non-e-pagano-lorigine-e-medievale\/\">Continua a leggere<\/a><\/p>\n","protected":false},"author":6,"featured_media":31300,"comment_status":"closed","ping_status":"closed","sticky":false,"template":"","format":"standard","meta":{"footnotes":""},"categories":[8,91,24],"tags":[3078,1283,416,1063],"class_list":["post-61841","post","type-post","status-publish","format-standard","has-post-thumbnail","hentry","category-cultura-e-tradizioni","category-medioevo","category-storia","tag-albero-di-natale","tag-natale","tag-paganesimo","tag-presepe","item-wrap"],"yoast_head":"<!-- This site is optimized with the Yoast SEO plugin v27.5 - https:\/\/yoast.com\/product\/yoast-seo-wordpress\/ -->\n<title>L\u2019albero di Natale non \u00e8 pagano: l\u2019origine \u00e8 medievale! - Rassegna Stampa Cattolica<\/title>\n<meta name=\"description\" content=\"L\u2019albero di Natale non \u00e8 pagano: l\u2019origine \u00e8 medievale! Una breve ricostruzione storica lo mostra attraverso le fonti\" \/>\n<meta name=\"robots\" content=\"index, follow, max-snippet:-1, max-image-preview:large, max-video-preview:-1\" \/>\n<link rel=\"canonical\" href=\"https:\/\/www.rassegnastampa-totustuus.it\/cattolica\/lalbero-di-natale-non-e-pagano-lorigine-e-medievale\/\" \/>\n<meta property=\"og:locale\" content=\"it_IT\" \/>\n<meta property=\"og:type\" content=\"article\" \/>\n<meta property=\"og:title\" content=\"L\u2019albero di Natale non \u00e8 pagano: l\u2019origine \u00e8 medievale! - Rassegna Stampa Cattolica\" \/>\n<meta property=\"og:description\" content=\"L\u2019albero di Natale non \u00e8 pagano: l\u2019origine \u00e8 medievale! Una breve ricostruzione storica lo mostra attraverso le fonti\" \/>\n<meta property=\"og:url\" content=\"https:\/\/www.rassegnastampa-totustuus.it\/cattolica\/lalbero-di-natale-non-e-pagano-lorigine-e-medievale\/\" \/>\n<meta property=\"og:site_name\" content=\"Rassegna Stampa Cattolica\" \/>\n<meta property=\"article:publisher\" content=\"https:\/\/www.facebook.com\/rassegnastampacattolica\" \/>\n<meta property=\"article:published_time\" content=\"2024-12-27T10:58:23+00:00\" \/>\n<meta property=\"article:modified_time\" content=\"2026-03-31T06:51:16+00:00\" \/>\n<meta property=\"og:image\" content=\"https:\/\/www.rassegnastampa-totustuus.it\/cattolica\/wp-content\/uploads\/2006\/12\/addobbi_Natale.jpg\" \/>\n\t<meta property=\"og:image:width\" content=\"280\" \/>\n\t<meta property=\"og:image:height\" content=\"180\" \/>\n\t<meta property=\"og:image:type\" content=\"image\/jpeg\" \/>\n<meta name=\"author\" content=\"Redazione\" \/>\n<meta name=\"twitter:card\" content=\"summary_large_image\" \/>\n<meta name=\"twitter:creator\" content=\"@rassegnastampa9\" \/>\n<meta name=\"twitter:site\" content=\"@rassegnastampa9\" \/>\n<meta name=\"twitter:label1\" content=\"Scritto da\" \/>\n\t<meta name=\"twitter:data1\" content=\"Redazione\" \/>\n\t<meta name=\"twitter:label2\" content=\"Tempo di lettura stimato\" \/>\n\t<meta name=\"twitter:data2\" content=\"9 minuti\" \/>\n<script type=\"application\/ld+json\" class=\"yoast-schema-graph\">{\"@context\":\"https:\\\/\\\/schema.org\",\"@graph\":[{\"@type\":\"Article\",\"@id\":\"https:\\\/\\\/www.rassegnastampa-totustuus.it\\\/cattolica\\\/lalbero-di-natale-non-e-pagano-lorigine-e-medievale\\\/#article\",\"isPartOf\":{\"@id\":\"https:\\\/\\\/www.rassegnastampa-totustuus.it\\\/cattolica\\\/lalbero-di-natale-non-e-pagano-lorigine-e-medievale\\\/\"},\"author\":{\"name\":\"Redazione\",\"@id\":\"https:\\\/\\\/www.rassegnastampa-totustuus.it\\\/cattolica\\\/#\\\/schema\\\/person\\\/08f319d2bd1a0904ad9e2bfb7b15e5c3\"},\"headline\":\"L\u2019albero di Natale non \u00e8 pagano: l\u2019origine \u00e8 medievale!\",\"datePublished\":\"2024-12-27T10:58:23+00:00\",\"dateModified\":\"2026-03-31T06:51:16+00:00\",\"mainEntityOfPage\":{\"@id\":\"https:\\\/\\\/www.rassegnastampa-totustuus.it\\\/cattolica\\\/lalbero-di-natale-non-e-pagano-lorigine-e-medievale\\\/\"},\"wordCount\":1297,\"publisher\":{\"@id\":\"https:\\\/\\\/www.rassegnastampa-totustuus.it\\\/cattolica\\\/#organization\"},\"image\":{\"@id\":\"https:\\\/\\\/www.rassegnastampa-totustuus.it\\\/cattolica\\\/lalbero-di-natale-non-e-pagano-lorigine-e-medievale\\\/#primaryimage\"},\"thumbnailUrl\":\"https:\\\/\\\/www.rassegnastampa-totustuus.it\\\/cattolica\\\/wp-content\\\/uploads\\\/2006\\\/12\\\/addobbi_Natale.jpg\",\"keywords\":[\"albero di Natale\",\"Natale\",\"paganesimo\",\"presepe\"],\"articleSection\":[\"Cultura e tradizioni\",\"Medioevo\",\"Storia\"],\"inLanguage\":\"it-IT\"},{\"@type\":\"WebPage\",\"@id\":\"https:\\\/\\\/www.rassegnastampa-totustuus.it\\\/cattolica\\\/lalbero-di-natale-non-e-pagano-lorigine-e-medievale\\\/\",\"url\":\"https:\\\/\\\/www.rassegnastampa-totustuus.it\\\/cattolica\\\/lalbero-di-natale-non-e-pagano-lorigine-e-medievale\\\/\",\"name\":\"L\u2019albero di Natale non \u00e8 pagano: l\u2019origine \u00e8 medievale! - Rassegna Stampa Cattolica\",\"isPartOf\":{\"@id\":\"https:\\\/\\\/www.rassegnastampa-totustuus.it\\\/cattolica\\\/#website\"},\"primaryImageOfPage\":{\"@id\":\"https:\\\/\\\/www.rassegnastampa-totustuus.it\\\/cattolica\\\/lalbero-di-natale-non-e-pagano-lorigine-e-medievale\\\/#primaryimage\"},\"image\":{\"@id\":\"https:\\\/\\\/www.rassegnastampa-totustuus.it\\\/cattolica\\\/lalbero-di-natale-non-e-pagano-lorigine-e-medievale\\\/#primaryimage\"},\"thumbnailUrl\":\"https:\\\/\\\/www.rassegnastampa-totustuus.it\\\/cattolica\\\/wp-content\\\/uploads\\\/2006\\\/12\\\/addobbi_Natale.jpg\",\"datePublished\":\"2024-12-27T10:58:23+00:00\",\"dateModified\":\"2026-03-31T06:51:16+00:00\",\"description\":\"L\u2019albero di Natale non \u00e8 pagano: l\u2019origine \u00e8 medievale! Una breve ricostruzione storica lo mostra attraverso le fonti\",\"breadcrumb\":{\"@id\":\"https:\\\/\\\/www.rassegnastampa-totustuus.it\\\/cattolica\\\/lalbero-di-natale-non-e-pagano-lorigine-e-medievale\\\/#breadcrumb\"},\"inLanguage\":\"it-IT\",\"potentialAction\":[{\"@type\":\"ReadAction\",\"target\":[\"https:\\\/\\\/www.rassegnastampa-totustuus.it\\\/cattolica\\\/lalbero-di-natale-non-e-pagano-lorigine-e-medievale\\\/\"]}]},{\"@type\":\"ImageObject\",\"inLanguage\":\"it-IT\",\"@id\":\"https:\\\/\\\/www.rassegnastampa-totustuus.it\\\/cattolica\\\/lalbero-di-natale-non-e-pagano-lorigine-e-medievale\\\/#primaryimage\",\"url\":\"https:\\\/\\\/www.rassegnastampa-totustuus.it\\\/cattolica\\\/wp-content\\\/uploads\\\/2006\\\/12\\\/addobbi_Natale.jpg\",\"contentUrl\":\"https:\\\/\\\/www.rassegnastampa-totustuus.it\\\/cattolica\\\/wp-content\\\/uploads\\\/2006\\\/12\\\/addobbi_Natale.jpg\",\"width\":280,\"height\":180},{\"@type\":\"BreadcrumbList\",\"@id\":\"https:\\\/\\\/www.rassegnastampa-totustuus.it\\\/cattolica\\\/lalbero-di-natale-non-e-pagano-lorigine-e-medievale\\\/#breadcrumb\",\"itemListElement\":[{\"@type\":\"ListItem\",\"position\":1,\"name\":\"Home\",\"item\":\"https:\\\/\\\/www.rassegnastampa-totustuus.it\\\/cattolica\\\/\"},{\"@type\":\"ListItem\",\"position\":2,\"name\":\"L\u2019albero di Natale non \u00e8 pagano: l\u2019origine \u00e8 medievale!\"}]},{\"@type\":\"WebSite\",\"@id\":\"https:\\\/\\\/www.rassegnastampa-totustuus.it\\\/cattolica\\\/#website\",\"url\":\"https:\\\/\\\/www.rassegnastampa-totustuus.it\\\/cattolica\\\/\",\"name\":\"Rassegna Stampa Cattolica\",\"description\":\"Per una cultura che nasce dalla Rivelazione cristiana in conformit\u00e0 alla tradizione e al Magistero della Chiesa in opposizione ad ogni relativismo e totalitarismo\",\"publisher\":{\"@id\":\"https:\\\/\\\/www.rassegnastampa-totustuus.it\\\/cattolica\\\/#organization\"},\"alternateName\":\"Rass. Cattolica\",\"potentialAction\":[{\"@type\":\"SearchAction\",\"target\":{\"@type\":\"EntryPoint\",\"urlTemplate\":\"https:\\\/\\\/www.rassegnastampa-totustuus.it\\\/cattolica\\\/?s={search_term_string}\"},\"query-input\":{\"@type\":\"PropertyValueSpecification\",\"valueRequired\":true,\"valueName\":\"search_term_string\"}}],\"inLanguage\":\"it-IT\"},{\"@type\":\"Organization\",\"@id\":\"https:\\\/\\\/www.rassegnastampa-totustuus.it\\\/cattolica\\\/#organization\",\"name\":\"Rassegna Stampa Cattolica\",\"url\":\"https:\\\/\\\/www.rassegnastampa-totustuus.it\\\/cattolica\\\/\",\"logo\":{\"@type\":\"ImageObject\",\"inLanguage\":\"it-IT\",\"@id\":\"https:\\\/\\\/www.rassegnastampa-totustuus.it\\\/cattolica\\\/#\\\/schema\\\/logo\\\/image\\\/\",\"url\":\"https:\\\/\\\/www.rassegnastampa-totustuus.it\\\/cattolica\\\/wp-content\\\/uploads\\\/2014\\\/04\\\/logo-rassegna1.gif\",\"contentUrl\":\"https:\\\/\\\/www.rassegnastampa-totustuus.it\\\/cattolica\\\/wp-content\\\/uploads\\\/2014\\\/04\\\/logo-rassegna1.gif\",\"width\":600,\"height\":163,\"caption\":\"Rassegna Stampa Cattolica\"},\"image\":{\"@id\":\"https:\\\/\\\/www.rassegnastampa-totustuus.it\\\/cattolica\\\/#\\\/schema\\\/logo\\\/image\\\/\"},\"sameAs\":[\"https:\\\/\\\/www.facebook.com\\\/rassegnastampacattolica\",\"https:\\\/\\\/x.com\\\/rassegnastampa9\"]},{\"@type\":\"Person\",\"@id\":\"https:\\\/\\\/www.rassegnastampa-totustuus.it\\\/cattolica\\\/#\\\/schema\\\/person\\\/08f319d2bd1a0904ad9e2bfb7b15e5c3\",\"name\":\"Redazione\",\"image\":{\"@type\":\"ImageObject\",\"inLanguage\":\"it-IT\",\"@id\":\"https:\\\/\\\/secure.gravatar.com\\\/avatar\\\/2fcdf27c78ea025fbdb44e914cc63c72249ffec9dc8aafd5c82b26240ef3f346?s=96&d=mm&r=g\",\"url\":\"https:\\\/\\\/secure.gravatar.com\\\/avatar\\\/2fcdf27c78ea025fbdb44e914cc63c72249ffec9dc8aafd5c82b26240ef3f346?s=96&d=mm&r=g\",\"contentUrl\":\"https:\\\/\\\/secure.gravatar.com\\\/avatar\\\/2fcdf27c78ea025fbdb44e914cc63c72249ffec9dc8aafd5c82b26240ef3f346?s=96&d=mm&r=g\",\"caption\":\"Redazione\"},\"url\":\"https:\\\/\\\/www.rassegnastampa-totustuus.it\\\/cattolica\\\/author\\\/pietroelle\\\/\"}]}<\/script>\n<!-- \/ Yoast SEO plugin. -->","yoast_head_json":{"title":"L\u2019albero di Natale non \u00e8 pagano: l\u2019origine \u00e8 medievale! - Rassegna Stampa Cattolica","description":"L\u2019albero di Natale non \u00e8 pagano: l\u2019origine \u00e8 medievale! Una breve ricostruzione storica lo mostra attraverso le fonti","robots":{"index":"index","follow":"follow","max-snippet":"max-snippet:-1","max-image-preview":"max-image-preview:large","max-video-preview":"max-video-preview:-1"},"canonical":"https:\/\/www.rassegnastampa-totustuus.it\/cattolica\/lalbero-di-natale-non-e-pagano-lorigine-e-medievale\/","og_locale":"it_IT","og_type":"article","og_title":"L\u2019albero di Natale non \u00e8 pagano: l\u2019origine \u00e8 medievale! - Rassegna Stampa Cattolica","og_description":"L\u2019albero di Natale non \u00e8 pagano: l\u2019origine \u00e8 medievale! Una breve ricostruzione storica lo mostra attraverso le fonti","og_url":"https:\/\/www.rassegnastampa-totustuus.it\/cattolica\/lalbero-di-natale-non-e-pagano-lorigine-e-medievale\/","og_site_name":"Rassegna Stampa Cattolica","article_publisher":"https:\/\/www.facebook.com\/rassegnastampacattolica","article_published_time":"2024-12-27T10:58:23+00:00","article_modified_time":"2026-03-31T06:51:16+00:00","og_image":[{"width":280,"height":180,"url":"https:\/\/www.rassegnastampa-totustuus.it\/cattolica\/wp-content\/uploads\/2006\/12\/addobbi_Natale.jpg","type":"image\/jpeg"}],"author":"Redazione","twitter_card":"summary_large_image","twitter_creator":"@rassegnastampa9","twitter_site":"@rassegnastampa9","twitter_misc":{"Scritto da":"Redazione","Tempo di lettura stimato":"9 minuti"},"schema":{"@context":"https:\/\/schema.org","@graph":[{"@type":"Article","@id":"https:\/\/www.rassegnastampa-totustuus.it\/cattolica\/lalbero-di-natale-non-e-pagano-lorigine-e-medievale\/#article","isPartOf":{"@id":"https:\/\/www.rassegnastampa-totustuus.it\/cattolica\/lalbero-di-natale-non-e-pagano-lorigine-e-medievale\/"},"author":{"name":"Redazione","@id":"https:\/\/www.rassegnastampa-totustuus.it\/cattolica\/#\/schema\/person\/08f319d2bd1a0904ad9e2bfb7b15e5c3"},"headline":"L\u2019albero di Natale non \u00e8 pagano: l\u2019origine \u00e8 medievale!","datePublished":"2024-12-27T10:58:23+00:00","dateModified":"2026-03-31T06:51:16+00:00","mainEntityOfPage":{"@id":"https:\/\/www.rassegnastampa-totustuus.it\/cattolica\/lalbero-di-natale-non-e-pagano-lorigine-e-medievale\/"},"wordCount":1297,"publisher":{"@id":"https:\/\/www.rassegnastampa-totustuus.it\/cattolica\/#organization"},"image":{"@id":"https:\/\/www.rassegnastampa-totustuus.it\/cattolica\/lalbero-di-natale-non-e-pagano-lorigine-e-medievale\/#primaryimage"},"thumbnailUrl":"https:\/\/www.rassegnastampa-totustuus.it\/cattolica\/wp-content\/uploads\/2006\/12\/addobbi_Natale.jpg","keywords":["albero di Natale","Natale","paganesimo","presepe"],"articleSection":["Cultura e tradizioni","Medioevo","Storia"],"inLanguage":"it-IT"},{"@type":"WebPage","@id":"https:\/\/www.rassegnastampa-totustuus.it\/cattolica\/lalbero-di-natale-non-e-pagano-lorigine-e-medievale\/","url":"https:\/\/www.rassegnastampa-totustuus.it\/cattolica\/lalbero-di-natale-non-e-pagano-lorigine-e-medievale\/","name":"L\u2019albero di Natale non \u00e8 pagano: l\u2019origine \u00e8 medievale! - Rassegna Stampa Cattolica","isPartOf":{"@id":"https:\/\/www.rassegnastampa-totustuus.it\/cattolica\/#website"},"primaryImageOfPage":{"@id":"https:\/\/www.rassegnastampa-totustuus.it\/cattolica\/lalbero-di-natale-non-e-pagano-lorigine-e-medievale\/#primaryimage"},"image":{"@id":"https:\/\/www.rassegnastampa-totustuus.it\/cattolica\/lalbero-di-natale-non-e-pagano-lorigine-e-medievale\/#primaryimage"},"thumbnailUrl":"https:\/\/www.rassegnastampa-totustuus.it\/cattolica\/wp-content\/uploads\/2006\/12\/addobbi_Natale.jpg","datePublished":"2024-12-27T10:58:23+00:00","dateModified":"2026-03-31T06:51:16+00:00","description":"L\u2019albero di Natale non \u00e8 pagano: l\u2019origine \u00e8 medievale! Una breve ricostruzione storica lo mostra attraverso le fonti","breadcrumb":{"@id":"https:\/\/www.rassegnastampa-totustuus.it\/cattolica\/lalbero-di-natale-non-e-pagano-lorigine-e-medievale\/#breadcrumb"},"inLanguage":"it-IT","potentialAction":[{"@type":"ReadAction","target":["https:\/\/www.rassegnastampa-totustuus.it\/cattolica\/lalbero-di-natale-non-e-pagano-lorigine-e-medievale\/"]}]},{"@type":"ImageObject","inLanguage":"it-IT","@id":"https:\/\/www.rassegnastampa-totustuus.it\/cattolica\/lalbero-di-natale-non-e-pagano-lorigine-e-medievale\/#primaryimage","url":"https:\/\/www.rassegnastampa-totustuus.it\/cattolica\/wp-content\/uploads\/2006\/12\/addobbi_Natale.jpg","contentUrl":"https:\/\/www.rassegnastampa-totustuus.it\/cattolica\/wp-content\/uploads\/2006\/12\/addobbi_Natale.jpg","width":280,"height":180},{"@type":"BreadcrumbList","@id":"https:\/\/www.rassegnastampa-totustuus.it\/cattolica\/lalbero-di-natale-non-e-pagano-lorigine-e-medievale\/#breadcrumb","itemListElement":[{"@type":"ListItem","position":1,"name":"Home","item":"https:\/\/www.rassegnastampa-totustuus.it\/cattolica\/"},{"@type":"ListItem","position":2,"name":"L\u2019albero di Natale non \u00e8 pagano: l\u2019origine \u00e8 medievale!"}]},{"@type":"WebSite","@id":"https:\/\/www.rassegnastampa-totustuus.it\/cattolica\/#website","url":"https:\/\/www.rassegnastampa-totustuus.it\/cattolica\/","name":"Rassegna Stampa Cattolica","description":"Per una cultura che nasce dalla Rivelazione cristiana in conformit\u00e0 alla tradizione e al Magistero della Chiesa in opposizione ad ogni relativismo e totalitarismo","publisher":{"@id":"https:\/\/www.rassegnastampa-totustuus.it\/cattolica\/#organization"},"alternateName":"Rass. Cattolica","potentialAction":[{"@type":"SearchAction","target":{"@type":"EntryPoint","urlTemplate":"https:\/\/www.rassegnastampa-totustuus.it\/cattolica\/?s={search_term_string}"},"query-input":{"@type":"PropertyValueSpecification","valueRequired":true,"valueName":"search_term_string"}}],"inLanguage":"it-IT"},{"@type":"Organization","@id":"https:\/\/www.rassegnastampa-totustuus.it\/cattolica\/#organization","name":"Rassegna Stampa Cattolica","url":"https:\/\/www.rassegnastampa-totustuus.it\/cattolica\/","logo":{"@type":"ImageObject","inLanguage":"it-IT","@id":"https:\/\/www.rassegnastampa-totustuus.it\/cattolica\/#\/schema\/logo\/image\/","url":"https:\/\/www.rassegnastampa-totustuus.it\/cattolica\/wp-content\/uploads\/2014\/04\/logo-rassegna1.gif","contentUrl":"https:\/\/www.rassegnastampa-totustuus.it\/cattolica\/wp-content\/uploads\/2014\/04\/logo-rassegna1.gif","width":600,"height":163,"caption":"Rassegna Stampa Cattolica"},"image":{"@id":"https:\/\/www.rassegnastampa-totustuus.it\/cattolica\/#\/schema\/logo\/image\/"},"sameAs":["https:\/\/www.facebook.com\/rassegnastampacattolica","https:\/\/x.com\/rassegnastampa9"]},{"@type":"Person","@id":"https:\/\/www.rassegnastampa-totustuus.it\/cattolica\/#\/schema\/person\/08f319d2bd1a0904ad9e2bfb7b15e5c3","name":"Redazione","image":{"@type":"ImageObject","inLanguage":"it-IT","@id":"https:\/\/secure.gravatar.com\/avatar\/2fcdf27c78ea025fbdb44e914cc63c72249ffec9dc8aafd5c82b26240ef3f346?s=96&d=mm&r=g","url":"https:\/\/secure.gravatar.com\/avatar\/2fcdf27c78ea025fbdb44e914cc63c72249ffec9dc8aafd5c82b26240ef3f346?s=96&d=mm&r=g","contentUrl":"https:\/\/secure.gravatar.com\/avatar\/2fcdf27c78ea025fbdb44e914cc63c72249ffec9dc8aafd5c82b26240ef3f346?s=96&d=mm&r=g","caption":"Redazione"},"url":"https:\/\/www.rassegnastampa-totustuus.it\/cattolica\/author\/pietroelle\/"}]}},"_links":{"self":[{"href":"https:\/\/www.rassegnastampa-totustuus.it\/cattolica\/wp-json\/wp\/v2\/posts\/61841","targetHints":{"allow":["GET"]}}],"collection":[{"href":"https:\/\/www.rassegnastampa-totustuus.it\/cattolica\/wp-json\/wp\/v2\/posts"}],"about":[{"href":"https:\/\/www.rassegnastampa-totustuus.it\/cattolica\/wp-json\/wp\/v2\/types\/post"}],"author":[{"embeddable":true,"href":"https:\/\/www.rassegnastampa-totustuus.it\/cattolica\/wp-json\/wp\/v2\/users\/6"}],"replies":[{"embeddable":true,"href":"https:\/\/www.rassegnastampa-totustuus.it\/cattolica\/wp-json\/wp\/v2\/comments?post=61841"}],"version-history":[{"count":5,"href":"https:\/\/www.rassegnastampa-totustuus.it\/cattolica\/wp-json\/wp\/v2\/posts\/61841\/revisions"}],"predecessor-version":[{"id":64450,"href":"https:\/\/www.rassegnastampa-totustuus.it\/cattolica\/wp-json\/wp\/v2\/posts\/61841\/revisions\/64450"}],"wp:featuredmedia":[{"embeddable":true,"href":"https:\/\/www.rassegnastampa-totustuus.it\/cattolica\/wp-json\/wp\/v2\/media\/31300"}],"wp:attachment":[{"href":"https:\/\/www.rassegnastampa-totustuus.it\/cattolica\/wp-json\/wp\/v2\/media?parent=61841"}],"wp:term":[{"taxonomy":"category","embeddable":true,"href":"https:\/\/www.rassegnastampa-totustuus.it\/cattolica\/wp-json\/wp\/v2\/categories?post=61841"},{"taxonomy":"post_tag","embeddable":true,"href":"https:\/\/www.rassegnastampa-totustuus.it\/cattolica\/wp-json\/wp\/v2\/tags?post=61841"}],"curies":[{"name":"wp","href":"https:\/\/api.w.org\/{rel}","templated":true}]}}