{"id":6182,"date":"2014-03-08T22:37:28","date_gmt":"2014-03-08T21:37:28","guid":{"rendered":"http:\/\/www.rassegnastampa-totustuus.it\/cattolica\/?p=6182"},"modified":"2015-06-11T16:35:07","modified_gmt":"2015-06-11T14:35:07","slug":"prima-che-la-pioggia-del-tempo-cancelli-le-loro-tracce","status":"publish","type":"post","link":"https:\/\/www.rassegnastampa-totustuus.it\/cattolica\/prima-che-la-pioggia-del-tempo-cancelli-le-loro-tracce\/","title":{"rendered":"Prima che la pioggia del tempo cancelli le loro tracce"},"content":{"rendered":"<p><strong>Osservatore Romano<\/strong> 23 gennaio 2014<a href=\"https:\/\/www.rassegnastampa-totustuus.it\/cattolica\/wp-content\/uploads\/2014\/03\/spagnawar.jpg\"><img loading=\"lazy\" decoding=\"async\" class=\"alignright wp-image-6814\" src=\"https:\/\/www.rassegnastampa-totustuus.it\/cattolica\/wp-content\/uploads\/2014\/03\/spagnawar.jpg\" alt=\"spagnawar\" width=\"260\" height=\"195\" \/><\/a><\/p>\n<p style=\"text-align: center;\"><strong>Studio sulle radici storiche della persecuzione religiosa in Spagna<\/strong><\/p>\n<p style=\"text-align: justify;\"><em>Il libro. Gioved\u00ec 23 gennaio a Roma, nel Centro Espa\u00f1ol de Estudios Ecclesi\u00e1sticos annesso alla chiesa di Santa Maria in Monserrato degli Spagnoli, lo storico Vicente C\u00e1rcel Ort\u00ed presenta il suo libro M\u00e1rtires del siglo XX en Espa\u00f1a (Madrid, Biblioteca de Autores Cristianos, 2013, 2 volumi, pagine CXI + 2.816). L\u2019autore ha sintetizzato per il nostro giornale il suo intervento<\/em><\/p>\n<p style=\"text-align: center;\"><strong>(Vicente C\u00e1rcel Ort\u00ed)<\/strong><\/p>\n<p style=\"text-align: center;\"><!--more--><\/p>\n<p style=\"text-align: justify;\">Questo libro \u2014 M\u00e1rtires del siglo XX en Espa\u00f1a (Madrid, Biblioteca de Autores Cristianos, 2013, 2 volumi, pagine CXI + 2.816) \u2014 raccoglie tutte le biografie dei 1.523 martiri del XX secolo in Spagna elevati agli onori degli altari.<\/p>\n<p style=\"text-align: justify;\">Si tratta di undici santi e di 1.512 beati, canonizzati o beatificati nel periodo che va dalla prima cerimonia celebrata da Giovanni Paolo II nel 1987, all\u2019ultima, svoltasi a Tarragona, il 13 ottobre 2013. Si parla di \u201cmartiri di Spagna\u201d e non di \u201cmartiri spagnoli\u201d perch\u00e9, se \u00e8 vero che la Spagna \u00e8 il luogo dove furono martirizzati e anche la patria di gran parte di loro, ce n\u2019erano per\u00f2 diversi che provenivano da altre nazioni, pi\u00f9 precisamente dalla Colombia, da Cuba, dalle Filippine, dalla Francia, dal Messico e dall\u2019Uruguay. E in ogni caso, i martiri non sono patrimonio esclusivo di una diocesi o di una nazione, bens\u00ec, per la loro speciale partecipazione alla croce di Cristo, redentore dell\u2019universo, appartengono al mondo intero, alla Chiesa universale.<\/p>\n<p style=\"text-align: justify;\">L\u2019opera inizia con un\u2019introduzione generale e uno studio storico incentrato sulla Spagna, due contributi molto importanti per comprendere il significato e il contesto dei fatti martiriali. Nel primo si chiariscono i concetti di martire e di martirio, e si ribadisce il fatto che si considerano le morti inflitte in odio alla fede; morti che i martiri accettano per amore alla fede stessa. Risulta perci\u00f2 chiaro che non si pu\u00f2 confondere la persecuzione religiosa con la repressione politica, n\u00e9 si possono identificare i martiri con i caduti sul campo di battaglia e neppure con le vittime della repressione politica o di altre cause.<\/p>\n<p style=\"text-align: justify;\">A questa introduzione segue uno studio sulle radici storiche della persecuzione religiosa spagnola e sulle sue caratteristiche generali che vengono esaminate in trentanove sezioni o capitoli, dove sono documentati gli antefatti, le cause dirette e quelle remote, le reazioni e le caratteristiche principali della persecuzione.<\/p>\n<p style=\"text-align: justify;\">Quando si parla dei martiri spagnoli degli anni Trenta del XX secolo li si chiama erroneamente \u201cmartiri della guerra civile\u201d. Non \u00e8 cos\u00ec, perch\u00e9 i primi martiri li troviamo nel mese di ottobre del 1934, durante la Rivoluzione delle Asturie (nove di essi furono canonizzati da Giovanni Paolo II nel 1999). Mancavano allora quasi due anni all\u2019inizio della guerra civile, con la quale quindi quei testimoni non ebbero nulla a che fare.<\/p>\n<p style=\"text-align: justify;\">In quei terribili anni molti ecclesiastici e consacrati furono assassinati semplicemente perch\u00e9 appartenevano alla Chiesa; e il martirio degli uomini e delle donne dell\u2019Azione cattolica e di altri movimenti ecclesiali fu dovuto allo stesso motivo; ossia perch\u00e9 erano cattolici praticanti. Ma nessuno di loro fu coinvolto in lotte politiche o ideologiche, n\u00e9 vi prese parte. Quei martiri non impugnarono le armi contro nessuno, armi che tra l\u2019altro non avevano.<\/p>\n<p style=\"text-align: justify;\">\u00c8 quindi ben documentato che la persecuzione inizi\u00f2 molto prima della guerra civile e non fu la conseguenza di una presa di posizione previa della Chiesa che, solo a partire dal luglio del 1937, appoggi\u00f2 apertamente una delle parti in conflitto perch\u00e9 nell\u2019altra aveva smesso di esistere e si continuava a uccidere gli ecclesiastici e i cattolici praticanti.<\/p>\n<p style=\"text-align: justify;\">La persecuzione cominci\u00f2 con episodi isolati nel maggio del 1931, con l\u2019incendio di chiese e di conventi, e termin\u00f2 con il massacro di sacerdoti, religiosi e fedeli cattolici tra il 1936 il 1939. Perci\u00f2 cade la tesi di quanti insistono nel dire che la persecuzione religiosa fu la risposta anticlericale al sollevamento militare del 18 luglio 1936. I martiri del XX secolo in Spagna furono persone con la stessa tempra spirituale dei martiri dei primi secoli, e di quelli di tutte le epoche. Furono cristiani che, giunta l\u2019ora della verit\u00e0, preferirono morire piuttosto che tradire la loro fede. Se a muovere i loro persecutori \u00e8 una motivazione politica, di qualsiasi tipo, ad animare il cuore dei martiri \u00e8 sempre un amore pi\u00f9 forte della morte. I martiri muoiono vittima dell\u2019odio reale che i loro carnefici provano per la fede cattolica da loro professata.<\/p>\n<p style=\"text-align: justify;\">L\u2019opera comprende testi inediti su questa persecuzione scritti da vescovi, come pure un meticoloso richiamo al magistero pontificio ed episcopale legato alle beatificazioni e alle canonizzazioni che si descrivono. Offre inoltre una serie di dati storici, molti dei quali inediti, provenienti dall\u2019Archivio Segreto Vaticano e pertanto sconosciuti finora al grande pubblico, su un periodo molto complesso e dibattuto della storia della Chiesa in Spagna.<\/p>\n<p style=\"text-align: justify;\">Sei indici completi \u2014 nomi e cognomi, stato ecclesiastico o civile, luogo di nascita e luogo del martirio, autori citati, cronologia delle beatificazioni \u2014 fanno di questo lavoro anche un dizionario, crediamo prezioso, per avvicinarsi a una fase della storia della Chiesa in Spagna che occorre continuare a studiare, poich\u00e9 su di essa sono stati espressi non pochi giudizi, spesso pi\u00f9 debitori della violenza polemica che dell\u2019amore per la verit\u00e0.<\/p>\n<p style=\"text-align: justify;\">Prima che la pioggia del tempo cancelli le orme di questi eroi, urge recuperare per la storia e per la memoria collettiva l\u2019eredit\u00e0 spirituale di quegli uomini e di quelle donne che risplendettero per la loro coerenza e il loro coraggio nella difesa dei valori supremi della fede cristiana. Furono portatori di un messaggio di pace, di tolleranza, di concordia e di riconciliazione nazionale di fronte all\u2019odio irrazionale che mosse le due Spagne contrapposte. Sono patrimonio della nazione e oggi continuano a essere esempi vivi per il superamento dei contrasti ideologici e per la promozione della fraternit\u00e0 e della solidariet\u00e0 che tutte le ideologie predicano.<\/p>\n","protected":false},"excerpt":{"rendered":"<p>Osservatore Romano 23 gennaio 2014 Studio sulle radici storiche della persecuzione religiosa in Spagna Il libro. Gioved\u00ec 23 gennaio a Roma, nel Centro Espa\u00f1ol de Estudios Ecclesi\u00e1sticos annesso alla chiesa di Santa Maria in Monserrato degli Spagnoli, lo storico Vicente C\u00e1rcel Ort\u00ed presenta il suo libro M\u00e1rtires del siglo XX en Espa\u00f1a (Madrid, Biblioteca de &hellip; <\/p>\n<p><a class=\"more-link btn\" href=\"https:\/\/www.rassegnastampa-totustuus.it\/cattolica\/prima-che-la-pioggia-del-tempo-cancelli-le-loro-tracce\/\">Continua a leggere<\/a><\/p>\n","protected":false},"author":6,"featured_media":6814,"comment_status":"closed","ping_status":"open","sticky":false,"template":"","format":"standard","meta":{"footnotes":""},"categories":[44,89,17],"tags":[2404,265,264],"class_list":["post-6182","post","type-post","status-publish","format-standard","has-post-thumbnail","hentry","category-cristiani-perseguitati","category-guerra-di-spagna","category-libri","tag-guerra-di-spagna","tag-libri-2","tag-persecuzioni","item-wrap"],"yoast_head":"<!-- This site is optimized with the Yoast SEO plugin v27.5 - https:\/\/yoast.com\/product\/yoast-seo-wordpress\/ -->\n<title>Prima che la pioggia del tempo cancelli le loro tracce - Rassegna Stampa Cattolica<\/title>\n<meta name=\"description\" content=\"Rassegna Stampa Cattolica - Per una cultura che nasce dalla Rivelazione cristiana in conformit\u00e0 alla tradizione e al Magistero della Chiesa in opposizione ad ogni relativismo e totalitarismo\" \/>\n<meta name=\"robots\" content=\"index, follow, max-snippet:-1, max-image-preview:large, max-video-preview:-1\" \/>\n<link rel=\"canonical\" href=\"https:\/\/www.rassegnastampa-totustuus.it\/cattolica\/prima-che-la-pioggia-del-tempo-cancelli-le-loro-tracce\/\" \/>\n<meta property=\"og:locale\" content=\"it_IT\" \/>\n<meta property=\"og:type\" content=\"article\" \/>\n<meta property=\"og:title\" content=\"Prima che la pioggia del tempo cancelli le loro tracce - Rassegna Stampa Cattolica\" \/>\n<meta property=\"og:description\" content=\"Rassegna Stampa Cattolica - Per una cultura che nasce dalla Rivelazione cristiana in conformit\u00e0 alla tradizione e al Magistero della Chiesa in opposizione ad ogni relativismo e totalitarismo\" \/>\n<meta property=\"og:url\" content=\"https:\/\/www.rassegnastampa-totustuus.it\/cattolica\/prima-che-la-pioggia-del-tempo-cancelli-le-loro-tracce\/\" \/>\n<meta property=\"og:site_name\" content=\"Rassegna Stampa Cattolica\" \/>\n<meta property=\"article:publisher\" content=\"https:\/\/www.facebook.com\/rassegnastampacattolica\" \/>\n<meta property=\"article:published_time\" content=\"2014-03-08T21:37:28+00:00\" \/>\n<meta property=\"article:modified_time\" content=\"2015-06-11T14:35:07+00:00\" \/>\n<meta property=\"og:image\" content=\"https:\/\/www.rassegnastampa-totustuus.it\/cattolica\/wp-content\/uploads\/2014\/03\/spagnawar.jpg\" \/>\n\t<meta property=\"og:image:width\" content=\"259\" \/>\n\t<meta property=\"og:image:height\" content=\"194\" \/>\n\t<meta property=\"og:image:type\" content=\"image\/jpeg\" \/>\n<meta name=\"author\" content=\"Redazione\" \/>\n<meta name=\"twitter:card\" content=\"summary_large_image\" \/>\n<meta name=\"twitter:creator\" content=\"@rassegnastampa9\" \/>\n<meta name=\"twitter:site\" content=\"@rassegnastampa9\" \/>\n<meta name=\"twitter:label1\" content=\"Scritto da\" \/>\n\t<meta name=\"twitter:data1\" content=\"Redazione\" \/>\n\t<meta name=\"twitter:label2\" content=\"Tempo di lettura stimato\" \/>\n\t<meta name=\"twitter:data2\" content=\"5 minuti\" \/>\n<script type=\"application\/ld+json\" class=\"yoast-schema-graph\">{\"@context\":\"https:\\\/\\\/schema.org\",\"@graph\":[{\"@type\":\"Article\",\"@id\":\"https:\\\/\\\/www.rassegnastampa-totustuus.it\\\/cattolica\\\/prima-che-la-pioggia-del-tempo-cancelli-le-loro-tracce\\\/#article\",\"isPartOf\":{\"@id\":\"https:\\\/\\\/www.rassegnastampa-totustuus.it\\\/cattolica\\\/prima-che-la-pioggia-del-tempo-cancelli-le-loro-tracce\\\/\"},\"author\":{\"name\":\"Redazione\",\"@id\":\"https:\\\/\\\/www.rassegnastampa-totustuus.it\\\/cattolica\\\/#\\\/schema\\\/person\\\/08f319d2bd1a0904ad9e2bfb7b15e5c3\"},\"headline\":\"Prima che la pioggia del tempo cancelli le loro tracce\",\"datePublished\":\"2014-03-08T21:37:28+00:00\",\"dateModified\":\"2015-06-11T14:35:07+00:00\",\"mainEntityOfPage\":{\"@id\":\"https:\\\/\\\/www.rassegnastampa-totustuus.it\\\/cattolica\\\/prima-che-la-pioggia-del-tempo-cancelli-le-loro-tracce\\\/\"},\"wordCount\":973,\"publisher\":{\"@id\":\"https:\\\/\\\/www.rassegnastampa-totustuus.it\\\/cattolica\\\/#organization\"},\"image\":{\"@id\":\"https:\\\/\\\/www.rassegnastampa-totustuus.it\\\/cattolica\\\/prima-che-la-pioggia-del-tempo-cancelli-le-loro-tracce\\\/#primaryimage\"},\"thumbnailUrl\":\"https:\\\/\\\/www.rassegnastampa-totustuus.it\\\/cattolica\\\/wp-content\\\/uploads\\\/2014\\\/03\\\/spagnawar.jpg\",\"keywords\":[\"Guerra di Spagna\",\"libri\",\"persecuzioni\"],\"articleSection\":[\"Cristiani perseguitati\",\"Guerra di Spagna\",\"Libri\"],\"inLanguage\":\"it-IT\"},{\"@type\":\"WebPage\",\"@id\":\"https:\\\/\\\/www.rassegnastampa-totustuus.it\\\/cattolica\\\/prima-che-la-pioggia-del-tempo-cancelli-le-loro-tracce\\\/\",\"url\":\"https:\\\/\\\/www.rassegnastampa-totustuus.it\\\/cattolica\\\/prima-che-la-pioggia-del-tempo-cancelli-le-loro-tracce\\\/\",\"name\":\"Prima che la pioggia del tempo cancelli le loro tracce - Rassegna Stampa Cattolica\",\"isPartOf\":{\"@id\":\"https:\\\/\\\/www.rassegnastampa-totustuus.it\\\/cattolica\\\/#website\"},\"primaryImageOfPage\":{\"@id\":\"https:\\\/\\\/www.rassegnastampa-totustuus.it\\\/cattolica\\\/prima-che-la-pioggia-del-tempo-cancelli-le-loro-tracce\\\/#primaryimage\"},\"image\":{\"@id\":\"https:\\\/\\\/www.rassegnastampa-totustuus.it\\\/cattolica\\\/prima-che-la-pioggia-del-tempo-cancelli-le-loro-tracce\\\/#primaryimage\"},\"thumbnailUrl\":\"https:\\\/\\\/www.rassegnastampa-totustuus.it\\\/cattolica\\\/wp-content\\\/uploads\\\/2014\\\/03\\\/spagnawar.jpg\",\"datePublished\":\"2014-03-08T21:37:28+00:00\",\"dateModified\":\"2015-06-11T14:35:07+00:00\",\"description\":\"Rassegna Stampa Cattolica - Per una cultura che nasce dalla Rivelazione cristiana in conformit\u00e0 alla tradizione e al Magistero della Chiesa in opposizione ad ogni relativismo e totalitarismo\",\"breadcrumb\":{\"@id\":\"https:\\\/\\\/www.rassegnastampa-totustuus.it\\\/cattolica\\\/prima-che-la-pioggia-del-tempo-cancelli-le-loro-tracce\\\/#breadcrumb\"},\"inLanguage\":\"it-IT\",\"potentialAction\":[{\"@type\":\"ReadAction\",\"target\":[\"https:\\\/\\\/www.rassegnastampa-totustuus.it\\\/cattolica\\\/prima-che-la-pioggia-del-tempo-cancelli-le-loro-tracce\\\/\"]}]},{\"@type\":\"ImageObject\",\"inLanguage\":\"it-IT\",\"@id\":\"https:\\\/\\\/www.rassegnastampa-totustuus.it\\\/cattolica\\\/prima-che-la-pioggia-del-tempo-cancelli-le-loro-tracce\\\/#primaryimage\",\"url\":\"https:\\\/\\\/www.rassegnastampa-totustuus.it\\\/cattolica\\\/wp-content\\\/uploads\\\/2014\\\/03\\\/spagnawar.jpg\",\"contentUrl\":\"https:\\\/\\\/www.rassegnastampa-totustuus.it\\\/cattolica\\\/wp-content\\\/uploads\\\/2014\\\/03\\\/spagnawar.jpg\",\"width\":259,\"height\":194},{\"@type\":\"BreadcrumbList\",\"@id\":\"https:\\\/\\\/www.rassegnastampa-totustuus.it\\\/cattolica\\\/prima-che-la-pioggia-del-tempo-cancelli-le-loro-tracce\\\/#breadcrumb\",\"itemListElement\":[{\"@type\":\"ListItem\",\"position\":1,\"name\":\"Home\",\"item\":\"https:\\\/\\\/www.rassegnastampa-totustuus.it\\\/cattolica\\\/\"},{\"@type\":\"ListItem\",\"position\":2,\"name\":\"Prima che la pioggia del tempo cancelli le loro tracce\"}]},{\"@type\":\"WebSite\",\"@id\":\"https:\\\/\\\/www.rassegnastampa-totustuus.it\\\/cattolica\\\/#website\",\"url\":\"https:\\\/\\\/www.rassegnastampa-totustuus.it\\\/cattolica\\\/\",\"name\":\"Rassegna Stampa Cattolica\",\"description\":\"Per una cultura che nasce dalla Rivelazione cristiana in conformit\u00e0 alla tradizione e al Magistero della Chiesa in opposizione ad ogni relativismo e totalitarismo\",\"publisher\":{\"@id\":\"https:\\\/\\\/www.rassegnastampa-totustuus.it\\\/cattolica\\\/#organization\"},\"alternateName\":\"Rass. Cattolica\",\"potentialAction\":[{\"@type\":\"SearchAction\",\"target\":{\"@type\":\"EntryPoint\",\"urlTemplate\":\"https:\\\/\\\/www.rassegnastampa-totustuus.it\\\/cattolica\\\/?s={search_term_string}\"},\"query-input\":{\"@type\":\"PropertyValueSpecification\",\"valueRequired\":true,\"valueName\":\"search_term_string\"}}],\"inLanguage\":\"it-IT\"},{\"@type\":\"Organization\",\"@id\":\"https:\\\/\\\/www.rassegnastampa-totustuus.it\\\/cattolica\\\/#organization\",\"name\":\"Rassegna Stampa Cattolica\",\"url\":\"https:\\\/\\\/www.rassegnastampa-totustuus.it\\\/cattolica\\\/\",\"logo\":{\"@type\":\"ImageObject\",\"inLanguage\":\"it-IT\",\"@id\":\"https:\\\/\\\/www.rassegnastampa-totustuus.it\\\/cattolica\\\/#\\\/schema\\\/logo\\\/image\\\/\",\"url\":\"https:\\\/\\\/www.rassegnastampa-totustuus.it\\\/cattolica\\\/wp-content\\\/uploads\\\/2014\\\/04\\\/logo-rassegna1.gif\",\"contentUrl\":\"https:\\\/\\\/www.rassegnastampa-totustuus.it\\\/cattolica\\\/wp-content\\\/uploads\\\/2014\\\/04\\\/logo-rassegna1.gif\",\"width\":600,\"height\":163,\"caption\":\"Rassegna Stampa Cattolica\"},\"image\":{\"@id\":\"https:\\\/\\\/www.rassegnastampa-totustuus.it\\\/cattolica\\\/#\\\/schema\\\/logo\\\/image\\\/\"},\"sameAs\":[\"https:\\\/\\\/www.facebook.com\\\/rassegnastampacattolica\",\"https:\\\/\\\/x.com\\\/rassegnastampa9\"]},{\"@type\":\"Person\",\"@id\":\"https:\\\/\\\/www.rassegnastampa-totustuus.it\\\/cattolica\\\/#\\\/schema\\\/person\\\/08f319d2bd1a0904ad9e2bfb7b15e5c3\",\"name\":\"Redazione\",\"image\":{\"@type\":\"ImageObject\",\"inLanguage\":\"it-IT\",\"@id\":\"https:\\\/\\\/secure.gravatar.com\\\/avatar\\\/2fcdf27c78ea025fbdb44e914cc63c72249ffec9dc8aafd5c82b26240ef3f346?s=96&d=mm&r=g\",\"url\":\"https:\\\/\\\/secure.gravatar.com\\\/avatar\\\/2fcdf27c78ea025fbdb44e914cc63c72249ffec9dc8aafd5c82b26240ef3f346?s=96&d=mm&r=g\",\"contentUrl\":\"https:\\\/\\\/secure.gravatar.com\\\/avatar\\\/2fcdf27c78ea025fbdb44e914cc63c72249ffec9dc8aafd5c82b26240ef3f346?s=96&d=mm&r=g\",\"caption\":\"Redazione\"},\"url\":\"https:\\\/\\\/www.rassegnastampa-totustuus.it\\\/cattolica\\\/author\\\/pietroelle\\\/\"}]}<\/script>\n<!-- \/ Yoast SEO plugin. -->","yoast_head_json":{"title":"Prima che la pioggia del tempo cancelli le loro tracce - Rassegna Stampa Cattolica","description":"Rassegna Stampa Cattolica - Per una cultura che nasce dalla Rivelazione cristiana in conformit\u00e0 alla tradizione e al Magistero della Chiesa in opposizione ad ogni relativismo e totalitarismo","robots":{"index":"index","follow":"follow","max-snippet":"max-snippet:-1","max-image-preview":"max-image-preview:large","max-video-preview":"max-video-preview:-1"},"canonical":"https:\/\/www.rassegnastampa-totustuus.it\/cattolica\/prima-che-la-pioggia-del-tempo-cancelli-le-loro-tracce\/","og_locale":"it_IT","og_type":"article","og_title":"Prima che la pioggia del tempo cancelli le loro tracce - Rassegna Stampa Cattolica","og_description":"Rassegna Stampa Cattolica - Per una cultura che nasce dalla Rivelazione cristiana in conformit\u00e0 alla tradizione e al Magistero della Chiesa in opposizione ad ogni relativismo e totalitarismo","og_url":"https:\/\/www.rassegnastampa-totustuus.it\/cattolica\/prima-che-la-pioggia-del-tempo-cancelli-le-loro-tracce\/","og_site_name":"Rassegna Stampa Cattolica","article_publisher":"https:\/\/www.facebook.com\/rassegnastampacattolica","article_published_time":"2014-03-08T21:37:28+00:00","article_modified_time":"2015-06-11T14:35:07+00:00","og_image":[{"width":259,"height":194,"url":"https:\/\/www.rassegnastampa-totustuus.it\/cattolica\/wp-content\/uploads\/2014\/03\/spagnawar.jpg","type":"image\/jpeg"}],"author":"Redazione","twitter_card":"summary_large_image","twitter_creator":"@rassegnastampa9","twitter_site":"@rassegnastampa9","twitter_misc":{"Scritto da":"Redazione","Tempo di lettura stimato":"5 minuti"},"schema":{"@context":"https:\/\/schema.org","@graph":[{"@type":"Article","@id":"https:\/\/www.rassegnastampa-totustuus.it\/cattolica\/prima-che-la-pioggia-del-tempo-cancelli-le-loro-tracce\/#article","isPartOf":{"@id":"https:\/\/www.rassegnastampa-totustuus.it\/cattolica\/prima-che-la-pioggia-del-tempo-cancelli-le-loro-tracce\/"},"author":{"name":"Redazione","@id":"https:\/\/www.rassegnastampa-totustuus.it\/cattolica\/#\/schema\/person\/08f319d2bd1a0904ad9e2bfb7b15e5c3"},"headline":"Prima che la pioggia del tempo cancelli le loro tracce","datePublished":"2014-03-08T21:37:28+00:00","dateModified":"2015-06-11T14:35:07+00:00","mainEntityOfPage":{"@id":"https:\/\/www.rassegnastampa-totustuus.it\/cattolica\/prima-che-la-pioggia-del-tempo-cancelli-le-loro-tracce\/"},"wordCount":973,"publisher":{"@id":"https:\/\/www.rassegnastampa-totustuus.it\/cattolica\/#organization"},"image":{"@id":"https:\/\/www.rassegnastampa-totustuus.it\/cattolica\/prima-che-la-pioggia-del-tempo-cancelli-le-loro-tracce\/#primaryimage"},"thumbnailUrl":"https:\/\/www.rassegnastampa-totustuus.it\/cattolica\/wp-content\/uploads\/2014\/03\/spagnawar.jpg","keywords":["Guerra di Spagna","libri","persecuzioni"],"articleSection":["Cristiani perseguitati","Guerra di Spagna","Libri"],"inLanguage":"it-IT"},{"@type":"WebPage","@id":"https:\/\/www.rassegnastampa-totustuus.it\/cattolica\/prima-che-la-pioggia-del-tempo-cancelli-le-loro-tracce\/","url":"https:\/\/www.rassegnastampa-totustuus.it\/cattolica\/prima-che-la-pioggia-del-tempo-cancelli-le-loro-tracce\/","name":"Prima che la pioggia del tempo cancelli le loro tracce - Rassegna Stampa Cattolica","isPartOf":{"@id":"https:\/\/www.rassegnastampa-totustuus.it\/cattolica\/#website"},"primaryImageOfPage":{"@id":"https:\/\/www.rassegnastampa-totustuus.it\/cattolica\/prima-che-la-pioggia-del-tempo-cancelli-le-loro-tracce\/#primaryimage"},"image":{"@id":"https:\/\/www.rassegnastampa-totustuus.it\/cattolica\/prima-che-la-pioggia-del-tempo-cancelli-le-loro-tracce\/#primaryimage"},"thumbnailUrl":"https:\/\/www.rassegnastampa-totustuus.it\/cattolica\/wp-content\/uploads\/2014\/03\/spagnawar.jpg","datePublished":"2014-03-08T21:37:28+00:00","dateModified":"2015-06-11T14:35:07+00:00","description":"Rassegna Stampa Cattolica - Per una cultura che nasce dalla Rivelazione cristiana in conformit\u00e0 alla tradizione e al Magistero della Chiesa in opposizione ad ogni relativismo e totalitarismo","breadcrumb":{"@id":"https:\/\/www.rassegnastampa-totustuus.it\/cattolica\/prima-che-la-pioggia-del-tempo-cancelli-le-loro-tracce\/#breadcrumb"},"inLanguage":"it-IT","potentialAction":[{"@type":"ReadAction","target":["https:\/\/www.rassegnastampa-totustuus.it\/cattolica\/prima-che-la-pioggia-del-tempo-cancelli-le-loro-tracce\/"]}]},{"@type":"ImageObject","inLanguage":"it-IT","@id":"https:\/\/www.rassegnastampa-totustuus.it\/cattolica\/prima-che-la-pioggia-del-tempo-cancelli-le-loro-tracce\/#primaryimage","url":"https:\/\/www.rassegnastampa-totustuus.it\/cattolica\/wp-content\/uploads\/2014\/03\/spagnawar.jpg","contentUrl":"https:\/\/www.rassegnastampa-totustuus.it\/cattolica\/wp-content\/uploads\/2014\/03\/spagnawar.jpg","width":259,"height":194},{"@type":"BreadcrumbList","@id":"https:\/\/www.rassegnastampa-totustuus.it\/cattolica\/prima-che-la-pioggia-del-tempo-cancelli-le-loro-tracce\/#breadcrumb","itemListElement":[{"@type":"ListItem","position":1,"name":"Home","item":"https:\/\/www.rassegnastampa-totustuus.it\/cattolica\/"},{"@type":"ListItem","position":2,"name":"Prima che la pioggia del tempo cancelli le loro tracce"}]},{"@type":"WebSite","@id":"https:\/\/www.rassegnastampa-totustuus.it\/cattolica\/#website","url":"https:\/\/www.rassegnastampa-totustuus.it\/cattolica\/","name":"Rassegna Stampa Cattolica","description":"Per una cultura che nasce dalla Rivelazione cristiana in conformit\u00e0 alla tradizione e al Magistero della Chiesa in opposizione ad ogni relativismo e totalitarismo","publisher":{"@id":"https:\/\/www.rassegnastampa-totustuus.it\/cattolica\/#organization"},"alternateName":"Rass. Cattolica","potentialAction":[{"@type":"SearchAction","target":{"@type":"EntryPoint","urlTemplate":"https:\/\/www.rassegnastampa-totustuus.it\/cattolica\/?s={search_term_string}"},"query-input":{"@type":"PropertyValueSpecification","valueRequired":true,"valueName":"search_term_string"}}],"inLanguage":"it-IT"},{"@type":"Organization","@id":"https:\/\/www.rassegnastampa-totustuus.it\/cattolica\/#organization","name":"Rassegna Stampa Cattolica","url":"https:\/\/www.rassegnastampa-totustuus.it\/cattolica\/","logo":{"@type":"ImageObject","inLanguage":"it-IT","@id":"https:\/\/www.rassegnastampa-totustuus.it\/cattolica\/#\/schema\/logo\/image\/","url":"https:\/\/www.rassegnastampa-totustuus.it\/cattolica\/wp-content\/uploads\/2014\/04\/logo-rassegna1.gif","contentUrl":"https:\/\/www.rassegnastampa-totustuus.it\/cattolica\/wp-content\/uploads\/2014\/04\/logo-rassegna1.gif","width":600,"height":163,"caption":"Rassegna Stampa Cattolica"},"image":{"@id":"https:\/\/www.rassegnastampa-totustuus.it\/cattolica\/#\/schema\/logo\/image\/"},"sameAs":["https:\/\/www.facebook.com\/rassegnastampacattolica","https:\/\/x.com\/rassegnastampa9"]},{"@type":"Person","@id":"https:\/\/www.rassegnastampa-totustuus.it\/cattolica\/#\/schema\/person\/08f319d2bd1a0904ad9e2bfb7b15e5c3","name":"Redazione","image":{"@type":"ImageObject","inLanguage":"it-IT","@id":"https:\/\/secure.gravatar.com\/avatar\/2fcdf27c78ea025fbdb44e914cc63c72249ffec9dc8aafd5c82b26240ef3f346?s=96&d=mm&r=g","url":"https:\/\/secure.gravatar.com\/avatar\/2fcdf27c78ea025fbdb44e914cc63c72249ffec9dc8aafd5c82b26240ef3f346?s=96&d=mm&r=g","contentUrl":"https:\/\/secure.gravatar.com\/avatar\/2fcdf27c78ea025fbdb44e914cc63c72249ffec9dc8aafd5c82b26240ef3f346?s=96&d=mm&r=g","caption":"Redazione"},"url":"https:\/\/www.rassegnastampa-totustuus.it\/cattolica\/author\/pietroelle\/"}]}},"_links":{"self":[{"href":"https:\/\/www.rassegnastampa-totustuus.it\/cattolica\/wp-json\/wp\/v2\/posts\/6182","targetHints":{"allow":["GET"]}}],"collection":[{"href":"https:\/\/www.rassegnastampa-totustuus.it\/cattolica\/wp-json\/wp\/v2\/posts"}],"about":[{"href":"https:\/\/www.rassegnastampa-totustuus.it\/cattolica\/wp-json\/wp\/v2\/types\/post"}],"author":[{"embeddable":true,"href":"https:\/\/www.rassegnastampa-totustuus.it\/cattolica\/wp-json\/wp\/v2\/users\/6"}],"replies":[{"embeddable":true,"href":"https:\/\/www.rassegnastampa-totustuus.it\/cattolica\/wp-json\/wp\/v2\/comments?post=6182"}],"version-history":[{"count":4,"href":"https:\/\/www.rassegnastampa-totustuus.it\/cattolica\/wp-json\/wp\/v2\/posts\/6182\/revisions"}],"predecessor-version":[{"id":26135,"href":"https:\/\/www.rassegnastampa-totustuus.it\/cattolica\/wp-json\/wp\/v2\/posts\/6182\/revisions\/26135"}],"wp:featuredmedia":[{"embeddable":true,"href":"https:\/\/www.rassegnastampa-totustuus.it\/cattolica\/wp-json\/wp\/v2\/media\/6814"}],"wp:attachment":[{"href":"https:\/\/www.rassegnastampa-totustuus.it\/cattolica\/wp-json\/wp\/v2\/media?parent=6182"}],"wp:term":[{"taxonomy":"category","embeddable":true,"href":"https:\/\/www.rassegnastampa-totustuus.it\/cattolica\/wp-json\/wp\/v2\/categories?post=6182"},{"taxonomy":"post_tag","embeddable":true,"href":"https:\/\/www.rassegnastampa-totustuus.it\/cattolica\/wp-json\/wp\/v2\/tags?post=6182"}],"curies":[{"name":"wp","href":"https:\/\/api.w.org\/{rel}","templated":true}]}}