{"id":61811,"date":"2024-12-25T20:47:23","date_gmt":"2024-12-25T19:47:23","guid":{"rendered":"https:\/\/www.rassegnastampa-totustuus.it\/cattolica\/?p=61811"},"modified":"2025-01-29T15:51:00","modified_gmt":"2025-01-29T14:51:00","slug":"le-trame-di-cavour-per-conquistare-il-meridione","status":"publish","type":"post","link":"https:\/\/www.rassegnastampa-totustuus.it\/cattolica\/le-trame-di-cavour-per-conquistare-il-meridione\/","title":{"rendered":"Le trame di Cavour per conquistare il Meridione"},"content":{"rendered":"\n<p><span style=\"color: #0000ff;\"><strong><span style=\"color: #000000;\">Abstract<\/span>: <\/strong><em><span style=\"color: #000000;\">le trame di Cavour per conquistare il Meridione con i plebisciti manipolati. Inoltre i loschi affari di faccendieri che si arricchirono ai danni del Sud dopo essersi prodigati con la corruzione e il malaffare a rovesciate i Borboni dal loro trono legittimo schiacciando con la forza dell&#8217;occupante ogni tentativo dei sudditi delle Due Sicilie di salvaguardare la propria indipendenza <\/span><\/em><\/span><\/p>\n\n\n<div class=\"wp-block-image\">\n<figure class=\"aligncenter size-full is-resized\"><a href=\"https:\/\/www.rassegnastampa-totustuus.it\/cattolica\/wp-content\/uploads\/2024\/12\/Cavour_risorgimento_italia.jpg\"><img loading=\"lazy\" decoding=\"async\" width=\"314\" height=\"161\" src=\"https:\/\/www.rassegnastampa-totustuus.it\/cattolica\/wp-content\/uploads\/2024\/12\/Cavour_risorgimento_italia.jpg\" alt=\"\" class=\"wp-image-62050\" style=\"width:452px;height:auto\"\/><\/a><\/figure><\/div>\n\n\n<!--more-->\n\n\n\n<p class=\"has-text-align-center\"><span style=\"color: #0000ff;\"><strong><a style=\"color: #0000ff;\" href=\"https:\/\/www.quotidianodigela.it\/\" target=\"_blank\" rel=\"noopener\">Quotidiano di Gela<\/a> <\/strong><\/span><span style=\"color: #000000;\">26 Gennaio 2023 <\/span><\/p>\n\n\n\n<h3 class=\"wp-block-heading has-text-align-center\"><span style=\"color: #000000;\">\u201cJ.A.\u201d, l\u2019agente segreto di Cavour e l\u2019archivio misterioso<\/span><\/h3>\n\n\n\n<h3 class=\"wp-block-heading has-text-align-center\"><span style=\"color: #000000;\"> per conquistare il meridione <\/span><\/h3>\n\n\n\n<p class=\"has-text-align-center\"><span style=\"color: #000000;\">di <strong>Luigi Maganuco<\/strong> <\/span><\/p>\n\n\n<div class=\"wp-block-image\">\n<figure class=\"aligncenter size-full\"><a href=\"https:\/\/www.rassegnastampa-totustuus.it\/cattolica\/wp-content\/uploads\/2005\/09\/Cavour.jpg\"><img loading=\"lazy\" decoding=\"async\" width=\"199\" height=\"253\" src=\"https:\/\/www.rassegnastampa-totustuus.it\/cattolica\/wp-content\/uploads\/2005\/09\/Cavour.jpg\" alt=\"\" class=\"wp-image-29686\"\/><\/a><\/figure><\/div>\n\n\n<p><span style=\"color: #000000;\"><strong>Gela.<\/strong> Vogliamo raccontare del periodo di voto del plebiscito per l\u2019adesione al regno d\u2019Italia delle regioni che ancora non avevano aderito. Durante le operazioni di voto, Cavour si comport\u00f2 in modo cos\u00ec maldestro che, alla fine dello scrutinio, risultarono pi\u00f9 votanti che elettori aventi diritto e si aggiust\u00f2 il tutto con i verbali.<\/span><\/p>\n\n\n\n<p><span style=\"color: #000000;\">I votanti nell\u2019Emilia non furono pi\u00f9 dei quattro quinti degli abitanti che si avvicinarono alle urne. L\u2019agente di Cavour J.A., incaricato di seguire le operazioni di voto, era al corrente dei fatti che servivano a lui per portarli a conoscenza della Francia.<\/span><\/p>\n\n\n\n<p><span style=\"color: #000000;\">Come erano andate le cose che riguardavano le manifestazioni del suffragio che fu organizzato dagli agenti segreti di Cavour, questi si svolsero nella forma voluta dal torinese e furono rispettati tutti i canoni stabiliti dal grande stratega.<\/span><\/p>\n\n\n\n<p><span style=\"color: #000000;\">Tutti i manifesti venivano stampati dai piemontesi a Torino con la scritta \u201cViva l\u2019indipendenza italiana\u201d e \u201cVogliamo per nostro legittimo re Vittorio Emanuele II\u201d.<\/span><\/p>\n\n\n\n<p><span style=\"color: #000000;\">Questi manifesti stampati a Torino, venivano inviati a Napoli agli agenti di Cavour che li collocavano nei balconi e nelle finestre della citt\u00e0. In Toscana e Parma e nelle province annesse con plebiscito al regno Sabaudo, la procedura di annessione era sempre la stessa. Dopo avere terminato con successo la procedura di annessione, il signor Farina torna a Torino e, da Cavour, viene nominato ministro dell\u2019interno.<\/span><\/p>\n\n\n<div class=\"wp-block-image\">\n<figure class=\"aligncenter size-full is-resized\"><a href=\"https:\/\/www.rassegnastampa-totustuus.it\/cattolica\/wp-content\/uploads\/2024\/12\/risorgimento_cavour.jpg\"><img loading=\"lazy\" decoding=\"async\" width=\"254\" height=\"198\" src=\"https:\/\/www.rassegnastampa-totustuus.it\/cattolica\/wp-content\/uploads\/2024\/12\/risorgimento_cavour.jpg\" alt=\"\" class=\"wp-image-61973\" style=\"width:406px;height:auto\"\/><\/a><\/figure><\/div>\n\n\n<p><span style=\"color: #000000;\">In alcune raccolte dei suoi racconti, Alessandro Dumas asserisce che Bertani, segretario di Garibaldi a Genova nella qualit\u00e0 di semplice ufficiale di sanit\u00e0 guadagnava 1 franco e 50 centesimi fino al 1861, con Garibaldi diviene Colonnello di Stato Maggiore e la sua fortuna raggiunge la cifra record di 14 milioni. Dei 4 milioni non si conoscono le origini, ma sicuramente furono la mancia che Bertani pretese dai banchieri Adamo e Camp di Livorno a cui fu accordata una concessione ferroviaria di rilevante importo e molto richiesta.<\/span><\/p>\n\n\n\n<p><span style=\"color: #000000;\">Sicuramente non \u00e8 scopo di questo lavoro, portare a conoscenza dei lettori le luogotenenze di Farini, di Nigra e di San Martino legati a Garibaldi e Cavour per scoprire i loschi affari dei salvatori del mezzogiorno italiano e dell\u2019unit\u00e0 d\u2019Italia mai fatta. Molti documenti, lettere sono rimasti nelle mani dell\u2019agente J.A. che si trovava a Napoli quando a Torino si celebrava nel 1861 il processo alla banda della Cocca.<\/span><\/p>\n\n\n\n<h4 class=\"wp-block-heading has-text-align-center\"><span style=\"color: #000000;\"><strong>Regno di Cavour.<\/strong><\/span><\/h4>\n\n\n\n<p><span style=\"color: #000000;\">Il pentito Cibolla voleva che venisse chiamato a testimoniare Filippo Curletti. Forse era proprio Curletti il misterioso personaggio che si nascondeva dietro la sigla J.A. che nel 1862 aveva firmato l\u2019atto di accusa nei confronti delle cosche, dei Savoia e del Governo piemontese?<\/span><\/p>\n\n\n\n<p><span style=\"color: #000000;\">I servizi segreti italiani cercavano dove potessero essere nascoste le carte e il suo archivio? agiva da solo? Era manovrato da potenze straniere? Bisognava sapere in tutta fretta dove si trovasse l\u2019archivio segreto e in quale citt\u00e0 per disinnescare quella micidiale arma per ricattare il regno unitario e il suo governo.<\/span><\/p>\n\n\n<div class=\"wp-block-image\">\n<figure class=\"aligncenter size-full is-resized\"><a href=\"https:\/\/www.rassegnastampa-totustuus.it\/cattolica\/wp-content\/uploads\/2011\/07\/Risorgimento.jpg\"><img loading=\"lazy\" decoding=\"async\" width=\"285\" height=\"304\" src=\"https:\/\/www.rassegnastampa-totustuus.it\/cattolica\/wp-content\/uploads\/2011\/07\/Risorgimento.jpg\" alt=\"\" class=\"wp-image-28332\" style=\"width:383px;height:auto\" srcset=\"https:\/\/www.rassegnastampa-totustuus.it\/cattolica\/wp-content\/uploads\/2011\/07\/Risorgimento.jpg 285w, https:\/\/www.rassegnastampa-totustuus.it\/cattolica\/wp-content\/uploads\/2011\/07\/Risorgimento-281x300.jpg 281w\" sizes=\"auto, (max-width: 285px) 100vw, 285px\" \/><\/a><\/figure><\/div>\n\n\n<p><span style=\"color: #000000;\">La ricerca di Curletti non \u00e8 molto chiara ma \u00e8 certo che Adriano Colocci Vespucci, nelle sue ricerche, si era imbattuto in Griscelli, famoso personaggio barone di Rimini di cui ne aveva seguito i movimenti in tutta l\u2019Europa.<\/span><\/p>\n\n\n\n<p><span style=\"color: #000000;\">Il Griscelli, uomo dai diversi profili, spadaccino, uomo d\u2019armi che faceva di tutta l\u2019erba un fascio, era capace di qualsiasi baldoria e disposto soprattutto a lasciarsi arruolare da chiunque purch\u00e8 venisse pagato. Il primo a parlarne fu Victor Hug\u00f2 nella sua storia di un crimine.<\/span><\/p>\n\n\n\n<p><span style=\"color: #000000;\">Sembra che il Corso Giacomo Francesco Griscelli venisse assunto per uccidere il poeta francese che dava fastidio e pagato con 25.000 franchi sborsati da Pietro Maria Pietrocogo della squadra Corsa (guardia pretoriana di Napoleone III).<\/span><\/p>\n\n\n\n<p><span style=\"color: #000000;\">Questi avevano ricevuto l\u2019ordine di tenere sotto controllo i Mazziniani cospiratori italiani che trovavano rifugio a Parigi. Griscelli fino al 1858 era stato tenuto in considerazione da Napoleone III, ma dopo il fallito attentato di Felice Orsini contro Napoleone III fu costretto a fuggire a Londra e poi a Vienna, coperto dalla polizia Austriaca.<\/span><\/p>\n\n\n\n<p><span style=\"color: #000000;\">La protezione fu scoperta tra le pagine di Romualdo Bonfadini parlamentare del Regno d\u2019Italia tra il 1867 e il 1896 e autore del libro \u201cla vita di Francesco Arese.\u201d Tutte queste informazioni del Piemonte e della Svizzera servivano al conte Buol Seshauenstein. Il conte si serviva delle informazioni per sorvegliare le mosse dei cospiratori Italiani e controllare la \u201csua\u201d polizia. Questo conte aveva ramificazione a Londra, Parigi e Svizzera.<\/span><\/p>\n\n\n<div class=\"wp-block-image\">\n<figure class=\"aligncenter size-large is-resized\"><a href=\"https:\/\/www.rassegnastampa-totustuus.it\/cattolica\/wp-content\/uploads\/2020\/07\/Italia_borboni_risorgimento.png\"><img loading=\"lazy\" decoding=\"async\" width=\"1024\" height=\"683\" src=\"https:\/\/www.rassegnastampa-totustuus.it\/cattolica\/wp-content\/uploads\/2020\/07\/Italia_borboni_risorgimento-1024x683.png\" alt=\"\" class=\"wp-image-47935\" style=\"width:443px;height:auto\" srcset=\"https:\/\/www.rassegnastampa-totustuus.it\/cattolica\/wp-content\/uploads\/2020\/07\/Italia_borboni_risorgimento-1024x683.png 1024w, https:\/\/www.rassegnastampa-totustuus.it\/cattolica\/wp-content\/uploads\/2020\/07\/Italia_borboni_risorgimento-300x200.png 300w, https:\/\/www.rassegnastampa-totustuus.it\/cattolica\/wp-content\/uploads\/2020\/07\/Italia_borboni_risorgimento-768x512.png 768w, https:\/\/www.rassegnastampa-totustuus.it\/cattolica\/wp-content\/uploads\/2020\/07\/Italia_borboni_risorgimento.png 1200w\" sizes=\"auto, (max-width: 1024px) 100vw, 1024px\" \/><\/a><\/figure><\/div>\n\n\n<p><span style=\"color: #000000;\">Un capo era un agente segreto nominato a Torino. L\u2019Italia aveva contatti molto stretti con la donna di un sospettato spione Austriaco che trasferiva le informazioni all\u2019italiano Giacomo Marchisio, legato a Filippo Curletti, agente di Cavour.<\/span><\/p>\n\n\n\n<p><span style=\"color: #000000;\">Il Criscelli si sposta in Italia e a Pesaro e nel 1859 si trasferisce a Torino per mettersi al servizio di Cavour. Colocci, Griscelli e Filippo Curletti si conoscevano perch\u00e9 dopo il processo alla Cocca si erano ritrovati a Ginevra. Il Griscelli aveva convinto l\u2019italiano a farsi consegnare il suo archivio, dietro pagamento del monsignor Mermillod di Ginevra.<\/span><\/p>\n\n\n\n<p><span style=\"color: #000000;\">Sembra che dietro la sigla di J.A. si nascondessero i nomi di Griscelli e di Gorletti. La collaborazione di questi uomini si interruppe quando il corso che aveva servito Napoleone III, Austria, Inghilterra e Cavour contemporaneamente venne individuato dagli agenti segreti. Con il tempo \u00e8 calata una coltre d\u2019oblio sulle persone e sui fatti.<\/span><\/p>\n\n\n\n<p><span style=\"color: #000000;\">Nessuno sa dove sia finito l\u2019archivio di Curletti e Colucci. Forse assassinati. Tutta questa ricerca, per dimostrare ancona una volta come i nostri salvatori impegnati a distruggere i Borboni si sono prodigati con le armi e con il malaffare a cancellare i nostri 126 anni di storia, compresa la nostra civilt\u00e0, per unificare l\u2019Italia, ancora disunita. Unificazione fatta semplicemente a spese del meridione economicamente e socialmente.<\/span><\/p>\n\n\n<div class=\"wp-block-image\">\n<figure class=\"aligncenter size-large is-resized\"><a href=\"https:\/\/www.rassegnastampa-totustuus.it\/cattolica\/wp-content\/uploads\/2019\/11\/Risorgimento_garibaldini.jpg\"><img loading=\"lazy\" decoding=\"async\" width=\"1024\" height=\"608\" src=\"https:\/\/www.rassegnastampa-totustuus.it\/cattolica\/wp-content\/uploads\/2019\/11\/Risorgimento_garibaldini-1024x608.jpg\" alt=\"\" class=\"wp-image-45170\" style=\"width:446px;height:auto\" srcset=\"https:\/\/www.rassegnastampa-totustuus.it\/cattolica\/wp-content\/uploads\/2019\/11\/Risorgimento_garibaldini-1024x608.jpg 1024w, https:\/\/www.rassegnastampa-totustuus.it\/cattolica\/wp-content\/uploads\/2019\/11\/Risorgimento_garibaldini-300x178.jpg 300w, https:\/\/www.rassegnastampa-totustuus.it\/cattolica\/wp-content\/uploads\/2019\/11\/Risorgimento_garibaldini-768x456.jpg 768w\" sizes=\"auto, (max-width: 1024px) 100vw, 1024px\" \/><\/a><\/figure><\/div>\n\n\n<p><span style=\"color: #000000;\">Questi sono stati i grandi sacrifici dei ladri piemontesi e tosco-padani del risorgimento italiano. Oggi si vantano di possedere infrastrutture e risorse economiche di vario tipo sottratte spudoratamente al meridione relegato a regione colonizzata al servizio dei signori del nord.<\/span><\/p>\n\n\n\n<p><span style=\"color: #000000;\">In questi ultimi quasi 200 anni, loro hanno acquisito e traferito al nord tutto quello che materialmente \u00e8 stato possibile trasferire, giustificato sempre dalla loro cultura avanzata rispetto agli uomini del sud, rimasti mafiosi e ignoranti, dopo il 1860.<\/span><\/p>\n\n\n\n<p><span style=\"color: #000000;\">Il loro progresso non ha limiti, ogni piccolo centro del nord \u00e8 servito di autostrade e strutture produttive tanto che le televisioni non possono fare a meno di informare i cittadini settentrionali nella rubrica \u201cviaggiare informati sulle autostrade dell\u2019Italia\u201d, dimenticando che si tratta solo di autostrade costruite al nord anche con i soldi destinati al sud.<\/span><\/p>\n\n\n\n<p><span style=\"color: #000000;\">La giustificazione \u00e8 sempre la stessa \u201cil meridione incolto e mafioso non pu\u00f2 ospitare strutture tecnologicamente avanzate perch\u00e9 non ha manodopera specializzata\u201d. I nostri politici prezzolati e venduti ai politici del nord non si scandalizzano di questi soprusi, anzi sono i primi a giustificarli.<\/span><\/p>\n\n\n<div class=\"wp-block-image\">\n<figure class=\"aligncenter size-full is-resized\"><a href=\"https:\/\/www.rassegnastampa-totustuus.it\/cattolica\/wp-content\/uploads\/2005\/09\/Regno_sud.jpg\"><img loading=\"lazy\" decoding=\"async\" width=\"215\" height=\"188\" src=\"https:\/\/www.rassegnastampa-totustuus.it\/cattolica\/wp-content\/uploads\/2005\/09\/Regno_sud.jpg\" alt=\"\" class=\"wp-image-28067\" style=\"width:319px;height:auto\"\/><\/a><\/figure><\/div>\n\n\n<p><span style=\"color: #000000;\">Un esempio eclatante \u00e8 la costruzione del ponte sullo stretto di Messina considerato inutile per il mezzogiorno perch\u00e8 superfluo. Ogni tanto viene proposto da Berlusconi ma subito stoppato da tutti i politici del sud in prima battuta, uomini di grande ingegno che si accorgono del grande investimento non adatto al mezzogiorno poi dagli altri con la giustificazione che dobbiamo fare cose prioritarie e non vale la pena spendere soldi cos\u00ec importanti per un ponte quasi inutile.<\/span><\/p>\n\n\n\n<p><span style=\"color: #000000;\">Cos\u00ec continuiamo ad aspettare i grossi investimenti, mentre i piccoli vengono scartati. Come il cane che si morde la coda, non facciamo le autostrade perch\u00e9 dispendiose ma nemmeno le strade necessarie perch\u00e9 inutili per il meridione incolto e arretrato. Cos\u00ec continuiamo a vivere da paese colonizzato senza nessuna pretesa di sviluppo. Per noi tutto \u00e8 superfluo, chiaramente oltre il pane ritenuto necessario dai nostri benefattori.<\/span><\/p>\n\n\n\n<p class=\"has-text-align-center\"><span style=\"color: #000000;\">(Giovanni Fasanella e Antonella Grippo <em>1861 la storia del risorgimento che non c\u2019\u00e8 sui libri di storia<\/em>)<\/span><\/p>\n\n\n\n<p>____________________________________________<\/p>\n\n\n\n<p><span style=\"color: #000000;\"><strong>Leggi anche:<\/strong><\/span><\/p>\n\n\n\n<p><a href=\"https:\/\/www.rassegnastampa-totustuus.it\/cattolica\/il-risorgimento-una-rivolta-tutta-in-favore-degli-interessi-materiali\/\" target=\"_blank\" rel=\"noopener\"><span style=\"color: #0000ff;\">Il Risorgimento? Una rivolta tutta in favore degli interessi materiali<\/span><\/a><\/p>\n\n\n\n<p><\/p>\n","protected":false},"excerpt":{"rendered":"<p>le trame di Cavour per conquistare il Meridione con i plebisciti manipolati. Inoltre i loschi affari di faccendieri che si arricchirono ai danni del Sud dopo essersi prodigati con la corruzione e il malaffare a rovesciate i Borboni dal loro trono legittimo<\/p>\n","protected":false},"author":6,"featured_media":28332,"comment_status":"closed","ping_status":"closed","sticky":false,"template":"","format":"standard","meta":{"footnotes":""},"categories":[101,24,96],"tags":[1021,1024,1415,1029],"class_list":["post-61811","post","type-post","status-publish","format-standard","has-post-thumbnail","hentry","category-risorgimento","category-storia","category-storia-italiana","tag-camillo-benso-conte-di-cavour","tag-meridione","tag-mezzogiorno-ditalia","tag-regno-delle-due-sicilie","item-wrap"],"yoast_head":"<!-- This site is optimized with the Yoast SEO plugin v27.5 - https:\/\/yoast.com\/product\/yoast-seo-wordpress\/ -->\n<title>Le trame di Cavour per conquistare il Meridione - Rassegna Stampa Cattolica<\/title>\n<meta name=\"description\" content=\"Le trame di Cavour per conquistare il Meridione con i plebisciti manipolati e i loschi affari ai dannidel Sud\" \/>\n<meta name=\"robots\" content=\"index, follow, max-snippet:-1, max-image-preview:large, max-video-preview:-1\" \/>\n<link rel=\"canonical\" href=\"https:\/\/www.rassegnastampa-totustuus.it\/cattolica\/le-trame-di-cavour-per-conquistare-il-meridione\/\" \/>\n<meta property=\"og:locale\" content=\"it_IT\" \/>\n<meta property=\"og:type\" content=\"article\" \/>\n<meta property=\"og:title\" content=\"Le trame di Cavour per conquistare il Meridione - Rassegna Stampa Cattolica\" \/>\n<meta property=\"og:description\" content=\"Le trame di Cavour per conquistare il Meridione con i plebisciti manipolati e i loschi affari ai dannidel Sud\" \/>\n<meta property=\"og:url\" content=\"https:\/\/www.rassegnastampa-totustuus.it\/cattolica\/le-trame-di-cavour-per-conquistare-il-meridione\/\" \/>\n<meta property=\"og:site_name\" content=\"Rassegna Stampa Cattolica\" \/>\n<meta property=\"article:publisher\" content=\"https:\/\/www.facebook.com\/rassegnastampacattolica\" \/>\n<meta property=\"article:published_time\" content=\"2024-12-25T19:47:23+00:00\" \/>\n<meta property=\"article:modified_time\" content=\"2025-01-29T14:51:00+00:00\" \/>\n<meta property=\"og:image\" content=\"https:\/\/www.rassegnastampa-totustuus.it\/cattolica\/wp-content\/uploads\/2011\/07\/Risorgimento.jpg\" \/>\n\t<meta property=\"og:image:width\" content=\"285\" \/>\n\t<meta property=\"og:image:height\" content=\"304\" \/>\n\t<meta property=\"og:image:type\" content=\"image\/jpeg\" \/>\n<meta name=\"author\" content=\"Redazione\" \/>\n<meta name=\"twitter:card\" content=\"summary_large_image\" \/>\n<meta name=\"twitter:creator\" content=\"@rassegnastampa9\" \/>\n<meta name=\"twitter:site\" content=\"@rassegnastampa9\" \/>\n<meta name=\"twitter:label1\" content=\"Scritto da\" \/>\n\t<meta name=\"twitter:data1\" content=\"Redazione\" \/>\n\t<meta name=\"twitter:label2\" content=\"Tempo di lettura stimato\" \/>\n\t<meta name=\"twitter:data2\" content=\"9 minuti\" \/>\n<script type=\"application\/ld+json\" class=\"yoast-schema-graph\">{\"@context\":\"https:\\\/\\\/schema.org\",\"@graph\":[{\"@type\":\"Article\",\"@id\":\"https:\\\/\\\/www.rassegnastampa-totustuus.it\\\/cattolica\\\/le-trame-di-cavour-per-conquistare-il-meridione\\\/#article\",\"isPartOf\":{\"@id\":\"https:\\\/\\\/www.rassegnastampa-totustuus.it\\\/cattolica\\\/le-trame-di-cavour-per-conquistare-il-meridione\\\/\"},\"author\":{\"name\":\"Redazione\",\"@id\":\"https:\\\/\\\/www.rassegnastampa-totustuus.it\\\/cattolica\\\/#\\\/schema\\\/person\\\/08f319d2bd1a0904ad9e2bfb7b15e5c3\"},\"headline\":\"Le trame di Cavour per conquistare il Meridione\",\"datePublished\":\"2024-12-25T19:47:23+00:00\",\"dateModified\":\"2025-01-29T14:51:00+00:00\",\"mainEntityOfPage\":{\"@id\":\"https:\\\/\\\/www.rassegnastampa-totustuus.it\\\/cattolica\\\/le-trame-di-cavour-per-conquistare-il-meridione\\\/\"},\"wordCount\":1371,\"publisher\":{\"@id\":\"https:\\\/\\\/www.rassegnastampa-totustuus.it\\\/cattolica\\\/#organization\"},\"image\":{\"@id\":\"https:\\\/\\\/www.rassegnastampa-totustuus.it\\\/cattolica\\\/le-trame-di-cavour-per-conquistare-il-meridione\\\/#primaryimage\"},\"thumbnailUrl\":\"https:\\\/\\\/www.rassegnastampa-totustuus.it\\\/cattolica\\\/wp-content\\\/uploads\\\/2011\\\/07\\\/Risorgimento.jpg\",\"keywords\":[\"Camillo Benso conte di Cavour\",\"meridione\",\"Mezzogiorno d'Italia\",\"Regno delle Due Sicilie\"],\"articleSection\":[\"Risorgimento\",\"Storia\",\"Storia italiana\"],\"inLanguage\":\"it-IT\"},{\"@type\":\"WebPage\",\"@id\":\"https:\\\/\\\/www.rassegnastampa-totustuus.it\\\/cattolica\\\/le-trame-di-cavour-per-conquistare-il-meridione\\\/\",\"url\":\"https:\\\/\\\/www.rassegnastampa-totustuus.it\\\/cattolica\\\/le-trame-di-cavour-per-conquistare-il-meridione\\\/\",\"name\":\"Le trame di Cavour per conquistare il Meridione - Rassegna Stampa Cattolica\",\"isPartOf\":{\"@id\":\"https:\\\/\\\/www.rassegnastampa-totustuus.it\\\/cattolica\\\/#website\"},\"primaryImageOfPage\":{\"@id\":\"https:\\\/\\\/www.rassegnastampa-totustuus.it\\\/cattolica\\\/le-trame-di-cavour-per-conquistare-il-meridione\\\/#primaryimage\"},\"image\":{\"@id\":\"https:\\\/\\\/www.rassegnastampa-totustuus.it\\\/cattolica\\\/le-trame-di-cavour-per-conquistare-il-meridione\\\/#primaryimage\"},\"thumbnailUrl\":\"https:\\\/\\\/www.rassegnastampa-totustuus.it\\\/cattolica\\\/wp-content\\\/uploads\\\/2011\\\/07\\\/Risorgimento.jpg\",\"datePublished\":\"2024-12-25T19:47:23+00:00\",\"dateModified\":\"2025-01-29T14:51:00+00:00\",\"description\":\"Le trame di Cavour per conquistare il Meridione con i plebisciti manipolati e i loschi affari ai dannidel Sud\",\"breadcrumb\":{\"@id\":\"https:\\\/\\\/www.rassegnastampa-totustuus.it\\\/cattolica\\\/le-trame-di-cavour-per-conquistare-il-meridione\\\/#breadcrumb\"},\"inLanguage\":\"it-IT\",\"potentialAction\":[{\"@type\":\"ReadAction\",\"target\":[\"https:\\\/\\\/www.rassegnastampa-totustuus.it\\\/cattolica\\\/le-trame-di-cavour-per-conquistare-il-meridione\\\/\"]}]},{\"@type\":\"ImageObject\",\"inLanguage\":\"it-IT\",\"@id\":\"https:\\\/\\\/www.rassegnastampa-totustuus.it\\\/cattolica\\\/le-trame-di-cavour-per-conquistare-il-meridione\\\/#primaryimage\",\"url\":\"https:\\\/\\\/www.rassegnastampa-totustuus.it\\\/cattolica\\\/wp-content\\\/uploads\\\/2011\\\/07\\\/Risorgimento.jpg\",\"contentUrl\":\"https:\\\/\\\/www.rassegnastampa-totustuus.it\\\/cattolica\\\/wp-content\\\/uploads\\\/2011\\\/07\\\/Risorgimento.jpg\",\"width\":285,\"height\":304},{\"@type\":\"BreadcrumbList\",\"@id\":\"https:\\\/\\\/www.rassegnastampa-totustuus.it\\\/cattolica\\\/le-trame-di-cavour-per-conquistare-il-meridione\\\/#breadcrumb\",\"itemListElement\":[{\"@type\":\"ListItem\",\"position\":1,\"name\":\"Home\",\"item\":\"https:\\\/\\\/www.rassegnastampa-totustuus.it\\\/cattolica\\\/\"},{\"@type\":\"ListItem\",\"position\":2,\"name\":\"Le trame di Cavour per conquistare il Meridione\"}]},{\"@type\":\"WebSite\",\"@id\":\"https:\\\/\\\/www.rassegnastampa-totustuus.it\\\/cattolica\\\/#website\",\"url\":\"https:\\\/\\\/www.rassegnastampa-totustuus.it\\\/cattolica\\\/\",\"name\":\"Rassegna Stampa Cattolica\",\"description\":\"Per una cultura che nasce dalla Rivelazione cristiana in conformit\u00e0 alla tradizione e al Magistero della Chiesa in opposizione ad ogni relativismo e totalitarismo\",\"publisher\":{\"@id\":\"https:\\\/\\\/www.rassegnastampa-totustuus.it\\\/cattolica\\\/#organization\"},\"alternateName\":\"Rass. Cattolica\",\"potentialAction\":[{\"@type\":\"SearchAction\",\"target\":{\"@type\":\"EntryPoint\",\"urlTemplate\":\"https:\\\/\\\/www.rassegnastampa-totustuus.it\\\/cattolica\\\/?s={search_term_string}\"},\"query-input\":{\"@type\":\"PropertyValueSpecification\",\"valueRequired\":true,\"valueName\":\"search_term_string\"}}],\"inLanguage\":\"it-IT\"},{\"@type\":\"Organization\",\"@id\":\"https:\\\/\\\/www.rassegnastampa-totustuus.it\\\/cattolica\\\/#organization\",\"name\":\"Rassegna Stampa Cattolica\",\"url\":\"https:\\\/\\\/www.rassegnastampa-totustuus.it\\\/cattolica\\\/\",\"logo\":{\"@type\":\"ImageObject\",\"inLanguage\":\"it-IT\",\"@id\":\"https:\\\/\\\/www.rassegnastampa-totustuus.it\\\/cattolica\\\/#\\\/schema\\\/logo\\\/image\\\/\",\"url\":\"https:\\\/\\\/www.rassegnastampa-totustuus.it\\\/cattolica\\\/wp-content\\\/uploads\\\/2014\\\/04\\\/logo-rassegna1.gif\",\"contentUrl\":\"https:\\\/\\\/www.rassegnastampa-totustuus.it\\\/cattolica\\\/wp-content\\\/uploads\\\/2014\\\/04\\\/logo-rassegna1.gif\",\"width\":600,\"height\":163,\"caption\":\"Rassegna Stampa Cattolica\"},\"image\":{\"@id\":\"https:\\\/\\\/www.rassegnastampa-totustuus.it\\\/cattolica\\\/#\\\/schema\\\/logo\\\/image\\\/\"},\"sameAs\":[\"https:\\\/\\\/www.facebook.com\\\/rassegnastampacattolica\",\"https:\\\/\\\/x.com\\\/rassegnastampa9\"]},{\"@type\":\"Person\",\"@id\":\"https:\\\/\\\/www.rassegnastampa-totustuus.it\\\/cattolica\\\/#\\\/schema\\\/person\\\/08f319d2bd1a0904ad9e2bfb7b15e5c3\",\"name\":\"Redazione\",\"image\":{\"@type\":\"ImageObject\",\"inLanguage\":\"it-IT\",\"@id\":\"https:\\\/\\\/secure.gravatar.com\\\/avatar\\\/2fcdf27c78ea025fbdb44e914cc63c72249ffec9dc8aafd5c82b26240ef3f346?s=96&d=mm&r=g\",\"url\":\"https:\\\/\\\/secure.gravatar.com\\\/avatar\\\/2fcdf27c78ea025fbdb44e914cc63c72249ffec9dc8aafd5c82b26240ef3f346?s=96&d=mm&r=g\",\"contentUrl\":\"https:\\\/\\\/secure.gravatar.com\\\/avatar\\\/2fcdf27c78ea025fbdb44e914cc63c72249ffec9dc8aafd5c82b26240ef3f346?s=96&d=mm&r=g\",\"caption\":\"Redazione\"},\"url\":\"https:\\\/\\\/www.rassegnastampa-totustuus.it\\\/cattolica\\\/author\\\/pietroelle\\\/\"}]}<\/script>\n<!-- \/ Yoast SEO plugin. -->","yoast_head_json":{"title":"Le trame di Cavour per conquistare il Meridione - Rassegna Stampa Cattolica","description":"Le trame di Cavour per conquistare il Meridione con i plebisciti manipolati e i loschi affari ai dannidel Sud","robots":{"index":"index","follow":"follow","max-snippet":"max-snippet:-1","max-image-preview":"max-image-preview:large","max-video-preview":"max-video-preview:-1"},"canonical":"https:\/\/www.rassegnastampa-totustuus.it\/cattolica\/le-trame-di-cavour-per-conquistare-il-meridione\/","og_locale":"it_IT","og_type":"article","og_title":"Le trame di Cavour per conquistare il Meridione - Rassegna Stampa Cattolica","og_description":"Le trame di Cavour per conquistare il Meridione con i plebisciti manipolati e i loschi affari ai dannidel Sud","og_url":"https:\/\/www.rassegnastampa-totustuus.it\/cattolica\/le-trame-di-cavour-per-conquistare-il-meridione\/","og_site_name":"Rassegna Stampa Cattolica","article_publisher":"https:\/\/www.facebook.com\/rassegnastampacattolica","article_published_time":"2024-12-25T19:47:23+00:00","article_modified_time":"2025-01-29T14:51:00+00:00","og_image":[{"width":285,"height":304,"url":"https:\/\/www.rassegnastampa-totustuus.it\/cattolica\/wp-content\/uploads\/2011\/07\/Risorgimento.jpg","type":"image\/jpeg"}],"author":"Redazione","twitter_card":"summary_large_image","twitter_creator":"@rassegnastampa9","twitter_site":"@rassegnastampa9","twitter_misc":{"Scritto da":"Redazione","Tempo di lettura stimato":"9 minuti"},"schema":{"@context":"https:\/\/schema.org","@graph":[{"@type":"Article","@id":"https:\/\/www.rassegnastampa-totustuus.it\/cattolica\/le-trame-di-cavour-per-conquistare-il-meridione\/#article","isPartOf":{"@id":"https:\/\/www.rassegnastampa-totustuus.it\/cattolica\/le-trame-di-cavour-per-conquistare-il-meridione\/"},"author":{"name":"Redazione","@id":"https:\/\/www.rassegnastampa-totustuus.it\/cattolica\/#\/schema\/person\/08f319d2bd1a0904ad9e2bfb7b15e5c3"},"headline":"Le trame di Cavour per conquistare il Meridione","datePublished":"2024-12-25T19:47:23+00:00","dateModified":"2025-01-29T14:51:00+00:00","mainEntityOfPage":{"@id":"https:\/\/www.rassegnastampa-totustuus.it\/cattolica\/le-trame-di-cavour-per-conquistare-il-meridione\/"},"wordCount":1371,"publisher":{"@id":"https:\/\/www.rassegnastampa-totustuus.it\/cattolica\/#organization"},"image":{"@id":"https:\/\/www.rassegnastampa-totustuus.it\/cattolica\/le-trame-di-cavour-per-conquistare-il-meridione\/#primaryimage"},"thumbnailUrl":"https:\/\/www.rassegnastampa-totustuus.it\/cattolica\/wp-content\/uploads\/2011\/07\/Risorgimento.jpg","keywords":["Camillo Benso conte di Cavour","meridione","Mezzogiorno d'Italia","Regno delle Due Sicilie"],"articleSection":["Risorgimento","Storia","Storia italiana"],"inLanguage":"it-IT"},{"@type":"WebPage","@id":"https:\/\/www.rassegnastampa-totustuus.it\/cattolica\/le-trame-di-cavour-per-conquistare-il-meridione\/","url":"https:\/\/www.rassegnastampa-totustuus.it\/cattolica\/le-trame-di-cavour-per-conquistare-il-meridione\/","name":"Le trame di Cavour per conquistare il Meridione - Rassegna Stampa Cattolica","isPartOf":{"@id":"https:\/\/www.rassegnastampa-totustuus.it\/cattolica\/#website"},"primaryImageOfPage":{"@id":"https:\/\/www.rassegnastampa-totustuus.it\/cattolica\/le-trame-di-cavour-per-conquistare-il-meridione\/#primaryimage"},"image":{"@id":"https:\/\/www.rassegnastampa-totustuus.it\/cattolica\/le-trame-di-cavour-per-conquistare-il-meridione\/#primaryimage"},"thumbnailUrl":"https:\/\/www.rassegnastampa-totustuus.it\/cattolica\/wp-content\/uploads\/2011\/07\/Risorgimento.jpg","datePublished":"2024-12-25T19:47:23+00:00","dateModified":"2025-01-29T14:51:00+00:00","description":"Le trame di Cavour per conquistare il Meridione con i plebisciti manipolati e i loschi affari ai dannidel Sud","breadcrumb":{"@id":"https:\/\/www.rassegnastampa-totustuus.it\/cattolica\/le-trame-di-cavour-per-conquistare-il-meridione\/#breadcrumb"},"inLanguage":"it-IT","potentialAction":[{"@type":"ReadAction","target":["https:\/\/www.rassegnastampa-totustuus.it\/cattolica\/le-trame-di-cavour-per-conquistare-il-meridione\/"]}]},{"@type":"ImageObject","inLanguage":"it-IT","@id":"https:\/\/www.rassegnastampa-totustuus.it\/cattolica\/le-trame-di-cavour-per-conquistare-il-meridione\/#primaryimage","url":"https:\/\/www.rassegnastampa-totustuus.it\/cattolica\/wp-content\/uploads\/2011\/07\/Risorgimento.jpg","contentUrl":"https:\/\/www.rassegnastampa-totustuus.it\/cattolica\/wp-content\/uploads\/2011\/07\/Risorgimento.jpg","width":285,"height":304},{"@type":"BreadcrumbList","@id":"https:\/\/www.rassegnastampa-totustuus.it\/cattolica\/le-trame-di-cavour-per-conquistare-il-meridione\/#breadcrumb","itemListElement":[{"@type":"ListItem","position":1,"name":"Home","item":"https:\/\/www.rassegnastampa-totustuus.it\/cattolica\/"},{"@type":"ListItem","position":2,"name":"Le trame di Cavour per conquistare il Meridione"}]},{"@type":"WebSite","@id":"https:\/\/www.rassegnastampa-totustuus.it\/cattolica\/#website","url":"https:\/\/www.rassegnastampa-totustuus.it\/cattolica\/","name":"Rassegna Stampa Cattolica","description":"Per una cultura che nasce dalla Rivelazione cristiana in conformit\u00e0 alla tradizione e al Magistero della Chiesa in opposizione ad ogni relativismo e totalitarismo","publisher":{"@id":"https:\/\/www.rassegnastampa-totustuus.it\/cattolica\/#organization"},"alternateName":"Rass. Cattolica","potentialAction":[{"@type":"SearchAction","target":{"@type":"EntryPoint","urlTemplate":"https:\/\/www.rassegnastampa-totustuus.it\/cattolica\/?s={search_term_string}"},"query-input":{"@type":"PropertyValueSpecification","valueRequired":true,"valueName":"search_term_string"}}],"inLanguage":"it-IT"},{"@type":"Organization","@id":"https:\/\/www.rassegnastampa-totustuus.it\/cattolica\/#organization","name":"Rassegna Stampa Cattolica","url":"https:\/\/www.rassegnastampa-totustuus.it\/cattolica\/","logo":{"@type":"ImageObject","inLanguage":"it-IT","@id":"https:\/\/www.rassegnastampa-totustuus.it\/cattolica\/#\/schema\/logo\/image\/","url":"https:\/\/www.rassegnastampa-totustuus.it\/cattolica\/wp-content\/uploads\/2014\/04\/logo-rassegna1.gif","contentUrl":"https:\/\/www.rassegnastampa-totustuus.it\/cattolica\/wp-content\/uploads\/2014\/04\/logo-rassegna1.gif","width":600,"height":163,"caption":"Rassegna Stampa Cattolica"},"image":{"@id":"https:\/\/www.rassegnastampa-totustuus.it\/cattolica\/#\/schema\/logo\/image\/"},"sameAs":["https:\/\/www.facebook.com\/rassegnastampacattolica","https:\/\/x.com\/rassegnastampa9"]},{"@type":"Person","@id":"https:\/\/www.rassegnastampa-totustuus.it\/cattolica\/#\/schema\/person\/08f319d2bd1a0904ad9e2bfb7b15e5c3","name":"Redazione","image":{"@type":"ImageObject","inLanguage":"it-IT","@id":"https:\/\/secure.gravatar.com\/avatar\/2fcdf27c78ea025fbdb44e914cc63c72249ffec9dc8aafd5c82b26240ef3f346?s=96&d=mm&r=g","url":"https:\/\/secure.gravatar.com\/avatar\/2fcdf27c78ea025fbdb44e914cc63c72249ffec9dc8aafd5c82b26240ef3f346?s=96&d=mm&r=g","contentUrl":"https:\/\/secure.gravatar.com\/avatar\/2fcdf27c78ea025fbdb44e914cc63c72249ffec9dc8aafd5c82b26240ef3f346?s=96&d=mm&r=g","caption":"Redazione"},"url":"https:\/\/www.rassegnastampa-totustuus.it\/cattolica\/author\/pietroelle\/"}]}},"_links":{"self":[{"href":"https:\/\/www.rassegnastampa-totustuus.it\/cattolica\/wp-json\/wp\/v2\/posts\/61811","targetHints":{"allow":["GET"]}}],"collection":[{"href":"https:\/\/www.rassegnastampa-totustuus.it\/cattolica\/wp-json\/wp\/v2\/posts"}],"about":[{"href":"https:\/\/www.rassegnastampa-totustuus.it\/cattolica\/wp-json\/wp\/v2\/types\/post"}],"author":[{"embeddable":true,"href":"https:\/\/www.rassegnastampa-totustuus.it\/cattolica\/wp-json\/wp\/v2\/users\/6"}],"replies":[{"embeddable":true,"href":"https:\/\/www.rassegnastampa-totustuus.it\/cattolica\/wp-json\/wp\/v2\/comments?post=61811"}],"version-history":[{"count":4,"href":"https:\/\/www.rassegnastampa-totustuus.it\/cattolica\/wp-json\/wp\/v2\/posts\/61811\/revisions"}],"predecessor-version":[{"id":62051,"href":"https:\/\/www.rassegnastampa-totustuus.it\/cattolica\/wp-json\/wp\/v2\/posts\/61811\/revisions\/62051"}],"wp:featuredmedia":[{"embeddable":true,"href":"https:\/\/www.rassegnastampa-totustuus.it\/cattolica\/wp-json\/wp\/v2\/media\/28332"}],"wp:attachment":[{"href":"https:\/\/www.rassegnastampa-totustuus.it\/cattolica\/wp-json\/wp\/v2\/media?parent=61811"}],"wp:term":[{"taxonomy":"category","embeddable":true,"href":"https:\/\/www.rassegnastampa-totustuus.it\/cattolica\/wp-json\/wp\/v2\/categories?post=61811"},{"taxonomy":"post_tag","embeddable":true,"href":"https:\/\/www.rassegnastampa-totustuus.it\/cattolica\/wp-json\/wp\/v2\/tags?post=61811"}],"curies":[{"name":"wp","href":"https:\/\/api.w.org\/{rel}","templated":true}]}}