{"id":61805,"date":"2024-12-18T16:41:52","date_gmt":"2024-12-18T15:41:52","guid":{"rendered":"https:\/\/www.rassegnastampa-totustuus.it\/cattolica\/?p=61805"},"modified":"2025-01-29T15:48:26","modified_gmt":"2025-01-29T14:48:26","slug":"garibaldi-ma-quale-eroe","status":"publish","type":"post","link":"https:\/\/www.rassegnastampa-totustuus.it\/cattolica\/garibaldi-ma-quale-eroe\/","title":{"rendered":"Garibaldi ma quale eroe?"},"content":{"rendered":"\n<p class=\"has-text-align-center\"><span style=\"color: #0000ff;\"><a style=\"color: #0000ff;\" href=\"https:\/\/atfp.it\/rivista-tfp\" target=\"_blank\" rel=\"noopener\"><strong>Tradizione Famiglia Propriet\u00e0<\/strong> <\/a><\/span><\/p>\n\n\n\n<p class=\"has-text-align-center\"><span style=\"color: #000000;\">Anno 30 n.104 Ottobre 2024<\/span><\/p>\n\n\n\n<p><span style=\"color: #000000;\">La rivoluzione, lo sappiamo, \u00e8 in buona parte fatta da miti, cio\u00e8 da racconti intessuti ad arte per presentare una versione distorta dei fatti, atta a promuovere gli ideali rivoluzionari. A volte per\u00f2 esagera. E\u2019 il caso di Giuseppe Garibaldi, le cui statue \u2013 erette dalla massoneria &#8211; riempiono le nostre citt\u00e0. Mai si \u00e8 vista una tale dissonanza tra la cultura ufficiale e la realt\u00e0 storica. ne abbiamo gi\u00e0 parlato in questa rivista, raccontando l\u2019esperienza sudamericana del nizzardo.<\/span><\/p>\n\n\n<div class=\"wp-block-image\">\n<figure class=\"aligncenter size-full\"><a href=\"https:\/\/www.rassegnastampa-totustuus.it\/cattolica\/wp-content\/uploads\/2011\/03\/garibaldi.jpg\"><img loading=\"lazy\" decoding=\"async\" width=\"227\" height=\"222\" src=\"https:\/\/www.rassegnastampa-totustuus.it\/cattolica\/wp-content\/uploads\/2011\/03\/garibaldi.jpg\" alt=\"\" class=\"wp-image-22323\"\/><\/a><\/figure><\/div>\n\n\n<!--more-->\n\n\n\n<p><span style=\"color: #000000;\">E\u2019 uscito di recente l\u2019interessante libro <em>Garibaldi\u2026 ma quale eroe. Il vero volto di un falso mito<\/em>. Adoperando per lo pi\u00f9 documenti inediti, l\u2019autore Erminio di Biase ci racconta la vera storia&nbsp; del condottiero, assai diversa da quella ufficiale.<\/span><\/p>\n\n\n\n<p><span style=\"color: #000000;\">Sar\u00e0 vero ci\u00f2 che dicono sulla verit\u00e0 storica, conservata dal folklore piuttosto che dalla storiografia erudita. Ovunque \u00e8 passato, Garibaldi ha lasciato brutti ricordi nella memoria popolare. Da Napoli, dove lo chiamano <em>Peppe o bidone<\/em>, cio\u00e8 Giuseppe il truffatore, fino all\u2019Argentina, dove si canta \u201c<em>Celebremos porque ha muerto Garibaldi. Pum!<\/em>\u201d.<\/span><\/p>\n\n\n<div class=\"wp-block-image\">\n<figure class=\"aligncenter size-full is-resized\"><a href=\"https:\/\/www.rassegnastampa-totustuus.it\/cattolica\/wp-content\/uploads\/2024\/12\/De_Biase_cover.jpg\"><img loading=\"lazy\" decoding=\"async\" width=\"749\" height=\"1030\" src=\"https:\/\/www.rassegnastampa-totustuus.it\/cattolica\/wp-content\/uploads\/2024\/12\/De_Biase_cover.jpg\" alt=\"\" class=\"wp-image-61806\" style=\"width:288px;height:auto\"\/><\/a><\/figure><\/div>\n\n\n<p><span style=\"color: #000000;\">De Biase inizia dal vero aspetto fisico di Garibaldi, descritto dai contemporanei come di statura assai modesta, gambe corte e arcuate, e incedere traballante dovuto a un\u2019ernia inguinale, rigorosamente nascosta al pubblico.<\/span><\/p>\n\n\n\n<p><span style=\"color: #000000;\">I contemporanei coincidono anche nel dire che egli non capiva a fondo le cause per cui combatteva. Come sentenzi\u00f2 Lord Tennyson, Garibaldi aveva \u201cla stupidit\u00e0 dell\u2019eroe\u201d. \u201c<em>La sua cultura \u00e8 modesta e le sue idee difficilmente si elevano al di sopra dei luoghi comuni. Non \u00e8 in grado di fare previsioni a lungo termine n\u00e9, conseguentemente, di lavorare in funzione di risultati lontani nel tempo e nello spazio. Oltretutto, ha una scarsa memoria<\/em>\u201d, scriveva il colonnello George Cadogan, addetto militare britannico. Lo stesso Mazzini lo defin\u00ec \u201cun ignorante dalla faccia leonina e stupida\u201d. A questo possiamo sommare il fatto che nei suoi scritti sintassi e grammatica erano spesso latitanti.<\/span><\/p>\n\n\n\n<p><span style=\"color: #000000;\">\u201c<em>Come semplice politico Garibaldi \u00e8 niente \u2013 <\/em>affermava il <em>Times<\/em> di Londra in un articolo del 1880 \u2013 <em>la sua mente \u00e8 piena di idee vaghe, impraticabili, raccattate ai piedi dei pi\u00f9 scapigliati teorici sociali e trabalzate per un cervello troppo ardente per aspettare pazientemente la soluzione dei problemi&nbsp; sociali e politici. Egli \u00e8 in balia&nbsp; a agitatori e cospiratori che speculano sulla sua grande influenza per loro fini personali<\/em>\u201d.<\/span><\/p>\n\n\n<div class=\"wp-block-image\">\n<figure class=\"aligncenter size-full is-resized\"><a href=\"https:\/\/www.rassegnastampa-totustuus.it\/cattolica\/wp-content\/uploads\/2009\/02\/garibaldi.png\"><img loading=\"lazy\" decoding=\"async\" width=\"199\" height=\"253\" src=\"https:\/\/www.rassegnastampa-totustuus.it\/cattolica\/wp-content\/uploads\/2009\/02\/garibaldi.png\" alt=\"\" class=\"wp-image-17637\" style=\"width:261px;height:auto\"\/><\/a><\/figure><\/div>\n\n\n<p><span style=\"color: #000000;\">Su un punto, l\u2019opinione dei contemporanei \u00e8 concorde: Garibaldi era il classico tipo orgoglioso e irascibile, sempre pronto a menar le mani.<\/span><\/p>\n\n\n\n<p><span style=\"color: #000000;\">Il suo ego era, infatti, smisurato. Egli si autodefiniva \u201cGran Pontefice della Religione di Dio\u201d, e usava \u201cbattezzare\u201d i bambini che i suoi seguaci gli presentavano, dandogli poi nomi assurdi.<\/span><\/p>\n\n\n\n<p><span style=\"color: #000000;\">Diversi capitoli sono dedicati alle imprese sudamericane di Garibaldi, che ebbero un\u2019impronta pi\u00f9 piratesca che militare. Le sue avventure iniziarono con l\u2019attacco senza piet\u00e0 contro civili disarmati nel villaggio di Imarui, in Brasile, durante la Guerra Farroupilha. Il villaggio fu semidistrutto, le donne stuprate, gli uomini arrestati, torturati o uccisi. Egli poi rapin\u00f2 il villaggio, forte della sua patente di corsaro. I brasiliani lo chiamavano \u201clo sciacallo\u201d. Dappertutto lasci\u00f2 indelebile il ricordo degli eccessi disumani e bestiali che consent\u00ec agli uomini al suo comando. Una memoria dell\u2019epoca racconta: \u201c<em>Nessuno era in grado di fermare quei banditi insolenti, tutti perennemente ubriachi<\/em>\u201d.<\/span><\/p>\n\n\n\n<p><span style=\"color: #000000;\">Sconfitto in Brasile dalle truppe imperiali, Garibaldi ripar\u00f2 in Uruguay, dove intervenne nella guerra civile allora in atto. E anche qui si dedic\u00f2 a ci\u00f2 che sapeva fare&nbsp; meglio: il saccheggio. \u201c<em>Le orde di barbari del pirata che risponde al nome del colonnello Giuseppe Garibaldi<\/em> \u2013 racconta una cronaca dell\u2019epoca &#8211; <em>si abbandonarono ai pi\u00f9 spaventosi disordini, oltraggi e soprusi, forzando ed abbattendo, in particolar modo, usci di abitazioni e negozi di cittadini, che depredarono senza scrupoli<\/em>\u201d.<\/span><\/p>\n\n\n\n<p><span style=\"color: #000000;\">Garibaldi conserv\u00f2 questo brutto costume anche in Italia. Appena arrivato a Palermo nel 1860, egli saccheggi\u00f2 il Banco di Sicilia di ben cinque milioni di ducati e fece depredare tutte le chiese. \u201c<em>Giuseppe Garibaldi non \u00e8 affatto cos\u00ec onesto come lo si dipinge <\/em>\u2013 scrive lo storico L. Mondini \u2013 <em>il male che \u00e8 stato commessi qui, ad esempio l\u2019infame furto di tutto il denaro dell\u2019erario, \u00e8 da attribuirsi completamente a lui\u201d <\/em>.<\/span><\/p>\n\n\n<div class=\"wp-block-image\">\n<figure class=\"aligncenter size-full is-resized\"><a href=\"https:\/\/www.rassegnastampa-totustuus.it\/cattolica\/wp-content\/uploads\/2010\/08\/garibaldini.jpg\"><img loading=\"lazy\" decoding=\"async\" width=\"250\" height=\"202\" src=\"https:\/\/www.rassegnastampa-totustuus.it\/cattolica\/wp-content\/uploads\/2010\/08\/garibaldini.jpg\" alt=\"\" class=\"wp-image-21245\" style=\"width:404px;height:auto\"\/><\/a><\/figure><\/div>\n\n\n<p><span style=\"color: #000000;\">Non poteva mancare&nbsp; un capitolo dedicato agli avvenimenti del 1860, cio\u00e8 alla cosiddetta \u201cepopea dei Mille\u201d, meglio definita, secondo De Biase, \u201c<em>un colpo di stato sabaudo-inglese al Sud dell\u2019Italia che abbatt\u00e9 Francesco II, il Re legittimo, e insedi\u00f2 una monarchia straniera<\/em> (\u2026) <em>un\u2019azione di autentica pirateria condotta da un gruppo di uomini armati non aventi alcuna legittimazione giuridica\u201d.<\/em><\/span><\/p>\n\n\n\n<p><span style=\"color: #000000;\">Pi\u00f9 tardi, attaccando Roma, Garibaldi si macchi\u00f2 di atti vandalici, come il saccheggio dell\u2019abbazia di Casamari, dove i suoi seguaci rubarono perfino la biancheria dei monaci\u2026 Non mancarono gli episodi di bestemmia. Infatti, le truppe garibaldine erano solite entrare nelle chiese per distruggere le immagini, buttare per terra le sacre ostie, disperdere le reliquie, imbrattare di feci gli altari e graffiare i muri con parole da lupanare.<\/span><\/p>\n\n\n\n<p><span style=\"color: #000000;\">Eppure, su di lui si \u00e8 costruito un mito che sfida perfino le leggi della fisica. Cronache dell\u2019epoca raccontano, per esempio, che le pallottole rimbalzavano sulla sua camicia rossa. Si racconta perfino che, nella chiesa dei Riformati a Catalafimi, egli sia stato visto lievitare e parlare con Nostro Signore sulla croce. Questo mito non retrocede nemmeno davanti alla verit\u00e0 storica, addirittura trasformando in vittorie le sue sconfitte, come quella nella battaglia di Velletri nel 1849.<\/span><\/p>\n\n\n<div class=\"wp-block-image\">\n<figure class=\"aligncenter size-full is-resized\"><a href=\"https:\/\/www.rassegnastampa-totustuus.it\/cattolica\/wp-content\/uploads\/2010\/11\/Garibaldi_massone.jpg\"><img loading=\"lazy\" decoding=\"async\" width=\"269\" height=\"187\" src=\"https:\/\/www.rassegnastampa-totustuus.it\/cattolica\/wp-content\/uploads\/2010\/11\/Garibaldi_massone.jpg\" alt=\"\" class=\"wp-image-21603\" style=\"width:423px;height:auto\"\/><\/a><\/figure><\/div>\n\n\n<p><span style=\"color: #000000;\">Il mito coinvolge anche persone vicine a Garibaldi, come la sua compagna Anita, ufficialmente morta di malaria&nbsp; quando in realt\u00e0 stando ai documenti medici, mor\u00ec strangolata e, a quanto pare, dallo stesso Garibaldi.<\/span><\/p>\n\n\n\n<p><span style=\"color: #000000;\">E cos\u2019 avanti, per ben 236 pagine, il libro di De Biase continua a spulciare nella vera storia di \u201cDon Peppe\u201d, dalla sua pietosa carriera&nbsp; nel Parlamento, dove non riusc\u00ec mai a fare un discorso che facesse senso, fino ai pingui compensi finanziari decretati dal novello Stato sabaudo per lui e per la sua famiglia, che cos\u00ec divenne milionaria, compensi prelevati dalle casse dell\u2019ex Regno delle Due Sicilie, ossia dai ciottadini che egli aveva \u201cliberato\u201d.<\/span><\/p>\n\n\n\n<p><span style=\"color: #000000;\">\u201cBuon sangue non mente\u201d, recita l\u2019ultimo capitolo, che racconta le vicissitudini giudiziarie degli eredi di Garibaldi, fino alla sentenza del Tribunale di Trento che, nel 1989, condann\u00f2 Anita Garibaldi a pagare 58milioni di lire a una azienda pubblicitaria, ma questo sarebbe un altro romanzo\u2026<\/span><\/p>\n\n\n\n<p class=\"has-text-align-center\"><strong>___________________________________________<\/strong><\/p>\n\n\n\n<h3 class=\"wp-block-heading has-text-align-center\"><strong>Festeggiamo perch\u00e9 \u00e8 morto Garibaldi, pum!<\/strong><\/h3>\n\n\n\n<p>In America Latina, diverse canzoncine popolari mostrano il disprezzo delle genti per l\u2019avventuriero nizzardo. Eccone una:<\/p>\n\n\n\n<p><strong><em>Festeggiamo perch\u00e9 \u00e8 morto Garibaldi, pum! Garibaldi, pum! Garibaldi, Ja! Ja! Ja!<\/em><\/strong><\/p>\n\n\n\n<p><strong><em>Nel quartiere della Bocca, dove abitava mia suocera un cane non smetteva di abbaiare. Si chiamava Garibaldi. Un giorno che mia suocera stava uscendo da casa il cane le morse una caviglia e svenne.<\/em><\/strong><\/p>\n\n\n\n<p><strong><em>Ma un giorno finalmente perse la vita. Perci\u00f2 adesso mia suocera \u00e8 contenta e canta per la morte del cane, insieme a piccoli e grandi.<\/em><\/strong><\/p>\n\n\n\n<p><strong><em>Festeggiamo perch\u00e9 \u00e8 morto Garibaldi\u2026<\/em><\/strong><\/p>\n\n\n\n<p><strong><em>Garibaldi era una belva, non rispettava la gente, era un cane prepotente che mordeva anche il padrone.<\/em><\/strong><\/p>\n\n\n\n<p><strong><em>E quando si \u00e8 saputo&nbsp; la notizia della sua morte&nbsp; prematura, tutto il quartiere ha cominciato a cantare allegramente questa canzone\u2026<\/em><\/strong><\/p>\n\n\n\n<p><strong><em>Festeggiamo perch\u00e9 \u00e8 morto Garibaldi, pum! Garibaldi, pum! Garibaldi pum!, Garibakdi Ja! <\/em><\/strong><strong><em>Ja! Ja!<\/em><\/strong><\/p>\n\n\n\n<p>_________________________________________<\/p>\n\n\n\n<p><strong><span style=\"color: #000000;\">Leggi anche:<\/span><\/strong><\/p>\n\n\n\n<p><a href=\"https:\/\/www.rassegnastampa-totustuus.it\/cattolica\/?p=2652\" target=\"_blank\" rel=\"noopener\">Garibaldi a servizio di Sua Maest\u00e0<\/a><\/p>\n\n\n\n<p><a href=\"https:\/\/www.rassegnastampa-totustuus.it\/cattolica\/?p=1379\" target=\"_blank\" rel=\"noopener\">Il mito di Garibaldi<\/a><\/p>\n\n\n\n<p><a href=\"https:\/\/www.rassegnastampa-totustuus.it\/cattolica\/?p=2611\" target=\"_blank\" rel=\"noopener\">Garibaldi che divise l\u2019Italia<\/a><\/p>\n\n\n\n<p><a href=\"https:\/\/www.rassegnastampa-totustuus.it\/cattolica\/?p=1382\">Bezzecca, i tanti misfatti di Garibaldi<\/a><\/p>\n\n\n\n<p><a href=\"https:\/\/www.rassegnastampa-totustuus.it\/cattolica\/?p=1381\" target=\"_blank\" rel=\"noopener\">Giuseppe Garibaldi? Era l\u2019eroe dei tre mondi<\/a><\/p>\n\n\n\n<p><a href=\"https:\/\/www.rassegnastampa-totustuus.it\/cattolica\/?p=4482\" target=\"_blank\" rel=\"noopener\">Giuseppe Garibaldi: fu vera gloria?<\/a><\/p>\n","protected":false},"excerpt":{"rendered":"<p>La rivoluzione, lo sappiamo, \u00e8 in buona parte fatta da miti, cio\u00e8 da racconti intessuti ad arte per presentare una versione distorta dei fatti, atta a promuovere gli ideali rivoluzionari. A volte per\u00f2 esagera. E\u2019 il caso di Giuseppe Garibaldi<\/p>\n","protected":false},"author":6,"featured_media":22323,"comment_status":"closed","ping_status":"closed","sticky":false,"template":"","format":"standard","meta":{"footnotes":""},"categories":[18,101,24,96],"tags":[1023],"class_list":["post-61805","post","type-post","status-publish","format-standard","has-post-thumbnail","hentry","category-personaggi","category-risorgimento","category-storia","category-storia-italiana","tag-giuseppe-garibaldi","item-wrap"],"yoast_head":"<!-- This site is optimized with the Yoast SEO plugin v27.5 - https:\/\/yoast.com\/product\/yoast-seo-wordpress\/ -->\n<title>Garibaldi ma quale eroe? - Rassegna Stampa Cattolica<\/title>\n<meta name=\"description\" content=\"Garibaldi ma quale eroe? Il vero volto di un falso mito: un pirata e ladro a capo di masnade di saccheggiatori\" \/>\n<meta name=\"robots\" content=\"index, follow, max-snippet:-1, max-image-preview:large, max-video-preview:-1\" \/>\n<link rel=\"canonical\" href=\"https:\/\/www.rassegnastampa-totustuus.it\/cattolica\/garibaldi-ma-quale-eroe\/\" \/>\n<meta property=\"og:locale\" content=\"it_IT\" \/>\n<meta property=\"og:type\" content=\"article\" \/>\n<meta property=\"og:title\" content=\"Garibaldi ma quale eroe? - Rassegna Stampa Cattolica\" \/>\n<meta property=\"og:description\" content=\"Garibaldi ma quale eroe? Il vero volto di un falso mito: un pirata e ladro a capo di masnade di saccheggiatori\" \/>\n<meta property=\"og:url\" content=\"https:\/\/www.rassegnastampa-totustuus.it\/cattolica\/garibaldi-ma-quale-eroe\/\" \/>\n<meta property=\"og:site_name\" content=\"Rassegna Stampa Cattolica\" \/>\n<meta property=\"article:publisher\" content=\"https:\/\/www.facebook.com\/rassegnastampacattolica\" \/>\n<meta property=\"article:published_time\" content=\"2024-12-18T15:41:52+00:00\" \/>\n<meta property=\"article:modified_time\" content=\"2025-01-29T14:48:26+00:00\" \/>\n<meta property=\"og:image\" content=\"https:\/\/www.rassegnastampa-totustuus.it\/cattolica\/wp-content\/uploads\/2011\/03\/garibaldi.jpg\" \/>\n\t<meta property=\"og:image:width\" content=\"227\" \/>\n\t<meta property=\"og:image:height\" content=\"222\" \/>\n\t<meta property=\"og:image:type\" content=\"image\/jpeg\" \/>\n<meta name=\"author\" content=\"Redazione\" \/>\n<meta name=\"twitter:card\" content=\"summary_large_image\" \/>\n<meta name=\"twitter:creator\" content=\"@rassegnastampa9\" \/>\n<meta name=\"twitter:site\" content=\"@rassegnastampa9\" \/>\n<meta name=\"twitter:label1\" content=\"Scritto da\" \/>\n\t<meta name=\"twitter:data1\" content=\"Redazione\" \/>\n\t<meta name=\"twitter:label2\" content=\"Tempo di lettura stimato\" \/>\n\t<meta name=\"twitter:data2\" content=\"8 minuti\" \/>\n<script type=\"application\/ld+json\" class=\"yoast-schema-graph\">{\"@context\":\"https:\\\/\\\/schema.org\",\"@graph\":[{\"@type\":\"Article\",\"@id\":\"https:\\\/\\\/www.rassegnastampa-totustuus.it\\\/cattolica\\\/garibaldi-ma-quale-eroe\\\/#article\",\"isPartOf\":{\"@id\":\"https:\\\/\\\/www.rassegnastampa-totustuus.it\\\/cattolica\\\/garibaldi-ma-quale-eroe\\\/\"},\"author\":{\"name\":\"Redazione\",\"@id\":\"https:\\\/\\\/www.rassegnastampa-totustuus.it\\\/cattolica\\\/#\\\/schema\\\/person\\\/08f319d2bd1a0904ad9e2bfb7b15e5c3\"},\"headline\":\"Garibaldi ma quale eroe?\",\"datePublished\":\"2024-12-18T15:41:52+00:00\",\"dateModified\":\"2025-01-29T14:48:26+00:00\",\"mainEntityOfPage\":{\"@id\":\"https:\\\/\\\/www.rassegnastampa-totustuus.it\\\/cattolica\\\/garibaldi-ma-quale-eroe\\\/\"},\"wordCount\":1225,\"publisher\":{\"@id\":\"https:\\\/\\\/www.rassegnastampa-totustuus.it\\\/cattolica\\\/#organization\"},\"image\":{\"@id\":\"https:\\\/\\\/www.rassegnastampa-totustuus.it\\\/cattolica\\\/garibaldi-ma-quale-eroe\\\/#primaryimage\"},\"thumbnailUrl\":\"https:\\\/\\\/www.rassegnastampa-totustuus.it\\\/cattolica\\\/wp-content\\\/uploads\\\/2011\\\/03\\\/garibaldi.jpg\",\"keywords\":[\"Giuseppe Garibaldi\"],\"articleSection\":[\"Personaggi\",\"Risorgimento\",\"Storia\",\"Storia italiana\"],\"inLanguage\":\"it-IT\"},{\"@type\":\"WebPage\",\"@id\":\"https:\\\/\\\/www.rassegnastampa-totustuus.it\\\/cattolica\\\/garibaldi-ma-quale-eroe\\\/\",\"url\":\"https:\\\/\\\/www.rassegnastampa-totustuus.it\\\/cattolica\\\/garibaldi-ma-quale-eroe\\\/\",\"name\":\"Garibaldi ma quale eroe? - Rassegna Stampa Cattolica\",\"isPartOf\":{\"@id\":\"https:\\\/\\\/www.rassegnastampa-totustuus.it\\\/cattolica\\\/#website\"},\"primaryImageOfPage\":{\"@id\":\"https:\\\/\\\/www.rassegnastampa-totustuus.it\\\/cattolica\\\/garibaldi-ma-quale-eroe\\\/#primaryimage\"},\"image\":{\"@id\":\"https:\\\/\\\/www.rassegnastampa-totustuus.it\\\/cattolica\\\/garibaldi-ma-quale-eroe\\\/#primaryimage\"},\"thumbnailUrl\":\"https:\\\/\\\/www.rassegnastampa-totustuus.it\\\/cattolica\\\/wp-content\\\/uploads\\\/2011\\\/03\\\/garibaldi.jpg\",\"datePublished\":\"2024-12-18T15:41:52+00:00\",\"dateModified\":\"2025-01-29T14:48:26+00:00\",\"description\":\"Garibaldi ma quale eroe? Il vero volto di un falso mito: un pirata e ladro a capo di masnade di saccheggiatori\",\"breadcrumb\":{\"@id\":\"https:\\\/\\\/www.rassegnastampa-totustuus.it\\\/cattolica\\\/garibaldi-ma-quale-eroe\\\/#breadcrumb\"},\"inLanguage\":\"it-IT\",\"potentialAction\":[{\"@type\":\"ReadAction\",\"target\":[\"https:\\\/\\\/www.rassegnastampa-totustuus.it\\\/cattolica\\\/garibaldi-ma-quale-eroe\\\/\"]}]},{\"@type\":\"ImageObject\",\"inLanguage\":\"it-IT\",\"@id\":\"https:\\\/\\\/www.rassegnastampa-totustuus.it\\\/cattolica\\\/garibaldi-ma-quale-eroe\\\/#primaryimage\",\"url\":\"https:\\\/\\\/www.rassegnastampa-totustuus.it\\\/cattolica\\\/wp-content\\\/uploads\\\/2011\\\/03\\\/garibaldi.jpg\",\"contentUrl\":\"https:\\\/\\\/www.rassegnastampa-totustuus.it\\\/cattolica\\\/wp-content\\\/uploads\\\/2011\\\/03\\\/garibaldi.jpg\",\"width\":227,\"height\":222},{\"@type\":\"BreadcrumbList\",\"@id\":\"https:\\\/\\\/www.rassegnastampa-totustuus.it\\\/cattolica\\\/garibaldi-ma-quale-eroe\\\/#breadcrumb\",\"itemListElement\":[{\"@type\":\"ListItem\",\"position\":1,\"name\":\"Home\",\"item\":\"https:\\\/\\\/www.rassegnastampa-totustuus.it\\\/cattolica\\\/\"},{\"@type\":\"ListItem\",\"position\":2,\"name\":\"Garibaldi ma quale eroe?\"}]},{\"@type\":\"WebSite\",\"@id\":\"https:\\\/\\\/www.rassegnastampa-totustuus.it\\\/cattolica\\\/#website\",\"url\":\"https:\\\/\\\/www.rassegnastampa-totustuus.it\\\/cattolica\\\/\",\"name\":\"Rassegna Stampa Cattolica\",\"description\":\"Per una cultura che nasce dalla Rivelazione cristiana in conformit\u00e0 alla tradizione e al Magistero della Chiesa in opposizione ad ogni relativismo e totalitarismo\",\"publisher\":{\"@id\":\"https:\\\/\\\/www.rassegnastampa-totustuus.it\\\/cattolica\\\/#organization\"},\"alternateName\":\"Rass. Cattolica\",\"potentialAction\":[{\"@type\":\"SearchAction\",\"target\":{\"@type\":\"EntryPoint\",\"urlTemplate\":\"https:\\\/\\\/www.rassegnastampa-totustuus.it\\\/cattolica\\\/?s={search_term_string}\"},\"query-input\":{\"@type\":\"PropertyValueSpecification\",\"valueRequired\":true,\"valueName\":\"search_term_string\"}}],\"inLanguage\":\"it-IT\"},{\"@type\":\"Organization\",\"@id\":\"https:\\\/\\\/www.rassegnastampa-totustuus.it\\\/cattolica\\\/#organization\",\"name\":\"Rassegna Stampa Cattolica\",\"url\":\"https:\\\/\\\/www.rassegnastampa-totustuus.it\\\/cattolica\\\/\",\"logo\":{\"@type\":\"ImageObject\",\"inLanguage\":\"it-IT\",\"@id\":\"https:\\\/\\\/www.rassegnastampa-totustuus.it\\\/cattolica\\\/#\\\/schema\\\/logo\\\/image\\\/\",\"url\":\"https:\\\/\\\/www.rassegnastampa-totustuus.it\\\/cattolica\\\/wp-content\\\/uploads\\\/2014\\\/04\\\/logo-rassegna1.gif\",\"contentUrl\":\"https:\\\/\\\/www.rassegnastampa-totustuus.it\\\/cattolica\\\/wp-content\\\/uploads\\\/2014\\\/04\\\/logo-rassegna1.gif\",\"width\":600,\"height\":163,\"caption\":\"Rassegna Stampa Cattolica\"},\"image\":{\"@id\":\"https:\\\/\\\/www.rassegnastampa-totustuus.it\\\/cattolica\\\/#\\\/schema\\\/logo\\\/image\\\/\"},\"sameAs\":[\"https:\\\/\\\/www.facebook.com\\\/rassegnastampacattolica\",\"https:\\\/\\\/x.com\\\/rassegnastampa9\"]},{\"@type\":\"Person\",\"@id\":\"https:\\\/\\\/www.rassegnastampa-totustuus.it\\\/cattolica\\\/#\\\/schema\\\/person\\\/08f319d2bd1a0904ad9e2bfb7b15e5c3\",\"name\":\"Redazione\",\"image\":{\"@type\":\"ImageObject\",\"inLanguage\":\"it-IT\",\"@id\":\"https:\\\/\\\/secure.gravatar.com\\\/avatar\\\/2fcdf27c78ea025fbdb44e914cc63c72249ffec9dc8aafd5c82b26240ef3f346?s=96&d=mm&r=g\",\"url\":\"https:\\\/\\\/secure.gravatar.com\\\/avatar\\\/2fcdf27c78ea025fbdb44e914cc63c72249ffec9dc8aafd5c82b26240ef3f346?s=96&d=mm&r=g\",\"contentUrl\":\"https:\\\/\\\/secure.gravatar.com\\\/avatar\\\/2fcdf27c78ea025fbdb44e914cc63c72249ffec9dc8aafd5c82b26240ef3f346?s=96&d=mm&r=g\",\"caption\":\"Redazione\"},\"url\":\"https:\\\/\\\/www.rassegnastampa-totustuus.it\\\/cattolica\\\/author\\\/pietroelle\\\/\"}]}<\/script>\n<!-- \/ Yoast SEO plugin. -->","yoast_head_json":{"title":"Garibaldi ma quale eroe? - Rassegna Stampa Cattolica","description":"Garibaldi ma quale eroe? Il vero volto di un falso mito: un pirata e ladro a capo di masnade di saccheggiatori","robots":{"index":"index","follow":"follow","max-snippet":"max-snippet:-1","max-image-preview":"max-image-preview:large","max-video-preview":"max-video-preview:-1"},"canonical":"https:\/\/www.rassegnastampa-totustuus.it\/cattolica\/garibaldi-ma-quale-eroe\/","og_locale":"it_IT","og_type":"article","og_title":"Garibaldi ma quale eroe? - Rassegna Stampa Cattolica","og_description":"Garibaldi ma quale eroe? Il vero volto di un falso mito: un pirata e ladro a capo di masnade di saccheggiatori","og_url":"https:\/\/www.rassegnastampa-totustuus.it\/cattolica\/garibaldi-ma-quale-eroe\/","og_site_name":"Rassegna Stampa Cattolica","article_publisher":"https:\/\/www.facebook.com\/rassegnastampacattolica","article_published_time":"2024-12-18T15:41:52+00:00","article_modified_time":"2025-01-29T14:48:26+00:00","og_image":[{"width":227,"height":222,"url":"https:\/\/www.rassegnastampa-totustuus.it\/cattolica\/wp-content\/uploads\/2011\/03\/garibaldi.jpg","type":"image\/jpeg"}],"author":"Redazione","twitter_card":"summary_large_image","twitter_creator":"@rassegnastampa9","twitter_site":"@rassegnastampa9","twitter_misc":{"Scritto da":"Redazione","Tempo di lettura stimato":"8 minuti"},"schema":{"@context":"https:\/\/schema.org","@graph":[{"@type":"Article","@id":"https:\/\/www.rassegnastampa-totustuus.it\/cattolica\/garibaldi-ma-quale-eroe\/#article","isPartOf":{"@id":"https:\/\/www.rassegnastampa-totustuus.it\/cattolica\/garibaldi-ma-quale-eroe\/"},"author":{"name":"Redazione","@id":"https:\/\/www.rassegnastampa-totustuus.it\/cattolica\/#\/schema\/person\/08f319d2bd1a0904ad9e2bfb7b15e5c3"},"headline":"Garibaldi ma quale eroe?","datePublished":"2024-12-18T15:41:52+00:00","dateModified":"2025-01-29T14:48:26+00:00","mainEntityOfPage":{"@id":"https:\/\/www.rassegnastampa-totustuus.it\/cattolica\/garibaldi-ma-quale-eroe\/"},"wordCount":1225,"publisher":{"@id":"https:\/\/www.rassegnastampa-totustuus.it\/cattolica\/#organization"},"image":{"@id":"https:\/\/www.rassegnastampa-totustuus.it\/cattolica\/garibaldi-ma-quale-eroe\/#primaryimage"},"thumbnailUrl":"https:\/\/www.rassegnastampa-totustuus.it\/cattolica\/wp-content\/uploads\/2011\/03\/garibaldi.jpg","keywords":["Giuseppe Garibaldi"],"articleSection":["Personaggi","Risorgimento","Storia","Storia italiana"],"inLanguage":"it-IT"},{"@type":"WebPage","@id":"https:\/\/www.rassegnastampa-totustuus.it\/cattolica\/garibaldi-ma-quale-eroe\/","url":"https:\/\/www.rassegnastampa-totustuus.it\/cattolica\/garibaldi-ma-quale-eroe\/","name":"Garibaldi ma quale eroe? - Rassegna Stampa Cattolica","isPartOf":{"@id":"https:\/\/www.rassegnastampa-totustuus.it\/cattolica\/#website"},"primaryImageOfPage":{"@id":"https:\/\/www.rassegnastampa-totustuus.it\/cattolica\/garibaldi-ma-quale-eroe\/#primaryimage"},"image":{"@id":"https:\/\/www.rassegnastampa-totustuus.it\/cattolica\/garibaldi-ma-quale-eroe\/#primaryimage"},"thumbnailUrl":"https:\/\/www.rassegnastampa-totustuus.it\/cattolica\/wp-content\/uploads\/2011\/03\/garibaldi.jpg","datePublished":"2024-12-18T15:41:52+00:00","dateModified":"2025-01-29T14:48:26+00:00","description":"Garibaldi ma quale eroe? Il vero volto di un falso mito: un pirata e ladro a capo di masnade di saccheggiatori","breadcrumb":{"@id":"https:\/\/www.rassegnastampa-totustuus.it\/cattolica\/garibaldi-ma-quale-eroe\/#breadcrumb"},"inLanguage":"it-IT","potentialAction":[{"@type":"ReadAction","target":["https:\/\/www.rassegnastampa-totustuus.it\/cattolica\/garibaldi-ma-quale-eroe\/"]}]},{"@type":"ImageObject","inLanguage":"it-IT","@id":"https:\/\/www.rassegnastampa-totustuus.it\/cattolica\/garibaldi-ma-quale-eroe\/#primaryimage","url":"https:\/\/www.rassegnastampa-totustuus.it\/cattolica\/wp-content\/uploads\/2011\/03\/garibaldi.jpg","contentUrl":"https:\/\/www.rassegnastampa-totustuus.it\/cattolica\/wp-content\/uploads\/2011\/03\/garibaldi.jpg","width":227,"height":222},{"@type":"BreadcrumbList","@id":"https:\/\/www.rassegnastampa-totustuus.it\/cattolica\/garibaldi-ma-quale-eroe\/#breadcrumb","itemListElement":[{"@type":"ListItem","position":1,"name":"Home","item":"https:\/\/www.rassegnastampa-totustuus.it\/cattolica\/"},{"@type":"ListItem","position":2,"name":"Garibaldi ma quale eroe?"}]},{"@type":"WebSite","@id":"https:\/\/www.rassegnastampa-totustuus.it\/cattolica\/#website","url":"https:\/\/www.rassegnastampa-totustuus.it\/cattolica\/","name":"Rassegna Stampa Cattolica","description":"Per una cultura che nasce dalla Rivelazione cristiana in conformit\u00e0 alla tradizione e al Magistero della Chiesa in opposizione ad ogni relativismo e totalitarismo","publisher":{"@id":"https:\/\/www.rassegnastampa-totustuus.it\/cattolica\/#organization"},"alternateName":"Rass. Cattolica","potentialAction":[{"@type":"SearchAction","target":{"@type":"EntryPoint","urlTemplate":"https:\/\/www.rassegnastampa-totustuus.it\/cattolica\/?s={search_term_string}"},"query-input":{"@type":"PropertyValueSpecification","valueRequired":true,"valueName":"search_term_string"}}],"inLanguage":"it-IT"},{"@type":"Organization","@id":"https:\/\/www.rassegnastampa-totustuus.it\/cattolica\/#organization","name":"Rassegna Stampa Cattolica","url":"https:\/\/www.rassegnastampa-totustuus.it\/cattolica\/","logo":{"@type":"ImageObject","inLanguage":"it-IT","@id":"https:\/\/www.rassegnastampa-totustuus.it\/cattolica\/#\/schema\/logo\/image\/","url":"https:\/\/www.rassegnastampa-totustuus.it\/cattolica\/wp-content\/uploads\/2014\/04\/logo-rassegna1.gif","contentUrl":"https:\/\/www.rassegnastampa-totustuus.it\/cattolica\/wp-content\/uploads\/2014\/04\/logo-rassegna1.gif","width":600,"height":163,"caption":"Rassegna Stampa Cattolica"},"image":{"@id":"https:\/\/www.rassegnastampa-totustuus.it\/cattolica\/#\/schema\/logo\/image\/"},"sameAs":["https:\/\/www.facebook.com\/rassegnastampacattolica","https:\/\/x.com\/rassegnastampa9"]},{"@type":"Person","@id":"https:\/\/www.rassegnastampa-totustuus.it\/cattolica\/#\/schema\/person\/08f319d2bd1a0904ad9e2bfb7b15e5c3","name":"Redazione","image":{"@type":"ImageObject","inLanguage":"it-IT","@id":"https:\/\/secure.gravatar.com\/avatar\/2fcdf27c78ea025fbdb44e914cc63c72249ffec9dc8aafd5c82b26240ef3f346?s=96&d=mm&r=g","url":"https:\/\/secure.gravatar.com\/avatar\/2fcdf27c78ea025fbdb44e914cc63c72249ffec9dc8aafd5c82b26240ef3f346?s=96&d=mm&r=g","contentUrl":"https:\/\/secure.gravatar.com\/avatar\/2fcdf27c78ea025fbdb44e914cc63c72249ffec9dc8aafd5c82b26240ef3f346?s=96&d=mm&r=g","caption":"Redazione"},"url":"https:\/\/www.rassegnastampa-totustuus.it\/cattolica\/author\/pietroelle\/"}]}},"_links":{"self":[{"href":"https:\/\/www.rassegnastampa-totustuus.it\/cattolica\/wp-json\/wp\/v2\/posts\/61805","targetHints":{"allow":["GET"]}}],"collection":[{"href":"https:\/\/www.rassegnastampa-totustuus.it\/cattolica\/wp-json\/wp\/v2\/posts"}],"about":[{"href":"https:\/\/www.rassegnastampa-totustuus.it\/cattolica\/wp-json\/wp\/v2\/types\/post"}],"author":[{"embeddable":true,"href":"https:\/\/www.rassegnastampa-totustuus.it\/cattolica\/wp-json\/wp\/v2\/users\/6"}],"replies":[{"embeddable":true,"href":"https:\/\/www.rassegnastampa-totustuus.it\/cattolica\/wp-json\/wp\/v2\/comments?post=61805"}],"version-history":[{"count":4,"href":"https:\/\/www.rassegnastampa-totustuus.it\/cattolica\/wp-json\/wp\/v2\/posts\/61805\/revisions"}],"predecessor-version":[{"id":62048,"href":"https:\/\/www.rassegnastampa-totustuus.it\/cattolica\/wp-json\/wp\/v2\/posts\/61805\/revisions\/62048"}],"wp:featuredmedia":[{"embeddable":true,"href":"https:\/\/www.rassegnastampa-totustuus.it\/cattolica\/wp-json\/wp\/v2\/media\/22323"}],"wp:attachment":[{"href":"https:\/\/www.rassegnastampa-totustuus.it\/cattolica\/wp-json\/wp\/v2\/media?parent=61805"}],"wp:term":[{"taxonomy":"category","embeddable":true,"href":"https:\/\/www.rassegnastampa-totustuus.it\/cattolica\/wp-json\/wp\/v2\/categories?post=61805"},{"taxonomy":"post_tag","embeddable":true,"href":"https:\/\/www.rassegnastampa-totustuus.it\/cattolica\/wp-json\/wp\/v2\/tags?post=61805"}],"curies":[{"name":"wp","href":"https:\/\/api.w.org\/{rel}","templated":true}]}}