{"id":61796,"date":"2024-12-16T13:13:03","date_gmt":"2024-12-16T12:13:03","guid":{"rendered":"https:\/\/www.rassegnastampa-totustuus.it\/cattolica\/?p=61796"},"modified":"2025-01-29T15:52:48","modified_gmt":"2025-01-29T14:52:48","slug":"cane-cristiano-vattene-la-sharia-e-gia-il-presente-della-siria","status":"publish","type":"post","link":"https:\/\/www.rassegnastampa-totustuus.it\/cattolica\/cane-cristiano-vattene-la-sharia-e-gia-il-presente-della-siria\/","title":{"rendered":"\u00abCane cristiano, vattene\u00bb. La sharia \u00e8 gi\u00e0 il presente della Siria"},"content":{"rendered":"\n<p class=\"has-text-align-center\"><span style=\"color: #0000ff;\"><strong><a style=\"color: #0000ff;\" href=\"https:\/\/www.tempi.it\/\" target=\"_blank\" rel=\"noopener\">Tempi<\/a> <\/strong><\/span>1<span style=\"color: #000000;\">6 Dicembre 2024 <\/span><\/p>\n\n\n\n<p><span style=\"color: #000000;\"><em>Alawiti derubati e perseguitati, cristiani picchiati e insultati, donne obbligate a portare il velo e a uscire solo se accompagnate da uomini come in Afghanistan. Ecco la nuova Siria del \u201cmoderato\u201d Al-Jolani<\/em> <\/span><\/p>\n\n\n\n<p class=\"has-text-align-center\"><span style=\"color: #000000;\">di <strong>Leone Grotti<\/strong><\/span><\/p>\n\n\n<div class=\"wp-block-image\">\n<figure class=\"aligncenter size-full is-resized\"><a href=\"https:\/\/www.rassegnastampa-totustuus.it\/cattolica\/wp-content\/uploads\/2024\/12\/siria_ribelli.jpg\"><img loading=\"lazy\" decoding=\"async\" width=\"185\" height=\"132\" src=\"https:\/\/www.rassegnastampa-totustuus.it\/cattolica\/wp-content\/uploads\/2024\/12\/siria_ribelli.jpg\" alt=\"\" class=\"wp-image-61797\" style=\"width:371px;height:auto\"\/><\/a><\/figure><\/div>\n\n\n<!--more-->\n\n\n\n<p>\u00abSpero che si sia trattato di un caso isolato e non un segnale di ci\u00f2 che succeder\u00e0\u00bb. <span style=\"color: #0000ff;\"><strong><a style=\"color: #0000ff;\" href=\"https:\/\/www.instagram.com\/p\/DDXODz2OTg2\/\" target=\"_blank\" rel=\"noopener\">Eliana Saad <\/a><\/strong><\/span>\u00e8 un\u2019attrice di 32 anni molto conosciuta in Siria. Musulmana sunnita, \u00e8 tutto fuorch\u00e9 una sostenitrice del regime di Bashar al-Assad ma ci\u00f2 che le \u00e8 accaduto marted\u00ec a Damasco l\u2019ha spaventata.<\/p>\n\n\n<div class=\"wp-block-image\">\n<figure class=\"aligncenter size-full is-resized\"><a href=\"https:\/\/www.rassegnastampa-totustuus.it\/cattolica\/wp-content\/uploads\/2023\/03\/islam_donne_burka_Afghanistan.jpg\"><img loading=\"lazy\" decoding=\"async\" width=\"300\" height=\"168\" src=\"https:\/\/www.rassegnastampa-totustuus.it\/cattolica\/wp-content\/uploads\/2023\/03\/islam_donne_burka_Afghanistan.jpg\" alt=\"\" class=\"wp-image-55796\" style=\"width:430px;height:auto\"\/><\/a><\/figure><\/div>\n\n\n<p>La donna viaggiava insieme a degli amici nella capitale quando \u00e8 stata fermata a un posto di blocco dei jihadisti di Hts, gli uomini di <span style=\"color: #0000ff;\"><strong><a style=\"color: #0000ff;\" href=\"https:\/\/www.tempi.it\/al-jolani-dissimulazione-ingannare-occidente\/\" target=\"_blank\" rel=\"noopener\">Abu Muhammad al-Jolani<\/a><\/strong><\/span>, l\u2019ex soldato dell\u2019Isis e di Al-Qaeda, che i giornali italiani e internazionali fanno a gara a descrivere come \u201cliberatore\u201d della Siria, sincero democratico e islamista \u201cmoderato\u201d.<\/p>\n\n\n\n<p><span style=\"color: #000000;\">\u00abCi hanno fermati, hanno chiesto al mio amico la carta d\u2019identit\u00e0 e poi ci hanno detto: \u201cOra siamo in un paese islamico, non ci pu\u00f2 essere amicizia tra uomo e donna. E la ragazza non pu\u00f2 uscire di casa se non \u00e8 accompagnata da un uomo della sua famiglia, suo fratello o suo marito\u201d\u00bb, ha raccontato Saad in un video su Instagram. L\u2019islamista ha poi chiesto all\u2019uomo se fosse un musulmano sunnita o un druso.<\/span><\/p>\n\n\n\n<p><span style=\"color: #000000;\">\u00abQuesto \u00e8 quello che \u00e8 successo a me, ripeto, e spero con tutto il cuore che si tratti di un caso isolato. Ma avevo bisogno di raccontarlo\u00bb, ha concluso il filmato l\u2019attrice, visibilmente preoccupata.<\/span><\/p>\n\n\n<div class=\"wp-block-image\">\n<figure class=\"aligncenter size-full is-resized\"><a href=\"https:\/\/www.rassegnastampa-totustuus.it\/cattolica\/wp-content\/uploads\/2010\/09\/Al-Quaeda.jpg\"><img loading=\"lazy\" decoding=\"async\" width=\"228\" height=\"221\" src=\"https:\/\/www.rassegnastampa-totustuus.it\/cattolica\/wp-content\/uploads\/2010\/09\/Al-Quaeda.jpg\" alt=\"\" class=\"wp-image-21494\" style=\"width:328px;height:auto\"\/><\/a><\/figure><\/div>\n\n\n<h4 class=\"wp-block-heading has-text-align-center\"><span style=\"color: #000000;\"><strong>\u00abLa Siria ora \u00e8 uno stato islamico\u00bb<\/strong><\/span><\/h4>\n\n\n\n<p><span style=\"color: #000000;\">I timori di Saad sono pi\u00f9 diffusi in Siria di quanto racconti la stampa nazionale e internazionale. Non \u00e8 passato inosservato, ad esempio, che il premier ad interim della Siria, Mohammad al-Bashir, abbiamo parlato alla nazione con due bandiere alle spalle: quella della Siria ribelle (con tre stelle invece di due) e quella bianca dei jihadisti con sopra scritta la professione di fede islamica.<\/span><\/p>\n\n\n\n<p><span style=\"color: #000000;\">La bandiera \u00e8 quasi identica a quella dei talebani e suggerisce quello che i miliziani gridano in centinaia di video disponibili online: \u00abLa Siria ora \u00e8 uno stato islamico\u00bb. E come in ogni stato islamico che si rispetti, la libert\u00e0 concessa ai singoli \u00e8 ben definita dalla sharia e non \u00e8 uguale per tutti.<\/span><\/p>\n\n\n\n<h4 class=\"wp-block-heading has-text-align-center\"><span style=\"color: #000000;\"><strong>Il ministro laureato in shari<\/strong><\/span><\/h4>\n\n\n\n<p><span style=\"color: #000000;\">Che la Siria sar\u00e0 governata dalla sharia ci sono pochi dubbi, anche se ora i nuovi padroni di Damasco si riempiono la bocca di parole al miele che grondano dissimulazione, tolleranza e uguaglianza.<\/span><\/p>\n\n\n\n<p><span style=\"color: #000000;\">Il nuovo ministro della Giustizia del governo di transizione siriano<\/span> \u00e8 <strong><a href=\"https:\/\/syriansg.org\/%D9%88%D8%B2%D9%8A%D8%B1-%D8%A7%D9%84%D8%B9%D8%AF%D9%84\/\"><span style=\"color: #0000ff;\">Shadi al-Wais<\/span>i<\/a><\/strong>, <span style=\"color: #000000;\">un uomo che alla legge islamica ha dedicato la sua vita. Imam e predicatore ad Aleppo per sette anni, ha una laurea in sharia islamica. Nel quartiere aleppino di Dhahret Awad ha istituito un tribunale della sharia, dove ha lavorato come giudice.<\/span><\/p>\n\n\n\n<p><span style=\"color: #000000;\">Appena nominato, proprio come i talebani in Afghanistan, si \u00e8 espresso contro la possibilit\u00e0 che le donne lavorino come magistrati nella nuova Siria, annunciando che tutti i casi a loro affidati saranno passati a un uomo.<\/span><\/p>\n\n\n\n<h4 class=\"wp-block-heading has-text-align-center\"><span style=\"color: #000000;\"><strong>L\u2019ordine alle donne: \u00abIndossate il velo\u00bb<\/strong><\/span><\/h4>\n\n\n<div class=\"wp-block-image\">\n<figure class=\"aligncenter size-full is-resized\"><a href=\"https:\/\/www.rassegnastampa-totustuus.it\/cattolica\/wp-content\/uploads\/2004\/11\/islam_integralismo.jpg\"><img loading=\"lazy\" decoding=\"async\" width=\"309\" height=\"163\" src=\"https:\/\/www.rassegnastampa-totustuus.it\/cattolica\/wp-content\/uploads\/2004\/11\/islam_integralismo.jpg\" alt=\"\" class=\"wp-image-43300\" style=\"width:477px;height:auto\" srcset=\"https:\/\/www.rassegnastampa-totustuus.it\/cattolica\/wp-content\/uploads\/2004\/11\/islam_integralismo.jpg 309w, https:\/\/www.rassegnastampa-totustuus.it\/cattolica\/wp-content\/uploads\/2004\/11\/islam_integralismo-300x158.jpg 300w\" sizes=\"auto, (max-width: 309px) 100vw, 309px\" \/><\/a><\/figure><\/div>\n\n\n<p><span style=\"color: #000000;\">In tanti sostengono in questi giorni che le donne in Siria non faranno la fine di quelle in Afghanistan, ma sarebbe pi\u00f9 prudente moderare gli entusiasmi a fronte dei tanti filmati che circolano online e che mostrano i jihadisti di Hts girare per le strade delle citt\u00e0 siriane a bordo di pick-up, annunciando con gli altoparlanti che le donne dovranno indossare il velo.<\/span><\/p>\n\n\n\n<p><span style=\"color: #000000;\">Lo stesso Al-Jolani ha ordinato a una donna di mettersi il velo prima di farsi fotografare al suo fianco.<\/span><\/p>\n\n\n\n<h4 class=\"wp-block-heading has-text-align-center\"><strong>\u00abCane cristiano vattene dalla Siria\u00bb<\/strong><\/h4>\n\n\n\n<p><span style=\"color: #000000;\">Nell\u2019ultima settimana i tagliagole di Al-Jolani hanno insistito sul fatto che non discrimineranno nessuno in base alla religione. Ma anche in questo senso non mancano i segnali inquietanti. Come la testimonianza consegnata a internet dal noto attore Samer Ismail: \u00abDei ribelli hanno fatto irruzione in casa mia, hanno distrutto tutto, poi hanno preso le chiavi della mia auto e l\u2019hanno rubata. Gli ho chiesto: \u201cPerch\u00e9 fate questo?\u201d e loro hanno risposto: \u201cPerch\u00e9 sei alawita\u201d\u00bb.<\/span><\/p>\n\n\n\n<p><span style=\"color: #000000;\">Non solo gli alawiti \u2013 setta sciita di minoranza portata al potere da Bashar al-Assad \u2013 sono in pericolo. Padre Michel Naaman, sacerdote siro-cattolico molto conosciuto a Homs, ha denunciato che un contadino cristiano \u00e8 stato picchiato e insultato da un gruppo di musulmani: \u00abInfedele, cane cristiano. Vattene, questa \u00e8 la nostra terra\u00bb, gli avrebbero detto.<\/span><\/p>\n\n\n\n<h4 class=\"wp-block-heading has-text-align-center\"><span style=\"color: #000000;\"><strong>I cristiani considerati \u201cdhimmi\u201d<\/strong><\/span><\/h4>\n\n\n\n<p><span style=\"color: #000000;\">Ad Aleppo, i nuovi governanti hanno assicurato a tutti i vescovi della citt\u00e0 che i cristiani saranno rispettati.&nbsp;<\/span><strong><a href=\"https:\/\/www.fides.org\/it\/news\/75777-ASIA_SIRIA_Aleppo_nuovo_incontro_tra_rappresentanti_cristiani_e_gruppi_islamisti_Il_Vescovo_Audo_si_mostrano_rispettosi_delle_nostre_tradizioni\" target=\"_blank\" rel=\"noopener\"><span style=\"color: #0000ff;\">Ma come si evince da quanto riferito a&nbsp;<em>Fides&nbsp;<\/em>da monsignor Antoine Audo<\/span><\/a><\/strong>, <span style=\"color: #000000;\">vescovo caldeo della citt\u00e0, la prospettiva \u00e8 sempre quella della legge islamica:<\/span><\/p>\n\n\n\n<p><span style=\"color: #000000;\"><em>\u00abCercano di dare fiducia mostrandosi rispettosi delle nostre tradizioni e delle nostre preghiere. Io ho detto a loro che noi come cristiani arabi rappresentiamo una realt\u00e0 unica nella storia e nel mondo. Ho richiamato qualche esempio della storia degli arabi musulmani con i cristiani, e del contributo dei cristiani a questa storia. Ho aggiunto che la condizione dei \u201cDhimmi\u201d pu\u00f2 essere interpretato in senso negativo e in senso positivo, che i cristiani non possono essere cittadini di seconda classe, e dobbiamo avorare insieme. Loro apparivano molto interessati a queste considerazioni\u00bb.<\/em><\/span><\/p>\n\n\n\n<p>In un video pubblicato online, si vede ad Aleppo un islamista che approccia due donne cristiane e le saluta <span style=\"color: #0000ff;\"><strong><a style=\"color: #0000ff;\" href=\"https:\/\/www.tempi.it\/i-terroristi-in-siria-chiamano-i-cristiani-nazara-come-lisis-a-mosul\/\" target=\"_blank\" rel=\"noopener\">chiamandole con l\u2019appellativo \u201cnazara\u201d<\/a><\/strong><\/span>, lo stesso utilizzato dall\u2019Isis a Mosul.<\/p>\n\n\n\n<h4 class=\"wp-block-heading has-text-align-center\"><strong>\u00abGerusalemme, stiamo arrivando\u00bb<\/strong><\/h4>\n\n\n<div class=\"wp-block-image\">\n<figure class=\"aligncenter size-large is-resized\"><a href=\"https:\/\/www.rassegnastampa-totustuus.it\/cattolica\/wp-content\/uploads\/2019\/12\/gerusalemme_israele.jpg\"><img loading=\"lazy\" decoding=\"async\" width=\"1024\" height=\"640\" src=\"https:\/\/www.rassegnastampa-totustuus.it\/cattolica\/wp-content\/uploads\/2019\/12\/gerusalemme_israele-1024x640.jpg\" alt=\"\" class=\"wp-image-45432\" style=\"width:435px;height:auto\" srcset=\"https:\/\/www.rassegnastampa-totustuus.it\/cattolica\/wp-content\/uploads\/2019\/12\/gerusalemme_israele-1024x640.jpg 1024w, https:\/\/www.rassegnastampa-totustuus.it\/cattolica\/wp-content\/uploads\/2019\/12\/gerusalemme_israele-300x188.jpg 300w, https:\/\/www.rassegnastampa-totustuus.it\/cattolica\/wp-content\/uploads\/2019\/12\/gerusalemme_israele-768x480.jpg 768w, https:\/\/www.rassegnastampa-totustuus.it\/cattolica\/wp-content\/uploads\/2019\/12\/gerusalemme_israele.jpg 1920w\" sizes=\"auto, (max-width: 1024px) 100vw, 1024px\" \/><\/a><\/figure><\/div>\n\n\n<p><span style=\"color: #000000;\">Per quanto riguarda la presunta moderazione dei soldati di Hts,<\/span> <strong><a href=\"https:\/\/www.memri.org\/tv\/hts-militants-damascus-jerusalem-al-aqsa-mecca-medina\" target=\"_blank\" rel=\"noopener\"><span style=\"color: #0000ff;\">un video registrato l\u20198 dicembre<\/span> <\/a><\/strong><span style=\"color: #000000;\">davanti alla moschea Umayyad a Damasco dice tutto. Un gruppo di miliziani, con la bandiera islamista ben in vista, gridano: <em>\u00abSiamo entrati nella moschea Umayyad, questa \u00e8 Damasco, la terra dell\u2019islam. Questo \u00e8 il campo dei musulmani. Da qui arriveremo, Gerusalemme. Entreremo nella moschea Al-Aqsa, a Dio piacendo. Sii paziente, popolo di Gaza. Allahu Akbar\u00bb.<\/em><\/span><\/p>\n\n\n\n<p><strong><a href=\"https:\/\/www.tempi.it\/un-jihadista-non-puo-cambiare-la-siria-sara-un-regime-islamico-totalitario\/\" target=\"_blank\" rel=\"noopener\"><span style=\"color: #0000ff;\">Come dichiarava a <\/span><em><span style=\"color: #0000ff;\">Temp<\/span>i<\/em><\/a><\/strong> <span style=\"color: #000000;\">l\u2019inviato di guerra della <em>Stampa<\/em>, Domenico Quirico, \u00abun jihadista pu\u00f2 cambiare nome quante volte vuole, ma non cambier\u00e0 mai testa. Vale anche per la Siria. E i regimi islamici, pur con sfumature diverse, sono tutti uguali: stati totalitari con un solo dio, un solo libro e una sola legge. Tutto qui\u00bb.<\/span><\/p>\n\n\n\n<p>_________________________________________<\/p>\n\n\n\n<p><strong><span style=\"color: #000000;\">Leggi anche:<\/span><\/strong><\/p>\n\n\n\n<p><a href=\"https:\/\/www.rassegnastampa-totustuus.it\/cattolica\/con-la-caduta-di-assad-ha-perso-anche-loccidente\/\" target=\"_blank\" rel=\"noopener\"><span style=\"color: #0000ff;\">Non illudiamoci, con la caduta di Assad ha perso anche l\u2019Occidente. Ecco perch\u00e9.<\/span><\/a><\/p>\n\n\n\n<p><\/p>\n","protected":false},"excerpt":{"rendered":"<p>Alawiti derubati e perseguitati, cristiani picchiati e insultati, donne obbligate a portare il velo e a uscire solo se accompagnate da uomini come in Afghanistan. Ecco la nuova Siria del \u201cmoderato\u201d Al-Jolani <\/p>\n","protected":false},"author":6,"featured_media":61797,"comment_status":"closed","ping_status":"closed","sticky":false,"template":"","format":"standard","meta":{"footnotes":""},"categories":[108,19],"tags":[380,2574,161,440],"class_list":["post-61796","post","type-post","status-publish","format-standard","has-post-thumbnail","hentry","category-paesi-e-continenti","category-politica-internazionale","tag-cristiani-nellislam","tag-integralismo","tag-islam-2","tag-siria","item-wrap"],"yoast_head":"<!-- This site is optimized with the Yoast SEO plugin v27.5 - https:\/\/yoast.com\/product\/yoast-seo-wordpress\/ -->\n<title>\u00abCane cristiano, vattene\u00bb. La sharia \u00e8 gi\u00e0 il presente della Siria - Rassegna Stampa Cattolica<\/title>\n<meta name=\"description\" content=\"Cane cristiano, vattene. La sharia \u00e8 gi\u00e0 il presente della Siria. Alawiti derubati e perseguitati, cristiani picchiati e insultati,\" \/>\n<meta name=\"robots\" content=\"index, follow, max-snippet:-1, max-image-preview:large, max-video-preview:-1\" \/>\n<link rel=\"canonical\" href=\"https:\/\/www.rassegnastampa-totustuus.it\/cattolica\/cane-cristiano-vattene-la-sharia-e-gia-il-presente-della-siria\/\" \/>\n<meta property=\"og:locale\" content=\"it_IT\" \/>\n<meta property=\"og:type\" content=\"article\" \/>\n<meta property=\"og:title\" content=\"\u00abCane cristiano, vattene\u00bb. La sharia \u00e8 gi\u00e0 il presente della Siria - Rassegna Stampa Cattolica\" \/>\n<meta property=\"og:description\" content=\"Cane cristiano, vattene. La sharia \u00e8 gi\u00e0 il presente della Siria. Alawiti derubati e perseguitati, cristiani picchiati e insultati,\" \/>\n<meta property=\"og:url\" content=\"https:\/\/www.rassegnastampa-totustuus.it\/cattolica\/cane-cristiano-vattene-la-sharia-e-gia-il-presente-della-siria\/\" \/>\n<meta property=\"og:site_name\" content=\"Rassegna Stampa Cattolica\" \/>\n<meta property=\"article:publisher\" content=\"https:\/\/www.facebook.com\/rassegnastampacattolica\" \/>\n<meta property=\"article:published_time\" content=\"2024-12-16T12:13:03+00:00\" \/>\n<meta property=\"article:modified_time\" content=\"2025-01-29T14:52:48+00:00\" \/>\n<meta property=\"og:image\" content=\"https:\/\/www.rassegnastampa-totustuus.it\/cattolica\/wp-content\/uploads\/2024\/12\/siria_ribelli.jpg\" \/>\n\t<meta property=\"og:image:width\" content=\"185\" \/>\n\t<meta property=\"og:image:height\" content=\"132\" \/>\n\t<meta property=\"og:image:type\" content=\"image\/jpeg\" \/>\n<meta name=\"author\" content=\"Redazione\" \/>\n<meta name=\"twitter:card\" content=\"summary_large_image\" \/>\n<meta name=\"twitter:creator\" content=\"@rassegnastampa9\" \/>\n<meta name=\"twitter:site\" content=\"@rassegnastampa9\" \/>\n<meta name=\"twitter:label1\" content=\"Scritto da\" \/>\n\t<meta name=\"twitter:data1\" content=\"Redazione\" \/>\n\t<meta name=\"twitter:label2\" content=\"Tempo di lettura stimato\" \/>\n\t<meta name=\"twitter:data2\" content=\"7 minuti\" \/>\n<script type=\"application\/ld+json\" class=\"yoast-schema-graph\">{\"@context\":\"https:\\\/\\\/schema.org\",\"@graph\":[{\"@type\":\"Article\",\"@id\":\"https:\\\/\\\/www.rassegnastampa-totustuus.it\\\/cattolica\\\/cane-cristiano-vattene-la-sharia-e-gia-il-presente-della-siria\\\/#article\",\"isPartOf\":{\"@id\":\"https:\\\/\\\/www.rassegnastampa-totustuus.it\\\/cattolica\\\/cane-cristiano-vattene-la-sharia-e-gia-il-presente-della-siria\\\/\"},\"author\":{\"name\":\"Redazione\",\"@id\":\"https:\\\/\\\/www.rassegnastampa-totustuus.it\\\/cattolica\\\/#\\\/schema\\\/person\\\/08f319d2bd1a0904ad9e2bfb7b15e5c3\"},\"headline\":\"\u00abCane cristiano, vattene\u00bb. La sharia \u00e8 gi\u00e0 il presente della Siria\",\"datePublished\":\"2024-12-16T12:13:03+00:00\",\"dateModified\":\"2025-01-29T14:52:48+00:00\",\"mainEntityOfPage\":{\"@id\":\"https:\\\/\\\/www.rassegnastampa-totustuus.it\\\/cattolica\\\/cane-cristiano-vattene-la-sharia-e-gia-il-presente-della-siria\\\/\"},\"wordCount\":1043,\"publisher\":{\"@id\":\"https:\\\/\\\/www.rassegnastampa-totustuus.it\\\/cattolica\\\/#organization\"},\"image\":{\"@id\":\"https:\\\/\\\/www.rassegnastampa-totustuus.it\\\/cattolica\\\/cane-cristiano-vattene-la-sharia-e-gia-il-presente-della-siria\\\/#primaryimage\"},\"thumbnailUrl\":\"https:\\\/\\\/www.rassegnastampa-totustuus.it\\\/cattolica\\\/wp-content\\\/uploads\\\/2024\\\/12\\\/siria_ribelli.jpg\",\"keywords\":[\"cristiani nell'Islam\",\"integralismo\",\"islam\",\"Siria\"],\"articleSection\":[\"Paesi e continenti\",\"Politica internazionale\"],\"inLanguage\":\"it-IT\"},{\"@type\":\"WebPage\",\"@id\":\"https:\\\/\\\/www.rassegnastampa-totustuus.it\\\/cattolica\\\/cane-cristiano-vattene-la-sharia-e-gia-il-presente-della-siria\\\/\",\"url\":\"https:\\\/\\\/www.rassegnastampa-totustuus.it\\\/cattolica\\\/cane-cristiano-vattene-la-sharia-e-gia-il-presente-della-siria\\\/\",\"name\":\"\u00abCane cristiano, vattene\u00bb. La sharia \u00e8 gi\u00e0 il presente della Siria - Rassegna Stampa Cattolica\",\"isPartOf\":{\"@id\":\"https:\\\/\\\/www.rassegnastampa-totustuus.it\\\/cattolica\\\/#website\"},\"primaryImageOfPage\":{\"@id\":\"https:\\\/\\\/www.rassegnastampa-totustuus.it\\\/cattolica\\\/cane-cristiano-vattene-la-sharia-e-gia-il-presente-della-siria\\\/#primaryimage\"},\"image\":{\"@id\":\"https:\\\/\\\/www.rassegnastampa-totustuus.it\\\/cattolica\\\/cane-cristiano-vattene-la-sharia-e-gia-il-presente-della-siria\\\/#primaryimage\"},\"thumbnailUrl\":\"https:\\\/\\\/www.rassegnastampa-totustuus.it\\\/cattolica\\\/wp-content\\\/uploads\\\/2024\\\/12\\\/siria_ribelli.jpg\",\"datePublished\":\"2024-12-16T12:13:03+00:00\",\"dateModified\":\"2025-01-29T14:52:48+00:00\",\"description\":\"Cane cristiano, vattene. La sharia \u00e8 gi\u00e0 il presente della Siria. Alawiti derubati e perseguitati, cristiani picchiati e insultati,\",\"breadcrumb\":{\"@id\":\"https:\\\/\\\/www.rassegnastampa-totustuus.it\\\/cattolica\\\/cane-cristiano-vattene-la-sharia-e-gia-il-presente-della-siria\\\/#breadcrumb\"},\"inLanguage\":\"it-IT\",\"potentialAction\":[{\"@type\":\"ReadAction\",\"target\":[\"https:\\\/\\\/www.rassegnastampa-totustuus.it\\\/cattolica\\\/cane-cristiano-vattene-la-sharia-e-gia-il-presente-della-siria\\\/\"]}]},{\"@type\":\"ImageObject\",\"inLanguage\":\"it-IT\",\"@id\":\"https:\\\/\\\/www.rassegnastampa-totustuus.it\\\/cattolica\\\/cane-cristiano-vattene-la-sharia-e-gia-il-presente-della-siria\\\/#primaryimage\",\"url\":\"https:\\\/\\\/www.rassegnastampa-totustuus.it\\\/cattolica\\\/wp-content\\\/uploads\\\/2024\\\/12\\\/siria_ribelli.jpg\",\"contentUrl\":\"https:\\\/\\\/www.rassegnastampa-totustuus.it\\\/cattolica\\\/wp-content\\\/uploads\\\/2024\\\/12\\\/siria_ribelli.jpg\",\"width\":185,\"height\":132},{\"@type\":\"BreadcrumbList\",\"@id\":\"https:\\\/\\\/www.rassegnastampa-totustuus.it\\\/cattolica\\\/cane-cristiano-vattene-la-sharia-e-gia-il-presente-della-siria\\\/#breadcrumb\",\"itemListElement\":[{\"@type\":\"ListItem\",\"position\":1,\"name\":\"Home\",\"item\":\"https:\\\/\\\/www.rassegnastampa-totustuus.it\\\/cattolica\\\/\"},{\"@type\":\"ListItem\",\"position\":2,\"name\":\"\u00abCane cristiano, vattene\u00bb. La sharia \u00e8 gi\u00e0 il presente della Siria\"}]},{\"@type\":\"WebSite\",\"@id\":\"https:\\\/\\\/www.rassegnastampa-totustuus.it\\\/cattolica\\\/#website\",\"url\":\"https:\\\/\\\/www.rassegnastampa-totustuus.it\\\/cattolica\\\/\",\"name\":\"Rassegna Stampa Cattolica\",\"description\":\"Per una cultura che nasce dalla Rivelazione cristiana in conformit\u00e0 alla tradizione e al Magistero della Chiesa in opposizione ad ogni relativismo e totalitarismo\",\"publisher\":{\"@id\":\"https:\\\/\\\/www.rassegnastampa-totustuus.it\\\/cattolica\\\/#organization\"},\"alternateName\":\"Rass. Cattolica\",\"potentialAction\":[{\"@type\":\"SearchAction\",\"target\":{\"@type\":\"EntryPoint\",\"urlTemplate\":\"https:\\\/\\\/www.rassegnastampa-totustuus.it\\\/cattolica\\\/?s={search_term_string}\"},\"query-input\":{\"@type\":\"PropertyValueSpecification\",\"valueRequired\":true,\"valueName\":\"search_term_string\"}}],\"inLanguage\":\"it-IT\"},{\"@type\":\"Organization\",\"@id\":\"https:\\\/\\\/www.rassegnastampa-totustuus.it\\\/cattolica\\\/#organization\",\"name\":\"Rassegna Stampa Cattolica\",\"url\":\"https:\\\/\\\/www.rassegnastampa-totustuus.it\\\/cattolica\\\/\",\"logo\":{\"@type\":\"ImageObject\",\"inLanguage\":\"it-IT\",\"@id\":\"https:\\\/\\\/www.rassegnastampa-totustuus.it\\\/cattolica\\\/#\\\/schema\\\/logo\\\/image\\\/\",\"url\":\"https:\\\/\\\/www.rassegnastampa-totustuus.it\\\/cattolica\\\/wp-content\\\/uploads\\\/2014\\\/04\\\/logo-rassegna1.gif\",\"contentUrl\":\"https:\\\/\\\/www.rassegnastampa-totustuus.it\\\/cattolica\\\/wp-content\\\/uploads\\\/2014\\\/04\\\/logo-rassegna1.gif\",\"width\":600,\"height\":163,\"caption\":\"Rassegna Stampa Cattolica\"},\"image\":{\"@id\":\"https:\\\/\\\/www.rassegnastampa-totustuus.it\\\/cattolica\\\/#\\\/schema\\\/logo\\\/image\\\/\"},\"sameAs\":[\"https:\\\/\\\/www.facebook.com\\\/rassegnastampacattolica\",\"https:\\\/\\\/x.com\\\/rassegnastampa9\"]},{\"@type\":\"Person\",\"@id\":\"https:\\\/\\\/www.rassegnastampa-totustuus.it\\\/cattolica\\\/#\\\/schema\\\/person\\\/08f319d2bd1a0904ad9e2bfb7b15e5c3\",\"name\":\"Redazione\",\"image\":{\"@type\":\"ImageObject\",\"inLanguage\":\"it-IT\",\"@id\":\"https:\\\/\\\/secure.gravatar.com\\\/avatar\\\/2fcdf27c78ea025fbdb44e914cc63c72249ffec9dc8aafd5c82b26240ef3f346?s=96&d=mm&r=g\",\"url\":\"https:\\\/\\\/secure.gravatar.com\\\/avatar\\\/2fcdf27c78ea025fbdb44e914cc63c72249ffec9dc8aafd5c82b26240ef3f346?s=96&d=mm&r=g\",\"contentUrl\":\"https:\\\/\\\/secure.gravatar.com\\\/avatar\\\/2fcdf27c78ea025fbdb44e914cc63c72249ffec9dc8aafd5c82b26240ef3f346?s=96&d=mm&r=g\",\"caption\":\"Redazione\"},\"url\":\"https:\\\/\\\/www.rassegnastampa-totustuus.it\\\/cattolica\\\/author\\\/pietroelle\\\/\"}]}<\/script>\n<!-- \/ Yoast SEO plugin. -->","yoast_head_json":{"title":"\u00abCane cristiano, vattene\u00bb. La sharia \u00e8 gi\u00e0 il presente della Siria - Rassegna Stampa Cattolica","description":"Cane cristiano, vattene. La sharia \u00e8 gi\u00e0 il presente della Siria. Alawiti derubati e perseguitati, cristiani picchiati e insultati,","robots":{"index":"index","follow":"follow","max-snippet":"max-snippet:-1","max-image-preview":"max-image-preview:large","max-video-preview":"max-video-preview:-1"},"canonical":"https:\/\/www.rassegnastampa-totustuus.it\/cattolica\/cane-cristiano-vattene-la-sharia-e-gia-il-presente-della-siria\/","og_locale":"it_IT","og_type":"article","og_title":"\u00abCane cristiano, vattene\u00bb. La sharia \u00e8 gi\u00e0 il presente della Siria - Rassegna Stampa Cattolica","og_description":"Cane cristiano, vattene. La sharia \u00e8 gi\u00e0 il presente della Siria. Alawiti derubati e perseguitati, cristiani picchiati e insultati,","og_url":"https:\/\/www.rassegnastampa-totustuus.it\/cattolica\/cane-cristiano-vattene-la-sharia-e-gia-il-presente-della-siria\/","og_site_name":"Rassegna Stampa Cattolica","article_publisher":"https:\/\/www.facebook.com\/rassegnastampacattolica","article_published_time":"2024-12-16T12:13:03+00:00","article_modified_time":"2025-01-29T14:52:48+00:00","og_image":[{"width":185,"height":132,"url":"https:\/\/www.rassegnastampa-totustuus.it\/cattolica\/wp-content\/uploads\/2024\/12\/siria_ribelli.jpg","type":"image\/jpeg"}],"author":"Redazione","twitter_card":"summary_large_image","twitter_creator":"@rassegnastampa9","twitter_site":"@rassegnastampa9","twitter_misc":{"Scritto da":"Redazione","Tempo di lettura stimato":"7 minuti"},"schema":{"@context":"https:\/\/schema.org","@graph":[{"@type":"Article","@id":"https:\/\/www.rassegnastampa-totustuus.it\/cattolica\/cane-cristiano-vattene-la-sharia-e-gia-il-presente-della-siria\/#article","isPartOf":{"@id":"https:\/\/www.rassegnastampa-totustuus.it\/cattolica\/cane-cristiano-vattene-la-sharia-e-gia-il-presente-della-siria\/"},"author":{"name":"Redazione","@id":"https:\/\/www.rassegnastampa-totustuus.it\/cattolica\/#\/schema\/person\/08f319d2bd1a0904ad9e2bfb7b15e5c3"},"headline":"\u00abCane cristiano, vattene\u00bb. La sharia \u00e8 gi\u00e0 il presente della Siria","datePublished":"2024-12-16T12:13:03+00:00","dateModified":"2025-01-29T14:52:48+00:00","mainEntityOfPage":{"@id":"https:\/\/www.rassegnastampa-totustuus.it\/cattolica\/cane-cristiano-vattene-la-sharia-e-gia-il-presente-della-siria\/"},"wordCount":1043,"publisher":{"@id":"https:\/\/www.rassegnastampa-totustuus.it\/cattolica\/#organization"},"image":{"@id":"https:\/\/www.rassegnastampa-totustuus.it\/cattolica\/cane-cristiano-vattene-la-sharia-e-gia-il-presente-della-siria\/#primaryimage"},"thumbnailUrl":"https:\/\/www.rassegnastampa-totustuus.it\/cattolica\/wp-content\/uploads\/2024\/12\/siria_ribelli.jpg","keywords":["cristiani nell'Islam","integralismo","islam","Siria"],"articleSection":["Paesi e continenti","Politica internazionale"],"inLanguage":"it-IT"},{"@type":"WebPage","@id":"https:\/\/www.rassegnastampa-totustuus.it\/cattolica\/cane-cristiano-vattene-la-sharia-e-gia-il-presente-della-siria\/","url":"https:\/\/www.rassegnastampa-totustuus.it\/cattolica\/cane-cristiano-vattene-la-sharia-e-gia-il-presente-della-siria\/","name":"\u00abCane cristiano, vattene\u00bb. La sharia \u00e8 gi\u00e0 il presente della Siria - Rassegna Stampa Cattolica","isPartOf":{"@id":"https:\/\/www.rassegnastampa-totustuus.it\/cattolica\/#website"},"primaryImageOfPage":{"@id":"https:\/\/www.rassegnastampa-totustuus.it\/cattolica\/cane-cristiano-vattene-la-sharia-e-gia-il-presente-della-siria\/#primaryimage"},"image":{"@id":"https:\/\/www.rassegnastampa-totustuus.it\/cattolica\/cane-cristiano-vattene-la-sharia-e-gia-il-presente-della-siria\/#primaryimage"},"thumbnailUrl":"https:\/\/www.rassegnastampa-totustuus.it\/cattolica\/wp-content\/uploads\/2024\/12\/siria_ribelli.jpg","datePublished":"2024-12-16T12:13:03+00:00","dateModified":"2025-01-29T14:52:48+00:00","description":"Cane cristiano, vattene. La sharia \u00e8 gi\u00e0 il presente della Siria. Alawiti derubati e perseguitati, cristiani picchiati e insultati,","breadcrumb":{"@id":"https:\/\/www.rassegnastampa-totustuus.it\/cattolica\/cane-cristiano-vattene-la-sharia-e-gia-il-presente-della-siria\/#breadcrumb"},"inLanguage":"it-IT","potentialAction":[{"@type":"ReadAction","target":["https:\/\/www.rassegnastampa-totustuus.it\/cattolica\/cane-cristiano-vattene-la-sharia-e-gia-il-presente-della-siria\/"]}]},{"@type":"ImageObject","inLanguage":"it-IT","@id":"https:\/\/www.rassegnastampa-totustuus.it\/cattolica\/cane-cristiano-vattene-la-sharia-e-gia-il-presente-della-siria\/#primaryimage","url":"https:\/\/www.rassegnastampa-totustuus.it\/cattolica\/wp-content\/uploads\/2024\/12\/siria_ribelli.jpg","contentUrl":"https:\/\/www.rassegnastampa-totustuus.it\/cattolica\/wp-content\/uploads\/2024\/12\/siria_ribelli.jpg","width":185,"height":132},{"@type":"BreadcrumbList","@id":"https:\/\/www.rassegnastampa-totustuus.it\/cattolica\/cane-cristiano-vattene-la-sharia-e-gia-il-presente-della-siria\/#breadcrumb","itemListElement":[{"@type":"ListItem","position":1,"name":"Home","item":"https:\/\/www.rassegnastampa-totustuus.it\/cattolica\/"},{"@type":"ListItem","position":2,"name":"\u00abCane cristiano, vattene\u00bb. La sharia \u00e8 gi\u00e0 il presente della Siria"}]},{"@type":"WebSite","@id":"https:\/\/www.rassegnastampa-totustuus.it\/cattolica\/#website","url":"https:\/\/www.rassegnastampa-totustuus.it\/cattolica\/","name":"Rassegna Stampa Cattolica","description":"Per una cultura che nasce dalla Rivelazione cristiana in conformit\u00e0 alla tradizione e al Magistero della Chiesa in opposizione ad ogni relativismo e totalitarismo","publisher":{"@id":"https:\/\/www.rassegnastampa-totustuus.it\/cattolica\/#organization"},"alternateName":"Rass. Cattolica","potentialAction":[{"@type":"SearchAction","target":{"@type":"EntryPoint","urlTemplate":"https:\/\/www.rassegnastampa-totustuus.it\/cattolica\/?s={search_term_string}"},"query-input":{"@type":"PropertyValueSpecification","valueRequired":true,"valueName":"search_term_string"}}],"inLanguage":"it-IT"},{"@type":"Organization","@id":"https:\/\/www.rassegnastampa-totustuus.it\/cattolica\/#organization","name":"Rassegna Stampa Cattolica","url":"https:\/\/www.rassegnastampa-totustuus.it\/cattolica\/","logo":{"@type":"ImageObject","inLanguage":"it-IT","@id":"https:\/\/www.rassegnastampa-totustuus.it\/cattolica\/#\/schema\/logo\/image\/","url":"https:\/\/www.rassegnastampa-totustuus.it\/cattolica\/wp-content\/uploads\/2014\/04\/logo-rassegna1.gif","contentUrl":"https:\/\/www.rassegnastampa-totustuus.it\/cattolica\/wp-content\/uploads\/2014\/04\/logo-rassegna1.gif","width":600,"height":163,"caption":"Rassegna Stampa Cattolica"},"image":{"@id":"https:\/\/www.rassegnastampa-totustuus.it\/cattolica\/#\/schema\/logo\/image\/"},"sameAs":["https:\/\/www.facebook.com\/rassegnastampacattolica","https:\/\/x.com\/rassegnastampa9"]},{"@type":"Person","@id":"https:\/\/www.rassegnastampa-totustuus.it\/cattolica\/#\/schema\/person\/08f319d2bd1a0904ad9e2bfb7b15e5c3","name":"Redazione","image":{"@type":"ImageObject","inLanguage":"it-IT","@id":"https:\/\/secure.gravatar.com\/avatar\/2fcdf27c78ea025fbdb44e914cc63c72249ffec9dc8aafd5c82b26240ef3f346?s=96&d=mm&r=g","url":"https:\/\/secure.gravatar.com\/avatar\/2fcdf27c78ea025fbdb44e914cc63c72249ffec9dc8aafd5c82b26240ef3f346?s=96&d=mm&r=g","contentUrl":"https:\/\/secure.gravatar.com\/avatar\/2fcdf27c78ea025fbdb44e914cc63c72249ffec9dc8aafd5c82b26240ef3f346?s=96&d=mm&r=g","caption":"Redazione"},"url":"https:\/\/www.rassegnastampa-totustuus.it\/cattolica\/author\/pietroelle\/"}]}},"_links":{"self":[{"href":"https:\/\/www.rassegnastampa-totustuus.it\/cattolica\/wp-json\/wp\/v2\/posts\/61796","targetHints":{"allow":["GET"]}}],"collection":[{"href":"https:\/\/www.rassegnastampa-totustuus.it\/cattolica\/wp-json\/wp\/v2\/posts"}],"about":[{"href":"https:\/\/www.rassegnastampa-totustuus.it\/cattolica\/wp-json\/wp\/v2\/types\/post"}],"author":[{"embeddable":true,"href":"https:\/\/www.rassegnastampa-totustuus.it\/cattolica\/wp-json\/wp\/v2\/users\/6"}],"replies":[{"embeddable":true,"href":"https:\/\/www.rassegnastampa-totustuus.it\/cattolica\/wp-json\/wp\/v2\/comments?post=61796"}],"version-history":[{"count":4,"href":"https:\/\/www.rassegnastampa-totustuus.it\/cattolica\/wp-json\/wp\/v2\/posts\/61796\/revisions"}],"predecessor-version":[{"id":62053,"href":"https:\/\/www.rassegnastampa-totustuus.it\/cattolica\/wp-json\/wp\/v2\/posts\/61796\/revisions\/62053"}],"wp:featuredmedia":[{"embeddable":true,"href":"https:\/\/www.rassegnastampa-totustuus.it\/cattolica\/wp-json\/wp\/v2\/media\/61797"}],"wp:attachment":[{"href":"https:\/\/www.rassegnastampa-totustuus.it\/cattolica\/wp-json\/wp\/v2\/media?parent=61796"}],"wp:term":[{"taxonomy":"category","embeddable":true,"href":"https:\/\/www.rassegnastampa-totustuus.it\/cattolica\/wp-json\/wp\/v2\/categories?post=61796"},{"taxonomy":"post_tag","embeddable":true,"href":"https:\/\/www.rassegnastampa-totustuus.it\/cattolica\/wp-json\/wp\/v2\/tags?post=61796"}],"curies":[{"name":"wp","href":"https:\/\/api.w.org\/{rel}","templated":true}]}}