{"id":61718,"date":"2024-12-08T13:05:22","date_gmt":"2024-12-08T12:05:22","guid":{"rendered":"https:\/\/www.rassegnastampa-totustuus.it\/cattolica\/?p=61718"},"modified":"2025-01-29T16:26:21","modified_gmt":"2025-01-29T15:26:21","slug":"lo-status-giuridico-del-nascituro-alla-luce-dei-progressi-scientifici","status":"publish","type":"post","link":"https:\/\/www.rassegnastampa-totustuus.it\/cattolica\/lo-status-giuridico-del-nascituro-alla-luce-dei-progressi-scientifici\/","title":{"rendered":"Lo status giuridico del nascituro alla luce dei progressi scientifici"},"content":{"rendered":"\n<p><span style=\"color: #0000ff;\"><strong><span style=\"color: #000000;\">Abstract:&nbsp;<\/span><\/strong> <span style=\"color: #000000;\"><em>Lo status giuridico del nascituro: prospettive alla luce dei progressi scientifici\u201d. E\u2019 il titolo del convegno per medici e giuristi tenutosi nei giorni scorsi nell\u2019Auditorium \u201cGiuseppe Toniolo\u201d in Piazza dell\u2019 Arcivescovado a Pisa organizzato dal Centro Studi \u201cRosario Livatino\u201d, il giovane magistrato siciliano ucciso dalla mafia nel 1990 dichiarato beato dalla Chiesa, con l\u2019adesione dei Medici Cattolici di Pisa, del Movimento per la Vita di Livorno e del gruppo locale dell\u2019associazione Family Day.<\/em><\/span><\/span><\/p>\n\n\n\n<figure class=\"wp-block-image size-full\"><a href=\"https:\/\/www.rassegnastampa-totustuus.it\/cattolica\/wp-content\/uploads\/2024\/12\/Guerrini-Ciappi-e-Paladini.jpg\"><img loading=\"lazy\" decoding=\"async\" width=\"1024\" height=\"472\" src=\"https:\/\/www.rassegnastampa-totustuus.it\/cattolica\/wp-content\/uploads\/2024\/12\/Guerrini-Ciappi-e-Paladini.jpg\" alt=\"\" class=\"wp-image-61719\"\/><\/a><\/figure>\n\n\n\n<!--more-->\n\n\n\n<p class=\"has-text-align-center\"><span style=\"color: #0000ff;\"><strong><a style=\"color: #0000ff;\" href=\"https:\/\/pisanews.net\/\">Pisanews<\/a><\/strong> <\/span><span style=\"color: #000000;\">5 Dicembre 2024<\/span><\/p>\n\n\n\n<h3 class=\"wp-block-heading\"><span style=\"color: #000000;\"> <strong>\u201cLo status giuridico del nascituro prospettive alla luce dei progressi scientifici\u201d,<\/strong><\/span><\/h3>\n\n\n\n<h3 class=\"wp-block-heading\"><span style=\"color: #000000;\"><strong>molte le risposte al convegno tenutosi nell\u2019Auditorium Giuseppe Toniolo<\/strong><\/span><\/h3>\n\n\n\n<p><span style=\"color: #000000;\"> <em>\u201cLo status giuridico del nascituro: prospettive alla luce dei progressi scientifici\u201d. E\u2019 il titolo del convegno per medici e giuristi tenutosi nei giorni scorsi nell\u2019Auditorium \u201cGiuseppe Toniolo\u201d in Piazza dell\u2019 Arcivescovado a Pisa organizzato dal Centro Studi \u201cRosario Livatino\u201d, il giovane magistrato siciliano ucciso dalla mafia nel 1990 dichiarato beato dalla Chiesa, con l\u2019adesione dei Medici Cattolici di Pisa, del Movimento per la Vita di Livorno e del gruppo locale dell\u2019associazione Family Day.<\/em> <\/span><\/p>\n\n\n\n<p class=\"has-text-align-center\"><span style=\"color: #000000;\">di <strong>Andrea Bartelloni<\/strong><\/span><\/p>\n\n\n<div class=\"wp-block-image\">\n<figure class=\"aligncenter size-large is-resized\"><a href=\"https:\/\/www.rassegnastampa-totustuus.it\/cattolica\/wp-content\/uploads\/2019\/06\/utero_affitto-2.jpg\"><img loading=\"lazy\" decoding=\"async\" width=\"1024\" height=\"576\" src=\"https:\/\/www.rassegnastampa-totustuus.it\/cattolica\/wp-content\/uploads\/2019\/06\/utero_affitto-2-1024x576.jpg\" alt=\"\" class=\"wp-image-43364\" style=\"width:443px;height:auto\" srcset=\"https:\/\/www.rassegnastampa-totustuus.it\/cattolica\/wp-content\/uploads\/2019\/06\/utero_affitto-2-1024x576.jpg 1024w, https:\/\/www.rassegnastampa-totustuus.it\/cattolica\/wp-content\/uploads\/2019\/06\/utero_affitto-2-300x169.jpg 300w, https:\/\/www.rassegnastampa-totustuus.it\/cattolica\/wp-content\/uploads\/2019\/06\/utero_affitto-2-768x432.jpg 768w, https:\/\/www.rassegnastampa-totustuus.it\/cattolica\/wp-content\/uploads\/2019\/06\/utero_affitto-2.jpg 1280w\" sizes=\"auto, (max-width: 1024px) 100vw, 1024px\" \/><\/a><\/figure><\/div>\n\n\n<p><span style=\"color: #000000;\">La Prof. Claudia Navarini, docente di filosofia morale all\u2019Universit\u00e0 Europea di Roma, e membro del Comitato Nazionale per la Bioetica, ha incentrato la propria relazione sulla piena identit\u00e0 ontologica del nascituro come essere vivente della specie umana, diverso, sin dal suo concepimento, dalla madre e dal padre che lo hanno generato, quindi geneticamente irripetibile e, pertanto, meritevole di tutela sia sul piano etico-filosofico che sul piano giuridico.<\/span><\/p>\n\n\n\n<p><span style=\"color: #000000;\">\u201cTale conclusione \u2013 ha detto la Prof. Navarini \u2013 deve ritenersi la pi\u00f9 coerente con l\u2019inconfutabile dato biologico dovendosene scartare ogni altra, perch\u00e9 fondata inevitabilmente su interpretazioni soggettive e\/o ideologiche (quando e chi potrebbe dire che l\u2019essere umano \u201cdiventa\u201d o che \u201cnon \u00e8 pi\u00f9\u201d una persona?) con effetti devastanti quali l\u2019 eliminazione eugenetica di soggetti dichiarati, pi\u00f9 o meno, imperfetti\u201d(e non si riferiva al solo nazional-socialismo).<\/span><\/p>\n\n\n\n<p><span style=\"color: #000000;\">Ha fatto seguito la <strong>Dott.ssa Laura Guerrini<\/strong>, medico strutturato della <strong>clinica di neonatologia all\u2019A.U.O. Pisana<\/strong>, la quale ha illustrato con slides i notevoli sviluppi delle conoscenze scientifiche sulla vita pre-natale del bambino che, sin dalle prime settimane, interagisce interrottamente con la madre percependone gli umori, i suoni, le ansie, le sensazioni piacevoli, etc etc. Interazioni, queste, che oggi si possono cogliere con gli strumenti tecnici di indagine fetale sempre pi\u00f9 sofisticati di cui disponiamo. <\/span><\/p>\n\n\n\n<p><span style=\"color: #000000;\">Queste fondamentali acquisizioni sul simbiotico rapporto tra madre e figlio durante la fase della gestazione (cos\u00ec come avviene, del resto, nelle gravidanze plurime, tra i gemelli tra loro e con la madre) consentono alla neonatologia e alla pediatria moderne di spiegare certe reazioni e comportamenti dei bambini nei primi mesi o anni di vita anche ponendoli in relazione ad eventuali abitudini scorrette della madre e\/o a traumi dalla stessa subiti durante la gravidanza e da essi in qualche modo percepiti nel loro inconscio.<\/span><\/p>\n\n\n<div class=\"wp-block-image\">\n<figure class=\"aligncenter size-full is-resized\"><a href=\"https:\/\/www.rassegnastampa-totustuus.it\/cattolica\/wp-content\/uploads\/2017\/12\/utero_affitto-1.jpg\"><img loading=\"lazy\" decoding=\"async\" width=\"307\" height=\"164\" src=\"https:\/\/www.rassegnastampa-totustuus.it\/cattolica\/wp-content\/uploads\/2017\/12\/utero_affitto-1.jpg\" alt=\"\" class=\"wp-image-39086\" style=\"width:473px;height:auto\" srcset=\"https:\/\/www.rassegnastampa-totustuus.it\/cattolica\/wp-content\/uploads\/2017\/12\/utero_affitto-1.jpg 307w, https:\/\/www.rassegnastampa-totustuus.it\/cattolica\/wp-content\/uploads\/2017\/12\/utero_affitto-1-300x160.jpg 300w\" sizes=\"auto, (max-width: 307px) 100vw, 307px\" \/><\/a><\/figure><\/div>\n\n\n<p><span style=\"color: #000000;\">Il <strong>Prof. Mario Esposito<\/strong>, ordinario di diritto costituzionale all\u2019Universit\u00e0 del Salento, si \u00e8 soffermato sulla rilevanza della tutela della vita umana dovendosi intendere con ci\u00f2 anche quella del nascituro per quanto, nel testo della Carta fondamentale questo termine non appare espressamente. Ci\u00f2, ha spiegato il docente, fu dovuto esclusivamente al fatto che, in un contesto storico e culturale come quello in cui venne alla luce la Costituzione (1948), neppure poteva immaginarsi che la vita nel grembo materno sfuggisse alla sua tutela posto che l\u2019aborto volontario, a quel tempo, era previsto e punito come reato dal codice penale.<\/span><\/p>\n\n\n\n<p><span style=\"color: #000000;\">E per\u00f2, nella prima parte di essa relativa ai diritti e ai doveri dei cittadini, spicca una serie di disposizioni da cui pu\u00f2 evincersi chiaramente un quadro tutt\u2019altro che incompleto quanto alla figura del nascituro: l\u2019art. 2 (tutela dei diritti individuali e sociali; adempimento dei doveri di solidariet\u00e0 sociale\u2026); l\u2019art. 3 (uguaglianza e pari dignit\u00e0, divieto di discriminazione di condizioni personali\u2026); l\u2019art. 29 (diritti della famiglia come societ\u00e0 naturale fondata sul matrimonio); l\u2019art. 30 (diritto\/dovere di educare e mantenere i figli\u2026); l\u2019art. 31 c. 2 (protezione della maternit\u00e0\u2026); l\u2019art. 32 (tutela della salute anche come \u201cinteresse della collettivit\u00e0\u2026\u201d). <\/span><\/p>\n\n\n\n<p><span style=\"color: #000000;\">Tutti questi articoli nel loro insieme si riferiscono alla tutela della vita, cos\u00ec come della famiglia, della salute e della maternit\u00e0, non solo come beni individuali ma anche come interessi della comunit\u00e0 e senza alcuna distinzione o discriminazione circa lo stato o il grado di sviluppo della vita di ciascun cittadino compreso, quindi, quella nel grembo della madre.<\/span><\/p>\n\n\n<div class=\"wp-block-image\">\n<figure class=\"aligncenter size-large is-resized\"><a href=\"https:\/\/www.rassegnastampa-totustuus.it\/cattolica\/wp-content\/uploads\/2021\/09\/legge_diritto_giustizia.jpg\"><img loading=\"lazy\" decoding=\"async\" width=\"1024\" height=\"656\" src=\"https:\/\/www.rassegnastampa-totustuus.it\/cattolica\/wp-content\/uploads\/2021\/09\/legge_diritto_giustizia-1024x656.jpg\" alt=\"\" class=\"wp-image-52405\" style=\"width:493px;height:auto\" srcset=\"https:\/\/www.rassegnastampa-totustuus.it\/cattolica\/wp-content\/uploads\/2021\/09\/legge_diritto_giustizia-1024x656.jpg 1024w, https:\/\/www.rassegnastampa-totustuus.it\/cattolica\/wp-content\/uploads\/2021\/09\/legge_diritto_giustizia-300x192.jpg 300w, https:\/\/www.rassegnastampa-totustuus.it\/cattolica\/wp-content\/uploads\/2021\/09\/legge_diritto_giustizia-768x492.jpg 768w, https:\/\/www.rassegnastampa-totustuus.it\/cattolica\/wp-content\/uploads\/2021\/09\/legge_diritto_giustizia.jpg 1723w\" sizes=\"auto, (max-width: 1024px) 100vw, 1024px\" \/><\/a><\/figure><\/div>\n\n\n<p><span style=\"color: #000000;\">Da ultimo il Prof. Mauro Paladini, ordinario di diritto privato all\u2019Universit\u00e0 Bicocca di Milano, ha ricordato come anche il diritto romano riconosceva al nascituro alcuni diritti patrimoniali ed anche l\u2019attuale codice civile del 1942 contempla alcune norme che gli riconoscono diritti successori (v. art. 462 c.c.) e la stessa capacit\u00e0 giuridica (art. 1 c.c.) pur subordinandola alla sua nascita (un evento che, quando il codice entr\u00f2 in vigore, non prevedeva interruzioni se non per caso fortuito o di forza maggiore).<\/span><\/p>\n\n\n\n<p><span style=\"color: #000000;\">Venendo all\u2019attualit\u00e0, Paladini si \u00e8 soffermato sulla recente norma che ha reso punibile il reato di maternit\u00e0 surrogata nei confronti di qualunque cittadino italiano anche se commesso all\u2019estero, modificando l\u2019articolo 12 della L. n. 40\/2004 (che, al comma 6, prevedeva gi\u00e0 come reato, punendo con la reclusione da tre mesi a due anni e con la multa da 600.000 a un milione di euro chi \u201crealizza, organizza o pubblicizza la commercializzazione di gameti o di embrioni o la surrogazione di maternit\u00e0\u201d. <\/span><\/p>\n\n\n\n<p><span style=\"color: #000000;\">Ha ricordato il relatore che sia per diritto internazionale (v. art. 21 della Convenzione sui Diritti dell\u2019Uomo e la biomedicina firmata ad Oviedo il 4 Aprile 1997), che per quello interno (art. 5 codice civile), sono vietati gli atti di disposizione e di utilizzazione anche di una parte del corpo umano a scopo di profitto e, in ogni caso, se sono contrari alle legge o all\u2019ordine pubblico.<\/span><\/p>\n\n\n\n<p><span style=\"color: #000000;\">Sono, pertanto, assolutamente nulli e privi di efficacia nel nostro ordinamento i contratti stipulati all\u2019estero tra coppie e organizzazioni o agenzie operanti in questo lucroso quanto turpe mercato di esseri umani, aventi ad oggetto la fecondazione di embrioni, il loro impianto e la successiva gestazione da parte di donne che si prestano a fornire l\u2019 utero e che partoriscono il figlio con l\u2019obbligo della immediata consegna di esso ai committenti.<\/span><\/p>\n\n\n<div class=\"wp-block-image\">\n<figure class=\"aligncenter size-full is-resized\"><a href=\"https:\/\/www.rassegnastampa-totustuus.it\/cattolica\/wp-content\/uploads\/2022\/08\/maternit\u00e0_surrogata_utero_natalit\u00e0.png\"><img loading=\"lazy\" decoding=\"async\" width=\"750\" height=\"536\" src=\"https:\/\/www.rassegnastampa-totustuus.it\/cattolica\/wp-content\/uploads\/2022\/08\/maternit\u00e0_surrogata_utero_natalit\u00e0.png\" alt=\"\" class=\"wp-image-54647\" style=\"width:476px;height:auto\" srcset=\"https:\/\/www.rassegnastampa-totustuus.it\/cattolica\/wp-content\/uploads\/2022\/08\/maternit\u00e0_surrogata_utero_natalit\u00e0.png 750w, https:\/\/www.rassegnastampa-totustuus.it\/cattolica\/wp-content\/uploads\/2022\/08\/maternit\u00e0_surrogata_utero_natalit\u00e0-300x214.png 300w\" sizes=\"auto, (max-width: 750px) 100vw, 750px\" \/><\/a><\/figure><\/div>\n\n\n<p><span style=\"color: #000000;\">Da ultimo, il Prof. Paladini ha ricordato che recentemente anche le SS.UU. della Corte di Cassazione, con la sentenza n. 38162 del 30 dicembre 2022 (come peraltro gi\u00e0 affermato dalla Corte costituzionale con la n. 33 del 9 marzo 2021), hanno ribadito che la maternit\u00e0 surrogata \u2013 anche laddove avvenga in forma gratuita \u2012 \u00e8 sempre da considerarsi una pratica \u201cche offende in modo intollerabile la dignit\u00e0 della donna e mina nel profondo le relazioni umane\u201d, evidenziando cos\u00ec la necessit\u00e0 di un intervento legislativo in materia, medio tempore avutosi, per disincentivare tale esecrabile pratica e al tempo stesso per tutelare i minori che, malgrado il divieto, sono comunque nati mediante il ricorso ad essa i quali dovrebbero poter essere dati in adozione alle numerose coppie riconosciute idonee e che sono in attesa\u201d.<\/span><\/p>\n","protected":false},"excerpt":{"rendered":"<p>Abstract:&nbsp; Lo status giuridico del nascituro: prospettive alla luce dei progressi scientifici\u201d. E\u2019 il titolo del convegno per medici e giuristi tenutosi nei giorni scorsi nell\u2019Auditorium \u201cGiuseppe Toniolo\u201d in Piazza dell\u2019 Arcivescovado a Pisa organizzato dal Centro Studi \u201cRosario Livatino\u201d, il giovane magistrato siciliano ucciso dalla mafia nel 1990 dichiarato beato dalla Chiesa, con l\u2019adesione &hellip; <\/p>\n<p><a class=\"more-link btn\" href=\"https:\/\/www.rassegnastampa-totustuus.it\/cattolica\/lo-status-giuridico-del-nascituro-alla-luce-dei-progressi-scientifici\/\">Continua a leggere<\/a><\/p>\n","protected":false},"author":6,"featured_media":61719,"comment_status":"closed","ping_status":"closed","sticky":false,"template":"","format":"standard","meta":{"footnotes":""},"categories":[4,10],"tags":[2388,180,2357],"class_list":["post-61718","post","type-post","status-publish","format-standard","has-post-thumbnail","hentry","category-bioetica","category-diritto","tag-bioetica","tag-diritto-2","tag-maternita-surrogata","item-wrap"],"yoast_head":"<!-- This site is optimized with the Yoast SEO plugin v27.5 - https:\/\/yoast.com\/product\/yoast-seo-wordpress\/ -->\n<title>Lo status giuridico del nascituro alla luce dei progressi scientifici - Rassegna Stampa Cattolica<\/title>\n<meta name=\"description\" content=\"Lo status giuridico del nascituro alla luce dei progressi scientifici. Convegno a Pisa dal Centro Studi \u201cRosario Livatino\u201d,\" \/>\n<meta name=\"robots\" content=\"index, follow, max-snippet:-1, max-image-preview:large, max-video-preview:-1\" \/>\n<link rel=\"canonical\" href=\"https:\/\/www.rassegnastampa-totustuus.it\/cattolica\/lo-status-giuridico-del-nascituro-alla-luce-dei-progressi-scientifici\/\" \/>\n<meta property=\"og:locale\" content=\"it_IT\" \/>\n<meta property=\"og:type\" content=\"article\" \/>\n<meta property=\"og:title\" content=\"Lo status giuridico del nascituro alla luce dei progressi scientifici - Rassegna Stampa Cattolica\" \/>\n<meta property=\"og:description\" content=\"Lo status giuridico del nascituro alla luce dei progressi scientifici. Convegno a Pisa dal Centro Studi \u201cRosario Livatino\u201d,\" \/>\n<meta property=\"og:url\" content=\"https:\/\/www.rassegnastampa-totustuus.it\/cattolica\/lo-status-giuridico-del-nascituro-alla-luce-dei-progressi-scientifici\/\" \/>\n<meta property=\"og:site_name\" content=\"Rassegna Stampa Cattolica\" \/>\n<meta property=\"article:publisher\" content=\"https:\/\/www.facebook.com\/rassegnastampacattolica\" \/>\n<meta property=\"article:published_time\" content=\"2024-12-08T12:05:22+00:00\" \/>\n<meta property=\"article:modified_time\" content=\"2025-01-29T15:26:21+00:00\" \/>\n<meta property=\"og:image\" content=\"https:\/\/www.rassegnastampa-totustuus.it\/cattolica\/wp-content\/uploads\/2024\/12\/Guerrini-Ciappi-e-Paladini.jpg\" \/>\n\t<meta property=\"og:image:width\" content=\"1024\" \/>\n\t<meta property=\"og:image:height\" content=\"472\" \/>\n\t<meta property=\"og:image:type\" content=\"image\/jpeg\" \/>\n<meta name=\"author\" content=\"Redazione\" \/>\n<meta name=\"twitter:card\" content=\"summary_large_image\" \/>\n<meta name=\"twitter:creator\" content=\"@rassegnastampa9\" \/>\n<meta name=\"twitter:site\" content=\"@rassegnastampa9\" \/>\n<meta name=\"twitter:label1\" content=\"Scritto da\" \/>\n\t<meta name=\"twitter:data1\" content=\"Redazione\" \/>\n\t<meta name=\"twitter:label2\" content=\"Tempo di lettura stimato\" \/>\n\t<meta name=\"twitter:data2\" content=\"8 minuti\" \/>\n<script type=\"application\/ld+json\" class=\"yoast-schema-graph\">{\"@context\":\"https:\\\/\\\/schema.org\",\"@graph\":[{\"@type\":\"Article\",\"@id\":\"https:\\\/\\\/www.rassegnastampa-totustuus.it\\\/cattolica\\\/lo-status-giuridico-del-nascituro-alla-luce-dei-progressi-scientifici\\\/#article\",\"isPartOf\":{\"@id\":\"https:\\\/\\\/www.rassegnastampa-totustuus.it\\\/cattolica\\\/lo-status-giuridico-del-nascituro-alla-luce-dei-progressi-scientifici\\\/\"},\"author\":{\"name\":\"Redazione\",\"@id\":\"https:\\\/\\\/www.rassegnastampa-totustuus.it\\\/cattolica\\\/#\\\/schema\\\/person\\\/08f319d2bd1a0904ad9e2bfb7b15e5c3\"},\"headline\":\"Lo status giuridico del nascituro alla luce dei progressi scientifici\",\"datePublished\":\"2024-12-08T12:05:22+00:00\",\"dateModified\":\"2025-01-29T15:26:21+00:00\",\"mainEntityOfPage\":{\"@id\":\"https:\\\/\\\/www.rassegnastampa-totustuus.it\\\/cattolica\\\/lo-status-giuridico-del-nascituro-alla-luce-dei-progressi-scientifici\\\/\"},\"wordCount\":1160,\"publisher\":{\"@id\":\"https:\\\/\\\/www.rassegnastampa-totustuus.it\\\/cattolica\\\/#organization\"},\"image\":{\"@id\":\"https:\\\/\\\/www.rassegnastampa-totustuus.it\\\/cattolica\\\/lo-status-giuridico-del-nascituro-alla-luce-dei-progressi-scientifici\\\/#primaryimage\"},\"thumbnailUrl\":\"https:\\\/\\\/www.rassegnastampa-totustuus.it\\\/cattolica\\\/wp-content\\\/uploads\\\/2024\\\/12\\\/Guerrini-Ciappi-e-Paladini.jpg\",\"keywords\":[\"Bioetica\",\"diritto\",\"maternit\u00e0 surrogata\"],\"articleSection\":[\"Bioetica\",\"Diritto\"],\"inLanguage\":\"it-IT\"},{\"@type\":\"WebPage\",\"@id\":\"https:\\\/\\\/www.rassegnastampa-totustuus.it\\\/cattolica\\\/lo-status-giuridico-del-nascituro-alla-luce-dei-progressi-scientifici\\\/\",\"url\":\"https:\\\/\\\/www.rassegnastampa-totustuus.it\\\/cattolica\\\/lo-status-giuridico-del-nascituro-alla-luce-dei-progressi-scientifici\\\/\",\"name\":\"Lo status giuridico del nascituro alla luce dei progressi scientifici - Rassegna Stampa Cattolica\",\"isPartOf\":{\"@id\":\"https:\\\/\\\/www.rassegnastampa-totustuus.it\\\/cattolica\\\/#website\"},\"primaryImageOfPage\":{\"@id\":\"https:\\\/\\\/www.rassegnastampa-totustuus.it\\\/cattolica\\\/lo-status-giuridico-del-nascituro-alla-luce-dei-progressi-scientifici\\\/#primaryimage\"},\"image\":{\"@id\":\"https:\\\/\\\/www.rassegnastampa-totustuus.it\\\/cattolica\\\/lo-status-giuridico-del-nascituro-alla-luce-dei-progressi-scientifici\\\/#primaryimage\"},\"thumbnailUrl\":\"https:\\\/\\\/www.rassegnastampa-totustuus.it\\\/cattolica\\\/wp-content\\\/uploads\\\/2024\\\/12\\\/Guerrini-Ciappi-e-Paladini.jpg\",\"datePublished\":\"2024-12-08T12:05:22+00:00\",\"dateModified\":\"2025-01-29T15:26:21+00:00\",\"description\":\"Lo status giuridico del nascituro alla luce dei progressi scientifici. Convegno a Pisa dal Centro Studi \u201cRosario Livatino\u201d,\",\"breadcrumb\":{\"@id\":\"https:\\\/\\\/www.rassegnastampa-totustuus.it\\\/cattolica\\\/lo-status-giuridico-del-nascituro-alla-luce-dei-progressi-scientifici\\\/#breadcrumb\"},\"inLanguage\":\"it-IT\",\"potentialAction\":[{\"@type\":\"ReadAction\",\"target\":[\"https:\\\/\\\/www.rassegnastampa-totustuus.it\\\/cattolica\\\/lo-status-giuridico-del-nascituro-alla-luce-dei-progressi-scientifici\\\/\"]}]},{\"@type\":\"ImageObject\",\"inLanguage\":\"it-IT\",\"@id\":\"https:\\\/\\\/www.rassegnastampa-totustuus.it\\\/cattolica\\\/lo-status-giuridico-del-nascituro-alla-luce-dei-progressi-scientifici\\\/#primaryimage\",\"url\":\"https:\\\/\\\/www.rassegnastampa-totustuus.it\\\/cattolica\\\/wp-content\\\/uploads\\\/2024\\\/12\\\/Guerrini-Ciappi-e-Paladini.jpg\",\"contentUrl\":\"https:\\\/\\\/www.rassegnastampa-totustuus.it\\\/cattolica\\\/wp-content\\\/uploads\\\/2024\\\/12\\\/Guerrini-Ciappi-e-Paladini.jpg\",\"width\":1024,\"height\":472},{\"@type\":\"BreadcrumbList\",\"@id\":\"https:\\\/\\\/www.rassegnastampa-totustuus.it\\\/cattolica\\\/lo-status-giuridico-del-nascituro-alla-luce-dei-progressi-scientifici\\\/#breadcrumb\",\"itemListElement\":[{\"@type\":\"ListItem\",\"position\":1,\"name\":\"Home\",\"item\":\"https:\\\/\\\/www.rassegnastampa-totustuus.it\\\/cattolica\\\/\"},{\"@type\":\"ListItem\",\"position\":2,\"name\":\"Lo status giuridico del nascituro alla luce dei progressi scientifici\"}]},{\"@type\":\"WebSite\",\"@id\":\"https:\\\/\\\/www.rassegnastampa-totustuus.it\\\/cattolica\\\/#website\",\"url\":\"https:\\\/\\\/www.rassegnastampa-totustuus.it\\\/cattolica\\\/\",\"name\":\"Rassegna Stampa Cattolica\",\"description\":\"Per una cultura che nasce dalla Rivelazione cristiana in conformit\u00e0 alla tradizione e al Magistero della Chiesa in opposizione ad ogni relativismo e totalitarismo\",\"publisher\":{\"@id\":\"https:\\\/\\\/www.rassegnastampa-totustuus.it\\\/cattolica\\\/#organization\"},\"alternateName\":\"Rass. Cattolica\",\"potentialAction\":[{\"@type\":\"SearchAction\",\"target\":{\"@type\":\"EntryPoint\",\"urlTemplate\":\"https:\\\/\\\/www.rassegnastampa-totustuus.it\\\/cattolica\\\/?s={search_term_string}\"},\"query-input\":{\"@type\":\"PropertyValueSpecification\",\"valueRequired\":true,\"valueName\":\"search_term_string\"}}],\"inLanguage\":\"it-IT\"},{\"@type\":\"Organization\",\"@id\":\"https:\\\/\\\/www.rassegnastampa-totustuus.it\\\/cattolica\\\/#organization\",\"name\":\"Rassegna Stampa Cattolica\",\"url\":\"https:\\\/\\\/www.rassegnastampa-totustuus.it\\\/cattolica\\\/\",\"logo\":{\"@type\":\"ImageObject\",\"inLanguage\":\"it-IT\",\"@id\":\"https:\\\/\\\/www.rassegnastampa-totustuus.it\\\/cattolica\\\/#\\\/schema\\\/logo\\\/image\\\/\",\"url\":\"https:\\\/\\\/www.rassegnastampa-totustuus.it\\\/cattolica\\\/wp-content\\\/uploads\\\/2014\\\/04\\\/logo-rassegna1.gif\",\"contentUrl\":\"https:\\\/\\\/www.rassegnastampa-totustuus.it\\\/cattolica\\\/wp-content\\\/uploads\\\/2014\\\/04\\\/logo-rassegna1.gif\",\"width\":600,\"height\":163,\"caption\":\"Rassegna Stampa Cattolica\"},\"image\":{\"@id\":\"https:\\\/\\\/www.rassegnastampa-totustuus.it\\\/cattolica\\\/#\\\/schema\\\/logo\\\/image\\\/\"},\"sameAs\":[\"https:\\\/\\\/www.facebook.com\\\/rassegnastampacattolica\",\"https:\\\/\\\/x.com\\\/rassegnastampa9\"]},{\"@type\":\"Person\",\"@id\":\"https:\\\/\\\/www.rassegnastampa-totustuus.it\\\/cattolica\\\/#\\\/schema\\\/person\\\/08f319d2bd1a0904ad9e2bfb7b15e5c3\",\"name\":\"Redazione\",\"image\":{\"@type\":\"ImageObject\",\"inLanguage\":\"it-IT\",\"@id\":\"https:\\\/\\\/secure.gravatar.com\\\/avatar\\\/2fcdf27c78ea025fbdb44e914cc63c72249ffec9dc8aafd5c82b26240ef3f346?s=96&d=mm&r=g\",\"url\":\"https:\\\/\\\/secure.gravatar.com\\\/avatar\\\/2fcdf27c78ea025fbdb44e914cc63c72249ffec9dc8aafd5c82b26240ef3f346?s=96&d=mm&r=g\",\"contentUrl\":\"https:\\\/\\\/secure.gravatar.com\\\/avatar\\\/2fcdf27c78ea025fbdb44e914cc63c72249ffec9dc8aafd5c82b26240ef3f346?s=96&d=mm&r=g\",\"caption\":\"Redazione\"},\"url\":\"https:\\\/\\\/www.rassegnastampa-totustuus.it\\\/cattolica\\\/author\\\/pietroelle\\\/\"}]}<\/script>\n<!-- \/ Yoast SEO plugin. -->","yoast_head_json":{"title":"Lo status giuridico del nascituro alla luce dei progressi scientifici - Rassegna Stampa Cattolica","description":"Lo status giuridico del nascituro alla luce dei progressi scientifici. Convegno a Pisa dal Centro Studi \u201cRosario Livatino\u201d,","robots":{"index":"index","follow":"follow","max-snippet":"max-snippet:-1","max-image-preview":"max-image-preview:large","max-video-preview":"max-video-preview:-1"},"canonical":"https:\/\/www.rassegnastampa-totustuus.it\/cattolica\/lo-status-giuridico-del-nascituro-alla-luce-dei-progressi-scientifici\/","og_locale":"it_IT","og_type":"article","og_title":"Lo status giuridico del nascituro alla luce dei progressi scientifici - Rassegna Stampa Cattolica","og_description":"Lo status giuridico del nascituro alla luce dei progressi scientifici. Convegno a Pisa dal Centro Studi \u201cRosario Livatino\u201d,","og_url":"https:\/\/www.rassegnastampa-totustuus.it\/cattolica\/lo-status-giuridico-del-nascituro-alla-luce-dei-progressi-scientifici\/","og_site_name":"Rassegna Stampa Cattolica","article_publisher":"https:\/\/www.facebook.com\/rassegnastampacattolica","article_published_time":"2024-12-08T12:05:22+00:00","article_modified_time":"2025-01-29T15:26:21+00:00","og_image":[{"width":1024,"height":472,"url":"https:\/\/www.rassegnastampa-totustuus.it\/cattolica\/wp-content\/uploads\/2024\/12\/Guerrini-Ciappi-e-Paladini.jpg","type":"image\/jpeg"}],"author":"Redazione","twitter_card":"summary_large_image","twitter_creator":"@rassegnastampa9","twitter_site":"@rassegnastampa9","twitter_misc":{"Scritto da":"Redazione","Tempo di lettura stimato":"8 minuti"},"schema":{"@context":"https:\/\/schema.org","@graph":[{"@type":"Article","@id":"https:\/\/www.rassegnastampa-totustuus.it\/cattolica\/lo-status-giuridico-del-nascituro-alla-luce-dei-progressi-scientifici\/#article","isPartOf":{"@id":"https:\/\/www.rassegnastampa-totustuus.it\/cattolica\/lo-status-giuridico-del-nascituro-alla-luce-dei-progressi-scientifici\/"},"author":{"name":"Redazione","@id":"https:\/\/www.rassegnastampa-totustuus.it\/cattolica\/#\/schema\/person\/08f319d2bd1a0904ad9e2bfb7b15e5c3"},"headline":"Lo status giuridico del nascituro alla luce dei progressi scientifici","datePublished":"2024-12-08T12:05:22+00:00","dateModified":"2025-01-29T15:26:21+00:00","mainEntityOfPage":{"@id":"https:\/\/www.rassegnastampa-totustuus.it\/cattolica\/lo-status-giuridico-del-nascituro-alla-luce-dei-progressi-scientifici\/"},"wordCount":1160,"publisher":{"@id":"https:\/\/www.rassegnastampa-totustuus.it\/cattolica\/#organization"},"image":{"@id":"https:\/\/www.rassegnastampa-totustuus.it\/cattolica\/lo-status-giuridico-del-nascituro-alla-luce-dei-progressi-scientifici\/#primaryimage"},"thumbnailUrl":"https:\/\/www.rassegnastampa-totustuus.it\/cattolica\/wp-content\/uploads\/2024\/12\/Guerrini-Ciappi-e-Paladini.jpg","keywords":["Bioetica","diritto","maternit\u00e0 surrogata"],"articleSection":["Bioetica","Diritto"],"inLanguage":"it-IT"},{"@type":"WebPage","@id":"https:\/\/www.rassegnastampa-totustuus.it\/cattolica\/lo-status-giuridico-del-nascituro-alla-luce-dei-progressi-scientifici\/","url":"https:\/\/www.rassegnastampa-totustuus.it\/cattolica\/lo-status-giuridico-del-nascituro-alla-luce-dei-progressi-scientifici\/","name":"Lo status giuridico del nascituro alla luce dei progressi scientifici - Rassegna Stampa Cattolica","isPartOf":{"@id":"https:\/\/www.rassegnastampa-totustuus.it\/cattolica\/#website"},"primaryImageOfPage":{"@id":"https:\/\/www.rassegnastampa-totustuus.it\/cattolica\/lo-status-giuridico-del-nascituro-alla-luce-dei-progressi-scientifici\/#primaryimage"},"image":{"@id":"https:\/\/www.rassegnastampa-totustuus.it\/cattolica\/lo-status-giuridico-del-nascituro-alla-luce-dei-progressi-scientifici\/#primaryimage"},"thumbnailUrl":"https:\/\/www.rassegnastampa-totustuus.it\/cattolica\/wp-content\/uploads\/2024\/12\/Guerrini-Ciappi-e-Paladini.jpg","datePublished":"2024-12-08T12:05:22+00:00","dateModified":"2025-01-29T15:26:21+00:00","description":"Lo status giuridico del nascituro alla luce dei progressi scientifici. Convegno a Pisa dal Centro Studi \u201cRosario Livatino\u201d,","breadcrumb":{"@id":"https:\/\/www.rassegnastampa-totustuus.it\/cattolica\/lo-status-giuridico-del-nascituro-alla-luce-dei-progressi-scientifici\/#breadcrumb"},"inLanguage":"it-IT","potentialAction":[{"@type":"ReadAction","target":["https:\/\/www.rassegnastampa-totustuus.it\/cattolica\/lo-status-giuridico-del-nascituro-alla-luce-dei-progressi-scientifici\/"]}]},{"@type":"ImageObject","inLanguage":"it-IT","@id":"https:\/\/www.rassegnastampa-totustuus.it\/cattolica\/lo-status-giuridico-del-nascituro-alla-luce-dei-progressi-scientifici\/#primaryimage","url":"https:\/\/www.rassegnastampa-totustuus.it\/cattolica\/wp-content\/uploads\/2024\/12\/Guerrini-Ciappi-e-Paladini.jpg","contentUrl":"https:\/\/www.rassegnastampa-totustuus.it\/cattolica\/wp-content\/uploads\/2024\/12\/Guerrini-Ciappi-e-Paladini.jpg","width":1024,"height":472},{"@type":"BreadcrumbList","@id":"https:\/\/www.rassegnastampa-totustuus.it\/cattolica\/lo-status-giuridico-del-nascituro-alla-luce-dei-progressi-scientifici\/#breadcrumb","itemListElement":[{"@type":"ListItem","position":1,"name":"Home","item":"https:\/\/www.rassegnastampa-totustuus.it\/cattolica\/"},{"@type":"ListItem","position":2,"name":"Lo status giuridico del nascituro alla luce dei progressi scientifici"}]},{"@type":"WebSite","@id":"https:\/\/www.rassegnastampa-totustuus.it\/cattolica\/#website","url":"https:\/\/www.rassegnastampa-totustuus.it\/cattolica\/","name":"Rassegna Stampa Cattolica","description":"Per una cultura che nasce dalla Rivelazione cristiana in conformit\u00e0 alla tradizione e al Magistero della Chiesa in opposizione ad ogni relativismo e totalitarismo","publisher":{"@id":"https:\/\/www.rassegnastampa-totustuus.it\/cattolica\/#organization"},"alternateName":"Rass. Cattolica","potentialAction":[{"@type":"SearchAction","target":{"@type":"EntryPoint","urlTemplate":"https:\/\/www.rassegnastampa-totustuus.it\/cattolica\/?s={search_term_string}"},"query-input":{"@type":"PropertyValueSpecification","valueRequired":true,"valueName":"search_term_string"}}],"inLanguage":"it-IT"},{"@type":"Organization","@id":"https:\/\/www.rassegnastampa-totustuus.it\/cattolica\/#organization","name":"Rassegna Stampa Cattolica","url":"https:\/\/www.rassegnastampa-totustuus.it\/cattolica\/","logo":{"@type":"ImageObject","inLanguage":"it-IT","@id":"https:\/\/www.rassegnastampa-totustuus.it\/cattolica\/#\/schema\/logo\/image\/","url":"https:\/\/www.rassegnastampa-totustuus.it\/cattolica\/wp-content\/uploads\/2014\/04\/logo-rassegna1.gif","contentUrl":"https:\/\/www.rassegnastampa-totustuus.it\/cattolica\/wp-content\/uploads\/2014\/04\/logo-rassegna1.gif","width":600,"height":163,"caption":"Rassegna Stampa Cattolica"},"image":{"@id":"https:\/\/www.rassegnastampa-totustuus.it\/cattolica\/#\/schema\/logo\/image\/"},"sameAs":["https:\/\/www.facebook.com\/rassegnastampacattolica","https:\/\/x.com\/rassegnastampa9"]},{"@type":"Person","@id":"https:\/\/www.rassegnastampa-totustuus.it\/cattolica\/#\/schema\/person\/08f319d2bd1a0904ad9e2bfb7b15e5c3","name":"Redazione","image":{"@type":"ImageObject","inLanguage":"it-IT","@id":"https:\/\/secure.gravatar.com\/avatar\/2fcdf27c78ea025fbdb44e914cc63c72249ffec9dc8aafd5c82b26240ef3f346?s=96&d=mm&r=g","url":"https:\/\/secure.gravatar.com\/avatar\/2fcdf27c78ea025fbdb44e914cc63c72249ffec9dc8aafd5c82b26240ef3f346?s=96&d=mm&r=g","contentUrl":"https:\/\/secure.gravatar.com\/avatar\/2fcdf27c78ea025fbdb44e914cc63c72249ffec9dc8aafd5c82b26240ef3f346?s=96&d=mm&r=g","caption":"Redazione"},"url":"https:\/\/www.rassegnastampa-totustuus.it\/cattolica\/author\/pietroelle\/"}]}},"_links":{"self":[{"href":"https:\/\/www.rassegnastampa-totustuus.it\/cattolica\/wp-json\/wp\/v2\/posts\/61718","targetHints":{"allow":["GET"]}}],"collection":[{"href":"https:\/\/www.rassegnastampa-totustuus.it\/cattolica\/wp-json\/wp\/v2\/posts"}],"about":[{"href":"https:\/\/www.rassegnastampa-totustuus.it\/cattolica\/wp-json\/wp\/v2\/types\/post"}],"author":[{"embeddable":true,"href":"https:\/\/www.rassegnastampa-totustuus.it\/cattolica\/wp-json\/wp\/v2\/users\/6"}],"replies":[{"embeddable":true,"href":"https:\/\/www.rassegnastampa-totustuus.it\/cattolica\/wp-json\/wp\/v2\/comments?post=61718"}],"version-history":[{"count":3,"href":"https:\/\/www.rassegnastampa-totustuus.it\/cattolica\/wp-json\/wp\/v2\/posts\/61718\/revisions"}],"predecessor-version":[{"id":62068,"href":"https:\/\/www.rassegnastampa-totustuus.it\/cattolica\/wp-json\/wp\/v2\/posts\/61718\/revisions\/62068"}],"wp:featuredmedia":[{"embeddable":true,"href":"https:\/\/www.rassegnastampa-totustuus.it\/cattolica\/wp-json\/wp\/v2\/media\/61719"}],"wp:attachment":[{"href":"https:\/\/www.rassegnastampa-totustuus.it\/cattolica\/wp-json\/wp\/v2\/media?parent=61718"}],"wp:term":[{"taxonomy":"category","embeddable":true,"href":"https:\/\/www.rassegnastampa-totustuus.it\/cattolica\/wp-json\/wp\/v2\/categories?post=61718"},{"taxonomy":"post_tag","embeddable":true,"href":"https:\/\/www.rassegnastampa-totustuus.it\/cattolica\/wp-json\/wp\/v2\/tags?post=61718"}],"curies":[{"name":"wp","href":"https:\/\/api.w.org\/{rel}","templated":true}]}}