{"id":61698,"date":"2024-12-04T12:16:25","date_gmt":"2024-12-04T11:16:25","guid":{"rendered":"https:\/\/www.rassegnastampa-totustuus.it\/cattolica\/?p=61698"},"modified":"2025-01-29T15:29:41","modified_gmt":"2025-01-29T14:29:41","slug":"la-democrazia-oligarchica","status":"publish","type":"post","link":"https:\/\/www.rassegnastampa-totustuus.it\/cattolica\/la-democrazia-oligarchica\/","title":{"rendered":"La \u201cdemocrazia oligarchica\u201d"},"content":{"rendered":"\n<p class=\"has-text-align-center\"><span style=\"color: #0000ff;\"><strong><a style=\"color: #0000ff;\" href=\"https:\/\/lanuovabq.it\/it\/\" target=\"_blank\" rel=\"noopener\">La Nuova Bussola quotidiana<\/a> <\/strong><\/span><\/p>\n\n\n\n<p class=\"has-text-align-center\"><span style=\"color: #000000;\">3 Dicembre 2024<\/span><\/p>\n\n\n\n<p><span style=\"color: #000000;\"> <em>Emmanuel Todd parla di \u201cdemocrazia oligarchica\u201d per indicare quelle che oggi sono formalmente delle democrazie liberali, ma nei fatti sono governate da \u00e9lite senza pi\u00f9 \u00abcostumi democratici\u00bb. Un concetto interessante per capire alcuni fatti attuali<\/em>. <\/span><\/p>\n\n\n\n<p class=\"has-text-align-center\"><span style=\"color: #000000;\">di <strong>Stefano Fontana<\/strong><\/span><\/p>\n\n\n<div class=\"wp-block-image\">\n<figure class=\"aligncenter size-full is-resized\"><a href=\"https:\/\/www.rassegnastampa-totustuus.it\/cattolica\/wp-content\/uploads\/2014\/12\/morte-democrazia.jpg\"><img loading=\"lazy\" decoding=\"async\" width=\"468\" height=\"256\" src=\"https:\/\/www.rassegnastampa-totustuus.it\/cattolica\/wp-content\/uploads\/2014\/12\/morte-democrazia.jpg\" alt=\"\" class=\"wp-image-15612\" style=\"width:424px;height:auto\" srcset=\"https:\/\/www.rassegnastampa-totustuus.it\/cattolica\/wp-content\/uploads\/2014\/12\/morte-democrazia.jpg 468w, https:\/\/www.rassegnastampa-totustuus.it\/cattolica\/wp-content\/uploads\/2014\/12\/morte-democrazia-300x164.jpg 300w\" sizes=\"auto, (max-width: 468px) 100vw, 468px\" \/><\/a><\/figure><\/div>\n\n\n<!--more-->\n\n\n\n<p><span style=\"color: #000000;\">Ho gi\u00e0 avuto modo di segnalare qualche aspetto interessante del libro di Emmanuel Todd\u00a0<em>La sconfitta dell\u2019Occidente<\/em> [vedi<\/span> <a href=\"https:\/\/lanuovabq.it\/it\/la-religione-zero-e-la-sconfitta-delloccidente\" target=\"_blank\" rel=\"noopener\"><span style=\"color: #0000ff;\">qui<\/span><\/a>]. <span style=\"color: #000000;\">Vorrei ora soffermarmi su un altro aspetto: il concetto di \u201cdemocrazia oligarchica\u201d. Molti sostengono che nei Paesi occidentali ormai ci sia una situazione di post-democrazia. <\/span><\/p>\n\n\n\n<p><span style=\"color: #000000;\">Capi di governo e di Stato vengono eletti spesso con il 15 per cento dei voti dei cittadini aventi diritto. La partecipazione alle elezioni \u00e8 in continuo calo. Si nota qualche leggera impennata quando i giochi si fanno duri come nelle recenti elezioni americane ed europee, ma queste \u201criprese\u201d non invertono la tendenza. Il disinteresse elettorale \u00e8 per\u00f2 solo un sintomo e non la causa.<\/span><\/p>\n\n\n\n<p><span style=\"color: #000000;\"><strong>Il fatto principale<\/strong>&nbsp;\u00e8 che a decidere della democrazia occidentale sono delle \u201coligarchie\u201d che operano ora in modo trasparente ma perlopi\u00f9 in modo nascosto. Il<\/span> <span style=\"color: #0000ff;\"><a style=\"color: #0000ff;\" href=\"https:\/\/vanthuanobservatory.com\/2023\/10\/30\/un-deep-state-planetario-la-politica-manovrata-dallombra\/\" target=\"_blank\" rel=\"noopener\">15\u00b0 Rapporto dell\u2019Osservatorio Van Thu\u00e2n<\/a><\/span> l<span style=\"color: #000000;\">\u2019anno scorso esaminava il fenomeno del <em>Deep State<\/em> globalista, ossia dei centri di potere organizzato che governano la politica nell\u2019ombra. <\/span><\/p>\n\n\n\n<p><span style=\"color: #000000;\">Nei casi delle politiche ambientaliste, climatiche, sanitarie, agricole, alimentari e bioetiche vediamo ampiamente all\u2019opera le oligarchie occidentali. <\/span><\/p>\n\n\n<div class=\"wp-block-image\">\n<figure class=\"aligncenter size-full is-resized\"><a href=\"https:\/\/www.rassegnastampa-totustuus.it\/cattolica\/wp-content\/uploads\/2022\/12\/elezioni_voto.jpg\"><img loading=\"lazy\" decoding=\"async\" width=\"275\" height=\"183\" src=\"https:\/\/www.rassegnastampa-totustuus.it\/cattolica\/wp-content\/uploads\/2022\/12\/elezioni_voto.jpg\" alt=\"\" class=\"wp-image-55223\" style=\"width:437px;height:auto\"\/><\/a><\/figure><\/div>\n\n\n<p><span style=\"color: #000000;\">La stessa Unione Europea ha una governance a tre teste: i rappresentanti degli Stati ma anche il <em>Deep State<\/em> europeo e la corporazione oligarchica dell\u2019apparato burocratico di Bruxelles. In questa fase che precede l\u2019insediamento di Donald Trump alla Casa Bianca le oligarchie stanno operando in fretta per raggiungere risultati presumibilmente insperabili in futuro, specialmente dal punto di vista militare.<\/span><\/p>\n\n\n\n<p><span style=\"color: #000000;\"><strong>Secondo Todd<\/strong>, \u00abformalmente sono ancora delle democrazie liberali, dotate del suffragio universale, di Parlamenti e talvolta di Presidenti eletti, nonch\u00e9 di una stampa libera. A sparire sono stati invece i costumi democratici. Le classi pi\u00f9 istruite si ritengono intrinsecamente superiori e le \u00e9lite si rifiutano di rappresentare il popolo, al quale non resta che adottare dei comportamenti bollati come populismo\u00bb. <\/span><\/p>\n\n\n\n<p><span style=\"color: #000000;\">La democrazia in Occidente secondo lui sarebbe caratterizzata dalla contrapposizione tra elitismo e populismo. Questo concetto risulta particolarmente interessante perch\u00e9 a proposito della guerra in Ucraina la democrazia liberale viene contrapposta all\u2019autoritarismo russo. <\/span><\/p>\n\n\n\n<p><span style=\"color: #000000;\">Todd preferisce invece parlare di \u201cdemocrazia oligarchica\u201d da un lato e di \u201cdemocrazia autoritaria\u201d dall\u2019altro, ritenendo che questo possa spiegare meglio il conflitto in atto e gli errori dell\u2019Occidente a questo proposito.<\/span><\/p>\n","protected":false},"excerpt":{"rendered":"<p>La Nuova Bussola quotidiana 3 Dicembre 2024 Emmanuel Todd parla di \u201cdemocrazia oligarchica\u201d per indicare quelle che oggi sono formalmente delle democrazie liberali, ma nei fatti sono governate da \u00e9lite senza pi\u00f9 \u00abcostumi democratici\u00bb. Un concetto interessante per capire alcuni fatti attuali. di Stefano Fontana<\/p><p><a class=\"more-link btn\" href=\"https:\/\/www.rassegnastampa-totustuus.it\/cattolica\/la-democrazia-oligarchica\/\">Continua a leggere<\/a><\/p>\n","protected":false},"author":6,"featured_media":15612,"comment_status":"closed","ping_status":"closed","sticky":false,"template":"","format":"standard","meta":{"footnotes":""},"categories":[53],"tags":[236,2856,2912,3072,235],"class_list":["post-61698","post","type-post","status-publish","format-standard","has-post-thumbnail","hentry","category-politica","tag-democrazia","tag-democrazia-liberale","tag-elezioni","tag-oligarchia","tag-politica-2","item-wrap"],"yoast_head":"<!-- This site is optimized with the Yoast SEO plugin v27.5 - https:\/\/yoast.com\/product\/yoast-seo-wordpress\/ -->\n<title>La \u201cdemocrazia oligarchica\u201d - Rassegna Stampa Cattolica<\/title>\n<meta name=\"description\" content=\"La \u201cdemocrazia oligarchica\u201d \u00e8 quella delle democrazie liberali nei fatti governate da \u00e9lite senza pi\u00f9 &quot;costumi democratici&quot;\" \/>\n<meta name=\"robots\" content=\"index, follow, max-snippet:-1, max-image-preview:large, max-video-preview:-1\" \/>\n<link rel=\"canonical\" href=\"https:\/\/www.rassegnastampa-totustuus.it\/cattolica\/la-democrazia-oligarchica\/\" \/>\n<meta property=\"og:locale\" content=\"it_IT\" \/>\n<meta property=\"og:type\" content=\"article\" \/>\n<meta property=\"og:title\" content=\"La \u201cdemocrazia oligarchica\u201d - Rassegna Stampa Cattolica\" \/>\n<meta property=\"og:description\" content=\"La \u201cdemocrazia oligarchica\u201d \u00e8 quella delle democrazie liberali nei fatti governate da \u00e9lite senza pi\u00f9 &quot;costumi democratici&quot;\" \/>\n<meta property=\"og:url\" content=\"https:\/\/www.rassegnastampa-totustuus.it\/cattolica\/la-democrazia-oligarchica\/\" \/>\n<meta property=\"og:site_name\" content=\"Rassegna Stampa Cattolica\" \/>\n<meta property=\"article:publisher\" content=\"https:\/\/www.facebook.com\/rassegnastampacattolica\" \/>\n<meta property=\"article:published_time\" content=\"2024-12-04T11:16:25+00:00\" \/>\n<meta property=\"article:modified_time\" content=\"2025-01-29T14:29:41+00:00\" \/>\n<meta property=\"og:image\" content=\"https:\/\/www.rassegnastampa-totustuus.it\/cattolica\/wp-content\/uploads\/2014\/12\/morte-democrazia.jpg\" \/>\n\t<meta property=\"og:image:width\" content=\"468\" \/>\n\t<meta property=\"og:image:height\" content=\"256\" \/>\n\t<meta property=\"og:image:type\" content=\"image\/jpeg\" \/>\n<meta name=\"author\" content=\"Redazione\" \/>\n<meta name=\"twitter:card\" content=\"summary_large_image\" \/>\n<meta name=\"twitter:creator\" content=\"@rassegnastampa9\" \/>\n<meta name=\"twitter:site\" content=\"@rassegnastampa9\" \/>\n<meta name=\"twitter:label1\" content=\"Scritto da\" \/>\n\t<meta name=\"twitter:data1\" content=\"Redazione\" \/>\n\t<meta name=\"twitter:label2\" content=\"Tempo di lettura stimato\" \/>\n\t<meta name=\"twitter:data2\" content=\"3 minuti\" \/>\n<script type=\"application\/ld+json\" class=\"yoast-schema-graph\">{\"@context\":\"https:\\\/\\\/schema.org\",\"@graph\":[{\"@type\":\"Article\",\"@id\":\"https:\\\/\\\/www.rassegnastampa-totustuus.it\\\/cattolica\\\/la-democrazia-oligarchica\\\/#article\",\"isPartOf\":{\"@id\":\"https:\\\/\\\/www.rassegnastampa-totustuus.it\\\/cattolica\\\/la-democrazia-oligarchica\\\/\"},\"author\":{\"name\":\"Redazione\",\"@id\":\"https:\\\/\\\/www.rassegnastampa-totustuus.it\\\/cattolica\\\/#\\\/schema\\\/person\\\/08f319d2bd1a0904ad9e2bfb7b15e5c3\"},\"headline\":\"La \u201cdemocrazia oligarchica\u201d\",\"datePublished\":\"2024-12-04T11:16:25+00:00\",\"dateModified\":\"2025-01-29T14:29:41+00:00\",\"mainEntityOfPage\":{\"@id\":\"https:\\\/\\\/www.rassegnastampa-totustuus.it\\\/cattolica\\\/la-democrazia-oligarchica\\\/\"},\"wordCount\":413,\"publisher\":{\"@id\":\"https:\\\/\\\/www.rassegnastampa-totustuus.it\\\/cattolica\\\/#organization\"},\"image\":{\"@id\":\"https:\\\/\\\/www.rassegnastampa-totustuus.it\\\/cattolica\\\/la-democrazia-oligarchica\\\/#primaryimage\"},\"thumbnailUrl\":\"https:\\\/\\\/www.rassegnastampa-totustuus.it\\\/cattolica\\\/wp-content\\\/uploads\\\/2014\\\/12\\\/morte-democrazia.jpg\",\"keywords\":[\"democrazia\",\"democrazia liberale\",\"elezioni\",\"oligarchia\",\"politica\"],\"articleSection\":[\"Politica\"],\"inLanguage\":\"it-IT\"},{\"@type\":\"WebPage\",\"@id\":\"https:\\\/\\\/www.rassegnastampa-totustuus.it\\\/cattolica\\\/la-democrazia-oligarchica\\\/\",\"url\":\"https:\\\/\\\/www.rassegnastampa-totustuus.it\\\/cattolica\\\/la-democrazia-oligarchica\\\/\",\"name\":\"La \u201cdemocrazia oligarchica\u201d - Rassegna Stampa Cattolica\",\"isPartOf\":{\"@id\":\"https:\\\/\\\/www.rassegnastampa-totustuus.it\\\/cattolica\\\/#website\"},\"primaryImageOfPage\":{\"@id\":\"https:\\\/\\\/www.rassegnastampa-totustuus.it\\\/cattolica\\\/la-democrazia-oligarchica\\\/#primaryimage\"},\"image\":{\"@id\":\"https:\\\/\\\/www.rassegnastampa-totustuus.it\\\/cattolica\\\/la-democrazia-oligarchica\\\/#primaryimage\"},\"thumbnailUrl\":\"https:\\\/\\\/www.rassegnastampa-totustuus.it\\\/cattolica\\\/wp-content\\\/uploads\\\/2014\\\/12\\\/morte-democrazia.jpg\",\"datePublished\":\"2024-12-04T11:16:25+00:00\",\"dateModified\":\"2025-01-29T14:29:41+00:00\",\"description\":\"La \u201cdemocrazia oligarchica\u201d \u00e8 quella delle democrazie liberali nei fatti governate da \u00e9lite senza pi\u00f9 \\\"costumi democratici\\\"\",\"breadcrumb\":{\"@id\":\"https:\\\/\\\/www.rassegnastampa-totustuus.it\\\/cattolica\\\/la-democrazia-oligarchica\\\/#breadcrumb\"},\"inLanguage\":\"it-IT\",\"potentialAction\":[{\"@type\":\"ReadAction\",\"target\":[\"https:\\\/\\\/www.rassegnastampa-totustuus.it\\\/cattolica\\\/la-democrazia-oligarchica\\\/\"]}]},{\"@type\":\"ImageObject\",\"inLanguage\":\"it-IT\",\"@id\":\"https:\\\/\\\/www.rassegnastampa-totustuus.it\\\/cattolica\\\/la-democrazia-oligarchica\\\/#primaryimage\",\"url\":\"https:\\\/\\\/www.rassegnastampa-totustuus.it\\\/cattolica\\\/wp-content\\\/uploads\\\/2014\\\/12\\\/morte-democrazia.jpg\",\"contentUrl\":\"https:\\\/\\\/www.rassegnastampa-totustuus.it\\\/cattolica\\\/wp-content\\\/uploads\\\/2014\\\/12\\\/morte-democrazia.jpg\",\"width\":468,\"height\":256},{\"@type\":\"BreadcrumbList\",\"@id\":\"https:\\\/\\\/www.rassegnastampa-totustuus.it\\\/cattolica\\\/la-democrazia-oligarchica\\\/#breadcrumb\",\"itemListElement\":[{\"@type\":\"ListItem\",\"position\":1,\"name\":\"Home\",\"item\":\"https:\\\/\\\/www.rassegnastampa-totustuus.it\\\/cattolica\\\/\"},{\"@type\":\"ListItem\",\"position\":2,\"name\":\"La \u201cdemocrazia oligarchica\u201d\"}]},{\"@type\":\"WebSite\",\"@id\":\"https:\\\/\\\/www.rassegnastampa-totustuus.it\\\/cattolica\\\/#website\",\"url\":\"https:\\\/\\\/www.rassegnastampa-totustuus.it\\\/cattolica\\\/\",\"name\":\"Rassegna Stampa Cattolica\",\"description\":\"Per una cultura che nasce dalla Rivelazione cristiana in conformit\u00e0 alla tradizione e al Magistero della Chiesa in opposizione ad ogni relativismo e totalitarismo\",\"publisher\":{\"@id\":\"https:\\\/\\\/www.rassegnastampa-totustuus.it\\\/cattolica\\\/#organization\"},\"alternateName\":\"Rass. Cattolica\",\"potentialAction\":[{\"@type\":\"SearchAction\",\"target\":{\"@type\":\"EntryPoint\",\"urlTemplate\":\"https:\\\/\\\/www.rassegnastampa-totustuus.it\\\/cattolica\\\/?s={search_term_string}\"},\"query-input\":{\"@type\":\"PropertyValueSpecification\",\"valueRequired\":true,\"valueName\":\"search_term_string\"}}],\"inLanguage\":\"it-IT\"},{\"@type\":\"Organization\",\"@id\":\"https:\\\/\\\/www.rassegnastampa-totustuus.it\\\/cattolica\\\/#organization\",\"name\":\"Rassegna Stampa Cattolica\",\"url\":\"https:\\\/\\\/www.rassegnastampa-totustuus.it\\\/cattolica\\\/\",\"logo\":{\"@type\":\"ImageObject\",\"inLanguage\":\"it-IT\",\"@id\":\"https:\\\/\\\/www.rassegnastampa-totustuus.it\\\/cattolica\\\/#\\\/schema\\\/logo\\\/image\\\/\",\"url\":\"https:\\\/\\\/www.rassegnastampa-totustuus.it\\\/cattolica\\\/wp-content\\\/uploads\\\/2014\\\/04\\\/logo-rassegna1.gif\",\"contentUrl\":\"https:\\\/\\\/www.rassegnastampa-totustuus.it\\\/cattolica\\\/wp-content\\\/uploads\\\/2014\\\/04\\\/logo-rassegna1.gif\",\"width\":600,\"height\":163,\"caption\":\"Rassegna Stampa Cattolica\"},\"image\":{\"@id\":\"https:\\\/\\\/www.rassegnastampa-totustuus.it\\\/cattolica\\\/#\\\/schema\\\/logo\\\/image\\\/\"},\"sameAs\":[\"https:\\\/\\\/www.facebook.com\\\/rassegnastampacattolica\",\"https:\\\/\\\/x.com\\\/rassegnastampa9\"]},{\"@type\":\"Person\",\"@id\":\"https:\\\/\\\/www.rassegnastampa-totustuus.it\\\/cattolica\\\/#\\\/schema\\\/person\\\/08f319d2bd1a0904ad9e2bfb7b15e5c3\",\"name\":\"Redazione\",\"image\":{\"@type\":\"ImageObject\",\"inLanguage\":\"it-IT\",\"@id\":\"https:\\\/\\\/secure.gravatar.com\\\/avatar\\\/2fcdf27c78ea025fbdb44e914cc63c72249ffec9dc8aafd5c82b26240ef3f346?s=96&d=mm&r=g\",\"url\":\"https:\\\/\\\/secure.gravatar.com\\\/avatar\\\/2fcdf27c78ea025fbdb44e914cc63c72249ffec9dc8aafd5c82b26240ef3f346?s=96&d=mm&r=g\",\"contentUrl\":\"https:\\\/\\\/secure.gravatar.com\\\/avatar\\\/2fcdf27c78ea025fbdb44e914cc63c72249ffec9dc8aafd5c82b26240ef3f346?s=96&d=mm&r=g\",\"caption\":\"Redazione\"},\"url\":\"https:\\\/\\\/www.rassegnastampa-totustuus.it\\\/cattolica\\\/author\\\/pietroelle\\\/\"}]}<\/script>\n<!-- \/ Yoast SEO plugin. -->","yoast_head_json":{"title":"La \u201cdemocrazia oligarchica\u201d - Rassegna Stampa Cattolica","description":"La \u201cdemocrazia oligarchica\u201d \u00e8 quella delle democrazie liberali nei fatti governate da \u00e9lite senza pi\u00f9 \"costumi democratici\"","robots":{"index":"index","follow":"follow","max-snippet":"max-snippet:-1","max-image-preview":"max-image-preview:large","max-video-preview":"max-video-preview:-1"},"canonical":"https:\/\/www.rassegnastampa-totustuus.it\/cattolica\/la-democrazia-oligarchica\/","og_locale":"it_IT","og_type":"article","og_title":"La \u201cdemocrazia oligarchica\u201d - Rassegna Stampa Cattolica","og_description":"La \u201cdemocrazia oligarchica\u201d \u00e8 quella delle democrazie liberali nei fatti governate da \u00e9lite senza pi\u00f9 \"costumi democratici\"","og_url":"https:\/\/www.rassegnastampa-totustuus.it\/cattolica\/la-democrazia-oligarchica\/","og_site_name":"Rassegna Stampa Cattolica","article_publisher":"https:\/\/www.facebook.com\/rassegnastampacattolica","article_published_time":"2024-12-04T11:16:25+00:00","article_modified_time":"2025-01-29T14:29:41+00:00","og_image":[{"width":468,"height":256,"url":"https:\/\/www.rassegnastampa-totustuus.it\/cattolica\/wp-content\/uploads\/2014\/12\/morte-democrazia.jpg","type":"image\/jpeg"}],"author":"Redazione","twitter_card":"summary_large_image","twitter_creator":"@rassegnastampa9","twitter_site":"@rassegnastampa9","twitter_misc":{"Scritto da":"Redazione","Tempo di lettura stimato":"3 minuti"},"schema":{"@context":"https:\/\/schema.org","@graph":[{"@type":"Article","@id":"https:\/\/www.rassegnastampa-totustuus.it\/cattolica\/la-democrazia-oligarchica\/#article","isPartOf":{"@id":"https:\/\/www.rassegnastampa-totustuus.it\/cattolica\/la-democrazia-oligarchica\/"},"author":{"name":"Redazione","@id":"https:\/\/www.rassegnastampa-totustuus.it\/cattolica\/#\/schema\/person\/08f319d2bd1a0904ad9e2bfb7b15e5c3"},"headline":"La \u201cdemocrazia oligarchica\u201d","datePublished":"2024-12-04T11:16:25+00:00","dateModified":"2025-01-29T14:29:41+00:00","mainEntityOfPage":{"@id":"https:\/\/www.rassegnastampa-totustuus.it\/cattolica\/la-democrazia-oligarchica\/"},"wordCount":413,"publisher":{"@id":"https:\/\/www.rassegnastampa-totustuus.it\/cattolica\/#organization"},"image":{"@id":"https:\/\/www.rassegnastampa-totustuus.it\/cattolica\/la-democrazia-oligarchica\/#primaryimage"},"thumbnailUrl":"https:\/\/www.rassegnastampa-totustuus.it\/cattolica\/wp-content\/uploads\/2014\/12\/morte-democrazia.jpg","keywords":["democrazia","democrazia liberale","elezioni","oligarchia","politica"],"articleSection":["Politica"],"inLanguage":"it-IT"},{"@type":"WebPage","@id":"https:\/\/www.rassegnastampa-totustuus.it\/cattolica\/la-democrazia-oligarchica\/","url":"https:\/\/www.rassegnastampa-totustuus.it\/cattolica\/la-democrazia-oligarchica\/","name":"La \u201cdemocrazia oligarchica\u201d - Rassegna Stampa Cattolica","isPartOf":{"@id":"https:\/\/www.rassegnastampa-totustuus.it\/cattolica\/#website"},"primaryImageOfPage":{"@id":"https:\/\/www.rassegnastampa-totustuus.it\/cattolica\/la-democrazia-oligarchica\/#primaryimage"},"image":{"@id":"https:\/\/www.rassegnastampa-totustuus.it\/cattolica\/la-democrazia-oligarchica\/#primaryimage"},"thumbnailUrl":"https:\/\/www.rassegnastampa-totustuus.it\/cattolica\/wp-content\/uploads\/2014\/12\/morte-democrazia.jpg","datePublished":"2024-12-04T11:16:25+00:00","dateModified":"2025-01-29T14:29:41+00:00","description":"La \u201cdemocrazia oligarchica\u201d \u00e8 quella delle democrazie liberali nei fatti governate da \u00e9lite senza pi\u00f9 \"costumi democratici\"","breadcrumb":{"@id":"https:\/\/www.rassegnastampa-totustuus.it\/cattolica\/la-democrazia-oligarchica\/#breadcrumb"},"inLanguage":"it-IT","potentialAction":[{"@type":"ReadAction","target":["https:\/\/www.rassegnastampa-totustuus.it\/cattolica\/la-democrazia-oligarchica\/"]}]},{"@type":"ImageObject","inLanguage":"it-IT","@id":"https:\/\/www.rassegnastampa-totustuus.it\/cattolica\/la-democrazia-oligarchica\/#primaryimage","url":"https:\/\/www.rassegnastampa-totustuus.it\/cattolica\/wp-content\/uploads\/2014\/12\/morte-democrazia.jpg","contentUrl":"https:\/\/www.rassegnastampa-totustuus.it\/cattolica\/wp-content\/uploads\/2014\/12\/morte-democrazia.jpg","width":468,"height":256},{"@type":"BreadcrumbList","@id":"https:\/\/www.rassegnastampa-totustuus.it\/cattolica\/la-democrazia-oligarchica\/#breadcrumb","itemListElement":[{"@type":"ListItem","position":1,"name":"Home","item":"https:\/\/www.rassegnastampa-totustuus.it\/cattolica\/"},{"@type":"ListItem","position":2,"name":"La \u201cdemocrazia oligarchica\u201d"}]},{"@type":"WebSite","@id":"https:\/\/www.rassegnastampa-totustuus.it\/cattolica\/#website","url":"https:\/\/www.rassegnastampa-totustuus.it\/cattolica\/","name":"Rassegna Stampa Cattolica","description":"Per una cultura che nasce dalla Rivelazione cristiana in conformit\u00e0 alla tradizione e al Magistero della Chiesa in opposizione ad ogni relativismo e totalitarismo","publisher":{"@id":"https:\/\/www.rassegnastampa-totustuus.it\/cattolica\/#organization"},"alternateName":"Rass. Cattolica","potentialAction":[{"@type":"SearchAction","target":{"@type":"EntryPoint","urlTemplate":"https:\/\/www.rassegnastampa-totustuus.it\/cattolica\/?s={search_term_string}"},"query-input":{"@type":"PropertyValueSpecification","valueRequired":true,"valueName":"search_term_string"}}],"inLanguage":"it-IT"},{"@type":"Organization","@id":"https:\/\/www.rassegnastampa-totustuus.it\/cattolica\/#organization","name":"Rassegna Stampa Cattolica","url":"https:\/\/www.rassegnastampa-totustuus.it\/cattolica\/","logo":{"@type":"ImageObject","inLanguage":"it-IT","@id":"https:\/\/www.rassegnastampa-totustuus.it\/cattolica\/#\/schema\/logo\/image\/","url":"https:\/\/www.rassegnastampa-totustuus.it\/cattolica\/wp-content\/uploads\/2014\/04\/logo-rassegna1.gif","contentUrl":"https:\/\/www.rassegnastampa-totustuus.it\/cattolica\/wp-content\/uploads\/2014\/04\/logo-rassegna1.gif","width":600,"height":163,"caption":"Rassegna Stampa Cattolica"},"image":{"@id":"https:\/\/www.rassegnastampa-totustuus.it\/cattolica\/#\/schema\/logo\/image\/"},"sameAs":["https:\/\/www.facebook.com\/rassegnastampacattolica","https:\/\/x.com\/rassegnastampa9"]},{"@type":"Person","@id":"https:\/\/www.rassegnastampa-totustuus.it\/cattolica\/#\/schema\/person\/08f319d2bd1a0904ad9e2bfb7b15e5c3","name":"Redazione","image":{"@type":"ImageObject","inLanguage":"it-IT","@id":"https:\/\/secure.gravatar.com\/avatar\/2fcdf27c78ea025fbdb44e914cc63c72249ffec9dc8aafd5c82b26240ef3f346?s=96&d=mm&r=g","url":"https:\/\/secure.gravatar.com\/avatar\/2fcdf27c78ea025fbdb44e914cc63c72249ffec9dc8aafd5c82b26240ef3f346?s=96&d=mm&r=g","contentUrl":"https:\/\/secure.gravatar.com\/avatar\/2fcdf27c78ea025fbdb44e914cc63c72249ffec9dc8aafd5c82b26240ef3f346?s=96&d=mm&r=g","caption":"Redazione"},"url":"https:\/\/www.rassegnastampa-totustuus.it\/cattolica\/author\/pietroelle\/"}]}},"_links":{"self":[{"href":"https:\/\/www.rassegnastampa-totustuus.it\/cattolica\/wp-json\/wp\/v2\/posts\/61698","targetHints":{"allow":["GET"]}}],"collection":[{"href":"https:\/\/www.rassegnastampa-totustuus.it\/cattolica\/wp-json\/wp\/v2\/posts"}],"about":[{"href":"https:\/\/www.rassegnastampa-totustuus.it\/cattolica\/wp-json\/wp\/v2\/types\/post"}],"author":[{"embeddable":true,"href":"https:\/\/www.rassegnastampa-totustuus.it\/cattolica\/wp-json\/wp\/v2\/users\/6"}],"replies":[{"embeddable":true,"href":"https:\/\/www.rassegnastampa-totustuus.it\/cattolica\/wp-json\/wp\/v2\/comments?post=61698"}],"version-history":[{"count":5,"href":"https:\/\/www.rassegnastampa-totustuus.it\/cattolica\/wp-json\/wp\/v2\/posts\/61698\/revisions"}],"predecessor-version":[{"id":62038,"href":"https:\/\/www.rassegnastampa-totustuus.it\/cattolica\/wp-json\/wp\/v2\/posts\/61698\/revisions\/62038"}],"wp:featuredmedia":[{"embeddable":true,"href":"https:\/\/www.rassegnastampa-totustuus.it\/cattolica\/wp-json\/wp\/v2\/media\/15612"}],"wp:attachment":[{"href":"https:\/\/www.rassegnastampa-totustuus.it\/cattolica\/wp-json\/wp\/v2\/media?parent=61698"}],"wp:term":[{"taxonomy":"category","embeddable":true,"href":"https:\/\/www.rassegnastampa-totustuus.it\/cattolica\/wp-json\/wp\/v2\/categories?post=61698"},{"taxonomy":"post_tag","embeddable":true,"href":"https:\/\/www.rassegnastampa-totustuus.it\/cattolica\/wp-json\/wp\/v2\/tags?post=61698"}],"curies":[{"name":"wp","href":"https:\/\/api.w.org\/{rel}","templated":true}]}}