{"id":61673,"date":"2024-12-02T10:01:18","date_gmt":"2024-12-02T09:01:18","guid":{"rendered":"https:\/\/www.rassegnastampa-totustuus.it\/cattolica\/?p=61673"},"modified":"2024-12-02T10:04:20","modified_gmt":"2024-12-02T09:04:20","slug":"il-fantasma-del-patriarcato-e-la-cultura-machista","status":"publish","type":"post","link":"https:\/\/www.rassegnastampa-totustuus.it\/cattolica\/il-fantasma-del-patriarcato-e-la-cultura-machista\/","title":{"rendered":"Il fantasma del patriarcato e la cultura machista"},"content":{"rendered":"<p style=\"text-align: center;\"><strong><span style=\"color: #0000ff;\"><img loading=\"lazy\" decoding=\"async\" class=\" wp-image-49356 alignright\" src=\"https:\/\/www.rassegnastampa-totustuus.it\/cattolica\/wp-content\/uploads\/2020\/11\/femminicidio_femminismo-300x157.jpg\" alt=\"\" width=\"289\" height=\"151\" srcset=\"https:\/\/www.rassegnastampa-totustuus.it\/cattolica\/wp-content\/uploads\/2020\/11\/femminicidio_femminismo-300x157.jpg 300w, https:\/\/www.rassegnastampa-totustuus.it\/cattolica\/wp-content\/uploads\/2020\/11\/femminicidio_femminismo-768x402.jpg 768w, https:\/\/www.rassegnastampa-totustuus.it\/cattolica\/wp-content\/uploads\/2020\/11\/femminicidio_femminismo-1024x536.jpg 1024w, https:\/\/www.rassegnastampa-totustuus.it\/cattolica\/wp-content\/uploads\/2020\/11\/femminicidio_femminismo.jpg 1300w\" sizes=\"auto, (max-width: 289px) 100vw, 289px\" \/><\/span><a href=\"https:\/\/www.ilmessaggero.it\/\" target=\"_blank\" rel=\"noopener\"><span style=\"color: #0000ff;\">Il Messaggero<\/span><\/a> <\/strong><span style=\"color: #000000;\">24 Novembre 2024 <\/span><\/p>\n<p style=\"text-align: center;\"><span style=\"color: #000000;\">di <strong>Luca Ricolfi <\/strong>\u00a0<\/span><\/p>\n<p style=\"text-align: justify;\"><span style=\"color: #000000;\">Domani \u00e8 la \u201cGiornata internazionale contro la violenza sulle donne\u201d. Possiamo star certi che, fra gli slogan, non mancheranno quelli contro il patriarcato. Del resto ne abbiamo avuto un assaggio in questi giorni: chiunque neghi l\u2019esistenza del patriarcato viene guardato con stupefatto rimprovero, come se avesse osato negare la Shoah.<\/span><\/p>\n<p><!--more--><\/p>\n<p style=\"text-align: justify;\"><span style=\"color: #000000;\">La ragione \u00e8 semplice: siamo stati talmente martellati dalla tesi che la violenza sulle donne dipende dalla sopravvivenza del patriarcato che, per molti, negare il patriarcato suona come negare la violenza sulle donne.<\/span><\/p>\n<p style=\"text-align: justify;\"><span style=\"color: #000000;\">Eppure, se lasciamo per un attimo gli ardori ideologici dei credenti nel patriarcato, e ci concediamo il minimo sindacale di lucidit\u00e0, non possiamo non vedere le ottime ragioni dei negazionisti. Che sono tante e solidissime.<\/span><\/p>\n<p style=\"text-align: justify;\"><span style=\"color: #000000;\"><img loading=\"lazy\" decoding=\"async\" class=\"size-full wp-image-61674 alignleft\" src=\"https:\/\/www.rassegnastampa-totustuus.it\/cattolica\/wp-content\/uploads\/2024\/12\/famiglia_patriarcato.jpg\" alt=\"\" width=\"363\" height=\"288\" \/>La pi\u00f9 importante \u00e8 che, a parte alcune specifiche enclave di cui parler\u00f2 fra poco, nelle societ\u00e0 occidentali sono scomparsi quasi interamente i tratti distintivi delle societ\u00e0 patriarcali: il potere dispotico del capofamiglia, il matrimonio combinato, la sottomissione dei figli (anche dei figli maschi) all\u2019autorit\u00e0 genitoriale, pi\u00f9 in generale il primato dei doveri sui diritti in quasi ogni campo della vita sociale (lavoro, famiglia, guerra). <\/span><\/p>\n<p style=\"text-align: justify;\"><span style=\"color: #000000;\">Il processo \u00e8 durato secoli, ma ha avuto due impulsi fondamentali: l\u2019ascesa del matrimonio d\u2019amore fra Settecento e Ottocento, in epoca romantica, e le rivoluzioni libertarie e anti-autoritarie degli studenti e delle donne negli anni \u201960 e \u201970 del Novecento. <\/span><\/p>\n<p style=\"text-align: justify;\"><span style=\"color: #000000;\">Un aspetto fondamentale di questi processi \u00e8 l\u2019evaporazione della figura del padre, e pi\u00f9 in generale di ogni autorit\u00e0, tempestivamente annunciata da Alexander Mitscherlich con il suo libro Verso una societ\u00e0 senza padre, uscito in lingua tedesca fin dal 1963. Su questo, fra i sociologi, gli psicologi sociali e gli psicoanalisti sussistono ben pochi dubbi.<\/span><\/p>\n<p style=\"text-align: justify;\"><span style=\"color: #000000;\">Di qui un\u2019ovvia domanda: come si fa a parlare di societ\u00e0 patriarcale, quando la figura del padre \u00e8 scomparsa non solo nella famiglia, ma pi\u00f9 in generale nella societ\u00e0?<\/span><\/p>\n<p style=\"text-align: justify;\"><span style=\"color: #000000;\">La realt\u00e0 \u00e8 che la nostra societ\u00e0 \u00e8 profondamente maschilista, o machista, o basata sul \u201cdominio maschile\u201d (titolo di un importante libro di Bourdieu), a dispetto della scomparsa del patriarca, del padre, di ogni autorit\u00e0. E anzi, l\u2019ipotesi che dovremmo prendere seriamente in considerazione \u00e8 che la violenza di cui le donne sono vittime sia semmai il risultato \u2013 controintuitivo e paradossale \u2013 della sconfitta del patriarcato.<\/span><\/p>\n<p style=\"text-align: justify;\"><span style=\"color: #000000;\">Sono sempre pi\u00f9 numerose le voci che attirano l\u2019attenzione sul fatto che potrebbero essere proprio le grandi conquiste di libert\u00e0 e di autonomia delle donne negli ultimi 50 anni, combinate con il crescente individualismo, consumismo, ipertrofia dei diritti \u2013 tutti tratti tipici del nostro tempo \u2013 ad avere reso gli esautorati maschi sempre pi\u00f9 aggressivi, insicuri, fragili, possessivi, e in definitiva incapaci di reggere la minima sconfitta, o di accettare un semplice rifiuto. Insomma: l\u2019odierno maschilismo sarebbe<\/span><\/p>\n<p style=\"text-align: justify;\"><span style=\"color: #000000;\">anche una sorta di contraccolpo a conquiste delle donne per cui i maschi non erano pronti, n\u00e9 disposti a farsi da parte. La violenza maschile non sarebbe il segno della sopravvivenza del patriarcato, ma semmai della sua agonia, e del disordine che da quest\u2019ultima deriva.<\/span><\/p>\n<p style=\"text-align: justify;\"><span style=\"color: #000000;\"><img loading=\"lazy\" decoding=\"async\" class=\" wp-image-37770 alignright\" src=\"https:\/\/www.rassegnastampa-totustuus.it\/cattolica\/wp-content\/uploads\/2017\/05\/Famiglia_patriarcale.jpg\" alt=\"\" width=\"382\" height=\"254\" \/>Questa linea di pensiero, su cui mi paiono convergere anche importanti settori del femminismo (vedi il recentissimo coraggioso intervento di Marina Terragni sul sito Feminist Post), ha un importante vantaggio concettuale: spiega il \u201cparadosso nordico\u201d, ovvero il fatto \u2013 a prima vista sorprendente \u2013 che la violenza sulle donne, dagli stupri ai femminicidi, sia maggiore nei paesi pi\u00f9 civilizzati (come quelli scandinavi) e che un paese come l\u2019Italia, in cui il gender gap \u00e8 ancora relativamente ampio, sia fra i meno insicuri del continente europeo.<\/span><\/p>\n<p style=\"text-align: justify;\"><span style=\"color: #000000;\">Ma quali sono le implicazioni pratiche di questo schema interpretativo, che distingue nettamente fra patriarcato e maschilismo?<\/span><\/p>\n<p style=\"text-align: justify;\"><span style=\"color: #000000;\">La prima, e pi\u00f9 ovvia, \u00e8 di combattere il patriarcato ovunque sopravvive davvero, e cio\u00e8 nelle enclave religiose e culturali che, all\u2019interno delle societ\u00e0 occidentali, ospitano famiglie davvero patriarcali, come quella di Saman Abbas, che ha pagato con la vita il suo rifiuto di un matrimonio combinato. I dati del Ministero dell\u2019interno sulle vittime di reati gravissimi, come la costrizione al matrimonio, lo stupro di gruppo, la violenza sessuale, il revenge porn, mostrano con grande nettezza che le ragazze straniere corrono rischi enormemente maggiori di quelli delle ragazze italiane. <\/span><\/p>\n<p style=\"text-align: justify;\"><span style=\"color: #000000;\">Forse ci vorrebbe, accanto alla ultra-meritoria \u201cFondazione Giulia Cecchettin\u201d, anche una \u201cFondazione Saman Abbas\u201d, che aiuti le ragazze straniere oppresse a liberarsi dei rispettivi patriarchi, della cui nefasta influenza si possono trovare indizi anche nelle scuole, ad esempio ogniqualvolta il tasso di partecipazione ad attivit\u00e0 sociali delle ragazze straniere \u00e8 sensibilmente inferiore a quello delle ragazze italiane.<\/span><\/p>\n<p style=\"text-align: justify;\"><span style=\"color: #000000;\"><img loading=\"lazy\" decoding=\"async\" class=\" wp-image-46855 alignleft\" src=\"https:\/\/www.rassegnastampa-totustuus.it\/cattolica\/wp-content\/uploads\/2020\/04\/femminismo-300x212.png\" alt=\"\" width=\"327\" height=\"231\" srcset=\"https:\/\/www.rassegnastampa-totustuus.it\/cattolica\/wp-content\/uploads\/2020\/04\/femminismo-300x212.png 300w, https:\/\/www.rassegnastampa-totustuus.it\/cattolica\/wp-content\/uploads\/2020\/04\/femminismo-768x543.png 768w, https:\/\/www.rassegnastampa-totustuus.it\/cattolica\/wp-content\/uploads\/2020\/04\/femminismo-1024x724.png 1024w, https:\/\/www.rassegnastampa-totustuus.it\/cattolica\/wp-content\/uploads\/2020\/04\/femminismo.png 1300w\" sizes=\"auto, (max-width: 327px) 100vw, 327px\" \/>Ma la implicazione pi\u00f9 importante del passaggio dalla lotta al patriarcato alla lotta al maschilismo, \u00e8 quella di sollecitarci a cercare, individuare e combattere le vere determinanti del maschilismo stesso. Che a me paiono almeno due. <\/span><\/p>\n<p style=\"text-align: justify;\"><span style=\"color: #000000;\">Innanzitutto, l\u2019uso sistematico del corpo delle donne per promuovere la commercializzazione di ogni genere di merce, servizio, evento, spettacolo: una prassi pi\u00f9 che gradita ai maschi, ma non di rado assecondata dalle donne stesse, e che solo una parte del femminismo osteggia. <\/span><\/p>\n<p style=\"text-align: justify;\"><span style=\"color: #000000;\">E poi, una determinante pi\u00f9 sfuggente, ma forse ancora pi\u00f9 impattante: gli eccessi della cultura dei diritti, a partire dal diritto a non soffrire, n\u00e9 patire sconfitte, n\u00e9 subire scacchi, n\u00e9 vivere frustrazioni, n\u00e9 sostenere sacrifici o lunghe attese.<\/span><\/p>\n<p style=\"text-align: justify;\"><span style=\"color: #000000;\">Se il maschio si rivela incapace di reggere un rifiuto, o non sa rinunciare a prendersi con la forza quello che vuole, \u00e8 anche perch\u00e9 vive in una societ\u00e0 nella quale \u2013 sul piatto della bilancia \u2013 il peso dei diritti \u00e8 diventato incomparabilmente maggiore di quello dei doveri.<\/span><\/p>\n<p>_________________________________________________<\/p>\n<p><strong>Leggi anche:<\/strong><\/p>\n<p><a href=\"https:\/\/www.rassegnastampa-totustuus.it\/cattolica\/sessismo-stereotipi-e-altri-malintesi-al-femminile\/\" target=\"_blank\" rel=\"noopener\"><span style=\"color: #0000ff;\">Sessismo, stereotipi e altri malintesi al femminile<\/span><\/a><\/p>\n<p><strong>\u00a0<\/strong><\/p>\n","protected":false},"excerpt":{"rendered":"<p>Il Messaggero 24 Novembre 2024 di Luca Ricolfi \u00a0 Domani \u00e8 la \u201cGiornata internazionale contro la violenza sulle donne\u201d. Possiamo star certi che, fra gli slogan, non mancheranno quelli contro il patriarcato. Del resto ne abbiamo avuto un assaggio in questi giorni: chiunque neghi l\u2019esistenza del patriarcato viene guardato con stupefatto rimprovero, come se avesse &hellip; <\/p>\n<p><a class=\"more-link btn\" href=\"https:\/\/www.rassegnastampa-totustuus.it\/cattolica\/il-fantasma-del-patriarcato-e-la-cultura-machista\/\">Continua a leggere<\/a><\/p>\n","protected":false},"author":6,"featured_media":49356,"comment_status":"closed","ping_status":"closed","sticky":false,"template":"","format":"standard","meta":{"footnotes":""},"categories":[7,25],"tags":[304,255,2189,2952,558],"class_list":["post-61673","post","type-post","status-publish","format-standard","has-post-thumbnail","hentry","category-costume","category-sguardo-sul-nostro-tempo","tag-costume-2","tag-femminismo","tag-genere","tag-patriarcato","tag-sguardo-sul-nostro-tempo-2","item-wrap"],"yoast_head":"<!-- This site is optimized with the Yoast SEO plugin v27.5 - https:\/\/yoast.com\/product\/yoast-seo-wordpress\/ -->\n<title>Il fantasma del patriarcato e la cultura machista - Rassegna Stampa Cattolica<\/title>\n<meta name=\"description\" content=\"Il fantasma del patriarcato e la cultura machista, frutto proprio della scomparsa del patriarcato secondo Luca Ricolfi\" \/>\n<meta name=\"robots\" content=\"index, follow, max-snippet:-1, max-image-preview:large, max-video-preview:-1\" \/>\n<link rel=\"canonical\" href=\"https:\/\/www.rassegnastampa-totustuus.it\/cattolica\/il-fantasma-del-patriarcato-e-la-cultura-machista\/\" \/>\n<meta property=\"og:locale\" content=\"it_IT\" \/>\n<meta property=\"og:type\" content=\"article\" \/>\n<meta property=\"og:title\" content=\"Il fantasma del patriarcato e la cultura machista - Rassegna Stampa Cattolica\" \/>\n<meta property=\"og:description\" content=\"Il fantasma del patriarcato e la cultura machista, frutto proprio della scomparsa del patriarcato secondo Luca Ricolfi\" \/>\n<meta property=\"og:url\" content=\"https:\/\/www.rassegnastampa-totustuus.it\/cattolica\/il-fantasma-del-patriarcato-e-la-cultura-machista\/\" \/>\n<meta property=\"og:site_name\" content=\"Rassegna Stampa Cattolica\" \/>\n<meta property=\"article:publisher\" content=\"https:\/\/www.facebook.com\/rassegnastampacattolica\" \/>\n<meta property=\"article:published_time\" content=\"2024-12-02T09:01:18+00:00\" \/>\n<meta property=\"article:modified_time\" content=\"2024-12-02T09:04:20+00:00\" \/>\n<meta property=\"og:image\" content=\"https:\/\/www.rassegnastampa-totustuus.it\/cattolica\/wp-content\/uploads\/2020\/11\/femminicidio_femminismo.jpg\" \/>\n\t<meta property=\"og:image:width\" content=\"1300\" \/>\n\t<meta property=\"og:image:height\" content=\"680\" \/>\n\t<meta property=\"og:image:type\" content=\"image\/jpeg\" \/>\n<meta name=\"author\" content=\"Redazione\" \/>\n<meta name=\"twitter:card\" content=\"summary_large_image\" \/>\n<meta name=\"twitter:creator\" content=\"@rassegnastampa9\" \/>\n<meta name=\"twitter:site\" content=\"@rassegnastampa9\" \/>\n<meta name=\"twitter:label1\" content=\"Scritto da\" \/>\n\t<meta name=\"twitter:data1\" content=\"Redazione\" \/>\n\t<meta name=\"twitter:label2\" content=\"Tempo di lettura stimato\" \/>\n\t<meta name=\"twitter:data2\" content=\"6 minuti\" \/>\n<script type=\"application\/ld+json\" class=\"yoast-schema-graph\">{\"@context\":\"https:\\\/\\\/schema.org\",\"@graph\":[{\"@type\":\"Article\",\"@id\":\"https:\\\/\\\/www.rassegnastampa-totustuus.it\\\/cattolica\\\/il-fantasma-del-patriarcato-e-la-cultura-machista\\\/#article\",\"isPartOf\":{\"@id\":\"https:\\\/\\\/www.rassegnastampa-totustuus.it\\\/cattolica\\\/il-fantasma-del-patriarcato-e-la-cultura-machista\\\/\"},\"author\":{\"name\":\"Redazione\",\"@id\":\"https:\\\/\\\/www.rassegnastampa-totustuus.it\\\/cattolica\\\/#\\\/schema\\\/person\\\/08f319d2bd1a0904ad9e2bfb7b15e5c3\"},\"headline\":\"Il fantasma del patriarcato e la cultura machista\",\"datePublished\":\"2024-12-02T09:01:18+00:00\",\"dateModified\":\"2024-12-02T09:04:20+00:00\",\"mainEntityOfPage\":{\"@id\":\"https:\\\/\\\/www.rassegnastampa-totustuus.it\\\/cattolica\\\/il-fantasma-del-patriarcato-e-la-cultura-machista\\\/\"},\"wordCount\":920,\"publisher\":{\"@id\":\"https:\\\/\\\/www.rassegnastampa-totustuus.it\\\/cattolica\\\/#organization\"},\"image\":{\"@id\":\"https:\\\/\\\/www.rassegnastampa-totustuus.it\\\/cattolica\\\/il-fantasma-del-patriarcato-e-la-cultura-machista\\\/#primaryimage\"},\"thumbnailUrl\":\"https:\\\/\\\/www.rassegnastampa-totustuus.it\\\/cattolica\\\/wp-content\\\/uploads\\\/2020\\\/11\\\/femminicidio_femminismo.jpg\",\"keywords\":[\"costume\",\"femminismo\",\"genere\",\"patriarcato\",\"sguardo sul nostro tempo\"],\"articleSection\":[\"Costume\",\"Sguardo sul nostro tempo\"],\"inLanguage\":\"it-IT\"},{\"@type\":\"WebPage\",\"@id\":\"https:\\\/\\\/www.rassegnastampa-totustuus.it\\\/cattolica\\\/il-fantasma-del-patriarcato-e-la-cultura-machista\\\/\",\"url\":\"https:\\\/\\\/www.rassegnastampa-totustuus.it\\\/cattolica\\\/il-fantasma-del-patriarcato-e-la-cultura-machista\\\/\",\"name\":\"Il fantasma del patriarcato e la cultura machista - Rassegna Stampa Cattolica\",\"isPartOf\":{\"@id\":\"https:\\\/\\\/www.rassegnastampa-totustuus.it\\\/cattolica\\\/#website\"},\"primaryImageOfPage\":{\"@id\":\"https:\\\/\\\/www.rassegnastampa-totustuus.it\\\/cattolica\\\/il-fantasma-del-patriarcato-e-la-cultura-machista\\\/#primaryimage\"},\"image\":{\"@id\":\"https:\\\/\\\/www.rassegnastampa-totustuus.it\\\/cattolica\\\/il-fantasma-del-patriarcato-e-la-cultura-machista\\\/#primaryimage\"},\"thumbnailUrl\":\"https:\\\/\\\/www.rassegnastampa-totustuus.it\\\/cattolica\\\/wp-content\\\/uploads\\\/2020\\\/11\\\/femminicidio_femminismo.jpg\",\"datePublished\":\"2024-12-02T09:01:18+00:00\",\"dateModified\":\"2024-12-02T09:04:20+00:00\",\"description\":\"Il fantasma del patriarcato e la cultura machista, frutto proprio della scomparsa del patriarcato secondo Luca Ricolfi\",\"breadcrumb\":{\"@id\":\"https:\\\/\\\/www.rassegnastampa-totustuus.it\\\/cattolica\\\/il-fantasma-del-patriarcato-e-la-cultura-machista\\\/#breadcrumb\"},\"inLanguage\":\"it-IT\",\"potentialAction\":[{\"@type\":\"ReadAction\",\"target\":[\"https:\\\/\\\/www.rassegnastampa-totustuus.it\\\/cattolica\\\/il-fantasma-del-patriarcato-e-la-cultura-machista\\\/\"]}]},{\"@type\":\"ImageObject\",\"inLanguage\":\"it-IT\",\"@id\":\"https:\\\/\\\/www.rassegnastampa-totustuus.it\\\/cattolica\\\/il-fantasma-del-patriarcato-e-la-cultura-machista\\\/#primaryimage\",\"url\":\"https:\\\/\\\/www.rassegnastampa-totustuus.it\\\/cattolica\\\/wp-content\\\/uploads\\\/2020\\\/11\\\/femminicidio_femminismo.jpg\",\"contentUrl\":\"https:\\\/\\\/www.rassegnastampa-totustuus.it\\\/cattolica\\\/wp-content\\\/uploads\\\/2020\\\/11\\\/femminicidio_femminismo.jpg\",\"width\":1300,\"height\":680},{\"@type\":\"BreadcrumbList\",\"@id\":\"https:\\\/\\\/www.rassegnastampa-totustuus.it\\\/cattolica\\\/il-fantasma-del-patriarcato-e-la-cultura-machista\\\/#breadcrumb\",\"itemListElement\":[{\"@type\":\"ListItem\",\"position\":1,\"name\":\"Home\",\"item\":\"https:\\\/\\\/www.rassegnastampa-totustuus.it\\\/cattolica\\\/\"},{\"@type\":\"ListItem\",\"position\":2,\"name\":\"Il fantasma del patriarcato e la cultura machista\"}]},{\"@type\":\"WebSite\",\"@id\":\"https:\\\/\\\/www.rassegnastampa-totustuus.it\\\/cattolica\\\/#website\",\"url\":\"https:\\\/\\\/www.rassegnastampa-totustuus.it\\\/cattolica\\\/\",\"name\":\"Rassegna Stampa Cattolica\",\"description\":\"Per una cultura che nasce dalla Rivelazione cristiana in conformit\u00e0 alla tradizione e al Magistero della Chiesa in opposizione ad ogni relativismo e totalitarismo\",\"publisher\":{\"@id\":\"https:\\\/\\\/www.rassegnastampa-totustuus.it\\\/cattolica\\\/#organization\"},\"alternateName\":\"Rass. Cattolica\",\"potentialAction\":[{\"@type\":\"SearchAction\",\"target\":{\"@type\":\"EntryPoint\",\"urlTemplate\":\"https:\\\/\\\/www.rassegnastampa-totustuus.it\\\/cattolica\\\/?s={search_term_string}\"},\"query-input\":{\"@type\":\"PropertyValueSpecification\",\"valueRequired\":true,\"valueName\":\"search_term_string\"}}],\"inLanguage\":\"it-IT\"},{\"@type\":\"Organization\",\"@id\":\"https:\\\/\\\/www.rassegnastampa-totustuus.it\\\/cattolica\\\/#organization\",\"name\":\"Rassegna Stampa Cattolica\",\"url\":\"https:\\\/\\\/www.rassegnastampa-totustuus.it\\\/cattolica\\\/\",\"logo\":{\"@type\":\"ImageObject\",\"inLanguage\":\"it-IT\",\"@id\":\"https:\\\/\\\/www.rassegnastampa-totustuus.it\\\/cattolica\\\/#\\\/schema\\\/logo\\\/image\\\/\",\"url\":\"https:\\\/\\\/www.rassegnastampa-totustuus.it\\\/cattolica\\\/wp-content\\\/uploads\\\/2014\\\/04\\\/logo-rassegna1.gif\",\"contentUrl\":\"https:\\\/\\\/www.rassegnastampa-totustuus.it\\\/cattolica\\\/wp-content\\\/uploads\\\/2014\\\/04\\\/logo-rassegna1.gif\",\"width\":600,\"height\":163,\"caption\":\"Rassegna Stampa Cattolica\"},\"image\":{\"@id\":\"https:\\\/\\\/www.rassegnastampa-totustuus.it\\\/cattolica\\\/#\\\/schema\\\/logo\\\/image\\\/\"},\"sameAs\":[\"https:\\\/\\\/www.facebook.com\\\/rassegnastampacattolica\",\"https:\\\/\\\/x.com\\\/rassegnastampa9\"]},{\"@type\":\"Person\",\"@id\":\"https:\\\/\\\/www.rassegnastampa-totustuus.it\\\/cattolica\\\/#\\\/schema\\\/person\\\/08f319d2bd1a0904ad9e2bfb7b15e5c3\",\"name\":\"Redazione\",\"image\":{\"@type\":\"ImageObject\",\"inLanguage\":\"it-IT\",\"@id\":\"https:\\\/\\\/secure.gravatar.com\\\/avatar\\\/2fcdf27c78ea025fbdb44e914cc63c72249ffec9dc8aafd5c82b26240ef3f346?s=96&d=mm&r=g\",\"url\":\"https:\\\/\\\/secure.gravatar.com\\\/avatar\\\/2fcdf27c78ea025fbdb44e914cc63c72249ffec9dc8aafd5c82b26240ef3f346?s=96&d=mm&r=g\",\"contentUrl\":\"https:\\\/\\\/secure.gravatar.com\\\/avatar\\\/2fcdf27c78ea025fbdb44e914cc63c72249ffec9dc8aafd5c82b26240ef3f346?s=96&d=mm&r=g\",\"caption\":\"Redazione\"},\"url\":\"https:\\\/\\\/www.rassegnastampa-totustuus.it\\\/cattolica\\\/author\\\/pietroelle\\\/\"}]}<\/script>\n<!-- \/ Yoast SEO plugin. -->","yoast_head_json":{"title":"Il fantasma del patriarcato e la cultura machista - Rassegna Stampa Cattolica","description":"Il fantasma del patriarcato e la cultura machista, frutto proprio della scomparsa del patriarcato secondo Luca Ricolfi","robots":{"index":"index","follow":"follow","max-snippet":"max-snippet:-1","max-image-preview":"max-image-preview:large","max-video-preview":"max-video-preview:-1"},"canonical":"https:\/\/www.rassegnastampa-totustuus.it\/cattolica\/il-fantasma-del-patriarcato-e-la-cultura-machista\/","og_locale":"it_IT","og_type":"article","og_title":"Il fantasma del patriarcato e la cultura machista - Rassegna Stampa Cattolica","og_description":"Il fantasma del patriarcato e la cultura machista, frutto proprio della scomparsa del patriarcato secondo Luca Ricolfi","og_url":"https:\/\/www.rassegnastampa-totustuus.it\/cattolica\/il-fantasma-del-patriarcato-e-la-cultura-machista\/","og_site_name":"Rassegna Stampa Cattolica","article_publisher":"https:\/\/www.facebook.com\/rassegnastampacattolica","article_published_time":"2024-12-02T09:01:18+00:00","article_modified_time":"2024-12-02T09:04:20+00:00","og_image":[{"width":1300,"height":680,"url":"https:\/\/www.rassegnastampa-totustuus.it\/cattolica\/wp-content\/uploads\/2020\/11\/femminicidio_femminismo.jpg","type":"image\/jpeg"}],"author":"Redazione","twitter_card":"summary_large_image","twitter_creator":"@rassegnastampa9","twitter_site":"@rassegnastampa9","twitter_misc":{"Scritto da":"Redazione","Tempo di lettura stimato":"6 minuti"},"schema":{"@context":"https:\/\/schema.org","@graph":[{"@type":"Article","@id":"https:\/\/www.rassegnastampa-totustuus.it\/cattolica\/il-fantasma-del-patriarcato-e-la-cultura-machista\/#article","isPartOf":{"@id":"https:\/\/www.rassegnastampa-totustuus.it\/cattolica\/il-fantasma-del-patriarcato-e-la-cultura-machista\/"},"author":{"name":"Redazione","@id":"https:\/\/www.rassegnastampa-totustuus.it\/cattolica\/#\/schema\/person\/08f319d2bd1a0904ad9e2bfb7b15e5c3"},"headline":"Il fantasma del patriarcato e la cultura machista","datePublished":"2024-12-02T09:01:18+00:00","dateModified":"2024-12-02T09:04:20+00:00","mainEntityOfPage":{"@id":"https:\/\/www.rassegnastampa-totustuus.it\/cattolica\/il-fantasma-del-patriarcato-e-la-cultura-machista\/"},"wordCount":920,"publisher":{"@id":"https:\/\/www.rassegnastampa-totustuus.it\/cattolica\/#organization"},"image":{"@id":"https:\/\/www.rassegnastampa-totustuus.it\/cattolica\/il-fantasma-del-patriarcato-e-la-cultura-machista\/#primaryimage"},"thumbnailUrl":"https:\/\/www.rassegnastampa-totustuus.it\/cattolica\/wp-content\/uploads\/2020\/11\/femminicidio_femminismo.jpg","keywords":["costume","femminismo","genere","patriarcato","sguardo sul nostro tempo"],"articleSection":["Costume","Sguardo sul nostro tempo"],"inLanguage":"it-IT"},{"@type":"WebPage","@id":"https:\/\/www.rassegnastampa-totustuus.it\/cattolica\/il-fantasma-del-patriarcato-e-la-cultura-machista\/","url":"https:\/\/www.rassegnastampa-totustuus.it\/cattolica\/il-fantasma-del-patriarcato-e-la-cultura-machista\/","name":"Il fantasma del patriarcato e la cultura machista - Rassegna Stampa Cattolica","isPartOf":{"@id":"https:\/\/www.rassegnastampa-totustuus.it\/cattolica\/#website"},"primaryImageOfPage":{"@id":"https:\/\/www.rassegnastampa-totustuus.it\/cattolica\/il-fantasma-del-patriarcato-e-la-cultura-machista\/#primaryimage"},"image":{"@id":"https:\/\/www.rassegnastampa-totustuus.it\/cattolica\/il-fantasma-del-patriarcato-e-la-cultura-machista\/#primaryimage"},"thumbnailUrl":"https:\/\/www.rassegnastampa-totustuus.it\/cattolica\/wp-content\/uploads\/2020\/11\/femminicidio_femminismo.jpg","datePublished":"2024-12-02T09:01:18+00:00","dateModified":"2024-12-02T09:04:20+00:00","description":"Il fantasma del patriarcato e la cultura machista, frutto proprio della scomparsa del patriarcato secondo Luca Ricolfi","breadcrumb":{"@id":"https:\/\/www.rassegnastampa-totustuus.it\/cattolica\/il-fantasma-del-patriarcato-e-la-cultura-machista\/#breadcrumb"},"inLanguage":"it-IT","potentialAction":[{"@type":"ReadAction","target":["https:\/\/www.rassegnastampa-totustuus.it\/cattolica\/il-fantasma-del-patriarcato-e-la-cultura-machista\/"]}]},{"@type":"ImageObject","inLanguage":"it-IT","@id":"https:\/\/www.rassegnastampa-totustuus.it\/cattolica\/il-fantasma-del-patriarcato-e-la-cultura-machista\/#primaryimage","url":"https:\/\/www.rassegnastampa-totustuus.it\/cattolica\/wp-content\/uploads\/2020\/11\/femminicidio_femminismo.jpg","contentUrl":"https:\/\/www.rassegnastampa-totustuus.it\/cattolica\/wp-content\/uploads\/2020\/11\/femminicidio_femminismo.jpg","width":1300,"height":680},{"@type":"BreadcrumbList","@id":"https:\/\/www.rassegnastampa-totustuus.it\/cattolica\/il-fantasma-del-patriarcato-e-la-cultura-machista\/#breadcrumb","itemListElement":[{"@type":"ListItem","position":1,"name":"Home","item":"https:\/\/www.rassegnastampa-totustuus.it\/cattolica\/"},{"@type":"ListItem","position":2,"name":"Il fantasma del patriarcato e la cultura machista"}]},{"@type":"WebSite","@id":"https:\/\/www.rassegnastampa-totustuus.it\/cattolica\/#website","url":"https:\/\/www.rassegnastampa-totustuus.it\/cattolica\/","name":"Rassegna Stampa Cattolica","description":"Per una cultura che nasce dalla Rivelazione cristiana in conformit\u00e0 alla tradizione e al Magistero della Chiesa in opposizione ad ogni relativismo e totalitarismo","publisher":{"@id":"https:\/\/www.rassegnastampa-totustuus.it\/cattolica\/#organization"},"alternateName":"Rass. Cattolica","potentialAction":[{"@type":"SearchAction","target":{"@type":"EntryPoint","urlTemplate":"https:\/\/www.rassegnastampa-totustuus.it\/cattolica\/?s={search_term_string}"},"query-input":{"@type":"PropertyValueSpecification","valueRequired":true,"valueName":"search_term_string"}}],"inLanguage":"it-IT"},{"@type":"Organization","@id":"https:\/\/www.rassegnastampa-totustuus.it\/cattolica\/#organization","name":"Rassegna Stampa Cattolica","url":"https:\/\/www.rassegnastampa-totustuus.it\/cattolica\/","logo":{"@type":"ImageObject","inLanguage":"it-IT","@id":"https:\/\/www.rassegnastampa-totustuus.it\/cattolica\/#\/schema\/logo\/image\/","url":"https:\/\/www.rassegnastampa-totustuus.it\/cattolica\/wp-content\/uploads\/2014\/04\/logo-rassegna1.gif","contentUrl":"https:\/\/www.rassegnastampa-totustuus.it\/cattolica\/wp-content\/uploads\/2014\/04\/logo-rassegna1.gif","width":600,"height":163,"caption":"Rassegna Stampa Cattolica"},"image":{"@id":"https:\/\/www.rassegnastampa-totustuus.it\/cattolica\/#\/schema\/logo\/image\/"},"sameAs":["https:\/\/www.facebook.com\/rassegnastampacattolica","https:\/\/x.com\/rassegnastampa9"]},{"@type":"Person","@id":"https:\/\/www.rassegnastampa-totustuus.it\/cattolica\/#\/schema\/person\/08f319d2bd1a0904ad9e2bfb7b15e5c3","name":"Redazione","image":{"@type":"ImageObject","inLanguage":"it-IT","@id":"https:\/\/secure.gravatar.com\/avatar\/2fcdf27c78ea025fbdb44e914cc63c72249ffec9dc8aafd5c82b26240ef3f346?s=96&d=mm&r=g","url":"https:\/\/secure.gravatar.com\/avatar\/2fcdf27c78ea025fbdb44e914cc63c72249ffec9dc8aafd5c82b26240ef3f346?s=96&d=mm&r=g","contentUrl":"https:\/\/secure.gravatar.com\/avatar\/2fcdf27c78ea025fbdb44e914cc63c72249ffec9dc8aafd5c82b26240ef3f346?s=96&d=mm&r=g","caption":"Redazione"},"url":"https:\/\/www.rassegnastampa-totustuus.it\/cattolica\/author\/pietroelle\/"}]}},"_links":{"self":[{"href":"https:\/\/www.rassegnastampa-totustuus.it\/cattolica\/wp-json\/wp\/v2\/posts\/61673","targetHints":{"allow":["GET"]}}],"collection":[{"href":"https:\/\/www.rassegnastampa-totustuus.it\/cattolica\/wp-json\/wp\/v2\/posts"}],"about":[{"href":"https:\/\/www.rassegnastampa-totustuus.it\/cattolica\/wp-json\/wp\/v2\/types\/post"}],"author":[{"embeddable":true,"href":"https:\/\/www.rassegnastampa-totustuus.it\/cattolica\/wp-json\/wp\/v2\/users\/6"}],"replies":[{"embeddable":true,"href":"https:\/\/www.rassegnastampa-totustuus.it\/cattolica\/wp-json\/wp\/v2\/comments?post=61673"}],"version-history":[{"count":2,"href":"https:\/\/www.rassegnastampa-totustuus.it\/cattolica\/wp-json\/wp\/v2\/posts\/61673\/revisions"}],"predecessor-version":[{"id":61676,"href":"https:\/\/www.rassegnastampa-totustuus.it\/cattolica\/wp-json\/wp\/v2\/posts\/61673\/revisions\/61676"}],"wp:featuredmedia":[{"embeddable":true,"href":"https:\/\/www.rassegnastampa-totustuus.it\/cattolica\/wp-json\/wp\/v2\/media\/49356"}],"wp:attachment":[{"href":"https:\/\/www.rassegnastampa-totustuus.it\/cattolica\/wp-json\/wp\/v2\/media?parent=61673"}],"wp:term":[{"taxonomy":"category","embeddable":true,"href":"https:\/\/www.rassegnastampa-totustuus.it\/cattolica\/wp-json\/wp\/v2\/categories?post=61673"},{"taxonomy":"post_tag","embeddable":true,"href":"https:\/\/www.rassegnastampa-totustuus.it\/cattolica\/wp-json\/wp\/v2\/tags?post=61673"}],"curies":[{"name":"wp","href":"https:\/\/api.w.org\/{rel}","templated":true}]}}