{"id":61645,"date":"2024-11-25T10:21:28","date_gmt":"2024-11-25T09:21:28","guid":{"rendered":"https:\/\/www.rassegnastampa-totustuus.it\/cattolica\/?p=61645"},"modified":"2024-11-25T10:21:29","modified_gmt":"2024-11-25T09:21:29","slug":"fake-news-e-bugie-in-rete-e-tutto-un-complotto","status":"publish","type":"post","link":"https:\/\/www.rassegnastampa-totustuus.it\/cattolica\/fake-news-e-bugie-in-rete-e-tutto-un-complotto\/","title":{"rendered":"Fake news e bugie in rete: \u00e8 tutto un complotto?"},"content":{"rendered":"<p style=\"text-align: justify;\"><strong><span style=\"color: #000000;\"><img loading=\"lazy\" decoding=\"async\" class=\" wp-image-45230 alignleft\" src=\"https:\/\/www.rassegnastampa-totustuus.it\/cattolica\/wp-content\/uploads\/2019\/11\/fakenews-300x169.jpg\" alt=\"\" width=\"328\" height=\"185\" srcset=\"https:\/\/www.rassegnastampa-totustuus.it\/cattolica\/wp-content\/uploads\/2019\/11\/fakenews-300x169.jpg 300w, https:\/\/www.rassegnastampa-totustuus.it\/cattolica\/wp-content\/uploads\/2019\/11\/fakenews-768x432.jpg 768w, https:\/\/www.rassegnastampa-totustuus.it\/cattolica\/wp-content\/uploads\/2019\/11\/fakenews-1024x576.jpg 1024w, https:\/\/www.rassegnastampa-totustuus.it\/cattolica\/wp-content\/uploads\/2019\/11\/fakenews.jpg 1920w\" sizes=\"auto, (max-width: 328px) 100vw, 328px\" \/>Abstract:\u00a0 <\/span><\/strong><span style=\"color: #000000;\">Fake news e bugie in rete: \u00e8 tutto un complotto? Dopo un periodo iniziale di entusiasmo generale per l&#8217;aspettativa di allargamento della partecipazione, \u00e8 cominciata\u00a0 ad affiorare una crescente preoccupazione per le possibilit\u00e0 di manipolazione che\u00a0 potevano compromettere l\u2019obiettivit\u00e0, fino al dubbio che l&#8217;aspettativa iniziale di crescita democratica fosse fortemente da ridimensionare, per il rischio che le notizie diffuse su web si trasformassero pi\u00f9 che altro in un mezzo di disinformazione e di corruzione dell\u2019opinione pubblica.<\/span><\/p>\n<p><!--more--><\/p>\n<p style=\"text-align: center;\"><span style=\"color: #0000ff;\"><strong><a style=\"color: #0000ff;\" href=\"https:\/\/renatambu.blogspot.com\/\" target=\"_blank\" rel=\"noopener\">Punto e\u2026<\/a><\/strong><\/span> <span style=\"color: #000000;\">24 Novembre 2024<\/span><\/p>\n<h3 style=\"text-align: center;\"><strong>Fake news e bugie in rete: \u00e8 tutto un complotto <\/strong><\/h3>\n<h3 style=\"text-align: center;\"><strong>o c&#8217;\u00e8 una anche una &#8220;meccanica&#8221;?<\/strong><\/h3>\n<p style=\"text-align: center;\"><em><span style=\"color: #000000;\">Post-verit\u00e0 o verit\u00e0 dei post? Partiamo da un domanda formulata in un<\/span> <span style=\"color: #0000ff;\"><a style=\"color: #0000ff;\" href=\"https:\/\/www.nikura.it\/post-verita-o-verita-dei-post\/\" target=\"_blank\" rel=\"noreferrer noopener\">articolo <\/a><\/span><span style=\"color: #000000;\">del 2017 <\/span><\/em><\/p>\n<h4 style=\"text-align: center;\"><span style=\"color: #000000;\"><em>1. <\/em>Il fenomeno social: dall&#8217;entusiasmo alle preoccupazioni<\/span><\/h4>\n<p style=\"text-align: justify;\"><span style=\"color: #000000;\"><img loading=\"lazy\" decoding=\"async\" class=\" wp-image-49868 alignright\" src=\"https:\/\/www.rassegnastampa-totustuus.it\/cattolica\/wp-content\/uploads\/2021\/01\/privacy_social_internet-300x175.jpg\" alt=\"\" width=\"413\" height=\"241\" srcset=\"https:\/\/www.rassegnastampa-totustuus.it\/cattolica\/wp-content\/uploads\/2021\/01\/privacy_social_internet-300x175.jpg 300w, https:\/\/www.rassegnastampa-totustuus.it\/cattolica\/wp-content\/uploads\/2021\/01\/privacy_social_internet-768x448.jpg 768w, https:\/\/www.rassegnastampa-totustuus.it\/cattolica\/wp-content\/uploads\/2021\/01\/privacy_social_internet-1024x598.jpg 1024w, https:\/\/www.rassegnastampa-totustuus.it\/cattolica\/wp-content\/uploads\/2021\/01\/privacy_social_internet.jpg 1280w\" sizes=\"auto, (max-width: 413px) 100vw, 413px\" \/>I cosiddetti social si sono affacciati nelle nostre vite all\u2019inizio del secolo, prodotti dall\u2019evoluzione di Internet verso il<\/span> <span style=\"color: #0000ff;\"><a style=\"color: #0000ff;\" href=\"https:\/\/www.treccani.it\/enciclopedia\/web-2-0\/\" target=\"_blank\" rel=\"noopener\">Web 2.0<\/a><\/span>, <span style=\"color: #000000;\">e in poco tempo hanno occupato un ruolo dominante non solo nella comunicazione, ma anche nella politica e e nel dibattito culturale. La \u2018rete&#8217; (Il Nett) ha consentito a milioni di persone &#8211; tendenzialmente a tutti gli abitanti del nuovo villaggio globale &#8211; di mostrarsi, esprimersi, condividere momenti della propria esistenza, intervenire con facilit\u00e0 nel dibattito pubblico.<\/span><\/p>\n<p style=\"text-align: justify;\"><span style=\"color: #000000;\">Vediamo qualche numero: su 167 paesi analizzati (il 92% del totale mondiale) nel gennaio 2019, si registra una fortissima prevalenza di Facebook, con 2,5 miliardi di utenti attivi su base mensile. Segue Youtube, con quasi 2 miliardi di utenti mensili; Instagram, con un miliardo di utenti mensili, era gi\u00e0 dato in crescita costante, mentre Twitter (l&#8217;attuale X) aveva un ruolo numericamente minoritario (330 milioni di utenti mensili), ma di decisiva importanza per l\u2019uso che ne fanno leader politici e opinionisti.<\/span><\/p>\n<p style=\"text-align: justify;\"><span style=\"color: #000000;\">Da non sottovalutare gli strumenti messaggistica istantanea come Whatsapp, Facebook Messenger, Viber e Telegram, che sono usciti progressivamente dalla zona della comunicazione individuale e hanno acquisito una crescente coloritura social, soprattutto attraverso le condivisioni attraverso i gruppi [1].<\/span><\/p>\n<p style=\"text-align: justify;\"><span style=\"color: #000000;\">Dopo un periodo iniziale di entusiasmo generale per l&#8217;aspettativa di allargamento della partecipazione, cominci\u00f2 ad affiorare una crescente preoccupazione per le possibilit\u00e0 di manipolazione che ne potevano compromettere l\u2019obiettivit\u00e0, fino al dubbio che l&#8217;aspettativa iniziale di crescita democratica fosse fortemente da ridimensionare, per il rischio che si trasformassero pi\u00f9 che altro in un mezzo di disinformazione e di corruzione dell\u2019opinione pubblica.<\/span><\/p>\n<p style=\"text-align: justify;\"><span style=\"color: #000000;\"><img loading=\"lazy\" decoding=\"async\" class=\" wp-image-33111 alignleft\" src=\"https:\/\/www.rassegnastampa-totustuus.it\/cattolica\/wp-content\/uploads\/2011\/11\/Obama.jpg\" alt=\"\" width=\"340\" height=\"259\" \/>Credo che questo capovolgimento di giudizio rappresenti una svolta decisiva che merita di essere analizzata meglio, non solo per i problemi sollevati in s\u00e9, ma per gli ambienti e le circostanze in cui \u00e8 venuta progressivamente maturando, fino a diventare praticamente dominante. Possiamo farlo a partire da una figura simbolica dell\u2019universo liberal e progressista,<\/span> <span style=\"color: #0000ff;\"><a style=\"color: #0000ff;\" href=\"https:\/\/it.wikipedia.org\/wiki\/Barack_Obama\" target=\"_blank\" rel=\"noopener\">Barack Obama<\/a><\/span>.<\/p>\n<p style=\"text-align: justify;\"><span style=\"color: #000000;\">Nella campagna elettorale del 2008 l\u2019uso dei social fu scientificamente organizzato con la creazione di un apposito Dipartimento, il Triple O[2]. Soprattutto con Facebook e Youtube Obama riusc\u00ec a penetrare nella fascia dei new voters, e a raggiungere il frastagliato elettorato statunitense con la segmentazione di messaggi destinati alle varie comunit\u00e0 etniche, asiatiche, latine e afro<\/span><\/p>\n<p style=\"text-align: justify;\"><span style=\"color: #000000;\">.A distanza di un decennio lo stesso Barack Obama, intervenendo all\u2019annuale<\/span> <span style=\"color: #0000ff;\"><a style=\"color: #0000ff;\" href=\"https:\/\/www.salesforce.com\/blog\/what-is-dreamforce\/\" target=\"_blank\" rel=\"noopener\">Dreamforce Conference<\/a><\/span> <span style=\"color: #000000;\">nel 2019 a San Francisco, lanci\u00f2 un\u2019accorata denuncia della manipolazione dell\u2019opinione pubblica attraverso i social e della loro responsabilit\u00e0 nella frantumazione della societ\u00e0 e nella diffusione dell\u2019omofobia e del razzismo [3].<\/span><\/p>\n<p style=\"text-align: justify;\"><span style=\"color: #000000;\">Cosa \u00e8 successo nel frattempo? Perch\u00e9 si \u00e8 verificato un cambiamento di opinione cos\u00ec netto da parte dei politici e degli intellettuali che avevano riposto le speranze di un mondo nuovo nell\u2019allargamento della partecipazione alla discussione pubblica? Si tratta di un clima culturale che oggi facciamo fatica a ricordare, ora che l\u2019allarme per le fake, gli hacker e i bot occupa molta parte della discussione sulle distorsioni della comunicazione, ma che aveva prodotto perfino una diffusa aspettativa di superamento della democrazia rappresentativa (con annessa delegittimazione morale dell\u2019intermediazione della classe politica, ineluttabilmente \u2018corrotta\u2019) sostituita dalla consultazione permanente dei cittadini in rete: se ci ricorda qualcosa e qualcuno \u00e8 perch\u00e9 una versione particolarmente virulenta e agitata di questa &#8220;aspettativa&#8221; l&#8217;abbiamo avuta in casa.<\/span><\/p>\n<p style=\"text-align: justify;\"><span style=\"color: #000000;\"><img loading=\"lazy\" decoding=\"async\" class=\" wp-image-37632 alignleft\" src=\"https:\/\/www.rassegnastampa-totustuus.it\/cattolica\/wp-content\/uploads\/2017\/05\/5_stelle.jpg\" alt=\"\" width=\"325\" height=\"211\" \/>Sono due le letture prevalenti. La prima \u00e8 quella che potremmo anche definire la teoria del complotto:\u00a0 la purezza della rete, con le sue possibilit\u00e0 di sviluppo della democrazia dal basso e della diffusione \u2018illuministica\u2019 dei saperi, \u00e8 stata consapevolmente contaminata da fattori esterni, rappresentati prevalentemente da gruppi di interesse politico o commerciale che fabbricano e alimentano le cosiddette fake news, moltiplicate poi da milioni di persone pi\u00f9 o meno in buona fede, col risultato finale di coprire le notizie vere, insomma una specie di irresistibile invasione di moneta falsa ad opera di gruppi organizzati di spacciatori.<\/span><\/p>\n<p style=\"text-align: justify;\"><span style=\"color: #000000;\">Questa teoria si basa su indizi veri e su\u00a0 fatti che spesso per\u00f2 si rivelano imprecisi, e soprattutto finisce per essere utilizzabile a piacimento: le fake news alla fine sono quelle che diffonde il mio avversario o il mio concorrente, ovvero bugia \u00e8 \u00abesattamente il nome che tipicamente tutti assegniamo alle tesi contrarie alle nostre decisioni\u00bb [4]. Questa tesi \u00e8 seguita solitamente da un corollario: le fake che hanno successo lo devono a organizzazioni che le propalano scientificamente.<\/span><\/p>\n<p style=\"text-align: justify;\"><span style=\"color: #000000;\">Debole come lo sono di solito le teorie basate sul complotto, non \u00e8 adeguata a spiegare in profondit\u00e0 &#8211; sia sul piano storico che su quello tecnologico e comunicativo &#8211; la propagazione virale del falso in rete. La seconda spiegazione &#8211; pi\u00f9 complessa &#8211; parte da un ragionamento meno semplicistico, perch\u00e9 da un lato accoglie con molta cautela le spiegazioni complottistiche, giudicandole sempre bisognose di integrazioni e verifiche, dall&#8217;altro osserva che il giudizio sulla bont\u00e0 intrinseca della rete, quello che prevaleva all&#8217;inizio, era basato troppo su un&#8217;aspettativa ottimistica e astratta, potremmo dire illuministica, e perci\u00f2 sottovalutava imprudentemente la forza distorsiva del contesto storico e degli interessi storico-politici e culturali.<\/span><\/p>\n<h4 style=\"text-align: center;\"><span style=\"color: #000000;\">2. Fake news tra vecchie storie e vere novit\u00e0<\/span><\/h4>\n<p style=\"text-align: justify;\"><span style=\"color: #000000;\"><img loading=\"lazy\" decoding=\"async\" class=\" wp-image-46637 alignright\" src=\"https:\/\/www.rassegnastampa-totustuus.it\/cattolica\/wp-content\/uploads\/2020\/03\/internet_fake.jpg\" alt=\"\" width=\"352\" height=\"249\" \/>Il mondo degli addetti professionali, nelle universit\u00e0, nelle fondazioni, nelle biblioteche, nelle riviste impegnate, quello che di solito \u00e8 in prima linea nelle guerre culturali, \u00e8 stato investito in pieno dall\u2019esplosione di questo fenomeno, e si \u00e8 interrogato anche sugli aspetti operativi immancabilmente connessi (si deve controllare? chi deve controllare?) [5]<\/span><\/p>\n<p style=\"text-align: justify;\"><span style=\"color: #000000;\">Ma, prima di tentare di rispondere a domande di questo tipo &#8211; cio\u00e8 in soldoni se qualcuno debba predisporre degli strumenti di censura e, se s\u00ec, a che titolo &#8211; \u00e8 meglio sgombrare il campo da qualche fake news di troppo sulle fake news. Intanto \u00e8 bene ricordare che, anche se non si sono sempre chiamate cos\u00ec, le fake news sono sempre esistite. Lo documentano ampiamente due volumi abbastanza recenti: \u00e8 un fatto incontrovertibile che moltissime persone, anche di livello sociale e culturale diverso, per lunghissimo tempo hanno creduto a notizie false [6].<\/span><\/p>\n<p style=\"text-align: justify;\"><span style=\"color: #000000;\">In realt\u00e0 sarebbe perfino superfluo ricordarlo, se nelle opinioni comuni non avesse ampio credito la narrazione di un<\/span> piccolo mondo antico caratterizzato da una vita sociale tutta permeata di saggezza, di autenticit\u00e0 e di verit\u00e0, prima dell\u2019avvento di Internet e dei social, o addirittura prima della diffusione della radio e della televisione commerciale.<\/p>\n<p style=\"text-align: justify;\"><span style=\"color: #000000;\">Ma c&#8217;\u00e8 dell&#8217;altro, che ci permette di spostarne abbastanza indietro, al tempo dei giornali di carta, anche il nome e il riferimento alla finanza e alla politica: l\u2019americanista <strong>Arnaldo Testi<\/strong> nel suo<\/span> <span style=\"color: #0000ff;\"><a style=\"color: #0000ff;\" href=\"https:\/\/shortcutsamerica.com\/\" target=\"_blank\" rel=\"noopener\">blog<\/a><\/span>, i<span style=\"color: #000000;\">ronizzando sul \u2018penultimo spauracchio\u2019 in fatto di fake news, ossia la televisione,<\/span> <span style=\"color: #0000ff;\"><a style=\"color: #0000ff;\" href=\"https:\/\/shortcutsamerica.com\/2016\/11\/30\/fake\" target=\"_blank\" rel=\"noopener\">ha riesumato la notizia<\/a> <\/span><span style=\"color: #000000;\"><span style=\"color: #0000ff;\">c<\/span>he \u00abnel suo congresso del 1910 la Kansas State Editorial Association sente il bisogno di darsi un \u2018codice etico\u2019 che riguarda molti aspetti dell\u2019attivit\u00e0 degli editori, dei redattori e dei cronisti.<\/span><\/p>\n<p style=\"text-align: justify;\"><span style=\"color: #000000;\">Una sezione si occupa di fake illustrations, di fake interviews, di fake news dispatches, insomma di \u201cmenzogne\u201d, di cose che vanno \u201ccontro la verit\u00e0\u201d, che, usate ad arte, possono manipolare le elezioni e la borsa\u00bb . <\/span><\/p>\n<h4 style=\"text-align: center;\"><span style=\"color: #000000;\">3. <\/span><span style=\"color: #000000;\">Cosa c&#8217;\u00e8 davvero di nuovo?<\/span><\/h4>\n<p style=\"text-align: justify;\"><span style=\"color: #000000;\"><img loading=\"lazy\" decoding=\"async\" class=\" wp-image-34025 alignleft\" src=\"https:\/\/www.rassegnastampa-totustuus.it\/cattolica\/wp-content\/uploads\/2005\/10\/quotidiani_Italia.jpg\" alt=\"\" width=\"366\" height=\"215\" \/>Le novit\u00e0 che oggi abbiamo di fronte \u2013 dovute principalmente alla formidabile struttura tecnologica e comunicativa di cui disponiamo &#8211; sono le dimensioni, la facilit\u00e0 di penetrazione e, soprattutto, la velocit\u00e0 con cui la massa enorme delle informazioni viaggia e si afferma brevemente e mutevolmente.<\/span><\/p>\n<p style=\"text-align: justify;\"><span style=\"color: #000000;\">Questi fattori hanno reso massiccia la diffusione di affermazioni false o incontrollate, e comunque non basate su fonti verificabili, scatenando una reazione difensiva non sempre appropriata nell\u2019analisi e condivisibile nelle proposte di intervento. Scavando pi\u00f9 in profondit\u00e0, oltre il livello di base vero\/falso (fake), si \u00e8 parlato di <strong>verit\u00e0 veloce<\/strong>, ossia di \u00abuna verit\u00e0 che per salire alla superficie del mondo \u2013 cio\u00e8 per diventare comprensibile ai pi\u00f9 e per essere rilevata dall\u2019attenzione della gente \u2013 si ridisegna in modo aerodinamico perdendo per strada esattezza e precisione e guadagnando per\u00f2 in sintesi e velocit\u00e0\u00bb [7], con un termine che resta al di qua del giudizio vero\/falso, ma che mette in evidenza la scomparsa non tanto della permanenza e della incontrovertibilit\u00e0 della verit\u00e0, quanto di una ragionevole stabilit\u00e0 e attendibilit\u00e0 delle notizie in rapido ed effimero fluire.<\/span><\/p>\n<p style=\"text-align: justify;\"><span style=\"color: #000000;\">Mi sembra che questo termine sia molto pi\u00f9 persuasivo di quello, molto in voga con scopi prevalentemente polemici, di <strong>post-verit\u00e0<\/strong> (post-truth), definito tout court bufala [8] da<\/span> <span style=\"color: #0000ff;\"><a style=\"color: #0000ff;\" href=\"https:\/\/it.wikipedia.org\/wiki\/Alessandro_Baricco\" target=\"_blank\" rel=\"noopener\"><strong>Alessandro Baricco<\/strong><\/a><\/span> <span style=\"color: #000000;\">e <em>pure nonsense<\/em> dal pensatore conservatore inglese<\/span> <span style=\"color: #0000ff;\"><strong><a style=\"color: #0000ff;\" href=\"https:\/\/it.wikipedia.org\/wiki\/Roger_Scruton\">Roger Scruton<\/a><\/strong><\/span> [9].<\/p>\n<p style=\"text-align: justify;\">B<span style=\"color: #000000;\">isogna precisare che nel linguaggio comune non si parla di post-verit\u00e0 in senso tecnico-filosofico [10], ma piuttosto per dire, con un termine enfatico e suggestivo, che negli ultimi tempi le informazioni false sono aumentate e che \u00e8 sempre pi\u00f9 difficile distinguerle da quelle vere.<\/span><\/p>\n<p style=\"text-align: justify;\"><span style=\"color: #000000;\">Sgombrato il campo dalla post-verit\u00e0, termine palesemente fuori contesto e frutto di enfatizzazioni legate alla lotta politica, restano in piedi le fake news, ovvero la falsificazione in senso stretto \u2013 che coesiste da sempre con la narrazione storica, la propaganda politica e la comunicazione pubblica \u2013 che possiamo definire &#8216;non-verit\u00e0&#8217;, e quello delle \u2018verit\u00e0 veloci\u2019, che appartiene a pieno titolo al sistema comunicativo contemporaneo.<\/span><\/p>\n<p style=\"text-align: justify;\"><span style=\"color: #000000;\">La combinazione perversa di notizie false e di verit\u00e0 semplificate e prive di precisione merita un serio approfondimento, perch\u00e9 \u00e8 legata in modo pi\u00f9 strutturale e alla comunicazione in rete, e &#8211; abbiamo visto- non \u00e8 semplicisticamente il frutto di azioni ordite per corrompere il flusso pacifico delle informazioni \u2018politicamente corrette\u2019[11]<\/span><\/p>\n<h4 style=\"text-align: center;\"><span style=\"color: #000000;\">4. L&#8217;irruzione dell&#8217;Intelligenza Artificiale<\/span><\/h4>\n<p style=\"text-align: justify;\"><span style=\"color: #000000;\"><img loading=\"lazy\" decoding=\"async\" class=\" wp-image-56208 alignright\" src=\"https:\/\/www.rassegnastampa-totustuus.it\/cattolica\/wp-content\/uploads\/2023\/04\/ChatGPT_intelligenza_artificiale_tecnologia.jpg\" alt=\"\" width=\"371\" height=\"247\" \/>Questo quadro, che gi\u00e0 presentava complessit\u00e0 difficilmente governabili, negli ultimissimi anni si \u00e8 ulteriormente ingarbugliato con l&#8217;apparizione della nuova frontiera, quella dell&#8217;<\/span> <strong><a href=\"https:\/\/it.wikipedia.org\/wiki\/Intelligenza_artificiale\"><span style=\"color: #3366ff;\">Intelligenza Artificiale<\/span><\/a><\/strong>, <span style=\"color: #000000;\">ovvero la capacit\u00e0 delle macchine di elaborare autonomamente analisi complesse e sintesi difficilmente distinguibili da quelle umane, e in certi campi &#8211; come per esempio la diagnostica medica &#8211; dotate forse di maggiore precisione.<\/span><\/p>\n<p style=\"text-align: justify;\"><span style=\"color: #000000;\">I risvolti di questa nuova rivoluzione, che sta segnando gli anni 20 del secolo con le sue ricadute nelle imprese, nelle organizzazioni culturali, nella politica, sono molteplici (e rendono quasi quasi preistorico il dibattito sulle fake news che ha dominato la scena finora), sia per gli aspetti tecnologici e comunicativi, sia per le forti preoccupazioni etiche connesse. Il confine tra il vero e il falso, l&#8217;umano e il transumano si sta spostando vertiginosamente sotto i nostri occhi, ed \u00e8 veramente difficile immaginare quali siano i comportamenti adottabili, oltre le generiche esortazioni a mantenere tutto dentro una\u00a0 sfera eticamente accettabile [12].<\/span><\/p>\n<h4 style=\"text-align: center;\"><span style=\"color: #000000;\">5. La caduta di Aristotele, una vicenda plurisecolare: che fare?<\/span><\/h4>\n<p style=\"text-align: justify;\"><span style=\"color: #000000;\">Questo contesto cos\u00ec fluttuante spiega perch\u00e9 la tradizione culturale basata sulla verifica filologica delle fonti e sui processi cognitivi in grado di attingere al \u2018vero\u2019 reagisca proponendo controlli e verifiche che per\u00f2, anche quando vengono messi in atto, sembra non producano un effetto riequilibrante apprezzabile. Si pu\u00f2 facilmente verificare come una notizia falsa o esagerata che ha avuto sufficiente corso e veloce diffusione in rete non sia facilmente smontabile, prima di tutto perch\u00e9 esiste una specie di persistenza tenace e inossidabile di certi tipi di convinzione, o comunque un\u2019aura inestirpabile che si crea attorno ad essi. Faccio un esempio quotidianamente verificabile.<\/span><\/p>\n<p style=\"text-align: justify;\"><span style=\"color: #000000;\"><img loading=\"lazy\" decoding=\"async\" class=\" wp-image-46634 alignleft\" src=\"https:\/\/www.rassegnastampa-totustuus.it\/cattolica\/wp-content\/uploads\/2020\/03\/Trump_fake_Usa-300x169.jpg\" alt=\"\" width=\"391\" height=\"220\" srcset=\"https:\/\/www.rassegnastampa-totustuus.it\/cattolica\/wp-content\/uploads\/2020\/03\/Trump_fake_Usa-300x169.jpg 300w, https:\/\/www.rassegnastampa-totustuus.it\/cattolica\/wp-content\/uploads\/2020\/03\/Trump_fake_Usa-768x432.jpg 768w, https:\/\/www.rassegnastampa-totustuus.it\/cattolica\/wp-content\/uploads\/2020\/03\/Trump_fake_Usa-1024x576.jpg 1024w\" sizes=\"auto, (max-width: 391px) 100vw, 391px\" \/>Fase 1: dilaga in rete la notizia che il tale personaggio ha fatto un\u2019affermazione, quasi sempre biasimevole; fase 2: qualcuno, anche autorevole, dimostra che \u00e8 un falso; fase 3: il 50% continua a diffonderla (ovvero rispunta come nuova un mese dopo), un altro 50% ribatte che il problema non esiste, perch\u00e9 anche se non \u00e8 vera potrebbe esserlo, e il personaggio potrebbe dire anche di peggio. L\u2019esempio non riguarda solo la sfera politica: si applica alle asserzioni parascientifiche, alle bufale finanziarie, ai pregiudizi alimentari. Insomma, non \u00e8 un problema riducibile a centrali di disinformazia pi\u00f9 o meno identificabili.<\/span><\/p>\n<p style=\"text-align: justify;\"><span style=\"color: #000000;\"><strong>Le radici di questo allontanamento dal vero affondano negli strati profondi della storia culturale dell&#8217;Occidente, cio\u00e8 abbiamo a che fare con un macigno cognitivo favorito enormemente dalla tecnologia, ma in realt\u00e0 frutto di un processo lungo, plurisecolare, di \u2018democratizzazione\u2019 dell\u2019informazione:\u00a0 l\u2019immagine pi\u00f9 calzante\u00a0 e lo scenario pi\u00f9 oscuro per il futuro \u00e8 quello del rovesciamento del piedistallo di Aristotele, ossia la distruzione di ogni principio di autorit\u00e0 e di autorevolezza nella conoscenza, e \u2013 ancora oltre \u2013 della possibilit\u00e0 di raggiungere un\u2019accettabile verit\u00e0 fattuale o scientifica attraverso gli strumenti della ragione, della concatenazione delle prove e della loro falsificazione<\/strong>.<\/span><\/p>\n<p style=\"text-align: justify;\"><span style=\"color: #000000;\">Sebbene, come ho gi\u00e0 detto, nel sentire comune non si tratta sicuramente dell\u2019impossibilit\u00e0 teorica del discorso vero, ma della presunzione di ciascuno che la propria convinzione sia vera, e che quella altrui sia falsa, in realt\u00e0 quello che viene a mancare in modo sempre pi\u00f9 radicale \u00e8 un punto di riferimento comune, un\u2019autorit\u00e0 condivisa \u2013 morale, culturale, scientifica \u2013 che possa delimitare in modo (abbastanza) incontrovertibile la zona del vero e quella del falso. Ed \u00e8 sicuramente inimmaginabile che questa funzione possa essere surrogata da entit\u00e0 come commissioni governative o parlamentari, e tanto meno da operatori socio-culturali come insegnanti e bibliotecari.<\/span><\/p>\n<p style=\"text-align: justify;\"><span style=\"color: #000000;\">In un mondo contraddistinto dal pluralismo, il rischio di scivolamento verso posizioni di tipo censorio \u2013 e alla fin fine di strisciante totalitarismo \u2013 si pu\u00f2 manifestare proprio a partire dall\u2019intenzione benevola e progressiva di tutelare la veridicit\u00e0 delle affermazioni correnti nel discorso pubblico minacciata dall\u2019invasione delle fake news e dalla cosiddetta post-verit\u00e0, come tra gli altri hanno mostrato, a mio parere in modo molto convincente, sia il ricco articolo di Riccardo Ridi che ho ampiamente citato e utilizzato, sia il profondo intervento di Andrea Zanotti[13], entrambi apparsi nel medesimo fascicolo di AIB studi.<\/span><\/p>\n<p style=\"text-align: justify;\"><span style=\"color: #000000;\"><img loading=\"lazy\" decoding=\"async\" class=\" wp-image-51082 alignleft\" src=\"https:\/\/www.rassegnastampa-totustuus.it\/cattolica\/wp-content\/uploads\/2021\/05\/mass_media_comunicazione_massa.jpg\" alt=\"\" width=\"252\" height=\"356\" \/>E ancora: il fatto che abbiamo di fronte non tanto o non solo manipolazioni deliberate, ma una tenaglia che da un lato ha un lungo processo di frantumazione della gerarchia del sapere (Zanotti ne ricostruisce il percorso a partire dalla perdita della centralit\u00e0 della teologia propria del sistema organico della cultura medievale e scolastica, e, in successione, della caduta di prestigio del \u2018clero\u2019 scientifico) e dall\u2019altro lato una dinamica di velocizzazione e banalizzazione della verit\u00e0 intrinsecamente connessa alla rete, rende ancor pi\u00f9 palese l\u2019inadeguatezza del tentativo di costruire argini censori di qualunque tipo .<\/span><\/p>\n<p style=\"text-align: justify;\"><span style=\"color: #000000;\">In particolare le istituzioni culturali non sono chiamate a discernere il vero e il falso contenuti nei documenti, attivit\u00e0 che sarebbe prevaricante, perch\u00e9 questo compito spetta personalmente a ciascun lettore. La loro missione fondamentale continua anche oggi ad essere quella di conservare e trasmettere senza lacune il sapere depositato. Alcune potranno s\u00ec aiutare a far maturare nel lettore la consapevolezza di quanto l\u2019uso accorto delle fonti sia preliminare ad ogni conoscenza ben fondata, ma evitando di assumere\u2013 sia pure in modalit\u00e0 light \u2013 comportamenti gi\u00e0 praticati nei regimi totalitari del Novecento.<\/span><\/p>\n<p style=\"text-align: justify;\"><span style=\"color: #000000;\">Di fronte alla crisi secolare del concetto di verit\u00e0 non sono pensabili soluzioni dirigistiche e neppure rieducazioni forzate.<\/span><\/p>\n<p style=\"text-align: justify;\"><span style=\"color: #000000;\">\u00abIn questa sorta di Babele dove ognuno \u00e8 libero di credere tutto e il contrario di tutto, pu\u00f2 affermarsi un pensiero unico che tende verso un\u2019organizzazione planetaria delle risorse e delle intelligenze. Esso assume il volto della tolleranza repressiva, di un\u2019inquisizione a rovescio che tollerando e uniformando tutto, espelle, in verit\u00e0, ogni elemento di differenza. In questa prospettiva, non c\u2019\u00e8 intervento pubblico che ci possa aiutare: la fatica della responsabilit\u00e0 personale e la ricerca di qualche principio sono gli strumenti che possiamo utilizzare\u00bb [14].<\/span><\/p>\n<p style=\"text-align: justify;\"><em>*Il testo riproduce ampiamente un mio contributo (<\/em>Verit\u00e0 veloci, post-verit\u00e0 e notizie false nell\u2019epoca dei social. C\u2019\u00e8 una nuova mission per le istituzioni culturali?<em>) al volume <\/em>L&#8217;orgoglio di essere bibliotecari: saggi in ricordo di Maria A. Abenante<em>. Roma, AIB, 2020. Embrionalmente avevo trattato il tema in un mio breve intervento nella Tavola rotonda <\/em>L\u2019ecosistema dell\u2019informazione oggi tra istituzioni pubbliche, formazioni sociali, mercato e nuovi media<em> nel corso della giornata di studi <\/em>La banalit\u00e0 della censura<em> promosso dall\u2019<span style=\"color: #0000ff;\"><a style=\"color: #0000ff;\" href=\"https:\/\/www.aib.it\/\" target=\"_blank\" rel=\"noopener\">Associazione italiana biblioteche<\/a> <\/span>in collaborazione con l\u2019<span style=\"color: #0000ff;\"><a style=\"color: #0000ff;\" href=\"https:\/\/aiph.hypotheses.org\/\" target=\"_blank\" rel=\"noopener\">Associazione italiana di public history <\/a><\/span>e la Biblioteca di storia moderna e contemporanea, e con il patrocinio della Camera dei deputati, svoltasi a Roma presso la Biblioteca di storia moderna e contemporanea il 6 maggio 2019.<\/em><\/p>\n<p style=\"text-align: justify;\"><span style=\"color: #000000;\"><strong>[1]<\/strong> Vincos Blog<\/span>,<em><span style=\"color: #0000ff;\"><a style=\"color: #0000ff;\" href=\"https:\/\/vincos.it\/world-map-of-social-networks\/\" target=\"_blank\" rel=\"noopener\">World map of social networks<\/a><\/span>, <\/em><span style=\"color: #000000;\">january 2019: <em>\u00a0e <\/em>Vincos Blog<\/span>,<em><span style=\"color: #0000ff;\"> <a style=\"color: #0000ff;\" href=\"https:\/\/vincos.it\/social-media-statistics\/\" target=\"_blank\" rel=\"noopener\">Social media statistics<\/a><\/span><\/em><\/p>\n<p style=\"text-align: justify;\"><span style=\"color: #000000;\"><strong>[2]<\/strong> Clarissa Pistello<\/span><em><span style=\"color: #000000;\">,<\/span> <span style=\"color: #0000ff;\"><a style=\"color: #0000ff;\" href=\"https:\/\/www.policlic.it\/comunicazione-social-barack-obama\/\" target=\"_blank\" rel=\"noopener\">La politica e la comunicazione social: il caso di Barack Obama<\/a><\/span>, <span style=\"color: #000000;\">\u00abPoliclic\u00bb, 18 giugno 2019, <\/span><\/em><\/p>\n<p style=\"text-align: justify;\"><span style=\"color: #000000;\"><strong>[3]<\/strong> <\/span><em><span style=\"color: #0000ff;\"><a style=\"color: #0000ff;\" href=\"http:\/\/www.ansa.it\/sito\/notizie\/tecnologia\/internet_social\/2019\/11\/22\/obama-tech-e-social-frantumano-societa_12a5ddc5-8114-4e0d-add6-c3a3997fa770.html\" target=\"_blank\" rel=\"noopener\">Obama, tecnologia e social frantumano societ\u00e0<\/a><\/span>, <span style=\"color: #000000;\">\u00abAnsa: Internet &amp; social\u00bb, 22 novembre 2019, <\/span><\/em><\/p>\n<p style=\"text-align: justify;\"><span style=\"color: #000000;\"><strong>[4]<\/strong> Riccardo Ridi,<em> Livelli di verit\u00e0: post verit\u00e0, fake news e neutralit\u00e0 intellettuale in biblioteca, <\/em>\u00abAIB studi\u00bb, 58 (2018), n. 3, p. 462, nota 33<\/span><\/p>\n<p style=\"text-align: justify;\"><span style=\"color: #000000;\"><strong>[5]<\/strong> Ampia rassegna in Riccardo Ridi, cit., p. 455<\/span><\/p>\n<p style=\"text-align: justify;\"><span style=\"color: #000000;\"><strong>[6]<\/strong><em> Sar\u00e0 vero: la menzogna al potere, falsi, sospetti e bufale che hanno fatto la storia, <\/em>di Errico Buonanno. Torino: Einaudi, 2019. Con una eloquente presentazione editoriale: \u00abMillenni di imposture e truffe. Di bufale. In nome delle quali si sono mossi popoli, flotte, inquisitori, eserciti in battaglia. Dal favoloso Prete Gianni, alla sapienza di Ermete Trismegisto, alla setta dei misteriosi Illuminati di Baviera che, secondo alcuni, manovrano nell&#8217;ombra da secoli e forse ci governano, ai famigerati Protocolli dei Savi di Sion [\u2026]. Senza dimenticare il Santo Graal, la Donazione di Costantino, gli inafferrabili Rosacroce, i perenni Templari [\u2026]\u00bb e Dario Fertilio, <em>Ultime notizie dal diavolo: i segreti della disinformazione dall\u2019antichit\u00e0 alle fake news<\/em>. Milano: Guerini Scientifica, 2019.<\/span><\/p>\n<p style=\"text-align: justify;\"><span style=\"color: #000000;\"><strong>[7]<\/strong> Alessandro Baricco<em>, The Game. <\/em>Torino: Einaudi, 2018, p. 283. Il volume di Baricco affronta molti aspetti della trasformazione in corso, anche oltre le banalizzazioni correnti. Per la materia \u2018verit\u00e0 veloci\u2019 si veda pure Nicol\u00f2 Pratelli <em>Verit\u00e0 veloci ed etica nella narrazione dell\u2019informatica <\/em>[tesi di laurea]. Pisa: Universit\u00e0 di Pisa, 2019. La tesi \u00e8 basata su un interessante esperimento, denominato \u2018retrologico\u2019, nel corso del quale per 90 giorni sono stati diffusi \u2018consapevolmente\u2019 101 post di \u2018verit\u00e0-veloci\u2019 sulla storia dell\u2019informatica.<\/span><\/p>\n<p style=\"text-align: justify;\"><span style=\"color: #000000;\"><strong>[8]<\/strong> \u00abAvrei una notizia da dare: questa storia della post-verit\u00e0 \u00e8 una bufala. Vorrei essere pi\u00f9 preciso: sarebbe bello se la smettessimo, tutti, di usare l\u2019espressione \u201cadesso che viviamo nell\u2019epoca della post-verit\u00e0\u201d perch\u00e9 \u00e8 infondata e fuorviante. Non aiuta a capire. In compenso aiuta spesso a sdoganare comportamenti discutibili e idee sciocche. Fine\u00bb (Alessandro Baricco, <em>Perch\u00e9 questa definizione \u00e8 infondata<\/em>, \u00abLa Repubblica\u00bb, 30 aprile 2017, supplemento \u00abRobinson\u00bb, p. 13-14.<\/span><\/p>\n<p style=\"text-align: justify;\"><span style=\"color: #000000;\"><strong>[9]<\/strong> Roger Scruton<em>, Post-truth? It\u2019s pure nonsense, <\/em>\u00abSpectator\u00bb, 10 June 2017.<\/span><\/p>\n<p style=\"text-align: justify;\"><span style=\"color: #000000;\"><strong>[10]<\/strong> In ambito strettamente epistemologico il termine avrebbe un qualche diritto di cittadinanza per la nota dicotomia fatti\/interpretazione, col relativo assunto della superiorit\u00e0 dell\u2019interpretazione sui fatti. L&#8217;accezione pi\u00f9 \u2018debole\u2019 in definitiva non nega il concetto filosofico (forte) di verit\u00e0, ma anzi paradossalmente lo conferma in pieno, perch\u00e9 chi desidera ingannare e manipolare il prossimo ha tutto l\u2019interesse a far s\u00ec che il contenuto del proprio discorso venga ritenuto vero, nel senso pi\u00f9 elementare e ingenuo possibile, senza sofisticate distinzioni epistemologiche. Tanto \u00e8 vero che ha avuto il picco della sua fortuna mediatica soprattutto come connotazione di biasimo per lo stile comunicativo del presidente Donald Trump e della campagna elettorale per la Brexit.<\/span><\/p>\n<p style=\"text-align: justify;\"><span style=\"color: #000000;\"><strong>[11]<\/strong> Sulla storia e sull\u2019estensione di questo diffusissimo termine c\u2019\u00e8 una vasta letteratura: si veda l\u2019articolata disamina contenuta nel fortunato volume di Eugenio Capozzi<em>, Politicamente corretto: storia di un\u2019ideologia<\/em>. Padova, Marsilio, 2018.<\/span><\/p>\n<p style=\"text-align: justify;\"><span style=\"color: #000000;\"><strong>[12]<\/strong> Per orientarsi nella letteratura sul tema, che sta diventando abbondantissima, segnalo in particolare i lavori di<\/span> <span style=\"color: #0000ff;\"><a style=\"color: #0000ff;\" href=\"https:\/\/it.wikipedia.org\/wiki\/Luciano_Floridi\">Luciano Floridi<\/a> <\/span><span style=\"color: #000000;\">a cui si deve la diffusione del concetto di i<a style=\"color: #000000;\" href=\"https:\/\/it.wikipedia.org\/wiki\/Infosfera\">nfosfera<\/a> come il campo semantico costituito dalla totalit\u00e0 dei documenti, degli agenti e delle loro operazioni&#8221;, e di\u00a0 <a style=\"color: #000000;\" href=\"https:\/\/it.wikipedia.org\/wiki\/Paolo_Benanti\">Paolo Benanti<\/a> che ha parlato del &#8216;crollo di Babele&#8217; come nuova fase dell&#8217; Internet.<\/span><\/p>\n<p style=\"text-align: justify;\"><span style=\"color: #000000;\"><strong>[13]<\/strong> Andrea Zanotti,<em> La post-verit\u00e0 come volto di una nuova inquisizione, <\/em>\u00abAIB studi\u00bb, 58 (2018), n.3, p. 439-451.<\/span><\/p>\n<p style=\"text-align: justify;\"><span style=\"color: #000000;\"><strong>[14]<\/strong> Andrea Zanotti,<em> La post-verit\u00e0. <\/em>cit., Abstract.<\/span><\/p>\n\n\n<p><\/p>\n","protected":false},"excerpt":{"rendered":"<p>Abstract:\u00a0 Fake news e bugie in rete: \u00e8 tutto un complotto? Dopo un periodo iniziale di entusiasmo generale per l&#8217;aspettativa di allargamento della partecipazione, \u00e8 cominciata\u00a0 ad affiorare una crescente preoccupazione per le possibilit\u00e0 di manipolazione che\u00a0 potevano compromettere l\u2019obiettivit\u00e0, fino al dubbio che l&#8217;aspettativa iniziale di crescita democratica fosse fortemente da ridimensionare, per il &hellip; <\/p>\n<p><a class=\"more-link btn\" href=\"https:\/\/www.rassegnastampa-totustuus.it\/cattolica\/fake-news-e-bugie-in-rete-e-tutto-un-complotto\/\">Continua a leggere<\/a><\/p>\n","protected":false},"author":6,"featured_media":45230,"comment_status":"closed","ping_status":"closed","sticky":false,"template":"","format":"standard","meta":{"footnotes":""},"categories":[7,25,2956],"tags":[304,2683,1756,195,2215,558,2718,2817],"class_list":["post-61645","post","type-post","status-publish","format-standard","has-post-thumbnail","hentry","category-costume","category-sguardo-sul-nostro-tempo","category-tecnologia","tag-costume-2","tag-fake-news","tag-internet","tag-media","tag-notizie","tag-sguardo-sul-nostro-tempo-2","tag-social","tag-tecnologia","item-wrap"],"yoast_head":"<!-- This site is optimized with the Yoast SEO plugin v27.4 - https:\/\/yoast.com\/product\/yoast-seo-wordpress\/ -->\n<title>Fake news e bugie in rete: \u00e8 tutto un complotto? - Rassegna Stampa Cattolica<\/title>\n<meta name=\"description\" content=\"Fake news e bugie in rete: \u00e8 tutto un complotto? Verit\u00e0 veloci, post-verit\u00e0 e notizie false nell\u2019epoca dei social.\" \/>\n<meta name=\"robots\" content=\"index, follow, max-snippet:-1, max-image-preview:large, max-video-preview:-1\" \/>\n<link rel=\"canonical\" href=\"https:\/\/www.rassegnastampa-totustuus.it\/cattolica\/fake-news-e-bugie-in-rete-e-tutto-un-complotto\/\" \/>\n<meta property=\"og:locale\" content=\"it_IT\" \/>\n<meta property=\"og:type\" content=\"article\" \/>\n<meta property=\"og:title\" content=\"Fake news e bugie in rete: \u00e8 tutto un complotto? - Rassegna Stampa Cattolica\" \/>\n<meta property=\"og:description\" content=\"Fake news e bugie in rete: \u00e8 tutto un complotto? Verit\u00e0 veloci, post-verit\u00e0 e notizie false nell\u2019epoca dei social.\" \/>\n<meta property=\"og:url\" content=\"https:\/\/www.rassegnastampa-totustuus.it\/cattolica\/fake-news-e-bugie-in-rete-e-tutto-un-complotto\/\" \/>\n<meta property=\"og:site_name\" content=\"Rassegna Stampa Cattolica\" \/>\n<meta property=\"article:publisher\" content=\"https:\/\/www.facebook.com\/rassegnastampacattolica\" \/>\n<meta property=\"article:published_time\" content=\"2024-11-25T09:21:28+00:00\" \/>\n<meta property=\"article:modified_time\" content=\"2024-11-25T09:21:29+00:00\" \/>\n<meta property=\"og:image\" content=\"https:\/\/www.rassegnastampa-totustuus.it\/cattolica\/wp-content\/uploads\/2019\/11\/fakenews.jpg\" \/>\n\t<meta property=\"og:image:width\" content=\"1920\" \/>\n\t<meta property=\"og:image:height\" content=\"1080\" \/>\n\t<meta property=\"og:image:type\" content=\"image\/jpeg\" \/>\n<meta name=\"author\" content=\"Redazione\" \/>\n<meta name=\"twitter:card\" content=\"summary_large_image\" \/>\n<meta name=\"twitter:creator\" content=\"@rassegnastampa9\" \/>\n<meta name=\"twitter:site\" content=\"@rassegnastampa9\" \/>\n<meta name=\"twitter:label1\" content=\"Scritto da\" \/>\n\t<meta name=\"twitter:data1\" content=\"Redazione\" \/>\n\t<meta name=\"twitter:label2\" content=\"Tempo di lettura stimato\" \/>\n\t<meta name=\"twitter:data2\" content=\"20 minuti\" \/>\n<script type=\"application\/ld+json\" class=\"yoast-schema-graph\">{\"@context\":\"https:\\\/\\\/schema.org\",\"@graph\":[{\"@type\":\"Article\",\"@id\":\"https:\\\/\\\/www.rassegnastampa-totustuus.it\\\/cattolica\\\/fake-news-e-bugie-in-rete-e-tutto-un-complotto\\\/#article\",\"isPartOf\":{\"@id\":\"https:\\\/\\\/www.rassegnastampa-totustuus.it\\\/cattolica\\\/fake-news-e-bugie-in-rete-e-tutto-un-complotto\\\/\"},\"author\":{\"name\":\"Redazione\",\"@id\":\"https:\\\/\\\/www.rassegnastampa-totustuus.it\\\/cattolica\\\/#\\\/schema\\\/person\\\/08f319d2bd1a0904ad9e2bfb7b15e5c3\"},\"headline\":\"Fake news e bugie in rete: \u00e8 tutto un complotto?\",\"datePublished\":\"2024-11-25T09:21:28+00:00\",\"dateModified\":\"2024-11-25T09:21:29+00:00\",\"mainEntityOfPage\":{\"@id\":\"https:\\\/\\\/www.rassegnastampa-totustuus.it\\\/cattolica\\\/fake-news-e-bugie-in-rete-e-tutto-un-complotto\\\/\"},\"wordCount\":3257,\"publisher\":{\"@id\":\"https:\\\/\\\/www.rassegnastampa-totustuus.it\\\/cattolica\\\/#organization\"},\"image\":{\"@id\":\"https:\\\/\\\/www.rassegnastampa-totustuus.it\\\/cattolica\\\/fake-news-e-bugie-in-rete-e-tutto-un-complotto\\\/#primaryimage\"},\"thumbnailUrl\":\"https:\\\/\\\/www.rassegnastampa-totustuus.it\\\/cattolica\\\/wp-content\\\/uploads\\\/2019\\\/11\\\/fakenews.jpg\",\"keywords\":[\"costume\",\"fake news\",\"internet\",\"media\",\"notizie\",\"sguardo sul nostro tempo\",\"social\",\"tecnologia\"],\"articleSection\":[\"Costume\",\"Sguardo sul nostro tempo\",\"Tecnologia\"],\"inLanguage\":\"it-IT\"},{\"@type\":\"WebPage\",\"@id\":\"https:\\\/\\\/www.rassegnastampa-totustuus.it\\\/cattolica\\\/fake-news-e-bugie-in-rete-e-tutto-un-complotto\\\/\",\"url\":\"https:\\\/\\\/www.rassegnastampa-totustuus.it\\\/cattolica\\\/fake-news-e-bugie-in-rete-e-tutto-un-complotto\\\/\",\"name\":\"Fake news e bugie in rete: \u00e8 tutto un complotto? - Rassegna Stampa Cattolica\",\"isPartOf\":{\"@id\":\"https:\\\/\\\/www.rassegnastampa-totustuus.it\\\/cattolica\\\/#website\"},\"primaryImageOfPage\":{\"@id\":\"https:\\\/\\\/www.rassegnastampa-totustuus.it\\\/cattolica\\\/fake-news-e-bugie-in-rete-e-tutto-un-complotto\\\/#primaryimage\"},\"image\":{\"@id\":\"https:\\\/\\\/www.rassegnastampa-totustuus.it\\\/cattolica\\\/fake-news-e-bugie-in-rete-e-tutto-un-complotto\\\/#primaryimage\"},\"thumbnailUrl\":\"https:\\\/\\\/www.rassegnastampa-totustuus.it\\\/cattolica\\\/wp-content\\\/uploads\\\/2019\\\/11\\\/fakenews.jpg\",\"datePublished\":\"2024-11-25T09:21:28+00:00\",\"dateModified\":\"2024-11-25T09:21:29+00:00\",\"description\":\"Fake news e bugie in rete: \u00e8 tutto un complotto? Verit\u00e0 veloci, post-verit\u00e0 e notizie false nell\u2019epoca dei social.\",\"breadcrumb\":{\"@id\":\"https:\\\/\\\/www.rassegnastampa-totustuus.it\\\/cattolica\\\/fake-news-e-bugie-in-rete-e-tutto-un-complotto\\\/#breadcrumb\"},\"inLanguage\":\"it-IT\",\"potentialAction\":[{\"@type\":\"ReadAction\",\"target\":[\"https:\\\/\\\/www.rassegnastampa-totustuus.it\\\/cattolica\\\/fake-news-e-bugie-in-rete-e-tutto-un-complotto\\\/\"]}]},{\"@type\":\"ImageObject\",\"inLanguage\":\"it-IT\",\"@id\":\"https:\\\/\\\/www.rassegnastampa-totustuus.it\\\/cattolica\\\/fake-news-e-bugie-in-rete-e-tutto-un-complotto\\\/#primaryimage\",\"url\":\"https:\\\/\\\/www.rassegnastampa-totustuus.it\\\/cattolica\\\/wp-content\\\/uploads\\\/2019\\\/11\\\/fakenews.jpg\",\"contentUrl\":\"https:\\\/\\\/www.rassegnastampa-totustuus.it\\\/cattolica\\\/wp-content\\\/uploads\\\/2019\\\/11\\\/fakenews.jpg\",\"width\":1920,\"height\":1080},{\"@type\":\"BreadcrumbList\",\"@id\":\"https:\\\/\\\/www.rassegnastampa-totustuus.it\\\/cattolica\\\/fake-news-e-bugie-in-rete-e-tutto-un-complotto\\\/#breadcrumb\",\"itemListElement\":[{\"@type\":\"ListItem\",\"position\":1,\"name\":\"Home\",\"item\":\"https:\\\/\\\/www.rassegnastampa-totustuus.it\\\/cattolica\\\/\"},{\"@type\":\"ListItem\",\"position\":2,\"name\":\"Fake news e bugie in rete: \u00e8 tutto un complotto?\"}]},{\"@type\":\"WebSite\",\"@id\":\"https:\\\/\\\/www.rassegnastampa-totustuus.it\\\/cattolica\\\/#website\",\"url\":\"https:\\\/\\\/www.rassegnastampa-totustuus.it\\\/cattolica\\\/\",\"name\":\"Rassegna Stampa Cattolica\",\"description\":\"Per una cultura che nasce dalla Rivelazione cristiana in conformit\u00e0 alla tradizione e al Magistero della Chiesa in opposizione ad ogni relativismo e totalitarismo\",\"publisher\":{\"@id\":\"https:\\\/\\\/www.rassegnastampa-totustuus.it\\\/cattolica\\\/#organization\"},\"alternateName\":\"Rass. Cattolica\",\"potentialAction\":[{\"@type\":\"SearchAction\",\"target\":{\"@type\":\"EntryPoint\",\"urlTemplate\":\"https:\\\/\\\/www.rassegnastampa-totustuus.it\\\/cattolica\\\/?s={search_term_string}\"},\"query-input\":{\"@type\":\"PropertyValueSpecification\",\"valueRequired\":true,\"valueName\":\"search_term_string\"}}],\"inLanguage\":\"it-IT\"},{\"@type\":\"Organization\",\"@id\":\"https:\\\/\\\/www.rassegnastampa-totustuus.it\\\/cattolica\\\/#organization\",\"name\":\"Rassegna Stampa Cattolica\",\"url\":\"https:\\\/\\\/www.rassegnastampa-totustuus.it\\\/cattolica\\\/\",\"logo\":{\"@type\":\"ImageObject\",\"inLanguage\":\"it-IT\",\"@id\":\"https:\\\/\\\/www.rassegnastampa-totustuus.it\\\/cattolica\\\/#\\\/schema\\\/logo\\\/image\\\/\",\"url\":\"https:\\\/\\\/www.rassegnastampa-totustuus.it\\\/cattolica\\\/wp-content\\\/uploads\\\/2014\\\/04\\\/logo-rassegna1.gif\",\"contentUrl\":\"https:\\\/\\\/www.rassegnastampa-totustuus.it\\\/cattolica\\\/wp-content\\\/uploads\\\/2014\\\/04\\\/logo-rassegna1.gif\",\"width\":600,\"height\":163,\"caption\":\"Rassegna Stampa Cattolica\"},\"image\":{\"@id\":\"https:\\\/\\\/www.rassegnastampa-totustuus.it\\\/cattolica\\\/#\\\/schema\\\/logo\\\/image\\\/\"},\"sameAs\":[\"https:\\\/\\\/www.facebook.com\\\/rassegnastampacattolica\",\"https:\\\/\\\/x.com\\\/rassegnastampa9\"]},{\"@type\":\"Person\",\"@id\":\"https:\\\/\\\/www.rassegnastampa-totustuus.it\\\/cattolica\\\/#\\\/schema\\\/person\\\/08f319d2bd1a0904ad9e2bfb7b15e5c3\",\"name\":\"Redazione\",\"image\":{\"@type\":\"ImageObject\",\"inLanguage\":\"it-IT\",\"@id\":\"https:\\\/\\\/secure.gravatar.com\\\/avatar\\\/2fcdf27c78ea025fbdb44e914cc63c72249ffec9dc8aafd5c82b26240ef3f346?s=96&d=mm&r=g\",\"url\":\"https:\\\/\\\/secure.gravatar.com\\\/avatar\\\/2fcdf27c78ea025fbdb44e914cc63c72249ffec9dc8aafd5c82b26240ef3f346?s=96&d=mm&r=g\",\"contentUrl\":\"https:\\\/\\\/secure.gravatar.com\\\/avatar\\\/2fcdf27c78ea025fbdb44e914cc63c72249ffec9dc8aafd5c82b26240ef3f346?s=96&d=mm&r=g\",\"caption\":\"Redazione\"},\"url\":\"https:\\\/\\\/www.rassegnastampa-totustuus.it\\\/cattolica\\\/author\\\/pietroelle\\\/\"}]}<\/script>\n<!-- \/ Yoast SEO plugin. -->","yoast_head_json":{"title":"Fake news e bugie in rete: \u00e8 tutto un complotto? - Rassegna Stampa Cattolica","description":"Fake news e bugie in rete: \u00e8 tutto un complotto? Verit\u00e0 veloci, post-verit\u00e0 e notizie false nell\u2019epoca dei social.","robots":{"index":"index","follow":"follow","max-snippet":"max-snippet:-1","max-image-preview":"max-image-preview:large","max-video-preview":"max-video-preview:-1"},"canonical":"https:\/\/www.rassegnastampa-totustuus.it\/cattolica\/fake-news-e-bugie-in-rete-e-tutto-un-complotto\/","og_locale":"it_IT","og_type":"article","og_title":"Fake news e bugie in rete: \u00e8 tutto un complotto? - Rassegna Stampa Cattolica","og_description":"Fake news e bugie in rete: \u00e8 tutto un complotto? Verit\u00e0 veloci, post-verit\u00e0 e notizie false nell\u2019epoca dei social.","og_url":"https:\/\/www.rassegnastampa-totustuus.it\/cattolica\/fake-news-e-bugie-in-rete-e-tutto-un-complotto\/","og_site_name":"Rassegna Stampa Cattolica","article_publisher":"https:\/\/www.facebook.com\/rassegnastampacattolica","article_published_time":"2024-11-25T09:21:28+00:00","article_modified_time":"2024-11-25T09:21:29+00:00","og_image":[{"width":1920,"height":1080,"url":"https:\/\/www.rassegnastampa-totustuus.it\/cattolica\/wp-content\/uploads\/2019\/11\/fakenews.jpg","type":"image\/jpeg"}],"author":"Redazione","twitter_card":"summary_large_image","twitter_creator":"@rassegnastampa9","twitter_site":"@rassegnastampa9","twitter_misc":{"Scritto da":"Redazione","Tempo di lettura stimato":"20 minuti"},"schema":{"@context":"https:\/\/schema.org","@graph":[{"@type":"Article","@id":"https:\/\/www.rassegnastampa-totustuus.it\/cattolica\/fake-news-e-bugie-in-rete-e-tutto-un-complotto\/#article","isPartOf":{"@id":"https:\/\/www.rassegnastampa-totustuus.it\/cattolica\/fake-news-e-bugie-in-rete-e-tutto-un-complotto\/"},"author":{"name":"Redazione","@id":"https:\/\/www.rassegnastampa-totustuus.it\/cattolica\/#\/schema\/person\/08f319d2bd1a0904ad9e2bfb7b15e5c3"},"headline":"Fake news e bugie in rete: \u00e8 tutto un complotto?","datePublished":"2024-11-25T09:21:28+00:00","dateModified":"2024-11-25T09:21:29+00:00","mainEntityOfPage":{"@id":"https:\/\/www.rassegnastampa-totustuus.it\/cattolica\/fake-news-e-bugie-in-rete-e-tutto-un-complotto\/"},"wordCount":3257,"publisher":{"@id":"https:\/\/www.rassegnastampa-totustuus.it\/cattolica\/#organization"},"image":{"@id":"https:\/\/www.rassegnastampa-totustuus.it\/cattolica\/fake-news-e-bugie-in-rete-e-tutto-un-complotto\/#primaryimage"},"thumbnailUrl":"https:\/\/www.rassegnastampa-totustuus.it\/cattolica\/wp-content\/uploads\/2019\/11\/fakenews.jpg","keywords":["costume","fake news","internet","media","notizie","sguardo sul nostro tempo","social","tecnologia"],"articleSection":["Costume","Sguardo sul nostro tempo","Tecnologia"],"inLanguage":"it-IT"},{"@type":"WebPage","@id":"https:\/\/www.rassegnastampa-totustuus.it\/cattolica\/fake-news-e-bugie-in-rete-e-tutto-un-complotto\/","url":"https:\/\/www.rassegnastampa-totustuus.it\/cattolica\/fake-news-e-bugie-in-rete-e-tutto-un-complotto\/","name":"Fake news e bugie in rete: \u00e8 tutto un complotto? - Rassegna Stampa Cattolica","isPartOf":{"@id":"https:\/\/www.rassegnastampa-totustuus.it\/cattolica\/#website"},"primaryImageOfPage":{"@id":"https:\/\/www.rassegnastampa-totustuus.it\/cattolica\/fake-news-e-bugie-in-rete-e-tutto-un-complotto\/#primaryimage"},"image":{"@id":"https:\/\/www.rassegnastampa-totustuus.it\/cattolica\/fake-news-e-bugie-in-rete-e-tutto-un-complotto\/#primaryimage"},"thumbnailUrl":"https:\/\/www.rassegnastampa-totustuus.it\/cattolica\/wp-content\/uploads\/2019\/11\/fakenews.jpg","datePublished":"2024-11-25T09:21:28+00:00","dateModified":"2024-11-25T09:21:29+00:00","description":"Fake news e bugie in rete: \u00e8 tutto un complotto? Verit\u00e0 veloci, post-verit\u00e0 e notizie false nell\u2019epoca dei social.","breadcrumb":{"@id":"https:\/\/www.rassegnastampa-totustuus.it\/cattolica\/fake-news-e-bugie-in-rete-e-tutto-un-complotto\/#breadcrumb"},"inLanguage":"it-IT","potentialAction":[{"@type":"ReadAction","target":["https:\/\/www.rassegnastampa-totustuus.it\/cattolica\/fake-news-e-bugie-in-rete-e-tutto-un-complotto\/"]}]},{"@type":"ImageObject","inLanguage":"it-IT","@id":"https:\/\/www.rassegnastampa-totustuus.it\/cattolica\/fake-news-e-bugie-in-rete-e-tutto-un-complotto\/#primaryimage","url":"https:\/\/www.rassegnastampa-totustuus.it\/cattolica\/wp-content\/uploads\/2019\/11\/fakenews.jpg","contentUrl":"https:\/\/www.rassegnastampa-totustuus.it\/cattolica\/wp-content\/uploads\/2019\/11\/fakenews.jpg","width":1920,"height":1080},{"@type":"BreadcrumbList","@id":"https:\/\/www.rassegnastampa-totustuus.it\/cattolica\/fake-news-e-bugie-in-rete-e-tutto-un-complotto\/#breadcrumb","itemListElement":[{"@type":"ListItem","position":1,"name":"Home","item":"https:\/\/www.rassegnastampa-totustuus.it\/cattolica\/"},{"@type":"ListItem","position":2,"name":"Fake news e bugie in rete: \u00e8 tutto un complotto?"}]},{"@type":"WebSite","@id":"https:\/\/www.rassegnastampa-totustuus.it\/cattolica\/#website","url":"https:\/\/www.rassegnastampa-totustuus.it\/cattolica\/","name":"Rassegna Stampa Cattolica","description":"Per una cultura che nasce dalla Rivelazione cristiana in conformit\u00e0 alla tradizione e al Magistero della Chiesa in opposizione ad ogni relativismo e totalitarismo","publisher":{"@id":"https:\/\/www.rassegnastampa-totustuus.it\/cattolica\/#organization"},"alternateName":"Rass. Cattolica","potentialAction":[{"@type":"SearchAction","target":{"@type":"EntryPoint","urlTemplate":"https:\/\/www.rassegnastampa-totustuus.it\/cattolica\/?s={search_term_string}"},"query-input":{"@type":"PropertyValueSpecification","valueRequired":true,"valueName":"search_term_string"}}],"inLanguage":"it-IT"},{"@type":"Organization","@id":"https:\/\/www.rassegnastampa-totustuus.it\/cattolica\/#organization","name":"Rassegna Stampa Cattolica","url":"https:\/\/www.rassegnastampa-totustuus.it\/cattolica\/","logo":{"@type":"ImageObject","inLanguage":"it-IT","@id":"https:\/\/www.rassegnastampa-totustuus.it\/cattolica\/#\/schema\/logo\/image\/","url":"https:\/\/www.rassegnastampa-totustuus.it\/cattolica\/wp-content\/uploads\/2014\/04\/logo-rassegna1.gif","contentUrl":"https:\/\/www.rassegnastampa-totustuus.it\/cattolica\/wp-content\/uploads\/2014\/04\/logo-rassegna1.gif","width":600,"height":163,"caption":"Rassegna Stampa Cattolica"},"image":{"@id":"https:\/\/www.rassegnastampa-totustuus.it\/cattolica\/#\/schema\/logo\/image\/"},"sameAs":["https:\/\/www.facebook.com\/rassegnastampacattolica","https:\/\/x.com\/rassegnastampa9"]},{"@type":"Person","@id":"https:\/\/www.rassegnastampa-totustuus.it\/cattolica\/#\/schema\/person\/08f319d2bd1a0904ad9e2bfb7b15e5c3","name":"Redazione","image":{"@type":"ImageObject","inLanguage":"it-IT","@id":"https:\/\/secure.gravatar.com\/avatar\/2fcdf27c78ea025fbdb44e914cc63c72249ffec9dc8aafd5c82b26240ef3f346?s=96&d=mm&r=g","url":"https:\/\/secure.gravatar.com\/avatar\/2fcdf27c78ea025fbdb44e914cc63c72249ffec9dc8aafd5c82b26240ef3f346?s=96&d=mm&r=g","contentUrl":"https:\/\/secure.gravatar.com\/avatar\/2fcdf27c78ea025fbdb44e914cc63c72249ffec9dc8aafd5c82b26240ef3f346?s=96&d=mm&r=g","caption":"Redazione"},"url":"https:\/\/www.rassegnastampa-totustuus.it\/cattolica\/author\/pietroelle\/"}]}},"_links":{"self":[{"href":"https:\/\/www.rassegnastampa-totustuus.it\/cattolica\/wp-json\/wp\/v2\/posts\/61645","targetHints":{"allow":["GET"]}}],"collection":[{"href":"https:\/\/www.rassegnastampa-totustuus.it\/cattolica\/wp-json\/wp\/v2\/posts"}],"about":[{"href":"https:\/\/www.rassegnastampa-totustuus.it\/cattolica\/wp-json\/wp\/v2\/types\/post"}],"author":[{"embeddable":true,"href":"https:\/\/www.rassegnastampa-totustuus.it\/cattolica\/wp-json\/wp\/v2\/users\/6"}],"replies":[{"embeddable":true,"href":"https:\/\/www.rassegnastampa-totustuus.it\/cattolica\/wp-json\/wp\/v2\/comments?post=61645"}],"version-history":[{"count":1,"href":"https:\/\/www.rassegnastampa-totustuus.it\/cattolica\/wp-json\/wp\/v2\/posts\/61645\/revisions"}],"predecessor-version":[{"id":61646,"href":"https:\/\/www.rassegnastampa-totustuus.it\/cattolica\/wp-json\/wp\/v2\/posts\/61645\/revisions\/61646"}],"wp:featuredmedia":[{"embeddable":true,"href":"https:\/\/www.rassegnastampa-totustuus.it\/cattolica\/wp-json\/wp\/v2\/media\/45230"}],"wp:attachment":[{"href":"https:\/\/www.rassegnastampa-totustuus.it\/cattolica\/wp-json\/wp\/v2\/media?parent=61645"}],"wp:term":[{"taxonomy":"category","embeddable":true,"href":"https:\/\/www.rassegnastampa-totustuus.it\/cattolica\/wp-json\/wp\/v2\/categories?post=61645"},{"taxonomy":"post_tag","embeddable":true,"href":"https:\/\/www.rassegnastampa-totustuus.it\/cattolica\/wp-json\/wp\/v2\/tags?post=61645"}],"curies":[{"name":"wp","href":"https:\/\/api.w.org\/{rel}","templated":true}]}}