{"id":61635,"date":"2024-11-24T11:42:00","date_gmt":"2024-11-24T10:42:00","guid":{"rendered":"https:\/\/www.rassegnastampa-totustuus.it\/cattolica\/?p=61635"},"modified":"2024-11-24T11:46:10","modified_gmt":"2024-11-24T10:46:10","slug":"la-tassa-sulla-religione","status":"publish","type":"post","link":"https:\/\/www.rassegnastampa-totustuus.it\/cattolica\/la-tassa-sulla-religione\/","title":{"rendered":"La tassa sulla religione"},"content":{"rendered":"<p style=\"text-align: center;\"><img loading=\"lazy\" decoding=\"async\" class=\"size-full wp-image-61636 alignleft\" src=\"https:\/\/www.rassegnastampa-totustuus.it\/cattolica\/wp-content\/uploads\/2024\/11\/monete_soldi.jpeg\" alt=\"\" width=\"180\" height=\"180\" \/> <a href=\"https:\/\/alleanzacattolica.org\/\" target=\"_blank\" rel=\"noopener\"><strong><span style=\"color: #0000ff;\">Alleanza Cattolica<\/span><\/strong><\/a><span style=\"color: #000000;\"> 10 Novembre 2024\u00a0 <\/span><\/p>\n<p style=\"text-align: left;\"><span style=\"color: #000000;\"><em>La tassazione sulla religione nel mondo islamico (jizya) e i resti di giurisdizionalismo nell\u2019Occidente germanico<\/em> (<em>kirchensteuer<\/em>) <\/span><\/p>\n<p style=\"text-align: center;\"><span style=\"color: #000000;\">di <strong>Silvia Scaranari<\/strong> <\/span><\/p>\n<p><!--more--><\/p>\n<p style=\"text-align: justify;\"><span style=\"color: #000000;\">Parlare di tassa sulla religione pu\u00f2 sembrare cosa strana ed invece \u00e8 fenomeno diffuso in molti Paesi, retaggio dei concordati firmati fra Santa Sede e governi dal XIX secolo in poi. In Europa un caso significativo e molto noto \u00e8 la Repubblica Federale di Germania, ma fenomeno analogo esiste anche in Svezia, sebbene con sistema molto diverso. Differente il sistema italiano.<\/span><\/p>\n<p style=\"text-align: justify;\"><span style=\"color: #000000;\"><img loading=\"lazy\" decoding=\"async\" class=\" wp-image-41254 alignright\" src=\"https:\/\/www.rassegnastampa-totustuus.it\/cattolica\/wp-content\/uploads\/2018\/10\/sacerdoti_preti.jpg\" alt=\"\" width=\"340\" height=\"244\" \/>Il sistema di tassazione religiosa serve a coprire tutte le spese di amministrazione, organizzazione, attivit\u00e0 dell\u2019apparato di una determinata confessione religiosa cristiana. <\/span><\/p>\n<p style=\"text-align: justify;\"><span style=\"color: #000000;\">Ad esempio in Germania, in base all\u2019articolo 137 della Costituzione di Wiemar e all\u2019articolo 140 della Costituzione tedesca emanata nel 1949,\u00a0le comunit\u00e0 religiose e filosofiche sono considerate enti pubblici aventi il diritto di autofinanziarsi attraverso l\u2019emanazione di \u201ctasse\u201d.\u00a0 <\/span><\/p>\n<p style=\"text-align: justify;\"><span style=\"color: #000000;\">Per le Chiese cristiane il sistema si chiama <em>Kirchensteuer <\/em>e prevede che i cittadini dichiarino la propria appartenenza ad una determinata Chiesa, a cui devono pagare una percentuale calcolata sulla base delle proprie tasse. In questo modo hanno diritto a tutti i servizi religiosi: sacramenti, funzioni liturgiche, funerali. Ottengono anche la possibilit\u00e0 di assumere incarichi presso istituzioni religiose. Chi non paga \u00e8 escluso da qualsiasi servizio. <\/span><\/p>\n<p style=\"text-align: justify;\"><span style=\"color: #000000;\">Per la Chiesa cattolica la tassa varia secondo i diversi Lander, dall\u20198 al 9 per cento. Inutile dire che il sistema ha ricevuto pi\u00f9 di una critica da parte di molte confessioni religiose di altri Paesi e ha causato negli ultimi anni un significativo allontanamento di fedeli.<\/span><\/p>\n<p style=\"text-align: justify;\"><span style=\"color: #000000;\">Diversa la situazione in Italia, dove, come noto, chi vuole pu\u00f2 versare lo 0,8 per cento (otto per mille) delle proprie tasse alla Chiesa cattolica o ad altre realt\u00e0 religiose che abbiano firmato una intesa con lo Stato. Il pagamento \u00e8 su base volontaria, viene devoluto direttamente dallo Stato alle confessioni religiose, senza aggravi sul cittadino e senza controlli di appartenenza.<\/span><\/p>\n<p style=\"text-align: justify;\"><span style=\"color: #000000;\"><img loading=\"lazy\" decoding=\"async\" class=\" wp-image-32732 alignleft\" src=\"https:\/\/www.rassegnastampa-totustuus.it\/cattolica\/wp-content\/uploads\/2009\/05\/Imam_predica.jpg\" alt=\"\" width=\"332\" height=\"211\" \/>Se in Occidente le forme di \u201ctassazione religiosa\u201d sono molto varie, dal contributo volontario a forme regolamentate dai governi, in altra parte di mondo la situazione per i cristiani \u00e8 ben diversa. <\/span><\/p>\n<p style=\"text-align: justify;\"><span style=\"color: #000000;\">Nell\u2019islam, secondo il diritto tradizionale, i non musulmani erano tenuti al pagamento di una \u201ctassa di sottomissione\u201d, la <em>jizya. <\/em>Secondo il Corano gli appartenenti alle cosiddette \u201creligioni del Libro\u201d hanno diritto di continuare a praticare la propria fede in forma riservata, purch\u00e9 paghino una tassa supplementare che indica una condizione di sottomissione all\u2019islam. <\/span><\/p>\n<p style=\"text-align: justify;\"><span style=\"color: #000000;\">Con i governi moderni la pratica era caduta in disuso: ogni cittadino pagava le tasse allo Stato e, se musulmano, versava volontariamente la <em>zakat<\/em>, l\u2019elemosina legale. Negli ultimi decenni, invece, abbiamo ricominciato a sentire parlare di \u201ctassa per la religione\u201d, soprattutto durante l\u2019espansione dell\u2019ISIS nel Medioriente. Oggi la vediamo ricomparire in Mali, come attesta una denuncia fatta da Aiuto alla Chiesa che soffre (ACS). La jizya \u00e8 imposta, come forma di estorsione, da alcuni gruppi jihadisti che controllano larghe parti del territorio.<\/span><\/p>\n<p><img loading=\"lazy\" decoding=\"async\" class=\"alignleft wp-image-48909 \" src=\"https:\/\/www.rassegnastampa-totustuus.it\/cattolica\/wp-content\/uploads\/2020\/10\/Islam_preghiera_moschea-300x200.jpg\" alt=\"\" width=\"269\" height=\"179\" srcset=\"https:\/\/www.rassegnastampa-totustuus.it\/cattolica\/wp-content\/uploads\/2020\/10\/Islam_preghiera_moschea-300x200.jpg 300w, https:\/\/www.rassegnastampa-totustuus.it\/cattolica\/wp-content\/uploads\/2020\/10\/Islam_preghiera_moschea-768x512.jpg 768w, https:\/\/www.rassegnastampa-totustuus.it\/cattolica\/wp-content\/uploads\/2020\/10\/Islam_preghiera_moschea-1024x682.jpg 1024w, https:\/\/www.rassegnastampa-totustuus.it\/cattolica\/wp-content\/uploads\/2020\/10\/Islam_preghiera_moschea.jpg 1700w\" sizes=\"auto, (max-width: 269px) 100vw, 269px\" \/><\/p>\n<p style=\"text-align: justify;\"><span style=\"color: #000000;\">In Mali la presenza dei cristiani \u00e8 nettamente minoritaria (2,5%), a fronte di un 92% di musulmani e di un 5% di animisti. La controversa situazione del territorio, sotto il controllo francese dalla fine dell\u2019800 fino al 1960, anno dell\u2019indipendenza, aveva garantito una certa serenit\u00e0 ai cristiani. Ma dal 1991 il Paese \u00e8 in continuo fermento, con colpi di stato che si alternano a brevissimi periodi di apparente democrazia. <\/span><\/p>\n<p style=\"text-align: justify;\"><span style=\"color: #000000;\">Dal colpo di Stato del 2012 ad oggi la situazione \u00e8 diventata molto confusa. Nel 2012 la nomina a presidente di Dioncounda Traor\u00e9 ha acuito le tensioni con le popolazioni Tuareg del Nord \u2013 alleate degli ANSAR-Dine, gruppo salafita per la predicazione e il combattimento, definitosi \u201cal-Qa\u2019ida del Maghreb\u201d islamico -, tanto da obbligarlo a chiedere un intervento della Francia, che \u00e8 riuscita a riportare una parziale tranquillit\u00e0. Nel 2013 nuove elezioni, sorvegliate dall\u2019ONU, hanno visto eleggere come nuovo presidente Ibrahim Boubacar Keita. Nel 2020 nuovo colpo di stato, ad opera delle forze armate, che arrestano il presidente ed insediano una giunta militare, promettendo nuove elezioni per il 2022, slittate poi al 2024.<\/span><\/p>\n<p style=\"text-align: justify;\"><span style=\"color: #000000;\"><img loading=\"lazy\" decoding=\"async\" class=\"size-full wp-image-55672 alignright\" src=\"https:\/\/www.rassegnastampa-totustuus.it\/cattolica\/wp-content\/uploads\/2023\/02\/messa_latino_chiesa.jpg\" alt=\"\" width=\"275\" height=\"183\" \/>La generale confusione che vige nel Paese, l\u2019altissimo tasso di corruzione, la presenza di forze jihadiste ben organizzate impediscono il controllo del territorio da parte del governo.<\/span><\/p>\n<p style=\"text-align: justify;\"><span style=\"color: #000000;\"> Cos\u00ec alcune regioni sono in mano a violenti islamisti, come nel caso della provincia di Mopti, al confine con il Burkina Faso. Prima il villaggio di Dougout\u00e9n\u00e9, poi quello di Douna-Pen, a maggioranza cristiana, avevano gi\u00e0 subito violenza negli ultimi anni, con il divieto di usare musica, canti e balli durante le cerimonie religiose. Chi conosce un po\u2019 la tradizione africana sa quanto sia punitivo questo divieto.<\/span><\/p>\n<p style=\"text-align: justify;\"><span style=\"color: #000000;\">Oggi le stesse comunit\u00e0 hanno visto i jihadisti imporre una tassa di circa 40 dollari a persona, la <em>jizya<\/em>, per poter continuare a professare il cristianesimo e mantenere i luoghi di culto. La minaccia \u00e8 di distruggere chiese e cappelle e di uccidere chi non si sottomette. <\/span><\/p>\n<p style=\"text-align: justify;\"><span style=\"color: #000000;\">Questa situazione non \u00e8 solo ingiusta, essendo una chiara violazione dei diritti umani, ma diventa estorsione e finanziamento di forze eversive, che useranno i fondi raccolti per aumentare il proprio potenziale contro le popolazioni della zona e contro il governo. Dagli abitanti sale un accorato appello al governo per un immediato intervento in nome della laicit\u00e0 dello Stato, proclamata dalla vigente Costituzione, ma la speranza che questo avvenga \u00e8 molto labile.<\/span><\/p>\n<p>__________________________________________<\/p>\n<p><span style=\"color: #000000;\"><strong>Leggi anche:<\/strong><\/span><\/p>\n<p><a href=\"https:\/\/www.rassegnastampa-totustuus.it\/cattolica\/protezione-o-punizione-regole-per-i-dimmi\/\" target=\"_blank\" rel=\"noopener\"><span style=\"color: #0000ff;\">Protezione o punizione: regole per i dhimmi<\/span><\/a><\/p>\n\n\n<p><\/p>\n","protected":false},"excerpt":{"rendered":"<p>Alleanza Cattolica 10 Novembre 2024\u00a0 La tassazione sulla religione nel mondo islamico (jizya) e i resti di giurisdizionalismo nell\u2019Occidente germanico (kirchensteuer) di Silvia Scaranari<\/p><p><a class=\"more-link btn\" href=\"https:\/\/www.rassegnastampa-totustuus.it\/cattolica\/la-tassa-sulla-religione\/\">Continua a leggere<\/a><\/p>\n","protected":false},"author":6,"featured_media":61636,"comment_status":"closed","ping_status":"closed","sticky":false,"template":"","format":"standard","meta":{"footnotes":""},"categories":[5,16],"tags":[157,161,273],"class_list":["post-61635","post","type-post","status-publish","format-standard","has-post-thumbnail","hentry","category-chiesa","category-islam","tag-chiesa-2","tag-islam-2","tag-religione","item-wrap"],"yoast_head":"<!-- This site is optimized with the Yoast SEO plugin v27.5 - https:\/\/yoast.com\/product\/yoast-seo-wordpress\/ -->\n<title>La tassa sulla religione - Rassegna Stampa Cattolica<\/title>\n<meta name=\"description\" content=\"La tassa sulla religione nel mondo islamico (jizya) e i resti di giurisdizionalismo nell\u2019Occidente germanico (kirchensteuer)\" \/>\n<meta name=\"robots\" content=\"index, follow, max-snippet:-1, max-image-preview:large, max-video-preview:-1\" \/>\n<link rel=\"canonical\" href=\"https:\/\/www.rassegnastampa-totustuus.it\/cattolica\/la-tassa-sulla-religione\/\" \/>\n<meta property=\"og:locale\" content=\"it_IT\" \/>\n<meta property=\"og:type\" content=\"article\" \/>\n<meta property=\"og:title\" content=\"La tassa sulla religione - Rassegna Stampa Cattolica\" \/>\n<meta property=\"og:description\" content=\"La tassa sulla religione nel mondo islamico (jizya) e i resti di giurisdizionalismo nell\u2019Occidente germanico (kirchensteuer)\" \/>\n<meta property=\"og:url\" content=\"https:\/\/www.rassegnastampa-totustuus.it\/cattolica\/la-tassa-sulla-religione\/\" \/>\n<meta property=\"og:site_name\" content=\"Rassegna Stampa Cattolica\" \/>\n<meta property=\"article:publisher\" content=\"https:\/\/www.facebook.com\/rassegnastampacattolica\" \/>\n<meta property=\"article:published_time\" content=\"2024-11-24T10:42:00+00:00\" \/>\n<meta property=\"article:modified_time\" content=\"2024-11-24T10:46:10+00:00\" \/>\n<meta property=\"og:image\" content=\"https:\/\/www.rassegnastampa-totustuus.it\/cattolica\/wp-content\/uploads\/2024\/11\/monete_soldi.jpeg\" \/>\n\t<meta property=\"og:image:width\" content=\"180\" \/>\n\t<meta property=\"og:image:height\" content=\"180\" \/>\n\t<meta property=\"og:image:type\" content=\"image\/jpeg\" \/>\n<meta name=\"author\" content=\"Redazione\" \/>\n<meta name=\"twitter:card\" content=\"summary_large_image\" \/>\n<meta name=\"twitter:creator\" content=\"@rassegnastampa9\" \/>\n<meta name=\"twitter:site\" content=\"@rassegnastampa9\" \/>\n<meta name=\"twitter:label1\" content=\"Scritto da\" \/>\n\t<meta name=\"twitter:data1\" content=\"Redazione\" \/>\n\t<meta name=\"twitter:label2\" content=\"Tempo di lettura stimato\" \/>\n\t<meta name=\"twitter:data2\" content=\"6 minuti\" \/>\n<script type=\"application\/ld+json\" class=\"yoast-schema-graph\">{\"@context\":\"https:\\\/\\\/schema.org\",\"@graph\":[{\"@type\":\"Article\",\"@id\":\"https:\\\/\\\/www.rassegnastampa-totustuus.it\\\/cattolica\\\/la-tassa-sulla-religione\\\/#article\",\"isPartOf\":{\"@id\":\"https:\\\/\\\/www.rassegnastampa-totustuus.it\\\/cattolica\\\/la-tassa-sulla-religione\\\/\"},\"author\":{\"name\":\"Redazione\",\"@id\":\"https:\\\/\\\/www.rassegnastampa-totustuus.it\\\/cattolica\\\/#\\\/schema\\\/person\\\/08f319d2bd1a0904ad9e2bfb7b15e5c3\"},\"headline\":\"La tassa sulla religione\",\"datePublished\":\"2024-11-24T10:42:00+00:00\",\"dateModified\":\"2024-11-24T10:46:10+00:00\",\"mainEntityOfPage\":{\"@id\":\"https:\\\/\\\/www.rassegnastampa-totustuus.it\\\/cattolica\\\/la-tassa-sulla-religione\\\/\"},\"wordCount\":876,\"publisher\":{\"@id\":\"https:\\\/\\\/www.rassegnastampa-totustuus.it\\\/cattolica\\\/#organization\"},\"image\":{\"@id\":\"https:\\\/\\\/www.rassegnastampa-totustuus.it\\\/cattolica\\\/la-tassa-sulla-religione\\\/#primaryimage\"},\"thumbnailUrl\":\"https:\\\/\\\/www.rassegnastampa-totustuus.it\\\/cattolica\\\/wp-content\\\/uploads\\\/2024\\\/11\\\/monete_soldi.jpeg\",\"keywords\":[\"chiesa\",\"islam\",\"religione\"],\"articleSection\":[\"Chiesa\",\"Islam\"],\"inLanguage\":\"it-IT\"},{\"@type\":\"WebPage\",\"@id\":\"https:\\\/\\\/www.rassegnastampa-totustuus.it\\\/cattolica\\\/la-tassa-sulla-religione\\\/\",\"url\":\"https:\\\/\\\/www.rassegnastampa-totustuus.it\\\/cattolica\\\/la-tassa-sulla-religione\\\/\",\"name\":\"La tassa sulla religione - Rassegna Stampa Cattolica\",\"isPartOf\":{\"@id\":\"https:\\\/\\\/www.rassegnastampa-totustuus.it\\\/cattolica\\\/#website\"},\"primaryImageOfPage\":{\"@id\":\"https:\\\/\\\/www.rassegnastampa-totustuus.it\\\/cattolica\\\/la-tassa-sulla-religione\\\/#primaryimage\"},\"image\":{\"@id\":\"https:\\\/\\\/www.rassegnastampa-totustuus.it\\\/cattolica\\\/la-tassa-sulla-religione\\\/#primaryimage\"},\"thumbnailUrl\":\"https:\\\/\\\/www.rassegnastampa-totustuus.it\\\/cattolica\\\/wp-content\\\/uploads\\\/2024\\\/11\\\/monete_soldi.jpeg\",\"datePublished\":\"2024-11-24T10:42:00+00:00\",\"dateModified\":\"2024-11-24T10:46:10+00:00\",\"description\":\"La tassa sulla religione nel mondo islamico (jizya) e i resti di giurisdizionalismo nell\u2019Occidente germanico (kirchensteuer)\",\"breadcrumb\":{\"@id\":\"https:\\\/\\\/www.rassegnastampa-totustuus.it\\\/cattolica\\\/la-tassa-sulla-religione\\\/#breadcrumb\"},\"inLanguage\":\"it-IT\",\"potentialAction\":[{\"@type\":\"ReadAction\",\"target\":[\"https:\\\/\\\/www.rassegnastampa-totustuus.it\\\/cattolica\\\/la-tassa-sulla-religione\\\/\"]}]},{\"@type\":\"ImageObject\",\"inLanguage\":\"it-IT\",\"@id\":\"https:\\\/\\\/www.rassegnastampa-totustuus.it\\\/cattolica\\\/la-tassa-sulla-religione\\\/#primaryimage\",\"url\":\"https:\\\/\\\/www.rassegnastampa-totustuus.it\\\/cattolica\\\/wp-content\\\/uploads\\\/2024\\\/11\\\/monete_soldi.jpeg\",\"contentUrl\":\"https:\\\/\\\/www.rassegnastampa-totustuus.it\\\/cattolica\\\/wp-content\\\/uploads\\\/2024\\\/11\\\/monete_soldi.jpeg\",\"width\":180,\"height\":180},{\"@type\":\"BreadcrumbList\",\"@id\":\"https:\\\/\\\/www.rassegnastampa-totustuus.it\\\/cattolica\\\/la-tassa-sulla-religione\\\/#breadcrumb\",\"itemListElement\":[{\"@type\":\"ListItem\",\"position\":1,\"name\":\"Home\",\"item\":\"https:\\\/\\\/www.rassegnastampa-totustuus.it\\\/cattolica\\\/\"},{\"@type\":\"ListItem\",\"position\":2,\"name\":\"La tassa sulla religione\"}]},{\"@type\":\"WebSite\",\"@id\":\"https:\\\/\\\/www.rassegnastampa-totustuus.it\\\/cattolica\\\/#website\",\"url\":\"https:\\\/\\\/www.rassegnastampa-totustuus.it\\\/cattolica\\\/\",\"name\":\"Rassegna Stampa Cattolica\",\"description\":\"Per una cultura che nasce dalla Rivelazione cristiana in conformit\u00e0 alla tradizione e al Magistero della Chiesa in opposizione ad ogni relativismo e totalitarismo\",\"publisher\":{\"@id\":\"https:\\\/\\\/www.rassegnastampa-totustuus.it\\\/cattolica\\\/#organization\"},\"alternateName\":\"Rass. Cattolica\",\"potentialAction\":[{\"@type\":\"SearchAction\",\"target\":{\"@type\":\"EntryPoint\",\"urlTemplate\":\"https:\\\/\\\/www.rassegnastampa-totustuus.it\\\/cattolica\\\/?s={search_term_string}\"},\"query-input\":{\"@type\":\"PropertyValueSpecification\",\"valueRequired\":true,\"valueName\":\"search_term_string\"}}],\"inLanguage\":\"it-IT\"},{\"@type\":\"Organization\",\"@id\":\"https:\\\/\\\/www.rassegnastampa-totustuus.it\\\/cattolica\\\/#organization\",\"name\":\"Rassegna Stampa Cattolica\",\"url\":\"https:\\\/\\\/www.rassegnastampa-totustuus.it\\\/cattolica\\\/\",\"logo\":{\"@type\":\"ImageObject\",\"inLanguage\":\"it-IT\",\"@id\":\"https:\\\/\\\/www.rassegnastampa-totustuus.it\\\/cattolica\\\/#\\\/schema\\\/logo\\\/image\\\/\",\"url\":\"https:\\\/\\\/www.rassegnastampa-totustuus.it\\\/cattolica\\\/wp-content\\\/uploads\\\/2014\\\/04\\\/logo-rassegna1.gif\",\"contentUrl\":\"https:\\\/\\\/www.rassegnastampa-totustuus.it\\\/cattolica\\\/wp-content\\\/uploads\\\/2014\\\/04\\\/logo-rassegna1.gif\",\"width\":600,\"height\":163,\"caption\":\"Rassegna Stampa Cattolica\"},\"image\":{\"@id\":\"https:\\\/\\\/www.rassegnastampa-totustuus.it\\\/cattolica\\\/#\\\/schema\\\/logo\\\/image\\\/\"},\"sameAs\":[\"https:\\\/\\\/www.facebook.com\\\/rassegnastampacattolica\",\"https:\\\/\\\/x.com\\\/rassegnastampa9\"]},{\"@type\":\"Person\",\"@id\":\"https:\\\/\\\/www.rassegnastampa-totustuus.it\\\/cattolica\\\/#\\\/schema\\\/person\\\/08f319d2bd1a0904ad9e2bfb7b15e5c3\",\"name\":\"Redazione\",\"image\":{\"@type\":\"ImageObject\",\"inLanguage\":\"it-IT\",\"@id\":\"https:\\\/\\\/secure.gravatar.com\\\/avatar\\\/2fcdf27c78ea025fbdb44e914cc63c72249ffec9dc8aafd5c82b26240ef3f346?s=96&d=mm&r=g\",\"url\":\"https:\\\/\\\/secure.gravatar.com\\\/avatar\\\/2fcdf27c78ea025fbdb44e914cc63c72249ffec9dc8aafd5c82b26240ef3f346?s=96&d=mm&r=g\",\"contentUrl\":\"https:\\\/\\\/secure.gravatar.com\\\/avatar\\\/2fcdf27c78ea025fbdb44e914cc63c72249ffec9dc8aafd5c82b26240ef3f346?s=96&d=mm&r=g\",\"caption\":\"Redazione\"},\"url\":\"https:\\\/\\\/www.rassegnastampa-totustuus.it\\\/cattolica\\\/author\\\/pietroelle\\\/\"}]}<\/script>\n<!-- \/ Yoast SEO plugin. -->","yoast_head_json":{"title":"La tassa sulla religione - Rassegna Stampa Cattolica","description":"La tassa sulla religione nel mondo islamico (jizya) e i resti di giurisdizionalismo nell\u2019Occidente germanico (kirchensteuer)","robots":{"index":"index","follow":"follow","max-snippet":"max-snippet:-1","max-image-preview":"max-image-preview:large","max-video-preview":"max-video-preview:-1"},"canonical":"https:\/\/www.rassegnastampa-totustuus.it\/cattolica\/la-tassa-sulla-religione\/","og_locale":"it_IT","og_type":"article","og_title":"La tassa sulla religione - Rassegna Stampa Cattolica","og_description":"La tassa sulla religione nel mondo islamico (jizya) e i resti di giurisdizionalismo nell\u2019Occidente germanico (kirchensteuer)","og_url":"https:\/\/www.rassegnastampa-totustuus.it\/cattolica\/la-tassa-sulla-religione\/","og_site_name":"Rassegna Stampa Cattolica","article_publisher":"https:\/\/www.facebook.com\/rassegnastampacattolica","article_published_time":"2024-11-24T10:42:00+00:00","article_modified_time":"2024-11-24T10:46:10+00:00","og_image":[{"width":180,"height":180,"url":"https:\/\/www.rassegnastampa-totustuus.it\/cattolica\/wp-content\/uploads\/2024\/11\/monete_soldi.jpeg","type":"image\/jpeg"}],"author":"Redazione","twitter_card":"summary_large_image","twitter_creator":"@rassegnastampa9","twitter_site":"@rassegnastampa9","twitter_misc":{"Scritto da":"Redazione","Tempo di lettura stimato":"6 minuti"},"schema":{"@context":"https:\/\/schema.org","@graph":[{"@type":"Article","@id":"https:\/\/www.rassegnastampa-totustuus.it\/cattolica\/la-tassa-sulla-religione\/#article","isPartOf":{"@id":"https:\/\/www.rassegnastampa-totustuus.it\/cattolica\/la-tassa-sulla-religione\/"},"author":{"name":"Redazione","@id":"https:\/\/www.rassegnastampa-totustuus.it\/cattolica\/#\/schema\/person\/08f319d2bd1a0904ad9e2bfb7b15e5c3"},"headline":"La tassa sulla religione","datePublished":"2024-11-24T10:42:00+00:00","dateModified":"2024-11-24T10:46:10+00:00","mainEntityOfPage":{"@id":"https:\/\/www.rassegnastampa-totustuus.it\/cattolica\/la-tassa-sulla-religione\/"},"wordCount":876,"publisher":{"@id":"https:\/\/www.rassegnastampa-totustuus.it\/cattolica\/#organization"},"image":{"@id":"https:\/\/www.rassegnastampa-totustuus.it\/cattolica\/la-tassa-sulla-religione\/#primaryimage"},"thumbnailUrl":"https:\/\/www.rassegnastampa-totustuus.it\/cattolica\/wp-content\/uploads\/2024\/11\/monete_soldi.jpeg","keywords":["chiesa","islam","religione"],"articleSection":["Chiesa","Islam"],"inLanguage":"it-IT"},{"@type":"WebPage","@id":"https:\/\/www.rassegnastampa-totustuus.it\/cattolica\/la-tassa-sulla-religione\/","url":"https:\/\/www.rassegnastampa-totustuus.it\/cattolica\/la-tassa-sulla-religione\/","name":"La tassa sulla religione - Rassegna Stampa Cattolica","isPartOf":{"@id":"https:\/\/www.rassegnastampa-totustuus.it\/cattolica\/#website"},"primaryImageOfPage":{"@id":"https:\/\/www.rassegnastampa-totustuus.it\/cattolica\/la-tassa-sulla-religione\/#primaryimage"},"image":{"@id":"https:\/\/www.rassegnastampa-totustuus.it\/cattolica\/la-tassa-sulla-religione\/#primaryimage"},"thumbnailUrl":"https:\/\/www.rassegnastampa-totustuus.it\/cattolica\/wp-content\/uploads\/2024\/11\/monete_soldi.jpeg","datePublished":"2024-11-24T10:42:00+00:00","dateModified":"2024-11-24T10:46:10+00:00","description":"La tassa sulla religione nel mondo islamico (jizya) e i resti di giurisdizionalismo nell\u2019Occidente germanico (kirchensteuer)","breadcrumb":{"@id":"https:\/\/www.rassegnastampa-totustuus.it\/cattolica\/la-tassa-sulla-religione\/#breadcrumb"},"inLanguage":"it-IT","potentialAction":[{"@type":"ReadAction","target":["https:\/\/www.rassegnastampa-totustuus.it\/cattolica\/la-tassa-sulla-religione\/"]}]},{"@type":"ImageObject","inLanguage":"it-IT","@id":"https:\/\/www.rassegnastampa-totustuus.it\/cattolica\/la-tassa-sulla-religione\/#primaryimage","url":"https:\/\/www.rassegnastampa-totustuus.it\/cattolica\/wp-content\/uploads\/2024\/11\/monete_soldi.jpeg","contentUrl":"https:\/\/www.rassegnastampa-totustuus.it\/cattolica\/wp-content\/uploads\/2024\/11\/monete_soldi.jpeg","width":180,"height":180},{"@type":"BreadcrumbList","@id":"https:\/\/www.rassegnastampa-totustuus.it\/cattolica\/la-tassa-sulla-religione\/#breadcrumb","itemListElement":[{"@type":"ListItem","position":1,"name":"Home","item":"https:\/\/www.rassegnastampa-totustuus.it\/cattolica\/"},{"@type":"ListItem","position":2,"name":"La tassa sulla religione"}]},{"@type":"WebSite","@id":"https:\/\/www.rassegnastampa-totustuus.it\/cattolica\/#website","url":"https:\/\/www.rassegnastampa-totustuus.it\/cattolica\/","name":"Rassegna Stampa Cattolica","description":"Per una cultura che nasce dalla Rivelazione cristiana in conformit\u00e0 alla tradizione e al Magistero della Chiesa in opposizione ad ogni relativismo e totalitarismo","publisher":{"@id":"https:\/\/www.rassegnastampa-totustuus.it\/cattolica\/#organization"},"alternateName":"Rass. Cattolica","potentialAction":[{"@type":"SearchAction","target":{"@type":"EntryPoint","urlTemplate":"https:\/\/www.rassegnastampa-totustuus.it\/cattolica\/?s={search_term_string}"},"query-input":{"@type":"PropertyValueSpecification","valueRequired":true,"valueName":"search_term_string"}}],"inLanguage":"it-IT"},{"@type":"Organization","@id":"https:\/\/www.rassegnastampa-totustuus.it\/cattolica\/#organization","name":"Rassegna Stampa Cattolica","url":"https:\/\/www.rassegnastampa-totustuus.it\/cattolica\/","logo":{"@type":"ImageObject","inLanguage":"it-IT","@id":"https:\/\/www.rassegnastampa-totustuus.it\/cattolica\/#\/schema\/logo\/image\/","url":"https:\/\/www.rassegnastampa-totustuus.it\/cattolica\/wp-content\/uploads\/2014\/04\/logo-rassegna1.gif","contentUrl":"https:\/\/www.rassegnastampa-totustuus.it\/cattolica\/wp-content\/uploads\/2014\/04\/logo-rassegna1.gif","width":600,"height":163,"caption":"Rassegna Stampa Cattolica"},"image":{"@id":"https:\/\/www.rassegnastampa-totustuus.it\/cattolica\/#\/schema\/logo\/image\/"},"sameAs":["https:\/\/www.facebook.com\/rassegnastampacattolica","https:\/\/x.com\/rassegnastampa9"]},{"@type":"Person","@id":"https:\/\/www.rassegnastampa-totustuus.it\/cattolica\/#\/schema\/person\/08f319d2bd1a0904ad9e2bfb7b15e5c3","name":"Redazione","image":{"@type":"ImageObject","inLanguage":"it-IT","@id":"https:\/\/secure.gravatar.com\/avatar\/2fcdf27c78ea025fbdb44e914cc63c72249ffec9dc8aafd5c82b26240ef3f346?s=96&d=mm&r=g","url":"https:\/\/secure.gravatar.com\/avatar\/2fcdf27c78ea025fbdb44e914cc63c72249ffec9dc8aafd5c82b26240ef3f346?s=96&d=mm&r=g","contentUrl":"https:\/\/secure.gravatar.com\/avatar\/2fcdf27c78ea025fbdb44e914cc63c72249ffec9dc8aafd5c82b26240ef3f346?s=96&d=mm&r=g","caption":"Redazione"},"url":"https:\/\/www.rassegnastampa-totustuus.it\/cattolica\/author\/pietroelle\/"}]}},"_links":{"self":[{"href":"https:\/\/www.rassegnastampa-totustuus.it\/cattolica\/wp-json\/wp\/v2\/posts\/61635","targetHints":{"allow":["GET"]}}],"collection":[{"href":"https:\/\/www.rassegnastampa-totustuus.it\/cattolica\/wp-json\/wp\/v2\/posts"}],"about":[{"href":"https:\/\/www.rassegnastampa-totustuus.it\/cattolica\/wp-json\/wp\/v2\/types\/post"}],"author":[{"embeddable":true,"href":"https:\/\/www.rassegnastampa-totustuus.it\/cattolica\/wp-json\/wp\/v2\/users\/6"}],"replies":[{"embeddable":true,"href":"https:\/\/www.rassegnastampa-totustuus.it\/cattolica\/wp-json\/wp\/v2\/comments?post=61635"}],"version-history":[{"count":3,"href":"https:\/\/www.rassegnastampa-totustuus.it\/cattolica\/wp-json\/wp\/v2\/posts\/61635\/revisions"}],"predecessor-version":[{"id":61640,"href":"https:\/\/www.rassegnastampa-totustuus.it\/cattolica\/wp-json\/wp\/v2\/posts\/61635\/revisions\/61640"}],"wp:featuredmedia":[{"embeddable":true,"href":"https:\/\/www.rassegnastampa-totustuus.it\/cattolica\/wp-json\/wp\/v2\/media\/61636"}],"wp:attachment":[{"href":"https:\/\/www.rassegnastampa-totustuus.it\/cattolica\/wp-json\/wp\/v2\/media?parent=61635"}],"wp:term":[{"taxonomy":"category","embeddable":true,"href":"https:\/\/www.rassegnastampa-totustuus.it\/cattolica\/wp-json\/wp\/v2\/categories?post=61635"},{"taxonomy":"post_tag","embeddable":true,"href":"https:\/\/www.rassegnastampa-totustuus.it\/cattolica\/wp-json\/wp\/v2\/tags?post=61635"}],"curies":[{"name":"wp","href":"https:\/\/api.w.org\/{rel}","templated":true}]}}