{"id":61628,"date":"2024-11-22T09:20:15","date_gmt":"2024-11-22T08:20:15","guid":{"rendered":"https:\/\/www.rassegnastampa-totustuus.it\/cattolica\/?p=61628"},"modified":"2024-11-22T09:22:51","modified_gmt":"2024-11-22T08:22:51","slug":"genocidi-veri-ma-ignorati","status":"publish","type":"post","link":"https:\/\/www.rassegnastampa-totustuus.it\/cattolica\/genocidi-veri-ma-ignorati\/","title":{"rendered":"Genocidi veri ma ignorati"},"content":{"rendered":"<p style=\"text-align: justify;\"><span style=\"color: #000000;\"><strong><img loading=\"lazy\" decoding=\"async\" class=\" wp-image-61629 alignleft\" src=\"https:\/\/www.rassegnastampa-totustuus.it\/cattolica\/wp-content\/uploads\/2024\/11\/genocidio_profughi.jpeg\" alt=\"\" width=\"274\" height=\"238\" \/>Abstract: <\/strong><em>Genocidi veri ma ignorati, i media parlano soltanto di quello che accade a Gaza ma quando si pu\u00f2 parlare a ragion veduta di genocidio? In Paesi come Russia, Cina e Pakistan si sono verificati autentici tentativi di far scomparire con la violenza ineri gruppi umani:\u00a0 genicidi, appunto, secondo\u00a0 l\u2019Organizzazione delle Nazioni Unite che diede vita, nel 1948, alla Convenzione per la prevenzione e la repressione del delitto di genocidio, che divenne operativa nel 1951. Forse anche Vladimir Putin sta consumando un nuovo genocidio in Ucraina, visto che non ritiene esistere l\u2019identit\u00e0 ucraina.\u00a0<\/em><strong><br \/><\/strong><\/span><\/p>\n<p><!--more--><\/p>\n<p style=\"text-align: center;\"><a href=\"https:\/\/www.liberoquotidiano.it\" target=\"_blank\" rel=\"noopener\"><span style=\"color: #0000ff;\"><strong>Libero<\/strong><\/span><\/a> <span style=\"color: #000000;\">19 Novembre 2024 <\/span><\/p>\n<h3 style=\"text-align: center;\"><span style=\"color: #000000;\">Cina, Pakistan e Russia? Chiss\u00e0 perch\u00e9 <\/span><\/h3>\n<h3 style=\"text-align: center;\"><span style=\"color: #000000;\">dei loro massacri non si parla<\/span><\/h3>\n<p style=\"text-align: center;\"><span style=\"color: #000000;\">di <strong>Marco Respinti<\/strong> <\/span><\/p>\n<p style=\"text-align: justify;\"><span style=\"color: #000000;\"><img loading=\"lazy\" decoding=\"async\" class=\" wp-image-61373 alignleft\" src=\"https:\/\/www.rassegnastampa-totustuus.it\/cattolica\/wp-content\/uploads\/2024\/10\/manifestazione_Palestina_sinistra.jpeg\" alt=\"\" width=\"305\" height=\"223\" \/>\u00abA detta di alcuni esperti, ci\u00f2 che sta accadendo a Gaza ha le caratteristiche di un genocidio\u00bb. Lo ha scritto papa Francesco nel libro-intervista La speranza non delude mai. Pellegrini verso un mondo migliore, realizzato con il giornalista argentino Hern\u00e1n Reyes Alcaide e in uscita domani per Piemme. Dunque, come aggiunge il Pontefice, bisogna certamente indagare accuratamente. Perch\u00e9 il genocidio \u00e8 un crimine preciso, gravissimo, unico.<\/span><\/p>\n<p style=\"text-align: justify;\"><span style=\"color: #000000;\">Il termine \u00abgenocidio\u00bb non \u00e8 \u201csoltanto\u201d sinonimo di \u00abmassacro\u00bb o di \u00abeccidio\u00bb. \u00c8 una fattispecie normata ad hoc a partire dallo studio imprescindibile del giurista ebreo polacco Rafal Lemkin (1900-1959), <em>Axis Rule in Occupied Europe: Laws of Occupation &#8211; Analysis of Government Proposals for Redress<\/em>, che fu pubblicato nel 1944 a Washington dal Carnegie Endowment for International Peace. <\/span><\/p>\n<p style=\"text-align: justify;\"><span style=\"color: #000000;\">Proprio a partire da quel libro l\u2019Organizzazione delle Nazioni Unite diede vita, nel 1948, alla Convenzione per la prevenzione e la repressione del delitto di genocidio, che divenne operativa nel 1951. Solo applicando retrospettivamente i propri canoni interpretativi \u00e8 stato possibile definire genocidio la Sho\u00e0 degli ebrei e, molti anni dopo, il genocidio degli armeni operato, durante la Prima guerra mondiale, dal governo turco.<\/span><\/p>\n<p style=\"text-align: justify;\"><span style=\"color: #000000;\"><img loading=\"lazy\" decoding=\"async\" class=\"wp-image-30150 alignright\" src=\"https:\/\/www.rassegnastampa-totustuus.it\/cattolica\/wp-content\/uploads\/2006\/09\/Onu.jpg\" alt=\"\" width=\"332\" height=\"230\" \/>Ora, proprio la Convenzione dell\u2019Onu, sulla base degli studi fondativi di Lemkin, stabilisce che il genocidio sia un crimine specifico e unico, e che, affinch\u00e9 si possa stabilire che un eccidio sia genocidio, occorra che alcune caratteristiche siano soddisfatte: per esempio la premeditazione, la progettazione, l\u2019implementazione quanto pi\u00f9 sistematica, ma soprattutto l\u2019intenzione. <\/span><\/p>\n<p style=\"text-align: justify;\"><span style=\"color: #000000;\">La volont\u00e0 di cancellare della faccia della Terra una porzione dell\u2019umanit\u00e0 \u00e8 genocidio, tale per cui non \u00e8 anzitutto il numero delle vittime che fa di un massacro un genocidio, bens\u00ec la volont\u00e0 dei perpetratori di eliminare completamente un gruppo umano, anche se poi, al lato pratico, fortunatamente, le vittime siano \u201cpoche\u201d. Del resto le vittimedi un genocidio, come di qualsiasi massacro grande o piccolo, sono sempre tantissime, troppe. <\/span><\/p>\n<p style=\"text-align: justify;\"><span style=\"color: #000000;\">Qualsiasi esperto non pu\u00f2 sottrarsi a questo. Non \u00e8 infatti la sua opinione a costituire un genocidio, e nemmeno la sua scienza, bens\u00ec l\u2019intenzione del soggetto che \u00e8 sottoposto al processo per valutazione. Gli \u00abalcuni esperti\u00bb senza nome citati dal Papa debbono sottostare a questi criteri dell\u2019Onu. Altrimenti si scatena la ridda infame dei \u00absecondo me\u00bb.<\/span><\/p>\n<p style=\"text-align: justify;\"><span style=\"color: #000000;\">Ora, proprio la Convenzione dell\u2019Onu, sulla base degli studi fondativi di Lemkin, stabilisce che il genocidio sia un crimine specifico e unico, e che, affinch\u00e9 si possa stabilire che un eccidio sia genocidio, occorra che alcune caratteristiche siano soddisfatte: per esempio la premeditazione, la progettazione, l\u2019implementazione quanto pi\u00f9 sistematica, ma soprattutto l\u2019intenzione. <\/span><\/p>\n<p style=\"text-align: justify;\"><span style=\"color: #000000;\"><img loading=\"lazy\" decoding=\"async\" class=\" wp-image-50750 alignleft\" src=\"https:\/\/www.rassegnastampa-totustuus.it\/cattolica\/wp-content\/uploads\/2005\/08\/Armeni_genocidio-300x169.jpg\" alt=\"\" width=\"351\" height=\"198\" srcset=\"https:\/\/www.rassegnastampa-totustuus.it\/cattolica\/wp-content\/uploads\/2005\/08\/Armeni_genocidio-300x169.jpg 300w, https:\/\/www.rassegnastampa-totustuus.it\/cattolica\/wp-content\/uploads\/2005\/08\/Armeni_genocidio-768x432.jpg 768w, https:\/\/www.rassegnastampa-totustuus.it\/cattolica\/wp-content\/uploads\/2005\/08\/Armeni_genocidio-1024x576.jpg 1024w, https:\/\/www.rassegnastampa-totustuus.it\/cattolica\/wp-content\/uploads\/2005\/08\/Armeni_genocidio.jpg 1280w\" sizes=\"auto, (max-width: 351px) 100vw, 351px\" \/>La volont\u00e0 di cancellare della faccia della Terra una porzione dell\u2019umanit\u00e0 \u00e8 genocidio, tale per cui non \u00e8 anzitutto il numero delle vittime che fa di un massacro un genocidio, bens\u00ec la volont\u00e0 dei perpetratori di eliminare completamente un gruppo umano, anche se poi, al lato pratico, fortunatamente, le vittime siano \u201cpoche\u201d. Del resto le vittimedi un genocidio, come di qualsiasi massacro grande o piccolo, sono sempre tantissime, troppe. <\/span><\/p>\n<p style=\"text-align: justify;\"><span style=\"color: #000000;\">Qualsiasi esperto non pu\u00f2 sottrarsi a questo. Non \u00e8 infatti la sua opinione a costituire un genocidio, e nemmeno la sua scienza, bens\u00ec l\u2019intenzione del soggetto che \u00e8 sottoposto al processo per valutazione. Gli \u00abalcuni esperti\u00bb senza nome citati dal Papa debbono sottostare a questi criteri dell\u2019Onu. Altrimenti si scatena la ridda infame dei \u00absecondo me\u00bb.<\/span><\/p>\n<p style=\"text-align: justify;\"><span style=\"color: #000000;\">Mentre dunque viene valutato davvero ci\u00f2 che sta accadendo a Gaza per stabilire se sia genocidio, ovvero se Israele abbia sul serio premeditato, progettato, implementato quanto pi\u00f9 sistematicamente, ma soprattutto abbia l\u2019intenzione di cancellare tutti i palestinesi dalla faccia della Terra, altrimenti si tratta solo di \u00absecondo me\u00bb infami, deve continuare senza dimenticanze e strabismi il lavoro di scavo e scienza per appurare se e quando altri genocidi si stiano compiendo nel silenzio di fatto complice.<\/span><\/p>\n<p style=\"text-align: justify;\"><span style=\"color: #000000;\">Molti esperti sostengono, infatti, che la Repubblica Popolare Cinese stia compiendo genocidi per esempio ai danni di uiguri, tibetani, mongoli, musulmani Hui o gruppi religiosi come il Falun Gong, contro cui si utilizzano persino la genetica, la sterilizzazione delle donne e il prelievo forzato di organi umani che poi alimentano un lucrosissimo mercato nero dei trapianti.<\/span><\/p>\n<p style=\"text-align: justify;\"><span style=\"color: #000000;\"><img loading=\"lazy\" decoding=\"async\" class=\"size-full wp-image-61630 alignright\" src=\"https:\/\/www.rassegnastampa-totustuus.it\/cattolica\/wp-content\/uploads\/2024\/11\/uiguri_cina.jpeg\" alt=\"\" width=\"321\" height=\"180\" \/>Il genocidio che Pechino starebbe attuando in quei casi, dicono molti esperti, sarebbe il genocidio culturale. Si tratta di un genicidio freddo, che magari (ma non sempre) non impila cumuli di cadaveri ai lati delle strade, ma che ha non di meno l\u2019intenzione, e dunque progetta e cerca di realizzare sistematicamente, l\u2019annientamento totale di un gruppo umano specifico, forse solo diluendolo lungo un po\u2019 pi\u00f9 di tempo per mascherarlo. <\/span><\/p>\n<p style=\"text-align: justify;\"><span style=\"color: #000000;\">Quando infatti Pechino impedisce la trasmissione dell\u2019identit\u00e0 culturale di un gruppo umano (fatta di lingua, letteratura, arte, usi, costume, religione e cos\u00ec via), affinch\u00e9, nel giro di qualche generazione, quel determinato gruppo umano risulti indistinguibile dagli altri, pratica il genocidio culturale.<\/span><\/p>\n<p style=\"text-align: justify;\"><span style=\"color: #000000;\">Purtroppo, come molti esperti lamentano, la Convenzione dell\u2019Onu sul genocidio esclude la fattispecie del genocidio culturale. Per l\u2019Onu si pu\u00f2 essere genocidati in quanto appartenenti a un gruppo etnico, razziale, nazionale o religioso, ma non culturale. <\/span><\/p>\n<p style=\"text-align: justify;\"><span style=\"color: #000000;\">Questo \u00e8 cos\u00ec ancora oggi solo perch\u00e9, pur rifacendosi a Lemkin, la Convenzione dell\u2019Onu dovette sottostare alle censure dell\u2019Unione Sovietica, che, reduce dal genocidio ucraino noto come Holodomor, non gradiva affatto tale nozione. Lo dimostrano i due corposi volumi di The Genocide Convention: The Travaux Pr\u00e9paratoires, pubblicati a Leida e Boston nel 2008 per i tipi prestigiosi di Martinus Nijhoff, con cui i curatori Hirad Abtahi (capo dello staff della presidenza del Tribunale penale internazionale delle Nazioni Unite a L\u2019Aia, nei Paesi Bassi) e Philippa Webb (docente di Diritto pubblico internazionale al King\u2019s College di Londra) raccolgono appunti, note e minute di quel momento drammatico.<\/span><\/p>\n<p style=\"text-align: justify;\"><span style=\"color: #000000;\">Dunque, mentre \u00aba detta di alcuni esperti, ci\u00f2 che sta accadendo a Gaza ha le caratteristiche di un genocidio\u00bb, ci\u00f2 che sta avvenendo in Cina a danno di molti gruppi umani, ci\u00f2 che sta avvenendo in Pakistan a danno dei musulmani ahmadi, ci\u00f2 che sta avvenendo in Asia contro gli sciiti hazara, ci\u00f2 che \u00e8 avvenuto in quello che ora \u00e8 il Bangladesh a opera del Pakistan nel 1971, ci\u00f2 che \u00e8 avvenuto negli anni 1990 in Kashmir a opera dei jihadisti contro i pandit \u00ecnd\u00f9 \u00e8 genocidio, ma non trova spazio nelle opinioni, fra certi esperti, all\u2019Onu, nei libri e nel magistero. Forse anche Vladimir Putin sta consumando un nuovo genocidio in Ucraina, visto che non ritiene esistere l\u2019identit\u00e0 ucraina. Eppure c\u2019\u00e8 carta, penna e stampa a disposizione solo per illazioni su Gaza.<\/span><\/p>\n<p>__________________________________________________<\/p>\n<p><strong>Leggi anche:<\/strong><\/p>\n<p><a href=\"https:\/\/www.rassegnastampa-totustuus.it\/cattolica\/il-genocidio-invenzione-della-modernita\/\" target=\"_blank\" rel=\"noopener\"><span style=\"color: #0000ff;\">Genocidio, invenzione della modernit\u00e0<\/span><\/a><\/p>\n\n\n<p><\/p>\n","protected":false},"excerpt":{"rendered":"<p>Abstract: Genocidi veri ma ignorati, i media parlano soltanto di quello che accade a Gaza ma quando si pu\u00f2 parlare a ragion veduta di genocidio? In Paesi come Russia, Cina e Pakistan si sono verificati autentici tentativi di far scomparire con la violenza ineri gruppi umani:\u00a0 genicidi, appunto, secondo\u00a0 l\u2019Organizzazione delle Nazioni Unite che diede &hellip; <\/p>\n<p><a class=\"more-link btn\" href=\"https:\/\/www.rassegnastampa-totustuus.it\/cattolica\/genocidi-veri-ma-ignorati\/\">Continua a leggere<\/a><\/p>\n","protected":false},"author":6,"featured_media":0,"comment_status":"closed","ping_status":"closed","sticky":false,"template":"","format":"standard","meta":{"footnotes":""},"categories":[108,25],"tags":[2395,1072,379,545,1123,2409],"class_list":["post-61628","post","type-post","status-publish","format-standard","hentry","category-paesi-e-continenti","category-sguardo-sul-nostro-tempo","tag-cina","tag-gaza","tag-genocidio","tag-paesi-e-continenti-2","tag-pakistan","tag-russia","item-wrap"],"yoast_head":"<!-- This site is optimized with the Yoast SEO plugin v27.5 - https:\/\/yoast.com\/product\/yoast-seo-wordpress\/ -->\n<title>Genocidi veri ma ignorati - Rassegna Stampa Cattolica<\/title>\n<meta name=\"description\" content=\"Genocidi veri ma ignorati come quelli in Cina e Pakistan, forse anche in Russia, ma di quelli no si parla e c&#039;\u00e8 carta solo per Gaza\" \/>\n<meta name=\"robots\" content=\"index, follow, max-snippet:-1, max-image-preview:large, max-video-preview:-1\" \/>\n<link rel=\"canonical\" href=\"https:\/\/www.rassegnastampa-totustuus.it\/cattolica\/genocidi-veri-ma-ignorati\/\" \/>\n<meta property=\"og:locale\" content=\"it_IT\" \/>\n<meta property=\"og:type\" content=\"article\" \/>\n<meta property=\"og:title\" content=\"Genocidi veri ma ignorati - Rassegna Stampa Cattolica\" \/>\n<meta property=\"og:description\" content=\"Genocidi veri ma ignorati come quelli in Cina e Pakistan, forse anche in Russia, ma di quelli no si parla e c&#039;\u00e8 carta solo per Gaza\" \/>\n<meta property=\"og:url\" content=\"https:\/\/www.rassegnastampa-totustuus.it\/cattolica\/genocidi-veri-ma-ignorati\/\" \/>\n<meta property=\"og:site_name\" content=\"Rassegna Stampa Cattolica\" \/>\n<meta property=\"article:publisher\" content=\"https:\/\/www.facebook.com\/rassegnastampacattolica\" \/>\n<meta property=\"article:published_time\" content=\"2024-11-22T08:20:15+00:00\" \/>\n<meta property=\"article:modified_time\" content=\"2024-11-22T08:22:51+00:00\" \/>\n<meta property=\"og:image\" content=\"https:\/\/www.rassegnastampa-totustuus.it\/cattolica\/wp-content\/uploads\/2024\/11\/genocidio_profughi.jpeg\" \/>\n\t<meta property=\"og:image:width\" content=\"207\" \/>\n\t<meta property=\"og:image:height\" content=\"180\" \/>\n\t<meta property=\"og:image:type\" content=\"image\/jpeg\" \/>\n<meta name=\"author\" content=\"Redazione\" \/>\n<meta name=\"twitter:card\" content=\"summary_large_image\" \/>\n<meta name=\"twitter:creator\" content=\"@rassegnastampa9\" \/>\n<meta name=\"twitter:site\" content=\"@rassegnastampa9\" \/>\n<meta name=\"twitter:label1\" content=\"Scritto da\" \/>\n\t<meta name=\"twitter:data1\" content=\"Redazione\" \/>\n\t<meta name=\"twitter:label2\" content=\"Tempo di lettura stimato\" \/>\n\t<meta name=\"twitter:data2\" content=\"8 minuti\" \/>\n<script type=\"application\/ld+json\" class=\"yoast-schema-graph\">{\"@context\":\"https:\\\/\\\/schema.org\",\"@graph\":[{\"@type\":\"Article\",\"@id\":\"https:\\\/\\\/www.rassegnastampa-totustuus.it\\\/cattolica\\\/genocidi-veri-ma-ignorati\\\/#article\",\"isPartOf\":{\"@id\":\"https:\\\/\\\/www.rassegnastampa-totustuus.it\\\/cattolica\\\/genocidi-veri-ma-ignorati\\\/\"},\"author\":{\"name\":\"Redazione\",\"@id\":\"https:\\\/\\\/www.rassegnastampa-totustuus.it\\\/cattolica\\\/#\\\/schema\\\/person\\\/08f319d2bd1a0904ad9e2bfb7b15e5c3\"},\"headline\":\"Genocidi veri ma ignorati\",\"datePublished\":\"2024-11-22T08:20:15+00:00\",\"dateModified\":\"2024-11-22T08:22:51+00:00\",\"mainEntityOfPage\":{\"@id\":\"https:\\\/\\\/www.rassegnastampa-totustuus.it\\\/cattolica\\\/genocidi-veri-ma-ignorati\\\/\"},\"wordCount\":1183,\"publisher\":{\"@id\":\"https:\\\/\\\/www.rassegnastampa-totustuus.it\\\/cattolica\\\/#organization\"},\"image\":{\"@id\":\"https:\\\/\\\/www.rassegnastampa-totustuus.it\\\/cattolica\\\/genocidi-veri-ma-ignorati\\\/#primaryimage\"},\"thumbnailUrl\":\"https:\\\/\\\/www.rassegnastampa-totustuus.it\\\/cattolica\\\/wp-content\\\/uploads\\\/2024\\\/11\\\/genocidio_profughi.jpeg\",\"keywords\":[\"Cina\",\"Gaza\",\"genocidio\",\"paesi e continenti\",\"Pakistan\",\"Russia\"],\"articleSection\":[\"Paesi e continenti\",\"Sguardo sul nostro tempo\"],\"inLanguage\":\"it-IT\"},{\"@type\":\"WebPage\",\"@id\":\"https:\\\/\\\/www.rassegnastampa-totustuus.it\\\/cattolica\\\/genocidi-veri-ma-ignorati\\\/\",\"url\":\"https:\\\/\\\/www.rassegnastampa-totustuus.it\\\/cattolica\\\/genocidi-veri-ma-ignorati\\\/\",\"name\":\"Genocidi veri ma ignorati - Rassegna Stampa Cattolica\",\"isPartOf\":{\"@id\":\"https:\\\/\\\/www.rassegnastampa-totustuus.it\\\/cattolica\\\/#website\"},\"primaryImageOfPage\":{\"@id\":\"https:\\\/\\\/www.rassegnastampa-totustuus.it\\\/cattolica\\\/genocidi-veri-ma-ignorati\\\/#primaryimage\"},\"image\":{\"@id\":\"https:\\\/\\\/www.rassegnastampa-totustuus.it\\\/cattolica\\\/genocidi-veri-ma-ignorati\\\/#primaryimage\"},\"thumbnailUrl\":\"https:\\\/\\\/www.rassegnastampa-totustuus.it\\\/cattolica\\\/wp-content\\\/uploads\\\/2024\\\/11\\\/genocidio_profughi.jpeg\",\"datePublished\":\"2024-11-22T08:20:15+00:00\",\"dateModified\":\"2024-11-22T08:22:51+00:00\",\"description\":\"Genocidi veri ma ignorati come quelli in Cina e Pakistan, forse anche in Russia, ma di quelli no si parla e c'\u00e8 carta solo per Gaza\",\"breadcrumb\":{\"@id\":\"https:\\\/\\\/www.rassegnastampa-totustuus.it\\\/cattolica\\\/genocidi-veri-ma-ignorati\\\/#breadcrumb\"},\"inLanguage\":\"it-IT\",\"potentialAction\":[{\"@type\":\"ReadAction\",\"target\":[\"https:\\\/\\\/www.rassegnastampa-totustuus.it\\\/cattolica\\\/genocidi-veri-ma-ignorati\\\/\"]}]},{\"@type\":\"ImageObject\",\"inLanguage\":\"it-IT\",\"@id\":\"https:\\\/\\\/www.rassegnastampa-totustuus.it\\\/cattolica\\\/genocidi-veri-ma-ignorati\\\/#primaryimage\",\"url\":\"https:\\\/\\\/www.rassegnastampa-totustuus.it\\\/cattolica\\\/wp-content\\\/uploads\\\/2024\\\/11\\\/genocidio_profughi.jpeg\",\"contentUrl\":\"https:\\\/\\\/www.rassegnastampa-totustuus.it\\\/cattolica\\\/wp-content\\\/uploads\\\/2024\\\/11\\\/genocidio_profughi.jpeg\",\"width\":207,\"height\":180},{\"@type\":\"BreadcrumbList\",\"@id\":\"https:\\\/\\\/www.rassegnastampa-totustuus.it\\\/cattolica\\\/genocidi-veri-ma-ignorati\\\/#breadcrumb\",\"itemListElement\":[{\"@type\":\"ListItem\",\"position\":1,\"name\":\"Home\",\"item\":\"https:\\\/\\\/www.rassegnastampa-totustuus.it\\\/cattolica\\\/\"},{\"@type\":\"ListItem\",\"position\":2,\"name\":\"Genocidi veri ma ignorati\"}]},{\"@type\":\"WebSite\",\"@id\":\"https:\\\/\\\/www.rassegnastampa-totustuus.it\\\/cattolica\\\/#website\",\"url\":\"https:\\\/\\\/www.rassegnastampa-totustuus.it\\\/cattolica\\\/\",\"name\":\"Rassegna Stampa Cattolica\",\"description\":\"Per una cultura che nasce dalla Rivelazione cristiana in conformit\u00e0 alla tradizione e al Magistero della Chiesa in opposizione ad ogni relativismo e totalitarismo\",\"publisher\":{\"@id\":\"https:\\\/\\\/www.rassegnastampa-totustuus.it\\\/cattolica\\\/#organization\"},\"alternateName\":\"Rass. Cattolica\",\"potentialAction\":[{\"@type\":\"SearchAction\",\"target\":{\"@type\":\"EntryPoint\",\"urlTemplate\":\"https:\\\/\\\/www.rassegnastampa-totustuus.it\\\/cattolica\\\/?s={search_term_string}\"},\"query-input\":{\"@type\":\"PropertyValueSpecification\",\"valueRequired\":true,\"valueName\":\"search_term_string\"}}],\"inLanguage\":\"it-IT\"},{\"@type\":\"Organization\",\"@id\":\"https:\\\/\\\/www.rassegnastampa-totustuus.it\\\/cattolica\\\/#organization\",\"name\":\"Rassegna Stampa Cattolica\",\"url\":\"https:\\\/\\\/www.rassegnastampa-totustuus.it\\\/cattolica\\\/\",\"logo\":{\"@type\":\"ImageObject\",\"inLanguage\":\"it-IT\",\"@id\":\"https:\\\/\\\/www.rassegnastampa-totustuus.it\\\/cattolica\\\/#\\\/schema\\\/logo\\\/image\\\/\",\"url\":\"https:\\\/\\\/www.rassegnastampa-totustuus.it\\\/cattolica\\\/wp-content\\\/uploads\\\/2014\\\/04\\\/logo-rassegna1.gif\",\"contentUrl\":\"https:\\\/\\\/www.rassegnastampa-totustuus.it\\\/cattolica\\\/wp-content\\\/uploads\\\/2014\\\/04\\\/logo-rassegna1.gif\",\"width\":600,\"height\":163,\"caption\":\"Rassegna Stampa Cattolica\"},\"image\":{\"@id\":\"https:\\\/\\\/www.rassegnastampa-totustuus.it\\\/cattolica\\\/#\\\/schema\\\/logo\\\/image\\\/\"},\"sameAs\":[\"https:\\\/\\\/www.facebook.com\\\/rassegnastampacattolica\",\"https:\\\/\\\/x.com\\\/rassegnastampa9\"]},{\"@type\":\"Person\",\"@id\":\"https:\\\/\\\/www.rassegnastampa-totustuus.it\\\/cattolica\\\/#\\\/schema\\\/person\\\/08f319d2bd1a0904ad9e2bfb7b15e5c3\",\"name\":\"Redazione\",\"image\":{\"@type\":\"ImageObject\",\"inLanguage\":\"it-IT\",\"@id\":\"https:\\\/\\\/secure.gravatar.com\\\/avatar\\\/2fcdf27c78ea025fbdb44e914cc63c72249ffec9dc8aafd5c82b26240ef3f346?s=96&d=mm&r=g\",\"url\":\"https:\\\/\\\/secure.gravatar.com\\\/avatar\\\/2fcdf27c78ea025fbdb44e914cc63c72249ffec9dc8aafd5c82b26240ef3f346?s=96&d=mm&r=g\",\"contentUrl\":\"https:\\\/\\\/secure.gravatar.com\\\/avatar\\\/2fcdf27c78ea025fbdb44e914cc63c72249ffec9dc8aafd5c82b26240ef3f346?s=96&d=mm&r=g\",\"caption\":\"Redazione\"},\"url\":\"https:\\\/\\\/www.rassegnastampa-totustuus.it\\\/cattolica\\\/author\\\/pietroelle\\\/\"}]}<\/script>\n<!-- \/ Yoast SEO plugin. -->","yoast_head_json":{"title":"Genocidi veri ma ignorati - Rassegna Stampa Cattolica","description":"Genocidi veri ma ignorati come quelli in Cina e Pakistan, forse anche in Russia, ma di quelli no si parla e c'\u00e8 carta solo per Gaza","robots":{"index":"index","follow":"follow","max-snippet":"max-snippet:-1","max-image-preview":"max-image-preview:large","max-video-preview":"max-video-preview:-1"},"canonical":"https:\/\/www.rassegnastampa-totustuus.it\/cattolica\/genocidi-veri-ma-ignorati\/","og_locale":"it_IT","og_type":"article","og_title":"Genocidi veri ma ignorati - Rassegna Stampa Cattolica","og_description":"Genocidi veri ma ignorati come quelli in Cina e Pakistan, forse anche in Russia, ma di quelli no si parla e c'\u00e8 carta solo per Gaza","og_url":"https:\/\/www.rassegnastampa-totustuus.it\/cattolica\/genocidi-veri-ma-ignorati\/","og_site_name":"Rassegna Stampa Cattolica","article_publisher":"https:\/\/www.facebook.com\/rassegnastampacattolica","article_published_time":"2024-11-22T08:20:15+00:00","article_modified_time":"2024-11-22T08:22:51+00:00","og_image":[{"width":207,"height":180,"url":"https:\/\/www.rassegnastampa-totustuus.it\/cattolica\/wp-content\/uploads\/2024\/11\/genocidio_profughi.jpeg","type":"image\/jpeg"}],"author":"Redazione","twitter_card":"summary_large_image","twitter_creator":"@rassegnastampa9","twitter_site":"@rassegnastampa9","twitter_misc":{"Scritto da":"Redazione","Tempo di lettura stimato":"8 minuti"},"schema":{"@context":"https:\/\/schema.org","@graph":[{"@type":"Article","@id":"https:\/\/www.rassegnastampa-totustuus.it\/cattolica\/genocidi-veri-ma-ignorati\/#article","isPartOf":{"@id":"https:\/\/www.rassegnastampa-totustuus.it\/cattolica\/genocidi-veri-ma-ignorati\/"},"author":{"name":"Redazione","@id":"https:\/\/www.rassegnastampa-totustuus.it\/cattolica\/#\/schema\/person\/08f319d2bd1a0904ad9e2bfb7b15e5c3"},"headline":"Genocidi veri ma ignorati","datePublished":"2024-11-22T08:20:15+00:00","dateModified":"2024-11-22T08:22:51+00:00","mainEntityOfPage":{"@id":"https:\/\/www.rassegnastampa-totustuus.it\/cattolica\/genocidi-veri-ma-ignorati\/"},"wordCount":1183,"publisher":{"@id":"https:\/\/www.rassegnastampa-totustuus.it\/cattolica\/#organization"},"image":{"@id":"https:\/\/www.rassegnastampa-totustuus.it\/cattolica\/genocidi-veri-ma-ignorati\/#primaryimage"},"thumbnailUrl":"https:\/\/www.rassegnastampa-totustuus.it\/cattolica\/wp-content\/uploads\/2024\/11\/genocidio_profughi.jpeg","keywords":["Cina","Gaza","genocidio","paesi e continenti","Pakistan","Russia"],"articleSection":["Paesi e continenti","Sguardo sul nostro tempo"],"inLanguage":"it-IT"},{"@type":"WebPage","@id":"https:\/\/www.rassegnastampa-totustuus.it\/cattolica\/genocidi-veri-ma-ignorati\/","url":"https:\/\/www.rassegnastampa-totustuus.it\/cattolica\/genocidi-veri-ma-ignorati\/","name":"Genocidi veri ma ignorati - Rassegna Stampa Cattolica","isPartOf":{"@id":"https:\/\/www.rassegnastampa-totustuus.it\/cattolica\/#website"},"primaryImageOfPage":{"@id":"https:\/\/www.rassegnastampa-totustuus.it\/cattolica\/genocidi-veri-ma-ignorati\/#primaryimage"},"image":{"@id":"https:\/\/www.rassegnastampa-totustuus.it\/cattolica\/genocidi-veri-ma-ignorati\/#primaryimage"},"thumbnailUrl":"https:\/\/www.rassegnastampa-totustuus.it\/cattolica\/wp-content\/uploads\/2024\/11\/genocidio_profughi.jpeg","datePublished":"2024-11-22T08:20:15+00:00","dateModified":"2024-11-22T08:22:51+00:00","description":"Genocidi veri ma ignorati come quelli in Cina e Pakistan, forse anche in Russia, ma di quelli no si parla e c'\u00e8 carta solo per Gaza","breadcrumb":{"@id":"https:\/\/www.rassegnastampa-totustuus.it\/cattolica\/genocidi-veri-ma-ignorati\/#breadcrumb"},"inLanguage":"it-IT","potentialAction":[{"@type":"ReadAction","target":["https:\/\/www.rassegnastampa-totustuus.it\/cattolica\/genocidi-veri-ma-ignorati\/"]}]},{"@type":"ImageObject","inLanguage":"it-IT","@id":"https:\/\/www.rassegnastampa-totustuus.it\/cattolica\/genocidi-veri-ma-ignorati\/#primaryimage","url":"https:\/\/www.rassegnastampa-totustuus.it\/cattolica\/wp-content\/uploads\/2024\/11\/genocidio_profughi.jpeg","contentUrl":"https:\/\/www.rassegnastampa-totustuus.it\/cattolica\/wp-content\/uploads\/2024\/11\/genocidio_profughi.jpeg","width":207,"height":180},{"@type":"BreadcrumbList","@id":"https:\/\/www.rassegnastampa-totustuus.it\/cattolica\/genocidi-veri-ma-ignorati\/#breadcrumb","itemListElement":[{"@type":"ListItem","position":1,"name":"Home","item":"https:\/\/www.rassegnastampa-totustuus.it\/cattolica\/"},{"@type":"ListItem","position":2,"name":"Genocidi veri ma ignorati"}]},{"@type":"WebSite","@id":"https:\/\/www.rassegnastampa-totustuus.it\/cattolica\/#website","url":"https:\/\/www.rassegnastampa-totustuus.it\/cattolica\/","name":"Rassegna Stampa Cattolica","description":"Per una cultura che nasce dalla Rivelazione cristiana in conformit\u00e0 alla tradizione e al Magistero della Chiesa in opposizione ad ogni relativismo e totalitarismo","publisher":{"@id":"https:\/\/www.rassegnastampa-totustuus.it\/cattolica\/#organization"},"alternateName":"Rass. Cattolica","potentialAction":[{"@type":"SearchAction","target":{"@type":"EntryPoint","urlTemplate":"https:\/\/www.rassegnastampa-totustuus.it\/cattolica\/?s={search_term_string}"},"query-input":{"@type":"PropertyValueSpecification","valueRequired":true,"valueName":"search_term_string"}}],"inLanguage":"it-IT"},{"@type":"Organization","@id":"https:\/\/www.rassegnastampa-totustuus.it\/cattolica\/#organization","name":"Rassegna Stampa Cattolica","url":"https:\/\/www.rassegnastampa-totustuus.it\/cattolica\/","logo":{"@type":"ImageObject","inLanguage":"it-IT","@id":"https:\/\/www.rassegnastampa-totustuus.it\/cattolica\/#\/schema\/logo\/image\/","url":"https:\/\/www.rassegnastampa-totustuus.it\/cattolica\/wp-content\/uploads\/2014\/04\/logo-rassegna1.gif","contentUrl":"https:\/\/www.rassegnastampa-totustuus.it\/cattolica\/wp-content\/uploads\/2014\/04\/logo-rassegna1.gif","width":600,"height":163,"caption":"Rassegna Stampa Cattolica"},"image":{"@id":"https:\/\/www.rassegnastampa-totustuus.it\/cattolica\/#\/schema\/logo\/image\/"},"sameAs":["https:\/\/www.facebook.com\/rassegnastampacattolica","https:\/\/x.com\/rassegnastampa9"]},{"@type":"Person","@id":"https:\/\/www.rassegnastampa-totustuus.it\/cattolica\/#\/schema\/person\/08f319d2bd1a0904ad9e2bfb7b15e5c3","name":"Redazione","image":{"@type":"ImageObject","inLanguage":"it-IT","@id":"https:\/\/secure.gravatar.com\/avatar\/2fcdf27c78ea025fbdb44e914cc63c72249ffec9dc8aafd5c82b26240ef3f346?s=96&d=mm&r=g","url":"https:\/\/secure.gravatar.com\/avatar\/2fcdf27c78ea025fbdb44e914cc63c72249ffec9dc8aafd5c82b26240ef3f346?s=96&d=mm&r=g","contentUrl":"https:\/\/secure.gravatar.com\/avatar\/2fcdf27c78ea025fbdb44e914cc63c72249ffec9dc8aafd5c82b26240ef3f346?s=96&d=mm&r=g","caption":"Redazione"},"url":"https:\/\/www.rassegnastampa-totustuus.it\/cattolica\/author\/pietroelle\/"}]}},"_links":{"self":[{"href":"https:\/\/www.rassegnastampa-totustuus.it\/cattolica\/wp-json\/wp\/v2\/posts\/61628","targetHints":{"allow":["GET"]}}],"collection":[{"href":"https:\/\/www.rassegnastampa-totustuus.it\/cattolica\/wp-json\/wp\/v2\/posts"}],"about":[{"href":"https:\/\/www.rassegnastampa-totustuus.it\/cattolica\/wp-json\/wp\/v2\/types\/post"}],"author":[{"embeddable":true,"href":"https:\/\/www.rassegnastampa-totustuus.it\/cattolica\/wp-json\/wp\/v2\/users\/6"}],"replies":[{"embeddable":true,"href":"https:\/\/www.rassegnastampa-totustuus.it\/cattolica\/wp-json\/wp\/v2\/comments?post=61628"}],"version-history":[{"count":4,"href":"https:\/\/www.rassegnastampa-totustuus.it\/cattolica\/wp-json\/wp\/v2\/posts\/61628\/revisions"}],"predecessor-version":[{"id":61634,"href":"https:\/\/www.rassegnastampa-totustuus.it\/cattolica\/wp-json\/wp\/v2\/posts\/61628\/revisions\/61634"}],"wp:attachment":[{"href":"https:\/\/www.rassegnastampa-totustuus.it\/cattolica\/wp-json\/wp\/v2\/media?parent=61628"}],"wp:term":[{"taxonomy":"category","embeddable":true,"href":"https:\/\/www.rassegnastampa-totustuus.it\/cattolica\/wp-json\/wp\/v2\/categories?post=61628"},{"taxonomy":"post_tag","embeddable":true,"href":"https:\/\/www.rassegnastampa-totustuus.it\/cattolica\/wp-json\/wp\/v2\/tags?post=61628"}],"curies":[{"name":"wp","href":"https:\/\/api.w.org\/{rel}","templated":true}]}}