{"id":61614,"date":"2024-11-19T09:18:31","date_gmt":"2024-11-19T08:18:31","guid":{"rendered":"https:\/\/www.rassegnastampa-totustuus.it\/cattolica\/?p=61614"},"modified":"2024-11-19T09:18:32","modified_gmt":"2024-11-19T08:18:32","slug":"enrico-berlinguer-e-lurss-complicita-su-purghe-sovietiche","status":"publish","type":"post","link":"https:\/\/www.rassegnastampa-totustuus.it\/cattolica\/enrico-berlinguer-e-lurss-complicita-su-purghe-sovietiche\/","title":{"rendered":"Enrico Berlinguer e l\u2019URSS, complicit\u00e0 su purghe sovietiche"},"content":{"rendered":"<p style=\"text-align: center;\"><span style=\"color: #0000ff;\"><strong><a style=\"color: #0000ff;\" href=\"https:\/\/www.uccronline.it\/\" target=\"_blank\" rel=\"noopener\"><img loading=\"lazy\" decoding=\"async\" class=\" wp-image-61615 alignright\" src=\"https:\/\/www.rassegnastampa-totustuus.it\/cattolica\/wp-content\/uploads\/2024\/11\/enrico_berlinguer_Pci_Italia.png\" alt=\"\" width=\"442\" height=\"232\" \/>Unione Cristiani Cattolici Razionali<\/a><\/strong><\/span> (UCCR) 18 Novembre 2024<\/p>\n<p style=\"text-align: justify;\"><em>In molti celebrano la sua integrit\u00e0 morale. Ma il rapporto tra Enrico Berlinguer, l\u2019URSS e i crimini sovietici fu molto pi\u00f9 che ambiguo e accondiscendente, il segretario del PCI arriv\u00f2 a celebrare la superiorit\u00e0 morale sovietica.<\/em><\/p>\n<p style=\"text-align: center;\"><strong>Redazione<\/strong><\/p>\n<p><!--more--><\/p>\n<p style=\"text-align: justify;\">In <em>Qualcuno era comunista<\/em>, <strong>Giorgio Gaber<\/strong> disse che <strong>Berlinguer<\/strong> era <em>una brava persona<\/em><\/p>\n<p style=\"text-align: justify;\">A livello personale il giudizio spetta solo a Dio, a livello politico in molti hanno manifestato grossi dubbi nonostante la vulgata lo raffiguri come leader dalla <strong>morale integra<\/strong>.<\/p>\n<p style=\"text-align: justify;\"><img loading=\"lazy\" decoding=\"async\" class=\"size-full wp-image-8278 alignleft\" src=\"https:\/\/www.rassegnastampa-totustuus.it\/cattolica\/wp-content\/uploads\/2014\/07\/berlinguer.jpg\" alt=\"\" width=\"187\" height=\"270\" \/>Cos\u00ec s\u00ec viene ritratto nel recente film <strong><em>La grande ambizione<\/em><\/strong> di Andrea Segre, purtroppo oggetto di recenti e volgari contestazioni durante la proiezione in una sala a Roma.<\/p>\n<p style=\"text-align: justify;\"><strong>Enrico Berlinguer<\/strong> fu segretario generale del <strong>Partito Comunista Italiano<\/strong> dal 1972 fino alla sua morte, denunci\u00f2 la corruzione dilagante nella politica italiana e fu <strong>promotore del dialogo<\/strong> con le altre forze politiche e sociali.<\/p>\n<p style=\"text-align: justify;\">Tent\u00f2 anche di allontanare il PCI dall\u2019influenza dell\u2019Unione Sovietica (\u201ccompromesso storico\u201d), ma fu un distacco solo <strong>apparente<\/strong>.<\/p>\n<p style=\"text-align: justify;\">Berlinguer e gli altri leader comunisti italiani (da Napolitano a Togliatti), furono infatti troppo <strong>affascinati dal sogno laico comunista<\/strong> per poter vedere i <strong>cr<\/strong>i<strong>mini sovietici<\/strong>, anzi in molti casi ne furono <strong>complici<\/strong> mentendo a loro stessi e al popolo.<\/p>\n<p style=\"text-align: justify;\"><strong>Berlinguer: \u201cSottrarre l\u2019infanzia all\u2019educazione corruttrice dei preti\u201d<\/strong><\/p>\n<p style=\"text-align: justify;\">Recentemente <strong>Maurizio Caprara<\/strong> ha ritrovato alcuni appunti di Berlinguer risalenti all\u201911 ottobre 1949 e ne ha parlato <a href=\"https:\/\/www.uccronline.it\/wp-content\/uploads\/2024\/11\/20241031corriere.png\" target=\"_blank\" rel=\"noopener\"><span style=\"color: #0000ff;\">sul <em>Corriere della Sera<\/em><\/span><\/a><span style=\"color: #0000ff;\">.<\/span><\/p>\n<p style=\"text-align: justify;\">Erano i punti di una riflessione che fece l\u2019allora 27enne di Sassari, futuro segretario del PCI, durante una riunione della direzione del Pci sui compiti della <strong>Federazione giovanile comunista<\/strong>.<\/p>\n<p style=\"text-align: justify;\">Tra gli altri, Berlinguer si annot\u00f2 di discutere il tema dello <em>\u00absottrarre l\u2019infanzia <strong>all\u2019educazione corruttrice dei preti<\/strong>\u00bb<\/em>.<\/p>\n<p style=\"text-align: justify;\"><img loading=\"lazy\" decoding=\"async\" class=\" wp-image-30238 alignright\" src=\"https:\/\/www.rassegnastampa-totustuus.it\/cattolica\/wp-content\/uploads\/2005\/06\/Stalin.jpg\" alt=\"\" width=\"348\" height=\"237\" \/>Una prova ulteriore che il <strong>marxismo<\/strong> fu vissuto dai grandi leader comunisti come <strong>una religione laica<\/strong>, che avrebbe dovuto scalzare e sostituire quella cristiana fin dall\u2019infanzia.<\/p>\n<p style=\"text-align: justify;\">Lo ha spiegato <strong>Giovanni Orsina<\/strong>, ordinario di Storia contemporanea alla LUISS Guido Carli di Roma, ricordando che <em>\u00abil marxismo \u00e8 una religione secolarizzata\u00bb<\/em>. La verit\u00e0 non \u00e8 pi\u00f9 in Dio, <em>\u00abMarx ti risponde che <strong>\u00e8 nella storia<\/strong>, \u00e8 la storia che ti d\u00e0 i valori, che ti dice dove \u00e8 la verit\u00e0, che ti dice dov\u2019\u00e8 il buono e dov\u2019\u00e8 il cattivo, dov\u2019\u00e8 il giusto e dov\u2019\u00e8 lo sbagliato. La storia del Novecento \u00e8 la storia del tentativo di\u00a0 <strong>icostruire l\u2019assoluto attraverso la politica<\/strong>\u00bb <\/em>(1).<\/p>\n<p style=\"text-align: justify;\">Beringuer sembr\u00f2 comunque cambiare idea e da segretario del PCI cerc\u00f2 <strong>un\u2019apertura verso il mondo cattolico<\/strong>, promuovendo un confronto su temi sociali e politici.<\/p>\n<h4 style=\"text-align: center;\"><strong>Berlinguer, il PCI e la complicit\u00e0 con le purghe staliniane<\/strong><\/h4>\n<p style=\"text-align: justify;\">Ma le <strong>ombre di Berlinguer<\/strong> sono pesanti per un altro verso.<\/p>\n<p style=\"text-align: justify;\">Lo storico <strong>Sergio Romano<\/strong> <span style=\"color: #0000ff;\"><strong><em><a style=\"color: #0000ff;\" href=\"https:\/\/www.corriere.it\/lettere-al-corriere\/15_dicembre_22\/-LE-PURGHE-SOVIETICHE-VISTE-DA-BOTTEGHE-OSCURE_6bc04210-a874-11e5-8cb6-cc689478293e.shtml\" target=\"_blank\" rel=\"noopener\">ha chiaramente ammesso<\/a><\/em><\/strong> <\/span>(<em><a href=\"https:\/\/www.uccronline.it\/wp-content\/uploads\/2024\/11\/20151222corriere.png\" target=\"_blank\" rel=\"noopener\">anche qui<\/a><\/em>) che <em>\u00abla dirigenza del Pci e, probabilmente, gli stessi quadri intermedi, <strong>non potevano ignorare<\/strong>, soprattutto dopo il rapporto Krusciov al XX Congresso del partito, quali fossero le <strong>responsabilit\u00e0 del regime<\/strong>\u00bb<\/em> sovietico e delle <strong>purghe staliniste<\/strong>.<\/p>\n<p style=\"text-align: justify;\">Eppure <strong>rimasero in silenzio<\/strong>.<\/p>\n<p style=\"text-align: justify;\"><img loading=\"lazy\" decoding=\"async\" class=\" wp-image-21456 alignleft\" src=\"https:\/\/www.rassegnastampa-totustuus.it\/cattolica\/wp-content\/uploads\/2010\/09\/Giorgio-Napolitano.jpg\" alt=\"Giorgio Napolitano il comunista\" width=\"289\" height=\"280\" \/>Anzi, addirittura <strong>Giorgio Napolitano<\/strong> meno di dieci anni dopo il rapporto Krusciov, <strong><em><a href=\"https:\/\/www.ilgiornale.it\/news\/interni\/napolitano-disse-che-i-carri-sovietici-ungheria-avevano-2212978.html\" target=\"_blank\" rel=\"noopener\"><span style=\"color: #0000ff;\">celebr\u00f2<\/span><\/a><\/em><\/strong> (<span style=\"color: #0000ff;\"><em><a style=\"color: #0000ff;\" href=\"https:\/\/www.uccronline.it\/wp-content\/uploads\/2024\/11\/20230922ilgiornale.png\" target=\"_blank\" rel=\"noopener\">anche qui<\/a><\/em><\/span>) <strong>l\u2019invasione militare sovietica<\/strong> dell\u2019Ungheria per reprimere i moti di Budapest durante l\u2019VIII congresso del PCI, sposando la linea del segretario Togliatti (dagli anni Trenta <span style=\"color: #0000ff;\"><em><a style=\"color: #0000ff;\" href=\"https:\/\/www.uccronline.it\/wp-content\/uploads\/2024\/11\/20211229libero2.pdf\" target=\"_blank\" rel=\"noopener\">cittadino<\/a><\/em><\/span> di Mosca e stretto collaboratore di Stalin). Soltanto nel 2005, 50 anni dopo, Napolitano ebbe un ripensamento.<\/p>\n<p style=\"text-align: justify;\">Molti dirigenti del PCI, prosegue <strong>Sergio Romano<\/strong>, <em>\u00abpensarono, non senza ragione, che un pubblico dibattito sulle colpe del partito comunista sovietico avrebbe avuto <strong>effetti disastrosi<\/strong> per l\u2019unit\u00e0 del Partito comunista italiano\u00bb<\/em>. Lo stesso Berlinguer, scrive lo storico, <em>\u00ab<strong>evit\u00f2 prudentemente<\/strong> qualsiasi processo al passato\u00bb<\/em>.<\/p>\n<p style=\"text-align: justify;\">E\u2019 tuttavia <strong>molto pi\u00f9 controverso<\/strong> l\u2019atteggiamento di Berlinguer rispetto a quanto scrive Romano. Come Napolitano, non si limit\u00f2 solo ad un <strong>silenzio imbarazzato<\/strong> rispetto alle <strong>purghe staliniane<\/strong>.<\/p>\n<h4 style=\"text-align: center;\"><strong>Enrico Berlinguer e l\u2019URSS: la \u201csuperiorit\u00e0 morale sovietica\u201d<\/strong><\/h4>\n<p style=\"text-align: justify;\">Sull\u2019<em>Unit\u00e0<\/em> del <strong>19 marzo 1975<\/strong> <span style=\"color: #0000ff;\"><strong><em><a style=\"color: #0000ff;\" href=\"https:\/\/www.uccronline.it\/wp-content\/uploads\/2024\/11\/20211229libero2.pdf\" target=\"_blank\" rel=\"noopener\">comparvero<\/a><\/em><\/strong><\/span> infatti sei pagine del rapporto che <strong>Enrico Berlinguer<\/strong> tenne al XIV Congresso del PCI.<\/p>\n<p style=\"text-align: justify;\">Il leader comunista italiano frequentava da anni abitualmente l\u2019Unione Sovietica ma nel suo rapporto incredibilmente elogi\u00f2 <em>\u00abla grande realt\u00e0 rappresentata dall\u2019Unione Sovietica, dagli altri paesi socialisti e dalla loro ferma e tenace azione <strong>a difesa della pace<\/strong>\u00bb<\/em>. Parl\u00f2 addirittura dei <em>\u00abmiglioramenti nel tenore di vita dei popoli e nel loro <strong>sviluppo civile e culturale<\/strong>\u00bb<\/em>, al contrario del degrado verificatosi <em>\u00abnei paesi capitalistici\u00bb<\/em>.<\/p>\n<p style=\"text-align: justify;\">A dimostrazione, prosegu\u00ec Berlinguer, <em>\u00abche il socialismo, attraverso una pianificazione e un\u2019effettiva direzione dell\u2019economia nazionale nell\u2019interesse della collettivit\u00e0, \u00e8 in grado di garantire la continuit\u00e0 dello sviluppo produttivo e la crescita progressiva del <strong>benessere sociale<\/strong>\u00bb<\/em>.<\/p>\n<p style=\"text-align: justify;\">Miglioramento culturale, difesa della pace e benessere sociale in Unione Sovietica?<\/p>\n<div id=\"attachment_61616\" style=\"width: 159px\" class=\"wp-caption alignright\"><img loading=\"lazy\" decoding=\"async\" aria-describedby=\"caption-attachment-61616\" class=\"wp-image-61616 \" src=\"https:\/\/www.rassegnastampa-totustuus.it\/cattolica\/wp-content\/uploads\/2024\/11\/Leonid_Brezjnev_Urss_comunismo.jpg\" alt=\"\" width=\"159\" height=\"213\" \/><p id=\"caption-attachment-61616\" class=\"wp-caption-text\">Leonid_Brezjnev segretario del Pcus<\/p><\/div>\n<p style=\"text-align: justify;\">Ricordiamo che nel 1975 c\u2019era al potere <strong>Leonid Breznev<\/strong> e da anni gli organi di stampa occidentali, come <em>The New York Times<\/em>, <em>The Times<\/em> e <em>Der Spiegel<\/em>, denunciavano il duro clima di <strong>repressione del dissenso<\/strong> attuato dal KGB, che includeva arresti arbitrari, intimidazioni, interrogatori e invio di dissidenti nei gulag o in ospedali psichiatrici per il trattamento forzato.<\/p>\n<p style=\"text-align: justify;\">In quegli anni anche le leggi furono ampliate per <strong>criminalizzare<\/strong> ulteriormente il dissenso, ad esempio quella contro il \u201cparassitismo sociale\u201d. La censura era rigorosa e i media statali controllavano l\u2019informazione, si svilupp\u00f2 cos\u00ec una rete clandestina attraverso il <strong>\u201csamizdat\u201d<\/strong> guidata dai dissidenti seguaci di Aleksandr Solzhenitsyn e Andrej Siniavskij.<\/p>\n<p style=\"text-align: justify;\"><strong>Enrico Berlinguer<\/strong> ignor\u00f2 tutto questo, addirittura sostenendo: <em>\u00abE\u2019 quasi universalmente riconosciuto che in quei paesi esiste <strong>un clima morale superiore<\/strong>, mentre le societ\u00e0 capitalistiche sono sempre pi\u00f9 colpite da un decadimento di idealit\u00e0 e valori etici e da processi sempre pi\u00f9 ampi di corruzione e disgregazione\u00bb<\/em>.<\/p>\n<p style=\"text-align: justify;\">Berlinguer <strong>sapeva e mentiva <\/strong>o non sapeva perch\u00e9 <strong>non voleva vedere, n\u00e9 sapere<\/strong>?<\/p>\n<p style=\"text-align: justify;\">Pi\u00f9 che voler sottrarre l\u2019infanzia \u201call\u2019educazione corruttrice dei preti\u201d, Berlinguer avrebbe forse dovuto preoccuparsi di sottrarre se stesso all\u2019<strong>educazione corruttrice del marxismo<\/strong> che lo rese, di fatto, cieco e fortemente ambiguo sui crimini sovietici.<\/p>\n<p style=\"text-align: justify;\">___________________________<\/p>\n<p style=\"text-align: justify;\"><b>Orsina G.<\/b>,\u00a0<i>\u201968 e oltre. \u201cNous voulons vivre\u201d. Giovani, consumi, rivoluzioni<\/i>, Meeting per l\u2019amicizia fra i popoli 19-25\/08\/2018<\/p>\n<p>________________________________________<\/p>\n<p><strong>Leggi anche:<\/strong><\/p>\n<p><a href=\"https:\/\/www.rassegnastampa-totustuus.it\/cattolica\/qualcuno-era-comunista-perche-berlinguer-era-una-brava-persona-o-no\/\" target=\"_blank\" rel=\"noopener\"><span style=\"color: #0000ff;\">\u201cQualcuno era comunista perch\u00e9 Berlinguer era una brava persona\u2026\u201d o no?<\/span><\/a><\/p>\n<p><a href=\"https:\/\/www.rassegnastampa-totustuus.it\/cattolica\/quando-cera-berlinguer\/\" target=\"_blank\" rel=\"noopener\"><span style=\"color: #0000ff;\">&#8220;Quando c&#8217;era Berlinguer&#8221;&#8230;<\/span><\/a><\/p>\n<p>\u00a0<\/p>\n\n\n<p><\/p>\n","protected":false},"excerpt":{"rendered":"<p>Unione Cristiani Cattolici Razionali (UCCR) 18 Novembre 2024 In molti celebrano la sua integrit\u00e0 morale. Ma il rapporto tra Enrico Berlinguer, l\u2019URSS e i crimini sovietici fu molto pi\u00f9 che ambiguo e accondiscendente, il segretario del PCI arriv\u00f2 a celebrare la superiorit\u00e0 morale sovietica. Redazione<\/p><p><a class=\"more-link btn\" href=\"https:\/\/www.rassegnastampa-totustuus.it\/cattolica\/enrico-berlinguer-e-lurss-complicita-su-purghe-sovietiche\/\">Continua a leggere<\/a><\/p>\n","protected":false},"author":6,"featured_media":61615,"comment_status":"closed","ping_status":"closed","sticky":false,"template":"","format":"standard","meta":{"footnotes":""},"categories":[82,18],"tags":[424,2682,283],"class_list":["post-61614","post","type-post","status-publish","format-standard","has-post-thumbnail","hentry","category-comunismo-in-italia","category-personaggi","tag-comunismo-in-italia-2","tag-enrico-berlinguer","tag-personaggi-2","item-wrap"],"yoast_head":"<!-- This site is optimized with the Yoast SEO plugin v27.4 - https:\/\/yoast.com\/product\/yoast-seo-wordpress\/ -->\n<title>Enrico Berlinguer e l\u2019URSS, complicit\u00e0 su purghe sovietiche - Rassegna Stampa Cattolica<\/title>\n<meta name=\"description\" content=\"Enrico Berlinguer e l\u2019URSS, complicit\u00e0 su purghe sovietiche. Il rapporto con l\u2019URSS e i suoi crimini sovietici fu molto pi\u00f9 che ambiguo\" \/>\n<meta name=\"robots\" content=\"index, follow, max-snippet:-1, max-image-preview:large, max-video-preview:-1\" \/>\n<link rel=\"canonical\" href=\"https:\/\/www.rassegnastampa-totustuus.it\/cattolica\/enrico-berlinguer-e-lurss-complicita-su-purghe-sovietiche\/\" \/>\n<meta property=\"og:locale\" content=\"it_IT\" \/>\n<meta property=\"og:type\" content=\"article\" \/>\n<meta property=\"og:title\" content=\"Enrico Berlinguer e l\u2019URSS, complicit\u00e0 su purghe sovietiche - Rassegna Stampa Cattolica\" \/>\n<meta property=\"og:description\" content=\"Enrico Berlinguer e l\u2019URSS, complicit\u00e0 su purghe sovietiche. Il rapporto con l\u2019URSS e i suoi crimini sovietici fu molto pi\u00f9 che ambiguo\" \/>\n<meta property=\"og:url\" content=\"https:\/\/www.rassegnastampa-totustuus.it\/cattolica\/enrico-berlinguer-e-lurss-complicita-su-purghe-sovietiche\/\" \/>\n<meta property=\"og:site_name\" content=\"Rassegna Stampa Cattolica\" \/>\n<meta property=\"article:publisher\" content=\"https:\/\/www.facebook.com\/rassegnastampacattolica\" \/>\n<meta property=\"article:published_time\" content=\"2024-11-19T08:18:31+00:00\" \/>\n<meta property=\"article:modified_time\" content=\"2024-11-19T08:18:32+00:00\" \/>\n<meta property=\"og:image\" content=\"https:\/\/www.rassegnastampa-totustuus.it\/cattolica\/wp-content\/uploads\/2024\/11\/enrico_berlinguer_Pci_Italia.png\" \/>\n\t<meta property=\"og:image:width\" content=\"1200\" \/>\n\t<meta property=\"og:image:height\" content=\"630\" \/>\n\t<meta property=\"og:image:type\" content=\"image\/png\" \/>\n<meta name=\"author\" content=\"Redazione\" \/>\n<meta name=\"twitter:card\" content=\"summary_large_image\" \/>\n<meta name=\"twitter:creator\" content=\"@rassegnastampa9\" \/>\n<meta name=\"twitter:site\" content=\"@rassegnastampa9\" \/>\n<meta name=\"twitter:label1\" content=\"Scritto da\" \/>\n\t<meta name=\"twitter:data1\" content=\"Redazione\" \/>\n\t<meta name=\"twitter:label2\" content=\"Tempo di lettura stimato\" \/>\n\t<meta name=\"twitter:data2\" content=\"7 minuti\" \/>\n<script type=\"application\/ld+json\" class=\"yoast-schema-graph\">{\"@context\":\"https:\\\/\\\/schema.org\",\"@graph\":[{\"@type\":\"Article\",\"@id\":\"https:\\\/\\\/www.rassegnastampa-totustuus.it\\\/cattolica\\\/enrico-berlinguer-e-lurss-complicita-su-purghe-sovietiche\\\/#article\",\"isPartOf\":{\"@id\":\"https:\\\/\\\/www.rassegnastampa-totustuus.it\\\/cattolica\\\/enrico-berlinguer-e-lurss-complicita-su-purghe-sovietiche\\\/\"},\"author\":{\"name\":\"Redazione\",\"@id\":\"https:\\\/\\\/www.rassegnastampa-totustuus.it\\\/cattolica\\\/#\\\/schema\\\/person\\\/08f319d2bd1a0904ad9e2bfb7b15e5c3\"},\"headline\":\"Enrico Berlinguer e l\u2019URSS, complicit\u00e0 su purghe sovietiche\",\"datePublished\":\"2024-11-19T08:18:31+00:00\",\"dateModified\":\"2024-11-19T08:18:32+00:00\",\"mainEntityOfPage\":{\"@id\":\"https:\\\/\\\/www.rassegnastampa-totustuus.it\\\/cattolica\\\/enrico-berlinguer-e-lurss-complicita-su-purghe-sovietiche\\\/\"},\"wordCount\":1012,\"publisher\":{\"@id\":\"https:\\\/\\\/www.rassegnastampa-totustuus.it\\\/cattolica\\\/#organization\"},\"image\":{\"@id\":\"https:\\\/\\\/www.rassegnastampa-totustuus.it\\\/cattolica\\\/enrico-berlinguer-e-lurss-complicita-su-purghe-sovietiche\\\/#primaryimage\"},\"thumbnailUrl\":\"https:\\\/\\\/www.rassegnastampa-totustuus.it\\\/cattolica\\\/wp-content\\\/uploads\\\/2024\\\/11\\\/enrico_berlinguer_Pci_Italia.png\",\"keywords\":[\"comunismo in Italia\",\"Enrico Berlinguer\",\"personaggi\"],\"articleSection\":[\"Comunismo in Italia\",\"Personaggi\"],\"inLanguage\":\"it-IT\"},{\"@type\":\"WebPage\",\"@id\":\"https:\\\/\\\/www.rassegnastampa-totustuus.it\\\/cattolica\\\/enrico-berlinguer-e-lurss-complicita-su-purghe-sovietiche\\\/\",\"url\":\"https:\\\/\\\/www.rassegnastampa-totustuus.it\\\/cattolica\\\/enrico-berlinguer-e-lurss-complicita-su-purghe-sovietiche\\\/\",\"name\":\"Enrico Berlinguer e l\u2019URSS, complicit\u00e0 su purghe sovietiche - Rassegna Stampa Cattolica\",\"isPartOf\":{\"@id\":\"https:\\\/\\\/www.rassegnastampa-totustuus.it\\\/cattolica\\\/#website\"},\"primaryImageOfPage\":{\"@id\":\"https:\\\/\\\/www.rassegnastampa-totustuus.it\\\/cattolica\\\/enrico-berlinguer-e-lurss-complicita-su-purghe-sovietiche\\\/#primaryimage\"},\"image\":{\"@id\":\"https:\\\/\\\/www.rassegnastampa-totustuus.it\\\/cattolica\\\/enrico-berlinguer-e-lurss-complicita-su-purghe-sovietiche\\\/#primaryimage\"},\"thumbnailUrl\":\"https:\\\/\\\/www.rassegnastampa-totustuus.it\\\/cattolica\\\/wp-content\\\/uploads\\\/2024\\\/11\\\/enrico_berlinguer_Pci_Italia.png\",\"datePublished\":\"2024-11-19T08:18:31+00:00\",\"dateModified\":\"2024-11-19T08:18:32+00:00\",\"description\":\"Enrico Berlinguer e l\u2019URSS, complicit\u00e0 su purghe sovietiche. Il rapporto con l\u2019URSS e i suoi crimini sovietici fu molto pi\u00f9 che ambiguo\",\"breadcrumb\":{\"@id\":\"https:\\\/\\\/www.rassegnastampa-totustuus.it\\\/cattolica\\\/enrico-berlinguer-e-lurss-complicita-su-purghe-sovietiche\\\/#breadcrumb\"},\"inLanguage\":\"it-IT\",\"potentialAction\":[{\"@type\":\"ReadAction\",\"target\":[\"https:\\\/\\\/www.rassegnastampa-totustuus.it\\\/cattolica\\\/enrico-berlinguer-e-lurss-complicita-su-purghe-sovietiche\\\/\"]}]},{\"@type\":\"ImageObject\",\"inLanguage\":\"it-IT\",\"@id\":\"https:\\\/\\\/www.rassegnastampa-totustuus.it\\\/cattolica\\\/enrico-berlinguer-e-lurss-complicita-su-purghe-sovietiche\\\/#primaryimage\",\"url\":\"https:\\\/\\\/www.rassegnastampa-totustuus.it\\\/cattolica\\\/wp-content\\\/uploads\\\/2024\\\/11\\\/enrico_berlinguer_Pci_Italia.png\",\"contentUrl\":\"https:\\\/\\\/www.rassegnastampa-totustuus.it\\\/cattolica\\\/wp-content\\\/uploads\\\/2024\\\/11\\\/enrico_berlinguer_Pci_Italia.png\",\"width\":1200,\"height\":630},{\"@type\":\"BreadcrumbList\",\"@id\":\"https:\\\/\\\/www.rassegnastampa-totustuus.it\\\/cattolica\\\/enrico-berlinguer-e-lurss-complicita-su-purghe-sovietiche\\\/#breadcrumb\",\"itemListElement\":[{\"@type\":\"ListItem\",\"position\":1,\"name\":\"Home\",\"item\":\"https:\\\/\\\/www.rassegnastampa-totustuus.it\\\/cattolica\\\/\"},{\"@type\":\"ListItem\",\"position\":2,\"name\":\"Enrico Berlinguer e l\u2019URSS, complicit\u00e0 su purghe sovietiche\"}]},{\"@type\":\"WebSite\",\"@id\":\"https:\\\/\\\/www.rassegnastampa-totustuus.it\\\/cattolica\\\/#website\",\"url\":\"https:\\\/\\\/www.rassegnastampa-totustuus.it\\\/cattolica\\\/\",\"name\":\"Rassegna Stampa Cattolica\",\"description\":\"Per una cultura che nasce dalla Rivelazione cristiana in conformit\u00e0 alla tradizione e al Magistero della Chiesa in opposizione ad ogni relativismo e totalitarismo\",\"publisher\":{\"@id\":\"https:\\\/\\\/www.rassegnastampa-totustuus.it\\\/cattolica\\\/#organization\"},\"alternateName\":\"Rass. Cattolica\",\"potentialAction\":[{\"@type\":\"SearchAction\",\"target\":{\"@type\":\"EntryPoint\",\"urlTemplate\":\"https:\\\/\\\/www.rassegnastampa-totustuus.it\\\/cattolica\\\/?s={search_term_string}\"},\"query-input\":{\"@type\":\"PropertyValueSpecification\",\"valueRequired\":true,\"valueName\":\"search_term_string\"}}],\"inLanguage\":\"it-IT\"},{\"@type\":\"Organization\",\"@id\":\"https:\\\/\\\/www.rassegnastampa-totustuus.it\\\/cattolica\\\/#organization\",\"name\":\"Rassegna Stampa Cattolica\",\"url\":\"https:\\\/\\\/www.rassegnastampa-totustuus.it\\\/cattolica\\\/\",\"logo\":{\"@type\":\"ImageObject\",\"inLanguage\":\"it-IT\",\"@id\":\"https:\\\/\\\/www.rassegnastampa-totustuus.it\\\/cattolica\\\/#\\\/schema\\\/logo\\\/image\\\/\",\"url\":\"https:\\\/\\\/www.rassegnastampa-totustuus.it\\\/cattolica\\\/wp-content\\\/uploads\\\/2014\\\/04\\\/logo-rassegna1.gif\",\"contentUrl\":\"https:\\\/\\\/www.rassegnastampa-totustuus.it\\\/cattolica\\\/wp-content\\\/uploads\\\/2014\\\/04\\\/logo-rassegna1.gif\",\"width\":600,\"height\":163,\"caption\":\"Rassegna Stampa Cattolica\"},\"image\":{\"@id\":\"https:\\\/\\\/www.rassegnastampa-totustuus.it\\\/cattolica\\\/#\\\/schema\\\/logo\\\/image\\\/\"},\"sameAs\":[\"https:\\\/\\\/www.facebook.com\\\/rassegnastampacattolica\",\"https:\\\/\\\/x.com\\\/rassegnastampa9\"]},{\"@type\":\"Person\",\"@id\":\"https:\\\/\\\/www.rassegnastampa-totustuus.it\\\/cattolica\\\/#\\\/schema\\\/person\\\/08f319d2bd1a0904ad9e2bfb7b15e5c3\",\"name\":\"Redazione\",\"image\":{\"@type\":\"ImageObject\",\"inLanguage\":\"it-IT\",\"@id\":\"https:\\\/\\\/secure.gravatar.com\\\/avatar\\\/2fcdf27c78ea025fbdb44e914cc63c72249ffec9dc8aafd5c82b26240ef3f346?s=96&d=mm&r=g\",\"url\":\"https:\\\/\\\/secure.gravatar.com\\\/avatar\\\/2fcdf27c78ea025fbdb44e914cc63c72249ffec9dc8aafd5c82b26240ef3f346?s=96&d=mm&r=g\",\"contentUrl\":\"https:\\\/\\\/secure.gravatar.com\\\/avatar\\\/2fcdf27c78ea025fbdb44e914cc63c72249ffec9dc8aafd5c82b26240ef3f346?s=96&d=mm&r=g\",\"caption\":\"Redazione\"},\"url\":\"https:\\\/\\\/www.rassegnastampa-totustuus.it\\\/cattolica\\\/author\\\/pietroelle\\\/\"}]}<\/script>\n<!-- \/ Yoast SEO plugin. -->","yoast_head_json":{"title":"Enrico Berlinguer e l\u2019URSS, complicit\u00e0 su purghe sovietiche - Rassegna Stampa Cattolica","description":"Enrico Berlinguer e l\u2019URSS, complicit\u00e0 su purghe sovietiche. Il rapporto con l\u2019URSS e i suoi crimini sovietici fu molto pi\u00f9 che ambiguo","robots":{"index":"index","follow":"follow","max-snippet":"max-snippet:-1","max-image-preview":"max-image-preview:large","max-video-preview":"max-video-preview:-1"},"canonical":"https:\/\/www.rassegnastampa-totustuus.it\/cattolica\/enrico-berlinguer-e-lurss-complicita-su-purghe-sovietiche\/","og_locale":"it_IT","og_type":"article","og_title":"Enrico Berlinguer e l\u2019URSS, complicit\u00e0 su purghe sovietiche - Rassegna Stampa Cattolica","og_description":"Enrico Berlinguer e l\u2019URSS, complicit\u00e0 su purghe sovietiche. Il rapporto con l\u2019URSS e i suoi crimini sovietici fu molto pi\u00f9 che ambiguo","og_url":"https:\/\/www.rassegnastampa-totustuus.it\/cattolica\/enrico-berlinguer-e-lurss-complicita-su-purghe-sovietiche\/","og_site_name":"Rassegna Stampa Cattolica","article_publisher":"https:\/\/www.facebook.com\/rassegnastampacattolica","article_published_time":"2024-11-19T08:18:31+00:00","article_modified_time":"2024-11-19T08:18:32+00:00","og_image":[{"width":1200,"height":630,"url":"https:\/\/www.rassegnastampa-totustuus.it\/cattolica\/wp-content\/uploads\/2024\/11\/enrico_berlinguer_Pci_Italia.png","type":"image\/png"}],"author":"Redazione","twitter_card":"summary_large_image","twitter_creator":"@rassegnastampa9","twitter_site":"@rassegnastampa9","twitter_misc":{"Scritto da":"Redazione","Tempo di lettura stimato":"7 minuti"},"schema":{"@context":"https:\/\/schema.org","@graph":[{"@type":"Article","@id":"https:\/\/www.rassegnastampa-totustuus.it\/cattolica\/enrico-berlinguer-e-lurss-complicita-su-purghe-sovietiche\/#article","isPartOf":{"@id":"https:\/\/www.rassegnastampa-totustuus.it\/cattolica\/enrico-berlinguer-e-lurss-complicita-su-purghe-sovietiche\/"},"author":{"name":"Redazione","@id":"https:\/\/www.rassegnastampa-totustuus.it\/cattolica\/#\/schema\/person\/08f319d2bd1a0904ad9e2bfb7b15e5c3"},"headline":"Enrico Berlinguer e l\u2019URSS, complicit\u00e0 su purghe sovietiche","datePublished":"2024-11-19T08:18:31+00:00","dateModified":"2024-11-19T08:18:32+00:00","mainEntityOfPage":{"@id":"https:\/\/www.rassegnastampa-totustuus.it\/cattolica\/enrico-berlinguer-e-lurss-complicita-su-purghe-sovietiche\/"},"wordCount":1012,"publisher":{"@id":"https:\/\/www.rassegnastampa-totustuus.it\/cattolica\/#organization"},"image":{"@id":"https:\/\/www.rassegnastampa-totustuus.it\/cattolica\/enrico-berlinguer-e-lurss-complicita-su-purghe-sovietiche\/#primaryimage"},"thumbnailUrl":"https:\/\/www.rassegnastampa-totustuus.it\/cattolica\/wp-content\/uploads\/2024\/11\/enrico_berlinguer_Pci_Italia.png","keywords":["comunismo in Italia","Enrico Berlinguer","personaggi"],"articleSection":["Comunismo in Italia","Personaggi"],"inLanguage":"it-IT"},{"@type":"WebPage","@id":"https:\/\/www.rassegnastampa-totustuus.it\/cattolica\/enrico-berlinguer-e-lurss-complicita-su-purghe-sovietiche\/","url":"https:\/\/www.rassegnastampa-totustuus.it\/cattolica\/enrico-berlinguer-e-lurss-complicita-su-purghe-sovietiche\/","name":"Enrico Berlinguer e l\u2019URSS, complicit\u00e0 su purghe sovietiche - Rassegna Stampa Cattolica","isPartOf":{"@id":"https:\/\/www.rassegnastampa-totustuus.it\/cattolica\/#website"},"primaryImageOfPage":{"@id":"https:\/\/www.rassegnastampa-totustuus.it\/cattolica\/enrico-berlinguer-e-lurss-complicita-su-purghe-sovietiche\/#primaryimage"},"image":{"@id":"https:\/\/www.rassegnastampa-totustuus.it\/cattolica\/enrico-berlinguer-e-lurss-complicita-su-purghe-sovietiche\/#primaryimage"},"thumbnailUrl":"https:\/\/www.rassegnastampa-totustuus.it\/cattolica\/wp-content\/uploads\/2024\/11\/enrico_berlinguer_Pci_Italia.png","datePublished":"2024-11-19T08:18:31+00:00","dateModified":"2024-11-19T08:18:32+00:00","description":"Enrico Berlinguer e l\u2019URSS, complicit\u00e0 su purghe sovietiche. Il rapporto con l\u2019URSS e i suoi crimini sovietici fu molto pi\u00f9 che ambiguo","breadcrumb":{"@id":"https:\/\/www.rassegnastampa-totustuus.it\/cattolica\/enrico-berlinguer-e-lurss-complicita-su-purghe-sovietiche\/#breadcrumb"},"inLanguage":"it-IT","potentialAction":[{"@type":"ReadAction","target":["https:\/\/www.rassegnastampa-totustuus.it\/cattolica\/enrico-berlinguer-e-lurss-complicita-su-purghe-sovietiche\/"]}]},{"@type":"ImageObject","inLanguage":"it-IT","@id":"https:\/\/www.rassegnastampa-totustuus.it\/cattolica\/enrico-berlinguer-e-lurss-complicita-su-purghe-sovietiche\/#primaryimage","url":"https:\/\/www.rassegnastampa-totustuus.it\/cattolica\/wp-content\/uploads\/2024\/11\/enrico_berlinguer_Pci_Italia.png","contentUrl":"https:\/\/www.rassegnastampa-totustuus.it\/cattolica\/wp-content\/uploads\/2024\/11\/enrico_berlinguer_Pci_Italia.png","width":1200,"height":630},{"@type":"BreadcrumbList","@id":"https:\/\/www.rassegnastampa-totustuus.it\/cattolica\/enrico-berlinguer-e-lurss-complicita-su-purghe-sovietiche\/#breadcrumb","itemListElement":[{"@type":"ListItem","position":1,"name":"Home","item":"https:\/\/www.rassegnastampa-totustuus.it\/cattolica\/"},{"@type":"ListItem","position":2,"name":"Enrico Berlinguer e l\u2019URSS, complicit\u00e0 su purghe sovietiche"}]},{"@type":"WebSite","@id":"https:\/\/www.rassegnastampa-totustuus.it\/cattolica\/#website","url":"https:\/\/www.rassegnastampa-totustuus.it\/cattolica\/","name":"Rassegna Stampa Cattolica","description":"Per una cultura che nasce dalla Rivelazione cristiana in conformit\u00e0 alla tradizione e al Magistero della Chiesa in opposizione ad ogni relativismo e totalitarismo","publisher":{"@id":"https:\/\/www.rassegnastampa-totustuus.it\/cattolica\/#organization"},"alternateName":"Rass. Cattolica","potentialAction":[{"@type":"SearchAction","target":{"@type":"EntryPoint","urlTemplate":"https:\/\/www.rassegnastampa-totustuus.it\/cattolica\/?s={search_term_string}"},"query-input":{"@type":"PropertyValueSpecification","valueRequired":true,"valueName":"search_term_string"}}],"inLanguage":"it-IT"},{"@type":"Organization","@id":"https:\/\/www.rassegnastampa-totustuus.it\/cattolica\/#organization","name":"Rassegna Stampa Cattolica","url":"https:\/\/www.rassegnastampa-totustuus.it\/cattolica\/","logo":{"@type":"ImageObject","inLanguage":"it-IT","@id":"https:\/\/www.rassegnastampa-totustuus.it\/cattolica\/#\/schema\/logo\/image\/","url":"https:\/\/www.rassegnastampa-totustuus.it\/cattolica\/wp-content\/uploads\/2014\/04\/logo-rassegna1.gif","contentUrl":"https:\/\/www.rassegnastampa-totustuus.it\/cattolica\/wp-content\/uploads\/2014\/04\/logo-rassegna1.gif","width":600,"height":163,"caption":"Rassegna Stampa Cattolica"},"image":{"@id":"https:\/\/www.rassegnastampa-totustuus.it\/cattolica\/#\/schema\/logo\/image\/"},"sameAs":["https:\/\/www.facebook.com\/rassegnastampacattolica","https:\/\/x.com\/rassegnastampa9"]},{"@type":"Person","@id":"https:\/\/www.rassegnastampa-totustuus.it\/cattolica\/#\/schema\/person\/08f319d2bd1a0904ad9e2bfb7b15e5c3","name":"Redazione","image":{"@type":"ImageObject","inLanguage":"it-IT","@id":"https:\/\/secure.gravatar.com\/avatar\/2fcdf27c78ea025fbdb44e914cc63c72249ffec9dc8aafd5c82b26240ef3f346?s=96&d=mm&r=g","url":"https:\/\/secure.gravatar.com\/avatar\/2fcdf27c78ea025fbdb44e914cc63c72249ffec9dc8aafd5c82b26240ef3f346?s=96&d=mm&r=g","contentUrl":"https:\/\/secure.gravatar.com\/avatar\/2fcdf27c78ea025fbdb44e914cc63c72249ffec9dc8aafd5c82b26240ef3f346?s=96&d=mm&r=g","caption":"Redazione"},"url":"https:\/\/www.rassegnastampa-totustuus.it\/cattolica\/author\/pietroelle\/"}]}},"_links":{"self":[{"href":"https:\/\/www.rassegnastampa-totustuus.it\/cattolica\/wp-json\/wp\/v2\/posts\/61614","targetHints":{"allow":["GET"]}}],"collection":[{"href":"https:\/\/www.rassegnastampa-totustuus.it\/cattolica\/wp-json\/wp\/v2\/posts"}],"about":[{"href":"https:\/\/www.rassegnastampa-totustuus.it\/cattolica\/wp-json\/wp\/v2\/types\/post"}],"author":[{"embeddable":true,"href":"https:\/\/www.rassegnastampa-totustuus.it\/cattolica\/wp-json\/wp\/v2\/users\/6"}],"replies":[{"embeddable":true,"href":"https:\/\/www.rassegnastampa-totustuus.it\/cattolica\/wp-json\/wp\/v2\/comments?post=61614"}],"version-history":[{"count":1,"href":"https:\/\/www.rassegnastampa-totustuus.it\/cattolica\/wp-json\/wp\/v2\/posts\/61614\/revisions"}],"predecessor-version":[{"id":61617,"href":"https:\/\/www.rassegnastampa-totustuus.it\/cattolica\/wp-json\/wp\/v2\/posts\/61614\/revisions\/61617"}],"wp:featuredmedia":[{"embeddable":true,"href":"https:\/\/www.rassegnastampa-totustuus.it\/cattolica\/wp-json\/wp\/v2\/media\/61615"}],"wp:attachment":[{"href":"https:\/\/www.rassegnastampa-totustuus.it\/cattolica\/wp-json\/wp\/v2\/media?parent=61614"}],"wp:term":[{"taxonomy":"category","embeddable":true,"href":"https:\/\/www.rassegnastampa-totustuus.it\/cattolica\/wp-json\/wp\/v2\/categories?post=61614"},{"taxonomy":"post_tag","embeddable":true,"href":"https:\/\/www.rassegnastampa-totustuus.it\/cattolica\/wp-json\/wp\/v2\/tags?post=61614"}],"curies":[{"name":"wp","href":"https:\/\/api.w.org\/{rel}","templated":true}]}}