{"id":61599,"date":"2024-11-12T11:01:06","date_gmt":"2024-11-12T10:01:06","guid":{"rendered":"https:\/\/www.rassegnastampa-totustuus.it\/cattolica\/?p=61599"},"modified":"2025-02-06T14:50:49","modified_gmt":"2025-02-06T13:50:49","slug":"fine-vita-i-numeri-e-i-pazienti-smontano-la-legge-dei-radicali","status":"publish","type":"post","link":"https:\/\/www.rassegnastampa-totustuus.it\/cattolica\/fine-vita-i-numeri-e-i-pazienti-smontano-la-legge-dei-radicali\/","title":{"rendered":"Fine vita, i numeri (e i pazienti) smontano la legge dei radicali"},"content":{"rendered":"\n<p class=\"has-text-align-center\"><span style=\"color: #0000ff;\"><strong><a style=\"color: #0000ff;\" href=\"https:\/\/www.tempi.it\/\" target=\"_blank\" rel=\"noopener\">Tempi<\/a><\/strong><\/span> <span style=\"color: #000000;\">14 Ottobre 2024 <\/span><\/p>\n\n\n\n<p><span style=\"color: #000000;\"><em>\u00ab8 giorni per la valutazione? Ne servono 90\u00bb, \u00abla met\u00e0 dei malati cambia idea in due mesi\u00bb, \u00abvogliono le cure palliative\u00bb. Gli addetti ai lavori demoliscono ideologia e \u201ctempi certi\u201d rivendicati da Cappato in Lombardia<\/em><\/span><\/p>\n\n\n\n<p class=\"has-text-align-center\"><span style=\"color: #000000;\">di <strong>Caterina Giojelli<\/strong><\/span><\/p>\n\n\n<div class=\"wp-block-image\">\n<figure class=\"aligncenter size-full is-resized\"><a href=\"https:\/\/www.rassegnastampa-totustuus.it\/cattolica\/wp-content\/uploads\/2021\/09\/eutanasia.jpg\"><img loading=\"lazy\" decoding=\"async\" width=\"300\" height=\"168\" src=\"https:\/\/www.rassegnastampa-totustuus.it\/cattolica\/wp-content\/uploads\/2021\/09\/eutanasia.jpg\" alt=\"\" class=\"wp-image-52400\" style=\"width:456px;height:auto\"\/><\/a><\/figure><\/div>\n\n\n<!--more-->\n\n\n\n<p>L\u2019impianto che i radicali vorrebbero propinare ai lombardi per accedere al suicidio assistito non sta in piedi. E questa volta non sono i&nbsp;<span style=\"color: #0000ff;\"><a style=\"color: #0000ff;\" href=\"https:\/\/www.tempi.it\/zanon-lombardia-fine-vita\/\" target=\"_blank\" rel=\"noopener\">costituzionalisti ad ammonire<\/a><\/span>&nbsp;gli autori di una&nbsp;<span style=\"color: #0000ff;\"><a style=\"color: #0000ff;\" href=\"https:\/\/www.tempi.it\/fine-vita-lombardia-matteo-forte\/\" target=\"_blank\" rel=\"noopener\">proposta di legge<\/a><\/span>&nbsp;che ha tutte le caratteristiche per portare al conflitto Stato-Regioni, ma lo stesso Servizio sanitario regionale a cui i radicali demandano pieni poteri per aumentare le morti assistite.<\/p>\n\n\n\n<p>Un Servizio che si occupa gi\u00e0 dell\u2019accertamento preventivo dei&nbsp;<span style=\"color: #0000ff;\"><a style=\"color: #0000ff;\" href=\"https:\/\/www.tempi.it\/suicidio-assistito-consulta-corte-costituzionale-giudici-cattolici\/\" target=\"_blank\" rel=\"noopener\">quattro requisiti<\/a><\/span>&nbsp;di liceit\u00e0 del suicidio assistito come da sentenza della Corte. E che all\u2019esame delle Commissioni Affari istituzionali e Sanit\u00e0 della Lombardia dello scorso 23 settembre si \u00e8 rivelato un testimone decisivo: non solo le tempistiche presentate quali fiori all\u2019occhiello dagli autori della pdl non sono realistiche, ma fanno a cazzotti con alcuni dati di letteratura decisivi (li presenter\u00e0 anche il prof.&nbsp;<span style=\"color: #0000ff;\"><a style=\"color: #0000ff;\" href=\"https:\/\/www.tempi.it\/suicidio-assistito-i-dati-ci-dicono-che-i-paletti-della-consulta-non-reggeranno\/\" target=\"_blank\" rel=\"noopener\">Marco Maltoni<\/a><\/span>, tra i pi\u00f9 importanti medici palliativisti italiani e docente di Cure palliative a Bologna, in audizione il 10 ottobre) e verificati dal Ssn stesso con i casi seguiti in Lombardia: circa la met\u00e0 dei pazienti a due mesi dalla presentazione della richiesta di morte assistita cambia idea.<\/p>\n\n\n\n<p>I radicali vogliono il fine vita in venti giorni<\/p>\n\n\n<div class=\"wp-block-image\">\n<figure class=\"aligncenter size-full is-resized\"><a href=\"https:\/\/www.rassegnastampa-totustuus.it\/cattolica\/wp-content\/uploads\/2016\/09\/eutanasia.jpg\"><img loading=\"lazy\" decoding=\"async\" width=\"271\" height=\"186\" src=\"https:\/\/www.rassegnastampa-totustuus.it\/cattolica\/wp-content\/uploads\/2016\/09\/eutanasia.jpg\" alt=\"\" class=\"wp-image-36421\" style=\"width:423px;height:auto\"\/><\/a><\/figure><\/div>\n\n\n<p>Ora, cosa dice la&nbsp;<span style=\"color: #0000ff;\"><a style=\"color: #0000ff;\" href=\"https:\/\/www.associazionelucacoscioni.it\/wp-content\/uploads\/2023\/01\/25.01.23_Nuova-pdl-suicidio-assistito.docx.pdf\" target=\"_blank\" rel=\"noopener\">pdl proposta dall\u2019Associazione Luca Coscioni<\/a>?<\/span><span style=\"color: #000000;\"> Il disegno vuole definire \u00abprocedure e tempi del Servizio sanitario nazionale\/regionale di verifica delle condizioni e delle modalit\u00e0 di accesso alla morte medicalmente assistita\u00bb. Stabilisce che le Asst debbano costituire una \u00abCommissione medica multidisciplinare permanente\u00bb per la verifica dei requisiti (irreversibilit\u00e0, sostegno vitale, situazione intollerabile per il paziente, capacit\u00e0 di intendere e di volere). E che la Commissione (di cui \u00e8 stabilita anche la composizione) completi tale verifica entro venti giorni dalla presentazione della richiesta al suicidio assistito alla azienda sanitaria territoriale.<\/span><\/p>\n\n\n\n<p><span style=\"color: #000000;\">La tabella di marcia \u00e8 la seguente: l\u2019Asst ha massimo quattro giorni per convocare la Commissione. La Commissione ha al massimo otto giorni per fare le verifiche e trasmettere gli esiti al Comitato etico territorialmente competente. Il Comitato ha cinque giorni per trasmettere alla Asst il suo parere. La Asst ha tre giorni per comunicare le risultanze al malato. Entro sette giorni, in caso positivo, si dovr\u00e0 erogare il suicidio assistito.<\/span><\/p>\n\n\n\n<p><span style=\"color: #000000;\">In un anno e mezzo dieci richieste, una sola oncologica<\/span><\/p>\n\n\n<div class=\"wp-block-image\">\n<figure class=\"aligncenter size-large is-resized\"><a href=\"https:\/\/www.rassegnastampa-totustuus.it\/cattolica\/wp-content\/uploads\/2019\/10\/Eutanasia.jpg\"><img loading=\"lazy\" decoding=\"async\" width=\"1024\" height=\"577\" src=\"https:\/\/www.rassegnastampa-totustuus.it\/cattolica\/wp-content\/uploads\/2019\/10\/Eutanasia-1024x577.jpg\" alt=\"\" class=\"wp-image-44636\" style=\"width:469px;height:auto\" srcset=\"https:\/\/www.rassegnastampa-totustuus.it\/cattolica\/wp-content\/uploads\/2019\/10\/Eutanasia-1024x577.jpg 1024w, https:\/\/www.rassegnastampa-totustuus.it\/cattolica\/wp-content\/uploads\/2019\/10\/Eutanasia-300x169.jpg 300w, https:\/\/www.rassegnastampa-totustuus.it\/cattolica\/wp-content\/uploads\/2019\/10\/Eutanasia-768x433.jpg 768w, https:\/\/www.rassegnastampa-totustuus.it\/cattolica\/wp-content\/uploads\/2019\/10\/Eutanasia.jpg 1800w\" sizes=\"auto, (max-width: 1024px) 100vw, 1024px\" \/><\/a><\/figure><\/div>\n\n\n<p><span style=\"color: #000000;\">Una follia. Danilo Cereda, della direzione generale Welfare preposta al compito di governare il Sistema sociosanitario lombardo, non lo dice, ovviamente, ma se possibile fa di pi\u00f9. Racconta come la direzione ha ottemperato al \u201cdiritto sancito dalla sentenza\u201d fino alla fase della valutazione (in mancanza di una legge statale il Sistema sanitario regionale non ha le competenze per spingersi oltre) delle dieci richieste che sono pervenute alle aziende sanitarie territoriali. Dieci in un anno e mezzo su 27 Asst: due casi di Sla, tre di sclerosi multipla, un caso di sindrome dolorosa cronica, una patologia irreversibile (un tumore), un parkinsonismo atipico, una fibrosi polmonare idiopatica, un caso di cui non \u00e8 stata riportata la casistica. Otto donne su dieci. Cinque casi tra i 50 e i 59 anni, due casi tra i 60 e i 69, un caso tra 70 e i 79, due casi tra 80 e 89 anni.<\/span><\/p>\n\n\n\n<p><span style=\"color: #000000;\">Cereda sottolinea che non viene presa in carico \u201cla richiesta\u201d, come se si dovesse espletare una procedura, ma \u201cla persona\u201d. Chi \u00e8 il riferimento? Le Asst (dove \u00e8 presente il servizio di medicina legale) che vista l\u2019esiguit\u00e0 delle richieste pervenute hanno ad oggi potuto coinvolgere \u00abi professionisti pi\u00f9 esperti e pi\u00f9 capaci\u00bb. Che non si sono adoperati nell\u2019esecuzione di una \u201cprassi\u201d ma si sono dedicati a ciascun paziente. In primis verificando, insieme ai requisiti delineati dalla sentenza, la capacit\u00e0 reale di offerta della rete assistenziale, dall\u2019offerta di cure palliative alle terapie del dolore.<\/span><\/p>\n\n\n\n<p>________________________________________<\/p>\n\n\n\n<p><strong><span style=\"color: #000000;\">Leggi anche:<\/span><\/strong><\/p>\n\n\n\n<p><span style=\"color: #0000ff;\"><a style=\"color: #0000ff;\" href=\"https:\/\/www.rassegnastampa-totustuus.it\/cattolica\/eutanasia-soluzione-per-chi\/\" target=\"_blank\" rel=\"noopener\"><strong>Eutanasia: soluzione per chi?<\/strong><\/a><\/span><\/p>\n","protected":false},"excerpt":{"rendered":"<p>\u2019impianto che i radicali vorrebbero propinare ai lombardi per accedere al suicidio assistito non sta in piedi. E questa volta non sono i\u00a0costituzionalisti ad ammonire\u00a0gli autori di una\u00a0proposta di legge\u00a0che ha tutte le caratteristiche per portare al conflitto Stato-Regioni<\/p>\n","protected":false},"author":6,"featured_media":52400,"comment_status":"closed","ping_status":"closed","sticky":false,"template":"","format":"standard","meta":{"footnotes":""},"categories":[55],"tags":[141,1581],"class_list":["post-61599","post","type-post","status-publish","format-standard","has-post-thumbnail","hentry","category-eutanasia","tag-eutanasia-2","tag-fine-vita","item-wrap"],"yoast_head":"<!-- This site is optimized with the Yoast SEO plugin v27.5 - https:\/\/yoast.com\/product\/yoast-seo-wordpress\/ -->\n<title>Fine vita, i numeri (e i pazienti) smontano la legge dei radicali - Rassegna Stampa Cattolica<\/title>\n<meta name=\"description\" content=\"Fine vita, i numeri (e i pazienti) smontano la legge dei radicali che per\u00f2 vogliono solo 8 giorni per la valutazione\" \/>\n<meta name=\"robots\" content=\"index, follow, max-snippet:-1, max-image-preview:large, max-video-preview:-1\" \/>\n<link rel=\"canonical\" href=\"https:\/\/www.rassegnastampa-totustuus.it\/cattolica\/fine-vita-i-numeri-e-i-pazienti-smontano-la-legge-dei-radicali\/\" \/>\n<meta property=\"og:locale\" content=\"it_IT\" \/>\n<meta property=\"og:type\" content=\"article\" \/>\n<meta property=\"og:title\" content=\"Fine vita, i numeri (e i pazienti) smontano la legge dei radicali - Rassegna Stampa Cattolica\" \/>\n<meta property=\"og:description\" content=\"Fine vita, i numeri (e i pazienti) smontano la legge dei radicali che per\u00f2 vogliono solo 8 giorni per la valutazione\" \/>\n<meta property=\"og:url\" content=\"https:\/\/www.rassegnastampa-totustuus.it\/cattolica\/fine-vita-i-numeri-e-i-pazienti-smontano-la-legge-dei-radicali\/\" \/>\n<meta property=\"og:site_name\" content=\"Rassegna Stampa Cattolica\" \/>\n<meta property=\"article:publisher\" content=\"https:\/\/www.facebook.com\/rassegnastampacattolica\" \/>\n<meta property=\"article:published_time\" content=\"2024-11-12T10:01:06+00:00\" \/>\n<meta property=\"article:modified_time\" content=\"2025-02-06T13:50:49+00:00\" \/>\n<meta property=\"og:image\" content=\"https:\/\/www.rassegnastampa-totustuus.it\/cattolica\/wp-content\/uploads\/2021\/09\/eutanasia.jpg\" \/>\n\t<meta property=\"og:image:width\" content=\"300\" \/>\n\t<meta property=\"og:image:height\" content=\"168\" \/>\n\t<meta property=\"og:image:type\" content=\"image\/jpeg\" \/>\n<meta name=\"author\" content=\"Redazione\" \/>\n<meta name=\"twitter:card\" content=\"summary_large_image\" \/>\n<meta name=\"twitter:creator\" content=\"@rassegnastampa9\" \/>\n<meta name=\"twitter:site\" content=\"@rassegnastampa9\" \/>\n<meta name=\"twitter:label1\" content=\"Scritto da\" \/>\n\t<meta name=\"twitter:data1\" content=\"Redazione\" \/>\n\t<meta name=\"twitter:label2\" content=\"Tempo di lettura stimato\" \/>\n\t<meta name=\"twitter:data2\" content=\"5 minuti\" \/>\n<script type=\"application\/ld+json\" class=\"yoast-schema-graph\">{\"@context\":\"https:\\\/\\\/schema.org\",\"@graph\":[{\"@type\":\"Article\",\"@id\":\"https:\\\/\\\/www.rassegnastampa-totustuus.it\\\/cattolica\\\/fine-vita-i-numeri-e-i-pazienti-smontano-la-legge-dei-radicali\\\/#article\",\"isPartOf\":{\"@id\":\"https:\\\/\\\/www.rassegnastampa-totustuus.it\\\/cattolica\\\/fine-vita-i-numeri-e-i-pazienti-smontano-la-legge-dei-radicali\\\/\"},\"author\":{\"name\":\"Redazione\",\"@id\":\"https:\\\/\\\/www.rassegnastampa-totustuus.it\\\/cattolica\\\/#\\\/schema\\\/person\\\/08f319d2bd1a0904ad9e2bfb7b15e5c3\"},\"headline\":\"Fine vita, i numeri (e i pazienti) smontano la legge dei radicali\",\"datePublished\":\"2024-11-12T10:01:06+00:00\",\"dateModified\":\"2025-02-06T13:50:49+00:00\",\"mainEntityOfPage\":{\"@id\":\"https:\\\/\\\/www.rassegnastampa-totustuus.it\\\/cattolica\\\/fine-vita-i-numeri-e-i-pazienti-smontano-la-legge-dei-radicali\\\/\"},\"wordCount\":663,\"publisher\":{\"@id\":\"https:\\\/\\\/www.rassegnastampa-totustuus.it\\\/cattolica\\\/#organization\"},\"image\":{\"@id\":\"https:\\\/\\\/www.rassegnastampa-totustuus.it\\\/cattolica\\\/fine-vita-i-numeri-e-i-pazienti-smontano-la-legge-dei-radicali\\\/#primaryimage\"},\"thumbnailUrl\":\"https:\\\/\\\/www.rassegnastampa-totustuus.it\\\/cattolica\\\/wp-content\\\/uploads\\\/2021\\\/09\\\/eutanasia.jpg\",\"keywords\":[\"eutanasia\",\"fine vita\"],\"articleSection\":[\"Eutanasia\"],\"inLanguage\":\"it-IT\"},{\"@type\":\"WebPage\",\"@id\":\"https:\\\/\\\/www.rassegnastampa-totustuus.it\\\/cattolica\\\/fine-vita-i-numeri-e-i-pazienti-smontano-la-legge-dei-radicali\\\/\",\"url\":\"https:\\\/\\\/www.rassegnastampa-totustuus.it\\\/cattolica\\\/fine-vita-i-numeri-e-i-pazienti-smontano-la-legge-dei-radicali\\\/\",\"name\":\"Fine vita, i numeri (e i pazienti) smontano la legge dei radicali - Rassegna Stampa Cattolica\",\"isPartOf\":{\"@id\":\"https:\\\/\\\/www.rassegnastampa-totustuus.it\\\/cattolica\\\/#website\"},\"primaryImageOfPage\":{\"@id\":\"https:\\\/\\\/www.rassegnastampa-totustuus.it\\\/cattolica\\\/fine-vita-i-numeri-e-i-pazienti-smontano-la-legge-dei-radicali\\\/#primaryimage\"},\"image\":{\"@id\":\"https:\\\/\\\/www.rassegnastampa-totustuus.it\\\/cattolica\\\/fine-vita-i-numeri-e-i-pazienti-smontano-la-legge-dei-radicali\\\/#primaryimage\"},\"thumbnailUrl\":\"https:\\\/\\\/www.rassegnastampa-totustuus.it\\\/cattolica\\\/wp-content\\\/uploads\\\/2021\\\/09\\\/eutanasia.jpg\",\"datePublished\":\"2024-11-12T10:01:06+00:00\",\"dateModified\":\"2025-02-06T13:50:49+00:00\",\"description\":\"Fine vita, i numeri (e i pazienti) smontano la legge dei radicali che per\u00f2 vogliono solo 8 giorni per la valutazione\",\"breadcrumb\":{\"@id\":\"https:\\\/\\\/www.rassegnastampa-totustuus.it\\\/cattolica\\\/fine-vita-i-numeri-e-i-pazienti-smontano-la-legge-dei-radicali\\\/#breadcrumb\"},\"inLanguage\":\"it-IT\",\"potentialAction\":[{\"@type\":\"ReadAction\",\"target\":[\"https:\\\/\\\/www.rassegnastampa-totustuus.it\\\/cattolica\\\/fine-vita-i-numeri-e-i-pazienti-smontano-la-legge-dei-radicali\\\/\"]}]},{\"@type\":\"ImageObject\",\"inLanguage\":\"it-IT\",\"@id\":\"https:\\\/\\\/www.rassegnastampa-totustuus.it\\\/cattolica\\\/fine-vita-i-numeri-e-i-pazienti-smontano-la-legge-dei-radicali\\\/#primaryimage\",\"url\":\"https:\\\/\\\/www.rassegnastampa-totustuus.it\\\/cattolica\\\/wp-content\\\/uploads\\\/2021\\\/09\\\/eutanasia.jpg\",\"contentUrl\":\"https:\\\/\\\/www.rassegnastampa-totustuus.it\\\/cattolica\\\/wp-content\\\/uploads\\\/2021\\\/09\\\/eutanasia.jpg\",\"width\":300,\"height\":168},{\"@type\":\"BreadcrumbList\",\"@id\":\"https:\\\/\\\/www.rassegnastampa-totustuus.it\\\/cattolica\\\/fine-vita-i-numeri-e-i-pazienti-smontano-la-legge-dei-radicali\\\/#breadcrumb\",\"itemListElement\":[{\"@type\":\"ListItem\",\"position\":1,\"name\":\"Home\",\"item\":\"https:\\\/\\\/www.rassegnastampa-totustuus.it\\\/cattolica\\\/\"},{\"@type\":\"ListItem\",\"position\":2,\"name\":\"Fine vita, i numeri (e i pazienti) smontano la legge dei radicali\"}]},{\"@type\":\"WebSite\",\"@id\":\"https:\\\/\\\/www.rassegnastampa-totustuus.it\\\/cattolica\\\/#website\",\"url\":\"https:\\\/\\\/www.rassegnastampa-totustuus.it\\\/cattolica\\\/\",\"name\":\"Rassegna Stampa Cattolica\",\"description\":\"Per una cultura che nasce dalla Rivelazione cristiana in conformit\u00e0 alla tradizione e al Magistero della Chiesa in opposizione ad ogni relativismo e totalitarismo\",\"publisher\":{\"@id\":\"https:\\\/\\\/www.rassegnastampa-totustuus.it\\\/cattolica\\\/#organization\"},\"alternateName\":\"Rass. Cattolica\",\"potentialAction\":[{\"@type\":\"SearchAction\",\"target\":{\"@type\":\"EntryPoint\",\"urlTemplate\":\"https:\\\/\\\/www.rassegnastampa-totustuus.it\\\/cattolica\\\/?s={search_term_string}\"},\"query-input\":{\"@type\":\"PropertyValueSpecification\",\"valueRequired\":true,\"valueName\":\"search_term_string\"}}],\"inLanguage\":\"it-IT\"},{\"@type\":\"Organization\",\"@id\":\"https:\\\/\\\/www.rassegnastampa-totustuus.it\\\/cattolica\\\/#organization\",\"name\":\"Rassegna Stampa Cattolica\",\"url\":\"https:\\\/\\\/www.rassegnastampa-totustuus.it\\\/cattolica\\\/\",\"logo\":{\"@type\":\"ImageObject\",\"inLanguage\":\"it-IT\",\"@id\":\"https:\\\/\\\/www.rassegnastampa-totustuus.it\\\/cattolica\\\/#\\\/schema\\\/logo\\\/image\\\/\",\"url\":\"https:\\\/\\\/www.rassegnastampa-totustuus.it\\\/cattolica\\\/wp-content\\\/uploads\\\/2014\\\/04\\\/logo-rassegna1.gif\",\"contentUrl\":\"https:\\\/\\\/www.rassegnastampa-totustuus.it\\\/cattolica\\\/wp-content\\\/uploads\\\/2014\\\/04\\\/logo-rassegna1.gif\",\"width\":600,\"height\":163,\"caption\":\"Rassegna Stampa Cattolica\"},\"image\":{\"@id\":\"https:\\\/\\\/www.rassegnastampa-totustuus.it\\\/cattolica\\\/#\\\/schema\\\/logo\\\/image\\\/\"},\"sameAs\":[\"https:\\\/\\\/www.facebook.com\\\/rassegnastampacattolica\",\"https:\\\/\\\/x.com\\\/rassegnastampa9\"]},{\"@type\":\"Person\",\"@id\":\"https:\\\/\\\/www.rassegnastampa-totustuus.it\\\/cattolica\\\/#\\\/schema\\\/person\\\/08f319d2bd1a0904ad9e2bfb7b15e5c3\",\"name\":\"Redazione\",\"image\":{\"@type\":\"ImageObject\",\"inLanguage\":\"it-IT\",\"@id\":\"https:\\\/\\\/secure.gravatar.com\\\/avatar\\\/2fcdf27c78ea025fbdb44e914cc63c72249ffec9dc8aafd5c82b26240ef3f346?s=96&d=mm&r=g\",\"url\":\"https:\\\/\\\/secure.gravatar.com\\\/avatar\\\/2fcdf27c78ea025fbdb44e914cc63c72249ffec9dc8aafd5c82b26240ef3f346?s=96&d=mm&r=g\",\"contentUrl\":\"https:\\\/\\\/secure.gravatar.com\\\/avatar\\\/2fcdf27c78ea025fbdb44e914cc63c72249ffec9dc8aafd5c82b26240ef3f346?s=96&d=mm&r=g\",\"caption\":\"Redazione\"},\"url\":\"https:\\\/\\\/www.rassegnastampa-totustuus.it\\\/cattolica\\\/author\\\/pietroelle\\\/\"}]}<\/script>\n<!-- \/ Yoast SEO plugin. -->","yoast_head_json":{"title":"Fine vita, i numeri (e i pazienti) smontano la legge dei radicali - Rassegna Stampa Cattolica","description":"Fine vita, i numeri (e i pazienti) smontano la legge dei radicali che per\u00f2 vogliono solo 8 giorni per la valutazione","robots":{"index":"index","follow":"follow","max-snippet":"max-snippet:-1","max-image-preview":"max-image-preview:large","max-video-preview":"max-video-preview:-1"},"canonical":"https:\/\/www.rassegnastampa-totustuus.it\/cattolica\/fine-vita-i-numeri-e-i-pazienti-smontano-la-legge-dei-radicali\/","og_locale":"it_IT","og_type":"article","og_title":"Fine vita, i numeri (e i pazienti) smontano la legge dei radicali - Rassegna Stampa Cattolica","og_description":"Fine vita, i numeri (e i pazienti) smontano la legge dei radicali che per\u00f2 vogliono solo 8 giorni per la valutazione","og_url":"https:\/\/www.rassegnastampa-totustuus.it\/cattolica\/fine-vita-i-numeri-e-i-pazienti-smontano-la-legge-dei-radicali\/","og_site_name":"Rassegna Stampa Cattolica","article_publisher":"https:\/\/www.facebook.com\/rassegnastampacattolica","article_published_time":"2024-11-12T10:01:06+00:00","article_modified_time":"2025-02-06T13:50:49+00:00","og_image":[{"width":300,"height":168,"url":"https:\/\/www.rassegnastampa-totustuus.it\/cattolica\/wp-content\/uploads\/2021\/09\/eutanasia.jpg","type":"image\/jpeg"}],"author":"Redazione","twitter_card":"summary_large_image","twitter_creator":"@rassegnastampa9","twitter_site":"@rassegnastampa9","twitter_misc":{"Scritto da":"Redazione","Tempo di lettura stimato":"5 minuti"},"schema":{"@context":"https:\/\/schema.org","@graph":[{"@type":"Article","@id":"https:\/\/www.rassegnastampa-totustuus.it\/cattolica\/fine-vita-i-numeri-e-i-pazienti-smontano-la-legge-dei-radicali\/#article","isPartOf":{"@id":"https:\/\/www.rassegnastampa-totustuus.it\/cattolica\/fine-vita-i-numeri-e-i-pazienti-smontano-la-legge-dei-radicali\/"},"author":{"name":"Redazione","@id":"https:\/\/www.rassegnastampa-totustuus.it\/cattolica\/#\/schema\/person\/08f319d2bd1a0904ad9e2bfb7b15e5c3"},"headline":"Fine vita, i numeri (e i pazienti) smontano la legge dei radicali","datePublished":"2024-11-12T10:01:06+00:00","dateModified":"2025-02-06T13:50:49+00:00","mainEntityOfPage":{"@id":"https:\/\/www.rassegnastampa-totustuus.it\/cattolica\/fine-vita-i-numeri-e-i-pazienti-smontano-la-legge-dei-radicali\/"},"wordCount":663,"publisher":{"@id":"https:\/\/www.rassegnastampa-totustuus.it\/cattolica\/#organization"},"image":{"@id":"https:\/\/www.rassegnastampa-totustuus.it\/cattolica\/fine-vita-i-numeri-e-i-pazienti-smontano-la-legge-dei-radicali\/#primaryimage"},"thumbnailUrl":"https:\/\/www.rassegnastampa-totustuus.it\/cattolica\/wp-content\/uploads\/2021\/09\/eutanasia.jpg","keywords":["eutanasia","fine vita"],"articleSection":["Eutanasia"],"inLanguage":"it-IT"},{"@type":"WebPage","@id":"https:\/\/www.rassegnastampa-totustuus.it\/cattolica\/fine-vita-i-numeri-e-i-pazienti-smontano-la-legge-dei-radicali\/","url":"https:\/\/www.rassegnastampa-totustuus.it\/cattolica\/fine-vita-i-numeri-e-i-pazienti-smontano-la-legge-dei-radicali\/","name":"Fine vita, i numeri (e i pazienti) smontano la legge dei radicali - Rassegna Stampa Cattolica","isPartOf":{"@id":"https:\/\/www.rassegnastampa-totustuus.it\/cattolica\/#website"},"primaryImageOfPage":{"@id":"https:\/\/www.rassegnastampa-totustuus.it\/cattolica\/fine-vita-i-numeri-e-i-pazienti-smontano-la-legge-dei-radicali\/#primaryimage"},"image":{"@id":"https:\/\/www.rassegnastampa-totustuus.it\/cattolica\/fine-vita-i-numeri-e-i-pazienti-smontano-la-legge-dei-radicali\/#primaryimage"},"thumbnailUrl":"https:\/\/www.rassegnastampa-totustuus.it\/cattolica\/wp-content\/uploads\/2021\/09\/eutanasia.jpg","datePublished":"2024-11-12T10:01:06+00:00","dateModified":"2025-02-06T13:50:49+00:00","description":"Fine vita, i numeri (e i pazienti) smontano la legge dei radicali che per\u00f2 vogliono solo 8 giorni per la valutazione","breadcrumb":{"@id":"https:\/\/www.rassegnastampa-totustuus.it\/cattolica\/fine-vita-i-numeri-e-i-pazienti-smontano-la-legge-dei-radicali\/#breadcrumb"},"inLanguage":"it-IT","potentialAction":[{"@type":"ReadAction","target":["https:\/\/www.rassegnastampa-totustuus.it\/cattolica\/fine-vita-i-numeri-e-i-pazienti-smontano-la-legge-dei-radicali\/"]}]},{"@type":"ImageObject","inLanguage":"it-IT","@id":"https:\/\/www.rassegnastampa-totustuus.it\/cattolica\/fine-vita-i-numeri-e-i-pazienti-smontano-la-legge-dei-radicali\/#primaryimage","url":"https:\/\/www.rassegnastampa-totustuus.it\/cattolica\/wp-content\/uploads\/2021\/09\/eutanasia.jpg","contentUrl":"https:\/\/www.rassegnastampa-totustuus.it\/cattolica\/wp-content\/uploads\/2021\/09\/eutanasia.jpg","width":300,"height":168},{"@type":"BreadcrumbList","@id":"https:\/\/www.rassegnastampa-totustuus.it\/cattolica\/fine-vita-i-numeri-e-i-pazienti-smontano-la-legge-dei-radicali\/#breadcrumb","itemListElement":[{"@type":"ListItem","position":1,"name":"Home","item":"https:\/\/www.rassegnastampa-totustuus.it\/cattolica\/"},{"@type":"ListItem","position":2,"name":"Fine vita, i numeri (e i pazienti) smontano la legge dei radicali"}]},{"@type":"WebSite","@id":"https:\/\/www.rassegnastampa-totustuus.it\/cattolica\/#website","url":"https:\/\/www.rassegnastampa-totustuus.it\/cattolica\/","name":"Rassegna Stampa Cattolica","description":"Per una cultura che nasce dalla Rivelazione cristiana in conformit\u00e0 alla tradizione e al Magistero della Chiesa in opposizione ad ogni relativismo e totalitarismo","publisher":{"@id":"https:\/\/www.rassegnastampa-totustuus.it\/cattolica\/#organization"},"alternateName":"Rass. Cattolica","potentialAction":[{"@type":"SearchAction","target":{"@type":"EntryPoint","urlTemplate":"https:\/\/www.rassegnastampa-totustuus.it\/cattolica\/?s={search_term_string}"},"query-input":{"@type":"PropertyValueSpecification","valueRequired":true,"valueName":"search_term_string"}}],"inLanguage":"it-IT"},{"@type":"Organization","@id":"https:\/\/www.rassegnastampa-totustuus.it\/cattolica\/#organization","name":"Rassegna Stampa Cattolica","url":"https:\/\/www.rassegnastampa-totustuus.it\/cattolica\/","logo":{"@type":"ImageObject","inLanguage":"it-IT","@id":"https:\/\/www.rassegnastampa-totustuus.it\/cattolica\/#\/schema\/logo\/image\/","url":"https:\/\/www.rassegnastampa-totustuus.it\/cattolica\/wp-content\/uploads\/2014\/04\/logo-rassegna1.gif","contentUrl":"https:\/\/www.rassegnastampa-totustuus.it\/cattolica\/wp-content\/uploads\/2014\/04\/logo-rassegna1.gif","width":600,"height":163,"caption":"Rassegna Stampa Cattolica"},"image":{"@id":"https:\/\/www.rassegnastampa-totustuus.it\/cattolica\/#\/schema\/logo\/image\/"},"sameAs":["https:\/\/www.facebook.com\/rassegnastampacattolica","https:\/\/x.com\/rassegnastampa9"]},{"@type":"Person","@id":"https:\/\/www.rassegnastampa-totustuus.it\/cattolica\/#\/schema\/person\/08f319d2bd1a0904ad9e2bfb7b15e5c3","name":"Redazione","image":{"@type":"ImageObject","inLanguage":"it-IT","@id":"https:\/\/secure.gravatar.com\/avatar\/2fcdf27c78ea025fbdb44e914cc63c72249ffec9dc8aafd5c82b26240ef3f346?s=96&d=mm&r=g","url":"https:\/\/secure.gravatar.com\/avatar\/2fcdf27c78ea025fbdb44e914cc63c72249ffec9dc8aafd5c82b26240ef3f346?s=96&d=mm&r=g","contentUrl":"https:\/\/secure.gravatar.com\/avatar\/2fcdf27c78ea025fbdb44e914cc63c72249ffec9dc8aafd5c82b26240ef3f346?s=96&d=mm&r=g","caption":"Redazione"},"url":"https:\/\/www.rassegnastampa-totustuus.it\/cattolica\/author\/pietroelle\/"}]}},"_links":{"self":[{"href":"https:\/\/www.rassegnastampa-totustuus.it\/cattolica\/wp-json\/wp\/v2\/posts\/61599","targetHints":{"allow":["GET"]}}],"collection":[{"href":"https:\/\/www.rassegnastampa-totustuus.it\/cattolica\/wp-json\/wp\/v2\/posts"}],"about":[{"href":"https:\/\/www.rassegnastampa-totustuus.it\/cattolica\/wp-json\/wp\/v2\/types\/post"}],"author":[{"embeddable":true,"href":"https:\/\/www.rassegnastampa-totustuus.it\/cattolica\/wp-json\/wp\/v2\/users\/6"}],"replies":[{"embeddable":true,"href":"https:\/\/www.rassegnastampa-totustuus.it\/cattolica\/wp-json\/wp\/v2\/comments?post=61599"}],"version-history":[{"count":2,"href":"https:\/\/www.rassegnastampa-totustuus.it\/cattolica\/wp-json\/wp\/v2\/posts\/61599\/revisions"}],"predecessor-version":[{"id":62118,"href":"https:\/\/www.rassegnastampa-totustuus.it\/cattolica\/wp-json\/wp\/v2\/posts\/61599\/revisions\/62118"}],"wp:featuredmedia":[{"embeddable":true,"href":"https:\/\/www.rassegnastampa-totustuus.it\/cattolica\/wp-json\/wp\/v2\/media\/52400"}],"wp:attachment":[{"href":"https:\/\/www.rassegnastampa-totustuus.it\/cattolica\/wp-json\/wp\/v2\/media?parent=61599"}],"wp:term":[{"taxonomy":"category","embeddable":true,"href":"https:\/\/www.rassegnastampa-totustuus.it\/cattolica\/wp-json\/wp\/v2\/categories?post=61599"},{"taxonomy":"post_tag","embeddable":true,"href":"https:\/\/www.rassegnastampa-totustuus.it\/cattolica\/wp-json\/wp\/v2\/tags?post=61599"}],"curies":[{"name":"wp","href":"https:\/\/api.w.org\/{rel}","templated":true}]}}