{"id":61565,"date":"2024-11-05T09:26:00","date_gmt":"2024-11-05T08:26:00","guid":{"rendered":"https:\/\/www.rassegnastampa-totustuus.it\/cattolica\/?p=61565"},"modified":"2026-04-16T16:58:55","modified_gmt":"2026-04-16T14:58:55","slug":"e-possibile-modificare-gli-eventi-meteo","status":"publish","type":"post","link":"https:\/\/www.rassegnastampa-totustuus.it\/cattolica\/e-possibile-modificare-gli-eventi-meteo\/","title":{"rendered":"1976: modifiche meteorologiche coordinate dalla Nato e dirette all\u2019Europa?"},"content":{"rendered":"\n<p class=\"has-text-align-center\"><strong><a href=\"https:\/\/www.nogeoingegneria.com\/\" target=\"_blank\" rel=\"noopener\"><span style=\"color: #0000ff;\">NoGeoingegneria<\/span><\/a> <\/strong>2<span style=\"color: #000000;\"> Novembre 2024<\/span><\/p>\n\n\n\n<p class=\"has-text-align-left\"><span style=\"color: #000000;\"><em>Il disastro che ha sconvolto la Spagna ricorda alcuni eventi estremi del passato che sono stati classificati come guerre meteorologiche. Dall\u2019accordo Enmod del 1976, \u00e8 ovvio che questo tipo di guerra \u00e8 di fatto possibile. I dettagli del seguente articolo accusatorio sono molto interessanti. In Spagna sono state segnalate anomalie significative, che ricordano particolari del caso qui descritto.<\/em> <\/span><\/p>\n\n\n\n<p class=\"has-text-align-center\"><em><span style=\"color: #000000;\">L\u2019 articolo era<\/span><span style=\"color: #0000ff;\"><a style=\"color: #0000ff;\" href=\"https:\/\/www.nogeoingegneria.com\/news-eng\/1976-nato-coordinated-weather-modification-aimed-at-europe\/\" target=\"_blank\" rel=\"noopener\"> gi\u00e0 stato pubblicato su questo sito<\/a><\/span><\/em> <em>i<span style=\"color: #000000;\">n versione inglese.&nbsp;<\/span><\/em><\/p>\n\n\n\n<p class=\"has-text-align-center\"><span style=\"color: #000000;\"><strong>*&nbsp; *&nbsp; *<\/strong><\/span><\/p>\n\n\n<div class=\"wp-block-image\">\n<figure class=\"aligncenter size-full is-resized\"><a href=\"https:\/\/www.rassegnastampa-totustuus.it\/cattolica\/wp-content\/uploads\/2017\/09\/clima.jpg\"><img loading=\"lazy\" decoding=\"async\" width=\"275\" height=\"184\" src=\"https:\/\/www.rassegnastampa-totustuus.it\/cattolica\/wp-content\/uploads\/2017\/09\/clima.jpg\" alt=\"\" class=\"wp-image-38425\" style=\"width:371px;height:auto\"\/><\/a><\/figure><\/div>\n\n\n<!--more-->\n\n\n\n<p><span style=\"color: #000000;\">Una relazione alla Commissione per le Relazioni Estere del Senato, sottocommissione per gli oceani e l\u2019ambiente, gennaio 1976. Comitato per le Relazioni Estere del Senato, sottocommissione per gli oceani e l\u2019ambiente, gennaio 1976 \u2013 Audizioni sulla modificazione del tempo.<\/span><\/p>\n\n\n\n<h4 class=\"wp-block-heading has-text-align-center\"><span style=\"color: #000000;\"><strong>Introduzione<\/strong><\/span><\/h4>\n\n\n\n<p><span style=\"color: #000000;\">Gli eventi relativi alle tempeste che hanno colpito il continente europeo intorno a Capodanno. 1976 permettono di stabilire un caso prima facie che le tempeste stesse siano state il risultato di una modificazione meteorologica coordinata dalla NATO e diretta verso l\u2019Europa. Questa operazione di modificazione del tempo aveva l\u2019intenzione consapevole di far intervenire la protezione civile e il personale militare per regolamentare e demoralizzare la popolazione lavorativa della regione in caso di catastrofe.<\/span><\/p>\n\n\n\n<p><span style=\"color: #000000;\">Il seguente documento illustra la storia della modificazione meteorologica; le capacit\u00e0 operative della NATO e degli Stati Uniti in materia di modificazione meteorologica; le storie meteorologiche insolite delle tempeste, comprese le informazioni sul sabotaggio deliberato dei sistemi di allerta delle tempeste europee prima che colpissero, e l\u2019apparato militare che era pronto a svolgere le funzioni di difesa civile sulla scia della distruzione delle tempeste. Come verr\u00e0 chiaramente mostrato nella relazione, le azioni del personale della protezione civile durante e dopo le tempeste sono parallele alle operazioni militari necessarie per istituire e mantenere governi militari nazionali in grado di applicare i programmi di austerit\u00e0 che attualmente sono la politica adottata dai governi di Stati Uniti, Canada ed Europa occidentale.<\/span><\/p>\n\n\n\n<p><span style=\"color: #000000;\">Il 30 dicembre, a mezzogiorno dell\u2019ora di Greenwich, un satellite meteorologico statunitense ha osservato un sistema meteorologico di bassa pressione a est di Richmond, in Virginia, e a sud di Terranova. Al momento della sua dissoluzione, questo sistema \u00e8 diventato la peggiore tempesta che abbia colpito l\u2019Europa negli ultimi 29 anni. Colpendo la costa nordirlandese il 2 gennaio, in- tensificandosi drasticamente sulla Scozia, ha portato distruzione sul Mare del Nord e sull\u2019Europa settentrionale con venti a 100 miglia orarie e gravi inondazioni, ed \u00e8 stata seguita dopo un giorno da un\u2019altra tempesta, quasi altrettanto grave della prima.<\/span><\/p>\n\n\n<div class=\"wp-block-image\">\n<figure class=\"aligncenter size-full\"><a href=\"https:\/\/www.rassegnastampa-totustuus.it\/cattolica\/wp-content\/uploads\/2024\/11\/ambiente_clima_europa.jpg\"><img loading=\"lazy\" decoding=\"async\" width=\"388\" height=\"316\" src=\"https:\/\/www.rassegnastampa-totustuus.it\/cattolica\/wp-content\/uploads\/2024\/11\/ambiente_clima_europa.jpg\" alt=\"\" class=\"wp-image-61567\"\/><\/a><\/figure><\/div>\n\n\n<p><span style=\"color: #000000;\">Gli eventi che hanno caratterizzato lo scenario delle tempeste di Capodanno del 1976 indicano che si \u00e8 trattato di qualcosa di pi\u00f9 dei fenomeni meteorologici e della successiva ripresa. L\u2019ondata di tempeste si \u00e8 verificata nel contesto di una continua spinta economica e politica da parte della fazione finanziaria internazionale alleata dei Rockefeller per preservare la struttura del debito legato al dollaro di fronte alle crescenti pressioni di un collasso depressivo. In relazione a questo quadro politico, vanno segnalate le continue ricerche e l\u2019implementazione di tecniche di guerra geofisica. Alla 39a sessione dell\u2019Assemblea Generale, l\u2019Unione Sovietica, riconoscendo un significativo potenziale di guerra meteorologica gi\u00e0 sviluppato dalle forze della NATO, ha lanciato un appello per eliminare il pericolo della modificazione dell\u2019ambiente e del clima per scopi militari o di altro tipo, poich\u00e9 questi sarebbero incompatibili con la garanzia della sicurezza internazionale, del benessere e della salute umana.<\/span><\/p>\n\n\n\n<p><span style=\"color: #000000;\">Gli eventi che hanno comportato la mobilitazione delle popolazioni colpite, gli incidenti che hanno coinvolto le agenzie che si occupavano dei vari aspetti dell\u2019uragano e la natura sospetta del percorso dell\u2019uragano indicano che era in atto un\u2019operazione di caos e confusione da indirizzare alla classe operaia europea, che poteva essere innescata nelle giuste condizioni.<\/span><\/p>\n\n\n\n<p><span style=\"color: #000000;\">Le tempeste invernali esistono abbondantemente. Per scatenare un\u2019operazione di guerra meteorologica basterebbe aspettare una tempesta adatta alla modifica, in particolare una sulla Scozia montagnosa, e avviare l\u2019operazione.<\/span><\/p>\n\n\n\n<h4 class=\"wp-block-heading has-text-align-center\"><span style=\"color: #000000;\"><strong>Lo scenario<\/strong><\/span><\/h4>\n\n\n\n<p><span style=\"color: #000000;\">Le informazioni satellitari che indicano la posizione della tempesta sono state fornite dal National Weather Satellite Service e tutti gli orari sono quelli dell\u2019ora di Greenwich (ora dell\u2019Europa centrale i6 un\u2019ora pi\u00f9 in l\u00e0). Il movimento iniziale della tempesta \u00e8 stato quello tipico delle tempeste invernali nell\u2019Atlantico, con uno spostamento generale verso nord-est (si veda la mappa allegata).<\/span><\/p>\n\n\n<div class=\"wp-block-image\">\n<figure class=\"aligncenter size-full\"><a href=\"https:\/\/www.rassegnastampa-totustuus.it\/cattolica\/wp-content\/uploads\/2024\/11\/ambiente_clima_europa-1.jpg\"><img loading=\"lazy\" decoding=\"async\" width=\"387\" height=\"288\" src=\"https:\/\/www.rassegnastampa-totustuus.it\/cattolica\/wp-content\/uploads\/2024\/11\/ambiente_clima_europa-1.jpg\" alt=\"\" class=\"wp-image-61568\"\/><\/a><\/figure><\/div>\n\n\n<p><span style=\"color: #000000;\">Quando il centro si \u00e8 avvicinato alla Gran Bretagna, ha iniziato ad accelerare e a intensificarsi. La tempesta ha poi rallentato, per poi intensificarsi improvvisamente al passaggio sulla Scozia, passando da 984 millibar a 975 millibar in sole sei ore.<\/span><\/p>\n\n\n\n<p><span style=\"color: #000000;\">(I millibar si riferiscono alla pressione dell\u2019aria: una pressione di 1000 millibar \u00e8 pi\u00f9 o meno normale; 970 millibar \u00e8 molto bassa, anche se un uragano, che \u00e8 una tempesta molto pi\u00f9 piccola di una tempesta invernale su larga scala, ha pressioni di 940 millibar). Le cifre indicate si riferiscono alla pressione al centro della tempesta). I venti della tempesta raggiungevano le 100 miglia orarie in Inghilterra venerd\u00ec 2 gennaio, mettendo fuori uso le centrali elettriche e iniziando a spingere l\u2019acqua del Mare del Nord verso le coste della Germania e della Danimarca.<\/span><\/p>\n\n\n\n<p><span style=\"color: #000000;\">Sebbene i servizi meteorologici britannici avevano pubblicato un bollettino venerd\u00ec, annunciando che si trattava di un vento di forza 9 (che indicava venti di forza superiore a quella di un uragano), l\u2019avviso non \u00e8 apparso sulla stampa britannica. Il quotidiano francese Le Monde \u00e8 stato l\u2019unico giornale del continente a riprendere l\u2019avviso, che \u00e8 stato poi pubblicato come un normale bollettino meteorologico. Contemporaneamente i lavoratori dell\u2019Ufficio meteorologico nazionale francese scioperarono. Il quotidiano parigino Le Figaro pubblic\u00f2 il 2 gennaio un avviso che diceva: \u201cUno sciopero parziale all\u2019Ufficio meteorologico nazionale non ci permette di produrre una carta meteorologica oggi\u201d.<\/span><\/p>\n\n\n\n<p><span style=\"color: #000000;\">Dato che questo sciopero assume un significato insolito per il destino del continente durante le tempeste, deve essere indagato a fondo per determinare la possibilit\u00e0 che sia stato istigato da provocatori o da altri mezzi di manipolazione. Sebbene l\u2019ufficio meteorologico oceanico di Amburgo, in Germania Ovest, fosse a conoscenza dell\u2019imminente tempesta gi\u00e0 dal mattino del 2 gennaio, il quotidiano tedesco Die Welt ricevette un bollettino meteorologico ufficiale dall\u2019ufficio che prevedeva un tempo caldo e mite. L\u2019ufficio di Amburgo non ha inviato alcun avviso di tempesta fino a} :45 pm, il 2 gennaio, quando la televisione serale ha parlato di tempeste per la Germania meridionale. A mezzanotte del 3 gennaio la pressione al centro della tempesta era scesa a 972 millibar e il centro si era spostato sulla costa sud-occidentale della Norvegia.<\/span><\/p>\n\n\n<div class=\"wp-block-image\">\n<figure class=\"aligncenter size-full is-resized\"><a href=\"https:\/\/www.rassegnastampa-totustuus.it\/cattolica\/wp-content\/uploads\/2016\/02\/pioggia.jpg\"><img loading=\"lazy\" decoding=\"async\" width=\"280\" height=\"180\" src=\"https:\/\/www.rassegnastampa-totustuus.it\/cattolica\/wp-content\/uploads\/2016\/02\/pioggia.jpg\" alt=\"\" class=\"wp-image-30670\" style=\"width:386px;height:auto\"\/><\/a><\/figure><\/div>\n\n\n<p><span style=\"color: #000000;\">Con i venti pi\u00f9 forti a 200 miglia dal centro, l\u2019acqua nel Mare del Nord inizi\u00f2 ad accumularsi lungo tutte le coste che costeggiavano la tempesta. L\u2019ufficio meteorologico inglese inizi\u00f2 a diramare avvisi di allerta per le maree, che senza dubbio suonarono molto strani alla popolazione. L\u2019ufficio diede avvisi per le \u201caree 12, 13 e 14\u201d, ecc. ma non fu detto dove si trovassero queste aree fino a quando, pi\u00f9 tardi, la BBC intervenne per spiegare i misteriosi avvisi. Le previsioni del tempo sulla stampa europea sono state abbastanza tranquille fino al momento in cui la tempesta si \u00e8 abbattuta. In Danimarca, dove 20.000 persone sono state evacuate dopo la tempesta, il sistema computerizzato di allarme preventivo per le inondazioni non ha funzionato, secondo quanto riportato dal London Times.<\/span><\/p>\n\n\n\n<p><span style=\"color: #000000;\">Inoltre, un allarme lanciato dal sistema parallelo di allerta marea azionato manualmente \u00e8 stato insabbiato dal responsabile del sistema, il dottor Christainsen. Se esiste un\u2019indagine su questo fallimento, viene oscurata dalla stampa. Vicino alla foce dell\u2019Elba, il 3 gennaio il livello dell\u2019acqua nel porto di Amburgo superava di 14 piedi la norma, minacciando di bloccare la fornitura di acqua di raffreddamento di una vicina centrale nucleare. Si temeva immediatamente che, senza un\u2019adeguata acqua di raffreddamento, il nocciolo del reattore della centrale si sarebbe fuso, producendo un\u2019esplosione di vapore, distruggendo la centrale e rilasciando contaminanti nucleari in riva al mare.<\/span><\/p>\n\n\n\n<h4 class=\"wp-block-heading has-text-align-center\"><span style=\"color: #000000;\"><strong>Seconda tempesta<\/strong><\/span><\/h4>\n\n\n\n<p><span style=\"color: #000000;\">Ancora prima del termine della prima tempesta, la stessa regione \u00e8 stata colpita da un\u2019altra tempesta che ha prodotto venti dalla stessa direzione, aggravando i danni e accumulando acqua nella parte europea del Mare del Nord.<\/span><\/p>\n\n\n\n<p><span style=\"color: #000000;\">Gli effetti delle tempeste non si sono limitati ai Paesi costieri. Secondo un rapporto del London Times, la Cecoslovacchia ha avuto 72 ore di tempeste continue e violente. Altri Paesi del blocco orientale hanno segnalato forti inondazioni, oltre a massicce interruzioni delle comunicazioni, dei trasporti e delle reti elettriche.&nbsp;L\u2019area di Magdeburgo della Repubblica Democratica Tedesca, che produce gran parte del carbone per il Paese, \u00e8 stata gravemente colpita. Subito dopo le tempeste, Werner Maihofer, il ministro degli Interni della Germania occidentale e l\u2019unico membro del gabinetto della Germania occidentale non in vacanza in quel momento, ha formato un governo di crisi di emergenza. Questo in risposta non solo alle tempeste, ma anche alle nuove minacce terroristiche contro gli aeroporti della Germania occidentale.<\/span><\/p>\n\n\n\n<p><span style=\"color: #000000;\">Come nel caso dello sciopero dell\u2019Ufficio meteorologico francese, le cosiddette minacce terroristiche di questa natura sono state ripetutamente rivelate come manovrate dai pi\u00f9 alti livelli della CIA e delle agenzie associate.<\/span><\/p>\n\n\n\n<p><span style=\"color: #000000;\">Un\u2019idea degli effetti della tempesta sulla popolazione si pu\u00f2 trarre dai resoconti pervenuti all\u2019IPS direttamente dall\u2019Europa. Durante le bufere di neve che si sono verificate in Scandinavia, ad esempio, la gente \u00e8 stata vista vagare stordita nelle stazioni ferroviarie.<\/span><\/p>\n\n\n<div class=\"wp-block-image\">\n<figure class=\"aligncenter size-full is-resized\"><a href=\"https:\/\/www.rassegnastampa-totustuus.it\/cattolica\/wp-content\/uploads\/2024\/11\/ambiente_clima_europa-2.jpg\"><img loading=\"lazy\" decoding=\"async\" width=\"222\" height=\"288\" src=\"https:\/\/www.rassegnastampa-totustuus.it\/cattolica\/wp-content\/uploads\/2024\/11\/ambiente_clima_europa-2.jpg\" alt=\"\" class=\"wp-image-61569\" style=\"width:270px;height:auto\"\/><\/a><\/figure><\/div>\n\n\n<p><span style=\"color: #000000;\">Ogni osservatore intelligente di politica internazionale deve notare tre eventi apparentemente coincidenti con le tempeste. Il quotidiano svedese Aftonbladet, controllato dal premier socialdemocratico svedese e agente della NATO di lunga data Olof Palme, il 30 dicembre ha pubblicato uno studio dell\u2019Istituto internazionale di ricerca sulla pace di Stoccolma, anch\u2019esso da tempo legato alla NATO, che in effetti prevedeva nei dettagli l\u2019attacco meteorologico che si \u00e8 verificato nel corso della settimana.<\/span><\/p>\n\n\n\n<p><span style=\"color: #000000;\">L\u2019autore dello studio, \u201cProspettive per il futuro\u201d, Frank Barnaby ( ndr autore molto interessante https:\/\/www.isbns.net\/author\/Frank_Barnaby) ha osservato che, poich\u00e9 un attacco nucleare comporterebbe probabilmente una risposta di piena rappresaglia, una \u201cguerra futura\u201d in Europa occidentale potrebbe essere combattuta dirigendo tempeste, cicloni e tifoni contro il nemico, deviando i fiumi per provocare inondazioni, avvelenando i fiumi e le riserve idriche e manipolando le precipitazioni per provocare conseguenze economiche per esempio la carestia.<\/span><\/p>\n\n\n\n<p><span style=\"color: #000000;\">Tre settimane prima, i funzionari della Difesa Civile e della Preparazione Civile di Danimarca, Svezia e Germania Occidentale si erano incontrati congiuntamente a Copenaghen subito dopo che le forze armate svedesi e danesi avevano partecipato a una manovra congiunta di evacuazione della popolazione che prevedeva l\u2019esplosione di un impianto di fissione nucleare. Durante la tempesta stessa, la citt\u00e0 di Bonn, nella Germania occidentale, ha subito un\u2019interruzione dell\u2019energia elettrica che, secondo le notizie attuali, non era in alcun modo collegata alla tempesta.<\/span><\/p>\n\n\n\n<h4 class=\"wp-block-heading alignwide has-text-align-center\"><span style=\"color: #000000;\"><strong>Fattibilit\u00e0 della modificazione meteorologica<\/strong><\/span><\/h4>\n\n\n\n<p><span style=\"color: #000000;\">Attualmente non \u00e8 possibile dimostrare con certezza che le due tempeste in questione siano state soggette a modifiche meteorologiche, ma vi sono forti indizi che lo dimostrano, persino se non si tiene conto della mobilitazione civile e militare. Due aspetti delle tempeste: 1) la forte intensificazione della prima tempesta sulla Scozia e 2) la traiettoria verso sud-est di entrambe le tempeste durante i loro periodi di intensificazione, danno questa indicazione. I sistemi meteorologici comportano una complicata relazione tra micro e macro-processi. I microprocessi comprendono i cambiamenti di fase tra vapore, liquido e solido e il calore trasferito quando l\u2019acqua passa da una fase all\u2019altra. Per ogni grammo di vapore acqueo che si condensa in gocce d\u2019acqua vengono rilasciate circa 540 calorie di calore, mentre quando un grammo d\u2019acqua congela vengono rilasciate 80 calorie.<\/span><\/p>\n\n\n<div class=\"wp-block-image\">\n<figure class=\"aligncenter size-full\"><a href=\"https:\/\/www.rassegnastampa-totustuus.it\/cattolica\/wp-content\/uploads\/2024\/11\/ambiente_clima_europa_scie_chimiche.jpg\"><img loading=\"lazy\" decoding=\"async\" width=\"458\" height=\"247\" src=\"https:\/\/www.rassegnastampa-totustuus.it\/cattolica\/wp-content\/uploads\/2024\/11\/ambiente_clima_europa_scie_chimiche.jpg\" alt=\"\" class=\"wp-image-61570\"\/><\/a><\/figure><\/div>\n\n\n<p><span style=\"color: #000000;\">Questa piccola quantit\u00e0 di calore diventa enormemente significativa quando sono coinvolte grandi quantit\u00e0 di acqua. I cambiamenti di fase sono indotti dalla variazione di temperatura e pressione dell\u2019aria. I macroprocessi comportano l\u2019interazione tra grandi masse d\u2019aria con caratteristiche interne diverse e l\u2019interazione di queste masse con il campo gravitazionale della Terra e il suo spin. La quantit\u00e0 di energia coinvolta nella modifica dei macroprocessi \u00e8 molto grande: sistemi tipici comportano trasferimenti di energia equivalenti a migliaia di esplosioni nucleari delle dimensioni della bomba di Hiroshima. I programmi di modificazione meteorologica si concentrano sull\u2019influenza dei microprocessi per influenzare i macroprocessi.<\/span><\/p>\n\n\n\n<p><span style=\"color: #000000;\">Il concetto alla base della modificazione meteorologica \u00e8 quello di innescare l\u2019instabilit\u00e0 intrinseca di questi sistemi meteorologici. La maggior parte dei processi pubblicamente conosciuti coinvolge forme di cloud seeding, che costringono ad aumentare il tasso di condensazione dell\u2019acqua in ghiaccio. Nel processo di cloud seeding, le gocce d\u2019acqua nelle nuvole sono costrette a congelare fornendo cristalli che assomigliano alla struttura del ghiaccio, nel caso dello ioduro d\u2019argento. Una volta iniziato il congelamento, altra acqua \u00e8 in grado di congelare utilizzando i cristalli in crescita come modelli. A seconda delle condizioni fisiche del sistema, il calore rilasciato in questo processo pu\u00f2 provocare correnti ascensionali che portano altra aria, la quale rilascia il suo calore mentre il suo contenuto d\u2019acqua congela, continuando il processo. Quando i cristalli diventano abbastanza grandi, cadono come neve, trasformandosi in pioggia se la temperatura dell\u2019aria in basso \u00e8 sufficientemente calda.<\/span><\/p>\n\n\n\n<p><span style=\"color: #000000;\">La maggior parte degli esperimenti noti finora ha coinvolto sistemi relativamente piccoli. Le nuvole sono state seminate per produrre pi\u00f9 pioggia di quella che sarebbe caduta (di solito solo il 10% dell\u2019acqua contenuta in una nuvola viene precipitata naturalmente), oppure sono state prevenute tempeste di grandine stimolando la loro precipitazione anticipata dai sistemi. La modifica degli uragani \u00e8 stata avviata come programma classificato nel 1947. Nell\u2019ambito del programma denominato \u201cStormfury\u201d, la Marina degli Stati Uniti inseminava gli uragani inizialmente nella zona delle nubi a parete dell\u2019occhio; la semina veniva poi allontanata dal centro. Poich\u00e9 l\u2019occhio di un uragano \u00e8 una regione con una fortissima corrente ascensionale, si pensava che questa area potesse essere espansa, espandendo cos\u00ec l\u2019intera tempesta.<\/span><\/p>\n\n\n<div class=\"wp-block-image\">\n<figure class=\"aligncenter\"><img loading=\"lazy\" decoding=\"async\" width=\"374\" height=\"247\" src=\"https:\/\/www.rassegnastampa-totustuus.it\/cattolica\/wp-content\/uploads\/2024\/11\/ambiente_clima_Italia.jpg\" alt=\"\" class=\"wp-image-61571\"\/><\/figure><\/div>\n\n\n<p><span style=\"color: #000000;\">Il modello di circolazione, e quindi i venti, diminuirebbero nello stesso modo in cui la rotazione di un pattinatore rallenta quando le sue braccia sono estese verso l\u2019esterno. In un esperimento, la velocit\u00e0 del vento \u00e8 stata ridotta del 10-20% in tre diverse occasioni con lo stesso uragano, con effetti che sono durati ogni volta fino a 18 ore. Stormfury ha attirato molta attenzione quando sono state mosse accuse contro il programma, secondo le quali diversi uragani sono stati deviati verso la costa, ad esempio verso Atlanta, Georgia, Cuba e Honduras.<\/span><\/p>\n\n\n\n<p><span style=\"color: #000000;\">Secondo Pierre St. Amand, responsabile della Divisione di Scienze della Terra e Planetarie del Naval Weapons Center di China Lake.(ndr e responsabile delle sperimentazioni GROMET e PopEye) California, gli esperimenti di semina delle nuvole che hanno avuto luogo prima del 1957 sono stati condotti con un ostacolo difficile da superare. Secondo St. Amand, gli sperimentatori non stavano seminando le nuvole con lo ioduro d\u2019argento come si pensava. I generatori progettati per produrre ioduro d\u2019argento producevano in realt\u00e0 miscele complesse di argento, potassio e sodio. Il successo dei successivi esperimenti e programmi di <em>cloud seeding<\/em> dopo la correzione di questo errore nel 1957 dimostra che molti esperimenti non sono apparsi statisticamente significativi. \u00c8 probabile che molti degli esperimenti che sono risultati \u201cnon statisticamente significativi\u201d avrebbero dovuto essere ripetuti per verificarne la significativit\u00e0. A quanto pare, molti non furono ripetuti, almeno non pubblicamente.<\/span><\/p>\n\n\n\n<p><span style=\"color: #000000;\">Questa breve storia implica che la possibilit\u00e0 di seminare con successo le tempeste invernali atlantiche \u00e8 tutt\u2019altro che esclusa. Il dottor St. Amand. ha seminato con successo tempeste invernali sulla costa del Pacifico utilizzando sia aerei che un generatore di semina situato sulla cima di una montagna a pi\u00f9 di 3.400 piedi sul livello del mare. Ha anche ottenuto successi nella deviazione delle rotte temporalesche, anche se non ci sono stati commenti pubblici sui risultati ottenuti con tempeste delle dimensioni di quelle in questione. Comunque, il fatto che la prima tempesta sia aumentata di intensit\u00e0 sopra la Scozia, con le sue montagne ben posizionate, e il fatto che la tempesta poco dopo abbia cambiato la sua traiettoria in una direzione estremamente improbabile, contribuiscono a creare un caso <em>prima facie<\/em> di modificazione meteorologica.<\/span><\/p>\n\n\n\n<p><span style=\"color: #000000;\">Utilizzando i dati degli esperimenti di modifica delle tempeste dell\u2019inverno 1971-1972 condotti al largo delle coste californiane, e scalando l\u2019operazione utilizzata all\u2019epoca, possiamo vedere che la capacit\u00e0 di modificare leggermente una tempesta come la prima che si \u00e8 abbattuta sull\u2019Europa quest\u2019anno \u00e8 decisamente alla portata delle capacit\u00e0 esistenti. Sarebbero necessari circa 16 galloni totali di una soluzione al 10% di ioduro d\u2019argento miscelata con acetone e ioduro d\u2019ammonio, bruciata al ritmo di circa 10 litri all\u2019ora. su 12 aeroplani per circa mezz\u2019ora. (Se si usassero i generatori di montagna, le cifre dovrebbero essere leggermente modificate). Anche se queste cifre dovessero essere aumentate di un fattore dieci, sarebbe comunque possibile, semplicemente usando 160 galloni con aerei pi\u00f9 veloci e aumentando la velocit\u00e0 di combustione. (L\u2019esperimento in California ha utilizzato aerei da 110 miglia all\u2019ora).<\/span><\/p>\n\n\n\n<p><span style=\"color: #000000;\">Il fatto che il percorso della seconda tempesta abbia preso la stessa direzione della prima \u00e8 altrettanto discutibile. Tuttavia, una valutazione della possibilit\u00e0 di una modificazione meteorologica della seconda tempesta \u00e8 al momento difficile a causa della limitata comprensione scientifica generale del comportamento generale dell\u2019atmosfera in circostanze come quelle causate dalla prima tempesta.<\/span><\/p>\n\n\n\n<h4 class=\"wp-block-heading has-text-align-center\"><span style=\"color: #000000;\"><strong>Invito alla investigazione<\/strong><\/span><\/h4>\n\n\n<div class=\"wp-block-image\">\n<figure class=\"aligncenter\"><img loading=\"lazy\" decoding=\"async\" width=\"420\" height=\"288\" src=\"https:\/\/www.rassegnastampa-totustuus.it\/cattolica\/wp-content\/uploads\/2024\/11\/ambiente_clima_guerra_meteo.jpg\" alt=\"\" class=\"wp-image-61572\"\/><\/figure><\/div>\n\n\n<p><span style=\"color: #000000;\">I membri delle principali fazioni industriali europee anti-Rockefeller hanno gi\u00e0 preso in seria considerazione la possibilit\u00e0 di modificare le condizioni meteorologiche di queste devastanti tempeste. Gerhard Stoltenberg, primo ministro dell\u2019Unione Cristiano-Democratica (CDU) dello Stato tedesco occidentale dello Schleswig-Holstein, leader di questa fazione nella Germania<strong>&nbsp;<\/strong>occidentale, ha dichiarato in una conferenza stampa del 6 gennaio che non si pu\u00f2 escludere la possibilit\u00e0 di un uso deliberato di metodi di \u201cguerra meteorologica\u201d come la semina delle nuvole durante le due tempeste e ha chiesto un\u2019indagine immediata e approfondita sulla questione.<\/span><\/p>\n\n\n\n<p><span style=\"color: #000000;\">Come ha riconosciuto Stoltenberg, non c\u2019\u00e8 dubbio che le tempeste, sia dal punto di vista scientifico che politico, siano state insolite. \u00c8 noto che le forze militari statunitensi e della NATO stanno attualmente lavorando per raggiungere la capacit\u00e0 operativa di effettuare manovre di modificazione meteorologica spaventose. I sovietici hanno ripetutamente avvertito di tali capacit\u00e0 e, nel giugno del 1975, la rivista militare della Germania Est Armee Rundschau ha notato che la NATO continua a ricercare tecnologie di \u201cguerra geofisica\u201d e ha documentato le tecniche di modifica meteorologica della NATO per creare tornado, terremoti, uragani e \u201cfinestre\u201d nello strato di ozono terrestre che consentirebbero alle radiazioni cosmiche altamente distruttive di colpire la superficie terrestre.<\/span><\/p>\n\n\n\n<p><span style=\"color: #000000;\">Nei mesi di gennaio e marzo, la Commissione per le Relazioni Estere del Senato ha tenuto delle audizioni sulla modificazione meteorologica davanti alla Sottocommissione per gli Oceani e l\u2019Ambiente Internazionale; il senatore Pell, presidente della Sottocommissione, ha sollevato questioni che hanno portato sia a una sorta di frenesia ambientalista sulla capacit\u00e0 di modificare le condizioni meteorologiche, anche nella forma primitiva attuata in Vietnam, sia a un successivo insabbiamento di gran parte delle ricerche in corso tra Stati Uniti e NATO sulla modificazione meteorologica. In queste audizioni, la sottocommissione ha ascoltato la testimonianza del dottor St. Amand sulla possibilit\u00e0 di modificare le tempeste invernali, che non \u00e8 stata resa pubblica.<\/span><\/p>\n\n\n<div class=\"wp-block-image\">\n<figure class=\"aligncenter\"><img loading=\"lazy\" decoding=\"async\" width=\"400\" height=\"288\" src=\"https:\/\/www.rassegnastampa-totustuus.it\/cattolica\/wp-content\/uploads\/2024\/11\/ambiente_clima_europa-3.jpg\" alt=\"\" class=\"wp-image-61573\"\/><\/figure><\/div>\n\n\n<p><span style=\"color: #000000;\">La sottocommissione ha chiesto chiarimenti sulla partecipazione della Central Intelligence Agency, del Consiglio di Sicurezza Nazionale e dell\u2019Ufficio per gli Affari di Sicurezza Internazionale del Dipartimento della Difesa. In particolare, \u00e8 stato richiesto un rapporto con classificazione \u201cSecret\u201d di un gruppo interagenzie del Consiglio di Sicurezza Nazionale, il Pollack Committee, ma il rapporto non \u00e8 stato fornito ed \u00e8 ancora classificato.<\/span><\/p>\n\n\n\n<p>Il Dipartimento di Stato \u00e8 stato coinvolto come mediatore per la ricerca sulla modificazione del tempo e il suo impiego sul campo. La direzione che deve prendere questa indagine iniziale deve essere chiarita alla luce delle nuove audizioni che si terranno davanti alla stessa commissione il 21 gennaio 1976. Per giungere a una valutazione competente delle capacit\u00e0 operative e dell\u2019immediato futuro della modificazione meteorologica, \u00e8 necessario rispondere alle seguenti domande:<\/p>\n\n\n\n<ul class=\"wp-block-list\">\n<li>Quali ricerche segrete non rivelate in precedenza dalle indagini della sottocommissione Pell sono state condotte? Quali sono le capacit\u00e0 realizzate e potenziali?<\/li>\n\n\n\n<li>Quali capacit\u00e0 operative, basate su tali ricerche, sono state create dalle forze statunitensi o della NATO?\u2013 Qual \u00e8 il ruolo della CIA, dell\u2019NSC, del Dipartimento della Difesa, delle agenzie ausiliarie e dei think tank nella pianificazione e nel dispiegamento della ricerca e delle operazioni?<\/li>\n<\/ul>\n\n\n\n<p>Se queste domande rimarranno senza risposta nelle udienze del 1976, la possibilit\u00e0 gi\u00e0 consistente di distruzione su larga scala di colture, citt\u00e0 e popolazioni attraverso l\u2019uso improprio delle tecnologie di modificazione del tempo aumenter\u00e0 in modo significativo. La modificazione del tempo ha un potenziale uso importante e prezioso, come ogni scienza applicata, e le strade per una ricerca produttiva sono chiare. Le aree di ricerca critiche sono il rapporto tra la ionosfera e i sistemi meteorologici nell\u2019atmosfera, e in particolare il modo in cui la ionosfera \u00e8 collegata ai fenomeni magnetici solari e al vento solare. Le indagini della commissione determineranno in gran parte se le tecnologie di modificazione meteorologica saranno applicate allo sviluppo scientifico delle forze produttive mondiali o se saranno utilizzate come nuove armi di distruzione dalle forze politiche nelle cui mani si trovano ora.<\/p>\n\n\n\n<p class=\"has-text-align-center\"><em>traduzione a cura di nogeoingegneria<\/em><\/p>\n\n\n\n<p class=\"has-text-align-center\"><span style=\"color: #0000ff;\"><strong><a style=\"color: #0000ff;\" href=\"http:\/\/www.larouchepub.com\/eiw\/public\/1976\/eirv03n04-19760125\/eirv03n04-19760125_028-the_1976_new_year_storms_in_euro.pdf\" target=\"_blank\" rel=\"noopener\">qui il documento originale<\/a><\/strong><\/span><\/p>\n\n\n\n<p>_____________________________________________<\/p>\n\n\n\n<p><strong>Leggi anche:&nbsp;<\/strong><\/p>\n\n\n\n<p><a href=\"https:\/\/www.rassegnastampa-totustuus.it\/cattolica\/il-nuovo-statalismo-climatico\/\" target=\"_blank\" rel=\"noopener\"><span style=\"color: #0000ff;\">Il nuovo statalismo climatico<\/span><\/a><\/p>\n","protected":false},"excerpt":{"rendered":"<p>NoGeoingegneria 2 Novembre 2024 Il disastro che ha sconvolto la Spagna ricorda alcuni eventi estremi del passato che sono stati classificati come guerre meteorologiche. Dall\u2019accordo Enmod del 1976, \u00e8 ovvio che questo tipo di guerra \u00e8 di fatto possibile. I dettagli del seguente articolo accusatorio sono molto interessanti. In Spagna sono state segnalate anomalie significative, &hellip; <\/p>\n<p><a class=\"more-link btn\" href=\"https:\/\/www.rassegnastampa-totustuus.it\/cattolica\/e-possibile-modificare-gli-eventi-meteo\/\">Continua a leggere<\/a><\/p>\n","protected":false},"author":6,"featured_media":38425,"comment_status":"closed","ping_status":"closed","sticky":false,"template":"","format":"standard","meta":{"footnotes":""},"categories":[3,22],"tags":[1383,2305,498,505,261],"class_list":["post-61565","post","type-post","status-publish","format-standard","has-post-thumbnail","hentry","category-ambientalismo","category-scienza","tag-ambiente","tag-clima","tag-global-warming","tag-guerra","tag-scienza-2","item-wrap"],"yoast_head":"<!-- This site is optimized with the Yoast SEO plugin v27.5 - https:\/\/yoast.com\/product\/yoast-seo-wordpress\/ -->\n<title>1976: modifiche meteorologiche coordinate dalla Nato e dirette all\u2019Europa? - Rassegna Stampa Cattolica<\/title>\n<meta name=\"description\" content=\"E&#039; possibile modificare gli eventi meteo? Alcuni eventi del passato sono state classificate come guerre metereologiche\" \/>\n<meta name=\"robots\" content=\"index, follow, max-snippet:-1, max-image-preview:large, max-video-preview:-1\" \/>\n<link rel=\"canonical\" href=\"https:\/\/www.rassegnastampa-totustuus.it\/cattolica\/e-possibile-modificare-gli-eventi-meteo\/\" \/>\n<meta property=\"og:locale\" content=\"it_IT\" \/>\n<meta property=\"og:type\" content=\"article\" \/>\n<meta property=\"og:title\" content=\"1976: modifiche meteorologiche coordinate dalla Nato e dirette all\u2019Europa? - Rassegna Stampa Cattolica\" \/>\n<meta property=\"og:description\" content=\"E&#039; possibile modificare gli eventi meteo? Alcuni eventi del passato sono state classificate come guerre metereologiche\" \/>\n<meta property=\"og:url\" content=\"https:\/\/www.rassegnastampa-totustuus.it\/cattolica\/e-possibile-modificare-gli-eventi-meteo\/\" \/>\n<meta property=\"og:site_name\" content=\"Rassegna Stampa Cattolica\" \/>\n<meta property=\"article:publisher\" content=\"https:\/\/www.facebook.com\/rassegnastampacattolica\" \/>\n<meta property=\"article:published_time\" content=\"2024-11-05T08:26:00+00:00\" \/>\n<meta property=\"article:modified_time\" content=\"2026-04-16T14:58:55+00:00\" \/>\n<meta property=\"og:image\" content=\"https:\/\/www.rassegnastampa-totustuus.it\/cattolica\/wp-content\/uploads\/2017\/09\/clima.jpg\" \/>\n\t<meta property=\"og:image:width\" content=\"275\" \/>\n\t<meta property=\"og:image:height\" content=\"184\" \/>\n\t<meta property=\"og:image:type\" content=\"image\/jpeg\" \/>\n<meta name=\"author\" content=\"Redazione\" \/>\n<meta name=\"twitter:card\" content=\"summary_large_image\" \/>\n<meta name=\"twitter:creator\" content=\"@rassegnastampa9\" \/>\n<meta name=\"twitter:site\" content=\"@rassegnastampa9\" \/>\n<meta name=\"twitter:label1\" content=\"Scritto da\" \/>\n\t<meta name=\"twitter:data1\" content=\"Redazione\" \/>\n\t<meta name=\"twitter:label2\" content=\"Tempo di lettura stimato\" \/>\n\t<meta name=\"twitter:data2\" content=\"21 minuti\" \/>\n<script type=\"application\/ld+json\" class=\"yoast-schema-graph\">{\"@context\":\"https:\\\/\\\/schema.org\",\"@graph\":[{\"@type\":\"Article\",\"@id\":\"https:\\\/\\\/www.rassegnastampa-totustuus.it\\\/cattolica\\\/e-possibile-modificare-gli-eventi-meteo\\\/#article\",\"isPartOf\":{\"@id\":\"https:\\\/\\\/www.rassegnastampa-totustuus.it\\\/cattolica\\\/e-possibile-modificare-gli-eventi-meteo\\\/\"},\"author\":{\"name\":\"Redazione\",\"@id\":\"https:\\\/\\\/www.rassegnastampa-totustuus.it\\\/cattolica\\\/#\\\/schema\\\/person\\\/08f319d2bd1a0904ad9e2bfb7b15e5c3\"},\"headline\":\"1976: modifiche meteorologiche coordinate dalla Nato e dirette all\u2019Europa?\",\"datePublished\":\"2024-11-05T08:26:00+00:00\",\"dateModified\":\"2026-04-16T14:58:55+00:00\",\"mainEntityOfPage\":{\"@id\":\"https:\\\/\\\/www.rassegnastampa-totustuus.it\\\/cattolica\\\/e-possibile-modificare-gli-eventi-meteo\\\/\"},\"wordCount\":3464,\"publisher\":{\"@id\":\"https:\\\/\\\/www.rassegnastampa-totustuus.it\\\/cattolica\\\/#organization\"},\"image\":{\"@id\":\"https:\\\/\\\/www.rassegnastampa-totustuus.it\\\/cattolica\\\/e-possibile-modificare-gli-eventi-meteo\\\/#primaryimage\"},\"thumbnailUrl\":\"https:\\\/\\\/www.rassegnastampa-totustuus.it\\\/cattolica\\\/wp-content\\\/uploads\\\/2017\\\/09\\\/clima.jpg\",\"keywords\":[\"ambiente\",\"clima\",\"global warming\",\"guerra\",\"scienza\"],\"articleSection\":[\"Ambientalismo\",\"Scienza\"],\"inLanguage\":\"it-IT\"},{\"@type\":\"WebPage\",\"@id\":\"https:\\\/\\\/www.rassegnastampa-totustuus.it\\\/cattolica\\\/e-possibile-modificare-gli-eventi-meteo\\\/\",\"url\":\"https:\\\/\\\/www.rassegnastampa-totustuus.it\\\/cattolica\\\/e-possibile-modificare-gli-eventi-meteo\\\/\",\"name\":\"1976: modifiche meteorologiche coordinate dalla Nato e dirette all\u2019Europa? - Rassegna Stampa Cattolica\",\"isPartOf\":{\"@id\":\"https:\\\/\\\/www.rassegnastampa-totustuus.it\\\/cattolica\\\/#website\"},\"primaryImageOfPage\":{\"@id\":\"https:\\\/\\\/www.rassegnastampa-totustuus.it\\\/cattolica\\\/e-possibile-modificare-gli-eventi-meteo\\\/#primaryimage\"},\"image\":{\"@id\":\"https:\\\/\\\/www.rassegnastampa-totustuus.it\\\/cattolica\\\/e-possibile-modificare-gli-eventi-meteo\\\/#primaryimage\"},\"thumbnailUrl\":\"https:\\\/\\\/www.rassegnastampa-totustuus.it\\\/cattolica\\\/wp-content\\\/uploads\\\/2017\\\/09\\\/clima.jpg\",\"datePublished\":\"2024-11-05T08:26:00+00:00\",\"dateModified\":\"2026-04-16T14:58:55+00:00\",\"description\":\"E' possibile modificare gli eventi meteo? Alcuni eventi del passato sono state classificate come guerre metereologiche\",\"breadcrumb\":{\"@id\":\"https:\\\/\\\/www.rassegnastampa-totustuus.it\\\/cattolica\\\/e-possibile-modificare-gli-eventi-meteo\\\/#breadcrumb\"},\"inLanguage\":\"it-IT\",\"potentialAction\":[{\"@type\":\"ReadAction\",\"target\":[\"https:\\\/\\\/www.rassegnastampa-totustuus.it\\\/cattolica\\\/e-possibile-modificare-gli-eventi-meteo\\\/\"]}]},{\"@type\":\"ImageObject\",\"inLanguage\":\"it-IT\",\"@id\":\"https:\\\/\\\/www.rassegnastampa-totustuus.it\\\/cattolica\\\/e-possibile-modificare-gli-eventi-meteo\\\/#primaryimage\",\"url\":\"https:\\\/\\\/www.rassegnastampa-totustuus.it\\\/cattolica\\\/wp-content\\\/uploads\\\/2017\\\/09\\\/clima.jpg\",\"contentUrl\":\"https:\\\/\\\/www.rassegnastampa-totustuus.it\\\/cattolica\\\/wp-content\\\/uploads\\\/2017\\\/09\\\/clima.jpg\",\"width\":275,\"height\":184},{\"@type\":\"BreadcrumbList\",\"@id\":\"https:\\\/\\\/www.rassegnastampa-totustuus.it\\\/cattolica\\\/e-possibile-modificare-gli-eventi-meteo\\\/#breadcrumb\",\"itemListElement\":[{\"@type\":\"ListItem\",\"position\":1,\"name\":\"Home\",\"item\":\"https:\\\/\\\/www.rassegnastampa-totustuus.it\\\/cattolica\\\/\"},{\"@type\":\"ListItem\",\"position\":2,\"name\":\"1976: modifiche meteorologiche coordinate dalla Nato e dirette all\u2019Europa?\"}]},{\"@type\":\"WebSite\",\"@id\":\"https:\\\/\\\/www.rassegnastampa-totustuus.it\\\/cattolica\\\/#website\",\"url\":\"https:\\\/\\\/www.rassegnastampa-totustuus.it\\\/cattolica\\\/\",\"name\":\"Rassegna Stampa Cattolica\",\"description\":\"Per una cultura che nasce dalla Rivelazione cristiana in conformit\u00e0 alla tradizione e al Magistero della Chiesa in opposizione ad ogni relativismo e totalitarismo\",\"publisher\":{\"@id\":\"https:\\\/\\\/www.rassegnastampa-totustuus.it\\\/cattolica\\\/#organization\"},\"alternateName\":\"Rass. Cattolica\",\"potentialAction\":[{\"@type\":\"SearchAction\",\"target\":{\"@type\":\"EntryPoint\",\"urlTemplate\":\"https:\\\/\\\/www.rassegnastampa-totustuus.it\\\/cattolica\\\/?s={search_term_string}\"},\"query-input\":{\"@type\":\"PropertyValueSpecification\",\"valueRequired\":true,\"valueName\":\"search_term_string\"}}],\"inLanguage\":\"it-IT\"},{\"@type\":\"Organization\",\"@id\":\"https:\\\/\\\/www.rassegnastampa-totustuus.it\\\/cattolica\\\/#organization\",\"name\":\"Rassegna Stampa Cattolica\",\"url\":\"https:\\\/\\\/www.rassegnastampa-totustuus.it\\\/cattolica\\\/\",\"logo\":{\"@type\":\"ImageObject\",\"inLanguage\":\"it-IT\",\"@id\":\"https:\\\/\\\/www.rassegnastampa-totustuus.it\\\/cattolica\\\/#\\\/schema\\\/logo\\\/image\\\/\",\"url\":\"https:\\\/\\\/www.rassegnastampa-totustuus.it\\\/cattolica\\\/wp-content\\\/uploads\\\/2014\\\/04\\\/logo-rassegna1.gif\",\"contentUrl\":\"https:\\\/\\\/www.rassegnastampa-totustuus.it\\\/cattolica\\\/wp-content\\\/uploads\\\/2014\\\/04\\\/logo-rassegna1.gif\",\"width\":600,\"height\":163,\"caption\":\"Rassegna Stampa Cattolica\"},\"image\":{\"@id\":\"https:\\\/\\\/www.rassegnastampa-totustuus.it\\\/cattolica\\\/#\\\/schema\\\/logo\\\/image\\\/\"},\"sameAs\":[\"https:\\\/\\\/www.facebook.com\\\/rassegnastampacattolica\",\"https:\\\/\\\/x.com\\\/rassegnastampa9\"]},{\"@type\":\"Person\",\"@id\":\"https:\\\/\\\/www.rassegnastampa-totustuus.it\\\/cattolica\\\/#\\\/schema\\\/person\\\/08f319d2bd1a0904ad9e2bfb7b15e5c3\",\"name\":\"Redazione\",\"image\":{\"@type\":\"ImageObject\",\"inLanguage\":\"it-IT\",\"@id\":\"https:\\\/\\\/secure.gravatar.com\\\/avatar\\\/2fcdf27c78ea025fbdb44e914cc63c72249ffec9dc8aafd5c82b26240ef3f346?s=96&d=mm&r=g\",\"url\":\"https:\\\/\\\/secure.gravatar.com\\\/avatar\\\/2fcdf27c78ea025fbdb44e914cc63c72249ffec9dc8aafd5c82b26240ef3f346?s=96&d=mm&r=g\",\"contentUrl\":\"https:\\\/\\\/secure.gravatar.com\\\/avatar\\\/2fcdf27c78ea025fbdb44e914cc63c72249ffec9dc8aafd5c82b26240ef3f346?s=96&d=mm&r=g\",\"caption\":\"Redazione\"},\"url\":\"https:\\\/\\\/www.rassegnastampa-totustuus.it\\\/cattolica\\\/author\\\/pietroelle\\\/\"}]}<\/script>\n<!-- \/ Yoast SEO plugin. -->","yoast_head_json":{"title":"1976: modifiche meteorologiche coordinate dalla Nato e dirette all\u2019Europa? - Rassegna Stampa Cattolica","description":"E' possibile modificare gli eventi meteo? Alcuni eventi del passato sono state classificate come guerre metereologiche","robots":{"index":"index","follow":"follow","max-snippet":"max-snippet:-1","max-image-preview":"max-image-preview:large","max-video-preview":"max-video-preview:-1"},"canonical":"https:\/\/www.rassegnastampa-totustuus.it\/cattolica\/e-possibile-modificare-gli-eventi-meteo\/","og_locale":"it_IT","og_type":"article","og_title":"1976: modifiche meteorologiche coordinate dalla Nato e dirette all\u2019Europa? - Rassegna Stampa Cattolica","og_description":"E' possibile modificare gli eventi meteo? Alcuni eventi del passato sono state classificate come guerre metereologiche","og_url":"https:\/\/www.rassegnastampa-totustuus.it\/cattolica\/e-possibile-modificare-gli-eventi-meteo\/","og_site_name":"Rassegna Stampa Cattolica","article_publisher":"https:\/\/www.facebook.com\/rassegnastampacattolica","article_published_time":"2024-11-05T08:26:00+00:00","article_modified_time":"2026-04-16T14:58:55+00:00","og_image":[{"width":275,"height":184,"url":"https:\/\/www.rassegnastampa-totustuus.it\/cattolica\/wp-content\/uploads\/2017\/09\/clima.jpg","type":"image\/jpeg"}],"author":"Redazione","twitter_card":"summary_large_image","twitter_creator":"@rassegnastampa9","twitter_site":"@rassegnastampa9","twitter_misc":{"Scritto da":"Redazione","Tempo di lettura stimato":"21 minuti"},"schema":{"@context":"https:\/\/schema.org","@graph":[{"@type":"Article","@id":"https:\/\/www.rassegnastampa-totustuus.it\/cattolica\/e-possibile-modificare-gli-eventi-meteo\/#article","isPartOf":{"@id":"https:\/\/www.rassegnastampa-totustuus.it\/cattolica\/e-possibile-modificare-gli-eventi-meteo\/"},"author":{"name":"Redazione","@id":"https:\/\/www.rassegnastampa-totustuus.it\/cattolica\/#\/schema\/person\/08f319d2bd1a0904ad9e2bfb7b15e5c3"},"headline":"1976: modifiche meteorologiche coordinate dalla Nato e dirette all\u2019Europa?","datePublished":"2024-11-05T08:26:00+00:00","dateModified":"2026-04-16T14:58:55+00:00","mainEntityOfPage":{"@id":"https:\/\/www.rassegnastampa-totustuus.it\/cattolica\/e-possibile-modificare-gli-eventi-meteo\/"},"wordCount":3464,"publisher":{"@id":"https:\/\/www.rassegnastampa-totustuus.it\/cattolica\/#organization"},"image":{"@id":"https:\/\/www.rassegnastampa-totustuus.it\/cattolica\/e-possibile-modificare-gli-eventi-meteo\/#primaryimage"},"thumbnailUrl":"https:\/\/www.rassegnastampa-totustuus.it\/cattolica\/wp-content\/uploads\/2017\/09\/clima.jpg","keywords":["ambiente","clima","global warming","guerra","scienza"],"articleSection":["Ambientalismo","Scienza"],"inLanguage":"it-IT"},{"@type":"WebPage","@id":"https:\/\/www.rassegnastampa-totustuus.it\/cattolica\/e-possibile-modificare-gli-eventi-meteo\/","url":"https:\/\/www.rassegnastampa-totustuus.it\/cattolica\/e-possibile-modificare-gli-eventi-meteo\/","name":"1976: modifiche meteorologiche coordinate dalla Nato e dirette all\u2019Europa? - Rassegna Stampa Cattolica","isPartOf":{"@id":"https:\/\/www.rassegnastampa-totustuus.it\/cattolica\/#website"},"primaryImageOfPage":{"@id":"https:\/\/www.rassegnastampa-totustuus.it\/cattolica\/e-possibile-modificare-gli-eventi-meteo\/#primaryimage"},"image":{"@id":"https:\/\/www.rassegnastampa-totustuus.it\/cattolica\/e-possibile-modificare-gli-eventi-meteo\/#primaryimage"},"thumbnailUrl":"https:\/\/www.rassegnastampa-totustuus.it\/cattolica\/wp-content\/uploads\/2017\/09\/clima.jpg","datePublished":"2024-11-05T08:26:00+00:00","dateModified":"2026-04-16T14:58:55+00:00","description":"E' possibile modificare gli eventi meteo? Alcuni eventi del passato sono state classificate come guerre metereologiche","breadcrumb":{"@id":"https:\/\/www.rassegnastampa-totustuus.it\/cattolica\/e-possibile-modificare-gli-eventi-meteo\/#breadcrumb"},"inLanguage":"it-IT","potentialAction":[{"@type":"ReadAction","target":["https:\/\/www.rassegnastampa-totustuus.it\/cattolica\/e-possibile-modificare-gli-eventi-meteo\/"]}]},{"@type":"ImageObject","inLanguage":"it-IT","@id":"https:\/\/www.rassegnastampa-totustuus.it\/cattolica\/e-possibile-modificare-gli-eventi-meteo\/#primaryimage","url":"https:\/\/www.rassegnastampa-totustuus.it\/cattolica\/wp-content\/uploads\/2017\/09\/clima.jpg","contentUrl":"https:\/\/www.rassegnastampa-totustuus.it\/cattolica\/wp-content\/uploads\/2017\/09\/clima.jpg","width":275,"height":184},{"@type":"BreadcrumbList","@id":"https:\/\/www.rassegnastampa-totustuus.it\/cattolica\/e-possibile-modificare-gli-eventi-meteo\/#breadcrumb","itemListElement":[{"@type":"ListItem","position":1,"name":"Home","item":"https:\/\/www.rassegnastampa-totustuus.it\/cattolica\/"},{"@type":"ListItem","position":2,"name":"1976: modifiche meteorologiche coordinate dalla Nato e dirette all\u2019Europa?"}]},{"@type":"WebSite","@id":"https:\/\/www.rassegnastampa-totustuus.it\/cattolica\/#website","url":"https:\/\/www.rassegnastampa-totustuus.it\/cattolica\/","name":"Rassegna Stampa Cattolica","description":"Per una cultura che nasce dalla Rivelazione cristiana in conformit\u00e0 alla tradizione e al Magistero della Chiesa in opposizione ad ogni relativismo e totalitarismo","publisher":{"@id":"https:\/\/www.rassegnastampa-totustuus.it\/cattolica\/#organization"},"alternateName":"Rass. Cattolica","potentialAction":[{"@type":"SearchAction","target":{"@type":"EntryPoint","urlTemplate":"https:\/\/www.rassegnastampa-totustuus.it\/cattolica\/?s={search_term_string}"},"query-input":{"@type":"PropertyValueSpecification","valueRequired":true,"valueName":"search_term_string"}}],"inLanguage":"it-IT"},{"@type":"Organization","@id":"https:\/\/www.rassegnastampa-totustuus.it\/cattolica\/#organization","name":"Rassegna Stampa Cattolica","url":"https:\/\/www.rassegnastampa-totustuus.it\/cattolica\/","logo":{"@type":"ImageObject","inLanguage":"it-IT","@id":"https:\/\/www.rassegnastampa-totustuus.it\/cattolica\/#\/schema\/logo\/image\/","url":"https:\/\/www.rassegnastampa-totustuus.it\/cattolica\/wp-content\/uploads\/2014\/04\/logo-rassegna1.gif","contentUrl":"https:\/\/www.rassegnastampa-totustuus.it\/cattolica\/wp-content\/uploads\/2014\/04\/logo-rassegna1.gif","width":600,"height":163,"caption":"Rassegna Stampa Cattolica"},"image":{"@id":"https:\/\/www.rassegnastampa-totustuus.it\/cattolica\/#\/schema\/logo\/image\/"},"sameAs":["https:\/\/www.facebook.com\/rassegnastampacattolica","https:\/\/x.com\/rassegnastampa9"]},{"@type":"Person","@id":"https:\/\/www.rassegnastampa-totustuus.it\/cattolica\/#\/schema\/person\/08f319d2bd1a0904ad9e2bfb7b15e5c3","name":"Redazione","image":{"@type":"ImageObject","inLanguage":"it-IT","@id":"https:\/\/secure.gravatar.com\/avatar\/2fcdf27c78ea025fbdb44e914cc63c72249ffec9dc8aafd5c82b26240ef3f346?s=96&d=mm&r=g","url":"https:\/\/secure.gravatar.com\/avatar\/2fcdf27c78ea025fbdb44e914cc63c72249ffec9dc8aafd5c82b26240ef3f346?s=96&d=mm&r=g","contentUrl":"https:\/\/secure.gravatar.com\/avatar\/2fcdf27c78ea025fbdb44e914cc63c72249ffec9dc8aafd5c82b26240ef3f346?s=96&d=mm&r=g","caption":"Redazione"},"url":"https:\/\/www.rassegnastampa-totustuus.it\/cattolica\/author\/pietroelle\/"}]}},"_links":{"self":[{"href":"https:\/\/www.rassegnastampa-totustuus.it\/cattolica\/wp-json\/wp\/v2\/posts\/61565","targetHints":{"allow":["GET"]}}],"collection":[{"href":"https:\/\/www.rassegnastampa-totustuus.it\/cattolica\/wp-json\/wp\/v2\/posts"}],"about":[{"href":"https:\/\/www.rassegnastampa-totustuus.it\/cattolica\/wp-json\/wp\/v2\/types\/post"}],"author":[{"embeddable":true,"href":"https:\/\/www.rassegnastampa-totustuus.it\/cattolica\/wp-json\/wp\/v2\/users\/6"}],"replies":[{"embeddable":true,"href":"https:\/\/www.rassegnastampa-totustuus.it\/cattolica\/wp-json\/wp\/v2\/comments?post=61565"}],"version-history":[{"count":2,"href":"https:\/\/www.rassegnastampa-totustuus.it\/cattolica\/wp-json\/wp\/v2\/posts\/61565\/revisions"}],"predecessor-version":[{"id":64515,"href":"https:\/\/www.rassegnastampa-totustuus.it\/cattolica\/wp-json\/wp\/v2\/posts\/61565\/revisions\/64515"}],"wp:featuredmedia":[{"embeddable":true,"href":"https:\/\/www.rassegnastampa-totustuus.it\/cattolica\/wp-json\/wp\/v2\/media\/38425"}],"wp:attachment":[{"href":"https:\/\/www.rassegnastampa-totustuus.it\/cattolica\/wp-json\/wp\/v2\/media?parent=61565"}],"wp:term":[{"taxonomy":"category","embeddable":true,"href":"https:\/\/www.rassegnastampa-totustuus.it\/cattolica\/wp-json\/wp\/v2\/categories?post=61565"},{"taxonomy":"post_tag","embeddable":true,"href":"https:\/\/www.rassegnastampa-totustuus.it\/cattolica\/wp-json\/wp\/v2\/tags?post=61565"}],"curies":[{"name":"wp","href":"https:\/\/api.w.org\/{rel}","templated":true}]}}