{"id":61556,"date":"2024-11-04T11:33:40","date_gmt":"2024-11-04T10:33:40","guid":{"rendered":"https:\/\/www.rassegnastampa-totustuus.it\/cattolica\/?p=61556"},"modified":"2024-11-04T11:33:42","modified_gmt":"2024-11-04T10:33:42","slug":"il-papa-ripropone-il-mito-immigrazionista-smentito-dai-fatti","status":"publish","type":"post","link":"https:\/\/www.rassegnastampa-totustuus.it\/cattolica\/il-papa-ripropone-il-mito-immigrazionista-smentito-dai-fatti\/","title":{"rendered":"Il Papa ripropone il mito immigrazionista smentito dai fatti"},"content":{"rendered":"<p style=\"text-align: center;\"><strong><a href=\"https:\/\/lanuovabq.it\/\" target=\"_blank\" rel=\"noopener\"><span style=\"color: #0000ff;\"><img loading=\"lazy\" decoding=\"async\" class=\"alignright wp-image-56571 size-full\" src=\"https:\/\/www.rassegnastampa-totustuus.it\/cattolica\/wp-content\/uploads\/2023\/06\/scafisti_immigrazione.jpg\" alt=\"il mito immigrazionista smentito\" width=\"350\" height=\"163\" \/>La Nuova Bussola quotidiana<\/span><\/a><\/strong> <span style=\"color: #000000;\">29 Ottobre 2024 <\/span><\/p>\n<p style=\"text-align: justify;\"><span style=\"color: #000000;\"><em>Francesco torna a insistere sul tema dell&#8217;accoglienza senza se e senza ma. E parla dei migranti come risorsa contro la denatalit\u00e0 occidentale. Una narrazione che non regge alla prova dei dati concreti. <\/em><\/span><\/p>\n<p style=\"text-align: center;\"><span style=\"color: #000000;\">di <strong>Eugenio Capozzi<\/strong><\/span><\/p>\n<p><!--more--><\/p>\n<p style=\"text-align: justify;\"><span style=\"color: #000000;\">Per l&#8217;ennesima volta Papa Francesco \u00e8 tornato a insistere sul tema dell&#8217;accoglienza, a suo avviso necessaria, degli immigrati nei Paesi industrializzati pi\u00f9 ricchi: un tema che \u00e8 ormai una tra le principali chiavi di volta nel discorso sociale e politico del suo pontificato, e che ha trovato nella Conferenza episcopale italiana una schiera di seguaci \u201cpi\u00f9 realisti del re\u201d particolarmente affollata.<\/span><\/p>\n<p style=\"text-align: justify;\"><strong><span style=\"color: #000000;\"><img loading=\"lazy\" decoding=\"async\" class=\"alignleft wp-image-52746 size-medium\" src=\"https:\/\/www.rassegnastampa-totustuus.it\/cattolica\/wp-content\/uploads\/2021\/10\/papa_chiesa_Francesco-300x200.jpg\" alt=\"papa ripropone il mito \" width=\"300\" height=\"200\" srcset=\"https:\/\/www.rassegnastampa-totustuus.it\/cattolica\/wp-content\/uploads\/2021\/10\/papa_chiesa_Francesco-300x200.jpg 300w, https:\/\/www.rassegnastampa-totustuus.it\/cattolica\/wp-content\/uploads\/2021\/10\/papa_chiesa_Francesco-768x511.jpg 768w, https:\/\/www.rassegnastampa-totustuus.it\/cattolica\/wp-content\/uploads\/2021\/10\/papa_chiesa_Francesco-1024x681.jpg 1024w, https:\/\/www.rassegnastampa-totustuus.it\/cattolica\/wp-content\/uploads\/2021\/10\/papa_chiesa_Francesco.jpg 1400w\" sizes=\"auto, (max-width: 300px) 100vw, 300px\" \/>In particolare, nel discorso pronunciato in occasione dell&#8217;udienza concessa ai<\/span> <span style=\"color: #0000ff;\"><a style=\"color: #0000ff;\" href=\"https:\/\/www.vatican.va\/content\/francesco\/it\/speeches\/2024\/october\/documents\/20241028-scalabriniani.html\" target=\"_blank\" rel=\"noopener\">Padri Missionari Scalabriniani<\/a> <\/span><\/strong><span style=\"color: #000000;\">il Pontefice ha affrontato l&#8217;argomento non soltanto a partire dal consueto punto di vista della solidariet\u00e0 nei confronti di chi \u00e8 costretto a lasciare la propria terra \u00aba causa di tragiche e ingiuste disparit\u00e0 di opportunit\u00e0, di democrazia, di futuro, o di devastanti scenari di guerra che affliggono il pianeta\u00bb, ma anche dal punto di vista della situazione demografica dei Paesi ospitanti, che, ai suoi occhi, rende urgente per essi aprire maggiormente le porte all&#8217;accoglienza <em>tout court.<\/em><\/span><\/p>\n<p style=\"text-align: justify;\"><span style=\"color: #000000;\"><strong>\u00abOggi tanti Paesi hanno bisogno dei migranti. L&#8217;Italia non fa figli<\/strong>, non fa figli. L&#8217;et\u00e0 media \u00e8 di 46 anni. L&#8217;Italia ha bisogno dei migranti e deve accoglierli, accompagnarli, promuoverli e integrarli\u00bb, ha dichiarato il Papa. Francesco ha dunque adottato, in questo caso, soprattutto l&#8217;argomentazione oggi pi\u00f9 diffusa per giustificare una posizione immigrazionista \u201csenza se e senza ma\u201d nel cristianesimo a sfondo \u201csociale\u201d come nella cultura politica della sinistra occidentale: quella secondo cui l&#8217;afflusso dei migranti non soltanto non rappresenta una minaccia per il benessere dei Paesi industrializzati che li ospitano, ma al contrario \u00e8 una risorsa necessaria a compensare il calo demografico e l&#8217;invecchiamento delle societ\u00e0 di quei Paesi, e a perpetuare nel tempo quel benessere, che altrimenti inevitabilmente diventerebbe ben presto insostenibile.<\/span><\/p>\n<p style=\"text-align: justify;\"><span style=\"color: #000000;\">A partire da tale premessa, la sequenza di \u00abaccoglierli, accompagnarli, promuoverli, integrarli\u00bb\u00a0proposta dal Papa appare come un corso naturale degli eventi, e i dubbi o le opposizioni rispetto a come quell&#8217;accoglienza sta attualmente procedendo appaiono irrazionali, di fronte a un&#8217;esigenza oggi primaria e irrinunciabile, anche su un piano puramente \u201cegoistico\u201d e utilitaristico, per le nostre societ\u00e0.<\/span><\/p>\n<p style=\"text-align: justify;\"><span style=\"color: #000000;\"><strong>L&#8217;idea dello sviluppo storico che quella visione dell&#8217;immigrazione suggerisce \u00e8 rettilinea, armoniosa, logica<\/strong>: societ\u00e0 pi\u00f9 <img loading=\"lazy\" decoding=\"async\" class=\"size-medium wp-image-43655 alignleft\" src=\"https:\/\/www.rassegnastampa-totustuus.it\/cattolica\/wp-content\/uploads\/2019\/07\/immigrazione-300x180.jpg\" alt=\"\" width=\"300\" height=\"180\" srcset=\"https:\/\/www.rassegnastampa-totustuus.it\/cattolica\/wp-content\/uploads\/2019\/07\/immigrazione-300x180.jpg 300w, https:\/\/www.rassegnastampa-totustuus.it\/cattolica\/wp-content\/uploads\/2019\/07\/immigrazione-768x461.jpg 768w, https:\/\/www.rassegnastampa-totustuus.it\/cattolica\/wp-content\/uploads\/2019\/07\/immigrazione-1024x614.jpg 1024w, https:\/\/www.rassegnastampa-totustuus.it\/cattolica\/wp-content\/uploads\/2019\/07\/immigrazione.jpg 1200w\" sizes=\"auto, (max-width: 300px) 100vw, 300px\" \/>ricche ma pi\u00f9 anziane, con crescenti vuoti demografici, accolgono nel loro seno nuovi arrivi, pi\u00f9 giovani e animati da una grande voglia di migliorare la propria condizione (\u00abmaestri di speranza\u00bb che \u00abnon si arrendono\u00bb, li ha definiti icasticamente Francesco). In base a quella visione, appare pi\u00f9 che ragionevole la linea di coloro che vogliono facilitare il pi\u00f9 possibile la concessione della cittadinanza agli immigrati \u2013 come in Italia viene proposto da parte dell&#8217;opposizione e, nella maggioranza, da Forza Italia, per accelerare e consolidare quel processo di ricambio.<\/span><\/p>\n<p style=\"text-align: justify;\"><span style=\"color: #000000;\">Ma appena ci si confronta con le cifre, le statistiche e i dati concreti, e appena si analizzano le costanti che si vengono a creare nei rapporti tra autoctoni e immigrati in pressoch\u00e9 ogni parte dell&#8217;Occidente, l&#8217;idea dell&#8217;immigrazione come ancora di salvezza rigeneratrice per i Paesi ospitanti si rivela nient&#8217;altro che un mito, una rappresentazione ideologica quasi del tutto scollegata dalla realt\u00e0.<\/span><\/p>\n<p style=\"text-align: justify;\"><span style=\"color: #000000;\"><strong>Innanzitutto, nonostante le diverse percentuali di afflusso<\/strong>, le diverse tempistiche del fenomeno, le diverse temperie culturali, le diverse politiche adottate dai Paesi occidentali, ad oggi emerge chiaramente un dato costante: l&#8217;integrazione effettiva degli immigrati nelle societ\u00e0 che li accolgono, intesa come identificazione di essi con principi, cultura e costumi di quelle societ\u00e0, anche quando si tratta di residenti di seconda o terza generazione \u00e8 un processo coronato da successo soltanto in una minoranza di casi, mentre in larga parte le differenze strutturali e incompatibilit\u00e0 di principi non soltanto non si attenuano, ma si accentuano, portando non alla fusione in una societ\u00e0 allargata ma alla formazione di \u201cbolle\u201d incomunicanti e conflittuali.<\/span><\/p>\n<p style=\"text-align: justify;\"><span style=\"color: #000000;\"><img loading=\"lazy\" decoding=\"async\" class=\"alignright wp-image-42033 size-medium\" src=\"https:\/\/www.rassegnastampa-totustuus.it\/cattolica\/wp-content\/uploads\/2019\/02\/immigrazione-300x168.jpg\" alt=\"mito immigrazionista smentito dai fatti\" width=\"300\" height=\"168\" \/>E ci\u00f2 non per una insufficiente accoglienza o per il razzismo degli ospitanti, contrariamente a quanto pensano gli alfieri dell&#8217;assioma delle porte aperte come bene in s\u00e9, ma perch\u00e9 gli \u201cscontri di civilt\u00e0\u201d di cui parlava Samuel Huntington sono fatti reali, non eliminabili. Colmarli, o almeno evitarne le conseguenze conflittuali pi\u00f9 acute, \u00e8 possibile, ma soltanto se l&#8217;immigrazione, compresa quella legale e controllata, viene circoscritta a quantit\u00e0 molto limitate, attraverso l&#8217;uso di filtri e di criteri intesi a favorire l&#8217;afflusso di determinate categorie di immigrati piuttosto che di altri.<\/span><\/p>\n<p style=\"text-align: justify;\"><span style=\"color: #000000;\"><strong>Ma anche quando non si vengono a creare scontri di civilt\u00e0 aperti<\/strong>, non \u00e8 affatto vero che gli immigrati provenienti da civilt\u00e0 esterne all&#8217;Occidente abbiano sempre, o nella maggior parte dei casi, l&#8217;obiettivo di diventare cittadini dei Paesi di cui sono diventati residenti, e di essere organicamente parte di quelle comunit\u00e0.<\/span><\/p>\n<p style=\"text-align: justify;\"><span style=\"color: #000000;\">Ci\u00f2 \u00e8 ben illustrato proprio dai dati pi\u00f9 recenti relativi alla situazione italiana resi noti dall&#8217;Istat. Nel nostro Paese nel 2022, su 21.183 ragazzi figli di stranieri residenti divenuti maggiorenni, soltanto il 57% ha avviato le pratiche per avere la cittadinanza italiana: mentre proprio i pi\u00f9 giovani, cresciuti con i loro coetanei autoctoni, secondo una certa propaganda dell&#8217;immigrazionismo \u201cidilliaco\u201d dovrebbero essere i pi\u00f9 motivati a inserirsi pienamente nella societ\u00e0 ospitante.<\/span><\/p>\n<p style=\"text-align: justify;\"><span style=\"color: #000000;\">E, pi\u00f9 in generale, solo il 30% degli stranieri residenti in Italia nel 2002 un ventennio dopo era diventato cittadino italiano. Questa ritrosia evidente dimostra come prevalga, in gran parte degli immigrati, la tendenza a sentirsi parte del Paese d&#8217;origine pi\u00f9 che di quello di approdo.<\/span><\/p>\n<p style=\"text-align: justify;\"><span style=\"color: #000000;\"><strong><img loading=\"lazy\" decoding=\"async\" class=\" wp-image-42836 alignleft\" src=\"https:\/\/www.rassegnastampa-totustuus.it\/cattolica\/wp-content\/uploads\/2019\/04\/spacciatori_immigrazione_droga.jpg\" alt=\"\" width=\"209\" height=\"279\" \/>E la narrazione \u201cidilliaca\u201d dell&#8217;immigrazione si rivela un mito anche dal punto di vista strettamente demografico<\/strong>. Se il tasso di natalit\u00e0 degli immigrati tende ancora a essere leggermente pi\u00f9 alto di quello della popolazione autoctona, la differenza si va assottigliando notevolmente man mano che i residenti aumentano e si stabilizzano. In Italia, il numero di figli nati per donna presso gli abitanti autoctoni nel 2008 era 1,33, contro il 2,53 delle donne straniere residenti. Nel 2022 il numero era diventato rispettivamente 1,14 contro 1,79.<\/span><\/p>\n<p style=\"text-align: justify;\"><span style=\"color: #000000;\">Insomma, anche non volendo considerare tutti gli evidenti, spesso insormontabili problemi di integrazione, non \u00e8 affatto vero nemmeno che gli immigrati \u201cringiovaniscano\u201d le societ\u00e0 ospitanti. Piuttosto, per una serie di fattori essi tendono ad adeguare la loro tendenza a riprodursi a quella del Paese che li accoglie.<\/span><\/p>\n<p style=\"text-align: justify;\"><span style=\"color: #000000;\"><strong>Perch\u00e9 nonostante questi dati inequivocabili <\/strong>\u2013 riscontrabili in misura analoga anche in altri Paesi occidentali \u2013 si continua a proporre cos\u00ec insistentemente, in sedi religiose e politiche anche autorevoli, la favola dell&#8217;immigrazione come salvezza? Elaborare una risposta compiuta richiederebbe molto pi\u00f9 spazio che quello del presente articolo.<\/span><\/p>\n<p style=\"text-align: justify;\"><span style=\"color: #000000;\">Qui possiamo solo dire che nelle <em>\u00e9lite<\/em> occidentali l&#8217;idealizzazione dell&#8217;immigrazione appare strettamente connessa a un divorante, dilagante senso di colpa, a un bisogno di espiazione per i \u201cpeccati\u201d commessi dalla propria civilt\u00e0 nella storia, che \u00e8 espressione di una distorsione secolarizzata del senso religioso. Una distorsione che oggi purtroppo contagia ampiamente anche il cristianesimo, e viene riproposta dai vertici delle sue Chiese, senza che vi sia consapevolezza del meccanismo che la origina.<\/span><\/p>\n<p>________________________________________________<\/p>\n<p><strong><span style=\"color: #000000;\">Leggi anche:<\/span><\/strong><\/p>\n<p><a href=\"https:\/\/www.rassegnastampa-totustuus.it\/cattolica\/litalia-non-e-obbligata-ad-accogliere-immigratilitalia-non-e-obbligata-ad-accogliere-immigrati\/\" target=\"_blank\" rel=\"noopener\"><span style=\"color: #0000ff;\">Accoglienza senza fine l\u2019Italia non ha alcun obbligo<\/span><\/a><\/p>\n\n\n<p><\/p>\n","protected":false},"excerpt":{"rendered":"<p>La Nuova Bussola quotidiana 29 Ottobre 2024 Francesco torna a insistere sul tema dell&#8217;accoglienza senza se e senza ma. E parla dei migranti come risorsa contro la denatalit\u00e0 occidentale. Una narrazione che non regge alla prova dei dati concreti. di Eugenio Capozzi<\/p><p><a class=\"more-link btn\" href=\"https:\/\/www.rassegnastampa-totustuus.it\/cattolica\/il-papa-ripropone-il-mito-immigrazionista-smentito-dai-fatti\/\">Continua a leggere<\/a><\/p>\n","protected":false},"author":6,"featured_media":56571,"comment_status":"closed","ping_status":"closed","sticky":false,"template":"","format":"standard","meta":{"footnotes":""},"categories":[38],"tags":[2392,291],"class_list":["post-61556","post","type-post","status-publish","format-standard","has-post-thumbnail","hentry","category-immigrazione","tag-immigrazione","tag-papa-francesco","item-wrap"],"yoast_head":"<!-- This site is optimized with the Yoast SEO plugin v27.5 - https:\/\/yoast.com\/product\/yoast-seo-wordpress\/ -->\n<title>Il Papa ripropone il mito immigrazionista smentito dai fatti - Rassegna Stampa Cattolica<\/title>\n<meta name=\"description\" content=\"Il Papa ripropone il mito immigrazionista smentito dai fatti. Gli immigrati difficilmente si integrano e non vogliono diventare cittadini\" \/>\n<meta name=\"robots\" content=\"index, follow, max-snippet:-1, max-image-preview:large, max-video-preview:-1\" \/>\n<link rel=\"canonical\" href=\"https:\/\/www.rassegnastampa-totustuus.it\/cattolica\/il-papa-ripropone-il-mito-immigrazionista-smentito-dai-fatti\/\" \/>\n<meta property=\"og:locale\" content=\"it_IT\" \/>\n<meta property=\"og:type\" content=\"article\" \/>\n<meta property=\"og:title\" content=\"Il Papa ripropone il mito immigrazionista smentito dai fatti - Rassegna Stampa Cattolica\" \/>\n<meta property=\"og:description\" content=\"Il Papa ripropone il mito immigrazionista smentito dai fatti. Gli immigrati difficilmente si integrano e non vogliono diventare cittadini\" \/>\n<meta property=\"og:url\" content=\"https:\/\/www.rassegnastampa-totustuus.it\/cattolica\/il-papa-ripropone-il-mito-immigrazionista-smentito-dai-fatti\/\" \/>\n<meta property=\"og:site_name\" content=\"Rassegna Stampa Cattolica\" \/>\n<meta property=\"article:publisher\" content=\"https:\/\/www.facebook.com\/rassegnastampacattolica\" \/>\n<meta property=\"article:published_time\" content=\"2024-11-04T10:33:40+00:00\" \/>\n<meta property=\"article:modified_time\" content=\"2024-11-04T10:33:42+00:00\" \/>\n<meta property=\"og:image\" content=\"https:\/\/www.rassegnastampa-totustuus.it\/cattolica\/wp-content\/uploads\/2023\/06\/scafisti_immigrazione.jpg\" \/>\n\t<meta property=\"og:image:width\" content=\"350\" \/>\n\t<meta property=\"og:image:height\" content=\"163\" \/>\n\t<meta property=\"og:image:type\" content=\"image\/jpeg\" \/>\n<meta name=\"author\" content=\"Redazione\" \/>\n<meta name=\"twitter:card\" content=\"summary_large_image\" \/>\n<meta name=\"twitter:creator\" content=\"@rassegnastampa9\" \/>\n<meta name=\"twitter:site\" content=\"@rassegnastampa9\" \/>\n<meta name=\"twitter:label1\" content=\"Scritto da\" \/>\n\t<meta name=\"twitter:data1\" content=\"Redazione\" \/>\n\t<meta name=\"twitter:label2\" content=\"Tempo di lettura stimato\" \/>\n\t<meta name=\"twitter:data2\" content=\"8 minuti\" \/>\n<script type=\"application\/ld+json\" class=\"yoast-schema-graph\">{\"@context\":\"https:\\\/\\\/schema.org\",\"@graph\":[{\"@type\":\"Article\",\"@id\":\"https:\\\/\\\/www.rassegnastampa-totustuus.it\\\/cattolica\\\/il-papa-ripropone-il-mito-immigrazionista-smentito-dai-fatti\\\/#article\",\"isPartOf\":{\"@id\":\"https:\\\/\\\/www.rassegnastampa-totustuus.it\\\/cattolica\\\/il-papa-ripropone-il-mito-immigrazionista-smentito-dai-fatti\\\/\"},\"author\":{\"name\":\"Redazione\",\"@id\":\"https:\\\/\\\/www.rassegnastampa-totustuus.it\\\/cattolica\\\/#\\\/schema\\\/person\\\/08f319d2bd1a0904ad9e2bfb7b15e5c3\"},\"headline\":\"Il Papa ripropone il mito immigrazionista smentito dai fatti\",\"datePublished\":\"2024-11-04T10:33:40+00:00\",\"dateModified\":\"2024-11-04T10:33:42+00:00\",\"mainEntityOfPage\":{\"@id\":\"https:\\\/\\\/www.rassegnastampa-totustuus.it\\\/cattolica\\\/il-papa-ripropone-il-mito-immigrazionista-smentito-dai-fatti\\\/\"},\"wordCount\":1180,\"publisher\":{\"@id\":\"https:\\\/\\\/www.rassegnastampa-totustuus.it\\\/cattolica\\\/#organization\"},\"image\":{\"@id\":\"https:\\\/\\\/www.rassegnastampa-totustuus.it\\\/cattolica\\\/il-papa-ripropone-il-mito-immigrazionista-smentito-dai-fatti\\\/#primaryimage\"},\"thumbnailUrl\":\"https:\\\/\\\/www.rassegnastampa-totustuus.it\\\/cattolica\\\/wp-content\\\/uploads\\\/2023\\\/06\\\/scafisti_immigrazione.jpg\",\"keywords\":[\"immigrazione\",\"Papa Francesco\"],\"articleSection\":[\"Immigrazione\"],\"inLanguage\":\"it-IT\"},{\"@type\":\"WebPage\",\"@id\":\"https:\\\/\\\/www.rassegnastampa-totustuus.it\\\/cattolica\\\/il-papa-ripropone-il-mito-immigrazionista-smentito-dai-fatti\\\/\",\"url\":\"https:\\\/\\\/www.rassegnastampa-totustuus.it\\\/cattolica\\\/il-papa-ripropone-il-mito-immigrazionista-smentito-dai-fatti\\\/\",\"name\":\"Il Papa ripropone il mito immigrazionista smentito dai fatti - Rassegna Stampa Cattolica\",\"isPartOf\":{\"@id\":\"https:\\\/\\\/www.rassegnastampa-totustuus.it\\\/cattolica\\\/#website\"},\"primaryImageOfPage\":{\"@id\":\"https:\\\/\\\/www.rassegnastampa-totustuus.it\\\/cattolica\\\/il-papa-ripropone-il-mito-immigrazionista-smentito-dai-fatti\\\/#primaryimage\"},\"image\":{\"@id\":\"https:\\\/\\\/www.rassegnastampa-totustuus.it\\\/cattolica\\\/il-papa-ripropone-il-mito-immigrazionista-smentito-dai-fatti\\\/#primaryimage\"},\"thumbnailUrl\":\"https:\\\/\\\/www.rassegnastampa-totustuus.it\\\/cattolica\\\/wp-content\\\/uploads\\\/2023\\\/06\\\/scafisti_immigrazione.jpg\",\"datePublished\":\"2024-11-04T10:33:40+00:00\",\"dateModified\":\"2024-11-04T10:33:42+00:00\",\"description\":\"Il Papa ripropone il mito immigrazionista smentito dai fatti. Gli immigrati difficilmente si integrano e non vogliono diventare cittadini\",\"breadcrumb\":{\"@id\":\"https:\\\/\\\/www.rassegnastampa-totustuus.it\\\/cattolica\\\/il-papa-ripropone-il-mito-immigrazionista-smentito-dai-fatti\\\/#breadcrumb\"},\"inLanguage\":\"it-IT\",\"potentialAction\":[{\"@type\":\"ReadAction\",\"target\":[\"https:\\\/\\\/www.rassegnastampa-totustuus.it\\\/cattolica\\\/il-papa-ripropone-il-mito-immigrazionista-smentito-dai-fatti\\\/\"]}]},{\"@type\":\"ImageObject\",\"inLanguage\":\"it-IT\",\"@id\":\"https:\\\/\\\/www.rassegnastampa-totustuus.it\\\/cattolica\\\/il-papa-ripropone-il-mito-immigrazionista-smentito-dai-fatti\\\/#primaryimage\",\"url\":\"https:\\\/\\\/www.rassegnastampa-totustuus.it\\\/cattolica\\\/wp-content\\\/uploads\\\/2023\\\/06\\\/scafisti_immigrazione.jpg\",\"contentUrl\":\"https:\\\/\\\/www.rassegnastampa-totustuus.it\\\/cattolica\\\/wp-content\\\/uploads\\\/2023\\\/06\\\/scafisti_immigrazione.jpg\",\"width\":350,\"height\":163},{\"@type\":\"BreadcrumbList\",\"@id\":\"https:\\\/\\\/www.rassegnastampa-totustuus.it\\\/cattolica\\\/il-papa-ripropone-il-mito-immigrazionista-smentito-dai-fatti\\\/#breadcrumb\",\"itemListElement\":[{\"@type\":\"ListItem\",\"position\":1,\"name\":\"Home\",\"item\":\"https:\\\/\\\/www.rassegnastampa-totustuus.it\\\/cattolica\\\/\"},{\"@type\":\"ListItem\",\"position\":2,\"name\":\"Il Papa ripropone il mito immigrazionista smentito dai fatti\"}]},{\"@type\":\"WebSite\",\"@id\":\"https:\\\/\\\/www.rassegnastampa-totustuus.it\\\/cattolica\\\/#website\",\"url\":\"https:\\\/\\\/www.rassegnastampa-totustuus.it\\\/cattolica\\\/\",\"name\":\"Rassegna Stampa Cattolica\",\"description\":\"Per una cultura che nasce dalla Rivelazione cristiana in conformit\u00e0 alla tradizione e al Magistero della Chiesa in opposizione ad ogni relativismo e totalitarismo\",\"publisher\":{\"@id\":\"https:\\\/\\\/www.rassegnastampa-totustuus.it\\\/cattolica\\\/#organization\"},\"alternateName\":\"Rass. Cattolica\",\"potentialAction\":[{\"@type\":\"SearchAction\",\"target\":{\"@type\":\"EntryPoint\",\"urlTemplate\":\"https:\\\/\\\/www.rassegnastampa-totustuus.it\\\/cattolica\\\/?s={search_term_string}\"},\"query-input\":{\"@type\":\"PropertyValueSpecification\",\"valueRequired\":true,\"valueName\":\"search_term_string\"}}],\"inLanguage\":\"it-IT\"},{\"@type\":\"Organization\",\"@id\":\"https:\\\/\\\/www.rassegnastampa-totustuus.it\\\/cattolica\\\/#organization\",\"name\":\"Rassegna Stampa Cattolica\",\"url\":\"https:\\\/\\\/www.rassegnastampa-totustuus.it\\\/cattolica\\\/\",\"logo\":{\"@type\":\"ImageObject\",\"inLanguage\":\"it-IT\",\"@id\":\"https:\\\/\\\/www.rassegnastampa-totustuus.it\\\/cattolica\\\/#\\\/schema\\\/logo\\\/image\\\/\",\"url\":\"https:\\\/\\\/www.rassegnastampa-totustuus.it\\\/cattolica\\\/wp-content\\\/uploads\\\/2014\\\/04\\\/logo-rassegna1.gif\",\"contentUrl\":\"https:\\\/\\\/www.rassegnastampa-totustuus.it\\\/cattolica\\\/wp-content\\\/uploads\\\/2014\\\/04\\\/logo-rassegna1.gif\",\"width\":600,\"height\":163,\"caption\":\"Rassegna Stampa Cattolica\"},\"image\":{\"@id\":\"https:\\\/\\\/www.rassegnastampa-totustuus.it\\\/cattolica\\\/#\\\/schema\\\/logo\\\/image\\\/\"},\"sameAs\":[\"https:\\\/\\\/www.facebook.com\\\/rassegnastampacattolica\",\"https:\\\/\\\/x.com\\\/rassegnastampa9\"]},{\"@type\":\"Person\",\"@id\":\"https:\\\/\\\/www.rassegnastampa-totustuus.it\\\/cattolica\\\/#\\\/schema\\\/person\\\/08f319d2bd1a0904ad9e2bfb7b15e5c3\",\"name\":\"Redazione\",\"image\":{\"@type\":\"ImageObject\",\"inLanguage\":\"it-IT\",\"@id\":\"https:\\\/\\\/secure.gravatar.com\\\/avatar\\\/2fcdf27c78ea025fbdb44e914cc63c72249ffec9dc8aafd5c82b26240ef3f346?s=96&d=mm&r=g\",\"url\":\"https:\\\/\\\/secure.gravatar.com\\\/avatar\\\/2fcdf27c78ea025fbdb44e914cc63c72249ffec9dc8aafd5c82b26240ef3f346?s=96&d=mm&r=g\",\"contentUrl\":\"https:\\\/\\\/secure.gravatar.com\\\/avatar\\\/2fcdf27c78ea025fbdb44e914cc63c72249ffec9dc8aafd5c82b26240ef3f346?s=96&d=mm&r=g\",\"caption\":\"Redazione\"},\"url\":\"https:\\\/\\\/www.rassegnastampa-totustuus.it\\\/cattolica\\\/author\\\/pietroelle\\\/\"}]}<\/script>\n<!-- \/ Yoast SEO plugin. -->","yoast_head_json":{"title":"Il Papa ripropone il mito immigrazionista smentito dai fatti - Rassegna Stampa Cattolica","description":"Il Papa ripropone il mito immigrazionista smentito dai fatti. Gli immigrati difficilmente si integrano e non vogliono diventare cittadini","robots":{"index":"index","follow":"follow","max-snippet":"max-snippet:-1","max-image-preview":"max-image-preview:large","max-video-preview":"max-video-preview:-1"},"canonical":"https:\/\/www.rassegnastampa-totustuus.it\/cattolica\/il-papa-ripropone-il-mito-immigrazionista-smentito-dai-fatti\/","og_locale":"it_IT","og_type":"article","og_title":"Il Papa ripropone il mito immigrazionista smentito dai fatti - Rassegna Stampa Cattolica","og_description":"Il Papa ripropone il mito immigrazionista smentito dai fatti. Gli immigrati difficilmente si integrano e non vogliono diventare cittadini","og_url":"https:\/\/www.rassegnastampa-totustuus.it\/cattolica\/il-papa-ripropone-il-mito-immigrazionista-smentito-dai-fatti\/","og_site_name":"Rassegna Stampa Cattolica","article_publisher":"https:\/\/www.facebook.com\/rassegnastampacattolica","article_published_time":"2024-11-04T10:33:40+00:00","article_modified_time":"2024-11-04T10:33:42+00:00","og_image":[{"width":350,"height":163,"url":"https:\/\/www.rassegnastampa-totustuus.it\/cattolica\/wp-content\/uploads\/2023\/06\/scafisti_immigrazione.jpg","type":"image\/jpeg"}],"author":"Redazione","twitter_card":"summary_large_image","twitter_creator":"@rassegnastampa9","twitter_site":"@rassegnastampa9","twitter_misc":{"Scritto da":"Redazione","Tempo di lettura stimato":"8 minuti"},"schema":{"@context":"https:\/\/schema.org","@graph":[{"@type":"Article","@id":"https:\/\/www.rassegnastampa-totustuus.it\/cattolica\/il-papa-ripropone-il-mito-immigrazionista-smentito-dai-fatti\/#article","isPartOf":{"@id":"https:\/\/www.rassegnastampa-totustuus.it\/cattolica\/il-papa-ripropone-il-mito-immigrazionista-smentito-dai-fatti\/"},"author":{"name":"Redazione","@id":"https:\/\/www.rassegnastampa-totustuus.it\/cattolica\/#\/schema\/person\/08f319d2bd1a0904ad9e2bfb7b15e5c3"},"headline":"Il Papa ripropone il mito immigrazionista smentito dai fatti","datePublished":"2024-11-04T10:33:40+00:00","dateModified":"2024-11-04T10:33:42+00:00","mainEntityOfPage":{"@id":"https:\/\/www.rassegnastampa-totustuus.it\/cattolica\/il-papa-ripropone-il-mito-immigrazionista-smentito-dai-fatti\/"},"wordCount":1180,"publisher":{"@id":"https:\/\/www.rassegnastampa-totustuus.it\/cattolica\/#organization"},"image":{"@id":"https:\/\/www.rassegnastampa-totustuus.it\/cattolica\/il-papa-ripropone-il-mito-immigrazionista-smentito-dai-fatti\/#primaryimage"},"thumbnailUrl":"https:\/\/www.rassegnastampa-totustuus.it\/cattolica\/wp-content\/uploads\/2023\/06\/scafisti_immigrazione.jpg","keywords":["immigrazione","Papa Francesco"],"articleSection":["Immigrazione"],"inLanguage":"it-IT"},{"@type":"WebPage","@id":"https:\/\/www.rassegnastampa-totustuus.it\/cattolica\/il-papa-ripropone-il-mito-immigrazionista-smentito-dai-fatti\/","url":"https:\/\/www.rassegnastampa-totustuus.it\/cattolica\/il-papa-ripropone-il-mito-immigrazionista-smentito-dai-fatti\/","name":"Il Papa ripropone il mito immigrazionista smentito dai fatti - Rassegna Stampa Cattolica","isPartOf":{"@id":"https:\/\/www.rassegnastampa-totustuus.it\/cattolica\/#website"},"primaryImageOfPage":{"@id":"https:\/\/www.rassegnastampa-totustuus.it\/cattolica\/il-papa-ripropone-il-mito-immigrazionista-smentito-dai-fatti\/#primaryimage"},"image":{"@id":"https:\/\/www.rassegnastampa-totustuus.it\/cattolica\/il-papa-ripropone-il-mito-immigrazionista-smentito-dai-fatti\/#primaryimage"},"thumbnailUrl":"https:\/\/www.rassegnastampa-totustuus.it\/cattolica\/wp-content\/uploads\/2023\/06\/scafisti_immigrazione.jpg","datePublished":"2024-11-04T10:33:40+00:00","dateModified":"2024-11-04T10:33:42+00:00","description":"Il Papa ripropone il mito immigrazionista smentito dai fatti. Gli immigrati difficilmente si integrano e non vogliono diventare cittadini","breadcrumb":{"@id":"https:\/\/www.rassegnastampa-totustuus.it\/cattolica\/il-papa-ripropone-il-mito-immigrazionista-smentito-dai-fatti\/#breadcrumb"},"inLanguage":"it-IT","potentialAction":[{"@type":"ReadAction","target":["https:\/\/www.rassegnastampa-totustuus.it\/cattolica\/il-papa-ripropone-il-mito-immigrazionista-smentito-dai-fatti\/"]}]},{"@type":"ImageObject","inLanguage":"it-IT","@id":"https:\/\/www.rassegnastampa-totustuus.it\/cattolica\/il-papa-ripropone-il-mito-immigrazionista-smentito-dai-fatti\/#primaryimage","url":"https:\/\/www.rassegnastampa-totustuus.it\/cattolica\/wp-content\/uploads\/2023\/06\/scafisti_immigrazione.jpg","contentUrl":"https:\/\/www.rassegnastampa-totustuus.it\/cattolica\/wp-content\/uploads\/2023\/06\/scafisti_immigrazione.jpg","width":350,"height":163},{"@type":"BreadcrumbList","@id":"https:\/\/www.rassegnastampa-totustuus.it\/cattolica\/il-papa-ripropone-il-mito-immigrazionista-smentito-dai-fatti\/#breadcrumb","itemListElement":[{"@type":"ListItem","position":1,"name":"Home","item":"https:\/\/www.rassegnastampa-totustuus.it\/cattolica\/"},{"@type":"ListItem","position":2,"name":"Il Papa ripropone il mito immigrazionista smentito dai fatti"}]},{"@type":"WebSite","@id":"https:\/\/www.rassegnastampa-totustuus.it\/cattolica\/#website","url":"https:\/\/www.rassegnastampa-totustuus.it\/cattolica\/","name":"Rassegna Stampa Cattolica","description":"Per una cultura che nasce dalla Rivelazione cristiana in conformit\u00e0 alla tradizione e al Magistero della Chiesa in opposizione ad ogni relativismo e totalitarismo","publisher":{"@id":"https:\/\/www.rassegnastampa-totustuus.it\/cattolica\/#organization"},"alternateName":"Rass. Cattolica","potentialAction":[{"@type":"SearchAction","target":{"@type":"EntryPoint","urlTemplate":"https:\/\/www.rassegnastampa-totustuus.it\/cattolica\/?s={search_term_string}"},"query-input":{"@type":"PropertyValueSpecification","valueRequired":true,"valueName":"search_term_string"}}],"inLanguage":"it-IT"},{"@type":"Organization","@id":"https:\/\/www.rassegnastampa-totustuus.it\/cattolica\/#organization","name":"Rassegna Stampa Cattolica","url":"https:\/\/www.rassegnastampa-totustuus.it\/cattolica\/","logo":{"@type":"ImageObject","inLanguage":"it-IT","@id":"https:\/\/www.rassegnastampa-totustuus.it\/cattolica\/#\/schema\/logo\/image\/","url":"https:\/\/www.rassegnastampa-totustuus.it\/cattolica\/wp-content\/uploads\/2014\/04\/logo-rassegna1.gif","contentUrl":"https:\/\/www.rassegnastampa-totustuus.it\/cattolica\/wp-content\/uploads\/2014\/04\/logo-rassegna1.gif","width":600,"height":163,"caption":"Rassegna Stampa Cattolica"},"image":{"@id":"https:\/\/www.rassegnastampa-totustuus.it\/cattolica\/#\/schema\/logo\/image\/"},"sameAs":["https:\/\/www.facebook.com\/rassegnastampacattolica","https:\/\/x.com\/rassegnastampa9"]},{"@type":"Person","@id":"https:\/\/www.rassegnastampa-totustuus.it\/cattolica\/#\/schema\/person\/08f319d2bd1a0904ad9e2bfb7b15e5c3","name":"Redazione","image":{"@type":"ImageObject","inLanguage":"it-IT","@id":"https:\/\/secure.gravatar.com\/avatar\/2fcdf27c78ea025fbdb44e914cc63c72249ffec9dc8aafd5c82b26240ef3f346?s=96&d=mm&r=g","url":"https:\/\/secure.gravatar.com\/avatar\/2fcdf27c78ea025fbdb44e914cc63c72249ffec9dc8aafd5c82b26240ef3f346?s=96&d=mm&r=g","contentUrl":"https:\/\/secure.gravatar.com\/avatar\/2fcdf27c78ea025fbdb44e914cc63c72249ffec9dc8aafd5c82b26240ef3f346?s=96&d=mm&r=g","caption":"Redazione"},"url":"https:\/\/www.rassegnastampa-totustuus.it\/cattolica\/author\/pietroelle\/"}]}},"_links":{"self":[{"href":"https:\/\/www.rassegnastampa-totustuus.it\/cattolica\/wp-json\/wp\/v2\/posts\/61556","targetHints":{"allow":["GET"]}}],"collection":[{"href":"https:\/\/www.rassegnastampa-totustuus.it\/cattolica\/wp-json\/wp\/v2\/posts"}],"about":[{"href":"https:\/\/www.rassegnastampa-totustuus.it\/cattolica\/wp-json\/wp\/v2\/types\/post"}],"author":[{"embeddable":true,"href":"https:\/\/www.rassegnastampa-totustuus.it\/cattolica\/wp-json\/wp\/v2\/users\/6"}],"replies":[{"embeddable":true,"href":"https:\/\/www.rassegnastampa-totustuus.it\/cattolica\/wp-json\/wp\/v2\/comments?post=61556"}],"version-history":[{"count":1,"href":"https:\/\/www.rassegnastampa-totustuus.it\/cattolica\/wp-json\/wp\/v2\/posts\/61556\/revisions"}],"predecessor-version":[{"id":61557,"href":"https:\/\/www.rassegnastampa-totustuus.it\/cattolica\/wp-json\/wp\/v2\/posts\/61556\/revisions\/61557"}],"wp:featuredmedia":[{"embeddable":true,"href":"https:\/\/www.rassegnastampa-totustuus.it\/cattolica\/wp-json\/wp\/v2\/media\/56571"}],"wp:attachment":[{"href":"https:\/\/www.rassegnastampa-totustuus.it\/cattolica\/wp-json\/wp\/v2\/media?parent=61556"}],"wp:term":[{"taxonomy":"category","embeddable":true,"href":"https:\/\/www.rassegnastampa-totustuus.it\/cattolica\/wp-json\/wp\/v2\/categories?post=61556"},{"taxonomy":"post_tag","embeddable":true,"href":"https:\/\/www.rassegnastampa-totustuus.it\/cattolica\/wp-json\/wp\/v2\/tags?post=61556"}],"curies":[{"name":"wp","href":"https:\/\/api.w.org\/{rel}","templated":true}]}}