{"id":61544,"date":"2024-10-29T09:29:45","date_gmt":"2024-10-29T08:29:45","guid":{"rendered":"https:\/\/www.rassegnastampa-totustuus.it\/cattolica\/?p=61544"},"modified":"2024-10-29T09:29:47","modified_gmt":"2024-10-29T08:29:47","slug":"quattro-buone-ragioni-a-favore-della-monarchia","status":"publish","type":"post","link":"https:\/\/www.rassegnastampa-totustuus.it\/cattolica\/quattro-buone-ragioni-a-favore-della-monarchia\/","title":{"rendered":"Quattro buone ragioni a favore della monarchia"},"content":{"rendered":"<p style=\"text-align: center;\"><span style=\"color: #0000ff;\"><img loading=\"lazy\" decoding=\"async\" class=\"size-full wp-image-59481 alignleft\" src=\"https:\/\/www.rassegnastampa-totustuus.it\/cattolica\/wp-content\/uploads\/2024\/02\/monarchia_medioevo.jpeg\" alt=\"\" width=\"297\" height=\"180\" \/><\/span><span style=\"color: #000000;\"><a href=\"https:\/\/www.bastabugie.it\/it\/\" target=\"_blank\" rel=\"noopener\"><strong><span style=\"color: #0000ff;\">Basta Bugie<\/span><\/strong><\/a> n. n.457 del 8 giugno 2016 <\/span><\/p>\n<p style=\"text-align: center;\"><span style=\"color: #000000;\"><em>Se Dio esiste (ed esiste!) la realt\u00e0 non \u00e8 n\u00e9 &#8221;repubblicana&#8221; n\u00e9 &#8221;democratica&#8221;, ma inevitabilmente &#8221;monarchica&#8221;<\/em> <\/span><\/p>\n<p style=\"text-align: center;\"><span style=\"color: #000000;\">di <strong>Corrado Gnerre<\/strong> <\/span><\/p>\n<p><span style=\"color: #000000;\"><!--more--><\/span><\/p>\n<p style=\"text-align: justify;\"><span style=\"color: #000000;\">In occasione del 70\u00b0 anniversario della Repubblica Italiana offro qualche riflessione in merito non alla Repubblica ma alla Monarchia, pi\u00f9 specificamente alla Monarchia Cristiana. Prima per\u00f2 mi preme fare due premesse.<\/span><\/p>\n<p style=\"text-align: justify;\"><span style=\"color: #000000;\"><img loading=\"lazy\" decoding=\"async\" class=\"wp-image-28332 alignright\" src=\"https:\/\/www.rassegnastampa-totustuus.it\/cattolica\/wp-content\/uploads\/2011\/07\/Risorgimento-281x300.jpg\" alt=\"\" width=\"190\" height=\"203\" srcset=\"https:\/\/www.rassegnastampa-totustuus.it\/cattolica\/wp-content\/uploads\/2011\/07\/Risorgimento-281x300.jpg 281w, https:\/\/www.rassegnastampa-totustuus.it\/cattolica\/wp-content\/uploads\/2011\/07\/Risorgimento.jpg 285w\" sizes=\"auto, (max-width: 190px) 100vw, 190px\" \/>La prima \u00e8 pi\u00f9 specifica. Confesso (ma penso sia cosa abbastanza prevedibile) di non nutrire alcuna simpatia per Casa Savoia per una serie di motivazioni, prima fra tutte il fatto che essa ha svolto un ruolo decisivo in quel processo, cosiddetto &#8220;Risorgimento&#8221;, che altro non \u00e8 stato che una sorta di &#8220;piemontizzazione&#8221; dell&#8217;Italia.<\/span><\/p>\n<p style=\"text-align: justify;\"><span style=\"color: #000000;\">a seconda premessa \u00e8 pi\u00f9 generale. La Dottrina Cattolica tradizionale (quindi non contaminata da derive modernistiche) accetta diverse forme di governo, sempre che non cadano in derive totalitarie. Ricordo che anche la democrazia, non intesa in senso classico, bens\u00ec come puro &#8220;democraticismo&#8221; (pretesa di poter tutto decidere con il criterio del numero anche cosa \u00e8 oggettivamente bene e cosa \u00e8 oggettivamente male) cade inevitabilmente nel totalitarismo, come \u00e8 ben affermato da Giovanni Paolo II nell&#8217;enciclica Centesimus Annus al punto 46: &#8220;Una democrazia senza valori si converte facilmente in un totalitarismo aperto oppure subdolo, come dimostra la storia.&#8221;<\/span><\/p>\n<p style=\"text-align: justify;\"><span style=\"color: #000000;\">Fatte queste due premesse, vengo al dunque. Le buone ragioni della Monarchia sono quattro. La prima \u00e8 &#8220;sociale&#8221;, la seconda &#8220;antropologica&#8221;, la terza &#8220;religiosa&#8221; e la quarta &#8220;filosofica&#8221;. Ho utilizzato le virgolette perch\u00e9 il significato di queste aggettivazioni \u00e8 in senso ampio.<\/span><\/p>\n<h4 style=\"text-align: center;\"><span style=\"color: #000000;\">1) RAGIONE SOCIALE<\/span><\/h4>\n<p style=\"text-align: justify;\"><span style=\"color: #000000;\"><img loading=\"lazy\" decoding=\"async\" class=\"size-full wp-image-61545 alignleft\" src=\"https:\/\/www.rassegnastampa-totustuus.it\/cattolica\/wp-content\/uploads\/2024\/10\/monarchia_famiglia_re.jpg\" alt=\"\" width=\"473\" height=\"299\" \/>Una delle pi\u00f9 precise definizioni di Monarchia \u00e8 &#8220;governo di una famiglia su tante famiglie&#8221;. Infatti, la Monarchia altro non \u00e8 che la &#8220;centralit\u00e0 politica&#8221; della Famiglia. <\/span><\/p>\n<p style=\"text-align: justify;\"><span style=\"color: #000000;\">Qui ovviamente il riferimento \u00e8 alla concezione tradizionale e vera della societ\u00e0. Secondo questa concezione la societ\u00e0 non pu\u00f2 che avere una dimensione comunitaria. Essa non \u00e8 un insieme di individui ma di famiglie: \u00e8 una &#8220;famiglia di famiglie&#8221;. <\/span><\/p>\n<p style=\"text-align: justify;\"><span style=\"color: #000000;\">La concezione individualistica della societ\u00e0 \u00e8 invece un prodotto tipicamente &#8220;moderno&#8221;. Ed \u00e8 proprio la forma repubblicana ad esprimere chiaramente l&#8217;impostazione individualistica, cio\u00e8 il governo di uno su tanti, di un individuo su tanti individui.<\/span><\/p>\n<p style=\"text-align: justify;\"><span style=\"color: #000000;\">Relativamente a questo discorso va detto che la concezione vera della Monarchia -o meglio: la concezione della Monarchia vera- si espresse non a caso nel medioevo cristiano, che fu un periodo tutto all&#8217;insegna della dimensione comunitaria e &#8220;familiare&#8221;. Le stesse corporazioni erano strutturate sul modello familiare.<\/span><\/p>\n<p style=\"text-align: justify;\"><span style=\"color: #000000;\">In merito alla famiglia bisogna fare un&#8217;altra considerazione. A differenza di altre forme di governo, nella Monarchia Cristiana il Re \u00e8 tenuto, anche se indirettamente, a render conto di come gestisce la propria famiglia che \u00e8 parte integrante della sua rappresentativit\u00e0 politica; il tutto nella convinzione che non si pu\u00f2 pretendere di governare uno Stato se non si \u00e8 capaci di saper governare la propria famiglia.<\/span><\/p>\n<h4 style=\"text-align: center;\"><span style=\"color: #000000;\">2) RAGIONE ANTROPOLOGICA<\/span><\/h4>\n<p style=\"text-align: justify;\"><span style=\"color: #000000;\"><img loading=\"lazy\" decoding=\"async\" class=\" wp-image-61546 alignright\" src=\"https:\/\/www.rassegnastampa-totustuus.it\/cattolica\/wp-content\/uploads\/2024\/10\/monarchia_infanta_Spagna.jpg\" alt=\"\" width=\"214\" height=\"297\" \/>Passiamo adesso ad un&#8217;altra buona ragione della Monarchia, che possiamo definire &#8220;antropologica&#8221;. Dico subito che qui il discorso si fa molto pi\u00f9 &#8220;delicato&#8221;, non solo nel senso che va ben capito, ma anche perch\u00e9 sembrerebbe offrire argomenti un po&#8217; troppo &#8220;sottili&#8221;. Ma si tratta ugualmente di una questione importante.<\/span><\/p>\n<p style=\"text-align: justify;\"><span style=\"color: #000000;\">Governare \u00e8 qualcosa di impegnativo: \u00e8 un&#8217;arte che \u00e8 difficile improvvisare. Ebbene, nella Monarchia vige il riconoscimento del principio secondo cui sin da piccoli bisogna prepararsi a governare. Pu\u00f2 sembrare una sciocchezza, ma non lo \u00e8. <\/span><\/p>\n<p style=\"text-align: justify;\"><span style=\"color: #000000;\">Lasciamo stare la misteriosa incompetenza di molti politici dei nostri giorni, &#8220;misteriosa&#8221; perch\u00e9 assume proporzioni tali da sembrare voluta. Spesso mi viene la tentazione di pensare che coloro che ci comandano formalmente siano volutamente scelti per la loro pochezza da coloro che ci comandano sostanzialmente (che stanno dietro le quinte) affinch\u00e9 possano essere pi\u00f9 facilmente gestibili.<\/span><\/p>\n<p style=\"text-align: justify;\"><span style=\"color: #000000;\"><img loading=\"lazy\" decoding=\"async\" class=\" wp-image-14977 alignleft\" src=\"https:\/\/www.rassegnastampa-totustuus.it\/cattolica\/wp-content\/uploads\/2006\/01\/Luigi-IX.png\" alt=\"\" width=\"172\" height=\"220\" \/>Ma, lasciando stare questo discorso che porterebbe molto lontano, resta il fatto che l&#8217;arte del governo \u00e8 anche l&#8217;esito di un apprendimento, di una scuola, di un&#8217;educazione. San Luigi IX (che a detta del famoso medievista di formazione laica, Jacques le Goff, \u00e8 stato il pi\u00f9 il pi\u00f9 grande Re di Francia) cos\u00ec scrive al figlio che dovr\u00e0 ereditare il Regno: &#8220;Caro Figlio, la prima cosa che ti raccomando \u00e8 che tu metta tutto il tuo cuore nell&#8217;amare Dio. Se Dio ti manda delle avversit\u00e0, sopportale pazientemente. Confessati spesso e scegli confessori prudenti. Mantieni i buoni costumi del regno e combatti quelli cattivi. Prendi cura di avere in tua compagnia tutti uomini prudenti, sia religiosi, sia secolari. Non sopportare che si dica davanti a te nessun oltraggio verso Dio, n\u00e9 ai Santi. Rendi sovente grazie a Dio di tutti i doni che Egli ti ha fatto, affinch\u00e9 tu sia degno di averne ancora. Le tue genti vivano in pace e in rettitudine sotto te, anche i religiosi e tutte le persone della Santa Chiesa. Dona i benefici di Santa Chiesa. Pacificati piuttosto che porre guerre, sia coi tuoi, sia coi tuoi sudditi, come faceva San Martino. Sii diligente di avere buoni preposti e buoni podest\u00e0 e buoni inquisitori. Sforzati di impedire il peccato e cattivi giuramenti; fa distruggere le eresie contro il tuo potere. Fa in modo che le spese del tuo palazzo siano ragionevoli. Infine, caro figlio, io ti do tutte le benedizioni che un buon padre pietoso pu\u00f2 dare a suo figlio, e che sia benedetta la Santissima Trinit\u00e0 e tutti i Santi ti guardino e ti difendano da ogni male; e che Dio ti dia la Grazia di fare sempre la sua volont\u00e0, in modo che Egli sia sempre onorato da te&#8221;.<\/span><\/p>\n<h4 style=\"text-align: center;\"><span style=\"color: #000000;\">3) RAGIONE RELIGIOSA<\/span><\/h4>\n<p style=\"text-align: justify;\"><span style=\"color: #000000;\"><img loading=\"lazy\" decoding=\"async\" class=\" wp-image-36782 alignleft\" src=\"https:\/\/www.rassegnastampa-totustuus.it\/cattolica\/wp-content\/uploads\/2016\/11\/Cristo-re.jpg\" alt=\"\" width=\"308\" height=\"252\" \/>Se Dio esiste (ed esiste!) la realt\u00e0 \u00e8 gerarchica; e per logica tutto deve essere riconducibile alla sovranit\u00e0 di Colui che \u00e8 il Re di tutto: il Re dei Re. Se Dio esiste (ed esiste!) la realt\u00e0 non \u00e8 n\u00e9 &#8220;repubblicana&#8221; n\u00e9 &#8220;democratica&#8221;, ma inevitabilmente &#8220;monarchica&#8221;.<\/span><\/p>\n<p style=\"text-align: justify;\"><span style=\"color: #000000;\">Qui c&#8217;\u00e8 da aggiungere una cosa interessante. Prima abbiamo detto che simbolicamente la Monarchia rappresenta la centralit\u00e0 politica e sociale della Famiglia; ebbene il Cristianesimo parla di un Dio che \u00e8 Unico ma anche Comunione, in quanto Trinitario. <\/span><\/p>\n<p style=\"text-align: justify;\"><span style=\"color: #000000;\">Dunque, \u00e8 proprio nel Cristianesimo, pi\u00f9 di ogni altra religione, che la Monarchia, come centralit\u00e0 politica della Famiglia, trova il suo fondamento teologico. Possiamo in un certo qual modo dire che il Cristianesimo \u00e8 strutturalmente monarchico e che la Monarchia \u00e8 strutturalmente cristiana.<\/span><\/p>\n<h4 style=\"text-align: center;\">4) RAGIONE FILOSOFICA<\/h4>\n<p style=\"text-align: justify;\"><span style=\"color: #000000;\">La Monarchia esprime anche un&#8217;altra conformazione, ed \u00e8 quella alla realt\u00e0. Ecco la ragione &#8220;filosofica&#8221; che \u00e8 legata al &#8220;realismo filosofico&#8221;, unico criterio per una corretta speculazione razionale.<\/span><\/p>\n<p style=\"text-align: justify;\"><span style=\"color: #000000;\"><img loading=\"lazy\" decoding=\"async\" class=\"size-medium wp-image-46346 alignright\" src=\"https:\/\/www.rassegnastampa-totustuus.it\/cattolica\/wp-content\/uploads\/2020\/02\/paradiso-1-300x131.jpg\" alt=\"\" width=\"300\" height=\"131\" srcset=\"https:\/\/www.rassegnastampa-totustuus.it\/cattolica\/wp-content\/uploads\/2020\/02\/paradiso-1-300x131.jpg 300w, https:\/\/www.rassegnastampa-totustuus.it\/cattolica\/wp-content\/uploads\/2020\/02\/paradiso-1.jpg 340w\" sizes=\"auto, (max-width: 300px) 100vw, 300px\" \/>La dimensione gerarchica \u00e8 nell&#8217;ordine naturale delle cose; tant&#8217;\u00e8 che anche negli ambienti che ne teorizzano l&#8217;illegittimit\u00e0 e l&#8217;innaturalit\u00e0, questa, cacciata dalla porta, rientra in un certo qual modo dalla finestra. Provare per credere: finanche negli ambienti anarchici il leader finisce sempre con l&#8217;emergere.<\/span><\/p>\n<p style=\"text-align: justify;\">E&#8217; nella natura delle cose riconoscere che chi comanda pu\u00f2 comandare per sempre, che sui talenti che il Signore dona non c&#8217;\u00e8 data di scadenza. Se la politica diventa un bene di consumo, allora s\u00ec che esiste il rischio che vada a male; ma se la politica \u00e8 promozione e difesa del bene comune (tradizionalmente e metafisicamente inteso) allora non c&#8217;\u00e8 rischio n\u00e9 che vada a male n\u00e9 che possa passare di moda.<\/p>\n<p>______________________________________________<\/p>\n<p><strong>Leggi anche:<\/strong><\/p>\n<p><a href=\"https:\/\/www.rassegnastampa-totustuus.it\/cattolica\/la-monarchia-tradizionale-di-francisco-elias-de-tejada-y-spinola\/\"><span style=\"color: #0000ff;\">La monarchia tradizionale (di Francisco Elias de Tejada y Spinola)<\/span><\/a> &#8211; libro<\/p>\n\n\n<p><\/p>\n","protected":false},"excerpt":{"rendered":"<p>Basta Bugie n. n.457 del 8 giugno 2016 Se Dio esiste (ed esiste!) la realt\u00e0 non \u00e8 n\u00e9 &#8221;repubblicana&#8221; n\u00e9 &#8221;democratica&#8221;, ma inevitabilmente &#8221;monarchica&#8221; di Corrado Gnerre<\/p><p><a class=\"more-link btn\" href=\"https:\/\/www.rassegnastampa-totustuus.it\/cattolica\/quattro-buone-ragioni-a-favore-della-monarchia\/\">Continua a leggere<\/a><\/p>\n","protected":false},"author":6,"featured_media":59481,"comment_status":"closed","ping_status":"closed","sticky":false,"template":"","format":"standard","meta":{"footnotes":""},"categories":[11,53],"tags":[146,238,235],"class_list":["post-61544","post","type-post","status-publish","format-standard","has-post-thumbnail","hentry","category-dottrina-sociale","category-politica","tag-dottrina-sociale-2","tag-monarchia","tag-politica-2","item-wrap"],"yoast_head":"<!-- This site is optimized with the Yoast SEO plugin v27.5 - https:\/\/yoast.com\/product\/yoast-seo-wordpress\/ -->\n<title>Quattro buone ragioni a favore della monarchia - Rassegna Stampa Cattolica<\/title>\n<meta name=\"description\" content=\"Quattro buone ragioni a favore della monarchia. Se Dio esiste la realt\u00e0 non \u00e8 repubblicana ma inevitabilmente monarchica\" \/>\n<meta name=\"robots\" content=\"index, follow, max-snippet:-1, max-image-preview:large, max-video-preview:-1\" \/>\n<link rel=\"canonical\" href=\"https:\/\/www.rassegnastampa-totustuus.it\/cattolica\/quattro-buone-ragioni-a-favore-della-monarchia\/\" \/>\n<meta property=\"og:locale\" content=\"it_IT\" \/>\n<meta property=\"og:type\" content=\"article\" \/>\n<meta property=\"og:title\" content=\"Quattro buone ragioni a favore della monarchia - Rassegna Stampa Cattolica\" \/>\n<meta property=\"og:description\" content=\"Quattro buone ragioni a favore della monarchia. Se Dio esiste la realt\u00e0 non \u00e8 repubblicana ma inevitabilmente monarchica\" \/>\n<meta property=\"og:url\" content=\"https:\/\/www.rassegnastampa-totustuus.it\/cattolica\/quattro-buone-ragioni-a-favore-della-monarchia\/\" \/>\n<meta property=\"og:site_name\" content=\"Rassegna Stampa Cattolica\" \/>\n<meta property=\"article:publisher\" content=\"https:\/\/www.facebook.com\/rassegnastampacattolica\" \/>\n<meta property=\"article:published_time\" content=\"2024-10-29T08:29:45+00:00\" \/>\n<meta property=\"article:modified_time\" content=\"2024-10-29T08:29:47+00:00\" \/>\n<meta property=\"og:image\" content=\"https:\/\/www.rassegnastampa-totustuus.it\/cattolica\/wp-content\/uploads\/2024\/02\/monarchia_medioevo.jpeg\" \/>\n\t<meta property=\"og:image:width\" content=\"297\" \/>\n\t<meta property=\"og:image:height\" content=\"180\" \/>\n\t<meta property=\"og:image:type\" content=\"image\/jpeg\" \/>\n<meta name=\"author\" content=\"Redazione\" \/>\n<meta name=\"twitter:card\" content=\"summary_large_image\" \/>\n<meta name=\"twitter:creator\" content=\"@rassegnastampa9\" \/>\n<meta name=\"twitter:site\" content=\"@rassegnastampa9\" \/>\n<meta name=\"twitter:label1\" content=\"Scritto da\" \/>\n\t<meta name=\"twitter:data1\" content=\"Redazione\" \/>\n\t<meta name=\"twitter:label2\" content=\"Tempo di lettura stimato\" \/>\n\t<meta name=\"twitter:data2\" content=\"8 minuti\" \/>\n<script type=\"application\/ld+json\" class=\"yoast-schema-graph\">{\"@context\":\"https:\\\/\\\/schema.org\",\"@graph\":[{\"@type\":\"Article\",\"@id\":\"https:\\\/\\\/www.rassegnastampa-totustuus.it\\\/cattolica\\\/quattro-buone-ragioni-a-favore-della-monarchia\\\/#article\",\"isPartOf\":{\"@id\":\"https:\\\/\\\/www.rassegnastampa-totustuus.it\\\/cattolica\\\/quattro-buone-ragioni-a-favore-della-monarchia\\\/\"},\"author\":{\"name\":\"Redazione\",\"@id\":\"https:\\\/\\\/www.rassegnastampa-totustuus.it\\\/cattolica\\\/#\\\/schema\\\/person\\\/08f319d2bd1a0904ad9e2bfb7b15e5c3\"},\"headline\":\"Quattro buone ragioni a favore della monarchia\",\"datePublished\":\"2024-10-29T08:29:45+00:00\",\"dateModified\":\"2024-10-29T08:29:47+00:00\",\"mainEntityOfPage\":{\"@id\":\"https:\\\/\\\/www.rassegnastampa-totustuus.it\\\/cattolica\\\/quattro-buone-ragioni-a-favore-della-monarchia\\\/\"},\"wordCount\":1175,\"publisher\":{\"@id\":\"https:\\\/\\\/www.rassegnastampa-totustuus.it\\\/cattolica\\\/#organization\"},\"image\":{\"@id\":\"https:\\\/\\\/www.rassegnastampa-totustuus.it\\\/cattolica\\\/quattro-buone-ragioni-a-favore-della-monarchia\\\/#primaryimage\"},\"thumbnailUrl\":\"https:\\\/\\\/www.rassegnastampa-totustuus.it\\\/cattolica\\\/wp-content\\\/uploads\\\/2024\\\/02\\\/monarchia_medioevo.jpeg\",\"keywords\":[\"dottrina sociale\",\"monarchia\",\"politica\"],\"articleSection\":[\"Dottrina sociale\",\"Politica\"],\"inLanguage\":\"it-IT\"},{\"@type\":\"WebPage\",\"@id\":\"https:\\\/\\\/www.rassegnastampa-totustuus.it\\\/cattolica\\\/quattro-buone-ragioni-a-favore-della-monarchia\\\/\",\"url\":\"https:\\\/\\\/www.rassegnastampa-totustuus.it\\\/cattolica\\\/quattro-buone-ragioni-a-favore-della-monarchia\\\/\",\"name\":\"Quattro buone ragioni a favore della monarchia - Rassegna Stampa Cattolica\",\"isPartOf\":{\"@id\":\"https:\\\/\\\/www.rassegnastampa-totustuus.it\\\/cattolica\\\/#website\"},\"primaryImageOfPage\":{\"@id\":\"https:\\\/\\\/www.rassegnastampa-totustuus.it\\\/cattolica\\\/quattro-buone-ragioni-a-favore-della-monarchia\\\/#primaryimage\"},\"image\":{\"@id\":\"https:\\\/\\\/www.rassegnastampa-totustuus.it\\\/cattolica\\\/quattro-buone-ragioni-a-favore-della-monarchia\\\/#primaryimage\"},\"thumbnailUrl\":\"https:\\\/\\\/www.rassegnastampa-totustuus.it\\\/cattolica\\\/wp-content\\\/uploads\\\/2024\\\/02\\\/monarchia_medioevo.jpeg\",\"datePublished\":\"2024-10-29T08:29:45+00:00\",\"dateModified\":\"2024-10-29T08:29:47+00:00\",\"description\":\"Quattro buone ragioni a favore della monarchia. Se Dio esiste la realt\u00e0 non \u00e8 repubblicana ma inevitabilmente monarchica\",\"breadcrumb\":{\"@id\":\"https:\\\/\\\/www.rassegnastampa-totustuus.it\\\/cattolica\\\/quattro-buone-ragioni-a-favore-della-monarchia\\\/#breadcrumb\"},\"inLanguage\":\"it-IT\",\"potentialAction\":[{\"@type\":\"ReadAction\",\"target\":[\"https:\\\/\\\/www.rassegnastampa-totustuus.it\\\/cattolica\\\/quattro-buone-ragioni-a-favore-della-monarchia\\\/\"]}]},{\"@type\":\"ImageObject\",\"inLanguage\":\"it-IT\",\"@id\":\"https:\\\/\\\/www.rassegnastampa-totustuus.it\\\/cattolica\\\/quattro-buone-ragioni-a-favore-della-monarchia\\\/#primaryimage\",\"url\":\"https:\\\/\\\/www.rassegnastampa-totustuus.it\\\/cattolica\\\/wp-content\\\/uploads\\\/2024\\\/02\\\/monarchia_medioevo.jpeg\",\"contentUrl\":\"https:\\\/\\\/www.rassegnastampa-totustuus.it\\\/cattolica\\\/wp-content\\\/uploads\\\/2024\\\/02\\\/monarchia_medioevo.jpeg\",\"width\":297,\"height\":180},{\"@type\":\"BreadcrumbList\",\"@id\":\"https:\\\/\\\/www.rassegnastampa-totustuus.it\\\/cattolica\\\/quattro-buone-ragioni-a-favore-della-monarchia\\\/#breadcrumb\",\"itemListElement\":[{\"@type\":\"ListItem\",\"position\":1,\"name\":\"Home\",\"item\":\"https:\\\/\\\/www.rassegnastampa-totustuus.it\\\/cattolica\\\/\"},{\"@type\":\"ListItem\",\"position\":2,\"name\":\"Quattro buone ragioni a favore della monarchia\"}]},{\"@type\":\"WebSite\",\"@id\":\"https:\\\/\\\/www.rassegnastampa-totustuus.it\\\/cattolica\\\/#website\",\"url\":\"https:\\\/\\\/www.rassegnastampa-totustuus.it\\\/cattolica\\\/\",\"name\":\"Rassegna Stampa Cattolica\",\"description\":\"Per una cultura che nasce dalla Rivelazione cristiana in conformit\u00e0 alla tradizione e al Magistero della Chiesa in opposizione ad ogni relativismo e totalitarismo\",\"publisher\":{\"@id\":\"https:\\\/\\\/www.rassegnastampa-totustuus.it\\\/cattolica\\\/#organization\"},\"alternateName\":\"Rass. Cattolica\",\"potentialAction\":[{\"@type\":\"SearchAction\",\"target\":{\"@type\":\"EntryPoint\",\"urlTemplate\":\"https:\\\/\\\/www.rassegnastampa-totustuus.it\\\/cattolica\\\/?s={search_term_string}\"},\"query-input\":{\"@type\":\"PropertyValueSpecification\",\"valueRequired\":true,\"valueName\":\"search_term_string\"}}],\"inLanguage\":\"it-IT\"},{\"@type\":\"Organization\",\"@id\":\"https:\\\/\\\/www.rassegnastampa-totustuus.it\\\/cattolica\\\/#organization\",\"name\":\"Rassegna Stampa Cattolica\",\"url\":\"https:\\\/\\\/www.rassegnastampa-totustuus.it\\\/cattolica\\\/\",\"logo\":{\"@type\":\"ImageObject\",\"inLanguage\":\"it-IT\",\"@id\":\"https:\\\/\\\/www.rassegnastampa-totustuus.it\\\/cattolica\\\/#\\\/schema\\\/logo\\\/image\\\/\",\"url\":\"https:\\\/\\\/www.rassegnastampa-totustuus.it\\\/cattolica\\\/wp-content\\\/uploads\\\/2014\\\/04\\\/logo-rassegna1.gif\",\"contentUrl\":\"https:\\\/\\\/www.rassegnastampa-totustuus.it\\\/cattolica\\\/wp-content\\\/uploads\\\/2014\\\/04\\\/logo-rassegna1.gif\",\"width\":600,\"height\":163,\"caption\":\"Rassegna Stampa Cattolica\"},\"image\":{\"@id\":\"https:\\\/\\\/www.rassegnastampa-totustuus.it\\\/cattolica\\\/#\\\/schema\\\/logo\\\/image\\\/\"},\"sameAs\":[\"https:\\\/\\\/www.facebook.com\\\/rassegnastampacattolica\",\"https:\\\/\\\/x.com\\\/rassegnastampa9\"]},{\"@type\":\"Person\",\"@id\":\"https:\\\/\\\/www.rassegnastampa-totustuus.it\\\/cattolica\\\/#\\\/schema\\\/person\\\/08f319d2bd1a0904ad9e2bfb7b15e5c3\",\"name\":\"Redazione\",\"image\":{\"@type\":\"ImageObject\",\"inLanguage\":\"it-IT\",\"@id\":\"https:\\\/\\\/secure.gravatar.com\\\/avatar\\\/2fcdf27c78ea025fbdb44e914cc63c72249ffec9dc8aafd5c82b26240ef3f346?s=96&d=mm&r=g\",\"url\":\"https:\\\/\\\/secure.gravatar.com\\\/avatar\\\/2fcdf27c78ea025fbdb44e914cc63c72249ffec9dc8aafd5c82b26240ef3f346?s=96&d=mm&r=g\",\"contentUrl\":\"https:\\\/\\\/secure.gravatar.com\\\/avatar\\\/2fcdf27c78ea025fbdb44e914cc63c72249ffec9dc8aafd5c82b26240ef3f346?s=96&d=mm&r=g\",\"caption\":\"Redazione\"},\"url\":\"https:\\\/\\\/www.rassegnastampa-totustuus.it\\\/cattolica\\\/author\\\/pietroelle\\\/\"}]}<\/script>\n<!-- \/ Yoast SEO plugin. -->","yoast_head_json":{"title":"Quattro buone ragioni a favore della monarchia - Rassegna Stampa Cattolica","description":"Quattro buone ragioni a favore della monarchia. Se Dio esiste la realt\u00e0 non \u00e8 repubblicana ma inevitabilmente monarchica","robots":{"index":"index","follow":"follow","max-snippet":"max-snippet:-1","max-image-preview":"max-image-preview:large","max-video-preview":"max-video-preview:-1"},"canonical":"https:\/\/www.rassegnastampa-totustuus.it\/cattolica\/quattro-buone-ragioni-a-favore-della-monarchia\/","og_locale":"it_IT","og_type":"article","og_title":"Quattro buone ragioni a favore della monarchia - Rassegna Stampa Cattolica","og_description":"Quattro buone ragioni a favore della monarchia. Se Dio esiste la realt\u00e0 non \u00e8 repubblicana ma inevitabilmente monarchica","og_url":"https:\/\/www.rassegnastampa-totustuus.it\/cattolica\/quattro-buone-ragioni-a-favore-della-monarchia\/","og_site_name":"Rassegna Stampa Cattolica","article_publisher":"https:\/\/www.facebook.com\/rassegnastampacattolica","article_published_time":"2024-10-29T08:29:45+00:00","article_modified_time":"2024-10-29T08:29:47+00:00","og_image":[{"width":297,"height":180,"url":"https:\/\/www.rassegnastampa-totustuus.it\/cattolica\/wp-content\/uploads\/2024\/02\/monarchia_medioevo.jpeg","type":"image\/jpeg"}],"author":"Redazione","twitter_card":"summary_large_image","twitter_creator":"@rassegnastampa9","twitter_site":"@rassegnastampa9","twitter_misc":{"Scritto da":"Redazione","Tempo di lettura stimato":"8 minuti"},"schema":{"@context":"https:\/\/schema.org","@graph":[{"@type":"Article","@id":"https:\/\/www.rassegnastampa-totustuus.it\/cattolica\/quattro-buone-ragioni-a-favore-della-monarchia\/#article","isPartOf":{"@id":"https:\/\/www.rassegnastampa-totustuus.it\/cattolica\/quattro-buone-ragioni-a-favore-della-monarchia\/"},"author":{"name":"Redazione","@id":"https:\/\/www.rassegnastampa-totustuus.it\/cattolica\/#\/schema\/person\/08f319d2bd1a0904ad9e2bfb7b15e5c3"},"headline":"Quattro buone ragioni a favore della monarchia","datePublished":"2024-10-29T08:29:45+00:00","dateModified":"2024-10-29T08:29:47+00:00","mainEntityOfPage":{"@id":"https:\/\/www.rassegnastampa-totustuus.it\/cattolica\/quattro-buone-ragioni-a-favore-della-monarchia\/"},"wordCount":1175,"publisher":{"@id":"https:\/\/www.rassegnastampa-totustuus.it\/cattolica\/#organization"},"image":{"@id":"https:\/\/www.rassegnastampa-totustuus.it\/cattolica\/quattro-buone-ragioni-a-favore-della-monarchia\/#primaryimage"},"thumbnailUrl":"https:\/\/www.rassegnastampa-totustuus.it\/cattolica\/wp-content\/uploads\/2024\/02\/monarchia_medioevo.jpeg","keywords":["dottrina sociale","monarchia","politica"],"articleSection":["Dottrina sociale","Politica"],"inLanguage":"it-IT"},{"@type":"WebPage","@id":"https:\/\/www.rassegnastampa-totustuus.it\/cattolica\/quattro-buone-ragioni-a-favore-della-monarchia\/","url":"https:\/\/www.rassegnastampa-totustuus.it\/cattolica\/quattro-buone-ragioni-a-favore-della-monarchia\/","name":"Quattro buone ragioni a favore della monarchia - Rassegna Stampa Cattolica","isPartOf":{"@id":"https:\/\/www.rassegnastampa-totustuus.it\/cattolica\/#website"},"primaryImageOfPage":{"@id":"https:\/\/www.rassegnastampa-totustuus.it\/cattolica\/quattro-buone-ragioni-a-favore-della-monarchia\/#primaryimage"},"image":{"@id":"https:\/\/www.rassegnastampa-totustuus.it\/cattolica\/quattro-buone-ragioni-a-favore-della-monarchia\/#primaryimage"},"thumbnailUrl":"https:\/\/www.rassegnastampa-totustuus.it\/cattolica\/wp-content\/uploads\/2024\/02\/monarchia_medioevo.jpeg","datePublished":"2024-10-29T08:29:45+00:00","dateModified":"2024-10-29T08:29:47+00:00","description":"Quattro buone ragioni a favore della monarchia. Se Dio esiste la realt\u00e0 non \u00e8 repubblicana ma inevitabilmente monarchica","breadcrumb":{"@id":"https:\/\/www.rassegnastampa-totustuus.it\/cattolica\/quattro-buone-ragioni-a-favore-della-monarchia\/#breadcrumb"},"inLanguage":"it-IT","potentialAction":[{"@type":"ReadAction","target":["https:\/\/www.rassegnastampa-totustuus.it\/cattolica\/quattro-buone-ragioni-a-favore-della-monarchia\/"]}]},{"@type":"ImageObject","inLanguage":"it-IT","@id":"https:\/\/www.rassegnastampa-totustuus.it\/cattolica\/quattro-buone-ragioni-a-favore-della-monarchia\/#primaryimage","url":"https:\/\/www.rassegnastampa-totustuus.it\/cattolica\/wp-content\/uploads\/2024\/02\/monarchia_medioevo.jpeg","contentUrl":"https:\/\/www.rassegnastampa-totustuus.it\/cattolica\/wp-content\/uploads\/2024\/02\/monarchia_medioevo.jpeg","width":297,"height":180},{"@type":"BreadcrumbList","@id":"https:\/\/www.rassegnastampa-totustuus.it\/cattolica\/quattro-buone-ragioni-a-favore-della-monarchia\/#breadcrumb","itemListElement":[{"@type":"ListItem","position":1,"name":"Home","item":"https:\/\/www.rassegnastampa-totustuus.it\/cattolica\/"},{"@type":"ListItem","position":2,"name":"Quattro buone ragioni a favore della monarchia"}]},{"@type":"WebSite","@id":"https:\/\/www.rassegnastampa-totustuus.it\/cattolica\/#website","url":"https:\/\/www.rassegnastampa-totustuus.it\/cattolica\/","name":"Rassegna Stampa Cattolica","description":"Per una cultura che nasce dalla Rivelazione cristiana in conformit\u00e0 alla tradizione e al Magistero della Chiesa in opposizione ad ogni relativismo e totalitarismo","publisher":{"@id":"https:\/\/www.rassegnastampa-totustuus.it\/cattolica\/#organization"},"alternateName":"Rass. Cattolica","potentialAction":[{"@type":"SearchAction","target":{"@type":"EntryPoint","urlTemplate":"https:\/\/www.rassegnastampa-totustuus.it\/cattolica\/?s={search_term_string}"},"query-input":{"@type":"PropertyValueSpecification","valueRequired":true,"valueName":"search_term_string"}}],"inLanguage":"it-IT"},{"@type":"Organization","@id":"https:\/\/www.rassegnastampa-totustuus.it\/cattolica\/#organization","name":"Rassegna Stampa Cattolica","url":"https:\/\/www.rassegnastampa-totustuus.it\/cattolica\/","logo":{"@type":"ImageObject","inLanguage":"it-IT","@id":"https:\/\/www.rassegnastampa-totustuus.it\/cattolica\/#\/schema\/logo\/image\/","url":"https:\/\/www.rassegnastampa-totustuus.it\/cattolica\/wp-content\/uploads\/2014\/04\/logo-rassegna1.gif","contentUrl":"https:\/\/www.rassegnastampa-totustuus.it\/cattolica\/wp-content\/uploads\/2014\/04\/logo-rassegna1.gif","width":600,"height":163,"caption":"Rassegna Stampa Cattolica"},"image":{"@id":"https:\/\/www.rassegnastampa-totustuus.it\/cattolica\/#\/schema\/logo\/image\/"},"sameAs":["https:\/\/www.facebook.com\/rassegnastampacattolica","https:\/\/x.com\/rassegnastampa9"]},{"@type":"Person","@id":"https:\/\/www.rassegnastampa-totustuus.it\/cattolica\/#\/schema\/person\/08f319d2bd1a0904ad9e2bfb7b15e5c3","name":"Redazione","image":{"@type":"ImageObject","inLanguage":"it-IT","@id":"https:\/\/secure.gravatar.com\/avatar\/2fcdf27c78ea025fbdb44e914cc63c72249ffec9dc8aafd5c82b26240ef3f346?s=96&d=mm&r=g","url":"https:\/\/secure.gravatar.com\/avatar\/2fcdf27c78ea025fbdb44e914cc63c72249ffec9dc8aafd5c82b26240ef3f346?s=96&d=mm&r=g","contentUrl":"https:\/\/secure.gravatar.com\/avatar\/2fcdf27c78ea025fbdb44e914cc63c72249ffec9dc8aafd5c82b26240ef3f346?s=96&d=mm&r=g","caption":"Redazione"},"url":"https:\/\/www.rassegnastampa-totustuus.it\/cattolica\/author\/pietroelle\/"}]}},"_links":{"self":[{"href":"https:\/\/www.rassegnastampa-totustuus.it\/cattolica\/wp-json\/wp\/v2\/posts\/61544","targetHints":{"allow":["GET"]}}],"collection":[{"href":"https:\/\/www.rassegnastampa-totustuus.it\/cattolica\/wp-json\/wp\/v2\/posts"}],"about":[{"href":"https:\/\/www.rassegnastampa-totustuus.it\/cattolica\/wp-json\/wp\/v2\/types\/post"}],"author":[{"embeddable":true,"href":"https:\/\/www.rassegnastampa-totustuus.it\/cattolica\/wp-json\/wp\/v2\/users\/6"}],"replies":[{"embeddable":true,"href":"https:\/\/www.rassegnastampa-totustuus.it\/cattolica\/wp-json\/wp\/v2\/comments?post=61544"}],"version-history":[{"count":1,"href":"https:\/\/www.rassegnastampa-totustuus.it\/cattolica\/wp-json\/wp\/v2\/posts\/61544\/revisions"}],"predecessor-version":[{"id":61547,"href":"https:\/\/www.rassegnastampa-totustuus.it\/cattolica\/wp-json\/wp\/v2\/posts\/61544\/revisions\/61547"}],"wp:featuredmedia":[{"embeddable":true,"href":"https:\/\/www.rassegnastampa-totustuus.it\/cattolica\/wp-json\/wp\/v2\/media\/59481"}],"wp:attachment":[{"href":"https:\/\/www.rassegnastampa-totustuus.it\/cattolica\/wp-json\/wp\/v2\/media?parent=61544"}],"wp:term":[{"taxonomy":"category","embeddable":true,"href":"https:\/\/www.rassegnastampa-totustuus.it\/cattolica\/wp-json\/wp\/v2\/categories?post=61544"},{"taxonomy":"post_tag","embeddable":true,"href":"https:\/\/www.rassegnastampa-totustuus.it\/cattolica\/wp-json\/wp\/v2\/tags?post=61544"}],"curies":[{"name":"wp","href":"https:\/\/api.w.org\/{rel}","templated":true}]}}