{"id":61520,"date":"2024-10-25T09:08:58","date_gmt":"2024-10-25T07:08:58","guid":{"rendered":"https:\/\/www.rassegnastampa-totustuus.it\/cattolica\/?p=61520"},"modified":"2024-10-25T09:10:28","modified_gmt":"2024-10-25T07:10:28","slug":"il-rapporto-sulla-polizia-razzista-e-la-galassia-soros","status":"publish","type":"post","link":"https:\/\/www.rassegnastampa-totustuus.it\/cattolica\/il-rapporto-sulla-polizia-razzista-e-la-galassia-soros\/","title":{"rendered":"Il rapporto sulla polizia \u201crazzista\u201d e la galassia Soros"},"content":{"rendered":"<p style=\"text-align: center;\"><strong><a href=\"https:\/\/lanuovabq.it\/\"><span style=\"color: #0000ff;\"><img loading=\"lazy\" decoding=\"async\" class=\" wp-image-61521 alignleft\" src=\"https:\/\/www.rassegnastampa-totustuus.it\/cattolica\/wp-content\/uploads\/2024\/10\/navi_immigrati.jpeg\" alt=\"\" width=\"332\" height=\"186\" \/>La nuova Bussola quotidiana<\/span><\/a><\/strong><\/p>\n<p style=\"text-align: center;\"><span style=\"color: #000000;\">24 Ottobre 2024\u00a0 <\/span><\/p>\n<p style=\"text-align: justify;\"><span style=\"color: #000000;\"><em>La commissione del Consiglio d\u2019Europa che ha tacciato di razzismo la polizia italiana \u00e8 espressione della Cedu, che a sua volta \u00e8 pesantemente influenzata dalle Ong legate a George Soros. Riguardo poi alla questione Albania, il problema alla base \u00e8 la cessione di sovranit\u00e0. <\/em><\/span><\/p>\n<p style=\"text-align: center;\"><span style=\"color: #000000;\">di <strong>Stefano Fontana<\/strong><\/span><\/p>\n<p><!--more--><\/p>\n<p style=\"text-align: justify;\"><span style=\"color: #000000;\">La vicenda riguardante il braccio di ferro tra governo e magistratura a proposito del centro per immigrati in Albania e l\u2019accusa del Consiglio d\u2019Europa alla polizia italiana di essere razzista hanno portato alla luce due questioni di notevole interesse politico. Non entro qui nel merito tecnico, mi limito a ricordare queste due annose questioni.<\/span><\/p>\n<p style=\"text-align: justify;\"><span style=\"color: #000000;\"><strong>Le recenti scelte fatte dal governo italiano <\/strong>per ovviare alle decisioni del Tribunale di Roma, che ha ordinato il ritorno in Italia di 12 richiedenti asilo tra i 16 che erano stati condotti al centro in Albania, possono essere in conflitto con il diritto dell\u2019Unione europea. Qualcuno dice che le disposizioni della Corte di Giustizia dell\u2019Unione europea (CGUE) circa i \u201cPaesi a rischio\u201d non sono vincolanti, ma la questione \u00e8 aperta. <\/span><\/p>\n<p style=\"text-align: justify;\"><span style=\"color: #000000;\">Qui ci si scontra con il grande problema della cessione di sovranit\u00e0 giuridica all\u2019Unione. Il Trattato di Lisbona sancisce la priorit\u00e0 del diritto europeo su quello degli Stati membri dell\u2019Unione. La Dichiarazione 17 di questo Trattato afferma: \u00abSecondo una costante giurisprudenza della Corte di giustizia dell\u2019UE, i trattati e il diritto adottato dall\u2019UE hanno la preminenza sul diritto degli Stati membri, nelle condizioni definite dalla detta giurisprudenza\u00bb. <\/span><\/p>\n<p style=\"text-align: justify;\"><span style=\"color: #000000;\"><img loading=\"lazy\" decoding=\"async\" class=\" wp-image-46956 alignright\" src=\"https:\/\/www.rassegnastampa-totustuus.it\/cattolica\/wp-content\/uploads\/2020\/04\/Europa_UE_bandiera-300x204.jpg\" alt=\"\" width=\"350\" height=\"238\" srcset=\"https:\/\/www.rassegnastampa-totustuus.it\/cattolica\/wp-content\/uploads\/2020\/04\/Europa_UE_bandiera-300x204.jpg 300w, https:\/\/www.rassegnastampa-totustuus.it\/cattolica\/wp-content\/uploads\/2020\/04\/Europa_UE_bandiera-768x523.jpg 768w, https:\/\/www.rassegnastampa-totustuus.it\/cattolica\/wp-content\/uploads\/2020\/04\/Europa_UE_bandiera-1024x697.jpg 1024w, https:\/\/www.rassegnastampa-totustuus.it\/cattolica\/wp-content\/uploads\/2020\/04\/Europa_UE_bandiera.jpg 1471w\" sizes=\"auto, (max-width: 350px) 100vw, 350px\" \/>Christophe R\u00e9veillard, studioso della Sorbona, ha scritto per l\u2019ultimo Rapporto dell\u2019Osservatorio Van Thu\u00e2n un articolo dal titolo <em>Nell\u2019Europa delle libert\u00e0, la pedagogia forzata delle masse<\/em> in cui, tra l\u2019altro, afferma che quanto stabilito dal Trattato \u00e8 \u00abuna camicia di forza normativa e procedurale esorbitante e paralizzante i diritti nazionali\u00bb (p. 87). Un esempio di questa \u201cparalisi\u201d viene a galla ora nel contenzioso sull\u2019Albania. Indipendentemente da come (e se) se ne uscir\u00e0, penso sia utile tenere conto di questa cornice. Quando si cede sovranit\u00e0 bisogna poi ricordarsi di averla ceduta.<\/span><\/p>\n<p style=\"text-align: justify;\"><span style=\"color: #000000;\"><strong>La seconda questione riguarda non l\u2019Unione europea ma il Consiglio d\u2019Europa<\/strong>. L\u2019Ecri (Commissione europea contro il razzismo e l\u2019intolleranza), che ha emesso quella valutazione sulla polizia italiana, \u00e8 espressione infatti della Cedu, la Corte europea per i diritti dell\u2019uomo. Il secondo aspetto che desidero sottolineare \u00e8 cosa sono in realt\u00e0 le corti internazionali di giustizia e, in particolare, la Cedu. <\/span><\/p>\n<p style=\"text-align: justify;\"><span style=\"color: #000000;\">Secondo Gr\u00e9gor Puppinck, direttore dell\u2019European Centre for Law and Justice (<a style=\"color: #000000;\" href=\"https:\/\/eclj.org\/\">Eclj<\/a>), \u00abalcuni grandi attori privati cercano di partecipare al processo di nomina di esperti e giudici. Giustificano tale pretesa sostenendo che il loro coinvolgimento contribuirebbe a depoliticizzare il processo di nomina\u00bb. Questi attori privati sono le grandi fondazioni e le pi\u00f9 importanti Ong globaliste. L\u2019Eclj ha denunciato la loro influenza sulle corti di giustizia in numerosi Rapporti. <\/span><\/p>\n<p style=\"text-align: justify;\"><span style=\"color: #000000;\"><img loading=\"lazy\" decoding=\"async\" class=\" wp-image-52953 alignleft\" src=\"https:\/\/www.rassegnastampa-totustuus.it\/cattolica\/wp-content\/uploads\/2021\/11\/polizia_crimini-300x158.jpg\" alt=\"\" width=\"353\" height=\"186\" srcset=\"https:\/\/www.rassegnastampa-totustuus.it\/cattolica\/wp-content\/uploads\/2021\/11\/polizia_crimini-300x158.jpg 300w, https:\/\/www.rassegnastampa-totustuus.it\/cattolica\/wp-content\/uploads\/2021\/11\/polizia_crimini.jpg 310w\" sizes=\"auto, (max-width: 353px) 100vw, 353px\" \/>Nel caso specifico della Cedu, nel 2003 l\u2019organizzazione Interights, con l\u2019aiuto dell\u2019Open Society Institute (oggi Open Society Foundations) di George Soros, ha pubblicato un Rapporto dal titolo <em>Indipendenza della magistratura: diritto e prassi nelle nomine alla Corte europea dei diritti dell\u2019uomo<\/em> in cui si indicavano le linee operative per far partecipare alle nomine anche la cosiddetta \u201csociet\u00e0 civile\u201d. <\/span><\/p>\n<p style=\"text-align: justify;\"><span style=\"color: #000000;\">Nel 2012 il Comitato dei ministri del Consiglio d\u2019Europa ha adottato le \u201clinee guida\u201d per la selezione dei giudici alla Cedu, prevedendo anche la possibilit\u00e0 che dei candidati siano proposti dalle Ong. Nel 2020 l\u2019Eclj ha pubblicato un Rapporto intitolato<em> Le Ong e i giudici della Cedu<\/em>, da cui risultano moltissimi casi di giudici nominati per volont\u00e0 della Open Society o da sette organizzazioni finanziate dalla stessa, tra cui Amnesty International, Commissione internazionale dei giuristi (ICJ) e Human Rights Watch.<\/span><\/p>\n<p style=\"text-align: justify;\"><span style=\"color: #000000;\"><strong>Quando sentiamo parlare<\/strong>, come in questi giorni, di relazioni giuridiche con l\u2019UE o con il Consiglio d\u2019Europa \u00e8 bene ricordare queste cose, per sapere con chi si ha a che fare e perch\u00e9.<\/span><\/p>\n<p>_____________________________________________<\/p>\n<p><span style=\"color: #000000;\">Leggi anche:<br \/><\/span><\/p>\n<p><a href=\"https:\/\/www.rassegnastampa-totustuus.it\/cattolica\/soros-la-societa-aperta-i-suoi-oligarchi-a-colloquio-con-roberto-pecchiolisoros-la-societa-aperta-e-i-suoi-oligarchi\/\" target=\"_blank\" rel=\"noopener\"><span style=\"color: #0000ff;\">Soros la societ\u00e0 aperta &amp; i suoi oligarchi, A colloquio con Roberto Pecchioli<\/span><\/a><\/p>\n\n\n<p><\/p>\n","protected":false},"excerpt":{"rendered":"<p>La nuova Bussola quotidiana 24 Ottobre 2024\u00a0 La commissione del Consiglio d\u2019Europa che ha tacciato di razzismo la polizia italiana \u00e8 espressione della Cedu, che a sua volta \u00e8 pesantemente influenzata dalle Ong legate a George Soros. Riguardo poi alla questione Albania, il problema alla base \u00e8 la cessione di sovranit\u00e0. di Stefano Fontana<\/p><p><a class=\"more-link btn\" href=\"https:\/\/www.rassegnastampa-totustuus.it\/cattolica\/il-rapporto-sulla-polizia-razzista-e-la-galassia-soros\/\">Continua a leggere<\/a><\/p>\n","protected":false},"author":6,"featured_media":61521,"comment_status":"closed","ping_status":"closed","sticky":false,"template":"","format":"standard","meta":{"footnotes":""},"categories":[10,14],"tags":[180,567,688,2392,2289,765],"class_list":["post-61520","post","type-post","status-publish","format-standard","has-post-thumbnail","hentry","category-diritto","category-europa-e-ue","tag-diritto-2","tag-europa-eu","tag-george-soros","tag-immigrazione","tag-ong","tag-sovranita","item-wrap"],"yoast_head":"<!-- This site is optimized with the Yoast SEO plugin v27.4 - https:\/\/yoast.com\/product\/yoast-seo-wordpress\/ -->\n<title>Il rapporto sulla polizia \u201crazzista\u201d e la galassia Soros - Rassegna Stampa Cattolica<\/title>\n<meta name=\"description\" content=\"Il rapporto sulla polizia \u201crazzista\u201d e la galassia Soros. La commissione del Consiglio d\u2019Europa \u00e8 influenzata dalle Ong\" \/>\n<meta name=\"robots\" content=\"index, follow, max-snippet:-1, max-image-preview:large, max-video-preview:-1\" \/>\n<link rel=\"canonical\" href=\"https:\/\/www.rassegnastampa-totustuus.it\/cattolica\/il-rapporto-sulla-polizia-razzista-e-la-galassia-soros\/\" \/>\n<meta property=\"og:locale\" content=\"it_IT\" \/>\n<meta property=\"og:type\" content=\"article\" \/>\n<meta property=\"og:title\" content=\"Il rapporto sulla polizia \u201crazzista\u201d e la galassia Soros - Rassegna Stampa Cattolica\" \/>\n<meta property=\"og:description\" content=\"Il rapporto sulla polizia \u201crazzista\u201d e la galassia Soros. La commissione del Consiglio d\u2019Europa \u00e8 influenzata dalle Ong\" \/>\n<meta property=\"og:url\" content=\"https:\/\/www.rassegnastampa-totustuus.it\/cattolica\/il-rapporto-sulla-polizia-razzista-e-la-galassia-soros\/\" \/>\n<meta property=\"og:site_name\" content=\"Rassegna Stampa Cattolica\" \/>\n<meta property=\"article:publisher\" content=\"https:\/\/www.facebook.com\/rassegnastampacattolica\" \/>\n<meta property=\"article:published_time\" content=\"2024-10-25T07:08:58+00:00\" \/>\n<meta property=\"article:modified_time\" content=\"2024-10-25T07:10:28+00:00\" \/>\n<meta property=\"og:image\" content=\"https:\/\/www.rassegnastampa-totustuus.it\/cattolica\/wp-content\/uploads\/2024\/10\/navi_immigrati.jpeg\" \/>\n\t<meta property=\"og:image:width\" content=\"300\" \/>\n\t<meta property=\"og:image:height\" content=\"168\" \/>\n\t<meta property=\"og:image:type\" content=\"image\/jpeg\" \/>\n<meta name=\"author\" content=\"Redazione\" \/>\n<meta name=\"twitter:card\" content=\"summary_large_image\" \/>\n<meta name=\"twitter:creator\" content=\"@rassegnastampa9\" \/>\n<meta name=\"twitter:site\" content=\"@rassegnastampa9\" \/>\n<meta name=\"twitter:label1\" content=\"Scritto da\" \/>\n\t<meta name=\"twitter:data1\" content=\"Redazione\" \/>\n\t<meta name=\"twitter:label2\" content=\"Tempo di lettura stimato\" \/>\n\t<meta name=\"twitter:data2\" content=\"5 minuti\" \/>\n<script type=\"application\/ld+json\" class=\"yoast-schema-graph\">{\"@context\":\"https:\\\/\\\/schema.org\",\"@graph\":[{\"@type\":\"Article\",\"@id\":\"https:\\\/\\\/www.rassegnastampa-totustuus.it\\\/cattolica\\\/il-rapporto-sulla-polizia-razzista-e-la-galassia-soros\\\/#article\",\"isPartOf\":{\"@id\":\"https:\\\/\\\/www.rassegnastampa-totustuus.it\\\/cattolica\\\/il-rapporto-sulla-polizia-razzista-e-la-galassia-soros\\\/\"},\"author\":{\"name\":\"Redazione\",\"@id\":\"https:\\\/\\\/www.rassegnastampa-totustuus.it\\\/cattolica\\\/#\\\/schema\\\/person\\\/08f319d2bd1a0904ad9e2bfb7b15e5c3\"},\"headline\":\"Il rapporto sulla polizia \u201crazzista\u201d e la galassia Soros\",\"datePublished\":\"2024-10-25T07:08:58+00:00\",\"dateModified\":\"2024-10-25T07:10:28+00:00\",\"mainEntityOfPage\":{\"@id\":\"https:\\\/\\\/www.rassegnastampa-totustuus.it\\\/cattolica\\\/il-rapporto-sulla-polizia-razzista-e-la-galassia-soros\\\/\"},\"wordCount\":672,\"publisher\":{\"@id\":\"https:\\\/\\\/www.rassegnastampa-totustuus.it\\\/cattolica\\\/#organization\"},\"image\":{\"@id\":\"https:\\\/\\\/www.rassegnastampa-totustuus.it\\\/cattolica\\\/il-rapporto-sulla-polizia-razzista-e-la-galassia-soros\\\/#primaryimage\"},\"thumbnailUrl\":\"https:\\\/\\\/www.rassegnastampa-totustuus.it\\\/cattolica\\\/wp-content\\\/uploads\\\/2024\\\/10\\\/navi_immigrati.jpeg\",\"keywords\":[\"diritto\",\"Europa EU\",\"George Soros\",\"immigrazione\",\"Ong\",\"sovranit\u00e0\"],\"articleSection\":[\"Diritto\",\"Europa e UE\"],\"inLanguage\":\"it-IT\"},{\"@type\":\"WebPage\",\"@id\":\"https:\\\/\\\/www.rassegnastampa-totustuus.it\\\/cattolica\\\/il-rapporto-sulla-polizia-razzista-e-la-galassia-soros\\\/\",\"url\":\"https:\\\/\\\/www.rassegnastampa-totustuus.it\\\/cattolica\\\/il-rapporto-sulla-polizia-razzista-e-la-galassia-soros\\\/\",\"name\":\"Il rapporto sulla polizia \u201crazzista\u201d e la galassia Soros - Rassegna Stampa Cattolica\",\"isPartOf\":{\"@id\":\"https:\\\/\\\/www.rassegnastampa-totustuus.it\\\/cattolica\\\/#website\"},\"primaryImageOfPage\":{\"@id\":\"https:\\\/\\\/www.rassegnastampa-totustuus.it\\\/cattolica\\\/il-rapporto-sulla-polizia-razzista-e-la-galassia-soros\\\/#primaryimage\"},\"image\":{\"@id\":\"https:\\\/\\\/www.rassegnastampa-totustuus.it\\\/cattolica\\\/il-rapporto-sulla-polizia-razzista-e-la-galassia-soros\\\/#primaryimage\"},\"thumbnailUrl\":\"https:\\\/\\\/www.rassegnastampa-totustuus.it\\\/cattolica\\\/wp-content\\\/uploads\\\/2024\\\/10\\\/navi_immigrati.jpeg\",\"datePublished\":\"2024-10-25T07:08:58+00:00\",\"dateModified\":\"2024-10-25T07:10:28+00:00\",\"description\":\"Il rapporto sulla polizia \u201crazzista\u201d e la galassia Soros. La commissione del Consiglio d\u2019Europa \u00e8 influenzata dalle Ong\",\"breadcrumb\":{\"@id\":\"https:\\\/\\\/www.rassegnastampa-totustuus.it\\\/cattolica\\\/il-rapporto-sulla-polizia-razzista-e-la-galassia-soros\\\/#breadcrumb\"},\"inLanguage\":\"it-IT\",\"potentialAction\":[{\"@type\":\"ReadAction\",\"target\":[\"https:\\\/\\\/www.rassegnastampa-totustuus.it\\\/cattolica\\\/il-rapporto-sulla-polizia-razzista-e-la-galassia-soros\\\/\"]}]},{\"@type\":\"ImageObject\",\"inLanguage\":\"it-IT\",\"@id\":\"https:\\\/\\\/www.rassegnastampa-totustuus.it\\\/cattolica\\\/il-rapporto-sulla-polizia-razzista-e-la-galassia-soros\\\/#primaryimage\",\"url\":\"https:\\\/\\\/www.rassegnastampa-totustuus.it\\\/cattolica\\\/wp-content\\\/uploads\\\/2024\\\/10\\\/navi_immigrati.jpeg\",\"contentUrl\":\"https:\\\/\\\/www.rassegnastampa-totustuus.it\\\/cattolica\\\/wp-content\\\/uploads\\\/2024\\\/10\\\/navi_immigrati.jpeg\",\"width\":300,\"height\":168},{\"@type\":\"BreadcrumbList\",\"@id\":\"https:\\\/\\\/www.rassegnastampa-totustuus.it\\\/cattolica\\\/il-rapporto-sulla-polizia-razzista-e-la-galassia-soros\\\/#breadcrumb\",\"itemListElement\":[{\"@type\":\"ListItem\",\"position\":1,\"name\":\"Home\",\"item\":\"https:\\\/\\\/www.rassegnastampa-totustuus.it\\\/cattolica\\\/\"},{\"@type\":\"ListItem\",\"position\":2,\"name\":\"Il rapporto sulla polizia \u201crazzista\u201d e la galassia Soros\"}]},{\"@type\":\"WebSite\",\"@id\":\"https:\\\/\\\/www.rassegnastampa-totustuus.it\\\/cattolica\\\/#website\",\"url\":\"https:\\\/\\\/www.rassegnastampa-totustuus.it\\\/cattolica\\\/\",\"name\":\"Rassegna Stampa Cattolica\",\"description\":\"Per una cultura che nasce dalla Rivelazione cristiana in conformit\u00e0 alla tradizione e al Magistero della Chiesa in opposizione ad ogni relativismo e totalitarismo\",\"publisher\":{\"@id\":\"https:\\\/\\\/www.rassegnastampa-totustuus.it\\\/cattolica\\\/#organization\"},\"alternateName\":\"Rass. Cattolica\",\"potentialAction\":[{\"@type\":\"SearchAction\",\"target\":{\"@type\":\"EntryPoint\",\"urlTemplate\":\"https:\\\/\\\/www.rassegnastampa-totustuus.it\\\/cattolica\\\/?s={search_term_string}\"},\"query-input\":{\"@type\":\"PropertyValueSpecification\",\"valueRequired\":true,\"valueName\":\"search_term_string\"}}],\"inLanguage\":\"it-IT\"},{\"@type\":\"Organization\",\"@id\":\"https:\\\/\\\/www.rassegnastampa-totustuus.it\\\/cattolica\\\/#organization\",\"name\":\"Rassegna Stampa Cattolica\",\"url\":\"https:\\\/\\\/www.rassegnastampa-totustuus.it\\\/cattolica\\\/\",\"logo\":{\"@type\":\"ImageObject\",\"inLanguage\":\"it-IT\",\"@id\":\"https:\\\/\\\/www.rassegnastampa-totustuus.it\\\/cattolica\\\/#\\\/schema\\\/logo\\\/image\\\/\",\"url\":\"https:\\\/\\\/www.rassegnastampa-totustuus.it\\\/cattolica\\\/wp-content\\\/uploads\\\/2014\\\/04\\\/logo-rassegna1.gif\",\"contentUrl\":\"https:\\\/\\\/www.rassegnastampa-totustuus.it\\\/cattolica\\\/wp-content\\\/uploads\\\/2014\\\/04\\\/logo-rassegna1.gif\",\"width\":600,\"height\":163,\"caption\":\"Rassegna Stampa Cattolica\"},\"image\":{\"@id\":\"https:\\\/\\\/www.rassegnastampa-totustuus.it\\\/cattolica\\\/#\\\/schema\\\/logo\\\/image\\\/\"},\"sameAs\":[\"https:\\\/\\\/www.facebook.com\\\/rassegnastampacattolica\",\"https:\\\/\\\/x.com\\\/rassegnastampa9\"]},{\"@type\":\"Person\",\"@id\":\"https:\\\/\\\/www.rassegnastampa-totustuus.it\\\/cattolica\\\/#\\\/schema\\\/person\\\/08f319d2bd1a0904ad9e2bfb7b15e5c3\",\"name\":\"Redazione\",\"image\":{\"@type\":\"ImageObject\",\"inLanguage\":\"it-IT\",\"@id\":\"https:\\\/\\\/secure.gravatar.com\\\/avatar\\\/2fcdf27c78ea025fbdb44e914cc63c72249ffec9dc8aafd5c82b26240ef3f346?s=96&d=mm&r=g\",\"url\":\"https:\\\/\\\/secure.gravatar.com\\\/avatar\\\/2fcdf27c78ea025fbdb44e914cc63c72249ffec9dc8aafd5c82b26240ef3f346?s=96&d=mm&r=g\",\"contentUrl\":\"https:\\\/\\\/secure.gravatar.com\\\/avatar\\\/2fcdf27c78ea025fbdb44e914cc63c72249ffec9dc8aafd5c82b26240ef3f346?s=96&d=mm&r=g\",\"caption\":\"Redazione\"},\"url\":\"https:\\\/\\\/www.rassegnastampa-totustuus.it\\\/cattolica\\\/author\\\/pietroelle\\\/\"}]}<\/script>\n<!-- \/ Yoast SEO plugin. -->","yoast_head_json":{"title":"Il rapporto sulla polizia \u201crazzista\u201d e la galassia Soros - Rassegna Stampa Cattolica","description":"Il rapporto sulla polizia \u201crazzista\u201d e la galassia Soros. La commissione del Consiglio d\u2019Europa \u00e8 influenzata dalle Ong","robots":{"index":"index","follow":"follow","max-snippet":"max-snippet:-1","max-image-preview":"max-image-preview:large","max-video-preview":"max-video-preview:-1"},"canonical":"https:\/\/www.rassegnastampa-totustuus.it\/cattolica\/il-rapporto-sulla-polizia-razzista-e-la-galassia-soros\/","og_locale":"it_IT","og_type":"article","og_title":"Il rapporto sulla polizia \u201crazzista\u201d e la galassia Soros - Rassegna Stampa Cattolica","og_description":"Il rapporto sulla polizia \u201crazzista\u201d e la galassia Soros. La commissione del Consiglio d\u2019Europa \u00e8 influenzata dalle Ong","og_url":"https:\/\/www.rassegnastampa-totustuus.it\/cattolica\/il-rapporto-sulla-polizia-razzista-e-la-galassia-soros\/","og_site_name":"Rassegna Stampa Cattolica","article_publisher":"https:\/\/www.facebook.com\/rassegnastampacattolica","article_published_time":"2024-10-25T07:08:58+00:00","article_modified_time":"2024-10-25T07:10:28+00:00","og_image":[{"width":300,"height":168,"url":"https:\/\/www.rassegnastampa-totustuus.it\/cattolica\/wp-content\/uploads\/2024\/10\/navi_immigrati.jpeg","type":"image\/jpeg"}],"author":"Redazione","twitter_card":"summary_large_image","twitter_creator":"@rassegnastampa9","twitter_site":"@rassegnastampa9","twitter_misc":{"Scritto da":"Redazione","Tempo di lettura stimato":"5 minuti"},"schema":{"@context":"https:\/\/schema.org","@graph":[{"@type":"Article","@id":"https:\/\/www.rassegnastampa-totustuus.it\/cattolica\/il-rapporto-sulla-polizia-razzista-e-la-galassia-soros\/#article","isPartOf":{"@id":"https:\/\/www.rassegnastampa-totustuus.it\/cattolica\/il-rapporto-sulla-polizia-razzista-e-la-galassia-soros\/"},"author":{"name":"Redazione","@id":"https:\/\/www.rassegnastampa-totustuus.it\/cattolica\/#\/schema\/person\/08f319d2bd1a0904ad9e2bfb7b15e5c3"},"headline":"Il rapporto sulla polizia \u201crazzista\u201d e la galassia Soros","datePublished":"2024-10-25T07:08:58+00:00","dateModified":"2024-10-25T07:10:28+00:00","mainEntityOfPage":{"@id":"https:\/\/www.rassegnastampa-totustuus.it\/cattolica\/il-rapporto-sulla-polizia-razzista-e-la-galassia-soros\/"},"wordCount":672,"publisher":{"@id":"https:\/\/www.rassegnastampa-totustuus.it\/cattolica\/#organization"},"image":{"@id":"https:\/\/www.rassegnastampa-totustuus.it\/cattolica\/il-rapporto-sulla-polizia-razzista-e-la-galassia-soros\/#primaryimage"},"thumbnailUrl":"https:\/\/www.rassegnastampa-totustuus.it\/cattolica\/wp-content\/uploads\/2024\/10\/navi_immigrati.jpeg","keywords":["diritto","Europa EU","George Soros","immigrazione","Ong","sovranit\u00e0"],"articleSection":["Diritto","Europa e UE"],"inLanguage":"it-IT"},{"@type":"WebPage","@id":"https:\/\/www.rassegnastampa-totustuus.it\/cattolica\/il-rapporto-sulla-polizia-razzista-e-la-galassia-soros\/","url":"https:\/\/www.rassegnastampa-totustuus.it\/cattolica\/il-rapporto-sulla-polizia-razzista-e-la-galassia-soros\/","name":"Il rapporto sulla polizia \u201crazzista\u201d e la galassia Soros - Rassegna Stampa Cattolica","isPartOf":{"@id":"https:\/\/www.rassegnastampa-totustuus.it\/cattolica\/#website"},"primaryImageOfPage":{"@id":"https:\/\/www.rassegnastampa-totustuus.it\/cattolica\/il-rapporto-sulla-polizia-razzista-e-la-galassia-soros\/#primaryimage"},"image":{"@id":"https:\/\/www.rassegnastampa-totustuus.it\/cattolica\/il-rapporto-sulla-polizia-razzista-e-la-galassia-soros\/#primaryimage"},"thumbnailUrl":"https:\/\/www.rassegnastampa-totustuus.it\/cattolica\/wp-content\/uploads\/2024\/10\/navi_immigrati.jpeg","datePublished":"2024-10-25T07:08:58+00:00","dateModified":"2024-10-25T07:10:28+00:00","description":"Il rapporto sulla polizia \u201crazzista\u201d e la galassia Soros. La commissione del Consiglio d\u2019Europa \u00e8 influenzata dalle Ong","breadcrumb":{"@id":"https:\/\/www.rassegnastampa-totustuus.it\/cattolica\/il-rapporto-sulla-polizia-razzista-e-la-galassia-soros\/#breadcrumb"},"inLanguage":"it-IT","potentialAction":[{"@type":"ReadAction","target":["https:\/\/www.rassegnastampa-totustuus.it\/cattolica\/il-rapporto-sulla-polizia-razzista-e-la-galassia-soros\/"]}]},{"@type":"ImageObject","inLanguage":"it-IT","@id":"https:\/\/www.rassegnastampa-totustuus.it\/cattolica\/il-rapporto-sulla-polizia-razzista-e-la-galassia-soros\/#primaryimage","url":"https:\/\/www.rassegnastampa-totustuus.it\/cattolica\/wp-content\/uploads\/2024\/10\/navi_immigrati.jpeg","contentUrl":"https:\/\/www.rassegnastampa-totustuus.it\/cattolica\/wp-content\/uploads\/2024\/10\/navi_immigrati.jpeg","width":300,"height":168},{"@type":"BreadcrumbList","@id":"https:\/\/www.rassegnastampa-totustuus.it\/cattolica\/il-rapporto-sulla-polizia-razzista-e-la-galassia-soros\/#breadcrumb","itemListElement":[{"@type":"ListItem","position":1,"name":"Home","item":"https:\/\/www.rassegnastampa-totustuus.it\/cattolica\/"},{"@type":"ListItem","position":2,"name":"Il rapporto sulla polizia \u201crazzista\u201d e la galassia Soros"}]},{"@type":"WebSite","@id":"https:\/\/www.rassegnastampa-totustuus.it\/cattolica\/#website","url":"https:\/\/www.rassegnastampa-totustuus.it\/cattolica\/","name":"Rassegna Stampa Cattolica","description":"Per una cultura che nasce dalla Rivelazione cristiana in conformit\u00e0 alla tradizione e al Magistero della Chiesa in opposizione ad ogni relativismo e totalitarismo","publisher":{"@id":"https:\/\/www.rassegnastampa-totustuus.it\/cattolica\/#organization"},"alternateName":"Rass. Cattolica","potentialAction":[{"@type":"SearchAction","target":{"@type":"EntryPoint","urlTemplate":"https:\/\/www.rassegnastampa-totustuus.it\/cattolica\/?s={search_term_string}"},"query-input":{"@type":"PropertyValueSpecification","valueRequired":true,"valueName":"search_term_string"}}],"inLanguage":"it-IT"},{"@type":"Organization","@id":"https:\/\/www.rassegnastampa-totustuus.it\/cattolica\/#organization","name":"Rassegna Stampa Cattolica","url":"https:\/\/www.rassegnastampa-totustuus.it\/cattolica\/","logo":{"@type":"ImageObject","inLanguage":"it-IT","@id":"https:\/\/www.rassegnastampa-totustuus.it\/cattolica\/#\/schema\/logo\/image\/","url":"https:\/\/www.rassegnastampa-totustuus.it\/cattolica\/wp-content\/uploads\/2014\/04\/logo-rassegna1.gif","contentUrl":"https:\/\/www.rassegnastampa-totustuus.it\/cattolica\/wp-content\/uploads\/2014\/04\/logo-rassegna1.gif","width":600,"height":163,"caption":"Rassegna Stampa Cattolica"},"image":{"@id":"https:\/\/www.rassegnastampa-totustuus.it\/cattolica\/#\/schema\/logo\/image\/"},"sameAs":["https:\/\/www.facebook.com\/rassegnastampacattolica","https:\/\/x.com\/rassegnastampa9"]},{"@type":"Person","@id":"https:\/\/www.rassegnastampa-totustuus.it\/cattolica\/#\/schema\/person\/08f319d2bd1a0904ad9e2bfb7b15e5c3","name":"Redazione","image":{"@type":"ImageObject","inLanguage":"it-IT","@id":"https:\/\/secure.gravatar.com\/avatar\/2fcdf27c78ea025fbdb44e914cc63c72249ffec9dc8aafd5c82b26240ef3f346?s=96&d=mm&r=g","url":"https:\/\/secure.gravatar.com\/avatar\/2fcdf27c78ea025fbdb44e914cc63c72249ffec9dc8aafd5c82b26240ef3f346?s=96&d=mm&r=g","contentUrl":"https:\/\/secure.gravatar.com\/avatar\/2fcdf27c78ea025fbdb44e914cc63c72249ffec9dc8aafd5c82b26240ef3f346?s=96&d=mm&r=g","caption":"Redazione"},"url":"https:\/\/www.rassegnastampa-totustuus.it\/cattolica\/author\/pietroelle\/"}]}},"_links":{"self":[{"href":"https:\/\/www.rassegnastampa-totustuus.it\/cattolica\/wp-json\/wp\/v2\/posts\/61520","targetHints":{"allow":["GET"]}}],"collection":[{"href":"https:\/\/www.rassegnastampa-totustuus.it\/cattolica\/wp-json\/wp\/v2\/posts"}],"about":[{"href":"https:\/\/www.rassegnastampa-totustuus.it\/cattolica\/wp-json\/wp\/v2\/types\/post"}],"author":[{"embeddable":true,"href":"https:\/\/www.rassegnastampa-totustuus.it\/cattolica\/wp-json\/wp\/v2\/users\/6"}],"replies":[{"embeddable":true,"href":"https:\/\/www.rassegnastampa-totustuus.it\/cattolica\/wp-json\/wp\/v2\/comments?post=61520"}],"version-history":[{"count":2,"href":"https:\/\/www.rassegnastampa-totustuus.it\/cattolica\/wp-json\/wp\/v2\/posts\/61520\/revisions"}],"predecessor-version":[{"id":61523,"href":"https:\/\/www.rassegnastampa-totustuus.it\/cattolica\/wp-json\/wp\/v2\/posts\/61520\/revisions\/61523"}],"wp:featuredmedia":[{"embeddable":true,"href":"https:\/\/www.rassegnastampa-totustuus.it\/cattolica\/wp-json\/wp\/v2\/media\/61521"}],"wp:attachment":[{"href":"https:\/\/www.rassegnastampa-totustuus.it\/cattolica\/wp-json\/wp\/v2\/media?parent=61520"}],"wp:term":[{"taxonomy":"category","embeddable":true,"href":"https:\/\/www.rassegnastampa-totustuus.it\/cattolica\/wp-json\/wp\/v2\/categories?post=61520"},{"taxonomy":"post_tag","embeddable":true,"href":"https:\/\/www.rassegnastampa-totustuus.it\/cattolica\/wp-json\/wp\/v2\/tags?post=61520"}],"curies":[{"name":"wp","href":"https:\/\/api.w.org\/{rel}","templated":true}]}}