{"id":61507,"date":"2024-10-21T10:08:45","date_gmt":"2024-10-21T08:08:45","guid":{"rendered":"https:\/\/www.rassegnastampa-totustuus.it\/cattolica\/?p=61507"},"modified":"2024-11-15T08:43:37","modified_gmt":"2024-11-15T07:43:37","slug":"combatterono-come-leoni-morirono-da-eroi-li-chiamarono-briganti","status":"publish","type":"post","link":"https:\/\/www.rassegnastampa-totustuus.it\/cattolica\/combatterono-come-leoni-morirono-da-eroi-li-chiamarono-briganti\/","title":{"rendered":"Combatterono come leoni. Morirono da eroi. Li chiamarono briganti."},"content":{"rendered":"<p style=\"text-align: center;\"><span style=\"color: #0000ff;\"><strong><a style=\"color: #0000ff;\" href=\"https:\/\/www.lidentitario.com\/\" target=\"_blank\" rel=\"noopener\"><img loading=\"lazy\" decoding=\"async\" class=\" wp-image-13827 alignleft\" src=\"https:\/\/www.rassegnastampa-totustuus.it\/cattolica\/wp-content\/uploads\/2005\/09\/briganti.jpg\" alt=\"\" width=\"167\" height=\"213\" \/>L\u2019Identitario<\/a> <\/strong><\/span>14 Ottobre 2024<\/p>\n<p style=\"text-align: justify;\">L\u2019opinione pubblica del Nord restava colpita dal modo sprezzante con il quale i briganti affrontavano la loro fine. Quando la sconfitta sembrava oramai inevitabile, combattevano con ancora maggiore accanimento, cercando la morte sul campo di battaglia.\u00a0C\u2019era qualcosa di eroico nel loro comportamento e questo poneva in dubbio l\u2019immagine del brigante che il nuovo potere tentava di accreditare, descrivendolo praticamente come un malvivente. Gli autori vicini al regime dovettero inventare teorie al limite dell\u2019inverosimile (come vedremo nelle prossime puntate) per giustificare tutto questo agli occhi dei Settentrionali.<\/p>\n<p><!--more--><\/p>\n<p style=\"text-align: justify;\"><span style=\"color: #000000;\"><strong>L\u2019eroismo dei briganti viene spesso descritto dagli stessi ufficiali responsabili della loro cattura o della loro morte e a volte capita che questi militari nei loro scritti privati lascino trapelare anche una certa ammirazione per l\u2019avversario sconfitto<\/strong>. \u00c8 questo il caso del tenente della cavalleria Enea Pasolini, che nelle lettere scritte al fratello cos\u00ec racconta la fine del brigante Catalano.<\/span><\/p>\n<p style=\"text-align: justify;\"><span style=\"color: #000000;\"><img loading=\"lazy\" decoding=\"async\" class=\" wp-image-45530 alignright\" src=\"https:\/\/www.rassegnastampa-totustuus.it\/cattolica\/wp-content\/uploads\/2005\/09\/briganti-2.jpg\" alt=\"\" width=\"340\" height=\"226\" \/>\u00abRossano, 5 luglio 1868. Caro Pierino, tu leggerai in questi giorni nei giornali che presso Rossano \u00e8 stato preso il famoso capobanda Catalano, che da sette anni era in campagna e che \u00e8 reo di 32 omicidi conosciuti e il cui nome \u00e8 stato il terrore di questi paesi (non dimentichiamo che chi scrive \u00e8 un ufficiale dell\u2019esercito italiano\/piemontese e forse avrebbe fatto meglio a dire: \u00e8 stato il terrore delle nostre guarnigioni in questi paesi)\u00bb.<\/span><\/p>\n<p style=\"text-align: justify;\"><span style=\"color: #000000;\">\u00abNaturalmente tu immaginerai che questo sia un pezzo d\u2019uomo alto, robusto, dallo sguardo fiero, dall\u2019aspetto imponente. \u00c8 invece perfettamente il contrario; \u00e8 un omino piccolo, mal fatto, curvo, con una fisionomia mezzo stupida. Un tipo di sagrestano. Quando me lo sono fatto condurre davanti e ho visto quell\u2019omiciattolo con un sorriso sciocco sul labbro e che camminava sommesso, non ho potuto fare a meno di esclamare: \u201cCome! Tu sei Catalano?\u201d \u201cEccellenza s\u00ec, sono isso\u201d fu la risposta, e fu la sola verit\u00e0 che mi abbia detto in mezz\u2019ora che ho avuto il bene di essere con lui\u00bb.<\/span><\/p>\n<p style=\"text-align: justify;\"><span style=\"color: #000000;\">\u00abRossano, 13 luglio. Catalano \u00e8 stato fucilato, e tal mor\u00ec qual visse\/ superbi formidabili feroci\/ gli ultimi moti fur, l\u2019ultime voci (si tratta di una citazione dalla Gerusalemme Liberata di Tasso). Egli non ha voluto palesare un complice, un manutengolo! Lo hanno tenuto un otto o dieci ore ai ferri incrociati (dalle parole del tenente Pasolini risulta, quindi, che la tortura per i nostri liberatori fosse una prassi corrente, addirittura la normalit\u00e0. E questa sarebbe la grande civilt\u00e0 che hanno portato al Sud!). Non so come abbia potuto resistere. E non ha voluto palesare niente\u00bb.<\/span><\/p>\n<p style=\"text-align: justify;\"><span style=\"color: #000000;\"><img loading=\"lazy\" decoding=\"async\" class=\" wp-image-61508 alignleft\" src=\"https:\/\/www.rassegnastampa-totustuus.it\/cattolica\/wp-content\/uploads\/2024\/10\/brigantaggio_Italia_unita_risorgimento.jpg\" alt=\"\" width=\"316\" height=\"210\" \/>\u00abFinalmente a mezzanotte lo hanno condotto al cimitero (perch\u00e9 a mezzanotte? potevano farlo in qualsiasi momento della giornata; forse stavano facendo qualcosa che non doveva essere visto?); egli ha seguito i bersaglieri a passo di corsa; giunto sul posto l\u2019ufficiale gli ha detto: \u201cTi do quindici minuti di tempo; se parli hai salva la vita, altrimenti ti fucilo qui.\u201d Ed ha fatto caricare le armi in sua presenza. Passati dieci minuti ha detto: \u201cCatalano, ancora cinque minuti hai da vivere se non parli; dici un solo nome di manutengolo e sei salvo\u201d. Ed egli zitto\u00bb.<\/span><\/p>\n<p style=\"text-align: justify;\"><span style=\"color: #000000;\">\u00abFinalmente l\u2019ufficiale ha replicato: \u201cCatalano! Hai un minuto; vuoi parlare?\u201d \u201cNo!\u201d ha risposto, e s\u00ec pochi secondi dopo era steso morto a terra (sbaglio, o questa \u00e8 stata una fucilazione sommaria, senza prendersi neanche la pena di fingere una parvenza di processo? Altro grande esempio della civilt\u00e0 che i liberatori stavano portando nel nostro Sud). Che curioso miscuglio di carattere! Morire piuttosto che svelare un complice! E questa virt\u00f9 eroica in chi si trova?\u201d Il tenente Pasolini si sorprende del comportamento eroico del suo prigioniero. Se avesse conosciuto veramente i briganti e se non fosse stato anche lui condizionato dalla pubblicistica di regime, si sarebbe dovuto sorprendere del contrario\u00bb.<\/span><\/p>\n<p style=\"text-align: justify;\"><span style=\"color: #000000;\">L\u2019eroismo dei briganti viene spesso descritto dagli stessi militari dell\u2019esercito di occupazione, i quali, per\u00f2, non sempre sono disposti a riconoscere il valore dell\u2019avversario sconfitto. Non sfugge a questa triste consuetudine il giovane sottufficiale Paolo Negri, che su incarico del colonnello Federico Rossi nella \u2018Storia del 46\u00b0 reggimento-brigata Reggio\u2019 racconta le vicende della sua brigata dal 1860 fino al 1870.\u00a0<\/span><\/p>\n<p style=\"text-align: justify;\"><span style=\"color: #000000;\"><strong><img loading=\"lazy\" decoding=\"async\" class=\"wp-image-53094 alignright\" src=\"https:\/\/www.rassegnastampa-totustuus.it\/cattolica\/wp-content\/uploads\/2005\/09\/bersaglieri_Risorgimento.jpg\" alt=\"\" width=\"291\" height=\"233\" \/>Il 46\u00b0 reggimento venne utilizzato nella lotta al brigantaggio e tra gli episodi che Negri racconta c\u2019\u00e8 quello della distruzione della banda Carbone, composta da 22 elementi, sorpresa in una masseria a Borreana, nei pressi di Venosa, da un drappello di suoi commilitoni guidati dal sottotenente Ricci<\/strong>. <\/span><\/p>\n<p style=\"text-align: justify;\"><span style=\"color: #000000;\">Ecco quello che il militare scrive nel suo libro: \u201c<em>Gi\u00e0 le uscite erano state occupate, il sottotenente Ricci intima alla banda di arrendersi non essedovi pi\u00f9 scampo alla sortita. Si risponde con furibonde bestemmie e colla detonazione delle armi, di cui la banda era oltremodo provvista. In breve tempo il Ricci trova modo di fare avvertire la truppa di Venosa e di Lavello, e rimane l\u2019intera notte di guardia ai 22 briganti, che feroci quasi come tigri, prima che arrivi il soccorso possono darsi ai pi\u00f9 disperati partiti\u2026 <\/em><\/span><\/p>\n<p style=\"text-align: justify;\"><span style=\"color: #000000;\"><em>I briganti non si scoraggiano ed incominciano un fuoco vivo dalle finestre e da alcune feritoie che avevano praticato nei muri della masseria, ma la costanza ed il sangue freddo del Ricci e dei suoi soldati rendono vani gli sforzi dei briganti che vedono avvicinarsi la loro fine. Difatti all\u2019albeggiare arriva da Lavello il luogotenente Garavaglia con 30 uomini, giungono pure i cavalleggeri di Saluzzo da Venosa e le guardie nazionali, e si decide di forzare la masseria. <\/em><\/span><\/p>\n<p style=\"text-align: justify;\"><span style=\"color: #000000;\"><em>Il luogotenente Podetti ed il <\/em><\/span><span style=\"color: #000000;\"><em>sottotenente Ricci, sfondata una porta, si inoltrano nella masseria, ma una scarica micidiale li accoglie ed il soldato Sentimenti vi lascia la vita e diversi altri soldati rimangono feriti. Non volendo menomare un cos\u00ec bel risultato con altre ed inutili perdite, si prende la risoluzione di lanciare sul tetto materiale incendiabile, per abbruciare i briganti ostinati a non voler sentir parlare di resa.<\/em><\/span><\/p>\n<p style=\"text-align: justify;\"><span style=\"color: #000000;\"><em><img loading=\"lazy\" decoding=\"async\" class=\"size-medium wp-image-53092 alignleft\" src=\"https:\/\/www.rassegnastampa-totustuus.it\/cattolica\/wp-content\/uploads\/2005\/09\/brigantaggio-2-255x300.jpg\" alt=\"\" width=\"255\" height=\"300\" \/>Dopo quattro ore, sconquassate ed arse le porte in mezzo ad una nebbia di fumo, la truppa rinveniva gli avanzi non ancora del tutto bruciati degli uomini e dei cavalli, che componevano la banda del famigerato Carbone. Da diverse e molte detonazioni intese dentro la masseria pare che i briganti, che da due ore non facevano pi\u00f9 fuoco, vista la impossibilit\u00e0 di scampo abbiano prima ucciso i cavalli e poi loro stessi,<\/em><\/span><\/p>\n<p style=\"text-align: justify;\"><span style=\"color: #000000;\"><em>lasciandosi abbruciare piuttosto che arrendersi. Meno le canne dei fucili, le lame dei pugnali, dei coltelli, e sette baionette, tutto rimase in preda alle fiamme. Noi non ascriveremo ad eroismo (come in quel tempo fu detto) il lasciarsi bruciare piuttosto che arrendersi; no di certo. Lo chiameremo invece fanatismo, una falsa credenza\u2026 \u2018Chi muore combattendo contro i nemici della religione e del nostro Re <\/em><\/span><span style=\"color: #000000;\"><em>Francischiello vola al godimento del regno dei cieli.\u2019 <\/em><\/span><\/p>\n<p style=\"text-align: justify;\"><span style=\"color: #000000;\"><em>Con questa fede troppo vecchia e inconcussa si affronta con disprezzo profondo la morte e lo abbiamo pi\u00f9 volte veduto nel cinismo addimostrato dai briganti fatti prigionieri. I briganti da noi fucilati andavano alla morte con passo fermo, fumando e bevendo al grido di Viva Francischiello.\u201d<\/em><\/span><\/p>\n<p style=\"text-align: justify;\"><span style=\"color: #000000;\"><img loading=\"lazy\" decoding=\"async\" class=\"wp-image-33309 alignright\" src=\"https:\/\/www.rassegnastampa-totustuus.it\/cattolica\/wp-content\/uploads\/2005\/09\/briganti-1.jpg\" alt=\"\" width=\"326\" height=\"214\" \/>Qui finisce il racconto di Paolo Negri, che tra le righe ci dice molto pi\u00f9 di quanto lui stesso intendesse fare. Innanzi tutto il militare ci dice che la fine eroica dei componenti della banda Carbone non \u00e8 stata per nulla un\u2019eccezione.\u00a0<\/span><\/p>\n<p style=\"text-align: justify;\"><span style=\"color: #000000;\"><strong>Anzi, per i briganti (secondo le sue parole) era la regola affrontare la morte con dignit\u00e0 e coraggio. Paolo Negri ci dice anche (come anticipavo nel precedente articolo) che l\u2019opinione pubblica restava colpita e \u2018ascriveva a eroismo\u2019 il comportamento dei briganti negli ultimi attimi della loro vita.<\/strong><\/span><\/p>\n<p style=\"text-align: justify;\"><span style=\"color: #000000;\"> A questo proposito tenta di sminuire il loro valore, utilizzando argomenti generalmente utilizzati in casi simili dalla pubblicistica di regime e cio\u00e8 parlando di fanatismo, di false credenze o di una fede antica. Non si rende conto, per\u00f2, che in questo modo esalta le loro qualit\u00e0 di veri combattenti. Quale esercito non sarebbe onorato di avere tra le proprie fila uomini cos\u00ec fedeli al proprio leader e cos\u00ec profondamente convinti della causa per la quale combattono?<\/span><\/p>\n<p>____________________________________<\/p>\n<p><strong><span style=\"color: #000000;\">Leggi anche:<\/span><\/strong><\/p>\n<p><span style=\"color: #0000ff;\"><a style=\"color: #0000ff;\" href=\"https:\/\/www.rassegnastampa-totustuus.it\/cattolica\/tutti-briganti\/\" target=\"_blank\" rel=\"noopener\">Tutti briganti?<\/a><\/span><\/p>\n<p><a href=\"https:\/\/www.rassegnastampa-totustuus.it\/cattolica\/quando-i-gesuiti-difendevano-i-briganti\/\" target=\"_blank\" rel=\"noopener\"><span style=\"color: #0000ff;\">Quando i gesuiti difendevano i briganti<\/span><\/a><\/p>\n<p><span style=\"color: #0000ff;\"><a style=\"color: #0000ff;\" href=\"https:\/\/www.rassegnastampa-totustuus.it\/cattolica\/il-brigantaggio-1860-1870\/\" target=\"_blank\" rel=\"noopener\">Il brigantaggio (1860-1870)<\/a><\/span><\/p>\n<p><a href=\"https:\/\/www.rassegnastampa-totustuus.it\/cattolica\/brigantaggio\/\" target=\"_blank\" rel=\"noopener\"><span style=\"color: #0000ff;\">Brigantaggio<\/span><\/a><\/p>\n<p><span style=\"color: #0000ff;\"><a style=\"color: #0000ff;\" href=\"https:\/\/www.rassegnastampa-totustuus.it\/cattolica\/legge-pica-sulla-repressione-del-brigantaggio-1863\/\" target=\"_blank\" rel=\"noopener\">Legge Pica sulla repressione del brigantaggio (1863)<\/a><\/span><\/p>\n\n\n<p><\/p>\n","protected":false},"excerpt":{"rendered":"<p>L\u2019Identitario 14 Ottobre 2024 L\u2019opinione pubblica del Nord restava colpita dal modo sprezzante con il quale i briganti affrontavano la loro fine. Quando la sconfitta sembrava oramai inevitabile, combattevano con ancora maggiore accanimento, cercando la morte sul campo di battaglia.\u00a0C\u2019era qualcosa di eroico nel loro comportamento e questo poneva in dubbio l\u2019immagine del brigante che &hellip; <\/p>\n<p><a class=\"more-link btn\" href=\"https:\/\/www.rassegnastampa-totustuus.it\/cattolica\/combatterono-come-leoni-morirono-da-eroi-li-chiamarono-briganti\/\">Continua a leggere<\/a><\/p>\n","protected":false},"author":6,"featured_media":61508,"comment_status":"closed","ping_status":"closed","sticky":false,"template":"","format":"standard","meta":{"footnotes":""},"categories":[109,101,24,96],"tags":[1038,1029,2406,162,404],"class_list":["post-61507","post","type-post","status-publish","format-standard","has-post-thumbnail","hentry","category-il-brigantaggio","category-risorgimento","category-storia","category-storia-italiana","tag-brigantaggio","tag-regno-delle-due-sicilie","tag-risorgimento","tag-storia-2","tag-storia-italiana-2","item-wrap"],"yoast_head":"<!-- This site is optimized with the Yoast SEO plugin v27.5 - https:\/\/yoast.com\/product\/yoast-seo-wordpress\/ -->\n<title>Combatterono come leoni. Morirono da eroi. Li chiamarono briganti. - Rassegna Stampa Cattolica<\/title>\n<meta name=\"description\" content=\"Combatterono come leoni. Morirono da eroi. Li chiamarono briganti. L&#039;opinione pubblica del Nord fu colpita dagli insorgenti\" \/>\n<meta name=\"robots\" content=\"index, follow, max-snippet:-1, max-image-preview:large, max-video-preview:-1\" \/>\n<link rel=\"canonical\" href=\"https:\/\/www.rassegnastampa-totustuus.it\/cattolica\/combatterono-come-leoni-morirono-da-eroi-li-chiamarono-briganti\/\" \/>\n<meta property=\"og:locale\" content=\"it_IT\" \/>\n<meta property=\"og:type\" content=\"article\" \/>\n<meta property=\"og:title\" content=\"Combatterono come leoni. Morirono da eroi. Li chiamarono briganti. - Rassegna Stampa Cattolica\" \/>\n<meta property=\"og:description\" content=\"Combatterono come leoni. Morirono da eroi. Li chiamarono briganti. L&#039;opinione pubblica del Nord fu colpita dagli insorgenti\" \/>\n<meta property=\"og:url\" content=\"https:\/\/www.rassegnastampa-totustuus.it\/cattolica\/combatterono-come-leoni-morirono-da-eroi-li-chiamarono-briganti\/\" \/>\n<meta property=\"og:site_name\" content=\"Rassegna Stampa Cattolica\" \/>\n<meta property=\"article:publisher\" content=\"https:\/\/www.facebook.com\/rassegnastampacattolica\" \/>\n<meta property=\"article:published_time\" content=\"2024-10-21T08:08:45+00:00\" \/>\n<meta property=\"article:modified_time\" content=\"2024-11-15T07:43:37+00:00\" \/>\n<meta property=\"og:image\" content=\"https:\/\/www.rassegnastampa-totustuus.it\/cattolica\/wp-content\/uploads\/2024\/10\/brigantaggio_Italia_unita_risorgimento.jpg\" \/>\n\t<meta property=\"og:image:width\" content=\"275\" \/>\n\t<meta property=\"og:image:height\" content=\"183\" \/>\n\t<meta property=\"og:image:type\" content=\"image\/jpeg\" \/>\n<meta name=\"author\" content=\"Redazione\" \/>\n<meta name=\"twitter:card\" content=\"summary_large_image\" \/>\n<meta name=\"twitter:creator\" content=\"@rassegnastampa9\" \/>\n<meta name=\"twitter:site\" content=\"@rassegnastampa9\" \/>\n<meta name=\"twitter:label1\" content=\"Scritto da\" \/>\n\t<meta name=\"twitter:data1\" content=\"Redazione\" \/>\n\t<meta name=\"twitter:label2\" content=\"Tempo di lettura stimato\" \/>\n\t<meta name=\"twitter:data2\" content=\"9 minuti\" \/>\n<script type=\"application\/ld+json\" class=\"yoast-schema-graph\">{\"@context\":\"https:\\\/\\\/schema.org\",\"@graph\":[{\"@type\":\"Article\",\"@id\":\"https:\\\/\\\/www.rassegnastampa-totustuus.it\\\/cattolica\\\/combatterono-come-leoni-morirono-da-eroi-li-chiamarono-briganti\\\/#article\",\"isPartOf\":{\"@id\":\"https:\\\/\\\/www.rassegnastampa-totustuus.it\\\/cattolica\\\/combatterono-come-leoni-morirono-da-eroi-li-chiamarono-briganti\\\/\"},\"author\":{\"name\":\"Redazione\",\"@id\":\"https:\\\/\\\/www.rassegnastampa-totustuus.it\\\/cattolica\\\/#\\\/schema\\\/person\\\/08f319d2bd1a0904ad9e2bfb7b15e5c3\"},\"headline\":\"Combatterono come leoni. Morirono da eroi. Li chiamarono briganti.\",\"datePublished\":\"2024-10-21T08:08:45+00:00\",\"dateModified\":\"2024-11-15T07:43:37+00:00\",\"mainEntityOfPage\":{\"@id\":\"https:\\\/\\\/www.rassegnastampa-totustuus.it\\\/cattolica\\\/combatterono-come-leoni-morirono-da-eroi-li-chiamarono-briganti\\\/\"},\"wordCount\":1347,\"publisher\":{\"@id\":\"https:\\\/\\\/www.rassegnastampa-totustuus.it\\\/cattolica\\\/#organization\"},\"image\":{\"@id\":\"https:\\\/\\\/www.rassegnastampa-totustuus.it\\\/cattolica\\\/combatterono-come-leoni-morirono-da-eroi-li-chiamarono-briganti\\\/#primaryimage\"},\"thumbnailUrl\":\"https:\\\/\\\/www.rassegnastampa-totustuus.it\\\/cattolica\\\/wp-content\\\/uploads\\\/2024\\\/10\\\/brigantaggio_Italia_unita_risorgimento.jpg\",\"keywords\":[\"brigantaggio\",\"Regno delle Due Sicilie\",\"Risorgimento\",\"storia\",\"storia italiana\"],\"articleSection\":[\"Brigantaggio\",\"Risorgimento\",\"Storia\",\"Storia italiana\"],\"inLanguage\":\"it-IT\"},{\"@type\":\"WebPage\",\"@id\":\"https:\\\/\\\/www.rassegnastampa-totustuus.it\\\/cattolica\\\/combatterono-come-leoni-morirono-da-eroi-li-chiamarono-briganti\\\/\",\"url\":\"https:\\\/\\\/www.rassegnastampa-totustuus.it\\\/cattolica\\\/combatterono-come-leoni-morirono-da-eroi-li-chiamarono-briganti\\\/\",\"name\":\"Combatterono come leoni. Morirono da eroi. Li chiamarono briganti. - Rassegna Stampa Cattolica\",\"isPartOf\":{\"@id\":\"https:\\\/\\\/www.rassegnastampa-totustuus.it\\\/cattolica\\\/#website\"},\"primaryImageOfPage\":{\"@id\":\"https:\\\/\\\/www.rassegnastampa-totustuus.it\\\/cattolica\\\/combatterono-come-leoni-morirono-da-eroi-li-chiamarono-briganti\\\/#primaryimage\"},\"image\":{\"@id\":\"https:\\\/\\\/www.rassegnastampa-totustuus.it\\\/cattolica\\\/combatterono-come-leoni-morirono-da-eroi-li-chiamarono-briganti\\\/#primaryimage\"},\"thumbnailUrl\":\"https:\\\/\\\/www.rassegnastampa-totustuus.it\\\/cattolica\\\/wp-content\\\/uploads\\\/2024\\\/10\\\/brigantaggio_Italia_unita_risorgimento.jpg\",\"datePublished\":\"2024-10-21T08:08:45+00:00\",\"dateModified\":\"2024-11-15T07:43:37+00:00\",\"description\":\"Combatterono come leoni. Morirono da eroi. Li chiamarono briganti. L'opinione pubblica del Nord fu colpita dagli insorgenti\",\"breadcrumb\":{\"@id\":\"https:\\\/\\\/www.rassegnastampa-totustuus.it\\\/cattolica\\\/combatterono-come-leoni-morirono-da-eroi-li-chiamarono-briganti\\\/#breadcrumb\"},\"inLanguage\":\"it-IT\",\"potentialAction\":[{\"@type\":\"ReadAction\",\"target\":[\"https:\\\/\\\/www.rassegnastampa-totustuus.it\\\/cattolica\\\/combatterono-come-leoni-morirono-da-eroi-li-chiamarono-briganti\\\/\"]}]},{\"@type\":\"ImageObject\",\"inLanguage\":\"it-IT\",\"@id\":\"https:\\\/\\\/www.rassegnastampa-totustuus.it\\\/cattolica\\\/combatterono-come-leoni-morirono-da-eroi-li-chiamarono-briganti\\\/#primaryimage\",\"url\":\"https:\\\/\\\/www.rassegnastampa-totustuus.it\\\/cattolica\\\/wp-content\\\/uploads\\\/2024\\\/10\\\/brigantaggio_Italia_unita_risorgimento.jpg\",\"contentUrl\":\"https:\\\/\\\/www.rassegnastampa-totustuus.it\\\/cattolica\\\/wp-content\\\/uploads\\\/2024\\\/10\\\/brigantaggio_Italia_unita_risorgimento.jpg\",\"width\":275,\"height\":183},{\"@type\":\"BreadcrumbList\",\"@id\":\"https:\\\/\\\/www.rassegnastampa-totustuus.it\\\/cattolica\\\/combatterono-come-leoni-morirono-da-eroi-li-chiamarono-briganti\\\/#breadcrumb\",\"itemListElement\":[{\"@type\":\"ListItem\",\"position\":1,\"name\":\"Home\",\"item\":\"https:\\\/\\\/www.rassegnastampa-totustuus.it\\\/cattolica\\\/\"},{\"@type\":\"ListItem\",\"position\":2,\"name\":\"Combatterono come leoni. Morirono da eroi. Li chiamarono briganti.\"}]},{\"@type\":\"WebSite\",\"@id\":\"https:\\\/\\\/www.rassegnastampa-totustuus.it\\\/cattolica\\\/#website\",\"url\":\"https:\\\/\\\/www.rassegnastampa-totustuus.it\\\/cattolica\\\/\",\"name\":\"Rassegna Stampa Cattolica\",\"description\":\"Per una cultura che nasce dalla Rivelazione cristiana in conformit\u00e0 alla tradizione e al Magistero della Chiesa in opposizione ad ogni relativismo e totalitarismo\",\"publisher\":{\"@id\":\"https:\\\/\\\/www.rassegnastampa-totustuus.it\\\/cattolica\\\/#organization\"},\"alternateName\":\"Rass. Cattolica\",\"potentialAction\":[{\"@type\":\"SearchAction\",\"target\":{\"@type\":\"EntryPoint\",\"urlTemplate\":\"https:\\\/\\\/www.rassegnastampa-totustuus.it\\\/cattolica\\\/?s={search_term_string}\"},\"query-input\":{\"@type\":\"PropertyValueSpecification\",\"valueRequired\":true,\"valueName\":\"search_term_string\"}}],\"inLanguage\":\"it-IT\"},{\"@type\":\"Organization\",\"@id\":\"https:\\\/\\\/www.rassegnastampa-totustuus.it\\\/cattolica\\\/#organization\",\"name\":\"Rassegna Stampa Cattolica\",\"url\":\"https:\\\/\\\/www.rassegnastampa-totustuus.it\\\/cattolica\\\/\",\"logo\":{\"@type\":\"ImageObject\",\"inLanguage\":\"it-IT\",\"@id\":\"https:\\\/\\\/www.rassegnastampa-totustuus.it\\\/cattolica\\\/#\\\/schema\\\/logo\\\/image\\\/\",\"url\":\"https:\\\/\\\/www.rassegnastampa-totustuus.it\\\/cattolica\\\/wp-content\\\/uploads\\\/2014\\\/04\\\/logo-rassegna1.gif\",\"contentUrl\":\"https:\\\/\\\/www.rassegnastampa-totustuus.it\\\/cattolica\\\/wp-content\\\/uploads\\\/2014\\\/04\\\/logo-rassegna1.gif\",\"width\":600,\"height\":163,\"caption\":\"Rassegna Stampa Cattolica\"},\"image\":{\"@id\":\"https:\\\/\\\/www.rassegnastampa-totustuus.it\\\/cattolica\\\/#\\\/schema\\\/logo\\\/image\\\/\"},\"sameAs\":[\"https:\\\/\\\/www.facebook.com\\\/rassegnastampacattolica\",\"https:\\\/\\\/x.com\\\/rassegnastampa9\"]},{\"@type\":\"Person\",\"@id\":\"https:\\\/\\\/www.rassegnastampa-totustuus.it\\\/cattolica\\\/#\\\/schema\\\/person\\\/08f319d2bd1a0904ad9e2bfb7b15e5c3\",\"name\":\"Redazione\",\"image\":{\"@type\":\"ImageObject\",\"inLanguage\":\"it-IT\",\"@id\":\"https:\\\/\\\/secure.gravatar.com\\\/avatar\\\/2fcdf27c78ea025fbdb44e914cc63c72249ffec9dc8aafd5c82b26240ef3f346?s=96&d=mm&r=g\",\"url\":\"https:\\\/\\\/secure.gravatar.com\\\/avatar\\\/2fcdf27c78ea025fbdb44e914cc63c72249ffec9dc8aafd5c82b26240ef3f346?s=96&d=mm&r=g\",\"contentUrl\":\"https:\\\/\\\/secure.gravatar.com\\\/avatar\\\/2fcdf27c78ea025fbdb44e914cc63c72249ffec9dc8aafd5c82b26240ef3f346?s=96&d=mm&r=g\",\"caption\":\"Redazione\"},\"url\":\"https:\\\/\\\/www.rassegnastampa-totustuus.it\\\/cattolica\\\/author\\\/pietroelle\\\/\"}]}<\/script>\n<!-- \/ Yoast SEO plugin. -->","yoast_head_json":{"title":"Combatterono come leoni. Morirono da eroi. Li chiamarono briganti. - Rassegna Stampa Cattolica","description":"Combatterono come leoni. Morirono da eroi. Li chiamarono briganti. L'opinione pubblica del Nord fu colpita dagli insorgenti","robots":{"index":"index","follow":"follow","max-snippet":"max-snippet:-1","max-image-preview":"max-image-preview:large","max-video-preview":"max-video-preview:-1"},"canonical":"https:\/\/www.rassegnastampa-totustuus.it\/cattolica\/combatterono-come-leoni-morirono-da-eroi-li-chiamarono-briganti\/","og_locale":"it_IT","og_type":"article","og_title":"Combatterono come leoni. Morirono da eroi. Li chiamarono briganti. - Rassegna Stampa Cattolica","og_description":"Combatterono come leoni. Morirono da eroi. Li chiamarono briganti. L'opinione pubblica del Nord fu colpita dagli insorgenti","og_url":"https:\/\/www.rassegnastampa-totustuus.it\/cattolica\/combatterono-come-leoni-morirono-da-eroi-li-chiamarono-briganti\/","og_site_name":"Rassegna Stampa Cattolica","article_publisher":"https:\/\/www.facebook.com\/rassegnastampacattolica","article_published_time":"2024-10-21T08:08:45+00:00","article_modified_time":"2024-11-15T07:43:37+00:00","og_image":[{"width":275,"height":183,"url":"https:\/\/www.rassegnastampa-totustuus.it\/cattolica\/wp-content\/uploads\/2024\/10\/brigantaggio_Italia_unita_risorgimento.jpg","type":"image\/jpeg"}],"author":"Redazione","twitter_card":"summary_large_image","twitter_creator":"@rassegnastampa9","twitter_site":"@rassegnastampa9","twitter_misc":{"Scritto da":"Redazione","Tempo di lettura stimato":"9 minuti"},"schema":{"@context":"https:\/\/schema.org","@graph":[{"@type":"Article","@id":"https:\/\/www.rassegnastampa-totustuus.it\/cattolica\/combatterono-come-leoni-morirono-da-eroi-li-chiamarono-briganti\/#article","isPartOf":{"@id":"https:\/\/www.rassegnastampa-totustuus.it\/cattolica\/combatterono-come-leoni-morirono-da-eroi-li-chiamarono-briganti\/"},"author":{"name":"Redazione","@id":"https:\/\/www.rassegnastampa-totustuus.it\/cattolica\/#\/schema\/person\/08f319d2bd1a0904ad9e2bfb7b15e5c3"},"headline":"Combatterono come leoni. Morirono da eroi. Li chiamarono briganti.","datePublished":"2024-10-21T08:08:45+00:00","dateModified":"2024-11-15T07:43:37+00:00","mainEntityOfPage":{"@id":"https:\/\/www.rassegnastampa-totustuus.it\/cattolica\/combatterono-come-leoni-morirono-da-eroi-li-chiamarono-briganti\/"},"wordCount":1347,"publisher":{"@id":"https:\/\/www.rassegnastampa-totustuus.it\/cattolica\/#organization"},"image":{"@id":"https:\/\/www.rassegnastampa-totustuus.it\/cattolica\/combatterono-come-leoni-morirono-da-eroi-li-chiamarono-briganti\/#primaryimage"},"thumbnailUrl":"https:\/\/www.rassegnastampa-totustuus.it\/cattolica\/wp-content\/uploads\/2024\/10\/brigantaggio_Italia_unita_risorgimento.jpg","keywords":["brigantaggio","Regno delle Due Sicilie","Risorgimento","storia","storia italiana"],"articleSection":["Brigantaggio","Risorgimento","Storia","Storia italiana"],"inLanguage":"it-IT"},{"@type":"WebPage","@id":"https:\/\/www.rassegnastampa-totustuus.it\/cattolica\/combatterono-come-leoni-morirono-da-eroi-li-chiamarono-briganti\/","url":"https:\/\/www.rassegnastampa-totustuus.it\/cattolica\/combatterono-come-leoni-morirono-da-eroi-li-chiamarono-briganti\/","name":"Combatterono come leoni. Morirono da eroi. Li chiamarono briganti. - Rassegna Stampa Cattolica","isPartOf":{"@id":"https:\/\/www.rassegnastampa-totustuus.it\/cattolica\/#website"},"primaryImageOfPage":{"@id":"https:\/\/www.rassegnastampa-totustuus.it\/cattolica\/combatterono-come-leoni-morirono-da-eroi-li-chiamarono-briganti\/#primaryimage"},"image":{"@id":"https:\/\/www.rassegnastampa-totustuus.it\/cattolica\/combatterono-come-leoni-morirono-da-eroi-li-chiamarono-briganti\/#primaryimage"},"thumbnailUrl":"https:\/\/www.rassegnastampa-totustuus.it\/cattolica\/wp-content\/uploads\/2024\/10\/brigantaggio_Italia_unita_risorgimento.jpg","datePublished":"2024-10-21T08:08:45+00:00","dateModified":"2024-11-15T07:43:37+00:00","description":"Combatterono come leoni. Morirono da eroi. Li chiamarono briganti. L'opinione pubblica del Nord fu colpita dagli insorgenti","breadcrumb":{"@id":"https:\/\/www.rassegnastampa-totustuus.it\/cattolica\/combatterono-come-leoni-morirono-da-eroi-li-chiamarono-briganti\/#breadcrumb"},"inLanguage":"it-IT","potentialAction":[{"@type":"ReadAction","target":["https:\/\/www.rassegnastampa-totustuus.it\/cattolica\/combatterono-come-leoni-morirono-da-eroi-li-chiamarono-briganti\/"]}]},{"@type":"ImageObject","inLanguage":"it-IT","@id":"https:\/\/www.rassegnastampa-totustuus.it\/cattolica\/combatterono-come-leoni-morirono-da-eroi-li-chiamarono-briganti\/#primaryimage","url":"https:\/\/www.rassegnastampa-totustuus.it\/cattolica\/wp-content\/uploads\/2024\/10\/brigantaggio_Italia_unita_risorgimento.jpg","contentUrl":"https:\/\/www.rassegnastampa-totustuus.it\/cattolica\/wp-content\/uploads\/2024\/10\/brigantaggio_Italia_unita_risorgimento.jpg","width":275,"height":183},{"@type":"BreadcrumbList","@id":"https:\/\/www.rassegnastampa-totustuus.it\/cattolica\/combatterono-come-leoni-morirono-da-eroi-li-chiamarono-briganti\/#breadcrumb","itemListElement":[{"@type":"ListItem","position":1,"name":"Home","item":"https:\/\/www.rassegnastampa-totustuus.it\/cattolica\/"},{"@type":"ListItem","position":2,"name":"Combatterono come leoni. Morirono da eroi. Li chiamarono briganti."}]},{"@type":"WebSite","@id":"https:\/\/www.rassegnastampa-totustuus.it\/cattolica\/#website","url":"https:\/\/www.rassegnastampa-totustuus.it\/cattolica\/","name":"Rassegna Stampa Cattolica","description":"Per una cultura che nasce dalla Rivelazione cristiana in conformit\u00e0 alla tradizione e al Magistero della Chiesa in opposizione ad ogni relativismo e totalitarismo","publisher":{"@id":"https:\/\/www.rassegnastampa-totustuus.it\/cattolica\/#organization"},"alternateName":"Rass. Cattolica","potentialAction":[{"@type":"SearchAction","target":{"@type":"EntryPoint","urlTemplate":"https:\/\/www.rassegnastampa-totustuus.it\/cattolica\/?s={search_term_string}"},"query-input":{"@type":"PropertyValueSpecification","valueRequired":true,"valueName":"search_term_string"}}],"inLanguage":"it-IT"},{"@type":"Organization","@id":"https:\/\/www.rassegnastampa-totustuus.it\/cattolica\/#organization","name":"Rassegna Stampa Cattolica","url":"https:\/\/www.rassegnastampa-totustuus.it\/cattolica\/","logo":{"@type":"ImageObject","inLanguage":"it-IT","@id":"https:\/\/www.rassegnastampa-totustuus.it\/cattolica\/#\/schema\/logo\/image\/","url":"https:\/\/www.rassegnastampa-totustuus.it\/cattolica\/wp-content\/uploads\/2014\/04\/logo-rassegna1.gif","contentUrl":"https:\/\/www.rassegnastampa-totustuus.it\/cattolica\/wp-content\/uploads\/2014\/04\/logo-rassegna1.gif","width":600,"height":163,"caption":"Rassegna Stampa Cattolica"},"image":{"@id":"https:\/\/www.rassegnastampa-totustuus.it\/cattolica\/#\/schema\/logo\/image\/"},"sameAs":["https:\/\/www.facebook.com\/rassegnastampacattolica","https:\/\/x.com\/rassegnastampa9"]},{"@type":"Person","@id":"https:\/\/www.rassegnastampa-totustuus.it\/cattolica\/#\/schema\/person\/08f319d2bd1a0904ad9e2bfb7b15e5c3","name":"Redazione","image":{"@type":"ImageObject","inLanguage":"it-IT","@id":"https:\/\/secure.gravatar.com\/avatar\/2fcdf27c78ea025fbdb44e914cc63c72249ffec9dc8aafd5c82b26240ef3f346?s=96&d=mm&r=g","url":"https:\/\/secure.gravatar.com\/avatar\/2fcdf27c78ea025fbdb44e914cc63c72249ffec9dc8aafd5c82b26240ef3f346?s=96&d=mm&r=g","contentUrl":"https:\/\/secure.gravatar.com\/avatar\/2fcdf27c78ea025fbdb44e914cc63c72249ffec9dc8aafd5c82b26240ef3f346?s=96&d=mm&r=g","caption":"Redazione"},"url":"https:\/\/www.rassegnastampa-totustuus.it\/cattolica\/author\/pietroelle\/"}]}},"_links":{"self":[{"href":"https:\/\/www.rassegnastampa-totustuus.it\/cattolica\/wp-json\/wp\/v2\/posts\/61507","targetHints":{"allow":["GET"]}}],"collection":[{"href":"https:\/\/www.rassegnastampa-totustuus.it\/cattolica\/wp-json\/wp\/v2\/posts"}],"about":[{"href":"https:\/\/www.rassegnastampa-totustuus.it\/cattolica\/wp-json\/wp\/v2\/types\/post"}],"author":[{"embeddable":true,"href":"https:\/\/www.rassegnastampa-totustuus.it\/cattolica\/wp-json\/wp\/v2\/users\/6"}],"replies":[{"embeddable":true,"href":"https:\/\/www.rassegnastampa-totustuus.it\/cattolica\/wp-json\/wp\/v2\/comments?post=61507"}],"version-history":[{"count":3,"href":"https:\/\/www.rassegnastampa-totustuus.it\/cattolica\/wp-json\/wp\/v2\/posts\/61507\/revisions"}],"predecessor-version":[{"id":61609,"href":"https:\/\/www.rassegnastampa-totustuus.it\/cattolica\/wp-json\/wp\/v2\/posts\/61507\/revisions\/61609"}],"wp:featuredmedia":[{"embeddable":true,"href":"https:\/\/www.rassegnastampa-totustuus.it\/cattolica\/wp-json\/wp\/v2\/media\/61508"}],"wp:attachment":[{"href":"https:\/\/www.rassegnastampa-totustuus.it\/cattolica\/wp-json\/wp\/v2\/media?parent=61507"}],"wp:term":[{"taxonomy":"category","embeddable":true,"href":"https:\/\/www.rassegnastampa-totustuus.it\/cattolica\/wp-json\/wp\/v2\/categories?post=61507"},{"taxonomy":"post_tag","embeddable":true,"href":"https:\/\/www.rassegnastampa-totustuus.it\/cattolica\/wp-json\/wp\/v2\/tags?post=61507"}],"curies":[{"name":"wp","href":"https:\/\/api.w.org\/{rel}","templated":true}]}}