{"id":61393,"date":"2024-10-12T16:02:14","date_gmt":"2024-10-12T14:02:14","guid":{"rendered":"https:\/\/www.rassegnastampa-totustuus.it\/cattolica\/?p=61393"},"modified":"2024-10-12T16:02:16","modified_gmt":"2024-10-12T14:02:16","slug":"la-vita-di-cristo-di-mons-fulton-sheen","status":"publish","type":"post","link":"https:\/\/www.rassegnastampa-totustuus.it\/cattolica\/la-vita-di-cristo-di-mons-fulton-sheen\/","title":{"rendered":"La vita di Cristo (di mons. Fulton Sheen)"},"content":{"rendered":"<p><a href=\"https:\/\/www.rassegnastampa-totustuus.it\/cattolica\/wp-content\/uploads\/2024\/10\/VITA-DI-CRISTO-Fulton-J.-Sheen.pdf\" target=\"_blank\" rel=\"noopener\"><img loading=\"lazy\" decoding=\"async\" class=\"alignleft wp-image-6691\" src=\" https:\/\/www.rassegnastampa-totustuus.it\/cattolica\/wp-content\/uploads\/2024\/10\/Fulton_Sheen_cover.jpeg\" alt=\"animalfarm\" width=\"250\" height=\"200\" \/><\/a><\/p>\n<p style=\"text-align: center;\">Courtesy of<\/p>\n<p style=\"text-align: center;\"><span style=\"color: #0000ff;\"><a style=\"color: #0000ff;\" href=\"https:\/\/www.verboincarnato.org\/\" target=\"_blank\" rel=\"noopener\">Istituto del Verbo Incarnato I.V.E<\/a><\/span>.\u2013 Verbum Caro Factum Es<\/p>\n<p style=\"text-align: center;\"><strong>[per leggere e scaricare il vol. clic sulla foto]<\/strong><\/p>\n<p style=\"text-align: justify;\"><em><span style=\"color: #000000;\">Accade che Satana appaia, variamente camuffato, simile a Cristo; e, alla fine del mondo, apparir\u00e0 come un benefattore, un filantropo: ma con le stimmate non \u00e8 mai apparso, e non apparir\u00e0 mai. Perch\u00e9 solamente l&#8217;Amore Celeste pu\u00f2 mostrare le cicatrici del supremo dono d&#8217;amore fatto in una notte ormai per sempre trascorsa.<\/span><\/em><\/p>\n<p style=\"text-align: justify;\"><em><span style=\"color: #000000;\">Non vi sono, in realt\u00e0, che due concezioni di vita: l&#8217;una \u00e8 \u00abPrima il banchetto e poi il mal di capo\u00bb; l&#8217;altra, \u00abPrima il digiuno e poi il banchetto\u00bb. Le gioie differite ed acquistate a prezzo di sacrificio sono sempre le pi\u00f9 dolci e le pi\u00f9 durature. Gli antichi insegnavano che qualunque prosperit\u00e0 o fortuna questo o quell&#8217;umano godesse senz&#8217;aver sofferto tornava sgradita agli dei! Lucrezio narra di un re egiziano che ruppe ogni rapporto con l&#8217;amico Policrate, tiranno di Samo, perch\u00e9 la prosperit\u00e0 di costui mancava d&#8217;imperfezioni, di \u00abquel che di amaro che scaturisce in mezzo alla fonte della dolcezza\u00bb.<\/span><\/em><\/p>\n<p style=\"text-align: justify;\"><em><span style=\"color: #000000;\">Il Cristianesimo, diversamente da qualsiasi altra religione, principia con la catastrofe, con la sconfitta. Le religioni radiose e le ispirazioni di natura psicologica rovinano nella calamit\u00e0 e s&#8217;inaridiscono nell&#8217;avversit\u00e0; la Vita del Fondatore del Cristianesimo, invece, essendo cominciata con la Croce, termina con il sepolcro vuoto e la vittoria.<\/span><\/em><\/p>\n<p><span style=\"color: #000000;\"><strong>Leggi anche:\u00a0<\/strong><\/span><\/p>\n<p><span style=\"color: #0000ff;\"><a style=\"color: #0000ff;\" href=\"https:\/\/www.rassegnastampa-totustuus.it\/cattolica\/frasi-pensieri-discorsi-e-meditazioni-di-venerabile-fulton-sheen\/\" target=\"_blank\" rel=\"noopener\">Frasi, pensieri, discorsi e meditazioni (del venerabile Fulton Sheen<\/a>)-<span style=\"color: #000000;\"> libro<\/span><\/span><\/p>\n","protected":false},"excerpt":{"rendered":"<p>Courtesy of Istituto del Verbo Incarnato I.V.E.\u2013 Verbum Caro Factum Es [per leggere e scaricare il vol. clic sulla foto] Accade che Satana appaia, variamente camuffato, simile a Cristo; e, alla fine del mondo, apparir\u00e0 come un benefattore, un filantropo: ma con le stimmate non \u00e8 mai apparso, e non apparir\u00e0 mai. Perch\u00e9 solamente l&#8217;Amore &hellip; <\/p>\n<p><a class=\"more-link btn\" href=\"https:\/\/www.rassegnastampa-totustuus.it\/cattolica\/la-vita-di-cristo-di-mons-fulton-sheen\/\">Continua a leggere<\/a><\/p>\n","protected":false},"author":6,"featured_media":61395,"comment_status":"closed","ping_status":"closed","sticky":false,"template":"","format":"standard","meta":{"footnotes":""},"categories":[5,391,17],"tags":[157,2411,3063,265],"class_list":["post-61393","post","type-post","status-publish","format-standard","has-post-thumbnail","hentry","category-chiesa","category-e-book","category-libri","tag-chiesa-2","tag-e-book","tag-fulton-sheen","tag-libri-2","item-wrap"],"yoast_head":"<!-- This site is optimized with the Yoast SEO plugin v27.5 - https:\/\/yoast.com\/product\/yoast-seo-wordpress\/ -->\n<title>La vita di Cristo (di mons. Fulton Sheen) - Rassegna Stampa Cattolica<\/title>\n<meta name=\"description\" content=\"La vita di Cristo (di mons. Fulton Sheen) il Cristianesimo comincia con la Croce e termina con il sepolcro vuoto e la vittoria.\" \/>\n<meta name=\"robots\" content=\"index, follow, max-snippet:-1, max-image-preview:large, max-video-preview:-1\" \/>\n<link rel=\"canonical\" href=\"https:\/\/www.rassegnastampa-totustuus.it\/cattolica\/la-vita-di-cristo-di-mons-fulton-sheen\/\" \/>\n<meta property=\"og:locale\" content=\"it_IT\" \/>\n<meta property=\"og:type\" content=\"article\" \/>\n<meta property=\"og:title\" content=\"La vita di Cristo (di mons. Fulton Sheen) - Rassegna Stampa Cattolica\" \/>\n<meta property=\"og:description\" content=\"La vita di Cristo (di mons. Fulton Sheen) il Cristianesimo comincia con la Croce e termina con il sepolcro vuoto e la vittoria.\" \/>\n<meta property=\"og:url\" content=\"https:\/\/www.rassegnastampa-totustuus.it\/cattolica\/la-vita-di-cristo-di-mons-fulton-sheen\/\" \/>\n<meta property=\"og:site_name\" content=\"Rassegna Stampa Cattolica\" \/>\n<meta property=\"article:publisher\" content=\"https:\/\/www.facebook.com\/rassegnastampacattolica\" \/>\n<meta property=\"article:published_time\" content=\"2024-10-12T14:02:14+00:00\" \/>\n<meta property=\"article:modified_time\" content=\"2024-10-12T14:02:16+00:00\" \/>\n<meta property=\"og:image\" content=\"https:\/\/www.rassegnastampa-totustuus.it\/cattolica\/wp-content\/uploads\/2024\/10\/Fulton_Sheen_cover.jpeg\" \/>\n\t<meta property=\"og:image:width\" content=\"184\" \/>\n\t<meta property=\"og:image:height\" content=\"245\" \/>\n\t<meta property=\"og:image:type\" content=\"image\/jpeg\" \/>\n<meta name=\"author\" content=\"Redazione\" \/>\n<meta name=\"twitter:card\" content=\"summary_large_image\" \/>\n<meta name=\"twitter:creator\" content=\"@rassegnastampa9\" \/>\n<meta name=\"twitter:site\" content=\"@rassegnastampa9\" \/>\n<meta name=\"twitter:label1\" content=\"Scritto da\" \/>\n\t<meta name=\"twitter:data1\" content=\"Redazione\" \/>\n\t<meta name=\"twitter:label2\" content=\"Tempo di lettura stimato\" \/>\n\t<meta name=\"twitter:data2\" content=\"2 minuti\" \/>\n<script type=\"application\/ld+json\" class=\"yoast-schema-graph\">{\"@context\":\"https:\\\/\\\/schema.org\",\"@graph\":[{\"@type\":\"Article\",\"@id\":\"https:\\\/\\\/www.rassegnastampa-totustuus.it\\\/cattolica\\\/la-vita-di-cristo-di-mons-fulton-sheen\\\/#article\",\"isPartOf\":{\"@id\":\"https:\\\/\\\/www.rassegnastampa-totustuus.it\\\/cattolica\\\/la-vita-di-cristo-di-mons-fulton-sheen\\\/\"},\"author\":{\"name\":\"Redazione\",\"@id\":\"https:\\\/\\\/www.rassegnastampa-totustuus.it\\\/cattolica\\\/#\\\/schema\\\/person\\\/08f319d2bd1a0904ad9e2bfb7b15e5c3\"},\"headline\":\"La vita di Cristo (di mons. Fulton Sheen)\",\"datePublished\":\"2024-10-12T14:02:14+00:00\",\"dateModified\":\"2024-10-12T14:02:16+00:00\",\"mainEntityOfPage\":{\"@id\":\"https:\\\/\\\/www.rassegnastampa-totustuus.it\\\/cattolica\\\/la-vita-di-cristo-di-mons-fulton-sheen\\\/\"},\"wordCount\":253,\"publisher\":{\"@id\":\"https:\\\/\\\/www.rassegnastampa-totustuus.it\\\/cattolica\\\/#organization\"},\"image\":{\"@id\":\"https:\\\/\\\/www.rassegnastampa-totustuus.it\\\/cattolica\\\/la-vita-di-cristo-di-mons-fulton-sheen\\\/#primaryimage\"},\"thumbnailUrl\":\"https:\\\/\\\/www.rassegnastampa-totustuus.it\\\/cattolica\\\/wp-content\\\/uploads\\\/2024\\\/10\\\/Fulton_Sheen_cover.jpeg\",\"keywords\":[\"chiesa\",\"e-book\",\"Fulton Sheen\",\"libri\"],\"articleSection\":[\"Chiesa\",\"e-book\",\"Libri\"],\"inLanguage\":\"it-IT\"},{\"@type\":\"WebPage\",\"@id\":\"https:\\\/\\\/www.rassegnastampa-totustuus.it\\\/cattolica\\\/la-vita-di-cristo-di-mons-fulton-sheen\\\/\",\"url\":\"https:\\\/\\\/www.rassegnastampa-totustuus.it\\\/cattolica\\\/la-vita-di-cristo-di-mons-fulton-sheen\\\/\",\"name\":\"La vita di Cristo (di mons. Fulton Sheen) - Rassegna Stampa Cattolica\",\"isPartOf\":{\"@id\":\"https:\\\/\\\/www.rassegnastampa-totustuus.it\\\/cattolica\\\/#website\"},\"primaryImageOfPage\":{\"@id\":\"https:\\\/\\\/www.rassegnastampa-totustuus.it\\\/cattolica\\\/la-vita-di-cristo-di-mons-fulton-sheen\\\/#primaryimage\"},\"image\":{\"@id\":\"https:\\\/\\\/www.rassegnastampa-totustuus.it\\\/cattolica\\\/la-vita-di-cristo-di-mons-fulton-sheen\\\/#primaryimage\"},\"thumbnailUrl\":\"https:\\\/\\\/www.rassegnastampa-totustuus.it\\\/cattolica\\\/wp-content\\\/uploads\\\/2024\\\/10\\\/Fulton_Sheen_cover.jpeg\",\"datePublished\":\"2024-10-12T14:02:14+00:00\",\"dateModified\":\"2024-10-12T14:02:16+00:00\",\"description\":\"La vita di Cristo (di mons. Fulton Sheen) il Cristianesimo comincia con la Croce e termina con il sepolcro vuoto e la vittoria.\",\"breadcrumb\":{\"@id\":\"https:\\\/\\\/www.rassegnastampa-totustuus.it\\\/cattolica\\\/la-vita-di-cristo-di-mons-fulton-sheen\\\/#breadcrumb\"},\"inLanguage\":\"it-IT\",\"potentialAction\":[{\"@type\":\"ReadAction\",\"target\":[\"https:\\\/\\\/www.rassegnastampa-totustuus.it\\\/cattolica\\\/la-vita-di-cristo-di-mons-fulton-sheen\\\/\"]}]},{\"@type\":\"ImageObject\",\"inLanguage\":\"it-IT\",\"@id\":\"https:\\\/\\\/www.rassegnastampa-totustuus.it\\\/cattolica\\\/la-vita-di-cristo-di-mons-fulton-sheen\\\/#primaryimage\",\"url\":\"https:\\\/\\\/www.rassegnastampa-totustuus.it\\\/cattolica\\\/wp-content\\\/uploads\\\/2024\\\/10\\\/Fulton_Sheen_cover.jpeg\",\"contentUrl\":\"https:\\\/\\\/www.rassegnastampa-totustuus.it\\\/cattolica\\\/wp-content\\\/uploads\\\/2024\\\/10\\\/Fulton_Sheen_cover.jpeg\",\"width\":184,\"height\":245},{\"@type\":\"BreadcrumbList\",\"@id\":\"https:\\\/\\\/www.rassegnastampa-totustuus.it\\\/cattolica\\\/la-vita-di-cristo-di-mons-fulton-sheen\\\/#breadcrumb\",\"itemListElement\":[{\"@type\":\"ListItem\",\"position\":1,\"name\":\"Home\",\"item\":\"https:\\\/\\\/www.rassegnastampa-totustuus.it\\\/cattolica\\\/\"},{\"@type\":\"ListItem\",\"position\":2,\"name\":\"La vita di Cristo (di mons. Fulton Sheen)\"}]},{\"@type\":\"WebSite\",\"@id\":\"https:\\\/\\\/www.rassegnastampa-totustuus.it\\\/cattolica\\\/#website\",\"url\":\"https:\\\/\\\/www.rassegnastampa-totustuus.it\\\/cattolica\\\/\",\"name\":\"Rassegna Stampa Cattolica\",\"description\":\"Per una cultura che nasce dalla Rivelazione cristiana in conformit\u00e0 alla tradizione e al Magistero della Chiesa in opposizione ad ogni relativismo e totalitarismo\",\"publisher\":{\"@id\":\"https:\\\/\\\/www.rassegnastampa-totustuus.it\\\/cattolica\\\/#organization\"},\"alternateName\":\"Rass. Cattolica\",\"potentialAction\":[{\"@type\":\"SearchAction\",\"target\":{\"@type\":\"EntryPoint\",\"urlTemplate\":\"https:\\\/\\\/www.rassegnastampa-totustuus.it\\\/cattolica\\\/?s={search_term_string}\"},\"query-input\":{\"@type\":\"PropertyValueSpecification\",\"valueRequired\":true,\"valueName\":\"search_term_string\"}}],\"inLanguage\":\"it-IT\"},{\"@type\":\"Organization\",\"@id\":\"https:\\\/\\\/www.rassegnastampa-totustuus.it\\\/cattolica\\\/#organization\",\"name\":\"Rassegna Stampa Cattolica\",\"url\":\"https:\\\/\\\/www.rassegnastampa-totustuus.it\\\/cattolica\\\/\",\"logo\":{\"@type\":\"ImageObject\",\"inLanguage\":\"it-IT\",\"@id\":\"https:\\\/\\\/www.rassegnastampa-totustuus.it\\\/cattolica\\\/#\\\/schema\\\/logo\\\/image\\\/\",\"url\":\"https:\\\/\\\/www.rassegnastampa-totustuus.it\\\/cattolica\\\/wp-content\\\/uploads\\\/2014\\\/04\\\/logo-rassegna1.gif\",\"contentUrl\":\"https:\\\/\\\/www.rassegnastampa-totustuus.it\\\/cattolica\\\/wp-content\\\/uploads\\\/2014\\\/04\\\/logo-rassegna1.gif\",\"width\":600,\"height\":163,\"caption\":\"Rassegna Stampa Cattolica\"},\"image\":{\"@id\":\"https:\\\/\\\/www.rassegnastampa-totustuus.it\\\/cattolica\\\/#\\\/schema\\\/logo\\\/image\\\/\"},\"sameAs\":[\"https:\\\/\\\/www.facebook.com\\\/rassegnastampacattolica\",\"https:\\\/\\\/x.com\\\/rassegnastampa9\"]},{\"@type\":\"Person\",\"@id\":\"https:\\\/\\\/www.rassegnastampa-totustuus.it\\\/cattolica\\\/#\\\/schema\\\/person\\\/08f319d2bd1a0904ad9e2bfb7b15e5c3\",\"name\":\"Redazione\",\"image\":{\"@type\":\"ImageObject\",\"inLanguage\":\"it-IT\",\"@id\":\"https:\\\/\\\/secure.gravatar.com\\\/avatar\\\/2fcdf27c78ea025fbdb44e914cc63c72249ffec9dc8aafd5c82b26240ef3f346?s=96&d=mm&r=g\",\"url\":\"https:\\\/\\\/secure.gravatar.com\\\/avatar\\\/2fcdf27c78ea025fbdb44e914cc63c72249ffec9dc8aafd5c82b26240ef3f346?s=96&d=mm&r=g\",\"contentUrl\":\"https:\\\/\\\/secure.gravatar.com\\\/avatar\\\/2fcdf27c78ea025fbdb44e914cc63c72249ffec9dc8aafd5c82b26240ef3f346?s=96&d=mm&r=g\",\"caption\":\"Redazione\"},\"url\":\"https:\\\/\\\/www.rassegnastampa-totustuus.it\\\/cattolica\\\/author\\\/pietroelle\\\/\"}]}<\/script>\n<!-- \/ Yoast SEO plugin. -->","yoast_head_json":{"title":"La vita di Cristo (di mons. Fulton Sheen) - Rassegna Stampa Cattolica","description":"La vita di Cristo (di mons. Fulton Sheen) il Cristianesimo comincia con la Croce e termina con il sepolcro vuoto e la vittoria.","robots":{"index":"index","follow":"follow","max-snippet":"max-snippet:-1","max-image-preview":"max-image-preview:large","max-video-preview":"max-video-preview:-1"},"canonical":"https:\/\/www.rassegnastampa-totustuus.it\/cattolica\/la-vita-di-cristo-di-mons-fulton-sheen\/","og_locale":"it_IT","og_type":"article","og_title":"La vita di Cristo (di mons. Fulton Sheen) - Rassegna Stampa Cattolica","og_description":"La vita di Cristo (di mons. Fulton Sheen) il Cristianesimo comincia con la Croce e termina con il sepolcro vuoto e la vittoria.","og_url":"https:\/\/www.rassegnastampa-totustuus.it\/cattolica\/la-vita-di-cristo-di-mons-fulton-sheen\/","og_site_name":"Rassegna Stampa Cattolica","article_publisher":"https:\/\/www.facebook.com\/rassegnastampacattolica","article_published_time":"2024-10-12T14:02:14+00:00","article_modified_time":"2024-10-12T14:02:16+00:00","og_image":[{"width":184,"height":245,"url":"https:\/\/www.rassegnastampa-totustuus.it\/cattolica\/wp-content\/uploads\/2024\/10\/Fulton_Sheen_cover.jpeg","type":"image\/jpeg"}],"author":"Redazione","twitter_card":"summary_large_image","twitter_creator":"@rassegnastampa9","twitter_site":"@rassegnastampa9","twitter_misc":{"Scritto da":"Redazione","Tempo di lettura stimato":"2 minuti"},"schema":{"@context":"https:\/\/schema.org","@graph":[{"@type":"Article","@id":"https:\/\/www.rassegnastampa-totustuus.it\/cattolica\/la-vita-di-cristo-di-mons-fulton-sheen\/#article","isPartOf":{"@id":"https:\/\/www.rassegnastampa-totustuus.it\/cattolica\/la-vita-di-cristo-di-mons-fulton-sheen\/"},"author":{"name":"Redazione","@id":"https:\/\/www.rassegnastampa-totustuus.it\/cattolica\/#\/schema\/person\/08f319d2bd1a0904ad9e2bfb7b15e5c3"},"headline":"La vita di Cristo (di mons. Fulton Sheen)","datePublished":"2024-10-12T14:02:14+00:00","dateModified":"2024-10-12T14:02:16+00:00","mainEntityOfPage":{"@id":"https:\/\/www.rassegnastampa-totustuus.it\/cattolica\/la-vita-di-cristo-di-mons-fulton-sheen\/"},"wordCount":253,"publisher":{"@id":"https:\/\/www.rassegnastampa-totustuus.it\/cattolica\/#organization"},"image":{"@id":"https:\/\/www.rassegnastampa-totustuus.it\/cattolica\/la-vita-di-cristo-di-mons-fulton-sheen\/#primaryimage"},"thumbnailUrl":"https:\/\/www.rassegnastampa-totustuus.it\/cattolica\/wp-content\/uploads\/2024\/10\/Fulton_Sheen_cover.jpeg","keywords":["chiesa","e-book","Fulton Sheen","libri"],"articleSection":["Chiesa","e-book","Libri"],"inLanguage":"it-IT"},{"@type":"WebPage","@id":"https:\/\/www.rassegnastampa-totustuus.it\/cattolica\/la-vita-di-cristo-di-mons-fulton-sheen\/","url":"https:\/\/www.rassegnastampa-totustuus.it\/cattolica\/la-vita-di-cristo-di-mons-fulton-sheen\/","name":"La vita di Cristo (di mons. Fulton Sheen) - Rassegna Stampa Cattolica","isPartOf":{"@id":"https:\/\/www.rassegnastampa-totustuus.it\/cattolica\/#website"},"primaryImageOfPage":{"@id":"https:\/\/www.rassegnastampa-totustuus.it\/cattolica\/la-vita-di-cristo-di-mons-fulton-sheen\/#primaryimage"},"image":{"@id":"https:\/\/www.rassegnastampa-totustuus.it\/cattolica\/la-vita-di-cristo-di-mons-fulton-sheen\/#primaryimage"},"thumbnailUrl":"https:\/\/www.rassegnastampa-totustuus.it\/cattolica\/wp-content\/uploads\/2024\/10\/Fulton_Sheen_cover.jpeg","datePublished":"2024-10-12T14:02:14+00:00","dateModified":"2024-10-12T14:02:16+00:00","description":"La vita di Cristo (di mons. Fulton Sheen) il Cristianesimo comincia con la Croce e termina con il sepolcro vuoto e la vittoria.","breadcrumb":{"@id":"https:\/\/www.rassegnastampa-totustuus.it\/cattolica\/la-vita-di-cristo-di-mons-fulton-sheen\/#breadcrumb"},"inLanguage":"it-IT","potentialAction":[{"@type":"ReadAction","target":["https:\/\/www.rassegnastampa-totustuus.it\/cattolica\/la-vita-di-cristo-di-mons-fulton-sheen\/"]}]},{"@type":"ImageObject","inLanguage":"it-IT","@id":"https:\/\/www.rassegnastampa-totustuus.it\/cattolica\/la-vita-di-cristo-di-mons-fulton-sheen\/#primaryimage","url":"https:\/\/www.rassegnastampa-totustuus.it\/cattolica\/wp-content\/uploads\/2024\/10\/Fulton_Sheen_cover.jpeg","contentUrl":"https:\/\/www.rassegnastampa-totustuus.it\/cattolica\/wp-content\/uploads\/2024\/10\/Fulton_Sheen_cover.jpeg","width":184,"height":245},{"@type":"BreadcrumbList","@id":"https:\/\/www.rassegnastampa-totustuus.it\/cattolica\/la-vita-di-cristo-di-mons-fulton-sheen\/#breadcrumb","itemListElement":[{"@type":"ListItem","position":1,"name":"Home","item":"https:\/\/www.rassegnastampa-totustuus.it\/cattolica\/"},{"@type":"ListItem","position":2,"name":"La vita di Cristo (di mons. Fulton Sheen)"}]},{"@type":"WebSite","@id":"https:\/\/www.rassegnastampa-totustuus.it\/cattolica\/#website","url":"https:\/\/www.rassegnastampa-totustuus.it\/cattolica\/","name":"Rassegna Stampa Cattolica","description":"Per una cultura che nasce dalla Rivelazione cristiana in conformit\u00e0 alla tradizione e al Magistero della Chiesa in opposizione ad ogni relativismo e totalitarismo","publisher":{"@id":"https:\/\/www.rassegnastampa-totustuus.it\/cattolica\/#organization"},"alternateName":"Rass. Cattolica","potentialAction":[{"@type":"SearchAction","target":{"@type":"EntryPoint","urlTemplate":"https:\/\/www.rassegnastampa-totustuus.it\/cattolica\/?s={search_term_string}"},"query-input":{"@type":"PropertyValueSpecification","valueRequired":true,"valueName":"search_term_string"}}],"inLanguage":"it-IT"},{"@type":"Organization","@id":"https:\/\/www.rassegnastampa-totustuus.it\/cattolica\/#organization","name":"Rassegna Stampa Cattolica","url":"https:\/\/www.rassegnastampa-totustuus.it\/cattolica\/","logo":{"@type":"ImageObject","inLanguage":"it-IT","@id":"https:\/\/www.rassegnastampa-totustuus.it\/cattolica\/#\/schema\/logo\/image\/","url":"https:\/\/www.rassegnastampa-totustuus.it\/cattolica\/wp-content\/uploads\/2014\/04\/logo-rassegna1.gif","contentUrl":"https:\/\/www.rassegnastampa-totustuus.it\/cattolica\/wp-content\/uploads\/2014\/04\/logo-rassegna1.gif","width":600,"height":163,"caption":"Rassegna Stampa Cattolica"},"image":{"@id":"https:\/\/www.rassegnastampa-totustuus.it\/cattolica\/#\/schema\/logo\/image\/"},"sameAs":["https:\/\/www.facebook.com\/rassegnastampacattolica","https:\/\/x.com\/rassegnastampa9"]},{"@type":"Person","@id":"https:\/\/www.rassegnastampa-totustuus.it\/cattolica\/#\/schema\/person\/08f319d2bd1a0904ad9e2bfb7b15e5c3","name":"Redazione","image":{"@type":"ImageObject","inLanguage":"it-IT","@id":"https:\/\/secure.gravatar.com\/avatar\/2fcdf27c78ea025fbdb44e914cc63c72249ffec9dc8aafd5c82b26240ef3f346?s=96&d=mm&r=g","url":"https:\/\/secure.gravatar.com\/avatar\/2fcdf27c78ea025fbdb44e914cc63c72249ffec9dc8aafd5c82b26240ef3f346?s=96&d=mm&r=g","contentUrl":"https:\/\/secure.gravatar.com\/avatar\/2fcdf27c78ea025fbdb44e914cc63c72249ffec9dc8aafd5c82b26240ef3f346?s=96&d=mm&r=g","caption":"Redazione"},"url":"https:\/\/www.rassegnastampa-totustuus.it\/cattolica\/author\/pietroelle\/"}]}},"_links":{"self":[{"href":"https:\/\/www.rassegnastampa-totustuus.it\/cattolica\/wp-json\/wp\/v2\/posts\/61393","targetHints":{"allow":["GET"]}}],"collection":[{"href":"https:\/\/www.rassegnastampa-totustuus.it\/cattolica\/wp-json\/wp\/v2\/posts"}],"about":[{"href":"https:\/\/www.rassegnastampa-totustuus.it\/cattolica\/wp-json\/wp\/v2\/types\/post"}],"author":[{"embeddable":true,"href":"https:\/\/www.rassegnastampa-totustuus.it\/cattolica\/wp-json\/wp\/v2\/users\/6"}],"replies":[{"embeddable":true,"href":"https:\/\/www.rassegnastampa-totustuus.it\/cattolica\/wp-json\/wp\/v2\/comments?post=61393"}],"version-history":[{"count":1,"href":"https:\/\/www.rassegnastampa-totustuus.it\/cattolica\/wp-json\/wp\/v2\/posts\/61393\/revisions"}],"predecessor-version":[{"id":61396,"href":"https:\/\/www.rassegnastampa-totustuus.it\/cattolica\/wp-json\/wp\/v2\/posts\/61393\/revisions\/61396"}],"wp:featuredmedia":[{"embeddable":true,"href":"https:\/\/www.rassegnastampa-totustuus.it\/cattolica\/wp-json\/wp\/v2\/media\/61395"}],"wp:attachment":[{"href":"https:\/\/www.rassegnastampa-totustuus.it\/cattolica\/wp-json\/wp\/v2\/media?parent=61393"}],"wp:term":[{"taxonomy":"category","embeddable":true,"href":"https:\/\/www.rassegnastampa-totustuus.it\/cattolica\/wp-json\/wp\/v2\/categories?post=61393"},{"taxonomy":"post_tag","embeddable":true,"href":"https:\/\/www.rassegnastampa-totustuus.it\/cattolica\/wp-json\/wp\/v2\/tags?post=61393"}],"curies":[{"name":"wp","href":"https:\/\/api.w.org\/{rel}","templated":true}]}}